{"id":9364,"date":"2022-04-23T16:04:42","date_gmt":"2022-04-23T14:04:42","guid":{"rendered":"https:\/\/janze-athletisme.fr\/wordpress\/?p=9364"},"modified":"2022-04-25T12:26:39","modified_gmt":"2022-04-25T10:26:39","slug":"stage-de-fin-de-vacances-pour-les-be-mi","status":"publish","type":"post","link":"https:\/\/janze-athletisme.fr\/wordpress\/stage-de-fin-de-vacances-pour-les-be-mi\/","title":{"rendered":"Stage de fin de vacances pour les BE-MI"},"content":{"rendered":"<p><span style=\"font-size: 14pt; color: #ff0000;\"><strong>Stage coh\u00e9sion pour finir les vacances dans la bonne humeur.<\/strong><\/span><\/p>\n<p><span style=\"color: #000000;\">21 benjamin(e)s et minimes se sont r\u00e9unis ce samedi au stade de Janz\u00e9 pour \u00e0 la fois se retrouver, s&rsquo;amuser et pr\u00e9parer les comp\u00e9titions estivales qui arrivent bient\u00f4t (<em>voir ci-dessous<\/em>). Et pour l&rsquo;occasion Mathieu avait invit\u00e9 les jeunes de Bain et de Cesson \u00e0 se joindre au groupe de Janz\u00e9 pour qu&rsquo;ils apprennent \u00e0 se conna\u00eetre et ainsi \u00e0 mieux s&rsquo;encourager quand ils partageront le m\u00eame maillot de l&rsquo;EAC sur les stades. Les jeunes ont touch\u00e9 \u00e0 toutes les familles (sauts, lancers, sprint) et pourront ainsi choisir les disciplines qui les int\u00e9ressent le plus lors des rencontres \u00e0 venir (puisque pour rappel les benjamins et minimes sont tenus de rester polyvalents \/ la sp\u00e9cialisation ne vient qu&rsquo;\u00e0 partir de la cat\u00e9gorie cadets).<\/span><\/p>\n<p><a href=\"https:\/\/janze-athletisme.fr\/wordpress\/wp-content\/uploads\/2022\/04\/DSC_5238.jpg\"><img loading=\"lazy\" decoding=\"async\" class=\"alignnone wp-image-9365\" src=\"https:\/\/janze-athletisme.fr\/wordpress\/wp-content\/uploads\/2022\/04\/DSC_5238-300x165.jpg\" alt=\"\" width=\"368\" height=\"202\" srcset=\"https:\/\/janze-athletisme.fr\/wordpress\/wp-content\/uploads\/2022\/04\/DSC_5238-300x165.jpg 300w, https:\/\/janze-athletisme.fr\/wordpress\/wp-content\/uploads\/2022\/04\/DSC_5238-1024x563.jpg 1024w, https:\/\/janze-athletisme.fr\/wordpress\/wp-content\/uploads\/2022\/04\/DSC_5238-768x423.jpg 768w, https:\/\/janze-athletisme.fr\/wordpress\/wp-content\/uploads\/2022\/04\/DSC_5238-1536x845.jpg 1536w, https:\/\/janze-athletisme.fr\/wordpress\/wp-content\/uploads\/2022\/04\/DSC_5238-2048x1127.jpg 2048w\" sizes=\"auto, (max-width: 368px) 100vw, 368px\" \/>\u00a0\u00a0 <\/a><a href=\"https:\/\/janze-athletisme.fr\/wordpress\/wp-content\/uploads\/2022\/04\/DSC_5235-scaled.jpg\"><img loading=\"lazy\" decoding=\"async\" class=\"alignnone wp-image-9366\" src=\"https:\/\/janze-athletisme.fr\/wordpress\/wp-content\/uploads\/2022\/04\/DSC_5235-300x171.jpg\" alt=\"\" width=\"355\" height=\"202\" srcset=\"https:\/\/janze-athletisme.fr\/wordpress\/wp-content\/uploads\/2022\/04\/DSC_5235-300x171.jpg 300w, https:\/\/janze-athletisme.fr\/wordpress\/wp-content\/uploads\/2022\/04\/DSC_5235-1024x582.jpg 1024w, https:\/\/janze-athletisme.fr\/wordpress\/wp-content\/uploads\/2022\/04\/DSC_5235-768x437.jpg 768w, https:\/\/janze-athletisme.fr\/wordpress\/wp-content\/uploads\/2022\/04\/DSC_5235-1536x873.jpg 1536w, https:\/\/janze-athletisme.fr\/wordpress\/wp-content\/uploads\/2022\/04\/DSC_5235-2048x1164.jpg 2048w\" sizes=\"auto, (max-width: 355px) 100vw, 355px\" \/><\/a><\/p>\n<p><span style=\"font-size: 10pt; color: #000000;\"><em>Le groupe en compagnie de Mathieu, Priscilla et Bruno, qui ont encadr\u00e9 la journ\u00e9e.<\/em><\/span><\/p>\n<p><span style=\"color: #000000;\"><strong>Les comp\u00e9titions \u00e0 venir<\/strong><\/span><\/p>\n<p><span style=\"color: #000000;\">Incontournables,<strong> les d\u00e9partementaux individuels<\/strong> : c&rsquo;est d&rsquo;autant plus important cette ann\u00e9e d&rsquo;y participer pour les athl\u00e8tes de Janz\u00e9 qu&rsquo;ils auront lieu <strong>\u00e0 Janz\u00e9, le dimanche 29 mai<\/strong>. A noter donc dans les agendas des parents. Il faudra venir encourager et donner un coup de main (si besoin).<\/span><\/p>\n<p><span style=\"color: #000000;\">Auparavant auront lieu une <strong>comp\u00e9tition par \u00e9quipe pour les minimes<\/strong> (Equip&rsquo;Athl\u00e9) et un <strong>triathlon pour les benjamins<\/strong> (1 course, 1 saut, 1 lancer), les deux fois le <strong>samedi 14 mai<\/strong>. Inscriptions aupr\u00e8s de Mathieu \u00e0 l&rsquo;adresse <a style=\"color: #000000;\" href=\"mailto:Janze.athle.jeunes@gmail.com\">Janze.athle.jeunes@gmail.com<\/a><\/span><\/p>\n<p><span style=\"color: #000000;\">A noter que pour encadrer cette journ\u00e9e Mathieu a \u00e9t\u00e9 accompagn\u00e9 de Priscilla et Bruno.<\/span><\/p>\n","protected":false},"excerpt":{"rendered":"<p>Stage coh\u00e9sion pour finir les vacances dans la bonne humeur. 21 benjamin(e)s et minimes se sont r\u00e9unis ce samedi au stade de Janz\u00e9 pour \u00e0 la fois se retrouver, s&rsquo;amuser et pr\u00e9parer les comp\u00e9titions estivales qui arrivent bient\u00f4t (voir ci-dessous). Et pour l&rsquo;occasion Mathieu avait invit\u00e9 les jeunes de Bain et de Cesson \u00e0 se [&hellip;]<\/p>\n","protected":false},"author":12,"featured_media":9367,"comment_status":"open","ping_status":"open","sticky":false,"template":"","format":"aside","meta":{"_uag_custom_page_level_css":"","site-sidebar-layout":"default","site-content-layout":"default","ast-site-content-layout":"default","site-content-style":"default","site-sidebar-style":"default","ast-global-header-display":"","ast-banner-title-visibility":"","ast-main-header-display":"","ast-hfb-above-header-display":"","ast-hfb-below-header-display":"","ast-hfb-mobile-header-display":"","site-post-title":"","ast-breadcrumbs-content":"","ast-featured-img":"","footer-sml-layout":"","ast-disable-related-posts":"","theme-transparent-header-meta":"default","adv-header-id-meta":"","stick-header-meta":"","header-above-stick-meta":"","header-main-stick-meta":"","header-below-stick-meta":"","astra-migrate-meta-layouts":"default","ast-page-background-enabled":"default","ast-page-background-meta":{"desktop":{"background-color":"var(--ast-global-color-4)","background-image":"","background-repeat":"repeat","background-position":"center center","background-size":"auto","background-attachment":"scroll","background-type":"","background-media":"","overlay-type":"","overlay-color":"","overlay-opacity":"","overlay-gradient":""},"tablet":{"background-color":"","background-image":"","background-repeat":"repeat","background-position":"center center","background-size":"auto","background-attachment":"scroll","background-type":"","background-media":"","overlay-type":"","overlay-color":"","overlay-opacity":"","overlay-gradient":""},"mobile":{"background-color":"","background-image":"","background-repeat":"repeat","background-position":"center center","background-size":"auto","background-attachment":"scroll","background-type":"","background-media":"","overlay-type":"","overlay-color":"","overlay-opacity":"","overlay-gradient":""}},"ast-content-background-meta":{"desktop":{"background-color":"var(--ast-global-color-5)","background-image":"","background-repeat":"repeat","background-position":"center center","background-size":"auto","background-attachment":"scroll","background-type":"","background-media":"","overlay-type":"","overlay-color":"","overlay-opacity":"","overlay-gradient":""},"tablet":{"background-color":"var(--ast-global-color-5)","background-image":"","background-repeat":"repeat","background-position":"center center","background-size":"auto","background-attachment":"scroll","background-type":"","background-media":"","overlay-type":"","overlay-color":"","overlay-opacity":"","overlay-gradient":""},"mobile":{"background-color":"var(--ast-global-color-5)","background-image":"","background-repeat":"repeat","background-position":"center center","background-size":"auto","background-attachment":"scroll","background-type":"","background-media":"","overlay-type":"","overlay-color":"","overlay-opacity":"","overlay-gradient":""}},"footnotes":""},"categories":[6],"tags":[],"class_list":["post-9364","post","type-post","status-publish","format-aside","has-post-thumbnail","hentry","category-sections","post_format-post-format-aside"],"yoast_head":"<!-- This site is optimized with the Yoast SEO plugin v27.5 - https:\/\/yoast.com\/product\/yoast-seo-wordpress\/ -->\n<title>Stage de fin de vacances pour les BE-MI - Janz\u00e9 Athl\u00e9tisme<\/title>\n<meta name=\"robots\" content=\"index, follow, max-snippet:-1, max-image-preview:large, max-video-preview:-1\" \/>\n<link rel=\"canonical\" href=\"https:\/\/janze-athletisme.fr\/wordpress\/stage-de-fin-de-vacances-pour-les-be-mi\/\" \/>\n<meta property=\"og:locale\" content=\"fr_FR\" \/>\n<meta property=\"og:type\" content=\"article\" \/>\n<meta property=\"og:title\" content=\"Stage de fin de vacances pour les BE-MI - Janz\u00e9 Athl\u00e9tisme\" \/>\n<meta property=\"og:description\" content=\"Stage coh\u00e9sion pour finir les vacances dans la bonne humeur. 21 benjamin(e)s et minimes se sont r\u00e9unis ce samedi au stade de Janz\u00e9 pour \u00e0 la fois se retrouver, s&rsquo;amuser et pr\u00e9parer les comp\u00e9titions estivales qui arrivent bient\u00f4t (voir ci-dessous). Et pour l&rsquo;occasion Mathieu avait invit\u00e9 les jeunes de Bain et de Cesson \u00e0 se [&hellip;]\" \/>\n<meta property=\"og:url\" content=\"https:\/\/janze-athletisme.fr\/wordpress\/stage-de-fin-de-vacances-pour-les-be-mi\/\" \/>\n<meta property=\"og:site_name\" content=\"Janz\u00e9 Athl\u00e9tisme\" \/>\n<meta property=\"article:publisher\" content=\"https:\/\/www.facebook.com\/groups\/1007964579346590\" \/>\n<meta property=\"article:published_time\" content=\"2022-04-23T14:04:42+00:00\" \/>\n<meta property=\"article:modified_time\" content=\"2022-04-25T10:26:39+00:00\" \/>\n<meta property=\"og:image\" content=\"https:\/\/janze-athletisme.fr\/wordpress\/wp-content\/uploads\/2022\/04\/DSC_5231.jpg\" \/>\n\t<meta property=\"og:image:width\" content=\"1461\" \/>\n\t<meta property=\"og:image:height\" content=\"1000\" \/>\n\t<meta property=\"og:image:type\" content=\"image\/jpeg\" \/>\n<meta name=\"author\" content=\"Laurent Meunier\" \/>\n<meta name=\"twitter:card\" content=\"summary_large_image\" \/>\n<meta name=\"twitter:label1\" content=\"\u00c9crit par\" \/>\n\t<meta name=\"twitter:data1\" content=\"Laurent Meunier\" \/>\n\t<meta name=\"twitter:label2\" content=\"Dur\u00e9e de lecture estim\u00e9e\" \/>\n\t<meta name=\"twitter:data2\" content=\"2 minutes\" \/>\n<script type=\"application\/ld+json\" class=\"yoast-schema-graph\">{\"@context\":\"https:\\\/\\\/schema.org\",\"@graph\":[{\"@type\":\"Article\",\"@id\":\"https:\\\/\\\/janze-athletisme.fr\\\/wordpress\\\/stage-de-fin-de-vacances-pour-les-be-mi\\\/#article\",\"isPartOf\":{\"@id\":\"https:\\\/\\\/janze-athletisme.fr\\\/wordpress\\\/stage-de-fin-de-vacances-pour-les-be-mi\\\/\"},\"author\":{\"name\":\"Laurent Meunier\",\"@id\":\"https:\\\/\\\/janze-athletisme.fr\\\/wordpress\\\/#\\\/schema\\\/person\\\/c7b063dcfa6234c041d4d9b26cc2ea03\"},\"headline\":\"Stage de fin de vacances pour les BE-MI\",\"datePublished\":\"2022-04-23T14:04:42+00:00\",\"dateModified\":\"2022-04-25T10:26:39+00:00\",\"mainEntityOfPage\":{\"@id\":\"https:\\\/\\\/janze-athletisme.fr\\\/wordpress\\\/stage-de-fin-de-vacances-pour-les-be-mi\\\/\"},\"wordCount\":275,\"commentCount\":0,\"publisher\":{\"@id\":\"https:\\\/\\\/janze-athletisme.fr\\\/wordpress\\\/#organization\"},\"image\":{\"@id\":\"https:\\\/\\\/janze-athletisme.fr\\\/wordpress\\\/stage-de-fin-de-vacances-pour-les-be-mi\\\/#primaryimage\"},\"thumbnailUrl\":\"https:\\\/\\\/janze-athletisme.fr\\\/wordpress\\\/wp-content\\\/uploads\\\/2022\\\/04\\\/DSC_5231.jpg\",\"articleSection\":[\"Le club au jour le jour\"],\"inLanguage\":\"fr-FR\",\"potentialAction\":[{\"@type\":\"CommentAction\",\"name\":\"Comment\",\"target\":[\"https:\\\/\\\/janze-athletisme.fr\\\/wordpress\\\/stage-de-fin-de-vacances-pour-les-be-mi\\\/#respond\"]}]},{\"@type\":\"WebPage\",\"@id\":\"https:\\\/\\\/janze-athletisme.fr\\\/wordpress\\\/stage-de-fin-de-vacances-pour-les-be-mi\\\/\",\"url\":\"https:\\\/\\\/janze-athletisme.fr\\\/wordpress\\\/stage-de-fin-de-vacances-pour-les-be-mi\\\/\",\"name\":\"Stage de fin de vacances pour les BE-MI - Janz\u00e9 Athl\u00e9tisme\",\"isPartOf\":{\"@id\":\"https:\\\/\\\/janze-athletisme.fr\\\/wordpress\\\/#website\"},\"primaryImageOfPage\":{\"@id\":\"https:\\\/\\\/janze-athletisme.fr\\\/wordpress\\\/stage-de-fin-de-vacances-pour-les-be-mi\\\/#primaryimage\"},\"image\":{\"@id\":\"https:\\\/\\\/janze-athletisme.fr\\\/wordpress\\\/stage-de-fin-de-vacances-pour-les-be-mi\\\/#primaryimage\"},\"thumbnailUrl\":\"https:\\\/\\\/janze-athletisme.fr\\\/wordpress\\\/wp-content\\\/uploads\\\/2022\\\/04\\\/DSC_5231.jpg\",\"datePublished\":\"2022-04-23T14:04:42+00:00\",\"dateModified\":\"2022-04-25T10:26:39+00:00\",\"breadcrumb\":{\"@id\":\"https:\\\/\\\/janze-athletisme.fr\\\/wordpress\\\/stage-de-fin-de-vacances-pour-les-be-mi\\\/#breadcrumb\"},\"inLanguage\":\"fr-FR\",\"potentialAction\":[{\"@type\":\"ReadAction\",\"target\":[\"https:\\\/\\\/janze-athletisme.fr\\\/wordpress\\\/stage-de-fin-de-vacances-pour-les-be-mi\\\/\"]}]},{\"@type\":\"ImageObject\",\"inLanguage\":\"fr-FR\",\"@id\":\"https:\\\/\\\/janze-athletisme.fr\\\/wordpress\\\/stage-de-fin-de-vacances-pour-les-be-mi\\\/#primaryimage\",\"url\":\"https:\\\/\\\/janze-athletisme.fr\\\/wordpress\\\/wp-content\\\/uploads\\\/2022\\\/04\\\/DSC_5231.jpg\",\"contentUrl\":\"https:\\\/\\\/janze-athletisme.fr\\\/wordpress\\\/wp-content\\\/uploads\\\/2022\\\/04\\\/DSC_5231.jpg\",\"width\":1461,\"height\":1000},{\"@type\":\"BreadcrumbList\",\"@id\":\"https:\\\/\\\/janze-athletisme.fr\\\/wordpress\\\/stage-de-fin-de-vacances-pour-les-be-mi\\\/#breadcrumb\",\"itemListElement\":[{\"@type\":\"ListItem\",\"position\":1,\"name\":\"Accueil\",\"item\":\"https:\\\/\\\/janze-athletisme.fr\\\/wordpress\\\/\"},{\"@type\":\"ListItem\",\"position\":2,\"name\":\"Stage de fin de vacances pour les BE-MI\"}]},{\"@type\":\"WebSite\",\"@id\":\"https:\\\/\\\/janze-athletisme.fr\\\/wordpress\\\/#website\",\"url\":\"https:\\\/\\\/janze-athletisme.fr\\\/wordpress\\\/\",\"name\":\"Janz\u00e9 Athl\u00e9tisme\",\"description\":\"Pays de La Roche aux F\u00e9es\",\"publisher\":{\"@id\":\"https:\\\/\\\/janze-athletisme.fr\\\/wordpress\\\/#organization\"},\"potentialAction\":[{\"@type\":\"SearchAction\",\"target\":{\"@type\":\"EntryPoint\",\"urlTemplate\":\"https:\\\/\\\/janze-athletisme.fr\\\/wordpress\\\/?s={search_term_string}\"},\"query-input\":{\"@type\":\"PropertyValueSpecification\",\"valueRequired\":true,\"valueName\":\"search_term_string\"}}],\"inLanguage\":\"fr-FR\"},{\"@type\":\"Organization\",\"@id\":\"https:\\\/\\\/janze-athletisme.fr\\\/wordpress\\\/#organization\",\"name\":\"Janz\u00e9 Athl\u00e9tisme\",\"url\":\"https:\\\/\\\/janze-athletisme.fr\\\/wordpress\\\/\",\"logo\":{\"@type\":\"ImageObject\",\"inLanguage\":\"fr-FR\",\"@id\":\"https:\\\/\\\/janze-athletisme.fr\\\/wordpress\\\/#\\\/schema\\\/logo\\\/image\\\/\",\"url\":\"https:\\\/\\\/janze-athletisme.fr\\\/wordpress\\\/wp-content\\\/uploads\\\/2015\\\/03\\\/logo-full1.jpg\",\"contentUrl\":\"https:\\\/\\\/janze-athletisme.fr\\\/wordpress\\\/wp-content\\\/uploads\\\/2015\\\/03\\\/logo-full1.jpg\",\"width\":437,\"height\":205,\"caption\":\"Janz\u00e9 Athl\u00e9tisme\"},\"image\":{\"@id\":\"https:\\\/\\\/janze-athletisme.fr\\\/wordpress\\\/#\\\/schema\\\/logo\\\/image\\\/\"},\"sameAs\":[\"https:\\\/\\\/www.facebook.com\\\/groups\\\/1007964579346590\"]},{\"@type\":\"Person\",\"@id\":\"https:\\\/\\\/janze-athletisme.fr\\\/wordpress\\\/#\\\/schema\\\/person\\\/c7b063dcfa6234c041d4d9b26cc2ea03\",\"name\":\"Laurent Meunier\",\"image\":{\"@type\":\"ImageObject\",\"inLanguage\":\"fr-FR\",\"@id\":\"https:\\\/\\\/secure.gravatar.com\\\/avatar\\\/dd25d581ad7c3349090f2fa6a9adb6bfa287e6a5dd8a5216a092727cd8749034?s=96&d=mm&r=g\",\"url\":\"https:\\\/\\\/secure.gravatar.com\\\/avatar\\\/dd25d581ad7c3349090f2fa6a9adb6bfa287e6a5dd8a5216a092727cd8749034?s=96&d=mm&r=g\",\"contentUrl\":\"https:\\\/\\\/secure.gravatar.com\\\/avatar\\\/dd25d581ad7c3349090f2fa6a9adb6bfa287e6a5dd8a5216a092727cd8749034?s=96&d=mm&r=g\",\"caption\":\"Laurent Meunier\"},\"url\":\"https:\\\/\\\/janze-athletisme.fr\\\/wordpress\\\/author\\\/laurent-meunier35\\\/\"}]}<\/script>\n<!-- \/ Yoast SEO plugin. -->","yoast_head_json":{"title":"Stage de fin de vacances pour les BE-MI - Janz\u00e9 Athl\u00e9tisme","robots":{"index":"index","follow":"follow","max-snippet":"max-snippet:-1","max-image-preview":"max-image-preview:large","max-video-preview":"max-video-preview:-1"},"canonical":"https:\/\/janze-athletisme.fr\/wordpress\/stage-de-fin-de-vacances-pour-les-be-mi\/","og_locale":"fr_FR","og_type":"article","og_title":"Stage de fin de vacances pour les BE-MI - Janz\u00e9 Athl\u00e9tisme","og_description":"Stage coh\u00e9sion pour finir les vacances dans la bonne humeur. 21 benjamin(e)s et minimes se sont r\u00e9unis ce samedi au stade de Janz\u00e9 pour \u00e0 la fois se retrouver, s&rsquo;amuser et pr\u00e9parer les comp\u00e9titions estivales qui arrivent bient\u00f4t (voir ci-dessous). Et pour l&rsquo;occasion Mathieu avait invit\u00e9 les jeunes de Bain et de Cesson \u00e0 se [&hellip;]","og_url":"https:\/\/janze-athletisme.fr\/wordpress\/stage-de-fin-de-vacances-pour-les-be-mi\/","og_site_name":"Janz\u00e9 Athl\u00e9tisme","article_publisher":"https:\/\/www.facebook.com\/groups\/1007964579346590","article_published_time":"2022-04-23T14:04:42+00:00","article_modified_time":"2022-04-25T10:26:39+00:00","og_image":[{"width":1461,"height":1000,"url":"https:\/\/janze-athletisme.fr\/wordpress\/wp-content\/uploads\/2022\/04\/DSC_5231.jpg","type":"image\/jpeg"}],"author":"Laurent Meunier","twitter_card":"summary_large_image","twitter_misc":{"\u00c9crit par":"Laurent Meunier","Dur\u00e9e de lecture estim\u00e9e":"2 minutes"},"schema":{"@context":"https:\/\/schema.org","@graph":[{"@type":"Article","@id":"https:\/\/janze-athletisme.fr\/wordpress\/stage-de-fin-de-vacances-pour-les-be-mi\/#article","isPartOf":{"@id":"https:\/\/janze-athletisme.fr\/wordpress\/stage-de-fin-de-vacances-pour-les-be-mi\/"},"author":{"name":"Laurent Meunier","@id":"https:\/\/janze-athletisme.fr\/wordpress\/#\/schema\/person\/c7b063dcfa6234c041d4d9b26cc2ea03"},"headline":"Stage de fin de vacances pour les BE-MI","datePublished":"2022-04-23T14:04:42+00:00","dateModified":"2022-04-25T10:26:39+00:00","mainEntityOfPage":{"@id":"https:\/\/janze-athletisme.fr\/wordpress\/stage-de-fin-de-vacances-pour-les-be-mi\/"},"wordCount":275,"commentCount":0,"publisher":{"@id":"https:\/\/janze-athletisme.fr\/wordpress\/#organization"},"image":{"@id":"https:\/\/janze-athletisme.fr\/wordpress\/stage-de-fin-de-vacances-pour-les-be-mi\/#primaryimage"},"thumbnailUrl":"https:\/\/janze-athletisme.fr\/wordpress\/wp-content\/uploads\/2022\/04\/DSC_5231.jpg","articleSection":["Le club au jour le jour"],"inLanguage":"fr-FR","potentialAction":[{"@type":"CommentAction","name":"Comment","target":["https:\/\/janze-athletisme.fr\/wordpress\/stage-de-fin-de-vacances-pour-les-be-mi\/#respond"]}]},{"@type":"WebPage","@id":"https:\/\/janze-athletisme.fr\/wordpress\/stage-de-fin-de-vacances-pour-les-be-mi\/","url":"https:\/\/janze-athletisme.fr\/wordpress\/stage-de-fin-de-vacances-pour-les-be-mi\/","name":"Stage de fin de vacances pour les BE-MI - Janz\u00e9 Athl\u00e9tisme","isPartOf":{"@id":"https:\/\/janze-athletisme.fr\/wordpress\/#website"},"primaryImageOfPage":{"@id":"https:\/\/janze-athletisme.fr\/wordpress\/stage-de-fin-de-vacances-pour-les-be-mi\/#primaryimage"},"image":{"@id":"https:\/\/janze-athletisme.fr\/wordpress\/stage-de-fin-de-vacances-pour-les-be-mi\/#primaryimage"},"thumbnailUrl":"https:\/\/janze-athletisme.fr\/wordpress\/wp-content\/uploads\/2022\/04\/DSC_5231.jpg","datePublished":"2022-04-23T14:04:42+00:00","dateModified":"2022-04-25T10:26:39+00:00","breadcrumb":{"@id":"https:\/\/janze-athletisme.fr\/wordpress\/stage-de-fin-de-vacances-pour-les-be-mi\/#breadcrumb"},"inLanguage":"fr-FR","potentialAction":[{"@type":"ReadAction","target":["https:\/\/janze-athletisme.fr\/wordpress\/stage-de-fin-de-vacances-pour-les-be-mi\/"]}]},{"@type":"ImageObject","inLanguage":"fr-FR","@id":"https:\/\/janze-athletisme.fr\/wordpress\/stage-de-fin-de-vacances-pour-les-be-mi\/#primaryimage","url":"https:\/\/janze-athletisme.fr\/wordpress\/wp-content\/uploads\/2022\/04\/DSC_5231.jpg","contentUrl":"https:\/\/janze-athletisme.fr\/wordpress\/wp-content\/uploads\/2022\/04\/DSC_5231.jpg","width":1461,"height":1000},{"@type":"BreadcrumbList","@id":"https:\/\/janze-athletisme.fr\/wordpress\/stage-de-fin-de-vacances-pour-les-be-mi\/#breadcrumb","itemListElement":[{"@type":"ListItem","position":1,"name":"Accueil","item":"https:\/\/janze-athletisme.fr\/wordpress\/"},{"@type":"ListItem","position":2,"name":"Stage de fin de vacances pour les BE-MI"}]},{"@type":"WebSite","@id":"https:\/\/janze-athletisme.fr\/wordpress\/#website","url":"https:\/\/janze-athletisme.fr\/wordpress\/","name":"Janz\u00e9 Athl\u00e9tisme","description":"Pays de La Roche aux F\u00e9es","publisher":{"@id":"https:\/\/janze-athletisme.fr\/wordpress\/#organization"},"potentialAction":[{"@type":"SearchAction","target":{"@type":"EntryPoint","urlTemplate":"https:\/\/janze-athletisme.fr\/wordpress\/?s={search_term_string}"},"query-input":{"@type":"PropertyValueSpecification","valueRequired":true,"valueName":"search_term_string"}}],"inLanguage":"fr-FR"},{"@type":"Organization","@id":"https:\/\/janze-athletisme.fr\/wordpress\/#organization","name":"Janz\u00e9 Athl\u00e9tisme","url":"https:\/\/janze-athletisme.fr\/wordpress\/","logo":{"@type":"ImageObject","inLanguage":"fr-FR","@id":"https:\/\/janze-athletisme.fr\/wordpress\/#\/schema\/logo\/image\/","url":"https:\/\/janze-athletisme.fr\/wordpress\/wp-content\/uploads\/2015\/03\/logo-full1.jpg","contentUrl":"https:\/\/janze-athletisme.fr\/wordpress\/wp-content\/uploads\/2015\/03\/logo-full1.jpg","width":437,"height":205,"caption":"Janz\u00e9 Athl\u00e9tisme"},"image":{"@id":"https:\/\/janze-athletisme.fr\/wordpress\/#\/schema\/logo\/image\/"},"sameAs":["https:\/\/www.facebook.com\/groups\/1007964579346590"]},{"@type":"Person","@id":"https:\/\/janze-athletisme.fr\/wordpress\/#\/schema\/person\/c7b063dcfa6234c041d4d9b26cc2ea03","name":"Laurent Meunier","image":{"@type":"ImageObject","inLanguage":"fr-FR","@id":"https:\/\/secure.gravatar.com\/avatar\/dd25d581ad7c3349090f2fa6a9adb6bfa287e6a5dd8a5216a092727cd8749034?s=96&d=mm&r=g","url":"https:\/\/secure.gravatar.com\/avatar\/dd25d581ad7c3349090f2fa6a9adb6bfa287e6a5dd8a5216a092727cd8749034?s=96&d=mm&r=g","contentUrl":"https:\/\/secure.gravatar.com\/avatar\/dd25d581ad7c3349090f2fa6a9adb6bfa287e6a5dd8a5216a092727cd8749034?s=96&d=mm&r=g","caption":"Laurent Meunier"},"url":"https:\/\/janze-athletisme.fr\/wordpress\/author\/laurent-meunier35\/"}]}},"uagb_featured_image_src":{"full":["https:\/\/janze-athletisme.fr\/wordpress\/wp-content\/uploads\/2022\/04\/DSC_5231.jpg",1461,1000,false],"thumbnail":["https:\/\/janze-athletisme.fr\/wordpress\/wp-content\/uploads\/2022\/04\/DSC_5231-150x150.jpg",150,150,true],"medium":["https:\/\/janze-athletisme.fr\/wordpress\/wp-content\/uploads\/2022\/04\/DSC_5231-300x205.jpg",300,205,true],"medium_large":["https:\/\/janze-athletisme.fr\/wordpress\/wp-content\/uploads\/2022\/04\/DSC_5231-768x526.jpg",768,526,true],"large":["https:\/\/janze-athletisme.fr\/wordpress\/wp-content\/uploads\/2022\/04\/DSC_5231-1024x701.jpg",1024,701,true],"1536x1536":["https:\/\/janze-athletisme.fr\/wordpress\/wp-content\/uploads\/2022\/04\/DSC_5231.jpg",1461,1000,false],"2048x2048":["https:\/\/janze-athletisme.fr\/wordpress\/wp-content\/uploads\/2022\/04\/DSC_5231.jpg",1461,1000,false]},"uagb_author_info":{"display_name":"Laurent Meunier","author_link":"https:\/\/janze-athletisme.fr\/wordpress\/author\/laurent-meunier35\/"},"uagb_comment_info":0,"uagb_excerpt":"Stage coh\u00e9sion pour finir les vacances dans la bonne humeur. 21 benjamin(e)s et minimes se sont r\u00e9unis ce samedi au stade de Janz\u00e9 pour \u00e0 la fois se retrouver, s&rsquo;amuser et pr\u00e9parer les comp\u00e9titions estivales qui arrivent bient\u00f4t (voir ci-dessous). Et pour l&rsquo;occasion Mathieu avait invit\u00e9 les jeunes de Bain et de Cesson \u00e0 se\u2026","_links":{"self":[{"href":"https:\/\/janze-athletisme.fr\/wordpress\/wp-json\/wp\/v2\/posts\/9364","targetHints":{"allow":["GET"]}}],"collection":[{"href":"https:\/\/janze-athletisme.fr\/wordpress\/wp-json\/wp\/v2\/posts"}],"about":[{"href":"https:\/\/janze-athletisme.fr\/wordpress\/wp-json\/wp\/v2\/types\/post"}],"author":[{"embeddable":true,"href":"https:\/\/janze-athletisme.fr\/wordpress\/wp-json\/wp\/v2\/users\/12"}],"replies":[{"embeddable":true,"href":"https:\/\/janze-athletisme.fr\/wordpress\/wp-json\/wp\/v2\/comments?post=9364"}],"version-history":[{"count":4,"href":"https:\/\/janze-athletisme.fr\/wordpress\/wp-json\/wp\/v2\/posts\/9364\/revisions"}],"predecessor-version":[{"id":9388,"href":"https:\/\/janze-athletisme.fr\/wordpress\/wp-json\/wp\/v2\/posts\/9364\/revisions\/9388"}],"wp:featuredmedia":[{"embeddable":true,"href":"https:\/\/janze-athletisme.fr\/wordpress\/wp-json\/wp\/v2\/media\/9367"}],"wp:attachment":[{"href":"https:\/\/janze-athletisme.fr\/wordpress\/wp-json\/wp\/v2\/media?parent=9364"}],"wp:term":[{"taxonomy":"category","embeddable":true,"href":"https:\/\/janze-athletisme.fr\/wordpress\/wp-json\/wp\/v2\/categories?post=9364"},{"taxonomy":"post_tag","embeddable":true,"href":"https:\/\/janze-athletisme.fr\/wordpress\/wp-json\/wp\/v2\/tags?post=9364"}],"curies":[{"name":"wp","href":"https:\/\/api.w.org\/{rel}","templated":true}]}}