{"id":8867,"date":"2022-03-13T21:28:49","date_gmt":"2022-03-13T20:28:49","guid":{"rendered":"https:\/\/janze-athletisme.fr\/wordpress\/?p=8867"},"modified":"2022-03-22T15:43:24","modified_gmt":"2022-03-22T14:43:24","slug":"super-les-france-mais-quest-ce-que-cest-dur","status":"publish","type":"post","link":"https:\/\/janze-athletisme.fr\/wordpress\/super-les-france-mais-quest-ce-que-cest-dur\/","title":{"rendered":"Super les France mais qu&rsquo;est-ce que c&rsquo;est dur !"},"content":{"rendered":"<p><span style=\"font-size: 14pt;\"><strong>Championnat de France de cross \u2013 Les Mureaux, dimanche 13 mars<\/strong><\/span><\/p>\n<p>Une chambre d&rsquo;appel impressionnante, un d\u00e9part en descente tr\u00e8s rapide et un premier kilom\u00e8tre \u00e0 une allure folle : tous nos athl\u00e8tes de l&rsquo;EAC ont v\u00e9cu la m\u00eame m\u00e9saventure sur chacune de leur course. Bienvenue aux France ! C&rsquo;est le haut niveau. Tout est plus grand, tout est plus fort, tout va plus vite. Mais cela reste une exp\u00e9rience extraordinaire qu&rsquo;on est ravi d&rsquo;avoir v\u00e9cu au moins une fois dans sa vie quand on a la chance d&rsquo;acc\u00e9der au haut niveau.<\/p>\n<p><strong>Fortunes diverses pour nos deux Janz\u00e9ens<\/strong><\/p>\n<p>Les France, <strong>Lou<\/strong> connaissait d\u00e9j\u00e0. Priv\u00e9e de f\u00eate en 2020 pour cause de pand\u00e9mie, elle a fini 54<sup>e<\/sup> l&rsquo;automne dernier en juniors et avait fait 150<sup>e<\/sup> en cadettes \u00e0 Vittel en 2019. Mais pour son 3<sup>e<\/sup> France de cross, \u00e0 pr\u00e9sent qu&rsquo;elle concourt en \u00c9lites, elle a pu mesurer la diff\u00e9rence de niveau. Elle termine <strong>293<sup>e<\/sup><\/strong> (et il y a beaucoup de monde derri\u00e8re), avec n\u00e9anmoins une tr\u00e8s belle <strong>40<sup>e<\/sup><\/strong> place en <strong>Espoirs<\/strong>, en \u00e9tant encore ESF 1<sup>\u00e8re<\/sup> ann\u00e9e. Au scratch, elle est 30<sup>e<\/sup> bretonne et 13e du d\u00e9partement, alors qu&rsquo;elle avait fini 41<sup>e<\/sup> \u00e0 Pontivy et 16<sup>e<\/sup> \u00e0 Combourg. Elle a donc progress\u00e9 depuis janvier. Bravo Lou.<\/p>\n<p>Pour <strong>Basile<\/strong>, ce tr\u00e8s haut niveau \u00e9tait une premi\u00e8re. <strong>203<sup>e<\/sup><\/strong> au final, il est un peu en retrait par rapport \u00e0 ses derni\u00e8res prestations (29<sup>e<\/sup> Breton et 10<sup>e<\/sup> du d\u00e9partement alors qu&rsquo;il \u00e9tait 13<sup>e<\/sup> \u00e0 Pontivy et 6<sup>e<\/sup> \u00e0 Combourg). Mais tout le monde sera d&rsquo;accord pour dire que c&rsquo;est d\u00e9j\u00e0 super d&rsquo;\u00eatre arriv\u00e9 \u00e0 ce niveau, et que c&rsquo;est d\u00e9j\u00e0 une tr\u00e8s belle performance. Bravo Basile !<\/p>\n<p><strong>Les autres r\u00e9sultats de l&rsquo;EAC<\/strong><\/p>\n<p>La perf du jour est \u00e0 mettre \u00e0 l&rsquo;actif d<strong>&lsquo;Elsa<\/strong> en cadettes (Bain), excellente <strong>157<sup>e<\/sup><\/strong> et 20<sup>e<\/sup> Bretonne (elle \u00e9tait 36<sup>e<\/sup> \u00e0 Pontivy). Elle finit l&rsquo;hiver tr\u00e8s fort et a beaucoup progress\u00e9, gr\u00e2ce notamment \u00e0 son assiduit\u00e9 \u00e0 ses entra\u00eenements partag\u00e9s entre Janz\u00e9 et Bain. L&rsquo;autre cadette, <strong>Charlotte<\/strong> (Cesson), qui \u00e9tait devant presque tout l&rsquo;hiver, finit <strong>215<sup>e<\/sup><\/strong>. <strong>Tiphanie <\/strong>(Cesson) est <strong>341<\/strong><sup>e<\/sup> du cross \u00c9lites (et <strong>49<sup>e<\/sup> ESF<\/strong>) et <strong>S\u00e9bastien 324<sup>e<\/sup><\/strong> du cross Masters H (avec beaucoup de monde derri\u00e8re l\u00e0 encore). Bravo \u00e0 tous.<\/p>\n<p><strong>Les r\u00e9sultats<\/strong><\/p>\n<p><a href=\"https:\/\/bases.athle.fr\/asp.net\/liste.aspx?frmbase=resultats&amp;frmmode=1&amp;frmespace=0&amp;frmcompetition=261712\">https:\/\/bases.athle.fr\/asp.net\/liste.aspx?frmbase=resultats&amp;frmmode=1&amp;frmespace=0&amp;frmcompetition=261712<\/a><\/p>\n<p><a href=\"https:\/\/janze-athletisme.fr\/wordpress\/wp-content\/uploads\/2022\/03\/Depart-cross-Elites-F-capture-decran.png\"><img loading=\"lazy\" decoding=\"async\" class=\"alignnone size-medium wp-image-8868\" src=\"https:\/\/janze-athletisme.fr\/wordpress\/wp-content\/uploads\/2022\/03\/Depart-cross-Elites-F-capture-decran-300x167.png\" alt=\"\" width=\"300\" height=\"167\" srcset=\"https:\/\/janze-athletisme.fr\/wordpress\/wp-content\/uploads\/2022\/03\/Depart-cross-Elites-F-capture-decran-300x167.png 300w, https:\/\/janze-athletisme.fr\/wordpress\/wp-content\/uploads\/2022\/03\/Depart-cross-Elites-F-capture-decran-1024x569.png 1024w, https:\/\/janze-athletisme.fr\/wordpress\/wp-content\/uploads\/2022\/03\/Depart-cross-Elites-F-capture-decran-768x427.png 768w, https:\/\/janze-athletisme.fr\/wordpress\/wp-content\/uploads\/2022\/03\/Depart-cross-Elites-F-capture-decran.png 1079w\" sizes=\"auto, (max-width: 300px) 100vw, 300px\" \/><\/a><\/p>\n<p><em><span style=\"font-size: 10pt;\">Le d\u00e9part du cross \u00c9lites F (capture d&rsquo;\u00e9cran).<\/span><\/em><\/p>\n<p><a href=\"https:\/\/janze-athletisme.fr\/wordpress\/wp-content\/uploads\/2022\/03\/DSC_4035-scaled.jpg\"><img loading=\"lazy\" decoding=\"async\" class=\"alignnone size-medium wp-image-8869\" src=\"https:\/\/janze-athletisme.fr\/wordpress\/wp-content\/uploads\/2022\/03\/DSC_4035-220x300.jpg\" alt=\"\" width=\"220\" height=\"300\" srcset=\"https:\/\/janze-athletisme.fr\/wordpress\/wp-content\/uploads\/2022\/03\/DSC_4035-220x300.jpg 220w, https:\/\/janze-athletisme.fr\/wordpress\/wp-content\/uploads\/2022\/03\/DSC_4035-751x1024.jpg 751w, https:\/\/janze-athletisme.fr\/wordpress\/wp-content\/uploads\/2022\/03\/DSC_4035-768x1048.jpg 768w, https:\/\/janze-athletisme.fr\/wordpress\/wp-content\/uploads\/2022\/03\/DSC_4035-1126x1536.jpg 1126w, https:\/\/janze-athletisme.fr\/wordpress\/wp-content\/uploads\/2022\/03\/DSC_4035-1501x2048.jpg 1501w, https:\/\/janze-athletisme.fr\/wordpress\/wp-content\/uploads\/2022\/03\/DSC_4035-scaled.jpg 1877w\" sizes=\"auto, (max-width: 220px) 100vw, 220px\" \/>\u00a0 <\/a><a href=\"https:\/\/janze-athletisme.fr\/wordpress\/wp-content\/uploads\/2022\/03\/DSC_4139-1.jpg\"><img loading=\"lazy\" decoding=\"async\" class=\"alignnone size-medium wp-image-8870\" src=\"https:\/\/janze-athletisme.fr\/wordpress\/wp-content\/uploads\/2022\/03\/DSC_4139-1-212x300.jpg\" alt=\"\" width=\"212\" height=\"300\" srcset=\"https:\/\/janze-athletisme.fr\/wordpress\/wp-content\/uploads\/2022\/03\/DSC_4139-1-212x300.jpg 212w, https:\/\/janze-athletisme.fr\/wordpress\/wp-content\/uploads\/2022\/03\/DSC_4139-1-723x1024.jpg 723w, https:\/\/janze-athletisme.fr\/wordpress\/wp-content\/uploads\/2022\/03\/DSC_4139-1-768x1088.jpg 768w, https:\/\/janze-athletisme.fr\/wordpress\/wp-content\/uploads\/2022\/03\/DSC_4139-1-1084x1536.jpg 1084w, https:\/\/janze-athletisme.fr\/wordpress\/wp-content\/uploads\/2022\/03\/DSC_4139-1-1446x2048.jpg 1446w, https:\/\/janze-athletisme.fr\/wordpress\/wp-content\/uploads\/2022\/03\/DSC_4139-1.jpg 1596w\" sizes=\"auto, (max-width: 212px) 100vw, 212px\" \/><\/a><\/p>\n<p><span style=\"font-size: 10pt;\"><em>Lou et Basile, \u00e0 l&rsquo;\u00e9preuve du tr\u00e8s haut niveau (photos prises \u00e0 Eu le 27 f\u00e9vrier).<br \/>\n<\/em><\/span><\/p>\n","protected":false},"excerpt":{"rendered":"<p>Championnat de France de cross \u2013 Les Mureaux, dimanche 13 mars Une chambre d&rsquo;appel impressionnante, un d\u00e9part en descente tr\u00e8s rapide et un premier kilom\u00e8tre \u00e0 une allure folle : tous nos athl\u00e8tes de l&rsquo;EAC ont v\u00e9cu la m\u00eame m\u00e9saventure sur chacune de leur course. Bienvenue aux France ! C&rsquo;est le haut niveau. Tout est [&hellip;]<\/p>\n","protected":false},"author":12,"featured_media":8868,"comment_status":"open","ping_status":"open","sticky":false,"template":"","format":"aside","meta":{"_uag_custom_page_level_css":"","site-sidebar-layout":"default","site-content-layout":"default","ast-site-content-layout":"default","site-content-style":"default","site-sidebar-style":"default","ast-global-header-display":"","ast-banner-title-visibility":"","ast-main-header-display":"","ast-hfb-above-header-display":"","ast-hfb-below-header-display":"","ast-hfb-mobile-header-display":"","site-post-title":"","ast-breadcrumbs-content":"","ast-featured-img":"","footer-sml-layout":"","ast-disable-related-posts":"","theme-transparent-header-meta":"default","adv-header-id-meta":"","stick-header-meta":"","header-above-stick-meta":"","header-main-stick-meta":"","header-below-stick-meta":"","astra-migrate-meta-layouts":"default","ast-page-background-enabled":"default","ast-page-background-meta":{"desktop":{"background-color":"var(--ast-global-color-4)","background-image":"","background-repeat":"repeat","background-position":"center center","background-size":"auto","background-attachment":"scroll","background-type":"","background-media":"","overlay-type":"","overlay-color":"","overlay-opacity":"","overlay-gradient":""},"tablet":{"background-color":"","background-image":"","background-repeat":"repeat","background-position":"center center","background-size":"auto","background-attachment":"scroll","background-type":"","background-media":"","overlay-type":"","overlay-color":"","overlay-opacity":"","overlay-gradient":""},"mobile":{"background-color":"","background-image":"","background-repeat":"repeat","background-position":"center center","background-size":"auto","background-attachment":"scroll","background-type":"","background-media":"","overlay-type":"","overlay-color":"","overlay-opacity":"","overlay-gradient":""}},"ast-content-background-meta":{"desktop":{"background-color":"var(--ast-global-color-5)","background-image":"","background-repeat":"repeat","background-position":"center center","background-size":"auto","background-attachment":"scroll","background-type":"","background-media":"","overlay-type":"","overlay-color":"","overlay-opacity":"","overlay-gradient":""},"tablet":{"background-color":"var(--ast-global-color-5)","background-image":"","background-repeat":"repeat","background-position":"center center","background-size":"auto","background-attachment":"scroll","background-type":"","background-media":"","overlay-type":"","overlay-color":"","overlay-opacity":"","overlay-gradient":""},"mobile":{"background-color":"var(--ast-global-color-5)","background-image":"","background-repeat":"repeat","background-position":"center center","background-size":"auto","background-attachment":"scroll","background-type":"","background-media":"","overlay-type":"","overlay-color":"","overlay-opacity":"","overlay-gradient":""}},"footnotes":""},"categories":[6],"tags":[],"class_list":["post-8867","post","type-post","status-publish","format-aside","has-post-thumbnail","hentry","category-sections","post_format-post-format-aside"],"yoast_head":"<!-- This site is optimized with the Yoast SEO plugin v27.5 - https:\/\/yoast.com\/product\/yoast-seo-wordpress\/ -->\n<title>Super les France mais qu&#039;est-ce que c&#039;est dur ! - Janz\u00e9 Athl\u00e9tisme<\/title>\n<meta name=\"robots\" content=\"index, follow, max-snippet:-1, max-image-preview:large, max-video-preview:-1\" \/>\n<link rel=\"canonical\" href=\"https:\/\/janze-athletisme.fr\/wordpress\/super-les-france-mais-quest-ce-que-cest-dur\/\" \/>\n<meta property=\"og:locale\" content=\"fr_FR\" \/>\n<meta property=\"og:type\" content=\"article\" \/>\n<meta property=\"og:title\" content=\"Super les France mais qu&#039;est-ce que c&#039;est dur ! - Janz\u00e9 Athl\u00e9tisme\" \/>\n<meta property=\"og:description\" content=\"Championnat de France de cross \u2013 Les Mureaux, dimanche 13 mars Une chambre d&rsquo;appel impressionnante, un d\u00e9part en descente tr\u00e8s rapide et un premier kilom\u00e8tre \u00e0 une allure folle : tous nos athl\u00e8tes de l&rsquo;EAC ont v\u00e9cu la m\u00eame m\u00e9saventure sur chacune de leur course. Bienvenue aux France ! C&rsquo;est le haut niveau. Tout est [&hellip;]\" \/>\n<meta property=\"og:url\" content=\"https:\/\/janze-athletisme.fr\/wordpress\/super-les-france-mais-quest-ce-que-cest-dur\/\" \/>\n<meta property=\"og:site_name\" content=\"Janz\u00e9 Athl\u00e9tisme\" \/>\n<meta property=\"article:publisher\" content=\"https:\/\/www.facebook.com\/groups\/1007964579346590\" \/>\n<meta property=\"article:published_time\" content=\"2022-03-13T20:28:49+00:00\" \/>\n<meta property=\"article:modified_time\" content=\"2022-03-22T14:43:24+00:00\" \/>\n<meta property=\"og:image\" content=\"https:\/\/janze-athletisme.fr\/wordpress\/wp-content\/uploads\/2022\/03\/Depart-cross-Elites-F-capture-decran.png\" \/>\n\t<meta property=\"og:image:width\" content=\"1079\" \/>\n\t<meta property=\"og:image:height\" content=\"600\" \/>\n\t<meta property=\"og:image:type\" content=\"image\/png\" \/>\n<meta name=\"author\" content=\"Laurent Meunier\" \/>\n<meta name=\"twitter:card\" content=\"summary_large_image\" \/>\n<meta name=\"twitter:label1\" content=\"\u00c9crit par\" \/>\n\t<meta name=\"twitter:data1\" content=\"Laurent Meunier\" \/>\n\t<meta name=\"twitter:label2\" content=\"Dur\u00e9e de lecture estim\u00e9e\" \/>\n\t<meta name=\"twitter:data2\" content=\"2 minutes\" \/>\n<script type=\"application\/ld+json\" class=\"yoast-schema-graph\">{\"@context\":\"https:\\\/\\\/schema.org\",\"@graph\":[{\"@type\":\"Article\",\"@id\":\"https:\\\/\\\/janze-athletisme.fr\\\/wordpress\\\/super-les-france-mais-quest-ce-que-cest-dur\\\/#article\",\"isPartOf\":{\"@id\":\"https:\\\/\\\/janze-athletisme.fr\\\/wordpress\\\/super-les-france-mais-quest-ce-que-cest-dur\\\/\"},\"author\":{\"name\":\"Laurent Meunier\",\"@id\":\"https:\\\/\\\/janze-athletisme.fr\\\/wordpress\\\/#\\\/schema\\\/person\\\/c7b063dcfa6234c041d4d9b26cc2ea03\"},\"headline\":\"Super les France mais qu&rsquo;est-ce que c&rsquo;est dur !\",\"datePublished\":\"2022-03-13T20:28:49+00:00\",\"dateModified\":\"2022-03-22T14:43:24+00:00\",\"mainEntityOfPage\":{\"@id\":\"https:\\\/\\\/janze-athletisme.fr\\\/wordpress\\\/super-les-france-mais-quest-ce-que-cest-dur\\\/\"},\"wordCount\":452,\"commentCount\":0,\"publisher\":{\"@id\":\"https:\\\/\\\/janze-athletisme.fr\\\/wordpress\\\/#organization\"},\"image\":{\"@id\":\"https:\\\/\\\/janze-athletisme.fr\\\/wordpress\\\/super-les-france-mais-quest-ce-que-cest-dur\\\/#primaryimage\"},\"thumbnailUrl\":\"https:\\\/\\\/janze-athletisme.fr\\\/wordpress\\\/wp-content\\\/uploads\\\/2022\\\/03\\\/Depart-cross-Elites-F-capture-decran.png\",\"articleSection\":[\"Le club au jour le jour\"],\"inLanguage\":\"fr-FR\",\"potentialAction\":[{\"@type\":\"CommentAction\",\"name\":\"Comment\",\"target\":[\"https:\\\/\\\/janze-athletisme.fr\\\/wordpress\\\/super-les-france-mais-quest-ce-que-cest-dur\\\/#respond\"]}]},{\"@type\":\"WebPage\",\"@id\":\"https:\\\/\\\/janze-athletisme.fr\\\/wordpress\\\/super-les-france-mais-quest-ce-que-cest-dur\\\/\",\"url\":\"https:\\\/\\\/janze-athletisme.fr\\\/wordpress\\\/super-les-france-mais-quest-ce-que-cest-dur\\\/\",\"name\":\"Super les France mais qu'est-ce que c'est dur ! - Janz\u00e9 Athl\u00e9tisme\",\"isPartOf\":{\"@id\":\"https:\\\/\\\/janze-athletisme.fr\\\/wordpress\\\/#website\"},\"primaryImageOfPage\":{\"@id\":\"https:\\\/\\\/janze-athletisme.fr\\\/wordpress\\\/super-les-france-mais-quest-ce-que-cest-dur\\\/#primaryimage\"},\"image\":{\"@id\":\"https:\\\/\\\/janze-athletisme.fr\\\/wordpress\\\/super-les-france-mais-quest-ce-que-cest-dur\\\/#primaryimage\"},\"thumbnailUrl\":\"https:\\\/\\\/janze-athletisme.fr\\\/wordpress\\\/wp-content\\\/uploads\\\/2022\\\/03\\\/Depart-cross-Elites-F-capture-decran.png\",\"datePublished\":\"2022-03-13T20:28:49+00:00\",\"dateModified\":\"2022-03-22T14:43:24+00:00\",\"breadcrumb\":{\"@id\":\"https:\\\/\\\/janze-athletisme.fr\\\/wordpress\\\/super-les-france-mais-quest-ce-que-cest-dur\\\/#breadcrumb\"},\"inLanguage\":\"fr-FR\",\"potentialAction\":[{\"@type\":\"ReadAction\",\"target\":[\"https:\\\/\\\/janze-athletisme.fr\\\/wordpress\\\/super-les-france-mais-quest-ce-que-cest-dur\\\/\"]}]},{\"@type\":\"ImageObject\",\"inLanguage\":\"fr-FR\",\"@id\":\"https:\\\/\\\/janze-athletisme.fr\\\/wordpress\\\/super-les-france-mais-quest-ce-que-cest-dur\\\/#primaryimage\",\"url\":\"https:\\\/\\\/janze-athletisme.fr\\\/wordpress\\\/wp-content\\\/uploads\\\/2022\\\/03\\\/Depart-cross-Elites-F-capture-decran.png\",\"contentUrl\":\"https:\\\/\\\/janze-athletisme.fr\\\/wordpress\\\/wp-content\\\/uploads\\\/2022\\\/03\\\/Depart-cross-Elites-F-capture-decran.png\",\"width\":1079,\"height\":600},{\"@type\":\"BreadcrumbList\",\"@id\":\"https:\\\/\\\/janze-athletisme.fr\\\/wordpress\\\/super-les-france-mais-quest-ce-que-cest-dur\\\/#breadcrumb\",\"itemListElement\":[{\"@type\":\"ListItem\",\"position\":1,\"name\":\"Accueil\",\"item\":\"https:\\\/\\\/janze-athletisme.fr\\\/wordpress\\\/\"},{\"@type\":\"ListItem\",\"position\":2,\"name\":\"Super les France mais qu&#8217;est-ce que c&#8217;est dur !\"}]},{\"@type\":\"WebSite\",\"@id\":\"https:\\\/\\\/janze-athletisme.fr\\\/wordpress\\\/#website\",\"url\":\"https:\\\/\\\/janze-athletisme.fr\\\/wordpress\\\/\",\"name\":\"Janz\u00e9 Athl\u00e9tisme\",\"description\":\"Pays de La Roche aux F\u00e9es\",\"publisher\":{\"@id\":\"https:\\\/\\\/janze-athletisme.fr\\\/wordpress\\\/#organization\"},\"potentialAction\":[{\"@type\":\"SearchAction\",\"target\":{\"@type\":\"EntryPoint\",\"urlTemplate\":\"https:\\\/\\\/janze-athletisme.fr\\\/wordpress\\\/?s={search_term_string}\"},\"query-input\":{\"@type\":\"PropertyValueSpecification\",\"valueRequired\":true,\"valueName\":\"search_term_string\"}}],\"inLanguage\":\"fr-FR\"},{\"@type\":\"Organization\",\"@id\":\"https:\\\/\\\/janze-athletisme.fr\\\/wordpress\\\/#organization\",\"name\":\"Janz\u00e9 Athl\u00e9tisme\",\"url\":\"https:\\\/\\\/janze-athletisme.fr\\\/wordpress\\\/\",\"logo\":{\"@type\":\"ImageObject\",\"inLanguage\":\"fr-FR\",\"@id\":\"https:\\\/\\\/janze-athletisme.fr\\\/wordpress\\\/#\\\/schema\\\/logo\\\/image\\\/\",\"url\":\"https:\\\/\\\/janze-athletisme.fr\\\/wordpress\\\/wp-content\\\/uploads\\\/2015\\\/03\\\/logo-full1.jpg\",\"contentUrl\":\"https:\\\/\\\/janze-athletisme.fr\\\/wordpress\\\/wp-content\\\/uploads\\\/2015\\\/03\\\/logo-full1.jpg\",\"width\":437,\"height\":205,\"caption\":\"Janz\u00e9 Athl\u00e9tisme\"},\"image\":{\"@id\":\"https:\\\/\\\/janze-athletisme.fr\\\/wordpress\\\/#\\\/schema\\\/logo\\\/image\\\/\"},\"sameAs\":[\"https:\\\/\\\/www.facebook.com\\\/groups\\\/1007964579346590\"]},{\"@type\":\"Person\",\"@id\":\"https:\\\/\\\/janze-athletisme.fr\\\/wordpress\\\/#\\\/schema\\\/person\\\/c7b063dcfa6234c041d4d9b26cc2ea03\",\"name\":\"Laurent Meunier\",\"image\":{\"@type\":\"ImageObject\",\"inLanguage\":\"fr-FR\",\"@id\":\"https:\\\/\\\/secure.gravatar.com\\\/avatar\\\/dd25d581ad7c3349090f2fa6a9adb6bfa287e6a5dd8a5216a092727cd8749034?s=96&d=mm&r=g\",\"url\":\"https:\\\/\\\/secure.gravatar.com\\\/avatar\\\/dd25d581ad7c3349090f2fa6a9adb6bfa287e6a5dd8a5216a092727cd8749034?s=96&d=mm&r=g\",\"contentUrl\":\"https:\\\/\\\/secure.gravatar.com\\\/avatar\\\/dd25d581ad7c3349090f2fa6a9adb6bfa287e6a5dd8a5216a092727cd8749034?s=96&d=mm&r=g\",\"caption\":\"Laurent Meunier\"},\"url\":\"https:\\\/\\\/janze-athletisme.fr\\\/wordpress\\\/author\\\/laurent-meunier35\\\/\"}]}<\/script>\n<!-- \/ Yoast SEO plugin. -->","yoast_head_json":{"title":"Super les France mais qu'est-ce que c'est dur ! - Janz\u00e9 Athl\u00e9tisme","robots":{"index":"index","follow":"follow","max-snippet":"max-snippet:-1","max-image-preview":"max-image-preview:large","max-video-preview":"max-video-preview:-1"},"canonical":"https:\/\/janze-athletisme.fr\/wordpress\/super-les-france-mais-quest-ce-que-cest-dur\/","og_locale":"fr_FR","og_type":"article","og_title":"Super les France mais qu'est-ce que c'est dur ! - Janz\u00e9 Athl\u00e9tisme","og_description":"Championnat de France de cross \u2013 Les Mureaux, dimanche 13 mars Une chambre d&rsquo;appel impressionnante, un d\u00e9part en descente tr\u00e8s rapide et un premier kilom\u00e8tre \u00e0 une allure folle : tous nos athl\u00e8tes de l&rsquo;EAC ont v\u00e9cu la m\u00eame m\u00e9saventure sur chacune de leur course. Bienvenue aux France ! C&rsquo;est le haut niveau. Tout est [&hellip;]","og_url":"https:\/\/janze-athletisme.fr\/wordpress\/super-les-france-mais-quest-ce-que-cest-dur\/","og_site_name":"Janz\u00e9 Athl\u00e9tisme","article_publisher":"https:\/\/www.facebook.com\/groups\/1007964579346590","article_published_time":"2022-03-13T20:28:49+00:00","article_modified_time":"2022-03-22T14:43:24+00:00","og_image":[{"width":1079,"height":600,"url":"https:\/\/janze-athletisme.fr\/wordpress\/wp-content\/uploads\/2022\/03\/Depart-cross-Elites-F-capture-decran.png","type":"image\/png"}],"author":"Laurent Meunier","twitter_card":"summary_large_image","twitter_misc":{"\u00c9crit par":"Laurent Meunier","Dur\u00e9e de lecture estim\u00e9e":"2 minutes"},"schema":{"@context":"https:\/\/schema.org","@graph":[{"@type":"Article","@id":"https:\/\/janze-athletisme.fr\/wordpress\/super-les-france-mais-quest-ce-que-cest-dur\/#article","isPartOf":{"@id":"https:\/\/janze-athletisme.fr\/wordpress\/super-les-france-mais-quest-ce-que-cest-dur\/"},"author":{"name":"Laurent Meunier","@id":"https:\/\/janze-athletisme.fr\/wordpress\/#\/schema\/person\/c7b063dcfa6234c041d4d9b26cc2ea03"},"headline":"Super les France mais qu&rsquo;est-ce que c&rsquo;est dur !","datePublished":"2022-03-13T20:28:49+00:00","dateModified":"2022-03-22T14:43:24+00:00","mainEntityOfPage":{"@id":"https:\/\/janze-athletisme.fr\/wordpress\/super-les-france-mais-quest-ce-que-cest-dur\/"},"wordCount":452,"commentCount":0,"publisher":{"@id":"https:\/\/janze-athletisme.fr\/wordpress\/#organization"},"image":{"@id":"https:\/\/janze-athletisme.fr\/wordpress\/super-les-france-mais-quest-ce-que-cest-dur\/#primaryimage"},"thumbnailUrl":"https:\/\/janze-athletisme.fr\/wordpress\/wp-content\/uploads\/2022\/03\/Depart-cross-Elites-F-capture-decran.png","articleSection":["Le club au jour le jour"],"inLanguage":"fr-FR","potentialAction":[{"@type":"CommentAction","name":"Comment","target":["https:\/\/janze-athletisme.fr\/wordpress\/super-les-france-mais-quest-ce-que-cest-dur\/#respond"]}]},{"@type":"WebPage","@id":"https:\/\/janze-athletisme.fr\/wordpress\/super-les-france-mais-quest-ce-que-cest-dur\/","url":"https:\/\/janze-athletisme.fr\/wordpress\/super-les-france-mais-quest-ce-que-cest-dur\/","name":"Super les France mais qu'est-ce que c'est dur ! - Janz\u00e9 Athl\u00e9tisme","isPartOf":{"@id":"https:\/\/janze-athletisme.fr\/wordpress\/#website"},"primaryImageOfPage":{"@id":"https:\/\/janze-athletisme.fr\/wordpress\/super-les-france-mais-quest-ce-que-cest-dur\/#primaryimage"},"image":{"@id":"https:\/\/janze-athletisme.fr\/wordpress\/super-les-france-mais-quest-ce-que-cest-dur\/#primaryimage"},"thumbnailUrl":"https:\/\/janze-athletisme.fr\/wordpress\/wp-content\/uploads\/2022\/03\/Depart-cross-Elites-F-capture-decran.png","datePublished":"2022-03-13T20:28:49+00:00","dateModified":"2022-03-22T14:43:24+00:00","breadcrumb":{"@id":"https:\/\/janze-athletisme.fr\/wordpress\/super-les-france-mais-quest-ce-que-cest-dur\/#breadcrumb"},"inLanguage":"fr-FR","potentialAction":[{"@type":"ReadAction","target":["https:\/\/janze-athletisme.fr\/wordpress\/super-les-france-mais-quest-ce-que-cest-dur\/"]}]},{"@type":"ImageObject","inLanguage":"fr-FR","@id":"https:\/\/janze-athletisme.fr\/wordpress\/super-les-france-mais-quest-ce-que-cest-dur\/#primaryimage","url":"https:\/\/janze-athletisme.fr\/wordpress\/wp-content\/uploads\/2022\/03\/Depart-cross-Elites-F-capture-decran.png","contentUrl":"https:\/\/janze-athletisme.fr\/wordpress\/wp-content\/uploads\/2022\/03\/Depart-cross-Elites-F-capture-decran.png","width":1079,"height":600},{"@type":"BreadcrumbList","@id":"https:\/\/janze-athletisme.fr\/wordpress\/super-les-france-mais-quest-ce-que-cest-dur\/#breadcrumb","itemListElement":[{"@type":"ListItem","position":1,"name":"Accueil","item":"https:\/\/janze-athletisme.fr\/wordpress\/"},{"@type":"ListItem","position":2,"name":"Super les France mais qu&#8217;est-ce que c&#8217;est dur !"}]},{"@type":"WebSite","@id":"https:\/\/janze-athletisme.fr\/wordpress\/#website","url":"https:\/\/janze-athletisme.fr\/wordpress\/","name":"Janz\u00e9 Athl\u00e9tisme","description":"Pays de La Roche aux F\u00e9es","publisher":{"@id":"https:\/\/janze-athletisme.fr\/wordpress\/#organization"},"potentialAction":[{"@type":"SearchAction","target":{"@type":"EntryPoint","urlTemplate":"https:\/\/janze-athletisme.fr\/wordpress\/?s={search_term_string}"},"query-input":{"@type":"PropertyValueSpecification","valueRequired":true,"valueName":"search_term_string"}}],"inLanguage":"fr-FR"},{"@type":"Organization","@id":"https:\/\/janze-athletisme.fr\/wordpress\/#organization","name":"Janz\u00e9 Athl\u00e9tisme","url":"https:\/\/janze-athletisme.fr\/wordpress\/","logo":{"@type":"ImageObject","inLanguage":"fr-FR","@id":"https:\/\/janze-athletisme.fr\/wordpress\/#\/schema\/logo\/image\/","url":"https:\/\/janze-athletisme.fr\/wordpress\/wp-content\/uploads\/2015\/03\/logo-full1.jpg","contentUrl":"https:\/\/janze-athletisme.fr\/wordpress\/wp-content\/uploads\/2015\/03\/logo-full1.jpg","width":437,"height":205,"caption":"Janz\u00e9 Athl\u00e9tisme"},"image":{"@id":"https:\/\/janze-athletisme.fr\/wordpress\/#\/schema\/logo\/image\/"},"sameAs":["https:\/\/www.facebook.com\/groups\/1007964579346590"]},{"@type":"Person","@id":"https:\/\/janze-athletisme.fr\/wordpress\/#\/schema\/person\/c7b063dcfa6234c041d4d9b26cc2ea03","name":"Laurent Meunier","image":{"@type":"ImageObject","inLanguage":"fr-FR","@id":"https:\/\/secure.gravatar.com\/avatar\/dd25d581ad7c3349090f2fa6a9adb6bfa287e6a5dd8a5216a092727cd8749034?s=96&d=mm&r=g","url":"https:\/\/secure.gravatar.com\/avatar\/dd25d581ad7c3349090f2fa6a9adb6bfa287e6a5dd8a5216a092727cd8749034?s=96&d=mm&r=g","contentUrl":"https:\/\/secure.gravatar.com\/avatar\/dd25d581ad7c3349090f2fa6a9adb6bfa287e6a5dd8a5216a092727cd8749034?s=96&d=mm&r=g","caption":"Laurent Meunier"},"url":"https:\/\/janze-athletisme.fr\/wordpress\/author\/laurent-meunier35\/"}]}},"uagb_featured_image_src":{"full":["https:\/\/janze-athletisme.fr\/wordpress\/wp-content\/uploads\/2022\/03\/Depart-cross-Elites-F-capture-decran.png",1079,600,false],"thumbnail":["https:\/\/janze-athletisme.fr\/wordpress\/wp-content\/uploads\/2022\/03\/Depart-cross-Elites-F-capture-decran-150x150.png",150,150,true],"medium":["https:\/\/janze-athletisme.fr\/wordpress\/wp-content\/uploads\/2022\/03\/Depart-cross-Elites-F-capture-decran-300x167.png",300,167,true],"medium_large":["https:\/\/janze-athletisme.fr\/wordpress\/wp-content\/uploads\/2022\/03\/Depart-cross-Elites-F-capture-decran-768x427.png",768,427,true],"large":["https:\/\/janze-athletisme.fr\/wordpress\/wp-content\/uploads\/2022\/03\/Depart-cross-Elites-F-capture-decran-1024x569.png",1024,569,true],"1536x1536":["https:\/\/janze-athletisme.fr\/wordpress\/wp-content\/uploads\/2022\/03\/Depart-cross-Elites-F-capture-decran.png",1079,600,false],"2048x2048":["https:\/\/janze-athletisme.fr\/wordpress\/wp-content\/uploads\/2022\/03\/Depart-cross-Elites-F-capture-decran.png",1079,600,false]},"uagb_author_info":{"display_name":"Laurent Meunier","author_link":"https:\/\/janze-athletisme.fr\/wordpress\/author\/laurent-meunier35\/"},"uagb_comment_info":0,"uagb_excerpt":"Championnat de France de cross \u2013 Les Mureaux, dimanche 13 mars Une chambre d&rsquo;appel impressionnante, un d\u00e9part en descente tr\u00e8s rapide et un premier kilom\u00e8tre \u00e0 une allure folle : tous nos athl\u00e8tes de l&rsquo;EAC ont v\u00e9cu la m\u00eame m\u00e9saventure sur chacune de leur course. Bienvenue aux France ! C&rsquo;est le haut niveau. Tout est\u2026","_links":{"self":[{"href":"https:\/\/janze-athletisme.fr\/wordpress\/wp-json\/wp\/v2\/posts\/8867","targetHints":{"allow":["GET"]}}],"collection":[{"href":"https:\/\/janze-athletisme.fr\/wordpress\/wp-json\/wp\/v2\/posts"}],"about":[{"href":"https:\/\/janze-athletisme.fr\/wordpress\/wp-json\/wp\/v2\/types\/post"}],"author":[{"embeddable":true,"href":"https:\/\/janze-athletisme.fr\/wordpress\/wp-json\/wp\/v2\/users\/12"}],"replies":[{"embeddable":true,"href":"https:\/\/janze-athletisme.fr\/wordpress\/wp-json\/wp\/v2\/comments?post=8867"}],"version-history":[{"count":2,"href":"https:\/\/janze-athletisme.fr\/wordpress\/wp-json\/wp\/v2\/posts\/8867\/revisions"}],"predecessor-version":[{"id":8932,"href":"https:\/\/janze-athletisme.fr\/wordpress\/wp-json\/wp\/v2\/posts\/8867\/revisions\/8932"}],"wp:featuredmedia":[{"embeddable":true,"href":"https:\/\/janze-athletisme.fr\/wordpress\/wp-json\/wp\/v2\/media\/8868"}],"wp:attachment":[{"href":"https:\/\/janze-athletisme.fr\/wordpress\/wp-json\/wp\/v2\/media?parent=8867"}],"wp:term":[{"taxonomy":"category","embeddable":true,"href":"https:\/\/janze-athletisme.fr\/wordpress\/wp-json\/wp\/v2\/categories?post=8867"},{"taxonomy":"post_tag","embeddable":true,"href":"https:\/\/janze-athletisme.fr\/wordpress\/wp-json\/wp\/v2\/tags?post=8867"}],"curies":[{"name":"wp","href":"https:\/\/api.w.org\/{rel}","templated":true}]}}