{"id":8859,"date":"2022-03-12T20:29:32","date_gmt":"2022-03-12T19:29:32","guid":{"rendered":"https:\/\/janze-athletisme.fr\/wordpress\/?p=8859"},"modified":"2022-03-22T15:43:46","modified_gmt":"2022-03-22T14:43:46","slug":"teddy-et-thibault-selectionnes-par-la-ligue-de-bretagne","status":"publish","type":"post","link":"https:\/\/janze-athletisme.fr\/wordpress\/teddy-et-thibault-selectionnes-par-la-ligue-de-bretagne\/","title":{"rendered":"Teddy et Thibault s\u00e9lectionn\u00e9s par la Ligue de Bretagne"},"content":{"rendered":"<p><strong><span style=\"font-size: 14pt;\">Inter-Ligues minimes en salle le 20 mars<\/span><br \/>\n<\/strong><\/p>\n<p>Apr\u00e8s L\u00e9a (Th\u00e9odin) et Jules s\u00e9lectionn\u00e9s par le comit\u00e9 35 pour les R\u00e9gionaux de cross benjamins \u00e0 Pontivy, puis L\u00e9a (Robert), Faustine et Esteban s\u00e9lectionn\u00e9s par le m\u00eame comit\u00e9 35 pour les Pr\u00e9-France de cross minimes \u00e0 Eu, voici cette fois <strong>Teddy<\/strong> (sur 50m) et <strong>Thibault<\/strong> (sur Pentathlon) s\u00e9lectionn\u00e9s par la Ligue de Bretagne pour un match inter-Ligues minimes en salle dimanche 20 mars \u00e0 Val-de-Rueil.<\/p>\n<p><a href=\"https:\/\/janze-athletisme.fr\/wordpress\/wp-content\/uploads\/2021\/12\/DSC_1396-scaled.jpg\"><img loading=\"lazy\" decoding=\"async\" class=\"alignnone wp-image-8200\" src=\"https:\/\/janze-athletisme.fr\/wordpress\/wp-content\/uploads\/2021\/12\/DSC_1396-300x200.jpg\" alt=\"\" width=\"451\" height=\"301\" srcset=\"https:\/\/janze-athletisme.fr\/wordpress\/wp-content\/uploads\/2021\/12\/DSC_1396-300x200.jpg 300w, https:\/\/janze-athletisme.fr\/wordpress\/wp-content\/uploads\/2021\/12\/DSC_1396-1024x683.jpg 1024w, https:\/\/janze-athletisme.fr\/wordpress\/wp-content\/uploads\/2021\/12\/DSC_1396-768x512.jpg 768w, https:\/\/janze-athletisme.fr\/wordpress\/wp-content\/uploads\/2021\/12\/DSC_1396-1536x1024.jpg 1536w, https:\/\/janze-athletisme.fr\/wordpress\/wp-content\/uploads\/2021\/12\/DSC_1396-2048x1365.jpg 2048w\" sizes=\"auto, (max-width: 451px) 100vw, 451px\" \/>\u00a0 <\/a><a href=\"https:\/\/janze-athletisme.fr\/wordpress\/wp-content\/uploads\/2022\/02\/279B220C-1AF5-4810-B634-64058C533405.jpg\"><img loading=\"lazy\" decoding=\"async\" class=\"alignnone wp-image-8628 size-medium\" src=\"https:\/\/janze-athletisme.fr\/wordpress\/wp-content\/uploads\/2022\/02\/279B220C-1AF5-4810-B634-64058C533405-e1647114426405-288x300.jpg\" alt=\"\" width=\"288\" height=\"300\" srcset=\"https:\/\/janze-athletisme.fr\/wordpress\/wp-content\/uploads\/2022\/02\/279B220C-1AF5-4810-B634-64058C533405-e1647114426405-288x300.jpg 288w, https:\/\/janze-athletisme.fr\/wordpress\/wp-content\/uploads\/2022\/02\/279B220C-1AF5-4810-B634-64058C533405-e1647114426405.jpg 542w\" sizes=\"auto, (max-width: 288px) 100vw, 288px\" \/><\/a><\/p>\n<p><em><span style=\"font-size: 10pt;\">Teddy (3e en partant de la droite sur la photo de groupe) et Thibault (avec son maillot de champion R\u00e9gional).<\/span><\/em><\/p>\n<p>Les s\u00e9lectionn\u00e9s bretons vont rencontrer leurs homologues de Normandie, Pays de la Loire, Ile de France et Centre Val-de-Loire.<\/p>\n<p>Bravo \u00e0 tous les deux pour cette belle conclusion d&rsquo;une saison hivernale de toute beaut\u00e9. On compte sur vous pour nous raconter.<\/p>\n<p>Pour rappel, nous avons \u00e9galement <strong>Lou<\/strong> et <strong>Basile<\/strong>, qui courent demain aux championnat des France de cross aux Mureaux, en Espoirs F et Juniors H. Le club est de tout c\u0153ur avec vous.<\/p>\n<p><a href=\"https:\/\/janze-athletisme.fr\/wordpress\/wp-content\/uploads\/2022\/03\/DSC_4088.jpg\"><img loading=\"lazy\" decoding=\"async\" class=\"alignnone size-medium wp-image-8864\" src=\"https:\/\/janze-athletisme.fr\/wordpress\/wp-content\/uploads\/2022\/03\/DSC_4088-228x300.jpg\" alt=\"\" width=\"228\" height=\"300\" srcset=\"https:\/\/janze-athletisme.fr\/wordpress\/wp-content\/uploads\/2022\/03\/DSC_4088-228x300.jpg 228w, https:\/\/janze-athletisme.fr\/wordpress\/wp-content\/uploads\/2022\/03\/DSC_4088-779x1024.jpg 779w, https:\/\/janze-athletisme.fr\/wordpress\/wp-content\/uploads\/2022\/03\/DSC_4088-768x1010.jpg 768w, https:\/\/janze-athletisme.fr\/wordpress\/wp-content\/uploads\/2022\/03\/DSC_4088-1168x1536.jpg 1168w, https:\/\/janze-athletisme.fr\/wordpress\/wp-content\/uploads\/2022\/03\/DSC_4088-1558x2048.jpg 1558w, https:\/\/janze-athletisme.fr\/wordpress\/wp-content\/uploads\/2022\/03\/DSC_4088.jpg 1809w\" sizes=\"auto, (max-width: 228px) 100vw, 228px\" \/>\u00a0 <\/a><a href=\"https:\/\/janze-athletisme.fr\/wordpress\/wp-content\/uploads\/2022\/03\/DSC_4052.jpg\"><img loading=\"lazy\" decoding=\"async\" class=\"alignnone size-medium wp-image-8865\" src=\"https:\/\/janze-athletisme.fr\/wordpress\/wp-content\/uploads\/2022\/03\/DSC_4052-223x300.jpg\" alt=\"\" width=\"223\" height=\"300\" srcset=\"https:\/\/janze-athletisme.fr\/wordpress\/wp-content\/uploads\/2022\/03\/DSC_4052-223x300.jpg 223w, https:\/\/janze-athletisme.fr\/wordpress\/wp-content\/uploads\/2022\/03\/DSC_4052-760x1024.jpg 760w, https:\/\/janze-athletisme.fr\/wordpress\/wp-content\/uploads\/2022\/03\/DSC_4052-768x1035.jpg 768w, https:\/\/janze-athletisme.fr\/wordpress\/wp-content\/uploads\/2022\/03\/DSC_4052-1140x1536.jpg 1140w, https:\/\/janze-athletisme.fr\/wordpress\/wp-content\/uploads\/2022\/03\/DSC_4052-1520x2048.jpg 1520w, https:\/\/janze-athletisme.fr\/wordpress\/wp-content\/uploads\/2022\/03\/DSC_4052.jpg 1800w\" sizes=\"auto, (max-width: 223px) 100vw, 223px\" \/><\/a><a href=\"https:\/\/janze-athletisme.fr\/wordpress\/wp-content\/uploads\/2022\/03\/DSC_4088.jpg\"> \u00a0<\/a><\/p>\n<p><em><span style=\"font-size: 10pt;\">Lou et Basile \u00e0 Eu.<\/span><\/em><\/p>\n","protected":false},"excerpt":{"rendered":"<p>Inter-Ligues minimes en salle le 20 mars Apr\u00e8s L\u00e9a (Th\u00e9odin) et Jules s\u00e9lectionn\u00e9s par le comit\u00e9 35 pour les R\u00e9gionaux de cross benjamins \u00e0 Pontivy, puis L\u00e9a (Robert), Faustine et Esteban s\u00e9lectionn\u00e9s par le m\u00eame comit\u00e9 35 pour les Pr\u00e9-France de cross minimes \u00e0 Eu, voici cette fois Teddy (sur 50m) et Thibault (sur Pentathlon) [&hellip;]<\/p>\n","protected":false},"author":12,"featured_media":8860,"comment_status":"open","ping_status":"open","sticky":false,"template":"","format":"aside","meta":{"_uag_custom_page_level_css":"","site-sidebar-layout":"default","site-content-layout":"default","ast-site-content-layout":"default","site-content-style":"default","site-sidebar-style":"default","ast-global-header-display":"","ast-banner-title-visibility":"","ast-main-header-display":"","ast-hfb-above-header-display":"","ast-hfb-below-header-display":"","ast-hfb-mobile-header-display":"","site-post-title":"","ast-breadcrumbs-content":"","ast-featured-img":"","footer-sml-layout":"","ast-disable-related-posts":"","theme-transparent-header-meta":"default","adv-header-id-meta":"","stick-header-meta":"","header-above-stick-meta":"","header-main-stick-meta":"","header-below-stick-meta":"","astra-migrate-meta-layouts":"default","ast-page-background-enabled":"default","ast-page-background-meta":{"desktop":{"background-color":"var(--ast-global-color-4)","background-image":"","background-repeat":"repeat","background-position":"center center","background-size":"auto","background-attachment":"scroll","background-type":"","background-media":"","overlay-type":"","overlay-color":"","overlay-opacity":"","overlay-gradient":""},"tablet":{"background-color":"","background-image":"","background-repeat":"repeat","background-position":"center center","background-size":"auto","background-attachment":"scroll","background-type":"","background-media":"","overlay-type":"","overlay-color":"","overlay-opacity":"","overlay-gradient":""},"mobile":{"background-color":"","background-image":"","background-repeat":"repeat","background-position":"center center","background-size":"auto","background-attachment":"scroll","background-type":"","background-media":"","overlay-type":"","overlay-color":"","overlay-opacity":"","overlay-gradient":""}},"ast-content-background-meta":{"desktop":{"background-color":"var(--ast-global-color-5)","background-image":"","background-repeat":"repeat","background-position":"center center","background-size":"auto","background-attachment":"scroll","background-type":"","background-media":"","overlay-type":"","overlay-color":"","overlay-opacity":"","overlay-gradient":""},"tablet":{"background-color":"var(--ast-global-color-5)","background-image":"","background-repeat":"repeat","background-position":"center center","background-size":"auto","background-attachment":"scroll","background-type":"","background-media":"","overlay-type":"","overlay-color":"","overlay-opacity":"","overlay-gradient":""},"mobile":{"background-color":"var(--ast-global-color-5)","background-image":"","background-repeat":"repeat","background-position":"center center","background-size":"auto","background-attachment":"scroll","background-type":"","background-media":"","overlay-type":"","overlay-color":"","overlay-opacity":"","overlay-gradient":""}},"footnotes":""},"categories":[6],"tags":[],"class_list":["post-8859","post","type-post","status-publish","format-aside","has-post-thumbnail","hentry","category-sections","post_format-post-format-aside"],"yoast_head":"<!-- This site is optimized with the Yoast SEO plugin v27.5 - https:\/\/yoast.com\/product\/yoast-seo-wordpress\/ -->\n<title>Teddy et Thibault s\u00e9lectionn\u00e9s par la Ligue de Bretagne - Janz\u00e9 Athl\u00e9tisme<\/title>\n<meta name=\"robots\" content=\"index, follow, max-snippet:-1, max-image-preview:large, max-video-preview:-1\" \/>\n<link rel=\"canonical\" href=\"https:\/\/janze-athletisme.fr\/wordpress\/teddy-et-thibault-selectionnes-par-la-ligue-de-bretagne\/\" \/>\n<meta property=\"og:locale\" content=\"fr_FR\" \/>\n<meta property=\"og:type\" content=\"article\" \/>\n<meta property=\"og:title\" content=\"Teddy et Thibault s\u00e9lectionn\u00e9s par la Ligue de Bretagne - Janz\u00e9 Athl\u00e9tisme\" \/>\n<meta property=\"og:description\" content=\"Inter-Ligues minimes en salle le 20 mars Apr\u00e8s L\u00e9a (Th\u00e9odin) et Jules s\u00e9lectionn\u00e9s par le comit\u00e9 35 pour les R\u00e9gionaux de cross benjamins \u00e0 Pontivy, puis L\u00e9a (Robert), Faustine et Esteban s\u00e9lectionn\u00e9s par le m\u00eame comit\u00e9 35 pour les Pr\u00e9-France de cross minimes \u00e0 Eu, voici cette fois Teddy (sur 50m) et Thibault (sur Pentathlon) [&hellip;]\" \/>\n<meta property=\"og:url\" content=\"https:\/\/janze-athletisme.fr\/wordpress\/teddy-et-thibault-selectionnes-par-la-ligue-de-bretagne\/\" \/>\n<meta property=\"og:site_name\" content=\"Janz\u00e9 Athl\u00e9tisme\" \/>\n<meta property=\"article:publisher\" content=\"https:\/\/www.facebook.com\/groups\/1007964579346590\" \/>\n<meta property=\"article:published_time\" content=\"2022-03-12T19:29:32+00:00\" \/>\n<meta property=\"article:modified_time\" content=\"2022-03-22T14:43:46+00:00\" \/>\n<meta property=\"og:image\" content=\"https:\/\/janze-athletisme.fr\/wordpress\/wp-content\/uploads\/2022\/03\/Thibault-champion-BZH-penta-MIM-en-salle-5fev2022.jpg\" \/>\n\t<meta property=\"og:image:width\" content=\"543\" \/>\n\t<meta property=\"og:image:height\" content=\"764\" \/>\n\t<meta property=\"og:image:type\" content=\"image\/jpeg\" \/>\n<meta name=\"author\" content=\"Laurent Meunier\" \/>\n<meta name=\"twitter:card\" content=\"summary_large_image\" \/>\n<meta name=\"twitter:label1\" content=\"\u00c9crit par\" \/>\n\t<meta name=\"twitter:data1\" content=\"Laurent Meunier\" \/>\n\t<meta name=\"twitter:label2\" content=\"Dur\u00e9e de lecture estim\u00e9e\" \/>\n\t<meta name=\"twitter:data2\" content=\"1 minute\" \/>\n<script type=\"application\/ld+json\" class=\"yoast-schema-graph\">{\"@context\":\"https:\\\/\\\/schema.org\",\"@graph\":[{\"@type\":\"Article\",\"@id\":\"https:\\\/\\\/janze-athletisme.fr\\\/wordpress\\\/teddy-et-thibault-selectionnes-par-la-ligue-de-bretagne\\\/#article\",\"isPartOf\":{\"@id\":\"https:\\\/\\\/janze-athletisme.fr\\\/wordpress\\\/teddy-et-thibault-selectionnes-par-la-ligue-de-bretagne\\\/\"},\"author\":{\"name\":\"Laurent Meunier\",\"@id\":\"https:\\\/\\\/janze-athletisme.fr\\\/wordpress\\\/#\\\/schema\\\/person\\\/c7b063dcfa6234c041d4d9b26cc2ea03\"},\"headline\":\"Teddy et Thibault s\u00e9lectionn\u00e9s par la Ligue de Bretagne\",\"datePublished\":\"2022-03-12T19:29:32+00:00\",\"dateModified\":\"2022-03-22T14:43:46+00:00\",\"mainEntityOfPage\":{\"@id\":\"https:\\\/\\\/janze-athletisme.fr\\\/wordpress\\\/teddy-et-thibault-selectionnes-par-la-ligue-de-bretagne\\\/\"},\"wordCount\":192,\"commentCount\":0,\"publisher\":{\"@id\":\"https:\\\/\\\/janze-athletisme.fr\\\/wordpress\\\/#organization\"},\"image\":{\"@id\":\"https:\\\/\\\/janze-athletisme.fr\\\/wordpress\\\/teddy-et-thibault-selectionnes-par-la-ligue-de-bretagne\\\/#primaryimage\"},\"thumbnailUrl\":\"https:\\\/\\\/janze-athletisme.fr\\\/wordpress\\\/wp-content\\\/uploads\\\/2022\\\/03\\\/Thibault-champion-BZH-penta-MIM-en-salle-5fev2022.jpg\",\"articleSection\":[\"Le club au jour le jour\"],\"inLanguage\":\"fr-FR\",\"potentialAction\":[{\"@type\":\"CommentAction\",\"name\":\"Comment\",\"target\":[\"https:\\\/\\\/janze-athletisme.fr\\\/wordpress\\\/teddy-et-thibault-selectionnes-par-la-ligue-de-bretagne\\\/#respond\"]}]},{\"@type\":\"WebPage\",\"@id\":\"https:\\\/\\\/janze-athletisme.fr\\\/wordpress\\\/teddy-et-thibault-selectionnes-par-la-ligue-de-bretagne\\\/\",\"url\":\"https:\\\/\\\/janze-athletisme.fr\\\/wordpress\\\/teddy-et-thibault-selectionnes-par-la-ligue-de-bretagne\\\/\",\"name\":\"Teddy et Thibault s\u00e9lectionn\u00e9s par la Ligue de Bretagne - Janz\u00e9 Athl\u00e9tisme\",\"isPartOf\":{\"@id\":\"https:\\\/\\\/janze-athletisme.fr\\\/wordpress\\\/#website\"},\"primaryImageOfPage\":{\"@id\":\"https:\\\/\\\/janze-athletisme.fr\\\/wordpress\\\/teddy-et-thibault-selectionnes-par-la-ligue-de-bretagne\\\/#primaryimage\"},\"image\":{\"@id\":\"https:\\\/\\\/janze-athletisme.fr\\\/wordpress\\\/teddy-et-thibault-selectionnes-par-la-ligue-de-bretagne\\\/#primaryimage\"},\"thumbnailUrl\":\"https:\\\/\\\/janze-athletisme.fr\\\/wordpress\\\/wp-content\\\/uploads\\\/2022\\\/03\\\/Thibault-champion-BZH-penta-MIM-en-salle-5fev2022.jpg\",\"datePublished\":\"2022-03-12T19:29:32+00:00\",\"dateModified\":\"2022-03-22T14:43:46+00:00\",\"breadcrumb\":{\"@id\":\"https:\\\/\\\/janze-athletisme.fr\\\/wordpress\\\/teddy-et-thibault-selectionnes-par-la-ligue-de-bretagne\\\/#breadcrumb\"},\"inLanguage\":\"fr-FR\",\"potentialAction\":[{\"@type\":\"ReadAction\",\"target\":[\"https:\\\/\\\/janze-athletisme.fr\\\/wordpress\\\/teddy-et-thibault-selectionnes-par-la-ligue-de-bretagne\\\/\"]}]},{\"@type\":\"ImageObject\",\"inLanguage\":\"fr-FR\",\"@id\":\"https:\\\/\\\/janze-athletisme.fr\\\/wordpress\\\/teddy-et-thibault-selectionnes-par-la-ligue-de-bretagne\\\/#primaryimage\",\"url\":\"https:\\\/\\\/janze-athletisme.fr\\\/wordpress\\\/wp-content\\\/uploads\\\/2022\\\/03\\\/Thibault-champion-BZH-penta-MIM-en-salle-5fev2022.jpg\",\"contentUrl\":\"https:\\\/\\\/janze-athletisme.fr\\\/wordpress\\\/wp-content\\\/uploads\\\/2022\\\/03\\\/Thibault-champion-BZH-penta-MIM-en-salle-5fev2022.jpg\",\"width\":543,\"height\":764},{\"@type\":\"BreadcrumbList\",\"@id\":\"https:\\\/\\\/janze-athletisme.fr\\\/wordpress\\\/teddy-et-thibault-selectionnes-par-la-ligue-de-bretagne\\\/#breadcrumb\",\"itemListElement\":[{\"@type\":\"ListItem\",\"position\":1,\"name\":\"Accueil\",\"item\":\"https:\\\/\\\/janze-athletisme.fr\\\/wordpress\\\/\"},{\"@type\":\"ListItem\",\"position\":2,\"name\":\"Teddy et Thibault s\u00e9lectionn\u00e9s par la Ligue de Bretagne\"}]},{\"@type\":\"WebSite\",\"@id\":\"https:\\\/\\\/janze-athletisme.fr\\\/wordpress\\\/#website\",\"url\":\"https:\\\/\\\/janze-athletisme.fr\\\/wordpress\\\/\",\"name\":\"Janz\u00e9 Athl\u00e9tisme\",\"description\":\"Pays de La Roche aux F\u00e9es\",\"publisher\":{\"@id\":\"https:\\\/\\\/janze-athletisme.fr\\\/wordpress\\\/#organization\"},\"potentialAction\":[{\"@type\":\"SearchAction\",\"target\":{\"@type\":\"EntryPoint\",\"urlTemplate\":\"https:\\\/\\\/janze-athletisme.fr\\\/wordpress\\\/?s={search_term_string}\"},\"query-input\":{\"@type\":\"PropertyValueSpecification\",\"valueRequired\":true,\"valueName\":\"search_term_string\"}}],\"inLanguage\":\"fr-FR\"},{\"@type\":\"Organization\",\"@id\":\"https:\\\/\\\/janze-athletisme.fr\\\/wordpress\\\/#organization\",\"name\":\"Janz\u00e9 Athl\u00e9tisme\",\"url\":\"https:\\\/\\\/janze-athletisme.fr\\\/wordpress\\\/\",\"logo\":{\"@type\":\"ImageObject\",\"inLanguage\":\"fr-FR\",\"@id\":\"https:\\\/\\\/janze-athletisme.fr\\\/wordpress\\\/#\\\/schema\\\/logo\\\/image\\\/\",\"url\":\"https:\\\/\\\/janze-athletisme.fr\\\/wordpress\\\/wp-content\\\/uploads\\\/2015\\\/03\\\/logo-full1.jpg\",\"contentUrl\":\"https:\\\/\\\/janze-athletisme.fr\\\/wordpress\\\/wp-content\\\/uploads\\\/2015\\\/03\\\/logo-full1.jpg\",\"width\":437,\"height\":205,\"caption\":\"Janz\u00e9 Athl\u00e9tisme\"},\"image\":{\"@id\":\"https:\\\/\\\/janze-athletisme.fr\\\/wordpress\\\/#\\\/schema\\\/logo\\\/image\\\/\"},\"sameAs\":[\"https:\\\/\\\/www.facebook.com\\\/groups\\\/1007964579346590\"]},{\"@type\":\"Person\",\"@id\":\"https:\\\/\\\/janze-athletisme.fr\\\/wordpress\\\/#\\\/schema\\\/person\\\/c7b063dcfa6234c041d4d9b26cc2ea03\",\"name\":\"Laurent Meunier\",\"image\":{\"@type\":\"ImageObject\",\"inLanguage\":\"fr-FR\",\"@id\":\"https:\\\/\\\/secure.gravatar.com\\\/avatar\\\/dd25d581ad7c3349090f2fa6a9adb6bfa287e6a5dd8a5216a092727cd8749034?s=96&d=mm&r=g\",\"url\":\"https:\\\/\\\/secure.gravatar.com\\\/avatar\\\/dd25d581ad7c3349090f2fa6a9adb6bfa287e6a5dd8a5216a092727cd8749034?s=96&d=mm&r=g\",\"contentUrl\":\"https:\\\/\\\/secure.gravatar.com\\\/avatar\\\/dd25d581ad7c3349090f2fa6a9adb6bfa287e6a5dd8a5216a092727cd8749034?s=96&d=mm&r=g\",\"caption\":\"Laurent Meunier\"},\"url\":\"https:\\\/\\\/janze-athletisme.fr\\\/wordpress\\\/author\\\/laurent-meunier35\\\/\"}]}<\/script>\n<!-- \/ Yoast SEO plugin. -->","yoast_head_json":{"title":"Teddy et Thibault s\u00e9lectionn\u00e9s par la Ligue de Bretagne - Janz\u00e9 Athl\u00e9tisme","robots":{"index":"index","follow":"follow","max-snippet":"max-snippet:-1","max-image-preview":"max-image-preview:large","max-video-preview":"max-video-preview:-1"},"canonical":"https:\/\/janze-athletisme.fr\/wordpress\/teddy-et-thibault-selectionnes-par-la-ligue-de-bretagne\/","og_locale":"fr_FR","og_type":"article","og_title":"Teddy et Thibault s\u00e9lectionn\u00e9s par la Ligue de Bretagne - Janz\u00e9 Athl\u00e9tisme","og_description":"Inter-Ligues minimes en salle le 20 mars Apr\u00e8s L\u00e9a (Th\u00e9odin) et Jules s\u00e9lectionn\u00e9s par le comit\u00e9 35 pour les R\u00e9gionaux de cross benjamins \u00e0 Pontivy, puis L\u00e9a (Robert), Faustine et Esteban s\u00e9lectionn\u00e9s par le m\u00eame comit\u00e9 35 pour les Pr\u00e9-France de cross minimes \u00e0 Eu, voici cette fois Teddy (sur 50m) et Thibault (sur Pentathlon) [&hellip;]","og_url":"https:\/\/janze-athletisme.fr\/wordpress\/teddy-et-thibault-selectionnes-par-la-ligue-de-bretagne\/","og_site_name":"Janz\u00e9 Athl\u00e9tisme","article_publisher":"https:\/\/www.facebook.com\/groups\/1007964579346590","article_published_time":"2022-03-12T19:29:32+00:00","article_modified_time":"2022-03-22T14:43:46+00:00","og_image":[{"width":543,"height":764,"url":"https:\/\/janze-athletisme.fr\/wordpress\/wp-content\/uploads\/2022\/03\/Thibault-champion-BZH-penta-MIM-en-salle-5fev2022.jpg","type":"image\/jpeg"}],"author":"Laurent Meunier","twitter_card":"summary_large_image","twitter_misc":{"\u00c9crit par":"Laurent Meunier","Dur\u00e9e de lecture estim\u00e9e":"1 minute"},"schema":{"@context":"https:\/\/schema.org","@graph":[{"@type":"Article","@id":"https:\/\/janze-athletisme.fr\/wordpress\/teddy-et-thibault-selectionnes-par-la-ligue-de-bretagne\/#article","isPartOf":{"@id":"https:\/\/janze-athletisme.fr\/wordpress\/teddy-et-thibault-selectionnes-par-la-ligue-de-bretagne\/"},"author":{"name":"Laurent Meunier","@id":"https:\/\/janze-athletisme.fr\/wordpress\/#\/schema\/person\/c7b063dcfa6234c041d4d9b26cc2ea03"},"headline":"Teddy et Thibault s\u00e9lectionn\u00e9s par la Ligue de Bretagne","datePublished":"2022-03-12T19:29:32+00:00","dateModified":"2022-03-22T14:43:46+00:00","mainEntityOfPage":{"@id":"https:\/\/janze-athletisme.fr\/wordpress\/teddy-et-thibault-selectionnes-par-la-ligue-de-bretagne\/"},"wordCount":192,"commentCount":0,"publisher":{"@id":"https:\/\/janze-athletisme.fr\/wordpress\/#organization"},"image":{"@id":"https:\/\/janze-athletisme.fr\/wordpress\/teddy-et-thibault-selectionnes-par-la-ligue-de-bretagne\/#primaryimage"},"thumbnailUrl":"https:\/\/janze-athletisme.fr\/wordpress\/wp-content\/uploads\/2022\/03\/Thibault-champion-BZH-penta-MIM-en-salle-5fev2022.jpg","articleSection":["Le club au jour le jour"],"inLanguage":"fr-FR","potentialAction":[{"@type":"CommentAction","name":"Comment","target":["https:\/\/janze-athletisme.fr\/wordpress\/teddy-et-thibault-selectionnes-par-la-ligue-de-bretagne\/#respond"]}]},{"@type":"WebPage","@id":"https:\/\/janze-athletisme.fr\/wordpress\/teddy-et-thibault-selectionnes-par-la-ligue-de-bretagne\/","url":"https:\/\/janze-athletisme.fr\/wordpress\/teddy-et-thibault-selectionnes-par-la-ligue-de-bretagne\/","name":"Teddy et Thibault s\u00e9lectionn\u00e9s par la Ligue de Bretagne - Janz\u00e9 Athl\u00e9tisme","isPartOf":{"@id":"https:\/\/janze-athletisme.fr\/wordpress\/#website"},"primaryImageOfPage":{"@id":"https:\/\/janze-athletisme.fr\/wordpress\/teddy-et-thibault-selectionnes-par-la-ligue-de-bretagne\/#primaryimage"},"image":{"@id":"https:\/\/janze-athletisme.fr\/wordpress\/teddy-et-thibault-selectionnes-par-la-ligue-de-bretagne\/#primaryimage"},"thumbnailUrl":"https:\/\/janze-athletisme.fr\/wordpress\/wp-content\/uploads\/2022\/03\/Thibault-champion-BZH-penta-MIM-en-salle-5fev2022.jpg","datePublished":"2022-03-12T19:29:32+00:00","dateModified":"2022-03-22T14:43:46+00:00","breadcrumb":{"@id":"https:\/\/janze-athletisme.fr\/wordpress\/teddy-et-thibault-selectionnes-par-la-ligue-de-bretagne\/#breadcrumb"},"inLanguage":"fr-FR","potentialAction":[{"@type":"ReadAction","target":["https:\/\/janze-athletisme.fr\/wordpress\/teddy-et-thibault-selectionnes-par-la-ligue-de-bretagne\/"]}]},{"@type":"ImageObject","inLanguage":"fr-FR","@id":"https:\/\/janze-athletisme.fr\/wordpress\/teddy-et-thibault-selectionnes-par-la-ligue-de-bretagne\/#primaryimage","url":"https:\/\/janze-athletisme.fr\/wordpress\/wp-content\/uploads\/2022\/03\/Thibault-champion-BZH-penta-MIM-en-salle-5fev2022.jpg","contentUrl":"https:\/\/janze-athletisme.fr\/wordpress\/wp-content\/uploads\/2022\/03\/Thibault-champion-BZH-penta-MIM-en-salle-5fev2022.jpg","width":543,"height":764},{"@type":"BreadcrumbList","@id":"https:\/\/janze-athletisme.fr\/wordpress\/teddy-et-thibault-selectionnes-par-la-ligue-de-bretagne\/#breadcrumb","itemListElement":[{"@type":"ListItem","position":1,"name":"Accueil","item":"https:\/\/janze-athletisme.fr\/wordpress\/"},{"@type":"ListItem","position":2,"name":"Teddy et Thibault s\u00e9lectionn\u00e9s par la Ligue de Bretagne"}]},{"@type":"WebSite","@id":"https:\/\/janze-athletisme.fr\/wordpress\/#website","url":"https:\/\/janze-athletisme.fr\/wordpress\/","name":"Janz\u00e9 Athl\u00e9tisme","description":"Pays de La Roche aux F\u00e9es","publisher":{"@id":"https:\/\/janze-athletisme.fr\/wordpress\/#organization"},"potentialAction":[{"@type":"SearchAction","target":{"@type":"EntryPoint","urlTemplate":"https:\/\/janze-athletisme.fr\/wordpress\/?s={search_term_string}"},"query-input":{"@type":"PropertyValueSpecification","valueRequired":true,"valueName":"search_term_string"}}],"inLanguage":"fr-FR"},{"@type":"Organization","@id":"https:\/\/janze-athletisme.fr\/wordpress\/#organization","name":"Janz\u00e9 Athl\u00e9tisme","url":"https:\/\/janze-athletisme.fr\/wordpress\/","logo":{"@type":"ImageObject","inLanguage":"fr-FR","@id":"https:\/\/janze-athletisme.fr\/wordpress\/#\/schema\/logo\/image\/","url":"https:\/\/janze-athletisme.fr\/wordpress\/wp-content\/uploads\/2015\/03\/logo-full1.jpg","contentUrl":"https:\/\/janze-athletisme.fr\/wordpress\/wp-content\/uploads\/2015\/03\/logo-full1.jpg","width":437,"height":205,"caption":"Janz\u00e9 Athl\u00e9tisme"},"image":{"@id":"https:\/\/janze-athletisme.fr\/wordpress\/#\/schema\/logo\/image\/"},"sameAs":["https:\/\/www.facebook.com\/groups\/1007964579346590"]},{"@type":"Person","@id":"https:\/\/janze-athletisme.fr\/wordpress\/#\/schema\/person\/c7b063dcfa6234c041d4d9b26cc2ea03","name":"Laurent Meunier","image":{"@type":"ImageObject","inLanguage":"fr-FR","@id":"https:\/\/secure.gravatar.com\/avatar\/dd25d581ad7c3349090f2fa6a9adb6bfa287e6a5dd8a5216a092727cd8749034?s=96&d=mm&r=g","url":"https:\/\/secure.gravatar.com\/avatar\/dd25d581ad7c3349090f2fa6a9adb6bfa287e6a5dd8a5216a092727cd8749034?s=96&d=mm&r=g","contentUrl":"https:\/\/secure.gravatar.com\/avatar\/dd25d581ad7c3349090f2fa6a9adb6bfa287e6a5dd8a5216a092727cd8749034?s=96&d=mm&r=g","caption":"Laurent Meunier"},"url":"https:\/\/janze-athletisme.fr\/wordpress\/author\/laurent-meunier35\/"}]}},"uagb_featured_image_src":{"full":["https:\/\/janze-athletisme.fr\/wordpress\/wp-content\/uploads\/2022\/03\/Thibault-champion-BZH-penta-MIM-en-salle-5fev2022.jpg",543,764,false],"thumbnail":["https:\/\/janze-athletisme.fr\/wordpress\/wp-content\/uploads\/2022\/03\/Thibault-champion-BZH-penta-MIM-en-salle-5fev2022-150x150.jpg",150,150,true],"medium":["https:\/\/janze-athletisme.fr\/wordpress\/wp-content\/uploads\/2022\/03\/Thibault-champion-BZH-penta-MIM-en-salle-5fev2022-213x300.jpg",213,300,true],"medium_large":["https:\/\/janze-athletisme.fr\/wordpress\/wp-content\/uploads\/2022\/03\/Thibault-champion-BZH-penta-MIM-en-salle-5fev2022.jpg",543,764,false],"large":["https:\/\/janze-athletisme.fr\/wordpress\/wp-content\/uploads\/2022\/03\/Thibault-champion-BZH-penta-MIM-en-salle-5fev2022.jpg",543,764,false],"1536x1536":["https:\/\/janze-athletisme.fr\/wordpress\/wp-content\/uploads\/2022\/03\/Thibault-champion-BZH-penta-MIM-en-salle-5fev2022.jpg",543,764,false],"2048x2048":["https:\/\/janze-athletisme.fr\/wordpress\/wp-content\/uploads\/2022\/03\/Thibault-champion-BZH-penta-MIM-en-salle-5fev2022.jpg",543,764,false]},"uagb_author_info":{"display_name":"Laurent Meunier","author_link":"https:\/\/janze-athletisme.fr\/wordpress\/author\/laurent-meunier35\/"},"uagb_comment_info":0,"uagb_excerpt":"Inter-Ligues minimes en salle le 20 mars Apr\u00e8s L\u00e9a (Th\u00e9odin) et Jules s\u00e9lectionn\u00e9s par le comit\u00e9 35 pour les R\u00e9gionaux de cross benjamins \u00e0 Pontivy, puis L\u00e9a (Robert), Faustine et Esteban s\u00e9lectionn\u00e9s par le m\u00eame comit\u00e9 35 pour les Pr\u00e9-France de cross minimes \u00e0 Eu, voici cette fois Teddy (sur 50m) et Thibault (sur Pentathlon)\u2026","_links":{"self":[{"href":"https:\/\/janze-athletisme.fr\/wordpress\/wp-json\/wp\/v2\/posts\/8859","targetHints":{"allow":["GET"]}}],"collection":[{"href":"https:\/\/janze-athletisme.fr\/wordpress\/wp-json\/wp\/v2\/posts"}],"about":[{"href":"https:\/\/janze-athletisme.fr\/wordpress\/wp-json\/wp\/v2\/types\/post"}],"author":[{"embeddable":true,"href":"https:\/\/janze-athletisme.fr\/wordpress\/wp-json\/wp\/v2\/users\/12"}],"replies":[{"embeddable":true,"href":"https:\/\/janze-athletisme.fr\/wordpress\/wp-json\/wp\/v2\/comments?post=8859"}],"version-history":[{"count":4,"href":"https:\/\/janze-athletisme.fr\/wordpress\/wp-json\/wp\/v2\/posts\/8859\/revisions"}],"predecessor-version":[{"id":8933,"href":"https:\/\/janze-athletisme.fr\/wordpress\/wp-json\/wp\/v2\/posts\/8859\/revisions\/8933"}],"wp:featuredmedia":[{"embeddable":true,"href":"https:\/\/janze-athletisme.fr\/wordpress\/wp-json\/wp\/v2\/media\/8860"}],"wp:attachment":[{"href":"https:\/\/janze-athletisme.fr\/wordpress\/wp-json\/wp\/v2\/media?parent=8859"}],"wp:term":[{"taxonomy":"category","embeddable":true,"href":"https:\/\/janze-athletisme.fr\/wordpress\/wp-json\/wp\/v2\/categories?post=8859"},{"taxonomy":"post_tag","embeddable":true,"href":"https:\/\/janze-athletisme.fr\/wordpress\/wp-json\/wp\/v2\/tags?post=8859"}],"curies":[{"name":"wp","href":"https:\/\/api.w.org\/{rel}","templated":true}]}}