{"id":8831,"date":"2022-03-08T14:22:11","date_gmt":"2022-03-08T13:22:11","guid":{"rendered":"https:\/\/janze-athletisme.fr\/wordpress\/?p=8831"},"modified":"2022-03-22T15:44:20","modified_gmt":"2022-03-22T14:44:20","slug":"les-jeunes-aventuriers-du-cross-sont-revenus-avec-lenvie-den-refaire","status":"publish","type":"post","link":"https:\/\/janze-athletisme.fr\/wordpress\/les-jeunes-aventuriers-du-cross-sont-revenus-avec-lenvie-den-refaire\/","title":{"rendered":"Les jeunes aventuriers du cross sont revenus avec l&rsquo;envie d&rsquo;en refaire"},"content":{"rendered":"<p><span style=\"font-size: 14pt;\"><strong>Championnat d\u00e9partemental de cross PO<\/strong><\/span><\/p>\n<p>Plus de 200 Poussins \/ Poussines du d\u00e9partement ont particip\u00e9 samedi 26, \u00e0 Foug\u00e8res, au championnat d&rsquo;Ille-et-Vilaine de cross des jeunes pousses. Parmi eux, 14 janz\u00e9en(ne)s, pour qui c&rsquo;\u00e9tait souvent le premier cross officiel.<\/p>\n<p>Voici le rendu \u00e0 chaud d&rsquo;Eric, GO des PO, qui a coordonn\u00e9 leur d\u00e9placement avec l&rsquo;aide pr\u00e9cieuse de parents accompagnateurs et covoitureurs (grand merci \u00e0 tous) :<\/p>\n<p>\u00ab\u00a0<em>Le cross s&rsquo;est bien pass\u00e9 aussi bien dans le d\u00e9placement que pendant.<\/em><\/p>\n<p><em>Le stress des parents \u00e9tait palpable : peu de parents ont particip\u00e9 dans leur jeunesse \u00e0 des cross, cela se voyait. C&rsquo;\u00e9tait sympa et en m\u00eame temps les parents \u00e9taient presque plus stress\u00e9s que leurs enfants.<\/em><\/p>\n<p><em>Au-del\u00e0 du classement, les enfants ont vraiment tout donn\u00e9, aussi bien les filles que les gar\u00e7ons. Et ils se sont bien encourag\u00e9s mutuellement, cela faisait plaisir \u00e0 voir.<\/em><\/p>\n<p><em>Le parcours \u00e9tait exigeant, avec de nombreux changements de d\u00e9nivel\u00e9. La tradition a \u00e9t\u00e9 respect\u00e9e : un enfant a perdu sa chaussure malgr\u00e9 le resserrement des lacets de rigueur avant le d\u00e9part.<\/em><\/p>\n<p><em>Le principal, c&rsquo;est que tous les enfants ont \u00e9t\u00e9 ravis d&rsquo;avoir particip\u00e9 \u00e0 cette aventure et qu&rsquo;ils ont h\u00e2te de remettre \u00e7a d\u00e8s que possible.<\/em><\/p>\n<p><em>Nous envisageons du coup un petit cross autour de l&rsquo;\u00e9tang du Gentieg, avant la fin avril, interne au club, pour donner envie au plus grand nombre, en impliquant aussi les \u00c9veils. Nous en reparlerons<\/em>.\u00a0\u00bb<\/p>\n<p>Le r\u00e9sultat des POM : <a href=\"https:\/\/www.vigilanteathlefougeres.com\/wp-content\/uploads\/2022\/03\/Resultats-Championnat-DEP-Cross-POM.pdf\">https:\/\/www.vigilanteathlefougeres.com\/wp-content\/uploads\/2022\/03\/Resultats-Championnat-DEP-Cross-POM.pdf<\/a><\/p>\n<p>Le r\u00e9sultat des POF : <a href=\"https:\/\/www.vigilanteathlefougeres.com\/wp-content\/uploads\/2022\/03\/Resultats-Championnat-DEP-Cross-POF.pdf\">https:\/\/www.vigilanteathlefougeres.com\/wp-content\/uploads\/2022\/03\/Resultats-Championnat-DEP-Cross-POF.pdf<\/a><\/p>\n<p>Plus de photos sur le site de la Vigilante (bravo au passage pour la super organisation !) : <a href=\"https:\/\/www.vigilanteathlefougeres.com\/championnat-departemet-de-cross-po-quel-succes\/\">https:\/\/www.vigilanteathlefougeres.com\/championnat-departemet-de-cross-po-quel-succes\/<\/a><\/p>\n<p><a href=\"https:\/\/janze-athletisme.fr\/wordpress\/wp-content\/uploads\/2022\/03\/IMG_20220305_102230.png\"><img loading=\"lazy\" decoding=\"async\" class=\"alignnone size-medium wp-image-8832\" src=\"https:\/\/janze-athletisme.fr\/wordpress\/wp-content\/uploads\/2022\/03\/IMG_20220305_102230-300x176.png\" alt=\"\" width=\"300\" height=\"176\" srcset=\"https:\/\/janze-athletisme.fr\/wordpress\/wp-content\/uploads\/2022\/03\/IMG_20220305_102230-300x176.png 300w, https:\/\/janze-athletisme.fr\/wordpress\/wp-content\/uploads\/2022\/03\/IMG_20220305_102230.png 617w\" sizes=\"auto, (max-width: 300px) 100vw, 300px\" \/><\/a>\u00a0 <a href=\"https:\/\/janze-athletisme.fr\/wordpress\/wp-content\/uploads\/2022\/03\/IMG_20220305_112827.png\"><img loading=\"lazy\" decoding=\"async\" class=\"alignnone size-medium wp-image-8833\" src=\"https:\/\/janze-athletisme.fr\/wordpress\/wp-content\/uploads\/2022\/03\/IMG_20220305_112827-300x152.png\" alt=\"\" width=\"300\" height=\"152\" srcset=\"https:\/\/janze-athletisme.fr\/wordpress\/wp-content\/uploads\/2022\/03\/IMG_20220305_112827-300x152.png 300w, https:\/\/janze-athletisme.fr\/wordpress\/wp-content\/uploads\/2022\/03\/IMG_20220305_112827.png 640w\" sizes=\"auto, (max-width: 300px) 100vw, 300px\" \/>\u00a0 \u00a0<\/a><\/p>\n<p><a href=\"https:\/\/janze-athletisme.fr\/wordpress\/wp-content\/uploads\/2022\/03\/DSC_0127-scaled-1.jpg\">\u00a0<img loading=\"lazy\" decoding=\"async\" class=\"alignnone size-medium wp-image-8834\" src=\"https:\/\/janze-athletisme.fr\/wordpress\/wp-content\/uploads\/2022\/03\/DSC_0127-scaled-1-300x201.jpg\" alt=\"\" width=\"300\" height=\"201\" srcset=\"https:\/\/janze-athletisme.fr\/wordpress\/wp-content\/uploads\/2022\/03\/DSC_0127-scaled-1-300x201.jpg 300w, https:\/\/janze-athletisme.fr\/wordpress\/wp-content\/uploads\/2022\/03\/DSC_0127-scaled-1-768x515.jpg 768w, https:\/\/janze-athletisme.fr\/wordpress\/wp-content\/uploads\/2022\/03\/DSC_0127-scaled-1.jpg 894w\" sizes=\"auto, (max-width: 300px) 100vw, 300px\" \/><\/a><a href=\"https:\/\/janze-athletisme.fr\/wordpress\/wp-content\/uploads\/2022\/03\/IMG_20220305_112827.png\"> \u00a0 <\/a><a href=\"https:\/\/janze-athletisme.fr\/wordpress\/wp-content\/uploads\/2022\/03\/IMG_20220305_104903.png\"><img loading=\"lazy\" decoding=\"async\" class=\"alignnone size-medium wp-image-8835\" src=\"https:\/\/janze-athletisme.fr\/wordpress\/wp-content\/uploads\/2022\/03\/IMG_20220305_104903-300x225.png\" alt=\"\" width=\"300\" height=\"225\" srcset=\"https:\/\/janze-athletisme.fr\/wordpress\/wp-content\/uploads\/2022\/03\/IMG_20220305_104903-300x225.png 300w, https:\/\/janze-athletisme.fr\/wordpress\/wp-content\/uploads\/2022\/03\/IMG_20220305_104903.png 640w\" sizes=\"auto, (max-width: 300px) 100vw, 300px\" \/>\u00a0\u00a0<\/a><\/p>\n<p><a href=\"https:\/\/janze-athletisme.fr\/wordpress\/wp-content\/uploads\/2022\/03\/IMG_20220305_104903.png\">\u00a0<\/a><a href=\"https:\/\/janze-athletisme.fr\/wordpress\/wp-content\/uploads\/2022\/03\/IMG_20220305_104934.png\"><img loading=\"lazy\" decoding=\"async\" class=\"alignnone size-medium wp-image-8836\" src=\"https:\/\/janze-athletisme.fr\/wordpress\/wp-content\/uploads\/2022\/03\/IMG_20220305_104934-300x225.png\" alt=\"\" width=\"300\" height=\"225\" srcset=\"https:\/\/janze-athletisme.fr\/wordpress\/wp-content\/uploads\/2022\/03\/IMG_20220305_104934-300x225.png 300w, https:\/\/janze-athletisme.fr\/wordpress\/wp-content\/uploads\/2022\/03\/IMG_20220305_104934.png 640w\" sizes=\"auto, (max-width: 300px) 100vw, 300px\" \/><\/a><a href=\"https:\/\/janze-athletisme.fr\/wordpress\/wp-content\/uploads\/2022\/03\/IMG_20220305_104903.png\"> \u00a0 <\/a><a href=\"https:\/\/janze-athletisme.fr\/wordpress\/wp-content\/uploads\/2022\/03\/IMG_20220305_110716.png\"><img loading=\"lazy\" decoding=\"async\" class=\"alignnone size-medium wp-image-8838\" src=\"https:\/\/janze-athletisme.fr\/wordpress\/wp-content\/uploads\/2022\/03\/IMG_20220305_110716-300x225.png\" alt=\"\" width=\"300\" height=\"225\" srcset=\"https:\/\/janze-athletisme.fr\/wordpress\/wp-content\/uploads\/2022\/03\/IMG_20220305_110716-300x225.png 300w, https:\/\/janze-athletisme.fr\/wordpress\/wp-content\/uploads\/2022\/03\/IMG_20220305_110716.png 640w\" sizes=\"auto, (max-width: 300px) 100vw, 300px\" \/> <\/a><\/p>\n<p><a href=\"https:\/\/janze-athletisme.fr\/wordpress\/wp-content\/uploads\/2022\/03\/IMG_20220305_110629.png\"><img loading=\"lazy\" decoding=\"async\" class=\"alignnone size-medium wp-image-8844\" src=\"https:\/\/janze-athletisme.fr\/wordpress\/wp-content\/uploads\/2022\/03\/IMG_20220305_110629-300x225.png\" alt=\"\" width=\"300\" height=\"225\" srcset=\"https:\/\/janze-athletisme.fr\/wordpress\/wp-content\/uploads\/2022\/03\/IMG_20220305_110629-300x225.png 300w, https:\/\/janze-athletisme.fr\/wordpress\/wp-content\/uploads\/2022\/03\/IMG_20220305_110629.png 640w\" sizes=\"auto, (max-width: 300px) 100vw, 300px\" \/><\/a><a href=\"https:\/\/janze-athletisme.fr\/wordpress\/wp-content\/uploads\/2022\/03\/DSC_0061.jpg\"> \u00a0 <img loading=\"lazy\" decoding=\"async\" class=\"alignnone size-medium wp-image-8845\" src=\"https:\/\/janze-athletisme.fr\/wordpress\/wp-content\/uploads\/2022\/03\/DSC_0061-300x201.jpg\" alt=\"\" width=\"300\" height=\"201\" srcset=\"https:\/\/janze-athletisme.fr\/wordpress\/wp-content\/uploads\/2022\/03\/DSC_0061-300x201.jpg 300w, https:\/\/janze-athletisme.fr\/wordpress\/wp-content\/uploads\/2022\/03\/DSC_0061-768x515.jpg 768w, https:\/\/janze-athletisme.fr\/wordpress\/wp-content\/uploads\/2022\/03\/DSC_0061.jpg 894w\" sizes=\"auto, (max-width: 300px) 100vw, 300px\" \/>\u00a0\u00a0<\/a><\/p>\n<p><a href=\"https:\/\/janze-athletisme.fr\/wordpress\/wp-content\/uploads\/2022\/03\/IMG_20220305_111708.png\"><img loading=\"lazy\" decoding=\"async\" class=\"alignnone size-medium wp-image-8846\" src=\"https:\/\/janze-athletisme.fr\/wordpress\/wp-content\/uploads\/2022\/03\/IMG_20220305_111708-300x225.png\" alt=\"\" width=\"300\" height=\"225\" srcset=\"https:\/\/janze-athletisme.fr\/wordpress\/wp-content\/uploads\/2022\/03\/IMG_20220305_111708-300x225.png 300w, https:\/\/janze-athletisme.fr\/wordpress\/wp-content\/uploads\/2022\/03\/IMG_20220305_111708.png 640w\" sizes=\"auto, (max-width: 300px) 100vw, 300px\" \/>\u00a0 <\/a><a href=\"https:\/\/janze-athletisme.fr\/wordpress\/wp-content\/uploads\/2022\/03\/IMG_20220305_111733.png\"><img loading=\"lazy\" decoding=\"async\" class=\"alignnone size-medium wp-image-8847\" src=\"https:\/\/janze-athletisme.fr\/wordpress\/wp-content\/uploads\/2022\/03\/IMG_20220305_111733-300x225.png\" alt=\"\" width=\"300\" height=\"225\" srcset=\"https:\/\/janze-athletisme.fr\/wordpress\/wp-content\/uploads\/2022\/03\/IMG_20220305_111733-300x225.png 300w, https:\/\/janze-athletisme.fr\/wordpress\/wp-content\/uploads\/2022\/03\/IMG_20220305_111733.png 640w\" sizes=\"auto, (max-width: 300px) 100vw, 300px\" \/><\/a><\/p>\n","protected":false},"excerpt":{"rendered":"<p>Championnat d\u00e9partemental de cross PO Plus de 200 Poussins \/ Poussines du d\u00e9partement ont particip\u00e9 samedi 26, \u00e0 Foug\u00e8res, au championnat d&rsquo;Ille-et-Vilaine de cross des jeunes pousses. Parmi eux, 14 janz\u00e9en(ne)s, pour qui c&rsquo;\u00e9tait souvent le premier cross officiel. Voici le rendu \u00e0 chaud d&rsquo;Eric, GO des PO, qui a coordonn\u00e9 leur d\u00e9placement avec l&rsquo;aide [&hellip;]<\/p>\n","protected":false},"author":12,"featured_media":8832,"comment_status":"open","ping_status":"open","sticky":false,"template":"","format":"aside","meta":{"_uag_custom_page_level_css":"","site-sidebar-layout":"default","site-content-layout":"default","ast-site-content-layout":"default","site-content-style":"default","site-sidebar-style":"default","ast-global-header-display":"","ast-banner-title-visibility":"","ast-main-header-display":"","ast-hfb-above-header-display":"","ast-hfb-below-header-display":"","ast-hfb-mobile-header-display":"","site-post-title":"","ast-breadcrumbs-content":"","ast-featured-img":"","footer-sml-layout":"","ast-disable-related-posts":"","theme-transparent-header-meta":"default","adv-header-id-meta":"","stick-header-meta":"","header-above-stick-meta":"","header-main-stick-meta":"","header-below-stick-meta":"","astra-migrate-meta-layouts":"default","ast-page-background-enabled":"default","ast-page-background-meta":{"desktop":{"background-color":"var(--ast-global-color-4)","background-image":"","background-repeat":"repeat","background-position":"center center","background-size":"auto","background-attachment":"scroll","background-type":"","background-media":"","overlay-type":"","overlay-color":"","overlay-opacity":"","overlay-gradient":""},"tablet":{"background-color":"","background-image":"","background-repeat":"repeat","background-position":"center center","background-size":"auto","background-attachment":"scroll","background-type":"","background-media":"","overlay-type":"","overlay-color":"","overlay-opacity":"","overlay-gradient":""},"mobile":{"background-color":"","background-image":"","background-repeat":"repeat","background-position":"center center","background-size":"auto","background-attachment":"scroll","background-type":"","background-media":"","overlay-type":"","overlay-color":"","overlay-opacity":"","overlay-gradient":""}},"ast-content-background-meta":{"desktop":{"background-color":"var(--ast-global-color-5)","background-image":"","background-repeat":"repeat","background-position":"center center","background-size":"auto","background-attachment":"scroll","background-type":"","background-media":"","overlay-type":"","overlay-color":"","overlay-opacity":"","overlay-gradient":""},"tablet":{"background-color":"var(--ast-global-color-5)","background-image":"","background-repeat":"repeat","background-position":"center center","background-size":"auto","background-attachment":"scroll","background-type":"","background-media":"","overlay-type":"","overlay-color":"","overlay-opacity":"","overlay-gradient":""},"mobile":{"background-color":"var(--ast-global-color-5)","background-image":"","background-repeat":"repeat","background-position":"center center","background-size":"auto","background-attachment":"scroll","background-type":"","background-media":"","overlay-type":"","overlay-color":"","overlay-opacity":"","overlay-gradient":""}},"footnotes":""},"categories":[6],"tags":[],"class_list":["post-8831","post","type-post","status-publish","format-aside","has-post-thumbnail","hentry","category-sections","post_format-post-format-aside"],"yoast_head":"<!-- This site is optimized with the Yoast SEO plugin v27.5 - https:\/\/yoast.com\/product\/yoast-seo-wordpress\/ -->\n<title>Les jeunes aventuriers du cross sont revenus avec l&#039;envie d&#039;en refaire - Janz\u00e9 Athl\u00e9tisme<\/title>\n<meta name=\"robots\" content=\"index, follow, max-snippet:-1, max-image-preview:large, max-video-preview:-1\" \/>\n<link rel=\"canonical\" href=\"https:\/\/janze-athletisme.fr\/wordpress\/les-jeunes-aventuriers-du-cross-sont-revenus-avec-lenvie-den-refaire\/\" \/>\n<meta property=\"og:locale\" content=\"fr_FR\" \/>\n<meta property=\"og:type\" content=\"article\" \/>\n<meta property=\"og:title\" content=\"Les jeunes aventuriers du cross sont revenus avec l&#039;envie d&#039;en refaire - Janz\u00e9 Athl\u00e9tisme\" \/>\n<meta property=\"og:description\" content=\"Championnat d\u00e9partemental de cross PO Plus de 200 Poussins \/ Poussines du d\u00e9partement ont particip\u00e9 samedi 26, \u00e0 Foug\u00e8res, au championnat d&rsquo;Ille-et-Vilaine de cross des jeunes pousses. Parmi eux, 14 janz\u00e9en(ne)s, pour qui c&rsquo;\u00e9tait souvent le premier cross officiel. Voici le rendu \u00e0 chaud d&rsquo;Eric, GO des PO, qui a coordonn\u00e9 leur d\u00e9placement avec l&rsquo;aide [&hellip;]\" \/>\n<meta property=\"og:url\" content=\"https:\/\/janze-athletisme.fr\/wordpress\/les-jeunes-aventuriers-du-cross-sont-revenus-avec-lenvie-den-refaire\/\" \/>\n<meta property=\"og:site_name\" content=\"Janz\u00e9 Athl\u00e9tisme\" \/>\n<meta property=\"article:publisher\" content=\"https:\/\/www.facebook.com\/groups\/1007964579346590\" \/>\n<meta property=\"article:published_time\" content=\"2022-03-08T13:22:11+00:00\" \/>\n<meta property=\"article:modified_time\" content=\"2022-03-22T14:44:20+00:00\" \/>\n<meta property=\"og:image\" content=\"https:\/\/janze-athletisme.fr\/wordpress\/wp-content\/uploads\/2022\/03\/IMG_20220305_102230.png\" \/>\n\t<meta property=\"og:image:width\" content=\"617\" \/>\n\t<meta property=\"og:image:height\" content=\"362\" \/>\n\t<meta property=\"og:image:type\" content=\"image\/png\" \/>\n<meta name=\"author\" content=\"Laurent Meunier\" \/>\n<meta name=\"twitter:card\" content=\"summary_large_image\" \/>\n<meta name=\"twitter:label1\" content=\"\u00c9crit par\" \/>\n\t<meta name=\"twitter:data1\" content=\"Laurent Meunier\" \/>\n\t<meta name=\"twitter:label2\" content=\"Dur\u00e9e de lecture estim\u00e9e\" \/>\n\t<meta name=\"twitter:data2\" content=\"1 minute\" \/>\n<script type=\"application\/ld+json\" class=\"yoast-schema-graph\">{\"@context\":\"https:\\\/\\\/schema.org\",\"@graph\":[{\"@type\":\"Article\",\"@id\":\"https:\\\/\\\/janze-athletisme.fr\\\/wordpress\\\/les-jeunes-aventuriers-du-cross-sont-revenus-avec-lenvie-den-refaire\\\/#article\",\"isPartOf\":{\"@id\":\"https:\\\/\\\/janze-athletisme.fr\\\/wordpress\\\/les-jeunes-aventuriers-du-cross-sont-revenus-avec-lenvie-den-refaire\\\/\"},\"author\":{\"name\":\"Laurent Meunier\",\"@id\":\"https:\\\/\\\/janze-athletisme.fr\\\/wordpress\\\/#\\\/schema\\\/person\\\/c7b063dcfa6234c041d4d9b26cc2ea03\"},\"headline\":\"Les jeunes aventuriers du cross sont revenus avec l&rsquo;envie d&rsquo;en refaire\",\"datePublished\":\"2022-03-08T13:22:11+00:00\",\"dateModified\":\"2022-03-22T14:44:20+00:00\",\"mainEntityOfPage\":{\"@id\":\"https:\\\/\\\/janze-athletisme.fr\\\/wordpress\\\/les-jeunes-aventuriers-du-cross-sont-revenus-avec-lenvie-den-refaire\\\/\"},\"wordCount\":308,\"commentCount\":0,\"publisher\":{\"@id\":\"https:\\\/\\\/janze-athletisme.fr\\\/wordpress\\\/#organization\"},\"image\":{\"@id\":\"https:\\\/\\\/janze-athletisme.fr\\\/wordpress\\\/les-jeunes-aventuriers-du-cross-sont-revenus-avec-lenvie-den-refaire\\\/#primaryimage\"},\"thumbnailUrl\":\"https:\\\/\\\/janze-athletisme.fr\\\/wordpress\\\/wp-content\\\/uploads\\\/2022\\\/03\\\/IMG_20220305_102230.png\",\"articleSection\":[\"Le club au jour le jour\"],\"inLanguage\":\"fr-FR\",\"potentialAction\":[{\"@type\":\"CommentAction\",\"name\":\"Comment\",\"target\":[\"https:\\\/\\\/janze-athletisme.fr\\\/wordpress\\\/les-jeunes-aventuriers-du-cross-sont-revenus-avec-lenvie-den-refaire\\\/#respond\"]}]},{\"@type\":\"WebPage\",\"@id\":\"https:\\\/\\\/janze-athletisme.fr\\\/wordpress\\\/les-jeunes-aventuriers-du-cross-sont-revenus-avec-lenvie-den-refaire\\\/\",\"url\":\"https:\\\/\\\/janze-athletisme.fr\\\/wordpress\\\/les-jeunes-aventuriers-du-cross-sont-revenus-avec-lenvie-den-refaire\\\/\",\"name\":\"Les jeunes aventuriers du cross sont revenus avec l'envie d'en refaire - Janz\u00e9 Athl\u00e9tisme\",\"isPartOf\":{\"@id\":\"https:\\\/\\\/janze-athletisme.fr\\\/wordpress\\\/#website\"},\"primaryImageOfPage\":{\"@id\":\"https:\\\/\\\/janze-athletisme.fr\\\/wordpress\\\/les-jeunes-aventuriers-du-cross-sont-revenus-avec-lenvie-den-refaire\\\/#primaryimage\"},\"image\":{\"@id\":\"https:\\\/\\\/janze-athletisme.fr\\\/wordpress\\\/les-jeunes-aventuriers-du-cross-sont-revenus-avec-lenvie-den-refaire\\\/#primaryimage\"},\"thumbnailUrl\":\"https:\\\/\\\/janze-athletisme.fr\\\/wordpress\\\/wp-content\\\/uploads\\\/2022\\\/03\\\/IMG_20220305_102230.png\",\"datePublished\":\"2022-03-08T13:22:11+00:00\",\"dateModified\":\"2022-03-22T14:44:20+00:00\",\"breadcrumb\":{\"@id\":\"https:\\\/\\\/janze-athletisme.fr\\\/wordpress\\\/les-jeunes-aventuriers-du-cross-sont-revenus-avec-lenvie-den-refaire\\\/#breadcrumb\"},\"inLanguage\":\"fr-FR\",\"potentialAction\":[{\"@type\":\"ReadAction\",\"target\":[\"https:\\\/\\\/janze-athletisme.fr\\\/wordpress\\\/les-jeunes-aventuriers-du-cross-sont-revenus-avec-lenvie-den-refaire\\\/\"]}]},{\"@type\":\"ImageObject\",\"inLanguage\":\"fr-FR\",\"@id\":\"https:\\\/\\\/janze-athletisme.fr\\\/wordpress\\\/les-jeunes-aventuriers-du-cross-sont-revenus-avec-lenvie-den-refaire\\\/#primaryimage\",\"url\":\"https:\\\/\\\/janze-athletisme.fr\\\/wordpress\\\/wp-content\\\/uploads\\\/2022\\\/03\\\/IMG_20220305_102230.png\",\"contentUrl\":\"https:\\\/\\\/janze-athletisme.fr\\\/wordpress\\\/wp-content\\\/uploads\\\/2022\\\/03\\\/IMG_20220305_102230.png\",\"width\":617,\"height\":362},{\"@type\":\"BreadcrumbList\",\"@id\":\"https:\\\/\\\/janze-athletisme.fr\\\/wordpress\\\/les-jeunes-aventuriers-du-cross-sont-revenus-avec-lenvie-den-refaire\\\/#breadcrumb\",\"itemListElement\":[{\"@type\":\"ListItem\",\"position\":1,\"name\":\"Accueil\",\"item\":\"https:\\\/\\\/janze-athletisme.fr\\\/wordpress\\\/\"},{\"@type\":\"ListItem\",\"position\":2,\"name\":\"Les jeunes aventuriers du cross sont revenus avec l&#8217;envie d&#8217;en refaire\"}]},{\"@type\":\"WebSite\",\"@id\":\"https:\\\/\\\/janze-athletisme.fr\\\/wordpress\\\/#website\",\"url\":\"https:\\\/\\\/janze-athletisme.fr\\\/wordpress\\\/\",\"name\":\"Janz\u00e9 Athl\u00e9tisme\",\"description\":\"Pays de La Roche aux F\u00e9es\",\"publisher\":{\"@id\":\"https:\\\/\\\/janze-athletisme.fr\\\/wordpress\\\/#organization\"},\"potentialAction\":[{\"@type\":\"SearchAction\",\"target\":{\"@type\":\"EntryPoint\",\"urlTemplate\":\"https:\\\/\\\/janze-athletisme.fr\\\/wordpress\\\/?s={search_term_string}\"},\"query-input\":{\"@type\":\"PropertyValueSpecification\",\"valueRequired\":true,\"valueName\":\"search_term_string\"}}],\"inLanguage\":\"fr-FR\"},{\"@type\":\"Organization\",\"@id\":\"https:\\\/\\\/janze-athletisme.fr\\\/wordpress\\\/#organization\",\"name\":\"Janz\u00e9 Athl\u00e9tisme\",\"url\":\"https:\\\/\\\/janze-athletisme.fr\\\/wordpress\\\/\",\"logo\":{\"@type\":\"ImageObject\",\"inLanguage\":\"fr-FR\",\"@id\":\"https:\\\/\\\/janze-athletisme.fr\\\/wordpress\\\/#\\\/schema\\\/logo\\\/image\\\/\",\"url\":\"https:\\\/\\\/janze-athletisme.fr\\\/wordpress\\\/wp-content\\\/uploads\\\/2015\\\/03\\\/logo-full1.jpg\",\"contentUrl\":\"https:\\\/\\\/janze-athletisme.fr\\\/wordpress\\\/wp-content\\\/uploads\\\/2015\\\/03\\\/logo-full1.jpg\",\"width\":437,\"height\":205,\"caption\":\"Janz\u00e9 Athl\u00e9tisme\"},\"image\":{\"@id\":\"https:\\\/\\\/janze-athletisme.fr\\\/wordpress\\\/#\\\/schema\\\/logo\\\/image\\\/\"},\"sameAs\":[\"https:\\\/\\\/www.facebook.com\\\/groups\\\/1007964579346590\"]},{\"@type\":\"Person\",\"@id\":\"https:\\\/\\\/janze-athletisme.fr\\\/wordpress\\\/#\\\/schema\\\/person\\\/c7b063dcfa6234c041d4d9b26cc2ea03\",\"name\":\"Laurent Meunier\",\"image\":{\"@type\":\"ImageObject\",\"inLanguage\":\"fr-FR\",\"@id\":\"https:\\\/\\\/secure.gravatar.com\\\/avatar\\\/dd25d581ad7c3349090f2fa6a9adb6bfa287e6a5dd8a5216a092727cd8749034?s=96&d=mm&r=g\",\"url\":\"https:\\\/\\\/secure.gravatar.com\\\/avatar\\\/dd25d581ad7c3349090f2fa6a9adb6bfa287e6a5dd8a5216a092727cd8749034?s=96&d=mm&r=g\",\"contentUrl\":\"https:\\\/\\\/secure.gravatar.com\\\/avatar\\\/dd25d581ad7c3349090f2fa6a9adb6bfa287e6a5dd8a5216a092727cd8749034?s=96&d=mm&r=g\",\"caption\":\"Laurent Meunier\"},\"url\":\"https:\\\/\\\/janze-athletisme.fr\\\/wordpress\\\/author\\\/laurent-meunier35\\\/\"}]}<\/script>\n<!-- \/ Yoast SEO plugin. -->","yoast_head_json":{"title":"Les jeunes aventuriers du cross sont revenus avec l'envie d'en refaire - Janz\u00e9 Athl\u00e9tisme","robots":{"index":"index","follow":"follow","max-snippet":"max-snippet:-1","max-image-preview":"max-image-preview:large","max-video-preview":"max-video-preview:-1"},"canonical":"https:\/\/janze-athletisme.fr\/wordpress\/les-jeunes-aventuriers-du-cross-sont-revenus-avec-lenvie-den-refaire\/","og_locale":"fr_FR","og_type":"article","og_title":"Les jeunes aventuriers du cross sont revenus avec l'envie d'en refaire - Janz\u00e9 Athl\u00e9tisme","og_description":"Championnat d\u00e9partemental de cross PO Plus de 200 Poussins \/ Poussines du d\u00e9partement ont particip\u00e9 samedi 26, \u00e0 Foug\u00e8res, au championnat d&rsquo;Ille-et-Vilaine de cross des jeunes pousses. Parmi eux, 14 janz\u00e9en(ne)s, pour qui c&rsquo;\u00e9tait souvent le premier cross officiel. Voici le rendu \u00e0 chaud d&rsquo;Eric, GO des PO, qui a coordonn\u00e9 leur d\u00e9placement avec l&rsquo;aide [&hellip;]","og_url":"https:\/\/janze-athletisme.fr\/wordpress\/les-jeunes-aventuriers-du-cross-sont-revenus-avec-lenvie-den-refaire\/","og_site_name":"Janz\u00e9 Athl\u00e9tisme","article_publisher":"https:\/\/www.facebook.com\/groups\/1007964579346590","article_published_time":"2022-03-08T13:22:11+00:00","article_modified_time":"2022-03-22T14:44:20+00:00","og_image":[{"width":617,"height":362,"url":"https:\/\/janze-athletisme.fr\/wordpress\/wp-content\/uploads\/2022\/03\/IMG_20220305_102230.png","type":"image\/png"}],"author":"Laurent Meunier","twitter_card":"summary_large_image","twitter_misc":{"\u00c9crit par":"Laurent Meunier","Dur\u00e9e de lecture estim\u00e9e":"1 minute"},"schema":{"@context":"https:\/\/schema.org","@graph":[{"@type":"Article","@id":"https:\/\/janze-athletisme.fr\/wordpress\/les-jeunes-aventuriers-du-cross-sont-revenus-avec-lenvie-den-refaire\/#article","isPartOf":{"@id":"https:\/\/janze-athletisme.fr\/wordpress\/les-jeunes-aventuriers-du-cross-sont-revenus-avec-lenvie-den-refaire\/"},"author":{"name":"Laurent Meunier","@id":"https:\/\/janze-athletisme.fr\/wordpress\/#\/schema\/person\/c7b063dcfa6234c041d4d9b26cc2ea03"},"headline":"Les jeunes aventuriers du cross sont revenus avec l&rsquo;envie d&rsquo;en refaire","datePublished":"2022-03-08T13:22:11+00:00","dateModified":"2022-03-22T14:44:20+00:00","mainEntityOfPage":{"@id":"https:\/\/janze-athletisme.fr\/wordpress\/les-jeunes-aventuriers-du-cross-sont-revenus-avec-lenvie-den-refaire\/"},"wordCount":308,"commentCount":0,"publisher":{"@id":"https:\/\/janze-athletisme.fr\/wordpress\/#organization"},"image":{"@id":"https:\/\/janze-athletisme.fr\/wordpress\/les-jeunes-aventuriers-du-cross-sont-revenus-avec-lenvie-den-refaire\/#primaryimage"},"thumbnailUrl":"https:\/\/janze-athletisme.fr\/wordpress\/wp-content\/uploads\/2022\/03\/IMG_20220305_102230.png","articleSection":["Le club au jour le jour"],"inLanguage":"fr-FR","potentialAction":[{"@type":"CommentAction","name":"Comment","target":["https:\/\/janze-athletisme.fr\/wordpress\/les-jeunes-aventuriers-du-cross-sont-revenus-avec-lenvie-den-refaire\/#respond"]}]},{"@type":"WebPage","@id":"https:\/\/janze-athletisme.fr\/wordpress\/les-jeunes-aventuriers-du-cross-sont-revenus-avec-lenvie-den-refaire\/","url":"https:\/\/janze-athletisme.fr\/wordpress\/les-jeunes-aventuriers-du-cross-sont-revenus-avec-lenvie-den-refaire\/","name":"Les jeunes aventuriers du cross sont revenus avec l'envie d'en refaire - Janz\u00e9 Athl\u00e9tisme","isPartOf":{"@id":"https:\/\/janze-athletisme.fr\/wordpress\/#website"},"primaryImageOfPage":{"@id":"https:\/\/janze-athletisme.fr\/wordpress\/les-jeunes-aventuriers-du-cross-sont-revenus-avec-lenvie-den-refaire\/#primaryimage"},"image":{"@id":"https:\/\/janze-athletisme.fr\/wordpress\/les-jeunes-aventuriers-du-cross-sont-revenus-avec-lenvie-den-refaire\/#primaryimage"},"thumbnailUrl":"https:\/\/janze-athletisme.fr\/wordpress\/wp-content\/uploads\/2022\/03\/IMG_20220305_102230.png","datePublished":"2022-03-08T13:22:11+00:00","dateModified":"2022-03-22T14:44:20+00:00","breadcrumb":{"@id":"https:\/\/janze-athletisme.fr\/wordpress\/les-jeunes-aventuriers-du-cross-sont-revenus-avec-lenvie-den-refaire\/#breadcrumb"},"inLanguage":"fr-FR","potentialAction":[{"@type":"ReadAction","target":["https:\/\/janze-athletisme.fr\/wordpress\/les-jeunes-aventuriers-du-cross-sont-revenus-avec-lenvie-den-refaire\/"]}]},{"@type":"ImageObject","inLanguage":"fr-FR","@id":"https:\/\/janze-athletisme.fr\/wordpress\/les-jeunes-aventuriers-du-cross-sont-revenus-avec-lenvie-den-refaire\/#primaryimage","url":"https:\/\/janze-athletisme.fr\/wordpress\/wp-content\/uploads\/2022\/03\/IMG_20220305_102230.png","contentUrl":"https:\/\/janze-athletisme.fr\/wordpress\/wp-content\/uploads\/2022\/03\/IMG_20220305_102230.png","width":617,"height":362},{"@type":"BreadcrumbList","@id":"https:\/\/janze-athletisme.fr\/wordpress\/les-jeunes-aventuriers-du-cross-sont-revenus-avec-lenvie-den-refaire\/#breadcrumb","itemListElement":[{"@type":"ListItem","position":1,"name":"Accueil","item":"https:\/\/janze-athletisme.fr\/wordpress\/"},{"@type":"ListItem","position":2,"name":"Les jeunes aventuriers du cross sont revenus avec l&#8217;envie d&#8217;en refaire"}]},{"@type":"WebSite","@id":"https:\/\/janze-athletisme.fr\/wordpress\/#website","url":"https:\/\/janze-athletisme.fr\/wordpress\/","name":"Janz\u00e9 Athl\u00e9tisme","description":"Pays de La Roche aux F\u00e9es","publisher":{"@id":"https:\/\/janze-athletisme.fr\/wordpress\/#organization"},"potentialAction":[{"@type":"SearchAction","target":{"@type":"EntryPoint","urlTemplate":"https:\/\/janze-athletisme.fr\/wordpress\/?s={search_term_string}"},"query-input":{"@type":"PropertyValueSpecification","valueRequired":true,"valueName":"search_term_string"}}],"inLanguage":"fr-FR"},{"@type":"Organization","@id":"https:\/\/janze-athletisme.fr\/wordpress\/#organization","name":"Janz\u00e9 Athl\u00e9tisme","url":"https:\/\/janze-athletisme.fr\/wordpress\/","logo":{"@type":"ImageObject","inLanguage":"fr-FR","@id":"https:\/\/janze-athletisme.fr\/wordpress\/#\/schema\/logo\/image\/","url":"https:\/\/janze-athletisme.fr\/wordpress\/wp-content\/uploads\/2015\/03\/logo-full1.jpg","contentUrl":"https:\/\/janze-athletisme.fr\/wordpress\/wp-content\/uploads\/2015\/03\/logo-full1.jpg","width":437,"height":205,"caption":"Janz\u00e9 Athl\u00e9tisme"},"image":{"@id":"https:\/\/janze-athletisme.fr\/wordpress\/#\/schema\/logo\/image\/"},"sameAs":["https:\/\/www.facebook.com\/groups\/1007964579346590"]},{"@type":"Person","@id":"https:\/\/janze-athletisme.fr\/wordpress\/#\/schema\/person\/c7b063dcfa6234c041d4d9b26cc2ea03","name":"Laurent Meunier","image":{"@type":"ImageObject","inLanguage":"fr-FR","@id":"https:\/\/secure.gravatar.com\/avatar\/dd25d581ad7c3349090f2fa6a9adb6bfa287e6a5dd8a5216a092727cd8749034?s=96&d=mm&r=g","url":"https:\/\/secure.gravatar.com\/avatar\/dd25d581ad7c3349090f2fa6a9adb6bfa287e6a5dd8a5216a092727cd8749034?s=96&d=mm&r=g","contentUrl":"https:\/\/secure.gravatar.com\/avatar\/dd25d581ad7c3349090f2fa6a9adb6bfa287e6a5dd8a5216a092727cd8749034?s=96&d=mm&r=g","caption":"Laurent Meunier"},"url":"https:\/\/janze-athletisme.fr\/wordpress\/author\/laurent-meunier35\/"}]}},"uagb_featured_image_src":{"full":["https:\/\/janze-athletisme.fr\/wordpress\/wp-content\/uploads\/2022\/03\/IMG_20220305_102230.png",617,362,false],"thumbnail":["https:\/\/janze-athletisme.fr\/wordpress\/wp-content\/uploads\/2022\/03\/IMG_20220305_102230-150x150.png",150,150,true],"medium":["https:\/\/janze-athletisme.fr\/wordpress\/wp-content\/uploads\/2022\/03\/IMG_20220305_102230-300x176.png",300,176,true],"medium_large":["https:\/\/janze-athletisme.fr\/wordpress\/wp-content\/uploads\/2022\/03\/IMG_20220305_102230.png",617,362,false],"large":["https:\/\/janze-athletisme.fr\/wordpress\/wp-content\/uploads\/2022\/03\/IMG_20220305_102230.png",617,362,false],"1536x1536":["https:\/\/janze-athletisme.fr\/wordpress\/wp-content\/uploads\/2022\/03\/IMG_20220305_102230.png",617,362,false],"2048x2048":["https:\/\/janze-athletisme.fr\/wordpress\/wp-content\/uploads\/2022\/03\/IMG_20220305_102230.png",617,362,false]},"uagb_author_info":{"display_name":"Laurent Meunier","author_link":"https:\/\/janze-athletisme.fr\/wordpress\/author\/laurent-meunier35\/"},"uagb_comment_info":0,"uagb_excerpt":"Championnat d\u00e9partemental de cross PO Plus de 200 Poussins \/ Poussines du d\u00e9partement ont particip\u00e9 samedi 26, \u00e0 Foug\u00e8res, au championnat d&rsquo;Ille-et-Vilaine de cross des jeunes pousses. Parmi eux, 14 janz\u00e9en(ne)s, pour qui c&rsquo;\u00e9tait souvent le premier cross officiel. Voici le rendu \u00e0 chaud d&rsquo;Eric, GO des PO, qui a coordonn\u00e9 leur d\u00e9placement avec l&rsquo;aide\u2026","_links":{"self":[{"href":"https:\/\/janze-athletisme.fr\/wordpress\/wp-json\/wp\/v2\/posts\/8831","targetHints":{"allow":["GET"]}}],"collection":[{"href":"https:\/\/janze-athletisme.fr\/wordpress\/wp-json\/wp\/v2\/posts"}],"about":[{"href":"https:\/\/janze-athletisme.fr\/wordpress\/wp-json\/wp\/v2\/types\/post"}],"author":[{"embeddable":true,"href":"https:\/\/janze-athletisme.fr\/wordpress\/wp-json\/wp\/v2\/users\/12"}],"replies":[{"embeddable":true,"href":"https:\/\/janze-athletisme.fr\/wordpress\/wp-json\/wp\/v2\/comments?post=8831"}],"version-history":[{"count":8,"href":"https:\/\/janze-athletisme.fr\/wordpress\/wp-json\/wp\/v2\/posts\/8831\/revisions"}],"predecessor-version":[{"id":8934,"href":"https:\/\/janze-athletisme.fr\/wordpress\/wp-json\/wp\/v2\/posts\/8831\/revisions\/8934"}],"wp:featuredmedia":[{"embeddable":true,"href":"https:\/\/janze-athletisme.fr\/wordpress\/wp-json\/wp\/v2\/media\/8832"}],"wp:attachment":[{"href":"https:\/\/janze-athletisme.fr\/wordpress\/wp-json\/wp\/v2\/media?parent=8831"}],"wp:term":[{"taxonomy":"category","embeddable":true,"href":"https:\/\/janze-athletisme.fr\/wordpress\/wp-json\/wp\/v2\/categories?post=8831"},{"taxonomy":"post_tag","embeddable":true,"href":"https:\/\/janze-athletisme.fr\/wordpress\/wp-json\/wp\/v2\/tags?post=8831"}],"curies":[{"name":"wp","href":"https:\/\/api.w.org\/{rel}","templated":true}]}}