{"id":8822,"date":"2022-03-08T10:57:43","date_gmt":"2022-03-08T09:57:43","guid":{"rendered":"https:\/\/janze-athletisme.fr\/wordpress\/?p=8822"},"modified":"2022-03-08T10:57:43","modified_gmt":"2022-03-08T09:57:43","slug":"marche-nordique-des-terres-noires","status":"publish","type":"post","link":"https:\/\/janze-athletisme.fr\/wordpress\/marche-nordique-des-terres-noires\/","title":{"rendered":"MARCHE NORDIQUE DES TERRES NOIRES"},"content":{"rendered":"<p>Le 8 janvier \u00a0l\u2019ACLR et l\u2019ACPA de La Roche sur Yon organisaient un challenge de marche nordique Vend\u00e9e. Notre club \u00e9tait repr\u00e9sent\u00e9 par Philippe Chevalier.\u00a0 \u00ab\u00a0Janz\u00e9 sur le podium masculin et quelques photos pour le temps !\u00a0\u00bb<\/p>\n<table style=\"border-collapse: collapse; width: 95.8141%; height: 383px;\">\n<tbody>\n<tr style=\"height: 15.0pt;\">\n<td class=\"xl65\" style=\"height: 15pt; width: 1.43386%;\" width=\"83\" height=\"20\"><\/td>\n<td class=\"xl65\" style=\"height: 15pt; width: 16.438%;\" width=\"83\" height=\"20\">\n<div style=\"box-sizing: border-box !important; line-height: 1em;\">Classement<\/div>\n<\/td>\n<td class=\"xl65\" style=\"width: 8.88426%;\" width=\"83\">\n<div style=\"box-sizing: border-box !important; line-height: 1em;\">Dossard<\/div>\n<\/td>\n<td class=\"xl65\" style=\"width: 19.6281%;\" width=\"83\">\n<div style=\"box-sizing: border-box !important; line-height: 1em;\">Nom Pr\u00e9nom<\/div>\n<\/td>\n<td class=\"xl65\" style=\"width: 10.8471%;\" width=\"83\">\n<div style=\"box-sizing: border-box !important; line-height: 1em;\">Ann\u00e9e<\/div>\n<\/td>\n<td class=\"xl65\" style=\"width: 7.54137%;\" width=\"83\">\n<div style=\"box-sizing: border-box !important; line-height: 1em;\">Sexe<\/div>\n<\/td>\n<td class=\"xl65\" style=\"width: 15.4958%;\" width=\"83\">\n<div style=\"box-sizing: border-box !important; line-height: 1em;\">Cat\u00e9gorie<\/div>\n<\/td>\n<td class=\"xl65\" style=\"width: 22.0041%;\" width=\"83\">\n<div style=\"box-sizing: border-box !important; line-height: 1em;\">Club<\/div>\n<\/td>\n<td class=\"xl65\" style=\"width: 9.81405%;\" width=\"83\">\n<div style=\"box-sizing: border-box !important; line-height: 1em;\">Temps<\/div>\n<\/td>\n<\/tr>\n<tr style=\"height: 34.8pt; box-sizing: border-box !important; cursor: pointer;\" role=\"row\">\n<td class=\"xl64\" style=\"height: 34.8pt; width: 1.43386%; border-top-style: initial; border-right-style: initial; border-left-style: initial; border-top-color: initial; border-right-color: initial; border-left-color: initial; border-image: initial; box-sizing: border-box !important;\" width=\"83\" height=\"46\"><\/td>\n<td class=\"xl65\" style=\"width: 16.438%; border-top-style: initial; border-right-style: initial; border-left-style: initial; border-top-color: initial; border-right-color: initial; border-left-color: initial; border-image: initial; box-sizing: border-box !important;\" width=\"83\">1.<\/td>\n<td class=\"xl65\" style=\"width: 8.88426%; border-top-style: initial; border-right-style: initial; border-left-style: initial; border-top-color: initial; border-right-color: initial; border-left-color: initial; border-image: initial; box-sizing: border-box !important;\" width=\"83\">23<\/td>\n<td class=\"xl65\" style=\"width: 19.6281%; border-top-style: initial; border-right-style: initial; border-left-style: initial; border-top-color: initial; border-right-color: initial; border-left-color: initial; border-image: initial; box-sizing: border-box !important;\" width=\"83\">Morin, Yvon<\/td>\n<td class=\"xl65\" style=\"width: 10.8471%; border-top-style: initial; border-right-style: initial; border-left-style: initial; border-top-color: initial; border-right-color: initial; border-left-color: initial; border-image: initial; box-sizing: border-box !important;\" width=\"83\">1962<\/td>\n<td class=\"xl65\" style=\"width: 7.54137%; border-top-style: initial; border-right-style: initial; border-left-style: initial; border-top-color: initial; border-right-color: initial; border-left-color: initial; border-image: initial; box-sizing: border-box !important;\" width=\"83\">M<\/td>\n<td class=\"xl65\" style=\"width: 15.4958%; border-top-style: initial; border-right-style: initial; border-left-style: initial; border-top-color: initial; border-right-color: initial; border-left-color: initial; border-image: initial; box-sizing: border-box !important;\" width=\"83\">Masters 5<\/td>\n<td class=\"xl65\" style=\"width: 22.0041%; border-top-style: initial; border-right-style: initial; border-left-style: initial; border-top-color: initial; border-right-color: initial; border-left-color: initial; border-image: initial; box-sizing: border-box !important;\" width=\"83\">S\/L union sportive bainaise<\/td>\n<td class=\"xl66\" style=\"width: 9.81405%; border-top-style: initial; border-right-style: initial; border-left-style: initial; border-top-color: initial; border-right-color: initial; border-left-color: initial; border-image: initial; box-sizing: border-box !important;\" width=\"83\">19:21,0<\/td>\n<\/tr>\n<tr style=\"height: 34.8pt; box-sizing: border-box !important; cursor: pointer;\" role=\"row\">\n<td class=\"xl64\" style=\"height: 34.8pt; width: 1.43386%; border-top-style: initial; border-right-style: initial; border-left-style: initial; border-top-color: initial; border-right-color: initial; border-left-color: initial; border-image: initial; box-sizing: border-box !important;\" width=\"83\" height=\"46\"><\/td>\n<td class=\"xl65\" style=\"width: 16.438%; border-top-style: initial; border-right-style: initial; border-left-style: initial; border-top-color: initial; border-right-color: initial; border-left-color: initial; border-image: initial; box-sizing: border-box !important;\" width=\"83\">2.<\/td>\n<td class=\"xl65\" style=\"width: 8.88426%; border-top-style: initial; border-right-style: initial; border-left-style: initial; border-top-color: initial; border-right-color: initial; border-left-color: initial; border-image: initial; box-sizing: border-box !important;\" width=\"83\">80<\/td>\n<td class=\"xl65\" style=\"width: 19.6281%; border-top-style: initial; border-right-style: initial; border-left-style: initial; border-top-color: initial; border-right-color: initial; border-left-color: initial; border-image: initial; box-sizing: border-box !important;\" width=\"83\">Brochard, Patrice<\/td>\n<td class=\"xl65\" style=\"width: 10.8471%; border-top-style: initial; border-right-style: initial; border-left-style: initial; border-top-color: initial; border-right-color: initial; border-left-color: initial; border-image: initial; box-sizing: border-box !important;\" width=\"83\">1974<\/td>\n<td class=\"xl65\" style=\"width: 7.54137%; border-top-style: initial; border-right-style: initial; border-left-style: initial; border-top-color: initial; border-right-color: initial; border-left-color: initial; border-image: initial; box-sizing: border-box !important;\" width=\"83\">M<\/td>\n<td class=\"xl65\" style=\"width: 15.4958%; border-top-style: initial; border-right-style: initial; border-left-style: initial; border-top-color: initial; border-right-color: initial; border-left-color: initial; border-image: initial; box-sizing: border-box !important;\" width=\"83\">Masters 2<\/td>\n<td class=\"xl65\" style=\"width: 22.0041%; border-top-style: initial; border-right-style: initial; border-left-style: initial; border-top-color: initial; border-right-color: initial; border-left-color: initial; border-image: initial; box-sizing: border-box !important;\" width=\"83\">S\/L Athletic Club Pays des Achards<\/td>\n<td class=\"xl66\" style=\"width: 9.81405%; border-top-style: initial; border-right-style: initial; border-left-style: initial; border-top-color: initial; border-right-color: initial; border-left-color: initial; border-image: initial; box-sizing: border-box !important;\" width=\"83\">19:26,0<\/td>\n<\/tr>\n<tr style=\"height: 24.6pt; box-sizing: border-box !important; cursor: pointer;\" role=\"row\">\n<td class=\"xl67\" style=\"height: 24.6pt; width: 1.43386%; border-top-style: initial; border-right-style: initial; border-left-style: initial; border-top-color: initial; border-right-color: initial; border-left-color: initial; border-image: initial; box-sizing: border-box !important;\" width=\"83\" height=\"33\"><\/td>\n<td class=\"xl68\" style=\"width: 16.438%; border-top-style: initial; border-right-style: initial; border-left-style: initial; border-top-color: initial; border-right-color: initial; border-left-color: initial; border-image: initial; box-sizing: border-box !important;\" width=\"83\">3.<\/td>\n<td class=\"xl68\" style=\"width: 8.88426%; border-top-style: initial; border-right-style: initial; border-left-style: initial; border-top-color: initial; border-right-color: initial; border-left-color: initial; border-image: initial; box-sizing: border-box !important;\" width=\"83\">40<\/td>\n<td class=\"xl68\" style=\"width: 19.6281%; border-top-style: initial; border-right-style: initial; border-left-style: initial; border-top-color: initial; border-right-color: initial; border-left-color: initial; border-image: initial; box-sizing: border-box !important;\" width=\"83\">Chevalier, Philippe<\/td>\n<td class=\"xl68\" style=\"width: 10.8471%; border-top-style: initial; border-right-style: initial; border-left-style: initial; border-top-color: initial; border-right-color: initial; border-left-color: initial; border-image: initial; box-sizing: border-box !important;\" width=\"83\">1971<\/td>\n<td class=\"xl68\" style=\"width: 7.54137%; border-top-style: initial; border-right-style: initial; border-left-style: initial; border-top-color: initial; border-right-color: initial; border-left-color: initial; border-image: initial; box-sizing: border-box !important;\" width=\"83\">M<\/td>\n<td class=\"xl68\" style=\"width: 15.4958%; border-top-style: initial; border-right-style: initial; border-left-style: initial; border-top-color: initial; border-right-color: initial; border-left-color: initial; border-image: initial; box-sizing: border-box !important;\" width=\"83\">Masters 3<\/td>\n<td class=\"xl68\" style=\"width: 22.0041%; border-top-style: initial; border-right-style: initial; border-left-style: initial; border-top-color: initial; border-right-color: initial; border-left-color: initial; border-image: initial; box-sizing: border-box !important;\" width=\"83\">S\/L JANZE ATHLETISME<\/td>\n<td class=\"xl69\" style=\"width: 9.81405%; border-top-style: initial; border-right-style: initial; border-left-style: initial; border-top-color: initial; border-right-color: initial; border-left-color: initial; border-image: initial; box-sizing: border-box !important;\" width=\"83\">20:14,0<\/td>\n<\/tr>\n<tr style=\"height: 23.4pt; box-sizing: border-box !important; cursor: pointer;\" role=\"row\">\n<td class=\"xl64\" style=\"height: 23.4pt; width: 1.43386%; border-top-style: initial; border-right-style: initial; border-left-style: initial; border-top-color: initial; border-right-color: initial; border-left-color: initial; border-image: initial; box-sizing: border-box !important;\" width=\"83\" height=\"31\"><\/td>\n<td class=\"xl65\" style=\"width: 16.438%; border-top-style: initial; border-right-style: initial; border-left-style: initial; border-top-color: initial; border-right-color: initial; border-left-color: initial; border-image: initial; box-sizing: border-box !important;\" width=\"83\">4.<\/td>\n<td class=\"xl65\" style=\"width: 8.88426%; border-top-style: initial; border-right-style: initial; border-left-style: initial; border-top-color: initial; border-right-color: initial; border-left-color: initial; border-image: initial; box-sizing: border-box !important;\" width=\"83\">92<\/td>\n<td class=\"xl65\" style=\"width: 19.6281%; border-top-style: initial; border-right-style: initial; border-left-style: initial; border-top-color: initial; border-right-color: initial; border-left-color: initial; border-image: initial; box-sizing: border-box !important;\" width=\"83\">Audouit, Serge<\/td>\n<td class=\"xl65\" style=\"width: 10.8471%; border-top-style: initial; border-right-style: initial; border-left-style: initial; border-top-color: initial; border-right-color: initial; border-left-color: initial; border-image: initial; box-sizing: border-box !important;\" width=\"83\">1957<\/td>\n<td class=\"xl65\" style=\"width: 7.54137%; border-top-style: initial; border-right-style: initial; border-left-style: initial; border-top-color: initial; border-right-color: initial; border-left-color: initial; border-image: initial; box-sizing: border-box !important;\" width=\"83\">M<\/td>\n<td class=\"xl65\" style=\"width: 15.4958%; border-top-style: initial; border-right-style: initial; border-left-style: initial; border-top-color: initial; border-right-color: initial; border-left-color: initial; border-image: initial; box-sizing: border-box !important;\" width=\"83\">Masters 6<\/td>\n<td class=\"xl65\" style=\"width: 22.0041%; border-top-style: initial; border-right-style: initial; border-left-style: initial; border-top-color: initial; border-right-color: initial; border-left-color: initial; border-image: initial; box-sizing: border-box !important;\" width=\"83\">ESM CHALLANS<\/td>\n<td class=\"xl66\" style=\"width: 9.81405%; border-top-style: initial; border-right-style: initial; border-left-style: initial; border-top-color: initial; border-right-color: initial; border-left-color: initial; border-image: initial; box-sizing: border-box !important;\" width=\"83\">21:25,0<\/td>\n<\/tr>\n<\/tbody>\n<\/table>\n<p><a href=\"https:\/\/janze-athletisme.fr\/wordpress\/wp-content\/uploads\/2022\/03\/PH1.jpg\"><img loading=\"lazy\" decoding=\"async\" class=\"alignnone size-medium wp-image-8821\" src=\"https:\/\/janze-athletisme.fr\/wordpress\/wp-content\/uploads\/2022\/03\/PH1-262x300.jpg\" alt=\"\" width=\"262\" height=\"300\" srcset=\"https:\/\/janze-athletisme.fr\/wordpress\/wp-content\/uploads\/2022\/03\/PH1-262x300.jpg 262w, https:\/\/janze-athletisme.fr\/wordpress\/wp-content\/uploads\/2022\/03\/PH1-893x1024.jpg 893w, https:\/\/janze-athletisme.fr\/wordpress\/wp-content\/uploads\/2022\/03\/PH1-768x881.jpg 768w, https:\/\/janze-athletisme.fr\/wordpress\/wp-content\/uploads\/2022\/03\/PH1-1339x1536.jpg 1339w, https:\/\/janze-athletisme.fr\/wordpress\/wp-content\/uploads\/2022\/03\/PH1.jpg 1366w\" sizes=\"auto, (max-width: 262px) 100vw, 262px\" \/><\/a> <a href=\"https:\/\/janze-athletisme.fr\/wordpress\/wp-content\/uploads\/2022\/03\/PH2.jpg\"><img loading=\"lazy\" decoding=\"async\" class=\"alignnone size-medium wp-image-8820\" src=\"https:\/\/janze-athletisme.fr\/wordpress\/wp-content\/uploads\/2022\/03\/PH2-300x236.jpg\" alt=\"\" width=\"300\" height=\"236\" srcset=\"https:\/\/janze-athletisme.fr\/wordpress\/wp-content\/uploads\/2022\/03\/PH2-300x236.jpg 300w, https:\/\/janze-athletisme.fr\/wordpress\/wp-content\/uploads\/2022\/03\/PH2-1024x805.jpg 1024w, https:\/\/janze-athletisme.fr\/wordpress\/wp-content\/uploads\/2022\/03\/PH2-768x604.jpg 768w, https:\/\/janze-athletisme.fr\/wordpress\/wp-content\/uploads\/2022\/03\/PH2-1536x1207.jpg 1536w, https:\/\/janze-athletisme.fr\/wordpress\/wp-content\/uploads\/2022\/03\/PH2-2048x1610.jpg 2048w\" sizes=\"auto, (max-width: 300px) 100vw, 300px\" \/><\/a><\/p>\n","protected":false},"excerpt":{"rendered":"<p>Le 8 janvier \u00a0l\u2019ACLR et l\u2019ACPA de La Roche sur Yon organisaient un challenge de marche nordique Vend\u00e9e. Notre club \u00e9tait repr\u00e9sent\u00e9 par Philippe Chevalier.\u00a0 \u00ab\u00a0Janz\u00e9 sur le podium masculin et quelques photos pour le temps !\u00a0\u00bb Classement Dossard Nom Pr\u00e9nom Ann\u00e9e Sexe Cat\u00e9gorie Club Temps 1. 23 Morin, Yvon 1962 M Masters 5 S\/L [&hellip;]<\/p>\n","protected":false},"author":6,"featured_media":8820,"comment_status":"open","ping_status":"open","sticky":false,"template":"","format":"image","meta":{"_uag_custom_page_level_css":"","site-sidebar-layout":"default","site-content-layout":"default","ast-site-content-layout":"default","site-content-style":"default","site-sidebar-style":"default","ast-global-header-display":"","ast-banner-title-visibility":"","ast-main-header-display":"","ast-hfb-above-header-display":"","ast-hfb-below-header-display":"","ast-hfb-mobile-header-display":"","site-post-title":"","ast-breadcrumbs-content":"","ast-featured-img":"","footer-sml-layout":"","ast-disable-related-posts":"","theme-transparent-header-meta":"default","adv-header-id-meta":"","stick-header-meta":"","header-above-stick-meta":"","header-main-stick-meta":"","header-below-stick-meta":"","astra-migrate-meta-layouts":"default","ast-page-background-enabled":"default","ast-page-background-meta":{"desktop":{"background-color":"var(--ast-global-color-4)","background-image":"","background-repeat":"repeat","background-position":"center center","background-size":"auto","background-attachment":"scroll","background-type":"","background-media":"","overlay-type":"","overlay-color":"","overlay-opacity":"","overlay-gradient":""},"tablet":{"background-color":"","background-image":"","background-repeat":"repeat","background-position":"center center","background-size":"auto","background-attachment":"scroll","background-type":"","background-media":"","overlay-type":"","overlay-color":"","overlay-opacity":"","overlay-gradient":""},"mobile":{"background-color":"","background-image":"","background-repeat":"repeat","background-position":"center center","background-size":"auto","background-attachment":"scroll","background-type":"","background-media":"","overlay-type":"","overlay-color":"","overlay-opacity":"","overlay-gradient":""}},"ast-content-background-meta":{"desktop":{"background-color":"var(--ast-global-color-5)","background-image":"","background-repeat":"repeat","background-position":"center center","background-size":"auto","background-attachment":"scroll","background-type":"","background-media":"","overlay-type":"","overlay-color":"","overlay-opacity":"","overlay-gradient":""},"tablet":{"background-color":"var(--ast-global-color-5)","background-image":"","background-repeat":"repeat","background-position":"center center","background-size":"auto","background-attachment":"scroll","background-type":"","background-media":"","overlay-type":"","overlay-color":"","overlay-opacity":"","overlay-gradient":""},"mobile":{"background-color":"var(--ast-global-color-5)","background-image":"","background-repeat":"repeat","background-position":"center center","background-size":"auto","background-attachment":"scroll","background-type":"","background-media":"","overlay-type":"","overlay-color":"","overlay-opacity":"","overlay-gradient":""}},"footnotes":""},"categories":[6,14],"tags":[],"class_list":["post-8822","post","type-post","status-publish","format-image","has-post-thumbnail","hentry","category-sections","category-marche-nordique","post_format-post-format-image"],"yoast_head":"<!-- This site is optimized with the Yoast SEO plugin v27.5 - https:\/\/yoast.com\/product\/yoast-seo-wordpress\/ -->\n<title>MARCHE NORDIQUE DES TERRES NOIRES - Janz\u00e9 Athl\u00e9tisme<\/title>\n<meta name=\"robots\" content=\"index, follow, max-snippet:-1, max-image-preview:large, max-video-preview:-1\" \/>\n<link rel=\"canonical\" href=\"https:\/\/janze-athletisme.fr\/wordpress\/marche-nordique-des-terres-noires\/\" \/>\n<meta property=\"og:locale\" content=\"fr_FR\" \/>\n<meta property=\"og:type\" content=\"article\" \/>\n<meta property=\"og:title\" content=\"MARCHE NORDIQUE DES TERRES NOIRES - Janz\u00e9 Athl\u00e9tisme\" \/>\n<meta property=\"og:description\" content=\"Le 8 janvier \u00a0l\u2019ACLR et l\u2019ACPA de La Roche sur Yon organisaient un challenge de marche nordique Vend\u00e9e. Notre club \u00e9tait repr\u00e9sent\u00e9 par Philippe Chevalier.\u00a0 \u00ab\u00a0Janz\u00e9 sur le podium masculin et quelques photos pour le temps !\u00a0\u00bb Classement Dossard Nom Pr\u00e9nom Ann\u00e9e Sexe Cat\u00e9gorie Club Temps 1. 23 Morin, Yvon 1962 M Masters 5 S\/L [&hellip;]\" \/>\n<meta property=\"og:url\" content=\"https:\/\/janze-athletisme.fr\/wordpress\/marche-nordique-des-terres-noires\/\" \/>\n<meta property=\"og:site_name\" content=\"Janz\u00e9 Athl\u00e9tisme\" \/>\n<meta property=\"article:publisher\" content=\"https:\/\/www.facebook.com\/groups\/1007964579346590\" \/>\n<meta property=\"article:published_time\" content=\"2022-03-08T09:57:43+00:00\" \/>\n<meta property=\"og:image\" content=\"https:\/\/janze-athletisme.fr\/wordpress\/wp-content\/uploads\/2022\/03\/PH2-1024x805.jpg\" \/>\n\t<meta property=\"og:image:width\" content=\"1024\" \/>\n\t<meta property=\"og:image:height\" content=\"805\" \/>\n\t<meta property=\"og:image:type\" content=\"image\/jpeg\" \/>\n<meta name=\"author\" content=\"Chantal G\" \/>\n<meta name=\"twitter:card\" content=\"summary_large_image\" \/>\n<meta name=\"twitter:label1\" content=\"\u00c9crit par\" \/>\n\t<meta name=\"twitter:data1\" content=\"Chantal G\" \/>\n<script type=\"application\/ld+json\" class=\"yoast-schema-graph\">{\"@context\":\"https:\\\/\\\/schema.org\",\"@graph\":[{\"@type\":\"Article\",\"@id\":\"https:\\\/\\\/janze-athletisme.fr\\\/wordpress\\\/marche-nordique-des-terres-noires\\\/#article\",\"isPartOf\":{\"@id\":\"https:\\\/\\\/janze-athletisme.fr\\\/wordpress\\\/marche-nordique-des-terres-noires\\\/\"},\"author\":{\"name\":\"Chantal G\",\"@id\":\"https:\\\/\\\/janze-athletisme.fr\\\/wordpress\\\/#\\\/schema\\\/person\\\/7f5b8145b0cc4430dfb771b92a4c98e4\"},\"headline\":\"MARCHE NORDIQUE DES TERRES NOIRES\",\"datePublished\":\"2022-03-08T09:57:43+00:00\",\"mainEntityOfPage\":{\"@id\":\"https:\\\/\\\/janze-athletisme.fr\\\/wordpress\\\/marche-nordique-des-terres-noires\\\/\"},\"wordCount\":90,\"commentCount\":0,\"publisher\":{\"@id\":\"https:\\\/\\\/janze-athletisme.fr\\\/wordpress\\\/#organization\"},\"image\":{\"@id\":\"https:\\\/\\\/janze-athletisme.fr\\\/wordpress\\\/marche-nordique-des-terres-noires\\\/#primaryimage\"},\"thumbnailUrl\":\"https:\\\/\\\/janze-athletisme.fr\\\/wordpress\\\/wp-content\\\/uploads\\\/2022\\\/03\\\/PH2.jpg\",\"articleSection\":[\"Le club au jour le jour\",\"R\u00e9sultat Marche chronom\u00e9tr\u00e9\"],\"inLanguage\":\"fr-FR\",\"potentialAction\":[{\"@type\":\"CommentAction\",\"name\":\"Comment\",\"target\":[\"https:\\\/\\\/janze-athletisme.fr\\\/wordpress\\\/marche-nordique-des-terres-noires\\\/#respond\"]}]},{\"@type\":\"WebPage\",\"@id\":\"https:\\\/\\\/janze-athletisme.fr\\\/wordpress\\\/marche-nordique-des-terres-noires\\\/\",\"url\":\"https:\\\/\\\/janze-athletisme.fr\\\/wordpress\\\/marche-nordique-des-terres-noires\\\/\",\"name\":\"MARCHE NORDIQUE DES TERRES NOIRES - Janz\u00e9 Athl\u00e9tisme\",\"isPartOf\":{\"@id\":\"https:\\\/\\\/janze-athletisme.fr\\\/wordpress\\\/#website\"},\"primaryImageOfPage\":{\"@id\":\"https:\\\/\\\/janze-athletisme.fr\\\/wordpress\\\/marche-nordique-des-terres-noires\\\/#primaryimage\"},\"image\":{\"@id\":\"https:\\\/\\\/janze-athletisme.fr\\\/wordpress\\\/marche-nordique-des-terres-noires\\\/#primaryimage\"},\"thumbnailUrl\":\"https:\\\/\\\/janze-athletisme.fr\\\/wordpress\\\/wp-content\\\/uploads\\\/2022\\\/03\\\/PH2.jpg\",\"datePublished\":\"2022-03-08T09:57:43+00:00\",\"breadcrumb\":{\"@id\":\"https:\\\/\\\/janze-athletisme.fr\\\/wordpress\\\/marche-nordique-des-terres-noires\\\/#breadcrumb\"},\"inLanguage\":\"fr-FR\",\"potentialAction\":[{\"@type\":\"ReadAction\",\"target\":[\"https:\\\/\\\/janze-athletisme.fr\\\/wordpress\\\/marche-nordique-des-terres-noires\\\/\"]}]},{\"@type\":\"ImageObject\",\"inLanguage\":\"fr-FR\",\"@id\":\"https:\\\/\\\/janze-athletisme.fr\\\/wordpress\\\/marche-nordique-des-terres-noires\\\/#primaryimage\",\"url\":\"https:\\\/\\\/janze-athletisme.fr\\\/wordpress\\\/wp-content\\\/uploads\\\/2022\\\/03\\\/PH2.jpg\",\"contentUrl\":\"https:\\\/\\\/janze-athletisme.fr\\\/wordpress\\\/wp-content\\\/uploads\\\/2022\\\/03\\\/PH2.jpg\",\"width\":2501,\"height\":1966},{\"@type\":\"BreadcrumbList\",\"@id\":\"https:\\\/\\\/janze-athletisme.fr\\\/wordpress\\\/marche-nordique-des-terres-noires\\\/#breadcrumb\",\"itemListElement\":[{\"@type\":\"ListItem\",\"position\":1,\"name\":\"Accueil\",\"item\":\"https:\\\/\\\/janze-athletisme.fr\\\/wordpress\\\/\"},{\"@type\":\"ListItem\",\"position\":2,\"name\":\"MARCHE NORDIQUE DES TERRES NOIRES\"}]},{\"@type\":\"WebSite\",\"@id\":\"https:\\\/\\\/janze-athletisme.fr\\\/wordpress\\\/#website\",\"url\":\"https:\\\/\\\/janze-athletisme.fr\\\/wordpress\\\/\",\"name\":\"Janz\u00e9 Athl\u00e9tisme\",\"description\":\"Pays de La Roche aux F\u00e9es\",\"publisher\":{\"@id\":\"https:\\\/\\\/janze-athletisme.fr\\\/wordpress\\\/#organization\"},\"potentialAction\":[{\"@type\":\"SearchAction\",\"target\":{\"@type\":\"EntryPoint\",\"urlTemplate\":\"https:\\\/\\\/janze-athletisme.fr\\\/wordpress\\\/?s={search_term_string}\"},\"query-input\":{\"@type\":\"PropertyValueSpecification\",\"valueRequired\":true,\"valueName\":\"search_term_string\"}}],\"inLanguage\":\"fr-FR\"},{\"@type\":\"Organization\",\"@id\":\"https:\\\/\\\/janze-athletisme.fr\\\/wordpress\\\/#organization\",\"name\":\"Janz\u00e9 Athl\u00e9tisme\",\"url\":\"https:\\\/\\\/janze-athletisme.fr\\\/wordpress\\\/\",\"logo\":{\"@type\":\"ImageObject\",\"inLanguage\":\"fr-FR\",\"@id\":\"https:\\\/\\\/janze-athletisme.fr\\\/wordpress\\\/#\\\/schema\\\/logo\\\/image\\\/\",\"url\":\"https:\\\/\\\/janze-athletisme.fr\\\/wordpress\\\/wp-content\\\/uploads\\\/2015\\\/03\\\/logo-full1.jpg\",\"contentUrl\":\"https:\\\/\\\/janze-athletisme.fr\\\/wordpress\\\/wp-content\\\/uploads\\\/2015\\\/03\\\/logo-full1.jpg\",\"width\":437,\"height\":205,\"caption\":\"Janz\u00e9 Athl\u00e9tisme\"},\"image\":{\"@id\":\"https:\\\/\\\/janze-athletisme.fr\\\/wordpress\\\/#\\\/schema\\\/logo\\\/image\\\/\"},\"sameAs\":[\"https:\\\/\\\/www.facebook.com\\\/groups\\\/1007964579346590\"]},{\"@type\":\"Person\",\"@id\":\"https:\\\/\\\/janze-athletisme.fr\\\/wordpress\\\/#\\\/schema\\\/person\\\/7f5b8145b0cc4430dfb771b92a4c98e4\",\"name\":\"Chantal G\",\"image\":{\"@type\":\"ImageObject\",\"inLanguage\":\"fr-FR\",\"@id\":\"https:\\\/\\\/secure.gravatar.com\\\/avatar\\\/56a17bd942482c0a19490051c8856e98a7c7fb62bd0d81caf8214bb7862b6169?s=96&d=mm&r=g\",\"url\":\"https:\\\/\\\/secure.gravatar.com\\\/avatar\\\/56a17bd942482c0a19490051c8856e98a7c7fb62bd0d81caf8214bb7862b6169?s=96&d=mm&r=g\",\"contentUrl\":\"https:\\\/\\\/secure.gravatar.com\\\/avatar\\\/56a17bd942482c0a19490051c8856e98a7c7fb62bd0d81caf8214bb7862b6169?s=96&d=mm&r=g\",\"caption\":\"Chantal G\"},\"url\":\"https:\\\/\\\/janze-athletisme.fr\\\/wordpress\\\/author\\\/cgoupil\\\/\"}]}<\/script>\n<!-- \/ Yoast SEO plugin. -->","yoast_head_json":{"title":"MARCHE NORDIQUE DES TERRES NOIRES - Janz\u00e9 Athl\u00e9tisme","robots":{"index":"index","follow":"follow","max-snippet":"max-snippet:-1","max-image-preview":"max-image-preview:large","max-video-preview":"max-video-preview:-1"},"canonical":"https:\/\/janze-athletisme.fr\/wordpress\/marche-nordique-des-terres-noires\/","og_locale":"fr_FR","og_type":"article","og_title":"MARCHE NORDIQUE DES TERRES NOIRES - Janz\u00e9 Athl\u00e9tisme","og_description":"Le 8 janvier \u00a0l\u2019ACLR et l\u2019ACPA de La Roche sur Yon organisaient un challenge de marche nordique Vend\u00e9e. Notre club \u00e9tait repr\u00e9sent\u00e9 par Philippe Chevalier.\u00a0 \u00ab\u00a0Janz\u00e9 sur le podium masculin et quelques photos pour le temps !\u00a0\u00bb Classement Dossard Nom Pr\u00e9nom Ann\u00e9e Sexe Cat\u00e9gorie Club Temps 1. 23 Morin, Yvon 1962 M Masters 5 S\/L [&hellip;]","og_url":"https:\/\/janze-athletisme.fr\/wordpress\/marche-nordique-des-terres-noires\/","og_site_name":"Janz\u00e9 Athl\u00e9tisme","article_publisher":"https:\/\/www.facebook.com\/groups\/1007964579346590","article_published_time":"2022-03-08T09:57:43+00:00","og_image":[{"width":1024,"height":805,"url":"https:\/\/janze-athletisme.fr\/wordpress\/wp-content\/uploads\/2022\/03\/PH2-1024x805.jpg","type":"image\/jpeg"}],"author":"Chantal G","twitter_card":"summary_large_image","twitter_misc":{"\u00c9crit par":"Chantal G"},"schema":{"@context":"https:\/\/schema.org","@graph":[{"@type":"Article","@id":"https:\/\/janze-athletisme.fr\/wordpress\/marche-nordique-des-terres-noires\/#article","isPartOf":{"@id":"https:\/\/janze-athletisme.fr\/wordpress\/marche-nordique-des-terres-noires\/"},"author":{"name":"Chantal G","@id":"https:\/\/janze-athletisme.fr\/wordpress\/#\/schema\/person\/7f5b8145b0cc4430dfb771b92a4c98e4"},"headline":"MARCHE NORDIQUE DES TERRES NOIRES","datePublished":"2022-03-08T09:57:43+00:00","mainEntityOfPage":{"@id":"https:\/\/janze-athletisme.fr\/wordpress\/marche-nordique-des-terres-noires\/"},"wordCount":90,"commentCount":0,"publisher":{"@id":"https:\/\/janze-athletisme.fr\/wordpress\/#organization"},"image":{"@id":"https:\/\/janze-athletisme.fr\/wordpress\/marche-nordique-des-terres-noires\/#primaryimage"},"thumbnailUrl":"https:\/\/janze-athletisme.fr\/wordpress\/wp-content\/uploads\/2022\/03\/PH2.jpg","articleSection":["Le club au jour le jour","R\u00e9sultat Marche chronom\u00e9tr\u00e9"],"inLanguage":"fr-FR","potentialAction":[{"@type":"CommentAction","name":"Comment","target":["https:\/\/janze-athletisme.fr\/wordpress\/marche-nordique-des-terres-noires\/#respond"]}]},{"@type":"WebPage","@id":"https:\/\/janze-athletisme.fr\/wordpress\/marche-nordique-des-terres-noires\/","url":"https:\/\/janze-athletisme.fr\/wordpress\/marche-nordique-des-terres-noires\/","name":"MARCHE NORDIQUE DES TERRES NOIRES - Janz\u00e9 Athl\u00e9tisme","isPartOf":{"@id":"https:\/\/janze-athletisme.fr\/wordpress\/#website"},"primaryImageOfPage":{"@id":"https:\/\/janze-athletisme.fr\/wordpress\/marche-nordique-des-terres-noires\/#primaryimage"},"image":{"@id":"https:\/\/janze-athletisme.fr\/wordpress\/marche-nordique-des-terres-noires\/#primaryimage"},"thumbnailUrl":"https:\/\/janze-athletisme.fr\/wordpress\/wp-content\/uploads\/2022\/03\/PH2.jpg","datePublished":"2022-03-08T09:57:43+00:00","breadcrumb":{"@id":"https:\/\/janze-athletisme.fr\/wordpress\/marche-nordique-des-terres-noires\/#breadcrumb"},"inLanguage":"fr-FR","potentialAction":[{"@type":"ReadAction","target":["https:\/\/janze-athletisme.fr\/wordpress\/marche-nordique-des-terres-noires\/"]}]},{"@type":"ImageObject","inLanguage":"fr-FR","@id":"https:\/\/janze-athletisme.fr\/wordpress\/marche-nordique-des-terres-noires\/#primaryimage","url":"https:\/\/janze-athletisme.fr\/wordpress\/wp-content\/uploads\/2022\/03\/PH2.jpg","contentUrl":"https:\/\/janze-athletisme.fr\/wordpress\/wp-content\/uploads\/2022\/03\/PH2.jpg","width":2501,"height":1966},{"@type":"BreadcrumbList","@id":"https:\/\/janze-athletisme.fr\/wordpress\/marche-nordique-des-terres-noires\/#breadcrumb","itemListElement":[{"@type":"ListItem","position":1,"name":"Accueil","item":"https:\/\/janze-athletisme.fr\/wordpress\/"},{"@type":"ListItem","position":2,"name":"MARCHE NORDIQUE DES TERRES NOIRES"}]},{"@type":"WebSite","@id":"https:\/\/janze-athletisme.fr\/wordpress\/#website","url":"https:\/\/janze-athletisme.fr\/wordpress\/","name":"Janz\u00e9 Athl\u00e9tisme","description":"Pays de La Roche aux F\u00e9es","publisher":{"@id":"https:\/\/janze-athletisme.fr\/wordpress\/#organization"},"potentialAction":[{"@type":"SearchAction","target":{"@type":"EntryPoint","urlTemplate":"https:\/\/janze-athletisme.fr\/wordpress\/?s={search_term_string}"},"query-input":{"@type":"PropertyValueSpecification","valueRequired":true,"valueName":"search_term_string"}}],"inLanguage":"fr-FR"},{"@type":"Organization","@id":"https:\/\/janze-athletisme.fr\/wordpress\/#organization","name":"Janz\u00e9 Athl\u00e9tisme","url":"https:\/\/janze-athletisme.fr\/wordpress\/","logo":{"@type":"ImageObject","inLanguage":"fr-FR","@id":"https:\/\/janze-athletisme.fr\/wordpress\/#\/schema\/logo\/image\/","url":"https:\/\/janze-athletisme.fr\/wordpress\/wp-content\/uploads\/2015\/03\/logo-full1.jpg","contentUrl":"https:\/\/janze-athletisme.fr\/wordpress\/wp-content\/uploads\/2015\/03\/logo-full1.jpg","width":437,"height":205,"caption":"Janz\u00e9 Athl\u00e9tisme"},"image":{"@id":"https:\/\/janze-athletisme.fr\/wordpress\/#\/schema\/logo\/image\/"},"sameAs":["https:\/\/www.facebook.com\/groups\/1007964579346590"]},{"@type":"Person","@id":"https:\/\/janze-athletisme.fr\/wordpress\/#\/schema\/person\/7f5b8145b0cc4430dfb771b92a4c98e4","name":"Chantal G","image":{"@type":"ImageObject","inLanguage":"fr-FR","@id":"https:\/\/secure.gravatar.com\/avatar\/56a17bd942482c0a19490051c8856e98a7c7fb62bd0d81caf8214bb7862b6169?s=96&d=mm&r=g","url":"https:\/\/secure.gravatar.com\/avatar\/56a17bd942482c0a19490051c8856e98a7c7fb62bd0d81caf8214bb7862b6169?s=96&d=mm&r=g","contentUrl":"https:\/\/secure.gravatar.com\/avatar\/56a17bd942482c0a19490051c8856e98a7c7fb62bd0d81caf8214bb7862b6169?s=96&d=mm&r=g","caption":"Chantal G"},"url":"https:\/\/janze-athletisme.fr\/wordpress\/author\/cgoupil\/"}]}},"uagb_featured_image_src":{"full":["https:\/\/janze-athletisme.fr\/wordpress\/wp-content\/uploads\/2022\/03\/PH2.jpg",2501,1966,false],"thumbnail":["https:\/\/janze-athletisme.fr\/wordpress\/wp-content\/uploads\/2022\/03\/PH2-150x150.jpg",150,150,true],"medium":["https:\/\/janze-athletisme.fr\/wordpress\/wp-content\/uploads\/2022\/03\/PH2-300x236.jpg",300,236,true],"medium_large":["https:\/\/janze-athletisme.fr\/wordpress\/wp-content\/uploads\/2022\/03\/PH2-768x604.jpg",768,604,true],"large":["https:\/\/janze-athletisme.fr\/wordpress\/wp-content\/uploads\/2022\/03\/PH2-1024x805.jpg",1024,805,true],"1536x1536":["https:\/\/janze-athletisme.fr\/wordpress\/wp-content\/uploads\/2022\/03\/PH2-1536x1207.jpg",1536,1207,true],"2048x2048":["https:\/\/janze-athletisme.fr\/wordpress\/wp-content\/uploads\/2022\/03\/PH2-2048x1610.jpg",2048,1610,true]},"uagb_author_info":{"display_name":"Chantal G","author_link":"https:\/\/janze-athletisme.fr\/wordpress\/author\/cgoupil\/"},"uagb_comment_info":0,"uagb_excerpt":"Le 8 janvier \u00a0l\u2019ACLR et l\u2019ACPA de La Roche sur Yon organisaient un challenge de marche nordique Vend\u00e9e. Notre club \u00e9tait repr\u00e9sent\u00e9 par Philippe Chevalier.\u00a0 \u00ab\u00a0Janz\u00e9 sur le podium masculin et quelques photos pour le temps !\u00a0\u00bb Classement Dossard Nom Pr\u00e9nom Ann\u00e9e Sexe Cat\u00e9gorie Club Temps 1. 23 Morin, Yvon 1962 M Masters 5 S\/L\u2026","_links":{"self":[{"href":"https:\/\/janze-athletisme.fr\/wordpress\/wp-json\/wp\/v2\/posts\/8822","targetHints":{"allow":["GET"]}}],"collection":[{"href":"https:\/\/janze-athletisme.fr\/wordpress\/wp-json\/wp\/v2\/posts"}],"about":[{"href":"https:\/\/janze-athletisme.fr\/wordpress\/wp-json\/wp\/v2\/types\/post"}],"author":[{"embeddable":true,"href":"https:\/\/janze-athletisme.fr\/wordpress\/wp-json\/wp\/v2\/users\/6"}],"replies":[{"embeddable":true,"href":"https:\/\/janze-athletisme.fr\/wordpress\/wp-json\/wp\/v2\/comments?post=8822"}],"version-history":[{"count":1,"href":"https:\/\/janze-athletisme.fr\/wordpress\/wp-json\/wp\/v2\/posts\/8822\/revisions"}],"predecessor-version":[{"id":8823,"href":"https:\/\/janze-athletisme.fr\/wordpress\/wp-json\/wp\/v2\/posts\/8822\/revisions\/8823"}],"wp:featuredmedia":[{"embeddable":true,"href":"https:\/\/janze-athletisme.fr\/wordpress\/wp-json\/wp\/v2\/media\/8820"}],"wp:attachment":[{"href":"https:\/\/janze-athletisme.fr\/wordpress\/wp-json\/wp\/v2\/media?parent=8822"}],"wp:term":[{"taxonomy":"category","embeddable":true,"href":"https:\/\/janze-athletisme.fr\/wordpress\/wp-json\/wp\/v2\/categories?post=8822"},{"taxonomy":"post_tag","embeddable":true,"href":"https:\/\/janze-athletisme.fr\/wordpress\/wp-json\/wp\/v2\/tags?post=8822"}],"curies":[{"name":"wp","href":"https:\/\/api.w.org\/{rel}","templated":true}]}}