{"id":8794,"date":"2022-03-04T14:00:15","date_gmt":"2022-03-04T13:00:15","guid":{"rendered":"https:\/\/janze-athletisme.fr\/wordpress\/?p=8794"},"modified":"2022-03-04T21:18:02","modified_gmt":"2022-03-04T20:18:02","slug":"cherche-parents-benevoles-pour-etre-juge","status":"publish","type":"post","link":"https:\/\/janze-athletisme.fr\/wordpress\/cherche-parents-benevoles-pour-etre-juge\/","title":{"rendered":"Cherche parents b\u00e9n\u00e9voles pour \u00eatre juge"},"content":{"rendered":"<p><strong>Formation \u00e0 Cesson le 9 avril prochain<\/strong><\/p>\n<p>Une formation est organis\u00e9e le 9 avril prochain au stade de Cesson \u00e0 destination de b\u00e9n\u00e9voles de tous les clubs du secteur.<\/p>\n<p>Janz\u00e9 Athl\u00e9 est particuli\u00e8rement int\u00e9ress\u00e9 par cette formation. Nous manquons en effet cruellement de juges \u00e0 chacune des comp\u00e9titions de nos jeunes et avons risqu\u00e9 plusieurs fois ces derniers temps la disqualification.<\/p>\n<p>Les parents de nos jeunes athl\u00e8tes sont particuli\u00e8rement cibl\u00e9s pour ces formations, qui ne durent que 2h ou 3h dans l&rsquo;apr\u00e8s-midi (voir \u00e0 suivre les diff\u00e9rents modules propos\u00e9s).<\/p>\n<p>L&rsquo;inscription est assez simple (il vous faut pr\u00e8s de vous votre n\u00b0 de licence ou de celle de votre enfant ainsi que le mot de passe que vous aviez re\u00e7u avec la licence), la formation est gratuite, ne dure que 2 ou 3h et ne vous engage que pour une comp\u00e9tition sur l&rsquo;ann\u00e9e ensuite.<\/p>\n<p>Plus il y aura de parents int\u00e9ress\u00e9s et moins ils seront sollicit\u00e9s.<\/p>\n<p><strong>Qu\u2019est-ce qu\u2019un juge ?<\/strong><\/p>\n<p>Un juge est quelqu\u2019un qui, sur des \u00e9preuves d\u2019athl\u00e9tisme, sera le garant du respect des r\u00e8gles de la pratique de la sp\u00e9cialit\u00e9 (lancer, saut, course, marche, secr\u00e9tariat, starter\u2026). Il veille \u00e0 la bonne tenue de la comp\u00e9tition et \u00e0 la s\u00e9curit\u00e9 des participants.<\/p>\n<p><strong>Les modules propos\u00e9s le 9 avril<\/strong><\/p>\n<p>Fonction Se situer sur un stade : <a href=\"https:\/\/bases.athle.fr\/asp.net\/evenements.aspx?base=evenements&amp;id=578568574568564\">https:\/\/bases.athle.fr\/asp.net\/evenements.aspx?base=evenements&amp;id=578568574568564<\/a><\/p>\n<p>Juge de d\u00e9part :\u00a0<a href=\"https:\/\/bases.athle.fr\/asp.net\/evenements.aspx?base=evenements&amp;id=578568574566580\">https:\/\/bases.athle.fr\/asp.net\/evenements.aspx?base=evenements&amp;id=578568574566580<\/a><\/p>\n<p>Juge des courses :\u00a0<a href=\"https:\/\/bases.athle.fr\/asp.net\/evenements.aspx?base=evenements&amp;id=578568574566578\">https:\/\/bases.athle.fr\/asp.net\/evenements.aspx?base=evenements&amp;id=578568574566578<\/a><\/p>\n<p>Juge des sauts :\u00a0<a href=\"https:\/\/bases.athle.fr\/asp.net\/evenements.aspx?base=evenements&amp;id=578568574566576\">https:\/\/bases.athle.fr\/asp.net\/evenements.aspx?base=evenements&amp;id=578568574566576<\/a><\/p>\n<p>Juge des lancers :\u00a0<a href=\"https:\/\/bases.athle.fr\/asp.net\/evenements.aspx?base=evenements&amp;id=578568574566574\">https:\/\/bases.athle.fr\/asp.net\/evenements.aspx?base=evenements&amp;id=578568574566574<\/a><\/p>\n<p>N&rsquo;h\u00e9sitez pas \u00e0 vous lancer, ce n&rsquo;est pas compliqu\u00e9 et vous contribuerez \u00e0 la bonne structuration du club de votre enfant.<\/p>\n","protected":false},"excerpt":{"rendered":"<p>Formation \u00e0 Cesson le 9 avril prochain Une formation est organis\u00e9e le 9 avril prochain au stade de Cesson \u00e0 destination de b\u00e9n\u00e9voles de tous les clubs du secteur. Janz\u00e9 Athl\u00e9 est particuli\u00e8rement int\u00e9ress\u00e9 par cette formation. Nous manquons en effet cruellement de juges \u00e0 chacune des comp\u00e9titions de nos jeunes et avons risqu\u00e9 plusieurs [&hellip;]<\/p>\n","protected":false},"author":12,"featured_media":8795,"comment_status":"open","ping_status":"open","sticky":false,"template":"","format":"aside","meta":{"_uag_custom_page_level_css":"","site-sidebar-layout":"default","site-content-layout":"default","ast-site-content-layout":"default","site-content-style":"default","site-sidebar-style":"default","ast-global-header-display":"","ast-banner-title-visibility":"","ast-main-header-display":"","ast-hfb-above-header-display":"","ast-hfb-below-header-display":"","ast-hfb-mobile-header-display":"","site-post-title":"","ast-breadcrumbs-content":"","ast-featured-img":"","footer-sml-layout":"","ast-disable-related-posts":"","theme-transparent-header-meta":"default","adv-header-id-meta":"","stick-header-meta":"","header-above-stick-meta":"","header-main-stick-meta":"","header-below-stick-meta":"","astra-migrate-meta-layouts":"default","ast-page-background-enabled":"default","ast-page-background-meta":{"desktop":{"background-color":"var(--ast-global-color-4)","background-image":"","background-repeat":"repeat","background-position":"center center","background-size":"auto","background-attachment":"scroll","background-type":"","background-media":"","overlay-type":"","overlay-color":"","overlay-opacity":"","overlay-gradient":""},"tablet":{"background-color":"","background-image":"","background-repeat":"repeat","background-position":"center center","background-size":"auto","background-attachment":"scroll","background-type":"","background-media":"","overlay-type":"","overlay-color":"","overlay-opacity":"","overlay-gradient":""},"mobile":{"background-color":"","background-image":"","background-repeat":"repeat","background-position":"center center","background-size":"auto","background-attachment":"scroll","background-type":"","background-media":"","overlay-type":"","overlay-color":"","overlay-opacity":"","overlay-gradient":""}},"ast-content-background-meta":{"desktop":{"background-color":"var(--ast-global-color-5)","background-image":"","background-repeat":"repeat","background-position":"center center","background-size":"auto","background-attachment":"scroll","background-type":"","background-media":"","overlay-type":"","overlay-color":"","overlay-opacity":"","overlay-gradient":""},"tablet":{"background-color":"var(--ast-global-color-5)","background-image":"","background-repeat":"repeat","background-position":"center center","background-size":"auto","background-attachment":"scroll","background-type":"","background-media":"","overlay-type":"","overlay-color":"","overlay-opacity":"","overlay-gradient":""},"mobile":{"background-color":"var(--ast-global-color-5)","background-image":"","background-repeat":"repeat","background-position":"center center","background-size":"auto","background-attachment":"scroll","background-type":"","background-media":"","overlay-type":"","overlay-color":"","overlay-opacity":"","overlay-gradient":""}},"footnotes":""},"categories":[6],"tags":[],"class_list":["post-8794","post","type-post","status-publish","format-aside","has-post-thumbnail","hentry","category-sections","post_format-post-format-aside"],"yoast_head":"<!-- This site is optimized with the Yoast SEO plugin v27.5 - https:\/\/yoast.com\/product\/yoast-seo-wordpress\/ -->\n<title>Cherche parents b\u00e9n\u00e9voles pour \u00eatre juge - Janz\u00e9 Athl\u00e9tisme<\/title>\n<meta name=\"robots\" content=\"index, follow, max-snippet:-1, max-image-preview:large, max-video-preview:-1\" \/>\n<link rel=\"canonical\" href=\"https:\/\/janze-athletisme.fr\/wordpress\/cherche-parents-benevoles-pour-etre-juge\/\" \/>\n<meta property=\"og:locale\" content=\"fr_FR\" \/>\n<meta property=\"og:type\" content=\"article\" \/>\n<meta property=\"og:title\" content=\"Cherche parents b\u00e9n\u00e9voles pour \u00eatre juge - Janz\u00e9 Athl\u00e9tisme\" \/>\n<meta property=\"og:description\" content=\"Formation \u00e0 Cesson le 9 avril prochain Une formation est organis\u00e9e le 9 avril prochain au stade de Cesson \u00e0 destination de b\u00e9n\u00e9voles de tous les clubs du secteur. Janz\u00e9 Athl\u00e9 est particuli\u00e8rement int\u00e9ress\u00e9 par cette formation. Nous manquons en effet cruellement de juges \u00e0 chacune des comp\u00e9titions de nos jeunes et avons risqu\u00e9 plusieurs [&hellip;]\" \/>\n<meta property=\"og:url\" content=\"https:\/\/janze-athletisme.fr\/wordpress\/cherche-parents-benevoles-pour-etre-juge\/\" \/>\n<meta property=\"og:site_name\" content=\"Janz\u00e9 Athl\u00e9tisme\" \/>\n<meta property=\"article:publisher\" content=\"https:\/\/www.facebook.com\/groups\/1007964579346590\" \/>\n<meta property=\"article:published_time\" content=\"2022-03-04T13:00:15+00:00\" \/>\n<meta property=\"article:modified_time\" content=\"2022-03-04T20:18:02+00:00\" \/>\n<meta property=\"og:image\" content=\"https:\/\/janze-athletisme.fr\/wordpress\/wp-content\/uploads\/2022\/03\/Juge-photo-e1646398792367.jpg\" \/>\n\t<meta property=\"og:image:width\" content=\"278\" \/>\n\t<meta property=\"og:image:height\" content=\"332\" \/>\n\t<meta property=\"og:image:type\" content=\"image\/jpeg\" \/>\n<meta name=\"author\" content=\"Laurent Meunier\" \/>\n<meta name=\"twitter:card\" content=\"summary_large_image\" \/>\n<meta name=\"twitter:label1\" content=\"\u00c9crit par\" \/>\n\t<meta name=\"twitter:data1\" content=\"Laurent Meunier\" \/>\n\t<meta name=\"twitter:label2\" content=\"Dur\u00e9e de lecture estim\u00e9e\" \/>\n\t<meta name=\"twitter:data2\" content=\"2 minutes\" \/>\n<script type=\"application\/ld+json\" class=\"yoast-schema-graph\">{\"@context\":\"https:\\\/\\\/schema.org\",\"@graph\":[{\"@type\":\"Article\",\"@id\":\"https:\\\/\\\/janze-athletisme.fr\\\/wordpress\\\/cherche-parents-benevoles-pour-etre-juge\\\/#article\",\"isPartOf\":{\"@id\":\"https:\\\/\\\/janze-athletisme.fr\\\/wordpress\\\/cherche-parents-benevoles-pour-etre-juge\\\/\"},\"author\":{\"name\":\"Laurent Meunier\",\"@id\":\"https:\\\/\\\/janze-athletisme.fr\\\/wordpress\\\/#\\\/schema\\\/person\\\/c7b063dcfa6234c041d4d9b26cc2ea03\"},\"headline\":\"Cherche parents b\u00e9n\u00e9voles pour \u00eatre juge\",\"datePublished\":\"2022-03-04T13:00:15+00:00\",\"dateModified\":\"2022-03-04T20:18:02+00:00\",\"mainEntityOfPage\":{\"@id\":\"https:\\\/\\\/janze-athletisme.fr\\\/wordpress\\\/cherche-parents-benevoles-pour-etre-juge\\\/\"},\"wordCount\":339,\"commentCount\":0,\"publisher\":{\"@id\":\"https:\\\/\\\/janze-athletisme.fr\\\/wordpress\\\/#organization\"},\"image\":{\"@id\":\"https:\\\/\\\/janze-athletisme.fr\\\/wordpress\\\/cherche-parents-benevoles-pour-etre-juge\\\/#primaryimage\"},\"thumbnailUrl\":\"https:\\\/\\\/janze-athletisme.fr\\\/wordpress\\\/wp-content\\\/uploads\\\/2022\\\/03\\\/Juge-photo-e1646398792367.jpg\",\"articleSection\":[\"Le club au jour le jour\"],\"inLanguage\":\"fr-FR\",\"potentialAction\":[{\"@type\":\"CommentAction\",\"name\":\"Comment\",\"target\":[\"https:\\\/\\\/janze-athletisme.fr\\\/wordpress\\\/cherche-parents-benevoles-pour-etre-juge\\\/#respond\"]}]},{\"@type\":\"WebPage\",\"@id\":\"https:\\\/\\\/janze-athletisme.fr\\\/wordpress\\\/cherche-parents-benevoles-pour-etre-juge\\\/\",\"url\":\"https:\\\/\\\/janze-athletisme.fr\\\/wordpress\\\/cherche-parents-benevoles-pour-etre-juge\\\/\",\"name\":\"Cherche parents b\u00e9n\u00e9voles pour \u00eatre juge - Janz\u00e9 Athl\u00e9tisme\",\"isPartOf\":{\"@id\":\"https:\\\/\\\/janze-athletisme.fr\\\/wordpress\\\/#website\"},\"primaryImageOfPage\":{\"@id\":\"https:\\\/\\\/janze-athletisme.fr\\\/wordpress\\\/cherche-parents-benevoles-pour-etre-juge\\\/#primaryimage\"},\"image\":{\"@id\":\"https:\\\/\\\/janze-athletisme.fr\\\/wordpress\\\/cherche-parents-benevoles-pour-etre-juge\\\/#primaryimage\"},\"thumbnailUrl\":\"https:\\\/\\\/janze-athletisme.fr\\\/wordpress\\\/wp-content\\\/uploads\\\/2022\\\/03\\\/Juge-photo-e1646398792367.jpg\",\"datePublished\":\"2022-03-04T13:00:15+00:00\",\"dateModified\":\"2022-03-04T20:18:02+00:00\",\"breadcrumb\":{\"@id\":\"https:\\\/\\\/janze-athletisme.fr\\\/wordpress\\\/cherche-parents-benevoles-pour-etre-juge\\\/#breadcrumb\"},\"inLanguage\":\"fr-FR\",\"potentialAction\":[{\"@type\":\"ReadAction\",\"target\":[\"https:\\\/\\\/janze-athletisme.fr\\\/wordpress\\\/cherche-parents-benevoles-pour-etre-juge\\\/\"]}]},{\"@type\":\"ImageObject\",\"inLanguage\":\"fr-FR\",\"@id\":\"https:\\\/\\\/janze-athletisme.fr\\\/wordpress\\\/cherche-parents-benevoles-pour-etre-juge\\\/#primaryimage\",\"url\":\"https:\\\/\\\/janze-athletisme.fr\\\/wordpress\\\/wp-content\\\/uploads\\\/2022\\\/03\\\/Juge-photo-e1646398792367.jpg\",\"contentUrl\":\"https:\\\/\\\/janze-athletisme.fr\\\/wordpress\\\/wp-content\\\/uploads\\\/2022\\\/03\\\/Juge-photo-e1646398792367.jpg\",\"width\":278,\"height\":332},{\"@type\":\"BreadcrumbList\",\"@id\":\"https:\\\/\\\/janze-athletisme.fr\\\/wordpress\\\/cherche-parents-benevoles-pour-etre-juge\\\/#breadcrumb\",\"itemListElement\":[{\"@type\":\"ListItem\",\"position\":1,\"name\":\"Accueil\",\"item\":\"https:\\\/\\\/janze-athletisme.fr\\\/wordpress\\\/\"},{\"@type\":\"ListItem\",\"position\":2,\"name\":\"Cherche parents b\u00e9n\u00e9voles pour \u00eatre juge\"}]},{\"@type\":\"WebSite\",\"@id\":\"https:\\\/\\\/janze-athletisme.fr\\\/wordpress\\\/#website\",\"url\":\"https:\\\/\\\/janze-athletisme.fr\\\/wordpress\\\/\",\"name\":\"Janz\u00e9 Athl\u00e9tisme\",\"description\":\"Pays de La Roche aux F\u00e9es\",\"publisher\":{\"@id\":\"https:\\\/\\\/janze-athletisme.fr\\\/wordpress\\\/#organization\"},\"potentialAction\":[{\"@type\":\"SearchAction\",\"target\":{\"@type\":\"EntryPoint\",\"urlTemplate\":\"https:\\\/\\\/janze-athletisme.fr\\\/wordpress\\\/?s={search_term_string}\"},\"query-input\":{\"@type\":\"PropertyValueSpecification\",\"valueRequired\":true,\"valueName\":\"search_term_string\"}}],\"inLanguage\":\"fr-FR\"},{\"@type\":\"Organization\",\"@id\":\"https:\\\/\\\/janze-athletisme.fr\\\/wordpress\\\/#organization\",\"name\":\"Janz\u00e9 Athl\u00e9tisme\",\"url\":\"https:\\\/\\\/janze-athletisme.fr\\\/wordpress\\\/\",\"logo\":{\"@type\":\"ImageObject\",\"inLanguage\":\"fr-FR\",\"@id\":\"https:\\\/\\\/janze-athletisme.fr\\\/wordpress\\\/#\\\/schema\\\/logo\\\/image\\\/\",\"url\":\"https:\\\/\\\/janze-athletisme.fr\\\/wordpress\\\/wp-content\\\/uploads\\\/2015\\\/03\\\/logo-full1.jpg\",\"contentUrl\":\"https:\\\/\\\/janze-athletisme.fr\\\/wordpress\\\/wp-content\\\/uploads\\\/2015\\\/03\\\/logo-full1.jpg\",\"width\":437,\"height\":205,\"caption\":\"Janz\u00e9 Athl\u00e9tisme\"},\"image\":{\"@id\":\"https:\\\/\\\/janze-athletisme.fr\\\/wordpress\\\/#\\\/schema\\\/logo\\\/image\\\/\"},\"sameAs\":[\"https:\\\/\\\/www.facebook.com\\\/groups\\\/1007964579346590\"]},{\"@type\":\"Person\",\"@id\":\"https:\\\/\\\/janze-athletisme.fr\\\/wordpress\\\/#\\\/schema\\\/person\\\/c7b063dcfa6234c041d4d9b26cc2ea03\",\"name\":\"Laurent Meunier\",\"image\":{\"@type\":\"ImageObject\",\"inLanguage\":\"fr-FR\",\"@id\":\"https:\\\/\\\/secure.gravatar.com\\\/avatar\\\/dd25d581ad7c3349090f2fa6a9adb6bfa287e6a5dd8a5216a092727cd8749034?s=96&d=mm&r=g\",\"url\":\"https:\\\/\\\/secure.gravatar.com\\\/avatar\\\/dd25d581ad7c3349090f2fa6a9adb6bfa287e6a5dd8a5216a092727cd8749034?s=96&d=mm&r=g\",\"contentUrl\":\"https:\\\/\\\/secure.gravatar.com\\\/avatar\\\/dd25d581ad7c3349090f2fa6a9adb6bfa287e6a5dd8a5216a092727cd8749034?s=96&d=mm&r=g\",\"caption\":\"Laurent Meunier\"},\"url\":\"https:\\\/\\\/janze-athletisme.fr\\\/wordpress\\\/author\\\/laurent-meunier35\\\/\"}]}<\/script>\n<!-- \/ Yoast SEO plugin. -->","yoast_head_json":{"title":"Cherche parents b\u00e9n\u00e9voles pour \u00eatre juge - Janz\u00e9 Athl\u00e9tisme","robots":{"index":"index","follow":"follow","max-snippet":"max-snippet:-1","max-image-preview":"max-image-preview:large","max-video-preview":"max-video-preview:-1"},"canonical":"https:\/\/janze-athletisme.fr\/wordpress\/cherche-parents-benevoles-pour-etre-juge\/","og_locale":"fr_FR","og_type":"article","og_title":"Cherche parents b\u00e9n\u00e9voles pour \u00eatre juge - Janz\u00e9 Athl\u00e9tisme","og_description":"Formation \u00e0 Cesson le 9 avril prochain Une formation est organis\u00e9e le 9 avril prochain au stade de Cesson \u00e0 destination de b\u00e9n\u00e9voles de tous les clubs du secteur. Janz\u00e9 Athl\u00e9 est particuli\u00e8rement int\u00e9ress\u00e9 par cette formation. Nous manquons en effet cruellement de juges \u00e0 chacune des comp\u00e9titions de nos jeunes et avons risqu\u00e9 plusieurs [&hellip;]","og_url":"https:\/\/janze-athletisme.fr\/wordpress\/cherche-parents-benevoles-pour-etre-juge\/","og_site_name":"Janz\u00e9 Athl\u00e9tisme","article_publisher":"https:\/\/www.facebook.com\/groups\/1007964579346590","article_published_time":"2022-03-04T13:00:15+00:00","article_modified_time":"2022-03-04T20:18:02+00:00","og_image":[{"width":278,"height":332,"url":"https:\/\/janze-athletisme.fr\/wordpress\/wp-content\/uploads\/2022\/03\/Juge-photo-e1646398792367.jpg","type":"image\/jpeg"}],"author":"Laurent Meunier","twitter_card":"summary_large_image","twitter_misc":{"\u00c9crit par":"Laurent Meunier","Dur\u00e9e de lecture estim\u00e9e":"2 minutes"},"schema":{"@context":"https:\/\/schema.org","@graph":[{"@type":"Article","@id":"https:\/\/janze-athletisme.fr\/wordpress\/cherche-parents-benevoles-pour-etre-juge\/#article","isPartOf":{"@id":"https:\/\/janze-athletisme.fr\/wordpress\/cherche-parents-benevoles-pour-etre-juge\/"},"author":{"name":"Laurent Meunier","@id":"https:\/\/janze-athletisme.fr\/wordpress\/#\/schema\/person\/c7b063dcfa6234c041d4d9b26cc2ea03"},"headline":"Cherche parents b\u00e9n\u00e9voles pour \u00eatre juge","datePublished":"2022-03-04T13:00:15+00:00","dateModified":"2022-03-04T20:18:02+00:00","mainEntityOfPage":{"@id":"https:\/\/janze-athletisme.fr\/wordpress\/cherche-parents-benevoles-pour-etre-juge\/"},"wordCount":339,"commentCount":0,"publisher":{"@id":"https:\/\/janze-athletisme.fr\/wordpress\/#organization"},"image":{"@id":"https:\/\/janze-athletisme.fr\/wordpress\/cherche-parents-benevoles-pour-etre-juge\/#primaryimage"},"thumbnailUrl":"https:\/\/janze-athletisme.fr\/wordpress\/wp-content\/uploads\/2022\/03\/Juge-photo-e1646398792367.jpg","articleSection":["Le club au jour le jour"],"inLanguage":"fr-FR","potentialAction":[{"@type":"CommentAction","name":"Comment","target":["https:\/\/janze-athletisme.fr\/wordpress\/cherche-parents-benevoles-pour-etre-juge\/#respond"]}]},{"@type":"WebPage","@id":"https:\/\/janze-athletisme.fr\/wordpress\/cherche-parents-benevoles-pour-etre-juge\/","url":"https:\/\/janze-athletisme.fr\/wordpress\/cherche-parents-benevoles-pour-etre-juge\/","name":"Cherche parents b\u00e9n\u00e9voles pour \u00eatre juge - Janz\u00e9 Athl\u00e9tisme","isPartOf":{"@id":"https:\/\/janze-athletisme.fr\/wordpress\/#website"},"primaryImageOfPage":{"@id":"https:\/\/janze-athletisme.fr\/wordpress\/cherche-parents-benevoles-pour-etre-juge\/#primaryimage"},"image":{"@id":"https:\/\/janze-athletisme.fr\/wordpress\/cherche-parents-benevoles-pour-etre-juge\/#primaryimage"},"thumbnailUrl":"https:\/\/janze-athletisme.fr\/wordpress\/wp-content\/uploads\/2022\/03\/Juge-photo-e1646398792367.jpg","datePublished":"2022-03-04T13:00:15+00:00","dateModified":"2022-03-04T20:18:02+00:00","breadcrumb":{"@id":"https:\/\/janze-athletisme.fr\/wordpress\/cherche-parents-benevoles-pour-etre-juge\/#breadcrumb"},"inLanguage":"fr-FR","potentialAction":[{"@type":"ReadAction","target":["https:\/\/janze-athletisme.fr\/wordpress\/cherche-parents-benevoles-pour-etre-juge\/"]}]},{"@type":"ImageObject","inLanguage":"fr-FR","@id":"https:\/\/janze-athletisme.fr\/wordpress\/cherche-parents-benevoles-pour-etre-juge\/#primaryimage","url":"https:\/\/janze-athletisme.fr\/wordpress\/wp-content\/uploads\/2022\/03\/Juge-photo-e1646398792367.jpg","contentUrl":"https:\/\/janze-athletisme.fr\/wordpress\/wp-content\/uploads\/2022\/03\/Juge-photo-e1646398792367.jpg","width":278,"height":332},{"@type":"BreadcrumbList","@id":"https:\/\/janze-athletisme.fr\/wordpress\/cherche-parents-benevoles-pour-etre-juge\/#breadcrumb","itemListElement":[{"@type":"ListItem","position":1,"name":"Accueil","item":"https:\/\/janze-athletisme.fr\/wordpress\/"},{"@type":"ListItem","position":2,"name":"Cherche parents b\u00e9n\u00e9voles pour \u00eatre juge"}]},{"@type":"WebSite","@id":"https:\/\/janze-athletisme.fr\/wordpress\/#website","url":"https:\/\/janze-athletisme.fr\/wordpress\/","name":"Janz\u00e9 Athl\u00e9tisme","description":"Pays de La Roche aux F\u00e9es","publisher":{"@id":"https:\/\/janze-athletisme.fr\/wordpress\/#organization"},"potentialAction":[{"@type":"SearchAction","target":{"@type":"EntryPoint","urlTemplate":"https:\/\/janze-athletisme.fr\/wordpress\/?s={search_term_string}"},"query-input":{"@type":"PropertyValueSpecification","valueRequired":true,"valueName":"search_term_string"}}],"inLanguage":"fr-FR"},{"@type":"Organization","@id":"https:\/\/janze-athletisme.fr\/wordpress\/#organization","name":"Janz\u00e9 Athl\u00e9tisme","url":"https:\/\/janze-athletisme.fr\/wordpress\/","logo":{"@type":"ImageObject","inLanguage":"fr-FR","@id":"https:\/\/janze-athletisme.fr\/wordpress\/#\/schema\/logo\/image\/","url":"https:\/\/janze-athletisme.fr\/wordpress\/wp-content\/uploads\/2015\/03\/logo-full1.jpg","contentUrl":"https:\/\/janze-athletisme.fr\/wordpress\/wp-content\/uploads\/2015\/03\/logo-full1.jpg","width":437,"height":205,"caption":"Janz\u00e9 Athl\u00e9tisme"},"image":{"@id":"https:\/\/janze-athletisme.fr\/wordpress\/#\/schema\/logo\/image\/"},"sameAs":["https:\/\/www.facebook.com\/groups\/1007964579346590"]},{"@type":"Person","@id":"https:\/\/janze-athletisme.fr\/wordpress\/#\/schema\/person\/c7b063dcfa6234c041d4d9b26cc2ea03","name":"Laurent Meunier","image":{"@type":"ImageObject","inLanguage":"fr-FR","@id":"https:\/\/secure.gravatar.com\/avatar\/dd25d581ad7c3349090f2fa6a9adb6bfa287e6a5dd8a5216a092727cd8749034?s=96&d=mm&r=g","url":"https:\/\/secure.gravatar.com\/avatar\/dd25d581ad7c3349090f2fa6a9adb6bfa287e6a5dd8a5216a092727cd8749034?s=96&d=mm&r=g","contentUrl":"https:\/\/secure.gravatar.com\/avatar\/dd25d581ad7c3349090f2fa6a9adb6bfa287e6a5dd8a5216a092727cd8749034?s=96&d=mm&r=g","caption":"Laurent Meunier"},"url":"https:\/\/janze-athletisme.fr\/wordpress\/author\/laurent-meunier35\/"}]}},"uagb_featured_image_src":{"full":["https:\/\/janze-athletisme.fr\/wordpress\/wp-content\/uploads\/2022\/03\/Juge-photo-e1646398792367.jpg",278,332,false],"thumbnail":["https:\/\/janze-athletisme.fr\/wordpress\/wp-content\/uploads\/2022\/03\/Juge-photo-e1646398792367-150x150.jpg",150,150,true],"medium":["https:\/\/janze-athletisme.fr\/wordpress\/wp-content\/uploads\/2022\/03\/Juge-photo-e1646398792367-251x300.jpg",251,300,true],"medium_large":["https:\/\/janze-athletisme.fr\/wordpress\/wp-content\/uploads\/2022\/03\/Juge-photo-e1646398792367.jpg",278,332,false],"large":["https:\/\/janze-athletisme.fr\/wordpress\/wp-content\/uploads\/2022\/03\/Juge-photo-e1646398792367.jpg",278,332,false],"1536x1536":["https:\/\/janze-athletisme.fr\/wordpress\/wp-content\/uploads\/2022\/03\/Juge-photo-e1646398792367.jpg",278,332,false],"2048x2048":["https:\/\/janze-athletisme.fr\/wordpress\/wp-content\/uploads\/2022\/03\/Juge-photo-e1646398792367.jpg",278,332,false]},"uagb_author_info":{"display_name":"Laurent Meunier","author_link":"https:\/\/janze-athletisme.fr\/wordpress\/author\/laurent-meunier35\/"},"uagb_comment_info":0,"uagb_excerpt":"Formation \u00e0 Cesson le 9 avril prochain Une formation est organis\u00e9e le 9 avril prochain au stade de Cesson \u00e0 destination de b\u00e9n\u00e9voles de tous les clubs du secteur. Janz\u00e9 Athl\u00e9 est particuli\u00e8rement int\u00e9ress\u00e9 par cette formation. Nous manquons en effet cruellement de juges \u00e0 chacune des comp\u00e9titions de nos jeunes et avons risqu\u00e9 plusieurs\u2026","_links":{"self":[{"href":"https:\/\/janze-athletisme.fr\/wordpress\/wp-json\/wp\/v2\/posts\/8794","targetHints":{"allow":["GET"]}}],"collection":[{"href":"https:\/\/janze-athletisme.fr\/wordpress\/wp-json\/wp\/v2\/posts"}],"about":[{"href":"https:\/\/janze-athletisme.fr\/wordpress\/wp-json\/wp\/v2\/types\/post"}],"author":[{"embeddable":true,"href":"https:\/\/janze-athletisme.fr\/wordpress\/wp-json\/wp\/v2\/users\/12"}],"replies":[{"embeddable":true,"href":"https:\/\/janze-athletisme.fr\/wordpress\/wp-json\/wp\/v2\/comments?post=8794"}],"version-history":[{"count":3,"href":"https:\/\/janze-athletisme.fr\/wordpress\/wp-json\/wp\/v2\/posts\/8794\/revisions"}],"predecessor-version":[{"id":8799,"href":"https:\/\/janze-athletisme.fr\/wordpress\/wp-json\/wp\/v2\/posts\/8794\/revisions\/8799"}],"wp:featuredmedia":[{"embeddable":true,"href":"https:\/\/janze-athletisme.fr\/wordpress\/wp-json\/wp\/v2\/media\/8795"}],"wp:attachment":[{"href":"https:\/\/janze-athletisme.fr\/wordpress\/wp-json\/wp\/v2\/media?parent=8794"}],"wp:term":[{"taxonomy":"category","embeddable":true,"href":"https:\/\/janze-athletisme.fr\/wordpress\/wp-json\/wp\/v2\/categories?post=8794"},{"taxonomy":"post_tag","embeddable":true,"href":"https:\/\/janze-athletisme.fr\/wordpress\/wp-json\/wp\/v2\/tags?post=8794"}],"curies":[{"name":"wp","href":"https:\/\/api.w.org\/{rel}","templated":true}]}}