{"id":8789,"date":"2022-03-04T09:54:45","date_gmt":"2022-03-04T08:54:45","guid":{"rendered":"https:\/\/janze-athletisme.fr\/wordpress\/?p=8789"},"modified":"2022-03-04T09:54:45","modified_gmt":"2022-03-04T08:54:45","slug":"deux-rendez-vous-ce-samedi-pour-les-jeunes","status":"publish","type":"post","link":"https:\/\/janze-athletisme.fr\/wordpress\/deux-rendez-vous-ce-samedi-pour-les-jeunes\/","title":{"rendered":"Deux rendez-vous ce samedi pour les jeunes"},"content":{"rendered":"<p>Nos jeunes seront sur deux fronts (pacifiques) ce samedi :<\/p>\n<p>1\u00b0) \u00c0 Guilers dans le Finist\u00e8re pour les championnats individuels minimes :<\/p>\n<p>Ils \u00e9taient 9 qualifiables sur 6 \u00e9preuves. Ils seront finalement 8 pr\u00e9sents sur 5 \u00e9preuves : B\u00e9renger (perche), Teddy (50m), Henery (50m, hauteur), Ewan (50m, hauteur), Quentin (50m, hauteur), Thibault (50m, hauteur, longueur) et Ma\u00eblle (50m haies).<\/p>\n<p>Accompagnement Mathieu, qui fera accompagnateur, encadrant et juge !<\/p>\n<p>2\u00b0) A Foug\u00e8res pour le championnat d\u00e9partemental de cross Poussins\/poussines :<\/p>\n<p>Ils seront 14 jeunes athl\u00e8tes pr\u00e9sents pour Janz\u00e9 Athl\u00e9 : Ewenn, Malo, Aim\u00e9, Lucas, Corentin, Karl, Prynce et les deux Marius (Lepage et Loisel), ainsi que No\u00e9mie, Cali, Julie, Rosa et Nina. La plupart vont d\u00e9couvrir le cross.<\/p>\n<p>Accompagnement Eric avec le soutien des parents pr\u00e9sents.<\/p>\n<p>Bon courage \u00e0 tous, amusez-vous bien et accessoirement ramenez-nous des m\u00e9dailles, on en raffole !<\/p>\n","protected":false},"excerpt":{"rendered":"<p>Nos jeunes seront sur deux fronts (pacifiques) ce samedi : 1\u00b0) \u00c0 Guilers dans le Finist\u00e8re pour les championnats individuels minimes : Ils \u00e9taient 9 qualifiables sur 6 \u00e9preuves. Ils seront finalement 8 pr\u00e9sents sur 5 \u00e9preuves : B\u00e9renger (perche), Teddy (50m), Henery (50m, hauteur), Ewan (50m, hauteur), Quentin (50m, hauteur), Thibault (50m, hauteur, longueur) [&hellip;]<\/p>\n","protected":false},"author":12,"featured_media":8619,"comment_status":"open","ping_status":"open","sticky":false,"template":"","format":"aside","meta":{"_uag_custom_page_level_css":"","site-sidebar-layout":"default","site-content-layout":"default","ast-site-content-layout":"default","site-content-style":"default","site-sidebar-style":"default","ast-global-header-display":"","ast-banner-title-visibility":"","ast-main-header-display":"","ast-hfb-above-header-display":"","ast-hfb-below-header-display":"","ast-hfb-mobile-header-display":"","site-post-title":"","ast-breadcrumbs-content":"","ast-featured-img":"","footer-sml-layout":"","ast-disable-related-posts":"","theme-transparent-header-meta":"","adv-header-id-meta":"","stick-header-meta":"","header-above-stick-meta":"","header-main-stick-meta":"","header-below-stick-meta":"","astra-migrate-meta-layouts":"default","ast-page-background-enabled":"default","ast-page-background-meta":{"desktop":{"background-color":"var(--ast-global-color-4)","background-image":"","background-repeat":"repeat","background-position":"center center","background-size":"auto","background-attachment":"scroll","background-type":"","background-media":"","overlay-type":"","overlay-color":"","overlay-opacity":"","overlay-gradient":""},"tablet":{"background-color":"","background-image":"","background-repeat":"repeat","background-position":"center center","background-size":"auto","background-attachment":"scroll","background-type":"","background-media":"","overlay-type":"","overlay-color":"","overlay-opacity":"","overlay-gradient":""},"mobile":{"background-color":"","background-image":"","background-repeat":"repeat","background-position":"center center","background-size":"auto","background-attachment":"scroll","background-type":"","background-media":"","overlay-type":"","overlay-color":"","overlay-opacity":"","overlay-gradient":""}},"ast-content-background-meta":{"desktop":{"background-color":"var(--ast-global-color-5)","background-image":"","background-repeat":"repeat","background-position":"center center","background-size":"auto","background-attachment":"scroll","background-type":"","background-media":"","overlay-type":"","overlay-color":"","overlay-opacity":"","overlay-gradient":""},"tablet":{"background-color":"var(--ast-global-color-5)","background-image":"","background-repeat":"repeat","background-position":"center center","background-size":"auto","background-attachment":"scroll","background-type":"","background-media":"","overlay-type":"","overlay-color":"","overlay-opacity":"","overlay-gradient":""},"mobile":{"background-color":"var(--ast-global-color-5)","background-image":"","background-repeat":"repeat","background-position":"center center","background-size":"auto","background-attachment":"scroll","background-type":"","background-media":"","overlay-type":"","overlay-color":"","overlay-opacity":"","overlay-gradient":""}},"footnotes":""},"categories":[6],"tags":[],"class_list":["post-8789","post","type-post","status-publish","format-aside","has-post-thumbnail","hentry","category-sections","post_format-post-format-aside"],"yoast_head":"<!-- This site is optimized with the Yoast SEO plugin v27.5 - https:\/\/yoast.com\/product\/yoast-seo-wordpress\/ -->\n<title>Deux rendez-vous ce samedi pour les jeunes - Janz\u00e9 Athl\u00e9tisme<\/title>\n<meta name=\"robots\" content=\"index, follow, max-snippet:-1, max-image-preview:large, max-video-preview:-1\" \/>\n<link rel=\"canonical\" href=\"https:\/\/janze-athletisme.fr\/wordpress\/deux-rendez-vous-ce-samedi-pour-les-jeunes\/\" \/>\n<meta property=\"og:locale\" content=\"fr_FR\" \/>\n<meta property=\"og:type\" content=\"article\" \/>\n<meta property=\"og:title\" content=\"Deux rendez-vous ce samedi pour les jeunes - Janz\u00e9 Athl\u00e9tisme\" \/>\n<meta property=\"og:description\" content=\"Nos jeunes seront sur deux fronts (pacifiques) ce samedi : 1\u00b0) \u00c0 Guilers dans le Finist\u00e8re pour les championnats individuels minimes : Ils \u00e9taient 9 qualifiables sur 6 \u00e9preuves. Ils seront finalement 8 pr\u00e9sents sur 5 \u00e9preuves : B\u00e9renger (perche), Teddy (50m), Henery (50m, hauteur), Ewan (50m, hauteur), Quentin (50m, hauteur), Thibault (50m, hauteur, longueur) [&hellip;]\" \/>\n<meta property=\"og:url\" content=\"https:\/\/janze-athletisme.fr\/wordpress\/deux-rendez-vous-ce-samedi-pour-les-jeunes\/\" \/>\n<meta property=\"og:site_name\" content=\"Janz\u00e9 Athl\u00e9tisme\" \/>\n<meta property=\"article:publisher\" content=\"https:\/\/www.facebook.com\/groups\/1007964579346590\" \/>\n<meta property=\"article:published_time\" content=\"2022-03-04T08:54:45+00:00\" \/>\n<meta property=\"og:image\" content=\"https:\/\/janze-athletisme.fr\/wordpress\/wp-content\/uploads\/2022\/02\/Thibault-avec-Henery-le-13dec2021.jpg\" \/>\n\t<meta property=\"og:image:width\" content=\"710\" \/>\n\t<meta property=\"og:image:height\" content=\"650\" \/>\n\t<meta property=\"og:image:type\" content=\"image\/jpeg\" \/>\n<meta name=\"author\" content=\"Laurent Meunier\" \/>\n<meta name=\"twitter:card\" content=\"summary_large_image\" \/>\n<meta name=\"twitter:label1\" content=\"\u00c9crit par\" \/>\n\t<meta name=\"twitter:data1\" content=\"Laurent Meunier\" \/>\n\t<meta name=\"twitter:label2\" content=\"Dur\u00e9e de lecture estim\u00e9e\" \/>\n\t<meta name=\"twitter:data2\" content=\"1 minute\" \/>\n<script type=\"application\/ld+json\" class=\"yoast-schema-graph\">{\"@context\":\"https:\\\/\\\/schema.org\",\"@graph\":[{\"@type\":\"Article\",\"@id\":\"https:\\\/\\\/janze-athletisme.fr\\\/wordpress\\\/deux-rendez-vous-ce-samedi-pour-les-jeunes\\\/#article\",\"isPartOf\":{\"@id\":\"https:\\\/\\\/janze-athletisme.fr\\\/wordpress\\\/deux-rendez-vous-ce-samedi-pour-les-jeunes\\\/\"},\"author\":{\"name\":\"Laurent Meunier\",\"@id\":\"https:\\\/\\\/janze-athletisme.fr\\\/wordpress\\\/#\\\/schema\\\/person\\\/c7b063dcfa6234c041d4d9b26cc2ea03\"},\"headline\":\"Deux rendez-vous ce samedi pour les jeunes\",\"datePublished\":\"2022-03-04T08:54:45+00:00\",\"mainEntityOfPage\":{\"@id\":\"https:\\\/\\\/janze-athletisme.fr\\\/wordpress\\\/deux-rendez-vous-ce-samedi-pour-les-jeunes\\\/\"},\"wordCount\":144,\"commentCount\":0,\"publisher\":{\"@id\":\"https:\\\/\\\/janze-athletisme.fr\\\/wordpress\\\/#organization\"},\"image\":{\"@id\":\"https:\\\/\\\/janze-athletisme.fr\\\/wordpress\\\/deux-rendez-vous-ce-samedi-pour-les-jeunes\\\/#primaryimage\"},\"thumbnailUrl\":\"https:\\\/\\\/janze-athletisme.fr\\\/wordpress\\\/wp-content\\\/uploads\\\/2022\\\/02\\\/Thibault-avec-Henery-le-13dec2021.jpg\",\"articleSection\":[\"Le club au jour le jour\"],\"inLanguage\":\"fr-FR\",\"potentialAction\":[{\"@type\":\"CommentAction\",\"name\":\"Comment\",\"target\":[\"https:\\\/\\\/janze-athletisme.fr\\\/wordpress\\\/deux-rendez-vous-ce-samedi-pour-les-jeunes\\\/#respond\"]}]},{\"@type\":\"WebPage\",\"@id\":\"https:\\\/\\\/janze-athletisme.fr\\\/wordpress\\\/deux-rendez-vous-ce-samedi-pour-les-jeunes\\\/\",\"url\":\"https:\\\/\\\/janze-athletisme.fr\\\/wordpress\\\/deux-rendez-vous-ce-samedi-pour-les-jeunes\\\/\",\"name\":\"Deux rendez-vous ce samedi pour les jeunes - Janz\u00e9 Athl\u00e9tisme\",\"isPartOf\":{\"@id\":\"https:\\\/\\\/janze-athletisme.fr\\\/wordpress\\\/#website\"},\"primaryImageOfPage\":{\"@id\":\"https:\\\/\\\/janze-athletisme.fr\\\/wordpress\\\/deux-rendez-vous-ce-samedi-pour-les-jeunes\\\/#primaryimage\"},\"image\":{\"@id\":\"https:\\\/\\\/janze-athletisme.fr\\\/wordpress\\\/deux-rendez-vous-ce-samedi-pour-les-jeunes\\\/#primaryimage\"},\"thumbnailUrl\":\"https:\\\/\\\/janze-athletisme.fr\\\/wordpress\\\/wp-content\\\/uploads\\\/2022\\\/02\\\/Thibault-avec-Henery-le-13dec2021.jpg\",\"datePublished\":\"2022-03-04T08:54:45+00:00\",\"breadcrumb\":{\"@id\":\"https:\\\/\\\/janze-athletisme.fr\\\/wordpress\\\/deux-rendez-vous-ce-samedi-pour-les-jeunes\\\/#breadcrumb\"},\"inLanguage\":\"fr-FR\",\"potentialAction\":[{\"@type\":\"ReadAction\",\"target\":[\"https:\\\/\\\/janze-athletisme.fr\\\/wordpress\\\/deux-rendez-vous-ce-samedi-pour-les-jeunes\\\/\"]}]},{\"@type\":\"ImageObject\",\"inLanguage\":\"fr-FR\",\"@id\":\"https:\\\/\\\/janze-athletisme.fr\\\/wordpress\\\/deux-rendez-vous-ce-samedi-pour-les-jeunes\\\/#primaryimage\",\"url\":\"https:\\\/\\\/janze-athletisme.fr\\\/wordpress\\\/wp-content\\\/uploads\\\/2022\\\/02\\\/Thibault-avec-Henery-le-13dec2021.jpg\",\"contentUrl\":\"https:\\\/\\\/janze-athletisme.fr\\\/wordpress\\\/wp-content\\\/uploads\\\/2022\\\/02\\\/Thibault-avec-Henery-le-13dec2021.jpg\",\"width\":710,\"height\":650},{\"@type\":\"BreadcrumbList\",\"@id\":\"https:\\\/\\\/janze-athletisme.fr\\\/wordpress\\\/deux-rendez-vous-ce-samedi-pour-les-jeunes\\\/#breadcrumb\",\"itemListElement\":[{\"@type\":\"ListItem\",\"position\":1,\"name\":\"Accueil\",\"item\":\"https:\\\/\\\/janze-athletisme.fr\\\/wordpress\\\/\"},{\"@type\":\"ListItem\",\"position\":2,\"name\":\"Deux rendez-vous ce samedi pour les jeunes\"}]},{\"@type\":\"WebSite\",\"@id\":\"https:\\\/\\\/janze-athletisme.fr\\\/wordpress\\\/#website\",\"url\":\"https:\\\/\\\/janze-athletisme.fr\\\/wordpress\\\/\",\"name\":\"Janz\u00e9 Athl\u00e9tisme\",\"description\":\"Pays de La Roche aux F\u00e9es\",\"publisher\":{\"@id\":\"https:\\\/\\\/janze-athletisme.fr\\\/wordpress\\\/#organization\"},\"potentialAction\":[{\"@type\":\"SearchAction\",\"target\":{\"@type\":\"EntryPoint\",\"urlTemplate\":\"https:\\\/\\\/janze-athletisme.fr\\\/wordpress\\\/?s={search_term_string}\"},\"query-input\":{\"@type\":\"PropertyValueSpecification\",\"valueRequired\":true,\"valueName\":\"search_term_string\"}}],\"inLanguage\":\"fr-FR\"},{\"@type\":\"Organization\",\"@id\":\"https:\\\/\\\/janze-athletisme.fr\\\/wordpress\\\/#organization\",\"name\":\"Janz\u00e9 Athl\u00e9tisme\",\"url\":\"https:\\\/\\\/janze-athletisme.fr\\\/wordpress\\\/\",\"logo\":{\"@type\":\"ImageObject\",\"inLanguage\":\"fr-FR\",\"@id\":\"https:\\\/\\\/janze-athletisme.fr\\\/wordpress\\\/#\\\/schema\\\/logo\\\/image\\\/\",\"url\":\"https:\\\/\\\/janze-athletisme.fr\\\/wordpress\\\/wp-content\\\/uploads\\\/2015\\\/03\\\/logo-full1.jpg\",\"contentUrl\":\"https:\\\/\\\/janze-athletisme.fr\\\/wordpress\\\/wp-content\\\/uploads\\\/2015\\\/03\\\/logo-full1.jpg\",\"width\":437,\"height\":205,\"caption\":\"Janz\u00e9 Athl\u00e9tisme\"},\"image\":{\"@id\":\"https:\\\/\\\/janze-athletisme.fr\\\/wordpress\\\/#\\\/schema\\\/logo\\\/image\\\/\"},\"sameAs\":[\"https:\\\/\\\/www.facebook.com\\\/groups\\\/1007964579346590\"]},{\"@type\":\"Person\",\"@id\":\"https:\\\/\\\/janze-athletisme.fr\\\/wordpress\\\/#\\\/schema\\\/person\\\/c7b063dcfa6234c041d4d9b26cc2ea03\",\"name\":\"Laurent Meunier\",\"image\":{\"@type\":\"ImageObject\",\"inLanguage\":\"fr-FR\",\"@id\":\"https:\\\/\\\/secure.gravatar.com\\\/avatar\\\/dd25d581ad7c3349090f2fa6a9adb6bfa287e6a5dd8a5216a092727cd8749034?s=96&d=mm&r=g\",\"url\":\"https:\\\/\\\/secure.gravatar.com\\\/avatar\\\/dd25d581ad7c3349090f2fa6a9adb6bfa287e6a5dd8a5216a092727cd8749034?s=96&d=mm&r=g\",\"contentUrl\":\"https:\\\/\\\/secure.gravatar.com\\\/avatar\\\/dd25d581ad7c3349090f2fa6a9adb6bfa287e6a5dd8a5216a092727cd8749034?s=96&d=mm&r=g\",\"caption\":\"Laurent Meunier\"},\"url\":\"https:\\\/\\\/janze-athletisme.fr\\\/wordpress\\\/author\\\/laurent-meunier35\\\/\"}]}<\/script>\n<!-- \/ Yoast SEO plugin. -->","yoast_head_json":{"title":"Deux rendez-vous ce samedi pour les jeunes - Janz\u00e9 Athl\u00e9tisme","robots":{"index":"index","follow":"follow","max-snippet":"max-snippet:-1","max-image-preview":"max-image-preview:large","max-video-preview":"max-video-preview:-1"},"canonical":"https:\/\/janze-athletisme.fr\/wordpress\/deux-rendez-vous-ce-samedi-pour-les-jeunes\/","og_locale":"fr_FR","og_type":"article","og_title":"Deux rendez-vous ce samedi pour les jeunes - Janz\u00e9 Athl\u00e9tisme","og_description":"Nos jeunes seront sur deux fronts (pacifiques) ce samedi : 1\u00b0) \u00c0 Guilers dans le Finist\u00e8re pour les championnats individuels minimes : Ils \u00e9taient 9 qualifiables sur 6 \u00e9preuves. Ils seront finalement 8 pr\u00e9sents sur 5 \u00e9preuves : B\u00e9renger (perche), Teddy (50m), Henery (50m, hauteur), Ewan (50m, hauteur), Quentin (50m, hauteur), Thibault (50m, hauteur, longueur) [&hellip;]","og_url":"https:\/\/janze-athletisme.fr\/wordpress\/deux-rendez-vous-ce-samedi-pour-les-jeunes\/","og_site_name":"Janz\u00e9 Athl\u00e9tisme","article_publisher":"https:\/\/www.facebook.com\/groups\/1007964579346590","article_published_time":"2022-03-04T08:54:45+00:00","og_image":[{"width":710,"height":650,"url":"https:\/\/janze-athletisme.fr\/wordpress\/wp-content\/uploads\/2022\/02\/Thibault-avec-Henery-le-13dec2021.jpg","type":"image\/jpeg"}],"author":"Laurent Meunier","twitter_card":"summary_large_image","twitter_misc":{"\u00c9crit par":"Laurent Meunier","Dur\u00e9e de lecture estim\u00e9e":"1 minute"},"schema":{"@context":"https:\/\/schema.org","@graph":[{"@type":"Article","@id":"https:\/\/janze-athletisme.fr\/wordpress\/deux-rendez-vous-ce-samedi-pour-les-jeunes\/#article","isPartOf":{"@id":"https:\/\/janze-athletisme.fr\/wordpress\/deux-rendez-vous-ce-samedi-pour-les-jeunes\/"},"author":{"name":"Laurent Meunier","@id":"https:\/\/janze-athletisme.fr\/wordpress\/#\/schema\/person\/c7b063dcfa6234c041d4d9b26cc2ea03"},"headline":"Deux rendez-vous ce samedi pour les jeunes","datePublished":"2022-03-04T08:54:45+00:00","mainEntityOfPage":{"@id":"https:\/\/janze-athletisme.fr\/wordpress\/deux-rendez-vous-ce-samedi-pour-les-jeunes\/"},"wordCount":144,"commentCount":0,"publisher":{"@id":"https:\/\/janze-athletisme.fr\/wordpress\/#organization"},"image":{"@id":"https:\/\/janze-athletisme.fr\/wordpress\/deux-rendez-vous-ce-samedi-pour-les-jeunes\/#primaryimage"},"thumbnailUrl":"https:\/\/janze-athletisme.fr\/wordpress\/wp-content\/uploads\/2022\/02\/Thibault-avec-Henery-le-13dec2021.jpg","articleSection":["Le club au jour le jour"],"inLanguage":"fr-FR","potentialAction":[{"@type":"CommentAction","name":"Comment","target":["https:\/\/janze-athletisme.fr\/wordpress\/deux-rendez-vous-ce-samedi-pour-les-jeunes\/#respond"]}]},{"@type":"WebPage","@id":"https:\/\/janze-athletisme.fr\/wordpress\/deux-rendez-vous-ce-samedi-pour-les-jeunes\/","url":"https:\/\/janze-athletisme.fr\/wordpress\/deux-rendez-vous-ce-samedi-pour-les-jeunes\/","name":"Deux rendez-vous ce samedi pour les jeunes - Janz\u00e9 Athl\u00e9tisme","isPartOf":{"@id":"https:\/\/janze-athletisme.fr\/wordpress\/#website"},"primaryImageOfPage":{"@id":"https:\/\/janze-athletisme.fr\/wordpress\/deux-rendez-vous-ce-samedi-pour-les-jeunes\/#primaryimage"},"image":{"@id":"https:\/\/janze-athletisme.fr\/wordpress\/deux-rendez-vous-ce-samedi-pour-les-jeunes\/#primaryimage"},"thumbnailUrl":"https:\/\/janze-athletisme.fr\/wordpress\/wp-content\/uploads\/2022\/02\/Thibault-avec-Henery-le-13dec2021.jpg","datePublished":"2022-03-04T08:54:45+00:00","breadcrumb":{"@id":"https:\/\/janze-athletisme.fr\/wordpress\/deux-rendez-vous-ce-samedi-pour-les-jeunes\/#breadcrumb"},"inLanguage":"fr-FR","potentialAction":[{"@type":"ReadAction","target":["https:\/\/janze-athletisme.fr\/wordpress\/deux-rendez-vous-ce-samedi-pour-les-jeunes\/"]}]},{"@type":"ImageObject","inLanguage":"fr-FR","@id":"https:\/\/janze-athletisme.fr\/wordpress\/deux-rendez-vous-ce-samedi-pour-les-jeunes\/#primaryimage","url":"https:\/\/janze-athletisme.fr\/wordpress\/wp-content\/uploads\/2022\/02\/Thibault-avec-Henery-le-13dec2021.jpg","contentUrl":"https:\/\/janze-athletisme.fr\/wordpress\/wp-content\/uploads\/2022\/02\/Thibault-avec-Henery-le-13dec2021.jpg","width":710,"height":650},{"@type":"BreadcrumbList","@id":"https:\/\/janze-athletisme.fr\/wordpress\/deux-rendez-vous-ce-samedi-pour-les-jeunes\/#breadcrumb","itemListElement":[{"@type":"ListItem","position":1,"name":"Accueil","item":"https:\/\/janze-athletisme.fr\/wordpress\/"},{"@type":"ListItem","position":2,"name":"Deux rendez-vous ce samedi pour les jeunes"}]},{"@type":"WebSite","@id":"https:\/\/janze-athletisme.fr\/wordpress\/#website","url":"https:\/\/janze-athletisme.fr\/wordpress\/","name":"Janz\u00e9 Athl\u00e9tisme","description":"Pays de La Roche aux F\u00e9es","publisher":{"@id":"https:\/\/janze-athletisme.fr\/wordpress\/#organization"},"potentialAction":[{"@type":"SearchAction","target":{"@type":"EntryPoint","urlTemplate":"https:\/\/janze-athletisme.fr\/wordpress\/?s={search_term_string}"},"query-input":{"@type":"PropertyValueSpecification","valueRequired":true,"valueName":"search_term_string"}}],"inLanguage":"fr-FR"},{"@type":"Organization","@id":"https:\/\/janze-athletisme.fr\/wordpress\/#organization","name":"Janz\u00e9 Athl\u00e9tisme","url":"https:\/\/janze-athletisme.fr\/wordpress\/","logo":{"@type":"ImageObject","inLanguage":"fr-FR","@id":"https:\/\/janze-athletisme.fr\/wordpress\/#\/schema\/logo\/image\/","url":"https:\/\/janze-athletisme.fr\/wordpress\/wp-content\/uploads\/2015\/03\/logo-full1.jpg","contentUrl":"https:\/\/janze-athletisme.fr\/wordpress\/wp-content\/uploads\/2015\/03\/logo-full1.jpg","width":437,"height":205,"caption":"Janz\u00e9 Athl\u00e9tisme"},"image":{"@id":"https:\/\/janze-athletisme.fr\/wordpress\/#\/schema\/logo\/image\/"},"sameAs":["https:\/\/www.facebook.com\/groups\/1007964579346590"]},{"@type":"Person","@id":"https:\/\/janze-athletisme.fr\/wordpress\/#\/schema\/person\/c7b063dcfa6234c041d4d9b26cc2ea03","name":"Laurent Meunier","image":{"@type":"ImageObject","inLanguage":"fr-FR","@id":"https:\/\/secure.gravatar.com\/avatar\/dd25d581ad7c3349090f2fa6a9adb6bfa287e6a5dd8a5216a092727cd8749034?s=96&d=mm&r=g","url":"https:\/\/secure.gravatar.com\/avatar\/dd25d581ad7c3349090f2fa6a9adb6bfa287e6a5dd8a5216a092727cd8749034?s=96&d=mm&r=g","contentUrl":"https:\/\/secure.gravatar.com\/avatar\/dd25d581ad7c3349090f2fa6a9adb6bfa287e6a5dd8a5216a092727cd8749034?s=96&d=mm&r=g","caption":"Laurent Meunier"},"url":"https:\/\/janze-athletisme.fr\/wordpress\/author\/laurent-meunier35\/"}]}},"uagb_featured_image_src":{"full":["https:\/\/janze-athletisme.fr\/wordpress\/wp-content\/uploads\/2022\/02\/Thibault-avec-Henery-le-13dec2021.jpg",710,650,false],"thumbnail":["https:\/\/janze-athletisme.fr\/wordpress\/wp-content\/uploads\/2022\/02\/Thibault-avec-Henery-le-13dec2021-150x150.jpg",150,150,true],"medium":["https:\/\/janze-athletisme.fr\/wordpress\/wp-content\/uploads\/2022\/02\/Thibault-avec-Henery-le-13dec2021-300x275.jpg",300,275,true],"medium_large":["https:\/\/janze-athletisme.fr\/wordpress\/wp-content\/uploads\/2022\/02\/Thibault-avec-Henery-le-13dec2021.jpg",710,650,false],"large":["https:\/\/janze-athletisme.fr\/wordpress\/wp-content\/uploads\/2022\/02\/Thibault-avec-Henery-le-13dec2021.jpg",710,650,false],"1536x1536":["https:\/\/janze-athletisme.fr\/wordpress\/wp-content\/uploads\/2022\/02\/Thibault-avec-Henery-le-13dec2021.jpg",710,650,false],"2048x2048":["https:\/\/janze-athletisme.fr\/wordpress\/wp-content\/uploads\/2022\/02\/Thibault-avec-Henery-le-13dec2021.jpg",710,650,false]},"uagb_author_info":{"display_name":"Laurent Meunier","author_link":"https:\/\/janze-athletisme.fr\/wordpress\/author\/laurent-meunier35\/"},"uagb_comment_info":0,"uagb_excerpt":"Nos jeunes seront sur deux fronts (pacifiques) ce samedi : 1\u00b0) \u00c0 Guilers dans le Finist\u00e8re pour les championnats individuels minimes : Ils \u00e9taient 9 qualifiables sur 6 \u00e9preuves. Ils seront finalement 8 pr\u00e9sents sur 5 \u00e9preuves : B\u00e9renger (perche), Teddy (50m), Henery (50m, hauteur), Ewan (50m, hauteur), Quentin (50m, hauteur), Thibault (50m, hauteur, longueur)\u2026","_links":{"self":[{"href":"https:\/\/janze-athletisme.fr\/wordpress\/wp-json\/wp\/v2\/posts\/8789","targetHints":{"allow":["GET"]}}],"collection":[{"href":"https:\/\/janze-athletisme.fr\/wordpress\/wp-json\/wp\/v2\/posts"}],"about":[{"href":"https:\/\/janze-athletisme.fr\/wordpress\/wp-json\/wp\/v2\/types\/post"}],"author":[{"embeddable":true,"href":"https:\/\/janze-athletisme.fr\/wordpress\/wp-json\/wp\/v2\/users\/12"}],"replies":[{"embeddable":true,"href":"https:\/\/janze-athletisme.fr\/wordpress\/wp-json\/wp\/v2\/comments?post=8789"}],"version-history":[{"count":1,"href":"https:\/\/janze-athletisme.fr\/wordpress\/wp-json\/wp\/v2\/posts\/8789\/revisions"}],"predecessor-version":[{"id":8790,"href":"https:\/\/janze-athletisme.fr\/wordpress\/wp-json\/wp\/v2\/posts\/8789\/revisions\/8790"}],"wp:featuredmedia":[{"embeddable":true,"href":"https:\/\/janze-athletisme.fr\/wordpress\/wp-json\/wp\/v2\/media\/8619"}],"wp:attachment":[{"href":"https:\/\/janze-athletisme.fr\/wordpress\/wp-json\/wp\/v2\/media?parent=8789"}],"wp:term":[{"taxonomy":"category","embeddable":true,"href":"https:\/\/janze-athletisme.fr\/wordpress\/wp-json\/wp\/v2\/categories?post=8789"},{"taxonomy":"post_tag","embeddable":true,"href":"https:\/\/janze-athletisme.fr\/wordpress\/wp-json\/wp\/v2\/tags?post=8789"}],"curies":[{"name":"wp","href":"https:\/\/api.w.org\/{rel}","templated":true}]}}