{"id":8772,"date":"2022-03-02T13:38:21","date_gmt":"2022-03-02T12:38:21","guid":{"rendered":"https:\/\/janze-athletisme.fr\/wordpress\/?p=8772"},"modified":"2022-03-02T13:49:44","modified_gmt":"2022-03-02T12:49:44","slug":"a-eu-la-belle-aventure-et-surtout-a-elles","status":"publish","type":"post","link":"https:\/\/janze-athletisme.fr\/wordpress\/a-eu-la-belle-aventure-et-surtout-a-elles\/","title":{"rendered":"\u00c0 Eu la belle aventure (et surtout \u00e0 elles)"},"content":{"rendered":"<p><strong>Pr\u00e9-France de cross \u00e0 Eu le 27 f\u00e9vrier<\/strong><\/p>\n<p>C&rsquo;\u00e9tait un peu l&rsquo;aventure que cette escapade \u00e0 Eu pour les Pr\u00e9-France de cross : d\u00e9part le samedi midi, retour le dimanche soir tr\u00e8s tard, un patron d&rsquo;h\u00f4tel pas tr\u00e8s sympa, mais en parall\u00e8le une m\u00e9t\u00e9o quasi parfaite et un cadre magnifique, qui feront tout de m\u00eame de beaux souvenirs.<\/p>\n<p>Le parcours \u00e9tait tr\u00e8s difficile, technique, exigeant, quasi parcours de trail par endroit, avec un raidillon costaud et des descentes \u00e0 la limite du dangereux, mais c&rsquo;\u00e9tait un vrai parcours de cross, superbe et n\u00e9cessitant des qualit\u00e9s \u00e0 la fois physiques et mentales.<\/p>\n<p>\u00c0 ce jeu, nos athl\u00e8tes de l&rsquo;EAC s&rsquo;en sont plut\u00f4t bien sortis, m\u00eame si la concurrence, extr\u00eamement relev\u00e9e, et surtout la baisse des quotas de qualification, aussi bien individuellement que par \u00e9quipes, ont rendu compliqu\u00e9e la qualif pour les France, aux Mureaux, les 12 et 13 mars.<\/p>\n<p>7 qualifi\u00e9(e)s n\u00e9anmoins, toutes et tous individuellement, ce qui n&rsquo;est d\u00e9j\u00e0 pas mal (4 de Cesson, 2 de Janz\u00e9 et 1 de Bain). Honneur aux filles, elles seront 5 aux Mureaux, pour 2 gar\u00e7ons.<\/p>\n<p>Outre ces qualifications et la superbe victoire avec le comit\u00e9 35 de nos deux minimes filles, <strong>L\u00e9a<\/strong> et <strong>Faustine<\/strong> (Janz\u00e9), 3<sup>e<\/sup> et 4<sup>e<\/sup> de l&rsquo;\u00e9quipe victorieuse, dont nous avons parl\u00e9 hier, la grosse perf du jour est \u00e0 mettre \u00e0 l&rsquo;actif de <strong>Basile<\/strong>, excellent 21<sup>e<\/sup> en juniors \u00e0 l&rsquo;issue d&rsquo;une course tr\u00e8s joliment ma\u00eetris\u00e9e.<\/p>\n<p><u>Les qualifi\u00e9(e)s :<\/u> <strong>Elsa<\/strong> (Bain) et <strong>Charlotte<\/strong> (Cesson) en CAF, <strong>Lou<\/strong> (Janz\u00e9) et <strong>Tiffany<\/strong> (Cesson) en ESF, <strong>Sol\u00e8ne<\/strong> (Cesson) en \u00c9lites F, <strong>Basile<\/strong> (Janz\u00e9) en JUM et <strong>S\u00e9bastien<\/strong> (Cesson) en MAM.<\/p>\n<p><u>Les r\u00e9sultats :<\/u><\/p>\n<p><a href=\"https:\/\/bases.athle.fr\/asp.net\/liste.aspx?frmbase=resultats&amp;frmmode=1&amp;pardisplay=1&amp;frmespace=0&amp;frmcompetition=263837&amp;frmclub=035136\">https:\/\/bases.athle.fr\/asp.net\/liste.aspx?frmbase=resultats&amp;frmmode=1&amp;pardisplay=1&amp;frmespace=0&amp;frmcompetition=263837&amp;frmclub=035136<\/a><u><\/u><\/p>\n<p><a href=\"https:\/\/janze-athletisme.fr\/wordpress\/wp-content\/uploads\/2022\/03\/DSC_3738-scaled.jpg\"><img loading=\"lazy\" decoding=\"async\" class=\"alignnone size-medium wp-image-8773\" src=\"https:\/\/janze-athletisme.fr\/wordpress\/wp-content\/uploads\/2022\/03\/DSC_3738-300x200.jpg\" alt=\"\" width=\"300\" height=\"200\" srcset=\"https:\/\/janze-athletisme.fr\/wordpress\/wp-content\/uploads\/2022\/03\/DSC_3738-300x200.jpg 300w, https:\/\/janze-athletisme.fr\/wordpress\/wp-content\/uploads\/2022\/03\/DSC_3738-1024x683.jpg 1024w, https:\/\/janze-athletisme.fr\/wordpress\/wp-content\/uploads\/2022\/03\/DSC_3738-768x512.jpg 768w, https:\/\/janze-athletisme.fr\/wordpress\/wp-content\/uploads\/2022\/03\/DSC_3738-1536x1024.jpg 1536w, https:\/\/janze-athletisme.fr\/wordpress\/wp-content\/uploads\/2022\/03\/DSC_3738-2048x1365.jpg 2048w\" sizes=\"auto, (max-width: 300px) 100vw, 300px\" \/>\u00a0 <\/a><\/p>\n<p><em><span style=\"font-size: 10pt;\">Une grande partie du groupe le dimanche matin au sortir de l&rsquo;h\u00f4tel.<\/span><\/em><\/p>\n<p><a href=\"https:\/\/janze-athletisme.fr\/wordpress\/wp-content\/uploads\/2022\/03\/DSC_4047.jpg\"><img loading=\"lazy\" decoding=\"async\" class=\"alignnone size-medium wp-image-8774\" src=\"https:\/\/janze-athletisme.fr\/wordpress\/wp-content\/uploads\/2022\/03\/DSC_4047-223x300.jpg\" alt=\"\" width=\"223\" height=\"300\" srcset=\"https:\/\/janze-athletisme.fr\/wordpress\/wp-content\/uploads\/2022\/03\/DSC_4047-223x300.jpg 223w, https:\/\/janze-athletisme.fr\/wordpress\/wp-content\/uploads\/2022\/03\/DSC_4047-762x1024.jpg 762w, https:\/\/janze-athletisme.fr\/wordpress\/wp-content\/uploads\/2022\/03\/DSC_4047-768x1032.jpg 768w, https:\/\/janze-athletisme.fr\/wordpress\/wp-content\/uploads\/2022\/03\/DSC_4047-1143x1536.jpg 1143w, https:\/\/janze-athletisme.fr\/wordpress\/wp-content\/uploads\/2022\/03\/DSC_4047.jpg 1500w\" sizes=\"auto, (max-width: 223px) 100vw, 223px\" \/>\u00a0 <\/a><a href=\"https:\/\/janze-athletisme.fr\/wordpress\/wp-content\/uploads\/2022\/03\/DSC_4156-scaled.jpg\"><img loading=\"lazy\" decoding=\"async\" class=\"alignnone size-medium wp-image-8776\" src=\"https:\/\/janze-athletisme.fr\/wordpress\/wp-content\/uploads\/2022\/03\/DSC_4156-210x300.jpg\" alt=\"\" width=\"210\" height=\"300\" srcset=\"https:\/\/janze-athletisme.fr\/wordpress\/wp-content\/uploads\/2022\/03\/DSC_4156-210x300.jpg 210w, https:\/\/janze-athletisme.fr\/wordpress\/wp-content\/uploads\/2022\/03\/DSC_4156-716x1024.jpg 716w, https:\/\/janze-athletisme.fr\/wordpress\/wp-content\/uploads\/2022\/03\/DSC_4156-768x1099.jpg 768w, https:\/\/janze-athletisme.fr\/wordpress\/wp-content\/uploads\/2022\/03\/DSC_4156-1073x1536.jpg 1073w, https:\/\/janze-athletisme.fr\/wordpress\/wp-content\/uploads\/2022\/03\/DSC_4156-1431x2048.jpg 1431w, https:\/\/janze-athletisme.fr\/wordpress\/wp-content\/uploads\/2022\/03\/DSC_4156-scaled.jpg 1789w\" sizes=\"auto, (max-width: 210px) 100vw, 210px\" \/>\u00a0\u00a0<\/a><\/p>\n<p><em><span style=\"font-size: 10pt;\">Basile et Lou, nos deux qualifi\u00e9s janz\u00e9ens pour les France de cross dans quinze jours.<\/span><\/em><\/p>\n<p><a href=\"https:\/\/janze-athletisme.fr\/wordpress\/wp-content\/uploads\/2022\/03\/DSC_3804-scaled.jpg\"><img loading=\"lazy\" decoding=\"async\" class=\"alignnone size-medium wp-image-8777\" src=\"https:\/\/janze-athletisme.fr\/wordpress\/wp-content\/uploads\/2022\/03\/DSC_3804-216x300.jpg\" alt=\"\" width=\"216\" height=\"300\" srcset=\"https:\/\/janze-athletisme.fr\/wordpress\/wp-content\/uploads\/2022\/03\/DSC_3804-216x300.jpg 216w, https:\/\/janze-athletisme.fr\/wordpress\/wp-content\/uploads\/2022\/03\/DSC_3804-736x1024.jpg 736w, https:\/\/janze-athletisme.fr\/wordpress\/wp-content\/uploads\/2022\/03\/DSC_3804-768x1068.jpg 768w, https:\/\/janze-athletisme.fr\/wordpress\/wp-content\/uploads\/2022\/03\/DSC_3804-1105x1536.jpg 1105w, https:\/\/janze-athletisme.fr\/wordpress\/wp-content\/uploads\/2022\/03\/DSC_3804-1473x2048.jpg 1473w, https:\/\/janze-athletisme.fr\/wordpress\/wp-content\/uploads\/2022\/03\/DSC_3804-scaled.jpg 1841w\" sizes=\"auto, (max-width: 216px) 100vw, 216px\" \/>\u00a0 <\/a><a href=\"https:\/\/janze-athletisme.fr\/wordpress\/wp-content\/uploads\/2022\/03\/DSC_4153.jpg\"><img loading=\"lazy\" decoding=\"async\" class=\"alignnone size-medium wp-image-8778\" src=\"https:\/\/janze-athletisme.fr\/wordpress\/wp-content\/uploads\/2022\/03\/DSC_4153-220x300.jpg\" alt=\"\" width=\"220\" height=\"300\" srcset=\"https:\/\/janze-athletisme.fr\/wordpress\/wp-content\/uploads\/2022\/03\/DSC_4153-220x300.jpg 220w, https:\/\/janze-athletisme.fr\/wordpress\/wp-content\/uploads\/2022\/03\/DSC_4153-753x1024.jpg 753w, https:\/\/janze-athletisme.fr\/wordpress\/wp-content\/uploads\/2022\/03\/DSC_4153-768x1045.jpg 768w, https:\/\/janze-athletisme.fr\/wordpress\/wp-content\/uploads\/2022\/03\/DSC_4153-1129x1536.jpg 1129w, https:\/\/janze-athletisme.fr\/wordpress\/wp-content\/uploads\/2022\/03\/DSC_4153-1505x2048.jpg 1505w, https:\/\/janze-athletisme.fr\/wordpress\/wp-content\/uploads\/2022\/03\/DSC_4153.jpg 1800w\" sizes=\"auto, (max-width: 220px) 100vw, 220px\" \/>\u00a0 <\/a><a href=\"https:\/\/janze-athletisme.fr\/wordpress\/wp-content\/uploads\/2022\/03\/DSC_4162-scaled.jpg\"><img loading=\"lazy\" decoding=\"async\" class=\"alignnone size-medium wp-image-8779\" src=\"https:\/\/janze-athletisme.fr\/wordpress\/wp-content\/uploads\/2022\/03\/DSC_4162-200x300.jpg\" alt=\"\" width=\"200\" height=\"300\" srcset=\"https:\/\/janze-athletisme.fr\/wordpress\/wp-content\/uploads\/2022\/03\/DSC_4162-200x300.jpg 200w, https:\/\/janze-athletisme.fr\/wordpress\/wp-content\/uploads\/2022\/03\/DSC_4162-683x1024.jpg 683w, https:\/\/janze-athletisme.fr\/wordpress\/wp-content\/uploads\/2022\/03\/DSC_4162-768x1152.jpg 768w, https:\/\/janze-athletisme.fr\/wordpress\/wp-content\/uploads\/2022\/03\/DSC_4162-1024x1536.jpg 1024w, https:\/\/janze-athletisme.fr\/wordpress\/wp-content\/uploads\/2022\/03\/DSC_4162-1365x2048.jpg 1365w, https:\/\/janze-athletisme.fr\/wordpress\/wp-content\/uploads\/2022\/03\/DSC_4162-scaled.jpg 1707w\" sizes=\"auto, (max-width: 200px) 100vw, 200px\" \/><\/a><a href=\"https:\/\/janze-athletisme.fr\/wordpress\/wp-content\/uploads\/2022\/03\/DSC_4153.jpg\"> \u00a0<\/a><\/p>\n<p><a href=\"https:\/\/janze-athletisme.fr\/wordpress\/wp-content\/uploads\/2022\/03\/DSC_3836-scaled.jpg\"><img loading=\"lazy\" decoding=\"async\" class=\"alignnone size-medium wp-image-8780\" src=\"https:\/\/janze-athletisme.fr\/wordpress\/wp-content\/uploads\/2022\/03\/DSC_3836-202x300.jpg\" alt=\"\" width=\"202\" height=\"300\" srcset=\"https:\/\/janze-athletisme.fr\/wordpress\/wp-content\/uploads\/2022\/03\/DSC_3836-202x300.jpg 202w, https:\/\/janze-athletisme.fr\/wordpress\/wp-content\/uploads\/2022\/03\/DSC_3836-689x1024.jpg 689w, https:\/\/janze-athletisme.fr\/wordpress\/wp-content\/uploads\/2022\/03\/DSC_3836-768x1141.jpg 768w, https:\/\/janze-athletisme.fr\/wordpress\/wp-content\/uploads\/2022\/03\/DSC_3836-1034x1536.jpg 1034w, https:\/\/janze-athletisme.fr\/wordpress\/wp-content\/uploads\/2022\/03\/DSC_3836-1378x2048.jpg 1378w, https:\/\/janze-athletisme.fr\/wordpress\/wp-content\/uploads\/2022\/03\/DSC_3836-scaled.jpg 1723w\" sizes=\"auto, (max-width: 202px) 100vw, 202px\" \/>\u00a0 <\/a><a href=\"https:\/\/janze-athletisme.fr\/wordpress\/wp-content\/uploads\/2022\/03\/DSC_3862.jpg\"><img loading=\"lazy\" decoding=\"async\" class=\"alignnone size-medium wp-image-8782\" src=\"https:\/\/janze-athletisme.fr\/wordpress\/wp-content\/uploads\/2022\/03\/DSC_3862-300x225.jpg\" alt=\"\" width=\"300\" height=\"225\" srcset=\"https:\/\/janze-athletisme.fr\/wordpress\/wp-content\/uploads\/2022\/03\/DSC_3862-300x225.jpg 300w, https:\/\/janze-athletisme.fr\/wordpress\/wp-content\/uploads\/2022\/03\/DSC_3862-1024x766.jpg 1024w, https:\/\/janze-athletisme.fr\/wordpress\/wp-content\/uploads\/2022\/03\/DSC_3862-768x575.jpg 768w, https:\/\/janze-athletisme.fr\/wordpress\/wp-content\/uploads\/2022\/03\/DSC_3862-1536x1150.jpg 1536w, https:\/\/janze-athletisme.fr\/wordpress\/wp-content\/uploads\/2022\/03\/DSC_3862-2048x1533.jpg 2048w\" sizes=\"auto, (max-width: 300px) 100vw, 300px\" \/><\/a><a href=\"https:\/\/janze-athletisme.fr\/wordpress\/wp-content\/uploads\/2022\/03\/DSC_3836-scaled.jpg\"> \u00a0<\/a><\/p>\n<p><em><span style=\"font-size: 10pt;\">Les autres qualifi\u00e9(e)s : S\u00e9bastien, Sol\u00e8ne, Tiffany, Charlotte (Cesson) et Elsa (Bain).<\/span> <\/em><\/p>\n<p>L&rsquo;album photos est consultable via le lien suivant : <a href=\"https:\/\/flic.kr\/s\/aHBqjzEh9y\" data-cke-saved-href=\"https:\/\/flic.kr\/s\/aHBqjzEh9y\">Pr\u00e9-France cross Eu 27 fev 2022<\/a>\u200c<\/p>\n","protected":false},"excerpt":{"rendered":"<p>Pr\u00e9-France de cross \u00e0 Eu le 27 f\u00e9vrier C&rsquo;\u00e9tait un peu l&rsquo;aventure que cette escapade \u00e0 Eu pour les Pr\u00e9-France de cross : d\u00e9part le samedi midi, retour le dimanche soir tr\u00e8s tard, un patron d&rsquo;h\u00f4tel pas tr\u00e8s sympa, mais en parall\u00e8le une m\u00e9t\u00e9o quasi parfaite et un cadre magnifique, qui feront tout de m\u00eame [&hellip;]<\/p>\n","protected":false},"author":12,"featured_media":8773,"comment_status":"open","ping_status":"open","sticky":false,"template":"","format":"aside","meta":{"_uag_custom_page_level_css":"","site-sidebar-layout":"default","site-content-layout":"default","ast-site-content-layout":"default","site-content-style":"default","site-sidebar-style":"default","ast-global-header-display":"","ast-banner-title-visibility":"","ast-main-header-display":"","ast-hfb-above-header-display":"","ast-hfb-below-header-display":"","ast-hfb-mobile-header-display":"","site-post-title":"","ast-breadcrumbs-content":"","ast-featured-img":"","footer-sml-layout":"","ast-disable-related-posts":"","theme-transparent-header-meta":"","adv-header-id-meta":"","stick-header-meta":"","header-above-stick-meta":"","header-main-stick-meta":"","header-below-stick-meta":"","astra-migrate-meta-layouts":"default","ast-page-background-enabled":"default","ast-page-background-meta":{"desktop":{"background-color":"var(--ast-global-color-4)","background-image":"","background-repeat":"repeat","background-position":"center center","background-size":"auto","background-attachment":"scroll","background-type":"","background-media":"","overlay-type":"","overlay-color":"","overlay-opacity":"","overlay-gradient":""},"tablet":{"background-color":"","background-image":"","background-repeat":"repeat","background-position":"center center","background-size":"auto","background-attachment":"scroll","background-type":"","background-media":"","overlay-type":"","overlay-color":"","overlay-opacity":"","overlay-gradient":""},"mobile":{"background-color":"","background-image":"","background-repeat":"repeat","background-position":"center center","background-size":"auto","background-attachment":"scroll","background-type":"","background-media":"","overlay-type":"","overlay-color":"","overlay-opacity":"","overlay-gradient":""}},"ast-content-background-meta":{"desktop":{"background-color":"var(--ast-global-color-5)","background-image":"","background-repeat":"repeat","background-position":"center center","background-size":"auto","background-attachment":"scroll","background-type":"","background-media":"","overlay-type":"","overlay-color":"","overlay-opacity":"","overlay-gradient":""},"tablet":{"background-color":"var(--ast-global-color-5)","background-image":"","background-repeat":"repeat","background-position":"center center","background-size":"auto","background-attachment":"scroll","background-type":"","background-media":"","overlay-type":"","overlay-color":"","overlay-opacity":"","overlay-gradient":""},"mobile":{"background-color":"var(--ast-global-color-5)","background-image":"","background-repeat":"repeat","background-position":"center center","background-size":"auto","background-attachment":"scroll","background-type":"","background-media":"","overlay-type":"","overlay-color":"","overlay-opacity":"","overlay-gradient":""}},"footnotes":""},"categories":[6],"tags":[],"class_list":["post-8772","post","type-post","status-publish","format-aside","has-post-thumbnail","hentry","category-sections","post_format-post-format-aside"],"yoast_head":"<!-- This site is optimized with the Yoast SEO plugin v27.5 - https:\/\/yoast.com\/product\/yoast-seo-wordpress\/ -->\n<title>\u00c0 Eu la belle aventure (et surtout \u00e0 elles) - Janz\u00e9 Athl\u00e9tisme<\/title>\n<meta name=\"robots\" content=\"index, follow, max-snippet:-1, max-image-preview:large, max-video-preview:-1\" \/>\n<link rel=\"canonical\" href=\"https:\/\/janze-athletisme.fr\/wordpress\/a-eu-la-belle-aventure-et-surtout-a-elles\/\" \/>\n<meta property=\"og:locale\" content=\"fr_FR\" \/>\n<meta property=\"og:type\" content=\"article\" \/>\n<meta property=\"og:title\" content=\"\u00c0 Eu la belle aventure (et surtout \u00e0 elles) - Janz\u00e9 Athl\u00e9tisme\" \/>\n<meta property=\"og:description\" content=\"Pr\u00e9-France de cross \u00e0 Eu le 27 f\u00e9vrier C&rsquo;\u00e9tait un peu l&rsquo;aventure que cette escapade \u00e0 Eu pour les Pr\u00e9-France de cross : d\u00e9part le samedi midi, retour le dimanche soir tr\u00e8s tard, un patron d&rsquo;h\u00f4tel pas tr\u00e8s sympa, mais en parall\u00e8le une m\u00e9t\u00e9o quasi parfaite et un cadre magnifique, qui feront tout de m\u00eame [&hellip;]\" \/>\n<meta property=\"og:url\" content=\"https:\/\/janze-athletisme.fr\/wordpress\/a-eu-la-belle-aventure-et-surtout-a-elles\/\" \/>\n<meta property=\"og:site_name\" content=\"Janz\u00e9 Athl\u00e9tisme\" \/>\n<meta property=\"article:publisher\" content=\"https:\/\/www.facebook.com\/groups\/1007964579346590\" \/>\n<meta property=\"article:published_time\" content=\"2022-03-02T12:38:21+00:00\" \/>\n<meta property=\"article:modified_time\" content=\"2022-03-02T12:49:44+00:00\" \/>\n<meta property=\"og:image\" content=\"https:\/\/janze-athletisme.fr\/wordpress\/wp-content\/uploads\/2022\/03\/DSC_3738-scaled.jpg\" \/>\n\t<meta property=\"og:image:width\" content=\"2560\" \/>\n\t<meta property=\"og:image:height\" content=\"1707\" \/>\n\t<meta property=\"og:image:type\" content=\"image\/jpeg\" \/>\n<meta name=\"author\" content=\"Laurent Meunier\" \/>\n<meta name=\"twitter:card\" content=\"summary_large_image\" \/>\n<meta name=\"twitter:label1\" content=\"\u00c9crit par\" \/>\n\t<meta name=\"twitter:data1\" content=\"Laurent Meunier\" \/>\n\t<meta name=\"twitter:label2\" content=\"Dur\u00e9e de lecture estim\u00e9e\" \/>\n\t<meta name=\"twitter:data2\" content=\"2 minutes\" \/>\n<script type=\"application\/ld+json\" class=\"yoast-schema-graph\">{\"@context\":\"https:\\\/\\\/schema.org\",\"@graph\":[{\"@type\":\"Article\",\"@id\":\"https:\\\/\\\/janze-athletisme.fr\\\/wordpress\\\/a-eu-la-belle-aventure-et-surtout-a-elles\\\/#article\",\"isPartOf\":{\"@id\":\"https:\\\/\\\/janze-athletisme.fr\\\/wordpress\\\/a-eu-la-belle-aventure-et-surtout-a-elles\\\/\"},\"author\":{\"name\":\"Laurent Meunier\",\"@id\":\"https:\\\/\\\/janze-athletisme.fr\\\/wordpress\\\/#\\\/schema\\\/person\\\/c7b063dcfa6234c041d4d9b26cc2ea03\"},\"headline\":\"\u00c0 Eu la belle aventure (et surtout \u00e0 elles)\",\"datePublished\":\"2022-03-02T12:38:21+00:00\",\"dateModified\":\"2022-03-02T12:49:44+00:00\",\"mainEntityOfPage\":{\"@id\":\"https:\\\/\\\/janze-athletisme.fr\\\/wordpress\\\/a-eu-la-belle-aventure-et-surtout-a-elles\\\/\"},\"wordCount\":381,\"commentCount\":0,\"publisher\":{\"@id\":\"https:\\\/\\\/janze-athletisme.fr\\\/wordpress\\\/#organization\"},\"image\":{\"@id\":\"https:\\\/\\\/janze-athletisme.fr\\\/wordpress\\\/a-eu-la-belle-aventure-et-surtout-a-elles\\\/#primaryimage\"},\"thumbnailUrl\":\"https:\\\/\\\/janze-athletisme.fr\\\/wordpress\\\/wp-content\\\/uploads\\\/2022\\\/03\\\/DSC_3738-scaled.jpg\",\"articleSection\":[\"Le club au jour le jour\"],\"inLanguage\":\"fr-FR\",\"potentialAction\":[{\"@type\":\"CommentAction\",\"name\":\"Comment\",\"target\":[\"https:\\\/\\\/janze-athletisme.fr\\\/wordpress\\\/a-eu-la-belle-aventure-et-surtout-a-elles\\\/#respond\"]}]},{\"@type\":\"WebPage\",\"@id\":\"https:\\\/\\\/janze-athletisme.fr\\\/wordpress\\\/a-eu-la-belle-aventure-et-surtout-a-elles\\\/\",\"url\":\"https:\\\/\\\/janze-athletisme.fr\\\/wordpress\\\/a-eu-la-belle-aventure-et-surtout-a-elles\\\/\",\"name\":\"\u00c0 Eu la belle aventure (et surtout \u00e0 elles) - Janz\u00e9 Athl\u00e9tisme\",\"isPartOf\":{\"@id\":\"https:\\\/\\\/janze-athletisme.fr\\\/wordpress\\\/#website\"},\"primaryImageOfPage\":{\"@id\":\"https:\\\/\\\/janze-athletisme.fr\\\/wordpress\\\/a-eu-la-belle-aventure-et-surtout-a-elles\\\/#primaryimage\"},\"image\":{\"@id\":\"https:\\\/\\\/janze-athletisme.fr\\\/wordpress\\\/a-eu-la-belle-aventure-et-surtout-a-elles\\\/#primaryimage\"},\"thumbnailUrl\":\"https:\\\/\\\/janze-athletisme.fr\\\/wordpress\\\/wp-content\\\/uploads\\\/2022\\\/03\\\/DSC_3738-scaled.jpg\",\"datePublished\":\"2022-03-02T12:38:21+00:00\",\"dateModified\":\"2022-03-02T12:49:44+00:00\",\"breadcrumb\":{\"@id\":\"https:\\\/\\\/janze-athletisme.fr\\\/wordpress\\\/a-eu-la-belle-aventure-et-surtout-a-elles\\\/#breadcrumb\"},\"inLanguage\":\"fr-FR\",\"potentialAction\":[{\"@type\":\"ReadAction\",\"target\":[\"https:\\\/\\\/janze-athletisme.fr\\\/wordpress\\\/a-eu-la-belle-aventure-et-surtout-a-elles\\\/\"]}]},{\"@type\":\"ImageObject\",\"inLanguage\":\"fr-FR\",\"@id\":\"https:\\\/\\\/janze-athletisme.fr\\\/wordpress\\\/a-eu-la-belle-aventure-et-surtout-a-elles\\\/#primaryimage\",\"url\":\"https:\\\/\\\/janze-athletisme.fr\\\/wordpress\\\/wp-content\\\/uploads\\\/2022\\\/03\\\/DSC_3738-scaled.jpg\",\"contentUrl\":\"https:\\\/\\\/janze-athletisme.fr\\\/wordpress\\\/wp-content\\\/uploads\\\/2022\\\/03\\\/DSC_3738-scaled.jpg\",\"width\":2560,\"height\":1707},{\"@type\":\"BreadcrumbList\",\"@id\":\"https:\\\/\\\/janze-athletisme.fr\\\/wordpress\\\/a-eu-la-belle-aventure-et-surtout-a-elles\\\/#breadcrumb\",\"itemListElement\":[{\"@type\":\"ListItem\",\"position\":1,\"name\":\"Accueil\",\"item\":\"https:\\\/\\\/janze-athletisme.fr\\\/wordpress\\\/\"},{\"@type\":\"ListItem\",\"position\":2,\"name\":\"\u00c0 Eu la belle aventure (et surtout \u00e0 elles)\"}]},{\"@type\":\"WebSite\",\"@id\":\"https:\\\/\\\/janze-athletisme.fr\\\/wordpress\\\/#website\",\"url\":\"https:\\\/\\\/janze-athletisme.fr\\\/wordpress\\\/\",\"name\":\"Janz\u00e9 Athl\u00e9tisme\",\"description\":\"Pays de La Roche aux F\u00e9es\",\"publisher\":{\"@id\":\"https:\\\/\\\/janze-athletisme.fr\\\/wordpress\\\/#organization\"},\"potentialAction\":[{\"@type\":\"SearchAction\",\"target\":{\"@type\":\"EntryPoint\",\"urlTemplate\":\"https:\\\/\\\/janze-athletisme.fr\\\/wordpress\\\/?s={search_term_string}\"},\"query-input\":{\"@type\":\"PropertyValueSpecification\",\"valueRequired\":true,\"valueName\":\"search_term_string\"}}],\"inLanguage\":\"fr-FR\"},{\"@type\":\"Organization\",\"@id\":\"https:\\\/\\\/janze-athletisme.fr\\\/wordpress\\\/#organization\",\"name\":\"Janz\u00e9 Athl\u00e9tisme\",\"url\":\"https:\\\/\\\/janze-athletisme.fr\\\/wordpress\\\/\",\"logo\":{\"@type\":\"ImageObject\",\"inLanguage\":\"fr-FR\",\"@id\":\"https:\\\/\\\/janze-athletisme.fr\\\/wordpress\\\/#\\\/schema\\\/logo\\\/image\\\/\",\"url\":\"https:\\\/\\\/janze-athletisme.fr\\\/wordpress\\\/wp-content\\\/uploads\\\/2015\\\/03\\\/logo-full1.jpg\",\"contentUrl\":\"https:\\\/\\\/janze-athletisme.fr\\\/wordpress\\\/wp-content\\\/uploads\\\/2015\\\/03\\\/logo-full1.jpg\",\"width\":437,\"height\":205,\"caption\":\"Janz\u00e9 Athl\u00e9tisme\"},\"image\":{\"@id\":\"https:\\\/\\\/janze-athletisme.fr\\\/wordpress\\\/#\\\/schema\\\/logo\\\/image\\\/\"},\"sameAs\":[\"https:\\\/\\\/www.facebook.com\\\/groups\\\/1007964579346590\"]},{\"@type\":\"Person\",\"@id\":\"https:\\\/\\\/janze-athletisme.fr\\\/wordpress\\\/#\\\/schema\\\/person\\\/c7b063dcfa6234c041d4d9b26cc2ea03\",\"name\":\"Laurent Meunier\",\"image\":{\"@type\":\"ImageObject\",\"inLanguage\":\"fr-FR\",\"@id\":\"https:\\\/\\\/secure.gravatar.com\\\/avatar\\\/dd25d581ad7c3349090f2fa6a9adb6bfa287e6a5dd8a5216a092727cd8749034?s=96&d=mm&r=g\",\"url\":\"https:\\\/\\\/secure.gravatar.com\\\/avatar\\\/dd25d581ad7c3349090f2fa6a9adb6bfa287e6a5dd8a5216a092727cd8749034?s=96&d=mm&r=g\",\"contentUrl\":\"https:\\\/\\\/secure.gravatar.com\\\/avatar\\\/dd25d581ad7c3349090f2fa6a9adb6bfa287e6a5dd8a5216a092727cd8749034?s=96&d=mm&r=g\",\"caption\":\"Laurent Meunier\"},\"url\":\"https:\\\/\\\/janze-athletisme.fr\\\/wordpress\\\/author\\\/laurent-meunier35\\\/\"}]}<\/script>\n<!-- \/ Yoast SEO plugin. -->","yoast_head_json":{"title":"\u00c0 Eu la belle aventure (et surtout \u00e0 elles) - Janz\u00e9 Athl\u00e9tisme","robots":{"index":"index","follow":"follow","max-snippet":"max-snippet:-1","max-image-preview":"max-image-preview:large","max-video-preview":"max-video-preview:-1"},"canonical":"https:\/\/janze-athletisme.fr\/wordpress\/a-eu-la-belle-aventure-et-surtout-a-elles\/","og_locale":"fr_FR","og_type":"article","og_title":"\u00c0 Eu la belle aventure (et surtout \u00e0 elles) - Janz\u00e9 Athl\u00e9tisme","og_description":"Pr\u00e9-France de cross \u00e0 Eu le 27 f\u00e9vrier C&rsquo;\u00e9tait un peu l&rsquo;aventure que cette escapade \u00e0 Eu pour les Pr\u00e9-France de cross : d\u00e9part le samedi midi, retour le dimanche soir tr\u00e8s tard, un patron d&rsquo;h\u00f4tel pas tr\u00e8s sympa, mais en parall\u00e8le une m\u00e9t\u00e9o quasi parfaite et un cadre magnifique, qui feront tout de m\u00eame [&hellip;]","og_url":"https:\/\/janze-athletisme.fr\/wordpress\/a-eu-la-belle-aventure-et-surtout-a-elles\/","og_site_name":"Janz\u00e9 Athl\u00e9tisme","article_publisher":"https:\/\/www.facebook.com\/groups\/1007964579346590","article_published_time":"2022-03-02T12:38:21+00:00","article_modified_time":"2022-03-02T12:49:44+00:00","og_image":[{"width":2560,"height":1707,"url":"https:\/\/janze-athletisme.fr\/wordpress\/wp-content\/uploads\/2022\/03\/DSC_3738-scaled.jpg","type":"image\/jpeg"}],"author":"Laurent Meunier","twitter_card":"summary_large_image","twitter_misc":{"\u00c9crit par":"Laurent Meunier","Dur\u00e9e de lecture estim\u00e9e":"2 minutes"},"schema":{"@context":"https:\/\/schema.org","@graph":[{"@type":"Article","@id":"https:\/\/janze-athletisme.fr\/wordpress\/a-eu-la-belle-aventure-et-surtout-a-elles\/#article","isPartOf":{"@id":"https:\/\/janze-athletisme.fr\/wordpress\/a-eu-la-belle-aventure-et-surtout-a-elles\/"},"author":{"name":"Laurent Meunier","@id":"https:\/\/janze-athletisme.fr\/wordpress\/#\/schema\/person\/c7b063dcfa6234c041d4d9b26cc2ea03"},"headline":"\u00c0 Eu la belle aventure (et surtout \u00e0 elles)","datePublished":"2022-03-02T12:38:21+00:00","dateModified":"2022-03-02T12:49:44+00:00","mainEntityOfPage":{"@id":"https:\/\/janze-athletisme.fr\/wordpress\/a-eu-la-belle-aventure-et-surtout-a-elles\/"},"wordCount":381,"commentCount":0,"publisher":{"@id":"https:\/\/janze-athletisme.fr\/wordpress\/#organization"},"image":{"@id":"https:\/\/janze-athletisme.fr\/wordpress\/a-eu-la-belle-aventure-et-surtout-a-elles\/#primaryimage"},"thumbnailUrl":"https:\/\/janze-athletisme.fr\/wordpress\/wp-content\/uploads\/2022\/03\/DSC_3738-scaled.jpg","articleSection":["Le club au jour le jour"],"inLanguage":"fr-FR","potentialAction":[{"@type":"CommentAction","name":"Comment","target":["https:\/\/janze-athletisme.fr\/wordpress\/a-eu-la-belle-aventure-et-surtout-a-elles\/#respond"]}]},{"@type":"WebPage","@id":"https:\/\/janze-athletisme.fr\/wordpress\/a-eu-la-belle-aventure-et-surtout-a-elles\/","url":"https:\/\/janze-athletisme.fr\/wordpress\/a-eu-la-belle-aventure-et-surtout-a-elles\/","name":"\u00c0 Eu la belle aventure (et surtout \u00e0 elles) - Janz\u00e9 Athl\u00e9tisme","isPartOf":{"@id":"https:\/\/janze-athletisme.fr\/wordpress\/#website"},"primaryImageOfPage":{"@id":"https:\/\/janze-athletisme.fr\/wordpress\/a-eu-la-belle-aventure-et-surtout-a-elles\/#primaryimage"},"image":{"@id":"https:\/\/janze-athletisme.fr\/wordpress\/a-eu-la-belle-aventure-et-surtout-a-elles\/#primaryimage"},"thumbnailUrl":"https:\/\/janze-athletisme.fr\/wordpress\/wp-content\/uploads\/2022\/03\/DSC_3738-scaled.jpg","datePublished":"2022-03-02T12:38:21+00:00","dateModified":"2022-03-02T12:49:44+00:00","breadcrumb":{"@id":"https:\/\/janze-athletisme.fr\/wordpress\/a-eu-la-belle-aventure-et-surtout-a-elles\/#breadcrumb"},"inLanguage":"fr-FR","potentialAction":[{"@type":"ReadAction","target":["https:\/\/janze-athletisme.fr\/wordpress\/a-eu-la-belle-aventure-et-surtout-a-elles\/"]}]},{"@type":"ImageObject","inLanguage":"fr-FR","@id":"https:\/\/janze-athletisme.fr\/wordpress\/a-eu-la-belle-aventure-et-surtout-a-elles\/#primaryimage","url":"https:\/\/janze-athletisme.fr\/wordpress\/wp-content\/uploads\/2022\/03\/DSC_3738-scaled.jpg","contentUrl":"https:\/\/janze-athletisme.fr\/wordpress\/wp-content\/uploads\/2022\/03\/DSC_3738-scaled.jpg","width":2560,"height":1707},{"@type":"BreadcrumbList","@id":"https:\/\/janze-athletisme.fr\/wordpress\/a-eu-la-belle-aventure-et-surtout-a-elles\/#breadcrumb","itemListElement":[{"@type":"ListItem","position":1,"name":"Accueil","item":"https:\/\/janze-athletisme.fr\/wordpress\/"},{"@type":"ListItem","position":2,"name":"\u00c0 Eu la belle aventure (et surtout \u00e0 elles)"}]},{"@type":"WebSite","@id":"https:\/\/janze-athletisme.fr\/wordpress\/#website","url":"https:\/\/janze-athletisme.fr\/wordpress\/","name":"Janz\u00e9 Athl\u00e9tisme","description":"Pays de La Roche aux F\u00e9es","publisher":{"@id":"https:\/\/janze-athletisme.fr\/wordpress\/#organization"},"potentialAction":[{"@type":"SearchAction","target":{"@type":"EntryPoint","urlTemplate":"https:\/\/janze-athletisme.fr\/wordpress\/?s={search_term_string}"},"query-input":{"@type":"PropertyValueSpecification","valueRequired":true,"valueName":"search_term_string"}}],"inLanguage":"fr-FR"},{"@type":"Organization","@id":"https:\/\/janze-athletisme.fr\/wordpress\/#organization","name":"Janz\u00e9 Athl\u00e9tisme","url":"https:\/\/janze-athletisme.fr\/wordpress\/","logo":{"@type":"ImageObject","inLanguage":"fr-FR","@id":"https:\/\/janze-athletisme.fr\/wordpress\/#\/schema\/logo\/image\/","url":"https:\/\/janze-athletisme.fr\/wordpress\/wp-content\/uploads\/2015\/03\/logo-full1.jpg","contentUrl":"https:\/\/janze-athletisme.fr\/wordpress\/wp-content\/uploads\/2015\/03\/logo-full1.jpg","width":437,"height":205,"caption":"Janz\u00e9 Athl\u00e9tisme"},"image":{"@id":"https:\/\/janze-athletisme.fr\/wordpress\/#\/schema\/logo\/image\/"},"sameAs":["https:\/\/www.facebook.com\/groups\/1007964579346590"]},{"@type":"Person","@id":"https:\/\/janze-athletisme.fr\/wordpress\/#\/schema\/person\/c7b063dcfa6234c041d4d9b26cc2ea03","name":"Laurent Meunier","image":{"@type":"ImageObject","inLanguage":"fr-FR","@id":"https:\/\/secure.gravatar.com\/avatar\/dd25d581ad7c3349090f2fa6a9adb6bfa287e6a5dd8a5216a092727cd8749034?s=96&d=mm&r=g","url":"https:\/\/secure.gravatar.com\/avatar\/dd25d581ad7c3349090f2fa6a9adb6bfa287e6a5dd8a5216a092727cd8749034?s=96&d=mm&r=g","contentUrl":"https:\/\/secure.gravatar.com\/avatar\/dd25d581ad7c3349090f2fa6a9adb6bfa287e6a5dd8a5216a092727cd8749034?s=96&d=mm&r=g","caption":"Laurent Meunier"},"url":"https:\/\/janze-athletisme.fr\/wordpress\/author\/laurent-meunier35\/"}]}},"uagb_featured_image_src":{"full":["https:\/\/janze-athletisme.fr\/wordpress\/wp-content\/uploads\/2022\/03\/DSC_3738-scaled.jpg",2560,1707,false],"thumbnail":["https:\/\/janze-athletisme.fr\/wordpress\/wp-content\/uploads\/2022\/03\/DSC_3738-150x150.jpg",150,150,true],"medium":["https:\/\/janze-athletisme.fr\/wordpress\/wp-content\/uploads\/2022\/03\/DSC_3738-300x200.jpg",300,200,true],"medium_large":["https:\/\/janze-athletisme.fr\/wordpress\/wp-content\/uploads\/2022\/03\/DSC_3738-768x512.jpg",768,512,true],"large":["https:\/\/janze-athletisme.fr\/wordpress\/wp-content\/uploads\/2022\/03\/DSC_3738-1024x683.jpg",1024,683,true],"1536x1536":["https:\/\/janze-athletisme.fr\/wordpress\/wp-content\/uploads\/2022\/03\/DSC_3738-1536x1024.jpg",1536,1024,true],"2048x2048":["https:\/\/janze-athletisme.fr\/wordpress\/wp-content\/uploads\/2022\/03\/DSC_3738-2048x1365.jpg",2048,1365,true]},"uagb_author_info":{"display_name":"Laurent Meunier","author_link":"https:\/\/janze-athletisme.fr\/wordpress\/author\/laurent-meunier35\/"},"uagb_comment_info":0,"uagb_excerpt":"Pr\u00e9-France de cross \u00e0 Eu le 27 f\u00e9vrier C&rsquo;\u00e9tait un peu l&rsquo;aventure que cette escapade \u00e0 Eu pour les Pr\u00e9-France de cross : d\u00e9part le samedi midi, retour le dimanche soir tr\u00e8s tard, un patron d&rsquo;h\u00f4tel pas tr\u00e8s sympa, mais en parall\u00e8le une m\u00e9t\u00e9o quasi parfaite et un cadre magnifique, qui feront tout de m\u00eame\u2026","_links":{"self":[{"href":"https:\/\/janze-athletisme.fr\/wordpress\/wp-json\/wp\/v2\/posts\/8772","targetHints":{"allow":["GET"]}}],"collection":[{"href":"https:\/\/janze-athletisme.fr\/wordpress\/wp-json\/wp\/v2\/posts"}],"about":[{"href":"https:\/\/janze-athletisme.fr\/wordpress\/wp-json\/wp\/v2\/types\/post"}],"author":[{"embeddable":true,"href":"https:\/\/janze-athletisme.fr\/wordpress\/wp-json\/wp\/v2\/users\/12"}],"replies":[{"embeddable":true,"href":"https:\/\/janze-athletisme.fr\/wordpress\/wp-json\/wp\/v2\/comments?post=8772"}],"version-history":[{"count":5,"href":"https:\/\/janze-athletisme.fr\/wordpress\/wp-json\/wp\/v2\/posts\/8772\/revisions"}],"predecessor-version":[{"id":8788,"href":"https:\/\/janze-athletisme.fr\/wordpress\/wp-json\/wp\/v2\/posts\/8772\/revisions\/8788"}],"wp:featuredmedia":[{"embeddable":true,"href":"https:\/\/janze-athletisme.fr\/wordpress\/wp-json\/wp\/v2\/media\/8773"}],"wp:attachment":[{"href":"https:\/\/janze-athletisme.fr\/wordpress\/wp-json\/wp\/v2\/media?parent=8772"}],"wp:term":[{"taxonomy":"category","embeddable":true,"href":"https:\/\/janze-athletisme.fr\/wordpress\/wp-json\/wp\/v2\/categories?post=8772"},{"taxonomy":"post_tag","embeddable":true,"href":"https:\/\/janze-athletisme.fr\/wordpress\/wp-json\/wp\/v2\/tags?post=8772"}],"curies":[{"name":"wp","href":"https:\/\/api.w.org\/{rel}","templated":true}]}}