{"id":8755,"date":"2022-03-01T14:43:13","date_gmt":"2022-03-01T13:43:13","guid":{"rendered":"https:\/\/janze-athletisme.fr\/wordpress\/?p=8755"},"modified":"2022-03-01T14:49:42","modified_gmt":"2022-03-01T13:49:42","slug":"nos-filles-championnes-avec-le-comite-35","status":"publish","type":"post","link":"https:\/\/janze-athletisme.fr\/wordpress\/nos-filles-championnes-avec-le-comite-35\/","title":{"rendered":"Nos filles championnes avec le comit\u00e9 35 !"},"content":{"rendered":"<p><strong>Pr\u00e9-France de cross \u00e0 Eu (76)<\/strong><\/p>\n<p>Peut-\u00eatre y-a-t&rsquo;il eu dans le pass\u00e9 des minimes de Janz\u00e9 Athl\u00e9 s\u00e9lectionn\u00e9s par le Comit\u00e9 35 au niveau inter-r\u00e9gional (Pr\u00e9-France), mais il y a longtemps et trois d&rsquo;un coup cela n&rsquo;a jamais d\u00fb arriver.<\/p>\n<p><a href=\"https:\/\/janze-athletisme.fr\/wordpress\/wp-content\/uploads\/2022\/03\/DSC_3902-Inter-comites-MIF-27fev2022-Pre-France-Eu.jpg\"><img loading=\"lazy\" decoding=\"async\" class=\"alignnone size-medium wp-image-8757\" src=\"https:\/\/janze-athletisme.fr\/wordpress\/wp-content\/uploads\/2022\/03\/DSC_3902-Inter-comites-MIF-27fev2022-Pre-France-Eu-300x238.jpg\" alt=\"\" width=\"300\" height=\"238\" srcset=\"https:\/\/janze-athletisme.fr\/wordpress\/wp-content\/uploads\/2022\/03\/DSC_3902-Inter-comites-MIF-27fev2022-Pre-France-Eu-300x238.jpg 300w, https:\/\/janze-athletisme.fr\/wordpress\/wp-content\/uploads\/2022\/03\/DSC_3902-Inter-comites-MIF-27fev2022-Pre-France-Eu-1024x813.jpg 1024w, https:\/\/janze-athletisme.fr\/wordpress\/wp-content\/uploads\/2022\/03\/DSC_3902-Inter-comites-MIF-27fev2022-Pre-France-Eu-768x610.jpg 768w, https:\/\/janze-athletisme.fr\/wordpress\/wp-content\/uploads\/2022\/03\/DSC_3902-Inter-comites-MIF-27fev2022-Pre-France-Eu-1536x1220.jpg 1536w, https:\/\/janze-athletisme.fr\/wordpress\/wp-content\/uploads\/2022\/03\/DSC_3902-Inter-comites-MIF-27fev2022-Pre-France-Eu-2048x1627.jpg 2048w\" sizes=\"auto, (max-width: 300px) 100vw, 300px\" \/>\u00a0\u00a0 <\/a><a href=\"https:\/\/janze-athletisme.fr\/wordpress\/wp-content\/uploads\/2022\/03\/DSC_3945-IC-MIM-27fev2022-Pre-France-Eu-scaled.jpg\"><img loading=\"lazy\" decoding=\"async\" class=\"alignnone size-medium wp-image-8758\" src=\"https:\/\/janze-athletisme.fr\/wordpress\/wp-content\/uploads\/2022\/03\/DSC_3945-IC-MIM-27fev2022-Pre-France-Eu-300x222.jpg\" alt=\"\" width=\"300\" height=\"222\" srcset=\"https:\/\/janze-athletisme.fr\/wordpress\/wp-content\/uploads\/2022\/03\/DSC_3945-IC-MIM-27fev2022-Pre-France-Eu-300x222.jpg 300w, https:\/\/janze-athletisme.fr\/wordpress\/wp-content\/uploads\/2022\/03\/DSC_3945-IC-MIM-27fev2022-Pre-France-Eu-1024x757.jpg 1024w, https:\/\/janze-athletisme.fr\/wordpress\/wp-content\/uploads\/2022\/03\/DSC_3945-IC-MIM-27fev2022-Pre-France-Eu-768x568.jpg 768w, https:\/\/janze-athletisme.fr\/wordpress\/wp-content\/uploads\/2022\/03\/DSC_3945-IC-MIM-27fev2022-Pre-France-Eu-1536x1135.jpg 1536w, https:\/\/janze-athletisme.fr\/wordpress\/wp-content\/uploads\/2022\/03\/DSC_3945-IC-MIM-27fev2022-Pre-France-Eu-2048x1514.jpg 2048w\" sizes=\"auto, (max-width: 300px) 100vw, 300px\" \/>\u00a0\u00a0<\/a><\/p>\n<p>Sur les 7 filles du comit\u00e9 35 au d\u00e9part, deux \u00e9taient de Janz\u00e9 : <strong>L\u00e9a<\/strong> et <strong>Faustine<\/strong>. Chez les 11 gar\u00e7ons, un seul : <strong>Esteban<\/strong>.<\/p>\n<p>L\u00e9a termine 12e, Faustine 18e, Esteban 47e.<\/p>\n<p>Si Esteban ne marque des points que pour la 2e \u00e9quipe, les filles sont 3e et 4e de la premi\u00e8re \u00e9quipe et font donc partie de l&rsquo;\u00e9quipe championne de l&rsquo;inter-comit\u00e9s Minimes des Pr\u00e9-France de cross.<\/p>\n<p><a href=\"https:\/\/janze-athletisme.fr\/wordpress\/wp-content\/uploads\/2022\/03\/DSC_3913-Depart-IC-MIF-27fev2022-Pre-France-Eu.jpg\"><img loading=\"lazy\" decoding=\"async\" class=\"alignnone size-medium wp-image-8763\" src=\"https:\/\/janze-athletisme.fr\/wordpress\/wp-content\/uploads\/2022\/03\/DSC_3913-Depart-IC-MIF-27fev2022-Pre-France-Eu-300x189.jpg\" alt=\"\" width=\"300\" height=\"189\" srcset=\"https:\/\/janze-athletisme.fr\/wordpress\/wp-content\/uploads\/2022\/03\/DSC_3913-Depart-IC-MIF-27fev2022-Pre-France-Eu-300x189.jpg 300w, https:\/\/janze-athletisme.fr\/wordpress\/wp-content\/uploads\/2022\/03\/DSC_3913-Depart-IC-MIF-27fev2022-Pre-France-Eu-1024x647.jpg 1024w, https:\/\/janze-athletisme.fr\/wordpress\/wp-content\/uploads\/2022\/03\/DSC_3913-Depart-IC-MIF-27fev2022-Pre-France-Eu-768x485.jpg 768w, https:\/\/janze-athletisme.fr\/wordpress\/wp-content\/uploads\/2022\/03\/DSC_3913-Depart-IC-MIF-27fev2022-Pre-France-Eu-1536x970.jpg 1536w, https:\/\/janze-athletisme.fr\/wordpress\/wp-content\/uploads\/2022\/03\/DSC_3913-Depart-IC-MIF-27fev2022-Pre-France-Eu-2048x1293.jpg 2048w\" sizes=\"auto, (max-width: 300px) 100vw, 300px\" \/><\/a> <a href=\"https:\/\/janze-athletisme.fr\/wordpress\/wp-content\/uploads\/2022\/03\/DSC_4004-IC-MIF-Pre-France-Eu-27fev2022-Le-podium-scaled.jpg\"><img loading=\"lazy\" decoding=\"async\" class=\"alignnone size-medium wp-image-8759\" src=\"https:\/\/janze-athletisme.fr\/wordpress\/wp-content\/uploads\/2022\/03\/DSC_4004-IC-MIF-Pre-France-Eu-27fev2022-Le-podium-300x200.jpg\" alt=\"\" width=\"300\" height=\"200\" srcset=\"https:\/\/janze-athletisme.fr\/wordpress\/wp-content\/uploads\/2022\/03\/DSC_4004-IC-MIF-Pre-France-Eu-27fev2022-Le-podium-300x200.jpg 300w, https:\/\/janze-athletisme.fr\/wordpress\/wp-content\/uploads\/2022\/03\/DSC_4004-IC-MIF-Pre-France-Eu-27fev2022-Le-podium-1024x683.jpg 1024w, https:\/\/janze-athletisme.fr\/wordpress\/wp-content\/uploads\/2022\/03\/DSC_4004-IC-MIF-Pre-France-Eu-27fev2022-Le-podium-768x512.jpg 768w, https:\/\/janze-athletisme.fr\/wordpress\/wp-content\/uploads\/2022\/03\/DSC_4004-IC-MIF-Pre-France-Eu-27fev2022-Le-podium-1536x1024.jpg 1536w, https:\/\/janze-athletisme.fr\/wordpress\/wp-content\/uploads\/2022\/03\/DSC_4004-IC-MIF-Pre-France-Eu-27fev2022-Le-podium-2048x1365.jpg 2048w\" sizes=\"auto, (max-width: 300px) 100vw, 300px\" \/><\/a><a href=\"https:\/\/janze-athletisme.fr\/wordpress\/wp-content\/uploads\/2022\/03\/DSC_4004-IC-MIF-Pre-France-Eu-27fev2022-Le-podium-scaled.jpg\">\u00a0<\/a><\/p>\n<p><a href=\"https:\/\/janze-athletisme.fr\/wordpress\/wp-content\/uploads\/2022\/03\/DSC_3999-IC-MIF-Pre-France-Eu-27fev2022-C35-champion.jpg\"><img loading=\"lazy\" decoding=\"async\" class=\"alignnone size-medium wp-image-8760\" src=\"https:\/\/janze-athletisme.fr\/wordpress\/wp-content\/uploads\/2022\/03\/DSC_3999-IC-MIF-Pre-France-Eu-27fev2022-C35-champion-300x237.jpg\" alt=\"\" width=\"300\" height=\"237\" srcset=\"https:\/\/janze-athletisme.fr\/wordpress\/wp-content\/uploads\/2022\/03\/DSC_3999-IC-MIF-Pre-France-Eu-27fev2022-C35-champion-300x237.jpg 300w, https:\/\/janze-athletisme.fr\/wordpress\/wp-content\/uploads\/2022\/03\/DSC_3999-IC-MIF-Pre-France-Eu-27fev2022-C35-champion-1024x808.jpg 1024w, https:\/\/janze-athletisme.fr\/wordpress\/wp-content\/uploads\/2022\/03\/DSC_3999-IC-MIF-Pre-France-Eu-27fev2022-C35-champion-768x606.jpg 768w, https:\/\/janze-athletisme.fr\/wordpress\/wp-content\/uploads\/2022\/03\/DSC_3999-IC-MIF-Pre-France-Eu-27fev2022-C35-champion-1536x1211.jpg 1536w, https:\/\/janze-athletisme.fr\/wordpress\/wp-content\/uploads\/2022\/03\/DSC_3999-IC-MIF-Pre-France-Eu-27fev2022-C35-champion-2048x1615.jpg 2048w\" sizes=\"auto, (max-width: 300px) 100vw, 300px\" \/><\/a> \u00a0<a href=\"https:\/\/janze-athletisme.fr\/wordpress\/wp-content\/uploads\/2022\/03\/DSC_4002-Championnes-1-1.jpg\"><img loading=\"lazy\" decoding=\"async\" class=\"alignnone size-medium wp-image-8761\" src=\"https:\/\/janze-athletisme.fr\/wordpress\/wp-content\/uploads\/2022\/03\/DSC_4002-Championnes-1-1-300x300.jpg\" alt=\"\" width=\"300\" height=\"300\" srcset=\"https:\/\/janze-athletisme.fr\/wordpress\/wp-content\/uploads\/2022\/03\/DSC_4002-Championnes-1-1-300x300.jpg 300w, https:\/\/janze-athletisme.fr\/wordpress\/wp-content\/uploads\/2022\/03\/DSC_4002-Championnes-1-1-1024x1024.jpg 1024w, https:\/\/janze-athletisme.fr\/wordpress\/wp-content\/uploads\/2022\/03\/DSC_4002-Championnes-1-1-150x150.jpg 150w, https:\/\/janze-athletisme.fr\/wordpress\/wp-content\/uploads\/2022\/03\/DSC_4002-Championnes-1-1-768x768.jpg 768w, https:\/\/janze-athletisme.fr\/wordpress\/wp-content\/uploads\/2022\/03\/DSC_4002-Championnes-1-1-1536x1536.jpg 1536w, https:\/\/janze-athletisme.fr\/wordpress\/wp-content\/uploads\/2022\/03\/DSC_4002-Championnes-1-1.jpg 2000w\" sizes=\"auto, (max-width: 300px) 100vw, 300px\" \/>\u00a0<\/a><\/p>\n<p>Bravo les filles ! Bravo \u00e0 tous les trois ! Et merci \u00e0 toute l&rsquo;\u00e9quipe 1\/2 fond &#8211; cross qui a bien travaill\u00e9 tout l&rsquo;hiver.<\/p>\n<p>Sans ce travail collectif, cette belle r\u00e9compense finale n&rsquo;aurait jamais \u00e9t\u00e9 possible.<\/p>\n<p>Les r\u00e9sultats : <a href=\"https:\/\/bases.athle.fr\/asp.net\/liste.aspx?frmbase=resultats&amp;frmmode=1&amp;frmespace=1033&amp;frmcompetition=263837\">https:\/\/bases.athle.fr\/asp.net\/liste.aspx?frmbase=resultats&amp;frmmode=1&amp;frmespace=1033&amp;frmcompetition=263837<\/a><\/p>\n<p><a href=\"https:\/\/janze-athletisme.fr\/wordpress\/wp-content\/uploads\/2022\/03\/DSC_3913-Depart-IC-MIF-27fev2022-Pre-France-Eu.jpg\">\u00a0 <\/a><a href=\"https:\/\/janze-athletisme.fr\/wordpress\/wp-content\/uploads\/2022\/03\/DSC_3929.jpg\"><img loading=\"lazy\" decoding=\"async\" class=\"alignnone size-medium wp-image-8764\" src=\"https:\/\/janze-athletisme.fr\/wordpress\/wp-content\/uploads\/2022\/03\/DSC_3929-218x300.jpg\" alt=\"\" width=\"218\" height=\"300\" srcset=\"https:\/\/janze-athletisme.fr\/wordpress\/wp-content\/uploads\/2022\/03\/DSC_3929-218x300.jpg 218w, https:\/\/janze-athletisme.fr\/wordpress\/wp-content\/uploads\/2022\/03\/DSC_3929-743x1024.jpg 743w, https:\/\/janze-athletisme.fr\/wordpress\/wp-content\/uploads\/2022\/03\/DSC_3929-768x1059.jpg 768w, https:\/\/janze-athletisme.fr\/wordpress\/wp-content\/uploads\/2022\/03\/DSC_3929-1114x1536.jpg 1114w, https:\/\/janze-athletisme.fr\/wordpress\/wp-content\/uploads\/2022\/03\/DSC_3929-1485x2048.jpg 1485w, https:\/\/janze-athletisme.fr\/wordpress\/wp-content\/uploads\/2022\/03\/DSC_3929.jpg 1800w\" sizes=\"auto, (max-width: 218px) 100vw, 218px\" \/><\/a> \u00a0<a href=\"https:\/\/janze-athletisme.fr\/wordpress\/wp-content\/uploads\/2022\/03\/DSC_3932.jpg\"><img loading=\"lazy\" decoding=\"async\" class=\"alignnone size-medium wp-image-8765\" src=\"https:\/\/janze-athletisme.fr\/wordpress\/wp-content\/uploads\/2022\/03\/DSC_3932-228x300.jpg\" alt=\"\" width=\"228\" height=\"300\" srcset=\"https:\/\/janze-athletisme.fr\/wordpress\/wp-content\/uploads\/2022\/03\/DSC_3932-228x300.jpg 228w, https:\/\/janze-athletisme.fr\/wordpress\/wp-content\/uploads\/2022\/03\/DSC_3932-778x1024.jpg 778w, https:\/\/janze-athletisme.fr\/wordpress\/wp-content\/uploads\/2022\/03\/DSC_3932-768x1011.jpg 768w, https:\/\/janze-athletisme.fr\/wordpress\/wp-content\/uploads\/2022\/03\/DSC_3932-1167x1536.jpg 1167w, https:\/\/janze-athletisme.fr\/wordpress\/wp-content\/uploads\/2022\/03\/DSC_3932-1556x2048.jpg 1556w, https:\/\/janze-athletisme.fr\/wordpress\/wp-content\/uploads\/2022\/03\/DSC_3932.jpg 1581w\" sizes=\"auto, (max-width: 228px) 100vw, 228px\" \/> <\/a><a href=\"https:\/\/janze-athletisme.fr\/wordpress\/wp-content\/uploads\/2022\/03\/DSC_3967-scaled.jpg\">\u00a0<img loading=\"lazy\" decoding=\"async\" class=\"alignnone size-medium wp-image-8767\" src=\"https:\/\/janze-athletisme.fr\/wordpress\/wp-content\/uploads\/2022\/03\/DSC_3967-220x300.jpg\" alt=\"\" width=\"220\" height=\"300\" srcset=\"https:\/\/janze-athletisme.fr\/wordpress\/wp-content\/uploads\/2022\/03\/DSC_3967-220x300.jpg 220w, https:\/\/janze-athletisme.fr\/wordpress\/wp-content\/uploads\/2022\/03\/DSC_3967-750x1024.jpg 750w, https:\/\/janze-athletisme.fr\/wordpress\/wp-content\/uploads\/2022\/03\/DSC_3967-768x1048.jpg 768w, https:\/\/janze-athletisme.fr\/wordpress\/wp-content\/uploads\/2022\/03\/DSC_3967-1125x1536.jpg 1125w, https:\/\/janze-athletisme.fr\/wordpress\/wp-content\/uploads\/2022\/03\/DSC_3967-1500x2048.jpg 1500w, https:\/\/janze-athletisme.fr\/wordpress\/wp-content\/uploads\/2022\/03\/DSC_3967-scaled.jpg 1875w\" sizes=\"auto, (max-width: 220px) 100vw, 220px\" \/><\/a><\/p>\n<p>NB : Le reste des r\u00e9sultats de nos cross(wo)men est \u00e0 suivre demain. Avec plein de photos.<\/p>\n","protected":false},"excerpt":{"rendered":"<p>Pr\u00e9-France de cross \u00e0 Eu (76) Peut-\u00eatre y-a-t&rsquo;il eu dans le pass\u00e9 des minimes de Janz\u00e9 Athl\u00e9 s\u00e9lectionn\u00e9s par le Comit\u00e9 35 au niveau inter-r\u00e9gional (Pr\u00e9-France), mais il y a longtemps et trois d&rsquo;un coup cela n&rsquo;a jamais d\u00fb arriver. \u00a0\u00a0 \u00a0\u00a0 Sur les 7 filles du comit\u00e9 35 au d\u00e9part, deux \u00e9taient de Janz\u00e9 [&hellip;]<\/p>\n","protected":false},"author":12,"featured_media":8756,"comment_status":"open","ping_status":"open","sticky":false,"template":"","format":"aside","meta":{"_uag_custom_page_level_css":"","site-sidebar-layout":"default","site-content-layout":"default","ast-site-content-layout":"default","site-content-style":"default","site-sidebar-style":"default","ast-global-header-display":"","ast-banner-title-visibility":"","ast-main-header-display":"","ast-hfb-above-header-display":"","ast-hfb-below-header-display":"","ast-hfb-mobile-header-display":"","site-post-title":"","ast-breadcrumbs-content":"","ast-featured-img":"","footer-sml-layout":"","ast-disable-related-posts":"","theme-transparent-header-meta":"","adv-header-id-meta":"","stick-header-meta":"","header-above-stick-meta":"","header-main-stick-meta":"","header-below-stick-meta":"","astra-migrate-meta-layouts":"default","ast-page-background-enabled":"default","ast-page-background-meta":{"desktop":{"background-color":"var(--ast-global-color-4)","background-image":"","background-repeat":"repeat","background-position":"center center","background-size":"auto","background-attachment":"scroll","background-type":"","background-media":"","overlay-type":"","overlay-color":"","overlay-opacity":"","overlay-gradient":""},"tablet":{"background-color":"","background-image":"","background-repeat":"repeat","background-position":"center center","background-size":"auto","background-attachment":"scroll","background-type":"","background-media":"","overlay-type":"","overlay-color":"","overlay-opacity":"","overlay-gradient":""},"mobile":{"background-color":"","background-image":"","background-repeat":"repeat","background-position":"center center","background-size":"auto","background-attachment":"scroll","background-type":"","background-media":"","overlay-type":"","overlay-color":"","overlay-opacity":"","overlay-gradient":""}},"ast-content-background-meta":{"desktop":{"background-color":"var(--ast-global-color-5)","background-image":"","background-repeat":"repeat","background-position":"center center","background-size":"auto","background-attachment":"scroll","background-type":"","background-media":"","overlay-type":"","overlay-color":"","overlay-opacity":"","overlay-gradient":""},"tablet":{"background-color":"var(--ast-global-color-5)","background-image":"","background-repeat":"repeat","background-position":"center center","background-size":"auto","background-attachment":"scroll","background-type":"","background-media":"","overlay-type":"","overlay-color":"","overlay-opacity":"","overlay-gradient":""},"mobile":{"background-color":"var(--ast-global-color-5)","background-image":"","background-repeat":"repeat","background-position":"center center","background-size":"auto","background-attachment":"scroll","background-type":"","background-media":"","overlay-type":"","overlay-color":"","overlay-opacity":"","overlay-gradient":""}},"footnotes":""},"categories":[6],"tags":[],"class_list":["post-8755","post","type-post","status-publish","format-aside","has-post-thumbnail","hentry","category-sections","post_format-post-format-aside"],"yoast_head":"<!-- This site is optimized with the Yoast SEO plugin v27.5 - https:\/\/yoast.com\/product\/yoast-seo-wordpress\/ -->\n<title>Nos filles championnes avec le comit\u00e9 35 ! - Janz\u00e9 Athl\u00e9tisme<\/title>\n<meta name=\"robots\" content=\"index, follow, max-snippet:-1, max-image-preview:large, max-video-preview:-1\" \/>\n<link rel=\"canonical\" href=\"https:\/\/janze-athletisme.fr\/wordpress\/nos-filles-championnes-avec-le-comite-35\/\" \/>\n<meta property=\"og:locale\" content=\"fr_FR\" \/>\n<meta property=\"og:type\" content=\"article\" \/>\n<meta property=\"og:title\" content=\"Nos filles championnes avec le comit\u00e9 35 ! - Janz\u00e9 Athl\u00e9tisme\" \/>\n<meta property=\"og:description\" content=\"Pr\u00e9-France de cross \u00e0 Eu (76) Peut-\u00eatre y-a-t&rsquo;il eu dans le pass\u00e9 des minimes de Janz\u00e9 Athl\u00e9 s\u00e9lectionn\u00e9s par le Comit\u00e9 35 au niveau inter-r\u00e9gional (Pr\u00e9-France), mais il y a longtemps et trois d&rsquo;un coup cela n&rsquo;a jamais d\u00fb arriver. \u00a0\u00a0 \u00a0\u00a0 Sur les 7 filles du comit\u00e9 35 au d\u00e9part, deux \u00e9taient de Janz\u00e9 [&hellip;]\" \/>\n<meta property=\"og:url\" content=\"https:\/\/janze-athletisme.fr\/wordpress\/nos-filles-championnes-avec-le-comite-35\/\" \/>\n<meta property=\"og:site_name\" content=\"Janz\u00e9 Athl\u00e9tisme\" \/>\n<meta property=\"article:publisher\" content=\"https:\/\/www.facebook.com\/groups\/1007964579346590\" \/>\n<meta property=\"article:published_time\" content=\"2022-03-01T13:43:13+00:00\" \/>\n<meta property=\"article:modified_time\" content=\"2022-03-01T13:49:42+00:00\" \/>\n<meta property=\"og:image\" content=\"https:\/\/janze-athletisme.fr\/wordpress\/wp-content\/uploads\/2022\/03\/DSC_4002-Championnes-.jpg\" \/>\n\t<meta property=\"og:image:width\" content=\"2000\" \/>\n\t<meta property=\"og:image:height\" content=\"2000\" \/>\n\t<meta property=\"og:image:type\" content=\"image\/jpeg\" \/>\n<meta name=\"author\" content=\"Laurent Meunier\" \/>\n<meta name=\"twitter:card\" content=\"summary_large_image\" \/>\n<meta name=\"twitter:label1\" content=\"\u00c9crit par\" \/>\n\t<meta name=\"twitter:data1\" content=\"Laurent Meunier\" \/>\n\t<meta name=\"twitter:label2\" content=\"Dur\u00e9e de lecture estim\u00e9e\" \/>\n\t<meta name=\"twitter:data2\" content=\"3 minutes\" \/>\n<script type=\"application\/ld+json\" class=\"yoast-schema-graph\">{\"@context\":\"https:\\\/\\\/schema.org\",\"@graph\":[{\"@type\":\"Article\",\"@id\":\"https:\\\/\\\/janze-athletisme.fr\\\/wordpress\\\/nos-filles-championnes-avec-le-comite-35\\\/#article\",\"isPartOf\":{\"@id\":\"https:\\\/\\\/janze-athletisme.fr\\\/wordpress\\\/nos-filles-championnes-avec-le-comite-35\\\/\"},\"author\":{\"name\":\"Laurent Meunier\",\"@id\":\"https:\\\/\\\/janze-athletisme.fr\\\/wordpress\\\/#\\\/schema\\\/person\\\/c7b063dcfa6234c041d4d9b26cc2ea03\"},\"headline\":\"Nos filles championnes avec le comit\u00e9 35 !\",\"datePublished\":\"2022-03-01T13:43:13+00:00\",\"dateModified\":\"2022-03-01T13:49:42+00:00\",\"mainEntityOfPage\":{\"@id\":\"https:\\\/\\\/janze-athletisme.fr\\\/wordpress\\\/nos-filles-championnes-avec-le-comite-35\\\/\"},\"wordCount\":196,\"commentCount\":1,\"publisher\":{\"@id\":\"https:\\\/\\\/janze-athletisme.fr\\\/wordpress\\\/#organization\"},\"image\":{\"@id\":\"https:\\\/\\\/janze-athletisme.fr\\\/wordpress\\\/nos-filles-championnes-avec-le-comite-35\\\/#primaryimage\"},\"thumbnailUrl\":\"https:\\\/\\\/janze-athletisme.fr\\\/wordpress\\\/wp-content\\\/uploads\\\/2022\\\/03\\\/DSC_4002-Championnes-.jpg\",\"articleSection\":[\"Le club au jour le jour\"],\"inLanguage\":\"fr-FR\",\"potentialAction\":[{\"@type\":\"CommentAction\",\"name\":\"Comment\",\"target\":[\"https:\\\/\\\/janze-athletisme.fr\\\/wordpress\\\/nos-filles-championnes-avec-le-comite-35\\\/#respond\"]}]},{\"@type\":\"WebPage\",\"@id\":\"https:\\\/\\\/janze-athletisme.fr\\\/wordpress\\\/nos-filles-championnes-avec-le-comite-35\\\/\",\"url\":\"https:\\\/\\\/janze-athletisme.fr\\\/wordpress\\\/nos-filles-championnes-avec-le-comite-35\\\/\",\"name\":\"Nos filles championnes avec le comit\u00e9 35 ! - Janz\u00e9 Athl\u00e9tisme\",\"isPartOf\":{\"@id\":\"https:\\\/\\\/janze-athletisme.fr\\\/wordpress\\\/#website\"},\"primaryImageOfPage\":{\"@id\":\"https:\\\/\\\/janze-athletisme.fr\\\/wordpress\\\/nos-filles-championnes-avec-le-comite-35\\\/#primaryimage\"},\"image\":{\"@id\":\"https:\\\/\\\/janze-athletisme.fr\\\/wordpress\\\/nos-filles-championnes-avec-le-comite-35\\\/#primaryimage\"},\"thumbnailUrl\":\"https:\\\/\\\/janze-athletisme.fr\\\/wordpress\\\/wp-content\\\/uploads\\\/2022\\\/03\\\/DSC_4002-Championnes-.jpg\",\"datePublished\":\"2022-03-01T13:43:13+00:00\",\"dateModified\":\"2022-03-01T13:49:42+00:00\",\"breadcrumb\":{\"@id\":\"https:\\\/\\\/janze-athletisme.fr\\\/wordpress\\\/nos-filles-championnes-avec-le-comite-35\\\/#breadcrumb\"},\"inLanguage\":\"fr-FR\",\"potentialAction\":[{\"@type\":\"ReadAction\",\"target\":[\"https:\\\/\\\/janze-athletisme.fr\\\/wordpress\\\/nos-filles-championnes-avec-le-comite-35\\\/\"]}]},{\"@type\":\"ImageObject\",\"inLanguage\":\"fr-FR\",\"@id\":\"https:\\\/\\\/janze-athletisme.fr\\\/wordpress\\\/nos-filles-championnes-avec-le-comite-35\\\/#primaryimage\",\"url\":\"https:\\\/\\\/janze-athletisme.fr\\\/wordpress\\\/wp-content\\\/uploads\\\/2022\\\/03\\\/DSC_4002-Championnes-.jpg\",\"contentUrl\":\"https:\\\/\\\/janze-athletisme.fr\\\/wordpress\\\/wp-content\\\/uploads\\\/2022\\\/03\\\/DSC_4002-Championnes-.jpg\",\"width\":2000,\"height\":2000},{\"@type\":\"BreadcrumbList\",\"@id\":\"https:\\\/\\\/janze-athletisme.fr\\\/wordpress\\\/nos-filles-championnes-avec-le-comite-35\\\/#breadcrumb\",\"itemListElement\":[{\"@type\":\"ListItem\",\"position\":1,\"name\":\"Accueil\",\"item\":\"https:\\\/\\\/janze-athletisme.fr\\\/wordpress\\\/\"},{\"@type\":\"ListItem\",\"position\":2,\"name\":\"Nos filles championnes avec le comit\u00e9 35 !\"}]},{\"@type\":\"WebSite\",\"@id\":\"https:\\\/\\\/janze-athletisme.fr\\\/wordpress\\\/#website\",\"url\":\"https:\\\/\\\/janze-athletisme.fr\\\/wordpress\\\/\",\"name\":\"Janz\u00e9 Athl\u00e9tisme\",\"description\":\"Pays de La Roche aux F\u00e9es\",\"publisher\":{\"@id\":\"https:\\\/\\\/janze-athletisme.fr\\\/wordpress\\\/#organization\"},\"potentialAction\":[{\"@type\":\"SearchAction\",\"target\":{\"@type\":\"EntryPoint\",\"urlTemplate\":\"https:\\\/\\\/janze-athletisme.fr\\\/wordpress\\\/?s={search_term_string}\"},\"query-input\":{\"@type\":\"PropertyValueSpecification\",\"valueRequired\":true,\"valueName\":\"search_term_string\"}}],\"inLanguage\":\"fr-FR\"},{\"@type\":\"Organization\",\"@id\":\"https:\\\/\\\/janze-athletisme.fr\\\/wordpress\\\/#organization\",\"name\":\"Janz\u00e9 Athl\u00e9tisme\",\"url\":\"https:\\\/\\\/janze-athletisme.fr\\\/wordpress\\\/\",\"logo\":{\"@type\":\"ImageObject\",\"inLanguage\":\"fr-FR\",\"@id\":\"https:\\\/\\\/janze-athletisme.fr\\\/wordpress\\\/#\\\/schema\\\/logo\\\/image\\\/\",\"url\":\"https:\\\/\\\/janze-athletisme.fr\\\/wordpress\\\/wp-content\\\/uploads\\\/2015\\\/03\\\/logo-full1.jpg\",\"contentUrl\":\"https:\\\/\\\/janze-athletisme.fr\\\/wordpress\\\/wp-content\\\/uploads\\\/2015\\\/03\\\/logo-full1.jpg\",\"width\":437,\"height\":205,\"caption\":\"Janz\u00e9 Athl\u00e9tisme\"},\"image\":{\"@id\":\"https:\\\/\\\/janze-athletisme.fr\\\/wordpress\\\/#\\\/schema\\\/logo\\\/image\\\/\"},\"sameAs\":[\"https:\\\/\\\/www.facebook.com\\\/groups\\\/1007964579346590\"]},{\"@type\":\"Person\",\"@id\":\"https:\\\/\\\/janze-athletisme.fr\\\/wordpress\\\/#\\\/schema\\\/person\\\/c7b063dcfa6234c041d4d9b26cc2ea03\",\"name\":\"Laurent Meunier\",\"image\":{\"@type\":\"ImageObject\",\"inLanguage\":\"fr-FR\",\"@id\":\"https:\\\/\\\/secure.gravatar.com\\\/avatar\\\/dd25d581ad7c3349090f2fa6a9adb6bfa287e6a5dd8a5216a092727cd8749034?s=96&d=mm&r=g\",\"url\":\"https:\\\/\\\/secure.gravatar.com\\\/avatar\\\/dd25d581ad7c3349090f2fa6a9adb6bfa287e6a5dd8a5216a092727cd8749034?s=96&d=mm&r=g\",\"contentUrl\":\"https:\\\/\\\/secure.gravatar.com\\\/avatar\\\/dd25d581ad7c3349090f2fa6a9adb6bfa287e6a5dd8a5216a092727cd8749034?s=96&d=mm&r=g\",\"caption\":\"Laurent Meunier\"},\"url\":\"https:\\\/\\\/janze-athletisme.fr\\\/wordpress\\\/author\\\/laurent-meunier35\\\/\"}]}<\/script>\n<!-- \/ Yoast SEO plugin. -->","yoast_head_json":{"title":"Nos filles championnes avec le comit\u00e9 35 ! - Janz\u00e9 Athl\u00e9tisme","robots":{"index":"index","follow":"follow","max-snippet":"max-snippet:-1","max-image-preview":"max-image-preview:large","max-video-preview":"max-video-preview:-1"},"canonical":"https:\/\/janze-athletisme.fr\/wordpress\/nos-filles-championnes-avec-le-comite-35\/","og_locale":"fr_FR","og_type":"article","og_title":"Nos filles championnes avec le comit\u00e9 35 ! - Janz\u00e9 Athl\u00e9tisme","og_description":"Pr\u00e9-France de cross \u00e0 Eu (76) Peut-\u00eatre y-a-t&rsquo;il eu dans le pass\u00e9 des minimes de Janz\u00e9 Athl\u00e9 s\u00e9lectionn\u00e9s par le Comit\u00e9 35 au niveau inter-r\u00e9gional (Pr\u00e9-France), mais il y a longtemps et trois d&rsquo;un coup cela n&rsquo;a jamais d\u00fb arriver. \u00a0\u00a0 \u00a0\u00a0 Sur les 7 filles du comit\u00e9 35 au d\u00e9part, deux \u00e9taient de Janz\u00e9 [&hellip;]","og_url":"https:\/\/janze-athletisme.fr\/wordpress\/nos-filles-championnes-avec-le-comite-35\/","og_site_name":"Janz\u00e9 Athl\u00e9tisme","article_publisher":"https:\/\/www.facebook.com\/groups\/1007964579346590","article_published_time":"2022-03-01T13:43:13+00:00","article_modified_time":"2022-03-01T13:49:42+00:00","og_image":[{"width":2000,"height":2000,"url":"https:\/\/janze-athletisme.fr\/wordpress\/wp-content\/uploads\/2022\/03\/DSC_4002-Championnes-.jpg","type":"image\/jpeg"}],"author":"Laurent Meunier","twitter_card":"summary_large_image","twitter_misc":{"\u00c9crit par":"Laurent Meunier","Dur\u00e9e de lecture estim\u00e9e":"3 minutes"},"schema":{"@context":"https:\/\/schema.org","@graph":[{"@type":"Article","@id":"https:\/\/janze-athletisme.fr\/wordpress\/nos-filles-championnes-avec-le-comite-35\/#article","isPartOf":{"@id":"https:\/\/janze-athletisme.fr\/wordpress\/nos-filles-championnes-avec-le-comite-35\/"},"author":{"name":"Laurent Meunier","@id":"https:\/\/janze-athletisme.fr\/wordpress\/#\/schema\/person\/c7b063dcfa6234c041d4d9b26cc2ea03"},"headline":"Nos filles championnes avec le comit\u00e9 35 !","datePublished":"2022-03-01T13:43:13+00:00","dateModified":"2022-03-01T13:49:42+00:00","mainEntityOfPage":{"@id":"https:\/\/janze-athletisme.fr\/wordpress\/nos-filles-championnes-avec-le-comite-35\/"},"wordCount":196,"commentCount":1,"publisher":{"@id":"https:\/\/janze-athletisme.fr\/wordpress\/#organization"},"image":{"@id":"https:\/\/janze-athletisme.fr\/wordpress\/nos-filles-championnes-avec-le-comite-35\/#primaryimage"},"thumbnailUrl":"https:\/\/janze-athletisme.fr\/wordpress\/wp-content\/uploads\/2022\/03\/DSC_4002-Championnes-.jpg","articleSection":["Le club au jour le jour"],"inLanguage":"fr-FR","potentialAction":[{"@type":"CommentAction","name":"Comment","target":["https:\/\/janze-athletisme.fr\/wordpress\/nos-filles-championnes-avec-le-comite-35\/#respond"]}]},{"@type":"WebPage","@id":"https:\/\/janze-athletisme.fr\/wordpress\/nos-filles-championnes-avec-le-comite-35\/","url":"https:\/\/janze-athletisme.fr\/wordpress\/nos-filles-championnes-avec-le-comite-35\/","name":"Nos filles championnes avec le comit\u00e9 35 ! - Janz\u00e9 Athl\u00e9tisme","isPartOf":{"@id":"https:\/\/janze-athletisme.fr\/wordpress\/#website"},"primaryImageOfPage":{"@id":"https:\/\/janze-athletisme.fr\/wordpress\/nos-filles-championnes-avec-le-comite-35\/#primaryimage"},"image":{"@id":"https:\/\/janze-athletisme.fr\/wordpress\/nos-filles-championnes-avec-le-comite-35\/#primaryimage"},"thumbnailUrl":"https:\/\/janze-athletisme.fr\/wordpress\/wp-content\/uploads\/2022\/03\/DSC_4002-Championnes-.jpg","datePublished":"2022-03-01T13:43:13+00:00","dateModified":"2022-03-01T13:49:42+00:00","breadcrumb":{"@id":"https:\/\/janze-athletisme.fr\/wordpress\/nos-filles-championnes-avec-le-comite-35\/#breadcrumb"},"inLanguage":"fr-FR","potentialAction":[{"@type":"ReadAction","target":["https:\/\/janze-athletisme.fr\/wordpress\/nos-filles-championnes-avec-le-comite-35\/"]}]},{"@type":"ImageObject","inLanguage":"fr-FR","@id":"https:\/\/janze-athletisme.fr\/wordpress\/nos-filles-championnes-avec-le-comite-35\/#primaryimage","url":"https:\/\/janze-athletisme.fr\/wordpress\/wp-content\/uploads\/2022\/03\/DSC_4002-Championnes-.jpg","contentUrl":"https:\/\/janze-athletisme.fr\/wordpress\/wp-content\/uploads\/2022\/03\/DSC_4002-Championnes-.jpg","width":2000,"height":2000},{"@type":"BreadcrumbList","@id":"https:\/\/janze-athletisme.fr\/wordpress\/nos-filles-championnes-avec-le-comite-35\/#breadcrumb","itemListElement":[{"@type":"ListItem","position":1,"name":"Accueil","item":"https:\/\/janze-athletisme.fr\/wordpress\/"},{"@type":"ListItem","position":2,"name":"Nos filles championnes avec le comit\u00e9 35 !"}]},{"@type":"WebSite","@id":"https:\/\/janze-athletisme.fr\/wordpress\/#website","url":"https:\/\/janze-athletisme.fr\/wordpress\/","name":"Janz\u00e9 Athl\u00e9tisme","description":"Pays de La Roche aux F\u00e9es","publisher":{"@id":"https:\/\/janze-athletisme.fr\/wordpress\/#organization"},"potentialAction":[{"@type":"SearchAction","target":{"@type":"EntryPoint","urlTemplate":"https:\/\/janze-athletisme.fr\/wordpress\/?s={search_term_string}"},"query-input":{"@type":"PropertyValueSpecification","valueRequired":true,"valueName":"search_term_string"}}],"inLanguage":"fr-FR"},{"@type":"Organization","@id":"https:\/\/janze-athletisme.fr\/wordpress\/#organization","name":"Janz\u00e9 Athl\u00e9tisme","url":"https:\/\/janze-athletisme.fr\/wordpress\/","logo":{"@type":"ImageObject","inLanguage":"fr-FR","@id":"https:\/\/janze-athletisme.fr\/wordpress\/#\/schema\/logo\/image\/","url":"https:\/\/janze-athletisme.fr\/wordpress\/wp-content\/uploads\/2015\/03\/logo-full1.jpg","contentUrl":"https:\/\/janze-athletisme.fr\/wordpress\/wp-content\/uploads\/2015\/03\/logo-full1.jpg","width":437,"height":205,"caption":"Janz\u00e9 Athl\u00e9tisme"},"image":{"@id":"https:\/\/janze-athletisme.fr\/wordpress\/#\/schema\/logo\/image\/"},"sameAs":["https:\/\/www.facebook.com\/groups\/1007964579346590"]},{"@type":"Person","@id":"https:\/\/janze-athletisme.fr\/wordpress\/#\/schema\/person\/c7b063dcfa6234c041d4d9b26cc2ea03","name":"Laurent Meunier","image":{"@type":"ImageObject","inLanguage":"fr-FR","@id":"https:\/\/secure.gravatar.com\/avatar\/dd25d581ad7c3349090f2fa6a9adb6bfa287e6a5dd8a5216a092727cd8749034?s=96&d=mm&r=g","url":"https:\/\/secure.gravatar.com\/avatar\/dd25d581ad7c3349090f2fa6a9adb6bfa287e6a5dd8a5216a092727cd8749034?s=96&d=mm&r=g","contentUrl":"https:\/\/secure.gravatar.com\/avatar\/dd25d581ad7c3349090f2fa6a9adb6bfa287e6a5dd8a5216a092727cd8749034?s=96&d=mm&r=g","caption":"Laurent Meunier"},"url":"https:\/\/janze-athletisme.fr\/wordpress\/author\/laurent-meunier35\/"}]}},"uagb_featured_image_src":{"full":["https:\/\/janze-athletisme.fr\/wordpress\/wp-content\/uploads\/2022\/03\/DSC_4002-Championnes-.jpg",2000,2000,false],"thumbnail":["https:\/\/janze-athletisme.fr\/wordpress\/wp-content\/uploads\/2022\/03\/DSC_4002-Championnes--150x150.jpg",150,150,true],"medium":["https:\/\/janze-athletisme.fr\/wordpress\/wp-content\/uploads\/2022\/03\/DSC_4002-Championnes--300x300.jpg",300,300,true],"medium_large":["https:\/\/janze-athletisme.fr\/wordpress\/wp-content\/uploads\/2022\/03\/DSC_4002-Championnes--768x768.jpg",768,768,true],"large":["https:\/\/janze-athletisme.fr\/wordpress\/wp-content\/uploads\/2022\/03\/DSC_4002-Championnes--1024x1024.jpg",1024,1024,true],"1536x1536":["https:\/\/janze-athletisme.fr\/wordpress\/wp-content\/uploads\/2022\/03\/DSC_4002-Championnes--1536x1536.jpg",1536,1536,true],"2048x2048":["https:\/\/janze-athletisme.fr\/wordpress\/wp-content\/uploads\/2022\/03\/DSC_4002-Championnes-.jpg",2000,2000,false]},"uagb_author_info":{"display_name":"Laurent Meunier","author_link":"https:\/\/janze-athletisme.fr\/wordpress\/author\/laurent-meunier35\/"},"uagb_comment_info":1,"uagb_excerpt":"Pr\u00e9-France de cross \u00e0 Eu (76) Peut-\u00eatre y-a-t&rsquo;il eu dans le pass\u00e9 des minimes de Janz\u00e9 Athl\u00e9 s\u00e9lectionn\u00e9s par le Comit\u00e9 35 au niveau inter-r\u00e9gional (Pr\u00e9-France), mais il y a longtemps et trois d&rsquo;un coup cela n&rsquo;a jamais d\u00fb arriver. \u00a0\u00a0 \u00a0\u00a0 Sur les 7 filles du comit\u00e9 35 au d\u00e9part, deux \u00e9taient de Janz\u00e9\u2026","_links":{"self":[{"href":"https:\/\/janze-athletisme.fr\/wordpress\/wp-json\/wp\/v2\/posts\/8755","targetHints":{"allow":["GET"]}}],"collection":[{"href":"https:\/\/janze-athletisme.fr\/wordpress\/wp-json\/wp\/v2\/posts"}],"about":[{"href":"https:\/\/janze-athletisme.fr\/wordpress\/wp-json\/wp\/v2\/types\/post"}],"author":[{"embeddable":true,"href":"https:\/\/janze-athletisme.fr\/wordpress\/wp-json\/wp\/v2\/users\/12"}],"replies":[{"embeddable":true,"href":"https:\/\/janze-athletisme.fr\/wordpress\/wp-json\/wp\/v2\/comments?post=8755"}],"version-history":[{"count":4,"href":"https:\/\/janze-athletisme.fr\/wordpress\/wp-json\/wp\/v2\/posts\/8755\/revisions"}],"predecessor-version":[{"id":8771,"href":"https:\/\/janze-athletisme.fr\/wordpress\/wp-json\/wp\/v2\/posts\/8755\/revisions\/8771"}],"wp:featuredmedia":[{"embeddable":true,"href":"https:\/\/janze-athletisme.fr\/wordpress\/wp-json\/wp\/v2\/media\/8756"}],"wp:attachment":[{"href":"https:\/\/janze-athletisme.fr\/wordpress\/wp-json\/wp\/v2\/media?parent=8755"}],"wp:term":[{"taxonomy":"category","embeddable":true,"href":"https:\/\/janze-athletisme.fr\/wordpress\/wp-json\/wp\/v2\/categories?post=8755"},{"taxonomy":"post_tag","embeddable":true,"href":"https:\/\/janze-athletisme.fr\/wordpress\/wp-json\/wp\/v2\/tags?post=8755"}],"curies":[{"name":"wp","href":"https:\/\/api.w.org\/{rel}","templated":true}]}}