{"id":7970,"date":"2021-11-04T23:30:59","date_gmt":"2021-11-04T22:30:59","guid":{"rendered":"https:\/\/janze-athletisme.fr\/wordpress\/?p=7970"},"modified":"2021-11-04T23:32:04","modified_gmt":"2021-11-04T22:32:04","slug":"championnat-de-bretagne-de-cross-a-carhaix","status":"publish","type":"post","link":"https:\/\/janze-athletisme.fr\/wordpress\/championnat-de-bretagne-de-cross-a-carhaix\/","title":{"rendered":"Championnat de Bretagne de Cross \u00e0 Carhaix"},"content":{"rendered":"<p><span style=\"font-size: 16px;\">Retour sur les Championnats de Bretagne de Cross \ud83c\udfc3\u200d\u2642\ufe0f\ud83c\udfc3\u200d\u2640\ufe0f<\/span><\/p>\n<p>Sur le site mythique de Carhaix a eu lieu le grand retour des cross, stopp\u00e9 depuis presque deux ans.<\/p>\n<p>Apr\u00e8s la temp\u00eate dans la nuit du samedi au dimanche toutes les conditions \u00e9taient r\u00e9unies avec un temps ensoleill\u00e9, un terrain bien boueux, et un parcours dignes des grands championnats de cross .<\/p>\n<p>Nous retenons de tr\u00e8s belles performances lors de ce cross, car 4 de nos athl\u00e8tes participeront au championnat de France de cross \u00e0 Maurauban. F\u00e9licitations \u00e0 vous Lou Gaspais , Wilfried\u00a0et Tom Roullier \ud83c\udfc6<\/p>\n<p>Bravo \u00e0 tous les athl\u00e8tes engag\u00e9es \ud83e\udde1\ud83d\udda4<\/p>\n<p>&nbsp;<\/p>\n<p>&nbsp;<\/p>\n<p><a href=\"https:\/\/janze-athletisme.fr\/wordpress\/wp-content\/uploads\/2021\/11\/IMG_0808.jpg\"><img loading=\"lazy\" decoding=\"async\" class=\"alignnone size-medium wp-image-7972\" src=\"https:\/\/janze-athletisme.fr\/wordpress\/wp-content\/uploads\/2021\/11\/IMG_0808-240x300.jpg\" alt=\"\" width=\"240\" height=\"300\" srcset=\"https:\/\/janze-athletisme.fr\/wordpress\/wp-content\/uploads\/2021\/11\/IMG_0808-240x300.jpg 240w, https:\/\/janze-athletisme.fr\/wordpress\/wp-content\/uploads\/2021\/11\/IMG_0808-819x1024.jpg 819w, https:\/\/janze-athletisme.fr\/wordpress\/wp-content\/uploads\/2021\/11\/IMG_0808-768x960.jpg 768w, https:\/\/janze-athletisme.fr\/wordpress\/wp-content\/uploads\/2021\/11\/IMG_0808.jpg 1199w\" sizes=\"auto, (max-width: 240px) 100vw, 240px\" \/><\/a><a href=\"https:\/\/janze-athletisme.fr\/wordpress\/wp-content\/uploads\/2021\/11\/IMG_0736.jpg\"><img loading=\"lazy\" decoding=\"async\" class=\"alignnone wp-image-7971\" src=\"https:\/\/janze-athletisme.fr\/wordpress\/wp-content\/uploads\/2021\/11\/IMG_0736-300x200.jpg\" alt=\"\" width=\"368\" height=\"245\" srcset=\"https:\/\/janze-athletisme.fr\/wordpress\/wp-content\/uploads\/2021\/11\/IMG_0736-300x200.jpg 300w, https:\/\/janze-athletisme.fr\/wordpress\/wp-content\/uploads\/2021\/11\/IMG_0736-768x512.jpg 768w, https:\/\/janze-athletisme.fr\/wordpress\/wp-content\/uploads\/2021\/11\/IMG_0736.jpg 960w\" sizes=\"auto, (max-width: 368px) 100vw, 368px\" \/><\/a><a href=\"https:\/\/janze-athletisme.fr\/wordpress\/wp-content\/uploads\/2021\/11\/IMG_0810.jpg\"><img loading=\"lazy\" decoding=\"async\" class=\"alignnone size-medium wp-image-7974\" src=\"https:\/\/janze-athletisme.fr\/wordpress\/wp-content\/uploads\/2021\/11\/IMG_0810-225x300.jpg\" alt=\"\" width=\"225\" height=\"300\" srcset=\"https:\/\/janze-athletisme.fr\/wordpress\/wp-content\/uploads\/2021\/11\/IMG_0810-225x300.jpg 225w, https:\/\/janze-athletisme.fr\/wordpress\/wp-content\/uploads\/2021\/11\/IMG_0810-768x1024.jpg 768w, https:\/\/janze-athletisme.fr\/wordpress\/wp-content\/uploads\/2021\/11\/IMG_0810.jpg 828w\" sizes=\"auto, (max-width: 225px) 100vw, 225px\" \/><\/a><a href=\"https:\/\/janze-athletisme.fr\/wordpress\/wp-content\/uploads\/2021\/11\/IMG_0809.jpg\"><img loading=\"lazy\" decoding=\"async\" class=\"alignnone size-medium wp-image-7973\" src=\"https:\/\/janze-athletisme.fr\/wordpress\/wp-content\/uploads\/2021\/11\/IMG_0809-225x300.jpg\" alt=\"\" width=\"225\" height=\"300\" srcset=\"https:\/\/janze-athletisme.fr\/wordpress\/wp-content\/uploads\/2021\/11\/IMG_0809-225x300.jpg 225w, https:\/\/janze-athletisme.fr\/wordpress\/wp-content\/uploads\/2021\/11\/IMG_0809-768x1024.jpg 768w, https:\/\/janze-athletisme.fr\/wordpress\/wp-content\/uploads\/2021\/11\/IMG_0809.jpg 828w\" sizes=\"auto, (max-width: 225px) 100vw, 225px\" \/><\/a><a href=\"https:\/\/janze-athletisme.fr\/wordpress\/wp-content\/uploads\/2021\/11\/Resized_Screenshot_20211031-204021_Messenger.jpg\"><img loading=\"lazy\" decoding=\"async\" class=\"alignnone size-medium wp-image-7975\" src=\"https:\/\/janze-athletisme.fr\/wordpress\/wp-content\/uploads\/2021\/11\/Resized_Screenshot_20211031-204021_Messenger-218x300.jpg\" alt=\"\" width=\"218\" height=\"300\" srcset=\"https:\/\/janze-athletisme.fr\/wordpress\/wp-content\/uploads\/2021\/11\/Resized_Screenshot_20211031-204021_Messenger-218x300.jpg 218w, https:\/\/janze-athletisme.fr\/wordpress\/wp-content\/uploads\/2021\/11\/Resized_Screenshot_20211031-204021_Messenger.jpg 698w\" sizes=\"auto, (max-width: 218px) 100vw, 218px\" \/><\/a><\/p>\n","protected":false},"excerpt":{"rendered":"<p>Retour sur les Championnats de Bretagne de Cross \ud83c\udfc3\u200d\u2642\ufe0f\ud83c\udfc3\u200d\u2640\ufe0f Sur le site mythique de Carhaix a eu lieu le grand retour des cross, stopp\u00e9 depuis presque deux ans. Apr\u00e8s la temp\u00eate dans la nuit du samedi au dimanche toutes les conditions \u00e9taient r\u00e9unies avec un temps ensoleill\u00e9, un terrain bien boueux, et un parcours dignes [&hellip;]<\/p>\n","protected":false},"author":11,"featured_media":7971,"comment_status":"open","ping_status":"open","sticky":false,"template":"","format":"aside","meta":{"_uag_custom_page_level_css":"","site-sidebar-layout":"default","site-content-layout":"default","ast-site-content-layout":"default","site-content-style":"default","site-sidebar-style":"default","ast-global-header-display":"","ast-banner-title-visibility":"","ast-main-header-display":"","ast-hfb-above-header-display":"","ast-hfb-below-header-display":"","ast-hfb-mobile-header-display":"","site-post-title":"","ast-breadcrumbs-content":"","ast-featured-img":"","footer-sml-layout":"","ast-disable-related-posts":"","theme-transparent-header-meta":"default","adv-header-id-meta":"","stick-header-meta":"","header-above-stick-meta":"","header-main-stick-meta":"","header-below-stick-meta":"","astra-migrate-meta-layouts":"default","ast-page-background-enabled":"default","ast-page-background-meta":{"desktop":{"background-color":"var(--ast-global-color-4)","background-image":"","background-repeat":"repeat","background-position":"center center","background-size":"auto","background-attachment":"scroll","background-type":"","background-media":"","overlay-type":"","overlay-color":"","overlay-opacity":"","overlay-gradient":""},"tablet":{"background-color":"","background-image":"","background-repeat":"repeat","background-position":"center center","background-size":"auto","background-attachment":"scroll","background-type":"","background-media":"","overlay-type":"","overlay-color":"","overlay-opacity":"","overlay-gradient":""},"mobile":{"background-color":"","background-image":"","background-repeat":"repeat","background-position":"center center","background-size":"auto","background-attachment":"scroll","background-type":"","background-media":"","overlay-type":"","overlay-color":"","overlay-opacity":"","overlay-gradient":""}},"ast-content-background-meta":{"desktop":{"background-color":"var(--ast-global-color-5)","background-image":"","background-repeat":"repeat","background-position":"center center","background-size":"auto","background-attachment":"scroll","background-type":"","background-media":"","overlay-type":"","overlay-color":"","overlay-opacity":"","overlay-gradient":""},"tablet":{"background-color":"var(--ast-global-color-5)","background-image":"","background-repeat":"repeat","background-position":"center center","background-size":"auto","background-attachment":"scroll","background-type":"","background-media":"","overlay-type":"","overlay-color":"","overlay-opacity":"","overlay-gradient":""},"mobile":{"background-color":"var(--ast-global-color-5)","background-image":"","background-repeat":"repeat","background-position":"center center","background-size":"auto","background-attachment":"scroll","background-type":"","background-media":"","overlay-type":"","overlay-color":"","overlay-opacity":"","overlay-gradient":""}},"footnotes":""},"categories":[6],"tags":[],"class_list":["post-7970","post","type-post","status-publish","format-aside","has-post-thumbnail","hentry","category-sections","post_format-post-format-aside"],"yoast_head":"<!-- This site is optimized with the Yoast SEO plugin v27.5 - https:\/\/yoast.com\/product\/yoast-seo-wordpress\/ -->\n<title>Championnat de Bretagne de Cross \u00e0 Carhaix - Janz\u00e9 Athl\u00e9tisme<\/title>\n<meta name=\"robots\" content=\"index, follow, max-snippet:-1, max-image-preview:large, max-video-preview:-1\" \/>\n<link rel=\"canonical\" href=\"https:\/\/janze-athletisme.fr\/wordpress\/championnat-de-bretagne-de-cross-a-carhaix\/\" \/>\n<meta property=\"og:locale\" content=\"fr_FR\" \/>\n<meta property=\"og:type\" content=\"article\" \/>\n<meta property=\"og:title\" content=\"Championnat de Bretagne de Cross \u00e0 Carhaix - Janz\u00e9 Athl\u00e9tisme\" \/>\n<meta property=\"og:description\" content=\"Retour sur les Championnats de Bretagne de Cross \ud83c\udfc3\u200d\u2642\ufe0f\ud83c\udfc3\u200d\u2640\ufe0f Sur le site mythique de Carhaix a eu lieu le grand retour des cross, stopp\u00e9 depuis presque deux ans. Apr\u00e8s la temp\u00eate dans la nuit du samedi au dimanche toutes les conditions \u00e9taient r\u00e9unies avec un temps ensoleill\u00e9, un terrain bien boueux, et un parcours dignes [&hellip;]\" \/>\n<meta property=\"og:url\" content=\"https:\/\/janze-athletisme.fr\/wordpress\/championnat-de-bretagne-de-cross-a-carhaix\/\" \/>\n<meta property=\"og:site_name\" content=\"Janz\u00e9 Athl\u00e9tisme\" \/>\n<meta property=\"article:publisher\" content=\"https:\/\/www.facebook.com\/groups\/1007964579346590\" \/>\n<meta property=\"article:published_time\" content=\"2021-11-04T22:30:59+00:00\" \/>\n<meta property=\"article:modified_time\" content=\"2021-11-04T22:32:04+00:00\" \/>\n<meta property=\"og:image\" content=\"https:\/\/janze-athletisme.fr\/wordpress\/wp-content\/uploads\/2021\/11\/IMG_0736.jpg\" \/>\n\t<meta property=\"og:image:width\" content=\"960\" \/>\n\t<meta property=\"og:image:height\" content=\"640\" \/>\n\t<meta property=\"og:image:type\" content=\"image\/jpeg\" \/>\n<meta name=\"author\" content=\"Mathieu Henry\" \/>\n<meta name=\"twitter:card\" content=\"summary_large_image\" \/>\n<meta name=\"twitter:label1\" content=\"\u00c9crit par\" \/>\n\t<meta name=\"twitter:data1\" content=\"Mathieu Henry\" \/>\n\t<meta name=\"twitter:label2\" content=\"Dur\u00e9e de lecture estim\u00e9e\" \/>\n\t<meta name=\"twitter:data2\" content=\"2 minutes\" \/>\n<script type=\"application\/ld+json\" class=\"yoast-schema-graph\">{\"@context\":\"https:\\\/\\\/schema.org\",\"@graph\":[{\"@type\":\"Article\",\"@id\":\"https:\\\/\\\/janze-athletisme.fr\\\/wordpress\\\/championnat-de-bretagne-de-cross-a-carhaix\\\/#article\",\"isPartOf\":{\"@id\":\"https:\\\/\\\/janze-athletisme.fr\\\/wordpress\\\/championnat-de-bretagne-de-cross-a-carhaix\\\/\"},\"author\":{\"name\":\"Mathieu Henry\",\"@id\":\"https:\\\/\\\/janze-athletisme.fr\\\/wordpress\\\/#\\\/schema\\\/person\\\/18fefdd57ab54de1e0b2b03ce255394c\"},\"headline\":\"Championnat de Bretagne de Cross \u00e0 Carhaix\",\"datePublished\":\"2021-11-04T22:30:59+00:00\",\"dateModified\":\"2021-11-04T22:32:04+00:00\",\"mainEntityOfPage\":{\"@id\":\"https:\\\/\\\/janze-athletisme.fr\\\/wordpress\\\/championnat-de-bretagne-de-cross-a-carhaix\\\/\"},\"wordCount\":110,\"commentCount\":0,\"publisher\":{\"@id\":\"https:\\\/\\\/janze-athletisme.fr\\\/wordpress\\\/#organization\"},\"image\":{\"@id\":\"https:\\\/\\\/janze-athletisme.fr\\\/wordpress\\\/championnat-de-bretagne-de-cross-a-carhaix\\\/#primaryimage\"},\"thumbnailUrl\":\"https:\\\/\\\/janze-athletisme.fr\\\/wordpress\\\/wp-content\\\/uploads\\\/2021\\\/11\\\/IMG_0736.jpg\",\"articleSection\":[\"Le club au jour le jour\"],\"inLanguage\":\"fr-FR\",\"potentialAction\":[{\"@type\":\"CommentAction\",\"name\":\"Comment\",\"target\":[\"https:\\\/\\\/janze-athletisme.fr\\\/wordpress\\\/championnat-de-bretagne-de-cross-a-carhaix\\\/#respond\"]}]},{\"@type\":\"WebPage\",\"@id\":\"https:\\\/\\\/janze-athletisme.fr\\\/wordpress\\\/championnat-de-bretagne-de-cross-a-carhaix\\\/\",\"url\":\"https:\\\/\\\/janze-athletisme.fr\\\/wordpress\\\/championnat-de-bretagne-de-cross-a-carhaix\\\/\",\"name\":\"Championnat de Bretagne de Cross \u00e0 Carhaix - Janz\u00e9 Athl\u00e9tisme\",\"isPartOf\":{\"@id\":\"https:\\\/\\\/janze-athletisme.fr\\\/wordpress\\\/#website\"},\"primaryImageOfPage\":{\"@id\":\"https:\\\/\\\/janze-athletisme.fr\\\/wordpress\\\/championnat-de-bretagne-de-cross-a-carhaix\\\/#primaryimage\"},\"image\":{\"@id\":\"https:\\\/\\\/janze-athletisme.fr\\\/wordpress\\\/championnat-de-bretagne-de-cross-a-carhaix\\\/#primaryimage\"},\"thumbnailUrl\":\"https:\\\/\\\/janze-athletisme.fr\\\/wordpress\\\/wp-content\\\/uploads\\\/2021\\\/11\\\/IMG_0736.jpg\",\"datePublished\":\"2021-11-04T22:30:59+00:00\",\"dateModified\":\"2021-11-04T22:32:04+00:00\",\"breadcrumb\":{\"@id\":\"https:\\\/\\\/janze-athletisme.fr\\\/wordpress\\\/championnat-de-bretagne-de-cross-a-carhaix\\\/#breadcrumb\"},\"inLanguage\":\"fr-FR\",\"potentialAction\":[{\"@type\":\"ReadAction\",\"target\":[\"https:\\\/\\\/janze-athletisme.fr\\\/wordpress\\\/championnat-de-bretagne-de-cross-a-carhaix\\\/\"]}]},{\"@type\":\"ImageObject\",\"inLanguage\":\"fr-FR\",\"@id\":\"https:\\\/\\\/janze-athletisme.fr\\\/wordpress\\\/championnat-de-bretagne-de-cross-a-carhaix\\\/#primaryimage\",\"url\":\"https:\\\/\\\/janze-athletisme.fr\\\/wordpress\\\/wp-content\\\/uploads\\\/2021\\\/11\\\/IMG_0736.jpg\",\"contentUrl\":\"https:\\\/\\\/janze-athletisme.fr\\\/wordpress\\\/wp-content\\\/uploads\\\/2021\\\/11\\\/IMG_0736.jpg\",\"width\":960,\"height\":640},{\"@type\":\"BreadcrumbList\",\"@id\":\"https:\\\/\\\/janze-athletisme.fr\\\/wordpress\\\/championnat-de-bretagne-de-cross-a-carhaix\\\/#breadcrumb\",\"itemListElement\":[{\"@type\":\"ListItem\",\"position\":1,\"name\":\"Accueil\",\"item\":\"https:\\\/\\\/janze-athletisme.fr\\\/wordpress\\\/\"},{\"@type\":\"ListItem\",\"position\":2,\"name\":\"Championnat de Bretagne de Cross \u00e0 Carhaix\"}]},{\"@type\":\"WebSite\",\"@id\":\"https:\\\/\\\/janze-athletisme.fr\\\/wordpress\\\/#website\",\"url\":\"https:\\\/\\\/janze-athletisme.fr\\\/wordpress\\\/\",\"name\":\"Janz\u00e9 Athl\u00e9tisme\",\"description\":\"Pays de La Roche aux F\u00e9es\",\"publisher\":{\"@id\":\"https:\\\/\\\/janze-athletisme.fr\\\/wordpress\\\/#organization\"},\"potentialAction\":[{\"@type\":\"SearchAction\",\"target\":{\"@type\":\"EntryPoint\",\"urlTemplate\":\"https:\\\/\\\/janze-athletisme.fr\\\/wordpress\\\/?s={search_term_string}\"},\"query-input\":{\"@type\":\"PropertyValueSpecification\",\"valueRequired\":true,\"valueName\":\"search_term_string\"}}],\"inLanguage\":\"fr-FR\"},{\"@type\":\"Organization\",\"@id\":\"https:\\\/\\\/janze-athletisme.fr\\\/wordpress\\\/#organization\",\"name\":\"Janz\u00e9 Athl\u00e9tisme\",\"url\":\"https:\\\/\\\/janze-athletisme.fr\\\/wordpress\\\/\",\"logo\":{\"@type\":\"ImageObject\",\"inLanguage\":\"fr-FR\",\"@id\":\"https:\\\/\\\/janze-athletisme.fr\\\/wordpress\\\/#\\\/schema\\\/logo\\\/image\\\/\",\"url\":\"https:\\\/\\\/janze-athletisme.fr\\\/wordpress\\\/wp-content\\\/uploads\\\/2015\\\/03\\\/logo-full1.jpg\",\"contentUrl\":\"https:\\\/\\\/janze-athletisme.fr\\\/wordpress\\\/wp-content\\\/uploads\\\/2015\\\/03\\\/logo-full1.jpg\",\"width\":437,\"height\":205,\"caption\":\"Janz\u00e9 Athl\u00e9tisme\"},\"image\":{\"@id\":\"https:\\\/\\\/janze-athletisme.fr\\\/wordpress\\\/#\\\/schema\\\/logo\\\/image\\\/\"},\"sameAs\":[\"https:\\\/\\\/www.facebook.com\\\/groups\\\/1007964579346590\"]},{\"@type\":\"Person\",\"@id\":\"https:\\\/\\\/janze-athletisme.fr\\\/wordpress\\\/#\\\/schema\\\/person\\\/18fefdd57ab54de1e0b2b03ce255394c\",\"name\":\"Mathieu Henry\",\"image\":{\"@type\":\"ImageObject\",\"inLanguage\":\"fr-FR\",\"@id\":\"https:\\\/\\\/secure.gravatar.com\\\/avatar\\\/e40c9603c4663261ec2699b75966809103fea0f6b606ac4b27fd3f4ff80d3e64?s=96&d=mm&r=g\",\"url\":\"https:\\\/\\\/secure.gravatar.com\\\/avatar\\\/e40c9603c4663261ec2699b75966809103fea0f6b606ac4b27fd3f4ff80d3e64?s=96&d=mm&r=g\",\"contentUrl\":\"https:\\\/\\\/secure.gravatar.com\\\/avatar\\\/e40c9603c4663261ec2699b75966809103fea0f6b606ac4b27fd3f4ff80d3e64?s=96&d=mm&r=g\",\"caption\":\"Mathieu Henry\"},\"url\":\"https:\\\/\\\/janze-athletisme.fr\\\/wordpress\\\/author\\\/mhenry35150\\\/\"}]}<\/script>\n<!-- \/ Yoast SEO plugin. -->","yoast_head_json":{"title":"Championnat de Bretagne de Cross \u00e0 Carhaix - Janz\u00e9 Athl\u00e9tisme","robots":{"index":"index","follow":"follow","max-snippet":"max-snippet:-1","max-image-preview":"max-image-preview:large","max-video-preview":"max-video-preview:-1"},"canonical":"https:\/\/janze-athletisme.fr\/wordpress\/championnat-de-bretagne-de-cross-a-carhaix\/","og_locale":"fr_FR","og_type":"article","og_title":"Championnat de Bretagne de Cross \u00e0 Carhaix - Janz\u00e9 Athl\u00e9tisme","og_description":"Retour sur les Championnats de Bretagne de Cross \ud83c\udfc3\u200d\u2642\ufe0f\ud83c\udfc3\u200d\u2640\ufe0f Sur le site mythique de Carhaix a eu lieu le grand retour des cross, stopp\u00e9 depuis presque deux ans. Apr\u00e8s la temp\u00eate dans la nuit du samedi au dimanche toutes les conditions \u00e9taient r\u00e9unies avec un temps ensoleill\u00e9, un terrain bien boueux, et un parcours dignes [&hellip;]","og_url":"https:\/\/janze-athletisme.fr\/wordpress\/championnat-de-bretagne-de-cross-a-carhaix\/","og_site_name":"Janz\u00e9 Athl\u00e9tisme","article_publisher":"https:\/\/www.facebook.com\/groups\/1007964579346590","article_published_time":"2021-11-04T22:30:59+00:00","article_modified_time":"2021-11-04T22:32:04+00:00","og_image":[{"width":960,"height":640,"url":"https:\/\/janze-athletisme.fr\/wordpress\/wp-content\/uploads\/2021\/11\/IMG_0736.jpg","type":"image\/jpeg"}],"author":"Mathieu Henry","twitter_card":"summary_large_image","twitter_misc":{"\u00c9crit par":"Mathieu Henry","Dur\u00e9e de lecture estim\u00e9e":"2 minutes"},"schema":{"@context":"https:\/\/schema.org","@graph":[{"@type":"Article","@id":"https:\/\/janze-athletisme.fr\/wordpress\/championnat-de-bretagne-de-cross-a-carhaix\/#article","isPartOf":{"@id":"https:\/\/janze-athletisme.fr\/wordpress\/championnat-de-bretagne-de-cross-a-carhaix\/"},"author":{"name":"Mathieu Henry","@id":"https:\/\/janze-athletisme.fr\/wordpress\/#\/schema\/person\/18fefdd57ab54de1e0b2b03ce255394c"},"headline":"Championnat de Bretagne de Cross \u00e0 Carhaix","datePublished":"2021-11-04T22:30:59+00:00","dateModified":"2021-11-04T22:32:04+00:00","mainEntityOfPage":{"@id":"https:\/\/janze-athletisme.fr\/wordpress\/championnat-de-bretagne-de-cross-a-carhaix\/"},"wordCount":110,"commentCount":0,"publisher":{"@id":"https:\/\/janze-athletisme.fr\/wordpress\/#organization"},"image":{"@id":"https:\/\/janze-athletisme.fr\/wordpress\/championnat-de-bretagne-de-cross-a-carhaix\/#primaryimage"},"thumbnailUrl":"https:\/\/janze-athletisme.fr\/wordpress\/wp-content\/uploads\/2021\/11\/IMG_0736.jpg","articleSection":["Le club au jour le jour"],"inLanguage":"fr-FR","potentialAction":[{"@type":"CommentAction","name":"Comment","target":["https:\/\/janze-athletisme.fr\/wordpress\/championnat-de-bretagne-de-cross-a-carhaix\/#respond"]}]},{"@type":"WebPage","@id":"https:\/\/janze-athletisme.fr\/wordpress\/championnat-de-bretagne-de-cross-a-carhaix\/","url":"https:\/\/janze-athletisme.fr\/wordpress\/championnat-de-bretagne-de-cross-a-carhaix\/","name":"Championnat de Bretagne de Cross \u00e0 Carhaix - Janz\u00e9 Athl\u00e9tisme","isPartOf":{"@id":"https:\/\/janze-athletisme.fr\/wordpress\/#website"},"primaryImageOfPage":{"@id":"https:\/\/janze-athletisme.fr\/wordpress\/championnat-de-bretagne-de-cross-a-carhaix\/#primaryimage"},"image":{"@id":"https:\/\/janze-athletisme.fr\/wordpress\/championnat-de-bretagne-de-cross-a-carhaix\/#primaryimage"},"thumbnailUrl":"https:\/\/janze-athletisme.fr\/wordpress\/wp-content\/uploads\/2021\/11\/IMG_0736.jpg","datePublished":"2021-11-04T22:30:59+00:00","dateModified":"2021-11-04T22:32:04+00:00","breadcrumb":{"@id":"https:\/\/janze-athletisme.fr\/wordpress\/championnat-de-bretagne-de-cross-a-carhaix\/#breadcrumb"},"inLanguage":"fr-FR","potentialAction":[{"@type":"ReadAction","target":["https:\/\/janze-athletisme.fr\/wordpress\/championnat-de-bretagne-de-cross-a-carhaix\/"]}]},{"@type":"ImageObject","inLanguage":"fr-FR","@id":"https:\/\/janze-athletisme.fr\/wordpress\/championnat-de-bretagne-de-cross-a-carhaix\/#primaryimage","url":"https:\/\/janze-athletisme.fr\/wordpress\/wp-content\/uploads\/2021\/11\/IMG_0736.jpg","contentUrl":"https:\/\/janze-athletisme.fr\/wordpress\/wp-content\/uploads\/2021\/11\/IMG_0736.jpg","width":960,"height":640},{"@type":"BreadcrumbList","@id":"https:\/\/janze-athletisme.fr\/wordpress\/championnat-de-bretagne-de-cross-a-carhaix\/#breadcrumb","itemListElement":[{"@type":"ListItem","position":1,"name":"Accueil","item":"https:\/\/janze-athletisme.fr\/wordpress\/"},{"@type":"ListItem","position":2,"name":"Championnat de Bretagne de Cross \u00e0 Carhaix"}]},{"@type":"WebSite","@id":"https:\/\/janze-athletisme.fr\/wordpress\/#website","url":"https:\/\/janze-athletisme.fr\/wordpress\/","name":"Janz\u00e9 Athl\u00e9tisme","description":"Pays de La Roche aux F\u00e9es","publisher":{"@id":"https:\/\/janze-athletisme.fr\/wordpress\/#organization"},"potentialAction":[{"@type":"SearchAction","target":{"@type":"EntryPoint","urlTemplate":"https:\/\/janze-athletisme.fr\/wordpress\/?s={search_term_string}"},"query-input":{"@type":"PropertyValueSpecification","valueRequired":true,"valueName":"search_term_string"}}],"inLanguage":"fr-FR"},{"@type":"Organization","@id":"https:\/\/janze-athletisme.fr\/wordpress\/#organization","name":"Janz\u00e9 Athl\u00e9tisme","url":"https:\/\/janze-athletisme.fr\/wordpress\/","logo":{"@type":"ImageObject","inLanguage":"fr-FR","@id":"https:\/\/janze-athletisme.fr\/wordpress\/#\/schema\/logo\/image\/","url":"https:\/\/janze-athletisme.fr\/wordpress\/wp-content\/uploads\/2015\/03\/logo-full1.jpg","contentUrl":"https:\/\/janze-athletisme.fr\/wordpress\/wp-content\/uploads\/2015\/03\/logo-full1.jpg","width":437,"height":205,"caption":"Janz\u00e9 Athl\u00e9tisme"},"image":{"@id":"https:\/\/janze-athletisme.fr\/wordpress\/#\/schema\/logo\/image\/"},"sameAs":["https:\/\/www.facebook.com\/groups\/1007964579346590"]},{"@type":"Person","@id":"https:\/\/janze-athletisme.fr\/wordpress\/#\/schema\/person\/18fefdd57ab54de1e0b2b03ce255394c","name":"Mathieu Henry","image":{"@type":"ImageObject","inLanguage":"fr-FR","@id":"https:\/\/secure.gravatar.com\/avatar\/e40c9603c4663261ec2699b75966809103fea0f6b606ac4b27fd3f4ff80d3e64?s=96&d=mm&r=g","url":"https:\/\/secure.gravatar.com\/avatar\/e40c9603c4663261ec2699b75966809103fea0f6b606ac4b27fd3f4ff80d3e64?s=96&d=mm&r=g","contentUrl":"https:\/\/secure.gravatar.com\/avatar\/e40c9603c4663261ec2699b75966809103fea0f6b606ac4b27fd3f4ff80d3e64?s=96&d=mm&r=g","caption":"Mathieu Henry"},"url":"https:\/\/janze-athletisme.fr\/wordpress\/author\/mhenry35150\/"}]}},"uagb_featured_image_src":{"full":["https:\/\/janze-athletisme.fr\/wordpress\/wp-content\/uploads\/2021\/11\/IMG_0736.jpg",960,640,false],"thumbnail":["https:\/\/janze-athletisme.fr\/wordpress\/wp-content\/uploads\/2021\/11\/IMG_0736-150x150.jpg",150,150,true],"medium":["https:\/\/janze-athletisme.fr\/wordpress\/wp-content\/uploads\/2021\/11\/IMG_0736-300x200.jpg",300,200,true],"medium_large":["https:\/\/janze-athletisme.fr\/wordpress\/wp-content\/uploads\/2021\/11\/IMG_0736-768x512.jpg",768,512,true],"large":["https:\/\/janze-athletisme.fr\/wordpress\/wp-content\/uploads\/2021\/11\/IMG_0736.jpg",960,640,false],"1536x1536":["https:\/\/janze-athletisme.fr\/wordpress\/wp-content\/uploads\/2021\/11\/IMG_0736.jpg",960,640,false],"2048x2048":["https:\/\/janze-athletisme.fr\/wordpress\/wp-content\/uploads\/2021\/11\/IMG_0736.jpg",960,640,false]},"uagb_author_info":{"display_name":"Mathieu Henry","author_link":"https:\/\/janze-athletisme.fr\/wordpress\/author\/mhenry35150\/"},"uagb_comment_info":0,"uagb_excerpt":"Retour sur les Championnats de Bretagne de Cross \ud83c\udfc3\u200d\u2642\ufe0f\ud83c\udfc3\u200d\u2640\ufe0f Sur le site mythique de Carhaix a eu lieu le grand retour des cross, stopp\u00e9 depuis presque deux ans. Apr\u00e8s la temp\u00eate dans la nuit du samedi au dimanche toutes les conditions \u00e9taient r\u00e9unies avec un temps ensoleill\u00e9, un terrain bien boueux, et un parcours dignes\u2026","_links":{"self":[{"href":"https:\/\/janze-athletisme.fr\/wordpress\/wp-json\/wp\/v2\/posts\/7970","targetHints":{"allow":["GET"]}}],"collection":[{"href":"https:\/\/janze-athletisme.fr\/wordpress\/wp-json\/wp\/v2\/posts"}],"about":[{"href":"https:\/\/janze-athletisme.fr\/wordpress\/wp-json\/wp\/v2\/types\/post"}],"author":[{"embeddable":true,"href":"https:\/\/janze-athletisme.fr\/wordpress\/wp-json\/wp\/v2\/users\/11"}],"replies":[{"embeddable":true,"href":"https:\/\/janze-athletisme.fr\/wordpress\/wp-json\/wp\/v2\/comments?post=7970"}],"version-history":[{"count":1,"href":"https:\/\/janze-athletisme.fr\/wordpress\/wp-json\/wp\/v2\/posts\/7970\/revisions"}],"predecessor-version":[{"id":7976,"href":"https:\/\/janze-athletisme.fr\/wordpress\/wp-json\/wp\/v2\/posts\/7970\/revisions\/7976"}],"wp:featuredmedia":[{"embeddable":true,"href":"https:\/\/janze-athletisme.fr\/wordpress\/wp-json\/wp\/v2\/media\/7971"}],"wp:attachment":[{"href":"https:\/\/janze-athletisme.fr\/wordpress\/wp-json\/wp\/v2\/media?parent=7970"}],"wp:term":[{"taxonomy":"category","embeddable":true,"href":"https:\/\/janze-athletisme.fr\/wordpress\/wp-json\/wp\/v2\/categories?post=7970"},{"taxonomy":"post_tag","embeddable":true,"href":"https:\/\/janze-athletisme.fr\/wordpress\/wp-json\/wp\/v2\/tags?post=7970"}],"curies":[{"name":"wp","href":"https:\/\/api.w.org\/{rel}","templated":true}]}}