{"id":7964,"date":"2021-11-04T15:06:48","date_gmt":"2021-11-04T14:06:48","guid":{"rendered":"https:\/\/janze-athletisme.fr\/wordpress\/?p=7964"},"modified":"2021-11-05T20:20:28","modified_gmt":"2021-11-05T19:20:28","slug":"haute-vilaine-la-chapelle-erbree","status":"publish","type":"post","link":"https:\/\/janze-athletisme.fr\/wordpress\/haute-vilaine-la-chapelle-erbree\/","title":{"rendered":"Haute Vilaine : La Chapelle Erbr\u00e9e"},"content":{"rendered":"<p>Apr\u00e8s quelques mois de suspension, les marcheurs ont pu reprendre le chemin des comp\u00e9titions le 1er octobre.<\/p>\n<p>31 marcheurs se sont retrouv\u00e9s dont 3 licenci\u00e9es de Janz\u00e9 Athl\u00e9tisme.<\/p>\n<p>Le parcours propos\u00e9 \u00e9tait de 16 km.<\/p>\n<p>Un grand merci aux participants : Philippe, St\u00e9phane et Raymond.<\/p>\n<table style=\"border-collapse: collapse; width: 100%; height: 90px;\">\n<tbody>\n<tr style=\"height: 25.2pt;\">\n<td class=\"xl65\" style=\"height: 25px; width: 12.9208%;\" width=\"83\" height=\"34\">Distance<\/td>\n<td class=\"xl66\" style=\"width: 15.4686%; height: 25px;\" width=\"83\">Classement<\/td>\n<td class=\"xl66\" style=\"width: 13.2848%; height: 25px;\" width=\"83\">Class par Cat\u00e9gorie<\/td>\n<td class=\"xl66\" style=\"width: 13.4668%; height: 25px;\" width=\"83\">Pr\u00e9nom<\/td>\n<td class=\"xl66\" style=\"width: 16.5605%; height: 25px;\" width=\"83\">Temps<\/td>\n<td class=\"xl66\" style=\"width: 13.9217%; height: 25px;\" width=\"83\">Moyenne<\/td>\n<\/tr>\n<tr style=\"height: 15.0pt;\">\n<td class=\"xl68\" style=\"border-bottom: 1pt solid black; height: 65px; border-top: none; width: 12.9208%;\" rowspan=\"3\" width=\"83\" height=\"60\">16km<\/td>\n<td class=\"xl66\" style=\"width: 15.4686%; height: 35px;\" width=\"83\">8\u00e8me\/31<\/td>\n<td class=\"xl66\" style=\"width: 13.2848%; height: 35px;\" width=\"83\">3\u00e8me V2M<\/td>\n<td class=\"xl66\" style=\"width: 13.4668%; height: 35px;\" width=\"83\">Philippe Ch.<\/td>\n<td class=\"xl66\" style=\"width: 16.5605%; height: 35px;\" width=\"83\">1h56min30s<\/td>\n<td class=\"xl66\" style=\"width: 13.9217%; height: 35px;\" width=\"83\">8,24km\/h<\/td>\n<\/tr>\n<tr style=\"height: 15.0pt;\">\n<td class=\"xl66\" style=\"height: 15px; width: 15.4686%;\" width=\"83\" height=\"20\">10\u00e8me\/31<\/td>\n<td class=\"xl66\" style=\"width: 13.2848%; height: 15px;\" width=\"83\">5\u00e8me V2M<\/td>\n<td class=\"xl66\" style=\"width: 13.4668%; height: 15px;\" width=\"83\">St\u00e9phane C.<\/td>\n<td class=\"xl67\" style=\"width: 16.5605%; height: 15px;\" width=\"83\">2h01min50s<\/td>\n<td class=\"xl66\" style=\"width: 13.9217%; height: 15px;\" width=\"83\">7,88km\/h<\/td>\n<\/tr>\n<tr style=\"height: 15.0pt;\">\n<td class=\"xl66\" style=\"height: 15px; width: 15.4686%;\" width=\"83\" height=\"20\">31\u00e8me\/31<\/td>\n<td class=\"xl66\" style=\"width: 13.2848%; height: 15px;\" width=\"83\">7\u00e8me V3M<\/td>\n<td class=\"xl66\" style=\"width: 13.4668%; height: 15px;\" width=\"83\">Raymond Fl.<\/td>\n<td class=\"xl67\" style=\"width: 16.5605%; height: 15px;\" width=\"83\">2h17min59s<\/td>\n<td class=\"xl66\" style=\"width: 13.9217%; height: 15px;\" width=\"83\">6,96km\/h<\/td>\n<\/tr>\n<\/tbody>\n<\/table>\n","protected":false},"excerpt":{"rendered":"<p>Apr\u00e8s quelques mois de suspension, les marcheurs ont pu reprendre le chemin des comp\u00e9titions le 1er octobre. 31 marcheurs se sont retrouv\u00e9s dont 3 licenci\u00e9es de Janz\u00e9 Athl\u00e9tisme. Le parcours propos\u00e9 \u00e9tait de 16 km. Un grand merci aux participants : Philippe, St\u00e9phane et Raymond. Distance Classement Class par Cat\u00e9gorie Pr\u00e9nom Temps Moyenne 16km 8\u00e8me\/31 [&hellip;]<\/p>\n","protected":false},"author":6,"featured_media":0,"comment_status":"open","ping_status":"open","sticky":false,"template":"","format":"aside","meta":{"_uag_custom_page_level_css":"","site-sidebar-layout":"default","site-content-layout":"default","ast-site-content-layout":"default","site-content-style":"default","site-sidebar-style":"default","ast-global-header-display":"","ast-banner-title-visibility":"","ast-main-header-display":"","ast-hfb-above-header-display":"","ast-hfb-below-header-display":"","ast-hfb-mobile-header-display":"","site-post-title":"","ast-breadcrumbs-content":"","ast-featured-img":"","footer-sml-layout":"","ast-disable-related-posts":"","theme-transparent-header-meta":"default","adv-header-id-meta":"","stick-header-meta":"","header-above-stick-meta":"","header-main-stick-meta":"","header-below-stick-meta":"","astra-migrate-meta-layouts":"default","ast-page-background-enabled":"default","ast-page-background-meta":{"desktop":{"background-color":"var(--ast-global-color-4)","background-image":"","background-repeat":"repeat","background-position":"center center","background-size":"auto","background-attachment":"scroll","background-type":"","background-media":"","overlay-type":"","overlay-color":"","overlay-opacity":"","overlay-gradient":""},"tablet":{"background-color":"","background-image":"","background-repeat":"repeat","background-position":"center center","background-size":"auto","background-attachment":"scroll","background-type":"","background-media":"","overlay-type":"","overlay-color":"","overlay-opacity":"","overlay-gradient":""},"mobile":{"background-color":"","background-image":"","background-repeat":"repeat","background-position":"center center","background-size":"auto","background-attachment":"scroll","background-type":"","background-media":"","overlay-type":"","overlay-color":"","overlay-opacity":"","overlay-gradient":""}},"ast-content-background-meta":{"desktop":{"background-color":"var(--ast-global-color-5)","background-image":"","background-repeat":"repeat","background-position":"center center","background-size":"auto","background-attachment":"scroll","background-type":"","background-media":"","overlay-type":"","overlay-color":"","overlay-opacity":"","overlay-gradient":""},"tablet":{"background-color":"var(--ast-global-color-5)","background-image":"","background-repeat":"repeat","background-position":"center center","background-size":"auto","background-attachment":"scroll","background-type":"","background-media":"","overlay-type":"","overlay-color":"","overlay-opacity":"","overlay-gradient":""},"mobile":{"background-color":"var(--ast-global-color-5)","background-image":"","background-repeat":"repeat","background-position":"center center","background-size":"auto","background-attachment":"scroll","background-type":"","background-media":"","overlay-type":"","overlay-color":"","overlay-opacity":"","overlay-gradient":""}},"footnotes":""},"categories":[14],"tags":[],"class_list":["post-7964","post","type-post","status-publish","format-aside","hentry","category-marche-nordique","post_format-post-format-aside"],"yoast_head":"<!-- This site is optimized with the Yoast SEO plugin v27.5 - https:\/\/yoast.com\/product\/yoast-seo-wordpress\/ -->\n<title>Haute Vilaine : La Chapelle Erbr\u00e9e - Janz\u00e9 Athl\u00e9tisme<\/title>\n<meta name=\"robots\" content=\"index, follow, max-snippet:-1, max-image-preview:large, max-video-preview:-1\" \/>\n<link rel=\"canonical\" href=\"https:\/\/janze-athletisme.fr\/wordpress\/haute-vilaine-la-chapelle-erbree\/\" \/>\n<meta property=\"og:locale\" content=\"fr_FR\" \/>\n<meta property=\"og:type\" content=\"article\" \/>\n<meta property=\"og:title\" content=\"Haute Vilaine : La Chapelle Erbr\u00e9e - Janz\u00e9 Athl\u00e9tisme\" \/>\n<meta property=\"og:description\" content=\"Apr\u00e8s quelques mois de suspension, les marcheurs ont pu reprendre le chemin des comp\u00e9titions le 1er octobre. 31 marcheurs se sont retrouv\u00e9s dont 3 licenci\u00e9es de Janz\u00e9 Athl\u00e9tisme. Le parcours propos\u00e9 \u00e9tait de 16 km. Un grand merci aux participants : Philippe, St\u00e9phane et Raymond. Distance Classement Class par Cat\u00e9gorie Pr\u00e9nom Temps Moyenne 16km 8\u00e8me\/31 [&hellip;]\" \/>\n<meta property=\"og:url\" content=\"https:\/\/janze-athletisme.fr\/wordpress\/haute-vilaine-la-chapelle-erbree\/\" \/>\n<meta property=\"og:site_name\" content=\"Janz\u00e9 Athl\u00e9tisme\" \/>\n<meta property=\"article:publisher\" content=\"https:\/\/www.facebook.com\/groups\/1007964579346590\" \/>\n<meta property=\"article:published_time\" content=\"2021-11-04T14:06:48+00:00\" \/>\n<meta property=\"article:modified_time\" content=\"2021-11-05T19:20:28+00:00\" \/>\n<meta name=\"author\" content=\"Chantal G\" \/>\n<meta name=\"twitter:card\" content=\"summary_large_image\" \/>\n<meta name=\"twitter:label1\" content=\"\u00c9crit par\" \/>\n\t<meta name=\"twitter:data1\" content=\"Chantal G\" \/>\n\t<meta name=\"twitter:label2\" content=\"Dur\u00e9e de lecture estim\u00e9e\" \/>\n\t<meta name=\"twitter:data2\" content=\"1 minute\" \/>\n<script type=\"application\/ld+json\" class=\"yoast-schema-graph\">{\"@context\":\"https:\\\/\\\/schema.org\",\"@graph\":[{\"@type\":\"Article\",\"@id\":\"https:\\\/\\\/janze-athletisme.fr\\\/wordpress\\\/haute-vilaine-la-chapelle-erbree\\\/#article\",\"isPartOf\":{\"@id\":\"https:\\\/\\\/janze-athletisme.fr\\\/wordpress\\\/haute-vilaine-la-chapelle-erbree\\\/\"},\"author\":{\"name\":\"Chantal G\",\"@id\":\"https:\\\/\\\/janze-athletisme.fr\\\/wordpress\\\/#\\\/schema\\\/person\\\/7f5b8145b0cc4430dfb771b92a4c98e4\"},\"headline\":\"Haute Vilaine : La Chapelle Erbr\u00e9e\",\"datePublished\":\"2021-11-04T14:06:48+00:00\",\"dateModified\":\"2021-11-05T19:20:28+00:00\",\"mainEntityOfPage\":{\"@id\":\"https:\\\/\\\/janze-athletisme.fr\\\/wordpress\\\/haute-vilaine-la-chapelle-erbree\\\/\"},\"wordCount\":98,\"commentCount\":0,\"publisher\":{\"@id\":\"https:\\\/\\\/janze-athletisme.fr\\\/wordpress\\\/#organization\"},\"articleSection\":[\"R\u00e9sultat Marche chronom\u00e9tr\u00e9\"],\"inLanguage\":\"fr-FR\",\"potentialAction\":[{\"@type\":\"CommentAction\",\"name\":\"Comment\",\"target\":[\"https:\\\/\\\/janze-athletisme.fr\\\/wordpress\\\/haute-vilaine-la-chapelle-erbree\\\/#respond\"]}]},{\"@type\":\"WebPage\",\"@id\":\"https:\\\/\\\/janze-athletisme.fr\\\/wordpress\\\/haute-vilaine-la-chapelle-erbree\\\/\",\"url\":\"https:\\\/\\\/janze-athletisme.fr\\\/wordpress\\\/haute-vilaine-la-chapelle-erbree\\\/\",\"name\":\"Haute Vilaine : La Chapelle Erbr\u00e9e - Janz\u00e9 Athl\u00e9tisme\",\"isPartOf\":{\"@id\":\"https:\\\/\\\/janze-athletisme.fr\\\/wordpress\\\/#website\"},\"datePublished\":\"2021-11-04T14:06:48+00:00\",\"dateModified\":\"2021-11-05T19:20:28+00:00\",\"breadcrumb\":{\"@id\":\"https:\\\/\\\/janze-athletisme.fr\\\/wordpress\\\/haute-vilaine-la-chapelle-erbree\\\/#breadcrumb\"},\"inLanguage\":\"fr-FR\",\"potentialAction\":[{\"@type\":\"ReadAction\",\"target\":[\"https:\\\/\\\/janze-athletisme.fr\\\/wordpress\\\/haute-vilaine-la-chapelle-erbree\\\/\"]}]},{\"@type\":\"BreadcrumbList\",\"@id\":\"https:\\\/\\\/janze-athletisme.fr\\\/wordpress\\\/haute-vilaine-la-chapelle-erbree\\\/#breadcrumb\",\"itemListElement\":[{\"@type\":\"ListItem\",\"position\":1,\"name\":\"Accueil\",\"item\":\"https:\\\/\\\/janze-athletisme.fr\\\/wordpress\\\/\"},{\"@type\":\"ListItem\",\"position\":2,\"name\":\"Haute Vilaine : La Chapelle Erbr\u00e9e\"}]},{\"@type\":\"WebSite\",\"@id\":\"https:\\\/\\\/janze-athletisme.fr\\\/wordpress\\\/#website\",\"url\":\"https:\\\/\\\/janze-athletisme.fr\\\/wordpress\\\/\",\"name\":\"Janz\u00e9 Athl\u00e9tisme\",\"description\":\"Pays de La Roche aux F\u00e9es\",\"publisher\":{\"@id\":\"https:\\\/\\\/janze-athletisme.fr\\\/wordpress\\\/#organization\"},\"potentialAction\":[{\"@type\":\"SearchAction\",\"target\":{\"@type\":\"EntryPoint\",\"urlTemplate\":\"https:\\\/\\\/janze-athletisme.fr\\\/wordpress\\\/?s={search_term_string}\"},\"query-input\":{\"@type\":\"PropertyValueSpecification\",\"valueRequired\":true,\"valueName\":\"search_term_string\"}}],\"inLanguage\":\"fr-FR\"},{\"@type\":\"Organization\",\"@id\":\"https:\\\/\\\/janze-athletisme.fr\\\/wordpress\\\/#organization\",\"name\":\"Janz\u00e9 Athl\u00e9tisme\",\"url\":\"https:\\\/\\\/janze-athletisme.fr\\\/wordpress\\\/\",\"logo\":{\"@type\":\"ImageObject\",\"inLanguage\":\"fr-FR\",\"@id\":\"https:\\\/\\\/janze-athletisme.fr\\\/wordpress\\\/#\\\/schema\\\/logo\\\/image\\\/\",\"url\":\"https:\\\/\\\/janze-athletisme.fr\\\/wordpress\\\/wp-content\\\/uploads\\\/2015\\\/03\\\/logo-full1.jpg\",\"contentUrl\":\"https:\\\/\\\/janze-athletisme.fr\\\/wordpress\\\/wp-content\\\/uploads\\\/2015\\\/03\\\/logo-full1.jpg\",\"width\":437,\"height\":205,\"caption\":\"Janz\u00e9 Athl\u00e9tisme\"},\"image\":{\"@id\":\"https:\\\/\\\/janze-athletisme.fr\\\/wordpress\\\/#\\\/schema\\\/logo\\\/image\\\/\"},\"sameAs\":[\"https:\\\/\\\/www.facebook.com\\\/groups\\\/1007964579346590\"]},{\"@type\":\"Person\",\"@id\":\"https:\\\/\\\/janze-athletisme.fr\\\/wordpress\\\/#\\\/schema\\\/person\\\/7f5b8145b0cc4430dfb771b92a4c98e4\",\"name\":\"Chantal G\",\"image\":{\"@type\":\"ImageObject\",\"inLanguage\":\"fr-FR\",\"@id\":\"https:\\\/\\\/secure.gravatar.com\\\/avatar\\\/56a17bd942482c0a19490051c8856e98a7c7fb62bd0d81caf8214bb7862b6169?s=96&d=mm&r=g\",\"url\":\"https:\\\/\\\/secure.gravatar.com\\\/avatar\\\/56a17bd942482c0a19490051c8856e98a7c7fb62bd0d81caf8214bb7862b6169?s=96&d=mm&r=g\",\"contentUrl\":\"https:\\\/\\\/secure.gravatar.com\\\/avatar\\\/56a17bd942482c0a19490051c8856e98a7c7fb62bd0d81caf8214bb7862b6169?s=96&d=mm&r=g\",\"caption\":\"Chantal G\"},\"url\":\"https:\\\/\\\/janze-athletisme.fr\\\/wordpress\\\/author\\\/cgoupil\\\/\"}]}<\/script>\n<!-- \/ Yoast SEO plugin. -->","yoast_head_json":{"title":"Haute Vilaine : La Chapelle Erbr\u00e9e - Janz\u00e9 Athl\u00e9tisme","robots":{"index":"index","follow":"follow","max-snippet":"max-snippet:-1","max-image-preview":"max-image-preview:large","max-video-preview":"max-video-preview:-1"},"canonical":"https:\/\/janze-athletisme.fr\/wordpress\/haute-vilaine-la-chapelle-erbree\/","og_locale":"fr_FR","og_type":"article","og_title":"Haute Vilaine : La Chapelle Erbr\u00e9e - Janz\u00e9 Athl\u00e9tisme","og_description":"Apr\u00e8s quelques mois de suspension, les marcheurs ont pu reprendre le chemin des comp\u00e9titions le 1er octobre. 31 marcheurs se sont retrouv\u00e9s dont 3 licenci\u00e9es de Janz\u00e9 Athl\u00e9tisme. Le parcours propos\u00e9 \u00e9tait de 16 km. Un grand merci aux participants : Philippe, St\u00e9phane et Raymond. Distance Classement Class par Cat\u00e9gorie Pr\u00e9nom Temps Moyenne 16km 8\u00e8me\/31 [&hellip;]","og_url":"https:\/\/janze-athletisme.fr\/wordpress\/haute-vilaine-la-chapelle-erbree\/","og_site_name":"Janz\u00e9 Athl\u00e9tisme","article_publisher":"https:\/\/www.facebook.com\/groups\/1007964579346590","article_published_time":"2021-11-04T14:06:48+00:00","article_modified_time":"2021-11-05T19:20:28+00:00","author":"Chantal G","twitter_card":"summary_large_image","twitter_misc":{"\u00c9crit par":"Chantal G","Dur\u00e9e de lecture estim\u00e9e":"1 minute"},"schema":{"@context":"https:\/\/schema.org","@graph":[{"@type":"Article","@id":"https:\/\/janze-athletisme.fr\/wordpress\/haute-vilaine-la-chapelle-erbree\/#article","isPartOf":{"@id":"https:\/\/janze-athletisme.fr\/wordpress\/haute-vilaine-la-chapelle-erbree\/"},"author":{"name":"Chantal G","@id":"https:\/\/janze-athletisme.fr\/wordpress\/#\/schema\/person\/7f5b8145b0cc4430dfb771b92a4c98e4"},"headline":"Haute Vilaine : La Chapelle Erbr\u00e9e","datePublished":"2021-11-04T14:06:48+00:00","dateModified":"2021-11-05T19:20:28+00:00","mainEntityOfPage":{"@id":"https:\/\/janze-athletisme.fr\/wordpress\/haute-vilaine-la-chapelle-erbree\/"},"wordCount":98,"commentCount":0,"publisher":{"@id":"https:\/\/janze-athletisme.fr\/wordpress\/#organization"},"articleSection":["R\u00e9sultat Marche chronom\u00e9tr\u00e9"],"inLanguage":"fr-FR","potentialAction":[{"@type":"CommentAction","name":"Comment","target":["https:\/\/janze-athletisme.fr\/wordpress\/haute-vilaine-la-chapelle-erbree\/#respond"]}]},{"@type":"WebPage","@id":"https:\/\/janze-athletisme.fr\/wordpress\/haute-vilaine-la-chapelle-erbree\/","url":"https:\/\/janze-athletisme.fr\/wordpress\/haute-vilaine-la-chapelle-erbree\/","name":"Haute Vilaine : La Chapelle Erbr\u00e9e - Janz\u00e9 Athl\u00e9tisme","isPartOf":{"@id":"https:\/\/janze-athletisme.fr\/wordpress\/#website"},"datePublished":"2021-11-04T14:06:48+00:00","dateModified":"2021-11-05T19:20:28+00:00","breadcrumb":{"@id":"https:\/\/janze-athletisme.fr\/wordpress\/haute-vilaine-la-chapelle-erbree\/#breadcrumb"},"inLanguage":"fr-FR","potentialAction":[{"@type":"ReadAction","target":["https:\/\/janze-athletisme.fr\/wordpress\/haute-vilaine-la-chapelle-erbree\/"]}]},{"@type":"BreadcrumbList","@id":"https:\/\/janze-athletisme.fr\/wordpress\/haute-vilaine-la-chapelle-erbree\/#breadcrumb","itemListElement":[{"@type":"ListItem","position":1,"name":"Accueil","item":"https:\/\/janze-athletisme.fr\/wordpress\/"},{"@type":"ListItem","position":2,"name":"Haute Vilaine : La Chapelle Erbr\u00e9e"}]},{"@type":"WebSite","@id":"https:\/\/janze-athletisme.fr\/wordpress\/#website","url":"https:\/\/janze-athletisme.fr\/wordpress\/","name":"Janz\u00e9 Athl\u00e9tisme","description":"Pays de La Roche aux F\u00e9es","publisher":{"@id":"https:\/\/janze-athletisme.fr\/wordpress\/#organization"},"potentialAction":[{"@type":"SearchAction","target":{"@type":"EntryPoint","urlTemplate":"https:\/\/janze-athletisme.fr\/wordpress\/?s={search_term_string}"},"query-input":{"@type":"PropertyValueSpecification","valueRequired":true,"valueName":"search_term_string"}}],"inLanguage":"fr-FR"},{"@type":"Organization","@id":"https:\/\/janze-athletisme.fr\/wordpress\/#organization","name":"Janz\u00e9 Athl\u00e9tisme","url":"https:\/\/janze-athletisme.fr\/wordpress\/","logo":{"@type":"ImageObject","inLanguage":"fr-FR","@id":"https:\/\/janze-athletisme.fr\/wordpress\/#\/schema\/logo\/image\/","url":"https:\/\/janze-athletisme.fr\/wordpress\/wp-content\/uploads\/2015\/03\/logo-full1.jpg","contentUrl":"https:\/\/janze-athletisme.fr\/wordpress\/wp-content\/uploads\/2015\/03\/logo-full1.jpg","width":437,"height":205,"caption":"Janz\u00e9 Athl\u00e9tisme"},"image":{"@id":"https:\/\/janze-athletisme.fr\/wordpress\/#\/schema\/logo\/image\/"},"sameAs":["https:\/\/www.facebook.com\/groups\/1007964579346590"]},{"@type":"Person","@id":"https:\/\/janze-athletisme.fr\/wordpress\/#\/schema\/person\/7f5b8145b0cc4430dfb771b92a4c98e4","name":"Chantal G","image":{"@type":"ImageObject","inLanguage":"fr-FR","@id":"https:\/\/secure.gravatar.com\/avatar\/56a17bd942482c0a19490051c8856e98a7c7fb62bd0d81caf8214bb7862b6169?s=96&d=mm&r=g","url":"https:\/\/secure.gravatar.com\/avatar\/56a17bd942482c0a19490051c8856e98a7c7fb62bd0d81caf8214bb7862b6169?s=96&d=mm&r=g","contentUrl":"https:\/\/secure.gravatar.com\/avatar\/56a17bd942482c0a19490051c8856e98a7c7fb62bd0d81caf8214bb7862b6169?s=96&d=mm&r=g","caption":"Chantal G"},"url":"https:\/\/janze-athletisme.fr\/wordpress\/author\/cgoupil\/"}]}},"uagb_featured_image_src":{"full":false,"thumbnail":false,"medium":false,"medium_large":false,"large":false,"1536x1536":false,"2048x2048":false},"uagb_author_info":{"display_name":"Chantal G","author_link":"https:\/\/janze-athletisme.fr\/wordpress\/author\/cgoupil\/"},"uagb_comment_info":0,"uagb_excerpt":"Apr\u00e8s quelques mois de suspension, les marcheurs ont pu reprendre le chemin des comp\u00e9titions le 1er octobre. 31 marcheurs se sont retrouv\u00e9s dont 3 licenci\u00e9es de Janz\u00e9 Athl\u00e9tisme. Le parcours propos\u00e9 \u00e9tait de 16 km. Un grand merci aux participants : Philippe, St\u00e9phane et Raymond. Distance Classement Class par Cat\u00e9gorie Pr\u00e9nom Temps Moyenne 16km 8\u00e8me\/31\u2026","_links":{"self":[{"href":"https:\/\/janze-athletisme.fr\/wordpress\/wp-json\/wp\/v2\/posts\/7964","targetHints":{"allow":["GET"]}}],"collection":[{"href":"https:\/\/janze-athletisme.fr\/wordpress\/wp-json\/wp\/v2\/posts"}],"about":[{"href":"https:\/\/janze-athletisme.fr\/wordpress\/wp-json\/wp\/v2\/types\/post"}],"author":[{"embeddable":true,"href":"https:\/\/janze-athletisme.fr\/wordpress\/wp-json\/wp\/v2\/users\/6"}],"replies":[{"embeddable":true,"href":"https:\/\/janze-athletisme.fr\/wordpress\/wp-json\/wp\/v2\/comments?post=7964"}],"version-history":[{"count":4,"href":"https:\/\/janze-athletisme.fr\/wordpress\/wp-json\/wp\/v2\/posts\/7964\/revisions"}],"predecessor-version":[{"id":7991,"href":"https:\/\/janze-athletisme.fr\/wordpress\/wp-json\/wp\/v2\/posts\/7964\/revisions\/7991"}],"wp:attachment":[{"href":"https:\/\/janze-athletisme.fr\/wordpress\/wp-json\/wp\/v2\/media?parent=7964"}],"wp:term":[{"taxonomy":"category","embeddable":true,"href":"https:\/\/janze-athletisme.fr\/wordpress\/wp-json\/wp\/v2\/categories?post=7964"},{"taxonomy":"post_tag","embeddable":true,"href":"https:\/\/janze-athletisme.fr\/wordpress\/wp-json\/wp\/v2\/tags?post=7964"}],"curies":[{"name":"wp","href":"https:\/\/api.w.org\/{rel}","templated":true}]}}