{"id":7520,"date":"2021-07-23T14:37:29","date_gmt":"2021-07-23T12:37:29","guid":{"rendered":"https:\/\/janze-athletisme.fr\/wordpress\/?p=7520"},"modified":"2021-08-24T11:54:36","modified_gmt":"2021-08-24T09:54:36","slug":"pance-3","status":"publish","type":"post","link":"https:\/\/janze-athletisme.fr\/wordpress\/pance-3\/","title":{"rendered":"Panc\u00e9"},"content":{"rendered":"<h1 style=\"text-align: center;\"><span style=\"color: #ff0000;\"><strong>Trail du Tertre Gris<\/strong><\/span><\/h1>\n<p><span style=\"color: #000000;\">Un (tr\u00e8s) gros contingent de Janz\u00e9ens chez nos coll\u00e8gues de Bain-de-Bretagne, \u00e0 Panc\u00e9 plus exactement o\u00f9 se d\u00e9roulait le classique trail du tertre gris. Certains n&rsquo;ont d&rsquo;ailleurs pu se contenter de faire une seule course. Un RDV pour les costauds car le d\u00e9nivell\u00e9 est assez cons\u00e9quent et malheur \u00e0 celui qui n&rsquo;a pas les jambes ! on voit d&rsquo;ailleurs que nos \u00ab\u00a0anciens\u00a0\u00bb sont encore l\u00e0 et qu&rsquo;il faudra encore compter sur eux&#8230;Bravo notamment \u00e0 <strong>Denis<\/strong> et <strong>Matthis<\/strong> pour leur premi\u00e8re place dans leur cat\u00e9gorie respective, deux g\u00e9n\u00e9rations d&rsquo;\u00e9cart pour nos deux athl\u00e8tes !<\/span><\/p>\n<h3 style=\"text-align: center;\"><span style=\"color: #0000ff;\"><strong><span style=\"text-decoration: underline;\">Le Trail<\/span><\/strong><\/span><\/h3>\n<table style=\"border-collapse: collapse; width: 100%;\">\n<tbody>\n<tr>\n<td style=\"width: 20%; text-align: center;\"><strong><span style=\"color: #000000;\">Distance<\/span><\/strong><\/td>\n<td style=\"width: 20%; text-align: center;\"><strong><span style=\"color: #000000;\">Classement<\/span><\/strong><\/td>\n<td style=\"width: 20%; text-align: center;\"><strong><span style=\"color: #000000;\">Nom<\/span><\/strong><\/td>\n<td style=\"width: 20%; text-align: center;\"><strong><span style=\"color: #000000;\">Temps<\/span><\/strong><\/td>\n<td style=\"width: 20%; text-align: center;\"><strong><span style=\"color: #000000;\">Classement cat\u00e9gorie<\/span><\/strong><\/td>\n<\/tr>\n<tr>\n<td style=\"width: 20%; text-align: center;\"><span style=\"color: #000000;\">31km<\/span><\/td>\n<td style=\"width: 20%; text-align: center;\"><span style=\"color: #000000;\">32\/235<\/span><\/td>\n<td style=\"width: 20%; text-align: center;\"><span style=\"color: #000000;\">Denis P<\/span><\/td>\n<td style=\"width: 20%; text-align: center;\"><span style=\"color: #000000;\">3h00&rsquo;30<\/span><\/td>\n<td style=\"width: 20%; text-align: center;\"><span style=\"color: #000000;\">1er M4<\/span><\/td>\n<\/tr>\n<tr>\n<td style=\"width: 20%; text-align: center;\"><span style=\"color: #000000;\">31km<\/span><\/td>\n<td style=\"width: 20%; text-align: center;\"><span style=\"color: #000000;\">50\/235<\/span><\/td>\n<td style=\"width: 20%; text-align: center;\"><span style=\"color: #000000;\">Fabrice S<\/span><\/td>\n<td style=\"width: 20%; text-align: center;\"><span style=\"color: #000000;\">3h06&rsquo;39<\/span><\/td>\n<td style=\"width: 20%; text-align: center;\"><span style=\"color: #000000;\">7\u00e8me M3<\/span><\/td>\n<\/tr>\n<tr>\n<td style=\"width: 20%; text-align: center;\"><span style=\"color: #000000;\">31km<\/span><\/td>\n<td style=\"width: 20%; text-align: center;\"><span style=\"color: #000000;\">88\/235<\/span><\/td>\n<td style=\"width: 20%; text-align: center;\"><span style=\"color: #000000;\">Micka\u00ebl B<\/span><\/td>\n<td style=\"width: 20%; text-align: center;\"><span style=\"color: #000000;\">3h19&rsquo;59<\/span><\/td>\n<td style=\"width: 20%; text-align: center;\"><span style=\"color: #000000;\">11\u00e8me M2<\/span><\/td>\n<\/tr>\n<\/tbody>\n<\/table>\n<h3 style=\"text-align: center;\"><span style=\"text-decoration: underline;\"><strong><span style=\"color: #0000ff; text-decoration: underline;\">La Ronde<\/span><\/strong><\/span><\/h3>\n<table style=\"border-collapse: collapse; width: 100%; height: 166px;\">\n<tbody>\n<tr style=\"height: 26px;\">\n<td style=\"width: 20%; text-align: center; height: 26px;\"><strong><span style=\"color: #000000;\">Distance<\/span><\/strong><\/td>\n<td style=\"width: 20%; text-align: center; height: 26px;\"><strong><span style=\"color: #000000;\">Classement<\/span><\/strong><\/td>\n<td style=\"width: 20%; text-align: center; height: 26px;\"><strong><span style=\"color: #000000;\">Nom<\/span><\/strong><\/td>\n<td style=\"width: 20%; text-align: center; height: 26px;\"><strong><span style=\"color: #000000;\">Temps<\/span><\/strong><\/td>\n<td style=\"width: 20%; text-align: center; height: 26px;\"><strong><span style=\"color: #000000;\">Classement cat\u00e9gorie<\/span><\/strong><\/td>\n<\/tr>\n<tr style=\"height: 26px;\">\n<td style=\"width: 20%; text-align: center; height: 26px;\"><span style=\"color: #000000;\">11km<\/span><\/td>\n<td style=\"width: 20%; text-align: center; height: 26px;\"><span style=\"color: #000000;\">7\/206<\/span><\/td>\n<td style=\"width: 20%; text-align: center; height: 26px;\"><span style=\"color: #000000;\">Fred B<\/span><\/td>\n<td style=\"width: 20%; text-align: center; height: 26px;\"><span style=\"color: #000000;\">50&rsquo;16<\/span><\/td>\n<td style=\"width: 20%; text-align: center; height: 26px;\"><span style=\"color: #000000;\">5\u00e8me SE<\/span><\/td>\n<\/tr>\n<tr style=\"height: 26px;\">\n<td style=\"width: 20%; text-align: center; height: 26px;\"><span style=\"color: #000000;\">11km<\/span><\/td>\n<td style=\"width: 20%; text-align: center; height: 26px;\"><span style=\"color: #000000;\">8\/206<\/span><\/td>\n<td style=\"width: 20%; text-align: center; height: 26px;\"><span style=\"color: #000000;\">Matthis H<\/span><\/td>\n<td style=\"width: 20%; text-align: center; height: 26px;\"><span style=\"color: #000000;\">50&rsquo;32<\/span><\/td>\n<td style=\"width: 20%; text-align: center; height: 26px;\"><span style=\"color: #000000;\">1er CA<\/span><\/td>\n<\/tr>\n<tr style=\"height: 10px;\">\n<td style=\"width: 20%; text-align: center; height: 10px;\"><span style=\"color: #000000;\">11km<\/span><\/td>\n<td style=\"width: 20%; text-align: center; height: 10px;\"><span style=\"color: #000000;\">24\/206<\/span><\/td>\n<td style=\"width: 20%; text-align: center; height: 10px;\"><span style=\"color: #000000;\">Bruno H<\/span><\/td>\n<td style=\"width: 20%; text-align: center; height: 10px;\"><span style=\"color: #000000;\">57&rsquo;27<\/span><\/td>\n<td style=\"width: 20%; text-align: center; height: 10px;\"><span style=\"color: #000000;\">12\u00e8me MA<\/span><\/td>\n<\/tr>\n<tr>\n<td style=\"width: 20%; text-align: center;\"><span style=\"color: #000000;\">11km<br \/>\n<\/span><\/td>\n<td style=\"width: 20%; text-align: center;\"><span style=\"color: #000000;\">29\/206<br \/>\n<\/span><\/td>\n<td style=\"width: 20%; text-align: center;\"><span style=\"color: #000000;\">Ga\u00ebtan R<br \/>\n<\/span><\/td>\n<td style=\"width: 20%; text-align: center;\"><span style=\"color: #000000;\">58&rsquo;59<br \/>\n<\/span><\/td>\n<td style=\"width: 20%; text-align: center;\"><span style=\"color: #000000;\">17\u00e8me MA<br \/>\n<\/span><\/td>\n<\/tr>\n<tr style=\"height: 26px;\">\n<td style=\"width: 20%; text-align: center; height: 26px;\"><span style=\"color: #000000;\">11km<\/span><\/td>\n<td style=\"width: 20%; text-align: center; height: 26px;\"><span style=\"color: #000000;\">32\/206<\/span><\/td>\n<td style=\"width: 20%; text-align: center; height: 26px;\"><span style=\"color: #000000;\">Micka\u00ebl B<\/span><\/td>\n<td style=\"width: 20%; text-align: center; height: 26px;\"><span style=\"color: #000000;\">1h00&rsquo;25<\/span><\/td>\n<td style=\"width: 20%; text-align: center; height: 26px;\"><span style=\"color: #000000;\">19\u00e8me MA<\/span><\/td>\n<\/tr>\n<tr style=\"height: 26px;\">\n<td style=\"width: 20%; text-align: center; height: 26px;\"><span style=\"color: #000000;\">11km<\/span><\/td>\n<td style=\"width: 20%; text-align: center; height: 26px;\"><span style=\"color: #000000;\">62\/206<\/span><\/td>\n<td style=\"width: 20%; text-align: center; height: 26px;\"><span style=\"color: #000000;\">Dominique S<\/span><\/td>\n<td style=\"width: 20%; text-align: center; height: 26px;\"><span style=\"color: #000000;\">1h06&rsquo;48<\/span><\/td>\n<td style=\"width: 20%; text-align: center; height: 26px;\"><span style=\"color: #000000;\">36\u00e8me MA<\/span><\/td>\n<\/tr>\n<tr style=\"height: 26px;\">\n<td style=\"width: 20%; text-align: center; height: 26px;\"><span style=\"color: #000000;\">11km<\/span><\/td>\n<td style=\"width: 20%; text-align: center; height: 26px;\"><span style=\"color: #000000;\">95\/206<\/span><\/td>\n<td style=\"width: 20%; text-align: center; height: 26px;\"><span style=\"color: #000000;\">Jean-Michel E<\/span><\/td>\n<td style=\"width: 20%; text-align: center; height: 26px;\"><span style=\"color: #000000;\">1h11&rsquo;44<\/span><\/td>\n<td style=\"width: 20%; text-align: center; height: 26px;\"><span style=\"color: #000000;\">54\u00e8me MA<\/span><\/td>\n<\/tr>\n<\/tbody>\n<\/table>\n<h3 style=\"text-align: center;\"><span style=\"color: #0000ff;\"><strong><span style=\"text-decoration: underline;\">La Course nature<\/span><\/strong><\/span><\/h3>\n<table style=\"border-collapse: collapse; width: 100%; height: 52px;\">\n<tbody>\n<tr style=\"height: 26px;\">\n<td style=\"width: 20%; text-align: center; height: 26px;\"><strong><span style=\"color: #000000;\">Distance<\/span><\/strong><\/td>\n<td style=\"width: 20%; text-align: center; height: 26px;\"><strong><span style=\"color: #000000;\">Classement<\/span><\/strong><\/td>\n<td style=\"width: 20%; text-align: center; height: 26px;\"><strong><span style=\"color: #000000;\">Nom<\/span><\/strong><\/td>\n<td style=\"width: 20%; text-align: center; height: 26px;\"><strong><span style=\"color: #000000;\">Temps<\/span><\/strong><\/td>\n<td style=\"width: 20%; text-align: center; height: 26px;\"><strong><span style=\"color: #000000;\">Classement cat\u00e9gorie<\/span><\/strong><\/td>\n<\/tr>\n<tr style=\"height: 26px;\">\n<td style=\"width: 20%; text-align: center; height: 26px;\"><span style=\"color: #000000;\">21km<\/span><\/td>\n<td style=\"width: 20%; text-align: center; height: 26px;\"><span style=\"color: #000000;\">90\/207<\/span><\/td>\n<td style=\"width: 20%; text-align: center; height: 26px;\"><span style=\"color: #000000;\">Lo\u00efc S<br \/>\n<\/span><\/td>\n<td style=\"width: 20%; text-align: center; height: 26px;\"><span style=\"color: #000000;\">2h12&rsquo;23<\/span><\/td>\n<td style=\"width: 20%; text-align: center; height: 26px;\"><span style=\"color: #000000;\">56\u00e8me MA<\/span><\/td>\n<\/tr>\n<tr>\n<td style=\"width: 20%; text-align: center;\"><span style=\"color: #000000;\">21km<br \/>\n<\/span><\/td>\n<td style=\"width: 20%; text-align: center;\"><span style=\"color: #000000;\">100\/207<br \/>\n<\/span><\/td>\n<td style=\"width: 20%; text-align: center;\"><span style=\"color: #000000;\">Herman M<br \/>\n<\/span><\/td>\n<td style=\"width: 20%; text-align: center;\"><span style=\"color: #000000;\">2h14&rsquo;07<br \/>\n<\/span><\/td>\n<td style=\"width: 20%; text-align: center;\"><span style=\"color: #000000;\">59\u00e8me MA<br \/>\n<\/span><\/td>\n<\/tr>\n<\/tbody>\n<\/table>\n<h3 style=\"text-align: center;\"><span style=\"text-decoration: underline;\"><strong><span style=\"color: #0000ff; text-decoration: underline;\">La Chrono<\/span><\/strong><\/span><\/h3>\n<table style=\"border-collapse: collapse; width: 100%; height: 78px;\">\n<tbody>\n<tr style=\"height: 26px;\">\n<td style=\"width: 20%; height: 26px; text-align: center;\"><strong><span style=\"color: #000000;\">Distance<\/span><\/strong><\/td>\n<td style=\"width: 20%; height: 26px; text-align: center;\"><strong><span style=\"color: #000000;\">Classement<\/span><\/strong><\/td>\n<td style=\"width: 20%; height: 26px; text-align: center;\"><strong><span style=\"color: #000000;\">Nom<\/span><\/strong><\/td>\n<td style=\"width: 20%; height: 26px; text-align: center;\"><strong><span style=\"color: #000000;\">Temps<\/span><\/strong><\/td>\n<td style=\"width: 20%; height: 26px; text-align: center;\"><strong><span style=\"color: #000000;\">Classement cat\u00e9gorie<\/span><\/strong><\/td>\n<\/tr>\n<tr style=\"height: 26px;\">\n<td style=\"width: 20%; height: 26px; text-align: center;\"><span style=\"color: #000000;\">5,1km<\/span><\/td>\n<td style=\"width: 20%; height: 26px; text-align: center;\"><span style=\"color: #000000;\">13\/37<\/span><\/td>\n<td style=\"width: 20%; height: 26px; text-align: center;\"><span style=\"color: #000000;\">Fred B<\/span><\/td>\n<td style=\"width: 20%; height: 26px; text-align: center;\"><span style=\"color: #000000;\">30&rsquo;16<\/span><\/td>\n<td style=\"width: 20%; height: 26px; text-align: center;\"><span style=\"color: #000000;\">6\u00e8me SE<\/span><\/td>\n<\/tr>\n<tr style=\"height: 26px;\">\n<td style=\"width: 20%; height: 26px; text-align: center;\"><span style=\"color: #000000;\">5,1km<\/span><\/td>\n<td style=\"width: 20%; height: 26px; text-align: center;\"><span style=\"color: #000000;\">18\/37<\/span><\/td>\n<td style=\"width: 20%; height: 26px; text-align: center;\"><span style=\"color: #000000;\">Micka\u00ebl B<\/span><\/td>\n<td style=\"width: 20%; height: 26px; text-align: center;\"><span style=\"color: #000000;\">31&rsquo;51<\/span><\/td>\n<td style=\"width: 20%; height: 26px; text-align: center;\"><span style=\"color: #000000;\">11\u00e8me MA<\/span><\/td>\n<\/tr>\n<\/tbody>\n<\/table>\n","protected":false},"excerpt":{"rendered":"<p>Trail du Tertre Gris Un (tr\u00e8s) gros contingent de Janz\u00e9ens chez nos coll\u00e8gues de Bain-de-Bretagne, \u00e0 Panc\u00e9 plus exactement o\u00f9 se d\u00e9roulait le classique trail du tertre gris. Certains n&rsquo;ont d&rsquo;ailleurs pu se contenter de faire une seule course. Un RDV pour les costauds car le d\u00e9nivell\u00e9 est assez cons\u00e9quent et malheur \u00e0 celui qui [&hellip;]<\/p>\n","protected":false},"author":8,"featured_media":0,"comment_status":"open","ping_status":"open","sticky":false,"template":"","format":"aside","meta":{"_uag_custom_page_level_css":"","site-sidebar-layout":"default","site-content-layout":"","ast-site-content-layout":"default","site-content-style":"default","site-sidebar-style":"default","ast-global-header-display":"","ast-banner-title-visibility":"","ast-main-header-display":"","ast-hfb-above-header-display":"","ast-hfb-below-header-display":"","ast-hfb-mobile-header-display":"","site-post-title":"","ast-breadcrumbs-content":"","ast-featured-img":"","footer-sml-layout":"","ast-disable-related-posts":"","theme-transparent-header-meta":"","adv-header-id-meta":"","stick-header-meta":"","header-above-stick-meta":"","header-main-stick-meta":"","header-below-stick-meta":"","astra-migrate-meta-layouts":"default","ast-page-background-enabled":"default","ast-page-background-meta":{"desktop":{"background-color":"var(--ast-global-color-4)","background-image":"","background-repeat":"repeat","background-position":"center center","background-size":"auto","background-attachment":"scroll","background-type":"","background-media":"","overlay-type":"","overlay-color":"","overlay-opacity":"","overlay-gradient":""},"tablet":{"background-color":"","background-image":"","background-repeat":"repeat","background-position":"center center","background-size":"auto","background-attachment":"scroll","background-type":"","background-media":"","overlay-type":"","overlay-color":"","overlay-opacity":"","overlay-gradient":""},"mobile":{"background-color":"","background-image":"","background-repeat":"repeat","background-position":"center center","background-size":"auto","background-attachment":"scroll","background-type":"","background-media":"","overlay-type":"","overlay-color":"","overlay-opacity":"","overlay-gradient":""}},"ast-content-background-meta":{"desktop":{"background-color":"var(--ast-global-color-5)","background-image":"","background-repeat":"repeat","background-position":"center center","background-size":"auto","background-attachment":"scroll","background-type":"","background-media":"","overlay-type":"","overlay-color":"","overlay-opacity":"","overlay-gradient":""},"tablet":{"background-color":"var(--ast-global-color-5)","background-image":"","background-repeat":"repeat","background-position":"center center","background-size":"auto","background-attachment":"scroll","background-type":"","background-media":"","overlay-type":"","overlay-color":"","overlay-opacity":"","overlay-gradient":""},"mobile":{"background-color":"var(--ast-global-color-5)","background-image":"","background-repeat":"repeat","background-position":"center center","background-size":"auto","background-attachment":"scroll","background-type":"","background-media":"","overlay-type":"","overlay-color":"","overlay-opacity":"","overlay-gradient":""}},"footnotes":""},"categories":[6],"tags":[],"class_list":["post-7520","post","type-post","status-publish","format-aside","hentry","category-sections","post_format-post-format-aside"],"yoast_head":"<!-- This site is optimized with the Yoast SEO plugin v27.5 - https:\/\/yoast.com\/product\/yoast-seo-wordpress\/ -->\n<title>Panc\u00e9 - Janz\u00e9 Athl\u00e9tisme<\/title>\n<meta name=\"robots\" content=\"index, follow, max-snippet:-1, max-image-preview:large, max-video-preview:-1\" \/>\n<link rel=\"canonical\" href=\"https:\/\/janze-athletisme.fr\/wordpress\/pance-3\/\" \/>\n<meta property=\"og:locale\" content=\"fr_FR\" \/>\n<meta property=\"og:type\" content=\"article\" \/>\n<meta property=\"og:title\" content=\"Panc\u00e9 - Janz\u00e9 Athl\u00e9tisme\" \/>\n<meta property=\"og:description\" content=\"Trail du Tertre Gris Un (tr\u00e8s) gros contingent de Janz\u00e9ens chez nos coll\u00e8gues de Bain-de-Bretagne, \u00e0 Panc\u00e9 plus exactement o\u00f9 se d\u00e9roulait le classique trail du tertre gris. Certains n&rsquo;ont d&rsquo;ailleurs pu se contenter de faire une seule course. Un RDV pour les costauds car le d\u00e9nivell\u00e9 est assez cons\u00e9quent et malheur \u00e0 celui qui [&hellip;]\" \/>\n<meta property=\"og:url\" content=\"https:\/\/janze-athletisme.fr\/wordpress\/pance-3\/\" \/>\n<meta property=\"og:site_name\" content=\"Janz\u00e9 Athl\u00e9tisme\" \/>\n<meta property=\"article:publisher\" content=\"https:\/\/www.facebook.com\/groups\/1007964579346590\" \/>\n<meta property=\"article:published_time\" content=\"2021-07-23T12:37:29+00:00\" \/>\n<meta property=\"article:modified_time\" content=\"2021-08-24T09:54:36+00:00\" \/>\n<meta name=\"author\" content=\"Jean-Marie Jouzel\" \/>\n<meta name=\"twitter:card\" content=\"summary_large_image\" \/>\n<meta name=\"twitter:label1\" content=\"\u00c9crit par\" \/>\n\t<meta name=\"twitter:data1\" content=\"Jean-Marie Jouzel\" \/>\n\t<meta name=\"twitter:label2\" content=\"Dur\u00e9e de lecture estim\u00e9e\" \/>\n\t<meta name=\"twitter:data2\" content=\"1 minute\" \/>\n<script type=\"application\/ld+json\" class=\"yoast-schema-graph\">{\"@context\":\"https:\\\/\\\/schema.org\",\"@graph\":[{\"@type\":\"Article\",\"@id\":\"https:\\\/\\\/janze-athletisme.fr\\\/wordpress\\\/pance-3\\\/#article\",\"isPartOf\":{\"@id\":\"https:\\\/\\\/janze-athletisme.fr\\\/wordpress\\\/pance-3\\\/\"},\"author\":{\"name\":\"Jean-Marie Jouzel\",\"@id\":\"https:\\\/\\\/janze-athletisme.fr\\\/wordpress\\\/#\\\/schema\\\/person\\\/e27efa3d49687b81c679eb0b5c4973e9\"},\"headline\":\"Panc\u00e9\",\"datePublished\":\"2021-07-23T12:37:29+00:00\",\"dateModified\":\"2021-08-24T09:54:36+00:00\",\"mainEntityOfPage\":{\"@id\":\"https:\\\/\\\/janze-athletisme.fr\\\/wordpress\\\/pance-3\\\/\"},\"wordCount\":231,\"commentCount\":0,\"publisher\":{\"@id\":\"https:\\\/\\\/janze-athletisme.fr\\\/wordpress\\\/#organization\"},\"articleSection\":[\"Le club au jour le jour\"],\"inLanguage\":\"fr-FR\",\"potentialAction\":[{\"@type\":\"CommentAction\",\"name\":\"Comment\",\"target\":[\"https:\\\/\\\/janze-athletisme.fr\\\/wordpress\\\/pance-3\\\/#respond\"]}]},{\"@type\":\"WebPage\",\"@id\":\"https:\\\/\\\/janze-athletisme.fr\\\/wordpress\\\/pance-3\\\/\",\"url\":\"https:\\\/\\\/janze-athletisme.fr\\\/wordpress\\\/pance-3\\\/\",\"name\":\"Panc\u00e9 - Janz\u00e9 Athl\u00e9tisme\",\"isPartOf\":{\"@id\":\"https:\\\/\\\/janze-athletisme.fr\\\/wordpress\\\/#website\"},\"datePublished\":\"2021-07-23T12:37:29+00:00\",\"dateModified\":\"2021-08-24T09:54:36+00:00\",\"breadcrumb\":{\"@id\":\"https:\\\/\\\/janze-athletisme.fr\\\/wordpress\\\/pance-3\\\/#breadcrumb\"},\"inLanguage\":\"fr-FR\",\"potentialAction\":[{\"@type\":\"ReadAction\",\"target\":[\"https:\\\/\\\/janze-athletisme.fr\\\/wordpress\\\/pance-3\\\/\"]}]},{\"@type\":\"BreadcrumbList\",\"@id\":\"https:\\\/\\\/janze-athletisme.fr\\\/wordpress\\\/pance-3\\\/#breadcrumb\",\"itemListElement\":[{\"@type\":\"ListItem\",\"position\":1,\"name\":\"Accueil\",\"item\":\"https:\\\/\\\/janze-athletisme.fr\\\/wordpress\\\/\"},{\"@type\":\"ListItem\",\"position\":2,\"name\":\"Panc\u00e9\"}]},{\"@type\":\"WebSite\",\"@id\":\"https:\\\/\\\/janze-athletisme.fr\\\/wordpress\\\/#website\",\"url\":\"https:\\\/\\\/janze-athletisme.fr\\\/wordpress\\\/\",\"name\":\"Janz\u00e9 Athl\u00e9tisme\",\"description\":\"Pays de La Roche aux F\u00e9es\",\"publisher\":{\"@id\":\"https:\\\/\\\/janze-athletisme.fr\\\/wordpress\\\/#organization\"},\"potentialAction\":[{\"@type\":\"SearchAction\",\"target\":{\"@type\":\"EntryPoint\",\"urlTemplate\":\"https:\\\/\\\/janze-athletisme.fr\\\/wordpress\\\/?s={search_term_string}\"},\"query-input\":{\"@type\":\"PropertyValueSpecification\",\"valueRequired\":true,\"valueName\":\"search_term_string\"}}],\"inLanguage\":\"fr-FR\"},{\"@type\":\"Organization\",\"@id\":\"https:\\\/\\\/janze-athletisme.fr\\\/wordpress\\\/#organization\",\"name\":\"Janz\u00e9 Athl\u00e9tisme\",\"url\":\"https:\\\/\\\/janze-athletisme.fr\\\/wordpress\\\/\",\"logo\":{\"@type\":\"ImageObject\",\"inLanguage\":\"fr-FR\",\"@id\":\"https:\\\/\\\/janze-athletisme.fr\\\/wordpress\\\/#\\\/schema\\\/logo\\\/image\\\/\",\"url\":\"https:\\\/\\\/janze-athletisme.fr\\\/wordpress\\\/wp-content\\\/uploads\\\/2015\\\/03\\\/logo-full1.jpg\",\"contentUrl\":\"https:\\\/\\\/janze-athletisme.fr\\\/wordpress\\\/wp-content\\\/uploads\\\/2015\\\/03\\\/logo-full1.jpg\",\"width\":437,\"height\":205,\"caption\":\"Janz\u00e9 Athl\u00e9tisme\"},\"image\":{\"@id\":\"https:\\\/\\\/janze-athletisme.fr\\\/wordpress\\\/#\\\/schema\\\/logo\\\/image\\\/\"},\"sameAs\":[\"https:\\\/\\\/www.facebook.com\\\/groups\\\/1007964579346590\"]},{\"@type\":\"Person\",\"@id\":\"https:\\\/\\\/janze-athletisme.fr\\\/wordpress\\\/#\\\/schema\\\/person\\\/e27efa3d49687b81c679eb0b5c4973e9\",\"name\":\"Jean-Marie Jouzel\",\"image\":{\"@type\":\"ImageObject\",\"inLanguage\":\"fr-FR\",\"@id\":\"https:\\\/\\\/secure.gravatar.com\\\/avatar\\\/6aaee532914ad5ae9d6b4c13c953c6689456493b17979b560cf8fd0c344930ab?s=96&d=mm&r=g\",\"url\":\"https:\\\/\\\/secure.gravatar.com\\\/avatar\\\/6aaee532914ad5ae9d6b4c13c953c6689456493b17979b560cf8fd0c344930ab?s=96&d=mm&r=g\",\"contentUrl\":\"https:\\\/\\\/secure.gravatar.com\\\/avatar\\\/6aaee532914ad5ae9d6b4c13c953c6689456493b17979b560cf8fd0c344930ab?s=96&d=mm&r=g\",\"caption\":\"Jean-Marie Jouzel\"},\"url\":\"https:\\\/\\\/janze-athletisme.fr\\\/wordpress\\\/author\\\/jmjouzel\\\/\"}]}<\/script>\n<!-- \/ Yoast SEO plugin. -->","yoast_head_json":{"title":"Panc\u00e9 - Janz\u00e9 Athl\u00e9tisme","robots":{"index":"index","follow":"follow","max-snippet":"max-snippet:-1","max-image-preview":"max-image-preview:large","max-video-preview":"max-video-preview:-1"},"canonical":"https:\/\/janze-athletisme.fr\/wordpress\/pance-3\/","og_locale":"fr_FR","og_type":"article","og_title":"Panc\u00e9 - Janz\u00e9 Athl\u00e9tisme","og_description":"Trail du Tertre Gris Un (tr\u00e8s) gros contingent de Janz\u00e9ens chez nos coll\u00e8gues de Bain-de-Bretagne, \u00e0 Panc\u00e9 plus exactement o\u00f9 se d\u00e9roulait le classique trail du tertre gris. Certains n&rsquo;ont d&rsquo;ailleurs pu se contenter de faire une seule course. Un RDV pour les costauds car le d\u00e9nivell\u00e9 est assez cons\u00e9quent et malheur \u00e0 celui qui [&hellip;]","og_url":"https:\/\/janze-athletisme.fr\/wordpress\/pance-3\/","og_site_name":"Janz\u00e9 Athl\u00e9tisme","article_publisher":"https:\/\/www.facebook.com\/groups\/1007964579346590","article_published_time":"2021-07-23T12:37:29+00:00","article_modified_time":"2021-08-24T09:54:36+00:00","author":"Jean-Marie Jouzel","twitter_card":"summary_large_image","twitter_misc":{"\u00c9crit par":"Jean-Marie Jouzel","Dur\u00e9e de lecture estim\u00e9e":"1 minute"},"schema":{"@context":"https:\/\/schema.org","@graph":[{"@type":"Article","@id":"https:\/\/janze-athletisme.fr\/wordpress\/pance-3\/#article","isPartOf":{"@id":"https:\/\/janze-athletisme.fr\/wordpress\/pance-3\/"},"author":{"name":"Jean-Marie Jouzel","@id":"https:\/\/janze-athletisme.fr\/wordpress\/#\/schema\/person\/e27efa3d49687b81c679eb0b5c4973e9"},"headline":"Panc\u00e9","datePublished":"2021-07-23T12:37:29+00:00","dateModified":"2021-08-24T09:54:36+00:00","mainEntityOfPage":{"@id":"https:\/\/janze-athletisme.fr\/wordpress\/pance-3\/"},"wordCount":231,"commentCount":0,"publisher":{"@id":"https:\/\/janze-athletisme.fr\/wordpress\/#organization"},"articleSection":["Le club au jour le jour"],"inLanguage":"fr-FR","potentialAction":[{"@type":"CommentAction","name":"Comment","target":["https:\/\/janze-athletisme.fr\/wordpress\/pance-3\/#respond"]}]},{"@type":"WebPage","@id":"https:\/\/janze-athletisme.fr\/wordpress\/pance-3\/","url":"https:\/\/janze-athletisme.fr\/wordpress\/pance-3\/","name":"Panc\u00e9 - Janz\u00e9 Athl\u00e9tisme","isPartOf":{"@id":"https:\/\/janze-athletisme.fr\/wordpress\/#website"},"datePublished":"2021-07-23T12:37:29+00:00","dateModified":"2021-08-24T09:54:36+00:00","breadcrumb":{"@id":"https:\/\/janze-athletisme.fr\/wordpress\/pance-3\/#breadcrumb"},"inLanguage":"fr-FR","potentialAction":[{"@type":"ReadAction","target":["https:\/\/janze-athletisme.fr\/wordpress\/pance-3\/"]}]},{"@type":"BreadcrumbList","@id":"https:\/\/janze-athletisme.fr\/wordpress\/pance-3\/#breadcrumb","itemListElement":[{"@type":"ListItem","position":1,"name":"Accueil","item":"https:\/\/janze-athletisme.fr\/wordpress\/"},{"@type":"ListItem","position":2,"name":"Panc\u00e9"}]},{"@type":"WebSite","@id":"https:\/\/janze-athletisme.fr\/wordpress\/#website","url":"https:\/\/janze-athletisme.fr\/wordpress\/","name":"Janz\u00e9 Athl\u00e9tisme","description":"Pays de La Roche aux F\u00e9es","publisher":{"@id":"https:\/\/janze-athletisme.fr\/wordpress\/#organization"},"potentialAction":[{"@type":"SearchAction","target":{"@type":"EntryPoint","urlTemplate":"https:\/\/janze-athletisme.fr\/wordpress\/?s={search_term_string}"},"query-input":{"@type":"PropertyValueSpecification","valueRequired":true,"valueName":"search_term_string"}}],"inLanguage":"fr-FR"},{"@type":"Organization","@id":"https:\/\/janze-athletisme.fr\/wordpress\/#organization","name":"Janz\u00e9 Athl\u00e9tisme","url":"https:\/\/janze-athletisme.fr\/wordpress\/","logo":{"@type":"ImageObject","inLanguage":"fr-FR","@id":"https:\/\/janze-athletisme.fr\/wordpress\/#\/schema\/logo\/image\/","url":"https:\/\/janze-athletisme.fr\/wordpress\/wp-content\/uploads\/2015\/03\/logo-full1.jpg","contentUrl":"https:\/\/janze-athletisme.fr\/wordpress\/wp-content\/uploads\/2015\/03\/logo-full1.jpg","width":437,"height":205,"caption":"Janz\u00e9 Athl\u00e9tisme"},"image":{"@id":"https:\/\/janze-athletisme.fr\/wordpress\/#\/schema\/logo\/image\/"},"sameAs":["https:\/\/www.facebook.com\/groups\/1007964579346590"]},{"@type":"Person","@id":"https:\/\/janze-athletisme.fr\/wordpress\/#\/schema\/person\/e27efa3d49687b81c679eb0b5c4973e9","name":"Jean-Marie Jouzel","image":{"@type":"ImageObject","inLanguage":"fr-FR","@id":"https:\/\/secure.gravatar.com\/avatar\/6aaee532914ad5ae9d6b4c13c953c6689456493b17979b560cf8fd0c344930ab?s=96&d=mm&r=g","url":"https:\/\/secure.gravatar.com\/avatar\/6aaee532914ad5ae9d6b4c13c953c6689456493b17979b560cf8fd0c344930ab?s=96&d=mm&r=g","contentUrl":"https:\/\/secure.gravatar.com\/avatar\/6aaee532914ad5ae9d6b4c13c953c6689456493b17979b560cf8fd0c344930ab?s=96&d=mm&r=g","caption":"Jean-Marie Jouzel"},"url":"https:\/\/janze-athletisme.fr\/wordpress\/author\/jmjouzel\/"}]}},"uagb_featured_image_src":{"full":false,"thumbnail":false,"medium":false,"medium_large":false,"large":false,"1536x1536":false,"2048x2048":false},"uagb_author_info":{"display_name":"Jean-Marie Jouzel","author_link":"https:\/\/janze-athletisme.fr\/wordpress\/author\/jmjouzel\/"},"uagb_comment_info":0,"uagb_excerpt":"Trail du Tertre Gris Un (tr\u00e8s) gros contingent de Janz\u00e9ens chez nos coll\u00e8gues de Bain-de-Bretagne, \u00e0 Panc\u00e9 plus exactement o\u00f9 se d\u00e9roulait le classique trail du tertre gris. Certains n&rsquo;ont d&rsquo;ailleurs pu se contenter de faire une seule course. Un RDV pour les costauds car le d\u00e9nivell\u00e9 est assez cons\u00e9quent et malheur \u00e0 celui qui\u2026","_links":{"self":[{"href":"https:\/\/janze-athletisme.fr\/wordpress\/wp-json\/wp\/v2\/posts\/7520","targetHints":{"allow":["GET"]}}],"collection":[{"href":"https:\/\/janze-athletisme.fr\/wordpress\/wp-json\/wp\/v2\/posts"}],"about":[{"href":"https:\/\/janze-athletisme.fr\/wordpress\/wp-json\/wp\/v2\/types\/post"}],"author":[{"embeddable":true,"href":"https:\/\/janze-athletisme.fr\/wordpress\/wp-json\/wp\/v2\/users\/8"}],"replies":[{"embeddable":true,"href":"https:\/\/janze-athletisme.fr\/wordpress\/wp-json\/wp\/v2\/comments?post=7520"}],"version-history":[{"count":7,"href":"https:\/\/janze-athletisme.fr\/wordpress\/wp-json\/wp\/v2\/posts\/7520\/revisions"}],"predecessor-version":[{"id":7545,"href":"https:\/\/janze-athletisme.fr\/wordpress\/wp-json\/wp\/v2\/posts\/7520\/revisions\/7545"}],"wp:attachment":[{"href":"https:\/\/janze-athletisme.fr\/wordpress\/wp-json\/wp\/v2\/media?parent=7520"}],"wp:term":[{"taxonomy":"category","embeddable":true,"href":"https:\/\/janze-athletisme.fr\/wordpress\/wp-json\/wp\/v2\/categories?post=7520"},{"taxonomy":"post_tag","embeddable":true,"href":"https:\/\/janze-athletisme.fr\/wordpress\/wp-json\/wp\/v2\/tags?post=7520"}],"curies":[{"name":"wp","href":"https:\/\/api.w.org\/{rel}","templated":true}]}}