{"id":7502,"date":"2021-07-20T11:29:27","date_gmt":"2021-07-20T09:29:27","guid":{"rendered":"https:\/\/janze-athletisme.fr\/wordpress\/?p=7502"},"modified":"2021-07-20T11:32:42","modified_gmt":"2021-07-20T09:32:42","slug":"bondoufle","status":"publish","type":"post","link":"https:\/\/janze-athletisme.fr\/wordpress\/bondoufle\/","title":{"rendered":"Bondoufle"},"content":{"rendered":"<h1 style=\"text-align: center;\"><span style=\"text-decoration: underline; color: #ff0000;\"><strong>Championnats de France Cadets-Juniors<\/strong><\/span><\/h1>\n<p>&nbsp;<\/p>\n<p><a href=\"https:\/\/janze-athletisme.fr\/wordpress\/wp-content\/uploads\/2021\/07\/IMG_6785.jpeg\"><img loading=\"lazy\" decoding=\"async\" class=\"wp-image-7503 aligncenter\" src=\"https:\/\/janze-athletisme.fr\/wordpress\/wp-content\/uploads\/2021\/07\/IMG_6785-243x300.jpeg\" alt=\"\" width=\"473\" height=\"584\" srcset=\"https:\/\/janze-athletisme.fr\/wordpress\/wp-content\/uploads\/2021\/07\/IMG_6785-243x300.jpeg 243w, https:\/\/janze-athletisme.fr\/wordpress\/wp-content\/uploads\/2021\/07\/IMG_6785-829x1024.jpeg 829w, https:\/\/janze-athletisme.fr\/wordpress\/wp-content\/uploads\/2021\/07\/IMG_6785-768x949.jpeg 768w, https:\/\/janze-athletisme.fr\/wordpress\/wp-content\/uploads\/2021\/07\/IMG_6785-1x1.jpeg 1w, https:\/\/janze-athletisme.fr\/wordpress\/wp-content\/uploads\/2021\/07\/IMG_6785.jpeg 1125w\" sizes=\"auto, (max-width: 473px) 100vw, 473px\" \/><\/a><span style=\"color: #000000;\">Retour sur les championnats de France Cadets-Juniors sur piste \u00e0 Bondoufle en r\u00e9gion parisienne les 10 et 11 juillet derniers avec Lou et Bastien, heureux qualifi\u00e9s. Au del\u00e0 des performances, vous symbolisez la r\u00e9ussite et la vitalit\u00e9 de notre club, tout entier derri\u00e8re vous, coachs, athl\u00e8tes et parents ! <strong>Lou<\/strong> a fait plus que tenir son rang sur <strong>3000m<\/strong> en <strong>11&rsquo;06\u00a0\u00bb73<\/strong> et <strong>Bastien<\/strong> bat une fois de plus son record sur <strong>400m<\/strong> en <strong>50&rsquo;28<\/strong>, celui-ci a nous a d&rsquo;ailleurs \u00e9crit un petit r\u00e9cit de ses impressions&#8230; Bravo encore \u00e0 tous les deux, le travail paie toujours ! RDV l&rsquo;ann\u00e9e prochaine avec encore plus d&rsquo;athl\u00e8tes janz\u00e9ens. Vu le niveau actuel de nos cadets\/juniors et leur marge de progression, on pourrait d\u00e9j\u00e0 r\u00e9server un mini-bus pour les prochains championnats (voir un car tant qu&rsquo;\u00e0 Fert&#8230;) !<\/span><\/p>\n<p><span style=\"color: #000000;\"><strong>PS:<\/strong> merci Mathieu pour la photo. D\u00e9sol\u00e9 Lou, tu as \u00e9t\u00e9 trop rapide pour le photographe apparemment !<\/span><\/p>\n<p>\u00ab\u00a0<span style=\"color: #000000;\"><em>Pour commencer quand on arrive il y a pleins de jeunes, impossible de trouver des places proches du stade. Apr\u00e8s on arrive pour r\u00e9cup\u00e9rer les dossards, c\u2019est tr\u00e8s surveill\u00e9, il fallait r\u00e9f\u00e9rencer les chaussures pour savoir si elles \u00e9taient certifi\u00e9es par l&rsquo;IAAF. Ensuite on rentre dans le stade, la sensation c\u2019est impressionnant, il est \u00e9norme ! quand on m\u2019a dit que lors de mes courses il y aurait 5000 personnes c\u2019est impressionnant. 1h30 avant ma course, je pars m\u2019\u00e9chauffer sur une piste en dehors du stade d\u00e9di\u00e9e \u00e0 l\u2019\u00e9chauffement, apr\u00e8s il y a un monsieur qui nous dit d\u2019aller en chambre d\u2019appel et c\u2019est \u00e0 ce moment que la pression monte beaucoup, on arrive dans la salle, des personnes nous demandent notre dossard notre nom pr\u00e9nom et on voit les adversaires. Un monsieur rentre la chambre d\u2019appel et il nous dit de rentrer dans le stade et une fois dedans je me retourne et je vois les tribunes remplies et je me dis que je ne suis pas venu l\u00e0 pour ne rien faire ! Une fois dans les blocs, je fais le vide dans ma t\u00eate et d\u00e8s que le coup de pistolet est parti, la course commence, je suis la strat\u00e9gie mise en place avec mon coach et mon p\u00e8re et sur les 100 derniers m\u00e8tres, je rattrape le coureur devant moi, le double sur les 30 derniers m\u00e8tres et gagne ma s\u00e9rie en battant mon record perso ! Cette victoire m\u2019ouvre les portes de la finale mais l\u2019encha\u00eenement de deux courses en deux jours sur 400m est tr\u00e8s dur, je n\u2019avais jamais fait \u00e7a auparavant et en final, avec une pression \u00e9norme, j\u2019arrive \u00e0 finir 5\u00e8me ! Ces deux jours de comp\u00e9tition m&rsquo;ont permis d\u2019en apprendre \u00e9norm\u00e9ment sur le haut niveau sur comment g\u00e9rer sa r\u00e9cup\u00e9ration, ses \u00e9motions. Cette exp\u00e9rience m\u2019a permis de grandir et de progresser.\u00a0\u00bb<\/em><\/span><\/p>\n","protected":false},"excerpt":{"rendered":"<p>Championnats de France Cadets-Juniors &nbsp; Retour sur les championnats de France Cadets-Juniors sur piste \u00e0 Bondoufle en r\u00e9gion parisienne les 10 et 11 juillet derniers avec Lou et Bastien, heureux qualifi\u00e9s. Au del\u00e0 des performances, vous symbolisez la r\u00e9ussite et la vitalit\u00e9 de notre club, tout entier derri\u00e8re vous, coachs, athl\u00e8tes et parents ! Lou [&hellip;]<\/p>\n","protected":false},"author":8,"featured_media":0,"comment_status":"open","ping_status":"open","sticky":false,"template":"","format":"aside","meta":{"_uag_custom_page_level_css":"","site-sidebar-layout":"default","site-content-layout":"","ast-site-content-layout":"default","site-content-style":"default","site-sidebar-style":"default","ast-global-header-display":"","ast-banner-title-visibility":"","ast-main-header-display":"","ast-hfb-above-header-display":"","ast-hfb-below-header-display":"","ast-hfb-mobile-header-display":"","site-post-title":"","ast-breadcrumbs-content":"","ast-featured-img":"","footer-sml-layout":"","ast-disable-related-posts":"","theme-transparent-header-meta":"","adv-header-id-meta":"","stick-header-meta":"","header-above-stick-meta":"","header-main-stick-meta":"","header-below-stick-meta":"","astra-migrate-meta-layouts":"default","ast-page-background-enabled":"default","ast-page-background-meta":{"desktop":{"background-color":"var(--ast-global-color-4)","background-image":"","background-repeat":"repeat","background-position":"center center","background-size":"auto","background-attachment":"scroll","background-type":"","background-media":"","overlay-type":"","overlay-color":"","overlay-opacity":"","overlay-gradient":""},"tablet":{"background-color":"","background-image":"","background-repeat":"repeat","background-position":"center center","background-size":"auto","background-attachment":"scroll","background-type":"","background-media":"","overlay-type":"","overlay-color":"","overlay-opacity":"","overlay-gradient":""},"mobile":{"background-color":"","background-image":"","background-repeat":"repeat","background-position":"center center","background-size":"auto","background-attachment":"scroll","background-type":"","background-media":"","overlay-type":"","overlay-color":"","overlay-opacity":"","overlay-gradient":""}},"ast-content-background-meta":{"desktop":{"background-color":"var(--ast-global-color-5)","background-image":"","background-repeat":"repeat","background-position":"center center","background-size":"auto","background-attachment":"scroll","background-type":"","background-media":"","overlay-type":"","overlay-color":"","overlay-opacity":"","overlay-gradient":""},"tablet":{"background-color":"var(--ast-global-color-5)","background-image":"","background-repeat":"repeat","background-position":"center center","background-size":"auto","background-attachment":"scroll","background-type":"","background-media":"","overlay-type":"","overlay-color":"","overlay-opacity":"","overlay-gradient":""},"mobile":{"background-color":"var(--ast-global-color-5)","background-image":"","background-repeat":"repeat","background-position":"center center","background-size":"auto","background-attachment":"scroll","background-type":"","background-media":"","overlay-type":"","overlay-color":"","overlay-opacity":"","overlay-gradient":""}},"footnotes":""},"categories":[6],"tags":[],"class_list":["post-7502","post","type-post","status-publish","format-aside","hentry","category-sections","post_format-post-format-aside"],"yoast_head":"<!-- This site is optimized with the Yoast SEO plugin v27.5 - https:\/\/yoast.com\/product\/yoast-seo-wordpress\/ -->\n<title>Bondoufle - Janz\u00e9 Athl\u00e9tisme<\/title>\n<meta name=\"robots\" content=\"index, follow, max-snippet:-1, max-image-preview:large, max-video-preview:-1\" \/>\n<link rel=\"canonical\" href=\"https:\/\/janze-athletisme.fr\/wordpress\/bondoufle\/\" \/>\n<meta property=\"og:locale\" content=\"fr_FR\" \/>\n<meta property=\"og:type\" content=\"article\" \/>\n<meta property=\"og:title\" content=\"Bondoufle - Janz\u00e9 Athl\u00e9tisme\" \/>\n<meta property=\"og:description\" content=\"Championnats de France Cadets-Juniors &nbsp; Retour sur les championnats de France Cadets-Juniors sur piste \u00e0 Bondoufle en r\u00e9gion parisienne les 10 et 11 juillet derniers avec Lou et Bastien, heureux qualifi\u00e9s. Au del\u00e0 des performances, vous symbolisez la r\u00e9ussite et la vitalit\u00e9 de notre club, tout entier derri\u00e8re vous, coachs, athl\u00e8tes et parents ! Lou [&hellip;]\" \/>\n<meta property=\"og:url\" content=\"https:\/\/janze-athletisme.fr\/wordpress\/bondoufle\/\" \/>\n<meta property=\"og:site_name\" content=\"Janz\u00e9 Athl\u00e9tisme\" \/>\n<meta property=\"article:publisher\" content=\"https:\/\/www.facebook.com\/groups\/1007964579346590\" \/>\n<meta property=\"article:published_time\" content=\"2021-07-20T09:29:27+00:00\" \/>\n<meta property=\"article:modified_time\" content=\"2021-07-20T09:32:42+00:00\" \/>\n<meta property=\"og:image\" content=\"https:\/\/janze-athletisme.fr\/wordpress\/wp-content\/uploads\/2021\/07\/IMG_6785-243x300.jpeg\" \/>\n<meta name=\"author\" content=\"Jean-Marie Jouzel\" \/>\n<meta name=\"twitter:card\" content=\"summary_large_image\" \/>\n<meta name=\"twitter:label1\" content=\"\u00c9crit par\" \/>\n\t<meta name=\"twitter:data1\" content=\"Jean-Marie Jouzel\" \/>\n\t<meta name=\"twitter:label2\" content=\"Dur\u00e9e de lecture estim\u00e9e\" \/>\n\t<meta name=\"twitter:data2\" content=\"3 minutes\" \/>\n<script type=\"application\/ld+json\" class=\"yoast-schema-graph\">{\"@context\":\"https:\\\/\\\/schema.org\",\"@graph\":[{\"@type\":\"Article\",\"@id\":\"https:\\\/\\\/janze-athletisme.fr\\\/wordpress\\\/bondoufle\\\/#article\",\"isPartOf\":{\"@id\":\"https:\\\/\\\/janze-athletisme.fr\\\/wordpress\\\/bondoufle\\\/\"},\"author\":{\"name\":\"Jean-Marie Jouzel\",\"@id\":\"https:\\\/\\\/janze-athletisme.fr\\\/wordpress\\\/#\\\/schema\\\/person\\\/e27efa3d49687b81c679eb0b5c4973e9\"},\"headline\":\"Bondoufle\",\"datePublished\":\"2021-07-20T09:29:27+00:00\",\"dateModified\":\"2021-07-20T09:32:42+00:00\",\"mainEntityOfPage\":{\"@id\":\"https:\\\/\\\/janze-athletisme.fr\\\/wordpress\\\/bondoufle\\\/\"},\"wordCount\":508,\"commentCount\":1,\"publisher\":{\"@id\":\"https:\\\/\\\/janze-athletisme.fr\\\/wordpress\\\/#organization\"},\"image\":{\"@id\":\"https:\\\/\\\/janze-athletisme.fr\\\/wordpress\\\/bondoufle\\\/#primaryimage\"},\"thumbnailUrl\":\"https:\\\/\\\/janze-athletisme.fr\\\/wordpress\\\/wp-content\\\/uploads\\\/2021\\\/07\\\/IMG_6785-243x300.jpeg\",\"articleSection\":[\"Le club au jour le jour\"],\"inLanguage\":\"fr-FR\",\"potentialAction\":[{\"@type\":\"CommentAction\",\"name\":\"Comment\",\"target\":[\"https:\\\/\\\/janze-athletisme.fr\\\/wordpress\\\/bondoufle\\\/#respond\"]}]},{\"@type\":\"WebPage\",\"@id\":\"https:\\\/\\\/janze-athletisme.fr\\\/wordpress\\\/bondoufle\\\/\",\"url\":\"https:\\\/\\\/janze-athletisme.fr\\\/wordpress\\\/bondoufle\\\/\",\"name\":\"Bondoufle - Janz\u00e9 Athl\u00e9tisme\",\"isPartOf\":{\"@id\":\"https:\\\/\\\/janze-athletisme.fr\\\/wordpress\\\/#website\"},\"primaryImageOfPage\":{\"@id\":\"https:\\\/\\\/janze-athletisme.fr\\\/wordpress\\\/bondoufle\\\/#primaryimage\"},\"image\":{\"@id\":\"https:\\\/\\\/janze-athletisme.fr\\\/wordpress\\\/bondoufle\\\/#primaryimage\"},\"thumbnailUrl\":\"https:\\\/\\\/janze-athletisme.fr\\\/wordpress\\\/wp-content\\\/uploads\\\/2021\\\/07\\\/IMG_6785-243x300.jpeg\",\"datePublished\":\"2021-07-20T09:29:27+00:00\",\"dateModified\":\"2021-07-20T09:32:42+00:00\",\"breadcrumb\":{\"@id\":\"https:\\\/\\\/janze-athletisme.fr\\\/wordpress\\\/bondoufle\\\/#breadcrumb\"},\"inLanguage\":\"fr-FR\",\"potentialAction\":[{\"@type\":\"ReadAction\",\"target\":[\"https:\\\/\\\/janze-athletisme.fr\\\/wordpress\\\/bondoufle\\\/\"]}]},{\"@type\":\"ImageObject\",\"inLanguage\":\"fr-FR\",\"@id\":\"https:\\\/\\\/janze-athletisme.fr\\\/wordpress\\\/bondoufle\\\/#primaryimage\",\"url\":\"https:\\\/\\\/janze-athletisme.fr\\\/wordpress\\\/wp-content\\\/uploads\\\/2021\\\/07\\\/IMG_6785.jpeg\",\"contentUrl\":\"https:\\\/\\\/janze-athletisme.fr\\\/wordpress\\\/wp-content\\\/uploads\\\/2021\\\/07\\\/IMG_6785.jpeg\",\"width\":1125,\"height\":1390},{\"@type\":\"BreadcrumbList\",\"@id\":\"https:\\\/\\\/janze-athletisme.fr\\\/wordpress\\\/bondoufle\\\/#breadcrumb\",\"itemListElement\":[{\"@type\":\"ListItem\",\"position\":1,\"name\":\"Accueil\",\"item\":\"https:\\\/\\\/janze-athletisme.fr\\\/wordpress\\\/\"},{\"@type\":\"ListItem\",\"position\":2,\"name\":\"Bondoufle\"}]},{\"@type\":\"WebSite\",\"@id\":\"https:\\\/\\\/janze-athletisme.fr\\\/wordpress\\\/#website\",\"url\":\"https:\\\/\\\/janze-athletisme.fr\\\/wordpress\\\/\",\"name\":\"Janz\u00e9 Athl\u00e9tisme\",\"description\":\"Pays de La Roche aux F\u00e9es\",\"publisher\":{\"@id\":\"https:\\\/\\\/janze-athletisme.fr\\\/wordpress\\\/#organization\"},\"potentialAction\":[{\"@type\":\"SearchAction\",\"target\":{\"@type\":\"EntryPoint\",\"urlTemplate\":\"https:\\\/\\\/janze-athletisme.fr\\\/wordpress\\\/?s={search_term_string}\"},\"query-input\":{\"@type\":\"PropertyValueSpecification\",\"valueRequired\":true,\"valueName\":\"search_term_string\"}}],\"inLanguage\":\"fr-FR\"},{\"@type\":\"Organization\",\"@id\":\"https:\\\/\\\/janze-athletisme.fr\\\/wordpress\\\/#organization\",\"name\":\"Janz\u00e9 Athl\u00e9tisme\",\"url\":\"https:\\\/\\\/janze-athletisme.fr\\\/wordpress\\\/\",\"logo\":{\"@type\":\"ImageObject\",\"inLanguage\":\"fr-FR\",\"@id\":\"https:\\\/\\\/janze-athletisme.fr\\\/wordpress\\\/#\\\/schema\\\/logo\\\/image\\\/\",\"url\":\"https:\\\/\\\/janze-athletisme.fr\\\/wordpress\\\/wp-content\\\/uploads\\\/2015\\\/03\\\/logo-full1.jpg\",\"contentUrl\":\"https:\\\/\\\/janze-athletisme.fr\\\/wordpress\\\/wp-content\\\/uploads\\\/2015\\\/03\\\/logo-full1.jpg\",\"width\":437,\"height\":205,\"caption\":\"Janz\u00e9 Athl\u00e9tisme\"},\"image\":{\"@id\":\"https:\\\/\\\/janze-athletisme.fr\\\/wordpress\\\/#\\\/schema\\\/logo\\\/image\\\/\"},\"sameAs\":[\"https:\\\/\\\/www.facebook.com\\\/groups\\\/1007964579346590\"]},{\"@type\":\"Person\",\"@id\":\"https:\\\/\\\/janze-athletisme.fr\\\/wordpress\\\/#\\\/schema\\\/person\\\/e27efa3d49687b81c679eb0b5c4973e9\",\"name\":\"Jean-Marie Jouzel\",\"image\":{\"@type\":\"ImageObject\",\"inLanguage\":\"fr-FR\",\"@id\":\"https:\\\/\\\/secure.gravatar.com\\\/avatar\\\/6aaee532914ad5ae9d6b4c13c953c6689456493b17979b560cf8fd0c344930ab?s=96&d=mm&r=g\",\"url\":\"https:\\\/\\\/secure.gravatar.com\\\/avatar\\\/6aaee532914ad5ae9d6b4c13c953c6689456493b17979b560cf8fd0c344930ab?s=96&d=mm&r=g\",\"contentUrl\":\"https:\\\/\\\/secure.gravatar.com\\\/avatar\\\/6aaee532914ad5ae9d6b4c13c953c6689456493b17979b560cf8fd0c344930ab?s=96&d=mm&r=g\",\"caption\":\"Jean-Marie Jouzel\"},\"url\":\"https:\\\/\\\/janze-athletisme.fr\\\/wordpress\\\/author\\\/jmjouzel\\\/\"}]}<\/script>\n<!-- \/ Yoast SEO plugin. -->","yoast_head_json":{"title":"Bondoufle - Janz\u00e9 Athl\u00e9tisme","robots":{"index":"index","follow":"follow","max-snippet":"max-snippet:-1","max-image-preview":"max-image-preview:large","max-video-preview":"max-video-preview:-1"},"canonical":"https:\/\/janze-athletisme.fr\/wordpress\/bondoufle\/","og_locale":"fr_FR","og_type":"article","og_title":"Bondoufle - Janz\u00e9 Athl\u00e9tisme","og_description":"Championnats de France Cadets-Juniors &nbsp; Retour sur les championnats de France Cadets-Juniors sur piste \u00e0 Bondoufle en r\u00e9gion parisienne les 10 et 11 juillet derniers avec Lou et Bastien, heureux qualifi\u00e9s. Au del\u00e0 des performances, vous symbolisez la r\u00e9ussite et la vitalit\u00e9 de notre club, tout entier derri\u00e8re vous, coachs, athl\u00e8tes et parents ! Lou [&hellip;]","og_url":"https:\/\/janze-athletisme.fr\/wordpress\/bondoufle\/","og_site_name":"Janz\u00e9 Athl\u00e9tisme","article_publisher":"https:\/\/www.facebook.com\/groups\/1007964579346590","article_published_time":"2021-07-20T09:29:27+00:00","article_modified_time":"2021-07-20T09:32:42+00:00","og_image":[{"url":"https:\/\/janze-athletisme.fr\/wordpress\/wp-content\/uploads\/2021\/07\/IMG_6785-243x300.jpeg","type":"","width":"","height":""}],"author":"Jean-Marie Jouzel","twitter_card":"summary_large_image","twitter_misc":{"\u00c9crit par":"Jean-Marie Jouzel","Dur\u00e9e de lecture estim\u00e9e":"3 minutes"},"schema":{"@context":"https:\/\/schema.org","@graph":[{"@type":"Article","@id":"https:\/\/janze-athletisme.fr\/wordpress\/bondoufle\/#article","isPartOf":{"@id":"https:\/\/janze-athletisme.fr\/wordpress\/bondoufle\/"},"author":{"name":"Jean-Marie Jouzel","@id":"https:\/\/janze-athletisme.fr\/wordpress\/#\/schema\/person\/e27efa3d49687b81c679eb0b5c4973e9"},"headline":"Bondoufle","datePublished":"2021-07-20T09:29:27+00:00","dateModified":"2021-07-20T09:32:42+00:00","mainEntityOfPage":{"@id":"https:\/\/janze-athletisme.fr\/wordpress\/bondoufle\/"},"wordCount":508,"commentCount":1,"publisher":{"@id":"https:\/\/janze-athletisme.fr\/wordpress\/#organization"},"image":{"@id":"https:\/\/janze-athletisme.fr\/wordpress\/bondoufle\/#primaryimage"},"thumbnailUrl":"https:\/\/janze-athletisme.fr\/wordpress\/wp-content\/uploads\/2021\/07\/IMG_6785-243x300.jpeg","articleSection":["Le club au jour le jour"],"inLanguage":"fr-FR","potentialAction":[{"@type":"CommentAction","name":"Comment","target":["https:\/\/janze-athletisme.fr\/wordpress\/bondoufle\/#respond"]}]},{"@type":"WebPage","@id":"https:\/\/janze-athletisme.fr\/wordpress\/bondoufle\/","url":"https:\/\/janze-athletisme.fr\/wordpress\/bondoufle\/","name":"Bondoufle - Janz\u00e9 Athl\u00e9tisme","isPartOf":{"@id":"https:\/\/janze-athletisme.fr\/wordpress\/#website"},"primaryImageOfPage":{"@id":"https:\/\/janze-athletisme.fr\/wordpress\/bondoufle\/#primaryimage"},"image":{"@id":"https:\/\/janze-athletisme.fr\/wordpress\/bondoufle\/#primaryimage"},"thumbnailUrl":"https:\/\/janze-athletisme.fr\/wordpress\/wp-content\/uploads\/2021\/07\/IMG_6785-243x300.jpeg","datePublished":"2021-07-20T09:29:27+00:00","dateModified":"2021-07-20T09:32:42+00:00","breadcrumb":{"@id":"https:\/\/janze-athletisme.fr\/wordpress\/bondoufle\/#breadcrumb"},"inLanguage":"fr-FR","potentialAction":[{"@type":"ReadAction","target":["https:\/\/janze-athletisme.fr\/wordpress\/bondoufle\/"]}]},{"@type":"ImageObject","inLanguage":"fr-FR","@id":"https:\/\/janze-athletisme.fr\/wordpress\/bondoufle\/#primaryimage","url":"https:\/\/janze-athletisme.fr\/wordpress\/wp-content\/uploads\/2021\/07\/IMG_6785.jpeg","contentUrl":"https:\/\/janze-athletisme.fr\/wordpress\/wp-content\/uploads\/2021\/07\/IMG_6785.jpeg","width":1125,"height":1390},{"@type":"BreadcrumbList","@id":"https:\/\/janze-athletisme.fr\/wordpress\/bondoufle\/#breadcrumb","itemListElement":[{"@type":"ListItem","position":1,"name":"Accueil","item":"https:\/\/janze-athletisme.fr\/wordpress\/"},{"@type":"ListItem","position":2,"name":"Bondoufle"}]},{"@type":"WebSite","@id":"https:\/\/janze-athletisme.fr\/wordpress\/#website","url":"https:\/\/janze-athletisme.fr\/wordpress\/","name":"Janz\u00e9 Athl\u00e9tisme","description":"Pays de La Roche aux F\u00e9es","publisher":{"@id":"https:\/\/janze-athletisme.fr\/wordpress\/#organization"},"potentialAction":[{"@type":"SearchAction","target":{"@type":"EntryPoint","urlTemplate":"https:\/\/janze-athletisme.fr\/wordpress\/?s={search_term_string}"},"query-input":{"@type":"PropertyValueSpecification","valueRequired":true,"valueName":"search_term_string"}}],"inLanguage":"fr-FR"},{"@type":"Organization","@id":"https:\/\/janze-athletisme.fr\/wordpress\/#organization","name":"Janz\u00e9 Athl\u00e9tisme","url":"https:\/\/janze-athletisme.fr\/wordpress\/","logo":{"@type":"ImageObject","inLanguage":"fr-FR","@id":"https:\/\/janze-athletisme.fr\/wordpress\/#\/schema\/logo\/image\/","url":"https:\/\/janze-athletisme.fr\/wordpress\/wp-content\/uploads\/2015\/03\/logo-full1.jpg","contentUrl":"https:\/\/janze-athletisme.fr\/wordpress\/wp-content\/uploads\/2015\/03\/logo-full1.jpg","width":437,"height":205,"caption":"Janz\u00e9 Athl\u00e9tisme"},"image":{"@id":"https:\/\/janze-athletisme.fr\/wordpress\/#\/schema\/logo\/image\/"},"sameAs":["https:\/\/www.facebook.com\/groups\/1007964579346590"]},{"@type":"Person","@id":"https:\/\/janze-athletisme.fr\/wordpress\/#\/schema\/person\/e27efa3d49687b81c679eb0b5c4973e9","name":"Jean-Marie Jouzel","image":{"@type":"ImageObject","inLanguage":"fr-FR","@id":"https:\/\/secure.gravatar.com\/avatar\/6aaee532914ad5ae9d6b4c13c953c6689456493b17979b560cf8fd0c344930ab?s=96&d=mm&r=g","url":"https:\/\/secure.gravatar.com\/avatar\/6aaee532914ad5ae9d6b4c13c953c6689456493b17979b560cf8fd0c344930ab?s=96&d=mm&r=g","contentUrl":"https:\/\/secure.gravatar.com\/avatar\/6aaee532914ad5ae9d6b4c13c953c6689456493b17979b560cf8fd0c344930ab?s=96&d=mm&r=g","caption":"Jean-Marie Jouzel"},"url":"https:\/\/janze-athletisme.fr\/wordpress\/author\/jmjouzel\/"}]}},"uagb_featured_image_src":{"full":false,"thumbnail":false,"medium":false,"medium_large":false,"large":false,"1536x1536":false,"2048x2048":false},"uagb_author_info":{"display_name":"Jean-Marie Jouzel","author_link":"https:\/\/janze-athletisme.fr\/wordpress\/author\/jmjouzel\/"},"uagb_comment_info":1,"uagb_excerpt":"Championnats de France Cadets-Juniors &nbsp; Retour sur les championnats de France Cadets-Juniors sur piste \u00e0 Bondoufle en r\u00e9gion parisienne les 10 et 11 juillet derniers avec Lou et Bastien, heureux qualifi\u00e9s. Au del\u00e0 des performances, vous symbolisez la r\u00e9ussite et la vitalit\u00e9 de notre club, tout entier derri\u00e8re vous, coachs, athl\u00e8tes et parents ! Lou\u2026","_links":{"self":[{"href":"https:\/\/janze-athletisme.fr\/wordpress\/wp-json\/wp\/v2\/posts\/7502","targetHints":{"allow":["GET"]}}],"collection":[{"href":"https:\/\/janze-athletisme.fr\/wordpress\/wp-json\/wp\/v2\/posts"}],"about":[{"href":"https:\/\/janze-athletisme.fr\/wordpress\/wp-json\/wp\/v2\/types\/post"}],"author":[{"embeddable":true,"href":"https:\/\/janze-athletisme.fr\/wordpress\/wp-json\/wp\/v2\/users\/8"}],"replies":[{"embeddable":true,"href":"https:\/\/janze-athletisme.fr\/wordpress\/wp-json\/wp\/v2\/comments?post=7502"}],"version-history":[{"count":4,"href":"https:\/\/janze-athletisme.fr\/wordpress\/wp-json\/wp\/v2\/posts\/7502\/revisions"}],"predecessor-version":[{"id":7507,"href":"https:\/\/janze-athletisme.fr\/wordpress\/wp-json\/wp\/v2\/posts\/7502\/revisions\/7507"}],"wp:attachment":[{"href":"https:\/\/janze-athletisme.fr\/wordpress\/wp-json\/wp\/v2\/media?parent=7502"}],"wp:term":[{"taxonomy":"category","embeddable":true,"href":"https:\/\/janze-athletisme.fr\/wordpress\/wp-json\/wp\/v2\/categories?post=7502"},{"taxonomy":"post_tag","embeddable":true,"href":"https:\/\/janze-athletisme.fr\/wordpress\/wp-json\/wp\/v2\/tags?post=7502"}],"curies":[{"name":"wp","href":"https:\/\/api.w.org\/{rel}","templated":true}]}}