{"id":7124,"date":"2021-01-18T17:43:22","date_gmt":"2021-01-18T16:43:22","guid":{"rendered":"https:\/\/janze-athletisme.fr\/wordpress\/?p=7124"},"modified":"2021-01-18T17:46:16","modified_gmt":"2021-01-18T16:46:16","slug":"course-hors-stade-couvre-feu-a-18h","status":"publish","type":"post","link":"https:\/\/janze-athletisme.fr\/wordpress\/course-hors-stade-couvre-feu-a-18h\/","title":{"rendered":"COURSE HORS STADE &#8211; COUVRE FEU A 18H"},"content":{"rendered":"<p>Suite \u00e0 la mise en place du couvre feu \u00e0 18h00,<span style=\"text-decoration: underline;\"><strong> il n&rsquo;est plus possible d&rsquo;assurer des s\u00e9ances au stade de la Jaroussaye\u00a0 les mardis et Jeudis soirs.<\/strong><\/span><\/p>\n<p>nous vous informerons des opportunit\u00e9s de reprise des entrainements communs d\u00e8s que nous aurons de nouvelles informations.<\/p>\n<p>Les s\u00e9ances d&rsquo;entrainement vont continu\u00e9es \u00e0 \u00eatre mises \u00e0 jour sur le site par les entraineurs .<\/p>\n<p>vous avez le loisir de les effectuer aux horaires qui vous conviennent .<\/p>\n<p>sportivement et a bient\u00f4t<\/p>\n","protected":false},"excerpt":{"rendered":"<p>Suite \u00e0 la mise en place du couvre feu \u00e0 18h00, il n&rsquo;est plus possible d&rsquo;assurer des s\u00e9ances au stade de la Jaroussaye\u00a0 les mardis et Jeudis soirs. nous vous informerons des opportunit\u00e9s de reprise des entrainements communs d\u00e8s que nous aurons de nouvelles informations. Les s\u00e9ances d&rsquo;entrainement vont continu\u00e9es \u00e0 \u00eatre mises \u00e0 jour [&hellip;]<\/p>\n","protected":false},"author":9,"featured_media":0,"comment_status":"open","ping_status":"open","sticky":false,"template":"","format":"aside","meta":{"_uag_custom_page_level_css":"","site-sidebar-layout":"default","site-content-layout":"","ast-site-content-layout":"default","site-content-style":"default","site-sidebar-style":"default","ast-global-header-display":"","ast-banner-title-visibility":"","ast-main-header-display":"","ast-hfb-above-header-display":"","ast-hfb-below-header-display":"","ast-hfb-mobile-header-display":"","site-post-title":"","ast-breadcrumbs-content":"","ast-featured-img":"","footer-sml-layout":"","ast-disable-related-posts":"","theme-transparent-header-meta":"","adv-header-id-meta":"","stick-header-meta":"","header-above-stick-meta":"","header-main-stick-meta":"","header-below-stick-meta":"","astra-migrate-meta-layouts":"default","ast-page-background-enabled":"default","ast-page-background-meta":{"desktop":{"background-color":"var(--ast-global-color-4)","background-image":"","background-repeat":"repeat","background-position":"center center","background-size":"auto","background-attachment":"scroll","background-type":"","background-media":"","overlay-type":"","overlay-color":"","overlay-opacity":"","overlay-gradient":""},"tablet":{"background-color":"","background-image":"","background-repeat":"repeat","background-position":"center center","background-size":"auto","background-attachment":"scroll","background-type":"","background-media":"","overlay-type":"","overlay-color":"","overlay-opacity":"","overlay-gradient":""},"mobile":{"background-color":"","background-image":"","background-repeat":"repeat","background-position":"center center","background-size":"auto","background-attachment":"scroll","background-type":"","background-media":"","overlay-type":"","overlay-color":"","overlay-opacity":"","overlay-gradient":""}},"ast-content-background-meta":{"desktop":{"background-color":"var(--ast-global-color-5)","background-image":"","background-repeat":"repeat","background-position":"center center","background-size":"auto","background-attachment":"scroll","background-type":"","background-media":"","overlay-type":"","overlay-color":"","overlay-opacity":"","overlay-gradient":""},"tablet":{"background-color":"var(--ast-global-color-5)","background-image":"","background-repeat":"repeat","background-position":"center center","background-size":"auto","background-attachment":"scroll","background-type":"","background-media":"","overlay-type":"","overlay-color":"","overlay-opacity":"","overlay-gradient":""},"mobile":{"background-color":"var(--ast-global-color-5)","background-image":"","background-repeat":"repeat","background-position":"center center","background-size":"auto","background-attachment":"scroll","background-type":"","background-media":"","overlay-type":"","overlay-color":"","overlay-opacity":"","overlay-gradient":""}},"footnotes":""},"categories":[6],"tags":[],"class_list":["post-7124","post","type-post","status-publish","format-aside","hentry","category-sections","post_format-post-format-aside"],"yoast_head":"<!-- This site is optimized with the Yoast SEO plugin v27.5 - https:\/\/yoast.com\/product\/yoast-seo-wordpress\/ -->\n<title>COURSE HORS STADE - COUVRE FEU A 18H - Janz\u00e9 Athl\u00e9tisme<\/title>\n<meta name=\"robots\" content=\"index, follow, max-snippet:-1, max-image-preview:large, max-video-preview:-1\" \/>\n<link rel=\"canonical\" href=\"https:\/\/janze-athletisme.fr\/wordpress\/course-hors-stade-couvre-feu-a-18h\/\" \/>\n<meta property=\"og:locale\" content=\"fr_FR\" \/>\n<meta property=\"og:type\" content=\"article\" \/>\n<meta property=\"og:title\" content=\"COURSE HORS STADE - COUVRE FEU A 18H - Janz\u00e9 Athl\u00e9tisme\" \/>\n<meta property=\"og:description\" content=\"Suite \u00e0 la mise en place du couvre feu \u00e0 18h00, il n&rsquo;est plus possible d&rsquo;assurer des s\u00e9ances au stade de la Jaroussaye\u00a0 les mardis et Jeudis soirs. nous vous informerons des opportunit\u00e9s de reprise des entrainements communs d\u00e8s que nous aurons de nouvelles informations. Les s\u00e9ances d&rsquo;entrainement vont continu\u00e9es \u00e0 \u00eatre mises \u00e0 jour [&hellip;]\" \/>\n<meta property=\"og:url\" content=\"https:\/\/janze-athletisme.fr\/wordpress\/course-hors-stade-couvre-feu-a-18h\/\" \/>\n<meta property=\"og:site_name\" content=\"Janz\u00e9 Athl\u00e9tisme\" \/>\n<meta property=\"article:publisher\" content=\"https:\/\/www.facebook.com\/groups\/1007964579346590\" \/>\n<meta property=\"article:published_time\" content=\"2021-01-18T16:43:22+00:00\" \/>\n<meta property=\"article:modified_time\" content=\"2021-01-18T16:46:16+00:00\" \/>\n<meta name=\"author\" content=\"Franck Le Charpentier\" \/>\n<meta name=\"twitter:card\" content=\"summary_large_image\" \/>\n<meta name=\"twitter:label1\" content=\"\u00c9crit par\" \/>\n\t<meta name=\"twitter:data1\" content=\"Franck Le Charpentier\" \/>\n\t<meta name=\"twitter:label2\" content=\"Dur\u00e9e de lecture estim\u00e9e\" \/>\n\t<meta name=\"twitter:data2\" content=\"1 minute\" \/>\n<script type=\"application\/ld+json\" class=\"yoast-schema-graph\">{\"@context\":\"https:\\\/\\\/schema.org\",\"@graph\":[{\"@type\":\"Article\",\"@id\":\"https:\\\/\\\/janze-athletisme.fr\\\/wordpress\\\/course-hors-stade-couvre-feu-a-18h\\\/#article\",\"isPartOf\":{\"@id\":\"https:\\\/\\\/janze-athletisme.fr\\\/wordpress\\\/course-hors-stade-couvre-feu-a-18h\\\/\"},\"author\":{\"name\":\"Franck Le Charpentier\",\"@id\":\"https:\\\/\\\/janze-athletisme.fr\\\/wordpress\\\/#\\\/schema\\\/person\\\/ad234bf8b030bd31c125b82a1ec33854\"},\"headline\":\"COURSE HORS STADE &#8211; COUVRE FEU A 18H\",\"datePublished\":\"2021-01-18T16:43:22+00:00\",\"dateModified\":\"2021-01-18T16:46:16+00:00\",\"mainEntityOfPage\":{\"@id\":\"https:\\\/\\\/janze-athletisme.fr\\\/wordpress\\\/course-hors-stade-couvre-feu-a-18h\\\/\"},\"wordCount\":90,\"commentCount\":0,\"publisher\":{\"@id\":\"https:\\\/\\\/janze-athletisme.fr\\\/wordpress\\\/#organization\"},\"articleSection\":[\"Le club au jour le jour\"],\"inLanguage\":\"fr-FR\",\"potentialAction\":[{\"@type\":\"CommentAction\",\"name\":\"Comment\",\"target\":[\"https:\\\/\\\/janze-athletisme.fr\\\/wordpress\\\/course-hors-stade-couvre-feu-a-18h\\\/#respond\"]}]},{\"@type\":\"WebPage\",\"@id\":\"https:\\\/\\\/janze-athletisme.fr\\\/wordpress\\\/course-hors-stade-couvre-feu-a-18h\\\/\",\"url\":\"https:\\\/\\\/janze-athletisme.fr\\\/wordpress\\\/course-hors-stade-couvre-feu-a-18h\\\/\",\"name\":\"COURSE HORS STADE - COUVRE FEU A 18H - Janz\u00e9 Athl\u00e9tisme\",\"isPartOf\":{\"@id\":\"https:\\\/\\\/janze-athletisme.fr\\\/wordpress\\\/#website\"},\"datePublished\":\"2021-01-18T16:43:22+00:00\",\"dateModified\":\"2021-01-18T16:46:16+00:00\",\"breadcrumb\":{\"@id\":\"https:\\\/\\\/janze-athletisme.fr\\\/wordpress\\\/course-hors-stade-couvre-feu-a-18h\\\/#breadcrumb\"},\"inLanguage\":\"fr-FR\",\"potentialAction\":[{\"@type\":\"ReadAction\",\"target\":[\"https:\\\/\\\/janze-athletisme.fr\\\/wordpress\\\/course-hors-stade-couvre-feu-a-18h\\\/\"]}]},{\"@type\":\"BreadcrumbList\",\"@id\":\"https:\\\/\\\/janze-athletisme.fr\\\/wordpress\\\/course-hors-stade-couvre-feu-a-18h\\\/#breadcrumb\",\"itemListElement\":[{\"@type\":\"ListItem\",\"position\":1,\"name\":\"Accueil\",\"item\":\"https:\\\/\\\/janze-athletisme.fr\\\/wordpress\\\/\"},{\"@type\":\"ListItem\",\"position\":2,\"name\":\"COURSE HORS STADE &#8211; COUVRE FEU A 18H\"}]},{\"@type\":\"WebSite\",\"@id\":\"https:\\\/\\\/janze-athletisme.fr\\\/wordpress\\\/#website\",\"url\":\"https:\\\/\\\/janze-athletisme.fr\\\/wordpress\\\/\",\"name\":\"Janz\u00e9 Athl\u00e9tisme\",\"description\":\"Pays de La Roche aux F\u00e9es\",\"publisher\":{\"@id\":\"https:\\\/\\\/janze-athletisme.fr\\\/wordpress\\\/#organization\"},\"potentialAction\":[{\"@type\":\"SearchAction\",\"target\":{\"@type\":\"EntryPoint\",\"urlTemplate\":\"https:\\\/\\\/janze-athletisme.fr\\\/wordpress\\\/?s={search_term_string}\"},\"query-input\":{\"@type\":\"PropertyValueSpecification\",\"valueRequired\":true,\"valueName\":\"search_term_string\"}}],\"inLanguage\":\"fr-FR\"},{\"@type\":\"Organization\",\"@id\":\"https:\\\/\\\/janze-athletisme.fr\\\/wordpress\\\/#organization\",\"name\":\"Janz\u00e9 Athl\u00e9tisme\",\"url\":\"https:\\\/\\\/janze-athletisme.fr\\\/wordpress\\\/\",\"logo\":{\"@type\":\"ImageObject\",\"inLanguage\":\"fr-FR\",\"@id\":\"https:\\\/\\\/janze-athletisme.fr\\\/wordpress\\\/#\\\/schema\\\/logo\\\/image\\\/\",\"url\":\"https:\\\/\\\/janze-athletisme.fr\\\/wordpress\\\/wp-content\\\/uploads\\\/2015\\\/03\\\/logo-full1.jpg\",\"contentUrl\":\"https:\\\/\\\/janze-athletisme.fr\\\/wordpress\\\/wp-content\\\/uploads\\\/2015\\\/03\\\/logo-full1.jpg\",\"width\":437,\"height\":205,\"caption\":\"Janz\u00e9 Athl\u00e9tisme\"},\"image\":{\"@id\":\"https:\\\/\\\/janze-athletisme.fr\\\/wordpress\\\/#\\\/schema\\\/logo\\\/image\\\/\"},\"sameAs\":[\"https:\\\/\\\/www.facebook.com\\\/groups\\\/1007964579346590\"]},{\"@type\":\"Person\",\"@id\":\"https:\\\/\\\/janze-athletisme.fr\\\/wordpress\\\/#\\\/schema\\\/person\\\/ad234bf8b030bd31c125b82a1ec33854\",\"name\":\"Franck Le Charpentier\",\"image\":{\"@type\":\"ImageObject\",\"inLanguage\":\"fr-FR\",\"@id\":\"https:\\\/\\\/secure.gravatar.com\\\/avatar\\\/fc189bc59f11679dc3da275ba96286a31423dc69df2d485d065331065a446964?s=96&d=mm&r=g\",\"url\":\"https:\\\/\\\/secure.gravatar.com\\\/avatar\\\/fc189bc59f11679dc3da275ba96286a31423dc69df2d485d065331065a446964?s=96&d=mm&r=g\",\"contentUrl\":\"https:\\\/\\\/secure.gravatar.com\\\/avatar\\\/fc189bc59f11679dc3da275ba96286a31423dc69df2d485d065331065a446964?s=96&d=mm&r=g\",\"caption\":\"Franck Le Charpentier\"},\"url\":\"https:\\\/\\\/janze-athletisme.fr\\\/wordpress\\\/author\\\/francklec\\\/\"}]}<\/script>\n<!-- \/ Yoast SEO plugin. -->","yoast_head_json":{"title":"COURSE HORS STADE - COUVRE FEU A 18H - Janz\u00e9 Athl\u00e9tisme","robots":{"index":"index","follow":"follow","max-snippet":"max-snippet:-1","max-image-preview":"max-image-preview:large","max-video-preview":"max-video-preview:-1"},"canonical":"https:\/\/janze-athletisme.fr\/wordpress\/course-hors-stade-couvre-feu-a-18h\/","og_locale":"fr_FR","og_type":"article","og_title":"COURSE HORS STADE - COUVRE FEU A 18H - Janz\u00e9 Athl\u00e9tisme","og_description":"Suite \u00e0 la mise en place du couvre feu \u00e0 18h00, il n&rsquo;est plus possible d&rsquo;assurer des s\u00e9ances au stade de la Jaroussaye\u00a0 les mardis et Jeudis soirs. nous vous informerons des opportunit\u00e9s de reprise des entrainements communs d\u00e8s que nous aurons de nouvelles informations. Les s\u00e9ances d&rsquo;entrainement vont continu\u00e9es \u00e0 \u00eatre mises \u00e0 jour [&hellip;]","og_url":"https:\/\/janze-athletisme.fr\/wordpress\/course-hors-stade-couvre-feu-a-18h\/","og_site_name":"Janz\u00e9 Athl\u00e9tisme","article_publisher":"https:\/\/www.facebook.com\/groups\/1007964579346590","article_published_time":"2021-01-18T16:43:22+00:00","article_modified_time":"2021-01-18T16:46:16+00:00","author":"Franck Le Charpentier","twitter_card":"summary_large_image","twitter_misc":{"\u00c9crit par":"Franck Le Charpentier","Dur\u00e9e de lecture estim\u00e9e":"1 minute"},"schema":{"@context":"https:\/\/schema.org","@graph":[{"@type":"Article","@id":"https:\/\/janze-athletisme.fr\/wordpress\/course-hors-stade-couvre-feu-a-18h\/#article","isPartOf":{"@id":"https:\/\/janze-athletisme.fr\/wordpress\/course-hors-stade-couvre-feu-a-18h\/"},"author":{"name":"Franck Le Charpentier","@id":"https:\/\/janze-athletisme.fr\/wordpress\/#\/schema\/person\/ad234bf8b030bd31c125b82a1ec33854"},"headline":"COURSE HORS STADE &#8211; COUVRE FEU A 18H","datePublished":"2021-01-18T16:43:22+00:00","dateModified":"2021-01-18T16:46:16+00:00","mainEntityOfPage":{"@id":"https:\/\/janze-athletisme.fr\/wordpress\/course-hors-stade-couvre-feu-a-18h\/"},"wordCount":90,"commentCount":0,"publisher":{"@id":"https:\/\/janze-athletisme.fr\/wordpress\/#organization"},"articleSection":["Le club au jour le jour"],"inLanguage":"fr-FR","potentialAction":[{"@type":"CommentAction","name":"Comment","target":["https:\/\/janze-athletisme.fr\/wordpress\/course-hors-stade-couvre-feu-a-18h\/#respond"]}]},{"@type":"WebPage","@id":"https:\/\/janze-athletisme.fr\/wordpress\/course-hors-stade-couvre-feu-a-18h\/","url":"https:\/\/janze-athletisme.fr\/wordpress\/course-hors-stade-couvre-feu-a-18h\/","name":"COURSE HORS STADE - COUVRE FEU A 18H - Janz\u00e9 Athl\u00e9tisme","isPartOf":{"@id":"https:\/\/janze-athletisme.fr\/wordpress\/#website"},"datePublished":"2021-01-18T16:43:22+00:00","dateModified":"2021-01-18T16:46:16+00:00","breadcrumb":{"@id":"https:\/\/janze-athletisme.fr\/wordpress\/course-hors-stade-couvre-feu-a-18h\/#breadcrumb"},"inLanguage":"fr-FR","potentialAction":[{"@type":"ReadAction","target":["https:\/\/janze-athletisme.fr\/wordpress\/course-hors-stade-couvre-feu-a-18h\/"]}]},{"@type":"BreadcrumbList","@id":"https:\/\/janze-athletisme.fr\/wordpress\/course-hors-stade-couvre-feu-a-18h\/#breadcrumb","itemListElement":[{"@type":"ListItem","position":1,"name":"Accueil","item":"https:\/\/janze-athletisme.fr\/wordpress\/"},{"@type":"ListItem","position":2,"name":"COURSE HORS STADE &#8211; COUVRE FEU A 18H"}]},{"@type":"WebSite","@id":"https:\/\/janze-athletisme.fr\/wordpress\/#website","url":"https:\/\/janze-athletisme.fr\/wordpress\/","name":"Janz\u00e9 Athl\u00e9tisme","description":"Pays de La Roche aux F\u00e9es","publisher":{"@id":"https:\/\/janze-athletisme.fr\/wordpress\/#organization"},"potentialAction":[{"@type":"SearchAction","target":{"@type":"EntryPoint","urlTemplate":"https:\/\/janze-athletisme.fr\/wordpress\/?s={search_term_string}"},"query-input":{"@type":"PropertyValueSpecification","valueRequired":true,"valueName":"search_term_string"}}],"inLanguage":"fr-FR"},{"@type":"Organization","@id":"https:\/\/janze-athletisme.fr\/wordpress\/#organization","name":"Janz\u00e9 Athl\u00e9tisme","url":"https:\/\/janze-athletisme.fr\/wordpress\/","logo":{"@type":"ImageObject","inLanguage":"fr-FR","@id":"https:\/\/janze-athletisme.fr\/wordpress\/#\/schema\/logo\/image\/","url":"https:\/\/janze-athletisme.fr\/wordpress\/wp-content\/uploads\/2015\/03\/logo-full1.jpg","contentUrl":"https:\/\/janze-athletisme.fr\/wordpress\/wp-content\/uploads\/2015\/03\/logo-full1.jpg","width":437,"height":205,"caption":"Janz\u00e9 Athl\u00e9tisme"},"image":{"@id":"https:\/\/janze-athletisme.fr\/wordpress\/#\/schema\/logo\/image\/"},"sameAs":["https:\/\/www.facebook.com\/groups\/1007964579346590"]},{"@type":"Person","@id":"https:\/\/janze-athletisme.fr\/wordpress\/#\/schema\/person\/ad234bf8b030bd31c125b82a1ec33854","name":"Franck Le Charpentier","image":{"@type":"ImageObject","inLanguage":"fr-FR","@id":"https:\/\/secure.gravatar.com\/avatar\/fc189bc59f11679dc3da275ba96286a31423dc69df2d485d065331065a446964?s=96&d=mm&r=g","url":"https:\/\/secure.gravatar.com\/avatar\/fc189bc59f11679dc3da275ba96286a31423dc69df2d485d065331065a446964?s=96&d=mm&r=g","contentUrl":"https:\/\/secure.gravatar.com\/avatar\/fc189bc59f11679dc3da275ba96286a31423dc69df2d485d065331065a446964?s=96&d=mm&r=g","caption":"Franck Le Charpentier"},"url":"https:\/\/janze-athletisme.fr\/wordpress\/author\/francklec\/"}]}},"uagb_featured_image_src":{"full":false,"thumbnail":false,"medium":false,"medium_large":false,"large":false,"1536x1536":false,"2048x2048":false},"uagb_author_info":{"display_name":"Franck Le Charpentier","author_link":"https:\/\/janze-athletisme.fr\/wordpress\/author\/francklec\/"},"uagb_comment_info":0,"uagb_excerpt":"Suite \u00e0 la mise en place du couvre feu \u00e0 18h00, il n&rsquo;est plus possible d&rsquo;assurer des s\u00e9ances au stade de la Jaroussaye\u00a0 les mardis et Jeudis soirs. nous vous informerons des opportunit\u00e9s de reprise des entrainements communs d\u00e8s que nous aurons de nouvelles informations. Les s\u00e9ances d&rsquo;entrainement vont continu\u00e9es \u00e0 \u00eatre mises \u00e0 jour\u2026","_links":{"self":[{"href":"https:\/\/janze-athletisme.fr\/wordpress\/wp-json\/wp\/v2\/posts\/7124","targetHints":{"allow":["GET"]}}],"collection":[{"href":"https:\/\/janze-athletisme.fr\/wordpress\/wp-json\/wp\/v2\/posts"}],"about":[{"href":"https:\/\/janze-athletisme.fr\/wordpress\/wp-json\/wp\/v2\/types\/post"}],"author":[{"embeddable":true,"href":"https:\/\/janze-athletisme.fr\/wordpress\/wp-json\/wp\/v2\/users\/9"}],"replies":[{"embeddable":true,"href":"https:\/\/janze-athletisme.fr\/wordpress\/wp-json\/wp\/v2\/comments?post=7124"}],"version-history":[{"count":3,"href":"https:\/\/janze-athletisme.fr\/wordpress\/wp-json\/wp\/v2\/posts\/7124\/revisions"}],"predecessor-version":[{"id":7127,"href":"https:\/\/janze-athletisme.fr\/wordpress\/wp-json\/wp\/v2\/posts\/7124\/revisions\/7127"}],"wp:attachment":[{"href":"https:\/\/janze-athletisme.fr\/wordpress\/wp-json\/wp\/v2\/media?parent=7124"}],"wp:term":[{"taxonomy":"category","embeddable":true,"href":"https:\/\/janze-athletisme.fr\/wordpress\/wp-json\/wp\/v2\/categories?post=7124"},{"taxonomy":"post_tag","embeddable":true,"href":"https:\/\/janze-athletisme.fr\/wordpress\/wp-json\/wp\/v2\/tags?post=7124"}],"curies":[{"name":"wp","href":"https:\/\/api.w.org\/{rel}","templated":true}]}}