{"id":6795,"date":"2020-10-07T21:15:24","date_gmt":"2020-10-07T19:15:24","guid":{"rendered":"https:\/\/janze-athletisme.fr\/wordpress\/?p=6795"},"modified":"2020-10-07T21:22:55","modified_gmt":"2020-10-07T19:22:55","slug":"test-vma-de-debut-de-saison-2","status":"publish","type":"post","link":"https:\/\/janze-athletisme.fr\/wordpress\/test-vma-de-debut-de-saison-2\/","title":{"rendered":"TEST VMA DE DEBUT DE SAISON"},"content":{"rendered":"<h2 style=\"text-align: center;\">le <strong><span style=\"color: #0000ff;\">test VMA<\/span><\/strong> de d\u00e9but de saison se d\u00e9roulera <span style=\"color: #0000ff;\"><strong>mardi 13 Octobre 2020<\/strong><\/span><\/h2>\n<h2 style=\"text-align: center;\"><strong><span style=\"color: #0000ff;\">rdv \u00e0 19h00 au stade\u00a0<\/span><\/strong><strong><span style=\"color: #0000ff;\">Louis Lecoq<\/span><\/strong><\/h2>\n<h3 style=\"text-align: center;\"><span style=\"color: #ff6600;\"><span style=\"font-family: 'Open Sans', sans-serif; font-size: 14px; font-style: normal; font-weight: 400;\">attention, pas d&rsquo;\u00e9chauffement le test d\u00e9marre \u00e0 froid !<\/span><\/span><\/h3>\n<h3 style=\"text-align: center;\"><span style=\"color: #ff6600;\">Le protocole sanitaire covid19 reste identique aux autres s\u00e9ances d&rsquo;entrainement<\/span><\/h3>\n<p>&nbsp;<\/p>\n<p style=\"font-family: 'Open Sans', sans-serif; font-size: 14px; font-style: normal; font-weight: 400;\"><img loading=\"lazy\" decoding=\"async\" class=\"aligncenter wp-image-6797\" src=\"https:\/\/janze-athletisme.fr\/wordpress\/wp-content\/uploads\/2020\/10\/2020_10_07_21_06_48_Test_VAMEVAL_Beaumont_Athletique_Club_Vivaldi-300x184.png\" alt=\"\" width=\"686\" height=\"421\" srcset=\"https:\/\/janze-athletisme.fr\/wordpress\/wp-content\/uploads\/2020\/10\/2020_10_07_21_06_48_Test_VAMEVAL_Beaumont_Athletique_Club_Vivaldi-300x184.png 300w, https:\/\/janze-athletisme.fr\/wordpress\/wp-content\/uploads\/2020\/10\/2020_10_07_21_06_48_Test_VAMEVAL_Beaumont_Athletique_Club_Vivaldi-2x1.png 2w, https:\/\/janze-athletisme.fr\/wordpress\/wp-content\/uploads\/2020\/10\/2020_10_07_21_06_48_Test_VAMEVAL_Beaumont_Athletique_Club_Vivaldi.png 655w\" sizes=\"auto, (max-width: 686px) 100vw, 686px\" \/><\/p>\n<p>&nbsp;<\/p>\n","protected":false},"excerpt":{"rendered":"<p>le test VMA de d\u00e9but de saison se d\u00e9roulera mardi 13 Octobre 2020 rdv \u00e0 19h00 au stade\u00a0Louis Lecoq attention, pas d&rsquo;\u00e9chauffement le test d\u00e9marre \u00e0 froid ! Le protocole sanitaire covid19 reste identique aux autres s\u00e9ances d&rsquo;entrainement &nbsp; &nbsp;<\/p>\n","protected":false},"author":9,"featured_media":0,"comment_status":"open","ping_status":"open","sticky":false,"template":"","format":"aside","meta":{"_uag_custom_page_level_css":"","site-sidebar-layout":"default","site-content-layout":"","ast-site-content-layout":"default","site-content-style":"default","site-sidebar-style":"default","ast-global-header-display":"","ast-banner-title-visibility":"","ast-main-header-display":"","ast-hfb-above-header-display":"","ast-hfb-below-header-display":"","ast-hfb-mobile-header-display":"","site-post-title":"","ast-breadcrumbs-content":"","ast-featured-img":"","footer-sml-layout":"","ast-disable-related-posts":"","theme-transparent-header-meta":"","adv-header-id-meta":"","stick-header-meta":"","header-above-stick-meta":"","header-main-stick-meta":"","header-below-stick-meta":"","astra-migrate-meta-layouts":"default","ast-page-background-enabled":"default","ast-page-background-meta":{"desktop":{"background-color":"var(--ast-global-color-4)","background-image":"","background-repeat":"repeat","background-position":"center center","background-size":"auto","background-attachment":"scroll","background-type":"","background-media":"","overlay-type":"","overlay-color":"","overlay-opacity":"","overlay-gradient":""},"tablet":{"background-color":"","background-image":"","background-repeat":"repeat","background-position":"center center","background-size":"auto","background-attachment":"scroll","background-type":"","background-media":"","overlay-type":"","overlay-color":"","overlay-opacity":"","overlay-gradient":""},"mobile":{"background-color":"","background-image":"","background-repeat":"repeat","background-position":"center center","background-size":"auto","background-attachment":"scroll","background-type":"","background-media":"","overlay-type":"","overlay-color":"","overlay-opacity":"","overlay-gradient":""}},"ast-content-background-meta":{"desktop":{"background-color":"var(--ast-global-color-5)","background-image":"","background-repeat":"repeat","background-position":"center center","background-size":"auto","background-attachment":"scroll","background-type":"","background-media":"","overlay-type":"","overlay-color":"","overlay-opacity":"","overlay-gradient":""},"tablet":{"background-color":"var(--ast-global-color-5)","background-image":"","background-repeat":"repeat","background-position":"center center","background-size":"auto","background-attachment":"scroll","background-type":"","background-media":"","overlay-type":"","overlay-color":"","overlay-opacity":"","overlay-gradient":""},"mobile":{"background-color":"var(--ast-global-color-5)","background-image":"","background-repeat":"repeat","background-position":"center center","background-size":"auto","background-attachment":"scroll","background-type":"","background-media":"","overlay-type":"","overlay-color":"","overlay-opacity":"","overlay-gradient":""}},"footnotes":""},"categories":[6],"tags":[],"class_list":["post-6795","post","type-post","status-publish","format-aside","hentry","category-sections","post_format-post-format-aside"],"yoast_head":"<!-- This site is optimized with the Yoast SEO plugin v27.4 - https:\/\/yoast.com\/product\/yoast-seo-wordpress\/ -->\n<title>TEST VMA DE DEBUT DE SAISON - Janz\u00e9 Athl\u00e9tisme<\/title>\n<meta name=\"robots\" content=\"index, follow, max-snippet:-1, max-image-preview:large, max-video-preview:-1\" \/>\n<link rel=\"canonical\" href=\"https:\/\/janze-athletisme.fr\/wordpress\/test-vma-de-debut-de-saison-2\/\" \/>\n<meta property=\"og:locale\" content=\"fr_FR\" \/>\n<meta property=\"og:type\" content=\"article\" \/>\n<meta property=\"og:title\" content=\"TEST VMA DE DEBUT DE SAISON - Janz\u00e9 Athl\u00e9tisme\" \/>\n<meta property=\"og:description\" content=\"le test VMA de d\u00e9but de saison se d\u00e9roulera mardi 13 Octobre 2020 rdv \u00e0 19h00 au stade\u00a0Louis Lecoq attention, pas d&rsquo;\u00e9chauffement le test d\u00e9marre \u00e0 froid ! Le protocole sanitaire covid19 reste identique aux autres s\u00e9ances d&rsquo;entrainement &nbsp; &nbsp;\" \/>\n<meta property=\"og:url\" content=\"https:\/\/janze-athletisme.fr\/wordpress\/test-vma-de-debut-de-saison-2\/\" \/>\n<meta property=\"og:site_name\" content=\"Janz\u00e9 Athl\u00e9tisme\" \/>\n<meta property=\"article:publisher\" content=\"https:\/\/www.facebook.com\/groups\/1007964579346590\" \/>\n<meta property=\"article:published_time\" content=\"2020-10-07T19:15:24+00:00\" \/>\n<meta property=\"article:modified_time\" content=\"2020-10-07T19:22:55+00:00\" \/>\n<meta property=\"og:image\" content=\"https:\/\/janze-athletisme.fr\/wordpress\/wp-content\/uploads\/2020\/10\/2020_10_07_21_06_48_Test_VAMEVAL_Beaumont_Athletique_Club_Vivaldi-300x184.png\" \/>\n<meta name=\"author\" content=\"Franck Le Charpentier\" \/>\n<meta name=\"twitter:card\" content=\"summary_large_image\" \/>\n<meta name=\"twitter:label1\" content=\"\u00c9crit par\" \/>\n\t<meta name=\"twitter:data1\" content=\"Franck Le Charpentier\" \/>\n<script type=\"application\/ld+json\" class=\"yoast-schema-graph\">{\"@context\":\"https:\\\/\\\/schema.org\",\"@graph\":[{\"@type\":\"Article\",\"@id\":\"https:\\\/\\\/janze-athletisme.fr\\\/wordpress\\\/test-vma-de-debut-de-saison-2\\\/#article\",\"isPartOf\":{\"@id\":\"https:\\\/\\\/janze-athletisme.fr\\\/wordpress\\\/test-vma-de-debut-de-saison-2\\\/\"},\"author\":{\"name\":\"Franck Le Charpentier\",\"@id\":\"https:\\\/\\\/janze-athletisme.fr\\\/wordpress\\\/#\\\/schema\\\/person\\\/ad234bf8b030bd31c125b82a1ec33854\"},\"headline\":\"TEST VMA DE DEBUT DE SAISON\",\"datePublished\":\"2020-10-07T19:15:24+00:00\",\"dateModified\":\"2020-10-07T19:22:55+00:00\",\"mainEntityOfPage\":{\"@id\":\"https:\\\/\\\/janze-athletisme.fr\\\/wordpress\\\/test-vma-de-debut-de-saison-2\\\/\"},\"wordCount\":48,\"commentCount\":0,\"publisher\":{\"@id\":\"https:\\\/\\\/janze-athletisme.fr\\\/wordpress\\\/#organization\"},\"image\":{\"@id\":\"https:\\\/\\\/janze-athletisme.fr\\\/wordpress\\\/test-vma-de-debut-de-saison-2\\\/#primaryimage\"},\"thumbnailUrl\":\"https:\\\/\\\/janze-athletisme.fr\\\/wordpress\\\/wp-content\\\/uploads\\\/2020\\\/10\\\/2020_10_07_21_06_48_Test_VAMEVAL_Beaumont_Athletique_Club_Vivaldi-300x184.png\",\"articleSection\":[\"Le club au jour le jour\"],\"inLanguage\":\"fr-FR\",\"potentialAction\":[{\"@type\":\"CommentAction\",\"name\":\"Comment\",\"target\":[\"https:\\\/\\\/janze-athletisme.fr\\\/wordpress\\\/test-vma-de-debut-de-saison-2\\\/#respond\"]}]},{\"@type\":\"WebPage\",\"@id\":\"https:\\\/\\\/janze-athletisme.fr\\\/wordpress\\\/test-vma-de-debut-de-saison-2\\\/\",\"url\":\"https:\\\/\\\/janze-athletisme.fr\\\/wordpress\\\/test-vma-de-debut-de-saison-2\\\/\",\"name\":\"TEST VMA DE DEBUT DE SAISON - Janz\u00e9 Athl\u00e9tisme\",\"isPartOf\":{\"@id\":\"https:\\\/\\\/janze-athletisme.fr\\\/wordpress\\\/#website\"},\"primaryImageOfPage\":{\"@id\":\"https:\\\/\\\/janze-athletisme.fr\\\/wordpress\\\/test-vma-de-debut-de-saison-2\\\/#primaryimage\"},\"image\":{\"@id\":\"https:\\\/\\\/janze-athletisme.fr\\\/wordpress\\\/test-vma-de-debut-de-saison-2\\\/#primaryimage\"},\"thumbnailUrl\":\"https:\\\/\\\/janze-athletisme.fr\\\/wordpress\\\/wp-content\\\/uploads\\\/2020\\\/10\\\/2020_10_07_21_06_48_Test_VAMEVAL_Beaumont_Athletique_Club_Vivaldi-300x184.png\",\"datePublished\":\"2020-10-07T19:15:24+00:00\",\"dateModified\":\"2020-10-07T19:22:55+00:00\",\"breadcrumb\":{\"@id\":\"https:\\\/\\\/janze-athletisme.fr\\\/wordpress\\\/test-vma-de-debut-de-saison-2\\\/#breadcrumb\"},\"inLanguage\":\"fr-FR\",\"potentialAction\":[{\"@type\":\"ReadAction\",\"target\":[\"https:\\\/\\\/janze-athletisme.fr\\\/wordpress\\\/test-vma-de-debut-de-saison-2\\\/\"]}]},{\"@type\":\"ImageObject\",\"inLanguage\":\"fr-FR\",\"@id\":\"https:\\\/\\\/janze-athletisme.fr\\\/wordpress\\\/test-vma-de-debut-de-saison-2\\\/#primaryimage\",\"url\":\"https:\\\/\\\/janze-athletisme.fr\\\/wordpress\\\/wp-content\\\/uploads\\\/2020\\\/10\\\/2020_10_07_21_06_48_Test_VAMEVAL_Beaumont_Athletique_Club_Vivaldi.png\",\"contentUrl\":\"https:\\\/\\\/janze-athletisme.fr\\\/wordpress\\\/wp-content\\\/uploads\\\/2020\\\/10\\\/2020_10_07_21_06_48_Test_VAMEVAL_Beaumont_Athletique_Club_Vivaldi.png\",\"width\":655,\"height\":401},{\"@type\":\"BreadcrumbList\",\"@id\":\"https:\\\/\\\/janze-athletisme.fr\\\/wordpress\\\/test-vma-de-debut-de-saison-2\\\/#breadcrumb\",\"itemListElement\":[{\"@type\":\"ListItem\",\"position\":1,\"name\":\"Accueil\",\"item\":\"https:\\\/\\\/janze-athletisme.fr\\\/wordpress\\\/\"},{\"@type\":\"ListItem\",\"position\":2,\"name\":\"TEST VMA DE DEBUT DE SAISON\"}]},{\"@type\":\"WebSite\",\"@id\":\"https:\\\/\\\/janze-athletisme.fr\\\/wordpress\\\/#website\",\"url\":\"https:\\\/\\\/janze-athletisme.fr\\\/wordpress\\\/\",\"name\":\"Janz\u00e9 Athl\u00e9tisme\",\"description\":\"Pays de La Roche aux F\u00e9es\",\"publisher\":{\"@id\":\"https:\\\/\\\/janze-athletisme.fr\\\/wordpress\\\/#organization\"},\"potentialAction\":[{\"@type\":\"SearchAction\",\"target\":{\"@type\":\"EntryPoint\",\"urlTemplate\":\"https:\\\/\\\/janze-athletisme.fr\\\/wordpress\\\/?s={search_term_string}\"},\"query-input\":{\"@type\":\"PropertyValueSpecification\",\"valueRequired\":true,\"valueName\":\"search_term_string\"}}],\"inLanguage\":\"fr-FR\"},{\"@type\":\"Organization\",\"@id\":\"https:\\\/\\\/janze-athletisme.fr\\\/wordpress\\\/#organization\",\"name\":\"Janz\u00e9 Athl\u00e9tisme\",\"url\":\"https:\\\/\\\/janze-athletisme.fr\\\/wordpress\\\/\",\"logo\":{\"@type\":\"ImageObject\",\"inLanguage\":\"fr-FR\",\"@id\":\"https:\\\/\\\/janze-athletisme.fr\\\/wordpress\\\/#\\\/schema\\\/logo\\\/image\\\/\",\"url\":\"https:\\\/\\\/janze-athletisme.fr\\\/wordpress\\\/wp-content\\\/uploads\\\/2015\\\/03\\\/logo-full1.jpg\",\"contentUrl\":\"https:\\\/\\\/janze-athletisme.fr\\\/wordpress\\\/wp-content\\\/uploads\\\/2015\\\/03\\\/logo-full1.jpg\",\"width\":437,\"height\":205,\"caption\":\"Janz\u00e9 Athl\u00e9tisme\"},\"image\":{\"@id\":\"https:\\\/\\\/janze-athletisme.fr\\\/wordpress\\\/#\\\/schema\\\/logo\\\/image\\\/\"},\"sameAs\":[\"https:\\\/\\\/www.facebook.com\\\/groups\\\/1007964579346590\"]},{\"@type\":\"Person\",\"@id\":\"https:\\\/\\\/janze-athletisme.fr\\\/wordpress\\\/#\\\/schema\\\/person\\\/ad234bf8b030bd31c125b82a1ec33854\",\"name\":\"Franck Le Charpentier\",\"image\":{\"@type\":\"ImageObject\",\"inLanguage\":\"fr-FR\",\"@id\":\"https:\\\/\\\/secure.gravatar.com\\\/avatar\\\/fc189bc59f11679dc3da275ba96286a31423dc69df2d485d065331065a446964?s=96&d=mm&r=g\",\"url\":\"https:\\\/\\\/secure.gravatar.com\\\/avatar\\\/fc189bc59f11679dc3da275ba96286a31423dc69df2d485d065331065a446964?s=96&d=mm&r=g\",\"contentUrl\":\"https:\\\/\\\/secure.gravatar.com\\\/avatar\\\/fc189bc59f11679dc3da275ba96286a31423dc69df2d485d065331065a446964?s=96&d=mm&r=g\",\"caption\":\"Franck Le Charpentier\"},\"url\":\"https:\\\/\\\/janze-athletisme.fr\\\/wordpress\\\/author\\\/francklec\\\/\"}]}<\/script>\n<!-- \/ Yoast SEO plugin. -->","yoast_head_json":{"title":"TEST VMA DE DEBUT DE SAISON - Janz\u00e9 Athl\u00e9tisme","robots":{"index":"index","follow":"follow","max-snippet":"max-snippet:-1","max-image-preview":"max-image-preview:large","max-video-preview":"max-video-preview:-1"},"canonical":"https:\/\/janze-athletisme.fr\/wordpress\/test-vma-de-debut-de-saison-2\/","og_locale":"fr_FR","og_type":"article","og_title":"TEST VMA DE DEBUT DE SAISON - Janz\u00e9 Athl\u00e9tisme","og_description":"le test VMA de d\u00e9but de saison se d\u00e9roulera mardi 13 Octobre 2020 rdv \u00e0 19h00 au stade\u00a0Louis Lecoq attention, pas d&rsquo;\u00e9chauffement le test d\u00e9marre \u00e0 froid ! Le protocole sanitaire covid19 reste identique aux autres s\u00e9ances d&rsquo;entrainement &nbsp; &nbsp;","og_url":"https:\/\/janze-athletisme.fr\/wordpress\/test-vma-de-debut-de-saison-2\/","og_site_name":"Janz\u00e9 Athl\u00e9tisme","article_publisher":"https:\/\/www.facebook.com\/groups\/1007964579346590","article_published_time":"2020-10-07T19:15:24+00:00","article_modified_time":"2020-10-07T19:22:55+00:00","og_image":[{"url":"https:\/\/janze-athletisme.fr\/wordpress\/wp-content\/uploads\/2020\/10\/2020_10_07_21_06_48_Test_VAMEVAL_Beaumont_Athletique_Club_Vivaldi-300x184.png","type":"","width":"","height":""}],"author":"Franck Le Charpentier","twitter_card":"summary_large_image","twitter_misc":{"\u00c9crit par":"Franck Le Charpentier"},"schema":{"@context":"https:\/\/schema.org","@graph":[{"@type":"Article","@id":"https:\/\/janze-athletisme.fr\/wordpress\/test-vma-de-debut-de-saison-2\/#article","isPartOf":{"@id":"https:\/\/janze-athletisme.fr\/wordpress\/test-vma-de-debut-de-saison-2\/"},"author":{"name":"Franck Le Charpentier","@id":"https:\/\/janze-athletisme.fr\/wordpress\/#\/schema\/person\/ad234bf8b030bd31c125b82a1ec33854"},"headline":"TEST VMA DE DEBUT DE SAISON","datePublished":"2020-10-07T19:15:24+00:00","dateModified":"2020-10-07T19:22:55+00:00","mainEntityOfPage":{"@id":"https:\/\/janze-athletisme.fr\/wordpress\/test-vma-de-debut-de-saison-2\/"},"wordCount":48,"commentCount":0,"publisher":{"@id":"https:\/\/janze-athletisme.fr\/wordpress\/#organization"},"image":{"@id":"https:\/\/janze-athletisme.fr\/wordpress\/test-vma-de-debut-de-saison-2\/#primaryimage"},"thumbnailUrl":"https:\/\/janze-athletisme.fr\/wordpress\/wp-content\/uploads\/2020\/10\/2020_10_07_21_06_48_Test_VAMEVAL_Beaumont_Athletique_Club_Vivaldi-300x184.png","articleSection":["Le club au jour le jour"],"inLanguage":"fr-FR","potentialAction":[{"@type":"CommentAction","name":"Comment","target":["https:\/\/janze-athletisme.fr\/wordpress\/test-vma-de-debut-de-saison-2\/#respond"]}]},{"@type":"WebPage","@id":"https:\/\/janze-athletisme.fr\/wordpress\/test-vma-de-debut-de-saison-2\/","url":"https:\/\/janze-athletisme.fr\/wordpress\/test-vma-de-debut-de-saison-2\/","name":"TEST VMA DE DEBUT DE SAISON - Janz\u00e9 Athl\u00e9tisme","isPartOf":{"@id":"https:\/\/janze-athletisme.fr\/wordpress\/#website"},"primaryImageOfPage":{"@id":"https:\/\/janze-athletisme.fr\/wordpress\/test-vma-de-debut-de-saison-2\/#primaryimage"},"image":{"@id":"https:\/\/janze-athletisme.fr\/wordpress\/test-vma-de-debut-de-saison-2\/#primaryimage"},"thumbnailUrl":"https:\/\/janze-athletisme.fr\/wordpress\/wp-content\/uploads\/2020\/10\/2020_10_07_21_06_48_Test_VAMEVAL_Beaumont_Athletique_Club_Vivaldi-300x184.png","datePublished":"2020-10-07T19:15:24+00:00","dateModified":"2020-10-07T19:22:55+00:00","breadcrumb":{"@id":"https:\/\/janze-athletisme.fr\/wordpress\/test-vma-de-debut-de-saison-2\/#breadcrumb"},"inLanguage":"fr-FR","potentialAction":[{"@type":"ReadAction","target":["https:\/\/janze-athletisme.fr\/wordpress\/test-vma-de-debut-de-saison-2\/"]}]},{"@type":"ImageObject","inLanguage":"fr-FR","@id":"https:\/\/janze-athletisme.fr\/wordpress\/test-vma-de-debut-de-saison-2\/#primaryimage","url":"https:\/\/janze-athletisme.fr\/wordpress\/wp-content\/uploads\/2020\/10\/2020_10_07_21_06_48_Test_VAMEVAL_Beaumont_Athletique_Club_Vivaldi.png","contentUrl":"https:\/\/janze-athletisme.fr\/wordpress\/wp-content\/uploads\/2020\/10\/2020_10_07_21_06_48_Test_VAMEVAL_Beaumont_Athletique_Club_Vivaldi.png","width":655,"height":401},{"@type":"BreadcrumbList","@id":"https:\/\/janze-athletisme.fr\/wordpress\/test-vma-de-debut-de-saison-2\/#breadcrumb","itemListElement":[{"@type":"ListItem","position":1,"name":"Accueil","item":"https:\/\/janze-athletisme.fr\/wordpress\/"},{"@type":"ListItem","position":2,"name":"TEST VMA DE DEBUT DE SAISON"}]},{"@type":"WebSite","@id":"https:\/\/janze-athletisme.fr\/wordpress\/#website","url":"https:\/\/janze-athletisme.fr\/wordpress\/","name":"Janz\u00e9 Athl\u00e9tisme","description":"Pays de La Roche aux F\u00e9es","publisher":{"@id":"https:\/\/janze-athletisme.fr\/wordpress\/#organization"},"potentialAction":[{"@type":"SearchAction","target":{"@type":"EntryPoint","urlTemplate":"https:\/\/janze-athletisme.fr\/wordpress\/?s={search_term_string}"},"query-input":{"@type":"PropertyValueSpecification","valueRequired":true,"valueName":"search_term_string"}}],"inLanguage":"fr-FR"},{"@type":"Organization","@id":"https:\/\/janze-athletisme.fr\/wordpress\/#organization","name":"Janz\u00e9 Athl\u00e9tisme","url":"https:\/\/janze-athletisme.fr\/wordpress\/","logo":{"@type":"ImageObject","inLanguage":"fr-FR","@id":"https:\/\/janze-athletisme.fr\/wordpress\/#\/schema\/logo\/image\/","url":"https:\/\/janze-athletisme.fr\/wordpress\/wp-content\/uploads\/2015\/03\/logo-full1.jpg","contentUrl":"https:\/\/janze-athletisme.fr\/wordpress\/wp-content\/uploads\/2015\/03\/logo-full1.jpg","width":437,"height":205,"caption":"Janz\u00e9 Athl\u00e9tisme"},"image":{"@id":"https:\/\/janze-athletisme.fr\/wordpress\/#\/schema\/logo\/image\/"},"sameAs":["https:\/\/www.facebook.com\/groups\/1007964579346590"]},{"@type":"Person","@id":"https:\/\/janze-athletisme.fr\/wordpress\/#\/schema\/person\/ad234bf8b030bd31c125b82a1ec33854","name":"Franck Le Charpentier","image":{"@type":"ImageObject","inLanguage":"fr-FR","@id":"https:\/\/secure.gravatar.com\/avatar\/fc189bc59f11679dc3da275ba96286a31423dc69df2d485d065331065a446964?s=96&d=mm&r=g","url":"https:\/\/secure.gravatar.com\/avatar\/fc189bc59f11679dc3da275ba96286a31423dc69df2d485d065331065a446964?s=96&d=mm&r=g","contentUrl":"https:\/\/secure.gravatar.com\/avatar\/fc189bc59f11679dc3da275ba96286a31423dc69df2d485d065331065a446964?s=96&d=mm&r=g","caption":"Franck Le Charpentier"},"url":"https:\/\/janze-athletisme.fr\/wordpress\/author\/francklec\/"}]}},"uagb_featured_image_src":{"full":false,"thumbnail":false,"medium":false,"medium_large":false,"large":false,"1536x1536":false,"2048x2048":false},"uagb_author_info":{"display_name":"Franck Le Charpentier","author_link":"https:\/\/janze-athletisme.fr\/wordpress\/author\/francklec\/"},"uagb_comment_info":0,"uagb_excerpt":"le test VMA de d\u00e9but de saison se d\u00e9roulera mardi 13 Octobre 2020 rdv \u00e0 19h00 au stade\u00a0Louis Lecoq attention, pas d&rsquo;\u00e9chauffement le test d\u00e9marre \u00e0 froid ! Le protocole sanitaire covid19 reste identique aux autres s\u00e9ances d&rsquo;entrainement &nbsp; &nbsp;","_links":{"self":[{"href":"https:\/\/janze-athletisme.fr\/wordpress\/wp-json\/wp\/v2\/posts\/6795","targetHints":{"allow":["GET"]}}],"collection":[{"href":"https:\/\/janze-athletisme.fr\/wordpress\/wp-json\/wp\/v2\/posts"}],"about":[{"href":"https:\/\/janze-athletisme.fr\/wordpress\/wp-json\/wp\/v2\/types\/post"}],"author":[{"embeddable":true,"href":"https:\/\/janze-athletisme.fr\/wordpress\/wp-json\/wp\/v2\/users\/9"}],"replies":[{"embeddable":true,"href":"https:\/\/janze-athletisme.fr\/wordpress\/wp-json\/wp\/v2\/comments?post=6795"}],"version-history":[{"count":6,"href":"https:\/\/janze-athletisme.fr\/wordpress\/wp-json\/wp\/v2\/posts\/6795\/revisions"}],"predecessor-version":[{"id":6802,"href":"https:\/\/janze-athletisme.fr\/wordpress\/wp-json\/wp\/v2\/posts\/6795\/revisions\/6802"}],"wp:attachment":[{"href":"https:\/\/janze-athletisme.fr\/wordpress\/wp-json\/wp\/v2\/media?parent=6795"}],"wp:term":[{"taxonomy":"category","embeddable":true,"href":"https:\/\/janze-athletisme.fr\/wordpress\/wp-json\/wp\/v2\/categories?post=6795"},{"taxonomy":"post_tag","embeddable":true,"href":"https:\/\/janze-athletisme.fr\/wordpress\/wp-json\/wp\/v2\/tags?post=6795"}],"curies":[{"name":"wp","href":"https:\/\/api.w.org\/{rel}","templated":true}]}}