{"id":667,"date":"2015-05-31T16:14:39","date_gmt":"2015-05-31T14:14:39","guid":{"rendered":"http:\/\/janze-athletisme.fr\/wordpress\/?p=667"},"modified":"2015-05-31T16:16:10","modified_gmt":"2015-05-31T14:16:10","slug":"hors-stade-5","status":"publish","type":"post","link":"https:\/\/janze-athletisme.fr\/wordpress\/hors-stade-5\/","title":{"rendered":"Hors Stade"},"content":{"rendered":"<h2 style=\"text-align: center;\"><span style=\"text-decoration: underline;\"><strong><span style=\"color: #000000; text-decoration: underline;\">Foul\u00e9es Retiers 24\/05\/2015<\/span><\/strong><\/span><\/h2>\n<p><span style=\"color: #000000;\">13 Janz\u00e9ens avaient fait le court d\u00e9placement chez nos amis de Retiers. Une premi\u00e8re cette saison avec <strong>V\u00e9ronique<\/strong> et <strong>Delphine<\/strong> sur le m\u00eame podium et chez les hommes <strong>Christian<\/strong>, <strong>Jean-Paul<\/strong> et <strong>Jean-Michel<\/strong>.\u00a0<\/span><\/p>\n<p>[ws_table id=\u00a0\u00bb39&Prime;]<\/p>\n","protected":false},"excerpt":{"rendered":"<p>Foul\u00e9es Retiers 24\/05\/2015 13 Janz\u00e9ens avaient fait le court d\u00e9placement chez nos amis de Retiers. Une premi\u00e8re cette saison avec V\u00e9ronique et Delphine sur le m\u00eame podium et chez les hommes Christian, Jean-Paul et Jean-Michel.\u00a0 [ws_table id=\u00a0\u00bb39&Prime;]<\/p>\n","protected":false},"author":4,"featured_media":0,"comment_status":"open","ping_status":"open","sticky":false,"template":"","format":"aside","meta":{"_uag_custom_page_level_css":"","site-sidebar-layout":"default","site-content-layout":"","ast-site-content-layout":"default","site-content-style":"default","site-sidebar-style":"default","ast-global-header-display":"","ast-banner-title-visibility":"","ast-main-header-display":"","ast-hfb-above-header-display":"","ast-hfb-below-header-display":"","ast-hfb-mobile-header-display":"","site-post-title":"","ast-breadcrumbs-content":"","ast-featured-img":"","footer-sml-layout":"","ast-disable-related-posts":"","theme-transparent-header-meta":"","adv-header-id-meta":"","stick-header-meta":"","header-above-stick-meta":"","header-main-stick-meta":"","header-below-stick-meta":"","astra-migrate-meta-layouts":"default","ast-page-background-enabled":"default","ast-page-background-meta":{"desktop":{"background-color":"var(--ast-global-color-4)","background-image":"","background-repeat":"repeat","background-position":"center center","background-size":"auto","background-attachment":"scroll","background-type":"","background-media":"","overlay-type":"","overlay-color":"","overlay-opacity":"","overlay-gradient":""},"tablet":{"background-color":"","background-image":"","background-repeat":"repeat","background-position":"center center","background-size":"auto","background-attachment":"scroll","background-type":"","background-media":"","overlay-type":"","overlay-color":"","overlay-opacity":"","overlay-gradient":""},"mobile":{"background-color":"","background-image":"","background-repeat":"repeat","background-position":"center center","background-size":"auto","background-attachment":"scroll","background-type":"","background-media":"","overlay-type":"","overlay-color":"","overlay-opacity":"","overlay-gradient":""}},"ast-content-background-meta":{"desktop":{"background-color":"var(--ast-global-color-5)","background-image":"","background-repeat":"repeat","background-position":"center center","background-size":"auto","background-attachment":"scroll","background-type":"","background-media":"","overlay-type":"","overlay-color":"","overlay-opacity":"","overlay-gradient":""},"tablet":{"background-color":"var(--ast-global-color-5)","background-image":"","background-repeat":"repeat","background-position":"center center","background-size":"auto","background-attachment":"scroll","background-type":"","background-media":"","overlay-type":"","overlay-color":"","overlay-opacity":"","overlay-gradient":""},"mobile":{"background-color":"var(--ast-global-color-5)","background-image":"","background-repeat":"repeat","background-position":"center center","background-size":"auto","background-attachment":"scroll","background-type":"","background-media":"","overlay-type":"","overlay-color":"","overlay-opacity":"","overlay-gradient":""}},"footnotes":""},"categories":[6],"tags":[],"class_list":["post-667","post","type-post","status-publish","format-aside","hentry","category-sections","post_format-post-format-aside"],"yoast_head":"<!-- This site is optimized with the Yoast SEO plugin v27.4 - https:\/\/yoast.com\/product\/yoast-seo-wordpress\/ -->\n<title>Hors Stade - Janz\u00e9 Athl\u00e9tisme<\/title>\n<meta name=\"robots\" content=\"index, follow, max-snippet:-1, max-image-preview:large, max-video-preview:-1\" \/>\n<link rel=\"canonical\" href=\"https:\/\/janze-athletisme.fr\/wordpress\/hors-stade-5\/\" \/>\n<meta property=\"og:locale\" content=\"fr_FR\" \/>\n<meta property=\"og:type\" content=\"article\" \/>\n<meta property=\"og:title\" content=\"Hors Stade - Janz\u00e9 Athl\u00e9tisme\" \/>\n<meta property=\"og:description\" content=\"Foul\u00e9es Retiers 24\/05\/2015 13 Janz\u00e9ens avaient fait le court d\u00e9placement chez nos amis de Retiers. Une premi\u00e8re cette saison avec V\u00e9ronique et Delphine sur le m\u00eame podium et chez les hommes Christian, Jean-Paul et Jean-Michel.\u00a0 [ws_table id=\u00a0\u00bb39&Prime;]\" \/>\n<meta property=\"og:url\" content=\"https:\/\/janze-athletisme.fr\/wordpress\/hors-stade-5\/\" \/>\n<meta property=\"og:site_name\" content=\"Janz\u00e9 Athl\u00e9tisme\" \/>\n<meta property=\"article:publisher\" content=\"https:\/\/www.facebook.com\/groups\/1007964579346590\" \/>\n<meta property=\"article:published_time\" content=\"2015-05-31T14:14:39+00:00\" \/>\n<meta property=\"article:modified_time\" content=\"2015-05-31T14:16:10+00:00\" \/>\n<meta name=\"author\" content=\"Anthony\" \/>\n<meta name=\"twitter:card\" content=\"summary_large_image\" \/>\n<meta name=\"twitter:label1\" content=\"\u00c9crit par\" \/>\n\t<meta name=\"twitter:data1\" content=\"Anthony\" \/>\n<script type=\"application\/ld+json\" class=\"yoast-schema-graph\">{\"@context\":\"https:\\\/\\\/schema.org\",\"@graph\":[{\"@type\":\"Article\",\"@id\":\"https:\\\/\\\/janze-athletisme.fr\\\/wordpress\\\/hors-stade-5\\\/#article\",\"isPartOf\":{\"@id\":\"https:\\\/\\\/janze-athletisme.fr\\\/wordpress\\\/hors-stade-5\\\/\"},\"author\":{\"name\":\"Anthony\",\"@id\":\"https:\\\/\\\/janze-athletisme.fr\\\/wordpress\\\/#\\\/schema\\\/person\\\/525a6358d0c70a5cca90d6e8619f0453\"},\"headline\":\"Hors Stade\",\"datePublished\":\"2015-05-31T14:14:39+00:00\",\"dateModified\":\"2015-05-31T14:16:10+00:00\",\"mainEntityOfPage\":{\"@id\":\"https:\\\/\\\/janze-athletisme.fr\\\/wordpress\\\/hors-stade-5\\\/\"},\"wordCount\":44,\"commentCount\":0,\"publisher\":{\"@id\":\"https:\\\/\\\/janze-athletisme.fr\\\/wordpress\\\/#organization\"},\"articleSection\":[\"Le club au jour le jour\"],\"inLanguage\":\"fr-FR\",\"potentialAction\":[{\"@type\":\"CommentAction\",\"name\":\"Comment\",\"target\":[\"https:\\\/\\\/janze-athletisme.fr\\\/wordpress\\\/hors-stade-5\\\/#respond\"]}]},{\"@type\":\"WebPage\",\"@id\":\"https:\\\/\\\/janze-athletisme.fr\\\/wordpress\\\/hors-stade-5\\\/\",\"url\":\"https:\\\/\\\/janze-athletisme.fr\\\/wordpress\\\/hors-stade-5\\\/\",\"name\":\"Hors Stade - Janz\u00e9 Athl\u00e9tisme\",\"isPartOf\":{\"@id\":\"https:\\\/\\\/janze-athletisme.fr\\\/wordpress\\\/#website\"},\"datePublished\":\"2015-05-31T14:14:39+00:00\",\"dateModified\":\"2015-05-31T14:16:10+00:00\",\"breadcrumb\":{\"@id\":\"https:\\\/\\\/janze-athletisme.fr\\\/wordpress\\\/hors-stade-5\\\/#breadcrumb\"},\"inLanguage\":\"fr-FR\",\"potentialAction\":[{\"@type\":\"ReadAction\",\"target\":[\"https:\\\/\\\/janze-athletisme.fr\\\/wordpress\\\/hors-stade-5\\\/\"]}]},{\"@type\":\"BreadcrumbList\",\"@id\":\"https:\\\/\\\/janze-athletisme.fr\\\/wordpress\\\/hors-stade-5\\\/#breadcrumb\",\"itemListElement\":[{\"@type\":\"ListItem\",\"position\":1,\"name\":\"Accueil\",\"item\":\"https:\\\/\\\/janze-athletisme.fr\\\/wordpress\\\/\"},{\"@type\":\"ListItem\",\"position\":2,\"name\":\"Hors Stade\"}]},{\"@type\":\"WebSite\",\"@id\":\"https:\\\/\\\/janze-athletisme.fr\\\/wordpress\\\/#website\",\"url\":\"https:\\\/\\\/janze-athletisme.fr\\\/wordpress\\\/\",\"name\":\"Janz\u00e9 Athl\u00e9tisme\",\"description\":\"Pays de La Roche aux F\u00e9es\",\"publisher\":{\"@id\":\"https:\\\/\\\/janze-athletisme.fr\\\/wordpress\\\/#organization\"},\"potentialAction\":[{\"@type\":\"SearchAction\",\"target\":{\"@type\":\"EntryPoint\",\"urlTemplate\":\"https:\\\/\\\/janze-athletisme.fr\\\/wordpress\\\/?s={search_term_string}\"},\"query-input\":{\"@type\":\"PropertyValueSpecification\",\"valueRequired\":true,\"valueName\":\"search_term_string\"}}],\"inLanguage\":\"fr-FR\"},{\"@type\":\"Organization\",\"@id\":\"https:\\\/\\\/janze-athletisme.fr\\\/wordpress\\\/#organization\",\"name\":\"Janz\u00e9 Athl\u00e9tisme\",\"url\":\"https:\\\/\\\/janze-athletisme.fr\\\/wordpress\\\/\",\"logo\":{\"@type\":\"ImageObject\",\"inLanguage\":\"fr-FR\",\"@id\":\"https:\\\/\\\/janze-athletisme.fr\\\/wordpress\\\/#\\\/schema\\\/logo\\\/image\\\/\",\"url\":\"https:\\\/\\\/janze-athletisme.fr\\\/wordpress\\\/wp-content\\\/uploads\\\/2015\\\/03\\\/logo-full1.jpg\",\"contentUrl\":\"https:\\\/\\\/janze-athletisme.fr\\\/wordpress\\\/wp-content\\\/uploads\\\/2015\\\/03\\\/logo-full1.jpg\",\"width\":437,\"height\":205,\"caption\":\"Janz\u00e9 Athl\u00e9tisme\"},\"image\":{\"@id\":\"https:\\\/\\\/janze-athletisme.fr\\\/wordpress\\\/#\\\/schema\\\/logo\\\/image\\\/\"},\"sameAs\":[\"https:\\\/\\\/www.facebook.com\\\/groups\\\/1007964579346590\"]},{\"@type\":\"Person\",\"@id\":\"https:\\\/\\\/janze-athletisme.fr\\\/wordpress\\\/#\\\/schema\\\/person\\\/525a6358d0c70a5cca90d6e8619f0453\",\"name\":\"Anthony\",\"image\":{\"@type\":\"ImageObject\",\"inLanguage\":\"fr-FR\",\"@id\":\"https:\\\/\\\/secure.gravatar.com\\\/avatar\\\/532191f4fe4dd4049862f967bad2fe3582467d09a23b1e5c976a11e7665d2423?s=96&d=mm&r=g\",\"url\":\"https:\\\/\\\/secure.gravatar.com\\\/avatar\\\/532191f4fe4dd4049862f967bad2fe3582467d09a23b1e5c976a11e7665d2423?s=96&d=mm&r=g\",\"contentUrl\":\"https:\\\/\\\/secure.gravatar.com\\\/avatar\\\/532191f4fe4dd4049862f967bad2fe3582467d09a23b1e5c976a11e7665d2423?s=96&d=mm&r=g\",\"caption\":\"Anthony\"},\"url\":\"https:\\\/\\\/janze-athletisme.fr\\\/wordpress\\\/author\\\/anjuvin\\\/\"}]}<\/script>\n<!-- \/ Yoast SEO plugin. -->","yoast_head_json":{"title":"Hors Stade - Janz\u00e9 Athl\u00e9tisme","robots":{"index":"index","follow":"follow","max-snippet":"max-snippet:-1","max-image-preview":"max-image-preview:large","max-video-preview":"max-video-preview:-1"},"canonical":"https:\/\/janze-athletisme.fr\/wordpress\/hors-stade-5\/","og_locale":"fr_FR","og_type":"article","og_title":"Hors Stade - Janz\u00e9 Athl\u00e9tisme","og_description":"Foul\u00e9es Retiers 24\/05\/2015 13 Janz\u00e9ens avaient fait le court d\u00e9placement chez nos amis de Retiers. Une premi\u00e8re cette saison avec V\u00e9ronique et Delphine sur le m\u00eame podium et chez les hommes Christian, Jean-Paul et Jean-Michel.\u00a0 [ws_table id=\u00a0\u00bb39&Prime;]","og_url":"https:\/\/janze-athletisme.fr\/wordpress\/hors-stade-5\/","og_site_name":"Janz\u00e9 Athl\u00e9tisme","article_publisher":"https:\/\/www.facebook.com\/groups\/1007964579346590","article_published_time":"2015-05-31T14:14:39+00:00","article_modified_time":"2015-05-31T14:16:10+00:00","author":"Anthony","twitter_card":"summary_large_image","twitter_misc":{"\u00c9crit par":"Anthony"},"schema":{"@context":"https:\/\/schema.org","@graph":[{"@type":"Article","@id":"https:\/\/janze-athletisme.fr\/wordpress\/hors-stade-5\/#article","isPartOf":{"@id":"https:\/\/janze-athletisme.fr\/wordpress\/hors-stade-5\/"},"author":{"name":"Anthony","@id":"https:\/\/janze-athletisme.fr\/wordpress\/#\/schema\/person\/525a6358d0c70a5cca90d6e8619f0453"},"headline":"Hors Stade","datePublished":"2015-05-31T14:14:39+00:00","dateModified":"2015-05-31T14:16:10+00:00","mainEntityOfPage":{"@id":"https:\/\/janze-athletisme.fr\/wordpress\/hors-stade-5\/"},"wordCount":44,"commentCount":0,"publisher":{"@id":"https:\/\/janze-athletisme.fr\/wordpress\/#organization"},"articleSection":["Le club au jour le jour"],"inLanguage":"fr-FR","potentialAction":[{"@type":"CommentAction","name":"Comment","target":["https:\/\/janze-athletisme.fr\/wordpress\/hors-stade-5\/#respond"]}]},{"@type":"WebPage","@id":"https:\/\/janze-athletisme.fr\/wordpress\/hors-stade-5\/","url":"https:\/\/janze-athletisme.fr\/wordpress\/hors-stade-5\/","name":"Hors Stade - Janz\u00e9 Athl\u00e9tisme","isPartOf":{"@id":"https:\/\/janze-athletisme.fr\/wordpress\/#website"},"datePublished":"2015-05-31T14:14:39+00:00","dateModified":"2015-05-31T14:16:10+00:00","breadcrumb":{"@id":"https:\/\/janze-athletisme.fr\/wordpress\/hors-stade-5\/#breadcrumb"},"inLanguage":"fr-FR","potentialAction":[{"@type":"ReadAction","target":["https:\/\/janze-athletisme.fr\/wordpress\/hors-stade-5\/"]}]},{"@type":"BreadcrumbList","@id":"https:\/\/janze-athletisme.fr\/wordpress\/hors-stade-5\/#breadcrumb","itemListElement":[{"@type":"ListItem","position":1,"name":"Accueil","item":"https:\/\/janze-athletisme.fr\/wordpress\/"},{"@type":"ListItem","position":2,"name":"Hors Stade"}]},{"@type":"WebSite","@id":"https:\/\/janze-athletisme.fr\/wordpress\/#website","url":"https:\/\/janze-athletisme.fr\/wordpress\/","name":"Janz\u00e9 Athl\u00e9tisme","description":"Pays de La Roche aux F\u00e9es","publisher":{"@id":"https:\/\/janze-athletisme.fr\/wordpress\/#organization"},"potentialAction":[{"@type":"SearchAction","target":{"@type":"EntryPoint","urlTemplate":"https:\/\/janze-athletisme.fr\/wordpress\/?s={search_term_string}"},"query-input":{"@type":"PropertyValueSpecification","valueRequired":true,"valueName":"search_term_string"}}],"inLanguage":"fr-FR"},{"@type":"Organization","@id":"https:\/\/janze-athletisme.fr\/wordpress\/#organization","name":"Janz\u00e9 Athl\u00e9tisme","url":"https:\/\/janze-athletisme.fr\/wordpress\/","logo":{"@type":"ImageObject","inLanguage":"fr-FR","@id":"https:\/\/janze-athletisme.fr\/wordpress\/#\/schema\/logo\/image\/","url":"https:\/\/janze-athletisme.fr\/wordpress\/wp-content\/uploads\/2015\/03\/logo-full1.jpg","contentUrl":"https:\/\/janze-athletisme.fr\/wordpress\/wp-content\/uploads\/2015\/03\/logo-full1.jpg","width":437,"height":205,"caption":"Janz\u00e9 Athl\u00e9tisme"},"image":{"@id":"https:\/\/janze-athletisme.fr\/wordpress\/#\/schema\/logo\/image\/"},"sameAs":["https:\/\/www.facebook.com\/groups\/1007964579346590"]},{"@type":"Person","@id":"https:\/\/janze-athletisme.fr\/wordpress\/#\/schema\/person\/525a6358d0c70a5cca90d6e8619f0453","name":"Anthony","image":{"@type":"ImageObject","inLanguage":"fr-FR","@id":"https:\/\/secure.gravatar.com\/avatar\/532191f4fe4dd4049862f967bad2fe3582467d09a23b1e5c976a11e7665d2423?s=96&d=mm&r=g","url":"https:\/\/secure.gravatar.com\/avatar\/532191f4fe4dd4049862f967bad2fe3582467d09a23b1e5c976a11e7665d2423?s=96&d=mm&r=g","contentUrl":"https:\/\/secure.gravatar.com\/avatar\/532191f4fe4dd4049862f967bad2fe3582467d09a23b1e5c976a11e7665d2423?s=96&d=mm&r=g","caption":"Anthony"},"url":"https:\/\/janze-athletisme.fr\/wordpress\/author\/anjuvin\/"}]}},"uagb_featured_image_src":{"full":false,"thumbnail":false,"medium":false,"medium_large":false,"large":false,"1536x1536":false,"2048x2048":false},"uagb_author_info":{"display_name":"Anthony","author_link":"https:\/\/janze-athletisme.fr\/wordpress\/author\/anjuvin\/"},"uagb_comment_info":0,"uagb_excerpt":"Foul\u00e9es Retiers 24\/05\/2015 13 Janz\u00e9ens avaient fait le court d\u00e9placement chez nos amis de Retiers. Une premi\u00e8re cette saison avec V\u00e9ronique et Delphine sur le m\u00eame podium et chez les hommes Christian, Jean-Paul et Jean-Michel.\u00a0 [ws_table id=\u00a0\u00bb39&Prime;]","_links":{"self":[{"href":"https:\/\/janze-athletisme.fr\/wordpress\/wp-json\/wp\/v2\/posts\/667","targetHints":{"allow":["GET"]}}],"collection":[{"href":"https:\/\/janze-athletisme.fr\/wordpress\/wp-json\/wp\/v2\/posts"}],"about":[{"href":"https:\/\/janze-athletisme.fr\/wordpress\/wp-json\/wp\/v2\/types\/post"}],"author":[{"embeddable":true,"href":"https:\/\/janze-athletisme.fr\/wordpress\/wp-json\/wp\/v2\/users\/4"}],"replies":[{"embeddable":true,"href":"https:\/\/janze-athletisme.fr\/wordpress\/wp-json\/wp\/v2\/comments?post=667"}],"version-history":[{"count":4,"href":"https:\/\/janze-athletisme.fr\/wordpress\/wp-json\/wp\/v2\/posts\/667\/revisions"}],"predecessor-version":[{"id":671,"href":"https:\/\/janze-athletisme.fr\/wordpress\/wp-json\/wp\/v2\/posts\/667\/revisions\/671"}],"wp:attachment":[{"href":"https:\/\/janze-athletisme.fr\/wordpress\/wp-json\/wp\/v2\/media?parent=667"}],"wp:term":[{"taxonomy":"category","embeddable":true,"href":"https:\/\/janze-athletisme.fr\/wordpress\/wp-json\/wp\/v2\/categories?post=667"},{"taxonomy":"post_tag","embeddable":true,"href":"https:\/\/janze-athletisme.fr\/wordpress\/wp-json\/wp\/v2\/tags?post=667"}],"curies":[{"name":"wp","href":"https:\/\/api.w.org\/{rel}","templated":true}]}}