{"id":6543,"date":"2020-03-09T22:02:44","date_gmt":"2020-03-09T21:02:44","guid":{"rendered":"https:\/\/janze-athletisme.fr\/wordpress\/?p=6543"},"modified":"2020-03-09T22:05:07","modified_gmt":"2020-03-09T21:05:07","slug":"10-km-davranches","status":"publish","type":"post","link":"https:\/\/janze-athletisme.fr\/wordpress\/10-km-davranches\/","title":{"rendered":"10 km d&rsquo;Avranches"},"content":{"rendered":"<h1 style=\"text-align: center;\"><strong><span style=\"text-decoration: underline; color: #ff0000;\">10 km d&rsquo;Avranches<\/span><\/strong><\/h1>\n<p><img decoding=\"async\" class=\"aligncenter\" src=\"https:\/\/janze-athletisme.fr\/wordpress\/wp-content\/uploads\/2020\/03\/87881241_10223157213664369_6322617684244561920_o.jpg\" alt=\"\" \/><\/p>\n<p><span style=\"color: #000000;\">La course \u00e0 pied va devenir plus difficile \u00e0 g\u00e9rer qu&rsquo;une p\u00e9nurie de carburants.\u00a0<\/span><\/p>\n<p><span style=\"color: #000000;\">D&rsquo;abord qualifi\u00e9s pour les France de cross, nos athl\u00e8tes ont vu leur r\u00eave virer en cauchemar \u00e0 cause de ce satan\u00e9 virus. A peine remis de nos \u00e9motions, on se dit &lsquo; Allez le 10 bornes de Quimper&rsquo;&#8230; d\u00e8s 9h00 le matin branle bas de combats, il faut vite s&rsquo;inscrire les places fondent comme neige au soleil&#8230; 9h15 ouffff on est tous inscrit&#8230;. 19h00 Quimper annul\u00e9&#8230; Bon ba tanpis dimanche ce sera soupe \u00e0 la grimace.<\/span><\/p>\n<p><span style=\"color: #000000;\">Non non et non, on ne peut pas terminer une saison de cross comme \u00e7a !! Filons \u00e0 Avranches&#8230; Vent, pluie, c\u00f4tes, descentes, une vraie m\u00e9t\u00e9o de cross. Sur la ligne de d\u00e9part il y avait du beau monde et nos Janz\u00e9ens Janz\u00e9ennes bavaient du sang tellement ils avaient la dalle \ud83d\ude00 .<\/span><\/p>\n<p><span style=\"color: #000000;\">A l&rsquo;arriv\u00e9e que de bons chronos avec 2 records perso pour <strong>Chlo\u00eb J<\/strong> et <strong>Zo\u00e9 D<\/strong>, et \u00e0 quelques secondes pour <strong>Aur\u00e9lie B<\/strong>, <strong>Fred B<\/strong> et notre <strong>Wilfrid<\/strong> National.\u00a0<\/span><\/p>\n<p><span style=\"color: #000000;\">Et encore une surprise, \u00e0 l&rsquo;annonce des r\u00e9sultats on entend que l&rsquo;EAC est sur le podium gr\u00e2ce \u00e0 ses f\u00e9minines par \u00e9quipe (<strong>Sol\u00e8ne C<\/strong>, <strong>Zo\u00e9 D<\/strong>, <strong>Chlo\u00eb J<\/strong>, <strong>Aur\u00e9lie B<\/strong>) qui termine \u00e0 une jolie 3\u00e8me place derri\u00e8re Mondeville et le Stade Rennais.<\/span><\/p>\n<p><span style=\"color: #000000;\">Une belle saison de cross qui se termine pas aussi bien que nous l&rsquo;aurions souhait\u00e9, mais malgr\u00e9 tout dans la joie et la bonne humeur \u00e0 l&rsquo;image de notre club.<\/span><\/p>\n<p style=\"text-align: center;\">[ws_table id=\u00a0\u00bb1012&Prime;]<\/p>\n","protected":false},"excerpt":{"rendered":"<p>10 km d&rsquo;Avranches La course \u00e0 pied va devenir plus difficile \u00e0 g\u00e9rer qu&rsquo;une p\u00e9nurie de carburants.\u00a0 D&rsquo;abord qualifi\u00e9s pour les France de cross, nos athl\u00e8tes ont vu leur r\u00eave virer en cauchemar \u00e0 cause de ce satan\u00e9 virus. A peine remis de nos \u00e9motions, on se dit &lsquo; Allez le 10 bornes de Quimper&rsquo;&#8230; [&hellip;]<\/p>\n","protected":false},"author":4,"featured_media":0,"comment_status":"open","ping_status":"open","sticky":false,"template":"","format":"aside","meta":{"_uag_custom_page_level_css":"","site-sidebar-layout":"default","site-content-layout":"","ast-site-content-layout":"default","site-content-style":"default","site-sidebar-style":"default","ast-global-header-display":"","ast-banner-title-visibility":"","ast-main-header-display":"","ast-hfb-above-header-display":"","ast-hfb-below-header-display":"","ast-hfb-mobile-header-display":"","site-post-title":"","ast-breadcrumbs-content":"","ast-featured-img":"","footer-sml-layout":"","ast-disable-related-posts":"","theme-transparent-header-meta":"","adv-header-id-meta":"","stick-header-meta":"","header-above-stick-meta":"","header-main-stick-meta":"","header-below-stick-meta":"","astra-migrate-meta-layouts":"default","ast-page-background-enabled":"default","ast-page-background-meta":{"desktop":{"background-color":"var(--ast-global-color-4)","background-image":"","background-repeat":"repeat","background-position":"center center","background-size":"auto","background-attachment":"scroll","background-type":"","background-media":"","overlay-type":"","overlay-color":"","overlay-opacity":"","overlay-gradient":""},"tablet":{"background-color":"","background-image":"","background-repeat":"repeat","background-position":"center center","background-size":"auto","background-attachment":"scroll","background-type":"","background-media":"","overlay-type":"","overlay-color":"","overlay-opacity":"","overlay-gradient":""},"mobile":{"background-color":"","background-image":"","background-repeat":"repeat","background-position":"center center","background-size":"auto","background-attachment":"scroll","background-type":"","background-media":"","overlay-type":"","overlay-color":"","overlay-opacity":"","overlay-gradient":""}},"ast-content-background-meta":{"desktop":{"background-color":"var(--ast-global-color-5)","background-image":"","background-repeat":"repeat","background-position":"center center","background-size":"auto","background-attachment":"scroll","background-type":"","background-media":"","overlay-type":"","overlay-color":"","overlay-opacity":"","overlay-gradient":""},"tablet":{"background-color":"var(--ast-global-color-5)","background-image":"","background-repeat":"repeat","background-position":"center center","background-size":"auto","background-attachment":"scroll","background-type":"","background-media":"","overlay-type":"","overlay-color":"","overlay-opacity":"","overlay-gradient":""},"mobile":{"background-color":"var(--ast-global-color-5)","background-image":"","background-repeat":"repeat","background-position":"center center","background-size":"auto","background-attachment":"scroll","background-type":"","background-media":"","overlay-type":"","overlay-color":"","overlay-opacity":"","overlay-gradient":""}},"footnotes":""},"categories":[6],"tags":[],"class_list":["post-6543","post","type-post","status-publish","format-aside","hentry","category-sections","post_format-post-format-aside"],"yoast_head":"<!-- This site is optimized with the Yoast SEO plugin v27.4 - https:\/\/yoast.com\/product\/yoast-seo-wordpress\/ -->\n<title>10 km d&#039;Avranches - Janz\u00e9 Athl\u00e9tisme<\/title>\n<meta name=\"robots\" content=\"index, follow, max-snippet:-1, max-image-preview:large, max-video-preview:-1\" \/>\n<link rel=\"canonical\" href=\"https:\/\/janze-athletisme.fr\/wordpress\/10-km-davranches\/\" \/>\n<meta property=\"og:locale\" content=\"fr_FR\" \/>\n<meta property=\"og:type\" content=\"article\" \/>\n<meta property=\"og:title\" content=\"10 km d&#039;Avranches - Janz\u00e9 Athl\u00e9tisme\" \/>\n<meta property=\"og:description\" content=\"10 km d&rsquo;Avranches La course \u00e0 pied va devenir plus difficile \u00e0 g\u00e9rer qu&rsquo;une p\u00e9nurie de carburants.\u00a0 D&rsquo;abord qualifi\u00e9s pour les France de cross, nos athl\u00e8tes ont vu leur r\u00eave virer en cauchemar \u00e0 cause de ce satan\u00e9 virus. A peine remis de nos \u00e9motions, on se dit &lsquo; Allez le 10 bornes de Quimper&rsquo;&#8230; [&hellip;]\" \/>\n<meta property=\"og:url\" content=\"https:\/\/janze-athletisme.fr\/wordpress\/10-km-davranches\/\" \/>\n<meta property=\"og:site_name\" content=\"Janz\u00e9 Athl\u00e9tisme\" \/>\n<meta property=\"article:publisher\" content=\"https:\/\/www.facebook.com\/groups\/1007964579346590\" \/>\n<meta property=\"article:published_time\" content=\"2020-03-09T21:02:44+00:00\" \/>\n<meta property=\"article:modified_time\" content=\"2020-03-09T21:05:07+00:00\" \/>\n<meta property=\"og:image\" content=\"https:\/\/janze-athletisme.fr\/wordpress\/wp-content\/uploads\/2020\/03\/87881241_10223157213664369_6322617684244561920_o.jpg\" \/>\n<meta name=\"author\" content=\"Anthony\" \/>\n<meta name=\"twitter:card\" content=\"summary_large_image\" \/>\n<meta name=\"twitter:label1\" content=\"\u00c9crit par\" \/>\n\t<meta name=\"twitter:data1\" content=\"Anthony\" \/>\n\t<meta name=\"twitter:label2\" content=\"Dur\u00e9e de lecture estim\u00e9e\" \/>\n\t<meta name=\"twitter:data2\" content=\"1 minute\" \/>\n<script type=\"application\/ld+json\" class=\"yoast-schema-graph\">{\"@context\":\"https:\\\/\\\/schema.org\",\"@graph\":[{\"@type\":\"Article\",\"@id\":\"https:\\\/\\\/janze-athletisme.fr\\\/wordpress\\\/10-km-davranches\\\/#article\",\"isPartOf\":{\"@id\":\"https:\\\/\\\/janze-athletisme.fr\\\/wordpress\\\/10-km-davranches\\\/\"},\"author\":{\"name\":\"Anthony\",\"@id\":\"https:\\\/\\\/janze-athletisme.fr\\\/wordpress\\\/#\\\/schema\\\/person\\\/525a6358d0c70a5cca90d6e8619f0453\"},\"headline\":\"10 km d&rsquo;Avranches\",\"datePublished\":\"2020-03-09T21:02:44+00:00\",\"dateModified\":\"2020-03-09T21:05:07+00:00\",\"mainEntityOfPage\":{\"@id\":\"https:\\\/\\\/janze-athletisme.fr\\\/wordpress\\\/10-km-davranches\\\/\"},\"wordCount\":267,\"commentCount\":0,\"publisher\":{\"@id\":\"https:\\\/\\\/janze-athletisme.fr\\\/wordpress\\\/#organization\"},\"image\":{\"@id\":\"https:\\\/\\\/janze-athletisme.fr\\\/wordpress\\\/10-km-davranches\\\/#primaryimage\"},\"thumbnailUrl\":\"https:\\\/\\\/janze-athletisme.fr\\\/wordpress\\\/wp-content\\\/uploads\\\/2020\\\/03\\\/87881241_10223157213664369_6322617684244561920_o.jpg\",\"articleSection\":[\"Le club au jour le jour\"],\"inLanguage\":\"fr-FR\",\"potentialAction\":[{\"@type\":\"CommentAction\",\"name\":\"Comment\",\"target\":[\"https:\\\/\\\/janze-athletisme.fr\\\/wordpress\\\/10-km-davranches\\\/#respond\"]}]},{\"@type\":\"WebPage\",\"@id\":\"https:\\\/\\\/janze-athletisme.fr\\\/wordpress\\\/10-km-davranches\\\/\",\"url\":\"https:\\\/\\\/janze-athletisme.fr\\\/wordpress\\\/10-km-davranches\\\/\",\"name\":\"10 km d'Avranches - Janz\u00e9 Athl\u00e9tisme\",\"isPartOf\":{\"@id\":\"https:\\\/\\\/janze-athletisme.fr\\\/wordpress\\\/#website\"},\"primaryImageOfPage\":{\"@id\":\"https:\\\/\\\/janze-athletisme.fr\\\/wordpress\\\/10-km-davranches\\\/#primaryimage\"},\"image\":{\"@id\":\"https:\\\/\\\/janze-athletisme.fr\\\/wordpress\\\/10-km-davranches\\\/#primaryimage\"},\"thumbnailUrl\":\"https:\\\/\\\/janze-athletisme.fr\\\/wordpress\\\/wp-content\\\/uploads\\\/2020\\\/03\\\/87881241_10223157213664369_6322617684244561920_o.jpg\",\"datePublished\":\"2020-03-09T21:02:44+00:00\",\"dateModified\":\"2020-03-09T21:05:07+00:00\",\"breadcrumb\":{\"@id\":\"https:\\\/\\\/janze-athletisme.fr\\\/wordpress\\\/10-km-davranches\\\/#breadcrumb\"},\"inLanguage\":\"fr-FR\",\"potentialAction\":[{\"@type\":\"ReadAction\",\"target\":[\"https:\\\/\\\/janze-athletisme.fr\\\/wordpress\\\/10-km-davranches\\\/\"]}]},{\"@type\":\"ImageObject\",\"inLanguage\":\"fr-FR\",\"@id\":\"https:\\\/\\\/janze-athletisme.fr\\\/wordpress\\\/10-km-davranches\\\/#primaryimage\",\"url\":\"https:\\\/\\\/janze-athletisme.fr\\\/wordpress\\\/wp-content\\\/uploads\\\/2020\\\/03\\\/87881241_10223157213664369_6322617684244561920_o.jpg\",\"contentUrl\":\"https:\\\/\\\/janze-athletisme.fr\\\/wordpress\\\/wp-content\\\/uploads\\\/2020\\\/03\\\/87881241_10223157213664369_6322617684244561920_o.jpg\",\"width\":533,\"height\":400},{\"@type\":\"BreadcrumbList\",\"@id\":\"https:\\\/\\\/janze-athletisme.fr\\\/wordpress\\\/10-km-davranches\\\/#breadcrumb\",\"itemListElement\":[{\"@type\":\"ListItem\",\"position\":1,\"name\":\"Accueil\",\"item\":\"https:\\\/\\\/janze-athletisme.fr\\\/wordpress\\\/\"},{\"@type\":\"ListItem\",\"position\":2,\"name\":\"10 km d&rsquo;Avranches\"}]},{\"@type\":\"WebSite\",\"@id\":\"https:\\\/\\\/janze-athletisme.fr\\\/wordpress\\\/#website\",\"url\":\"https:\\\/\\\/janze-athletisme.fr\\\/wordpress\\\/\",\"name\":\"Janz\u00e9 Athl\u00e9tisme\",\"description\":\"Pays de La Roche aux F\u00e9es\",\"publisher\":{\"@id\":\"https:\\\/\\\/janze-athletisme.fr\\\/wordpress\\\/#organization\"},\"potentialAction\":[{\"@type\":\"SearchAction\",\"target\":{\"@type\":\"EntryPoint\",\"urlTemplate\":\"https:\\\/\\\/janze-athletisme.fr\\\/wordpress\\\/?s={search_term_string}\"},\"query-input\":{\"@type\":\"PropertyValueSpecification\",\"valueRequired\":true,\"valueName\":\"search_term_string\"}}],\"inLanguage\":\"fr-FR\"},{\"@type\":\"Organization\",\"@id\":\"https:\\\/\\\/janze-athletisme.fr\\\/wordpress\\\/#organization\",\"name\":\"Janz\u00e9 Athl\u00e9tisme\",\"url\":\"https:\\\/\\\/janze-athletisme.fr\\\/wordpress\\\/\",\"logo\":{\"@type\":\"ImageObject\",\"inLanguage\":\"fr-FR\",\"@id\":\"https:\\\/\\\/janze-athletisme.fr\\\/wordpress\\\/#\\\/schema\\\/logo\\\/image\\\/\",\"url\":\"https:\\\/\\\/janze-athletisme.fr\\\/wordpress\\\/wp-content\\\/uploads\\\/2015\\\/03\\\/logo-full1.jpg\",\"contentUrl\":\"https:\\\/\\\/janze-athletisme.fr\\\/wordpress\\\/wp-content\\\/uploads\\\/2015\\\/03\\\/logo-full1.jpg\",\"width\":437,\"height\":205,\"caption\":\"Janz\u00e9 Athl\u00e9tisme\"},\"image\":{\"@id\":\"https:\\\/\\\/janze-athletisme.fr\\\/wordpress\\\/#\\\/schema\\\/logo\\\/image\\\/\"},\"sameAs\":[\"https:\\\/\\\/www.facebook.com\\\/groups\\\/1007964579346590\"]},{\"@type\":\"Person\",\"@id\":\"https:\\\/\\\/janze-athletisme.fr\\\/wordpress\\\/#\\\/schema\\\/person\\\/525a6358d0c70a5cca90d6e8619f0453\",\"name\":\"Anthony\",\"image\":{\"@type\":\"ImageObject\",\"inLanguage\":\"fr-FR\",\"@id\":\"https:\\\/\\\/secure.gravatar.com\\\/avatar\\\/532191f4fe4dd4049862f967bad2fe3582467d09a23b1e5c976a11e7665d2423?s=96&d=mm&r=g\",\"url\":\"https:\\\/\\\/secure.gravatar.com\\\/avatar\\\/532191f4fe4dd4049862f967bad2fe3582467d09a23b1e5c976a11e7665d2423?s=96&d=mm&r=g\",\"contentUrl\":\"https:\\\/\\\/secure.gravatar.com\\\/avatar\\\/532191f4fe4dd4049862f967bad2fe3582467d09a23b1e5c976a11e7665d2423?s=96&d=mm&r=g\",\"caption\":\"Anthony\"},\"url\":\"https:\\\/\\\/janze-athletisme.fr\\\/wordpress\\\/author\\\/anjuvin\\\/\"}]}<\/script>\n<!-- \/ Yoast SEO plugin. -->","yoast_head_json":{"title":"10 km d'Avranches - Janz\u00e9 Athl\u00e9tisme","robots":{"index":"index","follow":"follow","max-snippet":"max-snippet:-1","max-image-preview":"max-image-preview:large","max-video-preview":"max-video-preview:-1"},"canonical":"https:\/\/janze-athletisme.fr\/wordpress\/10-km-davranches\/","og_locale":"fr_FR","og_type":"article","og_title":"10 km d'Avranches - Janz\u00e9 Athl\u00e9tisme","og_description":"10 km d&rsquo;Avranches La course \u00e0 pied va devenir plus difficile \u00e0 g\u00e9rer qu&rsquo;une p\u00e9nurie de carburants.\u00a0 D&rsquo;abord qualifi\u00e9s pour les France de cross, nos athl\u00e8tes ont vu leur r\u00eave virer en cauchemar \u00e0 cause de ce satan\u00e9 virus. A peine remis de nos \u00e9motions, on se dit &lsquo; Allez le 10 bornes de Quimper&rsquo;&#8230; [&hellip;]","og_url":"https:\/\/janze-athletisme.fr\/wordpress\/10-km-davranches\/","og_site_name":"Janz\u00e9 Athl\u00e9tisme","article_publisher":"https:\/\/www.facebook.com\/groups\/1007964579346590","article_published_time":"2020-03-09T21:02:44+00:00","article_modified_time":"2020-03-09T21:05:07+00:00","og_image":[{"url":"https:\/\/janze-athletisme.fr\/wordpress\/wp-content\/uploads\/2020\/03\/87881241_10223157213664369_6322617684244561920_o.jpg","type":"","width":"","height":""}],"author":"Anthony","twitter_card":"summary_large_image","twitter_misc":{"\u00c9crit par":"Anthony","Dur\u00e9e de lecture estim\u00e9e":"1 minute"},"schema":{"@context":"https:\/\/schema.org","@graph":[{"@type":"Article","@id":"https:\/\/janze-athletisme.fr\/wordpress\/10-km-davranches\/#article","isPartOf":{"@id":"https:\/\/janze-athletisme.fr\/wordpress\/10-km-davranches\/"},"author":{"name":"Anthony","@id":"https:\/\/janze-athletisme.fr\/wordpress\/#\/schema\/person\/525a6358d0c70a5cca90d6e8619f0453"},"headline":"10 km d&rsquo;Avranches","datePublished":"2020-03-09T21:02:44+00:00","dateModified":"2020-03-09T21:05:07+00:00","mainEntityOfPage":{"@id":"https:\/\/janze-athletisme.fr\/wordpress\/10-km-davranches\/"},"wordCount":267,"commentCount":0,"publisher":{"@id":"https:\/\/janze-athletisme.fr\/wordpress\/#organization"},"image":{"@id":"https:\/\/janze-athletisme.fr\/wordpress\/10-km-davranches\/#primaryimage"},"thumbnailUrl":"https:\/\/janze-athletisme.fr\/wordpress\/wp-content\/uploads\/2020\/03\/87881241_10223157213664369_6322617684244561920_o.jpg","articleSection":["Le club au jour le jour"],"inLanguage":"fr-FR","potentialAction":[{"@type":"CommentAction","name":"Comment","target":["https:\/\/janze-athletisme.fr\/wordpress\/10-km-davranches\/#respond"]}]},{"@type":"WebPage","@id":"https:\/\/janze-athletisme.fr\/wordpress\/10-km-davranches\/","url":"https:\/\/janze-athletisme.fr\/wordpress\/10-km-davranches\/","name":"10 km d'Avranches - Janz\u00e9 Athl\u00e9tisme","isPartOf":{"@id":"https:\/\/janze-athletisme.fr\/wordpress\/#website"},"primaryImageOfPage":{"@id":"https:\/\/janze-athletisme.fr\/wordpress\/10-km-davranches\/#primaryimage"},"image":{"@id":"https:\/\/janze-athletisme.fr\/wordpress\/10-km-davranches\/#primaryimage"},"thumbnailUrl":"https:\/\/janze-athletisme.fr\/wordpress\/wp-content\/uploads\/2020\/03\/87881241_10223157213664369_6322617684244561920_o.jpg","datePublished":"2020-03-09T21:02:44+00:00","dateModified":"2020-03-09T21:05:07+00:00","breadcrumb":{"@id":"https:\/\/janze-athletisme.fr\/wordpress\/10-km-davranches\/#breadcrumb"},"inLanguage":"fr-FR","potentialAction":[{"@type":"ReadAction","target":["https:\/\/janze-athletisme.fr\/wordpress\/10-km-davranches\/"]}]},{"@type":"ImageObject","inLanguage":"fr-FR","@id":"https:\/\/janze-athletisme.fr\/wordpress\/10-km-davranches\/#primaryimage","url":"https:\/\/janze-athletisme.fr\/wordpress\/wp-content\/uploads\/2020\/03\/87881241_10223157213664369_6322617684244561920_o.jpg","contentUrl":"https:\/\/janze-athletisme.fr\/wordpress\/wp-content\/uploads\/2020\/03\/87881241_10223157213664369_6322617684244561920_o.jpg","width":533,"height":400},{"@type":"BreadcrumbList","@id":"https:\/\/janze-athletisme.fr\/wordpress\/10-km-davranches\/#breadcrumb","itemListElement":[{"@type":"ListItem","position":1,"name":"Accueil","item":"https:\/\/janze-athletisme.fr\/wordpress\/"},{"@type":"ListItem","position":2,"name":"10 km d&rsquo;Avranches"}]},{"@type":"WebSite","@id":"https:\/\/janze-athletisme.fr\/wordpress\/#website","url":"https:\/\/janze-athletisme.fr\/wordpress\/","name":"Janz\u00e9 Athl\u00e9tisme","description":"Pays de La Roche aux F\u00e9es","publisher":{"@id":"https:\/\/janze-athletisme.fr\/wordpress\/#organization"},"potentialAction":[{"@type":"SearchAction","target":{"@type":"EntryPoint","urlTemplate":"https:\/\/janze-athletisme.fr\/wordpress\/?s={search_term_string}"},"query-input":{"@type":"PropertyValueSpecification","valueRequired":true,"valueName":"search_term_string"}}],"inLanguage":"fr-FR"},{"@type":"Organization","@id":"https:\/\/janze-athletisme.fr\/wordpress\/#organization","name":"Janz\u00e9 Athl\u00e9tisme","url":"https:\/\/janze-athletisme.fr\/wordpress\/","logo":{"@type":"ImageObject","inLanguage":"fr-FR","@id":"https:\/\/janze-athletisme.fr\/wordpress\/#\/schema\/logo\/image\/","url":"https:\/\/janze-athletisme.fr\/wordpress\/wp-content\/uploads\/2015\/03\/logo-full1.jpg","contentUrl":"https:\/\/janze-athletisme.fr\/wordpress\/wp-content\/uploads\/2015\/03\/logo-full1.jpg","width":437,"height":205,"caption":"Janz\u00e9 Athl\u00e9tisme"},"image":{"@id":"https:\/\/janze-athletisme.fr\/wordpress\/#\/schema\/logo\/image\/"},"sameAs":["https:\/\/www.facebook.com\/groups\/1007964579346590"]},{"@type":"Person","@id":"https:\/\/janze-athletisme.fr\/wordpress\/#\/schema\/person\/525a6358d0c70a5cca90d6e8619f0453","name":"Anthony","image":{"@type":"ImageObject","inLanguage":"fr-FR","@id":"https:\/\/secure.gravatar.com\/avatar\/532191f4fe4dd4049862f967bad2fe3582467d09a23b1e5c976a11e7665d2423?s=96&d=mm&r=g","url":"https:\/\/secure.gravatar.com\/avatar\/532191f4fe4dd4049862f967bad2fe3582467d09a23b1e5c976a11e7665d2423?s=96&d=mm&r=g","contentUrl":"https:\/\/secure.gravatar.com\/avatar\/532191f4fe4dd4049862f967bad2fe3582467d09a23b1e5c976a11e7665d2423?s=96&d=mm&r=g","caption":"Anthony"},"url":"https:\/\/janze-athletisme.fr\/wordpress\/author\/anjuvin\/"}]}},"uagb_featured_image_src":{"full":false,"thumbnail":false,"medium":false,"medium_large":false,"large":false,"1536x1536":false,"2048x2048":false},"uagb_author_info":{"display_name":"Anthony","author_link":"https:\/\/janze-athletisme.fr\/wordpress\/author\/anjuvin\/"},"uagb_comment_info":0,"uagb_excerpt":"10 km d&rsquo;Avranches La course \u00e0 pied va devenir plus difficile \u00e0 g\u00e9rer qu&rsquo;une p\u00e9nurie de carburants.\u00a0 D&rsquo;abord qualifi\u00e9s pour les France de cross, nos athl\u00e8tes ont vu leur r\u00eave virer en cauchemar \u00e0 cause de ce satan\u00e9 virus. A peine remis de nos \u00e9motions, on se dit &lsquo; Allez le 10 bornes de Quimper&rsquo;&#8230;\u2026","_links":{"self":[{"href":"https:\/\/janze-athletisme.fr\/wordpress\/wp-json\/wp\/v2\/posts\/6543","targetHints":{"allow":["GET"]}}],"collection":[{"href":"https:\/\/janze-athletisme.fr\/wordpress\/wp-json\/wp\/v2\/posts"}],"about":[{"href":"https:\/\/janze-athletisme.fr\/wordpress\/wp-json\/wp\/v2\/types\/post"}],"author":[{"embeddable":true,"href":"https:\/\/janze-athletisme.fr\/wordpress\/wp-json\/wp\/v2\/users\/4"}],"replies":[{"embeddable":true,"href":"https:\/\/janze-athletisme.fr\/wordpress\/wp-json\/wp\/v2\/comments?post=6543"}],"version-history":[{"count":3,"href":"https:\/\/janze-athletisme.fr\/wordpress\/wp-json\/wp\/v2\/posts\/6543\/revisions"}],"predecessor-version":[{"id":6548,"href":"https:\/\/janze-athletisme.fr\/wordpress\/wp-json\/wp\/v2\/posts\/6543\/revisions\/6548"}],"wp:attachment":[{"href":"https:\/\/janze-athletisme.fr\/wordpress\/wp-json\/wp\/v2\/media?parent=6543"}],"wp:term":[{"taxonomy":"category","embeddable":true,"href":"https:\/\/janze-athletisme.fr\/wordpress\/wp-json\/wp\/v2\/categories?post=6543"},{"taxonomy":"post_tag","embeddable":true,"href":"https:\/\/janze-athletisme.fr\/wordpress\/wp-json\/wp\/v2\/tags?post=6543"}],"curies":[{"name":"wp","href":"https:\/\/api.w.org\/{rel}","templated":true}]}}