{"id":6430,"date":"2020-03-01T23:25:48","date_gmt":"2020-03-01T22:25:48","guid":{"rendered":"http:\/\/janze-athletisme.fr\/wordpress\/?p=6430"},"modified":"2020-03-01T23:32:53","modified_gmt":"2020-03-01T22:32:53","slug":"matinee-eac","status":"publish","type":"post","link":"https:\/\/janze-athletisme.fr\/wordpress\/matinee-eac\/","title":{"rendered":"Matin\u00e9e EAC"},"content":{"rendered":"<h1 style=\"text-align: center;\"><span style=\"text-decoration: underline;\"><strong><span style=\"color: #ff0000; text-decoration: underline;\">L&rsquo;EAC sous le signe de la convivialit\u00e9<\/span><\/strong><\/span><\/h1>\n<p><a href=\"http:\/\/janze-athletisme.fr\/wordpress\/wp-content\/uploads\/2020\/03\/IMG_20200222_100954_resized_20200301_111730124.jpg\"><img loading=\"lazy\" decoding=\"async\" class=\"aligncenter wp-image-6431\" src=\"http:\/\/janze-athletisme.fr\/wordpress\/wp-content\/uploads\/2020\/03\/IMG_20200222_100954_resized_20200301_111730124.jpg\" alt=\"\" width=\"530\" height=\"398\" srcset=\"https:\/\/janze-athletisme.fr\/wordpress\/wp-content\/uploads\/2020\/03\/IMG_20200222_100954_resized_20200301_111730124.jpg 3120w, https:\/\/janze-athletisme.fr\/wordpress\/wp-content\/uploads\/2020\/03\/IMG_20200222_100954_resized_20200301_111730124-300x225.jpg 300w, https:\/\/janze-athletisme.fr\/wordpress\/wp-content\/uploads\/2020\/03\/IMG_20200222_100954_resized_20200301_111730124-768x576.jpg 768w, https:\/\/janze-athletisme.fr\/wordpress\/wp-content\/uploads\/2020\/03\/IMG_20200222_100954_resized_20200301_111730124-1024x768.jpg 1024w, https:\/\/janze-athletisme.fr\/wordpress\/wp-content\/uploads\/2020\/03\/IMG_20200222_100954_resized_20200301_111730124-1x1.jpg 1w\" sizes=\"auto, (max-width: 530px) 100vw, 530px\" \/><\/a><span style=\"color: #000000;\">Samedi 22 f\u00e9vrier, malgr\u00e9 les vacances scolaires, une trentaine d&rsquo;athl\u00e8tes de l&rsquo;EAC s&rsquo;est r\u00e9unie \u00e0 la salle R. Poirier, venus des trois clubs la composant (US Bain de Bgne, Janz\u00e9 athl\u00e9 et AC Cesson) et des diff\u00e9rentes sections (jeunes, athl\u00e8tes comp\u00e9titeurs, coureurs, marcheurs). Quelques parents se sont \u00e9galement pr\u00eat\u00e9s au jeu.<\/span><\/p>\n<p><span style=\"color: #000000;\">La matin\u00e9e \u00e9tait plac\u00e9e sous le signe de la rencontre et de la convivialit\u00e9, avec un petit d\u00e9fi, et pas des moindres : au sein de son \u00e9quipe, chaque participant devait r\u00e9aliser un triathlon : 200m, lancer de poids, saut en longueur. L&rsquo;objectif \u00e9tant, pour l&rsquo;\u00e9quipe, de s&rsquo;amuser en premier lieu, et de marquer le maximum de points, en sachant que les bar\u00e8mes tenaient compte de l&rsquo;\u00e2ge et du sexe des participants.<\/span><\/p>\n<p><span style=\"color: #000000;\">Cette matin\u00e9e a \u00e9t\u00e9 l&rsquo;occasion de d\u00e9couvrir la salle pour certains, de d\u00e9couvrir les \u00e9preuves pour d&rsquo;autres, ou encore de d\u00e9couvrir de nouvelles t\u00eates parmi les personnes qui composent notre entente. La matin\u00e9e s&rsquo;est conclue par un pot de l&rsquo;amiti\u00e9 bien m\u00e9rit\u00e9 apr\u00e8s tous ces efforts ! Bravo \u00e0 tous pour votre participation et votre bonne humeur !<\/span><\/p>\n<p><span style=\"color: #000000;\">Quelques photos ici : <a href=\"https:\/\/photos.app.goo.gl\/kHQMG3oSeuxWbXKZ7\"><span style=\"text-decoration: underline;\"><strong><span style=\"color: #ff0000; text-decoration: underline;\">CLIC !!!<\/span><\/strong><\/span><\/a> (attention, il est strictement interdit de se moquer, ou alors de soi-m\u00eame !!!)<\/span><\/p>\n","protected":false},"excerpt":{"rendered":"<p>L&rsquo;EAC sous le signe de la convivialit\u00e9 Samedi 22 f\u00e9vrier, malgr\u00e9 les vacances scolaires, une trentaine d&rsquo;athl\u00e8tes de l&rsquo;EAC s&rsquo;est r\u00e9unie \u00e0 la salle R. Poirier, venus des trois clubs la composant (US Bain de Bgne, Janz\u00e9 athl\u00e9 et AC Cesson) et des diff\u00e9rentes sections (jeunes, athl\u00e8tes comp\u00e9titeurs, coureurs, marcheurs). Quelques parents se sont \u00e9galement [&hellip;]<\/p>\n","protected":false},"author":3,"featured_media":0,"comment_status":"open","ping_status":"open","sticky":false,"template":"","format":"aside","meta":{"_uag_custom_page_level_css":"","site-sidebar-layout":"default","site-content-layout":"","ast-site-content-layout":"default","site-content-style":"default","site-sidebar-style":"default","ast-global-header-display":"","ast-banner-title-visibility":"","ast-main-header-display":"","ast-hfb-above-header-display":"","ast-hfb-below-header-display":"","ast-hfb-mobile-header-display":"","site-post-title":"","ast-breadcrumbs-content":"","ast-featured-img":"","footer-sml-layout":"","ast-disable-related-posts":"","theme-transparent-header-meta":"","adv-header-id-meta":"","stick-header-meta":"","header-above-stick-meta":"","header-main-stick-meta":"","header-below-stick-meta":"","astra-migrate-meta-layouts":"default","ast-page-background-enabled":"default","ast-page-background-meta":{"desktop":{"background-color":"var(--ast-global-color-4)","background-image":"","background-repeat":"repeat","background-position":"center center","background-size":"auto","background-attachment":"scroll","background-type":"","background-media":"","overlay-type":"","overlay-color":"","overlay-opacity":"","overlay-gradient":""},"tablet":{"background-color":"","background-image":"","background-repeat":"repeat","background-position":"center center","background-size":"auto","background-attachment":"scroll","background-type":"","background-media":"","overlay-type":"","overlay-color":"","overlay-opacity":"","overlay-gradient":""},"mobile":{"background-color":"","background-image":"","background-repeat":"repeat","background-position":"center center","background-size":"auto","background-attachment":"scroll","background-type":"","background-media":"","overlay-type":"","overlay-color":"","overlay-opacity":"","overlay-gradient":""}},"ast-content-background-meta":{"desktop":{"background-color":"var(--ast-global-color-5)","background-image":"","background-repeat":"repeat","background-position":"center center","background-size":"auto","background-attachment":"scroll","background-type":"","background-media":"","overlay-type":"","overlay-color":"","overlay-opacity":"","overlay-gradient":""},"tablet":{"background-color":"var(--ast-global-color-5)","background-image":"","background-repeat":"repeat","background-position":"center center","background-size":"auto","background-attachment":"scroll","background-type":"","background-media":"","overlay-type":"","overlay-color":"","overlay-opacity":"","overlay-gradient":""},"mobile":{"background-color":"var(--ast-global-color-5)","background-image":"","background-repeat":"repeat","background-position":"center center","background-size":"auto","background-attachment":"scroll","background-type":"","background-media":"","overlay-type":"","overlay-color":"","overlay-opacity":"","overlay-gradient":""}},"footnotes":""},"categories":[6],"tags":[],"class_list":["post-6430","post","type-post","status-publish","format-aside","hentry","category-sections","post_format-post-format-aside"],"yoast_head":"<!-- This site is optimized with the Yoast SEO plugin v27.5 - https:\/\/yoast.com\/product\/yoast-seo-wordpress\/ -->\n<title>Matin\u00e9e EAC - Janz\u00e9 Athl\u00e9tisme<\/title>\n<meta name=\"robots\" content=\"index, follow, max-snippet:-1, max-image-preview:large, max-video-preview:-1\" \/>\n<link rel=\"canonical\" href=\"https:\/\/janze-athletisme.fr\/wordpress\/matinee-eac\/\" \/>\n<meta property=\"og:locale\" content=\"fr_FR\" \/>\n<meta property=\"og:type\" content=\"article\" \/>\n<meta property=\"og:title\" content=\"Matin\u00e9e EAC - Janz\u00e9 Athl\u00e9tisme\" \/>\n<meta property=\"og:description\" content=\"L&rsquo;EAC sous le signe de la convivialit\u00e9 Samedi 22 f\u00e9vrier, malgr\u00e9 les vacances scolaires, une trentaine d&rsquo;athl\u00e8tes de l&rsquo;EAC s&rsquo;est r\u00e9unie \u00e0 la salle R. Poirier, venus des trois clubs la composant (US Bain de Bgne, Janz\u00e9 athl\u00e9 et AC Cesson) et des diff\u00e9rentes sections (jeunes, athl\u00e8tes comp\u00e9titeurs, coureurs, marcheurs). Quelques parents se sont \u00e9galement [&hellip;]\" \/>\n<meta property=\"og:url\" content=\"https:\/\/janze-athletisme.fr\/wordpress\/matinee-eac\/\" \/>\n<meta property=\"og:site_name\" content=\"Janz\u00e9 Athl\u00e9tisme\" \/>\n<meta property=\"article:publisher\" content=\"https:\/\/www.facebook.com\/groups\/1007964579346590\" \/>\n<meta property=\"article:published_time\" content=\"2020-03-01T22:25:48+00:00\" \/>\n<meta property=\"article:modified_time\" content=\"2020-03-01T22:32:53+00:00\" \/>\n<meta property=\"og:image\" content=\"http:\/\/janze-athletisme.fr\/wordpress\/wp-content\/uploads\/2020\/03\/IMG_20200222_100954_resized_20200301_111730124.jpg\" \/>\n<meta name=\"author\" content=\"Fr\u00e9d\u00e9ric Graye\" \/>\n<meta name=\"twitter:card\" content=\"summary_large_image\" \/>\n<meta name=\"twitter:label1\" content=\"\u00c9crit par\" \/>\n\t<meta name=\"twitter:data1\" content=\"Fr\u00e9d\u00e9ric Graye\" \/>\n\t<meta name=\"twitter:label2\" content=\"Dur\u00e9e de lecture estim\u00e9e\" \/>\n\t<meta name=\"twitter:data2\" content=\"1 minute\" \/>\n<script type=\"application\/ld+json\" class=\"yoast-schema-graph\">{\"@context\":\"https:\\\/\\\/schema.org\",\"@graph\":[{\"@type\":\"Article\",\"@id\":\"https:\\\/\\\/janze-athletisme.fr\\\/wordpress\\\/matinee-eac\\\/#article\",\"isPartOf\":{\"@id\":\"https:\\\/\\\/janze-athletisme.fr\\\/wordpress\\\/matinee-eac\\\/\"},\"author\":{\"name\":\"Fr\u00e9d\u00e9ric Graye\",\"@id\":\"https:\\\/\\\/janze-athletisme.fr\\\/wordpress\\\/#\\\/schema\\\/person\\\/d0d91611dc85e1635e00511152f92f6c\"},\"headline\":\"Matin\u00e9e EAC\",\"datePublished\":\"2020-03-01T22:25:48+00:00\",\"dateModified\":\"2020-03-01T22:32:53+00:00\",\"mainEntityOfPage\":{\"@id\":\"https:\\\/\\\/janze-athletisme.fr\\\/wordpress\\\/matinee-eac\\\/\"},\"wordCount\":234,\"commentCount\":0,\"publisher\":{\"@id\":\"https:\\\/\\\/janze-athletisme.fr\\\/wordpress\\\/#organization\"},\"image\":{\"@id\":\"https:\\\/\\\/janze-athletisme.fr\\\/wordpress\\\/matinee-eac\\\/#primaryimage\"},\"thumbnailUrl\":\"http:\\\/\\\/janze-athletisme.fr\\\/wordpress\\\/wp-content\\\/uploads\\\/2020\\\/03\\\/IMG_20200222_100954_resized_20200301_111730124.jpg\",\"articleSection\":[\"Le club au jour le jour\"],\"inLanguage\":\"fr-FR\",\"potentialAction\":[{\"@type\":\"CommentAction\",\"name\":\"Comment\",\"target\":[\"https:\\\/\\\/janze-athletisme.fr\\\/wordpress\\\/matinee-eac\\\/#respond\"]}]},{\"@type\":\"WebPage\",\"@id\":\"https:\\\/\\\/janze-athletisme.fr\\\/wordpress\\\/matinee-eac\\\/\",\"url\":\"https:\\\/\\\/janze-athletisme.fr\\\/wordpress\\\/matinee-eac\\\/\",\"name\":\"Matin\u00e9e EAC - Janz\u00e9 Athl\u00e9tisme\",\"isPartOf\":{\"@id\":\"https:\\\/\\\/janze-athletisme.fr\\\/wordpress\\\/#website\"},\"primaryImageOfPage\":{\"@id\":\"https:\\\/\\\/janze-athletisme.fr\\\/wordpress\\\/matinee-eac\\\/#primaryimage\"},\"image\":{\"@id\":\"https:\\\/\\\/janze-athletisme.fr\\\/wordpress\\\/matinee-eac\\\/#primaryimage\"},\"thumbnailUrl\":\"http:\\\/\\\/janze-athletisme.fr\\\/wordpress\\\/wp-content\\\/uploads\\\/2020\\\/03\\\/IMG_20200222_100954_resized_20200301_111730124.jpg\",\"datePublished\":\"2020-03-01T22:25:48+00:00\",\"dateModified\":\"2020-03-01T22:32:53+00:00\",\"breadcrumb\":{\"@id\":\"https:\\\/\\\/janze-athletisme.fr\\\/wordpress\\\/matinee-eac\\\/#breadcrumb\"},\"inLanguage\":\"fr-FR\",\"potentialAction\":[{\"@type\":\"ReadAction\",\"target\":[\"https:\\\/\\\/janze-athletisme.fr\\\/wordpress\\\/matinee-eac\\\/\"]}]},{\"@type\":\"ImageObject\",\"inLanguage\":\"fr-FR\",\"@id\":\"https:\\\/\\\/janze-athletisme.fr\\\/wordpress\\\/matinee-eac\\\/#primaryimage\",\"url\":\"http:\\\/\\\/janze-athletisme.fr\\\/wordpress\\\/wp-content\\\/uploads\\\/2020\\\/03\\\/IMG_20200222_100954_resized_20200301_111730124.jpg\",\"contentUrl\":\"http:\\\/\\\/janze-athletisme.fr\\\/wordpress\\\/wp-content\\\/uploads\\\/2020\\\/03\\\/IMG_20200222_100954_resized_20200301_111730124.jpg\"},{\"@type\":\"BreadcrumbList\",\"@id\":\"https:\\\/\\\/janze-athletisme.fr\\\/wordpress\\\/matinee-eac\\\/#breadcrumb\",\"itemListElement\":[{\"@type\":\"ListItem\",\"position\":1,\"name\":\"Accueil\",\"item\":\"https:\\\/\\\/janze-athletisme.fr\\\/wordpress\\\/\"},{\"@type\":\"ListItem\",\"position\":2,\"name\":\"Matin\u00e9e EAC\"}]},{\"@type\":\"WebSite\",\"@id\":\"https:\\\/\\\/janze-athletisme.fr\\\/wordpress\\\/#website\",\"url\":\"https:\\\/\\\/janze-athletisme.fr\\\/wordpress\\\/\",\"name\":\"Janz\u00e9 Athl\u00e9tisme\",\"description\":\"Pays de La Roche aux F\u00e9es\",\"publisher\":{\"@id\":\"https:\\\/\\\/janze-athletisme.fr\\\/wordpress\\\/#organization\"},\"potentialAction\":[{\"@type\":\"SearchAction\",\"target\":{\"@type\":\"EntryPoint\",\"urlTemplate\":\"https:\\\/\\\/janze-athletisme.fr\\\/wordpress\\\/?s={search_term_string}\"},\"query-input\":{\"@type\":\"PropertyValueSpecification\",\"valueRequired\":true,\"valueName\":\"search_term_string\"}}],\"inLanguage\":\"fr-FR\"},{\"@type\":\"Organization\",\"@id\":\"https:\\\/\\\/janze-athletisme.fr\\\/wordpress\\\/#organization\",\"name\":\"Janz\u00e9 Athl\u00e9tisme\",\"url\":\"https:\\\/\\\/janze-athletisme.fr\\\/wordpress\\\/\",\"logo\":{\"@type\":\"ImageObject\",\"inLanguage\":\"fr-FR\",\"@id\":\"https:\\\/\\\/janze-athletisme.fr\\\/wordpress\\\/#\\\/schema\\\/logo\\\/image\\\/\",\"url\":\"https:\\\/\\\/janze-athletisme.fr\\\/wordpress\\\/wp-content\\\/uploads\\\/2015\\\/03\\\/logo-full1.jpg\",\"contentUrl\":\"https:\\\/\\\/janze-athletisme.fr\\\/wordpress\\\/wp-content\\\/uploads\\\/2015\\\/03\\\/logo-full1.jpg\",\"width\":437,\"height\":205,\"caption\":\"Janz\u00e9 Athl\u00e9tisme\"},\"image\":{\"@id\":\"https:\\\/\\\/janze-athletisme.fr\\\/wordpress\\\/#\\\/schema\\\/logo\\\/image\\\/\"},\"sameAs\":[\"https:\\\/\\\/www.facebook.com\\\/groups\\\/1007964579346590\"]},{\"@type\":\"Person\",\"@id\":\"https:\\\/\\\/janze-athletisme.fr\\\/wordpress\\\/#\\\/schema\\\/person\\\/d0d91611dc85e1635e00511152f92f6c\",\"name\":\"Fr\u00e9d\u00e9ric Graye\",\"image\":{\"@type\":\"ImageObject\",\"inLanguage\":\"fr-FR\",\"@id\":\"https:\\\/\\\/secure.gravatar.com\\\/avatar\\\/3c698f3bb9d0e9fd7adcea83ce599a75775b1f86e450228044b2d9c172b90db8?s=96&d=mm&r=g\",\"url\":\"https:\\\/\\\/secure.gravatar.com\\\/avatar\\\/3c698f3bb9d0e9fd7adcea83ce599a75775b1f86e450228044b2d9c172b90db8?s=96&d=mm&r=g\",\"contentUrl\":\"https:\\\/\\\/secure.gravatar.com\\\/avatar\\\/3c698f3bb9d0e9fd7adcea83ce599a75775b1f86e450228044b2d9c172b90db8?s=96&d=mm&r=g\",\"caption\":\"Fr\u00e9d\u00e9ric Graye\"},\"url\":\"https:\\\/\\\/janze-athletisme.fr\\\/wordpress\\\/author\\\/jathe_adm\\\/\"}]}<\/script>\n<!-- \/ Yoast SEO plugin. -->","yoast_head_json":{"title":"Matin\u00e9e EAC - Janz\u00e9 Athl\u00e9tisme","robots":{"index":"index","follow":"follow","max-snippet":"max-snippet:-1","max-image-preview":"max-image-preview:large","max-video-preview":"max-video-preview:-1"},"canonical":"https:\/\/janze-athletisme.fr\/wordpress\/matinee-eac\/","og_locale":"fr_FR","og_type":"article","og_title":"Matin\u00e9e EAC - Janz\u00e9 Athl\u00e9tisme","og_description":"L&rsquo;EAC sous le signe de la convivialit\u00e9 Samedi 22 f\u00e9vrier, malgr\u00e9 les vacances scolaires, une trentaine d&rsquo;athl\u00e8tes de l&rsquo;EAC s&rsquo;est r\u00e9unie \u00e0 la salle R. Poirier, venus des trois clubs la composant (US Bain de Bgne, Janz\u00e9 athl\u00e9 et AC Cesson) et des diff\u00e9rentes sections (jeunes, athl\u00e8tes comp\u00e9titeurs, coureurs, marcheurs). Quelques parents se sont \u00e9galement [&hellip;]","og_url":"https:\/\/janze-athletisme.fr\/wordpress\/matinee-eac\/","og_site_name":"Janz\u00e9 Athl\u00e9tisme","article_publisher":"https:\/\/www.facebook.com\/groups\/1007964579346590","article_published_time":"2020-03-01T22:25:48+00:00","article_modified_time":"2020-03-01T22:32:53+00:00","og_image":[{"url":"http:\/\/janze-athletisme.fr\/wordpress\/wp-content\/uploads\/2020\/03\/IMG_20200222_100954_resized_20200301_111730124.jpg","type":"","width":"","height":""}],"author":"Fr\u00e9d\u00e9ric Graye","twitter_card":"summary_large_image","twitter_misc":{"\u00c9crit par":"Fr\u00e9d\u00e9ric Graye","Dur\u00e9e de lecture estim\u00e9e":"1 minute"},"schema":{"@context":"https:\/\/schema.org","@graph":[{"@type":"Article","@id":"https:\/\/janze-athletisme.fr\/wordpress\/matinee-eac\/#article","isPartOf":{"@id":"https:\/\/janze-athletisme.fr\/wordpress\/matinee-eac\/"},"author":{"name":"Fr\u00e9d\u00e9ric Graye","@id":"https:\/\/janze-athletisme.fr\/wordpress\/#\/schema\/person\/d0d91611dc85e1635e00511152f92f6c"},"headline":"Matin\u00e9e EAC","datePublished":"2020-03-01T22:25:48+00:00","dateModified":"2020-03-01T22:32:53+00:00","mainEntityOfPage":{"@id":"https:\/\/janze-athletisme.fr\/wordpress\/matinee-eac\/"},"wordCount":234,"commentCount":0,"publisher":{"@id":"https:\/\/janze-athletisme.fr\/wordpress\/#organization"},"image":{"@id":"https:\/\/janze-athletisme.fr\/wordpress\/matinee-eac\/#primaryimage"},"thumbnailUrl":"http:\/\/janze-athletisme.fr\/wordpress\/wp-content\/uploads\/2020\/03\/IMG_20200222_100954_resized_20200301_111730124.jpg","articleSection":["Le club au jour le jour"],"inLanguage":"fr-FR","potentialAction":[{"@type":"CommentAction","name":"Comment","target":["https:\/\/janze-athletisme.fr\/wordpress\/matinee-eac\/#respond"]}]},{"@type":"WebPage","@id":"https:\/\/janze-athletisme.fr\/wordpress\/matinee-eac\/","url":"https:\/\/janze-athletisme.fr\/wordpress\/matinee-eac\/","name":"Matin\u00e9e EAC - Janz\u00e9 Athl\u00e9tisme","isPartOf":{"@id":"https:\/\/janze-athletisme.fr\/wordpress\/#website"},"primaryImageOfPage":{"@id":"https:\/\/janze-athletisme.fr\/wordpress\/matinee-eac\/#primaryimage"},"image":{"@id":"https:\/\/janze-athletisme.fr\/wordpress\/matinee-eac\/#primaryimage"},"thumbnailUrl":"http:\/\/janze-athletisme.fr\/wordpress\/wp-content\/uploads\/2020\/03\/IMG_20200222_100954_resized_20200301_111730124.jpg","datePublished":"2020-03-01T22:25:48+00:00","dateModified":"2020-03-01T22:32:53+00:00","breadcrumb":{"@id":"https:\/\/janze-athletisme.fr\/wordpress\/matinee-eac\/#breadcrumb"},"inLanguage":"fr-FR","potentialAction":[{"@type":"ReadAction","target":["https:\/\/janze-athletisme.fr\/wordpress\/matinee-eac\/"]}]},{"@type":"ImageObject","inLanguage":"fr-FR","@id":"https:\/\/janze-athletisme.fr\/wordpress\/matinee-eac\/#primaryimage","url":"http:\/\/janze-athletisme.fr\/wordpress\/wp-content\/uploads\/2020\/03\/IMG_20200222_100954_resized_20200301_111730124.jpg","contentUrl":"http:\/\/janze-athletisme.fr\/wordpress\/wp-content\/uploads\/2020\/03\/IMG_20200222_100954_resized_20200301_111730124.jpg"},{"@type":"BreadcrumbList","@id":"https:\/\/janze-athletisme.fr\/wordpress\/matinee-eac\/#breadcrumb","itemListElement":[{"@type":"ListItem","position":1,"name":"Accueil","item":"https:\/\/janze-athletisme.fr\/wordpress\/"},{"@type":"ListItem","position":2,"name":"Matin\u00e9e EAC"}]},{"@type":"WebSite","@id":"https:\/\/janze-athletisme.fr\/wordpress\/#website","url":"https:\/\/janze-athletisme.fr\/wordpress\/","name":"Janz\u00e9 Athl\u00e9tisme","description":"Pays de La Roche aux F\u00e9es","publisher":{"@id":"https:\/\/janze-athletisme.fr\/wordpress\/#organization"},"potentialAction":[{"@type":"SearchAction","target":{"@type":"EntryPoint","urlTemplate":"https:\/\/janze-athletisme.fr\/wordpress\/?s={search_term_string}"},"query-input":{"@type":"PropertyValueSpecification","valueRequired":true,"valueName":"search_term_string"}}],"inLanguage":"fr-FR"},{"@type":"Organization","@id":"https:\/\/janze-athletisme.fr\/wordpress\/#organization","name":"Janz\u00e9 Athl\u00e9tisme","url":"https:\/\/janze-athletisme.fr\/wordpress\/","logo":{"@type":"ImageObject","inLanguage":"fr-FR","@id":"https:\/\/janze-athletisme.fr\/wordpress\/#\/schema\/logo\/image\/","url":"https:\/\/janze-athletisme.fr\/wordpress\/wp-content\/uploads\/2015\/03\/logo-full1.jpg","contentUrl":"https:\/\/janze-athletisme.fr\/wordpress\/wp-content\/uploads\/2015\/03\/logo-full1.jpg","width":437,"height":205,"caption":"Janz\u00e9 Athl\u00e9tisme"},"image":{"@id":"https:\/\/janze-athletisme.fr\/wordpress\/#\/schema\/logo\/image\/"},"sameAs":["https:\/\/www.facebook.com\/groups\/1007964579346590"]},{"@type":"Person","@id":"https:\/\/janze-athletisme.fr\/wordpress\/#\/schema\/person\/d0d91611dc85e1635e00511152f92f6c","name":"Fr\u00e9d\u00e9ric Graye","image":{"@type":"ImageObject","inLanguage":"fr-FR","@id":"https:\/\/secure.gravatar.com\/avatar\/3c698f3bb9d0e9fd7adcea83ce599a75775b1f86e450228044b2d9c172b90db8?s=96&d=mm&r=g","url":"https:\/\/secure.gravatar.com\/avatar\/3c698f3bb9d0e9fd7adcea83ce599a75775b1f86e450228044b2d9c172b90db8?s=96&d=mm&r=g","contentUrl":"https:\/\/secure.gravatar.com\/avatar\/3c698f3bb9d0e9fd7adcea83ce599a75775b1f86e450228044b2d9c172b90db8?s=96&d=mm&r=g","caption":"Fr\u00e9d\u00e9ric Graye"},"url":"https:\/\/janze-athletisme.fr\/wordpress\/author\/jathe_adm\/"}]}},"uagb_featured_image_src":{"full":false,"thumbnail":false,"medium":false,"medium_large":false,"large":false,"1536x1536":false,"2048x2048":false},"uagb_author_info":{"display_name":"Fr\u00e9d\u00e9ric Graye","author_link":"https:\/\/janze-athletisme.fr\/wordpress\/author\/jathe_adm\/"},"uagb_comment_info":0,"uagb_excerpt":"L&rsquo;EAC sous le signe de la convivialit\u00e9 Samedi 22 f\u00e9vrier, malgr\u00e9 les vacances scolaires, une trentaine d&rsquo;athl\u00e8tes de l&rsquo;EAC s&rsquo;est r\u00e9unie \u00e0 la salle R. Poirier, venus des trois clubs la composant (US Bain de Bgne, Janz\u00e9 athl\u00e9 et AC Cesson) et des diff\u00e9rentes sections (jeunes, athl\u00e8tes comp\u00e9titeurs, coureurs, marcheurs). Quelques parents se sont \u00e9galement\u2026","_links":{"self":[{"href":"https:\/\/janze-athletisme.fr\/wordpress\/wp-json\/wp\/v2\/posts\/6430","targetHints":{"allow":["GET"]}}],"collection":[{"href":"https:\/\/janze-athletisme.fr\/wordpress\/wp-json\/wp\/v2\/posts"}],"about":[{"href":"https:\/\/janze-athletisme.fr\/wordpress\/wp-json\/wp\/v2\/types\/post"}],"author":[{"embeddable":true,"href":"https:\/\/janze-athletisme.fr\/wordpress\/wp-json\/wp\/v2\/users\/3"}],"replies":[{"embeddable":true,"href":"https:\/\/janze-athletisme.fr\/wordpress\/wp-json\/wp\/v2\/comments?post=6430"}],"version-history":[{"count":2,"href":"https:\/\/janze-athletisme.fr\/wordpress\/wp-json\/wp\/v2\/posts\/6430\/revisions"}],"predecessor-version":[{"id":6433,"href":"https:\/\/janze-athletisme.fr\/wordpress\/wp-json\/wp\/v2\/posts\/6430\/revisions\/6433"}],"wp:attachment":[{"href":"https:\/\/janze-athletisme.fr\/wordpress\/wp-json\/wp\/v2\/media?parent=6430"}],"wp:term":[{"taxonomy":"category","embeddable":true,"href":"https:\/\/janze-athletisme.fr\/wordpress\/wp-json\/wp\/v2\/categories?post=6430"},{"taxonomy":"post_tag","embeddable":true,"href":"https:\/\/janze-athletisme.fr\/wordpress\/wp-json\/wp\/v2\/tags?post=6430"}],"curies":[{"name":"wp","href":"https:\/\/api.w.org\/{rel}","templated":true}]}}