{"id":6197,"date":"2020-01-22T16:25:03","date_gmt":"2020-01-22T15:25:03","guid":{"rendered":"http:\/\/janze-athletisme.fr\/wordpress\/?p=6197"},"modified":"2020-01-31T23:21:17","modified_gmt":"2020-01-31T22:21:17","slug":"bzh-salle-bzh-de-lancers-longs-ca","status":"publish","type":"post","link":"https:\/\/janze-athletisme.fr\/wordpress\/bzh-salle-bzh-de-lancers-longs-ca\/","title":{"rendered":"Bzh en salle et Bzh de lancers longs &#8211; CA et +"},"content":{"rendered":"<h1 style=\"text-align: center;\"><strong><span style=\"text-decoration: underline;\"><span style=\"color: #ff0000; text-decoration: underline;\">Championnat de Bretagne en salle<\/span><\/span><\/strong><\/h1>\n<p><a href=\"http:\/\/janze-athletisme.fr\/wordpress\/wp-content\/uploads\/2020\/01\/20200118_135048.jpg\"><img loading=\"lazy\" decoding=\"async\" class=\"wp-image-6265 alignleft\" src=\"http:\/\/janze-athletisme.fr\/wordpress\/wp-content\/uploads\/2020\/01\/20200118_135048.jpg\" alt=\"\" width=\"331\" height=\"249\" srcset=\"https:\/\/janze-athletisme.fr\/wordpress\/wp-content\/uploads\/2020\/01\/20200118_135048.jpg 1024w, https:\/\/janze-athletisme.fr\/wordpress\/wp-content\/uploads\/2020\/01\/20200118_135048-300x225.jpg 300w, https:\/\/janze-athletisme.fr\/wordpress\/wp-content\/uploads\/2020\/01\/20200118_135048-768x576.jpg 768w, https:\/\/janze-athletisme.fr\/wordpress\/wp-content\/uploads\/2020\/01\/20200118_135048-1x1.jpg 1w\" sizes=\"auto, (max-width: 331px) 100vw, 331px\" \/><\/a><a href=\"http:\/\/janze-athletisme.fr\/wordpress\/wp-content\/uploads\/2020\/01\/20200119_144536.jpg\"><img loading=\"lazy\" decoding=\"async\" class=\"wp-image-6266 alignright\" src=\"http:\/\/janze-athletisme.fr\/wordpress\/wp-content\/uploads\/2020\/01\/20200119_144536.jpg\" alt=\"\" width=\"327\" height=\"245\" srcset=\"https:\/\/janze-athletisme.fr\/wordpress\/wp-content\/uploads\/2020\/01\/20200119_144536.jpg 1024w, https:\/\/janze-athletisme.fr\/wordpress\/wp-content\/uploads\/2020\/01\/20200119_144536-300x225.jpg 300w, https:\/\/janze-athletisme.fr\/wordpress\/wp-content\/uploads\/2020\/01\/20200119_144536-768x576.jpg 768w, https:\/\/janze-athletisme.fr\/wordpress\/wp-content\/uploads\/2020\/01\/20200119_144536-1x1.jpg 1w\" sizes=\"auto, (max-width: 327px) 100vw, 327px\" \/><\/a><\/p>\n<p>&nbsp;<\/p>\n<p>&nbsp;<\/p>\n<p>&nbsp;<\/p>\n<p>&nbsp;<\/p>\n<p>&nbsp;<\/p>\n<p><span style=\"color: #000000;\">Le weekend dernier, 5 cadets et cadettes de Janz\u00e9 athl\u00e9 honoraient leur qualification au championnat de Bretagne en salle. L&rsquo;occasion pour eux de d\u00e9couvrir la tr\u00e8s belle et r\u00e9cente salle Maryvonne Dupureur, \u00e0 Saint Brieuc. <\/span><\/p>\n<p><span style=\"color: #000000;\">Ils r\u00e9alisent de belles performances, touchant du doigt quelques uns des records du club : <strong>Sandra<\/strong> \u00e0 10 cm du record du club des cadette au poids (3 kg) ! <strong>Emma<\/strong> \u00e0 11 centi\u00e8mes du record du club des cadette sur 60m ! Et <strong>Ewen<\/strong> \u00e0 4 centi\u00e8mes du record du club des cadets sur 60m !<\/span><\/p>\n<p><span style=\"color: #000000;\">Bravo \u00e0 tous les 5, c&rsquo;est encourageant pour la suite de la saison !!!<br \/>\n<\/span><\/p>\n<p><span style=\"color: #000000;\">Les photos ici : <a href=\"https:\/\/photos.app.goo.gl\/GhaxTZfkEV3i2fHv6\"><strong><span style=\"text-decoration: underline;\"><span style=\"color: #ff0000; text-decoration: underline;\">CLIC !!!!<\/span><\/span><\/strong><\/a> (Merci \u00e0 Thierry, le papa d&rsquo;Ewen !)<\/span><\/p>\n<p><a href=\"http:\/\/janze-athletisme.fr\/wordpress\/wp-content\/uploads\/2020\/01\/unnamed-2-1.png\"><img loading=\"lazy\" decoding=\"async\" class=\"aligncenter size-full wp-image-6199\" src=\"http:\/\/janze-athletisme.fr\/wordpress\/wp-content\/uploads\/2020\/01\/unnamed-2-1.png\" alt=\"\" width=\"754\" height=\"277\" srcset=\"https:\/\/janze-athletisme.fr\/wordpress\/wp-content\/uploads\/2020\/01\/unnamed-2-1.png 754w, https:\/\/janze-athletisme.fr\/wordpress\/wp-content\/uploads\/2020\/01\/unnamed-2-1-300x110.png 300w, https:\/\/janze-athletisme.fr\/wordpress\/wp-content\/uploads\/2020\/01\/unnamed-2-1-3x1.png 3w\" sizes=\"auto, (max-width: 754px) 100vw, 754px\" \/><\/a><\/p>\n<h1 style=\"text-align: center;\"><span style=\"text-decoration: underline;\"><strong><span style=\"color: #ff0000; text-decoration: underline;\">Championnat de Bretagne de lancers longs<\/span><\/strong><\/span><\/h1>\n<p><a href=\"http:\/\/janze-athletisme.fr\/wordpress\/wp-content\/uploads\/2020\/01\/83102425_2483291315257775_8350701481933930496_o.jpg\"><img loading=\"lazy\" decoding=\"async\" class=\"alignnone size-medium wp-image-6202\" src=\"http:\/\/janze-athletisme.fr\/wordpress\/wp-content\/uploads\/2020\/01\/83102425_2483291315257775_8350701481933930496_o-300x200.jpg\" alt=\"\" width=\"300\" height=\"200\" srcset=\"https:\/\/janze-athletisme.fr\/wordpress\/wp-content\/uploads\/2020\/01\/83102425_2483291315257775_8350701481933930496_o-300x200.jpg 300w, https:\/\/janze-athletisme.fr\/wordpress\/wp-content\/uploads\/2020\/01\/83102425_2483291315257775_8350701481933930496_o-768x512.jpg 768w, https:\/\/janze-athletisme.fr\/wordpress\/wp-content\/uploads\/2020\/01\/83102425_2483291315257775_8350701481933930496_o-1024x683.jpg 1024w, https:\/\/janze-athletisme.fr\/wordpress\/wp-content\/uploads\/2020\/01\/83102425_2483291315257775_8350701481933930496_o-1x1.jpg 1w, https:\/\/janze-athletisme.fr\/wordpress\/wp-content\/uploads\/2020\/01\/83102425_2483291315257775_8350701481933930496_o.jpg 1686w\" sizes=\"auto, (max-width: 300px) 100vw, 300px\" \/><\/a><a href=\"http:\/\/janze-athletisme.fr\/wordpress\/wp-content\/uploads\/2020\/01\/82563335_2483292871924286_6365494110832295936_o.jpg\"><img loading=\"lazy\" decoding=\"async\" class=\"size-medium wp-image-6203 alignright\" src=\"http:\/\/janze-athletisme.fr\/wordpress\/wp-content\/uploads\/2020\/01\/82563335_2483292871924286_6365494110832295936_o-300x200.jpg\" alt=\"\" width=\"300\" height=\"200\" srcset=\"https:\/\/janze-athletisme.fr\/wordpress\/wp-content\/uploads\/2020\/01\/82563335_2483292871924286_6365494110832295936_o-300x200.jpg 300w, https:\/\/janze-athletisme.fr\/wordpress\/wp-content\/uploads\/2020\/01\/82563335_2483292871924286_6365494110832295936_o-768x512.jpg 768w, https:\/\/janze-athletisme.fr\/wordpress\/wp-content\/uploads\/2020\/01\/82563335_2483292871924286_6365494110832295936_o-1024x683.jpg 1024w, https:\/\/janze-athletisme.fr\/wordpress\/wp-content\/uploads\/2020\/01\/82563335_2483292871924286_6365494110832295936_o-1x1.jpg 1w, https:\/\/janze-athletisme.fr\/wordpress\/wp-content\/uploads\/2020\/01\/82563335_2483292871924286_6365494110832295936_o.jpg 1686w\" sizes=\"auto, (max-width: 300px) 100vw, 300px\" \/><\/a><\/p>\n<p><span style=\"color: #000000;\">Pourquoi se compliquer, pour <strong>Sandra<\/strong>, l&rsquo;\u00e9quation est simple : deux \u00e9preuves = deux podiums ! Ce fut le cas pour ce championnat de Bretagne aux lancers de javelot et disque. Notre championne monte sur la plus haute marche au javelot (et confirme sa progression avec un nouveau jet au-del\u00e0 des 35m), et elle termine vice-championne au disque de 1kg. Bravo encore une fois !!!<\/span><\/p>\n<p><a href=\"http:\/\/janze-athletisme.fr\/wordpress\/wp-content\/uploads\/2020\/01\/unnamed-3.png\"><img loading=\"lazy\" decoding=\"async\" class=\"aligncenter size-full wp-image-6198\" src=\"http:\/\/janze-athletisme.fr\/wordpress\/wp-content\/uploads\/2020\/01\/unnamed-3.png\" alt=\"\" width=\"754\" height=\"111\" srcset=\"https:\/\/janze-athletisme.fr\/wordpress\/wp-content\/uploads\/2020\/01\/unnamed-3.png 754w, https:\/\/janze-athletisme.fr\/wordpress\/wp-content\/uploads\/2020\/01\/unnamed-3-300x44.png 300w, https:\/\/janze-athletisme.fr\/wordpress\/wp-content\/uploads\/2020\/01\/unnamed-3-7x1.png 7w\" sizes=\"auto, (max-width: 754px) 100vw, 754px\" \/><\/a><\/p>\n","protected":false},"excerpt":{"rendered":"<p>Championnat de Bretagne en salle &nbsp; &nbsp; &nbsp; &nbsp; &nbsp; Le weekend dernier, 5 cadets et cadettes de Janz\u00e9 athl\u00e9 honoraient leur qualification au championnat de Bretagne en salle. L&rsquo;occasion pour eux de d\u00e9couvrir la tr\u00e8s belle et r\u00e9cente salle Maryvonne Dupureur, \u00e0 Saint Brieuc. Ils r\u00e9alisent de belles performances, touchant du doigt quelques uns [&hellip;]<\/p>\n","protected":false},"author":3,"featured_media":0,"comment_status":"open","ping_status":"open","sticky":false,"template":"","format":"aside","meta":{"_uag_custom_page_level_css":"","site-sidebar-layout":"default","site-content-layout":"","ast-site-content-layout":"default","site-content-style":"default","site-sidebar-style":"default","ast-global-header-display":"","ast-banner-title-visibility":"","ast-main-header-display":"","ast-hfb-above-header-display":"","ast-hfb-below-header-display":"","ast-hfb-mobile-header-display":"","site-post-title":"","ast-breadcrumbs-content":"","ast-featured-img":"","footer-sml-layout":"","ast-disable-related-posts":"","theme-transparent-header-meta":"","adv-header-id-meta":"","stick-header-meta":"","header-above-stick-meta":"","header-main-stick-meta":"","header-below-stick-meta":"","astra-migrate-meta-layouts":"default","ast-page-background-enabled":"default","ast-page-background-meta":{"desktop":{"background-color":"var(--ast-global-color-4)","background-image":"","background-repeat":"repeat","background-position":"center center","background-size":"auto","background-attachment":"scroll","background-type":"","background-media":"","overlay-type":"","overlay-color":"","overlay-opacity":"","overlay-gradient":""},"tablet":{"background-color":"","background-image":"","background-repeat":"repeat","background-position":"center center","background-size":"auto","background-attachment":"scroll","background-type":"","background-media":"","overlay-type":"","overlay-color":"","overlay-opacity":"","overlay-gradient":""},"mobile":{"background-color":"","background-image":"","background-repeat":"repeat","background-position":"center center","background-size":"auto","background-attachment":"scroll","background-type":"","background-media":"","overlay-type":"","overlay-color":"","overlay-opacity":"","overlay-gradient":""}},"ast-content-background-meta":{"desktop":{"background-color":"var(--ast-global-color-5)","background-image":"","background-repeat":"repeat","background-position":"center center","background-size":"auto","background-attachment":"scroll","background-type":"","background-media":"","overlay-type":"","overlay-color":"","overlay-opacity":"","overlay-gradient":""},"tablet":{"background-color":"var(--ast-global-color-5)","background-image":"","background-repeat":"repeat","background-position":"center center","background-size":"auto","background-attachment":"scroll","background-type":"","background-media":"","overlay-type":"","overlay-color":"","overlay-opacity":"","overlay-gradient":""},"mobile":{"background-color":"var(--ast-global-color-5)","background-image":"","background-repeat":"repeat","background-position":"center center","background-size":"auto","background-attachment":"scroll","background-type":"","background-media":"","overlay-type":"","overlay-color":"","overlay-opacity":"","overlay-gradient":""}},"footnotes":""},"categories":[6],"tags":[],"class_list":["post-6197","post","type-post","status-publish","format-aside","hentry","category-sections","post_format-post-format-aside"],"yoast_head":"<!-- This site is optimized with the Yoast SEO plugin v27.5 - https:\/\/yoast.com\/product\/yoast-seo-wordpress\/ -->\n<title>Bzh en salle et Bzh de lancers longs - CA et + - Janz\u00e9 Athl\u00e9tisme<\/title>\n<meta name=\"robots\" content=\"index, follow, max-snippet:-1, max-image-preview:large, max-video-preview:-1\" \/>\n<link rel=\"canonical\" href=\"https:\/\/janze-athletisme.fr\/wordpress\/bzh-salle-bzh-de-lancers-longs-ca\/\" \/>\n<meta property=\"og:locale\" content=\"fr_FR\" \/>\n<meta property=\"og:type\" content=\"article\" \/>\n<meta property=\"og:title\" content=\"Bzh en salle et Bzh de lancers longs - CA et + - Janz\u00e9 Athl\u00e9tisme\" \/>\n<meta property=\"og:description\" content=\"Championnat de Bretagne en salle &nbsp; &nbsp; &nbsp; &nbsp; &nbsp; Le weekend dernier, 5 cadets et cadettes de Janz\u00e9 athl\u00e9 honoraient leur qualification au championnat de Bretagne en salle. L&rsquo;occasion pour eux de d\u00e9couvrir la tr\u00e8s belle et r\u00e9cente salle Maryvonne Dupureur, \u00e0 Saint Brieuc. Ils r\u00e9alisent de belles performances, touchant du doigt quelques uns [&hellip;]\" \/>\n<meta property=\"og:url\" content=\"https:\/\/janze-athletisme.fr\/wordpress\/bzh-salle-bzh-de-lancers-longs-ca\/\" \/>\n<meta property=\"og:site_name\" content=\"Janz\u00e9 Athl\u00e9tisme\" \/>\n<meta property=\"article:publisher\" content=\"https:\/\/www.facebook.com\/groups\/1007964579346590\" \/>\n<meta property=\"article:published_time\" content=\"2020-01-22T15:25:03+00:00\" \/>\n<meta property=\"article:modified_time\" content=\"2020-01-31T22:21:17+00:00\" \/>\n<meta property=\"og:image\" content=\"http:\/\/janze-athletisme.fr\/wordpress\/wp-content\/uploads\/2020\/01\/20200118_135048.jpg\" \/>\n<meta name=\"author\" content=\"Fr\u00e9d\u00e9ric Graye\" \/>\n<meta name=\"twitter:card\" content=\"summary_large_image\" \/>\n<meta name=\"twitter:label1\" content=\"\u00c9crit par\" \/>\n\t<meta name=\"twitter:data1\" content=\"Fr\u00e9d\u00e9ric Graye\" \/>\n\t<meta name=\"twitter:label2\" content=\"Dur\u00e9e de lecture estim\u00e9e\" \/>\n\t<meta name=\"twitter:data2\" content=\"1 minute\" \/>\n<script type=\"application\/ld+json\" class=\"yoast-schema-graph\">{\"@context\":\"https:\\\/\\\/schema.org\",\"@graph\":[{\"@type\":\"Article\",\"@id\":\"https:\\\/\\\/janze-athletisme.fr\\\/wordpress\\\/bzh-salle-bzh-de-lancers-longs-ca\\\/#article\",\"isPartOf\":{\"@id\":\"https:\\\/\\\/janze-athletisme.fr\\\/wordpress\\\/bzh-salle-bzh-de-lancers-longs-ca\\\/\"},\"author\":{\"name\":\"Fr\u00e9d\u00e9ric Graye\",\"@id\":\"https:\\\/\\\/janze-athletisme.fr\\\/wordpress\\\/#\\\/schema\\\/person\\\/d0d91611dc85e1635e00511152f92f6c\"},\"headline\":\"Bzh en salle et Bzh de lancers longs &#8211; CA et +\",\"datePublished\":\"2020-01-22T15:25:03+00:00\",\"dateModified\":\"2020-01-31T22:21:17+00:00\",\"mainEntityOfPage\":{\"@id\":\"https:\\\/\\\/janze-athletisme.fr\\\/wordpress\\\/bzh-salle-bzh-de-lancers-longs-ca\\\/\"},\"wordCount\":196,\"commentCount\":1,\"publisher\":{\"@id\":\"https:\\\/\\\/janze-athletisme.fr\\\/wordpress\\\/#organization\"},\"image\":{\"@id\":\"https:\\\/\\\/janze-athletisme.fr\\\/wordpress\\\/bzh-salle-bzh-de-lancers-longs-ca\\\/#primaryimage\"},\"thumbnailUrl\":\"http:\\\/\\\/janze-athletisme.fr\\\/wordpress\\\/wp-content\\\/uploads\\\/2020\\\/01\\\/20200118_135048.jpg\",\"articleSection\":[\"Le club au jour le jour\"],\"inLanguage\":\"fr-FR\",\"potentialAction\":[{\"@type\":\"CommentAction\",\"name\":\"Comment\",\"target\":[\"https:\\\/\\\/janze-athletisme.fr\\\/wordpress\\\/bzh-salle-bzh-de-lancers-longs-ca\\\/#respond\"]}]},{\"@type\":\"WebPage\",\"@id\":\"https:\\\/\\\/janze-athletisme.fr\\\/wordpress\\\/bzh-salle-bzh-de-lancers-longs-ca\\\/\",\"url\":\"https:\\\/\\\/janze-athletisme.fr\\\/wordpress\\\/bzh-salle-bzh-de-lancers-longs-ca\\\/\",\"name\":\"Bzh en salle et Bzh de lancers longs - CA et + - Janz\u00e9 Athl\u00e9tisme\",\"isPartOf\":{\"@id\":\"https:\\\/\\\/janze-athletisme.fr\\\/wordpress\\\/#website\"},\"primaryImageOfPage\":{\"@id\":\"https:\\\/\\\/janze-athletisme.fr\\\/wordpress\\\/bzh-salle-bzh-de-lancers-longs-ca\\\/#primaryimage\"},\"image\":{\"@id\":\"https:\\\/\\\/janze-athletisme.fr\\\/wordpress\\\/bzh-salle-bzh-de-lancers-longs-ca\\\/#primaryimage\"},\"thumbnailUrl\":\"http:\\\/\\\/janze-athletisme.fr\\\/wordpress\\\/wp-content\\\/uploads\\\/2020\\\/01\\\/20200118_135048.jpg\",\"datePublished\":\"2020-01-22T15:25:03+00:00\",\"dateModified\":\"2020-01-31T22:21:17+00:00\",\"breadcrumb\":{\"@id\":\"https:\\\/\\\/janze-athletisme.fr\\\/wordpress\\\/bzh-salle-bzh-de-lancers-longs-ca\\\/#breadcrumb\"},\"inLanguage\":\"fr-FR\",\"potentialAction\":[{\"@type\":\"ReadAction\",\"target\":[\"https:\\\/\\\/janze-athletisme.fr\\\/wordpress\\\/bzh-salle-bzh-de-lancers-longs-ca\\\/\"]}]},{\"@type\":\"ImageObject\",\"inLanguage\":\"fr-FR\",\"@id\":\"https:\\\/\\\/janze-athletisme.fr\\\/wordpress\\\/bzh-salle-bzh-de-lancers-longs-ca\\\/#primaryimage\",\"url\":\"http:\\\/\\\/janze-athletisme.fr\\\/wordpress\\\/wp-content\\\/uploads\\\/2020\\\/01\\\/20200118_135048.jpg\",\"contentUrl\":\"http:\\\/\\\/janze-athletisme.fr\\\/wordpress\\\/wp-content\\\/uploads\\\/2020\\\/01\\\/20200118_135048.jpg\"},{\"@type\":\"BreadcrumbList\",\"@id\":\"https:\\\/\\\/janze-athletisme.fr\\\/wordpress\\\/bzh-salle-bzh-de-lancers-longs-ca\\\/#breadcrumb\",\"itemListElement\":[{\"@type\":\"ListItem\",\"position\":1,\"name\":\"Accueil\",\"item\":\"https:\\\/\\\/janze-athletisme.fr\\\/wordpress\\\/\"},{\"@type\":\"ListItem\",\"position\":2,\"name\":\"Bzh en salle et Bzh de lancers longs &#8211; CA et +\"}]},{\"@type\":\"WebSite\",\"@id\":\"https:\\\/\\\/janze-athletisme.fr\\\/wordpress\\\/#website\",\"url\":\"https:\\\/\\\/janze-athletisme.fr\\\/wordpress\\\/\",\"name\":\"Janz\u00e9 Athl\u00e9tisme\",\"description\":\"Pays de La Roche aux F\u00e9es\",\"publisher\":{\"@id\":\"https:\\\/\\\/janze-athletisme.fr\\\/wordpress\\\/#organization\"},\"potentialAction\":[{\"@type\":\"SearchAction\",\"target\":{\"@type\":\"EntryPoint\",\"urlTemplate\":\"https:\\\/\\\/janze-athletisme.fr\\\/wordpress\\\/?s={search_term_string}\"},\"query-input\":{\"@type\":\"PropertyValueSpecification\",\"valueRequired\":true,\"valueName\":\"search_term_string\"}}],\"inLanguage\":\"fr-FR\"},{\"@type\":\"Organization\",\"@id\":\"https:\\\/\\\/janze-athletisme.fr\\\/wordpress\\\/#organization\",\"name\":\"Janz\u00e9 Athl\u00e9tisme\",\"url\":\"https:\\\/\\\/janze-athletisme.fr\\\/wordpress\\\/\",\"logo\":{\"@type\":\"ImageObject\",\"inLanguage\":\"fr-FR\",\"@id\":\"https:\\\/\\\/janze-athletisme.fr\\\/wordpress\\\/#\\\/schema\\\/logo\\\/image\\\/\",\"url\":\"https:\\\/\\\/janze-athletisme.fr\\\/wordpress\\\/wp-content\\\/uploads\\\/2015\\\/03\\\/logo-full1.jpg\",\"contentUrl\":\"https:\\\/\\\/janze-athletisme.fr\\\/wordpress\\\/wp-content\\\/uploads\\\/2015\\\/03\\\/logo-full1.jpg\",\"width\":437,\"height\":205,\"caption\":\"Janz\u00e9 Athl\u00e9tisme\"},\"image\":{\"@id\":\"https:\\\/\\\/janze-athletisme.fr\\\/wordpress\\\/#\\\/schema\\\/logo\\\/image\\\/\"},\"sameAs\":[\"https:\\\/\\\/www.facebook.com\\\/groups\\\/1007964579346590\"]},{\"@type\":\"Person\",\"@id\":\"https:\\\/\\\/janze-athletisme.fr\\\/wordpress\\\/#\\\/schema\\\/person\\\/d0d91611dc85e1635e00511152f92f6c\",\"name\":\"Fr\u00e9d\u00e9ric Graye\",\"image\":{\"@type\":\"ImageObject\",\"inLanguage\":\"fr-FR\",\"@id\":\"https:\\\/\\\/secure.gravatar.com\\\/avatar\\\/3c698f3bb9d0e9fd7adcea83ce599a75775b1f86e450228044b2d9c172b90db8?s=96&d=mm&r=g\",\"url\":\"https:\\\/\\\/secure.gravatar.com\\\/avatar\\\/3c698f3bb9d0e9fd7adcea83ce599a75775b1f86e450228044b2d9c172b90db8?s=96&d=mm&r=g\",\"contentUrl\":\"https:\\\/\\\/secure.gravatar.com\\\/avatar\\\/3c698f3bb9d0e9fd7adcea83ce599a75775b1f86e450228044b2d9c172b90db8?s=96&d=mm&r=g\",\"caption\":\"Fr\u00e9d\u00e9ric Graye\"},\"url\":\"https:\\\/\\\/janze-athletisme.fr\\\/wordpress\\\/author\\\/jathe_adm\\\/\"}]}<\/script>\n<!-- \/ Yoast SEO plugin. -->","yoast_head_json":{"title":"Bzh en salle et Bzh de lancers longs - CA et + - Janz\u00e9 Athl\u00e9tisme","robots":{"index":"index","follow":"follow","max-snippet":"max-snippet:-1","max-image-preview":"max-image-preview:large","max-video-preview":"max-video-preview:-1"},"canonical":"https:\/\/janze-athletisme.fr\/wordpress\/bzh-salle-bzh-de-lancers-longs-ca\/","og_locale":"fr_FR","og_type":"article","og_title":"Bzh en salle et Bzh de lancers longs - CA et + - Janz\u00e9 Athl\u00e9tisme","og_description":"Championnat de Bretagne en salle &nbsp; &nbsp; &nbsp; &nbsp; &nbsp; Le weekend dernier, 5 cadets et cadettes de Janz\u00e9 athl\u00e9 honoraient leur qualification au championnat de Bretagne en salle. L&rsquo;occasion pour eux de d\u00e9couvrir la tr\u00e8s belle et r\u00e9cente salle Maryvonne Dupureur, \u00e0 Saint Brieuc. Ils r\u00e9alisent de belles performances, touchant du doigt quelques uns [&hellip;]","og_url":"https:\/\/janze-athletisme.fr\/wordpress\/bzh-salle-bzh-de-lancers-longs-ca\/","og_site_name":"Janz\u00e9 Athl\u00e9tisme","article_publisher":"https:\/\/www.facebook.com\/groups\/1007964579346590","article_published_time":"2020-01-22T15:25:03+00:00","article_modified_time":"2020-01-31T22:21:17+00:00","og_image":[{"url":"http:\/\/janze-athletisme.fr\/wordpress\/wp-content\/uploads\/2020\/01\/20200118_135048.jpg","type":"","width":"","height":""}],"author":"Fr\u00e9d\u00e9ric Graye","twitter_card":"summary_large_image","twitter_misc":{"\u00c9crit par":"Fr\u00e9d\u00e9ric Graye","Dur\u00e9e de lecture estim\u00e9e":"1 minute"},"schema":{"@context":"https:\/\/schema.org","@graph":[{"@type":"Article","@id":"https:\/\/janze-athletisme.fr\/wordpress\/bzh-salle-bzh-de-lancers-longs-ca\/#article","isPartOf":{"@id":"https:\/\/janze-athletisme.fr\/wordpress\/bzh-salle-bzh-de-lancers-longs-ca\/"},"author":{"name":"Fr\u00e9d\u00e9ric Graye","@id":"https:\/\/janze-athletisme.fr\/wordpress\/#\/schema\/person\/d0d91611dc85e1635e00511152f92f6c"},"headline":"Bzh en salle et Bzh de lancers longs &#8211; CA et +","datePublished":"2020-01-22T15:25:03+00:00","dateModified":"2020-01-31T22:21:17+00:00","mainEntityOfPage":{"@id":"https:\/\/janze-athletisme.fr\/wordpress\/bzh-salle-bzh-de-lancers-longs-ca\/"},"wordCount":196,"commentCount":1,"publisher":{"@id":"https:\/\/janze-athletisme.fr\/wordpress\/#organization"},"image":{"@id":"https:\/\/janze-athletisme.fr\/wordpress\/bzh-salle-bzh-de-lancers-longs-ca\/#primaryimage"},"thumbnailUrl":"http:\/\/janze-athletisme.fr\/wordpress\/wp-content\/uploads\/2020\/01\/20200118_135048.jpg","articleSection":["Le club au jour le jour"],"inLanguage":"fr-FR","potentialAction":[{"@type":"CommentAction","name":"Comment","target":["https:\/\/janze-athletisme.fr\/wordpress\/bzh-salle-bzh-de-lancers-longs-ca\/#respond"]}]},{"@type":"WebPage","@id":"https:\/\/janze-athletisme.fr\/wordpress\/bzh-salle-bzh-de-lancers-longs-ca\/","url":"https:\/\/janze-athletisme.fr\/wordpress\/bzh-salle-bzh-de-lancers-longs-ca\/","name":"Bzh en salle et Bzh de lancers longs - CA et + - Janz\u00e9 Athl\u00e9tisme","isPartOf":{"@id":"https:\/\/janze-athletisme.fr\/wordpress\/#website"},"primaryImageOfPage":{"@id":"https:\/\/janze-athletisme.fr\/wordpress\/bzh-salle-bzh-de-lancers-longs-ca\/#primaryimage"},"image":{"@id":"https:\/\/janze-athletisme.fr\/wordpress\/bzh-salle-bzh-de-lancers-longs-ca\/#primaryimage"},"thumbnailUrl":"http:\/\/janze-athletisme.fr\/wordpress\/wp-content\/uploads\/2020\/01\/20200118_135048.jpg","datePublished":"2020-01-22T15:25:03+00:00","dateModified":"2020-01-31T22:21:17+00:00","breadcrumb":{"@id":"https:\/\/janze-athletisme.fr\/wordpress\/bzh-salle-bzh-de-lancers-longs-ca\/#breadcrumb"},"inLanguage":"fr-FR","potentialAction":[{"@type":"ReadAction","target":["https:\/\/janze-athletisme.fr\/wordpress\/bzh-salle-bzh-de-lancers-longs-ca\/"]}]},{"@type":"ImageObject","inLanguage":"fr-FR","@id":"https:\/\/janze-athletisme.fr\/wordpress\/bzh-salle-bzh-de-lancers-longs-ca\/#primaryimage","url":"http:\/\/janze-athletisme.fr\/wordpress\/wp-content\/uploads\/2020\/01\/20200118_135048.jpg","contentUrl":"http:\/\/janze-athletisme.fr\/wordpress\/wp-content\/uploads\/2020\/01\/20200118_135048.jpg"},{"@type":"BreadcrumbList","@id":"https:\/\/janze-athletisme.fr\/wordpress\/bzh-salle-bzh-de-lancers-longs-ca\/#breadcrumb","itemListElement":[{"@type":"ListItem","position":1,"name":"Accueil","item":"https:\/\/janze-athletisme.fr\/wordpress\/"},{"@type":"ListItem","position":2,"name":"Bzh en salle et Bzh de lancers longs &#8211; CA et +"}]},{"@type":"WebSite","@id":"https:\/\/janze-athletisme.fr\/wordpress\/#website","url":"https:\/\/janze-athletisme.fr\/wordpress\/","name":"Janz\u00e9 Athl\u00e9tisme","description":"Pays de La Roche aux F\u00e9es","publisher":{"@id":"https:\/\/janze-athletisme.fr\/wordpress\/#organization"},"potentialAction":[{"@type":"SearchAction","target":{"@type":"EntryPoint","urlTemplate":"https:\/\/janze-athletisme.fr\/wordpress\/?s={search_term_string}"},"query-input":{"@type":"PropertyValueSpecification","valueRequired":true,"valueName":"search_term_string"}}],"inLanguage":"fr-FR"},{"@type":"Organization","@id":"https:\/\/janze-athletisme.fr\/wordpress\/#organization","name":"Janz\u00e9 Athl\u00e9tisme","url":"https:\/\/janze-athletisme.fr\/wordpress\/","logo":{"@type":"ImageObject","inLanguage":"fr-FR","@id":"https:\/\/janze-athletisme.fr\/wordpress\/#\/schema\/logo\/image\/","url":"https:\/\/janze-athletisme.fr\/wordpress\/wp-content\/uploads\/2015\/03\/logo-full1.jpg","contentUrl":"https:\/\/janze-athletisme.fr\/wordpress\/wp-content\/uploads\/2015\/03\/logo-full1.jpg","width":437,"height":205,"caption":"Janz\u00e9 Athl\u00e9tisme"},"image":{"@id":"https:\/\/janze-athletisme.fr\/wordpress\/#\/schema\/logo\/image\/"},"sameAs":["https:\/\/www.facebook.com\/groups\/1007964579346590"]},{"@type":"Person","@id":"https:\/\/janze-athletisme.fr\/wordpress\/#\/schema\/person\/d0d91611dc85e1635e00511152f92f6c","name":"Fr\u00e9d\u00e9ric Graye","image":{"@type":"ImageObject","inLanguage":"fr-FR","@id":"https:\/\/secure.gravatar.com\/avatar\/3c698f3bb9d0e9fd7adcea83ce599a75775b1f86e450228044b2d9c172b90db8?s=96&d=mm&r=g","url":"https:\/\/secure.gravatar.com\/avatar\/3c698f3bb9d0e9fd7adcea83ce599a75775b1f86e450228044b2d9c172b90db8?s=96&d=mm&r=g","contentUrl":"https:\/\/secure.gravatar.com\/avatar\/3c698f3bb9d0e9fd7adcea83ce599a75775b1f86e450228044b2d9c172b90db8?s=96&d=mm&r=g","caption":"Fr\u00e9d\u00e9ric Graye"},"url":"https:\/\/janze-athletisme.fr\/wordpress\/author\/jathe_adm\/"}]}},"uagb_featured_image_src":{"full":false,"thumbnail":false,"medium":false,"medium_large":false,"large":false,"1536x1536":false,"2048x2048":false},"uagb_author_info":{"display_name":"Fr\u00e9d\u00e9ric Graye","author_link":"https:\/\/janze-athletisme.fr\/wordpress\/author\/jathe_adm\/"},"uagb_comment_info":1,"uagb_excerpt":"Championnat de Bretagne en salle &nbsp; &nbsp; &nbsp; &nbsp; &nbsp; Le weekend dernier, 5 cadets et cadettes de Janz\u00e9 athl\u00e9 honoraient leur qualification au championnat de Bretagne en salle. L&rsquo;occasion pour eux de d\u00e9couvrir la tr\u00e8s belle et r\u00e9cente salle Maryvonne Dupureur, \u00e0 Saint Brieuc. Ils r\u00e9alisent de belles performances, touchant du doigt quelques uns\u2026","_links":{"self":[{"href":"https:\/\/janze-athletisme.fr\/wordpress\/wp-json\/wp\/v2\/posts\/6197","targetHints":{"allow":["GET"]}}],"collection":[{"href":"https:\/\/janze-athletisme.fr\/wordpress\/wp-json\/wp\/v2\/posts"}],"about":[{"href":"https:\/\/janze-athletisme.fr\/wordpress\/wp-json\/wp\/v2\/types\/post"}],"author":[{"embeddable":true,"href":"https:\/\/janze-athletisme.fr\/wordpress\/wp-json\/wp\/v2\/users\/3"}],"replies":[{"embeddable":true,"href":"https:\/\/janze-athletisme.fr\/wordpress\/wp-json\/wp\/v2\/comments?post=6197"}],"version-history":[{"count":5,"href":"https:\/\/janze-athletisme.fr\/wordpress\/wp-json\/wp\/v2\/posts\/6197\/revisions"}],"predecessor-version":[{"id":6267,"href":"https:\/\/janze-athletisme.fr\/wordpress\/wp-json\/wp\/v2\/posts\/6197\/revisions\/6267"}],"wp:attachment":[{"href":"https:\/\/janze-athletisme.fr\/wordpress\/wp-json\/wp\/v2\/media?parent=6197"}],"wp:term":[{"taxonomy":"category","embeddable":true,"href":"https:\/\/janze-athletisme.fr\/wordpress\/wp-json\/wp\/v2\/categories?post=6197"},{"taxonomy":"post_tag","embeddable":true,"href":"https:\/\/janze-athletisme.fr\/wordpress\/wp-json\/wp\/v2\/tags?post=6197"}],"curies":[{"name":"wp","href":"https:\/\/api.w.org\/{rel}","templated":true}]}}