{"id":6109,"date":"2019-12-31T11:19:38","date_gmt":"2019-12-31T10:19:38","guid":{"rendered":"http:\/\/janze-athletisme.fr\/wordpress\/?p=6109"},"modified":"2019-12-31T23:36:40","modified_gmt":"2019-12-31T22:36:40","slug":"chateau-gontier-2","status":"publish","type":"post","link":"https:\/\/janze-athletisme.fr\/wordpress\/chateau-gontier-2\/","title":{"rendered":"Ch\u00e2teau-Gontier"},"content":{"rendered":"<h1 style=\"text-align: center;\"><strong><span style=\"text-decoration: underline;\"><span style=\"color: #ff0000; text-decoration: underline;\">Corrida de Ch\u00e2teau-Gontier<\/span><\/span><\/strong><\/h1>\n<p><a href=\"http:\/\/janze-athletisme.fr\/wordpress\/wp-content\/uploads\/2019\/12\/82000810_541196199819954_3527136536292229120_n.jpg\"><img loading=\"lazy\" decoding=\"async\" class=\"alignnone size-medium wp-image-6113\" src=\"http:\/\/janze-athletisme.fr\/wordpress\/wp-content\/uploads\/2019\/12\/82000810_541196199819954_3527136536292229120_n-225x300.jpg\" alt=\"\" width=\"225\" height=\"300\" srcset=\"https:\/\/janze-athletisme.fr\/wordpress\/wp-content\/uploads\/2019\/12\/82000810_541196199819954_3527136536292229120_n-225x300.jpg 225w, https:\/\/janze-athletisme.fr\/wordpress\/wp-content\/uploads\/2019\/12\/82000810_541196199819954_3527136536292229120_n-1x1.jpg 1w, https:\/\/janze-athletisme.fr\/wordpress\/wp-content\/uploads\/2019\/12\/82000810_541196199819954_3527136536292229120_n.jpg 720w\" sizes=\"auto, (max-width: 225px) 100vw, 225px\" \/><\/a><a href=\"http:\/\/janze-athletisme.fr\/wordpress\/wp-content\/uploads\/2019\/12\/81466655_1032804067071747_1650928455841218560_n.jpg\"><img loading=\"lazy\" decoding=\"async\" class=\"wp-image-6114 alignleft\" src=\"http:\/\/janze-athletisme.fr\/wordpress\/wp-content\/uploads\/2019\/12\/81466655_1032804067071747_1650928455841218560_n-300x225.jpg\" alt=\"\" width=\"348\" height=\"261\" srcset=\"https:\/\/janze-athletisme.fr\/wordpress\/wp-content\/uploads\/2019\/12\/81466655_1032804067071747_1650928455841218560_n-300x225.jpg 300w, https:\/\/janze-athletisme.fr\/wordpress\/wp-content\/uploads\/2019\/12\/81466655_1032804067071747_1650928455841218560_n-768x576.jpg 768w, https:\/\/janze-athletisme.fr\/wordpress\/wp-content\/uploads\/2019\/12\/81466655_1032804067071747_1650928455841218560_n-1024x768.jpg 1024w, https:\/\/janze-athletisme.fr\/wordpress\/wp-content\/uploads\/2019\/12\/81466655_1032804067071747_1650928455841218560_n-1x1.jpg 1w, https:\/\/janze-athletisme.fr\/wordpress\/wp-content\/uploads\/2019\/12\/81466655_1032804067071747_1650928455841218560_n.jpg 2048w\" sizes=\"auto, (max-width: 348px) 100vw, 348px\" \/><\/a><a href=\"http:\/\/janze-athletisme.fr\/wordpress\/wp-content\/uploads\/2019\/12\/81927876_436199260619841_7816263097676464128_n.jpg\"><img loading=\"lazy\" decoding=\"async\" class=\"size-medium wp-image-6115 alignright\" src=\"http:\/\/janze-athletisme.fr\/wordpress\/wp-content\/uploads\/2019\/12\/81927876_436199260619841_7816263097676464128_n-300x225.jpg\" alt=\"\" width=\"300\" height=\"225\" srcset=\"https:\/\/janze-athletisme.fr\/wordpress\/wp-content\/uploads\/2019\/12\/81927876_436199260619841_7816263097676464128_n-300x225.jpg 300w, https:\/\/janze-athletisme.fr\/wordpress\/wp-content\/uploads\/2019\/12\/81927876_436199260619841_7816263097676464128_n-768x576.jpg 768w, https:\/\/janze-athletisme.fr\/wordpress\/wp-content\/uploads\/2019\/12\/81927876_436199260619841_7816263097676464128_n-1024x768.jpg 1024w, https:\/\/janze-athletisme.fr\/wordpress\/wp-content\/uploads\/2019\/12\/81927876_436199260619841_7816263097676464128_n-1x1.jpg 1w, https:\/\/janze-athletisme.fr\/wordpress\/wp-content\/uploads\/2019\/12\/81927876_436199260619841_7816263097676464128_n.jpg 2048w\" sizes=\"auto, (max-width: 300px) 100vw, 300px\" \/><\/a><\/p>\n<p><span style=\"color: #000000;\">Il y en a pour qui les f\u00eates de No\u00ebl sont b\u00e9n\u00e9fiques, pour preuve les chronos de nos 4 valeureux athl\u00e8tes qui se sont \u00ab\u00a0envol\u00e9s\u00a0\u00bb sur le circuit pourtant pas si roulant de Ch\u00e2teau-Gontier en Mayenne. Pas s\u00fbr pourtant qu&rsquo;ils se soient content\u00e9s d&rsquo;eau min\u00e9rale et de p\u00e2tes en pr\u00e9pa&#8230;Bravo les gars, vous terminez l&rsquo;ann\u00e9e en apoth\u00e9ose ! <strong>Erwan<\/strong> qui confirme son retour apr\u00e8s un semi \u00e0 Morlaix tr\u00e8s encourageant,<strong> Fabrice<\/strong> qui r\u00e9alise son meilleur chrono en 2019 avec une mont\u00e9e en puissance tout au long de l&rsquo;ann\u00e9e et <strong>Denis<\/strong> qui nous gratifie d&rsquo;une premi\u00e8re place en M4, avec un temps exceptionnel \u00e0 un \u00e2ge o\u00f9 certains se mettraient aux palets ou \u00e0 la p\u00e9tanque&#8230; (il se trouve devant Fabrice en temps officiel mais juste derri\u00e8re lui en classement&#8230;) ! A propos de grand \u00e2ge, cette course avait par ailleurs une saveur particuli\u00e8re pour un coureur embl\u00e9matique du club: c&rsquo;\u00e9tait en effet la 60\u00e8me course pour <strong>Jean-Paul<\/strong> <strong>Lepr\u00eatre<\/strong>, l&rsquo;ann\u00e9e de ses 60 ans. Un beau d\u00e9fi qui laisse songeur et admiratif. Son r\u00e9cit: \u00ab\u00a0<em>E<\/em><span class=\"_5yl5\"><em>t bien je l&rsquo;ai faite cette 60e course, surpris de voir une d\u00e9l\u00e9gation du club qui m&rsquo;a fait la surprise de faire le d\u00e9placement \u00e0 Ch\u00e2teau Gontier. Cela m&rsquo;a booster quand je l&rsquo;ai entendu et vu les panneaux. Je ne pouvais pas les d\u00e9cevoir. Un temps de 40mn 11s sur un circuit pas facile mais c&rsquo;est mon meilleur temps de l&rsquo;ann\u00e9e sur route !\u00a0\u00bb.<\/em> Bravo encore pour cet exploit ! <\/span><\/span><\/p>\n<p><span style=\"color: #000000;\">Bien jou\u00e9 les gars et bon r\u00e9veillon du nouvel an \u00e0 vous 4 ainsi qu&rsquo;\u00e0 tous les athl\u00e8tes du club, jeunes ou moins jeunes, que vous fassiez 29mn au 10 kil ou 1h. Que vous soyez des accros du bitume ou fan de la randonn\u00e9e (d\u00e9dicace \u00e0 Fred&#8230;), que vous pr\u00e9f\u00e9rez la marche Nordique ou alors lancer tr\u00e8s loin des objets lourds ou pointus ! <\/span><\/p>\n<h2 style=\"text-align: center;\"><span style=\"color: #0000ff;\">Bonne ann\u00e9e \u00e0 toutes et \u00e0 tous !! <\/span><\/h2>\n<p>[ws_table id=\u00a0\u00bb980&Prime;]<\/p>\n","protected":false},"excerpt":{"rendered":"<p>Corrida de Ch\u00e2teau-Gontier Il y en a pour qui les f\u00eates de No\u00ebl sont b\u00e9n\u00e9fiques, pour preuve les chronos de nos 4 valeureux athl\u00e8tes qui se sont \u00ab\u00a0envol\u00e9s\u00a0\u00bb sur le circuit pourtant pas si roulant de Ch\u00e2teau-Gontier en Mayenne. Pas s\u00fbr pourtant qu&rsquo;ils se soient content\u00e9s d&rsquo;eau min\u00e9rale et de p\u00e2tes en pr\u00e9pa&#8230;Bravo les gars, [&hellip;]<\/p>\n","protected":false},"author":8,"featured_media":0,"comment_status":"open","ping_status":"open","sticky":false,"template":"","format":"aside","meta":{"_uag_custom_page_level_css":"","site-sidebar-layout":"default","site-content-layout":"","ast-site-content-layout":"default","site-content-style":"default","site-sidebar-style":"default","ast-global-header-display":"","ast-banner-title-visibility":"","ast-main-header-display":"","ast-hfb-above-header-display":"","ast-hfb-below-header-display":"","ast-hfb-mobile-header-display":"","site-post-title":"","ast-breadcrumbs-content":"","ast-featured-img":"","footer-sml-layout":"","ast-disable-related-posts":"","theme-transparent-header-meta":"","adv-header-id-meta":"","stick-header-meta":"","header-above-stick-meta":"","header-main-stick-meta":"","header-below-stick-meta":"","astra-migrate-meta-layouts":"default","ast-page-background-enabled":"default","ast-page-background-meta":{"desktop":{"background-color":"var(--ast-global-color-4)","background-image":"","background-repeat":"repeat","background-position":"center center","background-size":"auto","background-attachment":"scroll","background-type":"","background-media":"","overlay-type":"","overlay-color":"","overlay-opacity":"","overlay-gradient":""},"tablet":{"background-color":"","background-image":"","background-repeat":"repeat","background-position":"center center","background-size":"auto","background-attachment":"scroll","background-type":"","background-media":"","overlay-type":"","overlay-color":"","overlay-opacity":"","overlay-gradient":""},"mobile":{"background-color":"","background-image":"","background-repeat":"repeat","background-position":"center center","background-size":"auto","background-attachment":"scroll","background-type":"","background-media":"","overlay-type":"","overlay-color":"","overlay-opacity":"","overlay-gradient":""}},"ast-content-background-meta":{"desktop":{"background-color":"var(--ast-global-color-5)","background-image":"","background-repeat":"repeat","background-position":"center center","background-size":"auto","background-attachment":"scroll","background-type":"","background-media":"","overlay-type":"","overlay-color":"","overlay-opacity":"","overlay-gradient":""},"tablet":{"background-color":"var(--ast-global-color-5)","background-image":"","background-repeat":"repeat","background-position":"center center","background-size":"auto","background-attachment":"scroll","background-type":"","background-media":"","overlay-type":"","overlay-color":"","overlay-opacity":"","overlay-gradient":""},"mobile":{"background-color":"var(--ast-global-color-5)","background-image":"","background-repeat":"repeat","background-position":"center center","background-size":"auto","background-attachment":"scroll","background-type":"","background-media":"","overlay-type":"","overlay-color":"","overlay-opacity":"","overlay-gradient":""}},"footnotes":""},"categories":[6],"tags":[],"class_list":["post-6109","post","type-post","status-publish","format-aside","hentry","category-sections","post_format-post-format-aside"],"yoast_head":"<!-- This site is optimized with the Yoast SEO plugin v27.5 - https:\/\/yoast.com\/product\/yoast-seo-wordpress\/ -->\n<title>Ch\u00e2teau-Gontier - Janz\u00e9 Athl\u00e9tisme<\/title>\n<meta name=\"robots\" content=\"index, follow, max-snippet:-1, max-image-preview:large, max-video-preview:-1\" \/>\n<link rel=\"canonical\" href=\"https:\/\/janze-athletisme.fr\/wordpress\/chateau-gontier-2\/\" \/>\n<meta property=\"og:locale\" content=\"fr_FR\" \/>\n<meta property=\"og:type\" content=\"article\" \/>\n<meta property=\"og:title\" content=\"Ch\u00e2teau-Gontier - Janz\u00e9 Athl\u00e9tisme\" \/>\n<meta property=\"og:description\" content=\"Corrida de Ch\u00e2teau-Gontier Il y en a pour qui les f\u00eates de No\u00ebl sont b\u00e9n\u00e9fiques, pour preuve les chronos de nos 4 valeureux athl\u00e8tes qui se sont \u00ab\u00a0envol\u00e9s\u00a0\u00bb sur le circuit pourtant pas si roulant de Ch\u00e2teau-Gontier en Mayenne. Pas s\u00fbr pourtant qu&rsquo;ils se soient content\u00e9s d&rsquo;eau min\u00e9rale et de p\u00e2tes en pr\u00e9pa&#8230;Bravo les gars, [&hellip;]\" \/>\n<meta property=\"og:url\" content=\"https:\/\/janze-athletisme.fr\/wordpress\/chateau-gontier-2\/\" \/>\n<meta property=\"og:site_name\" content=\"Janz\u00e9 Athl\u00e9tisme\" \/>\n<meta property=\"article:publisher\" content=\"https:\/\/www.facebook.com\/groups\/1007964579346590\" \/>\n<meta property=\"article:published_time\" content=\"2019-12-31T10:19:38+00:00\" \/>\n<meta property=\"article:modified_time\" content=\"2019-12-31T22:36:40+00:00\" \/>\n<meta property=\"og:image\" content=\"http:\/\/janze-athletisme.fr\/wordpress\/wp-content\/uploads\/2019\/12\/82000810_541196199819954_3527136536292229120_n-225x300.jpg\" \/>\n<meta name=\"author\" content=\"Jean-Marie Jouzel\" \/>\n<meta name=\"twitter:card\" content=\"summary_large_image\" \/>\n<meta name=\"twitter:label1\" content=\"\u00c9crit par\" \/>\n\t<meta name=\"twitter:data1\" content=\"Jean-Marie Jouzel\" \/>\n\t<meta name=\"twitter:label2\" content=\"Dur\u00e9e de lecture estim\u00e9e\" \/>\n\t<meta name=\"twitter:data2\" content=\"2 minutes\" \/>\n<script type=\"application\/ld+json\" class=\"yoast-schema-graph\">{\"@context\":\"https:\\\/\\\/schema.org\",\"@graph\":[{\"@type\":\"Article\",\"@id\":\"https:\\\/\\\/janze-athletisme.fr\\\/wordpress\\\/chateau-gontier-2\\\/#article\",\"isPartOf\":{\"@id\":\"https:\\\/\\\/janze-athletisme.fr\\\/wordpress\\\/chateau-gontier-2\\\/\"},\"author\":{\"name\":\"Jean-Marie Jouzel\",\"@id\":\"https:\\\/\\\/janze-athletisme.fr\\\/wordpress\\\/#\\\/schema\\\/person\\\/e27efa3d49687b81c679eb0b5c4973e9\"},\"headline\":\"Ch\u00e2teau-Gontier\",\"datePublished\":\"2019-12-31T10:19:38+00:00\",\"dateModified\":\"2019-12-31T22:36:40+00:00\",\"mainEntityOfPage\":{\"@id\":\"https:\\\/\\\/janze-athletisme.fr\\\/wordpress\\\/chateau-gontier-2\\\/\"},\"wordCount\":363,\"commentCount\":0,\"publisher\":{\"@id\":\"https:\\\/\\\/janze-athletisme.fr\\\/wordpress\\\/#organization\"},\"image\":{\"@id\":\"https:\\\/\\\/janze-athletisme.fr\\\/wordpress\\\/chateau-gontier-2\\\/#primaryimage\"},\"thumbnailUrl\":\"http:\\\/\\\/janze-athletisme.fr\\\/wordpress\\\/wp-content\\\/uploads\\\/2019\\\/12\\\/82000810_541196199819954_3527136536292229120_n-225x300.jpg\",\"articleSection\":[\"Le club au jour le jour\"],\"inLanguage\":\"fr-FR\",\"potentialAction\":[{\"@type\":\"CommentAction\",\"name\":\"Comment\",\"target\":[\"https:\\\/\\\/janze-athletisme.fr\\\/wordpress\\\/chateau-gontier-2\\\/#respond\"]}]},{\"@type\":\"WebPage\",\"@id\":\"https:\\\/\\\/janze-athletisme.fr\\\/wordpress\\\/chateau-gontier-2\\\/\",\"url\":\"https:\\\/\\\/janze-athletisme.fr\\\/wordpress\\\/chateau-gontier-2\\\/\",\"name\":\"Ch\u00e2teau-Gontier - Janz\u00e9 Athl\u00e9tisme\",\"isPartOf\":{\"@id\":\"https:\\\/\\\/janze-athletisme.fr\\\/wordpress\\\/#website\"},\"primaryImageOfPage\":{\"@id\":\"https:\\\/\\\/janze-athletisme.fr\\\/wordpress\\\/chateau-gontier-2\\\/#primaryimage\"},\"image\":{\"@id\":\"https:\\\/\\\/janze-athletisme.fr\\\/wordpress\\\/chateau-gontier-2\\\/#primaryimage\"},\"thumbnailUrl\":\"http:\\\/\\\/janze-athletisme.fr\\\/wordpress\\\/wp-content\\\/uploads\\\/2019\\\/12\\\/82000810_541196199819954_3527136536292229120_n-225x300.jpg\",\"datePublished\":\"2019-12-31T10:19:38+00:00\",\"dateModified\":\"2019-12-31T22:36:40+00:00\",\"breadcrumb\":{\"@id\":\"https:\\\/\\\/janze-athletisme.fr\\\/wordpress\\\/chateau-gontier-2\\\/#breadcrumb\"},\"inLanguage\":\"fr-FR\",\"potentialAction\":[{\"@type\":\"ReadAction\",\"target\":[\"https:\\\/\\\/janze-athletisme.fr\\\/wordpress\\\/chateau-gontier-2\\\/\"]}]},{\"@type\":\"ImageObject\",\"inLanguage\":\"fr-FR\",\"@id\":\"https:\\\/\\\/janze-athletisme.fr\\\/wordpress\\\/chateau-gontier-2\\\/#primaryimage\",\"url\":\"http:\\\/\\\/janze-athletisme.fr\\\/wordpress\\\/wp-content\\\/uploads\\\/2019\\\/12\\\/82000810_541196199819954_3527136536292229120_n-225x300.jpg\",\"contentUrl\":\"http:\\\/\\\/janze-athletisme.fr\\\/wordpress\\\/wp-content\\\/uploads\\\/2019\\\/12\\\/82000810_541196199819954_3527136536292229120_n-225x300.jpg\"},{\"@type\":\"BreadcrumbList\",\"@id\":\"https:\\\/\\\/janze-athletisme.fr\\\/wordpress\\\/chateau-gontier-2\\\/#breadcrumb\",\"itemListElement\":[{\"@type\":\"ListItem\",\"position\":1,\"name\":\"Accueil\",\"item\":\"https:\\\/\\\/janze-athletisme.fr\\\/wordpress\\\/\"},{\"@type\":\"ListItem\",\"position\":2,\"name\":\"Ch\u00e2teau-Gontier\"}]},{\"@type\":\"WebSite\",\"@id\":\"https:\\\/\\\/janze-athletisme.fr\\\/wordpress\\\/#website\",\"url\":\"https:\\\/\\\/janze-athletisme.fr\\\/wordpress\\\/\",\"name\":\"Janz\u00e9 Athl\u00e9tisme\",\"description\":\"Pays de La Roche aux F\u00e9es\",\"publisher\":{\"@id\":\"https:\\\/\\\/janze-athletisme.fr\\\/wordpress\\\/#organization\"},\"potentialAction\":[{\"@type\":\"SearchAction\",\"target\":{\"@type\":\"EntryPoint\",\"urlTemplate\":\"https:\\\/\\\/janze-athletisme.fr\\\/wordpress\\\/?s={search_term_string}\"},\"query-input\":{\"@type\":\"PropertyValueSpecification\",\"valueRequired\":true,\"valueName\":\"search_term_string\"}}],\"inLanguage\":\"fr-FR\"},{\"@type\":\"Organization\",\"@id\":\"https:\\\/\\\/janze-athletisme.fr\\\/wordpress\\\/#organization\",\"name\":\"Janz\u00e9 Athl\u00e9tisme\",\"url\":\"https:\\\/\\\/janze-athletisme.fr\\\/wordpress\\\/\",\"logo\":{\"@type\":\"ImageObject\",\"inLanguage\":\"fr-FR\",\"@id\":\"https:\\\/\\\/janze-athletisme.fr\\\/wordpress\\\/#\\\/schema\\\/logo\\\/image\\\/\",\"url\":\"https:\\\/\\\/janze-athletisme.fr\\\/wordpress\\\/wp-content\\\/uploads\\\/2015\\\/03\\\/logo-full1.jpg\",\"contentUrl\":\"https:\\\/\\\/janze-athletisme.fr\\\/wordpress\\\/wp-content\\\/uploads\\\/2015\\\/03\\\/logo-full1.jpg\",\"width\":437,\"height\":205,\"caption\":\"Janz\u00e9 Athl\u00e9tisme\"},\"image\":{\"@id\":\"https:\\\/\\\/janze-athletisme.fr\\\/wordpress\\\/#\\\/schema\\\/logo\\\/image\\\/\"},\"sameAs\":[\"https:\\\/\\\/www.facebook.com\\\/groups\\\/1007964579346590\"]},{\"@type\":\"Person\",\"@id\":\"https:\\\/\\\/janze-athletisme.fr\\\/wordpress\\\/#\\\/schema\\\/person\\\/e27efa3d49687b81c679eb0b5c4973e9\",\"name\":\"Jean-Marie Jouzel\",\"image\":{\"@type\":\"ImageObject\",\"inLanguage\":\"fr-FR\",\"@id\":\"https:\\\/\\\/secure.gravatar.com\\\/avatar\\\/6aaee532914ad5ae9d6b4c13c953c6689456493b17979b560cf8fd0c344930ab?s=96&d=mm&r=g\",\"url\":\"https:\\\/\\\/secure.gravatar.com\\\/avatar\\\/6aaee532914ad5ae9d6b4c13c953c6689456493b17979b560cf8fd0c344930ab?s=96&d=mm&r=g\",\"contentUrl\":\"https:\\\/\\\/secure.gravatar.com\\\/avatar\\\/6aaee532914ad5ae9d6b4c13c953c6689456493b17979b560cf8fd0c344930ab?s=96&d=mm&r=g\",\"caption\":\"Jean-Marie Jouzel\"},\"url\":\"https:\\\/\\\/janze-athletisme.fr\\\/wordpress\\\/author\\\/jmjouzel\\\/\"}]}<\/script>\n<!-- \/ Yoast SEO plugin. -->","yoast_head_json":{"title":"Ch\u00e2teau-Gontier - Janz\u00e9 Athl\u00e9tisme","robots":{"index":"index","follow":"follow","max-snippet":"max-snippet:-1","max-image-preview":"max-image-preview:large","max-video-preview":"max-video-preview:-1"},"canonical":"https:\/\/janze-athletisme.fr\/wordpress\/chateau-gontier-2\/","og_locale":"fr_FR","og_type":"article","og_title":"Ch\u00e2teau-Gontier - Janz\u00e9 Athl\u00e9tisme","og_description":"Corrida de Ch\u00e2teau-Gontier Il y en a pour qui les f\u00eates de No\u00ebl sont b\u00e9n\u00e9fiques, pour preuve les chronos de nos 4 valeureux athl\u00e8tes qui se sont \u00ab\u00a0envol\u00e9s\u00a0\u00bb sur le circuit pourtant pas si roulant de Ch\u00e2teau-Gontier en Mayenne. Pas s\u00fbr pourtant qu&rsquo;ils se soient content\u00e9s d&rsquo;eau min\u00e9rale et de p\u00e2tes en pr\u00e9pa&#8230;Bravo les gars, [&hellip;]","og_url":"https:\/\/janze-athletisme.fr\/wordpress\/chateau-gontier-2\/","og_site_name":"Janz\u00e9 Athl\u00e9tisme","article_publisher":"https:\/\/www.facebook.com\/groups\/1007964579346590","article_published_time":"2019-12-31T10:19:38+00:00","article_modified_time":"2019-12-31T22:36:40+00:00","og_image":[{"url":"http:\/\/janze-athletisme.fr\/wordpress\/wp-content\/uploads\/2019\/12\/82000810_541196199819954_3527136536292229120_n-225x300.jpg","type":"","width":"","height":""}],"author":"Jean-Marie Jouzel","twitter_card":"summary_large_image","twitter_misc":{"\u00c9crit par":"Jean-Marie Jouzel","Dur\u00e9e de lecture estim\u00e9e":"2 minutes"},"schema":{"@context":"https:\/\/schema.org","@graph":[{"@type":"Article","@id":"https:\/\/janze-athletisme.fr\/wordpress\/chateau-gontier-2\/#article","isPartOf":{"@id":"https:\/\/janze-athletisme.fr\/wordpress\/chateau-gontier-2\/"},"author":{"name":"Jean-Marie Jouzel","@id":"https:\/\/janze-athletisme.fr\/wordpress\/#\/schema\/person\/e27efa3d49687b81c679eb0b5c4973e9"},"headline":"Ch\u00e2teau-Gontier","datePublished":"2019-12-31T10:19:38+00:00","dateModified":"2019-12-31T22:36:40+00:00","mainEntityOfPage":{"@id":"https:\/\/janze-athletisme.fr\/wordpress\/chateau-gontier-2\/"},"wordCount":363,"commentCount":0,"publisher":{"@id":"https:\/\/janze-athletisme.fr\/wordpress\/#organization"},"image":{"@id":"https:\/\/janze-athletisme.fr\/wordpress\/chateau-gontier-2\/#primaryimage"},"thumbnailUrl":"http:\/\/janze-athletisme.fr\/wordpress\/wp-content\/uploads\/2019\/12\/82000810_541196199819954_3527136536292229120_n-225x300.jpg","articleSection":["Le club au jour le jour"],"inLanguage":"fr-FR","potentialAction":[{"@type":"CommentAction","name":"Comment","target":["https:\/\/janze-athletisme.fr\/wordpress\/chateau-gontier-2\/#respond"]}]},{"@type":"WebPage","@id":"https:\/\/janze-athletisme.fr\/wordpress\/chateau-gontier-2\/","url":"https:\/\/janze-athletisme.fr\/wordpress\/chateau-gontier-2\/","name":"Ch\u00e2teau-Gontier - Janz\u00e9 Athl\u00e9tisme","isPartOf":{"@id":"https:\/\/janze-athletisme.fr\/wordpress\/#website"},"primaryImageOfPage":{"@id":"https:\/\/janze-athletisme.fr\/wordpress\/chateau-gontier-2\/#primaryimage"},"image":{"@id":"https:\/\/janze-athletisme.fr\/wordpress\/chateau-gontier-2\/#primaryimage"},"thumbnailUrl":"http:\/\/janze-athletisme.fr\/wordpress\/wp-content\/uploads\/2019\/12\/82000810_541196199819954_3527136536292229120_n-225x300.jpg","datePublished":"2019-12-31T10:19:38+00:00","dateModified":"2019-12-31T22:36:40+00:00","breadcrumb":{"@id":"https:\/\/janze-athletisme.fr\/wordpress\/chateau-gontier-2\/#breadcrumb"},"inLanguage":"fr-FR","potentialAction":[{"@type":"ReadAction","target":["https:\/\/janze-athletisme.fr\/wordpress\/chateau-gontier-2\/"]}]},{"@type":"ImageObject","inLanguage":"fr-FR","@id":"https:\/\/janze-athletisme.fr\/wordpress\/chateau-gontier-2\/#primaryimage","url":"http:\/\/janze-athletisme.fr\/wordpress\/wp-content\/uploads\/2019\/12\/82000810_541196199819954_3527136536292229120_n-225x300.jpg","contentUrl":"http:\/\/janze-athletisme.fr\/wordpress\/wp-content\/uploads\/2019\/12\/82000810_541196199819954_3527136536292229120_n-225x300.jpg"},{"@type":"BreadcrumbList","@id":"https:\/\/janze-athletisme.fr\/wordpress\/chateau-gontier-2\/#breadcrumb","itemListElement":[{"@type":"ListItem","position":1,"name":"Accueil","item":"https:\/\/janze-athletisme.fr\/wordpress\/"},{"@type":"ListItem","position":2,"name":"Ch\u00e2teau-Gontier"}]},{"@type":"WebSite","@id":"https:\/\/janze-athletisme.fr\/wordpress\/#website","url":"https:\/\/janze-athletisme.fr\/wordpress\/","name":"Janz\u00e9 Athl\u00e9tisme","description":"Pays de La Roche aux F\u00e9es","publisher":{"@id":"https:\/\/janze-athletisme.fr\/wordpress\/#organization"},"potentialAction":[{"@type":"SearchAction","target":{"@type":"EntryPoint","urlTemplate":"https:\/\/janze-athletisme.fr\/wordpress\/?s={search_term_string}"},"query-input":{"@type":"PropertyValueSpecification","valueRequired":true,"valueName":"search_term_string"}}],"inLanguage":"fr-FR"},{"@type":"Organization","@id":"https:\/\/janze-athletisme.fr\/wordpress\/#organization","name":"Janz\u00e9 Athl\u00e9tisme","url":"https:\/\/janze-athletisme.fr\/wordpress\/","logo":{"@type":"ImageObject","inLanguage":"fr-FR","@id":"https:\/\/janze-athletisme.fr\/wordpress\/#\/schema\/logo\/image\/","url":"https:\/\/janze-athletisme.fr\/wordpress\/wp-content\/uploads\/2015\/03\/logo-full1.jpg","contentUrl":"https:\/\/janze-athletisme.fr\/wordpress\/wp-content\/uploads\/2015\/03\/logo-full1.jpg","width":437,"height":205,"caption":"Janz\u00e9 Athl\u00e9tisme"},"image":{"@id":"https:\/\/janze-athletisme.fr\/wordpress\/#\/schema\/logo\/image\/"},"sameAs":["https:\/\/www.facebook.com\/groups\/1007964579346590"]},{"@type":"Person","@id":"https:\/\/janze-athletisme.fr\/wordpress\/#\/schema\/person\/e27efa3d49687b81c679eb0b5c4973e9","name":"Jean-Marie Jouzel","image":{"@type":"ImageObject","inLanguage":"fr-FR","@id":"https:\/\/secure.gravatar.com\/avatar\/6aaee532914ad5ae9d6b4c13c953c6689456493b17979b560cf8fd0c344930ab?s=96&d=mm&r=g","url":"https:\/\/secure.gravatar.com\/avatar\/6aaee532914ad5ae9d6b4c13c953c6689456493b17979b560cf8fd0c344930ab?s=96&d=mm&r=g","contentUrl":"https:\/\/secure.gravatar.com\/avatar\/6aaee532914ad5ae9d6b4c13c953c6689456493b17979b560cf8fd0c344930ab?s=96&d=mm&r=g","caption":"Jean-Marie Jouzel"},"url":"https:\/\/janze-athletisme.fr\/wordpress\/author\/jmjouzel\/"}]}},"uagb_featured_image_src":{"full":false,"thumbnail":false,"medium":false,"medium_large":false,"large":false,"1536x1536":false,"2048x2048":false},"uagb_author_info":{"display_name":"Jean-Marie Jouzel","author_link":"https:\/\/janze-athletisme.fr\/wordpress\/author\/jmjouzel\/"},"uagb_comment_info":0,"uagb_excerpt":"Corrida de Ch\u00e2teau-Gontier Il y en a pour qui les f\u00eates de No\u00ebl sont b\u00e9n\u00e9fiques, pour preuve les chronos de nos 4 valeureux athl\u00e8tes qui se sont \u00ab\u00a0envol\u00e9s\u00a0\u00bb sur le circuit pourtant pas si roulant de Ch\u00e2teau-Gontier en Mayenne. Pas s\u00fbr pourtant qu&rsquo;ils se soient content\u00e9s d&rsquo;eau min\u00e9rale et de p\u00e2tes en pr\u00e9pa&#8230;Bravo les gars,\u2026","_links":{"self":[{"href":"https:\/\/janze-athletisme.fr\/wordpress\/wp-json\/wp\/v2\/posts\/6109","targetHints":{"allow":["GET"]}}],"collection":[{"href":"https:\/\/janze-athletisme.fr\/wordpress\/wp-json\/wp\/v2\/posts"}],"about":[{"href":"https:\/\/janze-athletisme.fr\/wordpress\/wp-json\/wp\/v2\/types\/post"}],"author":[{"embeddable":true,"href":"https:\/\/janze-athletisme.fr\/wordpress\/wp-json\/wp\/v2\/users\/8"}],"replies":[{"embeddable":true,"href":"https:\/\/janze-athletisme.fr\/wordpress\/wp-json\/wp\/v2\/comments?post=6109"}],"version-history":[{"count":4,"href":"https:\/\/janze-athletisme.fr\/wordpress\/wp-json\/wp\/v2\/posts\/6109\/revisions"}],"predecessor-version":[{"id":6116,"href":"https:\/\/janze-athletisme.fr\/wordpress\/wp-json\/wp\/v2\/posts\/6109\/revisions\/6116"}],"wp:attachment":[{"href":"https:\/\/janze-athletisme.fr\/wordpress\/wp-json\/wp\/v2\/media?parent=6109"}],"wp:term":[{"taxonomy":"category","embeddable":true,"href":"https:\/\/janze-athletisme.fr\/wordpress\/wp-json\/wp\/v2\/categories?post=6109"},{"taxonomy":"post_tag","embeddable":true,"href":"https:\/\/janze-athletisme.fr\/wordpress\/wp-json\/wp\/v2\/tags?post=6109"}],"curies":[{"name":"wp","href":"https:\/\/api.w.org\/{rel}","templated":true}]}}