{"id":5185,"date":"2019-06-12T00:06:09","date_gmt":"2019-06-11T22:06:09","guid":{"rendered":"http:\/\/janze-athletisme.fr\/wordpress\/?p=5185"},"modified":"2019-06-12T00:06:09","modified_gmt":"2019-06-11T22:06:09","slug":"la-turballe","status":"publish","type":"post","link":"https:\/\/janze-athletisme.fr\/wordpress\/la-turballe\/","title":{"rendered":"La Turballe"},"content":{"rendered":"<h1 style=\"text-align: center;\"><span style=\"text-decoration: underline; color: #ff0000;\"><strong>La Turballe Mare Trail<\/strong><\/span><\/h1>\n<p><span style=\"color: #000000;\">Petite escapade au bord de la mer pour Laurine qui s&rsquo;est offerte entre deux plats de moules les foul\u00e9es turballaises et le trail le lendemain ! son r\u00e9cit&#8230;<\/span><\/p>\n<p><span style=\"color: #000000;\">\u00ab\u00a0<em>Au menu\u00a0: 10 kms le samedi soir dans les rues de la Turballe pour se mettre en app\u00e9tit puis le dimanche matin, un trail de 14 kms (sur le papier car en r\u00e9alit\u00e9, le parcours faisait 15kms), au d\u00e9part de la Turballe avec des passages en for\u00eat et la fin de parcours tr\u00e8s sympa, le long de la c\u00f4te entre Piriac\/mer &amp; La Turballe (avec quelques passages dans le sable Miam\u00a0!)<\/em><\/span><\/p>\n<p><span style=\"color: #000000;\"><em>Concept tr\u00e8s sympa\u2026Malgr\u00e9 quelques couacs sur le parcours du trail qui fait que les premiers se sont retrouv\u00e9s derniers de la course (et on fait un \u00e0 deux kms de plus\u00a0! ^^) faussant un peu le rythme de tout le monde\u00a0!<\/em><\/span><\/p>\n<p><span style=\"color: #000000;\"><em>Je tenterais peut-\u00eatre le trail de 34 kms l\u2019ann\u00e9e prochaine car le parcours \u00a0\u00e0 l\u2019air tr\u00e8s sympa\u00a0!\u00a0\u00bb<\/em><\/span><\/p>\n<p>[ws_table id=\u00a0\u00bb850&Prime;]<\/p>\n","protected":false},"excerpt":{"rendered":"<p>La Turballe Mare Trail Petite escapade au bord de la mer pour Laurine qui s&rsquo;est offerte entre deux plats de moules les foul\u00e9es turballaises et le trail le lendemain ! son r\u00e9cit&#8230; \u00ab\u00a0Au menu\u00a0: 10 kms le samedi soir dans les rues de la Turballe pour se mettre en app\u00e9tit puis le dimanche matin, un [&hellip;]<\/p>\n","protected":false},"author":8,"featured_media":0,"comment_status":"open","ping_status":"open","sticky":false,"template":"","format":"aside","meta":{"_uag_custom_page_level_css":"","site-sidebar-layout":"default","site-content-layout":"","ast-site-content-layout":"default","site-content-style":"default","site-sidebar-style":"default","ast-global-header-display":"","ast-banner-title-visibility":"","ast-main-header-display":"","ast-hfb-above-header-display":"","ast-hfb-below-header-display":"","ast-hfb-mobile-header-display":"","site-post-title":"","ast-breadcrumbs-content":"","ast-featured-img":"","footer-sml-layout":"","ast-disable-related-posts":"","theme-transparent-header-meta":"","adv-header-id-meta":"","stick-header-meta":"","header-above-stick-meta":"","header-main-stick-meta":"","header-below-stick-meta":"","astra-migrate-meta-layouts":"default","ast-page-background-enabled":"default","ast-page-background-meta":{"desktop":{"background-color":"var(--ast-global-color-4)","background-image":"","background-repeat":"repeat","background-position":"center center","background-size":"auto","background-attachment":"scroll","background-type":"","background-media":"","overlay-type":"","overlay-color":"","overlay-opacity":"","overlay-gradient":""},"tablet":{"background-color":"","background-image":"","background-repeat":"repeat","background-position":"center center","background-size":"auto","background-attachment":"scroll","background-type":"","background-media":"","overlay-type":"","overlay-color":"","overlay-opacity":"","overlay-gradient":""},"mobile":{"background-color":"","background-image":"","background-repeat":"repeat","background-position":"center center","background-size":"auto","background-attachment":"scroll","background-type":"","background-media":"","overlay-type":"","overlay-color":"","overlay-opacity":"","overlay-gradient":""}},"ast-content-background-meta":{"desktop":{"background-color":"var(--ast-global-color-5)","background-image":"","background-repeat":"repeat","background-position":"center center","background-size":"auto","background-attachment":"scroll","background-type":"","background-media":"","overlay-type":"","overlay-color":"","overlay-opacity":"","overlay-gradient":""},"tablet":{"background-color":"var(--ast-global-color-5)","background-image":"","background-repeat":"repeat","background-position":"center center","background-size":"auto","background-attachment":"scroll","background-type":"","background-media":"","overlay-type":"","overlay-color":"","overlay-opacity":"","overlay-gradient":""},"mobile":{"background-color":"var(--ast-global-color-5)","background-image":"","background-repeat":"repeat","background-position":"center center","background-size":"auto","background-attachment":"scroll","background-type":"","background-media":"","overlay-type":"","overlay-color":"","overlay-opacity":"","overlay-gradient":""}},"footnotes":""},"categories":[6],"tags":[],"class_list":["post-5185","post","type-post","status-publish","format-aside","hentry","category-sections","post_format-post-format-aside"],"yoast_head":"<!-- This site is optimized with the Yoast SEO plugin v27.5 - https:\/\/yoast.com\/product\/yoast-seo-wordpress\/ -->\n<title>La Turballe - Janz\u00e9 Athl\u00e9tisme<\/title>\n<meta name=\"robots\" content=\"index, follow, max-snippet:-1, max-image-preview:large, max-video-preview:-1\" \/>\n<link rel=\"canonical\" href=\"https:\/\/janze-athletisme.fr\/wordpress\/la-turballe\/\" \/>\n<meta property=\"og:locale\" content=\"fr_FR\" \/>\n<meta property=\"og:type\" content=\"article\" \/>\n<meta property=\"og:title\" content=\"La Turballe - Janz\u00e9 Athl\u00e9tisme\" \/>\n<meta property=\"og:description\" content=\"La Turballe Mare Trail Petite escapade au bord de la mer pour Laurine qui s&rsquo;est offerte entre deux plats de moules les foul\u00e9es turballaises et le trail le lendemain ! son r\u00e9cit&#8230; \u00ab\u00a0Au menu\u00a0: 10 kms le samedi soir dans les rues de la Turballe pour se mettre en app\u00e9tit puis le dimanche matin, un [&hellip;]\" \/>\n<meta property=\"og:url\" content=\"https:\/\/janze-athletisme.fr\/wordpress\/la-turballe\/\" \/>\n<meta property=\"og:site_name\" content=\"Janz\u00e9 Athl\u00e9tisme\" \/>\n<meta property=\"article:publisher\" content=\"https:\/\/www.facebook.com\/groups\/1007964579346590\" \/>\n<meta property=\"article:published_time\" content=\"2019-06-11T22:06:09+00:00\" \/>\n<meta name=\"author\" content=\"Jean-Marie Jouzel\" \/>\n<meta name=\"twitter:card\" content=\"summary_large_image\" \/>\n<meta name=\"twitter:label1\" content=\"\u00c9crit par\" \/>\n\t<meta name=\"twitter:data1\" content=\"Jean-Marie Jouzel\" \/>\n\t<meta name=\"twitter:label2\" content=\"Dur\u00e9e de lecture estim\u00e9e\" \/>\n\t<meta name=\"twitter:data2\" content=\"1 minute\" \/>\n<script type=\"application\/ld+json\" class=\"yoast-schema-graph\">{\"@context\":\"https:\\\/\\\/schema.org\",\"@graph\":[{\"@type\":\"Article\",\"@id\":\"https:\\\/\\\/janze-athletisme.fr\\\/wordpress\\\/la-turballe\\\/#article\",\"isPartOf\":{\"@id\":\"https:\\\/\\\/janze-athletisme.fr\\\/wordpress\\\/la-turballe\\\/\"},\"author\":{\"name\":\"Jean-Marie Jouzel\",\"@id\":\"https:\\\/\\\/janze-athletisme.fr\\\/wordpress\\\/#\\\/schema\\\/person\\\/e27efa3d49687b81c679eb0b5c4973e9\"},\"headline\":\"La Turballe\",\"datePublished\":\"2019-06-11T22:06:09+00:00\",\"mainEntityOfPage\":{\"@id\":\"https:\\\/\\\/janze-athletisme.fr\\\/wordpress\\\/la-turballe\\\/\"},\"wordCount\":177,\"commentCount\":0,\"publisher\":{\"@id\":\"https:\\\/\\\/janze-athletisme.fr\\\/wordpress\\\/#organization\"},\"articleSection\":[\"Le club au jour le jour\"],\"inLanguage\":\"fr-FR\",\"potentialAction\":[{\"@type\":\"CommentAction\",\"name\":\"Comment\",\"target\":[\"https:\\\/\\\/janze-athletisme.fr\\\/wordpress\\\/la-turballe\\\/#respond\"]}]},{\"@type\":\"WebPage\",\"@id\":\"https:\\\/\\\/janze-athletisme.fr\\\/wordpress\\\/la-turballe\\\/\",\"url\":\"https:\\\/\\\/janze-athletisme.fr\\\/wordpress\\\/la-turballe\\\/\",\"name\":\"La Turballe - Janz\u00e9 Athl\u00e9tisme\",\"isPartOf\":{\"@id\":\"https:\\\/\\\/janze-athletisme.fr\\\/wordpress\\\/#website\"},\"datePublished\":\"2019-06-11T22:06:09+00:00\",\"breadcrumb\":{\"@id\":\"https:\\\/\\\/janze-athletisme.fr\\\/wordpress\\\/la-turballe\\\/#breadcrumb\"},\"inLanguage\":\"fr-FR\",\"potentialAction\":[{\"@type\":\"ReadAction\",\"target\":[\"https:\\\/\\\/janze-athletisme.fr\\\/wordpress\\\/la-turballe\\\/\"]}]},{\"@type\":\"BreadcrumbList\",\"@id\":\"https:\\\/\\\/janze-athletisme.fr\\\/wordpress\\\/la-turballe\\\/#breadcrumb\",\"itemListElement\":[{\"@type\":\"ListItem\",\"position\":1,\"name\":\"Accueil\",\"item\":\"https:\\\/\\\/janze-athletisme.fr\\\/wordpress\\\/\"},{\"@type\":\"ListItem\",\"position\":2,\"name\":\"La Turballe\"}]},{\"@type\":\"WebSite\",\"@id\":\"https:\\\/\\\/janze-athletisme.fr\\\/wordpress\\\/#website\",\"url\":\"https:\\\/\\\/janze-athletisme.fr\\\/wordpress\\\/\",\"name\":\"Janz\u00e9 Athl\u00e9tisme\",\"description\":\"Pays de La Roche aux F\u00e9es\",\"publisher\":{\"@id\":\"https:\\\/\\\/janze-athletisme.fr\\\/wordpress\\\/#organization\"},\"potentialAction\":[{\"@type\":\"SearchAction\",\"target\":{\"@type\":\"EntryPoint\",\"urlTemplate\":\"https:\\\/\\\/janze-athletisme.fr\\\/wordpress\\\/?s={search_term_string}\"},\"query-input\":{\"@type\":\"PropertyValueSpecification\",\"valueRequired\":true,\"valueName\":\"search_term_string\"}}],\"inLanguage\":\"fr-FR\"},{\"@type\":\"Organization\",\"@id\":\"https:\\\/\\\/janze-athletisme.fr\\\/wordpress\\\/#organization\",\"name\":\"Janz\u00e9 Athl\u00e9tisme\",\"url\":\"https:\\\/\\\/janze-athletisme.fr\\\/wordpress\\\/\",\"logo\":{\"@type\":\"ImageObject\",\"inLanguage\":\"fr-FR\",\"@id\":\"https:\\\/\\\/janze-athletisme.fr\\\/wordpress\\\/#\\\/schema\\\/logo\\\/image\\\/\",\"url\":\"https:\\\/\\\/janze-athletisme.fr\\\/wordpress\\\/wp-content\\\/uploads\\\/2015\\\/03\\\/logo-full1.jpg\",\"contentUrl\":\"https:\\\/\\\/janze-athletisme.fr\\\/wordpress\\\/wp-content\\\/uploads\\\/2015\\\/03\\\/logo-full1.jpg\",\"width\":437,\"height\":205,\"caption\":\"Janz\u00e9 Athl\u00e9tisme\"},\"image\":{\"@id\":\"https:\\\/\\\/janze-athletisme.fr\\\/wordpress\\\/#\\\/schema\\\/logo\\\/image\\\/\"},\"sameAs\":[\"https:\\\/\\\/www.facebook.com\\\/groups\\\/1007964579346590\"]},{\"@type\":\"Person\",\"@id\":\"https:\\\/\\\/janze-athletisme.fr\\\/wordpress\\\/#\\\/schema\\\/person\\\/e27efa3d49687b81c679eb0b5c4973e9\",\"name\":\"Jean-Marie Jouzel\",\"image\":{\"@type\":\"ImageObject\",\"inLanguage\":\"fr-FR\",\"@id\":\"https:\\\/\\\/secure.gravatar.com\\\/avatar\\\/6aaee532914ad5ae9d6b4c13c953c6689456493b17979b560cf8fd0c344930ab?s=96&d=mm&r=g\",\"url\":\"https:\\\/\\\/secure.gravatar.com\\\/avatar\\\/6aaee532914ad5ae9d6b4c13c953c6689456493b17979b560cf8fd0c344930ab?s=96&d=mm&r=g\",\"contentUrl\":\"https:\\\/\\\/secure.gravatar.com\\\/avatar\\\/6aaee532914ad5ae9d6b4c13c953c6689456493b17979b560cf8fd0c344930ab?s=96&d=mm&r=g\",\"caption\":\"Jean-Marie Jouzel\"},\"url\":\"https:\\\/\\\/janze-athletisme.fr\\\/wordpress\\\/author\\\/jmjouzel\\\/\"}]}<\/script>\n<!-- \/ Yoast SEO plugin. -->","yoast_head_json":{"title":"La Turballe - Janz\u00e9 Athl\u00e9tisme","robots":{"index":"index","follow":"follow","max-snippet":"max-snippet:-1","max-image-preview":"max-image-preview:large","max-video-preview":"max-video-preview:-1"},"canonical":"https:\/\/janze-athletisme.fr\/wordpress\/la-turballe\/","og_locale":"fr_FR","og_type":"article","og_title":"La Turballe - Janz\u00e9 Athl\u00e9tisme","og_description":"La Turballe Mare Trail Petite escapade au bord de la mer pour Laurine qui s&rsquo;est offerte entre deux plats de moules les foul\u00e9es turballaises et le trail le lendemain ! son r\u00e9cit&#8230; \u00ab\u00a0Au menu\u00a0: 10 kms le samedi soir dans les rues de la Turballe pour se mettre en app\u00e9tit puis le dimanche matin, un [&hellip;]","og_url":"https:\/\/janze-athletisme.fr\/wordpress\/la-turballe\/","og_site_name":"Janz\u00e9 Athl\u00e9tisme","article_publisher":"https:\/\/www.facebook.com\/groups\/1007964579346590","article_published_time":"2019-06-11T22:06:09+00:00","author":"Jean-Marie Jouzel","twitter_card":"summary_large_image","twitter_misc":{"\u00c9crit par":"Jean-Marie Jouzel","Dur\u00e9e de lecture estim\u00e9e":"1 minute"},"schema":{"@context":"https:\/\/schema.org","@graph":[{"@type":"Article","@id":"https:\/\/janze-athletisme.fr\/wordpress\/la-turballe\/#article","isPartOf":{"@id":"https:\/\/janze-athletisme.fr\/wordpress\/la-turballe\/"},"author":{"name":"Jean-Marie Jouzel","@id":"https:\/\/janze-athletisme.fr\/wordpress\/#\/schema\/person\/e27efa3d49687b81c679eb0b5c4973e9"},"headline":"La Turballe","datePublished":"2019-06-11T22:06:09+00:00","mainEntityOfPage":{"@id":"https:\/\/janze-athletisme.fr\/wordpress\/la-turballe\/"},"wordCount":177,"commentCount":0,"publisher":{"@id":"https:\/\/janze-athletisme.fr\/wordpress\/#organization"},"articleSection":["Le club au jour le jour"],"inLanguage":"fr-FR","potentialAction":[{"@type":"CommentAction","name":"Comment","target":["https:\/\/janze-athletisme.fr\/wordpress\/la-turballe\/#respond"]}]},{"@type":"WebPage","@id":"https:\/\/janze-athletisme.fr\/wordpress\/la-turballe\/","url":"https:\/\/janze-athletisme.fr\/wordpress\/la-turballe\/","name":"La Turballe - Janz\u00e9 Athl\u00e9tisme","isPartOf":{"@id":"https:\/\/janze-athletisme.fr\/wordpress\/#website"},"datePublished":"2019-06-11T22:06:09+00:00","breadcrumb":{"@id":"https:\/\/janze-athletisme.fr\/wordpress\/la-turballe\/#breadcrumb"},"inLanguage":"fr-FR","potentialAction":[{"@type":"ReadAction","target":["https:\/\/janze-athletisme.fr\/wordpress\/la-turballe\/"]}]},{"@type":"BreadcrumbList","@id":"https:\/\/janze-athletisme.fr\/wordpress\/la-turballe\/#breadcrumb","itemListElement":[{"@type":"ListItem","position":1,"name":"Accueil","item":"https:\/\/janze-athletisme.fr\/wordpress\/"},{"@type":"ListItem","position":2,"name":"La Turballe"}]},{"@type":"WebSite","@id":"https:\/\/janze-athletisme.fr\/wordpress\/#website","url":"https:\/\/janze-athletisme.fr\/wordpress\/","name":"Janz\u00e9 Athl\u00e9tisme","description":"Pays de La Roche aux F\u00e9es","publisher":{"@id":"https:\/\/janze-athletisme.fr\/wordpress\/#organization"},"potentialAction":[{"@type":"SearchAction","target":{"@type":"EntryPoint","urlTemplate":"https:\/\/janze-athletisme.fr\/wordpress\/?s={search_term_string}"},"query-input":{"@type":"PropertyValueSpecification","valueRequired":true,"valueName":"search_term_string"}}],"inLanguage":"fr-FR"},{"@type":"Organization","@id":"https:\/\/janze-athletisme.fr\/wordpress\/#organization","name":"Janz\u00e9 Athl\u00e9tisme","url":"https:\/\/janze-athletisme.fr\/wordpress\/","logo":{"@type":"ImageObject","inLanguage":"fr-FR","@id":"https:\/\/janze-athletisme.fr\/wordpress\/#\/schema\/logo\/image\/","url":"https:\/\/janze-athletisme.fr\/wordpress\/wp-content\/uploads\/2015\/03\/logo-full1.jpg","contentUrl":"https:\/\/janze-athletisme.fr\/wordpress\/wp-content\/uploads\/2015\/03\/logo-full1.jpg","width":437,"height":205,"caption":"Janz\u00e9 Athl\u00e9tisme"},"image":{"@id":"https:\/\/janze-athletisme.fr\/wordpress\/#\/schema\/logo\/image\/"},"sameAs":["https:\/\/www.facebook.com\/groups\/1007964579346590"]},{"@type":"Person","@id":"https:\/\/janze-athletisme.fr\/wordpress\/#\/schema\/person\/e27efa3d49687b81c679eb0b5c4973e9","name":"Jean-Marie Jouzel","image":{"@type":"ImageObject","inLanguage":"fr-FR","@id":"https:\/\/secure.gravatar.com\/avatar\/6aaee532914ad5ae9d6b4c13c953c6689456493b17979b560cf8fd0c344930ab?s=96&d=mm&r=g","url":"https:\/\/secure.gravatar.com\/avatar\/6aaee532914ad5ae9d6b4c13c953c6689456493b17979b560cf8fd0c344930ab?s=96&d=mm&r=g","contentUrl":"https:\/\/secure.gravatar.com\/avatar\/6aaee532914ad5ae9d6b4c13c953c6689456493b17979b560cf8fd0c344930ab?s=96&d=mm&r=g","caption":"Jean-Marie Jouzel"},"url":"https:\/\/janze-athletisme.fr\/wordpress\/author\/jmjouzel\/"}]}},"uagb_featured_image_src":{"full":false,"thumbnail":false,"medium":false,"medium_large":false,"large":false,"1536x1536":false,"2048x2048":false},"uagb_author_info":{"display_name":"Jean-Marie Jouzel","author_link":"https:\/\/janze-athletisme.fr\/wordpress\/author\/jmjouzel\/"},"uagb_comment_info":0,"uagb_excerpt":"La Turballe Mare Trail Petite escapade au bord de la mer pour Laurine qui s&rsquo;est offerte entre deux plats de moules les foul\u00e9es turballaises et le trail le lendemain ! son r\u00e9cit&#8230; \u00ab\u00a0Au menu\u00a0: 10 kms le samedi soir dans les rues de la Turballe pour se mettre en app\u00e9tit puis le dimanche matin, un\u2026","_links":{"self":[{"href":"https:\/\/janze-athletisme.fr\/wordpress\/wp-json\/wp\/v2\/posts\/5185","targetHints":{"allow":["GET"]}}],"collection":[{"href":"https:\/\/janze-athletisme.fr\/wordpress\/wp-json\/wp\/v2\/posts"}],"about":[{"href":"https:\/\/janze-athletisme.fr\/wordpress\/wp-json\/wp\/v2\/types\/post"}],"author":[{"embeddable":true,"href":"https:\/\/janze-athletisme.fr\/wordpress\/wp-json\/wp\/v2\/users\/8"}],"replies":[{"embeddable":true,"href":"https:\/\/janze-athletisme.fr\/wordpress\/wp-json\/wp\/v2\/comments?post=5185"}],"version-history":[{"count":1,"href":"https:\/\/janze-athletisme.fr\/wordpress\/wp-json\/wp\/v2\/posts\/5185\/revisions"}],"predecessor-version":[{"id":5186,"href":"https:\/\/janze-athletisme.fr\/wordpress\/wp-json\/wp\/v2\/posts\/5185\/revisions\/5186"}],"wp:attachment":[{"href":"https:\/\/janze-athletisme.fr\/wordpress\/wp-json\/wp\/v2\/media?parent=5185"}],"wp:term":[{"taxonomy":"category","embeddable":true,"href":"https:\/\/janze-athletisme.fr\/wordpress\/wp-json\/wp\/v2\/categories?post=5185"},{"taxonomy":"post_tag","embeddable":true,"href":"https:\/\/janze-athletisme.fr\/wordpress\/wp-json\/wp\/v2\/tags?post=5185"}],"curies":[{"name":"wp","href":"https:\/\/api.w.org\/{rel}","templated":true}]}}