{"id":5172,"date":"2019-06-07T07:27:08","date_gmt":"2019-06-07T05:27:08","guid":{"rendered":"http:\/\/janze-athletisme.fr\/wordpress\/?p=5172"},"modified":"2019-06-07T07:27:08","modified_gmt":"2019-06-07T05:27:08","slug":"championnats-departementaux-montfort-s-meu","status":"publish","type":"post","link":"https:\/\/janze-athletisme.fr\/wordpress\/championnats-departementaux-montfort-s-meu\/","title":{"rendered":"Championnats d\u00e9partementaux &#8211; Montfort s\/ Meu"},"content":{"rendered":"<h1 style=\"text-align: center;\"><strong><span style=\"text-decoration: underline;\"><span style=\"color: #ff0000; text-decoration: underline;\">Championnat d\u00e9partemental benjamins et minimes<\/span><\/span><\/strong><\/h1>\n<p><a href=\"http:\/\/janze-athletisme.fr\/wordpress\/wp-content\/uploads\/2019\/06\/podiums.jpg\"><img loading=\"lazy\" decoding=\"async\" class=\"aligncenter size-large wp-image-5173\" src=\"http:\/\/janze-athletisme.fr\/wordpress\/wp-content\/uploads\/2019\/06\/podiums-1024x557.jpg\" alt=\"\" width=\"654\" height=\"356\" srcset=\"https:\/\/janze-athletisme.fr\/wordpress\/wp-content\/uploads\/2019\/06\/podiums-1024x557.jpg 1024w, https:\/\/janze-athletisme.fr\/wordpress\/wp-content\/uploads\/2019\/06\/podiums-300x163.jpg 300w, https:\/\/janze-athletisme.fr\/wordpress\/wp-content\/uploads\/2019\/06\/podiums-768x418.jpg 768w, https:\/\/janze-athletisme.fr\/wordpress\/wp-content\/uploads\/2019\/06\/podiums-2x1.jpg 2w, https:\/\/janze-athletisme.fr\/wordpress\/wp-content\/uploads\/2019\/06\/podiums.jpg 1268w\" sizes=\"auto, (max-width: 654px) 100vw, 654px\" \/><\/a><\/p>\n<p><span style=\"color: #000000;\">Une semaine apr\u00e8s l&rsquo;\u00e9quip&rsquo;athl\u00e9, et sous un soleil de plomb, les benjamins et minimes reprenaient le chemin de la comp\u00e9tition ce samedi 1er juin, pour le championnat d\u00e9partemental. L&rsquo;occasion pour plusieurs d&rsquo;entre eux de confirmer leurs exploits et leur forme du moment. Malheureusement, la situation de ce championnat au cours du long weekend de l&rsquo;Ascension n&rsquo;a permis de pr\u00e9senter que 5 janz\u00e9ens chez les benjamins le matin, et 3 chez les minimes l&rsquo;apr\u00e8s-midi. Mais tous ont eu \u00e0 coeur de prouver qu&rsquo;ils avaient bien fait de venir, et le club a \u00e9t\u00e9 dignement repr\u00e9sent\u00e9 sur les podiums : <strong>Audrenn F.<\/strong> championne d\u00e9partementale au javelot, et vice-championne au 50m haies; <strong>Ana\u00eblle M.<\/strong> championne d\u00e9partementale au 1000m et vice-championne au javelot; <strong>l&rsquo;\u00e9quipe BEF<\/strong> 3\u00e8me d\u00e9partementale au relais 4*60m, <strong>Mathis P.<\/strong> vice-champion d\u00e9partemental au saut en hauteur. Un grand bravo \u00e0 tous !!!<\/span><\/p>\n<p><span style=\"color: #000000;\">Photos : <a href=\"https:\/\/photos.app.goo.gl\/aDSD42MmsRcYB5gx6\"><strong><span style=\"text-decoration: underline;\"><span style=\"color: #ff0000; text-decoration: underline;\">CLIC !!!<\/span><\/span><\/strong><\/a><\/span><\/p>\n<p><span style=\"color: #000000;\">Les r\u00e9sultats plus bas dans l&rsquo;article.<\/span><\/p>\n<h1 style=\"text-align: center;\"><span style=\"text-decoration: underline; color: #ff0000;\"><strong>Championnat d\u00e9partemental cadets et plus<\/strong><\/span><\/h1>\n<p><span style=\"color: #000000;\">Le tout r\u00e9cent stade de Montfort sur Meu n&rsquo;a pas d\u00e9sempli du weekend, puisque, \u00e0 peine la comp\u00e9tition des minimes termin\u00e9e, commen\u00e7ait le championnat d\u00e9partemental des cadets et plus, avec notamment une belle palanqu\u00e9e de janz\u00e9en(ne)s inscrit(e)s au 1500m, et pour tous, un nouveau record !!!! Il n&rsquo;y avait pas de challenge d&rsquo;\u00e9quipe, sinon nous aurions forc\u00e9ment gagn\u00e9 !!!<\/span><\/p>\n<p><span style=\"color: #000000;\">Et le lendemain, dimanche , retour \u00e0 Montfort pour la suite et fin de ce championnat d\u00e9partemental, avec 8 athl\u00e8tes janz\u00e9ens venus d\u00e9fendre les couleurs du club, et \u00e0 nouveau plusieurs podiums, dont<strong> l&rsquo;\u00e9quipe de CAF\u00a0<\/strong>qui termine vice-championne\u00a0au relais 4*100m !!!<\/span><\/p>\n<p><span style=\"color: #000000;\">De peur d&rsquo;oublier de citer un podium, je ne ferai pas la liste (il y en a eu tellement, aussi !). La suite dans 15 jours avec le championnat de Bretagne&#8230;<\/span><\/p>\n<p><span style=\"color: #000000;\">Quelques photos ici : <a href=\"https:\/\/photos.app.goo.gl\/bkkNcJNeBUpvHXe47\"><strong><span style=\"color: #ff0000;\">CLIC !!!<\/span><\/strong><\/a><\/span><\/p>\n<h1 style=\"text-align: center;\"><span style=\"text-decoration: underline;\"><strong><span style=\"color: #ff0000; text-decoration: underline;\">Meeting Evelyne Joannic \u00e0 Foug\u00e8res &#8211; mercredi 29 mai<\/span><\/strong><\/span><\/h1>\n<p><span style=\"color: #000000;\">N&rsquo;oublions pas non plus de signaler que le meeting Evelyne Joannic, qui a eu lieu mercredi 29 mai, \u00e9tait support de quelques unes des \u00e9preuves pour le championnat d\u00e9partemental. L\u00e0 encore, de tr\u00e8s belles performances ont \u00e9t\u00e9 r\u00e9alis\u00e9es, notamment\u00a0<strong>Florine G.<\/strong>\u00a0qui monte sur le podium au 5000m, et <strong>K\u00e9ven G.<\/strong> au 3000m steeple. Bravo !<\/span><\/p>\n<p><span style=\"color: #000000;\">Merci \u00e0 tous les b\u00e9n\u00e9voles du club qui ont donn\u00e9 de leur temps au jury ou \u00e0 l&rsquo;accompagnement des jeunes au cours de ce championnat !<\/span><\/p>\n<p><a href=\"http:\/\/janze-athletisme.fr\/wordpress\/wp-content\/uploads\/2019\/06\/abhghlllkdhhmibf.png\"><img loading=\"lazy\" decoding=\"async\" class=\"aligncenter size-full wp-image-5174\" src=\"http:\/\/janze-athletisme.fr\/wordpress\/wp-content\/uploads\/2019\/06\/abhghlllkdhhmibf.png\" alt=\"\" width=\"755\" height=\"1012\" srcset=\"https:\/\/janze-athletisme.fr\/wordpress\/wp-content\/uploads\/2019\/06\/abhghlllkdhhmibf.png 755w, https:\/\/janze-athletisme.fr\/wordpress\/wp-content\/uploads\/2019\/06\/abhghlllkdhhmibf-224x300.png 224w, https:\/\/janze-athletisme.fr\/wordpress\/wp-content\/uploads\/2019\/06\/abhghlllkdhhmibf-1x1.png 1w\" sizes=\"auto, (max-width: 755px) 100vw, 755px\" \/><\/a><\/p>\n","protected":false},"excerpt":{"rendered":"<p>Championnat d\u00e9partemental benjamins et minimes Une semaine apr\u00e8s l&rsquo;\u00e9quip&rsquo;athl\u00e9, et sous un soleil de plomb, les benjamins et minimes reprenaient le chemin de la comp\u00e9tition ce samedi 1er juin, pour le championnat d\u00e9partemental. L&rsquo;occasion pour plusieurs d&rsquo;entre eux de confirmer leurs exploits et leur forme du moment. Malheureusement, la situation de ce championnat au cours [&hellip;]<\/p>\n","protected":false},"author":3,"featured_media":0,"comment_status":"open","ping_status":"open","sticky":false,"template":"","format":"aside","meta":{"_uag_custom_page_level_css":"","site-sidebar-layout":"default","site-content-layout":"","ast-site-content-layout":"default","site-content-style":"default","site-sidebar-style":"default","ast-global-header-display":"","ast-banner-title-visibility":"","ast-main-header-display":"","ast-hfb-above-header-display":"","ast-hfb-below-header-display":"","ast-hfb-mobile-header-display":"","site-post-title":"","ast-breadcrumbs-content":"","ast-featured-img":"","footer-sml-layout":"","ast-disable-related-posts":"","theme-transparent-header-meta":"","adv-header-id-meta":"","stick-header-meta":"","header-above-stick-meta":"","header-main-stick-meta":"","header-below-stick-meta":"","astra-migrate-meta-layouts":"default","ast-page-background-enabled":"default","ast-page-background-meta":{"desktop":{"background-color":"var(--ast-global-color-4)","background-image":"","background-repeat":"repeat","background-position":"center center","background-size":"auto","background-attachment":"scroll","background-type":"","background-media":"","overlay-type":"","overlay-color":"","overlay-opacity":"","overlay-gradient":""},"tablet":{"background-color":"","background-image":"","background-repeat":"repeat","background-position":"center center","background-size":"auto","background-attachment":"scroll","background-type":"","background-media":"","overlay-type":"","overlay-color":"","overlay-opacity":"","overlay-gradient":""},"mobile":{"background-color":"","background-image":"","background-repeat":"repeat","background-position":"center center","background-size":"auto","background-attachment":"scroll","background-type":"","background-media":"","overlay-type":"","overlay-color":"","overlay-opacity":"","overlay-gradient":""}},"ast-content-background-meta":{"desktop":{"background-color":"var(--ast-global-color-5)","background-image":"","background-repeat":"repeat","background-position":"center center","background-size":"auto","background-attachment":"scroll","background-type":"","background-media":"","overlay-type":"","overlay-color":"","overlay-opacity":"","overlay-gradient":""},"tablet":{"background-color":"var(--ast-global-color-5)","background-image":"","background-repeat":"repeat","background-position":"center center","background-size":"auto","background-attachment":"scroll","background-type":"","background-media":"","overlay-type":"","overlay-color":"","overlay-opacity":"","overlay-gradient":""},"mobile":{"background-color":"var(--ast-global-color-5)","background-image":"","background-repeat":"repeat","background-position":"center center","background-size":"auto","background-attachment":"scroll","background-type":"","background-media":"","overlay-type":"","overlay-color":"","overlay-opacity":"","overlay-gradient":""}},"footnotes":""},"categories":[6],"tags":[],"class_list":["post-5172","post","type-post","status-publish","format-aside","hentry","category-sections","post_format-post-format-aside"],"yoast_head":"<!-- This site is optimized with the Yoast SEO plugin v27.5 - https:\/\/yoast.com\/product\/yoast-seo-wordpress\/ -->\n<title>Championnats d\u00e9partementaux - Montfort s\/ Meu - Janz\u00e9 Athl\u00e9tisme<\/title>\n<meta name=\"robots\" content=\"index, follow, max-snippet:-1, max-image-preview:large, max-video-preview:-1\" \/>\n<link rel=\"canonical\" href=\"https:\/\/janze-athletisme.fr\/wordpress\/championnats-departementaux-montfort-s-meu\/\" \/>\n<meta property=\"og:locale\" content=\"fr_FR\" \/>\n<meta property=\"og:type\" content=\"article\" \/>\n<meta property=\"og:title\" content=\"Championnats d\u00e9partementaux - Montfort s\/ Meu - Janz\u00e9 Athl\u00e9tisme\" \/>\n<meta property=\"og:description\" content=\"Championnat d\u00e9partemental benjamins et minimes Une semaine apr\u00e8s l&rsquo;\u00e9quip&rsquo;athl\u00e9, et sous un soleil de plomb, les benjamins et minimes reprenaient le chemin de la comp\u00e9tition ce samedi 1er juin, pour le championnat d\u00e9partemental. L&rsquo;occasion pour plusieurs d&rsquo;entre eux de confirmer leurs exploits et leur forme du moment. Malheureusement, la situation de ce championnat au cours [&hellip;]\" \/>\n<meta property=\"og:url\" content=\"https:\/\/janze-athletisme.fr\/wordpress\/championnats-departementaux-montfort-s-meu\/\" \/>\n<meta property=\"og:site_name\" content=\"Janz\u00e9 Athl\u00e9tisme\" \/>\n<meta property=\"article:publisher\" content=\"https:\/\/www.facebook.com\/groups\/1007964579346590\" \/>\n<meta property=\"article:published_time\" content=\"2019-06-07T05:27:08+00:00\" \/>\n<meta property=\"og:image\" content=\"http:\/\/janze-athletisme.fr\/wordpress\/wp-content\/uploads\/2019\/06\/podiums-1024x557.jpg\" \/>\n<meta name=\"author\" content=\"Fr\u00e9d\u00e9ric Graye\" \/>\n<meta name=\"twitter:card\" content=\"summary_large_image\" \/>\n<meta name=\"twitter:label1\" content=\"\u00c9crit par\" \/>\n\t<meta name=\"twitter:data1\" content=\"Fr\u00e9d\u00e9ric Graye\" \/>\n\t<meta name=\"twitter:label2\" content=\"Dur\u00e9e de lecture estim\u00e9e\" \/>\n\t<meta name=\"twitter:data2\" content=\"2 minutes\" \/>\n<script type=\"application\/ld+json\" class=\"yoast-schema-graph\">{\"@context\":\"https:\\\/\\\/schema.org\",\"@graph\":[{\"@type\":\"Article\",\"@id\":\"https:\\\/\\\/janze-athletisme.fr\\\/wordpress\\\/championnats-departementaux-montfort-s-meu\\\/#article\",\"isPartOf\":{\"@id\":\"https:\\\/\\\/janze-athletisme.fr\\\/wordpress\\\/championnats-departementaux-montfort-s-meu\\\/\"},\"author\":{\"name\":\"Fr\u00e9d\u00e9ric Graye\",\"@id\":\"https:\\\/\\\/janze-athletisme.fr\\\/wordpress\\\/#\\\/schema\\\/person\\\/d0d91611dc85e1635e00511152f92f6c\"},\"headline\":\"Championnats d\u00e9partementaux &#8211; Montfort s\\\/ Meu\",\"datePublished\":\"2019-06-07T05:27:08+00:00\",\"mainEntityOfPage\":{\"@id\":\"https:\\\/\\\/janze-athletisme.fr\\\/wordpress\\\/championnats-departementaux-montfort-s-meu\\\/\"},\"wordCount\":427,\"commentCount\":0,\"publisher\":{\"@id\":\"https:\\\/\\\/janze-athletisme.fr\\\/wordpress\\\/#organization\"},\"image\":{\"@id\":\"https:\\\/\\\/janze-athletisme.fr\\\/wordpress\\\/championnats-departementaux-montfort-s-meu\\\/#primaryimage\"},\"thumbnailUrl\":\"http:\\\/\\\/janze-athletisme.fr\\\/wordpress\\\/wp-content\\\/uploads\\\/2019\\\/06\\\/podiums-1024x557.jpg\",\"articleSection\":[\"Le club au jour le jour\"],\"inLanguage\":\"fr-FR\",\"potentialAction\":[{\"@type\":\"CommentAction\",\"name\":\"Comment\",\"target\":[\"https:\\\/\\\/janze-athletisme.fr\\\/wordpress\\\/championnats-departementaux-montfort-s-meu\\\/#respond\"]}]},{\"@type\":\"WebPage\",\"@id\":\"https:\\\/\\\/janze-athletisme.fr\\\/wordpress\\\/championnats-departementaux-montfort-s-meu\\\/\",\"url\":\"https:\\\/\\\/janze-athletisme.fr\\\/wordpress\\\/championnats-departementaux-montfort-s-meu\\\/\",\"name\":\"Championnats d\u00e9partementaux - Montfort s\\\/ Meu - Janz\u00e9 Athl\u00e9tisme\",\"isPartOf\":{\"@id\":\"https:\\\/\\\/janze-athletisme.fr\\\/wordpress\\\/#website\"},\"primaryImageOfPage\":{\"@id\":\"https:\\\/\\\/janze-athletisme.fr\\\/wordpress\\\/championnats-departementaux-montfort-s-meu\\\/#primaryimage\"},\"image\":{\"@id\":\"https:\\\/\\\/janze-athletisme.fr\\\/wordpress\\\/championnats-departementaux-montfort-s-meu\\\/#primaryimage\"},\"thumbnailUrl\":\"http:\\\/\\\/janze-athletisme.fr\\\/wordpress\\\/wp-content\\\/uploads\\\/2019\\\/06\\\/podiums-1024x557.jpg\",\"datePublished\":\"2019-06-07T05:27:08+00:00\",\"breadcrumb\":{\"@id\":\"https:\\\/\\\/janze-athletisme.fr\\\/wordpress\\\/championnats-departementaux-montfort-s-meu\\\/#breadcrumb\"},\"inLanguage\":\"fr-FR\",\"potentialAction\":[{\"@type\":\"ReadAction\",\"target\":[\"https:\\\/\\\/janze-athletisme.fr\\\/wordpress\\\/championnats-departementaux-montfort-s-meu\\\/\"]}]},{\"@type\":\"ImageObject\",\"inLanguage\":\"fr-FR\",\"@id\":\"https:\\\/\\\/janze-athletisme.fr\\\/wordpress\\\/championnats-departementaux-montfort-s-meu\\\/#primaryimage\",\"url\":\"http:\\\/\\\/janze-athletisme.fr\\\/wordpress\\\/wp-content\\\/uploads\\\/2019\\\/06\\\/podiums-1024x557.jpg\",\"contentUrl\":\"http:\\\/\\\/janze-athletisme.fr\\\/wordpress\\\/wp-content\\\/uploads\\\/2019\\\/06\\\/podiums-1024x557.jpg\"},{\"@type\":\"BreadcrumbList\",\"@id\":\"https:\\\/\\\/janze-athletisme.fr\\\/wordpress\\\/championnats-departementaux-montfort-s-meu\\\/#breadcrumb\",\"itemListElement\":[{\"@type\":\"ListItem\",\"position\":1,\"name\":\"Accueil\",\"item\":\"https:\\\/\\\/janze-athletisme.fr\\\/wordpress\\\/\"},{\"@type\":\"ListItem\",\"position\":2,\"name\":\"Championnats d\u00e9partementaux &#8211; Montfort s\\\/ Meu\"}]},{\"@type\":\"WebSite\",\"@id\":\"https:\\\/\\\/janze-athletisme.fr\\\/wordpress\\\/#website\",\"url\":\"https:\\\/\\\/janze-athletisme.fr\\\/wordpress\\\/\",\"name\":\"Janz\u00e9 Athl\u00e9tisme\",\"description\":\"Pays de La Roche aux F\u00e9es\",\"publisher\":{\"@id\":\"https:\\\/\\\/janze-athletisme.fr\\\/wordpress\\\/#organization\"},\"potentialAction\":[{\"@type\":\"SearchAction\",\"target\":{\"@type\":\"EntryPoint\",\"urlTemplate\":\"https:\\\/\\\/janze-athletisme.fr\\\/wordpress\\\/?s={search_term_string}\"},\"query-input\":{\"@type\":\"PropertyValueSpecification\",\"valueRequired\":true,\"valueName\":\"search_term_string\"}}],\"inLanguage\":\"fr-FR\"},{\"@type\":\"Organization\",\"@id\":\"https:\\\/\\\/janze-athletisme.fr\\\/wordpress\\\/#organization\",\"name\":\"Janz\u00e9 Athl\u00e9tisme\",\"url\":\"https:\\\/\\\/janze-athletisme.fr\\\/wordpress\\\/\",\"logo\":{\"@type\":\"ImageObject\",\"inLanguage\":\"fr-FR\",\"@id\":\"https:\\\/\\\/janze-athletisme.fr\\\/wordpress\\\/#\\\/schema\\\/logo\\\/image\\\/\",\"url\":\"https:\\\/\\\/janze-athletisme.fr\\\/wordpress\\\/wp-content\\\/uploads\\\/2015\\\/03\\\/logo-full1.jpg\",\"contentUrl\":\"https:\\\/\\\/janze-athletisme.fr\\\/wordpress\\\/wp-content\\\/uploads\\\/2015\\\/03\\\/logo-full1.jpg\",\"width\":437,\"height\":205,\"caption\":\"Janz\u00e9 Athl\u00e9tisme\"},\"image\":{\"@id\":\"https:\\\/\\\/janze-athletisme.fr\\\/wordpress\\\/#\\\/schema\\\/logo\\\/image\\\/\"},\"sameAs\":[\"https:\\\/\\\/www.facebook.com\\\/groups\\\/1007964579346590\"]},{\"@type\":\"Person\",\"@id\":\"https:\\\/\\\/janze-athletisme.fr\\\/wordpress\\\/#\\\/schema\\\/person\\\/d0d91611dc85e1635e00511152f92f6c\",\"name\":\"Fr\u00e9d\u00e9ric Graye\",\"image\":{\"@type\":\"ImageObject\",\"inLanguage\":\"fr-FR\",\"@id\":\"https:\\\/\\\/secure.gravatar.com\\\/avatar\\\/3c698f3bb9d0e9fd7adcea83ce599a75775b1f86e450228044b2d9c172b90db8?s=96&d=mm&r=g\",\"url\":\"https:\\\/\\\/secure.gravatar.com\\\/avatar\\\/3c698f3bb9d0e9fd7adcea83ce599a75775b1f86e450228044b2d9c172b90db8?s=96&d=mm&r=g\",\"contentUrl\":\"https:\\\/\\\/secure.gravatar.com\\\/avatar\\\/3c698f3bb9d0e9fd7adcea83ce599a75775b1f86e450228044b2d9c172b90db8?s=96&d=mm&r=g\",\"caption\":\"Fr\u00e9d\u00e9ric Graye\"},\"url\":\"https:\\\/\\\/janze-athletisme.fr\\\/wordpress\\\/author\\\/jathe_adm\\\/\"}]}<\/script>\n<!-- \/ Yoast SEO plugin. -->","yoast_head_json":{"title":"Championnats d\u00e9partementaux - Montfort s\/ Meu - Janz\u00e9 Athl\u00e9tisme","robots":{"index":"index","follow":"follow","max-snippet":"max-snippet:-1","max-image-preview":"max-image-preview:large","max-video-preview":"max-video-preview:-1"},"canonical":"https:\/\/janze-athletisme.fr\/wordpress\/championnats-departementaux-montfort-s-meu\/","og_locale":"fr_FR","og_type":"article","og_title":"Championnats d\u00e9partementaux - Montfort s\/ Meu - Janz\u00e9 Athl\u00e9tisme","og_description":"Championnat d\u00e9partemental benjamins et minimes Une semaine apr\u00e8s l&rsquo;\u00e9quip&rsquo;athl\u00e9, et sous un soleil de plomb, les benjamins et minimes reprenaient le chemin de la comp\u00e9tition ce samedi 1er juin, pour le championnat d\u00e9partemental. L&rsquo;occasion pour plusieurs d&rsquo;entre eux de confirmer leurs exploits et leur forme du moment. Malheureusement, la situation de ce championnat au cours [&hellip;]","og_url":"https:\/\/janze-athletisme.fr\/wordpress\/championnats-departementaux-montfort-s-meu\/","og_site_name":"Janz\u00e9 Athl\u00e9tisme","article_publisher":"https:\/\/www.facebook.com\/groups\/1007964579346590","article_published_time":"2019-06-07T05:27:08+00:00","og_image":[{"url":"http:\/\/janze-athletisme.fr\/wordpress\/wp-content\/uploads\/2019\/06\/podiums-1024x557.jpg","type":"","width":"","height":""}],"author":"Fr\u00e9d\u00e9ric Graye","twitter_card":"summary_large_image","twitter_misc":{"\u00c9crit par":"Fr\u00e9d\u00e9ric Graye","Dur\u00e9e de lecture estim\u00e9e":"2 minutes"},"schema":{"@context":"https:\/\/schema.org","@graph":[{"@type":"Article","@id":"https:\/\/janze-athletisme.fr\/wordpress\/championnats-departementaux-montfort-s-meu\/#article","isPartOf":{"@id":"https:\/\/janze-athletisme.fr\/wordpress\/championnats-departementaux-montfort-s-meu\/"},"author":{"name":"Fr\u00e9d\u00e9ric Graye","@id":"https:\/\/janze-athletisme.fr\/wordpress\/#\/schema\/person\/d0d91611dc85e1635e00511152f92f6c"},"headline":"Championnats d\u00e9partementaux &#8211; Montfort s\/ Meu","datePublished":"2019-06-07T05:27:08+00:00","mainEntityOfPage":{"@id":"https:\/\/janze-athletisme.fr\/wordpress\/championnats-departementaux-montfort-s-meu\/"},"wordCount":427,"commentCount":0,"publisher":{"@id":"https:\/\/janze-athletisme.fr\/wordpress\/#organization"},"image":{"@id":"https:\/\/janze-athletisme.fr\/wordpress\/championnats-departementaux-montfort-s-meu\/#primaryimage"},"thumbnailUrl":"http:\/\/janze-athletisme.fr\/wordpress\/wp-content\/uploads\/2019\/06\/podiums-1024x557.jpg","articleSection":["Le club au jour le jour"],"inLanguage":"fr-FR","potentialAction":[{"@type":"CommentAction","name":"Comment","target":["https:\/\/janze-athletisme.fr\/wordpress\/championnats-departementaux-montfort-s-meu\/#respond"]}]},{"@type":"WebPage","@id":"https:\/\/janze-athletisme.fr\/wordpress\/championnats-departementaux-montfort-s-meu\/","url":"https:\/\/janze-athletisme.fr\/wordpress\/championnats-departementaux-montfort-s-meu\/","name":"Championnats d\u00e9partementaux - Montfort s\/ Meu - Janz\u00e9 Athl\u00e9tisme","isPartOf":{"@id":"https:\/\/janze-athletisme.fr\/wordpress\/#website"},"primaryImageOfPage":{"@id":"https:\/\/janze-athletisme.fr\/wordpress\/championnats-departementaux-montfort-s-meu\/#primaryimage"},"image":{"@id":"https:\/\/janze-athletisme.fr\/wordpress\/championnats-departementaux-montfort-s-meu\/#primaryimage"},"thumbnailUrl":"http:\/\/janze-athletisme.fr\/wordpress\/wp-content\/uploads\/2019\/06\/podiums-1024x557.jpg","datePublished":"2019-06-07T05:27:08+00:00","breadcrumb":{"@id":"https:\/\/janze-athletisme.fr\/wordpress\/championnats-departementaux-montfort-s-meu\/#breadcrumb"},"inLanguage":"fr-FR","potentialAction":[{"@type":"ReadAction","target":["https:\/\/janze-athletisme.fr\/wordpress\/championnats-departementaux-montfort-s-meu\/"]}]},{"@type":"ImageObject","inLanguage":"fr-FR","@id":"https:\/\/janze-athletisme.fr\/wordpress\/championnats-departementaux-montfort-s-meu\/#primaryimage","url":"http:\/\/janze-athletisme.fr\/wordpress\/wp-content\/uploads\/2019\/06\/podiums-1024x557.jpg","contentUrl":"http:\/\/janze-athletisme.fr\/wordpress\/wp-content\/uploads\/2019\/06\/podiums-1024x557.jpg"},{"@type":"BreadcrumbList","@id":"https:\/\/janze-athletisme.fr\/wordpress\/championnats-departementaux-montfort-s-meu\/#breadcrumb","itemListElement":[{"@type":"ListItem","position":1,"name":"Accueil","item":"https:\/\/janze-athletisme.fr\/wordpress\/"},{"@type":"ListItem","position":2,"name":"Championnats d\u00e9partementaux &#8211; Montfort s\/ Meu"}]},{"@type":"WebSite","@id":"https:\/\/janze-athletisme.fr\/wordpress\/#website","url":"https:\/\/janze-athletisme.fr\/wordpress\/","name":"Janz\u00e9 Athl\u00e9tisme","description":"Pays de La Roche aux F\u00e9es","publisher":{"@id":"https:\/\/janze-athletisme.fr\/wordpress\/#organization"},"potentialAction":[{"@type":"SearchAction","target":{"@type":"EntryPoint","urlTemplate":"https:\/\/janze-athletisme.fr\/wordpress\/?s={search_term_string}"},"query-input":{"@type":"PropertyValueSpecification","valueRequired":true,"valueName":"search_term_string"}}],"inLanguage":"fr-FR"},{"@type":"Organization","@id":"https:\/\/janze-athletisme.fr\/wordpress\/#organization","name":"Janz\u00e9 Athl\u00e9tisme","url":"https:\/\/janze-athletisme.fr\/wordpress\/","logo":{"@type":"ImageObject","inLanguage":"fr-FR","@id":"https:\/\/janze-athletisme.fr\/wordpress\/#\/schema\/logo\/image\/","url":"https:\/\/janze-athletisme.fr\/wordpress\/wp-content\/uploads\/2015\/03\/logo-full1.jpg","contentUrl":"https:\/\/janze-athletisme.fr\/wordpress\/wp-content\/uploads\/2015\/03\/logo-full1.jpg","width":437,"height":205,"caption":"Janz\u00e9 Athl\u00e9tisme"},"image":{"@id":"https:\/\/janze-athletisme.fr\/wordpress\/#\/schema\/logo\/image\/"},"sameAs":["https:\/\/www.facebook.com\/groups\/1007964579346590"]},{"@type":"Person","@id":"https:\/\/janze-athletisme.fr\/wordpress\/#\/schema\/person\/d0d91611dc85e1635e00511152f92f6c","name":"Fr\u00e9d\u00e9ric Graye","image":{"@type":"ImageObject","inLanguage":"fr-FR","@id":"https:\/\/secure.gravatar.com\/avatar\/3c698f3bb9d0e9fd7adcea83ce599a75775b1f86e450228044b2d9c172b90db8?s=96&d=mm&r=g","url":"https:\/\/secure.gravatar.com\/avatar\/3c698f3bb9d0e9fd7adcea83ce599a75775b1f86e450228044b2d9c172b90db8?s=96&d=mm&r=g","contentUrl":"https:\/\/secure.gravatar.com\/avatar\/3c698f3bb9d0e9fd7adcea83ce599a75775b1f86e450228044b2d9c172b90db8?s=96&d=mm&r=g","caption":"Fr\u00e9d\u00e9ric Graye"},"url":"https:\/\/janze-athletisme.fr\/wordpress\/author\/jathe_adm\/"}]}},"uagb_featured_image_src":{"full":false,"thumbnail":false,"medium":false,"medium_large":false,"large":false,"1536x1536":false,"2048x2048":false},"uagb_author_info":{"display_name":"Fr\u00e9d\u00e9ric Graye","author_link":"https:\/\/janze-athletisme.fr\/wordpress\/author\/jathe_adm\/"},"uagb_comment_info":0,"uagb_excerpt":"Championnat d\u00e9partemental benjamins et minimes Une semaine apr\u00e8s l&rsquo;\u00e9quip&rsquo;athl\u00e9, et sous un soleil de plomb, les benjamins et minimes reprenaient le chemin de la comp\u00e9tition ce samedi 1er juin, pour le championnat d\u00e9partemental. L&rsquo;occasion pour plusieurs d&rsquo;entre eux de confirmer leurs exploits et leur forme du moment. Malheureusement, la situation de ce championnat au cours\u2026","_links":{"self":[{"href":"https:\/\/janze-athletisme.fr\/wordpress\/wp-json\/wp\/v2\/posts\/5172","targetHints":{"allow":["GET"]}}],"collection":[{"href":"https:\/\/janze-athletisme.fr\/wordpress\/wp-json\/wp\/v2\/posts"}],"about":[{"href":"https:\/\/janze-athletisme.fr\/wordpress\/wp-json\/wp\/v2\/types\/post"}],"author":[{"embeddable":true,"href":"https:\/\/janze-athletisme.fr\/wordpress\/wp-json\/wp\/v2\/users\/3"}],"replies":[{"embeddable":true,"href":"https:\/\/janze-athletisme.fr\/wordpress\/wp-json\/wp\/v2\/comments?post=5172"}],"version-history":[{"count":1,"href":"https:\/\/janze-athletisme.fr\/wordpress\/wp-json\/wp\/v2\/posts\/5172\/revisions"}],"predecessor-version":[{"id":5175,"href":"https:\/\/janze-athletisme.fr\/wordpress\/wp-json\/wp\/v2\/posts\/5172\/revisions\/5175"}],"wp:attachment":[{"href":"https:\/\/janze-athletisme.fr\/wordpress\/wp-json\/wp\/v2\/media?parent=5172"}],"wp:term":[{"taxonomy":"category","embeddable":true,"href":"https:\/\/janze-athletisme.fr\/wordpress\/wp-json\/wp\/v2\/categories?post=5172"},{"taxonomy":"post_tag","embeddable":true,"href":"https:\/\/janze-athletisme.fr\/wordpress\/wp-json\/wp\/v2\/tags?post=5172"}],"curies":[{"name":"wp","href":"https:\/\/api.w.org\/{rel}","templated":true}]}}