{"id":5159,"date":"2019-06-04T22:18:23","date_gmt":"2019-06-04T20:18:23","guid":{"rendered":"http:\/\/janze-athletisme.fr\/wordpress\/?p=5159"},"modified":"2019-06-05T10:48:57","modified_gmt":"2019-06-05T08:48:57","slug":"5159-2","status":"publish","type":"post","link":"https:\/\/janze-athletisme.fr\/wordpress\/5159-2\/","title":{"rendered":""},"content":{"rendered":"<h1 style=\"text-align: center;\"><span style=\"text-decoration: underline; color: #ff0000;\"><strong>Stage pr\u00e9paration d\u00e9but de saison<\/strong><\/span><\/h1>\n<h3 style=\"text-align: left;\"><span style=\"color: #000000;\">Cher(e)s coureuses et coureurs hors stade,<\/span><\/h3>\n<p><span style=\"color: #000000;\">Le club de Janz\u00e9 Athl\u00e9tisme Pays de la Roche aux F\u00e9es vous propose un WE d&rsquo;entrainement PPG (Pr\u00e9paration Physique G\u00e9n\u00e9rale) de d\u00e9but de saison pour la prochaine saison 2019-20.<\/span><\/p>\n<p><span style=\"color: #000000;\">Cette offre est ouverte aux coureurs et coureuses hors stade licenci\u00e9(e)s cette ann\u00e9e et qui sont s\u00fbr de renouveler cette licence la saison prochaine (sept 2019). <b>30 places maximum !<\/b><\/span><\/p>\n<p><span style=\"color: #000000;\">Cette prestation aura lieu le <b><u>WE du 20 au 22 sept 2019 \u00e0 Morlaix.<\/u><\/b><\/span><\/p>\n<p><span style=\"color: #000000;\">Le d\u00e9part sera le vendredi en fin d&rsquo;apr\u00e8s-midi vers 18h et le retour le dimanche soir au plus tard \u00e0 20h.<\/span><\/p>\n<p><span style=\"color: #000000;\">Durant ces 2 jours 1\/2, des s\u00e9ances sp\u00e9cifiques seront propos\u00e9es, des sorties endurances sur la c\u00f4te (diff\u00e9rentes distances), du travail de renforcement, mais aussi des activit\u00e9s parall\u00e8les et compl\u00e9mentaires \u00e0 la course \u00e0 pied (activit\u00e9s nautiques)<\/span><\/p>\n<p><span style=\"color: #000000;\">Le Club de Janz\u00e9 Athl\u00e9tisme, prend en charge une partie des frais d&rsquo;organisation mais une participation de <b><u>75 \u20ac<\/u><\/b> est demand\u00e9e aux athl\u00e8tes (montant \u00e0 confirmer en fonction du nombre d&rsquo;inscrits)<\/span><\/p>\n<p><span style=\"color: #000000;\"><b><u>Cette prestation comprend :<\/u><\/b><\/span><\/p>\n<ul type=\"disc\">\n<li><span style=\"color: #000000;\">le transport A\/R (Janz\u00e9-Morlaix)<\/span><\/li>\n<li><span style=\"color: #000000;\">le logement en mobile home 5 personnes (Camping Baie de Terenez)<\/span><\/li>\n<li><span style=\"color: #000000;\">La nourriture (2x petits d\u00e9jeuners, 2x d\u00e9jeuners et 1x d\u00eener)<\/span><\/li>\n<li><span style=\"color: #000000;\">NB\u00a0: A chacun de pr\u00e9voir son pique-nique pour le vendredi soir (pr\u00e9vu sur le trajet)<\/span><\/li>\n<li><span style=\"color: #000000;\">Les s\u00e9ances d&rsquo;entra\u00eenements\u00a0<\/span><\/li>\n<li><span style=\"color: #000000;\">Les activit\u00e9s nautiques<\/span><\/li>\n<\/ul>\n<p><span style=\"color: #000000;\"><u><b>Conditions d&rsquo;inscription<\/b> <b>:<\/b><\/u><\/span><\/p>\n<p><span style=\"color: #000000;\">Ce WE est ouvert aux athl\u00e8tes HS de tous niveaux avec<u> licence valide au 20\/09\/2019<\/u><\/span><\/p>\n<p><span style=\"color: #000000;\">\u00a0<u>et <b>limit\u00e9 \u00e0 30 personnes max.<\/b><\/u><b>\u00a0<\/b><\/span><\/p>\n<p><span style=\"color: #000000;\"><b>Priorit\u00e9 aux 1<sup>ers<\/sup> inscrits<\/b><\/span><\/p>\n<p><span style=\"color: #000000;\">Lieu : baie de Morlaix<\/span><\/p>\n<p><span style=\"color: #000000;\"><b><u>Paiement \u00e0 l&rsquo;inscription<\/u><\/b><u>, apr\u00e8s confirmation du groupe complet<\/u>.<\/span><\/p>\n<p><span style=\"color: #000000;\">Si annulation avant le WE\u00a0:<\/span><\/p>\n<p><span style=\"color: #000000;\">&#8211;\u00a0\u00a0\u00a0\u00a0\u00a0\u00a0\u00a0\u00a0 Urgence m\u00e9dicale avec certificat du m\u00e9decin<\/span><\/p>\n<p><span style=\"color: #000000;\">&#8211;\u00a0\u00a0\u00a0\u00a0\u00a0\u00a0\u00a0\u00a0 Motif personnel\u00a0: l&rsquo;athl\u00e8te doit trouver son rempla\u00e7ant sous peine de perdre son engagement financier<\/span><\/p>\n<p><span style=\"color: #000000;\">Afin de pouvoir finaliser ce projet, nous avons besoin de votre confirmation d\u2019inscription.<\/span><\/p>\n<p><span style=\"color: #000000;\">Ce moment sera non seulement une excellente p\u00e9riode de pr\u00e9paration de la nouvelle saison mais aussi un moment de convivialit\u00e9 entre coureuses et coureurs.<\/span><\/p>\n<p><span style=\"color: #000000;\">Merci de vous inscrire via le lien DOODLE qui vous a \u00e9t\u00e9 envoy\u00e9 par mail.<\/span><\/p>\n<p><span style=\"color: #000000;\"><b><u>Date limite d\u2019inscription\u00a0: 09 juin 2019<\/u><\/b><\/span><\/p>\n<p><span style=\"color: #000000;\">Rappel\u00a0: <b>30 places maximum<\/b> et priorit\u00e9 par date d\u2019inscription au doodle.<\/span><\/p>\n<p><span style=\"color: #000000;\"><b><i>Sportivement,<\/i><\/b><\/span><\/p>\n<p><span style=\"color: #000000;\"><b><i>Pour le Club de Janz\u00e9 Athl\u00e9tisme Pays de la Roche aux F\u00e9es<\/i><\/b><\/span><\/p>\n<h1 style=\"text-align: center;\"><span style=\"text-decoration: underline;\"><strong><span style=\"color: #ff0000; text-decoration: underline;\">Les Foul\u00e9es vertes de Rennes-Le Blosne<\/span><\/strong><\/span><\/h1>\n<p><span style=\"color: #000000;\">Un petit tour dans la ZUP Sud pour nos Janz\u00e9ens. \u00ab\u00a0Y&rsquo;en a t&rsquo;y de grandes maisons !\u00a0\u00bb s&rsquo;est \u00e9cri\u00e9 <strong>Jean-Pau<\/strong>l qui en a profit\u00e9 pour faire le 5 et le 10km pour mieux visiter, n&rsquo;\u00e9tant pas habitu\u00e9 \u00e0 la grand ville !!! belle perf \u00e9galement pour <strong>St\u00e9phanie<\/strong> qui finit 1\u00e8re V1 sur le 5. J\u00e9r\u00f4me suivant de pr\u00e8s JP avec <strong>Jacky<\/strong> et <strong>St\u00e9phane<\/strong> pas loin derri\u00e8re. Bravo les poulet(te)s !!!<\/span><\/p>\n<p>[ws_table id=\u00a0\u00bb848&Prime;]<\/p>\n<h1 style=\"text-align: center;\"><span style=\"text-decoration: underline;\"><strong><span style=\"color: #ff0000; text-decoration: underline;\">Les foul\u00e9es Gestoises (49)<\/span><\/strong><\/span><\/h1>\n<p><span style=\"color: #000000;\"><strong>Christophe<\/strong>, l&rsquo;homme en forme du moment continue d&rsquo;affiner sa pr\u00e9paration pour le GRP des Pyr\u00e9n\u00e9es. Beau chrono en tout cas qui laisse pr\u00e9sager de bonnes choses pour la suite !<\/span><\/p>\n<p>[ws_table id=\u00a0\u00bb847&Prime;]<\/p>\n<h1 style=\"text-align: center;\"><span style=\"text-decoration: underline;\"><strong><span style=\"color: #ff0000; text-decoration: underline;\">Foul\u00e9es de Domloup<\/span><\/strong><\/span><\/h1>\n<p><span style=\"color: #000000;\">Beaucoup de pointures \u00e0 Domloup pour les traditionnelles foul\u00e9es. D&rsquo;apr\u00e8s ce qu&rsquo;on voit, nos anciens en ont encore sous la semelle !!!<\/span><\/p>\n<p>[ws_table id=\u00a0\u00bb846&Prime;]<\/p>\n","protected":false},"excerpt":{"rendered":"<p>Stage pr\u00e9paration d\u00e9but de saison Cher(e)s coureuses et coureurs hors stade, Le club de Janz\u00e9 Athl\u00e9tisme Pays de la Roche aux F\u00e9es vous propose un WE d&rsquo;entrainement PPG (Pr\u00e9paration Physique G\u00e9n\u00e9rale) de d\u00e9but de saison pour la prochaine saison 2019-20. Cette offre est ouverte aux coureurs et coureuses hors stade licenci\u00e9(e)s cette ann\u00e9e et qui [&hellip;]<\/p>\n","protected":false},"author":8,"featured_media":0,"comment_status":"open","ping_status":"open","sticky":false,"template":"","format":"aside","meta":{"_uag_custom_page_level_css":"","site-sidebar-layout":"default","site-content-layout":"","ast-site-content-layout":"default","site-content-style":"default","site-sidebar-style":"default","ast-global-header-display":"","ast-banner-title-visibility":"","ast-main-header-display":"","ast-hfb-above-header-display":"","ast-hfb-below-header-display":"","ast-hfb-mobile-header-display":"","site-post-title":"","ast-breadcrumbs-content":"","ast-featured-img":"","footer-sml-layout":"","ast-disable-related-posts":"","theme-transparent-header-meta":"","adv-header-id-meta":"","stick-header-meta":"","header-above-stick-meta":"","header-main-stick-meta":"","header-below-stick-meta":"","astra-migrate-meta-layouts":"default","ast-page-background-enabled":"default","ast-page-background-meta":{"desktop":{"background-color":"var(--ast-global-color-4)","background-image":"","background-repeat":"repeat","background-position":"center center","background-size":"auto","background-attachment":"scroll","background-type":"","background-media":"","overlay-type":"","overlay-color":"","overlay-opacity":"","overlay-gradient":""},"tablet":{"background-color":"","background-image":"","background-repeat":"repeat","background-position":"center center","background-size":"auto","background-attachment":"scroll","background-type":"","background-media":"","overlay-type":"","overlay-color":"","overlay-opacity":"","overlay-gradient":""},"mobile":{"background-color":"","background-image":"","background-repeat":"repeat","background-position":"center center","background-size":"auto","background-attachment":"scroll","background-type":"","background-media":"","overlay-type":"","overlay-color":"","overlay-opacity":"","overlay-gradient":""}},"ast-content-background-meta":{"desktop":{"background-color":"var(--ast-global-color-5)","background-image":"","background-repeat":"repeat","background-position":"center center","background-size":"auto","background-attachment":"scroll","background-type":"","background-media":"","overlay-type":"","overlay-color":"","overlay-opacity":"","overlay-gradient":""},"tablet":{"background-color":"var(--ast-global-color-5)","background-image":"","background-repeat":"repeat","background-position":"center center","background-size":"auto","background-attachment":"scroll","background-type":"","background-media":"","overlay-type":"","overlay-color":"","overlay-opacity":"","overlay-gradient":""},"mobile":{"background-color":"var(--ast-global-color-5)","background-image":"","background-repeat":"repeat","background-position":"center center","background-size":"auto","background-attachment":"scroll","background-type":"","background-media":"","overlay-type":"","overlay-color":"","overlay-opacity":"","overlay-gradient":""}},"footnotes":""},"categories":[6],"tags":[],"class_list":["post-5159","post","type-post","status-publish","format-aside","hentry","category-sections","post_format-post-format-aside"],"yoast_head":"<!-- This site is optimized with the Yoast SEO plugin v27.5 - https:\/\/yoast.com\/product\/yoast-seo-wordpress\/ -->\n<title>- Janz\u00e9 Athl\u00e9tisme<\/title>\n<meta name=\"robots\" content=\"index, follow, max-snippet:-1, max-image-preview:large, max-video-preview:-1\" \/>\n<link rel=\"canonical\" href=\"https:\/\/janze-athletisme.fr\/wordpress\/5159-2\/\" \/>\n<meta property=\"og:locale\" content=\"fr_FR\" \/>\n<meta property=\"og:type\" content=\"article\" \/>\n<meta property=\"og:title\" content=\"- Janz\u00e9 Athl\u00e9tisme\" \/>\n<meta property=\"og:description\" content=\"Stage pr\u00e9paration d\u00e9but de saison Cher(e)s coureuses et coureurs hors stade, Le club de Janz\u00e9 Athl\u00e9tisme Pays de la Roche aux F\u00e9es vous propose un WE d&rsquo;entrainement PPG (Pr\u00e9paration Physique G\u00e9n\u00e9rale) de d\u00e9but de saison pour la prochaine saison 2019-20. Cette offre est ouverte aux coureurs et coureuses hors stade licenci\u00e9(e)s cette ann\u00e9e et qui [&hellip;]\" \/>\n<meta property=\"og:url\" content=\"https:\/\/janze-athletisme.fr\/wordpress\/5159-2\/\" \/>\n<meta property=\"og:site_name\" content=\"Janz\u00e9 Athl\u00e9tisme\" \/>\n<meta property=\"article:publisher\" content=\"https:\/\/www.facebook.com\/groups\/1007964579346590\" \/>\n<meta property=\"article:published_time\" content=\"2019-06-04T20:18:23+00:00\" \/>\n<meta property=\"article:modified_time\" content=\"2019-06-05T08:48:57+00:00\" \/>\n<meta name=\"author\" content=\"Jean-Marie Jouzel\" \/>\n<meta name=\"twitter:card\" content=\"summary_large_image\" \/>\n<meta name=\"twitter:label1\" content=\"\u00c9crit par\" \/>\n\t<meta name=\"twitter:data1\" content=\"Jean-Marie Jouzel\" \/>\n\t<meta name=\"twitter:label2\" content=\"Dur\u00e9e de lecture estim\u00e9e\" \/>\n\t<meta name=\"twitter:data2\" content=\"3 minutes\" \/>\n<script type=\"application\/ld+json\" class=\"yoast-schema-graph\">{\"@context\":\"https:\\\/\\\/schema.org\",\"@graph\":[{\"@type\":\"Article\",\"@id\":\"https:\\\/\\\/janze-athletisme.fr\\\/wordpress\\\/5159-2\\\/#article\",\"isPartOf\":{\"@id\":\"https:\\\/\\\/janze-athletisme.fr\\\/wordpress\\\/5159-2\\\/\"},\"author\":{\"name\":\"Jean-Marie Jouzel\",\"@id\":\"https:\\\/\\\/janze-athletisme.fr\\\/wordpress\\\/#\\\/schema\\\/person\\\/e27efa3d49687b81c679eb0b5c4973e9\"},\"headline\":\"Aucun titre\",\"datePublished\":\"2019-06-04T20:18:23+00:00\",\"dateModified\":\"2019-06-05T08:48:57+00:00\",\"mainEntityOfPage\":{\"@id\":\"https:\\\/\\\/janze-athletisme.fr\\\/wordpress\\\/5159-2\\\/\"},\"wordCount\":565,\"commentCount\":0,\"publisher\":{\"@id\":\"https:\\\/\\\/janze-athletisme.fr\\\/wordpress\\\/#organization\"},\"articleSection\":[\"Le club au jour le jour\"],\"inLanguage\":\"fr-FR\",\"potentialAction\":[{\"@type\":\"CommentAction\",\"name\":\"Comment\",\"target\":[\"https:\\\/\\\/janze-athletisme.fr\\\/wordpress\\\/5159-2\\\/#respond\"]}]},{\"@type\":\"WebPage\",\"@id\":\"https:\\\/\\\/janze-athletisme.fr\\\/wordpress\\\/5159-2\\\/\",\"url\":\"https:\\\/\\\/janze-athletisme.fr\\\/wordpress\\\/5159-2\\\/\",\"name\":\"- Janz\u00e9 Athl\u00e9tisme\",\"isPartOf\":{\"@id\":\"https:\\\/\\\/janze-athletisme.fr\\\/wordpress\\\/#website\"},\"datePublished\":\"2019-06-04T20:18:23+00:00\",\"dateModified\":\"2019-06-05T08:48:57+00:00\",\"inLanguage\":\"fr-FR\",\"potentialAction\":[{\"@type\":\"ReadAction\",\"target\":[\"https:\\\/\\\/janze-athletisme.fr\\\/wordpress\\\/5159-2\\\/\"]}]},{\"@type\":\"WebSite\",\"@id\":\"https:\\\/\\\/janze-athletisme.fr\\\/wordpress\\\/#website\",\"url\":\"https:\\\/\\\/janze-athletisme.fr\\\/wordpress\\\/\",\"name\":\"Janz\u00e9 Athl\u00e9tisme\",\"description\":\"Pays de La Roche aux F\u00e9es\",\"publisher\":{\"@id\":\"https:\\\/\\\/janze-athletisme.fr\\\/wordpress\\\/#organization\"},\"potentialAction\":[{\"@type\":\"SearchAction\",\"target\":{\"@type\":\"EntryPoint\",\"urlTemplate\":\"https:\\\/\\\/janze-athletisme.fr\\\/wordpress\\\/?s={search_term_string}\"},\"query-input\":{\"@type\":\"PropertyValueSpecification\",\"valueRequired\":true,\"valueName\":\"search_term_string\"}}],\"inLanguage\":\"fr-FR\"},{\"@type\":\"Organization\",\"@id\":\"https:\\\/\\\/janze-athletisme.fr\\\/wordpress\\\/#organization\",\"name\":\"Janz\u00e9 Athl\u00e9tisme\",\"url\":\"https:\\\/\\\/janze-athletisme.fr\\\/wordpress\\\/\",\"logo\":{\"@type\":\"ImageObject\",\"inLanguage\":\"fr-FR\",\"@id\":\"https:\\\/\\\/janze-athletisme.fr\\\/wordpress\\\/#\\\/schema\\\/logo\\\/image\\\/\",\"url\":\"https:\\\/\\\/janze-athletisme.fr\\\/wordpress\\\/wp-content\\\/uploads\\\/2015\\\/03\\\/logo-full1.jpg\",\"contentUrl\":\"https:\\\/\\\/janze-athletisme.fr\\\/wordpress\\\/wp-content\\\/uploads\\\/2015\\\/03\\\/logo-full1.jpg\",\"width\":437,\"height\":205,\"caption\":\"Janz\u00e9 Athl\u00e9tisme\"},\"image\":{\"@id\":\"https:\\\/\\\/janze-athletisme.fr\\\/wordpress\\\/#\\\/schema\\\/logo\\\/image\\\/\"},\"sameAs\":[\"https:\\\/\\\/www.facebook.com\\\/groups\\\/1007964579346590\"]},{\"@type\":\"Person\",\"@id\":\"https:\\\/\\\/janze-athletisme.fr\\\/wordpress\\\/#\\\/schema\\\/person\\\/e27efa3d49687b81c679eb0b5c4973e9\",\"name\":\"Jean-Marie Jouzel\",\"image\":{\"@type\":\"ImageObject\",\"inLanguage\":\"fr-FR\",\"@id\":\"https:\\\/\\\/secure.gravatar.com\\\/avatar\\\/6aaee532914ad5ae9d6b4c13c953c6689456493b17979b560cf8fd0c344930ab?s=96&d=mm&r=g\",\"url\":\"https:\\\/\\\/secure.gravatar.com\\\/avatar\\\/6aaee532914ad5ae9d6b4c13c953c6689456493b17979b560cf8fd0c344930ab?s=96&d=mm&r=g\",\"contentUrl\":\"https:\\\/\\\/secure.gravatar.com\\\/avatar\\\/6aaee532914ad5ae9d6b4c13c953c6689456493b17979b560cf8fd0c344930ab?s=96&d=mm&r=g\",\"caption\":\"Jean-Marie Jouzel\"},\"url\":\"https:\\\/\\\/janze-athletisme.fr\\\/wordpress\\\/author\\\/jmjouzel\\\/\"}]}<\/script>\n<!-- \/ Yoast SEO plugin. -->","yoast_head_json":{"title":"- Janz\u00e9 Athl\u00e9tisme","robots":{"index":"index","follow":"follow","max-snippet":"max-snippet:-1","max-image-preview":"max-image-preview:large","max-video-preview":"max-video-preview:-1"},"canonical":"https:\/\/janze-athletisme.fr\/wordpress\/5159-2\/","og_locale":"fr_FR","og_type":"article","og_title":"- Janz\u00e9 Athl\u00e9tisme","og_description":"Stage pr\u00e9paration d\u00e9but de saison Cher(e)s coureuses et coureurs hors stade, Le club de Janz\u00e9 Athl\u00e9tisme Pays de la Roche aux F\u00e9es vous propose un WE d&rsquo;entrainement PPG (Pr\u00e9paration Physique G\u00e9n\u00e9rale) de d\u00e9but de saison pour la prochaine saison 2019-20. Cette offre est ouverte aux coureurs et coureuses hors stade licenci\u00e9(e)s cette ann\u00e9e et qui [&hellip;]","og_url":"https:\/\/janze-athletisme.fr\/wordpress\/5159-2\/","og_site_name":"Janz\u00e9 Athl\u00e9tisme","article_publisher":"https:\/\/www.facebook.com\/groups\/1007964579346590","article_published_time":"2019-06-04T20:18:23+00:00","article_modified_time":"2019-06-05T08:48:57+00:00","author":"Jean-Marie Jouzel","twitter_card":"summary_large_image","twitter_misc":{"\u00c9crit par":"Jean-Marie Jouzel","Dur\u00e9e de lecture estim\u00e9e":"3 minutes"},"schema":{"@context":"https:\/\/schema.org","@graph":[{"@type":"Article","@id":"https:\/\/janze-athletisme.fr\/wordpress\/5159-2\/#article","isPartOf":{"@id":"https:\/\/janze-athletisme.fr\/wordpress\/5159-2\/"},"author":{"name":"Jean-Marie Jouzel","@id":"https:\/\/janze-athletisme.fr\/wordpress\/#\/schema\/person\/e27efa3d49687b81c679eb0b5c4973e9"},"headline":"Aucun titre","datePublished":"2019-06-04T20:18:23+00:00","dateModified":"2019-06-05T08:48:57+00:00","mainEntityOfPage":{"@id":"https:\/\/janze-athletisme.fr\/wordpress\/5159-2\/"},"wordCount":565,"commentCount":0,"publisher":{"@id":"https:\/\/janze-athletisme.fr\/wordpress\/#organization"},"articleSection":["Le club au jour le jour"],"inLanguage":"fr-FR","potentialAction":[{"@type":"CommentAction","name":"Comment","target":["https:\/\/janze-athletisme.fr\/wordpress\/5159-2\/#respond"]}]},{"@type":"WebPage","@id":"https:\/\/janze-athletisme.fr\/wordpress\/5159-2\/","url":"https:\/\/janze-athletisme.fr\/wordpress\/5159-2\/","name":"- Janz\u00e9 Athl\u00e9tisme","isPartOf":{"@id":"https:\/\/janze-athletisme.fr\/wordpress\/#website"},"datePublished":"2019-06-04T20:18:23+00:00","dateModified":"2019-06-05T08:48:57+00:00","inLanguage":"fr-FR","potentialAction":[{"@type":"ReadAction","target":["https:\/\/janze-athletisme.fr\/wordpress\/5159-2\/"]}]},{"@type":"WebSite","@id":"https:\/\/janze-athletisme.fr\/wordpress\/#website","url":"https:\/\/janze-athletisme.fr\/wordpress\/","name":"Janz\u00e9 Athl\u00e9tisme","description":"Pays de La Roche aux F\u00e9es","publisher":{"@id":"https:\/\/janze-athletisme.fr\/wordpress\/#organization"},"potentialAction":[{"@type":"SearchAction","target":{"@type":"EntryPoint","urlTemplate":"https:\/\/janze-athletisme.fr\/wordpress\/?s={search_term_string}"},"query-input":{"@type":"PropertyValueSpecification","valueRequired":true,"valueName":"search_term_string"}}],"inLanguage":"fr-FR"},{"@type":"Organization","@id":"https:\/\/janze-athletisme.fr\/wordpress\/#organization","name":"Janz\u00e9 Athl\u00e9tisme","url":"https:\/\/janze-athletisme.fr\/wordpress\/","logo":{"@type":"ImageObject","inLanguage":"fr-FR","@id":"https:\/\/janze-athletisme.fr\/wordpress\/#\/schema\/logo\/image\/","url":"https:\/\/janze-athletisme.fr\/wordpress\/wp-content\/uploads\/2015\/03\/logo-full1.jpg","contentUrl":"https:\/\/janze-athletisme.fr\/wordpress\/wp-content\/uploads\/2015\/03\/logo-full1.jpg","width":437,"height":205,"caption":"Janz\u00e9 Athl\u00e9tisme"},"image":{"@id":"https:\/\/janze-athletisme.fr\/wordpress\/#\/schema\/logo\/image\/"},"sameAs":["https:\/\/www.facebook.com\/groups\/1007964579346590"]},{"@type":"Person","@id":"https:\/\/janze-athletisme.fr\/wordpress\/#\/schema\/person\/e27efa3d49687b81c679eb0b5c4973e9","name":"Jean-Marie Jouzel","image":{"@type":"ImageObject","inLanguage":"fr-FR","@id":"https:\/\/secure.gravatar.com\/avatar\/6aaee532914ad5ae9d6b4c13c953c6689456493b17979b560cf8fd0c344930ab?s=96&d=mm&r=g","url":"https:\/\/secure.gravatar.com\/avatar\/6aaee532914ad5ae9d6b4c13c953c6689456493b17979b560cf8fd0c344930ab?s=96&d=mm&r=g","contentUrl":"https:\/\/secure.gravatar.com\/avatar\/6aaee532914ad5ae9d6b4c13c953c6689456493b17979b560cf8fd0c344930ab?s=96&d=mm&r=g","caption":"Jean-Marie Jouzel"},"url":"https:\/\/janze-athletisme.fr\/wordpress\/author\/jmjouzel\/"}]}},"uagb_featured_image_src":{"full":false,"thumbnail":false,"medium":false,"medium_large":false,"large":false,"1536x1536":false,"2048x2048":false},"uagb_author_info":{"display_name":"Jean-Marie Jouzel","author_link":"https:\/\/janze-athletisme.fr\/wordpress\/author\/jmjouzel\/"},"uagb_comment_info":0,"uagb_excerpt":"Stage pr\u00e9paration d\u00e9but de saison Cher(e)s coureuses et coureurs hors stade, Le club de Janz\u00e9 Athl\u00e9tisme Pays de la Roche aux F\u00e9es vous propose un WE d&rsquo;entrainement PPG (Pr\u00e9paration Physique G\u00e9n\u00e9rale) de d\u00e9but de saison pour la prochaine saison 2019-20. Cette offre est ouverte aux coureurs et coureuses hors stade licenci\u00e9(e)s cette ann\u00e9e et qui\u2026","_links":{"self":[{"href":"https:\/\/janze-athletisme.fr\/wordpress\/wp-json\/wp\/v2\/posts\/5159","targetHints":{"allow":["GET"]}}],"collection":[{"href":"https:\/\/janze-athletisme.fr\/wordpress\/wp-json\/wp\/v2\/posts"}],"about":[{"href":"https:\/\/janze-athletisme.fr\/wordpress\/wp-json\/wp\/v2\/types\/post"}],"author":[{"embeddable":true,"href":"https:\/\/janze-athletisme.fr\/wordpress\/wp-json\/wp\/v2\/users\/8"}],"replies":[{"embeddable":true,"href":"https:\/\/janze-athletisme.fr\/wordpress\/wp-json\/wp\/v2\/comments?post=5159"}],"version-history":[{"count":6,"href":"https:\/\/janze-athletisme.fr\/wordpress\/wp-json\/wp\/v2\/posts\/5159\/revisions"}],"predecessor-version":[{"id":5169,"href":"https:\/\/janze-athletisme.fr\/wordpress\/wp-json\/wp\/v2\/posts\/5159\/revisions\/5169"}],"wp:attachment":[{"href":"https:\/\/janze-athletisme.fr\/wordpress\/wp-json\/wp\/v2\/media?parent=5159"}],"wp:term":[{"taxonomy":"category","embeddable":true,"href":"https:\/\/janze-athletisme.fr\/wordpress\/wp-json\/wp\/v2\/categories?post=5159"},{"taxonomy":"post_tag","embeddable":true,"href":"https:\/\/janze-athletisme.fr\/wordpress\/wp-json\/wp\/v2\/tags?post=5159"}],"curies":[{"name":"wp","href":"https:\/\/api.w.org\/{rel}","templated":true}]}}