{"id":5138,"date":"2019-05-30T17:09:02","date_gmt":"2019-05-30T15:09:02","guid":{"rendered":"http:\/\/janze-athletisme.fr\/wordpress\/?p=5138"},"modified":"2019-05-30T17:11:20","modified_gmt":"2019-05-30T15:11:20","slug":"equipathle-be-mi","status":"publish","type":"post","link":"https:\/\/janze-athletisme.fr\/wordpress\/equipathle-be-mi\/","title":{"rendered":"Equip&rsquo;athl\u00e9 BE-MI"},"content":{"rendered":"<h1 style=\"text-align: center;\"><strong><span style=\"text-decoration: underline;\"><span style=\"color: #ff0000; text-decoration: underline;\">Challenge Equip&rsquo;athl\u00e9 \u00e0 Pac\u00e9<\/span><\/span><\/strong><\/h1>\n<p><span style=\"color: #000000;\">Le challenge \u00e9quip&rsquo;athl\u00e9, c&rsquo;est un peu comme les interclubs, mais pour les benjamins et minimes, avec une \u00e9quipe r\u00e9duite (entre 4 et 6 athl\u00e8tes). Cette ann\u00e9e, c&rsquo;est le stade de Pac\u00e9 qui accueillait les benjamins et minimes du d\u00e9partement pour le tour printanier de ce challenge, samedi 25 mai dernier.<\/span><\/p>\n<p><span style=\"color: #000000;\">L&rsquo;EAC a montr\u00e9 ses couleurs tout au long de la journ\u00e9e, avec des repr\u00e9sentants des trois sections, qui ont permis de constituer 2 \u00e9quipes benjamines, une \u00e9quipe de benjamins, une \u00e9quipe de minimes filles et une \u00e9quipe de minimes gar\u00e7ons.<\/span><\/p>\n<p><span style=\"color: #000000;\">Voici les performances de chaque \u00e9quipe :\u00a0<\/span><\/p>\n<ul>\n<li><span style=\"color: #000000;\"><strong>BEF \u00e9quipe 1<\/strong> : Elsa M., Mary-Lou B., Malaury G., Audrenn F., Flora F. et Lisa J. totalisent 298 points (3\u00e8me place sur 13 \u00e9quipes)<\/span><\/li>\n<li><span style=\"color: #000000;\"><strong>BEF \u00e9quipe 2<\/strong> : Cl\u00e9mentine L., Loriane G., Ana\u00ebl H., Chlo\u00e9-Hanako H. et Coline D. totalisent 229 points (10\u00e8me place sur 13 \u00e9quipes)<\/span><\/li>\n<li><span style=\"color: #000000;\"><strong>BEM<\/strong> : Thibaut V., Alan B.-S., Nolan H., Th\u00e9o G., Fran\u00e7ois C. totalisent 260 points (5\u00e8me place sur 10 \u00e9quipes)<\/span><\/li>\n<li><span style=\"color: #000000;\"><strong>MIF<\/strong> : Ana T., Carmen M., La\u00efs M., et Yuna R. totalisent\u00a0175 points (9\u00e8me place sur 9 \u00e9quipes)<\/span><\/li>\n<li><span style=\"color: #000000;\"><strong>MIM<\/strong> : Augustin J., Robin L., Romain D., Luc A., Florian L. et Alexandre D. totalisent 261 points (5\u00e8me place sur 9 \u00e9quipes).<\/span><\/li>\n<\/ul>\n<p><span style=\"color: #000000;\">Bravo \u00e0 tous pour votre participation, parfois sur des disciplines que vous ne ma\u00eetrisiez pas tout \u00e0 fait ! Des photos ici : <strong><span style=\"text-decoration: underline;\"><span style=\"color: #ff0000;\"><a style=\"color: #ff0000; text-decoration: underline;\" href=\"https:\/\/photos.app.goo.gl\/7BEiFEAmMLgUKYJZ8\">CLIC !!!<\/a><\/span><\/span><\/strong><\/span><\/p>\n<p><a href=\"http:\/\/janze-athletisme.fr\/wordpress\/wp-content\/uploads\/2019\/05\/fbohaepjbfhecgmo.png\"><img loading=\"lazy\" decoding=\"async\" class=\"aligncenter size-full wp-image-5139\" src=\"http:\/\/janze-athletisme.fr\/wordpress\/wp-content\/uploads\/2019\/05\/fbohaepjbfhecgmo.png\" alt=\"\" width=\"756\" height=\"578\" srcset=\"https:\/\/janze-athletisme.fr\/wordpress\/wp-content\/uploads\/2019\/05\/fbohaepjbfhecgmo.png 756w, https:\/\/janze-athletisme.fr\/wordpress\/wp-content\/uploads\/2019\/05\/fbohaepjbfhecgmo-300x229.png 300w, https:\/\/janze-athletisme.fr\/wordpress\/wp-content\/uploads\/2019\/05\/fbohaepjbfhecgmo-1x1.png 1w\" sizes=\"auto, (max-width: 756px) 100vw, 756px\" \/><\/a><\/p>\n","protected":false},"excerpt":{"rendered":"<p>Challenge Equip&rsquo;athl\u00e9 \u00e0 Pac\u00e9 Le challenge \u00e9quip&rsquo;athl\u00e9, c&rsquo;est un peu comme les interclubs, mais pour les benjamins et minimes, avec une \u00e9quipe r\u00e9duite (entre 4 et 6 athl\u00e8tes). Cette ann\u00e9e, c&rsquo;est le stade de Pac\u00e9 qui accueillait les benjamins et minimes du d\u00e9partement pour le tour printanier de ce challenge, samedi 25 mai dernier. L&rsquo;EAC [&hellip;]<\/p>\n","protected":false},"author":3,"featured_media":0,"comment_status":"open","ping_status":"open","sticky":false,"template":"","format":"aside","meta":{"_uag_custom_page_level_css":"","site-sidebar-layout":"default","site-content-layout":"","ast-site-content-layout":"default","site-content-style":"default","site-sidebar-style":"default","ast-global-header-display":"","ast-banner-title-visibility":"","ast-main-header-display":"","ast-hfb-above-header-display":"","ast-hfb-below-header-display":"","ast-hfb-mobile-header-display":"","site-post-title":"","ast-breadcrumbs-content":"","ast-featured-img":"","footer-sml-layout":"","ast-disable-related-posts":"","theme-transparent-header-meta":"","adv-header-id-meta":"","stick-header-meta":"","header-above-stick-meta":"","header-main-stick-meta":"","header-below-stick-meta":"","astra-migrate-meta-layouts":"default","ast-page-background-enabled":"default","ast-page-background-meta":{"desktop":{"background-color":"var(--ast-global-color-4)","background-image":"","background-repeat":"repeat","background-position":"center center","background-size":"auto","background-attachment":"scroll","background-type":"","background-media":"","overlay-type":"","overlay-color":"","overlay-opacity":"","overlay-gradient":""},"tablet":{"background-color":"","background-image":"","background-repeat":"repeat","background-position":"center center","background-size":"auto","background-attachment":"scroll","background-type":"","background-media":"","overlay-type":"","overlay-color":"","overlay-opacity":"","overlay-gradient":""},"mobile":{"background-color":"","background-image":"","background-repeat":"repeat","background-position":"center center","background-size":"auto","background-attachment":"scroll","background-type":"","background-media":"","overlay-type":"","overlay-color":"","overlay-opacity":"","overlay-gradient":""}},"ast-content-background-meta":{"desktop":{"background-color":"var(--ast-global-color-5)","background-image":"","background-repeat":"repeat","background-position":"center center","background-size":"auto","background-attachment":"scroll","background-type":"","background-media":"","overlay-type":"","overlay-color":"","overlay-opacity":"","overlay-gradient":""},"tablet":{"background-color":"var(--ast-global-color-5)","background-image":"","background-repeat":"repeat","background-position":"center center","background-size":"auto","background-attachment":"scroll","background-type":"","background-media":"","overlay-type":"","overlay-color":"","overlay-opacity":"","overlay-gradient":""},"mobile":{"background-color":"var(--ast-global-color-5)","background-image":"","background-repeat":"repeat","background-position":"center center","background-size":"auto","background-attachment":"scroll","background-type":"","background-media":"","overlay-type":"","overlay-color":"","overlay-opacity":"","overlay-gradient":""}},"footnotes":""},"categories":[6],"tags":[],"class_list":["post-5138","post","type-post","status-publish","format-aside","hentry","category-sections","post_format-post-format-aside"],"yoast_head":"<!-- This site is optimized with the Yoast SEO plugin v27.5 - https:\/\/yoast.com\/product\/yoast-seo-wordpress\/ -->\n<title>Equip&#039;athl\u00e9 BE-MI - Janz\u00e9 Athl\u00e9tisme<\/title>\n<meta name=\"robots\" content=\"index, follow, max-snippet:-1, max-image-preview:large, max-video-preview:-1\" \/>\n<link rel=\"canonical\" href=\"https:\/\/janze-athletisme.fr\/wordpress\/equipathle-be-mi\/\" \/>\n<meta property=\"og:locale\" content=\"fr_FR\" \/>\n<meta property=\"og:type\" content=\"article\" \/>\n<meta property=\"og:title\" content=\"Equip&#039;athl\u00e9 BE-MI - Janz\u00e9 Athl\u00e9tisme\" \/>\n<meta property=\"og:description\" content=\"Challenge Equip&rsquo;athl\u00e9 \u00e0 Pac\u00e9 Le challenge \u00e9quip&rsquo;athl\u00e9, c&rsquo;est un peu comme les interclubs, mais pour les benjamins et minimes, avec une \u00e9quipe r\u00e9duite (entre 4 et 6 athl\u00e8tes). Cette ann\u00e9e, c&rsquo;est le stade de Pac\u00e9 qui accueillait les benjamins et minimes du d\u00e9partement pour le tour printanier de ce challenge, samedi 25 mai dernier. L&rsquo;EAC [&hellip;]\" \/>\n<meta property=\"og:url\" content=\"https:\/\/janze-athletisme.fr\/wordpress\/equipathle-be-mi\/\" \/>\n<meta property=\"og:site_name\" content=\"Janz\u00e9 Athl\u00e9tisme\" \/>\n<meta property=\"article:publisher\" content=\"https:\/\/www.facebook.com\/groups\/1007964579346590\" \/>\n<meta property=\"article:published_time\" content=\"2019-05-30T15:09:02+00:00\" \/>\n<meta property=\"article:modified_time\" content=\"2019-05-30T15:11:20+00:00\" \/>\n<meta property=\"og:image\" content=\"http:\/\/janze-athletisme.fr\/wordpress\/wp-content\/uploads\/2019\/05\/fbohaepjbfhecgmo.png\" \/>\n<meta name=\"author\" content=\"Fr\u00e9d\u00e9ric Graye\" \/>\n<meta name=\"twitter:card\" content=\"summary_large_image\" \/>\n<meta name=\"twitter:label1\" content=\"\u00c9crit par\" \/>\n\t<meta name=\"twitter:data1\" content=\"Fr\u00e9d\u00e9ric Graye\" \/>\n\t<meta name=\"twitter:label2\" content=\"Dur\u00e9e de lecture estim\u00e9e\" \/>\n\t<meta name=\"twitter:data2\" content=\"1 minute\" \/>\n<script type=\"application\/ld+json\" class=\"yoast-schema-graph\">{\"@context\":\"https:\\\/\\\/schema.org\",\"@graph\":[{\"@type\":\"Article\",\"@id\":\"https:\\\/\\\/janze-athletisme.fr\\\/wordpress\\\/equipathle-be-mi\\\/#article\",\"isPartOf\":{\"@id\":\"https:\\\/\\\/janze-athletisme.fr\\\/wordpress\\\/equipathle-be-mi\\\/\"},\"author\":{\"name\":\"Fr\u00e9d\u00e9ric Graye\",\"@id\":\"https:\\\/\\\/janze-athletisme.fr\\\/wordpress\\\/#\\\/schema\\\/person\\\/d0d91611dc85e1635e00511152f92f6c\"},\"headline\":\"Equip&rsquo;athl\u00e9 BE-MI\",\"datePublished\":\"2019-05-30T15:09:02+00:00\",\"dateModified\":\"2019-05-30T15:11:20+00:00\",\"mainEntityOfPage\":{\"@id\":\"https:\\\/\\\/janze-athletisme.fr\\\/wordpress\\\/equipathle-be-mi\\\/\"},\"wordCount\":231,\"commentCount\":0,\"publisher\":{\"@id\":\"https:\\\/\\\/janze-athletisme.fr\\\/wordpress\\\/#organization\"},\"image\":{\"@id\":\"https:\\\/\\\/janze-athletisme.fr\\\/wordpress\\\/equipathle-be-mi\\\/#primaryimage\"},\"thumbnailUrl\":\"http:\\\/\\\/janze-athletisme.fr\\\/wordpress\\\/wp-content\\\/uploads\\\/2019\\\/05\\\/fbohaepjbfhecgmo.png\",\"articleSection\":[\"Le club au jour le jour\"],\"inLanguage\":\"fr-FR\",\"potentialAction\":[{\"@type\":\"CommentAction\",\"name\":\"Comment\",\"target\":[\"https:\\\/\\\/janze-athletisme.fr\\\/wordpress\\\/equipathle-be-mi\\\/#respond\"]}]},{\"@type\":\"WebPage\",\"@id\":\"https:\\\/\\\/janze-athletisme.fr\\\/wordpress\\\/equipathle-be-mi\\\/\",\"url\":\"https:\\\/\\\/janze-athletisme.fr\\\/wordpress\\\/equipathle-be-mi\\\/\",\"name\":\"Equip'athl\u00e9 BE-MI - Janz\u00e9 Athl\u00e9tisme\",\"isPartOf\":{\"@id\":\"https:\\\/\\\/janze-athletisme.fr\\\/wordpress\\\/#website\"},\"primaryImageOfPage\":{\"@id\":\"https:\\\/\\\/janze-athletisme.fr\\\/wordpress\\\/equipathle-be-mi\\\/#primaryimage\"},\"image\":{\"@id\":\"https:\\\/\\\/janze-athletisme.fr\\\/wordpress\\\/equipathle-be-mi\\\/#primaryimage\"},\"thumbnailUrl\":\"http:\\\/\\\/janze-athletisme.fr\\\/wordpress\\\/wp-content\\\/uploads\\\/2019\\\/05\\\/fbohaepjbfhecgmo.png\",\"datePublished\":\"2019-05-30T15:09:02+00:00\",\"dateModified\":\"2019-05-30T15:11:20+00:00\",\"breadcrumb\":{\"@id\":\"https:\\\/\\\/janze-athletisme.fr\\\/wordpress\\\/equipathle-be-mi\\\/#breadcrumb\"},\"inLanguage\":\"fr-FR\",\"potentialAction\":[{\"@type\":\"ReadAction\",\"target\":[\"https:\\\/\\\/janze-athletisme.fr\\\/wordpress\\\/equipathle-be-mi\\\/\"]}]},{\"@type\":\"ImageObject\",\"inLanguage\":\"fr-FR\",\"@id\":\"https:\\\/\\\/janze-athletisme.fr\\\/wordpress\\\/equipathle-be-mi\\\/#primaryimage\",\"url\":\"http:\\\/\\\/janze-athletisme.fr\\\/wordpress\\\/wp-content\\\/uploads\\\/2019\\\/05\\\/fbohaepjbfhecgmo.png\",\"contentUrl\":\"http:\\\/\\\/janze-athletisme.fr\\\/wordpress\\\/wp-content\\\/uploads\\\/2019\\\/05\\\/fbohaepjbfhecgmo.png\"},{\"@type\":\"BreadcrumbList\",\"@id\":\"https:\\\/\\\/janze-athletisme.fr\\\/wordpress\\\/equipathle-be-mi\\\/#breadcrumb\",\"itemListElement\":[{\"@type\":\"ListItem\",\"position\":1,\"name\":\"Accueil\",\"item\":\"https:\\\/\\\/janze-athletisme.fr\\\/wordpress\\\/\"},{\"@type\":\"ListItem\",\"position\":2,\"name\":\"Equip&rsquo;athl\u00e9 BE-MI\"}]},{\"@type\":\"WebSite\",\"@id\":\"https:\\\/\\\/janze-athletisme.fr\\\/wordpress\\\/#website\",\"url\":\"https:\\\/\\\/janze-athletisme.fr\\\/wordpress\\\/\",\"name\":\"Janz\u00e9 Athl\u00e9tisme\",\"description\":\"Pays de La Roche aux F\u00e9es\",\"publisher\":{\"@id\":\"https:\\\/\\\/janze-athletisme.fr\\\/wordpress\\\/#organization\"},\"potentialAction\":[{\"@type\":\"SearchAction\",\"target\":{\"@type\":\"EntryPoint\",\"urlTemplate\":\"https:\\\/\\\/janze-athletisme.fr\\\/wordpress\\\/?s={search_term_string}\"},\"query-input\":{\"@type\":\"PropertyValueSpecification\",\"valueRequired\":true,\"valueName\":\"search_term_string\"}}],\"inLanguage\":\"fr-FR\"},{\"@type\":\"Organization\",\"@id\":\"https:\\\/\\\/janze-athletisme.fr\\\/wordpress\\\/#organization\",\"name\":\"Janz\u00e9 Athl\u00e9tisme\",\"url\":\"https:\\\/\\\/janze-athletisme.fr\\\/wordpress\\\/\",\"logo\":{\"@type\":\"ImageObject\",\"inLanguage\":\"fr-FR\",\"@id\":\"https:\\\/\\\/janze-athletisme.fr\\\/wordpress\\\/#\\\/schema\\\/logo\\\/image\\\/\",\"url\":\"https:\\\/\\\/janze-athletisme.fr\\\/wordpress\\\/wp-content\\\/uploads\\\/2015\\\/03\\\/logo-full1.jpg\",\"contentUrl\":\"https:\\\/\\\/janze-athletisme.fr\\\/wordpress\\\/wp-content\\\/uploads\\\/2015\\\/03\\\/logo-full1.jpg\",\"width\":437,\"height\":205,\"caption\":\"Janz\u00e9 Athl\u00e9tisme\"},\"image\":{\"@id\":\"https:\\\/\\\/janze-athletisme.fr\\\/wordpress\\\/#\\\/schema\\\/logo\\\/image\\\/\"},\"sameAs\":[\"https:\\\/\\\/www.facebook.com\\\/groups\\\/1007964579346590\"]},{\"@type\":\"Person\",\"@id\":\"https:\\\/\\\/janze-athletisme.fr\\\/wordpress\\\/#\\\/schema\\\/person\\\/d0d91611dc85e1635e00511152f92f6c\",\"name\":\"Fr\u00e9d\u00e9ric Graye\",\"image\":{\"@type\":\"ImageObject\",\"inLanguage\":\"fr-FR\",\"@id\":\"https:\\\/\\\/secure.gravatar.com\\\/avatar\\\/3c698f3bb9d0e9fd7adcea83ce599a75775b1f86e450228044b2d9c172b90db8?s=96&d=mm&r=g\",\"url\":\"https:\\\/\\\/secure.gravatar.com\\\/avatar\\\/3c698f3bb9d0e9fd7adcea83ce599a75775b1f86e450228044b2d9c172b90db8?s=96&d=mm&r=g\",\"contentUrl\":\"https:\\\/\\\/secure.gravatar.com\\\/avatar\\\/3c698f3bb9d0e9fd7adcea83ce599a75775b1f86e450228044b2d9c172b90db8?s=96&d=mm&r=g\",\"caption\":\"Fr\u00e9d\u00e9ric Graye\"},\"url\":\"https:\\\/\\\/janze-athletisme.fr\\\/wordpress\\\/author\\\/jathe_adm\\\/\"}]}<\/script>\n<!-- \/ Yoast SEO plugin. -->","yoast_head_json":{"title":"Equip'athl\u00e9 BE-MI - Janz\u00e9 Athl\u00e9tisme","robots":{"index":"index","follow":"follow","max-snippet":"max-snippet:-1","max-image-preview":"max-image-preview:large","max-video-preview":"max-video-preview:-1"},"canonical":"https:\/\/janze-athletisme.fr\/wordpress\/equipathle-be-mi\/","og_locale":"fr_FR","og_type":"article","og_title":"Equip'athl\u00e9 BE-MI - Janz\u00e9 Athl\u00e9tisme","og_description":"Challenge Equip&rsquo;athl\u00e9 \u00e0 Pac\u00e9 Le challenge \u00e9quip&rsquo;athl\u00e9, c&rsquo;est un peu comme les interclubs, mais pour les benjamins et minimes, avec une \u00e9quipe r\u00e9duite (entre 4 et 6 athl\u00e8tes). Cette ann\u00e9e, c&rsquo;est le stade de Pac\u00e9 qui accueillait les benjamins et minimes du d\u00e9partement pour le tour printanier de ce challenge, samedi 25 mai dernier. L&rsquo;EAC [&hellip;]","og_url":"https:\/\/janze-athletisme.fr\/wordpress\/equipathle-be-mi\/","og_site_name":"Janz\u00e9 Athl\u00e9tisme","article_publisher":"https:\/\/www.facebook.com\/groups\/1007964579346590","article_published_time":"2019-05-30T15:09:02+00:00","article_modified_time":"2019-05-30T15:11:20+00:00","og_image":[{"url":"http:\/\/janze-athletisme.fr\/wordpress\/wp-content\/uploads\/2019\/05\/fbohaepjbfhecgmo.png","type":"","width":"","height":""}],"author":"Fr\u00e9d\u00e9ric Graye","twitter_card":"summary_large_image","twitter_misc":{"\u00c9crit par":"Fr\u00e9d\u00e9ric Graye","Dur\u00e9e de lecture estim\u00e9e":"1 minute"},"schema":{"@context":"https:\/\/schema.org","@graph":[{"@type":"Article","@id":"https:\/\/janze-athletisme.fr\/wordpress\/equipathle-be-mi\/#article","isPartOf":{"@id":"https:\/\/janze-athletisme.fr\/wordpress\/equipathle-be-mi\/"},"author":{"name":"Fr\u00e9d\u00e9ric Graye","@id":"https:\/\/janze-athletisme.fr\/wordpress\/#\/schema\/person\/d0d91611dc85e1635e00511152f92f6c"},"headline":"Equip&rsquo;athl\u00e9 BE-MI","datePublished":"2019-05-30T15:09:02+00:00","dateModified":"2019-05-30T15:11:20+00:00","mainEntityOfPage":{"@id":"https:\/\/janze-athletisme.fr\/wordpress\/equipathle-be-mi\/"},"wordCount":231,"commentCount":0,"publisher":{"@id":"https:\/\/janze-athletisme.fr\/wordpress\/#organization"},"image":{"@id":"https:\/\/janze-athletisme.fr\/wordpress\/equipathle-be-mi\/#primaryimage"},"thumbnailUrl":"http:\/\/janze-athletisme.fr\/wordpress\/wp-content\/uploads\/2019\/05\/fbohaepjbfhecgmo.png","articleSection":["Le club au jour le jour"],"inLanguage":"fr-FR","potentialAction":[{"@type":"CommentAction","name":"Comment","target":["https:\/\/janze-athletisme.fr\/wordpress\/equipathle-be-mi\/#respond"]}]},{"@type":"WebPage","@id":"https:\/\/janze-athletisme.fr\/wordpress\/equipathle-be-mi\/","url":"https:\/\/janze-athletisme.fr\/wordpress\/equipathle-be-mi\/","name":"Equip'athl\u00e9 BE-MI - Janz\u00e9 Athl\u00e9tisme","isPartOf":{"@id":"https:\/\/janze-athletisme.fr\/wordpress\/#website"},"primaryImageOfPage":{"@id":"https:\/\/janze-athletisme.fr\/wordpress\/equipathle-be-mi\/#primaryimage"},"image":{"@id":"https:\/\/janze-athletisme.fr\/wordpress\/equipathle-be-mi\/#primaryimage"},"thumbnailUrl":"http:\/\/janze-athletisme.fr\/wordpress\/wp-content\/uploads\/2019\/05\/fbohaepjbfhecgmo.png","datePublished":"2019-05-30T15:09:02+00:00","dateModified":"2019-05-30T15:11:20+00:00","breadcrumb":{"@id":"https:\/\/janze-athletisme.fr\/wordpress\/equipathle-be-mi\/#breadcrumb"},"inLanguage":"fr-FR","potentialAction":[{"@type":"ReadAction","target":["https:\/\/janze-athletisme.fr\/wordpress\/equipathle-be-mi\/"]}]},{"@type":"ImageObject","inLanguage":"fr-FR","@id":"https:\/\/janze-athletisme.fr\/wordpress\/equipathle-be-mi\/#primaryimage","url":"http:\/\/janze-athletisme.fr\/wordpress\/wp-content\/uploads\/2019\/05\/fbohaepjbfhecgmo.png","contentUrl":"http:\/\/janze-athletisme.fr\/wordpress\/wp-content\/uploads\/2019\/05\/fbohaepjbfhecgmo.png"},{"@type":"BreadcrumbList","@id":"https:\/\/janze-athletisme.fr\/wordpress\/equipathle-be-mi\/#breadcrumb","itemListElement":[{"@type":"ListItem","position":1,"name":"Accueil","item":"https:\/\/janze-athletisme.fr\/wordpress\/"},{"@type":"ListItem","position":2,"name":"Equip&rsquo;athl\u00e9 BE-MI"}]},{"@type":"WebSite","@id":"https:\/\/janze-athletisme.fr\/wordpress\/#website","url":"https:\/\/janze-athletisme.fr\/wordpress\/","name":"Janz\u00e9 Athl\u00e9tisme","description":"Pays de La Roche aux F\u00e9es","publisher":{"@id":"https:\/\/janze-athletisme.fr\/wordpress\/#organization"},"potentialAction":[{"@type":"SearchAction","target":{"@type":"EntryPoint","urlTemplate":"https:\/\/janze-athletisme.fr\/wordpress\/?s={search_term_string}"},"query-input":{"@type":"PropertyValueSpecification","valueRequired":true,"valueName":"search_term_string"}}],"inLanguage":"fr-FR"},{"@type":"Organization","@id":"https:\/\/janze-athletisme.fr\/wordpress\/#organization","name":"Janz\u00e9 Athl\u00e9tisme","url":"https:\/\/janze-athletisme.fr\/wordpress\/","logo":{"@type":"ImageObject","inLanguage":"fr-FR","@id":"https:\/\/janze-athletisme.fr\/wordpress\/#\/schema\/logo\/image\/","url":"https:\/\/janze-athletisme.fr\/wordpress\/wp-content\/uploads\/2015\/03\/logo-full1.jpg","contentUrl":"https:\/\/janze-athletisme.fr\/wordpress\/wp-content\/uploads\/2015\/03\/logo-full1.jpg","width":437,"height":205,"caption":"Janz\u00e9 Athl\u00e9tisme"},"image":{"@id":"https:\/\/janze-athletisme.fr\/wordpress\/#\/schema\/logo\/image\/"},"sameAs":["https:\/\/www.facebook.com\/groups\/1007964579346590"]},{"@type":"Person","@id":"https:\/\/janze-athletisme.fr\/wordpress\/#\/schema\/person\/d0d91611dc85e1635e00511152f92f6c","name":"Fr\u00e9d\u00e9ric Graye","image":{"@type":"ImageObject","inLanguage":"fr-FR","@id":"https:\/\/secure.gravatar.com\/avatar\/3c698f3bb9d0e9fd7adcea83ce599a75775b1f86e450228044b2d9c172b90db8?s=96&d=mm&r=g","url":"https:\/\/secure.gravatar.com\/avatar\/3c698f3bb9d0e9fd7adcea83ce599a75775b1f86e450228044b2d9c172b90db8?s=96&d=mm&r=g","contentUrl":"https:\/\/secure.gravatar.com\/avatar\/3c698f3bb9d0e9fd7adcea83ce599a75775b1f86e450228044b2d9c172b90db8?s=96&d=mm&r=g","caption":"Fr\u00e9d\u00e9ric Graye"},"url":"https:\/\/janze-athletisme.fr\/wordpress\/author\/jathe_adm\/"}]}},"uagb_featured_image_src":{"full":false,"thumbnail":false,"medium":false,"medium_large":false,"large":false,"1536x1536":false,"2048x2048":false},"uagb_author_info":{"display_name":"Fr\u00e9d\u00e9ric Graye","author_link":"https:\/\/janze-athletisme.fr\/wordpress\/author\/jathe_adm\/"},"uagb_comment_info":0,"uagb_excerpt":"Challenge Equip&rsquo;athl\u00e9 \u00e0 Pac\u00e9 Le challenge \u00e9quip&rsquo;athl\u00e9, c&rsquo;est un peu comme les interclubs, mais pour les benjamins et minimes, avec une \u00e9quipe r\u00e9duite (entre 4 et 6 athl\u00e8tes). Cette ann\u00e9e, c&rsquo;est le stade de Pac\u00e9 qui accueillait les benjamins et minimes du d\u00e9partement pour le tour printanier de ce challenge, samedi 25 mai dernier. L&rsquo;EAC\u2026","_links":{"self":[{"href":"https:\/\/janze-athletisme.fr\/wordpress\/wp-json\/wp\/v2\/posts\/5138","targetHints":{"allow":["GET"]}}],"collection":[{"href":"https:\/\/janze-athletisme.fr\/wordpress\/wp-json\/wp\/v2\/posts"}],"about":[{"href":"https:\/\/janze-athletisme.fr\/wordpress\/wp-json\/wp\/v2\/types\/post"}],"author":[{"embeddable":true,"href":"https:\/\/janze-athletisme.fr\/wordpress\/wp-json\/wp\/v2\/users\/3"}],"replies":[{"embeddable":true,"href":"https:\/\/janze-athletisme.fr\/wordpress\/wp-json\/wp\/v2\/comments?post=5138"}],"version-history":[{"count":2,"href":"https:\/\/janze-athletisme.fr\/wordpress\/wp-json\/wp\/v2\/posts\/5138\/revisions"}],"predecessor-version":[{"id":5141,"href":"https:\/\/janze-athletisme.fr\/wordpress\/wp-json\/wp\/v2\/posts\/5138\/revisions\/5141"}],"wp:attachment":[{"href":"https:\/\/janze-athletisme.fr\/wordpress\/wp-json\/wp\/v2\/media?parent=5138"}],"wp:term":[{"taxonomy":"category","embeddable":true,"href":"https:\/\/janze-athletisme.fr\/wordpress\/wp-json\/wp\/v2\/categories?post=5138"},{"taxonomy":"post_tag","embeddable":true,"href":"https:\/\/janze-athletisme.fr\/wordpress\/wp-json\/wp\/v2\/tags?post=5138"}],"curies":[{"name":"wp","href":"https:\/\/api.w.org\/{rel}","templated":true}]}}