{"id":5074,"date":"2019-05-15T18:05:18","date_gmt":"2019-05-15T16:05:18","guid":{"rendered":"http:\/\/janze-athletisme.fr\/wordpress\/?p=5074"},"modified":"2019-05-15T18:05:18","modified_gmt":"2019-05-15T16:05:18","slug":"competition-a-janze","status":"publish","type":"post","link":"https:\/\/janze-athletisme.fr\/wordpress\/competition-a-janze\/","title":{"rendered":"Comp\u00e9tition \u00e0 Janz\u00e9"},"content":{"rendered":"<h1 style=\"text-align: center;\"><strong><span style=\"text-decoration: underline;\"><span style=\"color: #ff0000; text-decoration: underline;\">Championnat d\u00e9partemental d&rsquo;\u00e9preuves combin\u00e9es BE<\/span><\/span><\/strong><\/h1>\n<p><span style=\"color: #000000;\">Ce samedi 11 mai, notre club organisait sa premi\u00e8re comp\u00e9tition \u00e0 domicile depuis de nombreuses ann\u00e9es. Il s&rsquo;agissait du championnat d\u00e9partemental d&rsquo;\u00e9preuves combin\u00e9es, pour la cat\u00e9gorie benjamins &#8211; benjamines.\u00a0<\/span><\/p>\n<p><span style=\"color: #000000;\">Nous avions 15 janz\u00e9ens engag\u00e9s sur ce championnat. Au programme, pour chaque athl\u00e8te, 4 \u00e9preuves : 50m haies, saut en hauteur, javelot et 1000m pour les filles, et 50m haies, disque, saut en hauteur et 1000m pour les gar\u00e7ons. Les\u00a0points obtenus sur chaque discipline sont cumul\u00e9s pour obtenir la performance globale. Nos jeunes pousses\u00a0<\/span><span style=\"color: #000000;\">ont produit de bons r\u00e9sultats, et notamment un podium tr\u00e8s encourageant pour <strong>Ana\u00eblle M<\/strong>. Bravo \u00e0 vous tous !!!<\/span><\/p>\n<p><a href=\"http:\/\/janze-athletisme.fr\/wordpress\/wp-content\/uploads\/2019\/05\/IMG_20190511_182702-Copie.jpg\"><img loading=\"lazy\" decoding=\"async\" class=\"aligncenter  wp-image-5075\" src=\"http:\/\/janze-athletisme.fr\/wordpress\/wp-content\/uploads\/2019\/05\/IMG_20190511_182702-Copie-1024x807.jpg\" alt=\"\" width=\"304\" height=\"239\" srcset=\"https:\/\/janze-athletisme.fr\/wordpress\/wp-content\/uploads\/2019\/05\/IMG_20190511_182702-Copie-1024x807.jpg 1024w, https:\/\/janze-athletisme.fr\/wordpress\/wp-content\/uploads\/2019\/05\/IMG_20190511_182702-Copie-300x236.jpg 300w, https:\/\/janze-athletisme.fr\/wordpress\/wp-content\/uploads\/2019\/05\/IMG_20190511_182702-Copie-768x605.jpg 768w, https:\/\/janze-athletisme.fr\/wordpress\/wp-content\/uploads\/2019\/05\/IMG_20190511_182702-Copie-1x1.jpg 1w\" sizes=\"auto, (max-width: 304px) 100vw, 304px\" \/><\/a><\/p>\n<p><span style=\"color: #000000;\">Les r\u00e9sultats :\u00a0<\/span><\/p>\n<p><a href=\"http:\/\/janze-athletisme.fr\/wordpress\/wp-content\/uploads\/2019\/05\/dopkanhhhgahmnoa.png\"><img loading=\"lazy\" decoding=\"async\" class=\"aligncenter size-full wp-image-5076\" src=\"http:\/\/janze-athletisme.fr\/wordpress\/wp-content\/uploads\/2019\/05\/dopkanhhhgahmnoa.png\" alt=\"\" width=\"753\" height=\"1011\" srcset=\"https:\/\/janze-athletisme.fr\/wordpress\/wp-content\/uploads\/2019\/05\/dopkanhhhgahmnoa.png 753w, https:\/\/janze-athletisme.fr\/wordpress\/wp-content\/uploads\/2019\/05\/dopkanhhhgahmnoa-223x300.png 223w, https:\/\/janze-athletisme.fr\/wordpress\/wp-content\/uploads\/2019\/05\/dopkanhhhgahmnoa-1x1.png 1w\" sizes=\"auto, (max-width: 753px) 100vw, 753px\" \/><\/a><\/p>\n<p><span style=\"color: #000000;\">N&rsquo;oublions pas le\u00a0<strong>GRAND MERCI<\/strong> \u00e0 la trentaine de b\u00e9n\u00e9voles du club qui ont contribu\u00e9 \u00e0 la r\u00e9ussite de cette comp\u00e9tition : d\u00e9marches en amont de la comp\u00e9tition, confection de cr\u00eapes, aide aux trac\u00e9s, aide \u00e0 la mise en place du terrain, participation au jury, tenue de la buvette-restauration, suivi des athl\u00e8tes du club, etc.<\/span><\/p>\n<p><span style=\"color: #000000;\">On en parle ici :<\/span> <span style=\"text-decoration: underline;\"><strong><span style=\"color: #ff0000; text-decoration: underline;\"><a style=\"color: #ff0000; text-decoration: underline;\" href=\"https:\/\/www.ouest-france.fr\/bretagne\/janze-35150\/une-competition-reussie-pour-janze-athletisme-6347509\">Ouest-France du 13.05<\/a><\/span><\/strong><\/span><span style=\"color: #ff0000;\"><span style=\"color: #000000;\">\u00a0 \u00a0\u00a0<\/span><\/span> <a href=\"http:\/\/athle35.athle.org\/asp.net\/espaces.news\/news.aspx?id=267725\"><strong><span style=\"color: #ff0000; text-decoration: underline;\">Site du comit\u00e9<\/span><\/strong><\/a><\/p>\n<p><span style=\"color: #000000;\">Quelques photos ici : <a href=\"https:\/\/photos.app.goo.gl\/PW8bgLNxCZdvWAwi9\"><span style=\"text-decoration: underline;\"><strong><span style=\"color: #ff0000; text-decoration: underline;\">CLIC !!!<\/span><\/strong><\/span><\/a><\/span><\/p>\n","protected":false},"excerpt":{"rendered":"<p>Championnat d\u00e9partemental d&rsquo;\u00e9preuves combin\u00e9es BE Ce samedi 11 mai, notre club organisait sa premi\u00e8re comp\u00e9tition \u00e0 domicile depuis de nombreuses ann\u00e9es. Il s&rsquo;agissait du championnat d\u00e9partemental d&rsquo;\u00e9preuves combin\u00e9es, pour la cat\u00e9gorie benjamins &#8211; benjamines.\u00a0 Nous avions 15 janz\u00e9ens engag\u00e9s sur ce championnat. Au programme, pour chaque athl\u00e8te, 4 \u00e9preuves : 50m haies, saut en hauteur, [&hellip;]<\/p>\n","protected":false},"author":3,"featured_media":0,"comment_status":"open","ping_status":"open","sticky":false,"template":"","format":"aside","meta":{"_uag_custom_page_level_css":"","site-sidebar-layout":"default","site-content-layout":"","ast-site-content-layout":"default","site-content-style":"default","site-sidebar-style":"default","ast-global-header-display":"","ast-banner-title-visibility":"","ast-main-header-display":"","ast-hfb-above-header-display":"","ast-hfb-below-header-display":"","ast-hfb-mobile-header-display":"","site-post-title":"","ast-breadcrumbs-content":"","ast-featured-img":"","footer-sml-layout":"","ast-disable-related-posts":"","theme-transparent-header-meta":"","adv-header-id-meta":"","stick-header-meta":"","header-above-stick-meta":"","header-main-stick-meta":"","header-below-stick-meta":"","astra-migrate-meta-layouts":"default","ast-page-background-enabled":"default","ast-page-background-meta":{"desktop":{"background-color":"var(--ast-global-color-4)","background-image":"","background-repeat":"repeat","background-position":"center center","background-size":"auto","background-attachment":"scroll","background-type":"","background-media":"","overlay-type":"","overlay-color":"","overlay-opacity":"","overlay-gradient":""},"tablet":{"background-color":"","background-image":"","background-repeat":"repeat","background-position":"center center","background-size":"auto","background-attachment":"scroll","background-type":"","background-media":"","overlay-type":"","overlay-color":"","overlay-opacity":"","overlay-gradient":""},"mobile":{"background-color":"","background-image":"","background-repeat":"repeat","background-position":"center center","background-size":"auto","background-attachment":"scroll","background-type":"","background-media":"","overlay-type":"","overlay-color":"","overlay-opacity":"","overlay-gradient":""}},"ast-content-background-meta":{"desktop":{"background-color":"var(--ast-global-color-5)","background-image":"","background-repeat":"repeat","background-position":"center center","background-size":"auto","background-attachment":"scroll","background-type":"","background-media":"","overlay-type":"","overlay-color":"","overlay-opacity":"","overlay-gradient":""},"tablet":{"background-color":"var(--ast-global-color-5)","background-image":"","background-repeat":"repeat","background-position":"center center","background-size":"auto","background-attachment":"scroll","background-type":"","background-media":"","overlay-type":"","overlay-color":"","overlay-opacity":"","overlay-gradient":""},"mobile":{"background-color":"var(--ast-global-color-5)","background-image":"","background-repeat":"repeat","background-position":"center center","background-size":"auto","background-attachment":"scroll","background-type":"","background-media":"","overlay-type":"","overlay-color":"","overlay-opacity":"","overlay-gradient":""}},"footnotes":""},"categories":[6],"tags":[],"class_list":["post-5074","post","type-post","status-publish","format-aside","hentry","category-sections","post_format-post-format-aside"],"yoast_head":"<!-- This site is optimized with the Yoast SEO plugin v27.5 - https:\/\/yoast.com\/product\/yoast-seo-wordpress\/ -->\n<title>Comp\u00e9tition \u00e0 Janz\u00e9 - Janz\u00e9 Athl\u00e9tisme<\/title>\n<meta name=\"robots\" content=\"index, follow, max-snippet:-1, max-image-preview:large, max-video-preview:-1\" \/>\n<link rel=\"canonical\" href=\"https:\/\/janze-athletisme.fr\/wordpress\/competition-a-janze\/\" \/>\n<meta property=\"og:locale\" content=\"fr_FR\" \/>\n<meta property=\"og:type\" content=\"article\" \/>\n<meta property=\"og:title\" content=\"Comp\u00e9tition \u00e0 Janz\u00e9 - Janz\u00e9 Athl\u00e9tisme\" \/>\n<meta property=\"og:description\" content=\"Championnat d\u00e9partemental d&rsquo;\u00e9preuves combin\u00e9es BE Ce samedi 11 mai, notre club organisait sa premi\u00e8re comp\u00e9tition \u00e0 domicile depuis de nombreuses ann\u00e9es. Il s&rsquo;agissait du championnat d\u00e9partemental d&rsquo;\u00e9preuves combin\u00e9es, pour la cat\u00e9gorie benjamins &#8211; benjamines.\u00a0 Nous avions 15 janz\u00e9ens engag\u00e9s sur ce championnat. Au programme, pour chaque athl\u00e8te, 4 \u00e9preuves : 50m haies, saut en hauteur, [&hellip;]\" \/>\n<meta property=\"og:url\" content=\"https:\/\/janze-athletisme.fr\/wordpress\/competition-a-janze\/\" \/>\n<meta property=\"og:site_name\" content=\"Janz\u00e9 Athl\u00e9tisme\" \/>\n<meta property=\"article:publisher\" content=\"https:\/\/www.facebook.com\/groups\/1007964579346590\" \/>\n<meta property=\"article:published_time\" content=\"2019-05-15T16:05:18+00:00\" \/>\n<meta property=\"og:image\" content=\"http:\/\/janze-athletisme.fr\/wordpress\/wp-content\/uploads\/2019\/05\/IMG_20190511_182702-Copie-1024x807.jpg\" \/>\n<meta name=\"author\" content=\"Fr\u00e9d\u00e9ric Graye\" \/>\n<meta name=\"twitter:card\" content=\"summary_large_image\" \/>\n<meta name=\"twitter:label1\" content=\"\u00c9crit par\" \/>\n\t<meta name=\"twitter:data1\" content=\"Fr\u00e9d\u00e9ric Graye\" \/>\n\t<meta name=\"twitter:label2\" content=\"Dur\u00e9e de lecture estim\u00e9e\" \/>\n\t<meta name=\"twitter:data2\" content=\"1 minute\" \/>\n<script type=\"application\/ld+json\" class=\"yoast-schema-graph\">{\"@context\":\"https:\\\/\\\/schema.org\",\"@graph\":[{\"@type\":\"Article\",\"@id\":\"https:\\\/\\\/janze-athletisme.fr\\\/wordpress\\\/competition-a-janze\\\/#article\",\"isPartOf\":{\"@id\":\"https:\\\/\\\/janze-athletisme.fr\\\/wordpress\\\/competition-a-janze\\\/\"},\"author\":{\"name\":\"Fr\u00e9d\u00e9ric Graye\",\"@id\":\"https:\\\/\\\/janze-athletisme.fr\\\/wordpress\\\/#\\\/schema\\\/person\\\/d0d91611dc85e1635e00511152f92f6c\"},\"headline\":\"Comp\u00e9tition \u00e0 Janz\u00e9\",\"datePublished\":\"2019-05-15T16:05:18+00:00\",\"mainEntityOfPage\":{\"@id\":\"https:\\\/\\\/janze-athletisme.fr\\\/wordpress\\\/competition-a-janze\\\/\"},\"wordCount\":200,\"commentCount\":0,\"publisher\":{\"@id\":\"https:\\\/\\\/janze-athletisme.fr\\\/wordpress\\\/#organization\"},\"image\":{\"@id\":\"https:\\\/\\\/janze-athletisme.fr\\\/wordpress\\\/competition-a-janze\\\/#primaryimage\"},\"thumbnailUrl\":\"http:\\\/\\\/janze-athletisme.fr\\\/wordpress\\\/wp-content\\\/uploads\\\/2019\\\/05\\\/IMG_20190511_182702-Copie-1024x807.jpg\",\"articleSection\":[\"Le club au jour le jour\"],\"inLanguage\":\"fr-FR\",\"potentialAction\":[{\"@type\":\"CommentAction\",\"name\":\"Comment\",\"target\":[\"https:\\\/\\\/janze-athletisme.fr\\\/wordpress\\\/competition-a-janze\\\/#respond\"]}]},{\"@type\":\"WebPage\",\"@id\":\"https:\\\/\\\/janze-athletisme.fr\\\/wordpress\\\/competition-a-janze\\\/\",\"url\":\"https:\\\/\\\/janze-athletisme.fr\\\/wordpress\\\/competition-a-janze\\\/\",\"name\":\"Comp\u00e9tition \u00e0 Janz\u00e9 - Janz\u00e9 Athl\u00e9tisme\",\"isPartOf\":{\"@id\":\"https:\\\/\\\/janze-athletisme.fr\\\/wordpress\\\/#website\"},\"primaryImageOfPage\":{\"@id\":\"https:\\\/\\\/janze-athletisme.fr\\\/wordpress\\\/competition-a-janze\\\/#primaryimage\"},\"image\":{\"@id\":\"https:\\\/\\\/janze-athletisme.fr\\\/wordpress\\\/competition-a-janze\\\/#primaryimage\"},\"thumbnailUrl\":\"http:\\\/\\\/janze-athletisme.fr\\\/wordpress\\\/wp-content\\\/uploads\\\/2019\\\/05\\\/IMG_20190511_182702-Copie-1024x807.jpg\",\"datePublished\":\"2019-05-15T16:05:18+00:00\",\"breadcrumb\":{\"@id\":\"https:\\\/\\\/janze-athletisme.fr\\\/wordpress\\\/competition-a-janze\\\/#breadcrumb\"},\"inLanguage\":\"fr-FR\",\"potentialAction\":[{\"@type\":\"ReadAction\",\"target\":[\"https:\\\/\\\/janze-athletisme.fr\\\/wordpress\\\/competition-a-janze\\\/\"]}]},{\"@type\":\"ImageObject\",\"inLanguage\":\"fr-FR\",\"@id\":\"https:\\\/\\\/janze-athletisme.fr\\\/wordpress\\\/competition-a-janze\\\/#primaryimage\",\"url\":\"http:\\\/\\\/janze-athletisme.fr\\\/wordpress\\\/wp-content\\\/uploads\\\/2019\\\/05\\\/IMG_20190511_182702-Copie-1024x807.jpg\",\"contentUrl\":\"http:\\\/\\\/janze-athletisme.fr\\\/wordpress\\\/wp-content\\\/uploads\\\/2019\\\/05\\\/IMG_20190511_182702-Copie-1024x807.jpg\"},{\"@type\":\"BreadcrumbList\",\"@id\":\"https:\\\/\\\/janze-athletisme.fr\\\/wordpress\\\/competition-a-janze\\\/#breadcrumb\",\"itemListElement\":[{\"@type\":\"ListItem\",\"position\":1,\"name\":\"Accueil\",\"item\":\"https:\\\/\\\/janze-athletisme.fr\\\/wordpress\\\/\"},{\"@type\":\"ListItem\",\"position\":2,\"name\":\"Comp\u00e9tition \u00e0 Janz\u00e9\"}]},{\"@type\":\"WebSite\",\"@id\":\"https:\\\/\\\/janze-athletisme.fr\\\/wordpress\\\/#website\",\"url\":\"https:\\\/\\\/janze-athletisme.fr\\\/wordpress\\\/\",\"name\":\"Janz\u00e9 Athl\u00e9tisme\",\"description\":\"Pays de La Roche aux F\u00e9es\",\"publisher\":{\"@id\":\"https:\\\/\\\/janze-athletisme.fr\\\/wordpress\\\/#organization\"},\"potentialAction\":[{\"@type\":\"SearchAction\",\"target\":{\"@type\":\"EntryPoint\",\"urlTemplate\":\"https:\\\/\\\/janze-athletisme.fr\\\/wordpress\\\/?s={search_term_string}\"},\"query-input\":{\"@type\":\"PropertyValueSpecification\",\"valueRequired\":true,\"valueName\":\"search_term_string\"}}],\"inLanguage\":\"fr-FR\"},{\"@type\":\"Organization\",\"@id\":\"https:\\\/\\\/janze-athletisme.fr\\\/wordpress\\\/#organization\",\"name\":\"Janz\u00e9 Athl\u00e9tisme\",\"url\":\"https:\\\/\\\/janze-athletisme.fr\\\/wordpress\\\/\",\"logo\":{\"@type\":\"ImageObject\",\"inLanguage\":\"fr-FR\",\"@id\":\"https:\\\/\\\/janze-athletisme.fr\\\/wordpress\\\/#\\\/schema\\\/logo\\\/image\\\/\",\"url\":\"https:\\\/\\\/janze-athletisme.fr\\\/wordpress\\\/wp-content\\\/uploads\\\/2015\\\/03\\\/logo-full1.jpg\",\"contentUrl\":\"https:\\\/\\\/janze-athletisme.fr\\\/wordpress\\\/wp-content\\\/uploads\\\/2015\\\/03\\\/logo-full1.jpg\",\"width\":437,\"height\":205,\"caption\":\"Janz\u00e9 Athl\u00e9tisme\"},\"image\":{\"@id\":\"https:\\\/\\\/janze-athletisme.fr\\\/wordpress\\\/#\\\/schema\\\/logo\\\/image\\\/\"},\"sameAs\":[\"https:\\\/\\\/www.facebook.com\\\/groups\\\/1007964579346590\"]},{\"@type\":\"Person\",\"@id\":\"https:\\\/\\\/janze-athletisme.fr\\\/wordpress\\\/#\\\/schema\\\/person\\\/d0d91611dc85e1635e00511152f92f6c\",\"name\":\"Fr\u00e9d\u00e9ric Graye\",\"image\":{\"@type\":\"ImageObject\",\"inLanguage\":\"fr-FR\",\"@id\":\"https:\\\/\\\/secure.gravatar.com\\\/avatar\\\/3c698f3bb9d0e9fd7adcea83ce599a75775b1f86e450228044b2d9c172b90db8?s=96&d=mm&r=g\",\"url\":\"https:\\\/\\\/secure.gravatar.com\\\/avatar\\\/3c698f3bb9d0e9fd7adcea83ce599a75775b1f86e450228044b2d9c172b90db8?s=96&d=mm&r=g\",\"contentUrl\":\"https:\\\/\\\/secure.gravatar.com\\\/avatar\\\/3c698f3bb9d0e9fd7adcea83ce599a75775b1f86e450228044b2d9c172b90db8?s=96&d=mm&r=g\",\"caption\":\"Fr\u00e9d\u00e9ric Graye\"},\"url\":\"https:\\\/\\\/janze-athletisme.fr\\\/wordpress\\\/author\\\/jathe_adm\\\/\"}]}<\/script>\n<!-- \/ Yoast SEO plugin. -->","yoast_head_json":{"title":"Comp\u00e9tition \u00e0 Janz\u00e9 - Janz\u00e9 Athl\u00e9tisme","robots":{"index":"index","follow":"follow","max-snippet":"max-snippet:-1","max-image-preview":"max-image-preview:large","max-video-preview":"max-video-preview:-1"},"canonical":"https:\/\/janze-athletisme.fr\/wordpress\/competition-a-janze\/","og_locale":"fr_FR","og_type":"article","og_title":"Comp\u00e9tition \u00e0 Janz\u00e9 - Janz\u00e9 Athl\u00e9tisme","og_description":"Championnat d\u00e9partemental d&rsquo;\u00e9preuves combin\u00e9es BE Ce samedi 11 mai, notre club organisait sa premi\u00e8re comp\u00e9tition \u00e0 domicile depuis de nombreuses ann\u00e9es. Il s&rsquo;agissait du championnat d\u00e9partemental d&rsquo;\u00e9preuves combin\u00e9es, pour la cat\u00e9gorie benjamins &#8211; benjamines.\u00a0 Nous avions 15 janz\u00e9ens engag\u00e9s sur ce championnat. Au programme, pour chaque athl\u00e8te, 4 \u00e9preuves : 50m haies, saut en hauteur, [&hellip;]","og_url":"https:\/\/janze-athletisme.fr\/wordpress\/competition-a-janze\/","og_site_name":"Janz\u00e9 Athl\u00e9tisme","article_publisher":"https:\/\/www.facebook.com\/groups\/1007964579346590","article_published_time":"2019-05-15T16:05:18+00:00","og_image":[{"url":"http:\/\/janze-athletisme.fr\/wordpress\/wp-content\/uploads\/2019\/05\/IMG_20190511_182702-Copie-1024x807.jpg","type":"","width":"","height":""}],"author":"Fr\u00e9d\u00e9ric Graye","twitter_card":"summary_large_image","twitter_misc":{"\u00c9crit par":"Fr\u00e9d\u00e9ric Graye","Dur\u00e9e de lecture estim\u00e9e":"1 minute"},"schema":{"@context":"https:\/\/schema.org","@graph":[{"@type":"Article","@id":"https:\/\/janze-athletisme.fr\/wordpress\/competition-a-janze\/#article","isPartOf":{"@id":"https:\/\/janze-athletisme.fr\/wordpress\/competition-a-janze\/"},"author":{"name":"Fr\u00e9d\u00e9ric Graye","@id":"https:\/\/janze-athletisme.fr\/wordpress\/#\/schema\/person\/d0d91611dc85e1635e00511152f92f6c"},"headline":"Comp\u00e9tition \u00e0 Janz\u00e9","datePublished":"2019-05-15T16:05:18+00:00","mainEntityOfPage":{"@id":"https:\/\/janze-athletisme.fr\/wordpress\/competition-a-janze\/"},"wordCount":200,"commentCount":0,"publisher":{"@id":"https:\/\/janze-athletisme.fr\/wordpress\/#organization"},"image":{"@id":"https:\/\/janze-athletisme.fr\/wordpress\/competition-a-janze\/#primaryimage"},"thumbnailUrl":"http:\/\/janze-athletisme.fr\/wordpress\/wp-content\/uploads\/2019\/05\/IMG_20190511_182702-Copie-1024x807.jpg","articleSection":["Le club au jour le jour"],"inLanguage":"fr-FR","potentialAction":[{"@type":"CommentAction","name":"Comment","target":["https:\/\/janze-athletisme.fr\/wordpress\/competition-a-janze\/#respond"]}]},{"@type":"WebPage","@id":"https:\/\/janze-athletisme.fr\/wordpress\/competition-a-janze\/","url":"https:\/\/janze-athletisme.fr\/wordpress\/competition-a-janze\/","name":"Comp\u00e9tition \u00e0 Janz\u00e9 - Janz\u00e9 Athl\u00e9tisme","isPartOf":{"@id":"https:\/\/janze-athletisme.fr\/wordpress\/#website"},"primaryImageOfPage":{"@id":"https:\/\/janze-athletisme.fr\/wordpress\/competition-a-janze\/#primaryimage"},"image":{"@id":"https:\/\/janze-athletisme.fr\/wordpress\/competition-a-janze\/#primaryimage"},"thumbnailUrl":"http:\/\/janze-athletisme.fr\/wordpress\/wp-content\/uploads\/2019\/05\/IMG_20190511_182702-Copie-1024x807.jpg","datePublished":"2019-05-15T16:05:18+00:00","breadcrumb":{"@id":"https:\/\/janze-athletisme.fr\/wordpress\/competition-a-janze\/#breadcrumb"},"inLanguage":"fr-FR","potentialAction":[{"@type":"ReadAction","target":["https:\/\/janze-athletisme.fr\/wordpress\/competition-a-janze\/"]}]},{"@type":"ImageObject","inLanguage":"fr-FR","@id":"https:\/\/janze-athletisme.fr\/wordpress\/competition-a-janze\/#primaryimage","url":"http:\/\/janze-athletisme.fr\/wordpress\/wp-content\/uploads\/2019\/05\/IMG_20190511_182702-Copie-1024x807.jpg","contentUrl":"http:\/\/janze-athletisme.fr\/wordpress\/wp-content\/uploads\/2019\/05\/IMG_20190511_182702-Copie-1024x807.jpg"},{"@type":"BreadcrumbList","@id":"https:\/\/janze-athletisme.fr\/wordpress\/competition-a-janze\/#breadcrumb","itemListElement":[{"@type":"ListItem","position":1,"name":"Accueil","item":"https:\/\/janze-athletisme.fr\/wordpress\/"},{"@type":"ListItem","position":2,"name":"Comp\u00e9tition \u00e0 Janz\u00e9"}]},{"@type":"WebSite","@id":"https:\/\/janze-athletisme.fr\/wordpress\/#website","url":"https:\/\/janze-athletisme.fr\/wordpress\/","name":"Janz\u00e9 Athl\u00e9tisme","description":"Pays de La Roche aux F\u00e9es","publisher":{"@id":"https:\/\/janze-athletisme.fr\/wordpress\/#organization"},"potentialAction":[{"@type":"SearchAction","target":{"@type":"EntryPoint","urlTemplate":"https:\/\/janze-athletisme.fr\/wordpress\/?s={search_term_string}"},"query-input":{"@type":"PropertyValueSpecification","valueRequired":true,"valueName":"search_term_string"}}],"inLanguage":"fr-FR"},{"@type":"Organization","@id":"https:\/\/janze-athletisme.fr\/wordpress\/#organization","name":"Janz\u00e9 Athl\u00e9tisme","url":"https:\/\/janze-athletisme.fr\/wordpress\/","logo":{"@type":"ImageObject","inLanguage":"fr-FR","@id":"https:\/\/janze-athletisme.fr\/wordpress\/#\/schema\/logo\/image\/","url":"https:\/\/janze-athletisme.fr\/wordpress\/wp-content\/uploads\/2015\/03\/logo-full1.jpg","contentUrl":"https:\/\/janze-athletisme.fr\/wordpress\/wp-content\/uploads\/2015\/03\/logo-full1.jpg","width":437,"height":205,"caption":"Janz\u00e9 Athl\u00e9tisme"},"image":{"@id":"https:\/\/janze-athletisme.fr\/wordpress\/#\/schema\/logo\/image\/"},"sameAs":["https:\/\/www.facebook.com\/groups\/1007964579346590"]},{"@type":"Person","@id":"https:\/\/janze-athletisme.fr\/wordpress\/#\/schema\/person\/d0d91611dc85e1635e00511152f92f6c","name":"Fr\u00e9d\u00e9ric Graye","image":{"@type":"ImageObject","inLanguage":"fr-FR","@id":"https:\/\/secure.gravatar.com\/avatar\/3c698f3bb9d0e9fd7adcea83ce599a75775b1f86e450228044b2d9c172b90db8?s=96&d=mm&r=g","url":"https:\/\/secure.gravatar.com\/avatar\/3c698f3bb9d0e9fd7adcea83ce599a75775b1f86e450228044b2d9c172b90db8?s=96&d=mm&r=g","contentUrl":"https:\/\/secure.gravatar.com\/avatar\/3c698f3bb9d0e9fd7adcea83ce599a75775b1f86e450228044b2d9c172b90db8?s=96&d=mm&r=g","caption":"Fr\u00e9d\u00e9ric Graye"},"url":"https:\/\/janze-athletisme.fr\/wordpress\/author\/jathe_adm\/"}]}},"uagb_featured_image_src":{"full":false,"thumbnail":false,"medium":false,"medium_large":false,"large":false,"1536x1536":false,"2048x2048":false},"uagb_author_info":{"display_name":"Fr\u00e9d\u00e9ric Graye","author_link":"https:\/\/janze-athletisme.fr\/wordpress\/author\/jathe_adm\/"},"uagb_comment_info":0,"uagb_excerpt":"Championnat d\u00e9partemental d&rsquo;\u00e9preuves combin\u00e9es BE Ce samedi 11 mai, notre club organisait sa premi\u00e8re comp\u00e9tition \u00e0 domicile depuis de nombreuses ann\u00e9es. Il s&rsquo;agissait du championnat d\u00e9partemental d&rsquo;\u00e9preuves combin\u00e9es, pour la cat\u00e9gorie benjamins &#8211; benjamines.\u00a0 Nous avions 15 janz\u00e9ens engag\u00e9s sur ce championnat. Au programme, pour chaque athl\u00e8te, 4 \u00e9preuves : 50m haies, saut en hauteur,\u2026","_links":{"self":[{"href":"https:\/\/janze-athletisme.fr\/wordpress\/wp-json\/wp\/v2\/posts\/5074","targetHints":{"allow":["GET"]}}],"collection":[{"href":"https:\/\/janze-athletisme.fr\/wordpress\/wp-json\/wp\/v2\/posts"}],"about":[{"href":"https:\/\/janze-athletisme.fr\/wordpress\/wp-json\/wp\/v2\/types\/post"}],"author":[{"embeddable":true,"href":"https:\/\/janze-athletisme.fr\/wordpress\/wp-json\/wp\/v2\/users\/3"}],"replies":[{"embeddable":true,"href":"https:\/\/janze-athletisme.fr\/wordpress\/wp-json\/wp\/v2\/comments?post=5074"}],"version-history":[{"count":1,"href":"https:\/\/janze-athletisme.fr\/wordpress\/wp-json\/wp\/v2\/posts\/5074\/revisions"}],"predecessor-version":[{"id":5080,"href":"https:\/\/janze-athletisme.fr\/wordpress\/wp-json\/wp\/v2\/posts\/5074\/revisions\/5080"}],"wp:attachment":[{"href":"https:\/\/janze-athletisme.fr\/wordpress\/wp-json\/wp\/v2\/media?parent=5074"}],"wp:term":[{"taxonomy":"category","embeddable":true,"href":"https:\/\/janze-athletisme.fr\/wordpress\/wp-json\/wp\/v2\/categories?post=5074"},{"taxonomy":"post_tag","embeddable":true,"href":"https:\/\/janze-athletisme.fr\/wordpress\/wp-json\/wp\/v2\/tags?post=5074"}],"curies":[{"name":"wp","href":"https:\/\/api.w.org\/{rel}","templated":true}]}}