{"id":4793,"date":"2019-03-20T09:26:17","date_gmt":"2019-03-20T08:26:17","guid":{"rendered":"http:\/\/janze-athletisme.fr\/wordpress\/?p=4793"},"modified":"2019-03-20T09:39:12","modified_gmt":"2019-03-20T08:39:12","slug":"championnats-de-france-salle-lievin","status":"publish","type":"post","link":"https:\/\/janze-athletisme.fr\/wordpress\/championnats-de-france-salle-lievin\/","title":{"rendered":"Championnats de France MA en salle &#8211; Li\u00e9vin"},"content":{"rendered":"<h1 style=\"text-align: center;\"><span style=\"text-decoration: underline;\"><strong><span style=\"color: #ff0000; text-decoration: underline;\">Championnats de France Masters en salle<\/span><\/strong><\/span><\/h1>\n<p><a href=\"http:\/\/janze-athletisme.fr\/wordpress\/wp-content\/uploads\/2019\/03\/54520172_1046374562200624_277906962694275072_n.jpg\"><img loading=\"lazy\" decoding=\"async\" class=\"aligncenter  wp-image-4798\" src=\"http:\/\/janze-athletisme.fr\/wordpress\/wp-content\/uploads\/2019\/03\/54520172_1046374562200624_277906962694275072_n.jpg\" alt=\"\" width=\"291\" height=\"437\" srcset=\"https:\/\/janze-athletisme.fr\/wordpress\/wp-content\/uploads\/2019\/03\/54520172_1046374562200624_277906962694275072_n.jpg 640w, https:\/\/janze-athletisme.fr\/wordpress\/wp-content\/uploads\/2019\/03\/54520172_1046374562200624_277906962694275072_n-200x300.jpg 200w, https:\/\/janze-athletisme.fr\/wordpress\/wp-content\/uploads\/2019\/03\/54520172_1046374562200624_277906962694275072_n-1x1.jpg 1w\" sizes=\"auto, (max-width: 291px) 100vw, 291px\" \/><\/a><\/p>\n<p><span style=\"color: #000000;\">C&rsquo;est dans le Pas-De-Calais, \u00e0 Li\u00e9vin exactement, qu&rsquo;avaient lieu ce weekend les championnats de France en salle pour la cat\u00e9gorie Masters. Deux janz\u00e9ens \u00e9taient en lice, \u00e0 savoir <strong>Maud L<\/strong>. et <strong>Christophe B.<\/strong> Bravo \u00e0 tous les deux pour vos perfs, et joli d\u00e9marrage de carri\u00e8re pour Maud ! Pour ceux qui la connaissent, en r\u00e9alit\u00e9 Maud a d&rsquo;autres habitudes de course&#8230; Voici sa course \u00ab\u00a0vue de l&rsquo;int\u00e9rieur\u00a0\u00bb (merci Maud !) :<\/span><\/p>\n<p><em><span style=\"color: #333333;\">\u00ab\u00a0Apr\u00e8s des semaines sans pr\u00e9pa, me voil\u00e0 enfin pas du tout affut\u00e9e pour mon premier\u00a0<\/span><\/em><em><span style=\"color: #333333;\">1500 m. Au vu du profil de la course\u00a0: plat, sans ravito donc auto suffisance totale et pas de\u00a0<\/span><\/em><em><span style=\"color: #333333;\"><span style=\"color: #333333;\">barri\u00e8re horaire&#8230;\u00e7a\u00a0s\u2019annonce plut\u00f4t compliqu\u00e9.<\/span><\/span><\/em><br \/>\n<em><span style=\"color: #333333;\">Je fais connaissance avec mes 4 concurrentes dans la chambre d\u2019appel et apr\u00e8s avoir\u00a0<\/span><\/em><em><span style=\"color: #333333;\">discuter de nos performances sur 1500 m (moi aucune perf, c\u2019est mon premier), la pression\u00a0<\/span><\/em><em><span style=\"color: #333333;\">monte.<\/span><\/em><br \/>\n<em><span style=\"color: #333333;\">Nous voil\u00e0 sur la ligne de d\u00e9part, le coup de pistolet est donn\u00e9\u00a0; c\u2019est parti&#8230;<\/span><\/em><br \/>\n<em><span style=\"color: #333333;\">Tr\u00e8s vite, 2 \u00e9chapp\u00e9es et moi dans les baskets de la 3\u00e8me, elle a un rythme qui me\u00a0<\/span><\/em><em><span style=\"color: #333333;\">convient, je d\u00e9cide donc de faire un bout de chemin avec elle. Comme il n\u2019y a pas de ravito,\u00a0<\/span><\/em><em><span style=\"color: #333333;\">on pourra rester ensemble.\u00a0<\/span><\/em><em><span style=\"color: #333333;\">Les virages s\u2019enchainent (en m\u00eame temps sur une piste de 200 m, c\u2019est normal\u00a0!). Pas\u00a0<\/span><\/em><em><span style=\"color: #333333;\">de mont\u00e9e, pas de descente, que du plat, pas facile&#8230; j\u2019adapte mon allure en cons\u00e9quence.<\/span><\/em><br \/>\n<em><span style=\"color: #333333;\">J\u2019entame mon 2\u00e8me 500 m, j\u2019ai encore des jambes et pas de douleur gastrique, \u00e7a s\u2019annonce\u00a0<\/span><\/em><em><span style=\"color: #333333;\">bien. Je d\u00e9cide donc de prendre le relais pour les 500 derniers m\u00e8tres (ce qui se r\u00e9v\u00e8lera \u00eatre\u00a0<\/span><\/em><em><span style=\"color: #333333;\">une grosse erreur tactique, manque d\u2019exp\u00e9rience\u00a0!!!).\u00a0<\/span><\/em><em><span style=\"color: #333333;\">En effet \u00e0 200 m de l\u2019arriv\u00e9e, ma compagne de course me d\u00e9pose comme une grosse<\/span><\/em><br \/>\n<em><span style=\"color: #333333;\">m&#8230;. et l\u00e0, je ne comprends pas ce qui se passe\u00a0: d\u00e9shydratation\u00a0? fringale\u00a0? manque de\u00a0<\/span><\/em><em><span style=\"color: #333333;\">D\u00e9nivel\u00e9 +\u00a0??? Je ne peux absolument pas acc\u00e9l\u00e9rer\u00a0!<\/span><\/em><br \/>\n<em><span style=\"color: #333333;\">Je finis ma course sur le m\u00eame rythme que je l\u2019ai commenc\u00e9 (ah pour \u00e7a j\u2019ai \u00e9t\u00e9\u00a0<\/span><\/em><em><span style=\"color: #333333;\">r\u00e9guli\u00e8re, c\u2019est s\u00fbr\u00a0!) et franchis enfin la ligne d\u2019arriv\u00e9e en 5\u201942\u201967. Super\u00a0 exp\u00e9rience, \u00e0\u00a0<\/span><\/em><em><span style=\"color: #333333;\">renouveler avec un entrainement sp\u00e9cifique\u00a0!!!\u00a0\u00bb<\/span><\/em><\/p>\n<p><a href=\"http:\/\/janze-athletisme.fr\/wordpress\/wp-content\/uploads\/2019\/03\/kmpigkdhpddlldba.png\"><img loading=\"lazy\" decoding=\"async\" class=\"aligncenter size-full wp-image-4794\" src=\"http:\/\/janze-athletisme.fr\/wordpress\/wp-content\/uploads\/2019\/03\/kmpigkdhpddlldba.png\" alt=\"\" width=\"757\" height=\"157\" srcset=\"https:\/\/janze-athletisme.fr\/wordpress\/wp-content\/uploads\/2019\/03\/kmpigkdhpddlldba.png 757w, https:\/\/janze-athletisme.fr\/wordpress\/wp-content\/uploads\/2019\/03\/kmpigkdhpddlldba-300x62.png 300w, https:\/\/janze-athletisme.fr\/wordpress\/wp-content\/uploads\/2019\/03\/kmpigkdhpddlldba-5x1.png 5w\" sizes=\"auto, (max-width: 757px) 100vw, 757px\" \/><\/a><\/p>\n","protected":false},"excerpt":{"rendered":"<p>Championnats de France Masters en salle C&rsquo;est dans le Pas-De-Calais, \u00e0 Li\u00e9vin exactement, qu&rsquo;avaient lieu ce weekend les championnats de France en salle pour la cat\u00e9gorie Masters. Deux janz\u00e9ens \u00e9taient en lice, \u00e0 savoir Maud L. et Christophe B. Bravo \u00e0 tous les deux pour vos perfs, et joli d\u00e9marrage de carri\u00e8re pour Maud ! [&hellip;]<\/p>\n","protected":false},"author":3,"featured_media":0,"comment_status":"open","ping_status":"open","sticky":false,"template":"","format":"aside","meta":{"_uag_custom_page_level_css":"","site-sidebar-layout":"default","site-content-layout":"","ast-site-content-layout":"default","site-content-style":"default","site-sidebar-style":"default","ast-global-header-display":"","ast-banner-title-visibility":"","ast-main-header-display":"","ast-hfb-above-header-display":"","ast-hfb-below-header-display":"","ast-hfb-mobile-header-display":"","site-post-title":"","ast-breadcrumbs-content":"","ast-featured-img":"","footer-sml-layout":"","ast-disable-related-posts":"","theme-transparent-header-meta":"","adv-header-id-meta":"","stick-header-meta":"","header-above-stick-meta":"","header-main-stick-meta":"","header-below-stick-meta":"","astra-migrate-meta-layouts":"default","ast-page-background-enabled":"default","ast-page-background-meta":{"desktop":{"background-color":"var(--ast-global-color-4)","background-image":"","background-repeat":"repeat","background-position":"center center","background-size":"auto","background-attachment":"scroll","background-type":"","background-media":"","overlay-type":"","overlay-color":"","overlay-opacity":"","overlay-gradient":""},"tablet":{"background-color":"","background-image":"","background-repeat":"repeat","background-position":"center center","background-size":"auto","background-attachment":"scroll","background-type":"","background-media":"","overlay-type":"","overlay-color":"","overlay-opacity":"","overlay-gradient":""},"mobile":{"background-color":"","background-image":"","background-repeat":"repeat","background-position":"center center","background-size":"auto","background-attachment":"scroll","background-type":"","background-media":"","overlay-type":"","overlay-color":"","overlay-opacity":"","overlay-gradient":""}},"ast-content-background-meta":{"desktop":{"background-color":"var(--ast-global-color-5)","background-image":"","background-repeat":"repeat","background-position":"center center","background-size":"auto","background-attachment":"scroll","background-type":"","background-media":"","overlay-type":"","overlay-color":"","overlay-opacity":"","overlay-gradient":""},"tablet":{"background-color":"var(--ast-global-color-5)","background-image":"","background-repeat":"repeat","background-position":"center center","background-size":"auto","background-attachment":"scroll","background-type":"","background-media":"","overlay-type":"","overlay-color":"","overlay-opacity":"","overlay-gradient":""},"mobile":{"background-color":"var(--ast-global-color-5)","background-image":"","background-repeat":"repeat","background-position":"center center","background-size":"auto","background-attachment":"scroll","background-type":"","background-media":"","overlay-type":"","overlay-color":"","overlay-opacity":"","overlay-gradient":""}},"footnotes":""},"categories":[6],"tags":[],"class_list":["post-4793","post","type-post","status-publish","format-aside","hentry","category-sections","post_format-post-format-aside"],"yoast_head":"<!-- This site is optimized with the Yoast SEO plugin v27.5 - https:\/\/yoast.com\/product\/yoast-seo-wordpress\/ -->\n<title>Championnats de France MA en salle - Li\u00e9vin - Janz\u00e9 Athl\u00e9tisme<\/title>\n<meta name=\"robots\" content=\"index, follow, max-snippet:-1, max-image-preview:large, max-video-preview:-1\" \/>\n<link rel=\"canonical\" href=\"https:\/\/janze-athletisme.fr\/wordpress\/championnats-de-france-salle-lievin\/\" \/>\n<meta property=\"og:locale\" content=\"fr_FR\" \/>\n<meta property=\"og:type\" content=\"article\" \/>\n<meta property=\"og:title\" content=\"Championnats de France MA en salle - Li\u00e9vin - Janz\u00e9 Athl\u00e9tisme\" \/>\n<meta property=\"og:description\" content=\"Championnats de France Masters en salle C&rsquo;est dans le Pas-De-Calais, \u00e0 Li\u00e9vin exactement, qu&rsquo;avaient lieu ce weekend les championnats de France en salle pour la cat\u00e9gorie Masters. Deux janz\u00e9ens \u00e9taient en lice, \u00e0 savoir Maud L. et Christophe B. Bravo \u00e0 tous les deux pour vos perfs, et joli d\u00e9marrage de carri\u00e8re pour Maud ! [&hellip;]\" \/>\n<meta property=\"og:url\" content=\"https:\/\/janze-athletisme.fr\/wordpress\/championnats-de-france-salle-lievin\/\" \/>\n<meta property=\"og:site_name\" content=\"Janz\u00e9 Athl\u00e9tisme\" \/>\n<meta property=\"article:publisher\" content=\"https:\/\/www.facebook.com\/groups\/1007964579346590\" \/>\n<meta property=\"article:published_time\" content=\"2019-03-20T08:26:17+00:00\" \/>\n<meta property=\"article:modified_time\" content=\"2019-03-20T08:39:12+00:00\" \/>\n<meta property=\"og:image\" content=\"http:\/\/janze-athletisme.fr\/wordpress\/wp-content\/uploads\/2019\/03\/54520172_1046374562200624_277906962694275072_n.jpg\" \/>\n<meta name=\"author\" content=\"Fr\u00e9d\u00e9ric Graye\" \/>\n<meta name=\"twitter:card\" content=\"summary_large_image\" \/>\n<meta name=\"twitter:label1\" content=\"\u00c9crit par\" \/>\n\t<meta name=\"twitter:data1\" content=\"Fr\u00e9d\u00e9ric Graye\" \/>\n\t<meta name=\"twitter:label2\" content=\"Dur\u00e9e de lecture estim\u00e9e\" \/>\n\t<meta name=\"twitter:data2\" content=\"2 minutes\" \/>\n<script type=\"application\/ld+json\" class=\"yoast-schema-graph\">{\"@context\":\"https:\\\/\\\/schema.org\",\"@graph\":[{\"@type\":\"Article\",\"@id\":\"https:\\\/\\\/janze-athletisme.fr\\\/wordpress\\\/championnats-de-france-salle-lievin\\\/#article\",\"isPartOf\":{\"@id\":\"https:\\\/\\\/janze-athletisme.fr\\\/wordpress\\\/championnats-de-france-salle-lievin\\\/\"},\"author\":{\"name\":\"Fr\u00e9d\u00e9ric Graye\",\"@id\":\"https:\\\/\\\/janze-athletisme.fr\\\/wordpress\\\/#\\\/schema\\\/person\\\/d0d91611dc85e1635e00511152f92f6c\"},\"headline\":\"Championnats de France MA en salle &#8211; Li\u00e9vin\",\"datePublished\":\"2019-03-20T08:26:17+00:00\",\"dateModified\":\"2019-03-20T08:39:12+00:00\",\"mainEntityOfPage\":{\"@id\":\"https:\\\/\\\/janze-athletisme.fr\\\/wordpress\\\/championnats-de-france-salle-lievin\\\/\"},\"wordCount\":399,\"commentCount\":1,\"publisher\":{\"@id\":\"https:\\\/\\\/janze-athletisme.fr\\\/wordpress\\\/#organization\"},\"image\":{\"@id\":\"https:\\\/\\\/janze-athletisme.fr\\\/wordpress\\\/championnats-de-france-salle-lievin\\\/#primaryimage\"},\"thumbnailUrl\":\"http:\\\/\\\/janze-athletisme.fr\\\/wordpress\\\/wp-content\\\/uploads\\\/2019\\\/03\\\/54520172_1046374562200624_277906962694275072_n.jpg\",\"articleSection\":[\"Le club au jour le jour\"],\"inLanguage\":\"fr-FR\",\"potentialAction\":[{\"@type\":\"CommentAction\",\"name\":\"Comment\",\"target\":[\"https:\\\/\\\/janze-athletisme.fr\\\/wordpress\\\/championnats-de-france-salle-lievin\\\/#respond\"]}]},{\"@type\":\"WebPage\",\"@id\":\"https:\\\/\\\/janze-athletisme.fr\\\/wordpress\\\/championnats-de-france-salle-lievin\\\/\",\"url\":\"https:\\\/\\\/janze-athletisme.fr\\\/wordpress\\\/championnats-de-france-salle-lievin\\\/\",\"name\":\"Championnats de France MA en salle - Li\u00e9vin - Janz\u00e9 Athl\u00e9tisme\",\"isPartOf\":{\"@id\":\"https:\\\/\\\/janze-athletisme.fr\\\/wordpress\\\/#website\"},\"primaryImageOfPage\":{\"@id\":\"https:\\\/\\\/janze-athletisme.fr\\\/wordpress\\\/championnats-de-france-salle-lievin\\\/#primaryimage\"},\"image\":{\"@id\":\"https:\\\/\\\/janze-athletisme.fr\\\/wordpress\\\/championnats-de-france-salle-lievin\\\/#primaryimage\"},\"thumbnailUrl\":\"http:\\\/\\\/janze-athletisme.fr\\\/wordpress\\\/wp-content\\\/uploads\\\/2019\\\/03\\\/54520172_1046374562200624_277906962694275072_n.jpg\",\"datePublished\":\"2019-03-20T08:26:17+00:00\",\"dateModified\":\"2019-03-20T08:39:12+00:00\",\"breadcrumb\":{\"@id\":\"https:\\\/\\\/janze-athletisme.fr\\\/wordpress\\\/championnats-de-france-salle-lievin\\\/#breadcrumb\"},\"inLanguage\":\"fr-FR\",\"potentialAction\":[{\"@type\":\"ReadAction\",\"target\":[\"https:\\\/\\\/janze-athletisme.fr\\\/wordpress\\\/championnats-de-france-salle-lievin\\\/\"]}]},{\"@type\":\"ImageObject\",\"inLanguage\":\"fr-FR\",\"@id\":\"https:\\\/\\\/janze-athletisme.fr\\\/wordpress\\\/championnats-de-france-salle-lievin\\\/#primaryimage\",\"url\":\"http:\\\/\\\/janze-athletisme.fr\\\/wordpress\\\/wp-content\\\/uploads\\\/2019\\\/03\\\/54520172_1046374562200624_277906962694275072_n.jpg\",\"contentUrl\":\"http:\\\/\\\/janze-athletisme.fr\\\/wordpress\\\/wp-content\\\/uploads\\\/2019\\\/03\\\/54520172_1046374562200624_277906962694275072_n.jpg\"},{\"@type\":\"BreadcrumbList\",\"@id\":\"https:\\\/\\\/janze-athletisme.fr\\\/wordpress\\\/championnats-de-france-salle-lievin\\\/#breadcrumb\",\"itemListElement\":[{\"@type\":\"ListItem\",\"position\":1,\"name\":\"Accueil\",\"item\":\"https:\\\/\\\/janze-athletisme.fr\\\/wordpress\\\/\"},{\"@type\":\"ListItem\",\"position\":2,\"name\":\"Championnats de France MA en salle &#8211; Li\u00e9vin\"}]},{\"@type\":\"WebSite\",\"@id\":\"https:\\\/\\\/janze-athletisme.fr\\\/wordpress\\\/#website\",\"url\":\"https:\\\/\\\/janze-athletisme.fr\\\/wordpress\\\/\",\"name\":\"Janz\u00e9 Athl\u00e9tisme\",\"description\":\"Pays de La Roche aux F\u00e9es\",\"publisher\":{\"@id\":\"https:\\\/\\\/janze-athletisme.fr\\\/wordpress\\\/#organization\"},\"potentialAction\":[{\"@type\":\"SearchAction\",\"target\":{\"@type\":\"EntryPoint\",\"urlTemplate\":\"https:\\\/\\\/janze-athletisme.fr\\\/wordpress\\\/?s={search_term_string}\"},\"query-input\":{\"@type\":\"PropertyValueSpecification\",\"valueRequired\":true,\"valueName\":\"search_term_string\"}}],\"inLanguage\":\"fr-FR\"},{\"@type\":\"Organization\",\"@id\":\"https:\\\/\\\/janze-athletisme.fr\\\/wordpress\\\/#organization\",\"name\":\"Janz\u00e9 Athl\u00e9tisme\",\"url\":\"https:\\\/\\\/janze-athletisme.fr\\\/wordpress\\\/\",\"logo\":{\"@type\":\"ImageObject\",\"inLanguage\":\"fr-FR\",\"@id\":\"https:\\\/\\\/janze-athletisme.fr\\\/wordpress\\\/#\\\/schema\\\/logo\\\/image\\\/\",\"url\":\"https:\\\/\\\/janze-athletisme.fr\\\/wordpress\\\/wp-content\\\/uploads\\\/2015\\\/03\\\/logo-full1.jpg\",\"contentUrl\":\"https:\\\/\\\/janze-athletisme.fr\\\/wordpress\\\/wp-content\\\/uploads\\\/2015\\\/03\\\/logo-full1.jpg\",\"width\":437,\"height\":205,\"caption\":\"Janz\u00e9 Athl\u00e9tisme\"},\"image\":{\"@id\":\"https:\\\/\\\/janze-athletisme.fr\\\/wordpress\\\/#\\\/schema\\\/logo\\\/image\\\/\"},\"sameAs\":[\"https:\\\/\\\/www.facebook.com\\\/groups\\\/1007964579346590\"]},{\"@type\":\"Person\",\"@id\":\"https:\\\/\\\/janze-athletisme.fr\\\/wordpress\\\/#\\\/schema\\\/person\\\/d0d91611dc85e1635e00511152f92f6c\",\"name\":\"Fr\u00e9d\u00e9ric Graye\",\"image\":{\"@type\":\"ImageObject\",\"inLanguage\":\"fr-FR\",\"@id\":\"https:\\\/\\\/secure.gravatar.com\\\/avatar\\\/3c698f3bb9d0e9fd7adcea83ce599a75775b1f86e450228044b2d9c172b90db8?s=96&d=mm&r=g\",\"url\":\"https:\\\/\\\/secure.gravatar.com\\\/avatar\\\/3c698f3bb9d0e9fd7adcea83ce599a75775b1f86e450228044b2d9c172b90db8?s=96&d=mm&r=g\",\"contentUrl\":\"https:\\\/\\\/secure.gravatar.com\\\/avatar\\\/3c698f3bb9d0e9fd7adcea83ce599a75775b1f86e450228044b2d9c172b90db8?s=96&d=mm&r=g\",\"caption\":\"Fr\u00e9d\u00e9ric Graye\"},\"url\":\"https:\\\/\\\/janze-athletisme.fr\\\/wordpress\\\/author\\\/jathe_adm\\\/\"}]}<\/script>\n<!-- \/ Yoast SEO plugin. -->","yoast_head_json":{"title":"Championnats de France MA en salle - Li\u00e9vin - Janz\u00e9 Athl\u00e9tisme","robots":{"index":"index","follow":"follow","max-snippet":"max-snippet:-1","max-image-preview":"max-image-preview:large","max-video-preview":"max-video-preview:-1"},"canonical":"https:\/\/janze-athletisme.fr\/wordpress\/championnats-de-france-salle-lievin\/","og_locale":"fr_FR","og_type":"article","og_title":"Championnats de France MA en salle - Li\u00e9vin - Janz\u00e9 Athl\u00e9tisme","og_description":"Championnats de France Masters en salle C&rsquo;est dans le Pas-De-Calais, \u00e0 Li\u00e9vin exactement, qu&rsquo;avaient lieu ce weekend les championnats de France en salle pour la cat\u00e9gorie Masters. Deux janz\u00e9ens \u00e9taient en lice, \u00e0 savoir Maud L. et Christophe B. Bravo \u00e0 tous les deux pour vos perfs, et joli d\u00e9marrage de carri\u00e8re pour Maud ! [&hellip;]","og_url":"https:\/\/janze-athletisme.fr\/wordpress\/championnats-de-france-salle-lievin\/","og_site_name":"Janz\u00e9 Athl\u00e9tisme","article_publisher":"https:\/\/www.facebook.com\/groups\/1007964579346590","article_published_time":"2019-03-20T08:26:17+00:00","article_modified_time":"2019-03-20T08:39:12+00:00","og_image":[{"url":"http:\/\/janze-athletisme.fr\/wordpress\/wp-content\/uploads\/2019\/03\/54520172_1046374562200624_277906962694275072_n.jpg","type":"","width":"","height":""}],"author":"Fr\u00e9d\u00e9ric Graye","twitter_card":"summary_large_image","twitter_misc":{"\u00c9crit par":"Fr\u00e9d\u00e9ric Graye","Dur\u00e9e de lecture estim\u00e9e":"2 minutes"},"schema":{"@context":"https:\/\/schema.org","@graph":[{"@type":"Article","@id":"https:\/\/janze-athletisme.fr\/wordpress\/championnats-de-france-salle-lievin\/#article","isPartOf":{"@id":"https:\/\/janze-athletisme.fr\/wordpress\/championnats-de-france-salle-lievin\/"},"author":{"name":"Fr\u00e9d\u00e9ric Graye","@id":"https:\/\/janze-athletisme.fr\/wordpress\/#\/schema\/person\/d0d91611dc85e1635e00511152f92f6c"},"headline":"Championnats de France MA en salle &#8211; Li\u00e9vin","datePublished":"2019-03-20T08:26:17+00:00","dateModified":"2019-03-20T08:39:12+00:00","mainEntityOfPage":{"@id":"https:\/\/janze-athletisme.fr\/wordpress\/championnats-de-france-salle-lievin\/"},"wordCount":399,"commentCount":1,"publisher":{"@id":"https:\/\/janze-athletisme.fr\/wordpress\/#organization"},"image":{"@id":"https:\/\/janze-athletisme.fr\/wordpress\/championnats-de-france-salle-lievin\/#primaryimage"},"thumbnailUrl":"http:\/\/janze-athletisme.fr\/wordpress\/wp-content\/uploads\/2019\/03\/54520172_1046374562200624_277906962694275072_n.jpg","articleSection":["Le club au jour le jour"],"inLanguage":"fr-FR","potentialAction":[{"@type":"CommentAction","name":"Comment","target":["https:\/\/janze-athletisme.fr\/wordpress\/championnats-de-france-salle-lievin\/#respond"]}]},{"@type":"WebPage","@id":"https:\/\/janze-athletisme.fr\/wordpress\/championnats-de-france-salle-lievin\/","url":"https:\/\/janze-athletisme.fr\/wordpress\/championnats-de-france-salle-lievin\/","name":"Championnats de France MA en salle - Li\u00e9vin - Janz\u00e9 Athl\u00e9tisme","isPartOf":{"@id":"https:\/\/janze-athletisme.fr\/wordpress\/#website"},"primaryImageOfPage":{"@id":"https:\/\/janze-athletisme.fr\/wordpress\/championnats-de-france-salle-lievin\/#primaryimage"},"image":{"@id":"https:\/\/janze-athletisme.fr\/wordpress\/championnats-de-france-salle-lievin\/#primaryimage"},"thumbnailUrl":"http:\/\/janze-athletisme.fr\/wordpress\/wp-content\/uploads\/2019\/03\/54520172_1046374562200624_277906962694275072_n.jpg","datePublished":"2019-03-20T08:26:17+00:00","dateModified":"2019-03-20T08:39:12+00:00","breadcrumb":{"@id":"https:\/\/janze-athletisme.fr\/wordpress\/championnats-de-france-salle-lievin\/#breadcrumb"},"inLanguage":"fr-FR","potentialAction":[{"@type":"ReadAction","target":["https:\/\/janze-athletisme.fr\/wordpress\/championnats-de-france-salle-lievin\/"]}]},{"@type":"ImageObject","inLanguage":"fr-FR","@id":"https:\/\/janze-athletisme.fr\/wordpress\/championnats-de-france-salle-lievin\/#primaryimage","url":"http:\/\/janze-athletisme.fr\/wordpress\/wp-content\/uploads\/2019\/03\/54520172_1046374562200624_277906962694275072_n.jpg","contentUrl":"http:\/\/janze-athletisme.fr\/wordpress\/wp-content\/uploads\/2019\/03\/54520172_1046374562200624_277906962694275072_n.jpg"},{"@type":"BreadcrumbList","@id":"https:\/\/janze-athletisme.fr\/wordpress\/championnats-de-france-salle-lievin\/#breadcrumb","itemListElement":[{"@type":"ListItem","position":1,"name":"Accueil","item":"https:\/\/janze-athletisme.fr\/wordpress\/"},{"@type":"ListItem","position":2,"name":"Championnats de France MA en salle &#8211; Li\u00e9vin"}]},{"@type":"WebSite","@id":"https:\/\/janze-athletisme.fr\/wordpress\/#website","url":"https:\/\/janze-athletisme.fr\/wordpress\/","name":"Janz\u00e9 Athl\u00e9tisme","description":"Pays de La Roche aux F\u00e9es","publisher":{"@id":"https:\/\/janze-athletisme.fr\/wordpress\/#organization"},"potentialAction":[{"@type":"SearchAction","target":{"@type":"EntryPoint","urlTemplate":"https:\/\/janze-athletisme.fr\/wordpress\/?s={search_term_string}"},"query-input":{"@type":"PropertyValueSpecification","valueRequired":true,"valueName":"search_term_string"}}],"inLanguage":"fr-FR"},{"@type":"Organization","@id":"https:\/\/janze-athletisme.fr\/wordpress\/#organization","name":"Janz\u00e9 Athl\u00e9tisme","url":"https:\/\/janze-athletisme.fr\/wordpress\/","logo":{"@type":"ImageObject","inLanguage":"fr-FR","@id":"https:\/\/janze-athletisme.fr\/wordpress\/#\/schema\/logo\/image\/","url":"https:\/\/janze-athletisme.fr\/wordpress\/wp-content\/uploads\/2015\/03\/logo-full1.jpg","contentUrl":"https:\/\/janze-athletisme.fr\/wordpress\/wp-content\/uploads\/2015\/03\/logo-full1.jpg","width":437,"height":205,"caption":"Janz\u00e9 Athl\u00e9tisme"},"image":{"@id":"https:\/\/janze-athletisme.fr\/wordpress\/#\/schema\/logo\/image\/"},"sameAs":["https:\/\/www.facebook.com\/groups\/1007964579346590"]},{"@type":"Person","@id":"https:\/\/janze-athletisme.fr\/wordpress\/#\/schema\/person\/d0d91611dc85e1635e00511152f92f6c","name":"Fr\u00e9d\u00e9ric Graye","image":{"@type":"ImageObject","inLanguage":"fr-FR","@id":"https:\/\/secure.gravatar.com\/avatar\/3c698f3bb9d0e9fd7adcea83ce599a75775b1f86e450228044b2d9c172b90db8?s=96&d=mm&r=g","url":"https:\/\/secure.gravatar.com\/avatar\/3c698f3bb9d0e9fd7adcea83ce599a75775b1f86e450228044b2d9c172b90db8?s=96&d=mm&r=g","contentUrl":"https:\/\/secure.gravatar.com\/avatar\/3c698f3bb9d0e9fd7adcea83ce599a75775b1f86e450228044b2d9c172b90db8?s=96&d=mm&r=g","caption":"Fr\u00e9d\u00e9ric Graye"},"url":"https:\/\/janze-athletisme.fr\/wordpress\/author\/jathe_adm\/"}]}},"uagb_featured_image_src":{"full":false,"thumbnail":false,"medium":false,"medium_large":false,"large":false,"1536x1536":false,"2048x2048":false},"uagb_author_info":{"display_name":"Fr\u00e9d\u00e9ric Graye","author_link":"https:\/\/janze-athletisme.fr\/wordpress\/author\/jathe_adm\/"},"uagb_comment_info":1,"uagb_excerpt":"Championnats de France Masters en salle C&rsquo;est dans le Pas-De-Calais, \u00e0 Li\u00e9vin exactement, qu&rsquo;avaient lieu ce weekend les championnats de France en salle pour la cat\u00e9gorie Masters. Deux janz\u00e9ens \u00e9taient en lice, \u00e0 savoir Maud L. et Christophe B. Bravo \u00e0 tous les deux pour vos perfs, et joli d\u00e9marrage de carri\u00e8re pour Maud !\u2026","_links":{"self":[{"href":"https:\/\/janze-athletisme.fr\/wordpress\/wp-json\/wp\/v2\/posts\/4793","targetHints":{"allow":["GET"]}}],"collection":[{"href":"https:\/\/janze-athletisme.fr\/wordpress\/wp-json\/wp\/v2\/posts"}],"about":[{"href":"https:\/\/janze-athletisme.fr\/wordpress\/wp-json\/wp\/v2\/types\/post"}],"author":[{"embeddable":true,"href":"https:\/\/janze-athletisme.fr\/wordpress\/wp-json\/wp\/v2\/users\/3"}],"replies":[{"embeddable":true,"href":"https:\/\/janze-athletisme.fr\/wordpress\/wp-json\/wp\/v2\/comments?post=4793"}],"version-history":[{"count":4,"href":"https:\/\/janze-athletisme.fr\/wordpress\/wp-json\/wp\/v2\/posts\/4793\/revisions"}],"predecessor-version":[{"id":4799,"href":"https:\/\/janze-athletisme.fr\/wordpress\/wp-json\/wp\/v2\/posts\/4793\/revisions\/4799"}],"wp:attachment":[{"href":"https:\/\/janze-athletisme.fr\/wordpress\/wp-json\/wp\/v2\/media?parent=4793"}],"wp:term":[{"taxonomy":"category","embeddable":true,"href":"https:\/\/janze-athletisme.fr\/wordpress\/wp-json\/wp\/v2\/categories?post=4793"},{"taxonomy":"post_tag","embeddable":true,"href":"https:\/\/janze-athletisme.fr\/wordpress\/wp-json\/wp\/v2\/tags?post=4793"}],"curies":[{"name":"wp","href":"https:\/\/api.w.org\/{rel}","templated":true}]}}