{"id":4767,"date":"2019-03-12T23:29:08","date_gmt":"2019-03-12T22:29:08","guid":{"rendered":"http:\/\/janze-athletisme.fr\/wordpress\/?p=4767"},"modified":"2019-03-13T08:08:14","modified_gmt":"2019-03-13T07:08:14","slug":"4767-2","status":"publish","type":"post","link":"https:\/\/janze-athletisme.fr\/wordpress\/4767-2\/","title":{"rendered":"Bzh pentathlon BE"},"content":{"rendered":"<h1 style=\"text-align: center;\"><strong><span style=\"text-decoration: underline;\"><span style=\"color: #ff0000; text-decoration: underline;\">Championnat de Bretagne de pentathlon benjamins<\/span><\/span><\/strong><\/h1>\n<p><span style=\"color: #000000;\">Samedi 9 mars, quelques benjamin(e)s du club \u00e9taient qualifi\u00e9(e)s pour participer au championnat de Bretagne de pentathlon, \u00e0 Rennes. Une \u00e9preuve imagin\u00e9e cette\u00a0<\/span><span style=\"color: #000000;\">saison par la Commission R\u00e9gionale des Jeunes pour promouvoir les \u00e9preuves en salle dites \u00ab\u00a0techniques\u00a0\u00bb.<\/span><\/p>\n<p><span style=\"color: #000000;\">Vous aurez devin\u00e9, qui dit pentathlon, dit donc 5 \u00e9preuves \u00e0 r\u00e9aliser sur la journ\u00e9e. Dans le d\u00e9tail, \u00e7a donne : 50m &#8211; 50m haies &#8211; hauteur ou perche &#8211; triple saut &#8211; lancer de poids. Et figurez-vous que 16 des 20 performances \u00e9tablies par nos janz\u00e9ens sont de nouveaux records personnels ! A Janz\u00e9 athl\u00e9, quand on se d\u00e9place, ce n&rsquo;est pas pour rien ! Bravo \u00e0 vous quatre, <strong>Audrenn F.<\/strong>, <strong>Nina G.<\/strong>, <strong>Nom\u00e9no\u00eb C.<\/strong> et <strong>Louis H.<\/strong> !!! Notons bien s\u00fbr le nouveau record du club BE pour <strong>Audrenn F.<\/strong> au 50m (elle me fait radoter, j&rsquo;avais d\u00e9j\u00e0 \u00e9crit \u00e7a la semaine derni\u00e8re !). Superbe perf aussi pour <strong>Nina G.<\/strong> au saut en hauteur, qui repousse tout de m\u00eame de 7 cm son tout r\u00e9cent record, et le porte d\u00e9sormais \u00e0 1,33m. Voici les totaux obtenus sur le pentathlon : Audrenn (125 pts) &#8211; Nina (121 pts) &#8211; Louis (94 pts) &#8211; Nom\u00e9no\u00eb (74 pts).<\/span><\/p>\n<p><span style=\"color: #000000;\">Nos 4 janz\u00e9ens ont \u00e9volu\u00e9 aux c\u00f4t\u00e9s des jeunes de l&rsquo;US Bain, \u00e9galement pr\u00e9sents pour de bons r\u00e9sultats : <strong>Elsa M. <\/strong>(98 pts)<strong>,<\/strong>\u00a0<strong>Thibault V. <\/strong>(103 pts)<strong> et Alan B.-S. <\/strong>(86 pts)<strong>.\u00a0<\/strong>Petit bonus, pour certains, un \u00ab\u00a0autographe\u00a0\u00bb de Sol\u00e8ne Gicquel <em>(PB : 1,86m au saut en hauteur)<\/em>, qui commen\u00e7ait sa s\u00e9ance d&rsquo;entra\u00eenement habituelle, et qui s&rsquo;est pli\u00e9e au jeu de nos jeunes pour leur plus grande joie, signant ici la chaussure, l\u00e0 le petit papier qui sera conserv\u00e9 pr\u00e9cieusement&#8230;<\/span><\/p>\n<p><span style=\"color: #000000;\">Bravo \u00e0 vous tous, et comme \u00e0 l&rsquo;habitude, un grand merci \u00e0\u00a0<strong>Adrien B<\/strong>. qui a permis le bon d\u00e9roulement de la comp\u00e9tition en participant au jury pour le club.<\/span><\/p>\n<p><span style=\"color: #000000;\">Quelques photos : <a href=\"https:\/\/photos.app.goo.gl\/YBkm2hooNeQBn8RR6\"><span style=\"color: #ff0000;\"><strong>CLIC !!!<\/strong><\/span><\/a><\/span><\/p>\n<p><a href=\"http:\/\/janze-athletisme.fr\/wordpress\/wp-content\/uploads\/2019\/03\/ilcjbalkeakhkgnm.png\"><img loading=\"lazy\" decoding=\"async\" class=\"aligncenter size-full wp-image-4768\" src=\"http:\/\/janze-athletisme.fr\/wordpress\/wp-content\/uploads\/2019\/03\/ilcjbalkeakhkgnm.png\" alt=\"\" width=\"754\" height=\"456\" srcset=\"https:\/\/janze-athletisme.fr\/wordpress\/wp-content\/uploads\/2019\/03\/ilcjbalkeakhkgnm.png 754w, https:\/\/janze-athletisme.fr\/wordpress\/wp-content\/uploads\/2019\/03\/ilcjbalkeakhkgnm-300x181.png 300w, https:\/\/janze-athletisme.fr\/wordpress\/wp-content\/uploads\/2019\/03\/ilcjbalkeakhkgnm-2x1.png 2w\" sizes=\"auto, (max-width: 754px) 100vw, 754px\" \/><\/a><\/p>\n<p>&nbsp;<\/p>\n","protected":false},"excerpt":{"rendered":"<p>Championnat de Bretagne de pentathlon benjamins Samedi 9 mars, quelques benjamin(e)s du club \u00e9taient qualifi\u00e9(e)s pour participer au championnat de Bretagne de pentathlon, \u00e0 Rennes. Une \u00e9preuve imagin\u00e9e cette\u00a0saison par la Commission R\u00e9gionale des Jeunes pour promouvoir les \u00e9preuves en salle dites \u00ab\u00a0techniques\u00a0\u00bb. Vous aurez devin\u00e9, qui dit pentathlon, dit donc 5 \u00e9preuves \u00e0 r\u00e9aliser [&hellip;]<\/p>\n","protected":false},"author":3,"featured_media":0,"comment_status":"open","ping_status":"open","sticky":false,"template":"","format":"aside","meta":{"_uag_custom_page_level_css":"","site-sidebar-layout":"default","site-content-layout":"","ast-site-content-layout":"default","site-content-style":"default","site-sidebar-style":"default","ast-global-header-display":"","ast-banner-title-visibility":"","ast-main-header-display":"","ast-hfb-above-header-display":"","ast-hfb-below-header-display":"","ast-hfb-mobile-header-display":"","site-post-title":"","ast-breadcrumbs-content":"","ast-featured-img":"","footer-sml-layout":"","ast-disable-related-posts":"","theme-transparent-header-meta":"","adv-header-id-meta":"","stick-header-meta":"","header-above-stick-meta":"","header-main-stick-meta":"","header-below-stick-meta":"","astra-migrate-meta-layouts":"default","ast-page-background-enabled":"default","ast-page-background-meta":{"desktop":{"background-color":"var(--ast-global-color-4)","background-image":"","background-repeat":"repeat","background-position":"center center","background-size":"auto","background-attachment":"scroll","background-type":"","background-media":"","overlay-type":"","overlay-color":"","overlay-opacity":"","overlay-gradient":""},"tablet":{"background-color":"","background-image":"","background-repeat":"repeat","background-position":"center center","background-size":"auto","background-attachment":"scroll","background-type":"","background-media":"","overlay-type":"","overlay-color":"","overlay-opacity":"","overlay-gradient":""},"mobile":{"background-color":"","background-image":"","background-repeat":"repeat","background-position":"center center","background-size":"auto","background-attachment":"scroll","background-type":"","background-media":"","overlay-type":"","overlay-color":"","overlay-opacity":"","overlay-gradient":""}},"ast-content-background-meta":{"desktop":{"background-color":"var(--ast-global-color-5)","background-image":"","background-repeat":"repeat","background-position":"center center","background-size":"auto","background-attachment":"scroll","background-type":"","background-media":"","overlay-type":"","overlay-color":"","overlay-opacity":"","overlay-gradient":""},"tablet":{"background-color":"var(--ast-global-color-5)","background-image":"","background-repeat":"repeat","background-position":"center center","background-size":"auto","background-attachment":"scroll","background-type":"","background-media":"","overlay-type":"","overlay-color":"","overlay-opacity":"","overlay-gradient":""},"mobile":{"background-color":"var(--ast-global-color-5)","background-image":"","background-repeat":"repeat","background-position":"center center","background-size":"auto","background-attachment":"scroll","background-type":"","background-media":"","overlay-type":"","overlay-color":"","overlay-opacity":"","overlay-gradient":""}},"footnotes":""},"categories":[6],"tags":[],"class_list":["post-4767","post","type-post","status-publish","format-aside","hentry","category-sections","post_format-post-format-aside"],"yoast_head":"<!-- This site is optimized with the Yoast SEO plugin v27.5 - https:\/\/yoast.com\/product\/yoast-seo-wordpress\/ -->\n<title>Bzh pentathlon BE - Janz\u00e9 Athl\u00e9tisme<\/title>\n<meta name=\"robots\" content=\"index, follow, max-snippet:-1, max-image-preview:large, max-video-preview:-1\" \/>\n<link rel=\"canonical\" href=\"https:\/\/janze-athletisme.fr\/wordpress\/4767-2\/\" \/>\n<meta property=\"og:locale\" content=\"fr_FR\" \/>\n<meta property=\"og:type\" content=\"article\" \/>\n<meta property=\"og:title\" content=\"Bzh pentathlon BE - Janz\u00e9 Athl\u00e9tisme\" \/>\n<meta property=\"og:description\" content=\"Championnat de Bretagne de pentathlon benjamins Samedi 9 mars, quelques benjamin(e)s du club \u00e9taient qualifi\u00e9(e)s pour participer au championnat de Bretagne de pentathlon, \u00e0 Rennes. Une \u00e9preuve imagin\u00e9e cette\u00a0saison par la Commission R\u00e9gionale des Jeunes pour promouvoir les \u00e9preuves en salle dites \u00ab\u00a0techniques\u00a0\u00bb. Vous aurez devin\u00e9, qui dit pentathlon, dit donc 5 \u00e9preuves \u00e0 r\u00e9aliser [&hellip;]\" \/>\n<meta property=\"og:url\" content=\"https:\/\/janze-athletisme.fr\/wordpress\/4767-2\/\" \/>\n<meta property=\"og:site_name\" content=\"Janz\u00e9 Athl\u00e9tisme\" \/>\n<meta property=\"article:publisher\" content=\"https:\/\/www.facebook.com\/groups\/1007964579346590\" \/>\n<meta property=\"article:published_time\" content=\"2019-03-12T22:29:08+00:00\" \/>\n<meta property=\"article:modified_time\" content=\"2019-03-13T07:08:14+00:00\" \/>\n<meta property=\"og:image\" content=\"http:\/\/janze-athletisme.fr\/wordpress\/wp-content\/uploads\/2019\/03\/ilcjbalkeakhkgnm.png\" \/>\n<meta name=\"author\" content=\"Fr\u00e9d\u00e9ric Graye\" \/>\n<meta name=\"twitter:card\" content=\"summary_large_image\" \/>\n<meta name=\"twitter:label1\" content=\"\u00c9crit par\" \/>\n\t<meta name=\"twitter:data1\" content=\"Fr\u00e9d\u00e9ric Graye\" \/>\n\t<meta name=\"twitter:label2\" content=\"Dur\u00e9e de lecture estim\u00e9e\" \/>\n\t<meta name=\"twitter:data2\" content=\"2 minutes\" \/>\n<script type=\"application\/ld+json\" class=\"yoast-schema-graph\">{\"@context\":\"https:\\\/\\\/schema.org\",\"@graph\":[{\"@type\":\"Article\",\"@id\":\"https:\\\/\\\/janze-athletisme.fr\\\/wordpress\\\/4767-2\\\/#article\",\"isPartOf\":{\"@id\":\"https:\\\/\\\/janze-athletisme.fr\\\/wordpress\\\/4767-2\\\/\"},\"author\":{\"name\":\"Fr\u00e9d\u00e9ric Graye\",\"@id\":\"https:\\\/\\\/janze-athletisme.fr\\\/wordpress\\\/#\\\/schema\\\/person\\\/d0d91611dc85e1635e00511152f92f6c\"},\"headline\":\"Bzh pentathlon BE\",\"datePublished\":\"2019-03-12T22:29:08+00:00\",\"dateModified\":\"2019-03-13T07:08:14+00:00\",\"mainEntityOfPage\":{\"@id\":\"https:\\\/\\\/janze-athletisme.fr\\\/wordpress\\\/4767-2\\\/\"},\"wordCount\":329,\"commentCount\":2,\"publisher\":{\"@id\":\"https:\\\/\\\/janze-athletisme.fr\\\/wordpress\\\/#organization\"},\"image\":{\"@id\":\"https:\\\/\\\/janze-athletisme.fr\\\/wordpress\\\/4767-2\\\/#primaryimage\"},\"thumbnailUrl\":\"http:\\\/\\\/janze-athletisme.fr\\\/wordpress\\\/wp-content\\\/uploads\\\/2019\\\/03\\\/ilcjbalkeakhkgnm.png\",\"articleSection\":[\"Le club au jour le jour\"],\"inLanguage\":\"fr-FR\",\"potentialAction\":[{\"@type\":\"CommentAction\",\"name\":\"Comment\",\"target\":[\"https:\\\/\\\/janze-athletisme.fr\\\/wordpress\\\/4767-2\\\/#respond\"]}]},{\"@type\":\"WebPage\",\"@id\":\"https:\\\/\\\/janze-athletisme.fr\\\/wordpress\\\/4767-2\\\/\",\"url\":\"https:\\\/\\\/janze-athletisme.fr\\\/wordpress\\\/4767-2\\\/\",\"name\":\"Bzh pentathlon BE - Janz\u00e9 Athl\u00e9tisme\",\"isPartOf\":{\"@id\":\"https:\\\/\\\/janze-athletisme.fr\\\/wordpress\\\/#website\"},\"primaryImageOfPage\":{\"@id\":\"https:\\\/\\\/janze-athletisme.fr\\\/wordpress\\\/4767-2\\\/#primaryimage\"},\"image\":{\"@id\":\"https:\\\/\\\/janze-athletisme.fr\\\/wordpress\\\/4767-2\\\/#primaryimage\"},\"thumbnailUrl\":\"http:\\\/\\\/janze-athletisme.fr\\\/wordpress\\\/wp-content\\\/uploads\\\/2019\\\/03\\\/ilcjbalkeakhkgnm.png\",\"datePublished\":\"2019-03-12T22:29:08+00:00\",\"dateModified\":\"2019-03-13T07:08:14+00:00\",\"breadcrumb\":{\"@id\":\"https:\\\/\\\/janze-athletisme.fr\\\/wordpress\\\/4767-2\\\/#breadcrumb\"},\"inLanguage\":\"fr-FR\",\"potentialAction\":[{\"@type\":\"ReadAction\",\"target\":[\"https:\\\/\\\/janze-athletisme.fr\\\/wordpress\\\/4767-2\\\/\"]}]},{\"@type\":\"ImageObject\",\"inLanguage\":\"fr-FR\",\"@id\":\"https:\\\/\\\/janze-athletisme.fr\\\/wordpress\\\/4767-2\\\/#primaryimage\",\"url\":\"http:\\\/\\\/janze-athletisme.fr\\\/wordpress\\\/wp-content\\\/uploads\\\/2019\\\/03\\\/ilcjbalkeakhkgnm.png\",\"contentUrl\":\"http:\\\/\\\/janze-athletisme.fr\\\/wordpress\\\/wp-content\\\/uploads\\\/2019\\\/03\\\/ilcjbalkeakhkgnm.png\"},{\"@type\":\"BreadcrumbList\",\"@id\":\"https:\\\/\\\/janze-athletisme.fr\\\/wordpress\\\/4767-2\\\/#breadcrumb\",\"itemListElement\":[{\"@type\":\"ListItem\",\"position\":1,\"name\":\"Accueil\",\"item\":\"https:\\\/\\\/janze-athletisme.fr\\\/wordpress\\\/\"},{\"@type\":\"ListItem\",\"position\":2,\"name\":\"Bzh pentathlon BE\"}]},{\"@type\":\"WebSite\",\"@id\":\"https:\\\/\\\/janze-athletisme.fr\\\/wordpress\\\/#website\",\"url\":\"https:\\\/\\\/janze-athletisme.fr\\\/wordpress\\\/\",\"name\":\"Janz\u00e9 Athl\u00e9tisme\",\"description\":\"Pays de La Roche aux F\u00e9es\",\"publisher\":{\"@id\":\"https:\\\/\\\/janze-athletisme.fr\\\/wordpress\\\/#organization\"},\"potentialAction\":[{\"@type\":\"SearchAction\",\"target\":{\"@type\":\"EntryPoint\",\"urlTemplate\":\"https:\\\/\\\/janze-athletisme.fr\\\/wordpress\\\/?s={search_term_string}\"},\"query-input\":{\"@type\":\"PropertyValueSpecification\",\"valueRequired\":true,\"valueName\":\"search_term_string\"}}],\"inLanguage\":\"fr-FR\"},{\"@type\":\"Organization\",\"@id\":\"https:\\\/\\\/janze-athletisme.fr\\\/wordpress\\\/#organization\",\"name\":\"Janz\u00e9 Athl\u00e9tisme\",\"url\":\"https:\\\/\\\/janze-athletisme.fr\\\/wordpress\\\/\",\"logo\":{\"@type\":\"ImageObject\",\"inLanguage\":\"fr-FR\",\"@id\":\"https:\\\/\\\/janze-athletisme.fr\\\/wordpress\\\/#\\\/schema\\\/logo\\\/image\\\/\",\"url\":\"https:\\\/\\\/janze-athletisme.fr\\\/wordpress\\\/wp-content\\\/uploads\\\/2015\\\/03\\\/logo-full1.jpg\",\"contentUrl\":\"https:\\\/\\\/janze-athletisme.fr\\\/wordpress\\\/wp-content\\\/uploads\\\/2015\\\/03\\\/logo-full1.jpg\",\"width\":437,\"height\":205,\"caption\":\"Janz\u00e9 Athl\u00e9tisme\"},\"image\":{\"@id\":\"https:\\\/\\\/janze-athletisme.fr\\\/wordpress\\\/#\\\/schema\\\/logo\\\/image\\\/\"},\"sameAs\":[\"https:\\\/\\\/www.facebook.com\\\/groups\\\/1007964579346590\"]},{\"@type\":\"Person\",\"@id\":\"https:\\\/\\\/janze-athletisme.fr\\\/wordpress\\\/#\\\/schema\\\/person\\\/d0d91611dc85e1635e00511152f92f6c\",\"name\":\"Fr\u00e9d\u00e9ric Graye\",\"image\":{\"@type\":\"ImageObject\",\"inLanguage\":\"fr-FR\",\"@id\":\"https:\\\/\\\/secure.gravatar.com\\\/avatar\\\/3c698f3bb9d0e9fd7adcea83ce599a75775b1f86e450228044b2d9c172b90db8?s=96&d=mm&r=g\",\"url\":\"https:\\\/\\\/secure.gravatar.com\\\/avatar\\\/3c698f3bb9d0e9fd7adcea83ce599a75775b1f86e450228044b2d9c172b90db8?s=96&d=mm&r=g\",\"contentUrl\":\"https:\\\/\\\/secure.gravatar.com\\\/avatar\\\/3c698f3bb9d0e9fd7adcea83ce599a75775b1f86e450228044b2d9c172b90db8?s=96&d=mm&r=g\",\"caption\":\"Fr\u00e9d\u00e9ric Graye\"},\"url\":\"https:\\\/\\\/janze-athletisme.fr\\\/wordpress\\\/author\\\/jathe_adm\\\/\"}]}<\/script>\n<!-- \/ Yoast SEO plugin. -->","yoast_head_json":{"title":"Bzh pentathlon BE - Janz\u00e9 Athl\u00e9tisme","robots":{"index":"index","follow":"follow","max-snippet":"max-snippet:-1","max-image-preview":"max-image-preview:large","max-video-preview":"max-video-preview:-1"},"canonical":"https:\/\/janze-athletisme.fr\/wordpress\/4767-2\/","og_locale":"fr_FR","og_type":"article","og_title":"Bzh pentathlon BE - Janz\u00e9 Athl\u00e9tisme","og_description":"Championnat de Bretagne de pentathlon benjamins Samedi 9 mars, quelques benjamin(e)s du club \u00e9taient qualifi\u00e9(e)s pour participer au championnat de Bretagne de pentathlon, \u00e0 Rennes. Une \u00e9preuve imagin\u00e9e cette\u00a0saison par la Commission R\u00e9gionale des Jeunes pour promouvoir les \u00e9preuves en salle dites \u00ab\u00a0techniques\u00a0\u00bb. Vous aurez devin\u00e9, qui dit pentathlon, dit donc 5 \u00e9preuves \u00e0 r\u00e9aliser [&hellip;]","og_url":"https:\/\/janze-athletisme.fr\/wordpress\/4767-2\/","og_site_name":"Janz\u00e9 Athl\u00e9tisme","article_publisher":"https:\/\/www.facebook.com\/groups\/1007964579346590","article_published_time":"2019-03-12T22:29:08+00:00","article_modified_time":"2019-03-13T07:08:14+00:00","og_image":[{"url":"http:\/\/janze-athletisme.fr\/wordpress\/wp-content\/uploads\/2019\/03\/ilcjbalkeakhkgnm.png","type":"","width":"","height":""}],"author":"Fr\u00e9d\u00e9ric Graye","twitter_card":"summary_large_image","twitter_misc":{"\u00c9crit par":"Fr\u00e9d\u00e9ric Graye","Dur\u00e9e de lecture estim\u00e9e":"2 minutes"},"schema":{"@context":"https:\/\/schema.org","@graph":[{"@type":"Article","@id":"https:\/\/janze-athletisme.fr\/wordpress\/4767-2\/#article","isPartOf":{"@id":"https:\/\/janze-athletisme.fr\/wordpress\/4767-2\/"},"author":{"name":"Fr\u00e9d\u00e9ric Graye","@id":"https:\/\/janze-athletisme.fr\/wordpress\/#\/schema\/person\/d0d91611dc85e1635e00511152f92f6c"},"headline":"Bzh pentathlon BE","datePublished":"2019-03-12T22:29:08+00:00","dateModified":"2019-03-13T07:08:14+00:00","mainEntityOfPage":{"@id":"https:\/\/janze-athletisme.fr\/wordpress\/4767-2\/"},"wordCount":329,"commentCount":2,"publisher":{"@id":"https:\/\/janze-athletisme.fr\/wordpress\/#organization"},"image":{"@id":"https:\/\/janze-athletisme.fr\/wordpress\/4767-2\/#primaryimage"},"thumbnailUrl":"http:\/\/janze-athletisme.fr\/wordpress\/wp-content\/uploads\/2019\/03\/ilcjbalkeakhkgnm.png","articleSection":["Le club au jour le jour"],"inLanguage":"fr-FR","potentialAction":[{"@type":"CommentAction","name":"Comment","target":["https:\/\/janze-athletisme.fr\/wordpress\/4767-2\/#respond"]}]},{"@type":"WebPage","@id":"https:\/\/janze-athletisme.fr\/wordpress\/4767-2\/","url":"https:\/\/janze-athletisme.fr\/wordpress\/4767-2\/","name":"Bzh pentathlon BE - Janz\u00e9 Athl\u00e9tisme","isPartOf":{"@id":"https:\/\/janze-athletisme.fr\/wordpress\/#website"},"primaryImageOfPage":{"@id":"https:\/\/janze-athletisme.fr\/wordpress\/4767-2\/#primaryimage"},"image":{"@id":"https:\/\/janze-athletisme.fr\/wordpress\/4767-2\/#primaryimage"},"thumbnailUrl":"http:\/\/janze-athletisme.fr\/wordpress\/wp-content\/uploads\/2019\/03\/ilcjbalkeakhkgnm.png","datePublished":"2019-03-12T22:29:08+00:00","dateModified":"2019-03-13T07:08:14+00:00","breadcrumb":{"@id":"https:\/\/janze-athletisme.fr\/wordpress\/4767-2\/#breadcrumb"},"inLanguage":"fr-FR","potentialAction":[{"@type":"ReadAction","target":["https:\/\/janze-athletisme.fr\/wordpress\/4767-2\/"]}]},{"@type":"ImageObject","inLanguage":"fr-FR","@id":"https:\/\/janze-athletisme.fr\/wordpress\/4767-2\/#primaryimage","url":"http:\/\/janze-athletisme.fr\/wordpress\/wp-content\/uploads\/2019\/03\/ilcjbalkeakhkgnm.png","contentUrl":"http:\/\/janze-athletisme.fr\/wordpress\/wp-content\/uploads\/2019\/03\/ilcjbalkeakhkgnm.png"},{"@type":"BreadcrumbList","@id":"https:\/\/janze-athletisme.fr\/wordpress\/4767-2\/#breadcrumb","itemListElement":[{"@type":"ListItem","position":1,"name":"Accueil","item":"https:\/\/janze-athletisme.fr\/wordpress\/"},{"@type":"ListItem","position":2,"name":"Bzh pentathlon BE"}]},{"@type":"WebSite","@id":"https:\/\/janze-athletisme.fr\/wordpress\/#website","url":"https:\/\/janze-athletisme.fr\/wordpress\/","name":"Janz\u00e9 Athl\u00e9tisme","description":"Pays de La Roche aux F\u00e9es","publisher":{"@id":"https:\/\/janze-athletisme.fr\/wordpress\/#organization"},"potentialAction":[{"@type":"SearchAction","target":{"@type":"EntryPoint","urlTemplate":"https:\/\/janze-athletisme.fr\/wordpress\/?s={search_term_string}"},"query-input":{"@type":"PropertyValueSpecification","valueRequired":true,"valueName":"search_term_string"}}],"inLanguage":"fr-FR"},{"@type":"Organization","@id":"https:\/\/janze-athletisme.fr\/wordpress\/#organization","name":"Janz\u00e9 Athl\u00e9tisme","url":"https:\/\/janze-athletisme.fr\/wordpress\/","logo":{"@type":"ImageObject","inLanguage":"fr-FR","@id":"https:\/\/janze-athletisme.fr\/wordpress\/#\/schema\/logo\/image\/","url":"https:\/\/janze-athletisme.fr\/wordpress\/wp-content\/uploads\/2015\/03\/logo-full1.jpg","contentUrl":"https:\/\/janze-athletisme.fr\/wordpress\/wp-content\/uploads\/2015\/03\/logo-full1.jpg","width":437,"height":205,"caption":"Janz\u00e9 Athl\u00e9tisme"},"image":{"@id":"https:\/\/janze-athletisme.fr\/wordpress\/#\/schema\/logo\/image\/"},"sameAs":["https:\/\/www.facebook.com\/groups\/1007964579346590"]},{"@type":"Person","@id":"https:\/\/janze-athletisme.fr\/wordpress\/#\/schema\/person\/d0d91611dc85e1635e00511152f92f6c","name":"Fr\u00e9d\u00e9ric Graye","image":{"@type":"ImageObject","inLanguage":"fr-FR","@id":"https:\/\/secure.gravatar.com\/avatar\/3c698f3bb9d0e9fd7adcea83ce599a75775b1f86e450228044b2d9c172b90db8?s=96&d=mm&r=g","url":"https:\/\/secure.gravatar.com\/avatar\/3c698f3bb9d0e9fd7adcea83ce599a75775b1f86e450228044b2d9c172b90db8?s=96&d=mm&r=g","contentUrl":"https:\/\/secure.gravatar.com\/avatar\/3c698f3bb9d0e9fd7adcea83ce599a75775b1f86e450228044b2d9c172b90db8?s=96&d=mm&r=g","caption":"Fr\u00e9d\u00e9ric Graye"},"url":"https:\/\/janze-athletisme.fr\/wordpress\/author\/jathe_adm\/"}]}},"uagb_featured_image_src":{"full":false,"thumbnail":false,"medium":false,"medium_large":false,"large":false,"1536x1536":false,"2048x2048":false},"uagb_author_info":{"display_name":"Fr\u00e9d\u00e9ric Graye","author_link":"https:\/\/janze-athletisme.fr\/wordpress\/author\/jathe_adm\/"},"uagb_comment_info":2,"uagb_excerpt":"Championnat de Bretagne de pentathlon benjamins Samedi 9 mars, quelques benjamin(e)s du club \u00e9taient qualifi\u00e9(e)s pour participer au championnat de Bretagne de pentathlon, \u00e0 Rennes. Une \u00e9preuve imagin\u00e9e cette\u00a0saison par la Commission R\u00e9gionale des Jeunes pour promouvoir les \u00e9preuves en salle dites \u00ab\u00a0techniques\u00a0\u00bb. Vous aurez devin\u00e9, qui dit pentathlon, dit donc 5 \u00e9preuves \u00e0 r\u00e9aliser\u2026","_links":{"self":[{"href":"https:\/\/janze-athletisme.fr\/wordpress\/wp-json\/wp\/v2\/posts\/4767","targetHints":{"allow":["GET"]}}],"collection":[{"href":"https:\/\/janze-athletisme.fr\/wordpress\/wp-json\/wp\/v2\/posts"}],"about":[{"href":"https:\/\/janze-athletisme.fr\/wordpress\/wp-json\/wp\/v2\/types\/post"}],"author":[{"embeddable":true,"href":"https:\/\/janze-athletisme.fr\/wordpress\/wp-json\/wp\/v2\/users\/3"}],"replies":[{"embeddable":true,"href":"https:\/\/janze-athletisme.fr\/wordpress\/wp-json\/wp\/v2\/comments?post=4767"}],"version-history":[{"count":2,"href":"https:\/\/janze-athletisme.fr\/wordpress\/wp-json\/wp\/v2\/posts\/4767\/revisions"}],"predecessor-version":[{"id":4770,"href":"https:\/\/janze-athletisme.fr\/wordpress\/wp-json\/wp\/v2\/posts\/4767\/revisions\/4770"}],"wp:attachment":[{"href":"https:\/\/janze-athletisme.fr\/wordpress\/wp-json\/wp\/v2\/media?parent=4767"}],"wp:term":[{"taxonomy":"category","embeddable":true,"href":"https:\/\/janze-athletisme.fr\/wordpress\/wp-json\/wp\/v2\/categories?post=4767"},{"taxonomy":"post_tag","embeddable":true,"href":"https:\/\/janze-athletisme.fr\/wordpress\/wp-json\/wp\/v2\/tags?post=4767"}],"curies":[{"name":"wp","href":"https:\/\/api.w.org\/{rel}","templated":true}]}}