{"id":4467,"date":"2019-02-01T16:08:26","date_gmt":"2019-02-01T15:08:26","guid":{"rendered":"http:\/\/janze-athletisme.fr\/wordpress\/?p=4467"},"modified":"2019-02-01T18:13:04","modified_gmt":"2019-02-01T17:13:04","slug":"cross-bretagne-yffignac","status":"publish","type":"post","link":"https:\/\/janze-athletisme.fr\/wordpress\/cross-bretagne-yffignac\/","title":{"rendered":"Cross Bretagne Yffignac"},"content":{"rendered":"<h1 style=\"text-align: center;\"><span style=\"color: #ff0000;\"><strong><span style=\"text-decoration: underline;\">Championnat de Bretagne de cross<\/span><\/strong><\/span><\/h1>\n<p><span style=\"color: #000000;\">Ils ont affront\u00e9 le froid, le vent, la pluie et la boue pour nous offrir un magnifique spectacle sur un tr\u00e8s beau parcours digne d&rsquo;un vrai cross breton. Plus de 2000 spectateurs (dont des Janz\u00e9ens, encore merci \u00e0 eux !) \u00e9taient pr\u00e9sents sur l&rsquo;hippodrome d&rsquo;Yffiniac (22) pour encourager ces courageux athl\u00e8tes, et ce, malgr\u00e9 la p\u00e9nurie de vin chaud !! vous nous avez d\u00e9montr\u00e9 que le cross reste une merveilleuse \u00e9cole de la vie o\u00f9 le courage, l&rsquo;abn\u00e9gation et l&rsquo;esprit d&rsquo;\u00e9quipe prennent ici toute leur signification. Bravo et encore merci pour le spectacle; rendez-vous pour les demi-finales \u00e0 Lisieux, faites-nous encore r\u00eaver !! un merci particulier \u00e0 <strong>Fran\u00e7ois R<\/strong> pour la tente et le vestiaire&#8230;d\u00e9sol\u00e9 pour les photos, il n&rsquo;y a malheureusement pas tous les athl\u00e8tes, le photographe ayant oubli\u00e9 la carte m\u00e9moire de son appareil (encore d\u00e9sol\u00e9&#8230;).<\/span><\/p>\n<h4><strong><span style=\"color: #000000;\">Photos: <span style=\"color: #ff0000;\"><a style=\"color: #ff0000; text-decoration: underline;\" href=\"https:\/\/drive.google.com\/drive\/folders\/1vqmiS4p8qCD6CG7_muXnsxynWI8a1Frz?usp=sharing\">clic<\/a><\/span><\/span><\/strong><\/h4>\n<h3 style=\"text-align: center;\"><span style=\"color: #000000;\"><strong><span style=\"text-decoration: underline;\">Elites H<\/span><\/strong><\/span><\/h3>\n<p>[ws_table id=\u00a0\u00bb770&Prime;]<\/p>\n<h3 style=\"text-align: center;\"><span style=\"color: #000000;\"><strong><span style=\"text-decoration: underline;\">Elites F<\/span><\/strong><\/span><\/h3>\n<p>[ws_table id=\u00a0\u00bb769&Prime;]<\/p>\n<h3 style=\"text-align: center;\"><span style=\"color: #000000;\"><strong><span style=\"text-decoration: underline;\">Masters H<\/span><\/strong><\/span><\/h3>\n<p>[ws_table id=\u00a0\u00bb768&Prime;]<\/p>\n<h3 style=\"text-align: center;\"><strong><span style=\"text-decoration: underline; color: #000000;\">Juniors filles<\/span><\/strong><\/h3>\n<p>[ws_table id=\u00a0\u00bb767&Prime;]<\/p>\n<h3 style=\"text-align: center;\"><strong><span style=\"text-decoration: underline; color: #000000;\">Juniors gar\u00e7ons<\/span><\/strong><\/h3>\n<p>[ws_table id=\u00a0\u00bb766&Prime;]<\/p>\n<h3 style=\"text-align: center;\"><strong><span style=\"text-decoration: underline; color: #000000;\">Cadettes<\/span><\/strong><\/h3>\n<p>[ws_table id=\u00a0\u00bb765&Prime;]<\/p>\n<h3 style=\"text-align: center;\"><strong><span style=\"text-decoration: underline; color: #000000;\">Cadets<\/span><\/strong><\/h3>\n<p>[ws_table id=\u00a0\u00bb764&Prime;]<\/p>\n<h3 style=\"text-align: center;\"><strong><span style=\"text-decoration: underline; color: #000000;\">Minimes gar\u00e7ons<\/span><\/strong><\/h3>\n<p>[ws_table id=\u00a0\u00bb763&Prime;]<\/p>\n<h3 style=\"text-align: center;\"><strong><span style=\"text-decoration: underline; color: #000000;\">Minimes filles<\/span><\/strong><\/h3>\n<p>[ws_table id=\u00a0\u00bb762&Prime;]<\/p>\n","protected":false},"excerpt":{"rendered":"<p>Championnat de Bretagne de cross Ils ont affront\u00e9 le froid, le vent, la pluie et la boue pour nous offrir un magnifique spectacle sur un tr\u00e8s beau parcours digne d&rsquo;un vrai cross breton. Plus de 2000 spectateurs (dont des Janz\u00e9ens, encore merci \u00e0 eux !) \u00e9taient pr\u00e9sents sur l&rsquo;hippodrome d&rsquo;Yffiniac (22) pour encourager ces courageux [&hellip;]<\/p>\n","protected":false},"author":8,"featured_media":0,"comment_status":"open","ping_status":"open","sticky":false,"template":"","format":"aside","meta":{"_uag_custom_page_level_css":"","site-sidebar-layout":"default","site-content-layout":"","ast-site-content-layout":"default","site-content-style":"default","site-sidebar-style":"default","ast-global-header-display":"","ast-banner-title-visibility":"","ast-main-header-display":"","ast-hfb-above-header-display":"","ast-hfb-below-header-display":"","ast-hfb-mobile-header-display":"","site-post-title":"","ast-breadcrumbs-content":"","ast-featured-img":"","footer-sml-layout":"","ast-disable-related-posts":"","theme-transparent-header-meta":"","adv-header-id-meta":"","stick-header-meta":"","header-above-stick-meta":"","header-main-stick-meta":"","header-below-stick-meta":"","astra-migrate-meta-layouts":"default","ast-page-background-enabled":"default","ast-page-background-meta":{"desktop":{"background-color":"var(--ast-global-color-4)","background-image":"","background-repeat":"repeat","background-position":"center center","background-size":"auto","background-attachment":"scroll","background-type":"","background-media":"","overlay-type":"","overlay-color":"","overlay-opacity":"","overlay-gradient":""},"tablet":{"background-color":"","background-image":"","background-repeat":"repeat","background-position":"center center","background-size":"auto","background-attachment":"scroll","background-type":"","background-media":"","overlay-type":"","overlay-color":"","overlay-opacity":"","overlay-gradient":""},"mobile":{"background-color":"","background-image":"","background-repeat":"repeat","background-position":"center center","background-size":"auto","background-attachment":"scroll","background-type":"","background-media":"","overlay-type":"","overlay-color":"","overlay-opacity":"","overlay-gradient":""}},"ast-content-background-meta":{"desktop":{"background-color":"var(--ast-global-color-5)","background-image":"","background-repeat":"repeat","background-position":"center center","background-size":"auto","background-attachment":"scroll","background-type":"","background-media":"","overlay-type":"","overlay-color":"","overlay-opacity":"","overlay-gradient":""},"tablet":{"background-color":"var(--ast-global-color-5)","background-image":"","background-repeat":"repeat","background-position":"center center","background-size":"auto","background-attachment":"scroll","background-type":"","background-media":"","overlay-type":"","overlay-color":"","overlay-opacity":"","overlay-gradient":""},"mobile":{"background-color":"var(--ast-global-color-5)","background-image":"","background-repeat":"repeat","background-position":"center center","background-size":"auto","background-attachment":"scroll","background-type":"","background-media":"","overlay-type":"","overlay-color":"","overlay-opacity":"","overlay-gradient":""}},"footnotes":""},"categories":[6],"tags":[],"class_list":["post-4467","post","type-post","status-publish","format-aside","hentry","category-sections","post_format-post-format-aside"],"yoast_head":"<!-- This site is optimized with the Yoast SEO plugin v27.4 - https:\/\/yoast.com\/product\/yoast-seo-wordpress\/ -->\n<title>Cross Bretagne Yffignac - Janz\u00e9 Athl\u00e9tisme<\/title>\n<meta name=\"robots\" content=\"index, follow, max-snippet:-1, max-image-preview:large, max-video-preview:-1\" \/>\n<link rel=\"canonical\" href=\"https:\/\/janze-athletisme.fr\/wordpress\/cross-bretagne-yffignac\/\" \/>\n<meta property=\"og:locale\" content=\"fr_FR\" \/>\n<meta property=\"og:type\" content=\"article\" \/>\n<meta property=\"og:title\" content=\"Cross Bretagne Yffignac - Janz\u00e9 Athl\u00e9tisme\" \/>\n<meta property=\"og:description\" content=\"Championnat de Bretagne de cross Ils ont affront\u00e9 le froid, le vent, la pluie et la boue pour nous offrir un magnifique spectacle sur un tr\u00e8s beau parcours digne d&rsquo;un vrai cross breton. Plus de 2000 spectateurs (dont des Janz\u00e9ens, encore merci \u00e0 eux !) \u00e9taient pr\u00e9sents sur l&rsquo;hippodrome d&rsquo;Yffiniac (22) pour encourager ces courageux [&hellip;]\" \/>\n<meta property=\"og:url\" content=\"https:\/\/janze-athletisme.fr\/wordpress\/cross-bretagne-yffignac\/\" \/>\n<meta property=\"og:site_name\" content=\"Janz\u00e9 Athl\u00e9tisme\" \/>\n<meta property=\"article:publisher\" content=\"https:\/\/www.facebook.com\/groups\/1007964579346590\" \/>\n<meta property=\"article:published_time\" content=\"2019-02-01T15:08:26+00:00\" \/>\n<meta property=\"article:modified_time\" content=\"2019-02-01T17:13:04+00:00\" \/>\n<meta name=\"author\" content=\"Jean-Marie Jouzel\" \/>\n<meta name=\"twitter:card\" content=\"summary_large_image\" \/>\n<meta name=\"twitter:label1\" content=\"\u00c9crit par\" \/>\n\t<meta name=\"twitter:data1\" content=\"Jean-Marie Jouzel\" \/>\n\t<meta name=\"twitter:label2\" content=\"Dur\u00e9e de lecture estim\u00e9e\" \/>\n\t<meta name=\"twitter:data2\" content=\"1 minute\" \/>\n<script type=\"application\/ld+json\" class=\"yoast-schema-graph\">{\"@context\":\"https:\\\/\\\/schema.org\",\"@graph\":[{\"@type\":\"Article\",\"@id\":\"https:\\\/\\\/janze-athletisme.fr\\\/wordpress\\\/cross-bretagne-yffignac\\\/#article\",\"isPartOf\":{\"@id\":\"https:\\\/\\\/janze-athletisme.fr\\\/wordpress\\\/cross-bretagne-yffignac\\\/\"},\"author\":{\"name\":\"Jean-Marie Jouzel\",\"@id\":\"https:\\\/\\\/janze-athletisme.fr\\\/wordpress\\\/#\\\/schema\\\/person\\\/e27efa3d49687b81c679eb0b5c4973e9\"},\"headline\":\"Cross Bretagne Yffignac\",\"datePublished\":\"2019-02-01T15:08:26+00:00\",\"dateModified\":\"2019-02-01T17:13:04+00:00\",\"mainEntityOfPage\":{\"@id\":\"https:\\\/\\\/janze-athletisme.fr\\\/wordpress\\\/cross-bretagne-yffignac\\\/\"},\"wordCount\":206,\"commentCount\":1,\"publisher\":{\"@id\":\"https:\\\/\\\/janze-athletisme.fr\\\/wordpress\\\/#organization\"},\"articleSection\":[\"Le club au jour le jour\"],\"inLanguage\":\"fr-FR\",\"potentialAction\":[{\"@type\":\"CommentAction\",\"name\":\"Comment\",\"target\":[\"https:\\\/\\\/janze-athletisme.fr\\\/wordpress\\\/cross-bretagne-yffignac\\\/#respond\"]}]},{\"@type\":\"WebPage\",\"@id\":\"https:\\\/\\\/janze-athletisme.fr\\\/wordpress\\\/cross-bretagne-yffignac\\\/\",\"url\":\"https:\\\/\\\/janze-athletisme.fr\\\/wordpress\\\/cross-bretagne-yffignac\\\/\",\"name\":\"Cross Bretagne Yffignac - Janz\u00e9 Athl\u00e9tisme\",\"isPartOf\":{\"@id\":\"https:\\\/\\\/janze-athletisme.fr\\\/wordpress\\\/#website\"},\"datePublished\":\"2019-02-01T15:08:26+00:00\",\"dateModified\":\"2019-02-01T17:13:04+00:00\",\"breadcrumb\":{\"@id\":\"https:\\\/\\\/janze-athletisme.fr\\\/wordpress\\\/cross-bretagne-yffignac\\\/#breadcrumb\"},\"inLanguage\":\"fr-FR\",\"potentialAction\":[{\"@type\":\"ReadAction\",\"target\":[\"https:\\\/\\\/janze-athletisme.fr\\\/wordpress\\\/cross-bretagne-yffignac\\\/\"]}]},{\"@type\":\"BreadcrumbList\",\"@id\":\"https:\\\/\\\/janze-athletisme.fr\\\/wordpress\\\/cross-bretagne-yffignac\\\/#breadcrumb\",\"itemListElement\":[{\"@type\":\"ListItem\",\"position\":1,\"name\":\"Accueil\",\"item\":\"https:\\\/\\\/janze-athletisme.fr\\\/wordpress\\\/\"},{\"@type\":\"ListItem\",\"position\":2,\"name\":\"Cross Bretagne Yffignac\"}]},{\"@type\":\"WebSite\",\"@id\":\"https:\\\/\\\/janze-athletisme.fr\\\/wordpress\\\/#website\",\"url\":\"https:\\\/\\\/janze-athletisme.fr\\\/wordpress\\\/\",\"name\":\"Janz\u00e9 Athl\u00e9tisme\",\"description\":\"Pays de La Roche aux F\u00e9es\",\"publisher\":{\"@id\":\"https:\\\/\\\/janze-athletisme.fr\\\/wordpress\\\/#organization\"},\"potentialAction\":[{\"@type\":\"SearchAction\",\"target\":{\"@type\":\"EntryPoint\",\"urlTemplate\":\"https:\\\/\\\/janze-athletisme.fr\\\/wordpress\\\/?s={search_term_string}\"},\"query-input\":{\"@type\":\"PropertyValueSpecification\",\"valueRequired\":true,\"valueName\":\"search_term_string\"}}],\"inLanguage\":\"fr-FR\"},{\"@type\":\"Organization\",\"@id\":\"https:\\\/\\\/janze-athletisme.fr\\\/wordpress\\\/#organization\",\"name\":\"Janz\u00e9 Athl\u00e9tisme\",\"url\":\"https:\\\/\\\/janze-athletisme.fr\\\/wordpress\\\/\",\"logo\":{\"@type\":\"ImageObject\",\"inLanguage\":\"fr-FR\",\"@id\":\"https:\\\/\\\/janze-athletisme.fr\\\/wordpress\\\/#\\\/schema\\\/logo\\\/image\\\/\",\"url\":\"https:\\\/\\\/janze-athletisme.fr\\\/wordpress\\\/wp-content\\\/uploads\\\/2015\\\/03\\\/logo-full1.jpg\",\"contentUrl\":\"https:\\\/\\\/janze-athletisme.fr\\\/wordpress\\\/wp-content\\\/uploads\\\/2015\\\/03\\\/logo-full1.jpg\",\"width\":437,\"height\":205,\"caption\":\"Janz\u00e9 Athl\u00e9tisme\"},\"image\":{\"@id\":\"https:\\\/\\\/janze-athletisme.fr\\\/wordpress\\\/#\\\/schema\\\/logo\\\/image\\\/\"},\"sameAs\":[\"https:\\\/\\\/www.facebook.com\\\/groups\\\/1007964579346590\"]},{\"@type\":\"Person\",\"@id\":\"https:\\\/\\\/janze-athletisme.fr\\\/wordpress\\\/#\\\/schema\\\/person\\\/e27efa3d49687b81c679eb0b5c4973e9\",\"name\":\"Jean-Marie Jouzel\",\"image\":{\"@type\":\"ImageObject\",\"inLanguage\":\"fr-FR\",\"@id\":\"https:\\\/\\\/secure.gravatar.com\\\/avatar\\\/6aaee532914ad5ae9d6b4c13c953c6689456493b17979b560cf8fd0c344930ab?s=96&d=mm&r=g\",\"url\":\"https:\\\/\\\/secure.gravatar.com\\\/avatar\\\/6aaee532914ad5ae9d6b4c13c953c6689456493b17979b560cf8fd0c344930ab?s=96&d=mm&r=g\",\"contentUrl\":\"https:\\\/\\\/secure.gravatar.com\\\/avatar\\\/6aaee532914ad5ae9d6b4c13c953c6689456493b17979b560cf8fd0c344930ab?s=96&d=mm&r=g\",\"caption\":\"Jean-Marie Jouzel\"},\"url\":\"https:\\\/\\\/janze-athletisme.fr\\\/wordpress\\\/author\\\/jmjouzel\\\/\"}]}<\/script>\n<!-- \/ Yoast SEO plugin. -->","yoast_head_json":{"title":"Cross Bretagne Yffignac - Janz\u00e9 Athl\u00e9tisme","robots":{"index":"index","follow":"follow","max-snippet":"max-snippet:-1","max-image-preview":"max-image-preview:large","max-video-preview":"max-video-preview:-1"},"canonical":"https:\/\/janze-athletisme.fr\/wordpress\/cross-bretagne-yffignac\/","og_locale":"fr_FR","og_type":"article","og_title":"Cross Bretagne Yffignac - Janz\u00e9 Athl\u00e9tisme","og_description":"Championnat de Bretagne de cross Ils ont affront\u00e9 le froid, le vent, la pluie et la boue pour nous offrir un magnifique spectacle sur un tr\u00e8s beau parcours digne d&rsquo;un vrai cross breton. Plus de 2000 spectateurs (dont des Janz\u00e9ens, encore merci \u00e0 eux !) \u00e9taient pr\u00e9sents sur l&rsquo;hippodrome d&rsquo;Yffiniac (22) pour encourager ces courageux [&hellip;]","og_url":"https:\/\/janze-athletisme.fr\/wordpress\/cross-bretagne-yffignac\/","og_site_name":"Janz\u00e9 Athl\u00e9tisme","article_publisher":"https:\/\/www.facebook.com\/groups\/1007964579346590","article_published_time":"2019-02-01T15:08:26+00:00","article_modified_time":"2019-02-01T17:13:04+00:00","author":"Jean-Marie Jouzel","twitter_card":"summary_large_image","twitter_misc":{"\u00c9crit par":"Jean-Marie Jouzel","Dur\u00e9e de lecture estim\u00e9e":"1 minute"},"schema":{"@context":"https:\/\/schema.org","@graph":[{"@type":"Article","@id":"https:\/\/janze-athletisme.fr\/wordpress\/cross-bretagne-yffignac\/#article","isPartOf":{"@id":"https:\/\/janze-athletisme.fr\/wordpress\/cross-bretagne-yffignac\/"},"author":{"name":"Jean-Marie Jouzel","@id":"https:\/\/janze-athletisme.fr\/wordpress\/#\/schema\/person\/e27efa3d49687b81c679eb0b5c4973e9"},"headline":"Cross Bretagne Yffignac","datePublished":"2019-02-01T15:08:26+00:00","dateModified":"2019-02-01T17:13:04+00:00","mainEntityOfPage":{"@id":"https:\/\/janze-athletisme.fr\/wordpress\/cross-bretagne-yffignac\/"},"wordCount":206,"commentCount":1,"publisher":{"@id":"https:\/\/janze-athletisme.fr\/wordpress\/#organization"},"articleSection":["Le club au jour le jour"],"inLanguage":"fr-FR","potentialAction":[{"@type":"CommentAction","name":"Comment","target":["https:\/\/janze-athletisme.fr\/wordpress\/cross-bretagne-yffignac\/#respond"]}]},{"@type":"WebPage","@id":"https:\/\/janze-athletisme.fr\/wordpress\/cross-bretagne-yffignac\/","url":"https:\/\/janze-athletisme.fr\/wordpress\/cross-bretagne-yffignac\/","name":"Cross Bretagne Yffignac - Janz\u00e9 Athl\u00e9tisme","isPartOf":{"@id":"https:\/\/janze-athletisme.fr\/wordpress\/#website"},"datePublished":"2019-02-01T15:08:26+00:00","dateModified":"2019-02-01T17:13:04+00:00","breadcrumb":{"@id":"https:\/\/janze-athletisme.fr\/wordpress\/cross-bretagne-yffignac\/#breadcrumb"},"inLanguage":"fr-FR","potentialAction":[{"@type":"ReadAction","target":["https:\/\/janze-athletisme.fr\/wordpress\/cross-bretagne-yffignac\/"]}]},{"@type":"BreadcrumbList","@id":"https:\/\/janze-athletisme.fr\/wordpress\/cross-bretagne-yffignac\/#breadcrumb","itemListElement":[{"@type":"ListItem","position":1,"name":"Accueil","item":"https:\/\/janze-athletisme.fr\/wordpress\/"},{"@type":"ListItem","position":2,"name":"Cross Bretagne Yffignac"}]},{"@type":"WebSite","@id":"https:\/\/janze-athletisme.fr\/wordpress\/#website","url":"https:\/\/janze-athletisme.fr\/wordpress\/","name":"Janz\u00e9 Athl\u00e9tisme","description":"Pays de La Roche aux F\u00e9es","publisher":{"@id":"https:\/\/janze-athletisme.fr\/wordpress\/#organization"},"potentialAction":[{"@type":"SearchAction","target":{"@type":"EntryPoint","urlTemplate":"https:\/\/janze-athletisme.fr\/wordpress\/?s={search_term_string}"},"query-input":{"@type":"PropertyValueSpecification","valueRequired":true,"valueName":"search_term_string"}}],"inLanguage":"fr-FR"},{"@type":"Organization","@id":"https:\/\/janze-athletisme.fr\/wordpress\/#organization","name":"Janz\u00e9 Athl\u00e9tisme","url":"https:\/\/janze-athletisme.fr\/wordpress\/","logo":{"@type":"ImageObject","inLanguage":"fr-FR","@id":"https:\/\/janze-athletisme.fr\/wordpress\/#\/schema\/logo\/image\/","url":"https:\/\/janze-athletisme.fr\/wordpress\/wp-content\/uploads\/2015\/03\/logo-full1.jpg","contentUrl":"https:\/\/janze-athletisme.fr\/wordpress\/wp-content\/uploads\/2015\/03\/logo-full1.jpg","width":437,"height":205,"caption":"Janz\u00e9 Athl\u00e9tisme"},"image":{"@id":"https:\/\/janze-athletisme.fr\/wordpress\/#\/schema\/logo\/image\/"},"sameAs":["https:\/\/www.facebook.com\/groups\/1007964579346590"]},{"@type":"Person","@id":"https:\/\/janze-athletisme.fr\/wordpress\/#\/schema\/person\/e27efa3d49687b81c679eb0b5c4973e9","name":"Jean-Marie Jouzel","image":{"@type":"ImageObject","inLanguage":"fr-FR","@id":"https:\/\/secure.gravatar.com\/avatar\/6aaee532914ad5ae9d6b4c13c953c6689456493b17979b560cf8fd0c344930ab?s=96&d=mm&r=g","url":"https:\/\/secure.gravatar.com\/avatar\/6aaee532914ad5ae9d6b4c13c953c6689456493b17979b560cf8fd0c344930ab?s=96&d=mm&r=g","contentUrl":"https:\/\/secure.gravatar.com\/avatar\/6aaee532914ad5ae9d6b4c13c953c6689456493b17979b560cf8fd0c344930ab?s=96&d=mm&r=g","caption":"Jean-Marie Jouzel"},"url":"https:\/\/janze-athletisme.fr\/wordpress\/author\/jmjouzel\/"}]}},"uagb_featured_image_src":{"full":false,"thumbnail":false,"medium":false,"medium_large":false,"large":false,"1536x1536":false,"2048x2048":false},"uagb_author_info":{"display_name":"Jean-Marie Jouzel","author_link":"https:\/\/janze-athletisme.fr\/wordpress\/author\/jmjouzel\/"},"uagb_comment_info":1,"uagb_excerpt":"Championnat de Bretagne de cross Ils ont affront\u00e9 le froid, le vent, la pluie et la boue pour nous offrir un magnifique spectacle sur un tr\u00e8s beau parcours digne d&rsquo;un vrai cross breton. Plus de 2000 spectateurs (dont des Janz\u00e9ens, encore merci \u00e0 eux !) \u00e9taient pr\u00e9sents sur l&rsquo;hippodrome d&rsquo;Yffiniac (22) pour encourager ces courageux\u2026","_links":{"self":[{"href":"https:\/\/janze-athletisme.fr\/wordpress\/wp-json\/wp\/v2\/posts\/4467","targetHints":{"allow":["GET"]}}],"collection":[{"href":"https:\/\/janze-athletisme.fr\/wordpress\/wp-json\/wp\/v2\/posts"}],"about":[{"href":"https:\/\/janze-athletisme.fr\/wordpress\/wp-json\/wp\/v2\/types\/post"}],"author":[{"embeddable":true,"href":"https:\/\/janze-athletisme.fr\/wordpress\/wp-json\/wp\/v2\/users\/8"}],"replies":[{"embeddable":true,"href":"https:\/\/janze-athletisme.fr\/wordpress\/wp-json\/wp\/v2\/comments?post=4467"}],"version-history":[{"count":14,"href":"https:\/\/janze-athletisme.fr\/wordpress\/wp-json\/wp\/v2\/posts\/4467\/revisions"}],"predecessor-version":[{"id":4543,"href":"https:\/\/janze-athletisme.fr\/wordpress\/wp-json\/wp\/v2\/posts\/4467\/revisions\/4543"}],"wp:attachment":[{"href":"https:\/\/janze-athletisme.fr\/wordpress\/wp-json\/wp\/v2\/media?parent=4467"}],"wp:term":[{"taxonomy":"category","embeddable":true,"href":"https:\/\/janze-athletisme.fr\/wordpress\/wp-json\/wp\/v2\/categories?post=4467"},{"taxonomy":"post_tag","embeddable":true,"href":"https:\/\/janze-athletisme.fr\/wordpress\/wp-json\/wp\/v2\/tags?post=4467"}],"curies":[{"name":"wp","href":"https:\/\/api.w.org\/{rel}","templated":true}]}}