{"id":4403,"date":"2019-01-15T23:14:32","date_gmt":"2019-01-15T22:14:32","guid":{"rendered":"http:\/\/janze-athletisme.fr\/wordpress\/?p=4403"},"modified":"2019-01-17T09:53:11","modified_gmt":"2019-01-17T08:53:11","slug":"cross-departemental-liffre","status":"publish","type":"post","link":"https:\/\/janze-athletisme.fr\/wordpress\/cross-departemental-liffre\/","title":{"rendered":"Cross d\u00e9partemental Liffr\u00e9"},"content":{"rendered":"<h1 style=\"text-align: center;\" align=\"justify\"><span style=\"text-decoration: underline; color: #ff0000;\"><strong>Cross d\u00e9partemental \u00e0 Liffr\u00e9<\/strong><\/span><\/h1>\n<p><img loading=\"lazy\" decoding=\"async\" class=\"aligncenter wp-image-4425\" src=\"http:\/\/janze-athletisme.fr\/wordpress\/wp-content\/uploads\/2019\/01\/DSC_0123-0012.jpg\" alt=\"\" width=\"607\" height=\"352\" srcset=\"https:\/\/janze-athletisme.fr\/wordpress\/wp-content\/uploads\/2019\/01\/DSC_0123-0012.jpg 800w, https:\/\/janze-athletisme.fr\/wordpress\/wp-content\/uploads\/2019\/01\/DSC_0123-0012-300x174.jpg 300w, https:\/\/janze-athletisme.fr\/wordpress\/wp-content\/uploads\/2019\/01\/DSC_0123-0012-768x445.jpg 768w, https:\/\/janze-athletisme.fr\/wordpress\/wp-content\/uploads\/2019\/01\/DSC_0123-0012-2x1.jpg 2w\" sizes=\"auto, (max-width: 607px) 100vw, 607px\" \/><\/p>\n<p align=\"justify\"><span style=\"color: #000000;\"><span style=\"font-size: medium;\">54 Janz\u00e9ens (33 gar\u00e7ons et 21 filles) ont fini cette ann\u00e9e le cross d\u00e9partemental \u00e0 Liffr\u00e9 dimanche 14 janvier\u2026 C&rsquo;est notre 2<\/span><\/span><span style=\"color: #000000;\"><sup><span style=\"font-size: medium;\">e<\/span><\/sup><\/span><span style=\"color: #000000;\"><span style=\"font-size: medium;\"> plus importante participation apr\u00e8s les 70 de l&rsquo;an pass\u00e9 et avant les 51 de 2011 et 2017.<\/span><\/span><\/p>\n<p align=\"justify\"><span style=\"color: #000000;\"><span style=\"font-size: medium;\">Sur ces 54 athl\u00e8tes, 31 \u00e9taient des jeunes de moins de quinze ans, appartenant aux cat\u00e9gories Poussins \/ Benjamins et Minimes (17 gar\u00e7ons, 14 filles).<\/span><\/span><\/p>\n<p align=\"justify\"><span style=\"color: #000000;\"><span style=\"font-size: medium;\">En ajoutant nos partenaires de l&rsquo;Entente, Cesson et Bain, nous avons des \u00e9quipes class\u00e9es dans pratiquement toutes les cat\u00e9gories, ce qui fait de nous d\u00e9sormais un club solide et bien rep\u00e9r\u00e9 au plan d\u00e9partemental dans le domaine du cross.<\/span><\/span><\/p>\n<p align=\"justify\"><span style=\"color: #000000;\"><span style=\"font-size: medium;\">Cinq podiums sont \u00e0 mettre \u00e0 notre actif, deux collectifs et trois individuels : les benjamines et les juniors filles sont 3<\/span><\/span><span style=\"color: #000000;\"><sup><span style=\"font-size: medium;\">e <\/span><\/sup><\/span><span style=\"color: #000000;\"><span style=\"font-size: medium;\">par \u00e9quipe, Keven Georgelin 2<\/span><\/span><span style=\"color: #000000;\"><sup><span style=\"font-size: medium;\">e<\/span><\/sup><\/span><span style=\"color: #000000;\"><span style=\"font-size: medium;\"> en Juniors H, Ana\u00eblle Morel 3<\/span><\/span><span style=\"color: #000000;\"><sup><span style=\"font-size: medium;\">e<\/span><\/sup><\/span><span style=\"color: #000000;\"><span style=\"font-size: medium;\"> en Benjamines et L\u00e9a Robert 3<\/span><\/span><span style=\"color: #000000;\"><sup><span style=\"font-size: medium;\">e<\/span><\/sup><\/span><span style=\"color: #000000;\"><span style=\"font-size: medium;\"> en Poussines.<\/span><\/span><\/p>\n<p align=\"justify\"><span style=\"color: #000000;\"><span style=\"font-size: medium;\">Pas loin du podium, on peut noter aussi la 4<\/span><\/span><span style=\"color: #000000;\"><sup><span style=\"font-size: medium;\">e<\/span><\/sup><\/span><span style=\"color: #000000;\"><span style=\"font-size: medium;\"> place par \u00e9quipe des Minimes et des Juniors gar\u00e7ons, ainsi que la 4<\/span><\/span><span style=\"color: #000000;\"><sup><span style=\"font-size: medium;\">e<\/span><\/sup><\/span><span style=\"color: #000000;\"><span style=\"font-size: medium;\"> place individuelle de Fanny Morel en Poussines. Excellentes perfs \u00e9galement : la 6<\/span><\/span><span style=\"color: #000000;\"><sup><span style=\"font-size: medium;\">e<\/span><\/sup><\/span><span style=\"color: #000000;\"><span style=\"font-size: medium;\"> place des Masters H (sur 38 \u00e9quipes) et des poussines (sur 26 \u00e9quipes).<\/span><\/span><\/p>\n<p align=\"justify\"><span style=\"color: #000000;\"><span style=\"font-size: medium;\">C&rsquo;est encore mieux que l&rsquo;an pass\u00e9 o\u00f9 nous avions d\u00e9j\u00e0 quatre podiums (Poussines 2<\/span><\/span><span style=\"color: #000000;\"><sup><span style=\"font-size: medium;\">e<\/span><\/sup><\/span><span style=\"color: #000000;\"><span style=\"font-size: medium;\">, Cadettes 3<\/span><\/span><span style=\"color: #000000;\"><sup><span style=\"font-size: medium;\">e<\/span><\/sup><\/span><span style=\"color: #000000;\"><span style=\"font-size: medium;\">, Ana\u00eblle Morel 3<\/span><\/span><span style=\"color: #000000;\"><sup><span style=\"font-size: medium;\">e<\/span><\/sup><\/span><span style=\"color: #000000;\"><span style=\"font-size: medium;\"> en Benjamines et Fanny Morel 3<\/span><\/span><span style=\"color: #000000;\"><sup><span style=\"font-size: medium;\">e<\/span><\/sup><\/span><span style=\"color: #000000;\"><span style=\"font-size: medium;\"> en Poussines).<\/span><\/span><\/p>\n<p align=\"justify\"><span style=\"color: #000000;\"><span style=\"font-size: medium;\">Au-del\u00e0 de ces performances, l&rsquo;investissement a \u00e9t\u00e9 remarquable, avec notamment des enfants tr\u00e8s motiv\u00e9s et le plus souvent heureux \u00e0 l&rsquo;arriv\u00e9e d&rsquo;avoir v\u00e9cu cette aventure ou travers\u00e9 cette \u00e9preuve, selon le point de vue qu&rsquo;on adopte.<\/span><\/span><\/p>\n<p align=\"justify\"><span style=\"color: #000000;\"><span style=\"font-size: medium;\">Merci aux entra\u00eeneurs, aux jurys, aux photographes, et merci aux parents accompagnateurs. Vous avez tous contribu\u00e9 \u00e0 cette f\u00eate pour le club. Janz\u00e9 a de nouveau \u00e9t\u00e9 remarqu\u00e9 hier. Et ce n\u2019est pas le moindre des succ\u00e8s.<\/span><\/span><\/p>\n<p align=\"justify\"><span style=\"color: #000000;\"><span style=\"font-size: medium;\">Bravo \u00e0 tous.<\/span><\/span><\/p>\n<p align=\"justify\"><span style=\"color: #000000;\">Les photos : <a href=\"https:\/\/drive.google.com\/drive\/folders\/1H6n8gr34e-_Ujm8bg5qozgniF0NmCUOF?fbclid=IwAR1Fvdxa8jMOp_cWw_e6O-PwNGJZwv16ITAx_RBa5Bc7c7Lz0HCNrvgQ6KU\"><span style=\"text-decoration: underline;\"><strong><span style=\"color: #ff0000; text-decoration: underline;\">CLIC !!!<\/span><\/strong><\/span><\/a>\u00a0, encore\u00a0<span style=\"text-decoration: underline; color: #ff0000;\"><strong><span style=\"text-decoration: underline;\"><a style=\"color: #ff0000; text-decoration: underline;\" href=\"https:\/\/photos.app.goo.gl\/qojfmrNG7J85A43C6\">CLIC !!!<\/a><\/span><\/strong><\/span><span style=\"color: #ff0000;\"><span style=\"color: #000000;\">\u00a0, et encore<\/span><\/span> <a href=\"https:\/\/photos.app.goo.gl\/is2TkaAL7PN3Da816\"><span style=\"text-decoration: underline;\"><strong><span style=\"color: #ff0000; text-decoration: underline;\">CLIC !!!<\/span><\/strong><\/span><\/a><\/span><\/p>\n<h3 style=\"text-align: center;\" align=\"justify\"><span style=\"color: #000000;\"><strong><span style=\"text-decoration: underline;\">Masters H<\/span><\/strong><\/span><\/h3>\n<p>[ws_table id=\u00a0\u00bb757&Prime;]<\/p>\n<h3 style=\"text-align: center;\" align=\"justify\"><span style=\"color: #000000;\"><strong><span style=\"text-decoration: underline;\">Elites F et H<\/span><\/strong><\/span><\/h3>\n<p>[ws_table id=\u00a0\u00bb756&Prime;]<\/p>\n<h3 style=\"text-align: center;\" align=\"justify\"><span style=\"color: #000000;\"><strong><span style=\"text-decoration: underline;\">Juniors gar\u00e7ons<\/span><\/strong><\/span><\/h3>\n<p>[ws_table id=\u00a0\u00bb755&Prime;]<\/p>\n<h3 style=\"text-align: center;\" align=\"justify\"><span style=\"color: #000000;\"><strong><span style=\"text-decoration: underline;\">Juniors filles<\/span><\/strong><\/span><\/h3>\n<p>[ws_table id=\u00a0\u00bb754&Prime;]<\/p>\n<h3 style=\"text-align: center;\" align=\"justify\"><span style=\"color: #000000;\"><strong><span style=\"text-decoration: underline;\">Cadettes<\/span><\/strong><\/span><\/h3>\n<p>[ws_table id=\u00a0\u00bb753&Prime;]<\/p>\n<h3 style=\"text-align: center;\" align=\"justify\"><span style=\"color: #000000;\"><strong><span style=\"text-decoration: underline;\">Cadets<\/span><\/strong><\/span><\/h3>\n<p>[ws_table id=\u00a0\u00bb751&Prime;]<\/p>\n<h3 style=\"text-align: center;\" align=\"justify\"><span style=\"text-decoration: underline; color: #000000;\"><strong>Minimes gar\u00e7ons<\/strong><\/span><\/h3>\n<p>[ws_table id=\u00a0\u00bb750&Prime;]<\/p>\n<h3 style=\"text-align: center;\" align=\"justify\"><span style=\"color: #000000;\"><strong><span style=\"text-decoration: underline;\">Minimes filles<\/span><\/strong><\/span><\/h3>\n<p>[ws_table id=\u00a0\u00bb749&Prime;]<\/p>\n<h3 style=\"text-align: center;\" align=\"justify\"><strong><span style=\"text-decoration: underline; color: #000000;\">Poussines<\/span><\/strong><\/h3>\n<p>[ws_table id=\u00a0\u00bb748&Prime;]<\/p>\n<h3 style=\"text-align: center;\" align=\"justify\"><span style=\"text-decoration: underline;\"><strong><span style=\"color: #000000; text-decoration: underline;\">Poussins<\/span><\/strong><\/span><\/h3>\n<p>[ws_table id=\u00a0\u00bb747&Prime;]<\/p>\n<h3 style=\"text-align: center;\" align=\"justify\"><span style=\"color: #000000;\"><strong><span style=\"text-decoration: underline;\">Benjamines<\/span><\/strong><\/span><\/h3>\n<p align=\"justify\">\u00a0[ws_table id=\u00a0\u00bb745&Prime;]<\/p>\n<h3 style=\"text-align: center;\" align=\"justify\"><span style=\"color: #000000;\"><strong><span style=\"text-decoration: underline;\">Benjamins<\/span><\/strong><\/span><\/h3>\n<p>[ws_table id=\u00a0\u00bb746&Prime;]<\/p>\n","protected":false},"excerpt":{"rendered":"<p>Cross d\u00e9partemental \u00e0 Liffr\u00e9 54 Janz\u00e9ens (33 gar\u00e7ons et 21 filles) ont fini cette ann\u00e9e le cross d\u00e9partemental \u00e0 Liffr\u00e9 dimanche 14 janvier\u2026 C&rsquo;est notre 2e plus importante participation apr\u00e8s les 70 de l&rsquo;an pass\u00e9 et avant les 51 de 2011 et 2017. Sur ces 54 athl\u00e8tes, 31 \u00e9taient des jeunes de moins de quinze [&hellip;]<\/p>\n","protected":false},"author":8,"featured_media":0,"comment_status":"open","ping_status":"open","sticky":false,"template":"","format":"aside","meta":{"_uag_custom_page_level_css":"","site-sidebar-layout":"default","site-content-layout":"","ast-site-content-layout":"default","site-content-style":"default","site-sidebar-style":"default","ast-global-header-display":"","ast-banner-title-visibility":"","ast-main-header-display":"","ast-hfb-above-header-display":"","ast-hfb-below-header-display":"","ast-hfb-mobile-header-display":"","site-post-title":"","ast-breadcrumbs-content":"","ast-featured-img":"","footer-sml-layout":"","ast-disable-related-posts":"","theme-transparent-header-meta":"","adv-header-id-meta":"","stick-header-meta":"","header-above-stick-meta":"","header-main-stick-meta":"","header-below-stick-meta":"","astra-migrate-meta-layouts":"default","ast-page-background-enabled":"default","ast-page-background-meta":{"desktop":{"background-color":"var(--ast-global-color-4)","background-image":"","background-repeat":"repeat","background-position":"center center","background-size":"auto","background-attachment":"scroll","background-type":"","background-media":"","overlay-type":"","overlay-color":"","overlay-opacity":"","overlay-gradient":""},"tablet":{"background-color":"","background-image":"","background-repeat":"repeat","background-position":"center center","background-size":"auto","background-attachment":"scroll","background-type":"","background-media":"","overlay-type":"","overlay-color":"","overlay-opacity":"","overlay-gradient":""},"mobile":{"background-color":"","background-image":"","background-repeat":"repeat","background-position":"center center","background-size":"auto","background-attachment":"scroll","background-type":"","background-media":"","overlay-type":"","overlay-color":"","overlay-opacity":"","overlay-gradient":""}},"ast-content-background-meta":{"desktop":{"background-color":"var(--ast-global-color-5)","background-image":"","background-repeat":"repeat","background-position":"center center","background-size":"auto","background-attachment":"scroll","background-type":"","background-media":"","overlay-type":"","overlay-color":"","overlay-opacity":"","overlay-gradient":""},"tablet":{"background-color":"var(--ast-global-color-5)","background-image":"","background-repeat":"repeat","background-position":"center center","background-size":"auto","background-attachment":"scroll","background-type":"","background-media":"","overlay-type":"","overlay-color":"","overlay-opacity":"","overlay-gradient":""},"mobile":{"background-color":"var(--ast-global-color-5)","background-image":"","background-repeat":"repeat","background-position":"center center","background-size":"auto","background-attachment":"scroll","background-type":"","background-media":"","overlay-type":"","overlay-color":"","overlay-opacity":"","overlay-gradient":""}},"footnotes":""},"categories":[6],"tags":[],"class_list":["post-4403","post","type-post","status-publish","format-aside","hentry","category-sections","post_format-post-format-aside"],"yoast_head":"<!-- This site is optimized with the Yoast SEO plugin v27.4 - https:\/\/yoast.com\/product\/yoast-seo-wordpress\/ -->\n<title>Cross d\u00e9partemental Liffr\u00e9 - Janz\u00e9 Athl\u00e9tisme<\/title>\n<meta name=\"robots\" content=\"index, follow, max-snippet:-1, max-image-preview:large, max-video-preview:-1\" \/>\n<link rel=\"canonical\" href=\"https:\/\/janze-athletisme.fr\/wordpress\/cross-departemental-liffre\/\" \/>\n<meta property=\"og:locale\" content=\"fr_FR\" \/>\n<meta property=\"og:type\" content=\"article\" \/>\n<meta property=\"og:title\" content=\"Cross d\u00e9partemental Liffr\u00e9 - Janz\u00e9 Athl\u00e9tisme\" \/>\n<meta property=\"og:description\" content=\"Cross d\u00e9partemental \u00e0 Liffr\u00e9 54 Janz\u00e9ens (33 gar\u00e7ons et 21 filles) ont fini cette ann\u00e9e le cross d\u00e9partemental \u00e0 Liffr\u00e9 dimanche 14 janvier\u2026 C&rsquo;est notre 2e plus importante participation apr\u00e8s les 70 de l&rsquo;an pass\u00e9 et avant les 51 de 2011 et 2017. Sur ces 54 athl\u00e8tes, 31 \u00e9taient des jeunes de moins de quinze [&hellip;]\" \/>\n<meta property=\"og:url\" content=\"https:\/\/janze-athletisme.fr\/wordpress\/cross-departemental-liffre\/\" \/>\n<meta property=\"og:site_name\" content=\"Janz\u00e9 Athl\u00e9tisme\" \/>\n<meta property=\"article:publisher\" content=\"https:\/\/www.facebook.com\/groups\/1007964579346590\" \/>\n<meta property=\"article:published_time\" content=\"2019-01-15T22:14:32+00:00\" \/>\n<meta property=\"article:modified_time\" content=\"2019-01-17T08:53:11+00:00\" \/>\n<meta property=\"og:image\" content=\"http:\/\/janze-athletisme.fr\/wordpress\/wp-content\/uploads\/2019\/01\/DSC_0123-0012.jpg\" \/>\n<meta name=\"author\" content=\"Jean-Marie Jouzel\" \/>\n<meta name=\"twitter:card\" content=\"summary_large_image\" \/>\n<meta name=\"twitter:label1\" content=\"\u00c9crit par\" \/>\n\t<meta name=\"twitter:data1\" content=\"Jean-Marie Jouzel\" \/>\n\t<meta name=\"twitter:label2\" content=\"Dur\u00e9e de lecture estim\u00e9e\" \/>\n\t<meta name=\"twitter:data2\" content=\"2 minutes\" \/>\n<script type=\"application\/ld+json\" class=\"yoast-schema-graph\">{\"@context\":\"https:\\\/\\\/schema.org\",\"@graph\":[{\"@type\":\"Article\",\"@id\":\"https:\\\/\\\/janze-athletisme.fr\\\/wordpress\\\/cross-departemental-liffre\\\/#article\",\"isPartOf\":{\"@id\":\"https:\\\/\\\/janze-athletisme.fr\\\/wordpress\\\/cross-departemental-liffre\\\/\"},\"author\":{\"name\":\"Jean-Marie Jouzel\",\"@id\":\"https:\\\/\\\/janze-athletisme.fr\\\/wordpress\\\/#\\\/schema\\\/person\\\/e27efa3d49687b81c679eb0b5c4973e9\"},\"headline\":\"Cross d\u00e9partemental Liffr\u00e9\",\"datePublished\":\"2019-01-15T22:14:32+00:00\",\"dateModified\":\"2019-01-17T08:53:11+00:00\",\"mainEntityOfPage\":{\"@id\":\"https:\\\/\\\/janze-athletisme.fr\\\/wordpress\\\/cross-departemental-liffre\\\/\"},\"wordCount\":382,\"commentCount\":0,\"publisher\":{\"@id\":\"https:\\\/\\\/janze-athletisme.fr\\\/wordpress\\\/#organization\"},\"image\":{\"@id\":\"https:\\\/\\\/janze-athletisme.fr\\\/wordpress\\\/cross-departemental-liffre\\\/#primaryimage\"},\"thumbnailUrl\":\"http:\\\/\\\/janze-athletisme.fr\\\/wordpress\\\/wp-content\\\/uploads\\\/2019\\\/01\\\/DSC_0123-0012.jpg\",\"articleSection\":[\"Le club au jour le jour\"],\"inLanguage\":\"fr-FR\",\"potentialAction\":[{\"@type\":\"CommentAction\",\"name\":\"Comment\",\"target\":[\"https:\\\/\\\/janze-athletisme.fr\\\/wordpress\\\/cross-departemental-liffre\\\/#respond\"]}]},{\"@type\":\"WebPage\",\"@id\":\"https:\\\/\\\/janze-athletisme.fr\\\/wordpress\\\/cross-departemental-liffre\\\/\",\"url\":\"https:\\\/\\\/janze-athletisme.fr\\\/wordpress\\\/cross-departemental-liffre\\\/\",\"name\":\"Cross d\u00e9partemental Liffr\u00e9 - Janz\u00e9 Athl\u00e9tisme\",\"isPartOf\":{\"@id\":\"https:\\\/\\\/janze-athletisme.fr\\\/wordpress\\\/#website\"},\"primaryImageOfPage\":{\"@id\":\"https:\\\/\\\/janze-athletisme.fr\\\/wordpress\\\/cross-departemental-liffre\\\/#primaryimage\"},\"image\":{\"@id\":\"https:\\\/\\\/janze-athletisme.fr\\\/wordpress\\\/cross-departemental-liffre\\\/#primaryimage\"},\"thumbnailUrl\":\"http:\\\/\\\/janze-athletisme.fr\\\/wordpress\\\/wp-content\\\/uploads\\\/2019\\\/01\\\/DSC_0123-0012.jpg\",\"datePublished\":\"2019-01-15T22:14:32+00:00\",\"dateModified\":\"2019-01-17T08:53:11+00:00\",\"breadcrumb\":{\"@id\":\"https:\\\/\\\/janze-athletisme.fr\\\/wordpress\\\/cross-departemental-liffre\\\/#breadcrumb\"},\"inLanguage\":\"fr-FR\",\"potentialAction\":[{\"@type\":\"ReadAction\",\"target\":[\"https:\\\/\\\/janze-athletisme.fr\\\/wordpress\\\/cross-departemental-liffre\\\/\"]}]},{\"@type\":\"ImageObject\",\"inLanguage\":\"fr-FR\",\"@id\":\"https:\\\/\\\/janze-athletisme.fr\\\/wordpress\\\/cross-departemental-liffre\\\/#primaryimage\",\"url\":\"http:\\\/\\\/janze-athletisme.fr\\\/wordpress\\\/wp-content\\\/uploads\\\/2019\\\/01\\\/DSC_0123-0012.jpg\",\"contentUrl\":\"http:\\\/\\\/janze-athletisme.fr\\\/wordpress\\\/wp-content\\\/uploads\\\/2019\\\/01\\\/DSC_0123-0012.jpg\"},{\"@type\":\"BreadcrumbList\",\"@id\":\"https:\\\/\\\/janze-athletisme.fr\\\/wordpress\\\/cross-departemental-liffre\\\/#breadcrumb\",\"itemListElement\":[{\"@type\":\"ListItem\",\"position\":1,\"name\":\"Accueil\",\"item\":\"https:\\\/\\\/janze-athletisme.fr\\\/wordpress\\\/\"},{\"@type\":\"ListItem\",\"position\":2,\"name\":\"Cross d\u00e9partemental Liffr\u00e9\"}]},{\"@type\":\"WebSite\",\"@id\":\"https:\\\/\\\/janze-athletisme.fr\\\/wordpress\\\/#website\",\"url\":\"https:\\\/\\\/janze-athletisme.fr\\\/wordpress\\\/\",\"name\":\"Janz\u00e9 Athl\u00e9tisme\",\"description\":\"Pays de La Roche aux F\u00e9es\",\"publisher\":{\"@id\":\"https:\\\/\\\/janze-athletisme.fr\\\/wordpress\\\/#organization\"},\"potentialAction\":[{\"@type\":\"SearchAction\",\"target\":{\"@type\":\"EntryPoint\",\"urlTemplate\":\"https:\\\/\\\/janze-athletisme.fr\\\/wordpress\\\/?s={search_term_string}\"},\"query-input\":{\"@type\":\"PropertyValueSpecification\",\"valueRequired\":true,\"valueName\":\"search_term_string\"}}],\"inLanguage\":\"fr-FR\"},{\"@type\":\"Organization\",\"@id\":\"https:\\\/\\\/janze-athletisme.fr\\\/wordpress\\\/#organization\",\"name\":\"Janz\u00e9 Athl\u00e9tisme\",\"url\":\"https:\\\/\\\/janze-athletisme.fr\\\/wordpress\\\/\",\"logo\":{\"@type\":\"ImageObject\",\"inLanguage\":\"fr-FR\",\"@id\":\"https:\\\/\\\/janze-athletisme.fr\\\/wordpress\\\/#\\\/schema\\\/logo\\\/image\\\/\",\"url\":\"https:\\\/\\\/janze-athletisme.fr\\\/wordpress\\\/wp-content\\\/uploads\\\/2015\\\/03\\\/logo-full1.jpg\",\"contentUrl\":\"https:\\\/\\\/janze-athletisme.fr\\\/wordpress\\\/wp-content\\\/uploads\\\/2015\\\/03\\\/logo-full1.jpg\",\"width\":437,\"height\":205,\"caption\":\"Janz\u00e9 Athl\u00e9tisme\"},\"image\":{\"@id\":\"https:\\\/\\\/janze-athletisme.fr\\\/wordpress\\\/#\\\/schema\\\/logo\\\/image\\\/\"},\"sameAs\":[\"https:\\\/\\\/www.facebook.com\\\/groups\\\/1007964579346590\"]},{\"@type\":\"Person\",\"@id\":\"https:\\\/\\\/janze-athletisme.fr\\\/wordpress\\\/#\\\/schema\\\/person\\\/e27efa3d49687b81c679eb0b5c4973e9\",\"name\":\"Jean-Marie Jouzel\",\"image\":{\"@type\":\"ImageObject\",\"inLanguage\":\"fr-FR\",\"@id\":\"https:\\\/\\\/secure.gravatar.com\\\/avatar\\\/6aaee532914ad5ae9d6b4c13c953c6689456493b17979b560cf8fd0c344930ab?s=96&d=mm&r=g\",\"url\":\"https:\\\/\\\/secure.gravatar.com\\\/avatar\\\/6aaee532914ad5ae9d6b4c13c953c6689456493b17979b560cf8fd0c344930ab?s=96&d=mm&r=g\",\"contentUrl\":\"https:\\\/\\\/secure.gravatar.com\\\/avatar\\\/6aaee532914ad5ae9d6b4c13c953c6689456493b17979b560cf8fd0c344930ab?s=96&d=mm&r=g\",\"caption\":\"Jean-Marie Jouzel\"},\"url\":\"https:\\\/\\\/janze-athletisme.fr\\\/wordpress\\\/author\\\/jmjouzel\\\/\"}]}<\/script>\n<!-- \/ Yoast SEO plugin. -->","yoast_head_json":{"title":"Cross d\u00e9partemental Liffr\u00e9 - Janz\u00e9 Athl\u00e9tisme","robots":{"index":"index","follow":"follow","max-snippet":"max-snippet:-1","max-image-preview":"max-image-preview:large","max-video-preview":"max-video-preview:-1"},"canonical":"https:\/\/janze-athletisme.fr\/wordpress\/cross-departemental-liffre\/","og_locale":"fr_FR","og_type":"article","og_title":"Cross d\u00e9partemental Liffr\u00e9 - Janz\u00e9 Athl\u00e9tisme","og_description":"Cross d\u00e9partemental \u00e0 Liffr\u00e9 54 Janz\u00e9ens (33 gar\u00e7ons et 21 filles) ont fini cette ann\u00e9e le cross d\u00e9partemental \u00e0 Liffr\u00e9 dimanche 14 janvier\u2026 C&rsquo;est notre 2e plus importante participation apr\u00e8s les 70 de l&rsquo;an pass\u00e9 et avant les 51 de 2011 et 2017. Sur ces 54 athl\u00e8tes, 31 \u00e9taient des jeunes de moins de quinze [&hellip;]","og_url":"https:\/\/janze-athletisme.fr\/wordpress\/cross-departemental-liffre\/","og_site_name":"Janz\u00e9 Athl\u00e9tisme","article_publisher":"https:\/\/www.facebook.com\/groups\/1007964579346590","article_published_time":"2019-01-15T22:14:32+00:00","article_modified_time":"2019-01-17T08:53:11+00:00","og_image":[{"url":"http:\/\/janze-athletisme.fr\/wordpress\/wp-content\/uploads\/2019\/01\/DSC_0123-0012.jpg","type":"","width":"","height":""}],"author":"Jean-Marie Jouzel","twitter_card":"summary_large_image","twitter_misc":{"\u00c9crit par":"Jean-Marie Jouzel","Dur\u00e9e de lecture estim\u00e9e":"2 minutes"},"schema":{"@context":"https:\/\/schema.org","@graph":[{"@type":"Article","@id":"https:\/\/janze-athletisme.fr\/wordpress\/cross-departemental-liffre\/#article","isPartOf":{"@id":"https:\/\/janze-athletisme.fr\/wordpress\/cross-departemental-liffre\/"},"author":{"name":"Jean-Marie Jouzel","@id":"https:\/\/janze-athletisme.fr\/wordpress\/#\/schema\/person\/e27efa3d49687b81c679eb0b5c4973e9"},"headline":"Cross d\u00e9partemental Liffr\u00e9","datePublished":"2019-01-15T22:14:32+00:00","dateModified":"2019-01-17T08:53:11+00:00","mainEntityOfPage":{"@id":"https:\/\/janze-athletisme.fr\/wordpress\/cross-departemental-liffre\/"},"wordCount":382,"commentCount":0,"publisher":{"@id":"https:\/\/janze-athletisme.fr\/wordpress\/#organization"},"image":{"@id":"https:\/\/janze-athletisme.fr\/wordpress\/cross-departemental-liffre\/#primaryimage"},"thumbnailUrl":"http:\/\/janze-athletisme.fr\/wordpress\/wp-content\/uploads\/2019\/01\/DSC_0123-0012.jpg","articleSection":["Le club au jour le jour"],"inLanguage":"fr-FR","potentialAction":[{"@type":"CommentAction","name":"Comment","target":["https:\/\/janze-athletisme.fr\/wordpress\/cross-departemental-liffre\/#respond"]}]},{"@type":"WebPage","@id":"https:\/\/janze-athletisme.fr\/wordpress\/cross-departemental-liffre\/","url":"https:\/\/janze-athletisme.fr\/wordpress\/cross-departemental-liffre\/","name":"Cross d\u00e9partemental Liffr\u00e9 - Janz\u00e9 Athl\u00e9tisme","isPartOf":{"@id":"https:\/\/janze-athletisme.fr\/wordpress\/#website"},"primaryImageOfPage":{"@id":"https:\/\/janze-athletisme.fr\/wordpress\/cross-departemental-liffre\/#primaryimage"},"image":{"@id":"https:\/\/janze-athletisme.fr\/wordpress\/cross-departemental-liffre\/#primaryimage"},"thumbnailUrl":"http:\/\/janze-athletisme.fr\/wordpress\/wp-content\/uploads\/2019\/01\/DSC_0123-0012.jpg","datePublished":"2019-01-15T22:14:32+00:00","dateModified":"2019-01-17T08:53:11+00:00","breadcrumb":{"@id":"https:\/\/janze-athletisme.fr\/wordpress\/cross-departemental-liffre\/#breadcrumb"},"inLanguage":"fr-FR","potentialAction":[{"@type":"ReadAction","target":["https:\/\/janze-athletisme.fr\/wordpress\/cross-departemental-liffre\/"]}]},{"@type":"ImageObject","inLanguage":"fr-FR","@id":"https:\/\/janze-athletisme.fr\/wordpress\/cross-departemental-liffre\/#primaryimage","url":"http:\/\/janze-athletisme.fr\/wordpress\/wp-content\/uploads\/2019\/01\/DSC_0123-0012.jpg","contentUrl":"http:\/\/janze-athletisme.fr\/wordpress\/wp-content\/uploads\/2019\/01\/DSC_0123-0012.jpg"},{"@type":"BreadcrumbList","@id":"https:\/\/janze-athletisme.fr\/wordpress\/cross-departemental-liffre\/#breadcrumb","itemListElement":[{"@type":"ListItem","position":1,"name":"Accueil","item":"https:\/\/janze-athletisme.fr\/wordpress\/"},{"@type":"ListItem","position":2,"name":"Cross d\u00e9partemental Liffr\u00e9"}]},{"@type":"WebSite","@id":"https:\/\/janze-athletisme.fr\/wordpress\/#website","url":"https:\/\/janze-athletisme.fr\/wordpress\/","name":"Janz\u00e9 Athl\u00e9tisme","description":"Pays de La Roche aux F\u00e9es","publisher":{"@id":"https:\/\/janze-athletisme.fr\/wordpress\/#organization"},"potentialAction":[{"@type":"SearchAction","target":{"@type":"EntryPoint","urlTemplate":"https:\/\/janze-athletisme.fr\/wordpress\/?s={search_term_string}"},"query-input":{"@type":"PropertyValueSpecification","valueRequired":true,"valueName":"search_term_string"}}],"inLanguage":"fr-FR"},{"@type":"Organization","@id":"https:\/\/janze-athletisme.fr\/wordpress\/#organization","name":"Janz\u00e9 Athl\u00e9tisme","url":"https:\/\/janze-athletisme.fr\/wordpress\/","logo":{"@type":"ImageObject","inLanguage":"fr-FR","@id":"https:\/\/janze-athletisme.fr\/wordpress\/#\/schema\/logo\/image\/","url":"https:\/\/janze-athletisme.fr\/wordpress\/wp-content\/uploads\/2015\/03\/logo-full1.jpg","contentUrl":"https:\/\/janze-athletisme.fr\/wordpress\/wp-content\/uploads\/2015\/03\/logo-full1.jpg","width":437,"height":205,"caption":"Janz\u00e9 Athl\u00e9tisme"},"image":{"@id":"https:\/\/janze-athletisme.fr\/wordpress\/#\/schema\/logo\/image\/"},"sameAs":["https:\/\/www.facebook.com\/groups\/1007964579346590"]},{"@type":"Person","@id":"https:\/\/janze-athletisme.fr\/wordpress\/#\/schema\/person\/e27efa3d49687b81c679eb0b5c4973e9","name":"Jean-Marie Jouzel","image":{"@type":"ImageObject","inLanguage":"fr-FR","@id":"https:\/\/secure.gravatar.com\/avatar\/6aaee532914ad5ae9d6b4c13c953c6689456493b17979b560cf8fd0c344930ab?s=96&d=mm&r=g","url":"https:\/\/secure.gravatar.com\/avatar\/6aaee532914ad5ae9d6b4c13c953c6689456493b17979b560cf8fd0c344930ab?s=96&d=mm&r=g","contentUrl":"https:\/\/secure.gravatar.com\/avatar\/6aaee532914ad5ae9d6b4c13c953c6689456493b17979b560cf8fd0c344930ab?s=96&d=mm&r=g","caption":"Jean-Marie Jouzel"},"url":"https:\/\/janze-athletisme.fr\/wordpress\/author\/jmjouzel\/"}]}},"uagb_featured_image_src":{"full":false,"thumbnail":false,"medium":false,"medium_large":false,"large":false,"1536x1536":false,"2048x2048":false},"uagb_author_info":{"display_name":"Jean-Marie Jouzel","author_link":"https:\/\/janze-athletisme.fr\/wordpress\/author\/jmjouzel\/"},"uagb_comment_info":0,"uagb_excerpt":"Cross d\u00e9partemental \u00e0 Liffr\u00e9 54 Janz\u00e9ens (33 gar\u00e7ons et 21 filles) ont fini cette ann\u00e9e le cross d\u00e9partemental \u00e0 Liffr\u00e9 dimanche 14 janvier\u2026 C&rsquo;est notre 2e plus importante participation apr\u00e8s les 70 de l&rsquo;an pass\u00e9 et avant les 51 de 2011 et 2017. Sur ces 54 athl\u00e8tes, 31 \u00e9taient des jeunes de moins de quinze\u2026","_links":{"self":[{"href":"https:\/\/janze-athletisme.fr\/wordpress\/wp-json\/wp\/v2\/posts\/4403","targetHints":{"allow":["GET"]}}],"collection":[{"href":"https:\/\/janze-athletisme.fr\/wordpress\/wp-json\/wp\/v2\/posts"}],"about":[{"href":"https:\/\/janze-athletisme.fr\/wordpress\/wp-json\/wp\/v2\/types\/post"}],"author":[{"embeddable":true,"href":"https:\/\/janze-athletisme.fr\/wordpress\/wp-json\/wp\/v2\/users\/8"}],"replies":[{"embeddable":true,"href":"https:\/\/janze-athletisme.fr\/wordpress\/wp-json\/wp\/v2\/comments?post=4403"}],"version-history":[{"count":18,"href":"https:\/\/janze-athletisme.fr\/wordpress\/wp-json\/wp\/v2\/posts\/4403\/revisions"}],"predecessor-version":[{"id":4430,"href":"https:\/\/janze-athletisme.fr\/wordpress\/wp-json\/wp\/v2\/posts\/4403\/revisions\/4430"}],"wp:attachment":[{"href":"https:\/\/janze-athletisme.fr\/wordpress\/wp-json\/wp\/v2\/media?parent=4403"}],"wp:term":[{"taxonomy":"category","embeddable":true,"href":"https:\/\/janze-athletisme.fr\/wordpress\/wp-json\/wp\/v2\/categories?post=4403"},{"taxonomy":"post_tag","embeddable":true,"href":"https:\/\/janze-athletisme.fr\/wordpress\/wp-json\/wp\/v2\/tags?post=4403"}],"curies":[{"name":"wp","href":"https:\/\/api.w.org\/{rel}","templated":true}]}}