{"id":4379,"date":"2019-01-12T16:36:44","date_gmt":"2019-01-12T15:36:44","guid":{"rendered":"http:\/\/janze-athletisme.fr\/wordpress\/?p=4379"},"modified":"2019-01-12T16:36:44","modified_gmt":"2019-01-12T15:36:44","slug":"departemental-ca-et","status":"publish","type":"post","link":"https:\/\/janze-athletisme.fr\/wordpress\/departemental-ca-et\/","title":{"rendered":"D\u00e9partemental CA et +"},"content":{"rendered":"<h1 style=\"text-align: center;\"><span style=\"color: #ff0000;\"><strong><span style=\"text-decoration: underline;\">Championnat d\u00e9partemental en salle CA et +<\/span><\/strong><\/span><\/h1>\n<p><img loading=\"lazy\" decoding=\"async\" class=\"aligncenter size-large wp-image-4383\" src=\"http:\/\/janze-athletisme.fr\/wordpress\/wp-content\/uploads\/2019\/01\/Image1-1-1024x269.jpg\" alt=\"\" width=\"654\" height=\"172\" srcset=\"https:\/\/janze-athletisme.fr\/wordpress\/wp-content\/uploads\/2019\/01\/Image1-1-1024x269.jpg 1024w, https:\/\/janze-athletisme.fr\/wordpress\/wp-content\/uploads\/2019\/01\/Image1-1-300x79.jpg 300w, https:\/\/janze-athletisme.fr\/wordpress\/wp-content\/uploads\/2019\/01\/Image1-1-768x202.jpg 768w, https:\/\/janze-athletisme.fr\/wordpress\/wp-content\/uploads\/2019\/01\/Image1-1-4x1.jpg 4w, https:\/\/janze-athletisme.fr\/wordpress\/wp-content\/uploads\/2019\/01\/Image1-1.jpg 1425w\" sizes=\"auto, (max-width: 654px) 100vw, 654px\" \/><\/p>\n<p><span style=\"color: #000000;\">Le championnat d\u00e9partemental en salle, pour les cadets et plus, s&rsquo;est d\u00e9roul\u00e9 samedi 5 et dimanche 6 janvier 2019 \u00e0 la salle Robert Poirier \u00e0 Rennes. En ce weekend de fin de vacances scolaires, nous avions assez peu de repr\u00e9sentants janz\u00e9ens, mais notons au final tout de m\u00eame 4 records personnels ! Mention sp\u00e9ciale \u00e0 Sandra, qui \u00e9tait inscrite sur 4 \u00e9preuves mais s&rsquo;est bless\u00e9e entre temps, et a souhait\u00e9 malgr\u00e9 tout participer en int\u00e9grant le jury de la comp\u00e9tition. Merci aussi \u00e0 Isabelle pour le jury poids. Et bravo \u00e0 nos 5 athl\u00e8tes pour leur participation !<\/span><\/p>\n<p><span style=\"color: #000000;\">Voici quelques photos : <a href=\"https:\/\/photos.app.goo.gl\/UdzBGYoBFCRxvE5w8\"><strong><span style=\"text-decoration: underline;\"><span style=\"color: #ff0000; text-decoration: underline;\">CLIC !!!<\/span><\/span><\/strong><\/a> et les r\u00e9sultats :<\/span><\/p>\n<p><img loading=\"lazy\" decoding=\"async\" class=\"aligncenter size-full wp-image-4380\" src=\"http:\/\/janze-athletisme.fr\/wordpress\/wp-content\/uploads\/2019\/01\/galgmpiecfmiggdo.png\" alt=\"\" width=\"758\" height=\"263\" srcset=\"https:\/\/janze-athletisme.fr\/wordpress\/wp-content\/uploads\/2019\/01\/galgmpiecfmiggdo.png 758w, https:\/\/janze-athletisme.fr\/wordpress\/wp-content\/uploads\/2019\/01\/galgmpiecfmiggdo-300x104.png 300w, https:\/\/janze-athletisme.fr\/wordpress\/wp-content\/uploads\/2019\/01\/galgmpiecfmiggdo-3x1.png 3w\" sizes=\"auto, (max-width: 758px) 100vw, 758px\" \/><\/p>\n","protected":false},"excerpt":{"rendered":"<p>Championnat d\u00e9partemental en salle CA et + Le championnat d\u00e9partemental en salle, pour les cadets et plus, s&rsquo;est d\u00e9roul\u00e9 samedi 5 et dimanche 6 janvier 2019 \u00e0 la salle Robert Poirier \u00e0 Rennes. En ce weekend de fin de vacances scolaires, nous avions assez peu de repr\u00e9sentants janz\u00e9ens, mais notons au final tout de m\u00eame [&hellip;]<\/p>\n","protected":false},"author":3,"featured_media":0,"comment_status":"open","ping_status":"open","sticky":false,"template":"","format":"aside","meta":{"_uag_custom_page_level_css":"","site-sidebar-layout":"default","site-content-layout":"","ast-site-content-layout":"default","site-content-style":"default","site-sidebar-style":"default","ast-global-header-display":"","ast-banner-title-visibility":"","ast-main-header-display":"","ast-hfb-above-header-display":"","ast-hfb-below-header-display":"","ast-hfb-mobile-header-display":"","site-post-title":"","ast-breadcrumbs-content":"","ast-featured-img":"","footer-sml-layout":"","ast-disable-related-posts":"","theme-transparent-header-meta":"","adv-header-id-meta":"","stick-header-meta":"","header-above-stick-meta":"","header-main-stick-meta":"","header-below-stick-meta":"","astra-migrate-meta-layouts":"default","ast-page-background-enabled":"default","ast-page-background-meta":{"desktop":{"background-color":"var(--ast-global-color-4)","background-image":"","background-repeat":"repeat","background-position":"center center","background-size":"auto","background-attachment":"scroll","background-type":"","background-media":"","overlay-type":"","overlay-color":"","overlay-opacity":"","overlay-gradient":""},"tablet":{"background-color":"","background-image":"","background-repeat":"repeat","background-position":"center center","background-size":"auto","background-attachment":"scroll","background-type":"","background-media":"","overlay-type":"","overlay-color":"","overlay-opacity":"","overlay-gradient":""},"mobile":{"background-color":"","background-image":"","background-repeat":"repeat","background-position":"center center","background-size":"auto","background-attachment":"scroll","background-type":"","background-media":"","overlay-type":"","overlay-color":"","overlay-opacity":"","overlay-gradient":""}},"ast-content-background-meta":{"desktop":{"background-color":"var(--ast-global-color-5)","background-image":"","background-repeat":"repeat","background-position":"center center","background-size":"auto","background-attachment":"scroll","background-type":"","background-media":"","overlay-type":"","overlay-color":"","overlay-opacity":"","overlay-gradient":""},"tablet":{"background-color":"var(--ast-global-color-5)","background-image":"","background-repeat":"repeat","background-position":"center center","background-size":"auto","background-attachment":"scroll","background-type":"","background-media":"","overlay-type":"","overlay-color":"","overlay-opacity":"","overlay-gradient":""},"mobile":{"background-color":"var(--ast-global-color-5)","background-image":"","background-repeat":"repeat","background-position":"center center","background-size":"auto","background-attachment":"scroll","background-type":"","background-media":"","overlay-type":"","overlay-color":"","overlay-opacity":"","overlay-gradient":""}},"footnotes":""},"categories":[6],"tags":[],"class_list":["post-4379","post","type-post","status-publish","format-aside","hentry","category-sections","post_format-post-format-aside"],"yoast_head":"<!-- This site is optimized with the Yoast SEO plugin v27.4 - https:\/\/yoast.com\/product\/yoast-seo-wordpress\/ -->\n<title>D\u00e9partemental CA et + - Janz\u00e9 Athl\u00e9tisme<\/title>\n<meta name=\"robots\" content=\"index, follow, max-snippet:-1, max-image-preview:large, max-video-preview:-1\" \/>\n<link rel=\"canonical\" href=\"https:\/\/janze-athletisme.fr\/wordpress\/departemental-ca-et\/\" \/>\n<meta property=\"og:locale\" content=\"fr_FR\" \/>\n<meta property=\"og:type\" content=\"article\" \/>\n<meta property=\"og:title\" content=\"D\u00e9partemental CA et + - Janz\u00e9 Athl\u00e9tisme\" \/>\n<meta property=\"og:description\" content=\"Championnat d\u00e9partemental en salle CA et + Le championnat d\u00e9partemental en salle, pour les cadets et plus, s&rsquo;est d\u00e9roul\u00e9 samedi 5 et dimanche 6 janvier 2019 \u00e0 la salle Robert Poirier \u00e0 Rennes. En ce weekend de fin de vacances scolaires, nous avions assez peu de repr\u00e9sentants janz\u00e9ens, mais notons au final tout de m\u00eame [&hellip;]\" \/>\n<meta property=\"og:url\" content=\"https:\/\/janze-athletisme.fr\/wordpress\/departemental-ca-et\/\" \/>\n<meta property=\"og:site_name\" content=\"Janz\u00e9 Athl\u00e9tisme\" \/>\n<meta property=\"article:publisher\" content=\"https:\/\/www.facebook.com\/groups\/1007964579346590\" \/>\n<meta property=\"article:published_time\" content=\"2019-01-12T15:36:44+00:00\" \/>\n<meta property=\"og:image\" content=\"http:\/\/janze-athletisme.fr\/wordpress\/wp-content\/uploads\/2019\/01\/Image1-1-1024x269.jpg\" \/>\n<meta name=\"author\" content=\"Fr\u00e9d\u00e9ric Graye\" \/>\n<meta name=\"twitter:card\" content=\"summary_large_image\" \/>\n<meta name=\"twitter:label1\" content=\"\u00c9crit par\" \/>\n\t<meta name=\"twitter:data1\" content=\"Fr\u00e9d\u00e9ric Graye\" \/>\n\t<meta name=\"twitter:label2\" content=\"Dur\u00e9e de lecture estim\u00e9e\" \/>\n\t<meta name=\"twitter:data2\" content=\"1 minute\" \/>\n<script type=\"application\/ld+json\" class=\"yoast-schema-graph\">{\"@context\":\"https:\\\/\\\/schema.org\",\"@graph\":[{\"@type\":\"Article\",\"@id\":\"https:\\\/\\\/janze-athletisme.fr\\\/wordpress\\\/departemental-ca-et\\\/#article\",\"isPartOf\":{\"@id\":\"https:\\\/\\\/janze-athletisme.fr\\\/wordpress\\\/departemental-ca-et\\\/\"},\"author\":{\"name\":\"Fr\u00e9d\u00e9ric Graye\",\"@id\":\"https:\\\/\\\/janze-athletisme.fr\\\/wordpress\\\/#\\\/schema\\\/person\\\/d0d91611dc85e1635e00511152f92f6c\"},\"headline\":\"D\u00e9partemental CA et +\",\"datePublished\":\"2019-01-12T15:36:44+00:00\",\"mainEntityOfPage\":{\"@id\":\"https:\\\/\\\/janze-athletisme.fr\\\/wordpress\\\/departemental-ca-et\\\/\"},\"wordCount\":116,\"commentCount\":0,\"publisher\":{\"@id\":\"https:\\\/\\\/janze-athletisme.fr\\\/wordpress\\\/#organization\"},\"image\":{\"@id\":\"https:\\\/\\\/janze-athletisme.fr\\\/wordpress\\\/departemental-ca-et\\\/#primaryimage\"},\"thumbnailUrl\":\"http:\\\/\\\/janze-athletisme.fr\\\/wordpress\\\/wp-content\\\/uploads\\\/2019\\\/01\\\/Image1-1-1024x269.jpg\",\"articleSection\":[\"Le club au jour le jour\"],\"inLanguage\":\"fr-FR\",\"potentialAction\":[{\"@type\":\"CommentAction\",\"name\":\"Comment\",\"target\":[\"https:\\\/\\\/janze-athletisme.fr\\\/wordpress\\\/departemental-ca-et\\\/#respond\"]}]},{\"@type\":\"WebPage\",\"@id\":\"https:\\\/\\\/janze-athletisme.fr\\\/wordpress\\\/departemental-ca-et\\\/\",\"url\":\"https:\\\/\\\/janze-athletisme.fr\\\/wordpress\\\/departemental-ca-et\\\/\",\"name\":\"D\u00e9partemental CA et + - Janz\u00e9 Athl\u00e9tisme\",\"isPartOf\":{\"@id\":\"https:\\\/\\\/janze-athletisme.fr\\\/wordpress\\\/#website\"},\"primaryImageOfPage\":{\"@id\":\"https:\\\/\\\/janze-athletisme.fr\\\/wordpress\\\/departemental-ca-et\\\/#primaryimage\"},\"image\":{\"@id\":\"https:\\\/\\\/janze-athletisme.fr\\\/wordpress\\\/departemental-ca-et\\\/#primaryimage\"},\"thumbnailUrl\":\"http:\\\/\\\/janze-athletisme.fr\\\/wordpress\\\/wp-content\\\/uploads\\\/2019\\\/01\\\/Image1-1-1024x269.jpg\",\"datePublished\":\"2019-01-12T15:36:44+00:00\",\"breadcrumb\":{\"@id\":\"https:\\\/\\\/janze-athletisme.fr\\\/wordpress\\\/departemental-ca-et\\\/#breadcrumb\"},\"inLanguage\":\"fr-FR\",\"potentialAction\":[{\"@type\":\"ReadAction\",\"target\":[\"https:\\\/\\\/janze-athletisme.fr\\\/wordpress\\\/departemental-ca-et\\\/\"]}]},{\"@type\":\"ImageObject\",\"inLanguage\":\"fr-FR\",\"@id\":\"https:\\\/\\\/janze-athletisme.fr\\\/wordpress\\\/departemental-ca-et\\\/#primaryimage\",\"url\":\"http:\\\/\\\/janze-athletisme.fr\\\/wordpress\\\/wp-content\\\/uploads\\\/2019\\\/01\\\/Image1-1-1024x269.jpg\",\"contentUrl\":\"http:\\\/\\\/janze-athletisme.fr\\\/wordpress\\\/wp-content\\\/uploads\\\/2019\\\/01\\\/Image1-1-1024x269.jpg\"},{\"@type\":\"BreadcrumbList\",\"@id\":\"https:\\\/\\\/janze-athletisme.fr\\\/wordpress\\\/departemental-ca-et\\\/#breadcrumb\",\"itemListElement\":[{\"@type\":\"ListItem\",\"position\":1,\"name\":\"Accueil\",\"item\":\"https:\\\/\\\/janze-athletisme.fr\\\/wordpress\\\/\"},{\"@type\":\"ListItem\",\"position\":2,\"name\":\"D\u00e9partemental CA et +\"}]},{\"@type\":\"WebSite\",\"@id\":\"https:\\\/\\\/janze-athletisme.fr\\\/wordpress\\\/#website\",\"url\":\"https:\\\/\\\/janze-athletisme.fr\\\/wordpress\\\/\",\"name\":\"Janz\u00e9 Athl\u00e9tisme\",\"description\":\"Pays de La Roche aux F\u00e9es\",\"publisher\":{\"@id\":\"https:\\\/\\\/janze-athletisme.fr\\\/wordpress\\\/#organization\"},\"potentialAction\":[{\"@type\":\"SearchAction\",\"target\":{\"@type\":\"EntryPoint\",\"urlTemplate\":\"https:\\\/\\\/janze-athletisme.fr\\\/wordpress\\\/?s={search_term_string}\"},\"query-input\":{\"@type\":\"PropertyValueSpecification\",\"valueRequired\":true,\"valueName\":\"search_term_string\"}}],\"inLanguage\":\"fr-FR\"},{\"@type\":\"Organization\",\"@id\":\"https:\\\/\\\/janze-athletisme.fr\\\/wordpress\\\/#organization\",\"name\":\"Janz\u00e9 Athl\u00e9tisme\",\"url\":\"https:\\\/\\\/janze-athletisme.fr\\\/wordpress\\\/\",\"logo\":{\"@type\":\"ImageObject\",\"inLanguage\":\"fr-FR\",\"@id\":\"https:\\\/\\\/janze-athletisme.fr\\\/wordpress\\\/#\\\/schema\\\/logo\\\/image\\\/\",\"url\":\"https:\\\/\\\/janze-athletisme.fr\\\/wordpress\\\/wp-content\\\/uploads\\\/2015\\\/03\\\/logo-full1.jpg\",\"contentUrl\":\"https:\\\/\\\/janze-athletisme.fr\\\/wordpress\\\/wp-content\\\/uploads\\\/2015\\\/03\\\/logo-full1.jpg\",\"width\":437,\"height\":205,\"caption\":\"Janz\u00e9 Athl\u00e9tisme\"},\"image\":{\"@id\":\"https:\\\/\\\/janze-athletisme.fr\\\/wordpress\\\/#\\\/schema\\\/logo\\\/image\\\/\"},\"sameAs\":[\"https:\\\/\\\/www.facebook.com\\\/groups\\\/1007964579346590\"]},{\"@type\":\"Person\",\"@id\":\"https:\\\/\\\/janze-athletisme.fr\\\/wordpress\\\/#\\\/schema\\\/person\\\/d0d91611dc85e1635e00511152f92f6c\",\"name\":\"Fr\u00e9d\u00e9ric Graye\",\"image\":{\"@type\":\"ImageObject\",\"inLanguage\":\"fr-FR\",\"@id\":\"https:\\\/\\\/secure.gravatar.com\\\/avatar\\\/3c698f3bb9d0e9fd7adcea83ce599a75775b1f86e450228044b2d9c172b90db8?s=96&d=mm&r=g\",\"url\":\"https:\\\/\\\/secure.gravatar.com\\\/avatar\\\/3c698f3bb9d0e9fd7adcea83ce599a75775b1f86e450228044b2d9c172b90db8?s=96&d=mm&r=g\",\"contentUrl\":\"https:\\\/\\\/secure.gravatar.com\\\/avatar\\\/3c698f3bb9d0e9fd7adcea83ce599a75775b1f86e450228044b2d9c172b90db8?s=96&d=mm&r=g\",\"caption\":\"Fr\u00e9d\u00e9ric Graye\"},\"url\":\"https:\\\/\\\/janze-athletisme.fr\\\/wordpress\\\/author\\\/jathe_adm\\\/\"}]}<\/script>\n<!-- \/ Yoast SEO plugin. -->","yoast_head_json":{"title":"D\u00e9partemental CA et + - Janz\u00e9 Athl\u00e9tisme","robots":{"index":"index","follow":"follow","max-snippet":"max-snippet:-1","max-image-preview":"max-image-preview:large","max-video-preview":"max-video-preview:-1"},"canonical":"https:\/\/janze-athletisme.fr\/wordpress\/departemental-ca-et\/","og_locale":"fr_FR","og_type":"article","og_title":"D\u00e9partemental CA et + - Janz\u00e9 Athl\u00e9tisme","og_description":"Championnat d\u00e9partemental en salle CA et + Le championnat d\u00e9partemental en salle, pour les cadets et plus, s&rsquo;est d\u00e9roul\u00e9 samedi 5 et dimanche 6 janvier 2019 \u00e0 la salle Robert Poirier \u00e0 Rennes. En ce weekend de fin de vacances scolaires, nous avions assez peu de repr\u00e9sentants janz\u00e9ens, mais notons au final tout de m\u00eame [&hellip;]","og_url":"https:\/\/janze-athletisme.fr\/wordpress\/departemental-ca-et\/","og_site_name":"Janz\u00e9 Athl\u00e9tisme","article_publisher":"https:\/\/www.facebook.com\/groups\/1007964579346590","article_published_time":"2019-01-12T15:36:44+00:00","og_image":[{"url":"http:\/\/janze-athletisme.fr\/wordpress\/wp-content\/uploads\/2019\/01\/Image1-1-1024x269.jpg","type":"","width":"","height":""}],"author":"Fr\u00e9d\u00e9ric Graye","twitter_card":"summary_large_image","twitter_misc":{"\u00c9crit par":"Fr\u00e9d\u00e9ric Graye","Dur\u00e9e de lecture estim\u00e9e":"1 minute"},"schema":{"@context":"https:\/\/schema.org","@graph":[{"@type":"Article","@id":"https:\/\/janze-athletisme.fr\/wordpress\/departemental-ca-et\/#article","isPartOf":{"@id":"https:\/\/janze-athletisme.fr\/wordpress\/departemental-ca-et\/"},"author":{"name":"Fr\u00e9d\u00e9ric Graye","@id":"https:\/\/janze-athletisme.fr\/wordpress\/#\/schema\/person\/d0d91611dc85e1635e00511152f92f6c"},"headline":"D\u00e9partemental CA et +","datePublished":"2019-01-12T15:36:44+00:00","mainEntityOfPage":{"@id":"https:\/\/janze-athletisme.fr\/wordpress\/departemental-ca-et\/"},"wordCount":116,"commentCount":0,"publisher":{"@id":"https:\/\/janze-athletisme.fr\/wordpress\/#organization"},"image":{"@id":"https:\/\/janze-athletisme.fr\/wordpress\/departemental-ca-et\/#primaryimage"},"thumbnailUrl":"http:\/\/janze-athletisme.fr\/wordpress\/wp-content\/uploads\/2019\/01\/Image1-1-1024x269.jpg","articleSection":["Le club au jour le jour"],"inLanguage":"fr-FR","potentialAction":[{"@type":"CommentAction","name":"Comment","target":["https:\/\/janze-athletisme.fr\/wordpress\/departemental-ca-et\/#respond"]}]},{"@type":"WebPage","@id":"https:\/\/janze-athletisme.fr\/wordpress\/departemental-ca-et\/","url":"https:\/\/janze-athletisme.fr\/wordpress\/departemental-ca-et\/","name":"D\u00e9partemental CA et + - Janz\u00e9 Athl\u00e9tisme","isPartOf":{"@id":"https:\/\/janze-athletisme.fr\/wordpress\/#website"},"primaryImageOfPage":{"@id":"https:\/\/janze-athletisme.fr\/wordpress\/departemental-ca-et\/#primaryimage"},"image":{"@id":"https:\/\/janze-athletisme.fr\/wordpress\/departemental-ca-et\/#primaryimage"},"thumbnailUrl":"http:\/\/janze-athletisme.fr\/wordpress\/wp-content\/uploads\/2019\/01\/Image1-1-1024x269.jpg","datePublished":"2019-01-12T15:36:44+00:00","breadcrumb":{"@id":"https:\/\/janze-athletisme.fr\/wordpress\/departemental-ca-et\/#breadcrumb"},"inLanguage":"fr-FR","potentialAction":[{"@type":"ReadAction","target":["https:\/\/janze-athletisme.fr\/wordpress\/departemental-ca-et\/"]}]},{"@type":"ImageObject","inLanguage":"fr-FR","@id":"https:\/\/janze-athletisme.fr\/wordpress\/departemental-ca-et\/#primaryimage","url":"http:\/\/janze-athletisme.fr\/wordpress\/wp-content\/uploads\/2019\/01\/Image1-1-1024x269.jpg","contentUrl":"http:\/\/janze-athletisme.fr\/wordpress\/wp-content\/uploads\/2019\/01\/Image1-1-1024x269.jpg"},{"@type":"BreadcrumbList","@id":"https:\/\/janze-athletisme.fr\/wordpress\/departemental-ca-et\/#breadcrumb","itemListElement":[{"@type":"ListItem","position":1,"name":"Accueil","item":"https:\/\/janze-athletisme.fr\/wordpress\/"},{"@type":"ListItem","position":2,"name":"D\u00e9partemental CA et +"}]},{"@type":"WebSite","@id":"https:\/\/janze-athletisme.fr\/wordpress\/#website","url":"https:\/\/janze-athletisme.fr\/wordpress\/","name":"Janz\u00e9 Athl\u00e9tisme","description":"Pays de La Roche aux F\u00e9es","publisher":{"@id":"https:\/\/janze-athletisme.fr\/wordpress\/#organization"},"potentialAction":[{"@type":"SearchAction","target":{"@type":"EntryPoint","urlTemplate":"https:\/\/janze-athletisme.fr\/wordpress\/?s={search_term_string}"},"query-input":{"@type":"PropertyValueSpecification","valueRequired":true,"valueName":"search_term_string"}}],"inLanguage":"fr-FR"},{"@type":"Organization","@id":"https:\/\/janze-athletisme.fr\/wordpress\/#organization","name":"Janz\u00e9 Athl\u00e9tisme","url":"https:\/\/janze-athletisme.fr\/wordpress\/","logo":{"@type":"ImageObject","inLanguage":"fr-FR","@id":"https:\/\/janze-athletisme.fr\/wordpress\/#\/schema\/logo\/image\/","url":"https:\/\/janze-athletisme.fr\/wordpress\/wp-content\/uploads\/2015\/03\/logo-full1.jpg","contentUrl":"https:\/\/janze-athletisme.fr\/wordpress\/wp-content\/uploads\/2015\/03\/logo-full1.jpg","width":437,"height":205,"caption":"Janz\u00e9 Athl\u00e9tisme"},"image":{"@id":"https:\/\/janze-athletisme.fr\/wordpress\/#\/schema\/logo\/image\/"},"sameAs":["https:\/\/www.facebook.com\/groups\/1007964579346590"]},{"@type":"Person","@id":"https:\/\/janze-athletisme.fr\/wordpress\/#\/schema\/person\/d0d91611dc85e1635e00511152f92f6c","name":"Fr\u00e9d\u00e9ric Graye","image":{"@type":"ImageObject","inLanguage":"fr-FR","@id":"https:\/\/secure.gravatar.com\/avatar\/3c698f3bb9d0e9fd7adcea83ce599a75775b1f86e450228044b2d9c172b90db8?s=96&d=mm&r=g","url":"https:\/\/secure.gravatar.com\/avatar\/3c698f3bb9d0e9fd7adcea83ce599a75775b1f86e450228044b2d9c172b90db8?s=96&d=mm&r=g","contentUrl":"https:\/\/secure.gravatar.com\/avatar\/3c698f3bb9d0e9fd7adcea83ce599a75775b1f86e450228044b2d9c172b90db8?s=96&d=mm&r=g","caption":"Fr\u00e9d\u00e9ric Graye"},"url":"https:\/\/janze-athletisme.fr\/wordpress\/author\/jathe_adm\/"}]}},"uagb_featured_image_src":{"full":false,"thumbnail":false,"medium":false,"medium_large":false,"large":false,"1536x1536":false,"2048x2048":false},"uagb_author_info":{"display_name":"Fr\u00e9d\u00e9ric Graye","author_link":"https:\/\/janze-athletisme.fr\/wordpress\/author\/jathe_adm\/"},"uagb_comment_info":0,"uagb_excerpt":"Championnat d\u00e9partemental en salle CA et + Le championnat d\u00e9partemental en salle, pour les cadets et plus, s&rsquo;est d\u00e9roul\u00e9 samedi 5 et dimanche 6 janvier 2019 \u00e0 la salle Robert Poirier \u00e0 Rennes. En ce weekend de fin de vacances scolaires, nous avions assez peu de repr\u00e9sentants janz\u00e9ens, mais notons au final tout de m\u00eame\u2026","_links":{"self":[{"href":"https:\/\/janze-athletisme.fr\/wordpress\/wp-json\/wp\/v2\/posts\/4379","targetHints":{"allow":["GET"]}}],"collection":[{"href":"https:\/\/janze-athletisme.fr\/wordpress\/wp-json\/wp\/v2\/posts"}],"about":[{"href":"https:\/\/janze-athletisme.fr\/wordpress\/wp-json\/wp\/v2\/types\/post"}],"author":[{"embeddable":true,"href":"https:\/\/janze-athletisme.fr\/wordpress\/wp-json\/wp\/v2\/users\/3"}],"replies":[{"embeddable":true,"href":"https:\/\/janze-athletisme.fr\/wordpress\/wp-json\/wp\/v2\/comments?post=4379"}],"version-history":[{"count":1,"href":"https:\/\/janze-athletisme.fr\/wordpress\/wp-json\/wp\/v2\/posts\/4379\/revisions"}],"predecessor-version":[{"id":4384,"href":"https:\/\/janze-athletisme.fr\/wordpress\/wp-json\/wp\/v2\/posts\/4379\/revisions\/4384"}],"wp:attachment":[{"href":"https:\/\/janze-athletisme.fr\/wordpress\/wp-json\/wp\/v2\/media?parent=4379"}],"wp:term":[{"taxonomy":"category","embeddable":true,"href":"https:\/\/janze-athletisme.fr\/wordpress\/wp-json\/wp\/v2\/categories?post=4379"},{"taxonomy":"post_tag","embeddable":true,"href":"https:\/\/janze-athletisme.fr\/wordpress\/wp-json\/wp\/v2\/tags?post=4379"}],"curies":[{"name":"wp","href":"https:\/\/api.w.org\/{rel}","templated":true}]}}