{"id":4369,"date":"2019-01-07T08:52:15","date_gmt":"2019-01-07T07:52:15","guid":{"rendered":"http:\/\/janze-athletisme.fr\/wordpress\/?p=4369"},"modified":"2019-01-07T08:56:00","modified_gmt":"2019-01-07T07:56:00","slug":"cross-departemental-3","status":"publish","type":"post","link":"https:\/\/janze-athletisme.fr\/wordpress\/cross-departemental-3\/","title":{"rendered":"Cross d\u00e9partemental"},"content":{"rendered":"<h1 style=\"text-align: center;\"><span style=\"text-decoration: underline; color: #ff0000;\"><strong>Cross d\u00e9partemental Liffr\u00e9<\/strong><\/span><\/h1>\n<p><span style=\"color: #000000;\">Dimanche 13 janvier aura lieu le\u00a0championnat d\u00e9partemental de cross\u00e0 Liffr\u00e9, une quarantaine de Janz\u00e9ens sont inscrits alors si vous ne courrez pas mais que vous souhaitez les encourager, vous \u00eates les bienvenus.<\/span><\/p>\n<p><span style=\"color: #000000;\">Liste des inscrits Janz\u00e9ens<\/span> :\u00a0<span style=\"color: #ff0000;\"><strong><span style=\"text-decoration: underline;\"><a style=\"color: #ff0000; text-decoration: underline;\" href=\"http:\/\/bases.athle.com\/asp.net\/liste.aspx?frmpostback=true&amp;frmbase=qualifies&amp;frmmode=1&amp;frmespace=1033&amp;frmsaison=25&amp;frmcompetition=19831&amp;frmepreuve=&amp;frmetat=&amp;frmcategorie=&amp;frmsexe=&amp;frmligue=&amp;frmdepartement=&amp;frmclub=035066\">Clic !!<\/a><\/span><\/strong><\/span><\/p>\n<p><img loading=\"lazy\" decoding=\"async\" class=\"aligncenter\" title=\"\" src=\"http:\/\/janze-athletisme.fr\/wordpress\/wp-content\/uploads\/2019\/01\/46731137_564985177247762_8679876885125005312_n.jpg\" alt=\"\" width=\"679\" height=\"960\" \/><\/p>\n<p style=\"text-align: center;\"><iframe loading=\"lazy\" src=\"\/\/www.youtube.com\/embed\/HmZdoHAavQM\" width=\"560\" height=\"314\" allowfullscreen=\"allowfullscreen\"><\/iframe><\/p>\n<h1 style=\"text-align: center;\"><span style=\"text-decoration: underline; color: #0000ff;\"><strong>Galette des Rois<\/strong><\/span><\/h1>\n<p><img decoding=\"async\" class=\"aligncenter\" src=\"http:\/\/janze-athletisme.fr\/wordpress\/wp-content\/uploads\/2017\/01\/t%C3%A9l%C3%A9chargement.jpg\" \/><\/p>\n<h4><span style=\"color: #000000;\">Nous donnons rendez-vous aux coureurs et marcheurs du club,\u00a0<strong>le vendredi 18 Janvier \u00e0 19h\u00a0<\/strong>au foyer du club pour partager la galette des rois.<\/span><\/h4>\n","protected":false},"excerpt":{"rendered":"<p>Cross d\u00e9partemental Liffr\u00e9 Dimanche 13 janvier aura lieu le\u00a0championnat d\u00e9partemental de cross\u00e0 Liffr\u00e9, une quarantaine de Janz\u00e9ens sont inscrits alors si vous ne courrez pas mais que vous souhaitez les encourager, vous \u00eates les bienvenus. Liste des inscrits Janz\u00e9ens :\u00a0Clic !! Galette des Rois Nous donnons rendez-vous aux coureurs et marcheurs du club,\u00a0le vendredi 18 [&hellip;]<\/p>\n","protected":false},"author":4,"featured_media":0,"comment_status":"open","ping_status":"open","sticky":false,"template":"","format":"aside","meta":{"_uag_custom_page_level_css":"","site-sidebar-layout":"default","site-content-layout":"","ast-site-content-layout":"default","site-content-style":"default","site-sidebar-style":"default","ast-global-header-display":"","ast-banner-title-visibility":"","ast-main-header-display":"","ast-hfb-above-header-display":"","ast-hfb-below-header-display":"","ast-hfb-mobile-header-display":"","site-post-title":"","ast-breadcrumbs-content":"","ast-featured-img":"","footer-sml-layout":"","ast-disable-related-posts":"","theme-transparent-header-meta":"","adv-header-id-meta":"","stick-header-meta":"","header-above-stick-meta":"","header-main-stick-meta":"","header-below-stick-meta":"","astra-migrate-meta-layouts":"default","ast-page-background-enabled":"default","ast-page-background-meta":{"desktop":{"background-color":"var(--ast-global-color-4)","background-image":"","background-repeat":"repeat","background-position":"center center","background-size":"auto","background-attachment":"scroll","background-type":"","background-media":"","overlay-type":"","overlay-color":"","overlay-opacity":"","overlay-gradient":""},"tablet":{"background-color":"","background-image":"","background-repeat":"repeat","background-position":"center center","background-size":"auto","background-attachment":"scroll","background-type":"","background-media":"","overlay-type":"","overlay-color":"","overlay-opacity":"","overlay-gradient":""},"mobile":{"background-color":"","background-image":"","background-repeat":"repeat","background-position":"center center","background-size":"auto","background-attachment":"scroll","background-type":"","background-media":"","overlay-type":"","overlay-color":"","overlay-opacity":"","overlay-gradient":""}},"ast-content-background-meta":{"desktop":{"background-color":"var(--ast-global-color-5)","background-image":"","background-repeat":"repeat","background-position":"center center","background-size":"auto","background-attachment":"scroll","background-type":"","background-media":"","overlay-type":"","overlay-color":"","overlay-opacity":"","overlay-gradient":""},"tablet":{"background-color":"var(--ast-global-color-5)","background-image":"","background-repeat":"repeat","background-position":"center center","background-size":"auto","background-attachment":"scroll","background-type":"","background-media":"","overlay-type":"","overlay-color":"","overlay-opacity":"","overlay-gradient":""},"mobile":{"background-color":"var(--ast-global-color-5)","background-image":"","background-repeat":"repeat","background-position":"center center","background-size":"auto","background-attachment":"scroll","background-type":"","background-media":"","overlay-type":"","overlay-color":"","overlay-opacity":"","overlay-gradient":""}},"footnotes":""},"categories":[6],"tags":[],"class_list":["post-4369","post","type-post","status-publish","format-aside","hentry","category-sections","post_format-post-format-aside"],"yoast_head":"<!-- This site is optimized with the Yoast SEO plugin v27.4 - https:\/\/yoast.com\/product\/yoast-seo-wordpress\/ -->\n<title>Cross d\u00e9partemental - Janz\u00e9 Athl\u00e9tisme<\/title>\n<meta name=\"robots\" content=\"index, follow, max-snippet:-1, max-image-preview:large, max-video-preview:-1\" \/>\n<link rel=\"canonical\" href=\"https:\/\/janze-athletisme.fr\/wordpress\/cross-departemental-3\/\" \/>\n<meta property=\"og:locale\" content=\"fr_FR\" \/>\n<meta property=\"og:type\" content=\"article\" \/>\n<meta property=\"og:title\" content=\"Cross d\u00e9partemental - Janz\u00e9 Athl\u00e9tisme\" \/>\n<meta property=\"og:description\" content=\"Cross d\u00e9partemental Liffr\u00e9 Dimanche 13 janvier aura lieu le\u00a0championnat d\u00e9partemental de cross\u00e0 Liffr\u00e9, une quarantaine de Janz\u00e9ens sont inscrits alors si vous ne courrez pas mais que vous souhaitez les encourager, vous \u00eates les bienvenus. Liste des inscrits Janz\u00e9ens :\u00a0Clic !! Galette des Rois Nous donnons rendez-vous aux coureurs et marcheurs du club,\u00a0le vendredi 18 [&hellip;]\" \/>\n<meta property=\"og:url\" content=\"https:\/\/janze-athletisme.fr\/wordpress\/cross-departemental-3\/\" \/>\n<meta property=\"og:site_name\" content=\"Janz\u00e9 Athl\u00e9tisme\" \/>\n<meta property=\"article:publisher\" content=\"https:\/\/www.facebook.com\/groups\/1007964579346590\" \/>\n<meta property=\"article:published_time\" content=\"2019-01-07T07:52:15+00:00\" \/>\n<meta property=\"article:modified_time\" content=\"2019-01-07T07:56:00+00:00\" \/>\n<meta property=\"og:image\" content=\"http:\/\/janze-athletisme.fr\/wordpress\/wp-content\/uploads\/2019\/01\/46731137_564985177247762_8679876885125005312_n.jpg\" \/>\n<meta name=\"author\" content=\"Anthony\" \/>\n<meta name=\"twitter:card\" content=\"summary_large_image\" \/>\n<meta name=\"twitter:label1\" content=\"\u00c9crit par\" \/>\n\t<meta name=\"twitter:data1\" content=\"Anthony\" \/>\n<script type=\"application\/ld+json\" class=\"yoast-schema-graph\">{\"@context\":\"https:\\\/\\\/schema.org\",\"@graph\":[{\"@type\":\"Article\",\"@id\":\"https:\\\/\\\/janze-athletisme.fr\\\/wordpress\\\/cross-departemental-3\\\/#article\",\"isPartOf\":{\"@id\":\"https:\\\/\\\/janze-athletisme.fr\\\/wordpress\\\/cross-departemental-3\\\/\"},\"author\":{\"name\":\"Anthony\",\"@id\":\"https:\\\/\\\/janze-athletisme.fr\\\/wordpress\\\/#\\\/schema\\\/person\\\/525a6358d0c70a5cca90d6e8619f0453\"},\"headline\":\"Cross d\u00e9partemental\",\"datePublished\":\"2019-01-07T07:52:15+00:00\",\"dateModified\":\"2019-01-07T07:56:00+00:00\",\"mainEntityOfPage\":{\"@id\":\"https:\\\/\\\/janze-athletisme.fr\\\/wordpress\\\/cross-departemental-3\\\/\"},\"wordCount\":73,\"commentCount\":0,\"publisher\":{\"@id\":\"https:\\\/\\\/janze-athletisme.fr\\\/wordpress\\\/#organization\"},\"image\":{\"@id\":\"https:\\\/\\\/janze-athletisme.fr\\\/wordpress\\\/cross-departemental-3\\\/#primaryimage\"},\"thumbnailUrl\":\"http:\\\/\\\/janze-athletisme.fr\\\/wordpress\\\/wp-content\\\/uploads\\\/2019\\\/01\\\/46731137_564985177247762_8679876885125005312_n.jpg\",\"articleSection\":[\"Le club au jour le jour\"],\"inLanguage\":\"fr-FR\",\"potentialAction\":[{\"@type\":\"CommentAction\",\"name\":\"Comment\",\"target\":[\"https:\\\/\\\/janze-athletisme.fr\\\/wordpress\\\/cross-departemental-3\\\/#respond\"]}]},{\"@type\":\"WebPage\",\"@id\":\"https:\\\/\\\/janze-athletisme.fr\\\/wordpress\\\/cross-departemental-3\\\/\",\"url\":\"https:\\\/\\\/janze-athletisme.fr\\\/wordpress\\\/cross-departemental-3\\\/\",\"name\":\"Cross d\u00e9partemental - Janz\u00e9 Athl\u00e9tisme\",\"isPartOf\":{\"@id\":\"https:\\\/\\\/janze-athletisme.fr\\\/wordpress\\\/#website\"},\"primaryImageOfPage\":{\"@id\":\"https:\\\/\\\/janze-athletisme.fr\\\/wordpress\\\/cross-departemental-3\\\/#primaryimage\"},\"image\":{\"@id\":\"https:\\\/\\\/janze-athletisme.fr\\\/wordpress\\\/cross-departemental-3\\\/#primaryimage\"},\"thumbnailUrl\":\"http:\\\/\\\/janze-athletisme.fr\\\/wordpress\\\/wp-content\\\/uploads\\\/2019\\\/01\\\/46731137_564985177247762_8679876885125005312_n.jpg\",\"datePublished\":\"2019-01-07T07:52:15+00:00\",\"dateModified\":\"2019-01-07T07:56:00+00:00\",\"breadcrumb\":{\"@id\":\"https:\\\/\\\/janze-athletisme.fr\\\/wordpress\\\/cross-departemental-3\\\/#breadcrumb\"},\"inLanguage\":\"fr-FR\",\"potentialAction\":[{\"@type\":\"ReadAction\",\"target\":[\"https:\\\/\\\/janze-athletisme.fr\\\/wordpress\\\/cross-departemental-3\\\/\"]}]},{\"@type\":\"ImageObject\",\"inLanguage\":\"fr-FR\",\"@id\":\"https:\\\/\\\/janze-athletisme.fr\\\/wordpress\\\/cross-departemental-3\\\/#primaryimage\",\"url\":\"http:\\\/\\\/janze-athletisme.fr\\\/wordpress\\\/wp-content\\\/uploads\\\/2019\\\/01\\\/46731137_564985177247762_8679876885125005312_n.jpg\",\"contentUrl\":\"http:\\\/\\\/janze-athletisme.fr\\\/wordpress\\\/wp-content\\\/uploads\\\/2019\\\/01\\\/46731137_564985177247762_8679876885125005312_n.jpg\"},{\"@type\":\"BreadcrumbList\",\"@id\":\"https:\\\/\\\/janze-athletisme.fr\\\/wordpress\\\/cross-departemental-3\\\/#breadcrumb\",\"itemListElement\":[{\"@type\":\"ListItem\",\"position\":1,\"name\":\"Accueil\",\"item\":\"https:\\\/\\\/janze-athletisme.fr\\\/wordpress\\\/\"},{\"@type\":\"ListItem\",\"position\":2,\"name\":\"Cross d\u00e9partemental\"}]},{\"@type\":\"WebSite\",\"@id\":\"https:\\\/\\\/janze-athletisme.fr\\\/wordpress\\\/#website\",\"url\":\"https:\\\/\\\/janze-athletisme.fr\\\/wordpress\\\/\",\"name\":\"Janz\u00e9 Athl\u00e9tisme\",\"description\":\"Pays de La Roche aux F\u00e9es\",\"publisher\":{\"@id\":\"https:\\\/\\\/janze-athletisme.fr\\\/wordpress\\\/#organization\"},\"potentialAction\":[{\"@type\":\"SearchAction\",\"target\":{\"@type\":\"EntryPoint\",\"urlTemplate\":\"https:\\\/\\\/janze-athletisme.fr\\\/wordpress\\\/?s={search_term_string}\"},\"query-input\":{\"@type\":\"PropertyValueSpecification\",\"valueRequired\":true,\"valueName\":\"search_term_string\"}}],\"inLanguage\":\"fr-FR\"},{\"@type\":\"Organization\",\"@id\":\"https:\\\/\\\/janze-athletisme.fr\\\/wordpress\\\/#organization\",\"name\":\"Janz\u00e9 Athl\u00e9tisme\",\"url\":\"https:\\\/\\\/janze-athletisme.fr\\\/wordpress\\\/\",\"logo\":{\"@type\":\"ImageObject\",\"inLanguage\":\"fr-FR\",\"@id\":\"https:\\\/\\\/janze-athletisme.fr\\\/wordpress\\\/#\\\/schema\\\/logo\\\/image\\\/\",\"url\":\"https:\\\/\\\/janze-athletisme.fr\\\/wordpress\\\/wp-content\\\/uploads\\\/2015\\\/03\\\/logo-full1.jpg\",\"contentUrl\":\"https:\\\/\\\/janze-athletisme.fr\\\/wordpress\\\/wp-content\\\/uploads\\\/2015\\\/03\\\/logo-full1.jpg\",\"width\":437,\"height\":205,\"caption\":\"Janz\u00e9 Athl\u00e9tisme\"},\"image\":{\"@id\":\"https:\\\/\\\/janze-athletisme.fr\\\/wordpress\\\/#\\\/schema\\\/logo\\\/image\\\/\"},\"sameAs\":[\"https:\\\/\\\/www.facebook.com\\\/groups\\\/1007964579346590\"]},{\"@type\":\"Person\",\"@id\":\"https:\\\/\\\/janze-athletisme.fr\\\/wordpress\\\/#\\\/schema\\\/person\\\/525a6358d0c70a5cca90d6e8619f0453\",\"name\":\"Anthony\",\"image\":{\"@type\":\"ImageObject\",\"inLanguage\":\"fr-FR\",\"@id\":\"https:\\\/\\\/secure.gravatar.com\\\/avatar\\\/532191f4fe4dd4049862f967bad2fe3582467d09a23b1e5c976a11e7665d2423?s=96&d=mm&r=g\",\"url\":\"https:\\\/\\\/secure.gravatar.com\\\/avatar\\\/532191f4fe4dd4049862f967bad2fe3582467d09a23b1e5c976a11e7665d2423?s=96&d=mm&r=g\",\"contentUrl\":\"https:\\\/\\\/secure.gravatar.com\\\/avatar\\\/532191f4fe4dd4049862f967bad2fe3582467d09a23b1e5c976a11e7665d2423?s=96&d=mm&r=g\",\"caption\":\"Anthony\"},\"url\":\"https:\\\/\\\/janze-athletisme.fr\\\/wordpress\\\/author\\\/anjuvin\\\/\"}]}<\/script>\n<!-- \/ Yoast SEO plugin. -->","yoast_head_json":{"title":"Cross d\u00e9partemental - Janz\u00e9 Athl\u00e9tisme","robots":{"index":"index","follow":"follow","max-snippet":"max-snippet:-1","max-image-preview":"max-image-preview:large","max-video-preview":"max-video-preview:-1"},"canonical":"https:\/\/janze-athletisme.fr\/wordpress\/cross-departemental-3\/","og_locale":"fr_FR","og_type":"article","og_title":"Cross d\u00e9partemental - Janz\u00e9 Athl\u00e9tisme","og_description":"Cross d\u00e9partemental Liffr\u00e9 Dimanche 13 janvier aura lieu le\u00a0championnat d\u00e9partemental de cross\u00e0 Liffr\u00e9, une quarantaine de Janz\u00e9ens sont inscrits alors si vous ne courrez pas mais que vous souhaitez les encourager, vous \u00eates les bienvenus. Liste des inscrits Janz\u00e9ens :\u00a0Clic !! Galette des Rois Nous donnons rendez-vous aux coureurs et marcheurs du club,\u00a0le vendredi 18 [&hellip;]","og_url":"https:\/\/janze-athletisme.fr\/wordpress\/cross-departemental-3\/","og_site_name":"Janz\u00e9 Athl\u00e9tisme","article_publisher":"https:\/\/www.facebook.com\/groups\/1007964579346590","article_published_time":"2019-01-07T07:52:15+00:00","article_modified_time":"2019-01-07T07:56:00+00:00","og_image":[{"url":"http:\/\/janze-athletisme.fr\/wordpress\/wp-content\/uploads\/2019\/01\/46731137_564985177247762_8679876885125005312_n.jpg","type":"","width":"","height":""}],"author":"Anthony","twitter_card":"summary_large_image","twitter_misc":{"\u00c9crit par":"Anthony"},"schema":{"@context":"https:\/\/schema.org","@graph":[{"@type":"Article","@id":"https:\/\/janze-athletisme.fr\/wordpress\/cross-departemental-3\/#article","isPartOf":{"@id":"https:\/\/janze-athletisme.fr\/wordpress\/cross-departemental-3\/"},"author":{"name":"Anthony","@id":"https:\/\/janze-athletisme.fr\/wordpress\/#\/schema\/person\/525a6358d0c70a5cca90d6e8619f0453"},"headline":"Cross d\u00e9partemental","datePublished":"2019-01-07T07:52:15+00:00","dateModified":"2019-01-07T07:56:00+00:00","mainEntityOfPage":{"@id":"https:\/\/janze-athletisme.fr\/wordpress\/cross-departemental-3\/"},"wordCount":73,"commentCount":0,"publisher":{"@id":"https:\/\/janze-athletisme.fr\/wordpress\/#organization"},"image":{"@id":"https:\/\/janze-athletisme.fr\/wordpress\/cross-departemental-3\/#primaryimage"},"thumbnailUrl":"http:\/\/janze-athletisme.fr\/wordpress\/wp-content\/uploads\/2019\/01\/46731137_564985177247762_8679876885125005312_n.jpg","articleSection":["Le club au jour le jour"],"inLanguage":"fr-FR","potentialAction":[{"@type":"CommentAction","name":"Comment","target":["https:\/\/janze-athletisme.fr\/wordpress\/cross-departemental-3\/#respond"]}]},{"@type":"WebPage","@id":"https:\/\/janze-athletisme.fr\/wordpress\/cross-departemental-3\/","url":"https:\/\/janze-athletisme.fr\/wordpress\/cross-departemental-3\/","name":"Cross d\u00e9partemental - Janz\u00e9 Athl\u00e9tisme","isPartOf":{"@id":"https:\/\/janze-athletisme.fr\/wordpress\/#website"},"primaryImageOfPage":{"@id":"https:\/\/janze-athletisme.fr\/wordpress\/cross-departemental-3\/#primaryimage"},"image":{"@id":"https:\/\/janze-athletisme.fr\/wordpress\/cross-departemental-3\/#primaryimage"},"thumbnailUrl":"http:\/\/janze-athletisme.fr\/wordpress\/wp-content\/uploads\/2019\/01\/46731137_564985177247762_8679876885125005312_n.jpg","datePublished":"2019-01-07T07:52:15+00:00","dateModified":"2019-01-07T07:56:00+00:00","breadcrumb":{"@id":"https:\/\/janze-athletisme.fr\/wordpress\/cross-departemental-3\/#breadcrumb"},"inLanguage":"fr-FR","potentialAction":[{"@type":"ReadAction","target":["https:\/\/janze-athletisme.fr\/wordpress\/cross-departemental-3\/"]}]},{"@type":"ImageObject","inLanguage":"fr-FR","@id":"https:\/\/janze-athletisme.fr\/wordpress\/cross-departemental-3\/#primaryimage","url":"http:\/\/janze-athletisme.fr\/wordpress\/wp-content\/uploads\/2019\/01\/46731137_564985177247762_8679876885125005312_n.jpg","contentUrl":"http:\/\/janze-athletisme.fr\/wordpress\/wp-content\/uploads\/2019\/01\/46731137_564985177247762_8679876885125005312_n.jpg"},{"@type":"BreadcrumbList","@id":"https:\/\/janze-athletisme.fr\/wordpress\/cross-departemental-3\/#breadcrumb","itemListElement":[{"@type":"ListItem","position":1,"name":"Accueil","item":"https:\/\/janze-athletisme.fr\/wordpress\/"},{"@type":"ListItem","position":2,"name":"Cross d\u00e9partemental"}]},{"@type":"WebSite","@id":"https:\/\/janze-athletisme.fr\/wordpress\/#website","url":"https:\/\/janze-athletisme.fr\/wordpress\/","name":"Janz\u00e9 Athl\u00e9tisme","description":"Pays de La Roche aux F\u00e9es","publisher":{"@id":"https:\/\/janze-athletisme.fr\/wordpress\/#organization"},"potentialAction":[{"@type":"SearchAction","target":{"@type":"EntryPoint","urlTemplate":"https:\/\/janze-athletisme.fr\/wordpress\/?s={search_term_string}"},"query-input":{"@type":"PropertyValueSpecification","valueRequired":true,"valueName":"search_term_string"}}],"inLanguage":"fr-FR"},{"@type":"Organization","@id":"https:\/\/janze-athletisme.fr\/wordpress\/#organization","name":"Janz\u00e9 Athl\u00e9tisme","url":"https:\/\/janze-athletisme.fr\/wordpress\/","logo":{"@type":"ImageObject","inLanguage":"fr-FR","@id":"https:\/\/janze-athletisme.fr\/wordpress\/#\/schema\/logo\/image\/","url":"https:\/\/janze-athletisme.fr\/wordpress\/wp-content\/uploads\/2015\/03\/logo-full1.jpg","contentUrl":"https:\/\/janze-athletisme.fr\/wordpress\/wp-content\/uploads\/2015\/03\/logo-full1.jpg","width":437,"height":205,"caption":"Janz\u00e9 Athl\u00e9tisme"},"image":{"@id":"https:\/\/janze-athletisme.fr\/wordpress\/#\/schema\/logo\/image\/"},"sameAs":["https:\/\/www.facebook.com\/groups\/1007964579346590"]},{"@type":"Person","@id":"https:\/\/janze-athletisme.fr\/wordpress\/#\/schema\/person\/525a6358d0c70a5cca90d6e8619f0453","name":"Anthony","image":{"@type":"ImageObject","inLanguage":"fr-FR","@id":"https:\/\/secure.gravatar.com\/avatar\/532191f4fe4dd4049862f967bad2fe3582467d09a23b1e5c976a11e7665d2423?s=96&d=mm&r=g","url":"https:\/\/secure.gravatar.com\/avatar\/532191f4fe4dd4049862f967bad2fe3582467d09a23b1e5c976a11e7665d2423?s=96&d=mm&r=g","contentUrl":"https:\/\/secure.gravatar.com\/avatar\/532191f4fe4dd4049862f967bad2fe3582467d09a23b1e5c976a11e7665d2423?s=96&d=mm&r=g","caption":"Anthony"},"url":"https:\/\/janze-athletisme.fr\/wordpress\/author\/anjuvin\/"}]}},"uagb_featured_image_src":{"full":false,"thumbnail":false,"medium":false,"medium_large":false,"large":false,"1536x1536":false,"2048x2048":false},"uagb_author_info":{"display_name":"Anthony","author_link":"https:\/\/janze-athletisme.fr\/wordpress\/author\/anjuvin\/"},"uagb_comment_info":0,"uagb_excerpt":"Cross d\u00e9partemental Liffr\u00e9 Dimanche 13 janvier aura lieu le\u00a0championnat d\u00e9partemental de cross\u00e0 Liffr\u00e9, une quarantaine de Janz\u00e9ens sont inscrits alors si vous ne courrez pas mais que vous souhaitez les encourager, vous \u00eates les bienvenus. Liste des inscrits Janz\u00e9ens :\u00a0Clic !! Galette des Rois Nous donnons rendez-vous aux coureurs et marcheurs du club,\u00a0le vendredi 18\u2026","_links":{"self":[{"href":"https:\/\/janze-athletisme.fr\/wordpress\/wp-json\/wp\/v2\/posts\/4369","targetHints":{"allow":["GET"]}}],"collection":[{"href":"https:\/\/janze-athletisme.fr\/wordpress\/wp-json\/wp\/v2\/posts"}],"about":[{"href":"https:\/\/janze-athletisme.fr\/wordpress\/wp-json\/wp\/v2\/types\/post"}],"author":[{"embeddable":true,"href":"https:\/\/janze-athletisme.fr\/wordpress\/wp-json\/wp\/v2\/users\/4"}],"replies":[{"embeddable":true,"href":"https:\/\/janze-athletisme.fr\/wordpress\/wp-json\/wp\/v2\/comments?post=4369"}],"version-history":[{"count":4,"href":"https:\/\/janze-athletisme.fr\/wordpress\/wp-json\/wp\/v2\/posts\/4369\/revisions"}],"predecessor-version":[{"id":4373,"href":"https:\/\/janze-athletisme.fr\/wordpress\/wp-json\/wp\/v2\/posts\/4369\/revisions\/4373"}],"wp:attachment":[{"href":"https:\/\/janze-athletisme.fr\/wordpress\/wp-json\/wp\/v2\/media?parent=4369"}],"wp:term":[{"taxonomy":"category","embeddable":true,"href":"https:\/\/janze-athletisme.fr\/wordpress\/wp-json\/wp\/v2\/categories?post=4369"},{"taxonomy":"post_tag","embeddable":true,"href":"https:\/\/janze-athletisme.fr\/wordpress\/wp-json\/wp\/v2\/tags?post=4369"}],"curies":[{"name":"wp","href":"https:\/\/api.w.org\/{rel}","templated":true}]}}