{"id":4341,"date":"2018-12-29T22:57:09","date_gmt":"2018-12-29T21:57:09","guid":{"rendered":"http:\/\/janze-athletisme.fr\/wordpress\/?p=4341"},"modified":"2018-12-29T22:59:15","modified_gmt":"2018-12-29T21:59:15","slug":"prepa-cross","status":"publish","type":"post","link":"https:\/\/janze-athletisme.fr\/wordpress\/prepa-cross\/","title":{"rendered":"Pr\u00e9pa cross"},"content":{"rendered":"<h1 style=\"text-align: center;\"><span style=\"text-decoration: underline;\"><strong><span style=\"color: #ff0000; text-decoration: underline;\">Objectif cross&#8230;<\/span><\/strong><\/span><\/h1>\n<h3><span style=\"text-decoration: underline;\"><span style=\"color: #ff0000; text-decoration: underline;\">Pr\u00e9paration cross pour les enfants &#8211; 1\u00e8re s\u00e9ance \u00e0 Brie :<\/span><\/span><\/h3>\n<p><img loading=\"lazy\" decoding=\"async\" class=\"aligncenter wp-image-4343\" src=\"http:\/\/janze-athletisme.fr\/wordpress\/wp-content\/uploads\/2018\/12\/Sortie-Brie-29d\u00e9c2018-1-1024x677.jpg\" alt=\"\" width=\"510\" height=\"337\" srcset=\"https:\/\/janze-athletisme.fr\/wordpress\/wp-content\/uploads\/2018\/12\/Sortie-Brie-29d\u00e9c2018-1-1024x677.jpg 1024w, https:\/\/janze-athletisme.fr\/wordpress\/wp-content\/uploads\/2018\/12\/Sortie-Brie-29d\u00e9c2018-1-300x198.jpg 300w, https:\/\/janze-athletisme.fr\/wordpress\/wp-content\/uploads\/2018\/12\/Sortie-Brie-29d\u00e9c2018-1-768x508.jpg 768w, https:\/\/janze-athletisme.fr\/wordpress\/wp-content\/uploads\/2018\/12\/Sortie-Brie-29d\u00e9c2018-1-2x1.jpg 2w\" sizes=\"auto, (max-width: 510px) 100vw, 510px\" \/><\/p>\n<p><span style=\"color: #000000;\">Ils \u00e9taient 29 enfants ce samedi matin 29 d\u00e9cembre, poussins, benjamins et minimes, \u00e0 assister activement (tr\u00e8s) \u00e0 la premi\u00e8re s\u00e9ance de pr\u00e9paration pour le championnat d&rsquo;Ille et Vilaine de cross, qui se tiendra le dimanche 13 janvier prochain \u00e0 Liffr\u00e9.<\/span><\/p>\n<p><span style=\"color: #000000;\">Accompagn\u00e9s de plusieurs parents, ils se sont \u00e9chauff\u00e9s tranquillement (footing + gammes), puis ont encha\u00een\u00e9 sur une s\u00e9ance assez difficile : 20&Prime; \u00e0 allure cross, puis 20&Prime; de footing lent pendant 10 minutes &#8212; et cela trois, voire quatre fois pour les jeunes athl\u00e8tes les plus \u00e2g\u00e9s et\/ou les plus motiv\u00e9s.<\/span><\/p>\n<p><span style=\"color: #000000;\">La s\u00e9ance \u00e9tait d&rsquo;autant plus difficile qu&rsquo;elle se d\u00e9roulait sur un vrai parcours de cross, moiti\u00e9 en sous-bois, moiti\u00e9 sur herbe, avec des relances, des passages glissants et des pentes. Il fallait savoir se pr\u00e9server et bien placer ses appuis.<\/span><\/p>\n<p><span style=\"color: #000000;\">C&rsquo;\u00e9tait la plus difficile des trois s\u00e9ances de pr\u00e9paration pr\u00e9vues pour les enfants pendant les vacances. La prochaine aura lieu mercredi matin 2 janvier \u00e0 10h30 (RV sur le parking de la piscine \u00e0 Bain de Bretagne) puis la derni\u00e8re \u00e0 Bourgbarr\u00e9 samedi prochain, \u00e0 10h30 \u00e9galement (RV sur le parking des \u00e9tangs).<\/span><\/p>\n<p><span style=\"color: #000000;\">Pensez \u00e0 vous inscrire pour Liffr\u00e9 via la convocation qui vous \u00e9t\u00e9 adress\u00e9e par messagerie.<\/span><\/p>\n<h3><span style=\"text-decoration: underline;\"><span style=\"color: #ff0000; text-decoration: underline;\">Pr\u00e9paration cross pour les\u00a0plus grands aussi :<\/span><\/span><\/h3>\n<p><img loading=\"lazy\" decoding=\"async\" class=\"aligncenter wp-image-4344\" src=\"http:\/\/janze-athletisme.fr\/wordpress\/wp-content\/uploads\/2018\/12\/sel.jpg\" alt=\"\" width=\"599\" height=\"297\" srcset=\"https:\/\/janze-athletisme.fr\/wordpress\/wp-content\/uploads\/2018\/12\/sel.jpg 884w, https:\/\/janze-athletisme.fr\/wordpress\/wp-content\/uploads\/2018\/12\/sel-300x149.jpg 300w, https:\/\/janze-athletisme.fr\/wordpress\/wp-content\/uploads\/2018\/12\/sel-768x381.jpg 768w, https:\/\/janze-athletisme.fr\/wordpress\/wp-content\/uploads\/2018\/12\/sel-2x1.jpg 2w\" sizes=\"auto, (max-width: 599px) 100vw, 599px\" \/><\/p>\n<p><span style=\"color: #000000;\">Les plus grands avaient aussi droit \u00e0 une s\u00e9ance de pr\u00e9paration cross ce samedi 29 d\u00e9cembre ! Ils \u00e9taient convi\u00e9s, avec les athl\u00e8tes de plusieurs clubs alentours, \u00e0 d\u00e9couvrir (ou red\u00e9couvrir) le beau parcours du Sel de Bretagne.<\/span><\/p>\n<p><span style=\"color: #000000;\">Pensez \u00e0 vous inscrire pour Liffr\u00e9 via la convocation qui vous a \u00e9t\u00e9 adress\u00e9e par messagerie.<\/span><\/p>\n<p><span style=\"color: #000000;\">Bon r\u00e9veillon \u00e0 tous.<\/span><\/p>\n<p><span style=\"color: #000000;\">Les entra\u00eeneurs.<\/span><\/p>\n","protected":false},"excerpt":{"rendered":"<p>Objectif cross&#8230; Pr\u00e9paration cross pour les enfants &#8211; 1\u00e8re s\u00e9ance \u00e0 Brie : Ils \u00e9taient 29 enfants ce samedi matin 29 d\u00e9cembre, poussins, benjamins et minimes, \u00e0 assister activement (tr\u00e8s) \u00e0 la premi\u00e8re s\u00e9ance de pr\u00e9paration pour le championnat d&rsquo;Ille et Vilaine de cross, qui se tiendra le dimanche 13 janvier prochain \u00e0 Liffr\u00e9. Accompagn\u00e9s [&hellip;]<\/p>\n","protected":false},"author":3,"featured_media":0,"comment_status":"open","ping_status":"open","sticky":false,"template":"","format":"aside","meta":{"_uag_custom_page_level_css":"","site-sidebar-layout":"default","site-content-layout":"","ast-site-content-layout":"default","site-content-style":"default","site-sidebar-style":"default","ast-global-header-display":"","ast-banner-title-visibility":"","ast-main-header-display":"","ast-hfb-above-header-display":"","ast-hfb-below-header-display":"","ast-hfb-mobile-header-display":"","site-post-title":"","ast-breadcrumbs-content":"","ast-featured-img":"","footer-sml-layout":"","ast-disable-related-posts":"","theme-transparent-header-meta":"","adv-header-id-meta":"","stick-header-meta":"","header-above-stick-meta":"","header-main-stick-meta":"","header-below-stick-meta":"","astra-migrate-meta-layouts":"default","ast-page-background-enabled":"default","ast-page-background-meta":{"desktop":{"background-color":"var(--ast-global-color-4)","background-image":"","background-repeat":"repeat","background-position":"center center","background-size":"auto","background-attachment":"scroll","background-type":"","background-media":"","overlay-type":"","overlay-color":"","overlay-opacity":"","overlay-gradient":""},"tablet":{"background-color":"","background-image":"","background-repeat":"repeat","background-position":"center center","background-size":"auto","background-attachment":"scroll","background-type":"","background-media":"","overlay-type":"","overlay-color":"","overlay-opacity":"","overlay-gradient":""},"mobile":{"background-color":"","background-image":"","background-repeat":"repeat","background-position":"center center","background-size":"auto","background-attachment":"scroll","background-type":"","background-media":"","overlay-type":"","overlay-color":"","overlay-opacity":"","overlay-gradient":""}},"ast-content-background-meta":{"desktop":{"background-color":"var(--ast-global-color-5)","background-image":"","background-repeat":"repeat","background-position":"center center","background-size":"auto","background-attachment":"scroll","background-type":"","background-media":"","overlay-type":"","overlay-color":"","overlay-opacity":"","overlay-gradient":""},"tablet":{"background-color":"var(--ast-global-color-5)","background-image":"","background-repeat":"repeat","background-position":"center center","background-size":"auto","background-attachment":"scroll","background-type":"","background-media":"","overlay-type":"","overlay-color":"","overlay-opacity":"","overlay-gradient":""},"mobile":{"background-color":"var(--ast-global-color-5)","background-image":"","background-repeat":"repeat","background-position":"center center","background-size":"auto","background-attachment":"scroll","background-type":"","background-media":"","overlay-type":"","overlay-color":"","overlay-opacity":"","overlay-gradient":""}},"footnotes":""},"categories":[6],"tags":[],"class_list":["post-4341","post","type-post","status-publish","format-aside","hentry","category-sections","post_format-post-format-aside"],"yoast_head":"<!-- This site is optimized with the Yoast SEO plugin v27.4 - https:\/\/yoast.com\/product\/yoast-seo-wordpress\/ -->\n<title>Pr\u00e9pa cross - Janz\u00e9 Athl\u00e9tisme<\/title>\n<meta name=\"robots\" content=\"index, follow, max-snippet:-1, max-image-preview:large, max-video-preview:-1\" \/>\n<link rel=\"canonical\" href=\"https:\/\/janze-athletisme.fr\/wordpress\/prepa-cross\/\" \/>\n<meta property=\"og:locale\" content=\"fr_FR\" \/>\n<meta property=\"og:type\" content=\"article\" \/>\n<meta property=\"og:title\" content=\"Pr\u00e9pa cross - Janz\u00e9 Athl\u00e9tisme\" \/>\n<meta property=\"og:description\" content=\"Objectif cross&#8230; Pr\u00e9paration cross pour les enfants &#8211; 1\u00e8re s\u00e9ance \u00e0 Brie : Ils \u00e9taient 29 enfants ce samedi matin 29 d\u00e9cembre, poussins, benjamins et minimes, \u00e0 assister activement (tr\u00e8s) \u00e0 la premi\u00e8re s\u00e9ance de pr\u00e9paration pour le championnat d&rsquo;Ille et Vilaine de cross, qui se tiendra le dimanche 13 janvier prochain \u00e0 Liffr\u00e9. Accompagn\u00e9s [&hellip;]\" \/>\n<meta property=\"og:url\" content=\"https:\/\/janze-athletisme.fr\/wordpress\/prepa-cross\/\" \/>\n<meta property=\"og:site_name\" content=\"Janz\u00e9 Athl\u00e9tisme\" \/>\n<meta property=\"article:publisher\" content=\"https:\/\/www.facebook.com\/groups\/1007964579346590\" \/>\n<meta property=\"article:published_time\" content=\"2018-12-29T21:57:09+00:00\" \/>\n<meta property=\"article:modified_time\" content=\"2018-12-29T21:59:15+00:00\" \/>\n<meta property=\"og:image\" content=\"http:\/\/janze-athletisme.fr\/wordpress\/wp-content\/uploads\/2018\/12\/Sortie-Brie-29d\u00e9c2018-1-1024x677.jpg\" \/>\n<meta name=\"author\" content=\"Fr\u00e9d\u00e9ric Graye\" \/>\n<meta name=\"twitter:card\" content=\"summary_large_image\" \/>\n<meta name=\"twitter:label1\" content=\"\u00c9crit par\" \/>\n\t<meta name=\"twitter:data1\" content=\"Fr\u00e9d\u00e9ric Graye\" \/>\n\t<meta name=\"twitter:label2\" content=\"Dur\u00e9e de lecture estim\u00e9e\" \/>\n\t<meta name=\"twitter:data2\" content=\"1 minute\" \/>\n<script type=\"application\/ld+json\" class=\"yoast-schema-graph\">{\"@context\":\"https:\\\/\\\/schema.org\",\"@graph\":[{\"@type\":\"Article\",\"@id\":\"https:\\\/\\\/janze-athletisme.fr\\\/wordpress\\\/prepa-cross\\\/#article\",\"isPartOf\":{\"@id\":\"https:\\\/\\\/janze-athletisme.fr\\\/wordpress\\\/prepa-cross\\\/\"},\"author\":{\"name\":\"Fr\u00e9d\u00e9ric Graye\",\"@id\":\"https:\\\/\\\/janze-athletisme.fr\\\/wordpress\\\/#\\\/schema\\\/person\\\/d0d91611dc85e1635e00511152f92f6c\"},\"headline\":\"Pr\u00e9pa cross\",\"datePublished\":\"2018-12-29T21:57:09+00:00\",\"dateModified\":\"2018-12-29T21:59:15+00:00\",\"mainEntityOfPage\":{\"@id\":\"https:\\\/\\\/janze-athletisme.fr\\\/wordpress\\\/prepa-cross\\\/\"},\"wordCount\":295,\"commentCount\":0,\"publisher\":{\"@id\":\"https:\\\/\\\/janze-athletisme.fr\\\/wordpress\\\/#organization\"},\"image\":{\"@id\":\"https:\\\/\\\/janze-athletisme.fr\\\/wordpress\\\/prepa-cross\\\/#primaryimage\"},\"thumbnailUrl\":\"http:\\\/\\\/janze-athletisme.fr\\\/wordpress\\\/wp-content\\\/uploads\\\/2018\\\/12\\\/sel.jpg\",\"articleSection\":[\"Le club au jour le jour\"],\"inLanguage\":\"fr-FR\",\"potentialAction\":[{\"@type\":\"CommentAction\",\"name\":\"Comment\",\"target\":[\"https:\\\/\\\/janze-athletisme.fr\\\/wordpress\\\/prepa-cross\\\/#respond\"]}]},{\"@type\":\"WebPage\",\"@id\":\"https:\\\/\\\/janze-athletisme.fr\\\/wordpress\\\/prepa-cross\\\/\",\"url\":\"https:\\\/\\\/janze-athletisme.fr\\\/wordpress\\\/prepa-cross\\\/\",\"name\":\"Pr\u00e9pa cross - Janz\u00e9 Athl\u00e9tisme\",\"isPartOf\":{\"@id\":\"https:\\\/\\\/janze-athletisme.fr\\\/wordpress\\\/#website\"},\"primaryImageOfPage\":{\"@id\":\"https:\\\/\\\/janze-athletisme.fr\\\/wordpress\\\/prepa-cross\\\/#primaryimage\"},\"image\":{\"@id\":\"https:\\\/\\\/janze-athletisme.fr\\\/wordpress\\\/prepa-cross\\\/#primaryimage\"},\"thumbnailUrl\":\"http:\\\/\\\/janze-athletisme.fr\\\/wordpress\\\/wp-content\\\/uploads\\\/2018\\\/12\\\/sel.jpg\",\"datePublished\":\"2018-12-29T21:57:09+00:00\",\"dateModified\":\"2018-12-29T21:59:15+00:00\",\"breadcrumb\":{\"@id\":\"https:\\\/\\\/janze-athletisme.fr\\\/wordpress\\\/prepa-cross\\\/#breadcrumb\"},\"inLanguage\":\"fr-FR\",\"potentialAction\":[{\"@type\":\"ReadAction\",\"target\":[\"https:\\\/\\\/janze-athletisme.fr\\\/wordpress\\\/prepa-cross\\\/\"]}]},{\"@type\":\"ImageObject\",\"inLanguage\":\"fr-FR\",\"@id\":\"https:\\\/\\\/janze-athletisme.fr\\\/wordpress\\\/prepa-cross\\\/#primaryimage\",\"url\":\"http:\\\/\\\/janze-athletisme.fr\\\/wordpress\\\/wp-content\\\/uploads\\\/2018\\\/12\\\/sel.jpg\",\"contentUrl\":\"http:\\\/\\\/janze-athletisme.fr\\\/wordpress\\\/wp-content\\\/uploads\\\/2018\\\/12\\\/sel.jpg\"},{\"@type\":\"BreadcrumbList\",\"@id\":\"https:\\\/\\\/janze-athletisme.fr\\\/wordpress\\\/prepa-cross\\\/#breadcrumb\",\"itemListElement\":[{\"@type\":\"ListItem\",\"position\":1,\"name\":\"Accueil\",\"item\":\"https:\\\/\\\/janze-athletisme.fr\\\/wordpress\\\/\"},{\"@type\":\"ListItem\",\"position\":2,\"name\":\"Pr\u00e9pa cross\"}]},{\"@type\":\"WebSite\",\"@id\":\"https:\\\/\\\/janze-athletisme.fr\\\/wordpress\\\/#website\",\"url\":\"https:\\\/\\\/janze-athletisme.fr\\\/wordpress\\\/\",\"name\":\"Janz\u00e9 Athl\u00e9tisme\",\"description\":\"Pays de La Roche aux F\u00e9es\",\"publisher\":{\"@id\":\"https:\\\/\\\/janze-athletisme.fr\\\/wordpress\\\/#organization\"},\"potentialAction\":[{\"@type\":\"SearchAction\",\"target\":{\"@type\":\"EntryPoint\",\"urlTemplate\":\"https:\\\/\\\/janze-athletisme.fr\\\/wordpress\\\/?s={search_term_string}\"},\"query-input\":{\"@type\":\"PropertyValueSpecification\",\"valueRequired\":true,\"valueName\":\"search_term_string\"}}],\"inLanguage\":\"fr-FR\"},{\"@type\":\"Organization\",\"@id\":\"https:\\\/\\\/janze-athletisme.fr\\\/wordpress\\\/#organization\",\"name\":\"Janz\u00e9 Athl\u00e9tisme\",\"url\":\"https:\\\/\\\/janze-athletisme.fr\\\/wordpress\\\/\",\"logo\":{\"@type\":\"ImageObject\",\"inLanguage\":\"fr-FR\",\"@id\":\"https:\\\/\\\/janze-athletisme.fr\\\/wordpress\\\/#\\\/schema\\\/logo\\\/image\\\/\",\"url\":\"https:\\\/\\\/janze-athletisme.fr\\\/wordpress\\\/wp-content\\\/uploads\\\/2015\\\/03\\\/logo-full1.jpg\",\"contentUrl\":\"https:\\\/\\\/janze-athletisme.fr\\\/wordpress\\\/wp-content\\\/uploads\\\/2015\\\/03\\\/logo-full1.jpg\",\"width\":437,\"height\":205,\"caption\":\"Janz\u00e9 Athl\u00e9tisme\"},\"image\":{\"@id\":\"https:\\\/\\\/janze-athletisme.fr\\\/wordpress\\\/#\\\/schema\\\/logo\\\/image\\\/\"},\"sameAs\":[\"https:\\\/\\\/www.facebook.com\\\/groups\\\/1007964579346590\"]},{\"@type\":\"Person\",\"@id\":\"https:\\\/\\\/janze-athletisme.fr\\\/wordpress\\\/#\\\/schema\\\/person\\\/d0d91611dc85e1635e00511152f92f6c\",\"name\":\"Fr\u00e9d\u00e9ric Graye\",\"image\":{\"@type\":\"ImageObject\",\"inLanguage\":\"fr-FR\",\"@id\":\"https:\\\/\\\/secure.gravatar.com\\\/avatar\\\/3c698f3bb9d0e9fd7adcea83ce599a75775b1f86e450228044b2d9c172b90db8?s=96&d=mm&r=g\",\"url\":\"https:\\\/\\\/secure.gravatar.com\\\/avatar\\\/3c698f3bb9d0e9fd7adcea83ce599a75775b1f86e450228044b2d9c172b90db8?s=96&d=mm&r=g\",\"contentUrl\":\"https:\\\/\\\/secure.gravatar.com\\\/avatar\\\/3c698f3bb9d0e9fd7adcea83ce599a75775b1f86e450228044b2d9c172b90db8?s=96&d=mm&r=g\",\"caption\":\"Fr\u00e9d\u00e9ric Graye\"},\"url\":\"https:\\\/\\\/janze-athletisme.fr\\\/wordpress\\\/author\\\/jathe_adm\\\/\"}]}<\/script>\n<!-- \/ Yoast SEO plugin. -->","yoast_head_json":{"title":"Pr\u00e9pa cross - Janz\u00e9 Athl\u00e9tisme","robots":{"index":"index","follow":"follow","max-snippet":"max-snippet:-1","max-image-preview":"max-image-preview:large","max-video-preview":"max-video-preview:-1"},"canonical":"https:\/\/janze-athletisme.fr\/wordpress\/prepa-cross\/","og_locale":"fr_FR","og_type":"article","og_title":"Pr\u00e9pa cross - Janz\u00e9 Athl\u00e9tisme","og_description":"Objectif cross&#8230; Pr\u00e9paration cross pour les enfants &#8211; 1\u00e8re s\u00e9ance \u00e0 Brie : Ils \u00e9taient 29 enfants ce samedi matin 29 d\u00e9cembre, poussins, benjamins et minimes, \u00e0 assister activement (tr\u00e8s) \u00e0 la premi\u00e8re s\u00e9ance de pr\u00e9paration pour le championnat d&rsquo;Ille et Vilaine de cross, qui se tiendra le dimanche 13 janvier prochain \u00e0 Liffr\u00e9. Accompagn\u00e9s [&hellip;]","og_url":"https:\/\/janze-athletisme.fr\/wordpress\/prepa-cross\/","og_site_name":"Janz\u00e9 Athl\u00e9tisme","article_publisher":"https:\/\/www.facebook.com\/groups\/1007964579346590","article_published_time":"2018-12-29T21:57:09+00:00","article_modified_time":"2018-12-29T21:59:15+00:00","og_image":[{"url":"http:\/\/janze-athletisme.fr\/wordpress\/wp-content\/uploads\/2018\/12\/Sortie-Brie-29d\u00e9c2018-1-1024x677.jpg","type":"","width":"","height":""}],"author":"Fr\u00e9d\u00e9ric Graye","twitter_card":"summary_large_image","twitter_misc":{"\u00c9crit par":"Fr\u00e9d\u00e9ric Graye","Dur\u00e9e de lecture estim\u00e9e":"1 minute"},"schema":{"@context":"https:\/\/schema.org","@graph":[{"@type":"Article","@id":"https:\/\/janze-athletisme.fr\/wordpress\/prepa-cross\/#article","isPartOf":{"@id":"https:\/\/janze-athletisme.fr\/wordpress\/prepa-cross\/"},"author":{"name":"Fr\u00e9d\u00e9ric Graye","@id":"https:\/\/janze-athletisme.fr\/wordpress\/#\/schema\/person\/d0d91611dc85e1635e00511152f92f6c"},"headline":"Pr\u00e9pa cross","datePublished":"2018-12-29T21:57:09+00:00","dateModified":"2018-12-29T21:59:15+00:00","mainEntityOfPage":{"@id":"https:\/\/janze-athletisme.fr\/wordpress\/prepa-cross\/"},"wordCount":295,"commentCount":0,"publisher":{"@id":"https:\/\/janze-athletisme.fr\/wordpress\/#organization"},"image":{"@id":"https:\/\/janze-athletisme.fr\/wordpress\/prepa-cross\/#primaryimage"},"thumbnailUrl":"http:\/\/janze-athletisme.fr\/wordpress\/wp-content\/uploads\/2018\/12\/sel.jpg","articleSection":["Le club au jour le jour"],"inLanguage":"fr-FR","potentialAction":[{"@type":"CommentAction","name":"Comment","target":["https:\/\/janze-athletisme.fr\/wordpress\/prepa-cross\/#respond"]}]},{"@type":"WebPage","@id":"https:\/\/janze-athletisme.fr\/wordpress\/prepa-cross\/","url":"https:\/\/janze-athletisme.fr\/wordpress\/prepa-cross\/","name":"Pr\u00e9pa cross - Janz\u00e9 Athl\u00e9tisme","isPartOf":{"@id":"https:\/\/janze-athletisme.fr\/wordpress\/#website"},"primaryImageOfPage":{"@id":"https:\/\/janze-athletisme.fr\/wordpress\/prepa-cross\/#primaryimage"},"image":{"@id":"https:\/\/janze-athletisme.fr\/wordpress\/prepa-cross\/#primaryimage"},"thumbnailUrl":"http:\/\/janze-athletisme.fr\/wordpress\/wp-content\/uploads\/2018\/12\/sel.jpg","datePublished":"2018-12-29T21:57:09+00:00","dateModified":"2018-12-29T21:59:15+00:00","breadcrumb":{"@id":"https:\/\/janze-athletisme.fr\/wordpress\/prepa-cross\/#breadcrumb"},"inLanguage":"fr-FR","potentialAction":[{"@type":"ReadAction","target":["https:\/\/janze-athletisme.fr\/wordpress\/prepa-cross\/"]}]},{"@type":"ImageObject","inLanguage":"fr-FR","@id":"https:\/\/janze-athletisme.fr\/wordpress\/prepa-cross\/#primaryimage","url":"http:\/\/janze-athletisme.fr\/wordpress\/wp-content\/uploads\/2018\/12\/sel.jpg","contentUrl":"http:\/\/janze-athletisme.fr\/wordpress\/wp-content\/uploads\/2018\/12\/sel.jpg"},{"@type":"BreadcrumbList","@id":"https:\/\/janze-athletisme.fr\/wordpress\/prepa-cross\/#breadcrumb","itemListElement":[{"@type":"ListItem","position":1,"name":"Accueil","item":"https:\/\/janze-athletisme.fr\/wordpress\/"},{"@type":"ListItem","position":2,"name":"Pr\u00e9pa cross"}]},{"@type":"WebSite","@id":"https:\/\/janze-athletisme.fr\/wordpress\/#website","url":"https:\/\/janze-athletisme.fr\/wordpress\/","name":"Janz\u00e9 Athl\u00e9tisme","description":"Pays de La Roche aux F\u00e9es","publisher":{"@id":"https:\/\/janze-athletisme.fr\/wordpress\/#organization"},"potentialAction":[{"@type":"SearchAction","target":{"@type":"EntryPoint","urlTemplate":"https:\/\/janze-athletisme.fr\/wordpress\/?s={search_term_string}"},"query-input":{"@type":"PropertyValueSpecification","valueRequired":true,"valueName":"search_term_string"}}],"inLanguage":"fr-FR"},{"@type":"Organization","@id":"https:\/\/janze-athletisme.fr\/wordpress\/#organization","name":"Janz\u00e9 Athl\u00e9tisme","url":"https:\/\/janze-athletisme.fr\/wordpress\/","logo":{"@type":"ImageObject","inLanguage":"fr-FR","@id":"https:\/\/janze-athletisme.fr\/wordpress\/#\/schema\/logo\/image\/","url":"https:\/\/janze-athletisme.fr\/wordpress\/wp-content\/uploads\/2015\/03\/logo-full1.jpg","contentUrl":"https:\/\/janze-athletisme.fr\/wordpress\/wp-content\/uploads\/2015\/03\/logo-full1.jpg","width":437,"height":205,"caption":"Janz\u00e9 Athl\u00e9tisme"},"image":{"@id":"https:\/\/janze-athletisme.fr\/wordpress\/#\/schema\/logo\/image\/"},"sameAs":["https:\/\/www.facebook.com\/groups\/1007964579346590"]},{"@type":"Person","@id":"https:\/\/janze-athletisme.fr\/wordpress\/#\/schema\/person\/d0d91611dc85e1635e00511152f92f6c","name":"Fr\u00e9d\u00e9ric Graye","image":{"@type":"ImageObject","inLanguage":"fr-FR","@id":"https:\/\/secure.gravatar.com\/avatar\/3c698f3bb9d0e9fd7adcea83ce599a75775b1f86e450228044b2d9c172b90db8?s=96&d=mm&r=g","url":"https:\/\/secure.gravatar.com\/avatar\/3c698f3bb9d0e9fd7adcea83ce599a75775b1f86e450228044b2d9c172b90db8?s=96&d=mm&r=g","contentUrl":"https:\/\/secure.gravatar.com\/avatar\/3c698f3bb9d0e9fd7adcea83ce599a75775b1f86e450228044b2d9c172b90db8?s=96&d=mm&r=g","caption":"Fr\u00e9d\u00e9ric Graye"},"url":"https:\/\/janze-athletisme.fr\/wordpress\/author\/jathe_adm\/"}]}},"uagb_featured_image_src":{"full":false,"thumbnail":false,"medium":false,"medium_large":false,"large":false,"1536x1536":false,"2048x2048":false},"uagb_author_info":{"display_name":"Fr\u00e9d\u00e9ric Graye","author_link":"https:\/\/janze-athletisme.fr\/wordpress\/author\/jathe_adm\/"},"uagb_comment_info":0,"uagb_excerpt":"Objectif cross&#8230; Pr\u00e9paration cross pour les enfants &#8211; 1\u00e8re s\u00e9ance \u00e0 Brie : Ils \u00e9taient 29 enfants ce samedi matin 29 d\u00e9cembre, poussins, benjamins et minimes, \u00e0 assister activement (tr\u00e8s) \u00e0 la premi\u00e8re s\u00e9ance de pr\u00e9paration pour le championnat d&rsquo;Ille et Vilaine de cross, qui se tiendra le dimanche 13 janvier prochain \u00e0 Liffr\u00e9. Accompagn\u00e9s\u2026","_links":{"self":[{"href":"https:\/\/janze-athletisme.fr\/wordpress\/wp-json\/wp\/v2\/posts\/4341","targetHints":{"allow":["GET"]}}],"collection":[{"href":"https:\/\/janze-athletisme.fr\/wordpress\/wp-json\/wp\/v2\/posts"}],"about":[{"href":"https:\/\/janze-athletisme.fr\/wordpress\/wp-json\/wp\/v2\/types\/post"}],"author":[{"embeddable":true,"href":"https:\/\/janze-athletisme.fr\/wordpress\/wp-json\/wp\/v2\/users\/3"}],"replies":[{"embeddable":true,"href":"https:\/\/janze-athletisme.fr\/wordpress\/wp-json\/wp\/v2\/comments?post=4341"}],"version-history":[{"count":2,"href":"https:\/\/janze-athletisme.fr\/wordpress\/wp-json\/wp\/v2\/posts\/4341\/revisions"}],"predecessor-version":[{"id":4346,"href":"https:\/\/janze-athletisme.fr\/wordpress\/wp-json\/wp\/v2\/posts\/4341\/revisions\/4346"}],"wp:attachment":[{"href":"https:\/\/janze-athletisme.fr\/wordpress\/wp-json\/wp\/v2\/media?parent=4341"}],"wp:term":[{"taxonomy":"category","embeddable":true,"href":"https:\/\/janze-athletisme.fr\/wordpress\/wp-json\/wp\/v2\/categories?post=4341"},{"taxonomy":"post_tag","embeddable":true,"href":"https:\/\/janze-athletisme.fr\/wordpress\/wp-json\/wp\/v2\/tags?post=4341"}],"curies":[{"name":"wp","href":"https:\/\/api.w.org\/{rel}","templated":true}]}}