{"id":4325,"date":"2018-12-28T18:43:48","date_gmt":"2018-12-28T17:43:48","guid":{"rendered":"http:\/\/janze-athletisme.fr\/wordpress\/?p=4325"},"modified":"2018-12-28T19:11:22","modified_gmt":"2018-12-28T18:11:22","slug":"championnat-de-bretagne-dec-salle","status":"publish","type":"post","link":"https:\/\/janze-athletisme.fr\/wordpress\/championnat-de-bretagne-dec-salle\/","title":{"rendered":"Championnat de Bretagne d&rsquo;EC en salle"},"content":{"rendered":"<h1 style=\"text-align: center;\"><span style=\"text-decoration: underline;\"><strong><span style=\"color: #ff0000; text-decoration: underline;\">Championnat de Bretagne d&rsquo;\u00e9preuves combin\u00e9es\u00a0<\/span><\/strong><\/span><span style=\"text-decoration: underline;\"><strong><span style=\"color: #ff0000; text-decoration: underline;\">en salle &#8211;\u00a0<\/span><\/strong><\/span><span style=\"text-decoration: underline;\"><strong><span style=\"color: #ff0000; text-decoration: underline;\">Cadets et +<\/span><\/strong><\/span><\/h1>\n<p><img loading=\"lazy\" decoding=\"async\" class=\"aligncenter  wp-image-4339\" src=\"http:\/\/janze-athletisme.fr\/wordpress\/wp-content\/uploads\/2018\/12\/DSCF6614-1.jpg\" alt=\"\" width=\"266\" height=\"255\" srcset=\"https:\/\/janze-athletisme.fr\/wordpress\/wp-content\/uploads\/2018\/12\/DSCF6614-1.jpg 365w, https:\/\/janze-athletisme.fr\/wordpress\/wp-content\/uploads\/2018\/12\/DSCF6614-1-300x288.jpg 300w, https:\/\/janze-athletisme.fr\/wordpress\/wp-content\/uploads\/2018\/12\/DSCF6614-1-1x1.jpg 1w\" sizes=\"auto, (max-width: 266px) 100vw, 266px\" \/><\/p>\n<p><span style=\"color: #000000;\"><strong>Sandra L.<\/strong> \u00e9tait l&rsquo;unique repr\u00e9sentante, dans la cat\u00e9gorie cadette, de Janz\u00e9 athl\u00e9 au championnat de Bretagne d&rsquo;\u00e9preuves combin\u00e9es, qui a eu lieu les 15 et 16 d\u00e9cembre derniers \u00e0 Rennes.<\/span><\/p>\n<p><span style=\"color: #000000;\">A l&rsquo;issue des 5 \u00e9preuves de son pentathlon, Sandra termine \u00e0 la huiti\u00e8me place bretonne, avec un total de 2414 points. Notons une premi\u00e8re place au poids, et troisi\u00e8me en longueur. Bravo Sandra !!! Et merci \u00e0 Isabelle pour avoir particip\u00e9 au jury de cette comp\u00e9tition.<\/span><\/p>\n<p><span style=\"color: #000000;\">Quelques photos :<a href=\"https:\/\/photos.app.goo.gl\/F8VLa4KJVpCRYHhU6\"><strong><span style=\"color: #ff0000;\"> CLIC !!!<\/span><\/strong><\/a><\/span><\/p>\n<p><img loading=\"lazy\" decoding=\"async\" class=\"aligncenter size-full wp-image-4328\" src=\"http:\/\/janze-athletisme.fr\/wordpress\/wp-content\/uploads\/2018\/12\/unnamed-1-1.png\" alt=\"\" width=\"756\" height=\"143\" srcset=\"https:\/\/janze-athletisme.fr\/wordpress\/wp-content\/uploads\/2018\/12\/unnamed-1-1.png 756w, https:\/\/janze-athletisme.fr\/wordpress\/wp-content\/uploads\/2018\/12\/unnamed-1-1-300x57.png 300w, https:\/\/janze-athletisme.fr\/wordpress\/wp-content\/uploads\/2018\/12\/unnamed-1-1-5x1.png 5w\" sizes=\"auto, (max-width: 756px) 100vw, 756px\" \/><\/p>\n","protected":false},"excerpt":{"rendered":"<p>Championnat de Bretagne d&rsquo;\u00e9preuves combin\u00e9es\u00a0en salle &#8211;\u00a0Cadets et + Sandra L. \u00e9tait l&rsquo;unique repr\u00e9sentante, dans la cat\u00e9gorie cadette, de Janz\u00e9 athl\u00e9 au championnat de Bretagne d&rsquo;\u00e9preuves combin\u00e9es, qui a eu lieu les 15 et 16 d\u00e9cembre derniers \u00e0 Rennes. A l&rsquo;issue des 5 \u00e9preuves de son pentathlon, Sandra termine \u00e0 la huiti\u00e8me place bretonne, avec [&hellip;]<\/p>\n","protected":false},"author":3,"featured_media":0,"comment_status":"open","ping_status":"open","sticky":false,"template":"","format":"aside","meta":{"_uag_custom_page_level_css":"","site-sidebar-layout":"default","site-content-layout":"","ast-site-content-layout":"default","site-content-style":"default","site-sidebar-style":"default","ast-global-header-display":"","ast-banner-title-visibility":"","ast-main-header-display":"","ast-hfb-above-header-display":"","ast-hfb-below-header-display":"","ast-hfb-mobile-header-display":"","site-post-title":"","ast-breadcrumbs-content":"","ast-featured-img":"","footer-sml-layout":"","ast-disable-related-posts":"","theme-transparent-header-meta":"","adv-header-id-meta":"","stick-header-meta":"","header-above-stick-meta":"","header-main-stick-meta":"","header-below-stick-meta":"","astra-migrate-meta-layouts":"default","ast-page-background-enabled":"default","ast-page-background-meta":{"desktop":{"background-color":"var(--ast-global-color-4)","background-image":"","background-repeat":"repeat","background-position":"center center","background-size":"auto","background-attachment":"scroll","background-type":"","background-media":"","overlay-type":"","overlay-color":"","overlay-opacity":"","overlay-gradient":""},"tablet":{"background-color":"","background-image":"","background-repeat":"repeat","background-position":"center center","background-size":"auto","background-attachment":"scroll","background-type":"","background-media":"","overlay-type":"","overlay-color":"","overlay-opacity":"","overlay-gradient":""},"mobile":{"background-color":"","background-image":"","background-repeat":"repeat","background-position":"center center","background-size":"auto","background-attachment":"scroll","background-type":"","background-media":"","overlay-type":"","overlay-color":"","overlay-opacity":"","overlay-gradient":""}},"ast-content-background-meta":{"desktop":{"background-color":"var(--ast-global-color-5)","background-image":"","background-repeat":"repeat","background-position":"center center","background-size":"auto","background-attachment":"scroll","background-type":"","background-media":"","overlay-type":"","overlay-color":"","overlay-opacity":"","overlay-gradient":""},"tablet":{"background-color":"var(--ast-global-color-5)","background-image":"","background-repeat":"repeat","background-position":"center center","background-size":"auto","background-attachment":"scroll","background-type":"","background-media":"","overlay-type":"","overlay-color":"","overlay-opacity":"","overlay-gradient":""},"mobile":{"background-color":"var(--ast-global-color-5)","background-image":"","background-repeat":"repeat","background-position":"center center","background-size":"auto","background-attachment":"scroll","background-type":"","background-media":"","overlay-type":"","overlay-color":"","overlay-opacity":"","overlay-gradient":""}},"footnotes":""},"categories":[6],"tags":[],"class_list":["post-4325","post","type-post","status-publish","format-aside","hentry","category-sections","post_format-post-format-aside"],"yoast_head":"<!-- This site is optimized with the Yoast SEO plugin v27.4 - https:\/\/yoast.com\/product\/yoast-seo-wordpress\/ -->\n<title>Championnat de Bretagne d&#039;EC en salle - Janz\u00e9 Athl\u00e9tisme<\/title>\n<meta name=\"robots\" content=\"index, follow, max-snippet:-1, max-image-preview:large, max-video-preview:-1\" \/>\n<link rel=\"canonical\" href=\"https:\/\/janze-athletisme.fr\/wordpress\/championnat-de-bretagne-dec-salle\/\" \/>\n<meta property=\"og:locale\" content=\"fr_FR\" \/>\n<meta property=\"og:type\" content=\"article\" \/>\n<meta property=\"og:title\" content=\"Championnat de Bretagne d&#039;EC en salle - Janz\u00e9 Athl\u00e9tisme\" \/>\n<meta property=\"og:description\" content=\"Championnat de Bretagne d&rsquo;\u00e9preuves combin\u00e9es\u00a0en salle &#8211;\u00a0Cadets et + Sandra L. \u00e9tait l&rsquo;unique repr\u00e9sentante, dans la cat\u00e9gorie cadette, de Janz\u00e9 athl\u00e9 au championnat de Bretagne d&rsquo;\u00e9preuves combin\u00e9es, qui a eu lieu les 15 et 16 d\u00e9cembre derniers \u00e0 Rennes. A l&rsquo;issue des 5 \u00e9preuves de son pentathlon, Sandra termine \u00e0 la huiti\u00e8me place bretonne, avec [&hellip;]\" \/>\n<meta property=\"og:url\" content=\"https:\/\/janze-athletisme.fr\/wordpress\/championnat-de-bretagne-dec-salle\/\" \/>\n<meta property=\"og:site_name\" content=\"Janz\u00e9 Athl\u00e9tisme\" \/>\n<meta property=\"article:publisher\" content=\"https:\/\/www.facebook.com\/groups\/1007964579346590\" \/>\n<meta property=\"article:published_time\" content=\"2018-12-28T17:43:48+00:00\" \/>\n<meta property=\"article:modified_time\" content=\"2018-12-28T18:11:22+00:00\" \/>\n<meta property=\"og:image\" content=\"http:\/\/janze-athletisme.fr\/wordpress\/wp-content\/uploads\/2018\/12\/DSCF6614-1.jpg\" \/>\n<meta name=\"author\" content=\"Fr\u00e9d\u00e9ric Graye\" \/>\n<meta name=\"twitter:card\" content=\"summary_large_image\" \/>\n<meta name=\"twitter:label1\" content=\"\u00c9crit par\" \/>\n\t<meta name=\"twitter:data1\" content=\"Fr\u00e9d\u00e9ric Graye\" \/>\n<script type=\"application\/ld+json\" class=\"yoast-schema-graph\">{\"@context\":\"https:\\\/\\\/schema.org\",\"@graph\":[{\"@type\":\"Article\",\"@id\":\"https:\\\/\\\/janze-athletisme.fr\\\/wordpress\\\/championnat-de-bretagne-dec-salle\\\/#article\",\"isPartOf\":{\"@id\":\"https:\\\/\\\/janze-athletisme.fr\\\/wordpress\\\/championnat-de-bretagne-dec-salle\\\/\"},\"author\":{\"name\":\"Fr\u00e9d\u00e9ric Graye\",\"@id\":\"https:\\\/\\\/janze-athletisme.fr\\\/wordpress\\\/#\\\/schema\\\/person\\\/d0d91611dc85e1635e00511152f92f6c\"},\"headline\":\"Championnat de Bretagne d&rsquo;EC en salle\",\"datePublished\":\"2018-12-28T17:43:48+00:00\",\"dateModified\":\"2018-12-28T18:11:22+00:00\",\"mainEntityOfPage\":{\"@id\":\"https:\\\/\\\/janze-athletisme.fr\\\/wordpress\\\/championnat-de-bretagne-dec-salle\\\/\"},\"wordCount\":101,\"commentCount\":0,\"publisher\":{\"@id\":\"https:\\\/\\\/janze-athletisme.fr\\\/wordpress\\\/#organization\"},\"image\":{\"@id\":\"https:\\\/\\\/janze-athletisme.fr\\\/wordpress\\\/championnat-de-bretagne-dec-salle\\\/#primaryimage\"},\"thumbnailUrl\":\"http:\\\/\\\/janze-athletisme.fr\\\/wordpress\\\/wp-content\\\/uploads\\\/2018\\\/12\\\/DSCF6614-1.jpg\",\"articleSection\":[\"Le club au jour le jour\"],\"inLanguage\":\"fr-FR\",\"potentialAction\":[{\"@type\":\"CommentAction\",\"name\":\"Comment\",\"target\":[\"https:\\\/\\\/janze-athletisme.fr\\\/wordpress\\\/championnat-de-bretagne-dec-salle\\\/#respond\"]}]},{\"@type\":\"WebPage\",\"@id\":\"https:\\\/\\\/janze-athletisme.fr\\\/wordpress\\\/championnat-de-bretagne-dec-salle\\\/\",\"url\":\"https:\\\/\\\/janze-athletisme.fr\\\/wordpress\\\/championnat-de-bretagne-dec-salle\\\/\",\"name\":\"Championnat de Bretagne d'EC en salle - Janz\u00e9 Athl\u00e9tisme\",\"isPartOf\":{\"@id\":\"https:\\\/\\\/janze-athletisme.fr\\\/wordpress\\\/#website\"},\"primaryImageOfPage\":{\"@id\":\"https:\\\/\\\/janze-athletisme.fr\\\/wordpress\\\/championnat-de-bretagne-dec-salle\\\/#primaryimage\"},\"image\":{\"@id\":\"https:\\\/\\\/janze-athletisme.fr\\\/wordpress\\\/championnat-de-bretagne-dec-salle\\\/#primaryimage\"},\"thumbnailUrl\":\"http:\\\/\\\/janze-athletisme.fr\\\/wordpress\\\/wp-content\\\/uploads\\\/2018\\\/12\\\/DSCF6614-1.jpg\",\"datePublished\":\"2018-12-28T17:43:48+00:00\",\"dateModified\":\"2018-12-28T18:11:22+00:00\",\"breadcrumb\":{\"@id\":\"https:\\\/\\\/janze-athletisme.fr\\\/wordpress\\\/championnat-de-bretagne-dec-salle\\\/#breadcrumb\"},\"inLanguage\":\"fr-FR\",\"potentialAction\":[{\"@type\":\"ReadAction\",\"target\":[\"https:\\\/\\\/janze-athletisme.fr\\\/wordpress\\\/championnat-de-bretagne-dec-salle\\\/\"]}]},{\"@type\":\"ImageObject\",\"inLanguage\":\"fr-FR\",\"@id\":\"https:\\\/\\\/janze-athletisme.fr\\\/wordpress\\\/championnat-de-bretagne-dec-salle\\\/#primaryimage\",\"url\":\"http:\\\/\\\/janze-athletisme.fr\\\/wordpress\\\/wp-content\\\/uploads\\\/2018\\\/12\\\/DSCF6614-1.jpg\",\"contentUrl\":\"http:\\\/\\\/janze-athletisme.fr\\\/wordpress\\\/wp-content\\\/uploads\\\/2018\\\/12\\\/DSCF6614-1.jpg\"},{\"@type\":\"BreadcrumbList\",\"@id\":\"https:\\\/\\\/janze-athletisme.fr\\\/wordpress\\\/championnat-de-bretagne-dec-salle\\\/#breadcrumb\",\"itemListElement\":[{\"@type\":\"ListItem\",\"position\":1,\"name\":\"Accueil\",\"item\":\"https:\\\/\\\/janze-athletisme.fr\\\/wordpress\\\/\"},{\"@type\":\"ListItem\",\"position\":2,\"name\":\"Championnat de Bretagne d&rsquo;EC en salle\"}]},{\"@type\":\"WebSite\",\"@id\":\"https:\\\/\\\/janze-athletisme.fr\\\/wordpress\\\/#website\",\"url\":\"https:\\\/\\\/janze-athletisme.fr\\\/wordpress\\\/\",\"name\":\"Janz\u00e9 Athl\u00e9tisme\",\"description\":\"Pays de La Roche aux F\u00e9es\",\"publisher\":{\"@id\":\"https:\\\/\\\/janze-athletisme.fr\\\/wordpress\\\/#organization\"},\"potentialAction\":[{\"@type\":\"SearchAction\",\"target\":{\"@type\":\"EntryPoint\",\"urlTemplate\":\"https:\\\/\\\/janze-athletisme.fr\\\/wordpress\\\/?s={search_term_string}\"},\"query-input\":{\"@type\":\"PropertyValueSpecification\",\"valueRequired\":true,\"valueName\":\"search_term_string\"}}],\"inLanguage\":\"fr-FR\"},{\"@type\":\"Organization\",\"@id\":\"https:\\\/\\\/janze-athletisme.fr\\\/wordpress\\\/#organization\",\"name\":\"Janz\u00e9 Athl\u00e9tisme\",\"url\":\"https:\\\/\\\/janze-athletisme.fr\\\/wordpress\\\/\",\"logo\":{\"@type\":\"ImageObject\",\"inLanguage\":\"fr-FR\",\"@id\":\"https:\\\/\\\/janze-athletisme.fr\\\/wordpress\\\/#\\\/schema\\\/logo\\\/image\\\/\",\"url\":\"https:\\\/\\\/janze-athletisme.fr\\\/wordpress\\\/wp-content\\\/uploads\\\/2015\\\/03\\\/logo-full1.jpg\",\"contentUrl\":\"https:\\\/\\\/janze-athletisme.fr\\\/wordpress\\\/wp-content\\\/uploads\\\/2015\\\/03\\\/logo-full1.jpg\",\"width\":437,\"height\":205,\"caption\":\"Janz\u00e9 Athl\u00e9tisme\"},\"image\":{\"@id\":\"https:\\\/\\\/janze-athletisme.fr\\\/wordpress\\\/#\\\/schema\\\/logo\\\/image\\\/\"},\"sameAs\":[\"https:\\\/\\\/www.facebook.com\\\/groups\\\/1007964579346590\"]},{\"@type\":\"Person\",\"@id\":\"https:\\\/\\\/janze-athletisme.fr\\\/wordpress\\\/#\\\/schema\\\/person\\\/d0d91611dc85e1635e00511152f92f6c\",\"name\":\"Fr\u00e9d\u00e9ric Graye\",\"image\":{\"@type\":\"ImageObject\",\"inLanguage\":\"fr-FR\",\"@id\":\"https:\\\/\\\/secure.gravatar.com\\\/avatar\\\/3c698f3bb9d0e9fd7adcea83ce599a75775b1f86e450228044b2d9c172b90db8?s=96&d=mm&r=g\",\"url\":\"https:\\\/\\\/secure.gravatar.com\\\/avatar\\\/3c698f3bb9d0e9fd7adcea83ce599a75775b1f86e450228044b2d9c172b90db8?s=96&d=mm&r=g\",\"contentUrl\":\"https:\\\/\\\/secure.gravatar.com\\\/avatar\\\/3c698f3bb9d0e9fd7adcea83ce599a75775b1f86e450228044b2d9c172b90db8?s=96&d=mm&r=g\",\"caption\":\"Fr\u00e9d\u00e9ric Graye\"},\"url\":\"https:\\\/\\\/janze-athletisme.fr\\\/wordpress\\\/author\\\/jathe_adm\\\/\"}]}<\/script>\n<!-- \/ Yoast SEO plugin. -->","yoast_head_json":{"title":"Championnat de Bretagne d'EC en salle - Janz\u00e9 Athl\u00e9tisme","robots":{"index":"index","follow":"follow","max-snippet":"max-snippet:-1","max-image-preview":"max-image-preview:large","max-video-preview":"max-video-preview:-1"},"canonical":"https:\/\/janze-athletisme.fr\/wordpress\/championnat-de-bretagne-dec-salle\/","og_locale":"fr_FR","og_type":"article","og_title":"Championnat de Bretagne d'EC en salle - Janz\u00e9 Athl\u00e9tisme","og_description":"Championnat de Bretagne d&rsquo;\u00e9preuves combin\u00e9es\u00a0en salle &#8211;\u00a0Cadets et + Sandra L. \u00e9tait l&rsquo;unique repr\u00e9sentante, dans la cat\u00e9gorie cadette, de Janz\u00e9 athl\u00e9 au championnat de Bretagne d&rsquo;\u00e9preuves combin\u00e9es, qui a eu lieu les 15 et 16 d\u00e9cembre derniers \u00e0 Rennes. A l&rsquo;issue des 5 \u00e9preuves de son pentathlon, Sandra termine \u00e0 la huiti\u00e8me place bretonne, avec [&hellip;]","og_url":"https:\/\/janze-athletisme.fr\/wordpress\/championnat-de-bretagne-dec-salle\/","og_site_name":"Janz\u00e9 Athl\u00e9tisme","article_publisher":"https:\/\/www.facebook.com\/groups\/1007964579346590","article_published_time":"2018-12-28T17:43:48+00:00","article_modified_time":"2018-12-28T18:11:22+00:00","og_image":[{"url":"http:\/\/janze-athletisme.fr\/wordpress\/wp-content\/uploads\/2018\/12\/DSCF6614-1.jpg","type":"","width":"","height":""}],"author":"Fr\u00e9d\u00e9ric Graye","twitter_card":"summary_large_image","twitter_misc":{"\u00c9crit par":"Fr\u00e9d\u00e9ric Graye"},"schema":{"@context":"https:\/\/schema.org","@graph":[{"@type":"Article","@id":"https:\/\/janze-athletisme.fr\/wordpress\/championnat-de-bretagne-dec-salle\/#article","isPartOf":{"@id":"https:\/\/janze-athletisme.fr\/wordpress\/championnat-de-bretagne-dec-salle\/"},"author":{"name":"Fr\u00e9d\u00e9ric Graye","@id":"https:\/\/janze-athletisme.fr\/wordpress\/#\/schema\/person\/d0d91611dc85e1635e00511152f92f6c"},"headline":"Championnat de Bretagne d&rsquo;EC en salle","datePublished":"2018-12-28T17:43:48+00:00","dateModified":"2018-12-28T18:11:22+00:00","mainEntityOfPage":{"@id":"https:\/\/janze-athletisme.fr\/wordpress\/championnat-de-bretagne-dec-salle\/"},"wordCount":101,"commentCount":0,"publisher":{"@id":"https:\/\/janze-athletisme.fr\/wordpress\/#organization"},"image":{"@id":"https:\/\/janze-athletisme.fr\/wordpress\/championnat-de-bretagne-dec-salle\/#primaryimage"},"thumbnailUrl":"http:\/\/janze-athletisme.fr\/wordpress\/wp-content\/uploads\/2018\/12\/DSCF6614-1.jpg","articleSection":["Le club au jour le jour"],"inLanguage":"fr-FR","potentialAction":[{"@type":"CommentAction","name":"Comment","target":["https:\/\/janze-athletisme.fr\/wordpress\/championnat-de-bretagne-dec-salle\/#respond"]}]},{"@type":"WebPage","@id":"https:\/\/janze-athletisme.fr\/wordpress\/championnat-de-bretagne-dec-salle\/","url":"https:\/\/janze-athletisme.fr\/wordpress\/championnat-de-bretagne-dec-salle\/","name":"Championnat de Bretagne d'EC en salle - Janz\u00e9 Athl\u00e9tisme","isPartOf":{"@id":"https:\/\/janze-athletisme.fr\/wordpress\/#website"},"primaryImageOfPage":{"@id":"https:\/\/janze-athletisme.fr\/wordpress\/championnat-de-bretagne-dec-salle\/#primaryimage"},"image":{"@id":"https:\/\/janze-athletisme.fr\/wordpress\/championnat-de-bretagne-dec-salle\/#primaryimage"},"thumbnailUrl":"http:\/\/janze-athletisme.fr\/wordpress\/wp-content\/uploads\/2018\/12\/DSCF6614-1.jpg","datePublished":"2018-12-28T17:43:48+00:00","dateModified":"2018-12-28T18:11:22+00:00","breadcrumb":{"@id":"https:\/\/janze-athletisme.fr\/wordpress\/championnat-de-bretagne-dec-salle\/#breadcrumb"},"inLanguage":"fr-FR","potentialAction":[{"@type":"ReadAction","target":["https:\/\/janze-athletisme.fr\/wordpress\/championnat-de-bretagne-dec-salle\/"]}]},{"@type":"ImageObject","inLanguage":"fr-FR","@id":"https:\/\/janze-athletisme.fr\/wordpress\/championnat-de-bretagne-dec-salle\/#primaryimage","url":"http:\/\/janze-athletisme.fr\/wordpress\/wp-content\/uploads\/2018\/12\/DSCF6614-1.jpg","contentUrl":"http:\/\/janze-athletisme.fr\/wordpress\/wp-content\/uploads\/2018\/12\/DSCF6614-1.jpg"},{"@type":"BreadcrumbList","@id":"https:\/\/janze-athletisme.fr\/wordpress\/championnat-de-bretagne-dec-salle\/#breadcrumb","itemListElement":[{"@type":"ListItem","position":1,"name":"Accueil","item":"https:\/\/janze-athletisme.fr\/wordpress\/"},{"@type":"ListItem","position":2,"name":"Championnat de Bretagne d&rsquo;EC en salle"}]},{"@type":"WebSite","@id":"https:\/\/janze-athletisme.fr\/wordpress\/#website","url":"https:\/\/janze-athletisme.fr\/wordpress\/","name":"Janz\u00e9 Athl\u00e9tisme","description":"Pays de La Roche aux F\u00e9es","publisher":{"@id":"https:\/\/janze-athletisme.fr\/wordpress\/#organization"},"potentialAction":[{"@type":"SearchAction","target":{"@type":"EntryPoint","urlTemplate":"https:\/\/janze-athletisme.fr\/wordpress\/?s={search_term_string}"},"query-input":{"@type":"PropertyValueSpecification","valueRequired":true,"valueName":"search_term_string"}}],"inLanguage":"fr-FR"},{"@type":"Organization","@id":"https:\/\/janze-athletisme.fr\/wordpress\/#organization","name":"Janz\u00e9 Athl\u00e9tisme","url":"https:\/\/janze-athletisme.fr\/wordpress\/","logo":{"@type":"ImageObject","inLanguage":"fr-FR","@id":"https:\/\/janze-athletisme.fr\/wordpress\/#\/schema\/logo\/image\/","url":"https:\/\/janze-athletisme.fr\/wordpress\/wp-content\/uploads\/2015\/03\/logo-full1.jpg","contentUrl":"https:\/\/janze-athletisme.fr\/wordpress\/wp-content\/uploads\/2015\/03\/logo-full1.jpg","width":437,"height":205,"caption":"Janz\u00e9 Athl\u00e9tisme"},"image":{"@id":"https:\/\/janze-athletisme.fr\/wordpress\/#\/schema\/logo\/image\/"},"sameAs":["https:\/\/www.facebook.com\/groups\/1007964579346590"]},{"@type":"Person","@id":"https:\/\/janze-athletisme.fr\/wordpress\/#\/schema\/person\/d0d91611dc85e1635e00511152f92f6c","name":"Fr\u00e9d\u00e9ric Graye","image":{"@type":"ImageObject","inLanguage":"fr-FR","@id":"https:\/\/secure.gravatar.com\/avatar\/3c698f3bb9d0e9fd7adcea83ce599a75775b1f86e450228044b2d9c172b90db8?s=96&d=mm&r=g","url":"https:\/\/secure.gravatar.com\/avatar\/3c698f3bb9d0e9fd7adcea83ce599a75775b1f86e450228044b2d9c172b90db8?s=96&d=mm&r=g","contentUrl":"https:\/\/secure.gravatar.com\/avatar\/3c698f3bb9d0e9fd7adcea83ce599a75775b1f86e450228044b2d9c172b90db8?s=96&d=mm&r=g","caption":"Fr\u00e9d\u00e9ric Graye"},"url":"https:\/\/janze-athletisme.fr\/wordpress\/author\/jathe_adm\/"}]}},"uagb_featured_image_src":{"full":false,"thumbnail":false,"medium":false,"medium_large":false,"large":false,"1536x1536":false,"2048x2048":false},"uagb_author_info":{"display_name":"Fr\u00e9d\u00e9ric Graye","author_link":"https:\/\/janze-athletisme.fr\/wordpress\/author\/jathe_adm\/"},"uagb_comment_info":0,"uagb_excerpt":"Championnat de Bretagne d&rsquo;\u00e9preuves combin\u00e9es\u00a0en salle &#8211;\u00a0Cadets et + Sandra L. \u00e9tait l&rsquo;unique repr\u00e9sentante, dans la cat\u00e9gorie cadette, de Janz\u00e9 athl\u00e9 au championnat de Bretagne d&rsquo;\u00e9preuves combin\u00e9es, qui a eu lieu les 15 et 16 d\u00e9cembre derniers \u00e0 Rennes. A l&rsquo;issue des 5 \u00e9preuves de son pentathlon, Sandra termine \u00e0 la huiti\u00e8me place bretonne, avec\u2026","_links":{"self":[{"href":"https:\/\/janze-athletisme.fr\/wordpress\/wp-json\/wp\/v2\/posts\/4325","targetHints":{"allow":["GET"]}}],"collection":[{"href":"https:\/\/janze-athletisme.fr\/wordpress\/wp-json\/wp\/v2\/posts"}],"about":[{"href":"https:\/\/janze-athletisme.fr\/wordpress\/wp-json\/wp\/v2\/types\/post"}],"author":[{"embeddable":true,"href":"https:\/\/janze-athletisme.fr\/wordpress\/wp-json\/wp\/v2\/users\/3"}],"replies":[{"embeddable":true,"href":"https:\/\/janze-athletisme.fr\/wordpress\/wp-json\/wp\/v2\/comments?post=4325"}],"version-history":[{"count":5,"href":"https:\/\/janze-athletisme.fr\/wordpress\/wp-json\/wp\/v2\/posts\/4325\/revisions"}],"predecessor-version":[{"id":4340,"href":"https:\/\/janze-athletisme.fr\/wordpress\/wp-json\/wp\/v2\/posts\/4325\/revisions\/4340"}],"wp:attachment":[{"href":"https:\/\/janze-athletisme.fr\/wordpress\/wp-json\/wp\/v2\/media?parent=4325"}],"wp:term":[{"taxonomy":"category","embeddable":true,"href":"https:\/\/janze-athletisme.fr\/wordpress\/wp-json\/wp\/v2\/categories?post=4325"},{"taxonomy":"post_tag","embeddable":true,"href":"https:\/\/janze-athletisme.fr\/wordpress\/wp-json\/wp\/v2\/tags?post=4325"}],"curies":[{"name":"wp","href":"https:\/\/api.w.org\/{rel}","templated":true}]}}