{"id":4261,"date":"2018-12-12T22:25:32","date_gmt":"2018-12-12T21:25:32","guid":{"rendered":"http:\/\/janze-athletisme.fr\/wordpress\/?p=4261"},"modified":"2018-12-13T20:58:43","modified_gmt":"2018-12-13T19:58:43","slug":"we-08-09-12-18","status":"publish","type":"post","link":"https:\/\/janze-athletisme.fr\/wordpress\/we-08-09-12-18\/","title":{"rendered":"WE du 08 et 09.12.18"},"content":{"rendered":"<h1 style=\"text-align: center;\"><strong><span style=\"text-decoration: underline;\"><span style=\"color: #ff0000; text-decoration: underline;\">Championnat d\u00e9partemental BE de pentathlon<\/span><\/span><\/strong><\/h1>\n<p><img loading=\"lazy\" decoding=\"async\" class=\"aligncenter wp-image-4249\" src=\"http:\/\/janze-athletisme.fr\/wordpress\/wp-content\/uploads\/2018\/12\/P1100096-1024x768.jpg\" alt=\"\" width=\"314\" height=\"236\" srcset=\"https:\/\/janze-athletisme.fr\/wordpress\/wp-content\/uploads\/2018\/12\/P1100096-1024x768.jpg 1024w, https:\/\/janze-athletisme.fr\/wordpress\/wp-content\/uploads\/2018\/12\/P1100096-300x225.jpg 300w, https:\/\/janze-athletisme.fr\/wordpress\/wp-content\/uploads\/2018\/12\/P1100096-768x576.jpg 768w, https:\/\/janze-athletisme.fr\/wordpress\/wp-content\/uploads\/2018\/12\/P1100096-1x1.jpg 1w\" sizes=\"auto, (max-width: 314px) 100vw, 314px\" \/><\/p>\n<p><span style=\"color: #000000;\">Samedi, quinze jeunes benjamins et benjamines de Janz\u00e9 athl\u00e9 ont d\u00e9couvert les \u00e9preuves combin\u00e9es, \u00e0 l&rsquo;occasion du championnat d\u00e9partemental de pentathlon, organis\u00e9 par notre club \u00e0 la salle Robert Poirier de Rennes.<\/span><\/p>\n<p><span style=\"color: #000000;\">Ce qui devait \u00eatre surtout une d\u00e9couverte fut finalement une excellente prestation, avec, notamment, une \u00e9quipe de filles au top&#8230; encore plus si l&rsquo;on ajoute les 3 bainaises pr\u00e9sentes \u00e0 ce championnat, et la bonne ambiance qui a r\u00e9gn\u00e9 dans ce petit groupe tout au long de la journ\u00e9e. Les gar\u00e7ons n&rsquo;ont pas d\u00e9m\u00e9rit\u00e9 pour autant, et se sont bien amus\u00e9s \u00e9galement. Au programme de la comp\u00e9tition, m\u00eame menu pour tout le monde, \u00e0 base d&rsquo;\u00e9preuves un peu plus techniques que celles habituellement pl\u00e9biscit\u00e9es par les jeunes. Le classement se fait par addition des points obtenus sur les 5 \u00e9preuves suivantes : 50m &#8211; 50m haies &#8211; triple saut &#8211; saut en hauteur ou \u00e0 la perche &#8211; lancer de poids.<\/span><\/p>\n<p><span style=\"color: #000000;\">Chez les BEF, <strong>Audrenn F<\/strong>. termine \u00e0 la 4\u00e8me place avec 104 points, suivie \u00e0 la 5\u00e8me place par <strong>Nina G.<\/strong> (103 points) et <strong>Flora F.<\/strong> (7\u00e8me avec 93 points), puis <strong>Lisa J.<\/strong> (16\u00e8me avec 79 points), <strong>Coline D<\/strong>. (26\u00e8me avec 65 points), et <strong>Am\u00e9lie J<\/strong>. (qui n&rsquo;a pas pu terminer son pentathlon \u00e0 cause d&rsquo;une douleur \u00e0 la cheville).<\/span><\/p>\n<p><span style=\"color: #000000;\">Chez les BEM, <strong>Louis H.<\/strong> termine 12\u00e8me (avec 81 points), <strong>Nom\u00e9no\u00eb C.<\/strong> finit 20\u00e8me (69 points), suivi juste derri\u00e8re par <strong>Ewen D.<\/strong> (21\u00e8me avec 66 points) et <strong>Tristan C.<\/strong> (22\u00e8me avec 65 points), puis <strong>Th\u00e9o G.<\/strong> (27\u00e8me avec 61 points), <strong>Augustin M.<\/strong> (29\u00e8me avec 60 points), <strong>Mat\u00e9o C.<\/strong> finit 32\u00e8me (avec 50 points), <strong>Dylan C.<\/strong> finit 41\u00e8me avec 21 points, et <strong>Antonin L.G.<\/strong> n&rsquo;est pas class\u00e9 dans le pentathlon puisqu&rsquo;il a d\u00fb partir apr\u00e8s seulement 2 \u00e9preuves.<\/span><\/p>\n<p><span style=\"color: #000000;\">Bravo \u00e0 vous tous ! Nous esp\u00e9rons que vous serez toujours aussi motiv\u00e9s le 4 mai prochain pour l&rsquo;\u00e9quivalent en ext\u00e9rieur, sur la piste de Janz\u00e9 !<\/span><\/p>\n<p><span style=\"color: #000000;\">Merci \u00e0 Adrien B. et Fran\u00e7ois R. pour le jury, ainsi qu&rsquo;aux papas qui ont donn\u00e9 des coups de main aux jurys qui \u00e9taient incomplets (Mr Cantin, M. Caradec, St\u00e9phane M.)<\/span><\/p>\n<p><span style=\"color: #000000;\">Voici quelques photos : <a href=\"https:\/\/photos.app.goo.gl\/3JwvVUqF2EukFQWT7\"><strong><span style=\"text-decoration: underline;\"><span style=\"color: #ff0000; text-decoration: underline;\">CLIC !\u00a0<\/span><\/span><\/strong><\/a> \u00a0 \u00a0 \u00a0 \u00a0Et les r\u00e9sultats plus en d\u00e9tail :<\/span><\/p>\n<p><img loading=\"lazy\" decoding=\"async\" class=\"aligncenter  wp-image-4269\" src=\"http:\/\/janze-athletisme.fr\/wordpress\/wp-content\/uploads\/2018\/12\/ialipciljflhjlmh-657x1024.png\" alt=\"\" width=\"709\" height=\"1105\" srcset=\"https:\/\/janze-athletisme.fr\/wordpress\/wp-content\/uploads\/2018\/12\/ialipciljflhjlmh-657x1024.png 657w, https:\/\/janze-athletisme.fr\/wordpress\/wp-content\/uploads\/2018\/12\/ialipciljflhjlmh-193x300.png 193w, https:\/\/janze-athletisme.fr\/wordpress\/wp-content\/uploads\/2018\/12\/ialipciljflhjlmh-1x1.png 1w, https:\/\/janze-athletisme.fr\/wordpress\/wp-content\/uploads\/2018\/12\/ialipciljflhjlmh.png 755w\" sizes=\"auto, (max-width: 709px) 100vw, 709px\" \/><\/p>\n<h1 style=\"text-align: center;\"><strong><span style=\"text-decoration: underline;\"><span style=\"color: #ff0000; text-decoration: underline;\">Championnat d\u00e9partemental MI d&rsquo;\u00e9preuves combin\u00e9es<\/span><\/span><\/strong><\/h1>\n<p><span style=\"color: #000000;\">Le lendemain, dimanche, dans cette m\u00eame salle, c&rsquo;\u00e9tait au tour des minimes de faire leurs preuves, \u00e0 l&rsquo;occasion du championnat d\u00e9partemental d&rsquo;\u00e9preuves combin\u00e9es. M\u00eame principe, avec un menu d&rsquo;\u00e9preuves diff\u00e9rent de celui des benjamins (et une table de cotation \u00e9galement diff\u00e9rente) :\u00a0<\/span><\/p>\n<p><span style=\"color: #000000;\">Nos deux MIF <strong>Azilys R.<\/strong> et <strong>Margaux B.<\/strong>\u00a0ont pu se tester sur les \u00e9preuves de la cat\u00e9gorie minimes, mais n&rsquo;ont malheureusement pas pu entrer dans le classement car il leur manquait une \u00e9preuve, en l&rsquo;occurrence le 1000m.<\/span><\/p>\n<p><span style=\"color: #000000;\">Et chez les MIG, <strong>Augustin J<\/strong>. finit \u00e0 une belle 6\u00e8me place avec 1829 points, suivi de <strong>Mathias B<\/strong>. (20\u00e8me avec 727 points) et <strong>Ma\u00ebl L<\/strong>. (26\u00e8me avec 661 points).<\/span><\/p>\n<p><span style=\"color: #000000;\">Bravo \u00e0 vous 5 ! Et merci \u00e0 Laurine C. pour le jury.<\/span><\/p>\n<p><span style=\"color: #000000;\">Voici les r\u00e9sultats en d\u00e9tail :<\/span><\/p>\n<p><img loading=\"lazy\" decoding=\"async\" class=\"aligncenter size-full wp-image-4268\" src=\"http:\/\/janze-athletisme.fr\/wordpress\/wp-content\/uploads\/2018\/12\/afblfiblhioikhhh.png\" alt=\"\" width=\"755\" height=\"474\" srcset=\"https:\/\/janze-athletisme.fr\/wordpress\/wp-content\/uploads\/2018\/12\/afblfiblhioikhhh.png 755w, https:\/\/janze-athletisme.fr\/wordpress\/wp-content\/uploads\/2018\/12\/afblfiblhioikhhh-300x188.png 300w, https:\/\/janze-athletisme.fr\/wordpress\/wp-content\/uploads\/2018\/12\/afblfiblhioikhhh-2x1.png 2w\" sizes=\"auto, (max-width: 755px) 100vw, 755px\" \/><\/p>\n<h1 style=\"text-align: center;\"><strong><span style=\"text-decoration: underline;\"><span style=\"color: #ff0000; text-decoration: underline;\">Meeting de lancers longs<\/span><\/span><\/strong><\/h1>\n<p style=\"text-align: left;\"><span style=\"color: #000000;\">Il n&rsquo;y avait pas que les \u00e9preuves combin\u00e9es ce weekend ! La preuve, <strong>Sandra L.<\/strong> est all\u00e9e lancer \u00e0 Foug\u00e8res samedi, lors du meeting de lancers longs organis\u00e9 par l&rsquo;AP Foug\u00e8res. R\u00e9sultats tr\u00e8s satisfaisants, sachant que les entra\u00eenements sont plut\u00f4t ax\u00e9s sur les courses en cette p\u00e9riode de l&rsquo;ann\u00e9e. Bravo Sandra !<\/span><\/p>\n<p style=\"text-align: left;\"><img loading=\"lazy\" decoding=\"async\" class=\"aligncenter size-full wp-image-4271\" src=\"http:\/\/janze-athletisme.fr\/wordpress\/wp-content\/uploads\/2018\/12\/unnamed.png\" alt=\"\" width=\"755\" height=\"97\" srcset=\"https:\/\/janze-athletisme.fr\/wordpress\/wp-content\/uploads\/2018\/12\/unnamed.png 755w, https:\/\/janze-athletisme.fr\/wordpress\/wp-content\/uploads\/2018\/12\/unnamed-300x39.png 300w, https:\/\/janze-athletisme.fr\/wordpress\/wp-content\/uploads\/2018\/12\/unnamed-8x1.png 8w\" sizes=\"auto, (max-width: 755px) 100vw, 755px\" \/><\/p>\n<h1 style=\"text-align: center;\"><strong><span style=\"text-decoration: underline;\"><span style=\"color: #ff0000; text-decoration: underline;\">Meeting de l&rsquo;AP Redon<\/span><\/span><\/strong><\/h1>\n<p><span style=\"color: #000000;\">A la suite du championnat minimes d&rsquo;\u00e9preuves combin\u00e9es de dimanche, le club de l&rsquo;AP Redon a propos\u00e9 un meeting \u00e0 destination des cadets et plus. L&rsquo;occasion pour 8 jeunes cadets-juniors du club d&rsquo;aller se tester dans la belle salle de Rennes, et de marquer une premi\u00e8re performance pour la plupart d&rsquo;entre eux. Ne reste plus qu&rsquo;\u00e0 battre ces perfs en janvier lors du championnat d\u00e9partemental qui aura lieu les 5 et 6 janvier !<\/span><\/p>\n<p><span style=\"color: #000000;\">Merci en particulier \u00e0 Isabelle L. et C\u00e9line D. pour le jury.<\/span><\/p>\n<p><img loading=\"lazy\" decoding=\"async\" class=\"aligncenter size-full wp-image-4266\" src=\"http:\/\/janze-athletisme.fr\/wordpress\/wp-content\/uploads\/2018\/12\/imcidljklkgfhdda.png\" alt=\"\" width=\"754\" height=\"277\" srcset=\"https:\/\/janze-athletisme.fr\/wordpress\/wp-content\/uploads\/2018\/12\/imcidljklkgfhdda.png 754w, https:\/\/janze-athletisme.fr\/wordpress\/wp-content\/uploads\/2018\/12\/imcidljklkgfhdda-300x110.png 300w, https:\/\/janze-athletisme.fr\/wordpress\/wp-content\/uploads\/2018\/12\/imcidljklkgfhdda-3x1.png 3w\" sizes=\"auto, (max-width: 754px) 100vw, 754px\" \/><\/p>\n","protected":false},"excerpt":{"rendered":"<p>Championnat d\u00e9partemental BE de pentathlon Samedi, quinze jeunes benjamins et benjamines de Janz\u00e9 athl\u00e9 ont d\u00e9couvert les \u00e9preuves combin\u00e9es, \u00e0 l&rsquo;occasion du championnat d\u00e9partemental de pentathlon, organis\u00e9 par notre club \u00e0 la salle Robert Poirier de Rennes. Ce qui devait \u00eatre surtout une d\u00e9couverte fut finalement une excellente prestation, avec, notamment, une \u00e9quipe de filles [&hellip;]<\/p>\n","protected":false},"author":3,"featured_media":0,"comment_status":"open","ping_status":"open","sticky":false,"template":"","format":"aside","meta":{"_uag_custom_page_level_css":"","site-sidebar-layout":"default","site-content-layout":"","ast-site-content-layout":"default","site-content-style":"default","site-sidebar-style":"default","ast-global-header-display":"","ast-banner-title-visibility":"","ast-main-header-display":"","ast-hfb-above-header-display":"","ast-hfb-below-header-display":"","ast-hfb-mobile-header-display":"","site-post-title":"","ast-breadcrumbs-content":"","ast-featured-img":"","footer-sml-layout":"","ast-disable-related-posts":"","theme-transparent-header-meta":"","adv-header-id-meta":"","stick-header-meta":"","header-above-stick-meta":"","header-main-stick-meta":"","header-below-stick-meta":"","astra-migrate-meta-layouts":"default","ast-page-background-enabled":"default","ast-page-background-meta":{"desktop":{"background-color":"var(--ast-global-color-4)","background-image":"","background-repeat":"repeat","background-position":"center center","background-size":"auto","background-attachment":"scroll","background-type":"","background-media":"","overlay-type":"","overlay-color":"","overlay-opacity":"","overlay-gradient":""},"tablet":{"background-color":"","background-image":"","background-repeat":"repeat","background-position":"center center","background-size":"auto","background-attachment":"scroll","background-type":"","background-media":"","overlay-type":"","overlay-color":"","overlay-opacity":"","overlay-gradient":""},"mobile":{"background-color":"","background-image":"","background-repeat":"repeat","background-position":"center center","background-size":"auto","background-attachment":"scroll","background-type":"","background-media":"","overlay-type":"","overlay-color":"","overlay-opacity":"","overlay-gradient":""}},"ast-content-background-meta":{"desktop":{"background-color":"var(--ast-global-color-5)","background-image":"","background-repeat":"repeat","background-position":"center center","background-size":"auto","background-attachment":"scroll","background-type":"","background-media":"","overlay-type":"","overlay-color":"","overlay-opacity":"","overlay-gradient":""},"tablet":{"background-color":"var(--ast-global-color-5)","background-image":"","background-repeat":"repeat","background-position":"center center","background-size":"auto","background-attachment":"scroll","background-type":"","background-media":"","overlay-type":"","overlay-color":"","overlay-opacity":"","overlay-gradient":""},"mobile":{"background-color":"var(--ast-global-color-5)","background-image":"","background-repeat":"repeat","background-position":"center center","background-size":"auto","background-attachment":"scroll","background-type":"","background-media":"","overlay-type":"","overlay-color":"","overlay-opacity":"","overlay-gradient":""}},"footnotes":""},"categories":[6],"tags":[],"class_list":["post-4261","post","type-post","status-publish","format-aside","hentry","category-sections","post_format-post-format-aside"],"yoast_head":"<!-- This site is optimized with the Yoast SEO plugin v27.4 - https:\/\/yoast.com\/product\/yoast-seo-wordpress\/ -->\n<title>WE du 08 et 09.12.18 - Janz\u00e9 Athl\u00e9tisme<\/title>\n<meta name=\"robots\" content=\"index, follow, max-snippet:-1, max-image-preview:large, max-video-preview:-1\" \/>\n<link rel=\"canonical\" href=\"https:\/\/janze-athletisme.fr\/wordpress\/we-08-09-12-18\/\" \/>\n<meta property=\"og:locale\" content=\"fr_FR\" \/>\n<meta property=\"og:type\" content=\"article\" \/>\n<meta property=\"og:title\" content=\"WE du 08 et 09.12.18 - Janz\u00e9 Athl\u00e9tisme\" \/>\n<meta property=\"og:description\" content=\"Championnat d\u00e9partemental BE de pentathlon Samedi, quinze jeunes benjamins et benjamines de Janz\u00e9 athl\u00e9 ont d\u00e9couvert les \u00e9preuves combin\u00e9es, \u00e0 l&rsquo;occasion du championnat d\u00e9partemental de pentathlon, organis\u00e9 par notre club \u00e0 la salle Robert Poirier de Rennes. Ce qui devait \u00eatre surtout une d\u00e9couverte fut finalement une excellente prestation, avec, notamment, une \u00e9quipe de filles [&hellip;]\" \/>\n<meta property=\"og:url\" content=\"https:\/\/janze-athletisme.fr\/wordpress\/we-08-09-12-18\/\" \/>\n<meta property=\"og:site_name\" content=\"Janz\u00e9 Athl\u00e9tisme\" \/>\n<meta property=\"article:publisher\" content=\"https:\/\/www.facebook.com\/groups\/1007964579346590\" \/>\n<meta property=\"article:published_time\" content=\"2018-12-12T21:25:32+00:00\" \/>\n<meta property=\"article:modified_time\" content=\"2018-12-13T19:58:43+00:00\" \/>\n<meta property=\"og:image\" content=\"http:\/\/janze-athletisme.fr\/wordpress\/wp-content\/uploads\/2018\/12\/P1100096-1024x768.jpg\" \/>\n<meta name=\"author\" content=\"Fr\u00e9d\u00e9ric Graye\" \/>\n<meta name=\"twitter:card\" content=\"summary_large_image\" \/>\n<meta name=\"twitter:label1\" content=\"\u00c9crit par\" \/>\n\t<meta name=\"twitter:data1\" content=\"Fr\u00e9d\u00e9ric Graye\" \/>\n\t<meta name=\"twitter:label2\" content=\"Dur\u00e9e de lecture estim\u00e9e\" \/>\n\t<meta name=\"twitter:data2\" content=\"3 minutes\" \/>\n<script type=\"application\/ld+json\" class=\"yoast-schema-graph\">{\"@context\":\"https:\\\/\\\/schema.org\",\"@graph\":[{\"@type\":\"Article\",\"@id\":\"https:\\\/\\\/janze-athletisme.fr\\\/wordpress\\\/we-08-09-12-18\\\/#article\",\"isPartOf\":{\"@id\":\"https:\\\/\\\/janze-athletisme.fr\\\/wordpress\\\/we-08-09-12-18\\\/\"},\"author\":{\"name\":\"Fr\u00e9d\u00e9ric Graye\",\"@id\":\"https:\\\/\\\/janze-athletisme.fr\\\/wordpress\\\/#\\\/schema\\\/person\\\/d0d91611dc85e1635e00511152f92f6c\"},\"headline\":\"WE du 08 et 09.12.18\",\"datePublished\":\"2018-12-12T21:25:32+00:00\",\"dateModified\":\"2018-12-13T19:58:43+00:00\",\"mainEntityOfPage\":{\"@id\":\"https:\\\/\\\/janze-athletisme.fr\\\/wordpress\\\/we-08-09-12-18\\\/\"},\"wordCount\":678,\"commentCount\":0,\"publisher\":{\"@id\":\"https:\\\/\\\/janze-athletisme.fr\\\/wordpress\\\/#organization\"},\"image\":{\"@id\":\"https:\\\/\\\/janze-athletisme.fr\\\/wordpress\\\/we-08-09-12-18\\\/#primaryimage\"},\"thumbnailUrl\":\"http:\\\/\\\/janze-athletisme.fr\\\/wordpress\\\/wp-content\\\/uploads\\\/2018\\\/12\\\/P1100096-1024x768.jpg\",\"articleSection\":[\"Le club au jour le jour\"],\"inLanguage\":\"fr-FR\",\"potentialAction\":[{\"@type\":\"CommentAction\",\"name\":\"Comment\",\"target\":[\"https:\\\/\\\/janze-athletisme.fr\\\/wordpress\\\/we-08-09-12-18\\\/#respond\"]}]},{\"@type\":\"WebPage\",\"@id\":\"https:\\\/\\\/janze-athletisme.fr\\\/wordpress\\\/we-08-09-12-18\\\/\",\"url\":\"https:\\\/\\\/janze-athletisme.fr\\\/wordpress\\\/we-08-09-12-18\\\/\",\"name\":\"WE du 08 et 09.12.18 - Janz\u00e9 Athl\u00e9tisme\",\"isPartOf\":{\"@id\":\"https:\\\/\\\/janze-athletisme.fr\\\/wordpress\\\/#website\"},\"primaryImageOfPage\":{\"@id\":\"https:\\\/\\\/janze-athletisme.fr\\\/wordpress\\\/we-08-09-12-18\\\/#primaryimage\"},\"image\":{\"@id\":\"https:\\\/\\\/janze-athletisme.fr\\\/wordpress\\\/we-08-09-12-18\\\/#primaryimage\"},\"thumbnailUrl\":\"http:\\\/\\\/janze-athletisme.fr\\\/wordpress\\\/wp-content\\\/uploads\\\/2018\\\/12\\\/P1100096-1024x768.jpg\",\"datePublished\":\"2018-12-12T21:25:32+00:00\",\"dateModified\":\"2018-12-13T19:58:43+00:00\",\"breadcrumb\":{\"@id\":\"https:\\\/\\\/janze-athletisme.fr\\\/wordpress\\\/we-08-09-12-18\\\/#breadcrumb\"},\"inLanguage\":\"fr-FR\",\"potentialAction\":[{\"@type\":\"ReadAction\",\"target\":[\"https:\\\/\\\/janze-athletisme.fr\\\/wordpress\\\/we-08-09-12-18\\\/\"]}]},{\"@type\":\"ImageObject\",\"inLanguage\":\"fr-FR\",\"@id\":\"https:\\\/\\\/janze-athletisme.fr\\\/wordpress\\\/we-08-09-12-18\\\/#primaryimage\",\"url\":\"http:\\\/\\\/janze-athletisme.fr\\\/wordpress\\\/wp-content\\\/uploads\\\/2018\\\/12\\\/P1100096-1024x768.jpg\",\"contentUrl\":\"http:\\\/\\\/janze-athletisme.fr\\\/wordpress\\\/wp-content\\\/uploads\\\/2018\\\/12\\\/P1100096-1024x768.jpg\"},{\"@type\":\"BreadcrumbList\",\"@id\":\"https:\\\/\\\/janze-athletisme.fr\\\/wordpress\\\/we-08-09-12-18\\\/#breadcrumb\",\"itemListElement\":[{\"@type\":\"ListItem\",\"position\":1,\"name\":\"Accueil\",\"item\":\"https:\\\/\\\/janze-athletisme.fr\\\/wordpress\\\/\"},{\"@type\":\"ListItem\",\"position\":2,\"name\":\"WE du 08 et 09.12.18\"}]},{\"@type\":\"WebSite\",\"@id\":\"https:\\\/\\\/janze-athletisme.fr\\\/wordpress\\\/#website\",\"url\":\"https:\\\/\\\/janze-athletisme.fr\\\/wordpress\\\/\",\"name\":\"Janz\u00e9 Athl\u00e9tisme\",\"description\":\"Pays de La Roche aux F\u00e9es\",\"publisher\":{\"@id\":\"https:\\\/\\\/janze-athletisme.fr\\\/wordpress\\\/#organization\"},\"potentialAction\":[{\"@type\":\"SearchAction\",\"target\":{\"@type\":\"EntryPoint\",\"urlTemplate\":\"https:\\\/\\\/janze-athletisme.fr\\\/wordpress\\\/?s={search_term_string}\"},\"query-input\":{\"@type\":\"PropertyValueSpecification\",\"valueRequired\":true,\"valueName\":\"search_term_string\"}}],\"inLanguage\":\"fr-FR\"},{\"@type\":\"Organization\",\"@id\":\"https:\\\/\\\/janze-athletisme.fr\\\/wordpress\\\/#organization\",\"name\":\"Janz\u00e9 Athl\u00e9tisme\",\"url\":\"https:\\\/\\\/janze-athletisme.fr\\\/wordpress\\\/\",\"logo\":{\"@type\":\"ImageObject\",\"inLanguage\":\"fr-FR\",\"@id\":\"https:\\\/\\\/janze-athletisme.fr\\\/wordpress\\\/#\\\/schema\\\/logo\\\/image\\\/\",\"url\":\"https:\\\/\\\/janze-athletisme.fr\\\/wordpress\\\/wp-content\\\/uploads\\\/2015\\\/03\\\/logo-full1.jpg\",\"contentUrl\":\"https:\\\/\\\/janze-athletisme.fr\\\/wordpress\\\/wp-content\\\/uploads\\\/2015\\\/03\\\/logo-full1.jpg\",\"width\":437,\"height\":205,\"caption\":\"Janz\u00e9 Athl\u00e9tisme\"},\"image\":{\"@id\":\"https:\\\/\\\/janze-athletisme.fr\\\/wordpress\\\/#\\\/schema\\\/logo\\\/image\\\/\"},\"sameAs\":[\"https:\\\/\\\/www.facebook.com\\\/groups\\\/1007964579346590\"]},{\"@type\":\"Person\",\"@id\":\"https:\\\/\\\/janze-athletisme.fr\\\/wordpress\\\/#\\\/schema\\\/person\\\/d0d91611dc85e1635e00511152f92f6c\",\"name\":\"Fr\u00e9d\u00e9ric Graye\",\"image\":{\"@type\":\"ImageObject\",\"inLanguage\":\"fr-FR\",\"@id\":\"https:\\\/\\\/secure.gravatar.com\\\/avatar\\\/3c698f3bb9d0e9fd7adcea83ce599a75775b1f86e450228044b2d9c172b90db8?s=96&d=mm&r=g\",\"url\":\"https:\\\/\\\/secure.gravatar.com\\\/avatar\\\/3c698f3bb9d0e9fd7adcea83ce599a75775b1f86e450228044b2d9c172b90db8?s=96&d=mm&r=g\",\"contentUrl\":\"https:\\\/\\\/secure.gravatar.com\\\/avatar\\\/3c698f3bb9d0e9fd7adcea83ce599a75775b1f86e450228044b2d9c172b90db8?s=96&d=mm&r=g\",\"caption\":\"Fr\u00e9d\u00e9ric Graye\"},\"url\":\"https:\\\/\\\/janze-athletisme.fr\\\/wordpress\\\/author\\\/jathe_adm\\\/\"}]}<\/script>\n<!-- \/ Yoast SEO plugin. -->","yoast_head_json":{"title":"WE du 08 et 09.12.18 - Janz\u00e9 Athl\u00e9tisme","robots":{"index":"index","follow":"follow","max-snippet":"max-snippet:-1","max-image-preview":"max-image-preview:large","max-video-preview":"max-video-preview:-1"},"canonical":"https:\/\/janze-athletisme.fr\/wordpress\/we-08-09-12-18\/","og_locale":"fr_FR","og_type":"article","og_title":"WE du 08 et 09.12.18 - Janz\u00e9 Athl\u00e9tisme","og_description":"Championnat d\u00e9partemental BE de pentathlon Samedi, quinze jeunes benjamins et benjamines de Janz\u00e9 athl\u00e9 ont d\u00e9couvert les \u00e9preuves combin\u00e9es, \u00e0 l&rsquo;occasion du championnat d\u00e9partemental de pentathlon, organis\u00e9 par notre club \u00e0 la salle Robert Poirier de Rennes. Ce qui devait \u00eatre surtout une d\u00e9couverte fut finalement une excellente prestation, avec, notamment, une \u00e9quipe de filles [&hellip;]","og_url":"https:\/\/janze-athletisme.fr\/wordpress\/we-08-09-12-18\/","og_site_name":"Janz\u00e9 Athl\u00e9tisme","article_publisher":"https:\/\/www.facebook.com\/groups\/1007964579346590","article_published_time":"2018-12-12T21:25:32+00:00","article_modified_time":"2018-12-13T19:58:43+00:00","og_image":[{"url":"http:\/\/janze-athletisme.fr\/wordpress\/wp-content\/uploads\/2018\/12\/P1100096-1024x768.jpg","type":"","width":"","height":""}],"author":"Fr\u00e9d\u00e9ric Graye","twitter_card":"summary_large_image","twitter_misc":{"\u00c9crit par":"Fr\u00e9d\u00e9ric Graye","Dur\u00e9e de lecture estim\u00e9e":"3 minutes"},"schema":{"@context":"https:\/\/schema.org","@graph":[{"@type":"Article","@id":"https:\/\/janze-athletisme.fr\/wordpress\/we-08-09-12-18\/#article","isPartOf":{"@id":"https:\/\/janze-athletisme.fr\/wordpress\/we-08-09-12-18\/"},"author":{"name":"Fr\u00e9d\u00e9ric Graye","@id":"https:\/\/janze-athletisme.fr\/wordpress\/#\/schema\/person\/d0d91611dc85e1635e00511152f92f6c"},"headline":"WE du 08 et 09.12.18","datePublished":"2018-12-12T21:25:32+00:00","dateModified":"2018-12-13T19:58:43+00:00","mainEntityOfPage":{"@id":"https:\/\/janze-athletisme.fr\/wordpress\/we-08-09-12-18\/"},"wordCount":678,"commentCount":0,"publisher":{"@id":"https:\/\/janze-athletisme.fr\/wordpress\/#organization"},"image":{"@id":"https:\/\/janze-athletisme.fr\/wordpress\/we-08-09-12-18\/#primaryimage"},"thumbnailUrl":"http:\/\/janze-athletisme.fr\/wordpress\/wp-content\/uploads\/2018\/12\/P1100096-1024x768.jpg","articleSection":["Le club au jour le jour"],"inLanguage":"fr-FR","potentialAction":[{"@type":"CommentAction","name":"Comment","target":["https:\/\/janze-athletisme.fr\/wordpress\/we-08-09-12-18\/#respond"]}]},{"@type":"WebPage","@id":"https:\/\/janze-athletisme.fr\/wordpress\/we-08-09-12-18\/","url":"https:\/\/janze-athletisme.fr\/wordpress\/we-08-09-12-18\/","name":"WE du 08 et 09.12.18 - Janz\u00e9 Athl\u00e9tisme","isPartOf":{"@id":"https:\/\/janze-athletisme.fr\/wordpress\/#website"},"primaryImageOfPage":{"@id":"https:\/\/janze-athletisme.fr\/wordpress\/we-08-09-12-18\/#primaryimage"},"image":{"@id":"https:\/\/janze-athletisme.fr\/wordpress\/we-08-09-12-18\/#primaryimage"},"thumbnailUrl":"http:\/\/janze-athletisme.fr\/wordpress\/wp-content\/uploads\/2018\/12\/P1100096-1024x768.jpg","datePublished":"2018-12-12T21:25:32+00:00","dateModified":"2018-12-13T19:58:43+00:00","breadcrumb":{"@id":"https:\/\/janze-athletisme.fr\/wordpress\/we-08-09-12-18\/#breadcrumb"},"inLanguage":"fr-FR","potentialAction":[{"@type":"ReadAction","target":["https:\/\/janze-athletisme.fr\/wordpress\/we-08-09-12-18\/"]}]},{"@type":"ImageObject","inLanguage":"fr-FR","@id":"https:\/\/janze-athletisme.fr\/wordpress\/we-08-09-12-18\/#primaryimage","url":"http:\/\/janze-athletisme.fr\/wordpress\/wp-content\/uploads\/2018\/12\/P1100096-1024x768.jpg","contentUrl":"http:\/\/janze-athletisme.fr\/wordpress\/wp-content\/uploads\/2018\/12\/P1100096-1024x768.jpg"},{"@type":"BreadcrumbList","@id":"https:\/\/janze-athletisme.fr\/wordpress\/we-08-09-12-18\/#breadcrumb","itemListElement":[{"@type":"ListItem","position":1,"name":"Accueil","item":"https:\/\/janze-athletisme.fr\/wordpress\/"},{"@type":"ListItem","position":2,"name":"WE du 08 et 09.12.18"}]},{"@type":"WebSite","@id":"https:\/\/janze-athletisme.fr\/wordpress\/#website","url":"https:\/\/janze-athletisme.fr\/wordpress\/","name":"Janz\u00e9 Athl\u00e9tisme","description":"Pays de La Roche aux F\u00e9es","publisher":{"@id":"https:\/\/janze-athletisme.fr\/wordpress\/#organization"},"potentialAction":[{"@type":"SearchAction","target":{"@type":"EntryPoint","urlTemplate":"https:\/\/janze-athletisme.fr\/wordpress\/?s={search_term_string}"},"query-input":{"@type":"PropertyValueSpecification","valueRequired":true,"valueName":"search_term_string"}}],"inLanguage":"fr-FR"},{"@type":"Organization","@id":"https:\/\/janze-athletisme.fr\/wordpress\/#organization","name":"Janz\u00e9 Athl\u00e9tisme","url":"https:\/\/janze-athletisme.fr\/wordpress\/","logo":{"@type":"ImageObject","inLanguage":"fr-FR","@id":"https:\/\/janze-athletisme.fr\/wordpress\/#\/schema\/logo\/image\/","url":"https:\/\/janze-athletisme.fr\/wordpress\/wp-content\/uploads\/2015\/03\/logo-full1.jpg","contentUrl":"https:\/\/janze-athletisme.fr\/wordpress\/wp-content\/uploads\/2015\/03\/logo-full1.jpg","width":437,"height":205,"caption":"Janz\u00e9 Athl\u00e9tisme"},"image":{"@id":"https:\/\/janze-athletisme.fr\/wordpress\/#\/schema\/logo\/image\/"},"sameAs":["https:\/\/www.facebook.com\/groups\/1007964579346590"]},{"@type":"Person","@id":"https:\/\/janze-athletisme.fr\/wordpress\/#\/schema\/person\/d0d91611dc85e1635e00511152f92f6c","name":"Fr\u00e9d\u00e9ric Graye","image":{"@type":"ImageObject","inLanguage":"fr-FR","@id":"https:\/\/secure.gravatar.com\/avatar\/3c698f3bb9d0e9fd7adcea83ce599a75775b1f86e450228044b2d9c172b90db8?s=96&d=mm&r=g","url":"https:\/\/secure.gravatar.com\/avatar\/3c698f3bb9d0e9fd7adcea83ce599a75775b1f86e450228044b2d9c172b90db8?s=96&d=mm&r=g","contentUrl":"https:\/\/secure.gravatar.com\/avatar\/3c698f3bb9d0e9fd7adcea83ce599a75775b1f86e450228044b2d9c172b90db8?s=96&d=mm&r=g","caption":"Fr\u00e9d\u00e9ric Graye"},"url":"https:\/\/janze-athletisme.fr\/wordpress\/author\/jathe_adm\/"}]}},"uagb_featured_image_src":{"full":false,"thumbnail":false,"medium":false,"medium_large":false,"large":false,"1536x1536":false,"2048x2048":false},"uagb_author_info":{"display_name":"Fr\u00e9d\u00e9ric Graye","author_link":"https:\/\/janze-athletisme.fr\/wordpress\/author\/jathe_adm\/"},"uagb_comment_info":0,"uagb_excerpt":"Championnat d\u00e9partemental BE de pentathlon Samedi, quinze jeunes benjamins et benjamines de Janz\u00e9 athl\u00e9 ont d\u00e9couvert les \u00e9preuves combin\u00e9es, \u00e0 l&rsquo;occasion du championnat d\u00e9partemental de pentathlon, organis\u00e9 par notre club \u00e0 la salle Robert Poirier de Rennes. Ce qui devait \u00eatre surtout une d\u00e9couverte fut finalement une excellente prestation, avec, notamment, une \u00e9quipe de filles\u2026","_links":{"self":[{"href":"https:\/\/janze-athletisme.fr\/wordpress\/wp-json\/wp\/v2\/posts\/4261","targetHints":{"allow":["GET"]}}],"collection":[{"href":"https:\/\/janze-athletisme.fr\/wordpress\/wp-json\/wp\/v2\/posts"}],"about":[{"href":"https:\/\/janze-athletisme.fr\/wordpress\/wp-json\/wp\/v2\/types\/post"}],"author":[{"embeddable":true,"href":"https:\/\/janze-athletisme.fr\/wordpress\/wp-json\/wp\/v2\/users\/3"}],"replies":[{"embeddable":true,"href":"https:\/\/janze-athletisme.fr\/wordpress\/wp-json\/wp\/v2\/comments?post=4261"}],"version-history":[{"count":7,"href":"https:\/\/janze-athletisme.fr\/wordpress\/wp-json\/wp\/v2\/posts\/4261\/revisions"}],"predecessor-version":[{"id":4272,"href":"https:\/\/janze-athletisme.fr\/wordpress\/wp-json\/wp\/v2\/posts\/4261\/revisions\/4272"}],"wp:attachment":[{"href":"https:\/\/janze-athletisme.fr\/wordpress\/wp-json\/wp\/v2\/media?parent=4261"}],"wp:term":[{"taxonomy":"category","embeddable":true,"href":"https:\/\/janze-athletisme.fr\/wordpress\/wp-json\/wp\/v2\/categories?post=4261"},{"taxonomy":"post_tag","embeddable":true,"href":"https:\/\/janze-athletisme.fr\/wordpress\/wp-json\/wp\/v2\/tags?post=4261"}],"curies":[{"name":"wp","href":"https:\/\/api.w.org\/{rel}","templated":true}]}}