{"id":3957,"date":"2018-09-18T00:54:49","date_gmt":"2018-09-17T22:54:49","guid":{"rendered":"http:\/\/janze-athletisme.fr\/wordpress\/?p=3957"},"modified":"2018-09-18T00:54:49","modified_gmt":"2018-09-17T22:54:49","slug":"inauguration-de-piste-15-09-18","status":"publish","type":"post","link":"https:\/\/janze-athletisme.fr\/wordpress\/inauguration-de-piste-15-09-18\/","title":{"rendered":"Inauguration de la piste &#8211; 15.09.18"},"content":{"rendered":"<h1 style=\"text-align: center;\"><span style=\"text-decoration: underline;\"><span style=\"color: #ff0000; text-decoration: underline;\">Inauguration de la piste<\/span><\/span><\/h1>\n<h3 style=\"text-align: center;\"><span style=\"text-decoration: underline;\"><span style=\"color: #ff0000; text-decoration: underline;\">&#8211; Samedi 15 septembre 2018 &#8211;<\/span><\/span><\/h3>\n<p><img loading=\"lazy\" decoding=\"async\" class=\"aligncenter\" src=\"https:\/\/lh3.googleusercontent.com\/s131j7qwKMJzbBnto_p6S8L4S8PcAR94EkWZttHueYSNqCJRbe7WdhmsRVdLJ7eTnj4aXxRLETTdsHJHgpduYKJkHRhnld2NM1HshofRMhm_5pFSnPYh21_Fq6SOJegSD4YU5_R8SKfGD8X56bU-9GhkU_L3X74JpmOlVg9-xy0hNmIoISFL2H5DwM4vxkG8Q8FcQ4dpw8SGCC9-6wHEjxdrArDZOBGnKKJCi1agT1xTRR5yIBq5sxSSmVEQZECnspGunnGg80bqrlE4EiAUwjcLZeEWc9UQbN4gwGIaH0Zmn-29Q8W3QzD-L3p0PG1s-QZFcePdaKmIPLRUKkovV87N9m7h94r8sRGjXw4ZzHXFMdBPRy2cGjp77ijZbVP1lElJ9ULdkca2Z3O0ZcmJYNxX45nCX9cPdBa-xjD-Ql3oxhE_7EI7v9j1Od561_mxREtvd4uruwCb-rA8MObg8aRdr6l1NIin2x8z9VIOIr86HqV2GrHLSgexqwN3xeKTIDRde1gEgA-hXdrTvgbRzebEHRo9hWjnZAt3J6T1nClSY2d6HPONYP8MWId25T9RtKnhsXoDhsdX2FZoeRaQG2T0na_1darjIG8K7ksyDjgRyg0s5XGlLVCdBlS0a-hFa4ws_9teldCbZHmRycB1lNY7BuX8-PY7_v9F56ae0JKh3EsI_wLTi38nRQ=w900-h600-no\" width=\"515\" height=\"343\" \/><\/p>\n<p><span style=\"color: #000000;\">Nous avons d\u00e9couvert le stade termin\u00e9 juste avant les vacances, et lui avons d\u00e9j\u00e0 fait f\u00eate le temps d&rsquo;un samedi matin de d\u00e9but juillet pour une ultime s\u00e9ance avec les jeunes m\u00ealant parents et enfants, ceux qui \u00e9taient pr\u00e9sents s&rsquo;en souviennent sans doute. Ce fut un joyeux moment, mais pas tout \u00e0 fait \u00e0 la dimension du nouvel \u00e9quipement. Nous avons continu\u00e9 \u00e0 le fr\u00e9quenter tout l&rsquo;\u00e9t\u00e9, mais nous \u00e9tions tous impatients de le voir lanc\u00e9 officiellement, comme un bateau qui quitte son port pour la premi\u00e8re fois.<\/span><\/p>\n<div id=\":1jz\" class=\"ii gt\">\n<div id=\":1k0\" class=\"a3s aXjCH \">\n<p><span style=\"color: #000000;\">L&rsquo;inauguration organis\u00e9e samedi dernier, le 15 septembre, a permis de donner au stade et aux divers terrains et \u00e9quipements attenants cette dimension qui lui manquait encore. Les \u00e9lus de Janz\u00e9 et de La Roche aux F\u00e9es Communaut\u00e9, en lien avec le Conseil d\u00e9partemental et le comit\u00e9 d&rsquo;athl\u00e9tisme 35, ont bien fait les choses : nous \u00e9tions nombreux, public, enfants, parents, athl\u00e8tes, \u00e9lus, repr\u00e9sentants des clubs, et ce fut une matin\u00e9e tr\u00e8s sympa.<\/span><\/p>\n<p><img loading=\"lazy\" decoding=\"async\" class=\"aligncenter\" src=\"https:\/\/lh3.googleusercontent.com\/A4m7dmHGnQ05Kh0uNuTMXO52MBOPFm99nP06x4IQJIhNUYV6u7BPsPZ6Mi8O8rdWvi7NhVvY_3N_1E_HPU5GPWu3jIwmk0dRtd943yl9GY17u_EeaLTA1Qisp5yL4YYCh-2fQrAtuUM1iDjM4xWHQ2ry3rdoTe4ev6W85A5ml-tn_b9EQLvzrmJmVA627XDWYJLyxVvGzvjCt0zG4ENGNLrDtiQhtXDBzFyAVAS73Yvn1jo2KDTl8HvJ6rD0NFJjcxhYOb1vx-8DJloTFr59P9x4H72T4OomPhztwt74JBfn01zV3MJ6_cCi1bL7ytAwld8Ubhx2sNVQcYsKE3Eg_E_4ZklWv1Qz47c7N6HqQhns_Go5iF1T-ZVdhcxZdOtYyUw36BkiGVNF_GruLWGHKAvKmmtrYJ7cRXdahaGUyxgfx3qB4EWRXatHsSMY31xjKu97_kyrmIXA_AkBa8RWs5_StrMkfB0B7nxafVxHIor6eaHnFq1b9CdySc5qeD9EouMpM_OR3ceDlHICs0jVaIyInV1dy9RCTuKmx1yvx7tj1oSPgtl1gf2v0acVkFatC7HdiWaH4lRDh1dXTVcNHHDd5O1AW_fPaa1aGCpfNGiMrU0uh6LWVcSv3Itn0yFeenMu-YOppQgieSMKGqCvYfn_0SURow2Qa0zOy0pNwm61Mmenu0Ekg7yiUA=w851-h600-no\" width=\"425\" height=\"300\" \/><\/p>\n<p><span style=\"color: #000000;\">La pr\u00e9sence de Christophe Lema\u00eetre et de l&rsquo;un de ses deux entra\u00eeneurs, Thierry Tribondeau, a \u00e9t\u00e9 le gros plus de ce temps fort, \u00e0 l&rsquo;occasion de la conf\u00e9rence donn\u00e9e la veille au soir au Gentieg et de la s\u00e9ance d&rsquo;autographes et de photos \u00e0 laquelle s&rsquo;est livr\u00e9e le samedi matin notre grand champion, \u00e0 la fois simple et accessible. Un tr\u00e8s beau moment, dont les enfants en particulier devraient conserver un joyeux souvenir.<\/span><\/p>\n<p><img loading=\"lazy\" decoding=\"async\" class=\"aligncenter  wp-image-3958\" src=\"http:\/\/janze-athletisme.fr\/wordpress\/wp-content\/uploads\/2018\/09\/IMG_4465.jpg\" alt=\"\" width=\"593\" height=\"395\" srcset=\"https:\/\/janze-athletisme.fr\/wordpress\/wp-content\/uploads\/2018\/09\/IMG_4465.jpg 900w, https:\/\/janze-athletisme.fr\/wordpress\/wp-content\/uploads\/2018\/09\/IMG_4465-300x200.jpg 300w, https:\/\/janze-athletisme.fr\/wordpress\/wp-content\/uploads\/2018\/09\/IMG_4465-768x512.jpg 768w, https:\/\/janze-athletisme.fr\/wordpress\/wp-content\/uploads\/2018\/09\/IMG_4465-2x1.jpg 2w\" sizes=\"auto, (max-width: 593px) 100vw, 593px\" \/><\/p>\n<p><span style=\"color: #000000;\">Merci \u00e0 nos partenaires de Cesson et de Bain (un grand merci en particulier \u00e0 Dominique Duvigneau, qui a assur\u00e9 brillamment l&rsquo;animation des deux jours). Merci \u00e0 nos \u00e9lus, dont M. le Maire de Janz\u00e9, Hubert Paris. Merci au CDA 35 et \u00e0 son Pr\u00e9sident, Marcel Joannic. Merci aux familles et aux athl\u00e8tes pr\u00e9sents. Merci \u00e0 nos coll\u00e8gues du foot, avec qui nous partageons ces belles installations et qui ont contribu\u00e9 \u00e9galement \u00e0 la r\u00e9ussite de cette journ\u00e9e. Merci enfin, grand merci \u00e0 Christophe Lema\u00eetre et \u00e0 son entra\u00eeneur, Thierry Tribondeau, venus sp\u00e9cialement d&rsquo;Aix les Bains pour inaugurer notre stade.<\/span><\/p>\n<p><img loading=\"lazy\" decoding=\"async\" class=\"aligncenter\" src=\"https:\/\/lh3.googleusercontent.com\/JxZbKUqjkKkD1iO7G6kimkq57l-u7i5lcLdceQyXp58EYd3ej2YFLf82mU8PEWXpnR-cv-WKHFJfB7lYQ4vt21jSMuqxEgbDHFbYg0ag8cRs3ouwFy4q8GZStTjJqgxJNwVwdREA6IIEg5U_sL3NvmwqX_QokZvY0tKatwp2xbgzUNC8OYBt9jNQgtdmAT3YwZQ_dr6ArcvONK013UOrbnCD9nhb305PkZ7HgVak-jS5TEnyV2CqvjbSEsrhNPJiuGBXm12lrG3BvePp5F5nbSfbUMhSNVEyHc0r4eF1InLb-5ZlpAH_vpfXcOF-TnxukA2x6I0_vMZ8gjI6i7uQZH-4h8fnARf6uejrUVd7JW9v2RTdLmwYtJau_mxFzqPdK8fHZNLloZTgMduiBS73sB12HSCUZfYV-0aUz72tLetMUlBcTYs70Gm7yUv0VzeQib9jd5FqAM9d2kC9ptjQnR8T1qJ-7eR3vJ7FThMwSUbZog47L6YG0aRYf2tJTav_fSa_6hjWf9qwJTQC03x_OEDU-OAJfpNJbIINceotaA5clCr42unbQp67HFDod8_iLKdt6-JGxaRR3Hm9mWNF_dyiPg4zgm7kvk7nUJiMEUiFak9CuNjEGTXtDcDD2XhEm6Let4RBkkuMwKNxT2ugIjntA5vPI5geXYO0pzqLU1K_YsSKaLhV4rahew=w1145-h763-no\" width=\"444\" height=\"296\" \/><\/p>\n<p><span style=\"color: #000000;\">\u00c0 nous maintenant de faire honneur \u00e0 cette belle installation.<\/span><\/p>\n<p><span style=\"color: #000000;\"><i>Yannick Bossard, Pr\u00e9sident de Janz\u00e9 Athl\u00e9tisme.<\/i><\/span><\/p>\n<\/div>\n<div class=\"yj6qo\"><span style=\"color: #000000;\">\u00a0Les photos de cette journ\u00e9e : <a href=\"https:\/\/photos.app.goo.gl\/1MUF9acZJHdunUmTA\"><strong><span style=\"text-decoration: underline;\"><span style=\"color: #ff0000; text-decoration: underline;\">CLIC !!!<\/span><\/span><\/strong><\/a><\/span><\/div>\n<\/div>\n<div id=\":1ce\" class=\"hq gt\"><span style=\"color: #000000;\">\u00a0<\/span><\/div>\n","protected":false},"excerpt":{"rendered":"<p>Inauguration de la piste &#8211; Samedi 15 septembre 2018 &#8211; Nous avons d\u00e9couvert le stade termin\u00e9 juste avant les vacances, et lui avons d\u00e9j\u00e0 fait f\u00eate le temps d&rsquo;un samedi matin de d\u00e9but juillet pour une ultime s\u00e9ance avec les jeunes m\u00ealant parents et enfants, ceux qui \u00e9taient pr\u00e9sents s&rsquo;en souviennent sans doute. Ce fut [&hellip;]<\/p>\n","protected":false},"author":3,"featured_media":0,"comment_status":"open","ping_status":"open","sticky":false,"template":"","format":"aside","meta":{"_uag_custom_page_level_css":"","site-sidebar-layout":"default","site-content-layout":"","ast-site-content-layout":"default","site-content-style":"default","site-sidebar-style":"default","ast-global-header-display":"","ast-banner-title-visibility":"","ast-main-header-display":"","ast-hfb-above-header-display":"","ast-hfb-below-header-display":"","ast-hfb-mobile-header-display":"","site-post-title":"","ast-breadcrumbs-content":"","ast-featured-img":"","footer-sml-layout":"","ast-disable-related-posts":"","theme-transparent-header-meta":"","adv-header-id-meta":"","stick-header-meta":"","header-above-stick-meta":"","header-main-stick-meta":"","header-below-stick-meta":"","astra-migrate-meta-layouts":"default","ast-page-background-enabled":"default","ast-page-background-meta":{"desktop":{"background-color":"var(--ast-global-color-4)","background-image":"","background-repeat":"repeat","background-position":"center center","background-size":"auto","background-attachment":"scroll","background-type":"","background-media":"","overlay-type":"","overlay-color":"","overlay-opacity":"","overlay-gradient":""},"tablet":{"background-color":"","background-image":"","background-repeat":"repeat","background-position":"center center","background-size":"auto","background-attachment":"scroll","background-type":"","background-media":"","overlay-type":"","overlay-color":"","overlay-opacity":"","overlay-gradient":""},"mobile":{"background-color":"","background-image":"","background-repeat":"repeat","background-position":"center center","background-size":"auto","background-attachment":"scroll","background-type":"","background-media":"","overlay-type":"","overlay-color":"","overlay-opacity":"","overlay-gradient":""}},"ast-content-background-meta":{"desktop":{"background-color":"var(--ast-global-color-5)","background-image":"","background-repeat":"repeat","background-position":"center center","background-size":"auto","background-attachment":"scroll","background-type":"","background-media":"","overlay-type":"","overlay-color":"","overlay-opacity":"","overlay-gradient":""},"tablet":{"background-color":"var(--ast-global-color-5)","background-image":"","background-repeat":"repeat","background-position":"center center","background-size":"auto","background-attachment":"scroll","background-type":"","background-media":"","overlay-type":"","overlay-color":"","overlay-opacity":"","overlay-gradient":""},"mobile":{"background-color":"var(--ast-global-color-5)","background-image":"","background-repeat":"repeat","background-position":"center center","background-size":"auto","background-attachment":"scroll","background-type":"","background-media":"","overlay-type":"","overlay-color":"","overlay-opacity":"","overlay-gradient":""}},"footnotes":""},"categories":[6],"tags":[],"class_list":["post-3957","post","type-post","status-publish","format-aside","hentry","category-sections","post_format-post-format-aside"],"yoast_head":"<!-- This site is optimized with the Yoast SEO plugin v27.4 - https:\/\/yoast.com\/product\/yoast-seo-wordpress\/ -->\n<title>Inauguration de la piste - 15.09.18 - Janz\u00e9 Athl\u00e9tisme<\/title>\n<meta name=\"robots\" content=\"index, follow, max-snippet:-1, max-image-preview:large, max-video-preview:-1\" \/>\n<link rel=\"canonical\" href=\"https:\/\/janze-athletisme.fr\/wordpress\/inauguration-de-piste-15-09-18\/\" \/>\n<meta property=\"og:locale\" content=\"fr_FR\" \/>\n<meta property=\"og:type\" content=\"article\" \/>\n<meta property=\"og:title\" content=\"Inauguration de la piste - 15.09.18 - Janz\u00e9 Athl\u00e9tisme\" \/>\n<meta property=\"og:description\" content=\"Inauguration de la piste &#8211; Samedi 15 septembre 2018 &#8211; Nous avons d\u00e9couvert le stade termin\u00e9 juste avant les vacances, et lui avons d\u00e9j\u00e0 fait f\u00eate le temps d&rsquo;un samedi matin de d\u00e9but juillet pour une ultime s\u00e9ance avec les jeunes m\u00ealant parents et enfants, ceux qui \u00e9taient pr\u00e9sents s&rsquo;en souviennent sans doute. Ce fut [&hellip;]\" \/>\n<meta property=\"og:url\" content=\"https:\/\/janze-athletisme.fr\/wordpress\/inauguration-de-piste-15-09-18\/\" \/>\n<meta property=\"og:site_name\" content=\"Janz\u00e9 Athl\u00e9tisme\" \/>\n<meta property=\"article:publisher\" content=\"https:\/\/www.facebook.com\/groups\/1007964579346590\" \/>\n<meta property=\"article:published_time\" content=\"2018-09-17T22:54:49+00:00\" \/>\n<meta property=\"og:image\" content=\"https:\/\/lh3.googleusercontent.com\/s131j7qwKMJzbBnto_p6S8L4S8PcAR94EkWZttHueYSNqCJRbe7WdhmsRVdLJ7eTnj4aXxRLETTdsHJHgpduYKJkHRhnld2NM1HshofRMhm_5pFSnPYh21_Fq6SOJegSD4YU5_R8SKfGD8X56bU-9GhkU_L3X74JpmOlVg9-xy0hNmIoISFL2H5DwM4vxkG8Q8FcQ4dpw8SGCC9-6wHEjxdrArDZOBGnKKJCi1agT1xTRR5yIBq5sxSSmVEQZECnspGunnGg80bqrlE4EiAUwjcLZeEWc9UQbN4gwGIaH0Zmn-29Q8W3QzD-L3p0PG1s-QZFcePdaKmIPLRUKkovV87N9m7h94r8sRGjXw4ZzHXFMdBPRy2cGjp77ijZbVP1lElJ9ULdkca2Z3O0ZcmJYNxX45nCX9cPdBa-xjD-Ql3oxhE_7EI7v9j1Od561_mxREtvd4uruwCb-rA8MObg8aRdr6l1NIin2x8z9VIOIr86HqV2GrHLSgexqwN3xeKTIDRde1gEgA-hXdrTvgbRzebEHRo9hWjnZAt3J6T1nClSY2d6HPONYP8MWId25T9RtKnhsXoDhsdX2FZoeRaQG2T0na_1darjIG8K7ksyDjgRyg0s5XGlLVCdBlS0a-hFa4ws_9teldCbZHmRycB1lNY7BuX8-PY7_v9F56ae0JKh3EsI_wLTi38nRQ=w900-h600-no\" \/>\n<meta name=\"author\" content=\"Fr\u00e9d\u00e9ric Graye\" \/>\n<meta name=\"twitter:card\" content=\"summary_large_image\" \/>\n<meta name=\"twitter:label1\" content=\"\u00c9crit par\" \/>\n\t<meta name=\"twitter:data1\" content=\"Fr\u00e9d\u00e9ric Graye\" \/>\n\t<meta name=\"twitter:label2\" content=\"Dur\u00e9e de lecture estim\u00e9e\" \/>\n\t<meta name=\"twitter:data2\" content=\"2 minutes\" \/>\n<script type=\"application\/ld+json\" class=\"yoast-schema-graph\">{\"@context\":\"https:\\\/\\\/schema.org\",\"@graph\":[{\"@type\":\"Article\",\"@id\":\"https:\\\/\\\/janze-athletisme.fr\\\/wordpress\\\/inauguration-de-piste-15-09-18\\\/#article\",\"isPartOf\":{\"@id\":\"https:\\\/\\\/janze-athletisme.fr\\\/wordpress\\\/inauguration-de-piste-15-09-18\\\/\"},\"author\":{\"name\":\"Fr\u00e9d\u00e9ric Graye\",\"@id\":\"https:\\\/\\\/janze-athletisme.fr\\\/wordpress\\\/#\\\/schema\\\/person\\\/d0d91611dc85e1635e00511152f92f6c\"},\"headline\":\"Inauguration de la piste &#8211; 15.09.18\",\"datePublished\":\"2018-09-17T22:54:49+00:00\",\"mainEntityOfPage\":{\"@id\":\"https:\\\/\\\/janze-athletisme.fr\\\/wordpress\\\/inauguration-de-piste-15-09-18\\\/\"},\"wordCount\":396,\"commentCount\":0,\"publisher\":{\"@id\":\"https:\\\/\\\/janze-athletisme.fr\\\/wordpress\\\/#organization\"},\"image\":{\"@id\":\"https:\\\/\\\/janze-athletisme.fr\\\/wordpress\\\/inauguration-de-piste-15-09-18\\\/#primaryimage\"},\"thumbnailUrl\":\"https:\\\/\\\/lh3.googleusercontent.com\\\/s131j7qwKMJzbBnto_p6S8L4S8PcAR94EkWZttHueYSNqCJRbe7WdhmsRVdLJ7eTnj4aXxRLETTdsHJHgpduYKJkHRhnld2NM1HshofRMhm_5pFSnPYh21_Fq6SOJegSD4YU5_R8SKfGD8X56bU-9GhkU_L3X74JpmOlVg9-xy0hNmIoISFL2H5DwM4vxkG8Q8FcQ4dpw8SGCC9-6wHEjxdrArDZOBGnKKJCi1agT1xTRR5yIBq5sxSSmVEQZECnspGunnGg80bqrlE4EiAUwjcLZeEWc9UQbN4gwGIaH0Zmn-29Q8W3QzD-L3p0PG1s-QZFcePdaKmIPLRUKkovV87N9m7h94r8sRGjXw4ZzHXFMdBPRy2cGjp77ijZbVP1lElJ9ULdkca2Z3O0ZcmJYNxX45nCX9cPdBa-xjD-Ql3oxhE_7EI7v9j1Od561_mxREtvd4uruwCb-rA8MObg8aRdr6l1NIin2x8z9VIOIr86HqV2GrHLSgexqwN3xeKTIDRde1gEgA-hXdrTvgbRzebEHRo9hWjnZAt3J6T1nClSY2d6HPONYP8MWId25T9RtKnhsXoDhsdX2FZoeRaQG2T0na_1darjIG8K7ksyDjgRyg0s5XGlLVCdBlS0a-hFa4ws_9teldCbZHmRycB1lNY7BuX8-PY7_v9F56ae0JKh3EsI_wLTi38nRQ=w900-h600-no\",\"articleSection\":[\"Le club au jour le jour\"],\"inLanguage\":\"fr-FR\",\"potentialAction\":[{\"@type\":\"CommentAction\",\"name\":\"Comment\",\"target\":[\"https:\\\/\\\/janze-athletisme.fr\\\/wordpress\\\/inauguration-de-piste-15-09-18\\\/#respond\"]}]},{\"@type\":\"WebPage\",\"@id\":\"https:\\\/\\\/janze-athletisme.fr\\\/wordpress\\\/inauguration-de-piste-15-09-18\\\/\",\"url\":\"https:\\\/\\\/janze-athletisme.fr\\\/wordpress\\\/inauguration-de-piste-15-09-18\\\/\",\"name\":\"Inauguration de la piste - 15.09.18 - Janz\u00e9 Athl\u00e9tisme\",\"isPartOf\":{\"@id\":\"https:\\\/\\\/janze-athletisme.fr\\\/wordpress\\\/#website\"},\"primaryImageOfPage\":{\"@id\":\"https:\\\/\\\/janze-athletisme.fr\\\/wordpress\\\/inauguration-de-piste-15-09-18\\\/#primaryimage\"},\"image\":{\"@id\":\"https:\\\/\\\/janze-athletisme.fr\\\/wordpress\\\/inauguration-de-piste-15-09-18\\\/#primaryimage\"},\"thumbnailUrl\":\"https:\\\/\\\/lh3.googleusercontent.com\\\/s131j7qwKMJzbBnto_p6S8L4S8PcAR94EkWZttHueYSNqCJRbe7WdhmsRVdLJ7eTnj4aXxRLETTdsHJHgpduYKJkHRhnld2NM1HshofRMhm_5pFSnPYh21_Fq6SOJegSD4YU5_R8SKfGD8X56bU-9GhkU_L3X74JpmOlVg9-xy0hNmIoISFL2H5DwM4vxkG8Q8FcQ4dpw8SGCC9-6wHEjxdrArDZOBGnKKJCi1agT1xTRR5yIBq5sxSSmVEQZECnspGunnGg80bqrlE4EiAUwjcLZeEWc9UQbN4gwGIaH0Zmn-29Q8W3QzD-L3p0PG1s-QZFcePdaKmIPLRUKkovV87N9m7h94r8sRGjXw4ZzHXFMdBPRy2cGjp77ijZbVP1lElJ9ULdkca2Z3O0ZcmJYNxX45nCX9cPdBa-xjD-Ql3oxhE_7EI7v9j1Od561_mxREtvd4uruwCb-rA8MObg8aRdr6l1NIin2x8z9VIOIr86HqV2GrHLSgexqwN3xeKTIDRde1gEgA-hXdrTvgbRzebEHRo9hWjnZAt3J6T1nClSY2d6HPONYP8MWId25T9RtKnhsXoDhsdX2FZoeRaQG2T0na_1darjIG8K7ksyDjgRyg0s5XGlLVCdBlS0a-hFa4ws_9teldCbZHmRycB1lNY7BuX8-PY7_v9F56ae0JKh3EsI_wLTi38nRQ=w900-h600-no\",\"datePublished\":\"2018-09-17T22:54:49+00:00\",\"breadcrumb\":{\"@id\":\"https:\\\/\\\/janze-athletisme.fr\\\/wordpress\\\/inauguration-de-piste-15-09-18\\\/#breadcrumb\"},\"inLanguage\":\"fr-FR\",\"potentialAction\":[{\"@type\":\"ReadAction\",\"target\":[\"https:\\\/\\\/janze-athletisme.fr\\\/wordpress\\\/inauguration-de-piste-15-09-18\\\/\"]}]},{\"@type\":\"ImageObject\",\"inLanguage\":\"fr-FR\",\"@id\":\"https:\\\/\\\/janze-athletisme.fr\\\/wordpress\\\/inauguration-de-piste-15-09-18\\\/#primaryimage\",\"url\":\"https:\\\/\\\/lh3.googleusercontent.com\\\/s131j7qwKMJzbBnto_p6S8L4S8PcAR94EkWZttHueYSNqCJRbe7WdhmsRVdLJ7eTnj4aXxRLETTdsHJHgpduYKJkHRhnld2NM1HshofRMhm_5pFSnPYh21_Fq6SOJegSD4YU5_R8SKfGD8X56bU-9GhkU_L3X74JpmOlVg9-xy0hNmIoISFL2H5DwM4vxkG8Q8FcQ4dpw8SGCC9-6wHEjxdrArDZOBGnKKJCi1agT1xTRR5yIBq5sxSSmVEQZECnspGunnGg80bqrlE4EiAUwjcLZeEWc9UQbN4gwGIaH0Zmn-29Q8W3QzD-L3p0PG1s-QZFcePdaKmIPLRUKkovV87N9m7h94r8sRGjXw4ZzHXFMdBPRy2cGjp77ijZbVP1lElJ9ULdkca2Z3O0ZcmJYNxX45nCX9cPdBa-xjD-Ql3oxhE_7EI7v9j1Od561_mxREtvd4uruwCb-rA8MObg8aRdr6l1NIin2x8z9VIOIr86HqV2GrHLSgexqwN3xeKTIDRde1gEgA-hXdrTvgbRzebEHRo9hWjnZAt3J6T1nClSY2d6HPONYP8MWId25T9RtKnhsXoDhsdX2FZoeRaQG2T0na_1darjIG8K7ksyDjgRyg0s5XGlLVCdBlS0a-hFa4ws_9teldCbZHmRycB1lNY7BuX8-PY7_v9F56ae0JKh3EsI_wLTi38nRQ=w900-h600-no\",\"contentUrl\":\"https:\\\/\\\/lh3.googleusercontent.com\\\/s131j7qwKMJzbBnto_p6S8L4S8PcAR94EkWZttHueYSNqCJRbe7WdhmsRVdLJ7eTnj4aXxRLETTdsHJHgpduYKJkHRhnld2NM1HshofRMhm_5pFSnPYh21_Fq6SOJegSD4YU5_R8SKfGD8X56bU-9GhkU_L3X74JpmOlVg9-xy0hNmIoISFL2H5DwM4vxkG8Q8FcQ4dpw8SGCC9-6wHEjxdrArDZOBGnKKJCi1agT1xTRR5yIBq5sxSSmVEQZECnspGunnGg80bqrlE4EiAUwjcLZeEWc9UQbN4gwGIaH0Zmn-29Q8W3QzD-L3p0PG1s-QZFcePdaKmIPLRUKkovV87N9m7h94r8sRGjXw4ZzHXFMdBPRy2cGjp77ijZbVP1lElJ9ULdkca2Z3O0ZcmJYNxX45nCX9cPdBa-xjD-Ql3oxhE_7EI7v9j1Od561_mxREtvd4uruwCb-rA8MObg8aRdr6l1NIin2x8z9VIOIr86HqV2GrHLSgexqwN3xeKTIDRde1gEgA-hXdrTvgbRzebEHRo9hWjnZAt3J6T1nClSY2d6HPONYP8MWId25T9RtKnhsXoDhsdX2FZoeRaQG2T0na_1darjIG8K7ksyDjgRyg0s5XGlLVCdBlS0a-hFa4ws_9teldCbZHmRycB1lNY7BuX8-PY7_v9F56ae0JKh3EsI_wLTi38nRQ=w900-h600-no\"},{\"@type\":\"BreadcrumbList\",\"@id\":\"https:\\\/\\\/janze-athletisme.fr\\\/wordpress\\\/inauguration-de-piste-15-09-18\\\/#breadcrumb\",\"itemListElement\":[{\"@type\":\"ListItem\",\"position\":1,\"name\":\"Accueil\",\"item\":\"https:\\\/\\\/janze-athletisme.fr\\\/wordpress\\\/\"},{\"@type\":\"ListItem\",\"position\":2,\"name\":\"Inauguration de la piste &#8211; 15.09.18\"}]},{\"@type\":\"WebSite\",\"@id\":\"https:\\\/\\\/janze-athletisme.fr\\\/wordpress\\\/#website\",\"url\":\"https:\\\/\\\/janze-athletisme.fr\\\/wordpress\\\/\",\"name\":\"Janz\u00e9 Athl\u00e9tisme\",\"description\":\"Pays de La Roche aux F\u00e9es\",\"publisher\":{\"@id\":\"https:\\\/\\\/janze-athletisme.fr\\\/wordpress\\\/#organization\"},\"potentialAction\":[{\"@type\":\"SearchAction\",\"target\":{\"@type\":\"EntryPoint\",\"urlTemplate\":\"https:\\\/\\\/janze-athletisme.fr\\\/wordpress\\\/?s={search_term_string}\"},\"query-input\":{\"@type\":\"PropertyValueSpecification\",\"valueRequired\":true,\"valueName\":\"search_term_string\"}}],\"inLanguage\":\"fr-FR\"},{\"@type\":\"Organization\",\"@id\":\"https:\\\/\\\/janze-athletisme.fr\\\/wordpress\\\/#organization\",\"name\":\"Janz\u00e9 Athl\u00e9tisme\",\"url\":\"https:\\\/\\\/janze-athletisme.fr\\\/wordpress\\\/\",\"logo\":{\"@type\":\"ImageObject\",\"inLanguage\":\"fr-FR\",\"@id\":\"https:\\\/\\\/janze-athletisme.fr\\\/wordpress\\\/#\\\/schema\\\/logo\\\/image\\\/\",\"url\":\"https:\\\/\\\/janze-athletisme.fr\\\/wordpress\\\/wp-content\\\/uploads\\\/2015\\\/03\\\/logo-full1.jpg\",\"contentUrl\":\"https:\\\/\\\/janze-athletisme.fr\\\/wordpress\\\/wp-content\\\/uploads\\\/2015\\\/03\\\/logo-full1.jpg\",\"width\":437,\"height\":205,\"caption\":\"Janz\u00e9 Athl\u00e9tisme\"},\"image\":{\"@id\":\"https:\\\/\\\/janze-athletisme.fr\\\/wordpress\\\/#\\\/schema\\\/logo\\\/image\\\/\"},\"sameAs\":[\"https:\\\/\\\/www.facebook.com\\\/groups\\\/1007964579346590\"]},{\"@type\":\"Person\",\"@id\":\"https:\\\/\\\/janze-athletisme.fr\\\/wordpress\\\/#\\\/schema\\\/person\\\/d0d91611dc85e1635e00511152f92f6c\",\"name\":\"Fr\u00e9d\u00e9ric Graye\",\"image\":{\"@type\":\"ImageObject\",\"inLanguage\":\"fr-FR\",\"@id\":\"https:\\\/\\\/secure.gravatar.com\\\/avatar\\\/3c698f3bb9d0e9fd7adcea83ce599a75775b1f86e450228044b2d9c172b90db8?s=96&d=mm&r=g\",\"url\":\"https:\\\/\\\/secure.gravatar.com\\\/avatar\\\/3c698f3bb9d0e9fd7adcea83ce599a75775b1f86e450228044b2d9c172b90db8?s=96&d=mm&r=g\",\"contentUrl\":\"https:\\\/\\\/secure.gravatar.com\\\/avatar\\\/3c698f3bb9d0e9fd7adcea83ce599a75775b1f86e450228044b2d9c172b90db8?s=96&d=mm&r=g\",\"caption\":\"Fr\u00e9d\u00e9ric Graye\"},\"url\":\"https:\\\/\\\/janze-athletisme.fr\\\/wordpress\\\/author\\\/jathe_adm\\\/\"}]}<\/script>\n<!-- \/ Yoast SEO plugin. -->","yoast_head_json":{"title":"Inauguration de la piste - 15.09.18 - Janz\u00e9 Athl\u00e9tisme","robots":{"index":"index","follow":"follow","max-snippet":"max-snippet:-1","max-image-preview":"max-image-preview:large","max-video-preview":"max-video-preview:-1"},"canonical":"https:\/\/janze-athletisme.fr\/wordpress\/inauguration-de-piste-15-09-18\/","og_locale":"fr_FR","og_type":"article","og_title":"Inauguration de la piste - 15.09.18 - Janz\u00e9 Athl\u00e9tisme","og_description":"Inauguration de la piste &#8211; Samedi 15 septembre 2018 &#8211; Nous avons d\u00e9couvert le stade termin\u00e9 juste avant les vacances, et lui avons d\u00e9j\u00e0 fait f\u00eate le temps d&rsquo;un samedi matin de d\u00e9but juillet pour une ultime s\u00e9ance avec les jeunes m\u00ealant parents et enfants, ceux qui \u00e9taient pr\u00e9sents s&rsquo;en souviennent sans doute. Ce fut [&hellip;]","og_url":"https:\/\/janze-athletisme.fr\/wordpress\/inauguration-de-piste-15-09-18\/","og_site_name":"Janz\u00e9 Athl\u00e9tisme","article_publisher":"https:\/\/www.facebook.com\/groups\/1007964579346590","article_published_time":"2018-09-17T22:54:49+00:00","og_image":[{"url":"https:\/\/lh3.googleusercontent.com\/s131j7qwKMJzbBnto_p6S8L4S8PcAR94EkWZttHueYSNqCJRbe7WdhmsRVdLJ7eTnj4aXxRLETTdsHJHgpduYKJkHRhnld2NM1HshofRMhm_5pFSnPYh21_Fq6SOJegSD4YU5_R8SKfGD8X56bU-9GhkU_L3X74JpmOlVg9-xy0hNmIoISFL2H5DwM4vxkG8Q8FcQ4dpw8SGCC9-6wHEjxdrArDZOBGnKKJCi1agT1xTRR5yIBq5sxSSmVEQZECnspGunnGg80bqrlE4EiAUwjcLZeEWc9UQbN4gwGIaH0Zmn-29Q8W3QzD-L3p0PG1s-QZFcePdaKmIPLRUKkovV87N9m7h94r8sRGjXw4ZzHXFMdBPRy2cGjp77ijZbVP1lElJ9ULdkca2Z3O0ZcmJYNxX45nCX9cPdBa-xjD-Ql3oxhE_7EI7v9j1Od561_mxREtvd4uruwCb-rA8MObg8aRdr6l1NIin2x8z9VIOIr86HqV2GrHLSgexqwN3xeKTIDRde1gEgA-hXdrTvgbRzebEHRo9hWjnZAt3J6T1nClSY2d6HPONYP8MWId25T9RtKnhsXoDhsdX2FZoeRaQG2T0na_1darjIG8K7ksyDjgRyg0s5XGlLVCdBlS0a-hFa4ws_9teldCbZHmRycB1lNY7BuX8-PY7_v9F56ae0JKh3EsI_wLTi38nRQ=w900-h600-no","type":"","width":"","height":""}],"author":"Fr\u00e9d\u00e9ric Graye","twitter_card":"summary_large_image","twitter_misc":{"\u00c9crit par":"Fr\u00e9d\u00e9ric Graye","Dur\u00e9e de lecture estim\u00e9e":"2 minutes"},"schema":{"@context":"https:\/\/schema.org","@graph":[{"@type":"Article","@id":"https:\/\/janze-athletisme.fr\/wordpress\/inauguration-de-piste-15-09-18\/#article","isPartOf":{"@id":"https:\/\/janze-athletisme.fr\/wordpress\/inauguration-de-piste-15-09-18\/"},"author":{"name":"Fr\u00e9d\u00e9ric Graye","@id":"https:\/\/janze-athletisme.fr\/wordpress\/#\/schema\/person\/d0d91611dc85e1635e00511152f92f6c"},"headline":"Inauguration de la piste &#8211; 15.09.18","datePublished":"2018-09-17T22:54:49+00:00","mainEntityOfPage":{"@id":"https:\/\/janze-athletisme.fr\/wordpress\/inauguration-de-piste-15-09-18\/"},"wordCount":396,"commentCount":0,"publisher":{"@id":"https:\/\/janze-athletisme.fr\/wordpress\/#organization"},"image":{"@id":"https:\/\/janze-athletisme.fr\/wordpress\/inauguration-de-piste-15-09-18\/#primaryimage"},"thumbnailUrl":"https:\/\/lh3.googleusercontent.com\/s131j7qwKMJzbBnto_p6S8L4S8PcAR94EkWZttHueYSNqCJRbe7WdhmsRVdLJ7eTnj4aXxRLETTdsHJHgpduYKJkHRhnld2NM1HshofRMhm_5pFSnPYh21_Fq6SOJegSD4YU5_R8SKfGD8X56bU-9GhkU_L3X74JpmOlVg9-xy0hNmIoISFL2H5DwM4vxkG8Q8FcQ4dpw8SGCC9-6wHEjxdrArDZOBGnKKJCi1agT1xTRR5yIBq5sxSSmVEQZECnspGunnGg80bqrlE4EiAUwjcLZeEWc9UQbN4gwGIaH0Zmn-29Q8W3QzD-L3p0PG1s-QZFcePdaKmIPLRUKkovV87N9m7h94r8sRGjXw4ZzHXFMdBPRy2cGjp77ijZbVP1lElJ9ULdkca2Z3O0ZcmJYNxX45nCX9cPdBa-xjD-Ql3oxhE_7EI7v9j1Od561_mxREtvd4uruwCb-rA8MObg8aRdr6l1NIin2x8z9VIOIr86HqV2GrHLSgexqwN3xeKTIDRde1gEgA-hXdrTvgbRzebEHRo9hWjnZAt3J6T1nClSY2d6HPONYP8MWId25T9RtKnhsXoDhsdX2FZoeRaQG2T0na_1darjIG8K7ksyDjgRyg0s5XGlLVCdBlS0a-hFa4ws_9teldCbZHmRycB1lNY7BuX8-PY7_v9F56ae0JKh3EsI_wLTi38nRQ=w900-h600-no","articleSection":["Le club au jour le jour"],"inLanguage":"fr-FR","potentialAction":[{"@type":"CommentAction","name":"Comment","target":["https:\/\/janze-athletisme.fr\/wordpress\/inauguration-de-piste-15-09-18\/#respond"]}]},{"@type":"WebPage","@id":"https:\/\/janze-athletisme.fr\/wordpress\/inauguration-de-piste-15-09-18\/","url":"https:\/\/janze-athletisme.fr\/wordpress\/inauguration-de-piste-15-09-18\/","name":"Inauguration de la piste - 15.09.18 - Janz\u00e9 Athl\u00e9tisme","isPartOf":{"@id":"https:\/\/janze-athletisme.fr\/wordpress\/#website"},"primaryImageOfPage":{"@id":"https:\/\/janze-athletisme.fr\/wordpress\/inauguration-de-piste-15-09-18\/#primaryimage"},"image":{"@id":"https:\/\/janze-athletisme.fr\/wordpress\/inauguration-de-piste-15-09-18\/#primaryimage"},"thumbnailUrl":"https:\/\/lh3.googleusercontent.com\/s131j7qwKMJzbBnto_p6S8L4S8PcAR94EkWZttHueYSNqCJRbe7WdhmsRVdLJ7eTnj4aXxRLETTdsHJHgpduYKJkHRhnld2NM1HshofRMhm_5pFSnPYh21_Fq6SOJegSD4YU5_R8SKfGD8X56bU-9GhkU_L3X74JpmOlVg9-xy0hNmIoISFL2H5DwM4vxkG8Q8FcQ4dpw8SGCC9-6wHEjxdrArDZOBGnKKJCi1agT1xTRR5yIBq5sxSSmVEQZECnspGunnGg80bqrlE4EiAUwjcLZeEWc9UQbN4gwGIaH0Zmn-29Q8W3QzD-L3p0PG1s-QZFcePdaKmIPLRUKkovV87N9m7h94r8sRGjXw4ZzHXFMdBPRy2cGjp77ijZbVP1lElJ9ULdkca2Z3O0ZcmJYNxX45nCX9cPdBa-xjD-Ql3oxhE_7EI7v9j1Od561_mxREtvd4uruwCb-rA8MObg8aRdr6l1NIin2x8z9VIOIr86HqV2GrHLSgexqwN3xeKTIDRde1gEgA-hXdrTvgbRzebEHRo9hWjnZAt3J6T1nClSY2d6HPONYP8MWId25T9RtKnhsXoDhsdX2FZoeRaQG2T0na_1darjIG8K7ksyDjgRyg0s5XGlLVCdBlS0a-hFa4ws_9teldCbZHmRycB1lNY7BuX8-PY7_v9F56ae0JKh3EsI_wLTi38nRQ=w900-h600-no","datePublished":"2018-09-17T22:54:49+00:00","breadcrumb":{"@id":"https:\/\/janze-athletisme.fr\/wordpress\/inauguration-de-piste-15-09-18\/#breadcrumb"},"inLanguage":"fr-FR","potentialAction":[{"@type":"ReadAction","target":["https:\/\/janze-athletisme.fr\/wordpress\/inauguration-de-piste-15-09-18\/"]}]},{"@type":"ImageObject","inLanguage":"fr-FR","@id":"https:\/\/janze-athletisme.fr\/wordpress\/inauguration-de-piste-15-09-18\/#primaryimage","url":"https:\/\/lh3.googleusercontent.com\/s131j7qwKMJzbBnto_p6S8L4S8PcAR94EkWZttHueYSNqCJRbe7WdhmsRVdLJ7eTnj4aXxRLETTdsHJHgpduYKJkHRhnld2NM1HshofRMhm_5pFSnPYh21_Fq6SOJegSD4YU5_R8SKfGD8X56bU-9GhkU_L3X74JpmOlVg9-xy0hNmIoISFL2H5DwM4vxkG8Q8FcQ4dpw8SGCC9-6wHEjxdrArDZOBGnKKJCi1agT1xTRR5yIBq5sxSSmVEQZECnspGunnGg80bqrlE4EiAUwjcLZeEWc9UQbN4gwGIaH0Zmn-29Q8W3QzD-L3p0PG1s-QZFcePdaKmIPLRUKkovV87N9m7h94r8sRGjXw4ZzHXFMdBPRy2cGjp77ijZbVP1lElJ9ULdkca2Z3O0ZcmJYNxX45nCX9cPdBa-xjD-Ql3oxhE_7EI7v9j1Od561_mxREtvd4uruwCb-rA8MObg8aRdr6l1NIin2x8z9VIOIr86HqV2GrHLSgexqwN3xeKTIDRde1gEgA-hXdrTvgbRzebEHRo9hWjnZAt3J6T1nClSY2d6HPONYP8MWId25T9RtKnhsXoDhsdX2FZoeRaQG2T0na_1darjIG8K7ksyDjgRyg0s5XGlLVCdBlS0a-hFa4ws_9teldCbZHmRycB1lNY7BuX8-PY7_v9F56ae0JKh3EsI_wLTi38nRQ=w900-h600-no","contentUrl":"https:\/\/lh3.googleusercontent.com\/s131j7qwKMJzbBnto_p6S8L4S8PcAR94EkWZttHueYSNqCJRbe7WdhmsRVdLJ7eTnj4aXxRLETTdsHJHgpduYKJkHRhnld2NM1HshofRMhm_5pFSnPYh21_Fq6SOJegSD4YU5_R8SKfGD8X56bU-9GhkU_L3X74JpmOlVg9-xy0hNmIoISFL2H5DwM4vxkG8Q8FcQ4dpw8SGCC9-6wHEjxdrArDZOBGnKKJCi1agT1xTRR5yIBq5sxSSmVEQZECnspGunnGg80bqrlE4EiAUwjcLZeEWc9UQbN4gwGIaH0Zmn-29Q8W3QzD-L3p0PG1s-QZFcePdaKmIPLRUKkovV87N9m7h94r8sRGjXw4ZzHXFMdBPRy2cGjp77ijZbVP1lElJ9ULdkca2Z3O0ZcmJYNxX45nCX9cPdBa-xjD-Ql3oxhE_7EI7v9j1Od561_mxREtvd4uruwCb-rA8MObg8aRdr6l1NIin2x8z9VIOIr86HqV2GrHLSgexqwN3xeKTIDRde1gEgA-hXdrTvgbRzebEHRo9hWjnZAt3J6T1nClSY2d6HPONYP8MWId25T9RtKnhsXoDhsdX2FZoeRaQG2T0na_1darjIG8K7ksyDjgRyg0s5XGlLVCdBlS0a-hFa4ws_9teldCbZHmRycB1lNY7BuX8-PY7_v9F56ae0JKh3EsI_wLTi38nRQ=w900-h600-no"},{"@type":"BreadcrumbList","@id":"https:\/\/janze-athletisme.fr\/wordpress\/inauguration-de-piste-15-09-18\/#breadcrumb","itemListElement":[{"@type":"ListItem","position":1,"name":"Accueil","item":"https:\/\/janze-athletisme.fr\/wordpress\/"},{"@type":"ListItem","position":2,"name":"Inauguration de la piste &#8211; 15.09.18"}]},{"@type":"WebSite","@id":"https:\/\/janze-athletisme.fr\/wordpress\/#website","url":"https:\/\/janze-athletisme.fr\/wordpress\/","name":"Janz\u00e9 Athl\u00e9tisme","description":"Pays de La Roche aux F\u00e9es","publisher":{"@id":"https:\/\/janze-athletisme.fr\/wordpress\/#organization"},"potentialAction":[{"@type":"SearchAction","target":{"@type":"EntryPoint","urlTemplate":"https:\/\/janze-athletisme.fr\/wordpress\/?s={search_term_string}"},"query-input":{"@type":"PropertyValueSpecification","valueRequired":true,"valueName":"search_term_string"}}],"inLanguage":"fr-FR"},{"@type":"Organization","@id":"https:\/\/janze-athletisme.fr\/wordpress\/#organization","name":"Janz\u00e9 Athl\u00e9tisme","url":"https:\/\/janze-athletisme.fr\/wordpress\/","logo":{"@type":"ImageObject","inLanguage":"fr-FR","@id":"https:\/\/janze-athletisme.fr\/wordpress\/#\/schema\/logo\/image\/","url":"https:\/\/janze-athletisme.fr\/wordpress\/wp-content\/uploads\/2015\/03\/logo-full1.jpg","contentUrl":"https:\/\/janze-athletisme.fr\/wordpress\/wp-content\/uploads\/2015\/03\/logo-full1.jpg","width":437,"height":205,"caption":"Janz\u00e9 Athl\u00e9tisme"},"image":{"@id":"https:\/\/janze-athletisme.fr\/wordpress\/#\/schema\/logo\/image\/"},"sameAs":["https:\/\/www.facebook.com\/groups\/1007964579346590"]},{"@type":"Person","@id":"https:\/\/janze-athletisme.fr\/wordpress\/#\/schema\/person\/d0d91611dc85e1635e00511152f92f6c","name":"Fr\u00e9d\u00e9ric Graye","image":{"@type":"ImageObject","inLanguage":"fr-FR","@id":"https:\/\/secure.gravatar.com\/avatar\/3c698f3bb9d0e9fd7adcea83ce599a75775b1f86e450228044b2d9c172b90db8?s=96&d=mm&r=g","url":"https:\/\/secure.gravatar.com\/avatar\/3c698f3bb9d0e9fd7adcea83ce599a75775b1f86e450228044b2d9c172b90db8?s=96&d=mm&r=g","contentUrl":"https:\/\/secure.gravatar.com\/avatar\/3c698f3bb9d0e9fd7adcea83ce599a75775b1f86e450228044b2d9c172b90db8?s=96&d=mm&r=g","caption":"Fr\u00e9d\u00e9ric Graye"},"url":"https:\/\/janze-athletisme.fr\/wordpress\/author\/jathe_adm\/"}]}},"uagb_featured_image_src":{"full":false,"thumbnail":false,"medium":false,"medium_large":false,"large":false,"1536x1536":false,"2048x2048":false},"uagb_author_info":{"display_name":"Fr\u00e9d\u00e9ric Graye","author_link":"https:\/\/janze-athletisme.fr\/wordpress\/author\/jathe_adm\/"},"uagb_comment_info":0,"uagb_excerpt":"Inauguration de la piste &#8211; Samedi 15 septembre 2018 &#8211; Nous avons d\u00e9couvert le stade termin\u00e9 juste avant les vacances, et lui avons d\u00e9j\u00e0 fait f\u00eate le temps d&rsquo;un samedi matin de d\u00e9but juillet pour une ultime s\u00e9ance avec les jeunes m\u00ealant parents et enfants, ceux qui \u00e9taient pr\u00e9sents s&rsquo;en souviennent sans doute. Ce fut\u2026","_links":{"self":[{"href":"https:\/\/janze-athletisme.fr\/wordpress\/wp-json\/wp\/v2\/posts\/3957","targetHints":{"allow":["GET"]}}],"collection":[{"href":"https:\/\/janze-athletisme.fr\/wordpress\/wp-json\/wp\/v2\/posts"}],"about":[{"href":"https:\/\/janze-athletisme.fr\/wordpress\/wp-json\/wp\/v2\/types\/post"}],"author":[{"embeddable":true,"href":"https:\/\/janze-athletisme.fr\/wordpress\/wp-json\/wp\/v2\/users\/3"}],"replies":[{"embeddable":true,"href":"https:\/\/janze-athletisme.fr\/wordpress\/wp-json\/wp\/v2\/comments?post=3957"}],"version-history":[{"count":2,"href":"https:\/\/janze-athletisme.fr\/wordpress\/wp-json\/wp\/v2\/posts\/3957\/revisions"}],"predecessor-version":[{"id":3960,"href":"https:\/\/janze-athletisme.fr\/wordpress\/wp-json\/wp\/v2\/posts\/3957\/revisions\/3960"}],"wp:attachment":[{"href":"https:\/\/janze-athletisme.fr\/wordpress\/wp-json\/wp\/v2\/media?parent=3957"}],"wp:term":[{"taxonomy":"category","embeddable":true,"href":"https:\/\/janze-athletisme.fr\/wordpress\/wp-json\/wp\/v2\/categories?post=3957"},{"taxonomy":"post_tag","embeddable":true,"href":"https:\/\/janze-athletisme.fr\/wordpress\/wp-json\/wp\/v2\/tags?post=3957"}],"curies":[{"name":"wp","href":"https:\/\/api.w.org\/{rel}","templated":true}]}}