{"id":3842,"date":"2018-06-18T18:40:39","date_gmt":"2018-06-18T16:40:39","guid":{"rendered":"http:\/\/janze-athletisme.fr\/wordpress\/?p=3842"},"modified":"2018-06-23T21:23:05","modified_gmt":"2018-06-23T19:23:05","slug":"week-end-16-17-juin","status":"publish","type":"post","link":"https:\/\/janze-athletisme.fr\/wordpress\/week-end-16-17-juin\/","title":{"rendered":"week-end du 16 et 17 juin"},"content":{"rendered":"<h1 style=\"text-align: center;\"><span style=\"text-decoration: underline; color: #ff0000;\"><strong>Championnat de France masters<\/strong><\/span><\/h1>\n<p><span style=\"color: #000000;\">Nos deux masters <strong>Christophe B.<\/strong> et <strong>Wilfrid L.<\/strong> ont particip\u00e9 ce weekend au championnat de France masters, qui se d\u00e9roulait \u00e0 Angers. <strong>Christophe<\/strong>, en habitu\u00e9 du d\u00e9cathlon, \u00e9tait engag\u00e9 sur trois \u00e9preuves (sauts en hauteur et longueur, et 200m), alors que <strong>Wilfrid<\/strong> \u00e9tait engag\u00e9 uniquement sur le 3000m steeple. Ce dernier d\u00e9loge <strong>Didier L.<\/strong> du record club en\u00a0 master 1 (qu&rsquo;il avait acquis il y a 10 ans en 10&rsquo;21\u00a0\u00bb88). Bravo \u00e0 tous les deux !<\/span><\/p>\n<p><img loading=\"lazy\" decoding=\"async\" class=\"aligncenter size-full wp-image-3848\" src=\"http:\/\/janze-athletisme.fr\/wordpress\/wp-content\/uploads\/2018\/06\/masters.jpg\" alt=\"\" width=\"754\" height=\"130\" srcset=\"https:\/\/janze-athletisme.fr\/wordpress\/wp-content\/uploads\/2018\/06\/masters.jpg 754w, https:\/\/janze-athletisme.fr\/wordpress\/wp-content\/uploads\/2018\/06\/masters-300x52.jpg 300w, https:\/\/janze-athletisme.fr\/wordpress\/wp-content\/uploads\/2018\/06\/masters-6x1.jpg 6w\" sizes=\"auto, (max-width: 754px) 100vw, 754px\" \/><\/p>\n<h1 style=\"text-align: center;\"><span style=\"text-decoration: underline;\"><strong><span style=\"color: #ff0000; text-decoration: underline;\">Championnat de Bretagne minimes<\/span><\/strong><\/span><\/h1>\n<p><span style=\"color: #000000;\">Deux jeunes minimes de Janz\u00e9 athl\u00e9 ont fait le d\u00e9placement dimanche \u00e0 Saint Renan, pour honorer leur qualification au championnat de Bretagne de la cat\u00e9gorie minimes. <strong>Sandra L.<\/strong> et <strong>Augustin J.<\/strong> ont d\u00fb braver la pluie pour r\u00e9aliser des performances tout \u00e0 fait correctes au vu de cette m\u00e9t\u00e9o d\u00e9favorable ! Bravo \u00e0 tous les deux !<\/span><\/p>\n<p><img loading=\"lazy\" decoding=\"async\" class=\"aligncenter size-full wp-image-3847\" src=\"http:\/\/janze-athletisme.fr\/wordpress\/wp-content\/uploads\/2018\/06\/minimes.jpg\" alt=\"\" width=\"757\" height=\"131\" srcset=\"https:\/\/janze-athletisme.fr\/wordpress\/wp-content\/uploads\/2018\/06\/minimes.jpg 757w, https:\/\/janze-athletisme.fr\/wordpress\/wp-content\/uploads\/2018\/06\/minimes-300x52.jpg 300w, https:\/\/janze-athletisme.fr\/wordpress\/wp-content\/uploads\/2018\/06\/minimes-6x1.jpg 6w\" sizes=\"auto, (max-width: 757px) 100vw, 757px\" \/><\/p>\n<h1 style=\"text-align: center;\"><span style=\"text-decoration: underline;\"><strong><span style=\"color: #ff0000; text-decoration: underline;\">Meeting AC Cesson<\/span><\/strong><\/span><\/h1>\n<p><span style=\"color: #000000;\">Samedi 16 juin en soir\u00e9e avait lieu la 6\u00e8me \u00e9dition du meeting Visual de l&rsquo;AC Cesson. Nouveau record du club en cat\u00e9gorie Junior pour K\u00e9ven G. au 3000m, mais le temps qu&rsquo;il r\u00e9alise ne suffira pas \u00e0 d\u00e9tr\u00f4ner Wilfrid L., qui conserve encore un peu le record du club toutes cat\u00e9gories (9&rsquo;13\u00a0\u00bb81, en juin 2011). A noter, parmi les \u00e9preuves des plus grands, la participation de 4 de nos petits janz\u00e9ens au relais scolaire organis\u00e9 chaque ann\u00e9e par nos amis cessonnais. Bravo \u00e0 tous !<\/span><\/p>\n<p><img loading=\"lazy\" decoding=\"async\" class=\"aligncenter size-full wp-image-3845\" src=\"http:\/\/janze-athletisme.fr\/wordpress\/wp-content\/uploads\/2018\/06\/aehkmkbccapcncah.png\" alt=\"\" width=\"756\" height=\"189\" srcset=\"https:\/\/janze-athletisme.fr\/wordpress\/wp-content\/uploads\/2018\/06\/aehkmkbccapcncah.png 756w, https:\/\/janze-athletisme.fr\/wordpress\/wp-content\/uploads\/2018\/06\/aehkmkbccapcncah-300x75.png 300w, https:\/\/janze-athletisme.fr\/wordpress\/wp-content\/uploads\/2018\/06\/aehkmkbccapcncah-4x1.png 4w\" sizes=\"auto, (max-width: 756px) 100vw, 756px\" \/><\/p>\n<p><span style=\"color: #000000;\">Quelques photos des janz\u00e9ens parmi les photos du meeting, ici : <a href=\"https:\/\/photos.app.goo.gl\/6e1gvbRCQTtpwJhm7\"><strong><span style=\"text-decoration: underline;\"><span style=\"color: #ff0000; text-decoration: underline;\">CLIC !!!<\/span><\/span><\/strong><\/a><\/span><\/p>\n<h1 style=\"text-align: center;\"><strong><span style=\"text-decoration: underline; color: #ff0000;\">Trail du Bo\u00ebl<\/span><\/strong><\/h1>\n<p><span style=\"color: #000000;\">Nous avions 5 Janz\u00e9ens \u00e0 participer au trail du Bo\u00ebl. L&rsquo;occasion pour certains de courir sur leur terrain de jeux et sur un parcours r\u00e9f\u00e9rence dans le d\u00e9partement. Tr\u00e8s bons r\u00e9sultats pour nos 5 athl\u00e8tes et podium pour <strong>Maud L<\/strong> qui termine 3\u00e8me femme sur le 24km. Bravo \u00e0 tous !!!<\/span><\/p>\n<p>[ws_table id=\u00a0\u00bb660&Prime;]<\/p>\n<h1 style=\"text-align: center;\"><span style=\"text-decoration: underline; color: #ff0000;\"><strong>Course des Sabotiers<\/strong><\/span><\/h1>\n<p><span style=\"color: #000000;\">Direction Bazouge la P\u00e9rouse pour<strong> Virginie L<\/strong>. Engag\u00e9e sur le 23km, elle termine 1\u00e8re V1 f et 2\u00e8me de la course. Bravo !!!<\/span><\/p>\n<p>[ws_table id=\u00a0\u00bb659&Prime;]<\/p>\n<h1 style=\"text-align: center;\"><strong><span style=\"text-decoration: underline; color: #ff0000;\">Foul\u00e9es Nature Pierricaise (44)<\/span><\/strong><\/h1>\n<p><span style=\"color: #000000;\"><strong>Jean-Michel E<\/strong> avait choisi les foul\u00e9es de Pierrick ce week-end, belle perf de sa part puisqu&rsquo;il termine 3\u00e8me V1 H. Bravo !!!<\/span><\/p>\n<p>[ws_table id=\u00a0\u00bb658&Prime;]<\/p>\n","protected":false},"excerpt":{"rendered":"<p>Championnat de France masters Nos deux masters Christophe B. et Wilfrid L. ont particip\u00e9 ce weekend au championnat de France masters, qui se d\u00e9roulait \u00e0 Angers. Christophe, en habitu\u00e9 du d\u00e9cathlon, \u00e9tait engag\u00e9 sur trois \u00e9preuves (sauts en hauteur et longueur, et 200m), alors que Wilfrid \u00e9tait engag\u00e9 uniquement sur le 3000m steeple. Ce dernier [&hellip;]<\/p>\n","protected":false},"author":4,"featured_media":0,"comment_status":"open","ping_status":"open","sticky":false,"template":"","format":"aside","meta":{"_uag_custom_page_level_css":"","site-sidebar-layout":"default","site-content-layout":"","ast-site-content-layout":"default","site-content-style":"default","site-sidebar-style":"default","ast-global-header-display":"","ast-banner-title-visibility":"","ast-main-header-display":"","ast-hfb-above-header-display":"","ast-hfb-below-header-display":"","ast-hfb-mobile-header-display":"","site-post-title":"","ast-breadcrumbs-content":"","ast-featured-img":"","footer-sml-layout":"","ast-disable-related-posts":"","theme-transparent-header-meta":"","adv-header-id-meta":"","stick-header-meta":"","header-above-stick-meta":"","header-main-stick-meta":"","header-below-stick-meta":"","astra-migrate-meta-layouts":"default","ast-page-background-enabled":"default","ast-page-background-meta":{"desktop":{"background-color":"var(--ast-global-color-4)","background-image":"","background-repeat":"repeat","background-position":"center center","background-size":"auto","background-attachment":"scroll","background-type":"","background-media":"","overlay-type":"","overlay-color":"","overlay-opacity":"","overlay-gradient":""},"tablet":{"background-color":"","background-image":"","background-repeat":"repeat","background-position":"center center","background-size":"auto","background-attachment":"scroll","background-type":"","background-media":"","overlay-type":"","overlay-color":"","overlay-opacity":"","overlay-gradient":""},"mobile":{"background-color":"","background-image":"","background-repeat":"repeat","background-position":"center center","background-size":"auto","background-attachment":"scroll","background-type":"","background-media":"","overlay-type":"","overlay-color":"","overlay-opacity":"","overlay-gradient":""}},"ast-content-background-meta":{"desktop":{"background-color":"var(--ast-global-color-5)","background-image":"","background-repeat":"repeat","background-position":"center center","background-size":"auto","background-attachment":"scroll","background-type":"","background-media":"","overlay-type":"","overlay-color":"","overlay-opacity":"","overlay-gradient":""},"tablet":{"background-color":"var(--ast-global-color-5)","background-image":"","background-repeat":"repeat","background-position":"center center","background-size":"auto","background-attachment":"scroll","background-type":"","background-media":"","overlay-type":"","overlay-color":"","overlay-opacity":"","overlay-gradient":""},"mobile":{"background-color":"var(--ast-global-color-5)","background-image":"","background-repeat":"repeat","background-position":"center center","background-size":"auto","background-attachment":"scroll","background-type":"","background-media":"","overlay-type":"","overlay-color":"","overlay-opacity":"","overlay-gradient":""}},"footnotes":""},"categories":[6],"tags":[],"class_list":["post-3842","post","type-post","status-publish","format-aside","hentry","category-sections","post_format-post-format-aside"],"yoast_head":"<!-- This site is optimized with the Yoast SEO plugin v27.5 - https:\/\/yoast.com\/product\/yoast-seo-wordpress\/ -->\n<title>week-end du 16 et 17 juin - Janz\u00e9 Athl\u00e9tisme<\/title>\n<meta name=\"robots\" content=\"index, follow, max-snippet:-1, max-image-preview:large, max-video-preview:-1\" \/>\n<link rel=\"canonical\" href=\"https:\/\/janze-athletisme.fr\/wordpress\/week-end-16-17-juin\/\" \/>\n<meta property=\"og:locale\" content=\"fr_FR\" \/>\n<meta property=\"og:type\" content=\"article\" \/>\n<meta property=\"og:title\" content=\"week-end du 16 et 17 juin - Janz\u00e9 Athl\u00e9tisme\" \/>\n<meta property=\"og:description\" content=\"Championnat de France masters Nos deux masters Christophe B. et Wilfrid L. ont particip\u00e9 ce weekend au championnat de France masters, qui se d\u00e9roulait \u00e0 Angers. Christophe, en habitu\u00e9 du d\u00e9cathlon, \u00e9tait engag\u00e9 sur trois \u00e9preuves (sauts en hauteur et longueur, et 200m), alors que Wilfrid \u00e9tait engag\u00e9 uniquement sur le 3000m steeple. Ce dernier [&hellip;]\" \/>\n<meta property=\"og:url\" content=\"https:\/\/janze-athletisme.fr\/wordpress\/week-end-16-17-juin\/\" \/>\n<meta property=\"og:site_name\" content=\"Janz\u00e9 Athl\u00e9tisme\" \/>\n<meta property=\"article:publisher\" content=\"https:\/\/www.facebook.com\/groups\/1007964579346590\" \/>\n<meta property=\"article:published_time\" content=\"2018-06-18T16:40:39+00:00\" \/>\n<meta property=\"article:modified_time\" content=\"2018-06-23T19:23:05+00:00\" \/>\n<meta property=\"og:image\" content=\"http:\/\/janze-athletisme.fr\/wordpress\/wp-content\/uploads\/2018\/06\/masters.jpg\" \/>\n<meta name=\"author\" content=\"Anthony\" \/>\n<meta name=\"twitter:card\" content=\"summary_large_image\" \/>\n<meta name=\"twitter:label1\" content=\"\u00c9crit par\" \/>\n\t<meta name=\"twitter:data1\" content=\"Anthony\" \/>\n\t<meta name=\"twitter:label2\" content=\"Dur\u00e9e de lecture estim\u00e9e\" \/>\n\t<meta name=\"twitter:data2\" content=\"2 minutes\" \/>\n<script type=\"application\/ld+json\" class=\"yoast-schema-graph\">{\"@context\":\"https:\\\/\\\/schema.org\",\"@graph\":[{\"@type\":\"Article\",\"@id\":\"https:\\\/\\\/janze-athletisme.fr\\\/wordpress\\\/week-end-16-17-juin\\\/#article\",\"isPartOf\":{\"@id\":\"https:\\\/\\\/janze-athletisme.fr\\\/wordpress\\\/week-end-16-17-juin\\\/\"},\"author\":{\"name\":\"Anthony\",\"@id\":\"https:\\\/\\\/janze-athletisme.fr\\\/wordpress\\\/#\\\/schema\\\/person\\\/525a6358d0c70a5cca90d6e8619f0453\"},\"headline\":\"week-end du 16 et 17 juin\",\"datePublished\":\"2018-06-18T16:40:39+00:00\",\"dateModified\":\"2018-06-23T19:23:05+00:00\",\"mainEntityOfPage\":{\"@id\":\"https:\\\/\\\/janze-athletisme.fr\\\/wordpress\\\/week-end-16-17-juin\\\/\"},\"wordCount\":370,\"commentCount\":0,\"publisher\":{\"@id\":\"https:\\\/\\\/janze-athletisme.fr\\\/wordpress\\\/#organization\"},\"image\":{\"@id\":\"https:\\\/\\\/janze-athletisme.fr\\\/wordpress\\\/week-end-16-17-juin\\\/#primaryimage\"},\"thumbnailUrl\":\"http:\\\/\\\/janze-athletisme.fr\\\/wordpress\\\/wp-content\\\/uploads\\\/2018\\\/06\\\/masters.jpg\",\"articleSection\":[\"Le club au jour le jour\"],\"inLanguage\":\"fr-FR\",\"potentialAction\":[{\"@type\":\"CommentAction\",\"name\":\"Comment\",\"target\":[\"https:\\\/\\\/janze-athletisme.fr\\\/wordpress\\\/week-end-16-17-juin\\\/#respond\"]}]},{\"@type\":\"WebPage\",\"@id\":\"https:\\\/\\\/janze-athletisme.fr\\\/wordpress\\\/week-end-16-17-juin\\\/\",\"url\":\"https:\\\/\\\/janze-athletisme.fr\\\/wordpress\\\/week-end-16-17-juin\\\/\",\"name\":\"week-end du 16 et 17 juin - Janz\u00e9 Athl\u00e9tisme\",\"isPartOf\":{\"@id\":\"https:\\\/\\\/janze-athletisme.fr\\\/wordpress\\\/#website\"},\"primaryImageOfPage\":{\"@id\":\"https:\\\/\\\/janze-athletisme.fr\\\/wordpress\\\/week-end-16-17-juin\\\/#primaryimage\"},\"image\":{\"@id\":\"https:\\\/\\\/janze-athletisme.fr\\\/wordpress\\\/week-end-16-17-juin\\\/#primaryimage\"},\"thumbnailUrl\":\"http:\\\/\\\/janze-athletisme.fr\\\/wordpress\\\/wp-content\\\/uploads\\\/2018\\\/06\\\/masters.jpg\",\"datePublished\":\"2018-06-18T16:40:39+00:00\",\"dateModified\":\"2018-06-23T19:23:05+00:00\",\"breadcrumb\":{\"@id\":\"https:\\\/\\\/janze-athletisme.fr\\\/wordpress\\\/week-end-16-17-juin\\\/#breadcrumb\"},\"inLanguage\":\"fr-FR\",\"potentialAction\":[{\"@type\":\"ReadAction\",\"target\":[\"https:\\\/\\\/janze-athletisme.fr\\\/wordpress\\\/week-end-16-17-juin\\\/\"]}]},{\"@type\":\"ImageObject\",\"inLanguage\":\"fr-FR\",\"@id\":\"https:\\\/\\\/janze-athletisme.fr\\\/wordpress\\\/week-end-16-17-juin\\\/#primaryimage\",\"url\":\"http:\\\/\\\/janze-athletisme.fr\\\/wordpress\\\/wp-content\\\/uploads\\\/2018\\\/06\\\/masters.jpg\",\"contentUrl\":\"http:\\\/\\\/janze-athletisme.fr\\\/wordpress\\\/wp-content\\\/uploads\\\/2018\\\/06\\\/masters.jpg\"},{\"@type\":\"BreadcrumbList\",\"@id\":\"https:\\\/\\\/janze-athletisme.fr\\\/wordpress\\\/week-end-16-17-juin\\\/#breadcrumb\",\"itemListElement\":[{\"@type\":\"ListItem\",\"position\":1,\"name\":\"Accueil\",\"item\":\"https:\\\/\\\/janze-athletisme.fr\\\/wordpress\\\/\"},{\"@type\":\"ListItem\",\"position\":2,\"name\":\"week-end du 16 et 17 juin\"}]},{\"@type\":\"WebSite\",\"@id\":\"https:\\\/\\\/janze-athletisme.fr\\\/wordpress\\\/#website\",\"url\":\"https:\\\/\\\/janze-athletisme.fr\\\/wordpress\\\/\",\"name\":\"Janz\u00e9 Athl\u00e9tisme\",\"description\":\"Pays de La Roche aux F\u00e9es\",\"publisher\":{\"@id\":\"https:\\\/\\\/janze-athletisme.fr\\\/wordpress\\\/#organization\"},\"potentialAction\":[{\"@type\":\"SearchAction\",\"target\":{\"@type\":\"EntryPoint\",\"urlTemplate\":\"https:\\\/\\\/janze-athletisme.fr\\\/wordpress\\\/?s={search_term_string}\"},\"query-input\":{\"@type\":\"PropertyValueSpecification\",\"valueRequired\":true,\"valueName\":\"search_term_string\"}}],\"inLanguage\":\"fr-FR\"},{\"@type\":\"Organization\",\"@id\":\"https:\\\/\\\/janze-athletisme.fr\\\/wordpress\\\/#organization\",\"name\":\"Janz\u00e9 Athl\u00e9tisme\",\"url\":\"https:\\\/\\\/janze-athletisme.fr\\\/wordpress\\\/\",\"logo\":{\"@type\":\"ImageObject\",\"inLanguage\":\"fr-FR\",\"@id\":\"https:\\\/\\\/janze-athletisme.fr\\\/wordpress\\\/#\\\/schema\\\/logo\\\/image\\\/\",\"url\":\"https:\\\/\\\/janze-athletisme.fr\\\/wordpress\\\/wp-content\\\/uploads\\\/2015\\\/03\\\/logo-full1.jpg\",\"contentUrl\":\"https:\\\/\\\/janze-athletisme.fr\\\/wordpress\\\/wp-content\\\/uploads\\\/2015\\\/03\\\/logo-full1.jpg\",\"width\":437,\"height\":205,\"caption\":\"Janz\u00e9 Athl\u00e9tisme\"},\"image\":{\"@id\":\"https:\\\/\\\/janze-athletisme.fr\\\/wordpress\\\/#\\\/schema\\\/logo\\\/image\\\/\"},\"sameAs\":[\"https:\\\/\\\/www.facebook.com\\\/groups\\\/1007964579346590\"]},{\"@type\":\"Person\",\"@id\":\"https:\\\/\\\/janze-athletisme.fr\\\/wordpress\\\/#\\\/schema\\\/person\\\/525a6358d0c70a5cca90d6e8619f0453\",\"name\":\"Anthony\",\"image\":{\"@type\":\"ImageObject\",\"inLanguage\":\"fr-FR\",\"@id\":\"https:\\\/\\\/secure.gravatar.com\\\/avatar\\\/532191f4fe4dd4049862f967bad2fe3582467d09a23b1e5c976a11e7665d2423?s=96&d=mm&r=g\",\"url\":\"https:\\\/\\\/secure.gravatar.com\\\/avatar\\\/532191f4fe4dd4049862f967bad2fe3582467d09a23b1e5c976a11e7665d2423?s=96&d=mm&r=g\",\"contentUrl\":\"https:\\\/\\\/secure.gravatar.com\\\/avatar\\\/532191f4fe4dd4049862f967bad2fe3582467d09a23b1e5c976a11e7665d2423?s=96&d=mm&r=g\",\"caption\":\"Anthony\"},\"url\":\"https:\\\/\\\/janze-athletisme.fr\\\/wordpress\\\/author\\\/anjuvin\\\/\"}]}<\/script>\n<!-- \/ Yoast SEO plugin. -->","yoast_head_json":{"title":"week-end du 16 et 17 juin - Janz\u00e9 Athl\u00e9tisme","robots":{"index":"index","follow":"follow","max-snippet":"max-snippet:-1","max-image-preview":"max-image-preview:large","max-video-preview":"max-video-preview:-1"},"canonical":"https:\/\/janze-athletisme.fr\/wordpress\/week-end-16-17-juin\/","og_locale":"fr_FR","og_type":"article","og_title":"week-end du 16 et 17 juin - Janz\u00e9 Athl\u00e9tisme","og_description":"Championnat de France masters Nos deux masters Christophe B. et Wilfrid L. ont particip\u00e9 ce weekend au championnat de France masters, qui se d\u00e9roulait \u00e0 Angers. Christophe, en habitu\u00e9 du d\u00e9cathlon, \u00e9tait engag\u00e9 sur trois \u00e9preuves (sauts en hauteur et longueur, et 200m), alors que Wilfrid \u00e9tait engag\u00e9 uniquement sur le 3000m steeple. Ce dernier [&hellip;]","og_url":"https:\/\/janze-athletisme.fr\/wordpress\/week-end-16-17-juin\/","og_site_name":"Janz\u00e9 Athl\u00e9tisme","article_publisher":"https:\/\/www.facebook.com\/groups\/1007964579346590","article_published_time":"2018-06-18T16:40:39+00:00","article_modified_time":"2018-06-23T19:23:05+00:00","og_image":[{"url":"http:\/\/janze-athletisme.fr\/wordpress\/wp-content\/uploads\/2018\/06\/masters.jpg","type":"","width":"","height":""}],"author":"Anthony","twitter_card":"summary_large_image","twitter_misc":{"\u00c9crit par":"Anthony","Dur\u00e9e de lecture estim\u00e9e":"2 minutes"},"schema":{"@context":"https:\/\/schema.org","@graph":[{"@type":"Article","@id":"https:\/\/janze-athletisme.fr\/wordpress\/week-end-16-17-juin\/#article","isPartOf":{"@id":"https:\/\/janze-athletisme.fr\/wordpress\/week-end-16-17-juin\/"},"author":{"name":"Anthony","@id":"https:\/\/janze-athletisme.fr\/wordpress\/#\/schema\/person\/525a6358d0c70a5cca90d6e8619f0453"},"headline":"week-end du 16 et 17 juin","datePublished":"2018-06-18T16:40:39+00:00","dateModified":"2018-06-23T19:23:05+00:00","mainEntityOfPage":{"@id":"https:\/\/janze-athletisme.fr\/wordpress\/week-end-16-17-juin\/"},"wordCount":370,"commentCount":0,"publisher":{"@id":"https:\/\/janze-athletisme.fr\/wordpress\/#organization"},"image":{"@id":"https:\/\/janze-athletisme.fr\/wordpress\/week-end-16-17-juin\/#primaryimage"},"thumbnailUrl":"http:\/\/janze-athletisme.fr\/wordpress\/wp-content\/uploads\/2018\/06\/masters.jpg","articleSection":["Le club au jour le jour"],"inLanguage":"fr-FR","potentialAction":[{"@type":"CommentAction","name":"Comment","target":["https:\/\/janze-athletisme.fr\/wordpress\/week-end-16-17-juin\/#respond"]}]},{"@type":"WebPage","@id":"https:\/\/janze-athletisme.fr\/wordpress\/week-end-16-17-juin\/","url":"https:\/\/janze-athletisme.fr\/wordpress\/week-end-16-17-juin\/","name":"week-end du 16 et 17 juin - Janz\u00e9 Athl\u00e9tisme","isPartOf":{"@id":"https:\/\/janze-athletisme.fr\/wordpress\/#website"},"primaryImageOfPage":{"@id":"https:\/\/janze-athletisme.fr\/wordpress\/week-end-16-17-juin\/#primaryimage"},"image":{"@id":"https:\/\/janze-athletisme.fr\/wordpress\/week-end-16-17-juin\/#primaryimage"},"thumbnailUrl":"http:\/\/janze-athletisme.fr\/wordpress\/wp-content\/uploads\/2018\/06\/masters.jpg","datePublished":"2018-06-18T16:40:39+00:00","dateModified":"2018-06-23T19:23:05+00:00","breadcrumb":{"@id":"https:\/\/janze-athletisme.fr\/wordpress\/week-end-16-17-juin\/#breadcrumb"},"inLanguage":"fr-FR","potentialAction":[{"@type":"ReadAction","target":["https:\/\/janze-athletisme.fr\/wordpress\/week-end-16-17-juin\/"]}]},{"@type":"ImageObject","inLanguage":"fr-FR","@id":"https:\/\/janze-athletisme.fr\/wordpress\/week-end-16-17-juin\/#primaryimage","url":"http:\/\/janze-athletisme.fr\/wordpress\/wp-content\/uploads\/2018\/06\/masters.jpg","contentUrl":"http:\/\/janze-athletisme.fr\/wordpress\/wp-content\/uploads\/2018\/06\/masters.jpg"},{"@type":"BreadcrumbList","@id":"https:\/\/janze-athletisme.fr\/wordpress\/week-end-16-17-juin\/#breadcrumb","itemListElement":[{"@type":"ListItem","position":1,"name":"Accueil","item":"https:\/\/janze-athletisme.fr\/wordpress\/"},{"@type":"ListItem","position":2,"name":"week-end du 16 et 17 juin"}]},{"@type":"WebSite","@id":"https:\/\/janze-athletisme.fr\/wordpress\/#website","url":"https:\/\/janze-athletisme.fr\/wordpress\/","name":"Janz\u00e9 Athl\u00e9tisme","description":"Pays de La Roche aux F\u00e9es","publisher":{"@id":"https:\/\/janze-athletisme.fr\/wordpress\/#organization"},"potentialAction":[{"@type":"SearchAction","target":{"@type":"EntryPoint","urlTemplate":"https:\/\/janze-athletisme.fr\/wordpress\/?s={search_term_string}"},"query-input":{"@type":"PropertyValueSpecification","valueRequired":true,"valueName":"search_term_string"}}],"inLanguage":"fr-FR"},{"@type":"Organization","@id":"https:\/\/janze-athletisme.fr\/wordpress\/#organization","name":"Janz\u00e9 Athl\u00e9tisme","url":"https:\/\/janze-athletisme.fr\/wordpress\/","logo":{"@type":"ImageObject","inLanguage":"fr-FR","@id":"https:\/\/janze-athletisme.fr\/wordpress\/#\/schema\/logo\/image\/","url":"https:\/\/janze-athletisme.fr\/wordpress\/wp-content\/uploads\/2015\/03\/logo-full1.jpg","contentUrl":"https:\/\/janze-athletisme.fr\/wordpress\/wp-content\/uploads\/2015\/03\/logo-full1.jpg","width":437,"height":205,"caption":"Janz\u00e9 Athl\u00e9tisme"},"image":{"@id":"https:\/\/janze-athletisme.fr\/wordpress\/#\/schema\/logo\/image\/"},"sameAs":["https:\/\/www.facebook.com\/groups\/1007964579346590"]},{"@type":"Person","@id":"https:\/\/janze-athletisme.fr\/wordpress\/#\/schema\/person\/525a6358d0c70a5cca90d6e8619f0453","name":"Anthony","image":{"@type":"ImageObject","inLanguage":"fr-FR","@id":"https:\/\/secure.gravatar.com\/avatar\/532191f4fe4dd4049862f967bad2fe3582467d09a23b1e5c976a11e7665d2423?s=96&d=mm&r=g","url":"https:\/\/secure.gravatar.com\/avatar\/532191f4fe4dd4049862f967bad2fe3582467d09a23b1e5c976a11e7665d2423?s=96&d=mm&r=g","contentUrl":"https:\/\/secure.gravatar.com\/avatar\/532191f4fe4dd4049862f967bad2fe3582467d09a23b1e5c976a11e7665d2423?s=96&d=mm&r=g","caption":"Anthony"},"url":"https:\/\/janze-athletisme.fr\/wordpress\/author\/anjuvin\/"}]}},"uagb_featured_image_src":{"full":false,"thumbnail":false,"medium":false,"medium_large":false,"large":false,"1536x1536":false,"2048x2048":false},"uagb_author_info":{"display_name":"Anthony","author_link":"https:\/\/janze-athletisme.fr\/wordpress\/author\/anjuvin\/"},"uagb_comment_info":0,"uagb_excerpt":"Championnat de France masters Nos deux masters Christophe B. et Wilfrid L. ont particip\u00e9 ce weekend au championnat de France masters, qui se d\u00e9roulait \u00e0 Angers. Christophe, en habitu\u00e9 du d\u00e9cathlon, \u00e9tait engag\u00e9 sur trois \u00e9preuves (sauts en hauteur et longueur, et 200m), alors que Wilfrid \u00e9tait engag\u00e9 uniquement sur le 3000m steeple. Ce dernier\u2026","_links":{"self":[{"href":"https:\/\/janze-athletisme.fr\/wordpress\/wp-json\/wp\/v2\/posts\/3842","targetHints":{"allow":["GET"]}}],"collection":[{"href":"https:\/\/janze-athletisme.fr\/wordpress\/wp-json\/wp\/v2\/posts"}],"about":[{"href":"https:\/\/janze-athletisme.fr\/wordpress\/wp-json\/wp\/v2\/types\/post"}],"author":[{"embeddable":true,"href":"https:\/\/janze-athletisme.fr\/wordpress\/wp-json\/wp\/v2\/users\/4"}],"replies":[{"embeddable":true,"href":"https:\/\/janze-athletisme.fr\/wordpress\/wp-json\/wp\/v2\/comments?post=3842"}],"version-history":[{"count":6,"href":"https:\/\/janze-athletisme.fr\/wordpress\/wp-json\/wp\/v2\/posts\/3842\/revisions"}],"predecessor-version":[{"id":3851,"href":"https:\/\/janze-athletisme.fr\/wordpress\/wp-json\/wp\/v2\/posts\/3842\/revisions\/3851"}],"wp:attachment":[{"href":"https:\/\/janze-athletisme.fr\/wordpress\/wp-json\/wp\/v2\/media?parent=3842"}],"wp:term":[{"taxonomy":"category","embeddable":true,"href":"https:\/\/janze-athletisme.fr\/wordpress\/wp-json\/wp\/v2\/categories?post=3842"},{"taxonomy":"post_tag","embeddable":true,"href":"https:\/\/janze-athletisme.fr\/wordpress\/wp-json\/wp\/v2\/tags?post=3842"}],"curies":[{"name":"wp","href":"https:\/\/api.w.org\/{rel}","templated":true}]}}