{"id":3830,"date":"2018-06-15T23:42:43","date_gmt":"2018-06-15T21:42:43","guid":{"rendered":"http:\/\/janze-athletisme.fr\/wordpress\/?p=3830"},"modified":"2018-06-16T00:25:43","modified_gmt":"2018-06-15T22:25:43","slug":"chpt-departemental-09-10-06-18","status":"publish","type":"post","link":"https:\/\/janze-athletisme.fr\/wordpress\/chpt-departemental-09-10-06-18\/","title":{"rendered":"Chpt d\u00e9partemental &#8211; 09 et 10.06.18"},"content":{"rendered":"<h1 style=\"text-align: center;\"><span style=\"text-decoration: underline;\"><strong><span style=\"color: #ff0000; text-decoration: underline;\">Championnat d\u00e9partemental sur piste<\/span><\/strong><\/span><\/h1>\n<p><img loading=\"lazy\" decoding=\"async\" class=\"aligncenter wp-image-3834\" src=\"http:\/\/janze-athletisme.fr\/wordpress\/wp-content\/uploads\/2018\/06\/P1060985-1024x768.jpg\" alt=\"\" width=\"481\" height=\"361\" srcset=\"https:\/\/janze-athletisme.fr\/wordpress\/wp-content\/uploads\/2018\/06\/P1060985-1024x768.jpg 1024w, https:\/\/janze-athletisme.fr\/wordpress\/wp-content\/uploads\/2018\/06\/P1060985-300x225.jpg 300w, https:\/\/janze-athletisme.fr\/wordpress\/wp-content\/uploads\/2018\/06\/P1060985-768x576.jpg 768w, https:\/\/janze-athletisme.fr\/wordpress\/wp-content\/uploads\/2018\/06\/P1060985-1x1.jpg 1w\" sizes=\"auto, (max-width: 481px) 100vw, 481px\" \/><\/p>\n<p><span style=\"color: #000000;\">Samedi 9 juin, malgr\u00e9 une m\u00e9t\u00e9o mena\u00e7ante (vigilance orange aux orages), ce sont les benjamins qui ont lanc\u00e9 le weekend de championnat d\u00e9partemental sur piste \u00e0 Cesson-S\u00e9vign\u00e9. Nous avions 8 jeunes janz\u00e9ens \u00e0 y participer. Ils ont r\u00e9ussi \u00e0 battre 9 de leurs records personnels, et monter sur le podium pour <strong>Mathis P.<\/strong> qui termine 3\u00e8me d\u00e9partemental au saut en hauteur avec un saut \u00e0 1,37m. En plus de leurs \u00e9preuves individuelles,\u00a0<strong>Nina G., La\u00efs M., Margaux B.<\/strong> et <strong>Azilys R.<\/strong> ont particip\u00e9 au relais de 4*60m, qu&rsquo;elles terminent en 37&Prime;95.<\/span><\/p>\n<p><span style=\"color: #000000;\">Les benjamins ont laiss\u00e9 la place aux minimes l&rsquo;apr\u00e8s-midi, avec nos 6 repr\u00e9sentants janz\u00e9ens. Notons la belle perf d&rsquo;<strong>Augustin J.<\/strong> au marteau 4kg, qu&rsquo;il lance \u00e0 27,27m. Cette perf lui permet d&rsquo;obtenir la m\u00e9daille d&rsquo;argent au marteau, qui vient compl\u00e9ter la m\u00e9daille de bronze qu&rsquo;il gagne au saut \u00e0 la perche ! Un record perso d&rsquo;<strong>Enzo P.<\/strong> au 50m. Du c\u00f4t\u00e9 des filles, Janz\u00e9 athl\u00e9 remporte aussi deux m\u00e9dailles avec\u00a0<strong>Sandra L.<\/strong>, qui finit 3\u00e8me d\u00e9partementale aux lancers de disque et de javelot. Premi\u00e8re comp\u00e9tition pour <strong>Yuna R.<\/strong>, qui r\u00e9alise ainsi 3 nouvelles performances \u00e0 am\u00e9liorer la saison prochaine ! En fin de comp\u00e9tition,\u00a0<strong>\u00a0Sandra L.<\/strong>,\u00a0<strong>Yuna R<\/strong>. et <strong>Emma T.<\/strong> se sont jointes \u00e0 <strong>Marianne P.<\/strong> (de l&rsquo;AC Cesson) pour monter un relais 4*60m, qu&rsquo;elles courront en 36&Prime;40 (la chute de t\u00e9moin en cours de route, \u00e7a n&rsquo;aide pas !).\u00a0<\/span><\/p>\n<p><span style=\"color: #000000;\">Enfin, la soir\u00e9e de samedi et la journ\u00e9e de dimanche \u00e9taient consacr\u00e9es aux cadets et plus. Cette ann\u00e9e, ce sont 24 athl\u00e8tes de Janz\u00e9 athl\u00e9 qui ont particip\u00e9, de la cat\u00e9gorie cadets aux masters&#8230; un record ! Bilan : 4 podiums, parmi lesquels celui de <strong>K\u00e9wan R.<\/strong>, nouveau champion d\u00e9partemental cadet du 3000m en 9&rsquo;29\u00a0\u00bb44, et ceux de <strong>K\u00e9ven G.<\/strong>, 3\u00e8me JU au 1500m, de\u00a0<strong>Dryss J.,\u00a0<\/strong>3\u00e8me CA au 400m, et d&rsquo;<strong>Owen L.<\/strong>\u00a0, 3\u00e8me JU au 100m. Nous remarquerons aussi plusieurs nouveaux records du club toutes cat\u00e9gories confondues, comme celui de <strong>Chlo\u00eb J<\/strong>. au 1500m. On ne changera que le pr\u00e9nom, car la pr\u00e9c\u00e9dente d\u00e9tentrice de ce record club n&rsquo;\u00e9tait autre que sa maman <strong>St\u00e9phanie<\/strong> ! Record club \u00e9galement pour<strong>\u00a0Jade D.<\/strong> au 400m (qui remplace le record de <strong>C\u00e9line L.<\/strong>), et de <strong>K\u00e9ven G.<\/strong> (qui am\u00e9liore son propre record au 800m, et d\u00e9tr\u00f4ne <strong>Wilfrid L<\/strong>. de peu au 1500m).<\/span><\/p>\n<p><span style=\"color: #000000;\">Un grand BRAVO \u00e0 tous les participants!!!! Et merci aux jurys du weekend (<strong>Laurine C., Adrien B., Fran\u00e7ois R., Wilfrid L., Christelle E.<\/strong> et <strong>Manu E.<\/strong>), aux entra\u00eeneurs et aux supporters !<\/span><\/p>\n<p><span style=\"color: #000000;\">Photos des BE-MI : <span style=\"text-decoration: underline;\"><a href=\"https:\/\/photos.app.goo.gl\/ZbY2Hmado5JJyZiF7\"><strong><span style=\"color: #ff0000; text-decoration: underline;\">CLIC !<\/span><\/strong><\/a><\/span><\/span><\/p>\n<p><span style=\"color: #000000;\">Photos des CA et plus :<span style=\"text-decoration: underline;\"><a href=\"https:\/\/photos.app.goo.gl\/zf1jrP5Ew5D7pVyR9\"><strong><span style=\"color: #ff0000; text-decoration: underline;\"> CLIC !<\/span><\/strong><\/a><\/span><\/span><\/p>\n<p><span style=\"color: #000000;\"><img loading=\"lazy\" decoding=\"async\" class=\"aligncenter size-large wp-image-3831\" src=\"http:\/\/janze-athletisme.fr\/wordpress\/wp-content\/uploads\/2018\/06\/mbohjjbiignbjjle-563x1024.png\" alt=\"\" width=\"563\" height=\"1024\" srcset=\"https:\/\/janze-athletisme.fr\/wordpress\/wp-content\/uploads\/2018\/06\/mbohjjbiignbjjle-563x1024.png 563w, https:\/\/janze-athletisme.fr\/wordpress\/wp-content\/uploads\/2018\/06\/mbohjjbiignbjjle-165x300.png 165w, https:\/\/janze-athletisme.fr\/wordpress\/wp-content\/uploads\/2018\/06\/mbohjjbiignbjjle-1x1.png 1w, https:\/\/janze-athletisme.fr\/wordpress\/wp-content\/uploads\/2018\/06\/mbohjjbiignbjjle.png 755w\" sizes=\"auto, (max-width: 563px) 100vw, 563px\" \/><\/span><\/p>\n","protected":false},"excerpt":{"rendered":"<p>Championnat d\u00e9partemental sur piste Samedi 9 juin, malgr\u00e9 une m\u00e9t\u00e9o mena\u00e7ante (vigilance orange aux orages), ce sont les benjamins qui ont lanc\u00e9 le weekend de championnat d\u00e9partemental sur piste \u00e0 Cesson-S\u00e9vign\u00e9. Nous avions 8 jeunes janz\u00e9ens \u00e0 y participer. Ils ont r\u00e9ussi \u00e0 battre 9 de leurs records personnels, et monter sur le podium pour [&hellip;]<\/p>\n","protected":false},"author":3,"featured_media":0,"comment_status":"open","ping_status":"open","sticky":false,"template":"","format":"aside","meta":{"_uag_custom_page_level_css":"","site-sidebar-layout":"default","site-content-layout":"","ast-site-content-layout":"default","site-content-style":"default","site-sidebar-style":"default","ast-global-header-display":"","ast-banner-title-visibility":"","ast-main-header-display":"","ast-hfb-above-header-display":"","ast-hfb-below-header-display":"","ast-hfb-mobile-header-display":"","site-post-title":"","ast-breadcrumbs-content":"","ast-featured-img":"","footer-sml-layout":"","ast-disable-related-posts":"","theme-transparent-header-meta":"","adv-header-id-meta":"","stick-header-meta":"","header-above-stick-meta":"","header-main-stick-meta":"","header-below-stick-meta":"","astra-migrate-meta-layouts":"default","ast-page-background-enabled":"default","ast-page-background-meta":{"desktop":{"background-color":"var(--ast-global-color-4)","background-image":"","background-repeat":"repeat","background-position":"center center","background-size":"auto","background-attachment":"scroll","background-type":"","background-media":"","overlay-type":"","overlay-color":"","overlay-opacity":"","overlay-gradient":""},"tablet":{"background-color":"","background-image":"","background-repeat":"repeat","background-position":"center center","background-size":"auto","background-attachment":"scroll","background-type":"","background-media":"","overlay-type":"","overlay-color":"","overlay-opacity":"","overlay-gradient":""},"mobile":{"background-color":"","background-image":"","background-repeat":"repeat","background-position":"center center","background-size":"auto","background-attachment":"scroll","background-type":"","background-media":"","overlay-type":"","overlay-color":"","overlay-opacity":"","overlay-gradient":""}},"ast-content-background-meta":{"desktop":{"background-color":"var(--ast-global-color-5)","background-image":"","background-repeat":"repeat","background-position":"center center","background-size":"auto","background-attachment":"scroll","background-type":"","background-media":"","overlay-type":"","overlay-color":"","overlay-opacity":"","overlay-gradient":""},"tablet":{"background-color":"var(--ast-global-color-5)","background-image":"","background-repeat":"repeat","background-position":"center center","background-size":"auto","background-attachment":"scroll","background-type":"","background-media":"","overlay-type":"","overlay-color":"","overlay-opacity":"","overlay-gradient":""},"mobile":{"background-color":"var(--ast-global-color-5)","background-image":"","background-repeat":"repeat","background-position":"center center","background-size":"auto","background-attachment":"scroll","background-type":"","background-media":"","overlay-type":"","overlay-color":"","overlay-opacity":"","overlay-gradient":""}},"footnotes":""},"categories":[6],"tags":[],"class_list":["post-3830","post","type-post","status-publish","format-aside","hentry","category-sections","post_format-post-format-aside"],"yoast_head":"<!-- This site is optimized with the Yoast SEO plugin v27.4 - https:\/\/yoast.com\/product\/yoast-seo-wordpress\/ -->\n<title>Chpt d\u00e9partemental - 09 et 10.06.18 - Janz\u00e9 Athl\u00e9tisme<\/title>\n<meta name=\"robots\" content=\"index, follow, max-snippet:-1, max-image-preview:large, max-video-preview:-1\" \/>\n<link rel=\"canonical\" href=\"https:\/\/janze-athletisme.fr\/wordpress\/chpt-departemental-09-10-06-18\/\" \/>\n<meta property=\"og:locale\" content=\"fr_FR\" \/>\n<meta property=\"og:type\" content=\"article\" \/>\n<meta property=\"og:title\" content=\"Chpt d\u00e9partemental - 09 et 10.06.18 - Janz\u00e9 Athl\u00e9tisme\" \/>\n<meta property=\"og:description\" content=\"Championnat d\u00e9partemental sur piste Samedi 9 juin, malgr\u00e9 une m\u00e9t\u00e9o mena\u00e7ante (vigilance orange aux orages), ce sont les benjamins qui ont lanc\u00e9 le weekend de championnat d\u00e9partemental sur piste \u00e0 Cesson-S\u00e9vign\u00e9. Nous avions 8 jeunes janz\u00e9ens \u00e0 y participer. Ils ont r\u00e9ussi \u00e0 battre 9 de leurs records personnels, et monter sur le podium pour [&hellip;]\" \/>\n<meta property=\"og:url\" content=\"https:\/\/janze-athletisme.fr\/wordpress\/chpt-departemental-09-10-06-18\/\" \/>\n<meta property=\"og:site_name\" content=\"Janz\u00e9 Athl\u00e9tisme\" \/>\n<meta property=\"article:publisher\" content=\"https:\/\/www.facebook.com\/groups\/1007964579346590\" \/>\n<meta property=\"article:published_time\" content=\"2018-06-15T21:42:43+00:00\" \/>\n<meta property=\"article:modified_time\" content=\"2018-06-15T22:25:43+00:00\" \/>\n<meta property=\"og:image\" content=\"http:\/\/janze-athletisme.fr\/wordpress\/wp-content\/uploads\/2018\/06\/P1060985-1024x768.jpg\" \/>\n<meta name=\"author\" content=\"Fr\u00e9d\u00e9ric Graye\" \/>\n<meta name=\"twitter:card\" content=\"summary_large_image\" \/>\n<meta name=\"twitter:label1\" content=\"\u00c9crit par\" \/>\n\t<meta name=\"twitter:data1\" content=\"Fr\u00e9d\u00e9ric Graye\" \/>\n\t<meta name=\"twitter:label2\" content=\"Dur\u00e9e de lecture estim\u00e9e\" \/>\n\t<meta name=\"twitter:data2\" content=\"2 minutes\" \/>\n<script type=\"application\/ld+json\" class=\"yoast-schema-graph\">{\"@context\":\"https:\\\/\\\/schema.org\",\"@graph\":[{\"@type\":\"Article\",\"@id\":\"https:\\\/\\\/janze-athletisme.fr\\\/wordpress\\\/chpt-departemental-09-10-06-18\\\/#article\",\"isPartOf\":{\"@id\":\"https:\\\/\\\/janze-athletisme.fr\\\/wordpress\\\/chpt-departemental-09-10-06-18\\\/\"},\"author\":{\"name\":\"Fr\u00e9d\u00e9ric Graye\",\"@id\":\"https:\\\/\\\/janze-athletisme.fr\\\/wordpress\\\/#\\\/schema\\\/person\\\/d0d91611dc85e1635e00511152f92f6c\"},\"headline\":\"Chpt d\u00e9partemental &#8211; 09 et 10.06.18\",\"datePublished\":\"2018-06-15T21:42:43+00:00\",\"dateModified\":\"2018-06-15T22:25:43+00:00\",\"mainEntityOfPage\":{\"@id\":\"https:\\\/\\\/janze-athletisme.fr\\\/wordpress\\\/chpt-departemental-09-10-06-18\\\/\"},\"wordCount\":468,\"commentCount\":0,\"publisher\":{\"@id\":\"https:\\\/\\\/janze-athletisme.fr\\\/wordpress\\\/#organization\"},\"image\":{\"@id\":\"https:\\\/\\\/janze-athletisme.fr\\\/wordpress\\\/chpt-departemental-09-10-06-18\\\/#primaryimage\"},\"thumbnailUrl\":\"http:\\\/\\\/janze-athletisme.fr\\\/wordpress\\\/wp-content\\\/uploads\\\/2018\\\/06\\\/P1060985-1024x768.jpg\",\"articleSection\":[\"Le club au jour le jour\"],\"inLanguage\":\"fr-FR\",\"potentialAction\":[{\"@type\":\"CommentAction\",\"name\":\"Comment\",\"target\":[\"https:\\\/\\\/janze-athletisme.fr\\\/wordpress\\\/chpt-departemental-09-10-06-18\\\/#respond\"]}]},{\"@type\":\"WebPage\",\"@id\":\"https:\\\/\\\/janze-athletisme.fr\\\/wordpress\\\/chpt-departemental-09-10-06-18\\\/\",\"url\":\"https:\\\/\\\/janze-athletisme.fr\\\/wordpress\\\/chpt-departemental-09-10-06-18\\\/\",\"name\":\"Chpt d\u00e9partemental - 09 et 10.06.18 - Janz\u00e9 Athl\u00e9tisme\",\"isPartOf\":{\"@id\":\"https:\\\/\\\/janze-athletisme.fr\\\/wordpress\\\/#website\"},\"primaryImageOfPage\":{\"@id\":\"https:\\\/\\\/janze-athletisme.fr\\\/wordpress\\\/chpt-departemental-09-10-06-18\\\/#primaryimage\"},\"image\":{\"@id\":\"https:\\\/\\\/janze-athletisme.fr\\\/wordpress\\\/chpt-departemental-09-10-06-18\\\/#primaryimage\"},\"thumbnailUrl\":\"http:\\\/\\\/janze-athletisme.fr\\\/wordpress\\\/wp-content\\\/uploads\\\/2018\\\/06\\\/P1060985-1024x768.jpg\",\"datePublished\":\"2018-06-15T21:42:43+00:00\",\"dateModified\":\"2018-06-15T22:25:43+00:00\",\"breadcrumb\":{\"@id\":\"https:\\\/\\\/janze-athletisme.fr\\\/wordpress\\\/chpt-departemental-09-10-06-18\\\/#breadcrumb\"},\"inLanguage\":\"fr-FR\",\"potentialAction\":[{\"@type\":\"ReadAction\",\"target\":[\"https:\\\/\\\/janze-athletisme.fr\\\/wordpress\\\/chpt-departemental-09-10-06-18\\\/\"]}]},{\"@type\":\"ImageObject\",\"inLanguage\":\"fr-FR\",\"@id\":\"https:\\\/\\\/janze-athletisme.fr\\\/wordpress\\\/chpt-departemental-09-10-06-18\\\/#primaryimage\",\"url\":\"http:\\\/\\\/janze-athletisme.fr\\\/wordpress\\\/wp-content\\\/uploads\\\/2018\\\/06\\\/P1060985-1024x768.jpg\",\"contentUrl\":\"http:\\\/\\\/janze-athletisme.fr\\\/wordpress\\\/wp-content\\\/uploads\\\/2018\\\/06\\\/P1060985-1024x768.jpg\"},{\"@type\":\"BreadcrumbList\",\"@id\":\"https:\\\/\\\/janze-athletisme.fr\\\/wordpress\\\/chpt-departemental-09-10-06-18\\\/#breadcrumb\",\"itemListElement\":[{\"@type\":\"ListItem\",\"position\":1,\"name\":\"Accueil\",\"item\":\"https:\\\/\\\/janze-athletisme.fr\\\/wordpress\\\/\"},{\"@type\":\"ListItem\",\"position\":2,\"name\":\"Chpt d\u00e9partemental &#8211; 09 et 10.06.18\"}]},{\"@type\":\"WebSite\",\"@id\":\"https:\\\/\\\/janze-athletisme.fr\\\/wordpress\\\/#website\",\"url\":\"https:\\\/\\\/janze-athletisme.fr\\\/wordpress\\\/\",\"name\":\"Janz\u00e9 Athl\u00e9tisme\",\"description\":\"Pays de La Roche aux F\u00e9es\",\"publisher\":{\"@id\":\"https:\\\/\\\/janze-athletisme.fr\\\/wordpress\\\/#organization\"},\"potentialAction\":[{\"@type\":\"SearchAction\",\"target\":{\"@type\":\"EntryPoint\",\"urlTemplate\":\"https:\\\/\\\/janze-athletisme.fr\\\/wordpress\\\/?s={search_term_string}\"},\"query-input\":{\"@type\":\"PropertyValueSpecification\",\"valueRequired\":true,\"valueName\":\"search_term_string\"}}],\"inLanguage\":\"fr-FR\"},{\"@type\":\"Organization\",\"@id\":\"https:\\\/\\\/janze-athletisme.fr\\\/wordpress\\\/#organization\",\"name\":\"Janz\u00e9 Athl\u00e9tisme\",\"url\":\"https:\\\/\\\/janze-athletisme.fr\\\/wordpress\\\/\",\"logo\":{\"@type\":\"ImageObject\",\"inLanguage\":\"fr-FR\",\"@id\":\"https:\\\/\\\/janze-athletisme.fr\\\/wordpress\\\/#\\\/schema\\\/logo\\\/image\\\/\",\"url\":\"https:\\\/\\\/janze-athletisme.fr\\\/wordpress\\\/wp-content\\\/uploads\\\/2015\\\/03\\\/logo-full1.jpg\",\"contentUrl\":\"https:\\\/\\\/janze-athletisme.fr\\\/wordpress\\\/wp-content\\\/uploads\\\/2015\\\/03\\\/logo-full1.jpg\",\"width\":437,\"height\":205,\"caption\":\"Janz\u00e9 Athl\u00e9tisme\"},\"image\":{\"@id\":\"https:\\\/\\\/janze-athletisme.fr\\\/wordpress\\\/#\\\/schema\\\/logo\\\/image\\\/\"},\"sameAs\":[\"https:\\\/\\\/www.facebook.com\\\/groups\\\/1007964579346590\"]},{\"@type\":\"Person\",\"@id\":\"https:\\\/\\\/janze-athletisme.fr\\\/wordpress\\\/#\\\/schema\\\/person\\\/d0d91611dc85e1635e00511152f92f6c\",\"name\":\"Fr\u00e9d\u00e9ric Graye\",\"image\":{\"@type\":\"ImageObject\",\"inLanguage\":\"fr-FR\",\"@id\":\"https:\\\/\\\/secure.gravatar.com\\\/avatar\\\/3c698f3bb9d0e9fd7adcea83ce599a75775b1f86e450228044b2d9c172b90db8?s=96&d=mm&r=g\",\"url\":\"https:\\\/\\\/secure.gravatar.com\\\/avatar\\\/3c698f3bb9d0e9fd7adcea83ce599a75775b1f86e450228044b2d9c172b90db8?s=96&d=mm&r=g\",\"contentUrl\":\"https:\\\/\\\/secure.gravatar.com\\\/avatar\\\/3c698f3bb9d0e9fd7adcea83ce599a75775b1f86e450228044b2d9c172b90db8?s=96&d=mm&r=g\",\"caption\":\"Fr\u00e9d\u00e9ric Graye\"},\"url\":\"https:\\\/\\\/janze-athletisme.fr\\\/wordpress\\\/author\\\/jathe_adm\\\/\"}]}<\/script>\n<!-- \/ Yoast SEO plugin. -->","yoast_head_json":{"title":"Chpt d\u00e9partemental - 09 et 10.06.18 - Janz\u00e9 Athl\u00e9tisme","robots":{"index":"index","follow":"follow","max-snippet":"max-snippet:-1","max-image-preview":"max-image-preview:large","max-video-preview":"max-video-preview:-1"},"canonical":"https:\/\/janze-athletisme.fr\/wordpress\/chpt-departemental-09-10-06-18\/","og_locale":"fr_FR","og_type":"article","og_title":"Chpt d\u00e9partemental - 09 et 10.06.18 - Janz\u00e9 Athl\u00e9tisme","og_description":"Championnat d\u00e9partemental sur piste Samedi 9 juin, malgr\u00e9 une m\u00e9t\u00e9o mena\u00e7ante (vigilance orange aux orages), ce sont les benjamins qui ont lanc\u00e9 le weekend de championnat d\u00e9partemental sur piste \u00e0 Cesson-S\u00e9vign\u00e9. Nous avions 8 jeunes janz\u00e9ens \u00e0 y participer. Ils ont r\u00e9ussi \u00e0 battre 9 de leurs records personnels, et monter sur le podium pour [&hellip;]","og_url":"https:\/\/janze-athletisme.fr\/wordpress\/chpt-departemental-09-10-06-18\/","og_site_name":"Janz\u00e9 Athl\u00e9tisme","article_publisher":"https:\/\/www.facebook.com\/groups\/1007964579346590","article_published_time":"2018-06-15T21:42:43+00:00","article_modified_time":"2018-06-15T22:25:43+00:00","og_image":[{"url":"http:\/\/janze-athletisme.fr\/wordpress\/wp-content\/uploads\/2018\/06\/P1060985-1024x768.jpg","type":"","width":"","height":""}],"author":"Fr\u00e9d\u00e9ric Graye","twitter_card":"summary_large_image","twitter_misc":{"\u00c9crit par":"Fr\u00e9d\u00e9ric Graye","Dur\u00e9e de lecture estim\u00e9e":"2 minutes"},"schema":{"@context":"https:\/\/schema.org","@graph":[{"@type":"Article","@id":"https:\/\/janze-athletisme.fr\/wordpress\/chpt-departemental-09-10-06-18\/#article","isPartOf":{"@id":"https:\/\/janze-athletisme.fr\/wordpress\/chpt-departemental-09-10-06-18\/"},"author":{"name":"Fr\u00e9d\u00e9ric Graye","@id":"https:\/\/janze-athletisme.fr\/wordpress\/#\/schema\/person\/d0d91611dc85e1635e00511152f92f6c"},"headline":"Chpt d\u00e9partemental &#8211; 09 et 10.06.18","datePublished":"2018-06-15T21:42:43+00:00","dateModified":"2018-06-15T22:25:43+00:00","mainEntityOfPage":{"@id":"https:\/\/janze-athletisme.fr\/wordpress\/chpt-departemental-09-10-06-18\/"},"wordCount":468,"commentCount":0,"publisher":{"@id":"https:\/\/janze-athletisme.fr\/wordpress\/#organization"},"image":{"@id":"https:\/\/janze-athletisme.fr\/wordpress\/chpt-departemental-09-10-06-18\/#primaryimage"},"thumbnailUrl":"http:\/\/janze-athletisme.fr\/wordpress\/wp-content\/uploads\/2018\/06\/P1060985-1024x768.jpg","articleSection":["Le club au jour le jour"],"inLanguage":"fr-FR","potentialAction":[{"@type":"CommentAction","name":"Comment","target":["https:\/\/janze-athletisme.fr\/wordpress\/chpt-departemental-09-10-06-18\/#respond"]}]},{"@type":"WebPage","@id":"https:\/\/janze-athletisme.fr\/wordpress\/chpt-departemental-09-10-06-18\/","url":"https:\/\/janze-athletisme.fr\/wordpress\/chpt-departemental-09-10-06-18\/","name":"Chpt d\u00e9partemental - 09 et 10.06.18 - Janz\u00e9 Athl\u00e9tisme","isPartOf":{"@id":"https:\/\/janze-athletisme.fr\/wordpress\/#website"},"primaryImageOfPage":{"@id":"https:\/\/janze-athletisme.fr\/wordpress\/chpt-departemental-09-10-06-18\/#primaryimage"},"image":{"@id":"https:\/\/janze-athletisme.fr\/wordpress\/chpt-departemental-09-10-06-18\/#primaryimage"},"thumbnailUrl":"http:\/\/janze-athletisme.fr\/wordpress\/wp-content\/uploads\/2018\/06\/P1060985-1024x768.jpg","datePublished":"2018-06-15T21:42:43+00:00","dateModified":"2018-06-15T22:25:43+00:00","breadcrumb":{"@id":"https:\/\/janze-athletisme.fr\/wordpress\/chpt-departemental-09-10-06-18\/#breadcrumb"},"inLanguage":"fr-FR","potentialAction":[{"@type":"ReadAction","target":["https:\/\/janze-athletisme.fr\/wordpress\/chpt-departemental-09-10-06-18\/"]}]},{"@type":"ImageObject","inLanguage":"fr-FR","@id":"https:\/\/janze-athletisme.fr\/wordpress\/chpt-departemental-09-10-06-18\/#primaryimage","url":"http:\/\/janze-athletisme.fr\/wordpress\/wp-content\/uploads\/2018\/06\/P1060985-1024x768.jpg","contentUrl":"http:\/\/janze-athletisme.fr\/wordpress\/wp-content\/uploads\/2018\/06\/P1060985-1024x768.jpg"},{"@type":"BreadcrumbList","@id":"https:\/\/janze-athletisme.fr\/wordpress\/chpt-departemental-09-10-06-18\/#breadcrumb","itemListElement":[{"@type":"ListItem","position":1,"name":"Accueil","item":"https:\/\/janze-athletisme.fr\/wordpress\/"},{"@type":"ListItem","position":2,"name":"Chpt d\u00e9partemental &#8211; 09 et 10.06.18"}]},{"@type":"WebSite","@id":"https:\/\/janze-athletisme.fr\/wordpress\/#website","url":"https:\/\/janze-athletisme.fr\/wordpress\/","name":"Janz\u00e9 Athl\u00e9tisme","description":"Pays de La Roche aux F\u00e9es","publisher":{"@id":"https:\/\/janze-athletisme.fr\/wordpress\/#organization"},"potentialAction":[{"@type":"SearchAction","target":{"@type":"EntryPoint","urlTemplate":"https:\/\/janze-athletisme.fr\/wordpress\/?s={search_term_string}"},"query-input":{"@type":"PropertyValueSpecification","valueRequired":true,"valueName":"search_term_string"}}],"inLanguage":"fr-FR"},{"@type":"Organization","@id":"https:\/\/janze-athletisme.fr\/wordpress\/#organization","name":"Janz\u00e9 Athl\u00e9tisme","url":"https:\/\/janze-athletisme.fr\/wordpress\/","logo":{"@type":"ImageObject","inLanguage":"fr-FR","@id":"https:\/\/janze-athletisme.fr\/wordpress\/#\/schema\/logo\/image\/","url":"https:\/\/janze-athletisme.fr\/wordpress\/wp-content\/uploads\/2015\/03\/logo-full1.jpg","contentUrl":"https:\/\/janze-athletisme.fr\/wordpress\/wp-content\/uploads\/2015\/03\/logo-full1.jpg","width":437,"height":205,"caption":"Janz\u00e9 Athl\u00e9tisme"},"image":{"@id":"https:\/\/janze-athletisme.fr\/wordpress\/#\/schema\/logo\/image\/"},"sameAs":["https:\/\/www.facebook.com\/groups\/1007964579346590"]},{"@type":"Person","@id":"https:\/\/janze-athletisme.fr\/wordpress\/#\/schema\/person\/d0d91611dc85e1635e00511152f92f6c","name":"Fr\u00e9d\u00e9ric Graye","image":{"@type":"ImageObject","inLanguage":"fr-FR","@id":"https:\/\/secure.gravatar.com\/avatar\/3c698f3bb9d0e9fd7adcea83ce599a75775b1f86e450228044b2d9c172b90db8?s=96&d=mm&r=g","url":"https:\/\/secure.gravatar.com\/avatar\/3c698f3bb9d0e9fd7adcea83ce599a75775b1f86e450228044b2d9c172b90db8?s=96&d=mm&r=g","contentUrl":"https:\/\/secure.gravatar.com\/avatar\/3c698f3bb9d0e9fd7adcea83ce599a75775b1f86e450228044b2d9c172b90db8?s=96&d=mm&r=g","caption":"Fr\u00e9d\u00e9ric Graye"},"url":"https:\/\/janze-athletisme.fr\/wordpress\/author\/jathe_adm\/"}]}},"uagb_featured_image_src":{"full":false,"thumbnail":false,"medium":false,"medium_large":false,"large":false,"1536x1536":false,"2048x2048":false},"uagb_author_info":{"display_name":"Fr\u00e9d\u00e9ric Graye","author_link":"https:\/\/janze-athletisme.fr\/wordpress\/author\/jathe_adm\/"},"uagb_comment_info":0,"uagb_excerpt":"Championnat d\u00e9partemental sur piste Samedi 9 juin, malgr\u00e9 une m\u00e9t\u00e9o mena\u00e7ante (vigilance orange aux orages), ce sont les benjamins qui ont lanc\u00e9 le weekend de championnat d\u00e9partemental sur piste \u00e0 Cesson-S\u00e9vign\u00e9. Nous avions 8 jeunes janz\u00e9ens \u00e0 y participer. Ils ont r\u00e9ussi \u00e0 battre 9 de leurs records personnels, et monter sur le podium pour\u2026","_links":{"self":[{"href":"https:\/\/janze-athletisme.fr\/wordpress\/wp-json\/wp\/v2\/posts\/3830","targetHints":{"allow":["GET"]}}],"collection":[{"href":"https:\/\/janze-athletisme.fr\/wordpress\/wp-json\/wp\/v2\/posts"}],"about":[{"href":"https:\/\/janze-athletisme.fr\/wordpress\/wp-json\/wp\/v2\/types\/post"}],"author":[{"embeddable":true,"href":"https:\/\/janze-athletisme.fr\/wordpress\/wp-json\/wp\/v2\/users\/3"}],"replies":[{"embeddable":true,"href":"https:\/\/janze-athletisme.fr\/wordpress\/wp-json\/wp\/v2\/comments?post=3830"}],"version-history":[{"count":8,"href":"https:\/\/janze-athletisme.fr\/wordpress\/wp-json\/wp\/v2\/posts\/3830\/revisions"}],"predecessor-version":[{"id":3840,"href":"https:\/\/janze-athletisme.fr\/wordpress\/wp-json\/wp\/v2\/posts\/3830\/revisions\/3840"}],"wp:attachment":[{"href":"https:\/\/janze-athletisme.fr\/wordpress\/wp-json\/wp\/v2\/media?parent=3830"}],"wp:term":[{"taxonomy":"category","embeddable":true,"href":"https:\/\/janze-athletisme.fr\/wordpress\/wp-json\/wp\/v2\/categories?post=3830"},{"taxonomy":"post_tag","embeddable":true,"href":"https:\/\/janze-athletisme.fr\/wordpress\/wp-json\/wp\/v2\/tags?post=3830"}],"curies":[{"name":"wp","href":"https:\/\/api.w.org\/{rel}","templated":true}]}}