{"id":3772,"date":"2018-05-22T13:23:34","date_gmt":"2018-05-22T11:23:34","guid":{"rendered":"http:\/\/janze-athletisme.fr\/wordpress\/?p=3772"},"modified":"2018-05-22T22:25:24","modified_gmt":"2018-05-22T20:25:24","slug":"2eme-tour-interclubs-19-20-05-18","status":"publish","type":"post","link":"https:\/\/janze-athletisme.fr\/wordpress\/2eme-tour-interclubs-19-20-05-18\/","title":{"rendered":"2\u00e8me tour interclubs &#8211; 19 et 20.05.18"},"content":{"rendered":"<h1 style=\"text-align: center;\"><strong><span style=\"text-decoration: underline; color: #ff0000;\">2\u00e8me tour des interclubs \u00e0 Cesson<\/span><\/strong><\/h1>\n<p><span style=\"color: #000000;\">Ce weekend, l&rsquo;EAC organisait le deuxi\u00e8me tour des interclubs, qui se d\u00e9roulait exceptionnellement sur deux jours. Notre \u00e9quipe 2 a ouvert le bal samedi, en battant \u00e0 nouveau son record de points,\u00a0puisqu&rsquo;elle marque 19 927 points sur cette journ\u00e9e (pr\u00e9c\u00e9dent record, il y a 15 jours avec 16 985 points). Un grand bravo \u00e0 tous les participants qui ont jou\u00e9 le jeu de l&rsquo;\u00e9quipe et se sont parfois align\u00e9s sur des \u00e9preuves tr\u00e8s inhabituelles pour eux.\u00a0 Bon r\u00e9tablissement \u00e0 <strong>Matthieu H.<\/strong>, qui s&rsquo;est fait bousculer juste apr\u00e8s son d\u00e9part au 800 m et a fini la course dans la tente des secours&#8230;<\/span><\/p>\n<p><span style=\"color: #000000;\">Le lendemain, c&rsquo;\u00e9tait aux athl\u00e8tes de l&rsquo;\u00e9quipe 1 de faire de leur mieux pour assurer le maintien de l&rsquo;\u00e9quipe en poule nationale 2. C&rsquo;est chose faite, avec un total de 42 046 points ! Bravo encore une fois \u00e0 tous les athl\u00e8tes qui ont permis ce maintien, ainsi qu&rsquo;aux jurys et aux b\u00e9n\u00e9voles qui ont \u0153uvr\u00e9 tout le weekend autour du stade !\u00a0Mention sp\u00e9ciale \u00e0<strong> Virginie L<\/strong>., qui d\u00e9couvrait la piste sur l&rsquo;\u00e9preuve de 3000 m, et qui s&rsquo;en est tr\u00e8s bien sortie avec une perf&rsquo; rapportant 612 points \u00e0 l&rsquo;\u00e9quipe, ainsi qu&rsquo;\u00e0 <strong>K\u00e9ven G<\/strong>., qui bat \u00e0 nouveau le record du club toutes cat\u00e9gories au 3000m steeple.<\/span><\/p>\n<p><span style=\"color: #000000;\">Le petit mot de <strong>S\u00e9bastien L.<\/strong> (pr\u00e9sident de l&rsquo;EAC) :\u00a0<em>Bravo&#8230; Et merci ! Bravo aux athl\u00e8tes des 2 \u00e9quipes pour les r\u00e9sultats, pour cette \u00e9nergie d\u00e9ploy\u00e9e, pour la bonne humeur durant tout ce we. L&rsquo;\u00e9quipe 2 explose tous ses totaux historiques, l&rsquo;\u00e9quipe 1 finit 13\u00e8me sur 20 et se maintient en nationale 2 \u00ab\u00a0\u00e0 l&rsquo;aise\u00a0\u00bb ! Et merci \u00e0 toutes les personnes qui ont aid\u00e9 durant ce we : juges, b\u00e9n\u00e9voles buvette \/ haies \/ navettes \/ mise en place \/ rangement&#8230; j&rsquo;ai eu des remerciements de la ligue qui vous sont tous d\u00e9di\u00e9s. La saison estivale est d\u00e9sormais lanc\u00e9e: qu&rsquo;elle vous voit exploser vos records !<\/em><\/span><\/p>\n<p><span style=\"color: #000000;\">\u00a0Photos de l&rsquo;\u00e9quipe 2 : <a href=\"https:\/\/photos.app.goo.gl\/VE4BdNVJnacTBWpA3\"><strong><span style=\"text-decoration: underline; color: #ff0000;\">CLIC !<\/span><\/strong><\/a><\/span><\/p>\n<p><span style=\"color: #000000;\">Photos de l&rsquo;\u00e9quipe 1 : <a href=\"https:\/\/photos.app.goo.gl\/JpFevcIgwGkwF8zf2\"><strong><span style=\"text-decoration: underline;\"><span style=\"color: #ff0000; text-decoration: underline;\">CLIC !<\/span><\/span><\/strong><\/a><\/span><\/p>\n<p><span style=\"color: #000000;\">Les r\u00e9sultats du weekend :\u00a0<\/span><\/p>\n<p><img loading=\"lazy\" decoding=\"async\" class=\"aligncenter size-large wp-image-3774\" src=\"http:\/\/janze-athletisme.fr\/wordpress\/wp-content\/uploads\/2018\/05\/lnfolofnnjgnpbco-823x1024.png\" alt=\"\" width=\"654\" height=\"814\" srcset=\"https:\/\/janze-athletisme.fr\/wordpress\/wp-content\/uploads\/2018\/05\/lnfolofnnjgnpbco-823x1024.png 823w, https:\/\/janze-athletisme.fr\/wordpress\/wp-content\/uploads\/2018\/05\/lnfolofnnjgnpbco-241x300.png 241w, https:\/\/janze-athletisme.fr\/wordpress\/wp-content\/uploads\/2018\/05\/lnfolofnnjgnpbco-768x956.png 768w, https:\/\/janze-athletisme.fr\/wordpress\/wp-content\/uploads\/2018\/05\/lnfolofnnjgnpbco-1x1.png 1w, https:\/\/janze-athletisme.fr\/wordpress\/wp-content\/uploads\/2018\/05\/lnfolofnnjgnpbco.png 826w\" sizes=\"auto, (max-width: 654px) 100vw, 654px\" \/><\/p>\n","protected":false},"excerpt":{"rendered":"<p>2\u00e8me tour des interclubs \u00e0 Cesson Ce weekend, l&rsquo;EAC organisait le deuxi\u00e8me tour des interclubs, qui se d\u00e9roulait exceptionnellement sur deux jours. Notre \u00e9quipe 2 a ouvert le bal samedi, en battant \u00e0 nouveau son record de points,\u00a0puisqu&rsquo;elle marque 19 927 points sur cette journ\u00e9e (pr\u00e9c\u00e9dent record, il y a 15 jours avec 16 985 [&hellip;]<\/p>\n","protected":false},"author":3,"featured_media":0,"comment_status":"open","ping_status":"open","sticky":false,"template":"","format":"aside","meta":{"_uag_custom_page_level_css":"","site-sidebar-layout":"default","site-content-layout":"","ast-site-content-layout":"default","site-content-style":"default","site-sidebar-style":"default","ast-global-header-display":"","ast-banner-title-visibility":"","ast-main-header-display":"","ast-hfb-above-header-display":"","ast-hfb-below-header-display":"","ast-hfb-mobile-header-display":"","site-post-title":"","ast-breadcrumbs-content":"","ast-featured-img":"","footer-sml-layout":"","ast-disable-related-posts":"","theme-transparent-header-meta":"","adv-header-id-meta":"","stick-header-meta":"","header-above-stick-meta":"","header-main-stick-meta":"","header-below-stick-meta":"","astra-migrate-meta-layouts":"default","ast-page-background-enabled":"default","ast-page-background-meta":{"desktop":{"background-color":"var(--ast-global-color-4)","background-image":"","background-repeat":"repeat","background-position":"center center","background-size":"auto","background-attachment":"scroll","background-type":"","background-media":"","overlay-type":"","overlay-color":"","overlay-opacity":"","overlay-gradient":""},"tablet":{"background-color":"","background-image":"","background-repeat":"repeat","background-position":"center center","background-size":"auto","background-attachment":"scroll","background-type":"","background-media":"","overlay-type":"","overlay-color":"","overlay-opacity":"","overlay-gradient":""},"mobile":{"background-color":"","background-image":"","background-repeat":"repeat","background-position":"center center","background-size":"auto","background-attachment":"scroll","background-type":"","background-media":"","overlay-type":"","overlay-color":"","overlay-opacity":"","overlay-gradient":""}},"ast-content-background-meta":{"desktop":{"background-color":"var(--ast-global-color-5)","background-image":"","background-repeat":"repeat","background-position":"center center","background-size":"auto","background-attachment":"scroll","background-type":"","background-media":"","overlay-type":"","overlay-color":"","overlay-opacity":"","overlay-gradient":""},"tablet":{"background-color":"var(--ast-global-color-5)","background-image":"","background-repeat":"repeat","background-position":"center center","background-size":"auto","background-attachment":"scroll","background-type":"","background-media":"","overlay-type":"","overlay-color":"","overlay-opacity":"","overlay-gradient":""},"mobile":{"background-color":"var(--ast-global-color-5)","background-image":"","background-repeat":"repeat","background-position":"center center","background-size":"auto","background-attachment":"scroll","background-type":"","background-media":"","overlay-type":"","overlay-color":"","overlay-opacity":"","overlay-gradient":""}},"footnotes":""},"categories":[6],"tags":[],"class_list":["post-3772","post","type-post","status-publish","format-aside","hentry","category-sections","post_format-post-format-aside"],"yoast_head":"<!-- This site is optimized with the Yoast SEO plugin v27.5 - https:\/\/yoast.com\/product\/yoast-seo-wordpress\/ -->\n<title>2\u00e8me tour interclubs - 19 et 20.05.18 - Janz\u00e9 Athl\u00e9tisme<\/title>\n<meta name=\"robots\" content=\"index, follow, max-snippet:-1, max-image-preview:large, max-video-preview:-1\" \/>\n<link rel=\"canonical\" href=\"https:\/\/janze-athletisme.fr\/wordpress\/2eme-tour-interclubs-19-20-05-18\/\" \/>\n<meta property=\"og:locale\" content=\"fr_FR\" \/>\n<meta property=\"og:type\" content=\"article\" \/>\n<meta property=\"og:title\" content=\"2\u00e8me tour interclubs - 19 et 20.05.18 - Janz\u00e9 Athl\u00e9tisme\" \/>\n<meta property=\"og:description\" content=\"2\u00e8me tour des interclubs \u00e0 Cesson Ce weekend, l&rsquo;EAC organisait le deuxi\u00e8me tour des interclubs, qui se d\u00e9roulait exceptionnellement sur deux jours. Notre \u00e9quipe 2 a ouvert le bal samedi, en battant \u00e0 nouveau son record de points,\u00a0puisqu&rsquo;elle marque 19 927 points sur cette journ\u00e9e (pr\u00e9c\u00e9dent record, il y a 15 jours avec 16 985 [&hellip;]\" \/>\n<meta property=\"og:url\" content=\"https:\/\/janze-athletisme.fr\/wordpress\/2eme-tour-interclubs-19-20-05-18\/\" \/>\n<meta property=\"og:site_name\" content=\"Janz\u00e9 Athl\u00e9tisme\" \/>\n<meta property=\"article:publisher\" content=\"https:\/\/www.facebook.com\/groups\/1007964579346590\" \/>\n<meta property=\"article:published_time\" content=\"2018-05-22T11:23:34+00:00\" \/>\n<meta property=\"article:modified_time\" content=\"2018-05-22T20:25:24+00:00\" \/>\n<meta property=\"og:image\" content=\"http:\/\/janze-athletisme.fr\/wordpress\/wp-content\/uploads\/2018\/05\/lnfolofnnjgnpbco-823x1024.png\" \/>\n<meta name=\"author\" content=\"Fr\u00e9d\u00e9ric Graye\" \/>\n<meta name=\"twitter:card\" content=\"summary_large_image\" \/>\n<meta name=\"twitter:label1\" content=\"\u00c9crit par\" \/>\n\t<meta name=\"twitter:data1\" content=\"Fr\u00e9d\u00e9ric Graye\" \/>\n\t<meta name=\"twitter:label2\" content=\"Dur\u00e9e de lecture estim\u00e9e\" \/>\n\t<meta name=\"twitter:data2\" content=\"2 minutes\" \/>\n<script type=\"application\/ld+json\" class=\"yoast-schema-graph\">{\"@context\":\"https:\\\/\\\/schema.org\",\"@graph\":[{\"@type\":\"Article\",\"@id\":\"https:\\\/\\\/janze-athletisme.fr\\\/wordpress\\\/2eme-tour-interclubs-19-20-05-18\\\/#article\",\"isPartOf\":{\"@id\":\"https:\\\/\\\/janze-athletisme.fr\\\/wordpress\\\/2eme-tour-interclubs-19-20-05-18\\\/\"},\"author\":{\"name\":\"Fr\u00e9d\u00e9ric Graye\",\"@id\":\"https:\\\/\\\/janze-athletisme.fr\\\/wordpress\\\/#\\\/schema\\\/person\\\/d0d91611dc85e1635e00511152f92f6c\"},\"headline\":\"2\u00e8me tour interclubs &#8211; 19 et 20.05.18\",\"datePublished\":\"2018-05-22T11:23:34+00:00\",\"dateModified\":\"2018-05-22T20:25:24+00:00\",\"mainEntityOfPage\":{\"@id\":\"https:\\\/\\\/janze-athletisme.fr\\\/wordpress\\\/2eme-tour-interclubs-19-20-05-18\\\/\"},\"wordCount\":356,\"commentCount\":1,\"publisher\":{\"@id\":\"https:\\\/\\\/janze-athletisme.fr\\\/wordpress\\\/#organization\"},\"image\":{\"@id\":\"https:\\\/\\\/janze-athletisme.fr\\\/wordpress\\\/2eme-tour-interclubs-19-20-05-18\\\/#primaryimage\"},\"thumbnailUrl\":\"http:\\\/\\\/janze-athletisme.fr\\\/wordpress\\\/wp-content\\\/uploads\\\/2018\\\/05\\\/lnfolofnnjgnpbco-823x1024.png\",\"articleSection\":[\"Le club au jour le jour\"],\"inLanguage\":\"fr-FR\",\"potentialAction\":[{\"@type\":\"CommentAction\",\"name\":\"Comment\",\"target\":[\"https:\\\/\\\/janze-athletisme.fr\\\/wordpress\\\/2eme-tour-interclubs-19-20-05-18\\\/#respond\"]}]},{\"@type\":\"WebPage\",\"@id\":\"https:\\\/\\\/janze-athletisme.fr\\\/wordpress\\\/2eme-tour-interclubs-19-20-05-18\\\/\",\"url\":\"https:\\\/\\\/janze-athletisme.fr\\\/wordpress\\\/2eme-tour-interclubs-19-20-05-18\\\/\",\"name\":\"2\u00e8me tour interclubs - 19 et 20.05.18 - Janz\u00e9 Athl\u00e9tisme\",\"isPartOf\":{\"@id\":\"https:\\\/\\\/janze-athletisme.fr\\\/wordpress\\\/#website\"},\"primaryImageOfPage\":{\"@id\":\"https:\\\/\\\/janze-athletisme.fr\\\/wordpress\\\/2eme-tour-interclubs-19-20-05-18\\\/#primaryimage\"},\"image\":{\"@id\":\"https:\\\/\\\/janze-athletisme.fr\\\/wordpress\\\/2eme-tour-interclubs-19-20-05-18\\\/#primaryimage\"},\"thumbnailUrl\":\"http:\\\/\\\/janze-athletisme.fr\\\/wordpress\\\/wp-content\\\/uploads\\\/2018\\\/05\\\/lnfolofnnjgnpbco-823x1024.png\",\"datePublished\":\"2018-05-22T11:23:34+00:00\",\"dateModified\":\"2018-05-22T20:25:24+00:00\",\"breadcrumb\":{\"@id\":\"https:\\\/\\\/janze-athletisme.fr\\\/wordpress\\\/2eme-tour-interclubs-19-20-05-18\\\/#breadcrumb\"},\"inLanguage\":\"fr-FR\",\"potentialAction\":[{\"@type\":\"ReadAction\",\"target\":[\"https:\\\/\\\/janze-athletisme.fr\\\/wordpress\\\/2eme-tour-interclubs-19-20-05-18\\\/\"]}]},{\"@type\":\"ImageObject\",\"inLanguage\":\"fr-FR\",\"@id\":\"https:\\\/\\\/janze-athletisme.fr\\\/wordpress\\\/2eme-tour-interclubs-19-20-05-18\\\/#primaryimage\",\"url\":\"http:\\\/\\\/janze-athletisme.fr\\\/wordpress\\\/wp-content\\\/uploads\\\/2018\\\/05\\\/lnfolofnnjgnpbco-823x1024.png\",\"contentUrl\":\"http:\\\/\\\/janze-athletisme.fr\\\/wordpress\\\/wp-content\\\/uploads\\\/2018\\\/05\\\/lnfolofnnjgnpbco-823x1024.png\"},{\"@type\":\"BreadcrumbList\",\"@id\":\"https:\\\/\\\/janze-athletisme.fr\\\/wordpress\\\/2eme-tour-interclubs-19-20-05-18\\\/#breadcrumb\",\"itemListElement\":[{\"@type\":\"ListItem\",\"position\":1,\"name\":\"Accueil\",\"item\":\"https:\\\/\\\/janze-athletisme.fr\\\/wordpress\\\/\"},{\"@type\":\"ListItem\",\"position\":2,\"name\":\"2\u00e8me tour interclubs &#8211; 19 et 20.05.18\"}]},{\"@type\":\"WebSite\",\"@id\":\"https:\\\/\\\/janze-athletisme.fr\\\/wordpress\\\/#website\",\"url\":\"https:\\\/\\\/janze-athletisme.fr\\\/wordpress\\\/\",\"name\":\"Janz\u00e9 Athl\u00e9tisme\",\"description\":\"Pays de La Roche aux F\u00e9es\",\"publisher\":{\"@id\":\"https:\\\/\\\/janze-athletisme.fr\\\/wordpress\\\/#organization\"},\"potentialAction\":[{\"@type\":\"SearchAction\",\"target\":{\"@type\":\"EntryPoint\",\"urlTemplate\":\"https:\\\/\\\/janze-athletisme.fr\\\/wordpress\\\/?s={search_term_string}\"},\"query-input\":{\"@type\":\"PropertyValueSpecification\",\"valueRequired\":true,\"valueName\":\"search_term_string\"}}],\"inLanguage\":\"fr-FR\"},{\"@type\":\"Organization\",\"@id\":\"https:\\\/\\\/janze-athletisme.fr\\\/wordpress\\\/#organization\",\"name\":\"Janz\u00e9 Athl\u00e9tisme\",\"url\":\"https:\\\/\\\/janze-athletisme.fr\\\/wordpress\\\/\",\"logo\":{\"@type\":\"ImageObject\",\"inLanguage\":\"fr-FR\",\"@id\":\"https:\\\/\\\/janze-athletisme.fr\\\/wordpress\\\/#\\\/schema\\\/logo\\\/image\\\/\",\"url\":\"https:\\\/\\\/janze-athletisme.fr\\\/wordpress\\\/wp-content\\\/uploads\\\/2015\\\/03\\\/logo-full1.jpg\",\"contentUrl\":\"https:\\\/\\\/janze-athletisme.fr\\\/wordpress\\\/wp-content\\\/uploads\\\/2015\\\/03\\\/logo-full1.jpg\",\"width\":437,\"height\":205,\"caption\":\"Janz\u00e9 Athl\u00e9tisme\"},\"image\":{\"@id\":\"https:\\\/\\\/janze-athletisme.fr\\\/wordpress\\\/#\\\/schema\\\/logo\\\/image\\\/\"},\"sameAs\":[\"https:\\\/\\\/www.facebook.com\\\/groups\\\/1007964579346590\"]},{\"@type\":\"Person\",\"@id\":\"https:\\\/\\\/janze-athletisme.fr\\\/wordpress\\\/#\\\/schema\\\/person\\\/d0d91611dc85e1635e00511152f92f6c\",\"name\":\"Fr\u00e9d\u00e9ric Graye\",\"image\":{\"@type\":\"ImageObject\",\"inLanguage\":\"fr-FR\",\"@id\":\"https:\\\/\\\/secure.gravatar.com\\\/avatar\\\/3c698f3bb9d0e9fd7adcea83ce599a75775b1f86e450228044b2d9c172b90db8?s=96&d=mm&r=g\",\"url\":\"https:\\\/\\\/secure.gravatar.com\\\/avatar\\\/3c698f3bb9d0e9fd7adcea83ce599a75775b1f86e450228044b2d9c172b90db8?s=96&d=mm&r=g\",\"contentUrl\":\"https:\\\/\\\/secure.gravatar.com\\\/avatar\\\/3c698f3bb9d0e9fd7adcea83ce599a75775b1f86e450228044b2d9c172b90db8?s=96&d=mm&r=g\",\"caption\":\"Fr\u00e9d\u00e9ric Graye\"},\"url\":\"https:\\\/\\\/janze-athletisme.fr\\\/wordpress\\\/author\\\/jathe_adm\\\/\"}]}<\/script>\n<!-- \/ Yoast SEO plugin. -->","yoast_head_json":{"title":"2\u00e8me tour interclubs - 19 et 20.05.18 - Janz\u00e9 Athl\u00e9tisme","robots":{"index":"index","follow":"follow","max-snippet":"max-snippet:-1","max-image-preview":"max-image-preview:large","max-video-preview":"max-video-preview:-1"},"canonical":"https:\/\/janze-athletisme.fr\/wordpress\/2eme-tour-interclubs-19-20-05-18\/","og_locale":"fr_FR","og_type":"article","og_title":"2\u00e8me tour interclubs - 19 et 20.05.18 - Janz\u00e9 Athl\u00e9tisme","og_description":"2\u00e8me tour des interclubs \u00e0 Cesson Ce weekend, l&rsquo;EAC organisait le deuxi\u00e8me tour des interclubs, qui se d\u00e9roulait exceptionnellement sur deux jours. Notre \u00e9quipe 2 a ouvert le bal samedi, en battant \u00e0 nouveau son record de points,\u00a0puisqu&rsquo;elle marque 19 927 points sur cette journ\u00e9e (pr\u00e9c\u00e9dent record, il y a 15 jours avec 16 985 [&hellip;]","og_url":"https:\/\/janze-athletisme.fr\/wordpress\/2eme-tour-interclubs-19-20-05-18\/","og_site_name":"Janz\u00e9 Athl\u00e9tisme","article_publisher":"https:\/\/www.facebook.com\/groups\/1007964579346590","article_published_time":"2018-05-22T11:23:34+00:00","article_modified_time":"2018-05-22T20:25:24+00:00","og_image":[{"url":"http:\/\/janze-athletisme.fr\/wordpress\/wp-content\/uploads\/2018\/05\/lnfolofnnjgnpbco-823x1024.png","type":"","width":"","height":""}],"author":"Fr\u00e9d\u00e9ric Graye","twitter_card":"summary_large_image","twitter_misc":{"\u00c9crit par":"Fr\u00e9d\u00e9ric Graye","Dur\u00e9e de lecture estim\u00e9e":"2 minutes"},"schema":{"@context":"https:\/\/schema.org","@graph":[{"@type":"Article","@id":"https:\/\/janze-athletisme.fr\/wordpress\/2eme-tour-interclubs-19-20-05-18\/#article","isPartOf":{"@id":"https:\/\/janze-athletisme.fr\/wordpress\/2eme-tour-interclubs-19-20-05-18\/"},"author":{"name":"Fr\u00e9d\u00e9ric Graye","@id":"https:\/\/janze-athletisme.fr\/wordpress\/#\/schema\/person\/d0d91611dc85e1635e00511152f92f6c"},"headline":"2\u00e8me tour interclubs &#8211; 19 et 20.05.18","datePublished":"2018-05-22T11:23:34+00:00","dateModified":"2018-05-22T20:25:24+00:00","mainEntityOfPage":{"@id":"https:\/\/janze-athletisme.fr\/wordpress\/2eme-tour-interclubs-19-20-05-18\/"},"wordCount":356,"commentCount":1,"publisher":{"@id":"https:\/\/janze-athletisme.fr\/wordpress\/#organization"},"image":{"@id":"https:\/\/janze-athletisme.fr\/wordpress\/2eme-tour-interclubs-19-20-05-18\/#primaryimage"},"thumbnailUrl":"http:\/\/janze-athletisme.fr\/wordpress\/wp-content\/uploads\/2018\/05\/lnfolofnnjgnpbco-823x1024.png","articleSection":["Le club au jour le jour"],"inLanguage":"fr-FR","potentialAction":[{"@type":"CommentAction","name":"Comment","target":["https:\/\/janze-athletisme.fr\/wordpress\/2eme-tour-interclubs-19-20-05-18\/#respond"]}]},{"@type":"WebPage","@id":"https:\/\/janze-athletisme.fr\/wordpress\/2eme-tour-interclubs-19-20-05-18\/","url":"https:\/\/janze-athletisme.fr\/wordpress\/2eme-tour-interclubs-19-20-05-18\/","name":"2\u00e8me tour interclubs - 19 et 20.05.18 - Janz\u00e9 Athl\u00e9tisme","isPartOf":{"@id":"https:\/\/janze-athletisme.fr\/wordpress\/#website"},"primaryImageOfPage":{"@id":"https:\/\/janze-athletisme.fr\/wordpress\/2eme-tour-interclubs-19-20-05-18\/#primaryimage"},"image":{"@id":"https:\/\/janze-athletisme.fr\/wordpress\/2eme-tour-interclubs-19-20-05-18\/#primaryimage"},"thumbnailUrl":"http:\/\/janze-athletisme.fr\/wordpress\/wp-content\/uploads\/2018\/05\/lnfolofnnjgnpbco-823x1024.png","datePublished":"2018-05-22T11:23:34+00:00","dateModified":"2018-05-22T20:25:24+00:00","breadcrumb":{"@id":"https:\/\/janze-athletisme.fr\/wordpress\/2eme-tour-interclubs-19-20-05-18\/#breadcrumb"},"inLanguage":"fr-FR","potentialAction":[{"@type":"ReadAction","target":["https:\/\/janze-athletisme.fr\/wordpress\/2eme-tour-interclubs-19-20-05-18\/"]}]},{"@type":"ImageObject","inLanguage":"fr-FR","@id":"https:\/\/janze-athletisme.fr\/wordpress\/2eme-tour-interclubs-19-20-05-18\/#primaryimage","url":"http:\/\/janze-athletisme.fr\/wordpress\/wp-content\/uploads\/2018\/05\/lnfolofnnjgnpbco-823x1024.png","contentUrl":"http:\/\/janze-athletisme.fr\/wordpress\/wp-content\/uploads\/2018\/05\/lnfolofnnjgnpbco-823x1024.png"},{"@type":"BreadcrumbList","@id":"https:\/\/janze-athletisme.fr\/wordpress\/2eme-tour-interclubs-19-20-05-18\/#breadcrumb","itemListElement":[{"@type":"ListItem","position":1,"name":"Accueil","item":"https:\/\/janze-athletisme.fr\/wordpress\/"},{"@type":"ListItem","position":2,"name":"2\u00e8me tour interclubs &#8211; 19 et 20.05.18"}]},{"@type":"WebSite","@id":"https:\/\/janze-athletisme.fr\/wordpress\/#website","url":"https:\/\/janze-athletisme.fr\/wordpress\/","name":"Janz\u00e9 Athl\u00e9tisme","description":"Pays de La Roche aux F\u00e9es","publisher":{"@id":"https:\/\/janze-athletisme.fr\/wordpress\/#organization"},"potentialAction":[{"@type":"SearchAction","target":{"@type":"EntryPoint","urlTemplate":"https:\/\/janze-athletisme.fr\/wordpress\/?s={search_term_string}"},"query-input":{"@type":"PropertyValueSpecification","valueRequired":true,"valueName":"search_term_string"}}],"inLanguage":"fr-FR"},{"@type":"Organization","@id":"https:\/\/janze-athletisme.fr\/wordpress\/#organization","name":"Janz\u00e9 Athl\u00e9tisme","url":"https:\/\/janze-athletisme.fr\/wordpress\/","logo":{"@type":"ImageObject","inLanguage":"fr-FR","@id":"https:\/\/janze-athletisme.fr\/wordpress\/#\/schema\/logo\/image\/","url":"https:\/\/janze-athletisme.fr\/wordpress\/wp-content\/uploads\/2015\/03\/logo-full1.jpg","contentUrl":"https:\/\/janze-athletisme.fr\/wordpress\/wp-content\/uploads\/2015\/03\/logo-full1.jpg","width":437,"height":205,"caption":"Janz\u00e9 Athl\u00e9tisme"},"image":{"@id":"https:\/\/janze-athletisme.fr\/wordpress\/#\/schema\/logo\/image\/"},"sameAs":["https:\/\/www.facebook.com\/groups\/1007964579346590"]},{"@type":"Person","@id":"https:\/\/janze-athletisme.fr\/wordpress\/#\/schema\/person\/d0d91611dc85e1635e00511152f92f6c","name":"Fr\u00e9d\u00e9ric Graye","image":{"@type":"ImageObject","inLanguage":"fr-FR","@id":"https:\/\/secure.gravatar.com\/avatar\/3c698f3bb9d0e9fd7adcea83ce599a75775b1f86e450228044b2d9c172b90db8?s=96&d=mm&r=g","url":"https:\/\/secure.gravatar.com\/avatar\/3c698f3bb9d0e9fd7adcea83ce599a75775b1f86e450228044b2d9c172b90db8?s=96&d=mm&r=g","contentUrl":"https:\/\/secure.gravatar.com\/avatar\/3c698f3bb9d0e9fd7adcea83ce599a75775b1f86e450228044b2d9c172b90db8?s=96&d=mm&r=g","caption":"Fr\u00e9d\u00e9ric Graye"},"url":"https:\/\/janze-athletisme.fr\/wordpress\/author\/jathe_adm\/"}]}},"uagb_featured_image_src":{"full":false,"thumbnail":false,"medium":false,"medium_large":false,"large":false,"1536x1536":false,"2048x2048":false},"uagb_author_info":{"display_name":"Fr\u00e9d\u00e9ric Graye","author_link":"https:\/\/janze-athletisme.fr\/wordpress\/author\/jathe_adm\/"},"uagb_comment_info":1,"uagb_excerpt":"2\u00e8me tour des interclubs \u00e0 Cesson Ce weekend, l&rsquo;EAC organisait le deuxi\u00e8me tour des interclubs, qui se d\u00e9roulait exceptionnellement sur deux jours. Notre \u00e9quipe 2 a ouvert le bal samedi, en battant \u00e0 nouveau son record de points,\u00a0puisqu&rsquo;elle marque 19 927 points sur cette journ\u00e9e (pr\u00e9c\u00e9dent record, il y a 15 jours avec 16 985\u2026","_links":{"self":[{"href":"https:\/\/janze-athletisme.fr\/wordpress\/wp-json\/wp\/v2\/posts\/3772","targetHints":{"allow":["GET"]}}],"collection":[{"href":"https:\/\/janze-athletisme.fr\/wordpress\/wp-json\/wp\/v2\/posts"}],"about":[{"href":"https:\/\/janze-athletisme.fr\/wordpress\/wp-json\/wp\/v2\/types\/post"}],"author":[{"embeddable":true,"href":"https:\/\/janze-athletisme.fr\/wordpress\/wp-json\/wp\/v2\/users\/3"}],"replies":[{"embeddable":true,"href":"https:\/\/janze-athletisme.fr\/wordpress\/wp-json\/wp\/v2\/comments?post=3772"}],"version-history":[{"count":6,"href":"https:\/\/janze-athletisme.fr\/wordpress\/wp-json\/wp\/v2\/posts\/3772\/revisions"}],"predecessor-version":[{"id":3779,"href":"https:\/\/janze-athletisme.fr\/wordpress\/wp-json\/wp\/v2\/posts\/3772\/revisions\/3779"}],"wp:attachment":[{"href":"https:\/\/janze-athletisme.fr\/wordpress\/wp-json\/wp\/v2\/media?parent=3772"}],"wp:term":[{"taxonomy":"category","embeddable":true,"href":"https:\/\/janze-athletisme.fr\/wordpress\/wp-json\/wp\/v2\/categories?post=3772"},{"taxonomy":"post_tag","embeddable":true,"href":"https:\/\/janze-athletisme.fr\/wordpress\/wp-json\/wp\/v2\/tags?post=3772"}],"curies":[{"name":"wp","href":"https:\/\/api.w.org\/{rel}","templated":true}]}}