{"id":3732,"date":"2018-05-08T17:41:23","date_gmt":"2018-05-08T15:41:23","guid":{"rendered":"http:\/\/janze-athletisme.fr\/wordpress\/?p=3732"},"modified":"2018-05-10T18:21:31","modified_gmt":"2018-05-10T16:21:31","slug":"1er-tour-interclubs-06-05-18","status":"publish","type":"post","link":"https:\/\/janze-athletisme.fr\/wordpress\/1er-tour-interclubs-06-05-18\/","title":{"rendered":"1er tour des interclubs &#8211; 06.05.18"},"content":{"rendered":"<h1 style=\"text-align: center;\"><strong><span style=\"text-decoration: underline;\"><span style=\"color: #ff0000; text-decoration: underline;\">Premier tour des interclubs<\/span><\/span><\/strong><\/h1>\n<p><img loading=\"lazy\" decoding=\"async\" class=\"aligncenter wp-image-3736 size-large\" src=\"http:\/\/janze-athletisme.fr\/wordpress\/wp-content\/uploads\/2018\/05\/Image1-1024x850.jpg\" alt=\"\" width=\"654\" height=\"543\" srcset=\"https:\/\/janze-athletisme.fr\/wordpress\/wp-content\/uploads\/2018\/05\/Image1-1024x850.jpg 1024w, https:\/\/janze-athletisme.fr\/wordpress\/wp-content\/uploads\/2018\/05\/Image1-300x249.jpg 300w, https:\/\/janze-athletisme.fr\/wordpress\/wp-content\/uploads\/2018\/05\/Image1-768x637.jpg 768w, https:\/\/janze-athletisme.fr\/wordpress\/wp-content\/uploads\/2018\/05\/Image1-1x1.jpg 1w, https:\/\/janze-athletisme.fr\/wordpress\/wp-content\/uploads\/2018\/05\/Image1.jpg 1262w\" sizes=\"auto, (max-width: 654px) 100vw, 654px\" \/><\/p>\n<p><span style=\"color: #000000;\">M\u00eame si nos deux \u00e9quipes \u00e9taient dispers\u00e9es \u00e0 Foug\u00e8res et \u00e0 Cesson lors de ce premier tour d&rsquo;interclubs, les conditions m\u00e9t\u00e9o \u00e9taient \u00e0 peu pr\u00e8s les m\u00eames pour tous : soleil de plomb et chaleur tout au long de la journ\u00e9e !\u00a0<\/span><\/p>\n<p><span style=\"color: #000000;\">Commen\u00e7ons par le r\u00e9sultat de l&rsquo;\u00e9quipe 2, qui a mobilis\u00e9 26 janz\u00e9ens dont 15 cadets, et \u00e9voluait au niveau de la poule R\u00e9gionale \u00e0 Foug\u00e8res, dans une tr\u00e8s bonne ambiance. A l&rsquo;issue de la journ\u00e9e, avec un total de 16 985 points, c&rsquo;est une v\u00e9ritable explosion du pr\u00e9c\u00e9dent record de points de l&rsquo;\u00e9quipe 2 (qui \u00e9tait, me semble-t-il, de 10 355 points en 2016) !!! On notera notamment de nombreuses nouvelles r\u00e9f\u00e9rences pour nos jeunes athl\u00e8tes, que nous f\u00e9licitons tout autant que leurs a\u00een\u00e9s pour avoir jou\u00e9 le jeu de l&rsquo;\u00e9quipe !<\/span><\/p>\n<p><span style=\"color: #000000;\">L&rsquo;\u00e9quipe 1 de l&rsquo;EAC, qui participait dans la poule Nationale 2 \u00e0 Cesson, a quant \u00e0 elle d\u00fb faire face \u00e0 plusieurs absences, \u00e9cartant l&rsquo;id\u00e9e d&rsquo;un record de points. Cette \u00e9quipe obtient 38 885 points \u00e0 l&rsquo;issue du 1er tour&#8230; score qu&rsquo;il faudra am\u00e9liorer au second tour dans 2 semaines, quoi qu&rsquo;il arrive !!! 10 janz\u00e9ens faisaient partie de l&rsquo;\u00e9quipe 1, dont 2 cadets, parmi lesquels <strong>Chlo\u00eb J<\/strong>., qui emporte le record du club toutes cat\u00e9gories F du 800m avec son chrono de 2&rsquo;29&prime;\u00a0\u00bb94. Parmi les janz\u00e9ens, c&rsquo;est elle qui rapporte le plus de points, avec 688 points. Elle est suivie d&rsquo;<strong>Owen L<\/strong>. avec 655 pts marqu\u00e9s \u00e0 la hauteur, puis <strong>K\u00e9ven G.<\/strong> avec 646 pts au 3000m steeple et <strong>Tom R<\/strong>. qui rapporte 625 pts au 800m.\u00a0<\/span><\/p>\n<p><span style=\"color: #000000;\">Bravo \u00e0 tous les participants : athl\u00e8tes bien s\u00fbr, mais aussi entra\u00eeneurs, jurys officiels et jurys en formation, b\u00e9n\u00e9voles ayant donn\u00e9 un coup de main \u00e0 l&rsquo;organisation \u00e0 Cesson, photographes et supporters ! Rendez-vous dans 15 jours, nous aurons \u00e0 nouveau besoin de toute cette \u00e9nergie !!!!<\/span><\/p>\n<p><span style=\"color: #000000;\">Les photos de l&rsquo;\u00e9quipe 1 \u00e0 Cesson : <a href=\"https:\/\/photos.app.goo.gl\/W7B4fVjCazd7z1sy8\"><strong><span style=\"text-decoration: underline;\"><span style=\"color: #ff0000; text-decoration: underline;\">CLIC !!!<\/span><\/span><\/strong><\/a><\/span><\/p>\n<p><span style=\"color: #000000;\">Les photos de l&rsquo;\u00e9quipe 2 \u00e0 Foug\u00e8res :<a href=\"https:\/\/photos.app.goo.gl\/XVHH36vcRnc2mFU59\"><span style=\"text-decoration: underline;\"><strong><span style=\"color: #ff0000; text-decoration: underline;\"> CLIC !!!<\/span><\/strong><\/span><\/a><\/span><\/p>\n<p><span style=\"color: #000000;\">Aux 35 athl\u00e8tes dont les r\u00e9sultats sont compil\u00e9s ci-dessous, il faut encore en ajouter 2 (<strong>Nolwenn B<\/strong>. et <strong>Adrien B<\/strong>., qui, \u00e9tant juges en formation, n&rsquo;ont particip\u00e9 en tant qu&rsquo;athl\u00e8tes qu&rsquo;au relais). Les relais ne rentrant pas dans la \u00ab\u00a0machine \u00e0 r\u00e9sultats\u00a0\u00bb de Manu, je rajoute donc ici les 4 relais de la poule \u00e0 Foug\u00e8res :<\/span><\/p>\n<p><span style=\"color: #000000;\"><strong>4*100 m H<\/strong> : 51\u00a0\u00bb73 (Elwan B. &#8211; Sacha B. &#8211; Corentin J. &#8211; Adrien B.)<\/span><\/p>\n<p><span style=\"color: #000000;\"><strong>4*100 m F<\/strong> : 59\u00a0\u00bb38 (In\u00e8s C. &#8211; Crystal L.B. &#8211; Jade D. &#8211; Morgane T.)<\/span><\/p>\n<p><span style=\"color: #000000;\"><strong>4*400 m H<\/strong> : 4&rsquo;14\u00a0\u00bb00 (Dryss J. &#8211; Fran\u00e7ois G. &#8211; Victor C. &#8211; Elouan B.-L.)<\/span><\/p>\n<p><span style=\"color: #000000;\"><strong>4*400 m F<\/strong> : 5&rsquo;23\u00a0\u00bb18 (Nolwenn B. &#8211; Laurine C. &#8211; Maureen L. &#8211; Isabelle L.)<\/span><\/p>\n<p><a href=\"http:\/\/janze-athletisme.fr\/wordpress\/1er-tour-interclubs-06-05-18\/cghkmjcdfflhfbea\/#main\" rel=\"attachment wp-att-3733\"><img loading=\"lazy\" decoding=\"async\" class=\"aligncenter size-full wp-image-3733\" src=\"http:\/\/janze-athletisme.fr\/wordpress\/wp-content\/uploads\/2018\/05\/cghkmjcdfflhfbea.png\" alt=\"\" width=\"823\" height=\"1104\" srcset=\"https:\/\/janze-athletisme.fr\/wordpress\/wp-content\/uploads\/2018\/05\/cghkmjcdfflhfbea.png 823w, https:\/\/janze-athletisme.fr\/wordpress\/wp-content\/uploads\/2018\/05\/cghkmjcdfflhfbea-224x300.png 224w, https:\/\/janze-athletisme.fr\/wordpress\/wp-content\/uploads\/2018\/05\/cghkmjcdfflhfbea-768x1030.png 768w, https:\/\/janze-athletisme.fr\/wordpress\/wp-content\/uploads\/2018\/05\/cghkmjcdfflhfbea-763x1024.png 763w, https:\/\/janze-athletisme.fr\/wordpress\/wp-content\/uploads\/2018\/05\/cghkmjcdfflhfbea-1x1.png 1w\" sizes=\"auto, (max-width: 823px) 100vw, 823px\" \/><\/a><\/p>\n<p>&nbsp;<\/p>\n<p>&nbsp;<\/p>\n","protected":false},"excerpt":{"rendered":"<p>Premier tour des interclubs M\u00eame si nos deux \u00e9quipes \u00e9taient dispers\u00e9es \u00e0 Foug\u00e8res et \u00e0 Cesson lors de ce premier tour d&rsquo;interclubs, les conditions m\u00e9t\u00e9o \u00e9taient \u00e0 peu pr\u00e8s les m\u00eames pour tous : soleil de plomb et chaleur tout au long de la journ\u00e9e !\u00a0 Commen\u00e7ons par le r\u00e9sultat de l&rsquo;\u00e9quipe 2, qui a [&hellip;]<\/p>\n","protected":false},"author":3,"featured_media":0,"comment_status":"open","ping_status":"open","sticky":false,"template":"","format":"aside","meta":{"_uag_custom_page_level_css":"","site-sidebar-layout":"default","site-content-layout":"","ast-site-content-layout":"default","site-content-style":"default","site-sidebar-style":"default","ast-global-header-display":"","ast-banner-title-visibility":"","ast-main-header-display":"","ast-hfb-above-header-display":"","ast-hfb-below-header-display":"","ast-hfb-mobile-header-display":"","site-post-title":"","ast-breadcrumbs-content":"","ast-featured-img":"","footer-sml-layout":"","ast-disable-related-posts":"","theme-transparent-header-meta":"","adv-header-id-meta":"","stick-header-meta":"","header-above-stick-meta":"","header-main-stick-meta":"","header-below-stick-meta":"","astra-migrate-meta-layouts":"default","ast-page-background-enabled":"default","ast-page-background-meta":{"desktop":{"background-color":"var(--ast-global-color-4)","background-image":"","background-repeat":"repeat","background-position":"center center","background-size":"auto","background-attachment":"scroll","background-type":"","background-media":"","overlay-type":"","overlay-color":"","overlay-opacity":"","overlay-gradient":""},"tablet":{"background-color":"","background-image":"","background-repeat":"repeat","background-position":"center center","background-size":"auto","background-attachment":"scroll","background-type":"","background-media":"","overlay-type":"","overlay-color":"","overlay-opacity":"","overlay-gradient":""},"mobile":{"background-color":"","background-image":"","background-repeat":"repeat","background-position":"center center","background-size":"auto","background-attachment":"scroll","background-type":"","background-media":"","overlay-type":"","overlay-color":"","overlay-opacity":"","overlay-gradient":""}},"ast-content-background-meta":{"desktop":{"background-color":"var(--ast-global-color-5)","background-image":"","background-repeat":"repeat","background-position":"center center","background-size":"auto","background-attachment":"scroll","background-type":"","background-media":"","overlay-type":"","overlay-color":"","overlay-opacity":"","overlay-gradient":""},"tablet":{"background-color":"var(--ast-global-color-5)","background-image":"","background-repeat":"repeat","background-position":"center center","background-size":"auto","background-attachment":"scroll","background-type":"","background-media":"","overlay-type":"","overlay-color":"","overlay-opacity":"","overlay-gradient":""},"mobile":{"background-color":"var(--ast-global-color-5)","background-image":"","background-repeat":"repeat","background-position":"center center","background-size":"auto","background-attachment":"scroll","background-type":"","background-media":"","overlay-type":"","overlay-color":"","overlay-opacity":"","overlay-gradient":""}},"footnotes":""},"categories":[6],"tags":[],"class_list":["post-3732","post","type-post","status-publish","format-aside","hentry","category-sections","post_format-post-format-aside"],"yoast_head":"<!-- This site is optimized with the Yoast SEO plugin v27.5 - https:\/\/yoast.com\/product\/yoast-seo-wordpress\/ -->\n<title>1er tour des interclubs - 06.05.18 - Janz\u00e9 Athl\u00e9tisme<\/title>\n<meta name=\"robots\" content=\"index, follow, max-snippet:-1, max-image-preview:large, max-video-preview:-1\" \/>\n<link rel=\"canonical\" href=\"https:\/\/janze-athletisme.fr\/wordpress\/1er-tour-interclubs-06-05-18\/\" \/>\n<meta property=\"og:locale\" content=\"fr_FR\" \/>\n<meta property=\"og:type\" content=\"article\" \/>\n<meta property=\"og:title\" content=\"1er tour des interclubs - 06.05.18 - Janz\u00e9 Athl\u00e9tisme\" \/>\n<meta property=\"og:description\" content=\"Premier tour des interclubs M\u00eame si nos deux \u00e9quipes \u00e9taient dispers\u00e9es \u00e0 Foug\u00e8res et \u00e0 Cesson lors de ce premier tour d&rsquo;interclubs, les conditions m\u00e9t\u00e9o \u00e9taient \u00e0 peu pr\u00e8s les m\u00eames pour tous : soleil de plomb et chaleur tout au long de la journ\u00e9e !\u00a0 Commen\u00e7ons par le r\u00e9sultat de l&rsquo;\u00e9quipe 2, qui a [&hellip;]\" \/>\n<meta property=\"og:url\" content=\"https:\/\/janze-athletisme.fr\/wordpress\/1er-tour-interclubs-06-05-18\/\" \/>\n<meta property=\"og:site_name\" content=\"Janz\u00e9 Athl\u00e9tisme\" \/>\n<meta property=\"article:publisher\" content=\"https:\/\/www.facebook.com\/groups\/1007964579346590\" \/>\n<meta property=\"article:published_time\" content=\"2018-05-08T15:41:23+00:00\" \/>\n<meta property=\"article:modified_time\" content=\"2018-05-10T16:21:31+00:00\" \/>\n<meta property=\"og:image\" content=\"http:\/\/janze-athletisme.fr\/wordpress\/wp-content\/uploads\/2018\/05\/Image1-1024x850.jpg\" \/>\n<meta name=\"author\" content=\"Fr\u00e9d\u00e9ric Graye\" \/>\n<meta name=\"twitter:card\" content=\"summary_large_image\" \/>\n<meta name=\"twitter:label1\" content=\"\u00c9crit par\" \/>\n\t<meta name=\"twitter:data1\" content=\"Fr\u00e9d\u00e9ric Graye\" \/>\n\t<meta name=\"twitter:label2\" content=\"Dur\u00e9e de lecture estim\u00e9e\" \/>\n\t<meta name=\"twitter:data2\" content=\"2 minutes\" \/>\n<script type=\"application\/ld+json\" class=\"yoast-schema-graph\">{\"@context\":\"https:\\\/\\\/schema.org\",\"@graph\":[{\"@type\":\"Article\",\"@id\":\"https:\\\/\\\/janze-athletisme.fr\\\/wordpress\\\/1er-tour-interclubs-06-05-18\\\/#article\",\"isPartOf\":{\"@id\":\"https:\\\/\\\/janze-athletisme.fr\\\/wordpress\\\/1er-tour-interclubs-06-05-18\\\/\"},\"author\":{\"name\":\"Fr\u00e9d\u00e9ric Graye\",\"@id\":\"https:\\\/\\\/janze-athletisme.fr\\\/wordpress\\\/#\\\/schema\\\/person\\\/d0d91611dc85e1635e00511152f92f6c\"},\"headline\":\"1er tour des interclubs &#8211; 06.05.18\",\"datePublished\":\"2018-05-08T15:41:23+00:00\",\"dateModified\":\"2018-05-10T16:21:31+00:00\",\"mainEntityOfPage\":{\"@id\":\"https:\\\/\\\/janze-athletisme.fr\\\/wordpress\\\/1er-tour-interclubs-06-05-18\\\/\"},\"wordCount\":460,\"commentCount\":0,\"publisher\":{\"@id\":\"https:\\\/\\\/janze-athletisme.fr\\\/wordpress\\\/#organization\"},\"image\":{\"@id\":\"https:\\\/\\\/janze-athletisme.fr\\\/wordpress\\\/1er-tour-interclubs-06-05-18\\\/#primaryimage\"},\"thumbnailUrl\":\"http:\\\/\\\/janze-athletisme.fr\\\/wordpress\\\/wp-content\\\/uploads\\\/2018\\\/05\\\/Image1-1024x850.jpg\",\"articleSection\":[\"Le club au jour le jour\"],\"inLanguage\":\"fr-FR\",\"potentialAction\":[{\"@type\":\"CommentAction\",\"name\":\"Comment\",\"target\":[\"https:\\\/\\\/janze-athletisme.fr\\\/wordpress\\\/1er-tour-interclubs-06-05-18\\\/#respond\"]}]},{\"@type\":\"WebPage\",\"@id\":\"https:\\\/\\\/janze-athletisme.fr\\\/wordpress\\\/1er-tour-interclubs-06-05-18\\\/\",\"url\":\"https:\\\/\\\/janze-athletisme.fr\\\/wordpress\\\/1er-tour-interclubs-06-05-18\\\/\",\"name\":\"1er tour des interclubs - 06.05.18 - Janz\u00e9 Athl\u00e9tisme\",\"isPartOf\":{\"@id\":\"https:\\\/\\\/janze-athletisme.fr\\\/wordpress\\\/#website\"},\"primaryImageOfPage\":{\"@id\":\"https:\\\/\\\/janze-athletisme.fr\\\/wordpress\\\/1er-tour-interclubs-06-05-18\\\/#primaryimage\"},\"image\":{\"@id\":\"https:\\\/\\\/janze-athletisme.fr\\\/wordpress\\\/1er-tour-interclubs-06-05-18\\\/#primaryimage\"},\"thumbnailUrl\":\"http:\\\/\\\/janze-athletisme.fr\\\/wordpress\\\/wp-content\\\/uploads\\\/2018\\\/05\\\/Image1-1024x850.jpg\",\"datePublished\":\"2018-05-08T15:41:23+00:00\",\"dateModified\":\"2018-05-10T16:21:31+00:00\",\"breadcrumb\":{\"@id\":\"https:\\\/\\\/janze-athletisme.fr\\\/wordpress\\\/1er-tour-interclubs-06-05-18\\\/#breadcrumb\"},\"inLanguage\":\"fr-FR\",\"potentialAction\":[{\"@type\":\"ReadAction\",\"target\":[\"https:\\\/\\\/janze-athletisme.fr\\\/wordpress\\\/1er-tour-interclubs-06-05-18\\\/\"]}]},{\"@type\":\"ImageObject\",\"inLanguage\":\"fr-FR\",\"@id\":\"https:\\\/\\\/janze-athletisme.fr\\\/wordpress\\\/1er-tour-interclubs-06-05-18\\\/#primaryimage\",\"url\":\"http:\\\/\\\/janze-athletisme.fr\\\/wordpress\\\/wp-content\\\/uploads\\\/2018\\\/05\\\/Image1-1024x850.jpg\",\"contentUrl\":\"http:\\\/\\\/janze-athletisme.fr\\\/wordpress\\\/wp-content\\\/uploads\\\/2018\\\/05\\\/Image1-1024x850.jpg\"},{\"@type\":\"BreadcrumbList\",\"@id\":\"https:\\\/\\\/janze-athletisme.fr\\\/wordpress\\\/1er-tour-interclubs-06-05-18\\\/#breadcrumb\",\"itemListElement\":[{\"@type\":\"ListItem\",\"position\":1,\"name\":\"Accueil\",\"item\":\"https:\\\/\\\/janze-athletisme.fr\\\/wordpress\\\/\"},{\"@type\":\"ListItem\",\"position\":2,\"name\":\"1er tour des interclubs &#8211; 06.05.18\"}]},{\"@type\":\"WebSite\",\"@id\":\"https:\\\/\\\/janze-athletisme.fr\\\/wordpress\\\/#website\",\"url\":\"https:\\\/\\\/janze-athletisme.fr\\\/wordpress\\\/\",\"name\":\"Janz\u00e9 Athl\u00e9tisme\",\"description\":\"Pays de La Roche aux F\u00e9es\",\"publisher\":{\"@id\":\"https:\\\/\\\/janze-athletisme.fr\\\/wordpress\\\/#organization\"},\"potentialAction\":[{\"@type\":\"SearchAction\",\"target\":{\"@type\":\"EntryPoint\",\"urlTemplate\":\"https:\\\/\\\/janze-athletisme.fr\\\/wordpress\\\/?s={search_term_string}\"},\"query-input\":{\"@type\":\"PropertyValueSpecification\",\"valueRequired\":true,\"valueName\":\"search_term_string\"}}],\"inLanguage\":\"fr-FR\"},{\"@type\":\"Organization\",\"@id\":\"https:\\\/\\\/janze-athletisme.fr\\\/wordpress\\\/#organization\",\"name\":\"Janz\u00e9 Athl\u00e9tisme\",\"url\":\"https:\\\/\\\/janze-athletisme.fr\\\/wordpress\\\/\",\"logo\":{\"@type\":\"ImageObject\",\"inLanguage\":\"fr-FR\",\"@id\":\"https:\\\/\\\/janze-athletisme.fr\\\/wordpress\\\/#\\\/schema\\\/logo\\\/image\\\/\",\"url\":\"https:\\\/\\\/janze-athletisme.fr\\\/wordpress\\\/wp-content\\\/uploads\\\/2015\\\/03\\\/logo-full1.jpg\",\"contentUrl\":\"https:\\\/\\\/janze-athletisme.fr\\\/wordpress\\\/wp-content\\\/uploads\\\/2015\\\/03\\\/logo-full1.jpg\",\"width\":437,\"height\":205,\"caption\":\"Janz\u00e9 Athl\u00e9tisme\"},\"image\":{\"@id\":\"https:\\\/\\\/janze-athletisme.fr\\\/wordpress\\\/#\\\/schema\\\/logo\\\/image\\\/\"},\"sameAs\":[\"https:\\\/\\\/www.facebook.com\\\/groups\\\/1007964579346590\"]},{\"@type\":\"Person\",\"@id\":\"https:\\\/\\\/janze-athletisme.fr\\\/wordpress\\\/#\\\/schema\\\/person\\\/d0d91611dc85e1635e00511152f92f6c\",\"name\":\"Fr\u00e9d\u00e9ric Graye\",\"image\":{\"@type\":\"ImageObject\",\"inLanguage\":\"fr-FR\",\"@id\":\"https:\\\/\\\/secure.gravatar.com\\\/avatar\\\/3c698f3bb9d0e9fd7adcea83ce599a75775b1f86e450228044b2d9c172b90db8?s=96&d=mm&r=g\",\"url\":\"https:\\\/\\\/secure.gravatar.com\\\/avatar\\\/3c698f3bb9d0e9fd7adcea83ce599a75775b1f86e450228044b2d9c172b90db8?s=96&d=mm&r=g\",\"contentUrl\":\"https:\\\/\\\/secure.gravatar.com\\\/avatar\\\/3c698f3bb9d0e9fd7adcea83ce599a75775b1f86e450228044b2d9c172b90db8?s=96&d=mm&r=g\",\"caption\":\"Fr\u00e9d\u00e9ric Graye\"},\"url\":\"https:\\\/\\\/janze-athletisme.fr\\\/wordpress\\\/author\\\/jathe_adm\\\/\"}]}<\/script>\n<!-- \/ Yoast SEO plugin. -->","yoast_head_json":{"title":"1er tour des interclubs - 06.05.18 - Janz\u00e9 Athl\u00e9tisme","robots":{"index":"index","follow":"follow","max-snippet":"max-snippet:-1","max-image-preview":"max-image-preview:large","max-video-preview":"max-video-preview:-1"},"canonical":"https:\/\/janze-athletisme.fr\/wordpress\/1er-tour-interclubs-06-05-18\/","og_locale":"fr_FR","og_type":"article","og_title":"1er tour des interclubs - 06.05.18 - Janz\u00e9 Athl\u00e9tisme","og_description":"Premier tour des interclubs M\u00eame si nos deux \u00e9quipes \u00e9taient dispers\u00e9es \u00e0 Foug\u00e8res et \u00e0 Cesson lors de ce premier tour d&rsquo;interclubs, les conditions m\u00e9t\u00e9o \u00e9taient \u00e0 peu pr\u00e8s les m\u00eames pour tous : soleil de plomb et chaleur tout au long de la journ\u00e9e !\u00a0 Commen\u00e7ons par le r\u00e9sultat de l&rsquo;\u00e9quipe 2, qui a [&hellip;]","og_url":"https:\/\/janze-athletisme.fr\/wordpress\/1er-tour-interclubs-06-05-18\/","og_site_name":"Janz\u00e9 Athl\u00e9tisme","article_publisher":"https:\/\/www.facebook.com\/groups\/1007964579346590","article_published_time":"2018-05-08T15:41:23+00:00","article_modified_time":"2018-05-10T16:21:31+00:00","og_image":[{"url":"http:\/\/janze-athletisme.fr\/wordpress\/wp-content\/uploads\/2018\/05\/Image1-1024x850.jpg","type":"","width":"","height":""}],"author":"Fr\u00e9d\u00e9ric Graye","twitter_card":"summary_large_image","twitter_misc":{"\u00c9crit par":"Fr\u00e9d\u00e9ric Graye","Dur\u00e9e de lecture estim\u00e9e":"2 minutes"},"schema":{"@context":"https:\/\/schema.org","@graph":[{"@type":"Article","@id":"https:\/\/janze-athletisme.fr\/wordpress\/1er-tour-interclubs-06-05-18\/#article","isPartOf":{"@id":"https:\/\/janze-athletisme.fr\/wordpress\/1er-tour-interclubs-06-05-18\/"},"author":{"name":"Fr\u00e9d\u00e9ric Graye","@id":"https:\/\/janze-athletisme.fr\/wordpress\/#\/schema\/person\/d0d91611dc85e1635e00511152f92f6c"},"headline":"1er tour des interclubs &#8211; 06.05.18","datePublished":"2018-05-08T15:41:23+00:00","dateModified":"2018-05-10T16:21:31+00:00","mainEntityOfPage":{"@id":"https:\/\/janze-athletisme.fr\/wordpress\/1er-tour-interclubs-06-05-18\/"},"wordCount":460,"commentCount":0,"publisher":{"@id":"https:\/\/janze-athletisme.fr\/wordpress\/#organization"},"image":{"@id":"https:\/\/janze-athletisme.fr\/wordpress\/1er-tour-interclubs-06-05-18\/#primaryimage"},"thumbnailUrl":"http:\/\/janze-athletisme.fr\/wordpress\/wp-content\/uploads\/2018\/05\/Image1-1024x850.jpg","articleSection":["Le club au jour le jour"],"inLanguage":"fr-FR","potentialAction":[{"@type":"CommentAction","name":"Comment","target":["https:\/\/janze-athletisme.fr\/wordpress\/1er-tour-interclubs-06-05-18\/#respond"]}]},{"@type":"WebPage","@id":"https:\/\/janze-athletisme.fr\/wordpress\/1er-tour-interclubs-06-05-18\/","url":"https:\/\/janze-athletisme.fr\/wordpress\/1er-tour-interclubs-06-05-18\/","name":"1er tour des interclubs - 06.05.18 - Janz\u00e9 Athl\u00e9tisme","isPartOf":{"@id":"https:\/\/janze-athletisme.fr\/wordpress\/#website"},"primaryImageOfPage":{"@id":"https:\/\/janze-athletisme.fr\/wordpress\/1er-tour-interclubs-06-05-18\/#primaryimage"},"image":{"@id":"https:\/\/janze-athletisme.fr\/wordpress\/1er-tour-interclubs-06-05-18\/#primaryimage"},"thumbnailUrl":"http:\/\/janze-athletisme.fr\/wordpress\/wp-content\/uploads\/2018\/05\/Image1-1024x850.jpg","datePublished":"2018-05-08T15:41:23+00:00","dateModified":"2018-05-10T16:21:31+00:00","breadcrumb":{"@id":"https:\/\/janze-athletisme.fr\/wordpress\/1er-tour-interclubs-06-05-18\/#breadcrumb"},"inLanguage":"fr-FR","potentialAction":[{"@type":"ReadAction","target":["https:\/\/janze-athletisme.fr\/wordpress\/1er-tour-interclubs-06-05-18\/"]}]},{"@type":"ImageObject","inLanguage":"fr-FR","@id":"https:\/\/janze-athletisme.fr\/wordpress\/1er-tour-interclubs-06-05-18\/#primaryimage","url":"http:\/\/janze-athletisme.fr\/wordpress\/wp-content\/uploads\/2018\/05\/Image1-1024x850.jpg","contentUrl":"http:\/\/janze-athletisme.fr\/wordpress\/wp-content\/uploads\/2018\/05\/Image1-1024x850.jpg"},{"@type":"BreadcrumbList","@id":"https:\/\/janze-athletisme.fr\/wordpress\/1er-tour-interclubs-06-05-18\/#breadcrumb","itemListElement":[{"@type":"ListItem","position":1,"name":"Accueil","item":"https:\/\/janze-athletisme.fr\/wordpress\/"},{"@type":"ListItem","position":2,"name":"1er tour des interclubs &#8211; 06.05.18"}]},{"@type":"WebSite","@id":"https:\/\/janze-athletisme.fr\/wordpress\/#website","url":"https:\/\/janze-athletisme.fr\/wordpress\/","name":"Janz\u00e9 Athl\u00e9tisme","description":"Pays de La Roche aux F\u00e9es","publisher":{"@id":"https:\/\/janze-athletisme.fr\/wordpress\/#organization"},"potentialAction":[{"@type":"SearchAction","target":{"@type":"EntryPoint","urlTemplate":"https:\/\/janze-athletisme.fr\/wordpress\/?s={search_term_string}"},"query-input":{"@type":"PropertyValueSpecification","valueRequired":true,"valueName":"search_term_string"}}],"inLanguage":"fr-FR"},{"@type":"Organization","@id":"https:\/\/janze-athletisme.fr\/wordpress\/#organization","name":"Janz\u00e9 Athl\u00e9tisme","url":"https:\/\/janze-athletisme.fr\/wordpress\/","logo":{"@type":"ImageObject","inLanguage":"fr-FR","@id":"https:\/\/janze-athletisme.fr\/wordpress\/#\/schema\/logo\/image\/","url":"https:\/\/janze-athletisme.fr\/wordpress\/wp-content\/uploads\/2015\/03\/logo-full1.jpg","contentUrl":"https:\/\/janze-athletisme.fr\/wordpress\/wp-content\/uploads\/2015\/03\/logo-full1.jpg","width":437,"height":205,"caption":"Janz\u00e9 Athl\u00e9tisme"},"image":{"@id":"https:\/\/janze-athletisme.fr\/wordpress\/#\/schema\/logo\/image\/"},"sameAs":["https:\/\/www.facebook.com\/groups\/1007964579346590"]},{"@type":"Person","@id":"https:\/\/janze-athletisme.fr\/wordpress\/#\/schema\/person\/d0d91611dc85e1635e00511152f92f6c","name":"Fr\u00e9d\u00e9ric Graye","image":{"@type":"ImageObject","inLanguage":"fr-FR","@id":"https:\/\/secure.gravatar.com\/avatar\/3c698f3bb9d0e9fd7adcea83ce599a75775b1f86e450228044b2d9c172b90db8?s=96&d=mm&r=g","url":"https:\/\/secure.gravatar.com\/avatar\/3c698f3bb9d0e9fd7adcea83ce599a75775b1f86e450228044b2d9c172b90db8?s=96&d=mm&r=g","contentUrl":"https:\/\/secure.gravatar.com\/avatar\/3c698f3bb9d0e9fd7adcea83ce599a75775b1f86e450228044b2d9c172b90db8?s=96&d=mm&r=g","caption":"Fr\u00e9d\u00e9ric Graye"},"url":"https:\/\/janze-athletisme.fr\/wordpress\/author\/jathe_adm\/"}]}},"uagb_featured_image_src":{"full":false,"thumbnail":false,"medium":false,"medium_large":false,"large":false,"1536x1536":false,"2048x2048":false},"uagb_author_info":{"display_name":"Fr\u00e9d\u00e9ric Graye","author_link":"https:\/\/janze-athletisme.fr\/wordpress\/author\/jathe_adm\/"},"uagb_comment_info":0,"uagb_excerpt":"Premier tour des interclubs M\u00eame si nos deux \u00e9quipes \u00e9taient dispers\u00e9es \u00e0 Foug\u00e8res et \u00e0 Cesson lors de ce premier tour d&rsquo;interclubs, les conditions m\u00e9t\u00e9o \u00e9taient \u00e0 peu pr\u00e8s les m\u00eames pour tous : soleil de plomb et chaleur tout au long de la journ\u00e9e !\u00a0 Commen\u00e7ons par le r\u00e9sultat de l&rsquo;\u00e9quipe 2, qui a\u2026","_links":{"self":[{"href":"https:\/\/janze-athletisme.fr\/wordpress\/wp-json\/wp\/v2\/posts\/3732","targetHints":{"allow":["GET"]}}],"collection":[{"href":"https:\/\/janze-athletisme.fr\/wordpress\/wp-json\/wp\/v2\/posts"}],"about":[{"href":"https:\/\/janze-athletisme.fr\/wordpress\/wp-json\/wp\/v2\/types\/post"}],"author":[{"embeddable":true,"href":"https:\/\/janze-athletisme.fr\/wordpress\/wp-json\/wp\/v2\/users\/3"}],"replies":[{"embeddable":true,"href":"https:\/\/janze-athletisme.fr\/wordpress\/wp-json\/wp\/v2\/comments?post=3732"}],"version-history":[{"count":10,"href":"https:\/\/janze-athletisme.fr\/wordpress\/wp-json\/wp\/v2\/posts\/3732\/revisions"}],"predecessor-version":[{"id":3745,"href":"https:\/\/janze-athletisme.fr\/wordpress\/wp-json\/wp\/v2\/posts\/3732\/revisions\/3745"}],"wp:attachment":[{"href":"https:\/\/janze-athletisme.fr\/wordpress\/wp-json\/wp\/v2\/media?parent=3732"}],"wp:term":[{"taxonomy":"category","embeddable":true,"href":"https:\/\/janze-athletisme.fr\/wordpress\/wp-json\/wp\/v2\/categories?post=3732"},{"taxonomy":"post_tag","embeddable":true,"href":"https:\/\/janze-athletisme.fr\/wordpress\/wp-json\/wp\/v2\/tags?post=3732"}],"curies":[{"name":"wp","href":"https:\/\/api.w.org\/{rel}","templated":true}]}}