{"id":3709,"date":"2018-05-02T18:32:44","date_gmt":"2018-05-02T16:32:44","guid":{"rendered":"http:\/\/janze-athletisme.fr\/wordpress\/?p=3709"},"modified":"2018-05-02T18:32:44","modified_gmt":"2018-05-02T16:32:44","slug":"trans-aubrac","status":"publish","type":"post","link":"https:\/\/janze-athletisme.fr\/wordpress\/trans-aubrac\/","title":{"rendered":"Trans Aubrac"},"content":{"rendered":"<h2 style=\"text-align: center;\"><strong><span style=\"text-decoration: underline; color: #ff0000;\">LA TRANS AUBRAC (105 km, D+ 3652m, D-3810m)<\/span><\/strong><\/h2>\n<h2 style=\"text-align: center;\"><strong><span style=\"text-decoration: underline; color: #ff0000;\">21 avril 2018<\/span><\/strong><\/h2>\n<p><img loading=\"lazy\" decoding=\"async\" class=\"aligncenter\" title=\"\" src=\"http:\/\/janze-athletisme.fr\/wordpress\/wp-content\/uploads\/2018\/05\/Pixiz_20180425_213658_8sau.jpg\" alt=\"\" width=\"650\" height=\"650\" \/><\/p>\n<p><span style=\"color: #000000;\">D\u00e9part matinal, le RDV pour la navette est fix\u00e9 \u00e0 4h15. Je suis pr\u00eate : matos OK, bouffe OK, briefing avec Christophe OK (il fera mon assistance, forfait sur sa course car poignet pl\u00e2tr\u00e9), physiquement presque OK, mentalement plus que OK car gonfl\u00e9e \u00e0 bloc.<\/span><\/p>\n<p><span style=\"color: #000000;\">Un d\u00e9part digne des Ultra Trail : jeux de lumi\u00e8re, feu d\u2019artifice sur fond de vieilles pierres, je frissonne d\u00e9j\u00e0. Les lampes frontales s\u2019\u00e9tendent petit \u00e0 petit dans les chemins de l\u2019Aveyron. Je pars doucement, maitre mot : g\u00e9rer l\u2019effort et profiter \u00e0 fond de cette belle aventure. J\u2019encha\u00eene les kilom\u00e8tres et prend de l\u2019altitude tranquillement. Le paysage est changeant, passage en for\u00eat, petits sentiers bord\u00e9s de murets de pierre, b\u00e2tisses typiques aveyronnaises, ch\u00e2teaux, couvent, c\u2019est magnifique. A chaque village, m\u00eame au petit matin, des gens sont l\u00e0 pour nous encourager, sur fond de cloches \u00e0 vaches. J\u2019arrive aux 55\u00e8me kilom\u00e8tres, je fais le point \u00e0 mi course avec Christophe, qui est pr\u00e9sent sur chaque ravito : estomac OK, cheville qui titille, je d\u00e9cide d\u2019aller voir le m\u00e9decin de la course pour un strapping, histoire de pouvoir finir sans trop de souffrance. Je repars gonfl\u00e9e \u00e0 bloc, comme veux la tradition \u00e0 Laguiole, j\u2019ai m\u00eame touch\u00e9 \u00ab les coucougnettes du taureau \u00bb sur la place du village pour me porter chance.<\/span><\/p>\n<p><span style=\"color: #000000;\">J\u2019attaque une grosse mont\u00e9e qui m\u2019emm\u00e8nera sur les plateaux de l\u2019Aubrac. D\u00e9but de l\u2019apr\u00e8s midi, le thermom\u00e8tre commence \u00e0 monter et le parac\u00e9tamol donn\u00e9 par le m\u00e9decin au ravito me fait un dr\u00f4le d\u2019effet : somnolence, vertige et maux de ventre&#8230;.je commence \u00e0 m\u2019inqui\u00e9ter.<\/span><\/p>\n<p><span style=\"color: #000000;\">Je profite des paysages lunaires des plateaux de l\u2019Aubrac, mais les probl\u00e8mes digestifs vont venir g\u00e2cher ce bon moment, d\u00e9j\u00e0 10 h de course et 70 km parcourus. Les 2 heures qui suivent sont difficiles, je ne fais que vomir. J\u2019arrive au ravitaillement du Buron (kilom\u00e8tre 78) ou Christophe m\u2019attend. Vu mon \u00e9tat, je d\u00e9cide de me reposer une vingtaine de minutes, puis je repars sous les encouragements de Christophe (juste apr\u00e8s avoir vomi une \u00e9ni\u00e8me fois). Je veux tenter quand m\u00eame, voir si je peux me r\u00e9hydrater et me r\u00e9alimenter un peu. Malheureusement c\u2019est de pire en pire, plus rien ne passe, d\u00e9j\u00e0 4h cumul\u00e9es ou je ne bois et ne mange presque plus, je n\u2019ai plus de jus&#8230;.<\/span><\/p>\n<p><span style=\"color: #000000;\">Je retrouve Christophe au milieu de nul part, je m\u2019\u00e9croule la t\u00eate \u00e0 cot\u00e9 d\u2019une bouse de vache et je r\u00e9alise que je ne suis plus trop lucide, tr\u00e8s fatigu\u00e9e, l\u2019estomac compl\u00e8tement nou\u00e9, et je n\u2019avance plus \u00e0 rien !!! Je prends donc la d\u00e9cision de stopper mon aventure, 83 kilom\u00e8tres parcourus en 14h30.<\/span><\/p>\n<p><span style=\"color: #000000;\">Cela restera une magnifique exp\u00e9rience et un beau d\u00e9fi&#8230;.Et pourquoi pas y retourner l\u2019ann\u00e9e prochaine&#8230;.avec le club ? LA TRANS AUBRAC propose diff\u00e9rents formats de courses accessibles \u00e0 tous, cela serai une chouette sortie avec le club !!!<\/span><\/p>\n<h3 style=\"text-align: center;\"><span style=\"color: #000000;\">Maud<\/span><\/h3>\n","protected":false},"excerpt":{"rendered":"<p>LA TRANS AUBRAC (105 km, D+ 3652m, D-3810m) 21 avril 2018 D\u00e9part matinal, le RDV pour la navette est fix\u00e9 \u00e0 4h15. Je suis pr\u00eate : matos OK, bouffe OK, briefing avec Christophe OK (il fera mon assistance, forfait sur sa course car poignet pl\u00e2tr\u00e9), physiquement presque OK, mentalement plus que OK car gonfl\u00e9e \u00e0 [&hellip;]<\/p>\n","protected":false},"author":4,"featured_media":0,"comment_status":"open","ping_status":"open","sticky":false,"template":"","format":"aside","meta":{"_uag_custom_page_level_css":"","site-sidebar-layout":"default","site-content-layout":"","ast-site-content-layout":"default","site-content-style":"default","site-sidebar-style":"default","ast-global-header-display":"","ast-banner-title-visibility":"","ast-main-header-display":"","ast-hfb-above-header-display":"","ast-hfb-below-header-display":"","ast-hfb-mobile-header-display":"","site-post-title":"","ast-breadcrumbs-content":"","ast-featured-img":"","footer-sml-layout":"","ast-disable-related-posts":"","theme-transparent-header-meta":"","adv-header-id-meta":"","stick-header-meta":"","header-above-stick-meta":"","header-main-stick-meta":"","header-below-stick-meta":"","astra-migrate-meta-layouts":"default","ast-page-background-enabled":"default","ast-page-background-meta":{"desktop":{"background-color":"var(--ast-global-color-4)","background-image":"","background-repeat":"repeat","background-position":"center center","background-size":"auto","background-attachment":"scroll","background-type":"","background-media":"","overlay-type":"","overlay-color":"","overlay-opacity":"","overlay-gradient":""},"tablet":{"background-color":"","background-image":"","background-repeat":"repeat","background-position":"center center","background-size":"auto","background-attachment":"scroll","background-type":"","background-media":"","overlay-type":"","overlay-color":"","overlay-opacity":"","overlay-gradient":""},"mobile":{"background-color":"","background-image":"","background-repeat":"repeat","background-position":"center center","background-size":"auto","background-attachment":"scroll","background-type":"","background-media":"","overlay-type":"","overlay-color":"","overlay-opacity":"","overlay-gradient":""}},"ast-content-background-meta":{"desktop":{"background-color":"var(--ast-global-color-5)","background-image":"","background-repeat":"repeat","background-position":"center center","background-size":"auto","background-attachment":"scroll","background-type":"","background-media":"","overlay-type":"","overlay-color":"","overlay-opacity":"","overlay-gradient":""},"tablet":{"background-color":"var(--ast-global-color-5)","background-image":"","background-repeat":"repeat","background-position":"center center","background-size":"auto","background-attachment":"scroll","background-type":"","background-media":"","overlay-type":"","overlay-color":"","overlay-opacity":"","overlay-gradient":""},"mobile":{"background-color":"var(--ast-global-color-5)","background-image":"","background-repeat":"repeat","background-position":"center center","background-size":"auto","background-attachment":"scroll","background-type":"","background-media":"","overlay-type":"","overlay-color":"","overlay-opacity":"","overlay-gradient":""}},"footnotes":""},"categories":[6],"tags":[],"class_list":["post-3709","post","type-post","status-publish","format-aside","hentry","category-sections","post_format-post-format-aside"],"yoast_head":"<!-- This site is optimized with the Yoast SEO plugin v27.5 - https:\/\/yoast.com\/product\/yoast-seo-wordpress\/ -->\n<title>Trans Aubrac - Janz\u00e9 Athl\u00e9tisme<\/title>\n<meta name=\"robots\" content=\"index, follow, max-snippet:-1, max-image-preview:large, max-video-preview:-1\" \/>\n<link rel=\"canonical\" href=\"https:\/\/janze-athletisme.fr\/wordpress\/trans-aubrac\/\" \/>\n<meta property=\"og:locale\" content=\"fr_FR\" \/>\n<meta property=\"og:type\" content=\"article\" \/>\n<meta property=\"og:title\" content=\"Trans Aubrac - Janz\u00e9 Athl\u00e9tisme\" \/>\n<meta property=\"og:description\" content=\"LA TRANS AUBRAC (105 km, D+ 3652m, D-3810m) 21 avril 2018 D\u00e9part matinal, le RDV pour la navette est fix\u00e9 \u00e0 4h15. Je suis pr\u00eate : matos OK, bouffe OK, briefing avec Christophe OK (il fera mon assistance, forfait sur sa course car poignet pl\u00e2tr\u00e9), physiquement presque OK, mentalement plus que OK car gonfl\u00e9e \u00e0 [&hellip;]\" \/>\n<meta property=\"og:url\" content=\"https:\/\/janze-athletisme.fr\/wordpress\/trans-aubrac\/\" \/>\n<meta property=\"og:site_name\" content=\"Janz\u00e9 Athl\u00e9tisme\" \/>\n<meta property=\"article:publisher\" content=\"https:\/\/www.facebook.com\/groups\/1007964579346590\" \/>\n<meta property=\"article:published_time\" content=\"2018-05-02T16:32:44+00:00\" \/>\n<meta property=\"og:image\" content=\"http:\/\/janze-athletisme.fr\/wordpress\/wp-content\/uploads\/2018\/05\/Pixiz_20180425_213658_8sau.jpg\" \/>\n<meta name=\"author\" content=\"Anthony\" \/>\n<meta name=\"twitter:card\" content=\"summary_large_image\" \/>\n<meta name=\"twitter:label1\" content=\"\u00c9crit par\" \/>\n\t<meta name=\"twitter:data1\" content=\"Anthony\" \/>\n\t<meta name=\"twitter:label2\" content=\"Dur\u00e9e de lecture estim\u00e9e\" \/>\n\t<meta name=\"twitter:data2\" content=\"3 minutes\" \/>\n<script type=\"application\/ld+json\" class=\"yoast-schema-graph\">{\"@context\":\"https:\\\/\\\/schema.org\",\"@graph\":[{\"@type\":\"Article\",\"@id\":\"https:\\\/\\\/janze-athletisme.fr\\\/wordpress\\\/trans-aubrac\\\/#article\",\"isPartOf\":{\"@id\":\"https:\\\/\\\/janze-athletisme.fr\\\/wordpress\\\/trans-aubrac\\\/\"},\"author\":{\"name\":\"Anthony\",\"@id\":\"https:\\\/\\\/janze-athletisme.fr\\\/wordpress\\\/#\\\/schema\\\/person\\\/525a6358d0c70a5cca90d6e8619f0453\"},\"headline\":\"Trans Aubrac\",\"datePublished\":\"2018-05-02T16:32:44+00:00\",\"mainEntityOfPage\":{\"@id\":\"https:\\\/\\\/janze-athletisme.fr\\\/wordpress\\\/trans-aubrac\\\/\"},\"wordCount\":538,\"commentCount\":0,\"publisher\":{\"@id\":\"https:\\\/\\\/janze-athletisme.fr\\\/wordpress\\\/#organization\"},\"image\":{\"@id\":\"https:\\\/\\\/janze-athletisme.fr\\\/wordpress\\\/trans-aubrac\\\/#primaryimage\"},\"thumbnailUrl\":\"http:\\\/\\\/janze-athletisme.fr\\\/wordpress\\\/wp-content\\\/uploads\\\/2018\\\/05\\\/Pixiz_20180425_213658_8sau.jpg\",\"articleSection\":[\"Le club au jour le jour\"],\"inLanguage\":\"fr-FR\",\"potentialAction\":[{\"@type\":\"CommentAction\",\"name\":\"Comment\",\"target\":[\"https:\\\/\\\/janze-athletisme.fr\\\/wordpress\\\/trans-aubrac\\\/#respond\"]}]},{\"@type\":\"WebPage\",\"@id\":\"https:\\\/\\\/janze-athletisme.fr\\\/wordpress\\\/trans-aubrac\\\/\",\"url\":\"https:\\\/\\\/janze-athletisme.fr\\\/wordpress\\\/trans-aubrac\\\/\",\"name\":\"Trans Aubrac - Janz\u00e9 Athl\u00e9tisme\",\"isPartOf\":{\"@id\":\"https:\\\/\\\/janze-athletisme.fr\\\/wordpress\\\/#website\"},\"primaryImageOfPage\":{\"@id\":\"https:\\\/\\\/janze-athletisme.fr\\\/wordpress\\\/trans-aubrac\\\/#primaryimage\"},\"image\":{\"@id\":\"https:\\\/\\\/janze-athletisme.fr\\\/wordpress\\\/trans-aubrac\\\/#primaryimage\"},\"thumbnailUrl\":\"http:\\\/\\\/janze-athletisme.fr\\\/wordpress\\\/wp-content\\\/uploads\\\/2018\\\/05\\\/Pixiz_20180425_213658_8sau.jpg\",\"datePublished\":\"2018-05-02T16:32:44+00:00\",\"breadcrumb\":{\"@id\":\"https:\\\/\\\/janze-athletisme.fr\\\/wordpress\\\/trans-aubrac\\\/#breadcrumb\"},\"inLanguage\":\"fr-FR\",\"potentialAction\":[{\"@type\":\"ReadAction\",\"target\":[\"https:\\\/\\\/janze-athletisme.fr\\\/wordpress\\\/trans-aubrac\\\/\"]}]},{\"@type\":\"ImageObject\",\"inLanguage\":\"fr-FR\",\"@id\":\"https:\\\/\\\/janze-athletisme.fr\\\/wordpress\\\/trans-aubrac\\\/#primaryimage\",\"url\":\"http:\\\/\\\/janze-athletisme.fr\\\/wordpress\\\/wp-content\\\/uploads\\\/2018\\\/05\\\/Pixiz_20180425_213658_8sau.jpg\",\"contentUrl\":\"http:\\\/\\\/janze-athletisme.fr\\\/wordpress\\\/wp-content\\\/uploads\\\/2018\\\/05\\\/Pixiz_20180425_213658_8sau.jpg\"},{\"@type\":\"BreadcrumbList\",\"@id\":\"https:\\\/\\\/janze-athletisme.fr\\\/wordpress\\\/trans-aubrac\\\/#breadcrumb\",\"itemListElement\":[{\"@type\":\"ListItem\",\"position\":1,\"name\":\"Accueil\",\"item\":\"https:\\\/\\\/janze-athletisme.fr\\\/wordpress\\\/\"},{\"@type\":\"ListItem\",\"position\":2,\"name\":\"Trans Aubrac\"}]},{\"@type\":\"WebSite\",\"@id\":\"https:\\\/\\\/janze-athletisme.fr\\\/wordpress\\\/#website\",\"url\":\"https:\\\/\\\/janze-athletisme.fr\\\/wordpress\\\/\",\"name\":\"Janz\u00e9 Athl\u00e9tisme\",\"description\":\"Pays de La Roche aux F\u00e9es\",\"publisher\":{\"@id\":\"https:\\\/\\\/janze-athletisme.fr\\\/wordpress\\\/#organization\"},\"potentialAction\":[{\"@type\":\"SearchAction\",\"target\":{\"@type\":\"EntryPoint\",\"urlTemplate\":\"https:\\\/\\\/janze-athletisme.fr\\\/wordpress\\\/?s={search_term_string}\"},\"query-input\":{\"@type\":\"PropertyValueSpecification\",\"valueRequired\":true,\"valueName\":\"search_term_string\"}}],\"inLanguage\":\"fr-FR\"},{\"@type\":\"Organization\",\"@id\":\"https:\\\/\\\/janze-athletisme.fr\\\/wordpress\\\/#organization\",\"name\":\"Janz\u00e9 Athl\u00e9tisme\",\"url\":\"https:\\\/\\\/janze-athletisme.fr\\\/wordpress\\\/\",\"logo\":{\"@type\":\"ImageObject\",\"inLanguage\":\"fr-FR\",\"@id\":\"https:\\\/\\\/janze-athletisme.fr\\\/wordpress\\\/#\\\/schema\\\/logo\\\/image\\\/\",\"url\":\"https:\\\/\\\/janze-athletisme.fr\\\/wordpress\\\/wp-content\\\/uploads\\\/2015\\\/03\\\/logo-full1.jpg\",\"contentUrl\":\"https:\\\/\\\/janze-athletisme.fr\\\/wordpress\\\/wp-content\\\/uploads\\\/2015\\\/03\\\/logo-full1.jpg\",\"width\":437,\"height\":205,\"caption\":\"Janz\u00e9 Athl\u00e9tisme\"},\"image\":{\"@id\":\"https:\\\/\\\/janze-athletisme.fr\\\/wordpress\\\/#\\\/schema\\\/logo\\\/image\\\/\"},\"sameAs\":[\"https:\\\/\\\/www.facebook.com\\\/groups\\\/1007964579346590\"]},{\"@type\":\"Person\",\"@id\":\"https:\\\/\\\/janze-athletisme.fr\\\/wordpress\\\/#\\\/schema\\\/person\\\/525a6358d0c70a5cca90d6e8619f0453\",\"name\":\"Anthony\",\"image\":{\"@type\":\"ImageObject\",\"inLanguage\":\"fr-FR\",\"@id\":\"https:\\\/\\\/secure.gravatar.com\\\/avatar\\\/532191f4fe4dd4049862f967bad2fe3582467d09a23b1e5c976a11e7665d2423?s=96&d=mm&r=g\",\"url\":\"https:\\\/\\\/secure.gravatar.com\\\/avatar\\\/532191f4fe4dd4049862f967bad2fe3582467d09a23b1e5c976a11e7665d2423?s=96&d=mm&r=g\",\"contentUrl\":\"https:\\\/\\\/secure.gravatar.com\\\/avatar\\\/532191f4fe4dd4049862f967bad2fe3582467d09a23b1e5c976a11e7665d2423?s=96&d=mm&r=g\",\"caption\":\"Anthony\"},\"url\":\"https:\\\/\\\/janze-athletisme.fr\\\/wordpress\\\/author\\\/anjuvin\\\/\"}]}<\/script>\n<!-- \/ Yoast SEO plugin. -->","yoast_head_json":{"title":"Trans Aubrac - Janz\u00e9 Athl\u00e9tisme","robots":{"index":"index","follow":"follow","max-snippet":"max-snippet:-1","max-image-preview":"max-image-preview:large","max-video-preview":"max-video-preview:-1"},"canonical":"https:\/\/janze-athletisme.fr\/wordpress\/trans-aubrac\/","og_locale":"fr_FR","og_type":"article","og_title":"Trans Aubrac - Janz\u00e9 Athl\u00e9tisme","og_description":"LA TRANS AUBRAC (105 km, D+ 3652m, D-3810m) 21 avril 2018 D\u00e9part matinal, le RDV pour la navette est fix\u00e9 \u00e0 4h15. Je suis pr\u00eate : matos OK, bouffe OK, briefing avec Christophe OK (il fera mon assistance, forfait sur sa course car poignet pl\u00e2tr\u00e9), physiquement presque OK, mentalement plus que OK car gonfl\u00e9e \u00e0 [&hellip;]","og_url":"https:\/\/janze-athletisme.fr\/wordpress\/trans-aubrac\/","og_site_name":"Janz\u00e9 Athl\u00e9tisme","article_publisher":"https:\/\/www.facebook.com\/groups\/1007964579346590","article_published_time":"2018-05-02T16:32:44+00:00","og_image":[{"url":"http:\/\/janze-athletisme.fr\/wordpress\/wp-content\/uploads\/2018\/05\/Pixiz_20180425_213658_8sau.jpg","type":"","width":"","height":""}],"author":"Anthony","twitter_card":"summary_large_image","twitter_misc":{"\u00c9crit par":"Anthony","Dur\u00e9e de lecture estim\u00e9e":"3 minutes"},"schema":{"@context":"https:\/\/schema.org","@graph":[{"@type":"Article","@id":"https:\/\/janze-athletisme.fr\/wordpress\/trans-aubrac\/#article","isPartOf":{"@id":"https:\/\/janze-athletisme.fr\/wordpress\/trans-aubrac\/"},"author":{"name":"Anthony","@id":"https:\/\/janze-athletisme.fr\/wordpress\/#\/schema\/person\/525a6358d0c70a5cca90d6e8619f0453"},"headline":"Trans Aubrac","datePublished":"2018-05-02T16:32:44+00:00","mainEntityOfPage":{"@id":"https:\/\/janze-athletisme.fr\/wordpress\/trans-aubrac\/"},"wordCount":538,"commentCount":0,"publisher":{"@id":"https:\/\/janze-athletisme.fr\/wordpress\/#organization"},"image":{"@id":"https:\/\/janze-athletisme.fr\/wordpress\/trans-aubrac\/#primaryimage"},"thumbnailUrl":"http:\/\/janze-athletisme.fr\/wordpress\/wp-content\/uploads\/2018\/05\/Pixiz_20180425_213658_8sau.jpg","articleSection":["Le club au jour le jour"],"inLanguage":"fr-FR","potentialAction":[{"@type":"CommentAction","name":"Comment","target":["https:\/\/janze-athletisme.fr\/wordpress\/trans-aubrac\/#respond"]}]},{"@type":"WebPage","@id":"https:\/\/janze-athletisme.fr\/wordpress\/trans-aubrac\/","url":"https:\/\/janze-athletisme.fr\/wordpress\/trans-aubrac\/","name":"Trans Aubrac - Janz\u00e9 Athl\u00e9tisme","isPartOf":{"@id":"https:\/\/janze-athletisme.fr\/wordpress\/#website"},"primaryImageOfPage":{"@id":"https:\/\/janze-athletisme.fr\/wordpress\/trans-aubrac\/#primaryimage"},"image":{"@id":"https:\/\/janze-athletisme.fr\/wordpress\/trans-aubrac\/#primaryimage"},"thumbnailUrl":"http:\/\/janze-athletisme.fr\/wordpress\/wp-content\/uploads\/2018\/05\/Pixiz_20180425_213658_8sau.jpg","datePublished":"2018-05-02T16:32:44+00:00","breadcrumb":{"@id":"https:\/\/janze-athletisme.fr\/wordpress\/trans-aubrac\/#breadcrumb"},"inLanguage":"fr-FR","potentialAction":[{"@type":"ReadAction","target":["https:\/\/janze-athletisme.fr\/wordpress\/trans-aubrac\/"]}]},{"@type":"ImageObject","inLanguage":"fr-FR","@id":"https:\/\/janze-athletisme.fr\/wordpress\/trans-aubrac\/#primaryimage","url":"http:\/\/janze-athletisme.fr\/wordpress\/wp-content\/uploads\/2018\/05\/Pixiz_20180425_213658_8sau.jpg","contentUrl":"http:\/\/janze-athletisme.fr\/wordpress\/wp-content\/uploads\/2018\/05\/Pixiz_20180425_213658_8sau.jpg"},{"@type":"BreadcrumbList","@id":"https:\/\/janze-athletisme.fr\/wordpress\/trans-aubrac\/#breadcrumb","itemListElement":[{"@type":"ListItem","position":1,"name":"Accueil","item":"https:\/\/janze-athletisme.fr\/wordpress\/"},{"@type":"ListItem","position":2,"name":"Trans Aubrac"}]},{"@type":"WebSite","@id":"https:\/\/janze-athletisme.fr\/wordpress\/#website","url":"https:\/\/janze-athletisme.fr\/wordpress\/","name":"Janz\u00e9 Athl\u00e9tisme","description":"Pays de La Roche aux F\u00e9es","publisher":{"@id":"https:\/\/janze-athletisme.fr\/wordpress\/#organization"},"potentialAction":[{"@type":"SearchAction","target":{"@type":"EntryPoint","urlTemplate":"https:\/\/janze-athletisme.fr\/wordpress\/?s={search_term_string}"},"query-input":{"@type":"PropertyValueSpecification","valueRequired":true,"valueName":"search_term_string"}}],"inLanguage":"fr-FR"},{"@type":"Organization","@id":"https:\/\/janze-athletisme.fr\/wordpress\/#organization","name":"Janz\u00e9 Athl\u00e9tisme","url":"https:\/\/janze-athletisme.fr\/wordpress\/","logo":{"@type":"ImageObject","inLanguage":"fr-FR","@id":"https:\/\/janze-athletisme.fr\/wordpress\/#\/schema\/logo\/image\/","url":"https:\/\/janze-athletisme.fr\/wordpress\/wp-content\/uploads\/2015\/03\/logo-full1.jpg","contentUrl":"https:\/\/janze-athletisme.fr\/wordpress\/wp-content\/uploads\/2015\/03\/logo-full1.jpg","width":437,"height":205,"caption":"Janz\u00e9 Athl\u00e9tisme"},"image":{"@id":"https:\/\/janze-athletisme.fr\/wordpress\/#\/schema\/logo\/image\/"},"sameAs":["https:\/\/www.facebook.com\/groups\/1007964579346590"]},{"@type":"Person","@id":"https:\/\/janze-athletisme.fr\/wordpress\/#\/schema\/person\/525a6358d0c70a5cca90d6e8619f0453","name":"Anthony","image":{"@type":"ImageObject","inLanguage":"fr-FR","@id":"https:\/\/secure.gravatar.com\/avatar\/532191f4fe4dd4049862f967bad2fe3582467d09a23b1e5c976a11e7665d2423?s=96&d=mm&r=g","url":"https:\/\/secure.gravatar.com\/avatar\/532191f4fe4dd4049862f967bad2fe3582467d09a23b1e5c976a11e7665d2423?s=96&d=mm&r=g","contentUrl":"https:\/\/secure.gravatar.com\/avatar\/532191f4fe4dd4049862f967bad2fe3582467d09a23b1e5c976a11e7665d2423?s=96&d=mm&r=g","caption":"Anthony"},"url":"https:\/\/janze-athletisme.fr\/wordpress\/author\/anjuvin\/"}]}},"uagb_featured_image_src":{"full":false,"thumbnail":false,"medium":false,"medium_large":false,"large":false,"1536x1536":false,"2048x2048":false},"uagb_author_info":{"display_name":"Anthony","author_link":"https:\/\/janze-athletisme.fr\/wordpress\/author\/anjuvin\/"},"uagb_comment_info":0,"uagb_excerpt":"LA TRANS AUBRAC (105 km, D+ 3652m, D-3810m) 21 avril 2018 D\u00e9part matinal, le RDV pour la navette est fix\u00e9 \u00e0 4h15. Je suis pr\u00eate : matos OK, bouffe OK, briefing avec Christophe OK (il fera mon assistance, forfait sur sa course car poignet pl\u00e2tr\u00e9), physiquement presque OK, mentalement plus que OK car gonfl\u00e9e \u00e0\u2026","_links":{"self":[{"href":"https:\/\/janze-athletisme.fr\/wordpress\/wp-json\/wp\/v2\/posts\/3709","targetHints":{"allow":["GET"]}}],"collection":[{"href":"https:\/\/janze-athletisme.fr\/wordpress\/wp-json\/wp\/v2\/posts"}],"about":[{"href":"https:\/\/janze-athletisme.fr\/wordpress\/wp-json\/wp\/v2\/types\/post"}],"author":[{"embeddable":true,"href":"https:\/\/janze-athletisme.fr\/wordpress\/wp-json\/wp\/v2\/users\/4"}],"replies":[{"embeddable":true,"href":"https:\/\/janze-athletisme.fr\/wordpress\/wp-json\/wp\/v2\/comments?post=3709"}],"version-history":[{"count":1,"href":"https:\/\/janze-athletisme.fr\/wordpress\/wp-json\/wp\/v2\/posts\/3709\/revisions"}],"predecessor-version":[{"id":3711,"href":"https:\/\/janze-athletisme.fr\/wordpress\/wp-json\/wp\/v2\/posts\/3709\/revisions\/3711"}],"wp:attachment":[{"href":"https:\/\/janze-athletisme.fr\/wordpress\/wp-json\/wp\/v2\/media?parent=3709"}],"wp:term":[{"taxonomy":"category","embeddable":true,"href":"https:\/\/janze-athletisme.fr\/wordpress\/wp-json\/wp\/v2\/categories?post=3709"},{"taxonomy":"post_tag","embeddable":true,"href":"https:\/\/janze-athletisme.fr\/wordpress\/wp-json\/wp\/v2\/tags?post=3709"}],"curies":[{"name":"wp","href":"https:\/\/api.w.org\/{rel}","templated":true}]}}