{"id":3600,"date":"2018-03-15T18:45:38","date_gmt":"2018-03-15T17:45:38","guid":{"rendered":"http:\/\/janze-athletisme.fr\/wordpress\/?p=3600"},"modified":"2018-03-15T21:30:04","modified_gmt":"2018-03-15T20:30:04","slug":"3600-2","status":"publish","type":"post","link":"https:\/\/janze-athletisme.fr\/wordpress\/3600-2\/","title":{"rendered":""},"content":{"rendered":"<h1 style=\"text-align: center;\"><span style=\"color: #ff0000;\"><strong><span style=\"text-decoration: underline;\">Championnat de France de Cross Plouay<\/span><\/strong><\/span><\/h1>\n<p><img loading=\"lazy\" decoding=\"async\" class=\"aligncenter\" title=\"\" src=\"http:\/\/janze-athletisme.fr\/wordpress\/wp-content\/uploads\/2018\/03\/pixiz-15-03-2018-18-44-36.jpg\" alt=\"\" width=\"800\" height=\"450\" \/><\/p>\n<p><span style=\"color: #000000;\">Cette ann\u00e9e le championnat de France de cross avait lieu \u00e0 Plouay, l&rsquo;occasion pour la Bretagne d&rsquo;accueillir les meilleurs Fran\u00e7ais sur ses terres. Comme pr\u00e9vu, 20000 spectateurs et une ambiance de folie pour encourager les athl\u00e8tes. Ajouter \u00e0 cela une m\u00e9t\u00e9o digne d&rsquo;un cross de notre r\u00e9gion, pluie, vent, boue et vous aurez droit \u00e0 de magnifiques courses.\u00a0<\/span><\/p>\n<p><span style=\"color: #000000;\">Revenons \u00e0 nos athl\u00e8tes Janz\u00e9ens, ce championnat aura donn\u00e9 lieu \u00e0 deux pertes de chaussures et une remontada !!<\/span><\/p>\n<p><span style=\"color: #000000;\">Le 1er \u00e0 s&rsquo;\u00e9lancer \u00e9tait <strong>Wilfrid L<\/strong>, parti tr\u00e8s calmement sur un terrain qu&rsquo;il connait bien, <strong>Wilfrid<\/strong> nous a fait une remontada pour terminer \u00e0 une magnifique 77\u00e8me place et 2\u00e8me meilleur athl\u00e8te d&rsquo;Ille et Vilaine !!<\/span><\/p>\n<p><span style=\"color: #000000;\">Le second \u00e0 partir \u00e9tait <strong>K\u00e9wan R<\/strong>, malheureusement comme beaucoup de coureurs d\u00e8s 300 m\u00e8tres de courses il perdait une chaussure. Sur un terrain tr\u00e8s gras, les derniers 5 km restant ont \u00e9t\u00e9 compliqu\u00e9 mais il termine tout de m\u00eame \u00e0 une belle 303\u00e8me place.<\/span><\/p>\n<p><span style=\"color: #000000;\">Le dernier \u00e0 prendre le d\u00e9part \u00e9tait <strong>K\u00e9ven G<\/strong>, comme son pr\u00e9d\u00e9cesseur une fois le d\u00e9part donn\u00e9 un coureur lui plante ses pointes dans le mollet et lui arrache sa chaussure. Il tentera malgr\u00e9 tout de remonter, mais avec une chaussure en moins et une petite fringale, il terminera la course dans la souffrance et franchira malgr\u00e9 tout la ligne d&rsquo;arriv\u00e9e en 294\u00e8me position.<\/span><\/p>\n<p><span style=\"color: #000000;\">Bravo \u00e0 vous 3, bravo aux supporters, bravo aux entra\u00eeneurs et bravo \u00e0 votre machine \u00e0 laver !!!!<\/span><\/p>\n<p><span style=\"color: #000000;\">Quelques preuves en images : <\/span><a href=\"https:\/\/photos.app.goo.gl\/hzLbUFrR2Rizs26V2\"><span style=\"text-decoration: underline;\"><strong><span style=\"color: #ff0000; text-decoration: underline;\">CLIC !!!<\/span><\/strong><\/span><\/a><\/p>\n<p>[ws_table id=\u00a0\u00bb624&Prime;]<\/p>\n","protected":false},"excerpt":{"rendered":"<p>Championnat de France de Cross Plouay Cette ann\u00e9e le championnat de France de cross avait lieu \u00e0 Plouay, l&rsquo;occasion pour la Bretagne d&rsquo;accueillir les meilleurs Fran\u00e7ais sur ses terres. Comme pr\u00e9vu, 20000 spectateurs et une ambiance de folie pour encourager les athl\u00e8tes. Ajouter \u00e0 cela une m\u00e9t\u00e9o digne d&rsquo;un cross de notre r\u00e9gion, pluie, vent, [&hellip;]<\/p>\n","protected":false},"author":4,"featured_media":0,"comment_status":"open","ping_status":"open","sticky":false,"template":"","format":"aside","meta":{"_uag_custom_page_level_css":"","site-sidebar-layout":"default","site-content-layout":"","ast-site-content-layout":"default","site-content-style":"default","site-sidebar-style":"default","ast-global-header-display":"","ast-banner-title-visibility":"","ast-main-header-display":"","ast-hfb-above-header-display":"","ast-hfb-below-header-display":"","ast-hfb-mobile-header-display":"","site-post-title":"","ast-breadcrumbs-content":"","ast-featured-img":"","footer-sml-layout":"","ast-disable-related-posts":"","theme-transparent-header-meta":"","adv-header-id-meta":"","stick-header-meta":"","header-above-stick-meta":"","header-main-stick-meta":"","header-below-stick-meta":"","astra-migrate-meta-layouts":"default","ast-page-background-enabled":"default","ast-page-background-meta":{"desktop":{"background-color":"var(--ast-global-color-4)","background-image":"","background-repeat":"repeat","background-position":"center center","background-size":"auto","background-attachment":"scroll","background-type":"","background-media":"","overlay-type":"","overlay-color":"","overlay-opacity":"","overlay-gradient":""},"tablet":{"background-color":"","background-image":"","background-repeat":"repeat","background-position":"center center","background-size":"auto","background-attachment":"scroll","background-type":"","background-media":"","overlay-type":"","overlay-color":"","overlay-opacity":"","overlay-gradient":""},"mobile":{"background-color":"","background-image":"","background-repeat":"repeat","background-position":"center center","background-size":"auto","background-attachment":"scroll","background-type":"","background-media":"","overlay-type":"","overlay-color":"","overlay-opacity":"","overlay-gradient":""}},"ast-content-background-meta":{"desktop":{"background-color":"var(--ast-global-color-5)","background-image":"","background-repeat":"repeat","background-position":"center center","background-size":"auto","background-attachment":"scroll","background-type":"","background-media":"","overlay-type":"","overlay-color":"","overlay-opacity":"","overlay-gradient":""},"tablet":{"background-color":"var(--ast-global-color-5)","background-image":"","background-repeat":"repeat","background-position":"center center","background-size":"auto","background-attachment":"scroll","background-type":"","background-media":"","overlay-type":"","overlay-color":"","overlay-opacity":"","overlay-gradient":""},"mobile":{"background-color":"var(--ast-global-color-5)","background-image":"","background-repeat":"repeat","background-position":"center center","background-size":"auto","background-attachment":"scroll","background-type":"","background-media":"","overlay-type":"","overlay-color":"","overlay-opacity":"","overlay-gradient":""}},"footnotes":""},"categories":[6],"tags":[],"class_list":["post-3600","post","type-post","status-publish","format-aside","hentry","category-sections","post_format-post-format-aside"],"yoast_head":"<!-- This site is optimized with the Yoast SEO plugin v27.5 - https:\/\/yoast.com\/product\/yoast-seo-wordpress\/ -->\n<title>- Janz\u00e9 Athl\u00e9tisme<\/title>\n<meta name=\"robots\" content=\"index, follow, max-snippet:-1, max-image-preview:large, max-video-preview:-1\" \/>\n<link rel=\"canonical\" href=\"https:\/\/janze-athletisme.fr\/wordpress\/3600-2\/\" \/>\n<meta property=\"og:locale\" content=\"fr_FR\" \/>\n<meta property=\"og:type\" content=\"article\" \/>\n<meta property=\"og:title\" content=\"- Janz\u00e9 Athl\u00e9tisme\" \/>\n<meta property=\"og:description\" content=\"Championnat de France de Cross Plouay Cette ann\u00e9e le championnat de France de cross avait lieu \u00e0 Plouay, l&rsquo;occasion pour la Bretagne d&rsquo;accueillir les meilleurs Fran\u00e7ais sur ses terres. Comme pr\u00e9vu, 20000 spectateurs et une ambiance de folie pour encourager les athl\u00e8tes. Ajouter \u00e0 cela une m\u00e9t\u00e9o digne d&rsquo;un cross de notre r\u00e9gion, pluie, vent, [&hellip;]\" \/>\n<meta property=\"og:url\" content=\"https:\/\/janze-athletisme.fr\/wordpress\/3600-2\/\" \/>\n<meta property=\"og:site_name\" content=\"Janz\u00e9 Athl\u00e9tisme\" \/>\n<meta property=\"article:publisher\" content=\"https:\/\/www.facebook.com\/groups\/1007964579346590\" \/>\n<meta property=\"article:published_time\" content=\"2018-03-15T17:45:38+00:00\" \/>\n<meta property=\"article:modified_time\" content=\"2018-03-15T20:30:04+00:00\" \/>\n<meta property=\"og:image\" content=\"http:\/\/janze-athletisme.fr\/wordpress\/wp-content\/uploads\/2018\/03\/pixiz-15-03-2018-18-44-36.jpg\" \/>\n<meta name=\"author\" content=\"Anthony\" \/>\n<meta name=\"twitter:card\" content=\"summary_large_image\" \/>\n<meta name=\"twitter:label1\" content=\"\u00c9crit par\" \/>\n\t<meta name=\"twitter:data1\" content=\"Anthony\" \/>\n\t<meta name=\"twitter:label2\" content=\"Dur\u00e9e de lecture estim\u00e9e\" \/>\n\t<meta name=\"twitter:data2\" content=\"1 minute\" \/>\n<script type=\"application\/ld+json\" class=\"yoast-schema-graph\">{\"@context\":\"https:\\\/\\\/schema.org\",\"@graph\":[{\"@type\":\"Article\",\"@id\":\"https:\\\/\\\/janze-athletisme.fr\\\/wordpress\\\/3600-2\\\/#article\",\"isPartOf\":{\"@id\":\"https:\\\/\\\/janze-athletisme.fr\\\/wordpress\\\/3600-2\\\/\"},\"author\":{\"name\":\"Anthony\",\"@id\":\"https:\\\/\\\/janze-athletisme.fr\\\/wordpress\\\/#\\\/schema\\\/person\\\/525a6358d0c70a5cca90d6e8619f0453\"},\"headline\":\"Aucun titre\",\"datePublished\":\"2018-03-15T17:45:38+00:00\",\"dateModified\":\"2018-03-15T20:30:04+00:00\",\"mainEntityOfPage\":{\"@id\":\"https:\\\/\\\/janze-athletisme.fr\\\/wordpress\\\/3600-2\\\/\"},\"wordCount\":265,\"commentCount\":1,\"publisher\":{\"@id\":\"https:\\\/\\\/janze-athletisme.fr\\\/wordpress\\\/#organization\"},\"image\":{\"@id\":\"https:\\\/\\\/janze-athletisme.fr\\\/wordpress\\\/3600-2\\\/#primaryimage\"},\"thumbnailUrl\":\"http:\\\/\\\/janze-athletisme.fr\\\/wordpress\\\/wp-content\\\/uploads\\\/2018\\\/03\\\/pixiz-15-03-2018-18-44-36.jpg\",\"articleSection\":[\"Le club au jour le jour\"],\"inLanguage\":\"fr-FR\",\"potentialAction\":[{\"@type\":\"CommentAction\",\"name\":\"Comment\",\"target\":[\"https:\\\/\\\/janze-athletisme.fr\\\/wordpress\\\/3600-2\\\/#respond\"]}]},{\"@type\":\"WebPage\",\"@id\":\"https:\\\/\\\/janze-athletisme.fr\\\/wordpress\\\/3600-2\\\/\",\"url\":\"https:\\\/\\\/janze-athletisme.fr\\\/wordpress\\\/3600-2\\\/\",\"name\":\"- Janz\u00e9 Athl\u00e9tisme\",\"isPartOf\":{\"@id\":\"https:\\\/\\\/janze-athletisme.fr\\\/wordpress\\\/#website\"},\"primaryImageOfPage\":{\"@id\":\"https:\\\/\\\/janze-athletisme.fr\\\/wordpress\\\/3600-2\\\/#primaryimage\"},\"image\":{\"@id\":\"https:\\\/\\\/janze-athletisme.fr\\\/wordpress\\\/3600-2\\\/#primaryimage\"},\"thumbnailUrl\":\"http:\\\/\\\/janze-athletisme.fr\\\/wordpress\\\/wp-content\\\/uploads\\\/2018\\\/03\\\/pixiz-15-03-2018-18-44-36.jpg\",\"datePublished\":\"2018-03-15T17:45:38+00:00\",\"dateModified\":\"2018-03-15T20:30:04+00:00\",\"inLanguage\":\"fr-FR\",\"potentialAction\":[{\"@type\":\"ReadAction\",\"target\":[\"https:\\\/\\\/janze-athletisme.fr\\\/wordpress\\\/3600-2\\\/\"]}]},{\"@type\":\"ImageObject\",\"inLanguage\":\"fr-FR\",\"@id\":\"https:\\\/\\\/janze-athletisme.fr\\\/wordpress\\\/3600-2\\\/#primaryimage\",\"url\":\"http:\\\/\\\/janze-athletisme.fr\\\/wordpress\\\/wp-content\\\/uploads\\\/2018\\\/03\\\/pixiz-15-03-2018-18-44-36.jpg\",\"contentUrl\":\"http:\\\/\\\/janze-athletisme.fr\\\/wordpress\\\/wp-content\\\/uploads\\\/2018\\\/03\\\/pixiz-15-03-2018-18-44-36.jpg\"},{\"@type\":\"WebSite\",\"@id\":\"https:\\\/\\\/janze-athletisme.fr\\\/wordpress\\\/#website\",\"url\":\"https:\\\/\\\/janze-athletisme.fr\\\/wordpress\\\/\",\"name\":\"Janz\u00e9 Athl\u00e9tisme\",\"description\":\"Pays de La Roche aux F\u00e9es\",\"publisher\":{\"@id\":\"https:\\\/\\\/janze-athletisme.fr\\\/wordpress\\\/#organization\"},\"potentialAction\":[{\"@type\":\"SearchAction\",\"target\":{\"@type\":\"EntryPoint\",\"urlTemplate\":\"https:\\\/\\\/janze-athletisme.fr\\\/wordpress\\\/?s={search_term_string}\"},\"query-input\":{\"@type\":\"PropertyValueSpecification\",\"valueRequired\":true,\"valueName\":\"search_term_string\"}}],\"inLanguage\":\"fr-FR\"},{\"@type\":\"Organization\",\"@id\":\"https:\\\/\\\/janze-athletisme.fr\\\/wordpress\\\/#organization\",\"name\":\"Janz\u00e9 Athl\u00e9tisme\",\"url\":\"https:\\\/\\\/janze-athletisme.fr\\\/wordpress\\\/\",\"logo\":{\"@type\":\"ImageObject\",\"inLanguage\":\"fr-FR\",\"@id\":\"https:\\\/\\\/janze-athletisme.fr\\\/wordpress\\\/#\\\/schema\\\/logo\\\/image\\\/\",\"url\":\"https:\\\/\\\/janze-athletisme.fr\\\/wordpress\\\/wp-content\\\/uploads\\\/2015\\\/03\\\/logo-full1.jpg\",\"contentUrl\":\"https:\\\/\\\/janze-athletisme.fr\\\/wordpress\\\/wp-content\\\/uploads\\\/2015\\\/03\\\/logo-full1.jpg\",\"width\":437,\"height\":205,\"caption\":\"Janz\u00e9 Athl\u00e9tisme\"},\"image\":{\"@id\":\"https:\\\/\\\/janze-athletisme.fr\\\/wordpress\\\/#\\\/schema\\\/logo\\\/image\\\/\"},\"sameAs\":[\"https:\\\/\\\/www.facebook.com\\\/groups\\\/1007964579346590\"]},{\"@type\":\"Person\",\"@id\":\"https:\\\/\\\/janze-athletisme.fr\\\/wordpress\\\/#\\\/schema\\\/person\\\/525a6358d0c70a5cca90d6e8619f0453\",\"name\":\"Anthony\",\"image\":{\"@type\":\"ImageObject\",\"inLanguage\":\"fr-FR\",\"@id\":\"https:\\\/\\\/secure.gravatar.com\\\/avatar\\\/532191f4fe4dd4049862f967bad2fe3582467d09a23b1e5c976a11e7665d2423?s=96&d=mm&r=g\",\"url\":\"https:\\\/\\\/secure.gravatar.com\\\/avatar\\\/532191f4fe4dd4049862f967bad2fe3582467d09a23b1e5c976a11e7665d2423?s=96&d=mm&r=g\",\"contentUrl\":\"https:\\\/\\\/secure.gravatar.com\\\/avatar\\\/532191f4fe4dd4049862f967bad2fe3582467d09a23b1e5c976a11e7665d2423?s=96&d=mm&r=g\",\"caption\":\"Anthony\"},\"url\":\"https:\\\/\\\/janze-athletisme.fr\\\/wordpress\\\/author\\\/anjuvin\\\/\"}]}<\/script>\n<!-- \/ Yoast SEO plugin. -->","yoast_head_json":{"title":"- Janz\u00e9 Athl\u00e9tisme","robots":{"index":"index","follow":"follow","max-snippet":"max-snippet:-1","max-image-preview":"max-image-preview:large","max-video-preview":"max-video-preview:-1"},"canonical":"https:\/\/janze-athletisme.fr\/wordpress\/3600-2\/","og_locale":"fr_FR","og_type":"article","og_title":"- Janz\u00e9 Athl\u00e9tisme","og_description":"Championnat de France de Cross Plouay Cette ann\u00e9e le championnat de France de cross avait lieu \u00e0 Plouay, l&rsquo;occasion pour la Bretagne d&rsquo;accueillir les meilleurs Fran\u00e7ais sur ses terres. Comme pr\u00e9vu, 20000 spectateurs et une ambiance de folie pour encourager les athl\u00e8tes. Ajouter \u00e0 cela une m\u00e9t\u00e9o digne d&rsquo;un cross de notre r\u00e9gion, pluie, vent, [&hellip;]","og_url":"https:\/\/janze-athletisme.fr\/wordpress\/3600-2\/","og_site_name":"Janz\u00e9 Athl\u00e9tisme","article_publisher":"https:\/\/www.facebook.com\/groups\/1007964579346590","article_published_time":"2018-03-15T17:45:38+00:00","article_modified_time":"2018-03-15T20:30:04+00:00","og_image":[{"url":"http:\/\/janze-athletisme.fr\/wordpress\/wp-content\/uploads\/2018\/03\/pixiz-15-03-2018-18-44-36.jpg","type":"","width":"","height":""}],"author":"Anthony","twitter_card":"summary_large_image","twitter_misc":{"\u00c9crit par":"Anthony","Dur\u00e9e de lecture estim\u00e9e":"1 minute"},"schema":{"@context":"https:\/\/schema.org","@graph":[{"@type":"Article","@id":"https:\/\/janze-athletisme.fr\/wordpress\/3600-2\/#article","isPartOf":{"@id":"https:\/\/janze-athletisme.fr\/wordpress\/3600-2\/"},"author":{"name":"Anthony","@id":"https:\/\/janze-athletisme.fr\/wordpress\/#\/schema\/person\/525a6358d0c70a5cca90d6e8619f0453"},"headline":"Aucun titre","datePublished":"2018-03-15T17:45:38+00:00","dateModified":"2018-03-15T20:30:04+00:00","mainEntityOfPage":{"@id":"https:\/\/janze-athletisme.fr\/wordpress\/3600-2\/"},"wordCount":265,"commentCount":1,"publisher":{"@id":"https:\/\/janze-athletisme.fr\/wordpress\/#organization"},"image":{"@id":"https:\/\/janze-athletisme.fr\/wordpress\/3600-2\/#primaryimage"},"thumbnailUrl":"http:\/\/janze-athletisme.fr\/wordpress\/wp-content\/uploads\/2018\/03\/pixiz-15-03-2018-18-44-36.jpg","articleSection":["Le club au jour le jour"],"inLanguage":"fr-FR","potentialAction":[{"@type":"CommentAction","name":"Comment","target":["https:\/\/janze-athletisme.fr\/wordpress\/3600-2\/#respond"]}]},{"@type":"WebPage","@id":"https:\/\/janze-athletisme.fr\/wordpress\/3600-2\/","url":"https:\/\/janze-athletisme.fr\/wordpress\/3600-2\/","name":"- Janz\u00e9 Athl\u00e9tisme","isPartOf":{"@id":"https:\/\/janze-athletisme.fr\/wordpress\/#website"},"primaryImageOfPage":{"@id":"https:\/\/janze-athletisme.fr\/wordpress\/3600-2\/#primaryimage"},"image":{"@id":"https:\/\/janze-athletisme.fr\/wordpress\/3600-2\/#primaryimage"},"thumbnailUrl":"http:\/\/janze-athletisme.fr\/wordpress\/wp-content\/uploads\/2018\/03\/pixiz-15-03-2018-18-44-36.jpg","datePublished":"2018-03-15T17:45:38+00:00","dateModified":"2018-03-15T20:30:04+00:00","inLanguage":"fr-FR","potentialAction":[{"@type":"ReadAction","target":["https:\/\/janze-athletisme.fr\/wordpress\/3600-2\/"]}]},{"@type":"ImageObject","inLanguage":"fr-FR","@id":"https:\/\/janze-athletisme.fr\/wordpress\/3600-2\/#primaryimage","url":"http:\/\/janze-athletisme.fr\/wordpress\/wp-content\/uploads\/2018\/03\/pixiz-15-03-2018-18-44-36.jpg","contentUrl":"http:\/\/janze-athletisme.fr\/wordpress\/wp-content\/uploads\/2018\/03\/pixiz-15-03-2018-18-44-36.jpg"},{"@type":"WebSite","@id":"https:\/\/janze-athletisme.fr\/wordpress\/#website","url":"https:\/\/janze-athletisme.fr\/wordpress\/","name":"Janz\u00e9 Athl\u00e9tisme","description":"Pays de La Roche aux F\u00e9es","publisher":{"@id":"https:\/\/janze-athletisme.fr\/wordpress\/#organization"},"potentialAction":[{"@type":"SearchAction","target":{"@type":"EntryPoint","urlTemplate":"https:\/\/janze-athletisme.fr\/wordpress\/?s={search_term_string}"},"query-input":{"@type":"PropertyValueSpecification","valueRequired":true,"valueName":"search_term_string"}}],"inLanguage":"fr-FR"},{"@type":"Organization","@id":"https:\/\/janze-athletisme.fr\/wordpress\/#organization","name":"Janz\u00e9 Athl\u00e9tisme","url":"https:\/\/janze-athletisme.fr\/wordpress\/","logo":{"@type":"ImageObject","inLanguage":"fr-FR","@id":"https:\/\/janze-athletisme.fr\/wordpress\/#\/schema\/logo\/image\/","url":"https:\/\/janze-athletisme.fr\/wordpress\/wp-content\/uploads\/2015\/03\/logo-full1.jpg","contentUrl":"https:\/\/janze-athletisme.fr\/wordpress\/wp-content\/uploads\/2015\/03\/logo-full1.jpg","width":437,"height":205,"caption":"Janz\u00e9 Athl\u00e9tisme"},"image":{"@id":"https:\/\/janze-athletisme.fr\/wordpress\/#\/schema\/logo\/image\/"},"sameAs":["https:\/\/www.facebook.com\/groups\/1007964579346590"]},{"@type":"Person","@id":"https:\/\/janze-athletisme.fr\/wordpress\/#\/schema\/person\/525a6358d0c70a5cca90d6e8619f0453","name":"Anthony","image":{"@type":"ImageObject","inLanguage":"fr-FR","@id":"https:\/\/secure.gravatar.com\/avatar\/532191f4fe4dd4049862f967bad2fe3582467d09a23b1e5c976a11e7665d2423?s=96&d=mm&r=g","url":"https:\/\/secure.gravatar.com\/avatar\/532191f4fe4dd4049862f967bad2fe3582467d09a23b1e5c976a11e7665d2423?s=96&d=mm&r=g","contentUrl":"https:\/\/secure.gravatar.com\/avatar\/532191f4fe4dd4049862f967bad2fe3582467d09a23b1e5c976a11e7665d2423?s=96&d=mm&r=g","caption":"Anthony"},"url":"https:\/\/janze-athletisme.fr\/wordpress\/author\/anjuvin\/"}]}},"uagb_featured_image_src":{"full":false,"thumbnail":false,"medium":false,"medium_large":false,"large":false,"1536x1536":false,"2048x2048":false},"uagb_author_info":{"display_name":"Anthony","author_link":"https:\/\/janze-athletisme.fr\/wordpress\/author\/anjuvin\/"},"uagb_comment_info":1,"uagb_excerpt":"Championnat de France de Cross Plouay Cette ann\u00e9e le championnat de France de cross avait lieu \u00e0 Plouay, l&rsquo;occasion pour la Bretagne d&rsquo;accueillir les meilleurs Fran\u00e7ais sur ses terres. Comme pr\u00e9vu, 20000 spectateurs et une ambiance de folie pour encourager les athl\u00e8tes. Ajouter \u00e0 cela une m\u00e9t\u00e9o digne d&rsquo;un cross de notre r\u00e9gion, pluie, vent,\u2026","_links":{"self":[{"href":"https:\/\/janze-athletisme.fr\/wordpress\/wp-json\/wp\/v2\/posts\/3600","targetHints":{"allow":["GET"]}}],"collection":[{"href":"https:\/\/janze-athletisme.fr\/wordpress\/wp-json\/wp\/v2\/posts"}],"about":[{"href":"https:\/\/janze-athletisme.fr\/wordpress\/wp-json\/wp\/v2\/types\/post"}],"author":[{"embeddable":true,"href":"https:\/\/janze-athletisme.fr\/wordpress\/wp-json\/wp\/v2\/users\/4"}],"replies":[{"embeddable":true,"href":"https:\/\/janze-athletisme.fr\/wordpress\/wp-json\/wp\/v2\/comments?post=3600"}],"version-history":[{"count":5,"href":"https:\/\/janze-athletisme.fr\/wordpress\/wp-json\/wp\/v2\/posts\/3600\/revisions"}],"predecessor-version":[{"id":3606,"href":"https:\/\/janze-athletisme.fr\/wordpress\/wp-json\/wp\/v2\/posts\/3600\/revisions\/3606"}],"wp:attachment":[{"href":"https:\/\/janze-athletisme.fr\/wordpress\/wp-json\/wp\/v2\/media?parent=3600"}],"wp:term":[{"taxonomy":"category","embeddable":true,"href":"https:\/\/janze-athletisme.fr\/wordpress\/wp-json\/wp\/v2\/categories?post=3600"},{"taxonomy":"post_tag","embeddable":true,"href":"https:\/\/janze-athletisme.fr\/wordpress\/wp-json\/wp\/v2\/tags?post=3600"}],"curies":[{"name":"wp","href":"https:\/\/api.w.org\/{rel}","templated":true}]}}