{"id":3552,"date":"2018-02-27T15:44:44","date_gmt":"2018-02-27T14:44:44","guid":{"rendered":"http:\/\/janze-athletisme.fr\/wordpress\/?p=3552"},"modified":"2018-02-27T15:44:44","modified_gmt":"2018-02-27T14:44:44","slug":"departementaux-salle-be-mi","status":"publish","type":"post","link":"https:\/\/janze-athletisme.fr\/wordpress\/departementaux-salle-be-mi\/","title":{"rendered":"D\u00e9partementaux en salle BE MI"},"content":{"rendered":"<h1 style=\"text-align: center;\"><strong><span style=\"text-decoration: underline;\"><span style=\"color: #ff0000; text-decoration: underline;\">Championnat d\u00e9partemental en salle<\/span><\/span><\/strong><\/h1>\n<h2 style=\"text-align: center;\"><span style=\"text-decoration: underline;\"><strong><span style=\"color: #ff0000; text-decoration: underline;\">Benjamins et minimes<\/span><\/strong><\/span><\/h2>\n<p><img loading=\"lazy\" decoding=\"async\" class=\"aligncenter size-medium wp-image-3564\" src=\"http:\/\/janze-athletisme.fr\/wordpress\/wp-content\/uploads\/2018\/02\/Resized_20180224_1407331-Copie-300x278.jpg\" alt=\"\" width=\"300\" height=\"278\" srcset=\"https:\/\/janze-athletisme.fr\/wordpress\/wp-content\/uploads\/2018\/02\/Resized_20180224_1407331-Copie-300x278.jpg 300w, https:\/\/janze-athletisme.fr\/wordpress\/wp-content\/uploads\/2018\/02\/Resized_20180224_1407331-Copie-768x711.jpg 768w, https:\/\/janze-athletisme.fr\/wordpress\/wp-content\/uploads\/2018\/02\/Resized_20180224_1407331-Copie-1x1.jpg 1w, https:\/\/janze-athletisme.fr\/wordpress\/wp-content\/uploads\/2018\/02\/Resized_20180224_1407331-Copie.jpg 866w\" sizes=\"auto, (max-width: 300px) 100vw, 300px\" \/><\/p>\n<p><span style=\"color: #000000;\">Le championnat d\u00e9partemental en salle des benjamins avait lieu samedi matin, et celui des minimes samedi apr\u00e8s-midi, \u00e0 la salle Robert Poirier de Rennes.<\/span><\/p>\n<p><span style=\"color: #000000;\">Au total, ce sont 18 jeunes athl\u00e8tes janz\u00e9ens qui ont repr\u00e9sent\u00e9 le club lors de ces championnats. Premi\u00e8re participation \u00e0 une comp\u00e9tition pour <strong>Ma\u00eblo S<\/strong>. et <strong>Erwan J<\/strong>. chez les benjamins, encourag\u00e9s par leurs copains devenus eux-m\u00eames des habitu\u00e9s. Nous rentrons avec une m\u00e9daille d&rsquo;or autour du cou de <strong>Mathis P<\/strong>&#8230; En am\u00e9liorant son pr\u00e9c\u00e9dent record perso de 8 cm, il est devenu samedi champion d\u00e9partemental du saut en hauteur chez les benjamins.\u00a0<\/span><span style=\"color: #000000;\">Un petit film de notre champion \u00e0 1,42m :<\/span> <span style=\"color: #ff0000;\"><strong><a style=\"color: #ff0000;\" href=\"https:\/\/youtu.be\/Ko8OYK0zbwI\">CLIC !<\/a><\/strong><\/span>\u00a0<span style=\"color: #000000;\">Bravo <strong>Mathis P.<\/strong> !!!<\/span><\/p>\n<p><span style=\"color: #000000;\">Le saut en hauteur \u00e9tait de nouveau en f\u00eate l&rsquo;apr\u00e8s-midi, puisqu&rsquo;<strong>Augustin J.<\/strong> bat son record de 10cm (passant d&rsquo;1,24m \u00e0 1,34m), et <strong>Ewen H.<\/strong> \u00e9galise son pr\u00e9c\u00e9dent record avec un saut \u00e0 1,45m.<\/span><\/p>\n<p><span style=\"color: #000000;\">Bravo \u00e0 tous nos athl\u00e8tes et leurs coll\u00e8gues de l&rsquo;AC Cesson et de l&rsquo;US Bain. Merci aux entra\u00eeneurs, ainsi qu&rsquo;\u00e0 nos jurys, qui ont offici\u00e9 au lancer de poids : <strong>Christelle E<\/strong>., <strong>Isabelle L.<\/strong> et <strong>Manu E<\/strong>.<\/span><\/p>\n<p><span style=\"color: #000000;\">Les photos des benjamins (merci Jeanne S.) :<\/span> <span style=\"color: #ff0000;\"><a style=\"color: #ff0000;\" href=\"https:\/\/photos.app.goo.gl\/nJoX8yTq0CK89pRK2\"><strong>CLIC !<\/strong><\/a><\/span><\/p>\n<p><span style=\"color: #000000;\">Les photos des minimes (merci Jean-Marie J.) :<\/span> <span style=\"color: #ff0000;\"><a style=\"color: #ff0000;\" href=\"https:\/\/drive.google.com\/drive\/folders\/186vvL-YSKZtvYrV7q6Jbbk4ytmGaV6iA\"><strong>CLIC !<\/strong><\/a><\/span><\/p>\n<p><span style=\"color: #000000;\">Voici les r\u00e9sultats des benjamins :<\/span><\/p>\n<p><img loading=\"lazy\" decoding=\"async\" class=\"aligncenter size-full wp-image-3559\" src=\"http:\/\/janze-athletisme.fr\/wordpress\/wp-content\/uploads\/2018\/02\/njamefangnhfooeh.png\" alt=\"\" width=\"754\" height=\"719\" srcset=\"https:\/\/janze-athletisme.fr\/wordpress\/wp-content\/uploads\/2018\/02\/njamefangnhfooeh.png 754w, https:\/\/janze-athletisme.fr\/wordpress\/wp-content\/uploads\/2018\/02\/njamefangnhfooeh-300x286.png 300w, https:\/\/janze-athletisme.fr\/wordpress\/wp-content\/uploads\/2018\/02\/njamefangnhfooeh-1x1.png 1w\" sizes=\"auto, (max-width: 754px) 100vw, 754px\" \/><\/p>\n<p><span style=\"color: #000000;\">Et les r\u00e9sultats des minimes :<\/span><\/p>\n<p><img loading=\"lazy\" decoding=\"async\" class=\"aligncenter size-full wp-image-3560\" src=\"http:\/\/janze-athletisme.fr\/wordpress\/wp-content\/uploads\/2018\/02\/dolkpmkhijpighnh.png\" alt=\"\" width=\"755\" height=\"433\" srcset=\"https:\/\/janze-athletisme.fr\/wordpress\/wp-content\/uploads\/2018\/02\/dolkpmkhijpighnh.png 755w, https:\/\/janze-athletisme.fr\/wordpress\/wp-content\/uploads\/2018\/02\/dolkpmkhijpighnh-300x172.png 300w, https:\/\/janze-athletisme.fr\/wordpress\/wp-content\/uploads\/2018\/02\/dolkpmkhijpighnh-2x1.png 2w\" sizes=\"auto, (max-width: 755px) 100vw, 755px\" \/><\/p>\n<p>&nbsp;<\/p>\n","protected":false},"excerpt":{"rendered":"<p>Championnat d\u00e9partemental en salle Benjamins et minimes Le championnat d\u00e9partemental en salle des benjamins avait lieu samedi matin, et celui des minimes samedi apr\u00e8s-midi, \u00e0 la salle Robert Poirier de Rennes. Au total, ce sont 18 jeunes athl\u00e8tes janz\u00e9ens qui ont repr\u00e9sent\u00e9 le club lors de ces championnats. Premi\u00e8re participation \u00e0 une comp\u00e9tition pour Ma\u00eblo [&hellip;]<\/p>\n","protected":false},"author":3,"featured_media":0,"comment_status":"open","ping_status":"open","sticky":false,"template":"","format":"aside","meta":{"_uag_custom_page_level_css":"","site-sidebar-layout":"default","site-content-layout":"","ast-site-content-layout":"default","site-content-style":"default","site-sidebar-style":"default","ast-global-header-display":"","ast-banner-title-visibility":"","ast-main-header-display":"","ast-hfb-above-header-display":"","ast-hfb-below-header-display":"","ast-hfb-mobile-header-display":"","site-post-title":"","ast-breadcrumbs-content":"","ast-featured-img":"","footer-sml-layout":"","ast-disable-related-posts":"","theme-transparent-header-meta":"","adv-header-id-meta":"","stick-header-meta":"","header-above-stick-meta":"","header-main-stick-meta":"","header-below-stick-meta":"","astra-migrate-meta-layouts":"default","ast-page-background-enabled":"default","ast-page-background-meta":{"desktop":{"background-color":"var(--ast-global-color-4)","background-image":"","background-repeat":"repeat","background-position":"center center","background-size":"auto","background-attachment":"scroll","background-type":"","background-media":"","overlay-type":"","overlay-color":"","overlay-opacity":"","overlay-gradient":""},"tablet":{"background-color":"","background-image":"","background-repeat":"repeat","background-position":"center center","background-size":"auto","background-attachment":"scroll","background-type":"","background-media":"","overlay-type":"","overlay-color":"","overlay-opacity":"","overlay-gradient":""},"mobile":{"background-color":"","background-image":"","background-repeat":"repeat","background-position":"center center","background-size":"auto","background-attachment":"scroll","background-type":"","background-media":"","overlay-type":"","overlay-color":"","overlay-opacity":"","overlay-gradient":""}},"ast-content-background-meta":{"desktop":{"background-color":"var(--ast-global-color-5)","background-image":"","background-repeat":"repeat","background-position":"center center","background-size":"auto","background-attachment":"scroll","background-type":"","background-media":"","overlay-type":"","overlay-color":"","overlay-opacity":"","overlay-gradient":""},"tablet":{"background-color":"var(--ast-global-color-5)","background-image":"","background-repeat":"repeat","background-position":"center center","background-size":"auto","background-attachment":"scroll","background-type":"","background-media":"","overlay-type":"","overlay-color":"","overlay-opacity":"","overlay-gradient":""},"mobile":{"background-color":"var(--ast-global-color-5)","background-image":"","background-repeat":"repeat","background-position":"center center","background-size":"auto","background-attachment":"scroll","background-type":"","background-media":"","overlay-type":"","overlay-color":"","overlay-opacity":"","overlay-gradient":""}},"footnotes":""},"categories":[6],"tags":[],"class_list":["post-3552","post","type-post","status-publish","format-aside","hentry","category-sections","post_format-post-format-aside"],"yoast_head":"<!-- This site is optimized with the Yoast SEO plugin v27.5 - https:\/\/yoast.com\/product\/yoast-seo-wordpress\/ -->\n<title>D\u00e9partementaux en salle BE MI - Janz\u00e9 Athl\u00e9tisme<\/title>\n<meta name=\"robots\" content=\"index, follow, max-snippet:-1, max-image-preview:large, max-video-preview:-1\" \/>\n<link rel=\"canonical\" href=\"https:\/\/janze-athletisme.fr\/wordpress\/departementaux-salle-be-mi\/\" \/>\n<meta property=\"og:locale\" content=\"fr_FR\" \/>\n<meta property=\"og:type\" content=\"article\" \/>\n<meta property=\"og:title\" content=\"D\u00e9partementaux en salle BE MI - Janz\u00e9 Athl\u00e9tisme\" \/>\n<meta property=\"og:description\" content=\"Championnat d\u00e9partemental en salle Benjamins et minimes Le championnat d\u00e9partemental en salle des benjamins avait lieu samedi matin, et celui des minimes samedi apr\u00e8s-midi, \u00e0 la salle Robert Poirier de Rennes. Au total, ce sont 18 jeunes athl\u00e8tes janz\u00e9ens qui ont repr\u00e9sent\u00e9 le club lors de ces championnats. Premi\u00e8re participation \u00e0 une comp\u00e9tition pour Ma\u00eblo [&hellip;]\" \/>\n<meta property=\"og:url\" content=\"https:\/\/janze-athletisme.fr\/wordpress\/departementaux-salle-be-mi\/\" \/>\n<meta property=\"og:site_name\" content=\"Janz\u00e9 Athl\u00e9tisme\" \/>\n<meta property=\"article:publisher\" content=\"https:\/\/www.facebook.com\/groups\/1007964579346590\" \/>\n<meta property=\"article:published_time\" content=\"2018-02-27T14:44:44+00:00\" \/>\n<meta property=\"og:image\" content=\"http:\/\/janze-athletisme.fr\/wordpress\/wp-content\/uploads\/2018\/02\/Resized_20180224_1407331-Copie-300x278.jpg\" \/>\n<meta name=\"author\" content=\"Fr\u00e9d\u00e9ric Graye\" \/>\n<meta name=\"twitter:card\" content=\"summary_large_image\" \/>\n<meta name=\"twitter:label1\" content=\"\u00c9crit par\" \/>\n\t<meta name=\"twitter:data1\" content=\"Fr\u00e9d\u00e9ric Graye\" \/>\n\t<meta name=\"twitter:label2\" content=\"Dur\u00e9e de lecture estim\u00e9e\" \/>\n\t<meta name=\"twitter:data2\" content=\"1 minute\" \/>\n<script type=\"application\/ld+json\" class=\"yoast-schema-graph\">{\"@context\":\"https:\\\/\\\/schema.org\",\"@graph\":[{\"@type\":\"Article\",\"@id\":\"https:\\\/\\\/janze-athletisme.fr\\\/wordpress\\\/departementaux-salle-be-mi\\\/#article\",\"isPartOf\":{\"@id\":\"https:\\\/\\\/janze-athletisme.fr\\\/wordpress\\\/departementaux-salle-be-mi\\\/\"},\"author\":{\"name\":\"Fr\u00e9d\u00e9ric Graye\",\"@id\":\"https:\\\/\\\/janze-athletisme.fr\\\/wordpress\\\/#\\\/schema\\\/person\\\/d0d91611dc85e1635e00511152f92f6c\"},\"headline\":\"D\u00e9partementaux en salle BE MI\",\"datePublished\":\"2018-02-27T14:44:44+00:00\",\"mainEntityOfPage\":{\"@id\":\"https:\\\/\\\/janze-athletisme.fr\\\/wordpress\\\/departementaux-salle-be-mi\\\/\"},\"wordCount\":242,\"commentCount\":0,\"publisher\":{\"@id\":\"https:\\\/\\\/janze-athletisme.fr\\\/wordpress\\\/#organization\"},\"image\":{\"@id\":\"https:\\\/\\\/janze-athletisme.fr\\\/wordpress\\\/departementaux-salle-be-mi\\\/#primaryimage\"},\"thumbnailUrl\":\"http:\\\/\\\/janze-athletisme.fr\\\/wordpress\\\/wp-content\\\/uploads\\\/2018\\\/02\\\/Resized_20180224_1407331-Copie-300x278.jpg\",\"articleSection\":[\"Le club au jour le jour\"],\"inLanguage\":\"fr-FR\",\"potentialAction\":[{\"@type\":\"CommentAction\",\"name\":\"Comment\",\"target\":[\"https:\\\/\\\/janze-athletisme.fr\\\/wordpress\\\/departementaux-salle-be-mi\\\/#respond\"]}]},{\"@type\":\"WebPage\",\"@id\":\"https:\\\/\\\/janze-athletisme.fr\\\/wordpress\\\/departementaux-salle-be-mi\\\/\",\"url\":\"https:\\\/\\\/janze-athletisme.fr\\\/wordpress\\\/departementaux-salle-be-mi\\\/\",\"name\":\"D\u00e9partementaux en salle BE MI - Janz\u00e9 Athl\u00e9tisme\",\"isPartOf\":{\"@id\":\"https:\\\/\\\/janze-athletisme.fr\\\/wordpress\\\/#website\"},\"primaryImageOfPage\":{\"@id\":\"https:\\\/\\\/janze-athletisme.fr\\\/wordpress\\\/departementaux-salle-be-mi\\\/#primaryimage\"},\"image\":{\"@id\":\"https:\\\/\\\/janze-athletisme.fr\\\/wordpress\\\/departementaux-salle-be-mi\\\/#primaryimage\"},\"thumbnailUrl\":\"http:\\\/\\\/janze-athletisme.fr\\\/wordpress\\\/wp-content\\\/uploads\\\/2018\\\/02\\\/Resized_20180224_1407331-Copie-300x278.jpg\",\"datePublished\":\"2018-02-27T14:44:44+00:00\",\"breadcrumb\":{\"@id\":\"https:\\\/\\\/janze-athletisme.fr\\\/wordpress\\\/departementaux-salle-be-mi\\\/#breadcrumb\"},\"inLanguage\":\"fr-FR\",\"potentialAction\":[{\"@type\":\"ReadAction\",\"target\":[\"https:\\\/\\\/janze-athletisme.fr\\\/wordpress\\\/departementaux-salle-be-mi\\\/\"]}]},{\"@type\":\"ImageObject\",\"inLanguage\":\"fr-FR\",\"@id\":\"https:\\\/\\\/janze-athletisme.fr\\\/wordpress\\\/departementaux-salle-be-mi\\\/#primaryimage\",\"url\":\"http:\\\/\\\/janze-athletisme.fr\\\/wordpress\\\/wp-content\\\/uploads\\\/2018\\\/02\\\/Resized_20180224_1407331-Copie-300x278.jpg\",\"contentUrl\":\"http:\\\/\\\/janze-athletisme.fr\\\/wordpress\\\/wp-content\\\/uploads\\\/2018\\\/02\\\/Resized_20180224_1407331-Copie-300x278.jpg\"},{\"@type\":\"BreadcrumbList\",\"@id\":\"https:\\\/\\\/janze-athletisme.fr\\\/wordpress\\\/departementaux-salle-be-mi\\\/#breadcrumb\",\"itemListElement\":[{\"@type\":\"ListItem\",\"position\":1,\"name\":\"Accueil\",\"item\":\"https:\\\/\\\/janze-athletisme.fr\\\/wordpress\\\/\"},{\"@type\":\"ListItem\",\"position\":2,\"name\":\"D\u00e9partementaux en salle BE MI\"}]},{\"@type\":\"WebSite\",\"@id\":\"https:\\\/\\\/janze-athletisme.fr\\\/wordpress\\\/#website\",\"url\":\"https:\\\/\\\/janze-athletisme.fr\\\/wordpress\\\/\",\"name\":\"Janz\u00e9 Athl\u00e9tisme\",\"description\":\"Pays de La Roche aux F\u00e9es\",\"publisher\":{\"@id\":\"https:\\\/\\\/janze-athletisme.fr\\\/wordpress\\\/#organization\"},\"potentialAction\":[{\"@type\":\"SearchAction\",\"target\":{\"@type\":\"EntryPoint\",\"urlTemplate\":\"https:\\\/\\\/janze-athletisme.fr\\\/wordpress\\\/?s={search_term_string}\"},\"query-input\":{\"@type\":\"PropertyValueSpecification\",\"valueRequired\":true,\"valueName\":\"search_term_string\"}}],\"inLanguage\":\"fr-FR\"},{\"@type\":\"Organization\",\"@id\":\"https:\\\/\\\/janze-athletisme.fr\\\/wordpress\\\/#organization\",\"name\":\"Janz\u00e9 Athl\u00e9tisme\",\"url\":\"https:\\\/\\\/janze-athletisme.fr\\\/wordpress\\\/\",\"logo\":{\"@type\":\"ImageObject\",\"inLanguage\":\"fr-FR\",\"@id\":\"https:\\\/\\\/janze-athletisme.fr\\\/wordpress\\\/#\\\/schema\\\/logo\\\/image\\\/\",\"url\":\"https:\\\/\\\/janze-athletisme.fr\\\/wordpress\\\/wp-content\\\/uploads\\\/2015\\\/03\\\/logo-full1.jpg\",\"contentUrl\":\"https:\\\/\\\/janze-athletisme.fr\\\/wordpress\\\/wp-content\\\/uploads\\\/2015\\\/03\\\/logo-full1.jpg\",\"width\":437,\"height\":205,\"caption\":\"Janz\u00e9 Athl\u00e9tisme\"},\"image\":{\"@id\":\"https:\\\/\\\/janze-athletisme.fr\\\/wordpress\\\/#\\\/schema\\\/logo\\\/image\\\/\"},\"sameAs\":[\"https:\\\/\\\/www.facebook.com\\\/groups\\\/1007964579346590\"]},{\"@type\":\"Person\",\"@id\":\"https:\\\/\\\/janze-athletisme.fr\\\/wordpress\\\/#\\\/schema\\\/person\\\/d0d91611dc85e1635e00511152f92f6c\",\"name\":\"Fr\u00e9d\u00e9ric Graye\",\"image\":{\"@type\":\"ImageObject\",\"inLanguage\":\"fr-FR\",\"@id\":\"https:\\\/\\\/secure.gravatar.com\\\/avatar\\\/3c698f3bb9d0e9fd7adcea83ce599a75775b1f86e450228044b2d9c172b90db8?s=96&d=mm&r=g\",\"url\":\"https:\\\/\\\/secure.gravatar.com\\\/avatar\\\/3c698f3bb9d0e9fd7adcea83ce599a75775b1f86e450228044b2d9c172b90db8?s=96&d=mm&r=g\",\"contentUrl\":\"https:\\\/\\\/secure.gravatar.com\\\/avatar\\\/3c698f3bb9d0e9fd7adcea83ce599a75775b1f86e450228044b2d9c172b90db8?s=96&d=mm&r=g\",\"caption\":\"Fr\u00e9d\u00e9ric Graye\"},\"url\":\"https:\\\/\\\/janze-athletisme.fr\\\/wordpress\\\/author\\\/jathe_adm\\\/\"}]}<\/script>\n<!-- \/ Yoast SEO plugin. -->","yoast_head_json":{"title":"D\u00e9partementaux en salle BE MI - Janz\u00e9 Athl\u00e9tisme","robots":{"index":"index","follow":"follow","max-snippet":"max-snippet:-1","max-image-preview":"max-image-preview:large","max-video-preview":"max-video-preview:-1"},"canonical":"https:\/\/janze-athletisme.fr\/wordpress\/departementaux-salle-be-mi\/","og_locale":"fr_FR","og_type":"article","og_title":"D\u00e9partementaux en salle BE MI - Janz\u00e9 Athl\u00e9tisme","og_description":"Championnat d\u00e9partemental en salle Benjamins et minimes Le championnat d\u00e9partemental en salle des benjamins avait lieu samedi matin, et celui des minimes samedi apr\u00e8s-midi, \u00e0 la salle Robert Poirier de Rennes. Au total, ce sont 18 jeunes athl\u00e8tes janz\u00e9ens qui ont repr\u00e9sent\u00e9 le club lors de ces championnats. Premi\u00e8re participation \u00e0 une comp\u00e9tition pour Ma\u00eblo [&hellip;]","og_url":"https:\/\/janze-athletisme.fr\/wordpress\/departementaux-salle-be-mi\/","og_site_name":"Janz\u00e9 Athl\u00e9tisme","article_publisher":"https:\/\/www.facebook.com\/groups\/1007964579346590","article_published_time":"2018-02-27T14:44:44+00:00","og_image":[{"url":"http:\/\/janze-athletisme.fr\/wordpress\/wp-content\/uploads\/2018\/02\/Resized_20180224_1407331-Copie-300x278.jpg","type":"","width":"","height":""}],"author":"Fr\u00e9d\u00e9ric Graye","twitter_card":"summary_large_image","twitter_misc":{"\u00c9crit par":"Fr\u00e9d\u00e9ric Graye","Dur\u00e9e de lecture estim\u00e9e":"1 minute"},"schema":{"@context":"https:\/\/schema.org","@graph":[{"@type":"Article","@id":"https:\/\/janze-athletisme.fr\/wordpress\/departementaux-salle-be-mi\/#article","isPartOf":{"@id":"https:\/\/janze-athletisme.fr\/wordpress\/departementaux-salle-be-mi\/"},"author":{"name":"Fr\u00e9d\u00e9ric Graye","@id":"https:\/\/janze-athletisme.fr\/wordpress\/#\/schema\/person\/d0d91611dc85e1635e00511152f92f6c"},"headline":"D\u00e9partementaux en salle BE MI","datePublished":"2018-02-27T14:44:44+00:00","mainEntityOfPage":{"@id":"https:\/\/janze-athletisme.fr\/wordpress\/departementaux-salle-be-mi\/"},"wordCount":242,"commentCount":0,"publisher":{"@id":"https:\/\/janze-athletisme.fr\/wordpress\/#organization"},"image":{"@id":"https:\/\/janze-athletisme.fr\/wordpress\/departementaux-salle-be-mi\/#primaryimage"},"thumbnailUrl":"http:\/\/janze-athletisme.fr\/wordpress\/wp-content\/uploads\/2018\/02\/Resized_20180224_1407331-Copie-300x278.jpg","articleSection":["Le club au jour le jour"],"inLanguage":"fr-FR","potentialAction":[{"@type":"CommentAction","name":"Comment","target":["https:\/\/janze-athletisme.fr\/wordpress\/departementaux-salle-be-mi\/#respond"]}]},{"@type":"WebPage","@id":"https:\/\/janze-athletisme.fr\/wordpress\/departementaux-salle-be-mi\/","url":"https:\/\/janze-athletisme.fr\/wordpress\/departementaux-salle-be-mi\/","name":"D\u00e9partementaux en salle BE MI - Janz\u00e9 Athl\u00e9tisme","isPartOf":{"@id":"https:\/\/janze-athletisme.fr\/wordpress\/#website"},"primaryImageOfPage":{"@id":"https:\/\/janze-athletisme.fr\/wordpress\/departementaux-salle-be-mi\/#primaryimage"},"image":{"@id":"https:\/\/janze-athletisme.fr\/wordpress\/departementaux-salle-be-mi\/#primaryimage"},"thumbnailUrl":"http:\/\/janze-athletisme.fr\/wordpress\/wp-content\/uploads\/2018\/02\/Resized_20180224_1407331-Copie-300x278.jpg","datePublished":"2018-02-27T14:44:44+00:00","breadcrumb":{"@id":"https:\/\/janze-athletisme.fr\/wordpress\/departementaux-salle-be-mi\/#breadcrumb"},"inLanguage":"fr-FR","potentialAction":[{"@type":"ReadAction","target":["https:\/\/janze-athletisme.fr\/wordpress\/departementaux-salle-be-mi\/"]}]},{"@type":"ImageObject","inLanguage":"fr-FR","@id":"https:\/\/janze-athletisme.fr\/wordpress\/departementaux-salle-be-mi\/#primaryimage","url":"http:\/\/janze-athletisme.fr\/wordpress\/wp-content\/uploads\/2018\/02\/Resized_20180224_1407331-Copie-300x278.jpg","contentUrl":"http:\/\/janze-athletisme.fr\/wordpress\/wp-content\/uploads\/2018\/02\/Resized_20180224_1407331-Copie-300x278.jpg"},{"@type":"BreadcrumbList","@id":"https:\/\/janze-athletisme.fr\/wordpress\/departementaux-salle-be-mi\/#breadcrumb","itemListElement":[{"@type":"ListItem","position":1,"name":"Accueil","item":"https:\/\/janze-athletisme.fr\/wordpress\/"},{"@type":"ListItem","position":2,"name":"D\u00e9partementaux en salle BE MI"}]},{"@type":"WebSite","@id":"https:\/\/janze-athletisme.fr\/wordpress\/#website","url":"https:\/\/janze-athletisme.fr\/wordpress\/","name":"Janz\u00e9 Athl\u00e9tisme","description":"Pays de La Roche aux F\u00e9es","publisher":{"@id":"https:\/\/janze-athletisme.fr\/wordpress\/#organization"},"potentialAction":[{"@type":"SearchAction","target":{"@type":"EntryPoint","urlTemplate":"https:\/\/janze-athletisme.fr\/wordpress\/?s={search_term_string}"},"query-input":{"@type":"PropertyValueSpecification","valueRequired":true,"valueName":"search_term_string"}}],"inLanguage":"fr-FR"},{"@type":"Organization","@id":"https:\/\/janze-athletisme.fr\/wordpress\/#organization","name":"Janz\u00e9 Athl\u00e9tisme","url":"https:\/\/janze-athletisme.fr\/wordpress\/","logo":{"@type":"ImageObject","inLanguage":"fr-FR","@id":"https:\/\/janze-athletisme.fr\/wordpress\/#\/schema\/logo\/image\/","url":"https:\/\/janze-athletisme.fr\/wordpress\/wp-content\/uploads\/2015\/03\/logo-full1.jpg","contentUrl":"https:\/\/janze-athletisme.fr\/wordpress\/wp-content\/uploads\/2015\/03\/logo-full1.jpg","width":437,"height":205,"caption":"Janz\u00e9 Athl\u00e9tisme"},"image":{"@id":"https:\/\/janze-athletisme.fr\/wordpress\/#\/schema\/logo\/image\/"},"sameAs":["https:\/\/www.facebook.com\/groups\/1007964579346590"]},{"@type":"Person","@id":"https:\/\/janze-athletisme.fr\/wordpress\/#\/schema\/person\/d0d91611dc85e1635e00511152f92f6c","name":"Fr\u00e9d\u00e9ric Graye","image":{"@type":"ImageObject","inLanguage":"fr-FR","@id":"https:\/\/secure.gravatar.com\/avatar\/3c698f3bb9d0e9fd7adcea83ce599a75775b1f86e450228044b2d9c172b90db8?s=96&d=mm&r=g","url":"https:\/\/secure.gravatar.com\/avatar\/3c698f3bb9d0e9fd7adcea83ce599a75775b1f86e450228044b2d9c172b90db8?s=96&d=mm&r=g","contentUrl":"https:\/\/secure.gravatar.com\/avatar\/3c698f3bb9d0e9fd7adcea83ce599a75775b1f86e450228044b2d9c172b90db8?s=96&d=mm&r=g","caption":"Fr\u00e9d\u00e9ric Graye"},"url":"https:\/\/janze-athletisme.fr\/wordpress\/author\/jathe_adm\/"}]}},"uagb_featured_image_src":{"full":false,"thumbnail":false,"medium":false,"medium_large":false,"large":false,"1536x1536":false,"2048x2048":false},"uagb_author_info":{"display_name":"Fr\u00e9d\u00e9ric Graye","author_link":"https:\/\/janze-athletisme.fr\/wordpress\/author\/jathe_adm\/"},"uagb_comment_info":0,"uagb_excerpt":"Championnat d\u00e9partemental en salle Benjamins et minimes Le championnat d\u00e9partemental en salle des benjamins avait lieu samedi matin, et celui des minimes samedi apr\u00e8s-midi, \u00e0 la salle Robert Poirier de Rennes. Au total, ce sont 18 jeunes athl\u00e8tes janz\u00e9ens qui ont repr\u00e9sent\u00e9 le club lors de ces championnats. Premi\u00e8re participation \u00e0 une comp\u00e9tition pour Ma\u00eblo\u2026","_links":{"self":[{"href":"https:\/\/janze-athletisme.fr\/wordpress\/wp-json\/wp\/v2\/posts\/3552","targetHints":{"allow":["GET"]}}],"collection":[{"href":"https:\/\/janze-athletisme.fr\/wordpress\/wp-json\/wp\/v2\/posts"}],"about":[{"href":"https:\/\/janze-athletisme.fr\/wordpress\/wp-json\/wp\/v2\/types\/post"}],"author":[{"embeddable":true,"href":"https:\/\/janze-athletisme.fr\/wordpress\/wp-json\/wp\/v2\/users\/3"}],"replies":[{"embeddable":true,"href":"https:\/\/janze-athletisme.fr\/wordpress\/wp-json\/wp\/v2\/comments?post=3552"}],"version-history":[{"count":9,"href":"https:\/\/janze-athletisme.fr\/wordpress\/wp-json\/wp\/v2\/posts\/3552\/revisions"}],"predecessor-version":[{"id":3566,"href":"https:\/\/janze-athletisme.fr\/wordpress\/wp-json\/wp\/v2\/posts\/3552\/revisions\/3566"}],"wp:attachment":[{"href":"https:\/\/janze-athletisme.fr\/wordpress\/wp-json\/wp\/v2\/media?parent=3552"}],"wp:term":[{"taxonomy":"category","embeddable":true,"href":"https:\/\/janze-athletisme.fr\/wordpress\/wp-json\/wp\/v2\/categories?post=3552"},{"taxonomy":"post_tag","embeddable":true,"href":"https:\/\/janze-athletisme.fr\/wordpress\/wp-json\/wp\/v2\/tags?post=3552"}],"curies":[{"name":"wp","href":"https:\/\/api.w.org\/{rel}","templated":true}]}}