{"id":3507,"date":"2018-02-14T20:09:03","date_gmt":"2018-02-14T19:09:03","guid":{"rendered":"http:\/\/janze-athletisme.fr\/wordpress\/?p=3507"},"modified":"2018-02-14T21:36:45","modified_gmt":"2018-02-14T20:36:45","slug":"we-10-11-fevrier","status":"publish","type":"post","link":"https:\/\/janze-athletisme.fr\/wordpress\/we-10-11-fevrier\/","title":{"rendered":"WE 10 et 11 f\u00e9vrier"},"content":{"rendered":"<p style=\"text-align: left;\"><span style=\"color: #000000;\">Ce weekend, Janz\u00e9 athl\u00e9 \u00e9tait repr\u00e9sent\u00e9 sur tous types de terrains : meeting d&rsquo;athl\u00e9tisme en salle pour les benjamins-minimes, entra\u00eenement pour les \u00e9veils, poussins, cadets et juniors, sortie marche nordique sur le circuit de Corps Nuds, championnat de France master en salle, championnat de Bretagne de lancers longs, trail du Glazig (dans le 22)&#8230;<\/span><\/p>\n<h1 style=\"text-align: center;\"><strong><span style=\"text-decoration: underline; color: #ff0000;\">Meeting\u00a0benjamins-minimes<\/span><\/strong><\/h1>\n<p><span style=\"color: #000000;\">C&rsquo;est dans la salle Robert Poirier, \u00e0 Rennes, que le club de Guipel organisait samedi un meeting pour les benjamins le matin, et pour les minimes l&rsquo;apr\u00e8s-midi. Seulement 8 repr\u00e9sentants janz\u00e9ens le matin, et 3 l&rsquo;apr\u00e8s-midi, mais la journ\u00e9e s&rsquo;est plut\u00f4t bien pass\u00e9e pour nos athl\u00e8tes, qui ont toujours autant de plaisir \u00e0 fouler la piste de cette jolie salle ! Il s&rsquo;agissait de la premi\u00e8re comp\u00e9tition en salle pour <strong>Mat\u00e9o C<\/strong>., et pour <strong>Margaux B<\/strong>., qui a assur\u00e9 pr\u00e9f\u00e9rer largement ce terrain \u00e0 celui du cross de St Marc le Blanc ! Mention sp\u00e9ciale \u00e0 <strong>La\u00efs M<\/strong>., qui bat largement son record de points au triathlon (records perso sur chacune de ses trois \u00e9preuves, dans cette m\u00eame salle). Bravo \u00e0 tous nos athl\u00e8tes pour leurs perfs et leur participation.<\/span><\/p>\n<p><span style=\"color: #000000;\">Cette journ\u00e9e \u00e9tait en quelque sorte une \u00ab\u00a0r\u00e9p\u00e9tition g\u00e9n\u00e9rale\u00a0\u00bb avant le championnat d\u00e9partemental qui se d\u00e9roulera au m\u00eame endroit le 24 f\u00e9vrier prochain. Cela rassurera les quelques-un(e)s qui ont pu \u00eatre d\u00e9\u00e7us de leurs perfs du jour&#8230;<\/span><\/p>\n<p><span style=\"color: #000000;\">Bon r\u00e9tablissement \u00e0 <strong>Ewen H<\/strong>., qui se blesse au pied sur sa course de haies, alors qu&rsquo;il lui restait encore 3 sauts \u00e0 assurer au concours de saut en hauteur.<\/span><\/p>\n<p><span style=\"color: #000000;\">Les photos ici : <a href=\"https:\/\/photos.app.goo.gl\/h2DVRw9MnTe2gnwz2\"><strong><span style=\"text-decoration: underline;\"><span style=\"color: #ff0000; text-decoration: underline;\">CLIC !!!<\/span><\/span><\/strong><\/a><\/span><\/p>\n<p><img decoding=\"async\" class=\"aligncenter\" src=\"https:\/\/mail.google.com\/mail\/u\/0\/?ui=2&amp;ik=b684a3c662&amp;view=fimg&amp;th=1618a08b2be9d6a1&amp;attid=0.1.5&amp;disp=emb&amp;attbid=ANGjdJ_d5H46Mn1pe5GSZtNOO0s5P5JFUPeVUtiTDgRRqPNJjcixWLhBtC2WlYMTqKj9J3E60Ln4uOinPEQFnNvJCfbT1iszr1IvudBIs45cFYrS99iaCO3rLmjzjFw&amp;sz=s0-l75-ft&amp;ats=1518635519568&amp;rm=1618a08b2be9d6a1&amp;zw&amp;atsh=1\" \/><\/p>\n<h1 style=\"text-align: center;\"><span style=\"color: #ff0000;\"><strong><span style=\"text-decoration: underline;\">Championnat de France masters en salle<\/span><\/strong><\/span><\/h1>\n<p><img loading=\"lazy\" decoding=\"async\" class=\"wp-image-3513 aligncenter\" src=\"http:\/\/janze-athletisme.fr\/wordpress\/wp-content\/uploads\/2018\/02\/20180211_180859-1024x576.jpg\" alt=\"\" width=\"377\" height=\"212\" srcset=\"https:\/\/janze-athletisme.fr\/wordpress\/wp-content\/uploads\/2018\/02\/20180211_180859-1024x576.jpg 1024w, https:\/\/janze-athletisme.fr\/wordpress\/wp-content\/uploads\/2018\/02\/20180211_180859-300x169.jpg 300w, https:\/\/janze-athletisme.fr\/wordpress\/wp-content\/uploads\/2018\/02\/20180211_180859-768x432.jpg 768w, https:\/\/janze-athletisme.fr\/wordpress\/wp-content\/uploads\/2018\/02\/20180211_180859-2x1.jpg 2w\" sizes=\"auto, (max-width: 377px) 100vw, 377px\" \/><\/p>\n<p><span style=\"color: #000000;\"><strong>Christophe B.<\/strong> \u00e9tait parti \u00e0 Nantes ce weekend, pour le championnat de France en salle de la cat\u00e9gorie \u00ab\u00a0masters\u00a0\u00bb. Au menu pour lui, les trois sauts suivants : hauteur, longueur, triple saut. Il revient avec une m\u00e9daille autour du cou (3\u00e8me \u00e0 la hauteur !) Bravo Christophe ! Voici son r\u00e9sum\u00e9 du weekend :<\/span><\/p>\n<p><em><span style=\"color: #000000;\">Samedi et dimanche direction Nantes pour mes deuxi\u00e8mes championnat de France master en salle.\u00a0<\/span><\/em><em><span style=\"color: #000000;\">Au programme triple saut le samedi, longueur et hauteur le dimanche.\u00a0<\/span><\/em><em><span style=\"color: #000000;\">Objectif , am\u00e9liorer mes performances sur c&rsquo;est 3 \u00e9preuves.<\/span><\/em><\/p>\n<p><em><span style=\"color: #000000;\">Arriv\u00e9 a Nantes, retrait du dossard et v\u00e9rification de l&rsquo;heure d&rsquo;entr\u00e9e en chambre d&rsquo;appel.<\/span><\/em><br \/>\n<em><span style=\"color: #000000;\">Lorsque nous entrons en chambre d&rsquo;appel comme les grands, v\u00e9rification du dossard , de la longueur des pointes\u00a0 et une fois rentr\u00e9e plus possible de ressortir m\u00eame\u00a0<\/span><\/em><em><span style=\"color: #000000;\">pour aller aux toilettes.<\/span><\/em><br \/>\n<em><span style=\"color: #000000;\">Le\u00a0 juge vient nous chercher et nous emm\u00e8ne au sautoir, pr\u00e9sentation de chaque participant,\u00a0<\/span><\/em><em><span style=\"color: #000000;\">puis nous pouvons prendre nos marques.<\/span><\/em><br \/>\n<em><span style=\"color: #000000;\">Premi\u00e8re sensations pas g\u00e9niale, pas de vitesse, r\u00e9sultat un peu d\u00e9cevant 9m45 compar\u00e9 au d\u00e9partementaux 10m10.<\/span><\/em><\/p>\n<p><em><span style=\"color: #000000;\">Dimanche, les sensations sont meilleures, 4m72 \u00e0 la longueur \u00e0 3 cms de mon record, m\u00eame si je loupe la finale pour 7 cms (trois essais suppl\u00e9mentaires). R<\/span><\/em><em><span style=\"color: #000000;\">este la hauteur en fin de journ\u00e9e, d\u00e9but de concours compliqu\u00e9 \u00e0 1m40 \u00e9chec au premi\u00e8re essais, mais la suite sera meilleur, je passe finalement 1m55 au premi\u00e8re essais ce qui me permet de finir 3eme du concours (trois \u00e9checs a 1m60) .<\/span><\/em><\/p>\n<p><em><span style=\"color: #000000;\">Bilan du week-end : pas de records am\u00e9lior\u00e9s, mais toujours autant de plaisir \u00e0 participer. P<\/span><\/em><em><span style=\"color: #000000;\">etits regrets \u00eatre le seul repr\u00e9sentant de Janz\u00e9.<\/span><\/em><\/p>\n<p><span style=\"color: #000000;\">Petite vid\u00e9o de Christophe au triple saut (merci <strong>S\u00e9bastien L<\/strong>.) : <a href=\"https:\/\/photos.app.goo.gl\/TMBbhH2QMW8s5ErM2\"><strong><span style=\"text-decoration: underline;\"><span style=\"color: #ff0000; text-decoration: underline;\">CLIC !!!<\/span><\/span><\/strong><\/a>\u00a0<\/span><\/p>\n<p><img decoding=\"async\" class=\"aligncenter\" src=\"https:\/\/mail.google.com\/mail\/u\/0\/?ui=2&amp;ik=b684a3c662&amp;view=fimg&amp;th=1618a08b2be9d6a1&amp;attid=0.1.1&amp;disp=emb&amp;attbid=ANGjdJ--qdh_8fgygXVjEWh9NSGLYjmoNavbTp8ZA_QzdDydJr00gyzXIJqDzRkVy9uXRH71uN-BT_rbhVjhIg8V22fOwpr_e9Rc7nGPSVc5ngjzjefz3DRDLrJUdGo&amp;sz=s0-l75-ft&amp;ats=1518627738368&amp;rm=1618a08b2be9d6a1&amp;zw&amp;atsh=1\" \/><\/p>\n<p>&nbsp;<\/p>\n<h1 style=\"text-align: center;\"><span style=\"color: #ff0000;\"><strong><span style=\"text-decoration: underline;\">Championnat de Bretagne de lancers longs<\/span><\/strong><\/span><\/h1>\n<p><span style=\"color: #000000;\">C&rsquo;est \u00e0 Vannes qu&rsquo;avait lieu le championnat de Bretagne de lancers longs samedi, et pour lequel notre unique repr\u00e9sentante \u00e9tait <strong>Sandra L. <\/strong><\/span><\/p>\n<p><span style=\"color: #000000;\">Pour commencer, le<strong>\u00a0<\/strong>concours de javelot, avec deux perfs&rsquo; mesur\u00e9es dans les 23m&#8230; et malheureusement quatre essais sur les six en dehors de la zone. Pas de doute, nous aurons quelques r\u00e9glages \u00e0 faire d&rsquo;ici cet \u00e9t\u00e9 pour am\u00e9liorer tout \u00e7a ! S&rsquo;ensuit une entr\u00e9e dans le concours de disque relativement d\u00e9licate elle aussi, avec les trois premiers lancers hors zone, le quatri\u00e8me assur\u00e9 dans la zone, puis \u00e0 nouveau un lancer hors zone et enfin un sixi\u00e8me et dernier lancer valid\u00e9, mais pas aussi loin qu&rsquo;esp\u00e9r\u00e9&#8230;\u00a0<\/span><\/p>\n<p><span style=\"color: #000000;\">L&rsquo;apr\u00e8s-midi s&rsquo;est termin\u00e9, toujours sous une m\u00e9t\u00e9o moyenne, avec le concours de lancer de poids, o\u00f9 Sandra finit 3\u00e8me MIF avec un jet \u00e0 8,07m.<\/span><\/p>\n<p><span style=\"color: #000000;\">Bravo Sandra !<\/span><\/p>\n<p><img decoding=\"async\" src=\"https:\/\/mail.google.com\/mail\/u\/0\/?ui=2&amp;ik=b684a3c662&amp;view=fimg&amp;th=1618a08b2be9d6a1&amp;attid=0.1.3&amp;disp=emb&amp;attbid=ANGjdJ8UzWyqqFq0Hk6dOIng3TA8sTeSazvvxwvuMGOMZOrFSZLsYB3RvNGT_Ls_kAn016-1iEAjgT6ARi_fwbQ7WQi0ZwVOBFkwlWbkE3N_WlmdsbLLBOAoFoYho4E&amp;sz=s0-l75-ft&amp;ats=1518635519568&amp;rm=1618a08b2be9d6a1&amp;zw&amp;atsh=1\" \/><\/p>\n","protected":false},"excerpt":{"rendered":"<p>Ce weekend, Janz\u00e9 athl\u00e9 \u00e9tait repr\u00e9sent\u00e9 sur tous types de terrains : meeting d&rsquo;athl\u00e9tisme en salle pour les benjamins-minimes, entra\u00eenement pour les \u00e9veils, poussins, cadets et juniors, sortie marche nordique sur le circuit de Corps Nuds, championnat de France master en salle, championnat de Bretagne de lancers longs, trail du Glazig (dans le 22)&#8230; Meeting\u00a0benjamins-minimes [&hellip;]<\/p>\n","protected":false},"author":3,"featured_media":0,"comment_status":"open","ping_status":"open","sticky":false,"template":"","format":"aside","meta":{"_uag_custom_page_level_css":"","site-sidebar-layout":"default","site-content-layout":"","ast-site-content-layout":"default","site-content-style":"default","site-sidebar-style":"default","ast-global-header-display":"","ast-banner-title-visibility":"","ast-main-header-display":"","ast-hfb-above-header-display":"","ast-hfb-below-header-display":"","ast-hfb-mobile-header-display":"","site-post-title":"","ast-breadcrumbs-content":"","ast-featured-img":"","footer-sml-layout":"","ast-disable-related-posts":"","theme-transparent-header-meta":"","adv-header-id-meta":"","stick-header-meta":"","header-above-stick-meta":"","header-main-stick-meta":"","header-below-stick-meta":"","astra-migrate-meta-layouts":"default","ast-page-background-enabled":"default","ast-page-background-meta":{"desktop":{"background-color":"var(--ast-global-color-4)","background-image":"","background-repeat":"repeat","background-position":"center center","background-size":"auto","background-attachment":"scroll","background-type":"","background-media":"","overlay-type":"","overlay-color":"","overlay-opacity":"","overlay-gradient":""},"tablet":{"background-color":"","background-image":"","background-repeat":"repeat","background-position":"center center","background-size":"auto","background-attachment":"scroll","background-type":"","background-media":"","overlay-type":"","overlay-color":"","overlay-opacity":"","overlay-gradient":""},"mobile":{"background-color":"","background-image":"","background-repeat":"repeat","background-position":"center center","background-size":"auto","background-attachment":"scroll","background-type":"","background-media":"","overlay-type":"","overlay-color":"","overlay-opacity":"","overlay-gradient":""}},"ast-content-background-meta":{"desktop":{"background-color":"var(--ast-global-color-5)","background-image":"","background-repeat":"repeat","background-position":"center center","background-size":"auto","background-attachment":"scroll","background-type":"","background-media":"","overlay-type":"","overlay-color":"","overlay-opacity":"","overlay-gradient":""},"tablet":{"background-color":"var(--ast-global-color-5)","background-image":"","background-repeat":"repeat","background-position":"center center","background-size":"auto","background-attachment":"scroll","background-type":"","background-media":"","overlay-type":"","overlay-color":"","overlay-opacity":"","overlay-gradient":""},"mobile":{"background-color":"var(--ast-global-color-5)","background-image":"","background-repeat":"repeat","background-position":"center center","background-size":"auto","background-attachment":"scroll","background-type":"","background-media":"","overlay-type":"","overlay-color":"","overlay-opacity":"","overlay-gradient":""}},"footnotes":""},"categories":[6],"tags":[],"class_list":["post-3507","post","type-post","status-publish","format-aside","hentry","category-sections","post_format-post-format-aside"],"yoast_head":"<!-- This site is optimized with the Yoast SEO plugin v27.5 - https:\/\/yoast.com\/product\/yoast-seo-wordpress\/ -->\n<title>WE 10 et 11 f\u00e9vrier - Janz\u00e9 Athl\u00e9tisme<\/title>\n<meta name=\"robots\" content=\"index, follow, max-snippet:-1, max-image-preview:large, max-video-preview:-1\" \/>\n<link rel=\"canonical\" href=\"https:\/\/janze-athletisme.fr\/wordpress\/we-10-11-fevrier\/\" \/>\n<meta property=\"og:locale\" content=\"fr_FR\" \/>\n<meta property=\"og:type\" content=\"article\" \/>\n<meta property=\"og:title\" content=\"WE 10 et 11 f\u00e9vrier - Janz\u00e9 Athl\u00e9tisme\" \/>\n<meta property=\"og:description\" content=\"Ce weekend, Janz\u00e9 athl\u00e9 \u00e9tait repr\u00e9sent\u00e9 sur tous types de terrains : meeting d&rsquo;athl\u00e9tisme en salle pour les benjamins-minimes, entra\u00eenement pour les \u00e9veils, poussins, cadets et juniors, sortie marche nordique sur le circuit de Corps Nuds, championnat de France master en salle, championnat de Bretagne de lancers longs, trail du Glazig (dans le 22)&#8230; Meeting\u00a0benjamins-minimes [&hellip;]\" \/>\n<meta property=\"og:url\" content=\"https:\/\/janze-athletisme.fr\/wordpress\/we-10-11-fevrier\/\" \/>\n<meta property=\"og:site_name\" content=\"Janz\u00e9 Athl\u00e9tisme\" \/>\n<meta property=\"article:publisher\" content=\"https:\/\/www.facebook.com\/groups\/1007964579346590\" \/>\n<meta property=\"article:published_time\" content=\"2018-02-14T19:09:03+00:00\" \/>\n<meta property=\"article:modified_time\" content=\"2018-02-14T20:36:45+00:00\" \/>\n<meta property=\"og:image\" content=\"https:\/\/mail.google.com\/mail\/u\/0\/?ui=2&amp;ik=b684a3c662&amp;view=fimg&amp;th=1618a08b2be9d6a1&amp;attid=0.1.5&amp;disp=emb&amp;attbid=ANGjdJ_d5H46Mn1pe5GSZtNOO0s5P5JFUPeVUtiTDgRRqPNJjcixWLhBtC2WlYMTqKj9J3E60Ln4uOinPEQFnNvJCfbT1iszr1IvudBIs45cFYrS99iaCO3rLmjzjFw&amp;sz=s0-l75-ft&amp;ats=1518635519568&amp;rm=1618a08b2be9d6a1&amp;zw&amp;atsh=1\" \/>\n<meta name=\"author\" content=\"Fr\u00e9d\u00e9ric Graye\" \/>\n<meta name=\"twitter:card\" content=\"summary_large_image\" \/>\n<meta name=\"twitter:label1\" content=\"\u00c9crit par\" \/>\n\t<meta name=\"twitter:data1\" content=\"Fr\u00e9d\u00e9ric Graye\" \/>\n\t<meta name=\"twitter:label2\" content=\"Dur\u00e9e de lecture estim\u00e9e\" \/>\n\t<meta name=\"twitter:data2\" content=\"4 minutes\" \/>\n<script type=\"application\/ld+json\" class=\"yoast-schema-graph\">{\"@context\":\"https:\\\/\\\/schema.org\",\"@graph\":[{\"@type\":\"Article\",\"@id\":\"https:\\\/\\\/janze-athletisme.fr\\\/wordpress\\\/we-10-11-fevrier\\\/#article\",\"isPartOf\":{\"@id\":\"https:\\\/\\\/janze-athletisme.fr\\\/wordpress\\\/we-10-11-fevrier\\\/\"},\"author\":{\"name\":\"Fr\u00e9d\u00e9ric Graye\",\"@id\":\"https:\\\/\\\/janze-athletisme.fr\\\/wordpress\\\/#\\\/schema\\\/person\\\/d0d91611dc85e1635e00511152f92f6c\"},\"headline\":\"WE 10 et 11 f\u00e9vrier\",\"datePublished\":\"2018-02-14T19:09:03+00:00\",\"dateModified\":\"2018-02-14T20:36:45+00:00\",\"mainEntityOfPage\":{\"@id\":\"https:\\\/\\\/janze-athletisme.fr\\\/wordpress\\\/we-10-11-fevrier\\\/\"},\"wordCount\":740,\"commentCount\":1,\"publisher\":{\"@id\":\"https:\\\/\\\/janze-athletisme.fr\\\/wordpress\\\/#organization\"},\"image\":{\"@id\":\"https:\\\/\\\/janze-athletisme.fr\\\/wordpress\\\/we-10-11-fevrier\\\/#primaryimage\"},\"thumbnailUrl\":\"https:\\\/\\\/mail.google.com\\\/mail\\\/u\\\/0\\\/?ui=2&amp;ik=b684a3c662&amp;view=fimg&amp;th=1618a08b2be9d6a1&amp;attid=0.1.5&amp;disp=emb&amp;attbid=ANGjdJ_d5H46Mn1pe5GSZtNOO0s5P5JFUPeVUtiTDgRRqPNJjcixWLhBtC2WlYMTqKj9J3E60Ln4uOinPEQFnNvJCfbT1iszr1IvudBIs45cFYrS99iaCO3rLmjzjFw&amp;sz=s0-l75-ft&amp;ats=1518635519568&amp;rm=1618a08b2be9d6a1&amp;zw&amp;atsh=1\",\"articleSection\":[\"Le club au jour le jour\"],\"inLanguage\":\"fr-FR\",\"potentialAction\":[{\"@type\":\"CommentAction\",\"name\":\"Comment\",\"target\":[\"https:\\\/\\\/janze-athletisme.fr\\\/wordpress\\\/we-10-11-fevrier\\\/#respond\"]}]},{\"@type\":\"WebPage\",\"@id\":\"https:\\\/\\\/janze-athletisme.fr\\\/wordpress\\\/we-10-11-fevrier\\\/\",\"url\":\"https:\\\/\\\/janze-athletisme.fr\\\/wordpress\\\/we-10-11-fevrier\\\/\",\"name\":\"WE 10 et 11 f\u00e9vrier - Janz\u00e9 Athl\u00e9tisme\",\"isPartOf\":{\"@id\":\"https:\\\/\\\/janze-athletisme.fr\\\/wordpress\\\/#website\"},\"primaryImageOfPage\":{\"@id\":\"https:\\\/\\\/janze-athletisme.fr\\\/wordpress\\\/we-10-11-fevrier\\\/#primaryimage\"},\"image\":{\"@id\":\"https:\\\/\\\/janze-athletisme.fr\\\/wordpress\\\/we-10-11-fevrier\\\/#primaryimage\"},\"thumbnailUrl\":\"https:\\\/\\\/mail.google.com\\\/mail\\\/u\\\/0\\\/?ui=2&amp;ik=b684a3c662&amp;view=fimg&amp;th=1618a08b2be9d6a1&amp;attid=0.1.5&amp;disp=emb&amp;attbid=ANGjdJ_d5H46Mn1pe5GSZtNOO0s5P5JFUPeVUtiTDgRRqPNJjcixWLhBtC2WlYMTqKj9J3E60Ln4uOinPEQFnNvJCfbT1iszr1IvudBIs45cFYrS99iaCO3rLmjzjFw&amp;sz=s0-l75-ft&amp;ats=1518635519568&amp;rm=1618a08b2be9d6a1&amp;zw&amp;atsh=1\",\"datePublished\":\"2018-02-14T19:09:03+00:00\",\"dateModified\":\"2018-02-14T20:36:45+00:00\",\"breadcrumb\":{\"@id\":\"https:\\\/\\\/janze-athletisme.fr\\\/wordpress\\\/we-10-11-fevrier\\\/#breadcrumb\"},\"inLanguage\":\"fr-FR\",\"potentialAction\":[{\"@type\":\"ReadAction\",\"target\":[\"https:\\\/\\\/janze-athletisme.fr\\\/wordpress\\\/we-10-11-fevrier\\\/\"]}]},{\"@type\":\"ImageObject\",\"inLanguage\":\"fr-FR\",\"@id\":\"https:\\\/\\\/janze-athletisme.fr\\\/wordpress\\\/we-10-11-fevrier\\\/#primaryimage\",\"url\":\"https:\\\/\\\/mail.google.com\\\/mail\\\/u\\\/0\\\/?ui=2&amp;ik=b684a3c662&amp;view=fimg&amp;th=1618a08b2be9d6a1&amp;attid=0.1.5&amp;disp=emb&amp;attbid=ANGjdJ_d5H46Mn1pe5GSZtNOO0s5P5JFUPeVUtiTDgRRqPNJjcixWLhBtC2WlYMTqKj9J3E60Ln4uOinPEQFnNvJCfbT1iszr1IvudBIs45cFYrS99iaCO3rLmjzjFw&amp;sz=s0-l75-ft&amp;ats=1518635519568&amp;rm=1618a08b2be9d6a1&amp;zw&amp;atsh=1\",\"contentUrl\":\"https:\\\/\\\/mail.google.com\\\/mail\\\/u\\\/0\\\/?ui=2&amp;ik=b684a3c662&amp;view=fimg&amp;th=1618a08b2be9d6a1&amp;attid=0.1.5&amp;disp=emb&amp;attbid=ANGjdJ_d5H46Mn1pe5GSZtNOO0s5P5JFUPeVUtiTDgRRqPNJjcixWLhBtC2WlYMTqKj9J3E60Ln4uOinPEQFnNvJCfbT1iszr1IvudBIs45cFYrS99iaCO3rLmjzjFw&amp;sz=s0-l75-ft&amp;ats=1518635519568&amp;rm=1618a08b2be9d6a1&amp;zw&amp;atsh=1\"},{\"@type\":\"BreadcrumbList\",\"@id\":\"https:\\\/\\\/janze-athletisme.fr\\\/wordpress\\\/we-10-11-fevrier\\\/#breadcrumb\",\"itemListElement\":[{\"@type\":\"ListItem\",\"position\":1,\"name\":\"Accueil\",\"item\":\"https:\\\/\\\/janze-athletisme.fr\\\/wordpress\\\/\"},{\"@type\":\"ListItem\",\"position\":2,\"name\":\"WE 10 et 11 f\u00e9vrier\"}]},{\"@type\":\"WebSite\",\"@id\":\"https:\\\/\\\/janze-athletisme.fr\\\/wordpress\\\/#website\",\"url\":\"https:\\\/\\\/janze-athletisme.fr\\\/wordpress\\\/\",\"name\":\"Janz\u00e9 Athl\u00e9tisme\",\"description\":\"Pays de La Roche aux F\u00e9es\",\"publisher\":{\"@id\":\"https:\\\/\\\/janze-athletisme.fr\\\/wordpress\\\/#organization\"},\"potentialAction\":[{\"@type\":\"SearchAction\",\"target\":{\"@type\":\"EntryPoint\",\"urlTemplate\":\"https:\\\/\\\/janze-athletisme.fr\\\/wordpress\\\/?s={search_term_string}\"},\"query-input\":{\"@type\":\"PropertyValueSpecification\",\"valueRequired\":true,\"valueName\":\"search_term_string\"}}],\"inLanguage\":\"fr-FR\"},{\"@type\":\"Organization\",\"@id\":\"https:\\\/\\\/janze-athletisme.fr\\\/wordpress\\\/#organization\",\"name\":\"Janz\u00e9 Athl\u00e9tisme\",\"url\":\"https:\\\/\\\/janze-athletisme.fr\\\/wordpress\\\/\",\"logo\":{\"@type\":\"ImageObject\",\"inLanguage\":\"fr-FR\",\"@id\":\"https:\\\/\\\/janze-athletisme.fr\\\/wordpress\\\/#\\\/schema\\\/logo\\\/image\\\/\",\"url\":\"https:\\\/\\\/janze-athletisme.fr\\\/wordpress\\\/wp-content\\\/uploads\\\/2015\\\/03\\\/logo-full1.jpg\",\"contentUrl\":\"https:\\\/\\\/janze-athletisme.fr\\\/wordpress\\\/wp-content\\\/uploads\\\/2015\\\/03\\\/logo-full1.jpg\",\"width\":437,\"height\":205,\"caption\":\"Janz\u00e9 Athl\u00e9tisme\"},\"image\":{\"@id\":\"https:\\\/\\\/janze-athletisme.fr\\\/wordpress\\\/#\\\/schema\\\/logo\\\/image\\\/\"},\"sameAs\":[\"https:\\\/\\\/www.facebook.com\\\/groups\\\/1007964579346590\"]},{\"@type\":\"Person\",\"@id\":\"https:\\\/\\\/janze-athletisme.fr\\\/wordpress\\\/#\\\/schema\\\/person\\\/d0d91611dc85e1635e00511152f92f6c\",\"name\":\"Fr\u00e9d\u00e9ric Graye\",\"image\":{\"@type\":\"ImageObject\",\"inLanguage\":\"fr-FR\",\"@id\":\"https:\\\/\\\/secure.gravatar.com\\\/avatar\\\/3c698f3bb9d0e9fd7adcea83ce599a75775b1f86e450228044b2d9c172b90db8?s=96&d=mm&r=g\",\"url\":\"https:\\\/\\\/secure.gravatar.com\\\/avatar\\\/3c698f3bb9d0e9fd7adcea83ce599a75775b1f86e450228044b2d9c172b90db8?s=96&d=mm&r=g\",\"contentUrl\":\"https:\\\/\\\/secure.gravatar.com\\\/avatar\\\/3c698f3bb9d0e9fd7adcea83ce599a75775b1f86e450228044b2d9c172b90db8?s=96&d=mm&r=g\",\"caption\":\"Fr\u00e9d\u00e9ric Graye\"},\"url\":\"https:\\\/\\\/janze-athletisme.fr\\\/wordpress\\\/author\\\/jathe_adm\\\/\"}]}<\/script>\n<!-- \/ Yoast SEO plugin. -->","yoast_head_json":{"title":"WE 10 et 11 f\u00e9vrier - Janz\u00e9 Athl\u00e9tisme","robots":{"index":"index","follow":"follow","max-snippet":"max-snippet:-1","max-image-preview":"max-image-preview:large","max-video-preview":"max-video-preview:-1"},"canonical":"https:\/\/janze-athletisme.fr\/wordpress\/we-10-11-fevrier\/","og_locale":"fr_FR","og_type":"article","og_title":"WE 10 et 11 f\u00e9vrier - Janz\u00e9 Athl\u00e9tisme","og_description":"Ce weekend, Janz\u00e9 athl\u00e9 \u00e9tait repr\u00e9sent\u00e9 sur tous types de terrains : meeting d&rsquo;athl\u00e9tisme en salle pour les benjamins-minimes, entra\u00eenement pour les \u00e9veils, poussins, cadets et juniors, sortie marche nordique sur le circuit de Corps Nuds, championnat de France master en salle, championnat de Bretagne de lancers longs, trail du Glazig (dans le 22)&#8230; Meeting\u00a0benjamins-minimes [&hellip;]","og_url":"https:\/\/janze-athletisme.fr\/wordpress\/we-10-11-fevrier\/","og_site_name":"Janz\u00e9 Athl\u00e9tisme","article_publisher":"https:\/\/www.facebook.com\/groups\/1007964579346590","article_published_time":"2018-02-14T19:09:03+00:00","article_modified_time":"2018-02-14T20:36:45+00:00","og_image":[{"url":"https:\/\/mail.google.com\/mail\/u\/0\/?ui=2&amp;ik=b684a3c662&amp;view=fimg&amp;th=1618a08b2be9d6a1&amp;attid=0.1.5&amp;disp=emb&amp;attbid=ANGjdJ_d5H46Mn1pe5GSZtNOO0s5P5JFUPeVUtiTDgRRqPNJjcixWLhBtC2WlYMTqKj9J3E60Ln4uOinPEQFnNvJCfbT1iszr1IvudBIs45cFYrS99iaCO3rLmjzjFw&amp;sz=s0-l75-ft&amp;ats=1518635519568&amp;rm=1618a08b2be9d6a1&amp;zw&amp;atsh=1","type":"","width":"","height":""}],"author":"Fr\u00e9d\u00e9ric Graye","twitter_card":"summary_large_image","twitter_misc":{"\u00c9crit par":"Fr\u00e9d\u00e9ric Graye","Dur\u00e9e de lecture estim\u00e9e":"4 minutes"},"schema":{"@context":"https:\/\/schema.org","@graph":[{"@type":"Article","@id":"https:\/\/janze-athletisme.fr\/wordpress\/we-10-11-fevrier\/#article","isPartOf":{"@id":"https:\/\/janze-athletisme.fr\/wordpress\/we-10-11-fevrier\/"},"author":{"name":"Fr\u00e9d\u00e9ric Graye","@id":"https:\/\/janze-athletisme.fr\/wordpress\/#\/schema\/person\/d0d91611dc85e1635e00511152f92f6c"},"headline":"WE 10 et 11 f\u00e9vrier","datePublished":"2018-02-14T19:09:03+00:00","dateModified":"2018-02-14T20:36:45+00:00","mainEntityOfPage":{"@id":"https:\/\/janze-athletisme.fr\/wordpress\/we-10-11-fevrier\/"},"wordCount":740,"commentCount":1,"publisher":{"@id":"https:\/\/janze-athletisme.fr\/wordpress\/#organization"},"image":{"@id":"https:\/\/janze-athletisme.fr\/wordpress\/we-10-11-fevrier\/#primaryimage"},"thumbnailUrl":"https:\/\/mail.google.com\/mail\/u\/0\/?ui=2&amp;ik=b684a3c662&amp;view=fimg&amp;th=1618a08b2be9d6a1&amp;attid=0.1.5&amp;disp=emb&amp;attbid=ANGjdJ_d5H46Mn1pe5GSZtNOO0s5P5JFUPeVUtiTDgRRqPNJjcixWLhBtC2WlYMTqKj9J3E60Ln4uOinPEQFnNvJCfbT1iszr1IvudBIs45cFYrS99iaCO3rLmjzjFw&amp;sz=s0-l75-ft&amp;ats=1518635519568&amp;rm=1618a08b2be9d6a1&amp;zw&amp;atsh=1","articleSection":["Le club au jour le jour"],"inLanguage":"fr-FR","potentialAction":[{"@type":"CommentAction","name":"Comment","target":["https:\/\/janze-athletisme.fr\/wordpress\/we-10-11-fevrier\/#respond"]}]},{"@type":"WebPage","@id":"https:\/\/janze-athletisme.fr\/wordpress\/we-10-11-fevrier\/","url":"https:\/\/janze-athletisme.fr\/wordpress\/we-10-11-fevrier\/","name":"WE 10 et 11 f\u00e9vrier - Janz\u00e9 Athl\u00e9tisme","isPartOf":{"@id":"https:\/\/janze-athletisme.fr\/wordpress\/#website"},"primaryImageOfPage":{"@id":"https:\/\/janze-athletisme.fr\/wordpress\/we-10-11-fevrier\/#primaryimage"},"image":{"@id":"https:\/\/janze-athletisme.fr\/wordpress\/we-10-11-fevrier\/#primaryimage"},"thumbnailUrl":"https:\/\/mail.google.com\/mail\/u\/0\/?ui=2&amp;ik=b684a3c662&amp;view=fimg&amp;th=1618a08b2be9d6a1&amp;attid=0.1.5&amp;disp=emb&amp;attbid=ANGjdJ_d5H46Mn1pe5GSZtNOO0s5P5JFUPeVUtiTDgRRqPNJjcixWLhBtC2WlYMTqKj9J3E60Ln4uOinPEQFnNvJCfbT1iszr1IvudBIs45cFYrS99iaCO3rLmjzjFw&amp;sz=s0-l75-ft&amp;ats=1518635519568&amp;rm=1618a08b2be9d6a1&amp;zw&amp;atsh=1","datePublished":"2018-02-14T19:09:03+00:00","dateModified":"2018-02-14T20:36:45+00:00","breadcrumb":{"@id":"https:\/\/janze-athletisme.fr\/wordpress\/we-10-11-fevrier\/#breadcrumb"},"inLanguage":"fr-FR","potentialAction":[{"@type":"ReadAction","target":["https:\/\/janze-athletisme.fr\/wordpress\/we-10-11-fevrier\/"]}]},{"@type":"ImageObject","inLanguage":"fr-FR","@id":"https:\/\/janze-athletisme.fr\/wordpress\/we-10-11-fevrier\/#primaryimage","url":"https:\/\/mail.google.com\/mail\/u\/0\/?ui=2&amp;ik=b684a3c662&amp;view=fimg&amp;th=1618a08b2be9d6a1&amp;attid=0.1.5&amp;disp=emb&amp;attbid=ANGjdJ_d5H46Mn1pe5GSZtNOO0s5P5JFUPeVUtiTDgRRqPNJjcixWLhBtC2WlYMTqKj9J3E60Ln4uOinPEQFnNvJCfbT1iszr1IvudBIs45cFYrS99iaCO3rLmjzjFw&amp;sz=s0-l75-ft&amp;ats=1518635519568&amp;rm=1618a08b2be9d6a1&amp;zw&amp;atsh=1","contentUrl":"https:\/\/mail.google.com\/mail\/u\/0\/?ui=2&amp;ik=b684a3c662&amp;view=fimg&amp;th=1618a08b2be9d6a1&amp;attid=0.1.5&amp;disp=emb&amp;attbid=ANGjdJ_d5H46Mn1pe5GSZtNOO0s5P5JFUPeVUtiTDgRRqPNJjcixWLhBtC2WlYMTqKj9J3E60Ln4uOinPEQFnNvJCfbT1iszr1IvudBIs45cFYrS99iaCO3rLmjzjFw&amp;sz=s0-l75-ft&amp;ats=1518635519568&amp;rm=1618a08b2be9d6a1&amp;zw&amp;atsh=1"},{"@type":"BreadcrumbList","@id":"https:\/\/janze-athletisme.fr\/wordpress\/we-10-11-fevrier\/#breadcrumb","itemListElement":[{"@type":"ListItem","position":1,"name":"Accueil","item":"https:\/\/janze-athletisme.fr\/wordpress\/"},{"@type":"ListItem","position":2,"name":"WE 10 et 11 f\u00e9vrier"}]},{"@type":"WebSite","@id":"https:\/\/janze-athletisme.fr\/wordpress\/#website","url":"https:\/\/janze-athletisme.fr\/wordpress\/","name":"Janz\u00e9 Athl\u00e9tisme","description":"Pays de La Roche aux F\u00e9es","publisher":{"@id":"https:\/\/janze-athletisme.fr\/wordpress\/#organization"},"potentialAction":[{"@type":"SearchAction","target":{"@type":"EntryPoint","urlTemplate":"https:\/\/janze-athletisme.fr\/wordpress\/?s={search_term_string}"},"query-input":{"@type":"PropertyValueSpecification","valueRequired":true,"valueName":"search_term_string"}}],"inLanguage":"fr-FR"},{"@type":"Organization","@id":"https:\/\/janze-athletisme.fr\/wordpress\/#organization","name":"Janz\u00e9 Athl\u00e9tisme","url":"https:\/\/janze-athletisme.fr\/wordpress\/","logo":{"@type":"ImageObject","inLanguage":"fr-FR","@id":"https:\/\/janze-athletisme.fr\/wordpress\/#\/schema\/logo\/image\/","url":"https:\/\/janze-athletisme.fr\/wordpress\/wp-content\/uploads\/2015\/03\/logo-full1.jpg","contentUrl":"https:\/\/janze-athletisme.fr\/wordpress\/wp-content\/uploads\/2015\/03\/logo-full1.jpg","width":437,"height":205,"caption":"Janz\u00e9 Athl\u00e9tisme"},"image":{"@id":"https:\/\/janze-athletisme.fr\/wordpress\/#\/schema\/logo\/image\/"},"sameAs":["https:\/\/www.facebook.com\/groups\/1007964579346590"]},{"@type":"Person","@id":"https:\/\/janze-athletisme.fr\/wordpress\/#\/schema\/person\/d0d91611dc85e1635e00511152f92f6c","name":"Fr\u00e9d\u00e9ric Graye","image":{"@type":"ImageObject","inLanguage":"fr-FR","@id":"https:\/\/secure.gravatar.com\/avatar\/3c698f3bb9d0e9fd7adcea83ce599a75775b1f86e450228044b2d9c172b90db8?s=96&d=mm&r=g","url":"https:\/\/secure.gravatar.com\/avatar\/3c698f3bb9d0e9fd7adcea83ce599a75775b1f86e450228044b2d9c172b90db8?s=96&d=mm&r=g","contentUrl":"https:\/\/secure.gravatar.com\/avatar\/3c698f3bb9d0e9fd7adcea83ce599a75775b1f86e450228044b2d9c172b90db8?s=96&d=mm&r=g","caption":"Fr\u00e9d\u00e9ric Graye"},"url":"https:\/\/janze-athletisme.fr\/wordpress\/author\/jathe_adm\/"}]}},"uagb_featured_image_src":{"full":false,"thumbnail":false,"medium":false,"medium_large":false,"large":false,"1536x1536":false,"2048x2048":false},"uagb_author_info":{"display_name":"Fr\u00e9d\u00e9ric Graye","author_link":"https:\/\/janze-athletisme.fr\/wordpress\/author\/jathe_adm\/"},"uagb_comment_info":1,"uagb_excerpt":"Ce weekend, Janz\u00e9 athl\u00e9 \u00e9tait repr\u00e9sent\u00e9 sur tous types de terrains : meeting d&rsquo;athl\u00e9tisme en salle pour les benjamins-minimes, entra\u00eenement pour les \u00e9veils, poussins, cadets et juniors, sortie marche nordique sur le circuit de Corps Nuds, championnat de France master en salle, championnat de Bretagne de lancers longs, trail du Glazig (dans le 22)&#8230; Meeting\u00a0benjamins-minimes\u2026","_links":{"self":[{"href":"https:\/\/janze-athletisme.fr\/wordpress\/wp-json\/wp\/v2\/posts\/3507","targetHints":{"allow":["GET"]}}],"collection":[{"href":"https:\/\/janze-athletisme.fr\/wordpress\/wp-json\/wp\/v2\/posts"}],"about":[{"href":"https:\/\/janze-athletisme.fr\/wordpress\/wp-json\/wp\/v2\/types\/post"}],"author":[{"embeddable":true,"href":"https:\/\/janze-athletisme.fr\/wordpress\/wp-json\/wp\/v2\/users\/3"}],"replies":[{"embeddable":true,"href":"https:\/\/janze-athletisme.fr\/wordpress\/wp-json\/wp\/v2\/comments?post=3507"}],"version-history":[{"count":8,"href":"https:\/\/janze-athletisme.fr\/wordpress\/wp-json\/wp\/v2\/posts\/3507\/revisions"}],"predecessor-version":[{"id":3516,"href":"https:\/\/janze-athletisme.fr\/wordpress\/wp-json\/wp\/v2\/posts\/3507\/revisions\/3516"}],"wp:attachment":[{"href":"https:\/\/janze-athletisme.fr\/wordpress\/wp-json\/wp\/v2\/media?parent=3507"}],"wp:term":[{"taxonomy":"category","embeddable":true,"href":"https:\/\/janze-athletisme.fr\/wordpress\/wp-json\/wp\/v2\/categories?post=3507"},{"taxonomy":"post_tag","embeddable":true,"href":"https:\/\/janze-athletisme.fr\/wordpress\/wp-json\/wp\/v2\/tags?post=3507"}],"curies":[{"name":"wp","href":"https:\/\/api.w.org\/{rel}","templated":true}]}}