{"id":3488,"date":"2018-02-07T18:49:25","date_gmt":"2018-02-07T17:49:25","guid":{"rendered":"http:\/\/janze-athletisme.fr\/wordpress\/?p=3488"},"modified":"2018-02-07T23:44:17","modified_gmt":"2018-02-07T22:44:17","slug":"bzh-de-cross","status":"publish","type":"post","link":"https:\/\/janze-athletisme.fr\/wordpress\/bzh-de-cross\/","title":{"rendered":"BZH de cross"},"content":{"rendered":"<h1 style=\"text-align: center;\"><strong><span style=\"text-decoration: underline; color: #ff0000;\">Championnat de Bretagne de cross<\/span><\/strong><\/h1>\n<p style=\"text-align: left;\"><img loading=\"lazy\" decoding=\"async\" class=\"aligncenter size-full wp-image-3495\" src=\"http:\/\/janze-athletisme.fr\/wordpress\/wp-content\/uploads\/2018\/02\/combourg.jpg\" alt=\"\" width=\"640\" height=\"428\" srcset=\"https:\/\/janze-athletisme.fr\/wordpress\/wp-content\/uploads\/2018\/02\/combourg.jpg 640w, https:\/\/janze-athletisme.fr\/wordpress\/wp-content\/uploads\/2018\/02\/combourg-300x201.jpg 300w, https:\/\/janze-athletisme.fr\/wordpress\/wp-content\/uploads\/2018\/02\/combourg-1x1.jpg 1w\" sizes=\"auto, (max-width: 640px) 100vw, 640px\" \/><\/p>\n<p style=\"text-align: left;\"><span style=\"color: #000000;\">Le championnat de Bretagne de cross-country a eu lieu ce weekend, dans un magnifique cadre puisqu&rsquo;il se d\u00e9roulait dans le parc du ch\u00e2teau de Combourg. Le terrain \u00e9tait bien s\u00fbr diff\u00e9rent de celui de St Marc le Blanc, mais \u00e0 nouveau assez exigeant. Sous une m\u00e9t\u00e9o fra\u00eeche, alternant entre nuages et belles \u00e9claircies, 38 athl\u00e8tes janz\u00e9ens ont franchi la ligne d&rsquo;arriv\u00e9e&#8230; ils n&rsquo;\u00e9taient que 18 l&rsquo;ann\u00e9e derni\u00e8re \u00e0 Plouay ! Encore une belle progression !!! Nous pouvons notamment nous r\u00e9jouir de trouver dans les r\u00e9sultats de l&rsquo;EAC des \u00e9quipes compl\u00e8tes (et performantes !) chez les minimes &#8211; cadet(te)s\u00a0 &#8211; juniors. <\/span><\/p>\n<p style=\"text-align: left;\"><span style=\"color: #000000;\">Quelle que soit la place \u00e0 l&rsquo;arriv\u00e9e, le club f\u00e9licite tous les athl\u00e8tes qui ont port\u00e9 les couleurs de l&rsquo;Entente ce weekend, et ce dans une bonne ambiance tout au long de la journ\u00e9e. Rendez-vous dans 15 jours \u00e0 Cohiniac lors des demi-finales des championnats de France, pour ceux d&rsquo;entre eux qui se sont qualifi\u00e9s !<\/span><\/p>\n<p style=\"text-align: left;\"><span style=\"color: #000000;\">Dans le cadre de ce championnat se jouait aussi le match intercomit\u00e9s benjamins\/benjamines. Il s&rsquo;agissait l\u00e0 de confronter les \u00e9quipes de chaque d\u00e9partement de Bretagne (course sous les couleurs du comit\u00e9 d&rsquo;Ille et Vilaine, et pas sous les couleurs du club). Nous pouvons f\u00e9liciter trois de nos athl\u00e8tes, qui ont \u00e9t\u00e9 s\u00e9lectionn\u00e9s pour faire partie de l&rsquo;\u00e9quipe du 35, et qui font donc partie des 38 janz\u00e9ens ayant franchi la ligne d&rsquo;arriv\u00e9e : <strong>Ana\u00eblle M.<\/strong> et <strong>La\u00efs M.<\/strong> chez les filles, ainsi que <strong>Mathis P<\/strong>. chez les gar\u00e7ons. Bravo \u00e0 vous trois !\u00a0<\/span><\/p>\n<p style=\"text-align: left;\"><span style=\"color: #000000;\">Les premi\u00e8res photos : <strong><span style=\"text-decoration: underline; color: #ff0000;\"><a style=\"color: #ff0000; text-decoration: underline;\" href=\"https:\/\/photos.app.goo.gl\/AStugz5sKIS5jnF73\">CLIC !!!<\/a><\/span><\/strong>\u00a0et<\/span><a href=\"https:\/\/drive.google.com\/drive\/folders\/1Zw3SFQj1OQJ3d1Jcy5WitWB4pHKQfWhV\"><strong> <span style=\"text-decoration: underline;\"><span style=\"color: #ff0000; text-decoration: underline;\">CLIC !!!<\/span><\/span><\/strong><\/a><\/p>\n<h3 style=\"text-align: center;\"><span style=\"text-decoration: underline; color: #0000ff;\">Benjamines Filles<\/span><\/h3>\n<p style=\"text-align: center;\"><strong>[ws_table id=\u00a0\u00bb592&Prime;]<\/strong><\/p>\n<h3 style=\"text-align: center;\"><span style=\"text-decoration: underline; color: #0000ff;\">Benjamin Gar\u00e7on<\/span><\/h3>\n<p style=\"text-align: center;\">[ws_table id=\u00a0\u00bb593&Prime;]<\/p>\n<h3 style=\"text-align: center;\"><span style=\"text-decoration: underline;\"><span style=\"color: #0000ff; text-decoration: underline;\">Minimes Filles<\/span><\/span><\/h3>\n<p style=\"text-align: center;\"><strong><span style=\"color: #000000;\">26\u00e8me \u00e9quipe<\/span><\/strong><\/p>\n<p style=\"text-align: center;\">[ws_table id=\u00a0\u00bb594&Prime;]<\/p>\n<h3 style=\"text-align: center;\"><span style=\"text-decoration: underline; color: #0000ff;\">Minimes Gar\u00e7on<\/span><\/h3>\n<p style=\"text-align: center;\"><strong><span style=\"color: #000000;\">24\u00e8me \u00e9quipe<\/span><\/strong><\/p>\n<p style=\"text-align: center;\">[ws_table id=\u00a0\u00bb595&Prime;]<\/p>\n<h3 style=\"text-align: center;\"><span style=\"text-decoration: underline; color: #0000ff;\">Cadettes<\/span><\/h3>\n<p style=\"text-align: center;\"><strong><span style=\"color: #000000;\">7\u00e8me \u00e9quipe<\/span><\/strong><\/p>\n<p style=\"text-align: center;\">[ws_table id=\u00a0\u00bb596&Prime;]<\/p>\n<h3 style=\"text-align: center;\"><span style=\"text-decoration: underline; color: #0000ff;\">Cadets<\/span><\/h3>\n<p style=\"text-align: center;\"><strong><span style=\"color: #000000;\">16\u00e8me \u00e9quipe<\/span><\/strong><\/p>\n<p style=\"text-align: center;\">[ws_table id=\u00a0\u00bb597&Prime;]<\/p>\n<h3 style=\"text-align: center;\"><span style=\"text-decoration: underline; color: #0000ff;\">Junior Femme<\/span><\/h3>\n<p style=\"text-align: center;\">[ws_table id=\u00a0\u00bb598&Prime;]<\/p>\n<h3 style=\"text-align: center;\"><span style=\"text-decoration: underline; color: #0000ff;\">Juniors Hommes<\/span><\/h3>\n<p style=\"text-align: center;\"><strong><span style=\"color: #000000;\">9\u00e8me \u00e9quipe<\/span><\/strong><\/p>\n<p style=\"text-align: center;\">[ws_table id=\u00a0\u00bb599&Prime;]<\/p>\n<h3 style=\"text-align: center;\"><span style=\"text-decoration: underline; color: #0000ff;\">Elite Femmes<\/span><\/h3>\n<p style=\"text-align: center;\"><strong><span style=\"color: #000000;\">13\u00e8me \u00e9quipe<\/span><\/strong><\/p>\n<p style=\"text-align: center;\">[ws_table id=\u00a0\u00bb600&Prime;]<\/p>\n<h3 style=\"text-align: center;\"><span style=\"text-decoration: underline; color: #0000ff;\">Elite Hommes<\/span><\/h3>\n<p style=\"text-align: center;\"><strong><span style=\"color: #000000;\">33\u00e8me \u00e9quipe<\/span><\/strong><\/p>\n<p style=\"text-align: center;\"><strong><span style=\"color: #000000;\">[ws_table id=\u00a0\u00bb601&Prime;]<\/span><\/strong><\/p>\n<h3 style=\"text-align: center;\"><span style=\"text-decoration: underline; color: #0000ff;\">Masters Hommes<\/span><\/h3>\n<p style=\"text-align: center;\"><strong><span style=\"color: #000000;\">13\u00e8me \u00e9quipe<\/span><\/strong><\/p>\n<p style=\"text-align: center;\">[ws_table id=\u00a0\u00bb602&Prime;]<\/p>\n","protected":false},"excerpt":{"rendered":"<p>Championnat de Bretagne de cross Le championnat de Bretagne de cross-country a eu lieu ce weekend, dans un magnifique cadre puisqu&rsquo;il se d\u00e9roulait dans le parc du ch\u00e2teau de Combourg. Le terrain \u00e9tait bien s\u00fbr diff\u00e9rent de celui de St Marc le Blanc, mais \u00e0 nouveau assez exigeant. Sous une m\u00e9t\u00e9o fra\u00eeche, alternant entre nuages [&hellip;]<\/p>\n","protected":false},"author":4,"featured_media":0,"comment_status":"open","ping_status":"open","sticky":false,"template":"","format":"aside","meta":{"_uag_custom_page_level_css":"","site-sidebar-layout":"default","site-content-layout":"","ast-site-content-layout":"default","site-content-style":"default","site-sidebar-style":"default","ast-global-header-display":"","ast-banner-title-visibility":"","ast-main-header-display":"","ast-hfb-above-header-display":"","ast-hfb-below-header-display":"","ast-hfb-mobile-header-display":"","site-post-title":"","ast-breadcrumbs-content":"","ast-featured-img":"","footer-sml-layout":"","ast-disable-related-posts":"","theme-transparent-header-meta":"","adv-header-id-meta":"","stick-header-meta":"","header-above-stick-meta":"","header-main-stick-meta":"","header-below-stick-meta":"","astra-migrate-meta-layouts":"default","ast-page-background-enabled":"default","ast-page-background-meta":{"desktop":{"background-color":"var(--ast-global-color-4)","background-image":"","background-repeat":"repeat","background-position":"center center","background-size":"auto","background-attachment":"scroll","background-type":"","background-media":"","overlay-type":"","overlay-color":"","overlay-opacity":"","overlay-gradient":""},"tablet":{"background-color":"","background-image":"","background-repeat":"repeat","background-position":"center center","background-size":"auto","background-attachment":"scroll","background-type":"","background-media":"","overlay-type":"","overlay-color":"","overlay-opacity":"","overlay-gradient":""},"mobile":{"background-color":"","background-image":"","background-repeat":"repeat","background-position":"center center","background-size":"auto","background-attachment":"scroll","background-type":"","background-media":"","overlay-type":"","overlay-color":"","overlay-opacity":"","overlay-gradient":""}},"ast-content-background-meta":{"desktop":{"background-color":"var(--ast-global-color-5)","background-image":"","background-repeat":"repeat","background-position":"center center","background-size":"auto","background-attachment":"scroll","background-type":"","background-media":"","overlay-type":"","overlay-color":"","overlay-opacity":"","overlay-gradient":""},"tablet":{"background-color":"var(--ast-global-color-5)","background-image":"","background-repeat":"repeat","background-position":"center center","background-size":"auto","background-attachment":"scroll","background-type":"","background-media":"","overlay-type":"","overlay-color":"","overlay-opacity":"","overlay-gradient":""},"mobile":{"background-color":"var(--ast-global-color-5)","background-image":"","background-repeat":"repeat","background-position":"center center","background-size":"auto","background-attachment":"scroll","background-type":"","background-media":"","overlay-type":"","overlay-color":"","overlay-opacity":"","overlay-gradient":""}},"footnotes":""},"categories":[6],"tags":[],"class_list":["post-3488","post","type-post","status-publish","format-aside","hentry","category-sections","post_format-post-format-aside"],"yoast_head":"<!-- This site is optimized with the Yoast SEO plugin v27.5 - https:\/\/yoast.com\/product\/yoast-seo-wordpress\/ -->\n<title>BZH de cross - Janz\u00e9 Athl\u00e9tisme<\/title>\n<meta name=\"robots\" content=\"index, follow, max-snippet:-1, max-image-preview:large, max-video-preview:-1\" \/>\n<link rel=\"canonical\" href=\"https:\/\/janze-athletisme.fr\/wordpress\/bzh-de-cross\/\" \/>\n<meta property=\"og:locale\" content=\"fr_FR\" \/>\n<meta property=\"og:type\" content=\"article\" \/>\n<meta property=\"og:title\" content=\"BZH de cross - Janz\u00e9 Athl\u00e9tisme\" \/>\n<meta property=\"og:description\" content=\"Championnat de Bretagne de cross Le championnat de Bretagne de cross-country a eu lieu ce weekend, dans un magnifique cadre puisqu&rsquo;il se d\u00e9roulait dans le parc du ch\u00e2teau de Combourg. Le terrain \u00e9tait bien s\u00fbr diff\u00e9rent de celui de St Marc le Blanc, mais \u00e0 nouveau assez exigeant. Sous une m\u00e9t\u00e9o fra\u00eeche, alternant entre nuages [&hellip;]\" \/>\n<meta property=\"og:url\" content=\"https:\/\/janze-athletisme.fr\/wordpress\/bzh-de-cross\/\" \/>\n<meta property=\"og:site_name\" content=\"Janz\u00e9 Athl\u00e9tisme\" \/>\n<meta property=\"article:publisher\" content=\"https:\/\/www.facebook.com\/groups\/1007964579346590\" \/>\n<meta property=\"article:published_time\" content=\"2018-02-07T17:49:25+00:00\" \/>\n<meta property=\"article:modified_time\" content=\"2018-02-07T22:44:17+00:00\" \/>\n<meta property=\"og:image\" content=\"http:\/\/janze-athletisme.fr\/wordpress\/wp-content\/uploads\/2018\/02\/combourg.jpg\" \/>\n<meta name=\"author\" content=\"Anthony\" \/>\n<meta name=\"twitter:card\" content=\"summary_large_image\" \/>\n<meta name=\"twitter:label1\" content=\"\u00c9crit par\" \/>\n\t<meta name=\"twitter:data1\" content=\"Anthony\" \/>\n\t<meta name=\"twitter:label2\" content=\"Dur\u00e9e de lecture estim\u00e9e\" \/>\n\t<meta name=\"twitter:data2\" content=\"2 minutes\" \/>\n<script type=\"application\/ld+json\" class=\"yoast-schema-graph\">{\"@context\":\"https:\\\/\\\/schema.org\",\"@graph\":[{\"@type\":\"Article\",\"@id\":\"https:\\\/\\\/janze-athletisme.fr\\\/wordpress\\\/bzh-de-cross\\\/#article\",\"isPartOf\":{\"@id\":\"https:\\\/\\\/janze-athletisme.fr\\\/wordpress\\\/bzh-de-cross\\\/\"},\"author\":{\"name\":\"Anthony\",\"@id\":\"https:\\\/\\\/janze-athletisme.fr\\\/wordpress\\\/#\\\/schema\\\/person\\\/525a6358d0c70a5cca90d6e8619f0453\"},\"headline\":\"BZH de cross\",\"datePublished\":\"2018-02-07T17:49:25+00:00\",\"dateModified\":\"2018-02-07T22:44:17+00:00\",\"mainEntityOfPage\":{\"@id\":\"https:\\\/\\\/janze-athletisme.fr\\\/wordpress\\\/bzh-de-cross\\\/\"},\"wordCount\":365,\"commentCount\":0,\"publisher\":{\"@id\":\"https:\\\/\\\/janze-athletisme.fr\\\/wordpress\\\/#organization\"},\"image\":{\"@id\":\"https:\\\/\\\/janze-athletisme.fr\\\/wordpress\\\/bzh-de-cross\\\/#primaryimage\"},\"thumbnailUrl\":\"http:\\\/\\\/janze-athletisme.fr\\\/wordpress\\\/wp-content\\\/uploads\\\/2018\\\/02\\\/combourg.jpg\",\"articleSection\":[\"Le club au jour le jour\"],\"inLanguage\":\"fr-FR\",\"potentialAction\":[{\"@type\":\"CommentAction\",\"name\":\"Comment\",\"target\":[\"https:\\\/\\\/janze-athletisme.fr\\\/wordpress\\\/bzh-de-cross\\\/#respond\"]}]},{\"@type\":\"WebPage\",\"@id\":\"https:\\\/\\\/janze-athletisme.fr\\\/wordpress\\\/bzh-de-cross\\\/\",\"url\":\"https:\\\/\\\/janze-athletisme.fr\\\/wordpress\\\/bzh-de-cross\\\/\",\"name\":\"BZH de cross - Janz\u00e9 Athl\u00e9tisme\",\"isPartOf\":{\"@id\":\"https:\\\/\\\/janze-athletisme.fr\\\/wordpress\\\/#website\"},\"primaryImageOfPage\":{\"@id\":\"https:\\\/\\\/janze-athletisme.fr\\\/wordpress\\\/bzh-de-cross\\\/#primaryimage\"},\"image\":{\"@id\":\"https:\\\/\\\/janze-athletisme.fr\\\/wordpress\\\/bzh-de-cross\\\/#primaryimage\"},\"thumbnailUrl\":\"http:\\\/\\\/janze-athletisme.fr\\\/wordpress\\\/wp-content\\\/uploads\\\/2018\\\/02\\\/combourg.jpg\",\"datePublished\":\"2018-02-07T17:49:25+00:00\",\"dateModified\":\"2018-02-07T22:44:17+00:00\",\"breadcrumb\":{\"@id\":\"https:\\\/\\\/janze-athletisme.fr\\\/wordpress\\\/bzh-de-cross\\\/#breadcrumb\"},\"inLanguage\":\"fr-FR\",\"potentialAction\":[{\"@type\":\"ReadAction\",\"target\":[\"https:\\\/\\\/janze-athletisme.fr\\\/wordpress\\\/bzh-de-cross\\\/\"]}]},{\"@type\":\"ImageObject\",\"inLanguage\":\"fr-FR\",\"@id\":\"https:\\\/\\\/janze-athletisme.fr\\\/wordpress\\\/bzh-de-cross\\\/#primaryimage\",\"url\":\"http:\\\/\\\/janze-athletisme.fr\\\/wordpress\\\/wp-content\\\/uploads\\\/2018\\\/02\\\/combourg.jpg\",\"contentUrl\":\"http:\\\/\\\/janze-athletisme.fr\\\/wordpress\\\/wp-content\\\/uploads\\\/2018\\\/02\\\/combourg.jpg\"},{\"@type\":\"BreadcrumbList\",\"@id\":\"https:\\\/\\\/janze-athletisme.fr\\\/wordpress\\\/bzh-de-cross\\\/#breadcrumb\",\"itemListElement\":[{\"@type\":\"ListItem\",\"position\":1,\"name\":\"Accueil\",\"item\":\"https:\\\/\\\/janze-athletisme.fr\\\/wordpress\\\/\"},{\"@type\":\"ListItem\",\"position\":2,\"name\":\"BZH de cross\"}]},{\"@type\":\"WebSite\",\"@id\":\"https:\\\/\\\/janze-athletisme.fr\\\/wordpress\\\/#website\",\"url\":\"https:\\\/\\\/janze-athletisme.fr\\\/wordpress\\\/\",\"name\":\"Janz\u00e9 Athl\u00e9tisme\",\"description\":\"Pays de La Roche aux F\u00e9es\",\"publisher\":{\"@id\":\"https:\\\/\\\/janze-athletisme.fr\\\/wordpress\\\/#organization\"},\"potentialAction\":[{\"@type\":\"SearchAction\",\"target\":{\"@type\":\"EntryPoint\",\"urlTemplate\":\"https:\\\/\\\/janze-athletisme.fr\\\/wordpress\\\/?s={search_term_string}\"},\"query-input\":{\"@type\":\"PropertyValueSpecification\",\"valueRequired\":true,\"valueName\":\"search_term_string\"}}],\"inLanguage\":\"fr-FR\"},{\"@type\":\"Organization\",\"@id\":\"https:\\\/\\\/janze-athletisme.fr\\\/wordpress\\\/#organization\",\"name\":\"Janz\u00e9 Athl\u00e9tisme\",\"url\":\"https:\\\/\\\/janze-athletisme.fr\\\/wordpress\\\/\",\"logo\":{\"@type\":\"ImageObject\",\"inLanguage\":\"fr-FR\",\"@id\":\"https:\\\/\\\/janze-athletisme.fr\\\/wordpress\\\/#\\\/schema\\\/logo\\\/image\\\/\",\"url\":\"https:\\\/\\\/janze-athletisme.fr\\\/wordpress\\\/wp-content\\\/uploads\\\/2015\\\/03\\\/logo-full1.jpg\",\"contentUrl\":\"https:\\\/\\\/janze-athletisme.fr\\\/wordpress\\\/wp-content\\\/uploads\\\/2015\\\/03\\\/logo-full1.jpg\",\"width\":437,\"height\":205,\"caption\":\"Janz\u00e9 Athl\u00e9tisme\"},\"image\":{\"@id\":\"https:\\\/\\\/janze-athletisme.fr\\\/wordpress\\\/#\\\/schema\\\/logo\\\/image\\\/\"},\"sameAs\":[\"https:\\\/\\\/www.facebook.com\\\/groups\\\/1007964579346590\"]},{\"@type\":\"Person\",\"@id\":\"https:\\\/\\\/janze-athletisme.fr\\\/wordpress\\\/#\\\/schema\\\/person\\\/525a6358d0c70a5cca90d6e8619f0453\",\"name\":\"Anthony\",\"image\":{\"@type\":\"ImageObject\",\"inLanguage\":\"fr-FR\",\"@id\":\"https:\\\/\\\/secure.gravatar.com\\\/avatar\\\/532191f4fe4dd4049862f967bad2fe3582467d09a23b1e5c976a11e7665d2423?s=96&d=mm&r=g\",\"url\":\"https:\\\/\\\/secure.gravatar.com\\\/avatar\\\/532191f4fe4dd4049862f967bad2fe3582467d09a23b1e5c976a11e7665d2423?s=96&d=mm&r=g\",\"contentUrl\":\"https:\\\/\\\/secure.gravatar.com\\\/avatar\\\/532191f4fe4dd4049862f967bad2fe3582467d09a23b1e5c976a11e7665d2423?s=96&d=mm&r=g\",\"caption\":\"Anthony\"},\"url\":\"https:\\\/\\\/janze-athletisme.fr\\\/wordpress\\\/author\\\/anjuvin\\\/\"}]}<\/script>\n<!-- \/ Yoast SEO plugin. -->","yoast_head_json":{"title":"BZH de cross - Janz\u00e9 Athl\u00e9tisme","robots":{"index":"index","follow":"follow","max-snippet":"max-snippet:-1","max-image-preview":"max-image-preview:large","max-video-preview":"max-video-preview:-1"},"canonical":"https:\/\/janze-athletisme.fr\/wordpress\/bzh-de-cross\/","og_locale":"fr_FR","og_type":"article","og_title":"BZH de cross - Janz\u00e9 Athl\u00e9tisme","og_description":"Championnat de Bretagne de cross Le championnat de Bretagne de cross-country a eu lieu ce weekend, dans un magnifique cadre puisqu&rsquo;il se d\u00e9roulait dans le parc du ch\u00e2teau de Combourg. Le terrain \u00e9tait bien s\u00fbr diff\u00e9rent de celui de St Marc le Blanc, mais \u00e0 nouveau assez exigeant. Sous une m\u00e9t\u00e9o fra\u00eeche, alternant entre nuages [&hellip;]","og_url":"https:\/\/janze-athletisme.fr\/wordpress\/bzh-de-cross\/","og_site_name":"Janz\u00e9 Athl\u00e9tisme","article_publisher":"https:\/\/www.facebook.com\/groups\/1007964579346590","article_published_time":"2018-02-07T17:49:25+00:00","article_modified_time":"2018-02-07T22:44:17+00:00","og_image":[{"url":"http:\/\/janze-athletisme.fr\/wordpress\/wp-content\/uploads\/2018\/02\/combourg.jpg","type":"","width":"","height":""}],"author":"Anthony","twitter_card":"summary_large_image","twitter_misc":{"\u00c9crit par":"Anthony","Dur\u00e9e de lecture estim\u00e9e":"2 minutes"},"schema":{"@context":"https:\/\/schema.org","@graph":[{"@type":"Article","@id":"https:\/\/janze-athletisme.fr\/wordpress\/bzh-de-cross\/#article","isPartOf":{"@id":"https:\/\/janze-athletisme.fr\/wordpress\/bzh-de-cross\/"},"author":{"name":"Anthony","@id":"https:\/\/janze-athletisme.fr\/wordpress\/#\/schema\/person\/525a6358d0c70a5cca90d6e8619f0453"},"headline":"BZH de cross","datePublished":"2018-02-07T17:49:25+00:00","dateModified":"2018-02-07T22:44:17+00:00","mainEntityOfPage":{"@id":"https:\/\/janze-athletisme.fr\/wordpress\/bzh-de-cross\/"},"wordCount":365,"commentCount":0,"publisher":{"@id":"https:\/\/janze-athletisme.fr\/wordpress\/#organization"},"image":{"@id":"https:\/\/janze-athletisme.fr\/wordpress\/bzh-de-cross\/#primaryimage"},"thumbnailUrl":"http:\/\/janze-athletisme.fr\/wordpress\/wp-content\/uploads\/2018\/02\/combourg.jpg","articleSection":["Le club au jour le jour"],"inLanguage":"fr-FR","potentialAction":[{"@type":"CommentAction","name":"Comment","target":["https:\/\/janze-athletisme.fr\/wordpress\/bzh-de-cross\/#respond"]}]},{"@type":"WebPage","@id":"https:\/\/janze-athletisme.fr\/wordpress\/bzh-de-cross\/","url":"https:\/\/janze-athletisme.fr\/wordpress\/bzh-de-cross\/","name":"BZH de cross - Janz\u00e9 Athl\u00e9tisme","isPartOf":{"@id":"https:\/\/janze-athletisme.fr\/wordpress\/#website"},"primaryImageOfPage":{"@id":"https:\/\/janze-athletisme.fr\/wordpress\/bzh-de-cross\/#primaryimage"},"image":{"@id":"https:\/\/janze-athletisme.fr\/wordpress\/bzh-de-cross\/#primaryimage"},"thumbnailUrl":"http:\/\/janze-athletisme.fr\/wordpress\/wp-content\/uploads\/2018\/02\/combourg.jpg","datePublished":"2018-02-07T17:49:25+00:00","dateModified":"2018-02-07T22:44:17+00:00","breadcrumb":{"@id":"https:\/\/janze-athletisme.fr\/wordpress\/bzh-de-cross\/#breadcrumb"},"inLanguage":"fr-FR","potentialAction":[{"@type":"ReadAction","target":["https:\/\/janze-athletisme.fr\/wordpress\/bzh-de-cross\/"]}]},{"@type":"ImageObject","inLanguage":"fr-FR","@id":"https:\/\/janze-athletisme.fr\/wordpress\/bzh-de-cross\/#primaryimage","url":"http:\/\/janze-athletisme.fr\/wordpress\/wp-content\/uploads\/2018\/02\/combourg.jpg","contentUrl":"http:\/\/janze-athletisme.fr\/wordpress\/wp-content\/uploads\/2018\/02\/combourg.jpg"},{"@type":"BreadcrumbList","@id":"https:\/\/janze-athletisme.fr\/wordpress\/bzh-de-cross\/#breadcrumb","itemListElement":[{"@type":"ListItem","position":1,"name":"Accueil","item":"https:\/\/janze-athletisme.fr\/wordpress\/"},{"@type":"ListItem","position":2,"name":"BZH de cross"}]},{"@type":"WebSite","@id":"https:\/\/janze-athletisme.fr\/wordpress\/#website","url":"https:\/\/janze-athletisme.fr\/wordpress\/","name":"Janz\u00e9 Athl\u00e9tisme","description":"Pays de La Roche aux F\u00e9es","publisher":{"@id":"https:\/\/janze-athletisme.fr\/wordpress\/#organization"},"potentialAction":[{"@type":"SearchAction","target":{"@type":"EntryPoint","urlTemplate":"https:\/\/janze-athletisme.fr\/wordpress\/?s={search_term_string}"},"query-input":{"@type":"PropertyValueSpecification","valueRequired":true,"valueName":"search_term_string"}}],"inLanguage":"fr-FR"},{"@type":"Organization","@id":"https:\/\/janze-athletisme.fr\/wordpress\/#organization","name":"Janz\u00e9 Athl\u00e9tisme","url":"https:\/\/janze-athletisme.fr\/wordpress\/","logo":{"@type":"ImageObject","inLanguage":"fr-FR","@id":"https:\/\/janze-athletisme.fr\/wordpress\/#\/schema\/logo\/image\/","url":"https:\/\/janze-athletisme.fr\/wordpress\/wp-content\/uploads\/2015\/03\/logo-full1.jpg","contentUrl":"https:\/\/janze-athletisme.fr\/wordpress\/wp-content\/uploads\/2015\/03\/logo-full1.jpg","width":437,"height":205,"caption":"Janz\u00e9 Athl\u00e9tisme"},"image":{"@id":"https:\/\/janze-athletisme.fr\/wordpress\/#\/schema\/logo\/image\/"},"sameAs":["https:\/\/www.facebook.com\/groups\/1007964579346590"]},{"@type":"Person","@id":"https:\/\/janze-athletisme.fr\/wordpress\/#\/schema\/person\/525a6358d0c70a5cca90d6e8619f0453","name":"Anthony","image":{"@type":"ImageObject","inLanguage":"fr-FR","@id":"https:\/\/secure.gravatar.com\/avatar\/532191f4fe4dd4049862f967bad2fe3582467d09a23b1e5c976a11e7665d2423?s=96&d=mm&r=g","url":"https:\/\/secure.gravatar.com\/avatar\/532191f4fe4dd4049862f967bad2fe3582467d09a23b1e5c976a11e7665d2423?s=96&d=mm&r=g","contentUrl":"https:\/\/secure.gravatar.com\/avatar\/532191f4fe4dd4049862f967bad2fe3582467d09a23b1e5c976a11e7665d2423?s=96&d=mm&r=g","caption":"Anthony"},"url":"https:\/\/janze-athletisme.fr\/wordpress\/author\/anjuvin\/"}]}},"uagb_featured_image_src":{"full":false,"thumbnail":false,"medium":false,"medium_large":false,"large":false,"1536x1536":false,"2048x2048":false},"uagb_author_info":{"display_name":"Anthony","author_link":"https:\/\/janze-athletisme.fr\/wordpress\/author\/anjuvin\/"},"uagb_comment_info":0,"uagb_excerpt":"Championnat de Bretagne de cross Le championnat de Bretagne de cross-country a eu lieu ce weekend, dans un magnifique cadre puisqu&rsquo;il se d\u00e9roulait dans le parc du ch\u00e2teau de Combourg. Le terrain \u00e9tait bien s\u00fbr diff\u00e9rent de celui de St Marc le Blanc, mais \u00e0 nouveau assez exigeant. Sous une m\u00e9t\u00e9o fra\u00eeche, alternant entre nuages\u2026","_links":{"self":[{"href":"https:\/\/janze-athletisme.fr\/wordpress\/wp-json\/wp\/v2\/posts\/3488","targetHints":{"allow":["GET"]}}],"collection":[{"href":"https:\/\/janze-athletisme.fr\/wordpress\/wp-json\/wp\/v2\/posts"}],"about":[{"href":"https:\/\/janze-athletisme.fr\/wordpress\/wp-json\/wp\/v2\/types\/post"}],"author":[{"embeddable":true,"href":"https:\/\/janze-athletisme.fr\/wordpress\/wp-json\/wp\/v2\/users\/4"}],"replies":[{"embeddable":true,"href":"https:\/\/janze-athletisme.fr\/wordpress\/wp-json\/wp\/v2\/comments?post=3488"}],"version-history":[{"count":8,"href":"https:\/\/janze-athletisme.fr\/wordpress\/wp-json\/wp\/v2\/posts\/3488\/revisions"}],"predecessor-version":[{"id":3499,"href":"https:\/\/janze-athletisme.fr\/wordpress\/wp-json\/wp\/v2\/posts\/3488\/revisions\/3499"}],"wp:attachment":[{"href":"https:\/\/janze-athletisme.fr\/wordpress\/wp-json\/wp\/v2\/media?parent=3488"}],"wp:term":[{"taxonomy":"category","embeddable":true,"href":"https:\/\/janze-athletisme.fr\/wordpress\/wp-json\/wp\/v2\/categories?post=3488"},{"taxonomy":"post_tag","embeddable":true,"href":"https:\/\/janze-athletisme.fr\/wordpress\/wp-json\/wp\/v2\/tags?post=3488"}],"curies":[{"name":"wp","href":"https:\/\/api.w.org\/{rel}","templated":true}]}}