{"id":3403,"date":"2018-01-16T00:41:18","date_gmt":"2018-01-15T23:41:18","guid":{"rendered":"http:\/\/janze-athletisme.fr\/wordpress\/?p=3403"},"modified":"2018-01-20T20:32:51","modified_gmt":"2018-01-20T19:32:51","slug":"championnat-dille-vilaine-de-cross","status":"publish","type":"post","link":"https:\/\/janze-athletisme.fr\/wordpress\/championnat-dille-vilaine-de-cross\/","title":{"rendered":"Championnat d&rsquo;Ille et Vilaine de Cross"},"content":{"rendered":"<h1 style=\"text-align: center;\"><strong><span style=\"text-decoration: underline; color: #ff0000;\">Championnat d&rsquo;Ille et Vilaine de Cross<\/span><\/strong><\/h1>\n<h1 style=\"text-align: center;\"><img loading=\"lazy\" decoding=\"async\" class=\"aligncenter\" src=\"https:\/\/scontent-cdg2-1.xx.fbcdn.net\/v\/t31.0-8\/26840907_10208575562746447_3136397652216886389_o.jpg?oh=1dcfbe5f68fb64325eeb978d0fab7b1f&amp;oe=5AF29898\" alt=\"Les POF apr\u00e8s leur course\" width=\"2048\" height=\"1356\" \/><\/h1>\n<p><span style=\"color: #000000;\">70 Janz\u00e9ens ont termin\u00e9 dimanche le cross d\u00e9partemental de Saint-Marc Le Blanc (28 filles et 42 gar\u00e7ons) !<\/span><\/p>\n<p><span style=\"color: #000000;\">L&rsquo;an pass\u00e9, en 2017, nous \u00e9tions 51 et avions \u00e9gal\u00e9 notre record de participation de 2011. \u00c0 ce rythme-l\u00e0 de croissance (37% sur un an), nous serons 627 dans sept ans. Vous imaginez ? La vaste blague !!! Les performances \u00e9tant math\u00e9matiquement, statistiquement corr\u00e9l\u00e9es au nombre, Janz\u00e9 sera sur tous les podiums, comme quasi le HBA aujourd&rsquo;hui !<\/span><\/p>\n<p><span style=\"color: #000000;\">Non, restons les pieds dans les labours, nous n&rsquo;en sommes pas \u00e0 r\u00eaver si haut et sans doute avons-nous atteint-l\u00e0 un Anapurna qui sera difficile \u00e0 vaincre.<\/span><\/p>\n<p><span style=\"color: #000000;\">N&#8217;emp\u00eache qu&rsquo;elles \u00e9taient belles nos troupes lanc\u00e9es \u00e0 l&rsquo;assaut de la colline boueuse, la fleur entre les lacets et parfois le pied dans la boue, la chaussure en offrande au sillon\u2026 Avec cette diff\u00e9rence notable tout de m\u00eame par rapport \u00e0 l&rsquo;imagerie militaire que nos combattants du labour avaient du plaisir \u00e0 l&rsquo;ouvrage, en d\u00e9pit de la difficult\u00e9, et que leur seul adversaire \u00e9tait eux-m\u00eames. Le meilleur adversaire qui soit, puisque celui qui permet d&rsquo;aller plus loin au fond de soi, l\u00e0 o\u00f9 sont les r\u00e9serves de force, de courage, de vie.<\/span><\/p>\n<p><span style=\"color: #000000;\">Tous ces sourires \u00e0 l&rsquo;arriv\u00e9e, un peu crisp\u00e9s parfois, mais radieux le plus souvent, c&rsquo;\u00e9tait quand m\u00eame beau \u00e0 voir. Wilfrid \u00e9tait heureux comme un gamin et les gamins fiers comme des grands. Il fallait voir Ana\u00eblle et Fanny avec leur m\u00e9daille autour du cou. Toute la joie du monde !<\/span><\/p>\n<p><span style=\"color: #000000;\">Et que dire de la joie des \u00e9quipi\u00e8res : les poussines 2<sup>e\u00a0<\/sup>(sur 24), les cadettes 3<sup>e<\/sup>, les \u00e9lites filles 4<sup>e<\/sup>, il fallait les voir se poussant du coude ! Et Zo\u00e9, St\u00e9phanie, Maud et Virginie n&rsquo;\u00e9taient pas les derni\u00e8res. Aussi heureuses que les poussines ! Bravo \u00e0 tous et toutes. Vraiment bravo \u00e0 tous pour cette participation \u00e0 la fois nombreuse et brillante.<\/span><\/p>\n<p><span style=\"color: #000000;\">Merci aux entra\u00eeneurs, aux jurys, aux photographes, et merci aux parents qui ont accompagn\u00e9 les nombreux enfants. Vous avez tous contribu\u00e9 \u00e0 cette f\u00eate pour le club. Janz\u00e9 a \u00e9t\u00e9 remarqu\u00e9 hier. Ce n&rsquo;est pas le moindre des succ\u00e8s.<\/span><\/p>\n<p><span style=\"color: #000000;\">Lien photos :<\/span>\u00a0<span style=\"text-decoration: underline; color: #ff0000;\"><strong><a style=\"color: #ff0000; text-decoration: underline;\" href=\"https:\/\/photos.app.goo.gl\/EjaEFBAXJhNw8wq22\">Clic !!!<\/a><\/strong><\/span><\/p>\n<h3 style=\"text-align: center;\"><strong><span style=\"text-decoration: underline; color: #0000ff;\">Course Poussines 1100m<\/span><\/strong><\/h3>\n<p style=\"text-align: center;\"><strong><span style=\"color: #000000;\">2\u00e8me et 14\u00e8me par \u00e9quipe<\/span><\/strong><\/p>\n<p style=\"text-align: center;\">[ws_table id=\u00a0\u00bb575&Prime;]<\/p>\n<h3 style=\"text-align: center;\"><strong><span style=\"text-decoration: underline; color: #0000ff;\">Course Poussins 1100m<\/span><\/strong><\/h3>\n<p style=\"text-align: center;\"><strong><span style=\"color: #000000;\">7\u00e8me par \u00e9quipe<\/span><\/strong><\/p>\n<p style=\"text-align: center;\">[ws_table id=\u00a0\u00bb576&Prime;]<\/p>\n<h3 style=\"text-align: center;\"><strong><span style=\"text-decoration: underline; color: #0000ff;\">Course Benjamines 1800m<\/span><\/strong><\/h3>\n<p style=\"text-align: center;\"><strong><span style=\"color: #000000;\">5\u00e8me par \u00e9quipe<\/span><\/strong><\/p>\n<p style=\"text-align: center;\">[ws_table id=\u00a0\u00bb577&Prime;]<\/p>\n<h3 style=\"text-align: center;\"><strong><span style=\"text-decoration: underline; color: #0000ff;\">Course Benjamins 2500m<\/span><\/strong><\/h3>\n<p style=\"text-align: center;\"><span style=\"color: #000000;\">[ws_table id=\u00a0\u00bb578&Prime;]<\/span><\/p>\n<h3 style=\"text-align: center;\"><strong><span style=\"text-decoration: underline; color: #0000ff;\">Course Minimes Filles 2500m<\/span><\/strong><\/h3>\n<p style=\"text-align: center;\"><strong><span style=\"color: #000000;\">7\u00e8me par \u00e9quipe<\/span><\/strong><\/p>\n<p style=\"text-align: center;\">[ws_table id=\u00a0\u00bb579&Prime;]<\/p>\n<h3 style=\"text-align: center;\"><strong><span style=\"text-decoration: underline; color: #0000ff;\">Course Minimes Gar\u00e7ons 3300m<\/span><\/strong><\/h3>\n<p style=\"text-align: center;\"><strong><span style=\"color: #000000;\">7\u00e8me par \u00e9quipe<\/span><\/strong><\/p>\n<p style=\"text-align: center;\">[ws_table id=\u00a0\u00bb580&Prime;]<\/p>\n<h3 style=\"text-align: center;\"><strong><span style=\"text-decoration: underline; color: #0000ff;\">Course Cadettes 3300m<\/span><\/strong><\/h3>\n<p style=\"text-align: center;\"><strong><span style=\"color: #000000;\">3\u00e8me par \u00e9quipe<\/span><\/strong><\/p>\n<p style=\"text-align: center;\">[ws_table id=\u00a0\u00bb581&Prime;]<\/p>\n<h3 style=\"text-align: center;\"><strong><span style=\"text-decoration: underline; color: #0000ff;\">Course Cadets 4100m<\/span><\/strong><\/h3>\n<p style=\"text-align: center;\"><strong><span style=\"color: #000000;\">6\u00e8me par \u00e9quipe<\/span><\/strong><\/p>\n<p style=\"text-align: center;\">[ws_table id=\u00a0\u00bb582&Prime;]<\/p>\n<h3 style=\"text-align: center;\"><strong><span style=\"text-decoration: underline; color: #0000ff;\">Course Juniors Femmes 4100m<\/span><\/strong><\/h3>\n<p style=\"text-align: center;\">[ws_table id=\u00a0\u00bb583&Prime;]<\/p>\n<h3 style=\"text-align: center;\"><strong><span style=\"text-decoration: underline; color: #0000ff;\">Course Juniors Hommes 6000m<\/span><\/strong><\/h3>\n<p style=\"text-align: center;\">[ws_table id=\u00a0\u00bb584&Prime;]<\/p>\n<h3 style=\"text-align: center;\"><strong><span style=\"text-decoration: underline; color: #0000ff;\">Course Court Open\u00a04100m<\/span><\/strong><\/h3>\n<p style=\"text-align: center;\">[ws_table id=\u00a0\u00bb585&Prime;]<\/p>\n<h3 style=\"text-align: center;\"><strong><span style=\"text-decoration: underline; color: #0000ff;\">Course Elite Esp\/S\u00e9n\/Mast Femmes 6700m<\/span><\/strong><\/h3>\n<p style=\"text-align: center;\"><strong><span style=\"color: #000000;\">4\u00e8me par \u00e9quipe<\/span><\/strong><\/p>\n<p style=\"text-align: center;\">[ws_table id=\u00a0\u00bb586&Prime;]<\/p>\n<h3 style=\"text-align: center;\"><strong><span style=\"text-decoration: underline; color: #0000ff;\">Course Elite Esp\/S\u00e9n Hommes 8700m<\/span><\/strong><\/h3>\n<p style=\"text-align: center;\"><strong><span style=\"color: #000000;\">11\u00e8me par \u00e9quipe<\/span><\/strong><\/p>\n<p style=\"text-align: center;\">[ws_table id=\u00a0\u00bb587&Prime;]<\/p>\n<h3 style=\"text-align: center;\"><strong><span style=\"text-decoration: underline; color: #0000ff;\">Course Masters Hommes 8700m<\/span><\/strong><\/h3>\n<p style=\"text-align: center;\"><strong><span style=\"color: #000000;\">5\u00e8me et 27\u00e8me par \u00e9quipe<\/span><\/strong><\/p>\n<p>[ws_table id=\u00a0\u00bb588&Prime;]<\/p>\n","protected":false},"excerpt":{"rendered":"<p>Championnat d&rsquo;Ille et Vilaine de Cross 70 Janz\u00e9ens ont termin\u00e9 dimanche le cross d\u00e9partemental de Saint-Marc Le Blanc (28 filles et 42 gar\u00e7ons) ! L&rsquo;an pass\u00e9, en 2017, nous \u00e9tions 51 et avions \u00e9gal\u00e9 notre record de participation de 2011. \u00c0 ce rythme-l\u00e0 de croissance (37% sur un an), nous serons 627 dans sept ans. [&hellip;]<\/p>\n","protected":false},"author":4,"featured_media":0,"comment_status":"open","ping_status":"open","sticky":false,"template":"","format":"aside","meta":{"_uag_custom_page_level_css":"","site-sidebar-layout":"default","site-content-layout":"","ast-site-content-layout":"default","site-content-style":"default","site-sidebar-style":"default","ast-global-header-display":"","ast-banner-title-visibility":"","ast-main-header-display":"","ast-hfb-above-header-display":"","ast-hfb-below-header-display":"","ast-hfb-mobile-header-display":"","site-post-title":"","ast-breadcrumbs-content":"","ast-featured-img":"","footer-sml-layout":"","ast-disable-related-posts":"","theme-transparent-header-meta":"","adv-header-id-meta":"","stick-header-meta":"","header-above-stick-meta":"","header-main-stick-meta":"","header-below-stick-meta":"","astra-migrate-meta-layouts":"default","ast-page-background-enabled":"default","ast-page-background-meta":{"desktop":{"background-color":"var(--ast-global-color-4)","background-image":"","background-repeat":"repeat","background-position":"center center","background-size":"auto","background-attachment":"scroll","background-type":"","background-media":"","overlay-type":"","overlay-color":"","overlay-opacity":"","overlay-gradient":""},"tablet":{"background-color":"","background-image":"","background-repeat":"repeat","background-position":"center center","background-size":"auto","background-attachment":"scroll","background-type":"","background-media":"","overlay-type":"","overlay-color":"","overlay-opacity":"","overlay-gradient":""},"mobile":{"background-color":"","background-image":"","background-repeat":"repeat","background-position":"center center","background-size":"auto","background-attachment":"scroll","background-type":"","background-media":"","overlay-type":"","overlay-color":"","overlay-opacity":"","overlay-gradient":""}},"ast-content-background-meta":{"desktop":{"background-color":"var(--ast-global-color-5)","background-image":"","background-repeat":"repeat","background-position":"center center","background-size":"auto","background-attachment":"scroll","background-type":"","background-media":"","overlay-type":"","overlay-color":"","overlay-opacity":"","overlay-gradient":""},"tablet":{"background-color":"var(--ast-global-color-5)","background-image":"","background-repeat":"repeat","background-position":"center center","background-size":"auto","background-attachment":"scroll","background-type":"","background-media":"","overlay-type":"","overlay-color":"","overlay-opacity":"","overlay-gradient":""},"mobile":{"background-color":"var(--ast-global-color-5)","background-image":"","background-repeat":"repeat","background-position":"center center","background-size":"auto","background-attachment":"scroll","background-type":"","background-media":"","overlay-type":"","overlay-color":"","overlay-opacity":"","overlay-gradient":""}},"footnotes":""},"categories":[6],"tags":[],"class_list":["post-3403","post","type-post","status-publish","format-aside","hentry","category-sections","post_format-post-format-aside"],"yoast_head":"<!-- This site is optimized with the Yoast SEO plugin v27.4 - https:\/\/yoast.com\/product\/yoast-seo-wordpress\/ -->\n<title>Championnat d&#039;Ille et Vilaine de Cross - Janz\u00e9 Athl\u00e9tisme<\/title>\n<meta name=\"robots\" content=\"index, follow, max-snippet:-1, max-image-preview:large, max-video-preview:-1\" \/>\n<link rel=\"canonical\" href=\"https:\/\/janze-athletisme.fr\/wordpress\/championnat-dille-vilaine-de-cross\/\" \/>\n<meta property=\"og:locale\" content=\"fr_FR\" \/>\n<meta property=\"og:type\" content=\"article\" \/>\n<meta property=\"og:title\" content=\"Championnat d&#039;Ille et Vilaine de Cross - Janz\u00e9 Athl\u00e9tisme\" \/>\n<meta property=\"og:description\" content=\"Championnat d&rsquo;Ille et Vilaine de Cross 70 Janz\u00e9ens ont termin\u00e9 dimanche le cross d\u00e9partemental de Saint-Marc Le Blanc (28 filles et 42 gar\u00e7ons) ! L&rsquo;an pass\u00e9, en 2017, nous \u00e9tions 51 et avions \u00e9gal\u00e9 notre record de participation de 2011. \u00c0 ce rythme-l\u00e0 de croissance (37% sur un an), nous serons 627 dans sept ans. [&hellip;]\" \/>\n<meta property=\"og:url\" content=\"https:\/\/janze-athletisme.fr\/wordpress\/championnat-dille-vilaine-de-cross\/\" \/>\n<meta property=\"og:site_name\" content=\"Janz\u00e9 Athl\u00e9tisme\" \/>\n<meta property=\"article:publisher\" content=\"https:\/\/www.facebook.com\/groups\/1007964579346590\" \/>\n<meta property=\"article:published_time\" content=\"2018-01-15T23:41:18+00:00\" \/>\n<meta property=\"article:modified_time\" content=\"2018-01-20T19:32:51+00:00\" \/>\n<meta property=\"og:image\" content=\"https:\/\/scontent-cdg2-1.xx.fbcdn.net\/v\/t31.0-8\/26840907_10208575562746447_3136397652216886389_o.jpg?oh=1dcfbe5f68fb64325eeb978d0fab7b1f&amp;oe=5AF29898\" \/>\n<meta name=\"author\" content=\"Anthony\" \/>\n<meta name=\"twitter:card\" content=\"summary_large_image\" \/>\n<meta name=\"twitter:label1\" content=\"\u00c9crit par\" \/>\n\t<meta name=\"twitter:data1\" content=\"Anthony\" \/>\n\t<meta name=\"twitter:label2\" content=\"Dur\u00e9e de lecture estim\u00e9e\" \/>\n\t<meta name=\"twitter:data2\" content=\"2 minutes\" \/>\n<script type=\"application\/ld+json\" class=\"yoast-schema-graph\">{\"@context\":\"https:\\\/\\\/schema.org\",\"@graph\":[{\"@type\":\"Article\",\"@id\":\"https:\\\/\\\/janze-athletisme.fr\\\/wordpress\\\/championnat-dille-vilaine-de-cross\\\/#article\",\"isPartOf\":{\"@id\":\"https:\\\/\\\/janze-athletisme.fr\\\/wordpress\\\/championnat-dille-vilaine-de-cross\\\/\"},\"author\":{\"name\":\"Anthony\",\"@id\":\"https:\\\/\\\/janze-athletisme.fr\\\/wordpress\\\/#\\\/schema\\\/person\\\/525a6358d0c70a5cca90d6e8619f0453\"},\"headline\":\"Championnat d&rsquo;Ille et Vilaine de Cross\",\"datePublished\":\"2018-01-15T23:41:18+00:00\",\"dateModified\":\"2018-01-20T19:32:51+00:00\",\"mainEntityOfPage\":{\"@id\":\"https:\\\/\\\/janze-athletisme.fr\\\/wordpress\\\/championnat-dille-vilaine-de-cross\\\/\"},\"wordCount\":509,\"commentCount\":3,\"publisher\":{\"@id\":\"https:\\\/\\\/janze-athletisme.fr\\\/wordpress\\\/#organization\"},\"image\":{\"@id\":\"https:\\\/\\\/janze-athletisme.fr\\\/wordpress\\\/championnat-dille-vilaine-de-cross\\\/#primaryimage\"},\"thumbnailUrl\":\"https:\\\/\\\/scontent-cdg2-1.xx.fbcdn.net\\\/v\\\/t31.0-8\\\/26840907_10208575562746447_3136397652216886389_o.jpg?oh=1dcfbe5f68fb64325eeb978d0fab7b1f&amp;oe=5AF29898\",\"articleSection\":[\"Le club au jour le jour\"],\"inLanguage\":\"fr-FR\",\"potentialAction\":[{\"@type\":\"CommentAction\",\"name\":\"Comment\",\"target\":[\"https:\\\/\\\/janze-athletisme.fr\\\/wordpress\\\/championnat-dille-vilaine-de-cross\\\/#respond\"]}]},{\"@type\":\"WebPage\",\"@id\":\"https:\\\/\\\/janze-athletisme.fr\\\/wordpress\\\/championnat-dille-vilaine-de-cross\\\/\",\"url\":\"https:\\\/\\\/janze-athletisme.fr\\\/wordpress\\\/championnat-dille-vilaine-de-cross\\\/\",\"name\":\"Championnat d'Ille et Vilaine de Cross - Janz\u00e9 Athl\u00e9tisme\",\"isPartOf\":{\"@id\":\"https:\\\/\\\/janze-athletisme.fr\\\/wordpress\\\/#website\"},\"primaryImageOfPage\":{\"@id\":\"https:\\\/\\\/janze-athletisme.fr\\\/wordpress\\\/championnat-dille-vilaine-de-cross\\\/#primaryimage\"},\"image\":{\"@id\":\"https:\\\/\\\/janze-athletisme.fr\\\/wordpress\\\/championnat-dille-vilaine-de-cross\\\/#primaryimage\"},\"thumbnailUrl\":\"https:\\\/\\\/scontent-cdg2-1.xx.fbcdn.net\\\/v\\\/t31.0-8\\\/26840907_10208575562746447_3136397652216886389_o.jpg?oh=1dcfbe5f68fb64325eeb978d0fab7b1f&amp;oe=5AF29898\",\"datePublished\":\"2018-01-15T23:41:18+00:00\",\"dateModified\":\"2018-01-20T19:32:51+00:00\",\"breadcrumb\":{\"@id\":\"https:\\\/\\\/janze-athletisme.fr\\\/wordpress\\\/championnat-dille-vilaine-de-cross\\\/#breadcrumb\"},\"inLanguage\":\"fr-FR\",\"potentialAction\":[{\"@type\":\"ReadAction\",\"target\":[\"https:\\\/\\\/janze-athletisme.fr\\\/wordpress\\\/championnat-dille-vilaine-de-cross\\\/\"]}]},{\"@type\":\"ImageObject\",\"inLanguage\":\"fr-FR\",\"@id\":\"https:\\\/\\\/janze-athletisme.fr\\\/wordpress\\\/championnat-dille-vilaine-de-cross\\\/#primaryimage\",\"url\":\"https:\\\/\\\/scontent-cdg2-1.xx.fbcdn.net\\\/v\\\/t31.0-8\\\/26840907_10208575562746447_3136397652216886389_o.jpg?oh=1dcfbe5f68fb64325eeb978d0fab7b1f&amp;oe=5AF29898\",\"contentUrl\":\"https:\\\/\\\/scontent-cdg2-1.xx.fbcdn.net\\\/v\\\/t31.0-8\\\/26840907_10208575562746447_3136397652216886389_o.jpg?oh=1dcfbe5f68fb64325eeb978d0fab7b1f&amp;oe=5AF29898\"},{\"@type\":\"BreadcrumbList\",\"@id\":\"https:\\\/\\\/janze-athletisme.fr\\\/wordpress\\\/championnat-dille-vilaine-de-cross\\\/#breadcrumb\",\"itemListElement\":[{\"@type\":\"ListItem\",\"position\":1,\"name\":\"Accueil\",\"item\":\"https:\\\/\\\/janze-athletisme.fr\\\/wordpress\\\/\"},{\"@type\":\"ListItem\",\"position\":2,\"name\":\"Championnat d&rsquo;Ille et Vilaine de Cross\"}]},{\"@type\":\"WebSite\",\"@id\":\"https:\\\/\\\/janze-athletisme.fr\\\/wordpress\\\/#website\",\"url\":\"https:\\\/\\\/janze-athletisme.fr\\\/wordpress\\\/\",\"name\":\"Janz\u00e9 Athl\u00e9tisme\",\"description\":\"Pays de La Roche aux F\u00e9es\",\"publisher\":{\"@id\":\"https:\\\/\\\/janze-athletisme.fr\\\/wordpress\\\/#organization\"},\"potentialAction\":[{\"@type\":\"SearchAction\",\"target\":{\"@type\":\"EntryPoint\",\"urlTemplate\":\"https:\\\/\\\/janze-athletisme.fr\\\/wordpress\\\/?s={search_term_string}\"},\"query-input\":{\"@type\":\"PropertyValueSpecification\",\"valueRequired\":true,\"valueName\":\"search_term_string\"}}],\"inLanguage\":\"fr-FR\"},{\"@type\":\"Organization\",\"@id\":\"https:\\\/\\\/janze-athletisme.fr\\\/wordpress\\\/#organization\",\"name\":\"Janz\u00e9 Athl\u00e9tisme\",\"url\":\"https:\\\/\\\/janze-athletisme.fr\\\/wordpress\\\/\",\"logo\":{\"@type\":\"ImageObject\",\"inLanguage\":\"fr-FR\",\"@id\":\"https:\\\/\\\/janze-athletisme.fr\\\/wordpress\\\/#\\\/schema\\\/logo\\\/image\\\/\",\"url\":\"https:\\\/\\\/janze-athletisme.fr\\\/wordpress\\\/wp-content\\\/uploads\\\/2015\\\/03\\\/logo-full1.jpg\",\"contentUrl\":\"https:\\\/\\\/janze-athletisme.fr\\\/wordpress\\\/wp-content\\\/uploads\\\/2015\\\/03\\\/logo-full1.jpg\",\"width\":437,\"height\":205,\"caption\":\"Janz\u00e9 Athl\u00e9tisme\"},\"image\":{\"@id\":\"https:\\\/\\\/janze-athletisme.fr\\\/wordpress\\\/#\\\/schema\\\/logo\\\/image\\\/\"},\"sameAs\":[\"https:\\\/\\\/www.facebook.com\\\/groups\\\/1007964579346590\"]},{\"@type\":\"Person\",\"@id\":\"https:\\\/\\\/janze-athletisme.fr\\\/wordpress\\\/#\\\/schema\\\/person\\\/525a6358d0c70a5cca90d6e8619f0453\",\"name\":\"Anthony\",\"image\":{\"@type\":\"ImageObject\",\"inLanguage\":\"fr-FR\",\"@id\":\"https:\\\/\\\/secure.gravatar.com\\\/avatar\\\/532191f4fe4dd4049862f967bad2fe3582467d09a23b1e5c976a11e7665d2423?s=96&d=mm&r=g\",\"url\":\"https:\\\/\\\/secure.gravatar.com\\\/avatar\\\/532191f4fe4dd4049862f967bad2fe3582467d09a23b1e5c976a11e7665d2423?s=96&d=mm&r=g\",\"contentUrl\":\"https:\\\/\\\/secure.gravatar.com\\\/avatar\\\/532191f4fe4dd4049862f967bad2fe3582467d09a23b1e5c976a11e7665d2423?s=96&d=mm&r=g\",\"caption\":\"Anthony\"},\"url\":\"https:\\\/\\\/janze-athletisme.fr\\\/wordpress\\\/author\\\/anjuvin\\\/\"}]}<\/script>\n<!-- \/ Yoast SEO plugin. -->","yoast_head_json":{"title":"Championnat d'Ille et Vilaine de Cross - Janz\u00e9 Athl\u00e9tisme","robots":{"index":"index","follow":"follow","max-snippet":"max-snippet:-1","max-image-preview":"max-image-preview:large","max-video-preview":"max-video-preview:-1"},"canonical":"https:\/\/janze-athletisme.fr\/wordpress\/championnat-dille-vilaine-de-cross\/","og_locale":"fr_FR","og_type":"article","og_title":"Championnat d'Ille et Vilaine de Cross - Janz\u00e9 Athl\u00e9tisme","og_description":"Championnat d&rsquo;Ille et Vilaine de Cross 70 Janz\u00e9ens ont termin\u00e9 dimanche le cross d\u00e9partemental de Saint-Marc Le Blanc (28 filles et 42 gar\u00e7ons) ! L&rsquo;an pass\u00e9, en 2017, nous \u00e9tions 51 et avions \u00e9gal\u00e9 notre record de participation de 2011. \u00c0 ce rythme-l\u00e0 de croissance (37% sur un an), nous serons 627 dans sept ans. [&hellip;]","og_url":"https:\/\/janze-athletisme.fr\/wordpress\/championnat-dille-vilaine-de-cross\/","og_site_name":"Janz\u00e9 Athl\u00e9tisme","article_publisher":"https:\/\/www.facebook.com\/groups\/1007964579346590","article_published_time":"2018-01-15T23:41:18+00:00","article_modified_time":"2018-01-20T19:32:51+00:00","og_image":[{"url":"https:\/\/scontent-cdg2-1.xx.fbcdn.net\/v\/t31.0-8\/26840907_10208575562746447_3136397652216886389_o.jpg?oh=1dcfbe5f68fb64325eeb978d0fab7b1f&amp;oe=5AF29898","type":"","width":"","height":""}],"author":"Anthony","twitter_card":"summary_large_image","twitter_misc":{"\u00c9crit par":"Anthony","Dur\u00e9e de lecture estim\u00e9e":"2 minutes"},"schema":{"@context":"https:\/\/schema.org","@graph":[{"@type":"Article","@id":"https:\/\/janze-athletisme.fr\/wordpress\/championnat-dille-vilaine-de-cross\/#article","isPartOf":{"@id":"https:\/\/janze-athletisme.fr\/wordpress\/championnat-dille-vilaine-de-cross\/"},"author":{"name":"Anthony","@id":"https:\/\/janze-athletisme.fr\/wordpress\/#\/schema\/person\/525a6358d0c70a5cca90d6e8619f0453"},"headline":"Championnat d&rsquo;Ille et Vilaine de Cross","datePublished":"2018-01-15T23:41:18+00:00","dateModified":"2018-01-20T19:32:51+00:00","mainEntityOfPage":{"@id":"https:\/\/janze-athletisme.fr\/wordpress\/championnat-dille-vilaine-de-cross\/"},"wordCount":509,"commentCount":3,"publisher":{"@id":"https:\/\/janze-athletisme.fr\/wordpress\/#organization"},"image":{"@id":"https:\/\/janze-athletisme.fr\/wordpress\/championnat-dille-vilaine-de-cross\/#primaryimage"},"thumbnailUrl":"https:\/\/scontent-cdg2-1.xx.fbcdn.net\/v\/t31.0-8\/26840907_10208575562746447_3136397652216886389_o.jpg?oh=1dcfbe5f68fb64325eeb978d0fab7b1f&amp;oe=5AF29898","articleSection":["Le club au jour le jour"],"inLanguage":"fr-FR","potentialAction":[{"@type":"CommentAction","name":"Comment","target":["https:\/\/janze-athletisme.fr\/wordpress\/championnat-dille-vilaine-de-cross\/#respond"]}]},{"@type":"WebPage","@id":"https:\/\/janze-athletisme.fr\/wordpress\/championnat-dille-vilaine-de-cross\/","url":"https:\/\/janze-athletisme.fr\/wordpress\/championnat-dille-vilaine-de-cross\/","name":"Championnat d'Ille et Vilaine de Cross - Janz\u00e9 Athl\u00e9tisme","isPartOf":{"@id":"https:\/\/janze-athletisme.fr\/wordpress\/#website"},"primaryImageOfPage":{"@id":"https:\/\/janze-athletisme.fr\/wordpress\/championnat-dille-vilaine-de-cross\/#primaryimage"},"image":{"@id":"https:\/\/janze-athletisme.fr\/wordpress\/championnat-dille-vilaine-de-cross\/#primaryimage"},"thumbnailUrl":"https:\/\/scontent-cdg2-1.xx.fbcdn.net\/v\/t31.0-8\/26840907_10208575562746447_3136397652216886389_o.jpg?oh=1dcfbe5f68fb64325eeb978d0fab7b1f&amp;oe=5AF29898","datePublished":"2018-01-15T23:41:18+00:00","dateModified":"2018-01-20T19:32:51+00:00","breadcrumb":{"@id":"https:\/\/janze-athletisme.fr\/wordpress\/championnat-dille-vilaine-de-cross\/#breadcrumb"},"inLanguage":"fr-FR","potentialAction":[{"@type":"ReadAction","target":["https:\/\/janze-athletisme.fr\/wordpress\/championnat-dille-vilaine-de-cross\/"]}]},{"@type":"ImageObject","inLanguage":"fr-FR","@id":"https:\/\/janze-athletisme.fr\/wordpress\/championnat-dille-vilaine-de-cross\/#primaryimage","url":"https:\/\/scontent-cdg2-1.xx.fbcdn.net\/v\/t31.0-8\/26840907_10208575562746447_3136397652216886389_o.jpg?oh=1dcfbe5f68fb64325eeb978d0fab7b1f&amp;oe=5AF29898","contentUrl":"https:\/\/scontent-cdg2-1.xx.fbcdn.net\/v\/t31.0-8\/26840907_10208575562746447_3136397652216886389_o.jpg?oh=1dcfbe5f68fb64325eeb978d0fab7b1f&amp;oe=5AF29898"},{"@type":"BreadcrumbList","@id":"https:\/\/janze-athletisme.fr\/wordpress\/championnat-dille-vilaine-de-cross\/#breadcrumb","itemListElement":[{"@type":"ListItem","position":1,"name":"Accueil","item":"https:\/\/janze-athletisme.fr\/wordpress\/"},{"@type":"ListItem","position":2,"name":"Championnat d&rsquo;Ille et Vilaine de Cross"}]},{"@type":"WebSite","@id":"https:\/\/janze-athletisme.fr\/wordpress\/#website","url":"https:\/\/janze-athletisme.fr\/wordpress\/","name":"Janz\u00e9 Athl\u00e9tisme","description":"Pays de La Roche aux F\u00e9es","publisher":{"@id":"https:\/\/janze-athletisme.fr\/wordpress\/#organization"},"potentialAction":[{"@type":"SearchAction","target":{"@type":"EntryPoint","urlTemplate":"https:\/\/janze-athletisme.fr\/wordpress\/?s={search_term_string}"},"query-input":{"@type":"PropertyValueSpecification","valueRequired":true,"valueName":"search_term_string"}}],"inLanguage":"fr-FR"},{"@type":"Organization","@id":"https:\/\/janze-athletisme.fr\/wordpress\/#organization","name":"Janz\u00e9 Athl\u00e9tisme","url":"https:\/\/janze-athletisme.fr\/wordpress\/","logo":{"@type":"ImageObject","inLanguage":"fr-FR","@id":"https:\/\/janze-athletisme.fr\/wordpress\/#\/schema\/logo\/image\/","url":"https:\/\/janze-athletisme.fr\/wordpress\/wp-content\/uploads\/2015\/03\/logo-full1.jpg","contentUrl":"https:\/\/janze-athletisme.fr\/wordpress\/wp-content\/uploads\/2015\/03\/logo-full1.jpg","width":437,"height":205,"caption":"Janz\u00e9 Athl\u00e9tisme"},"image":{"@id":"https:\/\/janze-athletisme.fr\/wordpress\/#\/schema\/logo\/image\/"},"sameAs":["https:\/\/www.facebook.com\/groups\/1007964579346590"]},{"@type":"Person","@id":"https:\/\/janze-athletisme.fr\/wordpress\/#\/schema\/person\/525a6358d0c70a5cca90d6e8619f0453","name":"Anthony","image":{"@type":"ImageObject","inLanguage":"fr-FR","@id":"https:\/\/secure.gravatar.com\/avatar\/532191f4fe4dd4049862f967bad2fe3582467d09a23b1e5c976a11e7665d2423?s=96&d=mm&r=g","url":"https:\/\/secure.gravatar.com\/avatar\/532191f4fe4dd4049862f967bad2fe3582467d09a23b1e5c976a11e7665d2423?s=96&d=mm&r=g","contentUrl":"https:\/\/secure.gravatar.com\/avatar\/532191f4fe4dd4049862f967bad2fe3582467d09a23b1e5c976a11e7665d2423?s=96&d=mm&r=g","caption":"Anthony"},"url":"https:\/\/janze-athletisme.fr\/wordpress\/author\/anjuvin\/"}]}},"uagb_featured_image_src":{"full":false,"thumbnail":false,"medium":false,"medium_large":false,"large":false,"1536x1536":false,"2048x2048":false},"uagb_author_info":{"display_name":"Anthony","author_link":"https:\/\/janze-athletisme.fr\/wordpress\/author\/anjuvin\/"},"uagb_comment_info":3,"uagb_excerpt":"Championnat d&rsquo;Ille et Vilaine de Cross 70 Janz\u00e9ens ont termin\u00e9 dimanche le cross d\u00e9partemental de Saint-Marc Le Blanc (28 filles et 42 gar\u00e7ons) ! L&rsquo;an pass\u00e9, en 2017, nous \u00e9tions 51 et avions \u00e9gal\u00e9 notre record de participation de 2011. \u00c0 ce rythme-l\u00e0 de croissance (37% sur un an), nous serons 627 dans sept ans.\u2026","_links":{"self":[{"href":"https:\/\/janze-athletisme.fr\/wordpress\/wp-json\/wp\/v2\/posts\/3403","targetHints":{"allow":["GET"]}}],"collection":[{"href":"https:\/\/janze-athletisme.fr\/wordpress\/wp-json\/wp\/v2\/posts"}],"about":[{"href":"https:\/\/janze-athletisme.fr\/wordpress\/wp-json\/wp\/v2\/types\/post"}],"author":[{"embeddable":true,"href":"https:\/\/janze-athletisme.fr\/wordpress\/wp-json\/wp\/v2\/users\/4"}],"replies":[{"embeddable":true,"href":"https:\/\/janze-athletisme.fr\/wordpress\/wp-json\/wp\/v2\/comments?post=3403"}],"version-history":[{"count":11,"href":"https:\/\/janze-athletisme.fr\/wordpress\/wp-json\/wp\/v2\/posts\/3403\/revisions"}],"predecessor-version":[{"id":3426,"href":"https:\/\/janze-athletisme.fr\/wordpress\/wp-json\/wp\/v2\/posts\/3403\/revisions\/3426"}],"wp:attachment":[{"href":"https:\/\/janze-athletisme.fr\/wordpress\/wp-json\/wp\/v2\/media?parent=3403"}],"wp:term":[{"taxonomy":"category","embeddable":true,"href":"https:\/\/janze-athletisme.fr\/wordpress\/wp-json\/wp\/v2\/categories?post=3403"},{"taxonomy":"post_tag","embeddable":true,"href":"https:\/\/janze-athletisme.fr\/wordpress\/wp-json\/wp\/v2\/tags?post=3403"}],"curies":[{"name":"wp","href":"https:\/\/api.w.org\/{rel}","templated":true}]}}