{"id":33352,"date":"2026-09-02T12:25:06","date_gmt":"2026-09-02T10:25:06","guid":{"rendered":"https:\/\/janze-athletisme.fr\/wordpress\/?p=33352"},"modified":"2026-09-02T12:25:47","modified_gmt":"2026-09-02T10:25:47","slug":"martigne-relais-de-la-roche-aux-fees-edition-0","status":"publish","type":"post","link":"https:\/\/janze-athletisme.fr\/wordpress\/martigne-relais-de-la-roche-aux-fees-edition-0\/","title":{"rendered":"Martign\u00e9: Relais de la Roche aux F\u00e9es \u00e9dition \u00ab\u00a00\u00a0\u00bb !"},"content":{"rendered":"<h1 style=\"text-align: center;\"><span style=\"color: #800000; font-family: comic sans ms, sans-serif;\">Relais de la Roche aux F\u00e9es<\/span><\/h1>\n<p>&nbsp;<\/p>\n<p><a href=\"https:\/\/janze-athletisme.fr\/wordpress\/wp-content\/uploads\/2026\/09\/WhatsApp-Image-2026-08-29-at-12.16.13.jpeg\"><img loading=\"lazy\" decoding=\"async\" class=\"alignnone wp-image-33353\" src=\"https:\/\/janze-athletisme.fr\/wordpress\/wp-content\/uploads\/2026\/09\/WhatsApp-Image-2026-08-29-at-12.16.13-300x225.jpeg\" alt=\"\" width=\"443\" height=\"332\" srcset=\"https:\/\/janze-athletisme.fr\/wordpress\/wp-content\/uploads\/2026\/09\/WhatsApp-Image-2026-08-29-at-12.16.13-300x225.jpeg 300w, https:\/\/janze-athletisme.fr\/wordpress\/wp-content\/uploads\/2026\/09\/WhatsApp-Image-2026-08-29-at-12.16.13-1024x768.jpeg 1024w, https:\/\/janze-athletisme.fr\/wordpress\/wp-content\/uploads\/2026\/09\/WhatsApp-Image-2026-08-29-at-12.16.13-768x576.jpeg 768w, https:\/\/janze-athletisme.fr\/wordpress\/wp-content\/uploads\/2026\/09\/WhatsApp-Image-2026-08-29-at-12.16.13-1536x1152.jpeg 1536w, https:\/\/janze-athletisme.fr\/wordpress\/wp-content\/uploads\/2026\/09\/WhatsApp-Image-2026-08-29-at-12.16.13.jpeg 1600w\" sizes=\"auto, (max-width: 443px) 100vw, 443px\" \/><\/a> <a href=\"https:\/\/janze-athletisme.fr\/wordpress\/wp-content\/uploads\/2026\/09\/WhatsApp-Image-2026-08-29-at-12.16.13-1.jpeg\"><img loading=\"lazy\" decoding=\"async\" class=\" wp-image-33354 alignright\" src=\"https:\/\/janze-athletisme.fr\/wordpress\/wp-content\/uploads\/2026\/09\/WhatsApp-Image-2026-08-29-at-12.16.13-1-300x225.jpeg\" alt=\"\" width=\"441\" height=\"331\" srcset=\"https:\/\/janze-athletisme.fr\/wordpress\/wp-content\/uploads\/2026\/09\/WhatsApp-Image-2026-08-29-at-12.16.13-1-300x225.jpeg 300w, https:\/\/janze-athletisme.fr\/wordpress\/wp-content\/uploads\/2026\/09\/WhatsApp-Image-2026-08-29-at-12.16.13-1-1024x768.jpeg 1024w, https:\/\/janze-athletisme.fr\/wordpress\/wp-content\/uploads\/2026\/09\/WhatsApp-Image-2026-08-29-at-12.16.13-1-768x576.jpeg 768w, https:\/\/janze-athletisme.fr\/wordpress\/wp-content\/uploads\/2026\/09\/WhatsApp-Image-2026-08-29-at-12.16.13-1-1536x1152.jpeg 1536w, https:\/\/janze-athletisme.fr\/wordpress\/wp-content\/uploads\/2026\/09\/WhatsApp-Image-2026-08-29-at-12.16.13-1.jpeg 1600w\" sizes=\"auto, (max-width: 441px) 100vw, 441px\" \/><\/a><\/p>\n<p><span style=\"color: #000000;\">Une toute nouvelle \u00e9preuve, une \u00e9dition \u00ab\u00a00\u00a0\u00bb avant la premi\u00e8re officielle si tout va bien en 2027.<\/span><\/p>\n<p><span style=\"color: #000000;\">Une tr\u00e8s belle initiative \u00e0 saluer de la communaut\u00e9 de communes avec ce relais interclubs.<\/span><\/p>\n<p><span style=\"color: #000000;\">Le principe, 3 relayeurs se relaient (d&rsquo;o\u00f9 le relais&#8230;), un premier court 25km sur 3 boucles de 8km autour de l&rsquo;\u00e9tang de la Forge, rejoint par le 2\u00e8me relayeur \u00e0 la fin de cette premi\u00e8re boucle qui courra lui 17km, tout ce petit monde sera rejoint pour la derni\u00e8re boucle par le 3\u00e8me relayeur avec une arriv\u00e9e \u00e0 3 pr\u00e8s de l&rsquo;\u00e9tang.<\/span><\/p>\n<p><span style=\"color: #000000;\">Sympa comme id\u00e9e, on ne court jamais seul et s&rsquo;il y a des diff\u00e9rences de niveau chacun s&rsquo;adapte. Un petit plus, la passage de l&rsquo;\u00e9tang sur une passerelle en bois, le petit truc en plus !!!<\/span><\/p>\n<p><span style=\"color: #000000;\">Bon, pas de chance, il a plu tout du long mais ambiance garantie avec les Joggers de Retiers et les Dragons de la Forge venus en force. 4 \u00e9quipes de Janz\u00e9 quand m\u00eame et surtout une ambiance sympa, conviviale, d\u00e9tendue. Rien d&rsquo;officiel m\u00eame si pour la forme, un chrono ainsi qu&rsquo;un classement ont \u00e9t\u00e9 diffus\u00e9s en interne, m\u00eame si pour beaucoup, l&rsquo;id\u00e9e \u00e9tait plus de se faire une sortie longue en mode \u00ab\u00a0papotage\u00a0\u00bb !<\/span><\/p>\n<p><span style=\"color: #000000;\">Merci \u00e0 toutes et \u00e0 tous pour ce moment ! (d\u00e9sol\u00e9 s&rsquo;il manque du monde sur les photos !)<\/span><\/p>\n<p style=\"text-align: center;\"><strong>Le classement:<\/strong><\/p>\n<p style=\"text-align: center;\"><span style=\"color: #ff0000; font-family: comic sans ms, sans-serif; font-size: 36pt;\"> <a style=\"color: #ff0000;\" href=\"https:\/\/janze-athletisme.fr\/wordpress\/wp-content\/uploads\/2026\/09\/CLASSEMENT-RELAIS-EDITION-0.pdf\">Clic<\/a><\/span><\/p>\n","protected":false},"excerpt":{"rendered":"<p>Relais de la Roche aux F\u00e9es &nbsp; Une toute nouvelle \u00e9preuve, une \u00e9dition \u00ab\u00a00\u00a0\u00bb avant la premi\u00e8re officielle si tout va bien en 2027. Une tr\u00e8s belle initiative \u00e0 saluer de la communaut\u00e9 de communes avec ce relais interclubs. Le principe, 3 relayeurs se relaient (d&rsquo;o\u00f9 le relais&#8230;), un premier court 25km sur 3 boucles [&hellip;]<\/p>\n","protected":false},"author":8,"featured_media":33355,"comment_status":"open","ping_status":"open","sticky":false,"template":"","format":"aside","meta":{"_uag_custom_page_level_css":"","site-sidebar-layout":"default","site-content-layout":"","ast-site-content-layout":"default","site-content-style":"default","site-sidebar-style":"default","ast-global-header-display":"","ast-banner-title-visibility":"","ast-main-header-display":"","ast-hfb-above-header-display":"","ast-hfb-below-header-display":"","ast-hfb-mobile-header-display":"","site-post-title":"","ast-breadcrumbs-content":"","ast-featured-img":"","footer-sml-layout":"","ast-disable-related-posts":"","theme-transparent-header-meta":"default","adv-header-id-meta":"","stick-header-meta":"","header-above-stick-meta":"","header-main-stick-meta":"","header-below-stick-meta":"","astra-migrate-meta-layouts":"set","ast-page-background-enabled":"default","ast-page-background-meta":{"desktop":{"background-color":"var(--ast-global-color-4)","background-image":"","background-repeat":"repeat","background-position":"center center","background-size":"auto","background-attachment":"scroll","background-type":"","background-media":"","overlay-type":"","overlay-color":"","overlay-opacity":"","overlay-gradient":""},"tablet":{"background-color":"","background-image":"","background-repeat":"repeat","background-position":"center center","background-size":"auto","background-attachment":"scroll","background-type":"","background-media":"","overlay-type":"","overlay-color":"","overlay-opacity":"","overlay-gradient":""},"mobile":{"background-color":"","background-image":"","background-repeat":"repeat","background-position":"center center","background-size":"auto","background-attachment":"scroll","background-type":"","background-media":"","overlay-type":"","overlay-color":"","overlay-opacity":"","overlay-gradient":""}},"ast-content-background-meta":{"desktop":{"background-color":"var(--ast-global-color-5)","background-image":"","background-repeat":"repeat","background-position":"center center","background-size":"auto","background-attachment":"scroll","background-type":"","background-media":"","overlay-type":"","overlay-color":"","overlay-opacity":"","overlay-gradient":""},"tablet":{"background-color":"var(--ast-global-color-5)","background-image":"","background-repeat":"repeat","background-position":"center center","background-size":"auto","background-attachment":"scroll","background-type":"","background-media":"","overlay-type":"","overlay-color":"","overlay-opacity":"","overlay-gradient":""},"mobile":{"background-color":"var(--ast-global-color-5)","background-image":"","background-repeat":"repeat","background-position":"center center","background-size":"auto","background-attachment":"scroll","background-type":"","background-media":"","overlay-type":"","overlay-color":"","overlay-opacity":"","overlay-gradient":""}},"footnotes":""},"categories":[6],"tags":[],"class_list":["post-33352","post","type-post","status-publish","format-aside","has-post-thumbnail","hentry","category-sections","post_format-post-format-aside"],"yoast_head":"<!-- This site is optimized with the Yoast SEO plugin v28.4 - https:\/\/yoast.com\/product\/yoast-seo-wordpress\/ -->\n<title>Martign\u00e9: Relais de la Roche aux F\u00e9es \u00e9dition &quot;0&quot; ! - Janz\u00e9 Athl\u00e9tisme<\/title>\n<meta name=\"robots\" content=\"index, follow, max-snippet:-1, max-image-preview:large, max-video-preview:-1\" \/>\n<link rel=\"canonical\" href=\"https:\/\/janze-athletisme.fr\/wordpress\/martigne-relais-de-la-roche-aux-fees-edition-0\/\" \/>\n<meta property=\"og:locale\" content=\"fr_FR\" \/>\n<meta property=\"og:type\" content=\"article\" \/>\n<meta property=\"og:title\" content=\"Martign\u00e9: Relais de la Roche aux F\u00e9es \u00e9dition &quot;0&quot; ! - Janz\u00e9 Athl\u00e9tisme\" \/>\n<meta property=\"og:description\" content=\"Relais de la Roche aux F\u00e9es &nbsp; Une toute nouvelle \u00e9preuve, une \u00e9dition \u00ab\u00a00\u00a0\u00bb avant la premi\u00e8re officielle si tout va bien en 2027. Une tr\u00e8s belle initiative \u00e0 saluer de la communaut\u00e9 de communes avec ce relais interclubs. Le principe, 3 relayeurs se relaient (d&rsquo;o\u00f9 le relais&#8230;), un premier court 25km sur 3 boucles [&hellip;]\" \/>\n<meta property=\"og:url\" content=\"https:\/\/janze-athletisme.fr\/wordpress\/martigne-relais-de-la-roche-aux-fees-edition-0\/\" \/>\n<meta property=\"og:site_name\" content=\"Janz\u00e9 Athl\u00e9tisme\" \/>\n<meta property=\"article:publisher\" content=\"https:\/\/www.facebook.com\/groups\/1007964579346590\" \/>\n<meta property=\"article:published_time\" content=\"2026-09-02T10:25:06+00:00\" \/>\n<meta property=\"article:modified_time\" content=\"2026-09-02T10:25:47+00:00\" \/>\n<meta property=\"og:image\" content=\"https:\/\/janze-athletisme.fr\/wordpress\/wp-content\/uploads\/2026\/09\/WhatsApp-Image-2026-08-29-at-12.16.13-2.jpeg\" \/>\n\t<meta property=\"og:image:width\" content=\"1600\" \/>\n\t<meta property=\"og:image:height\" content=\"1200\" \/>\n\t<meta property=\"og:image:type\" content=\"image\/jpeg\" \/>\n<meta name=\"author\" content=\"Jean-Marie Jouzel\" \/>\n<meta name=\"twitter:card\" content=\"summary_large_image\" \/>\n<meta name=\"twitter:label1\" content=\"\u00c9crit par\" \/>\n\t<meta name=\"twitter:data1\" content=\"Jean-Marie Jouzel\" \/>\n\t<meta name=\"twitter:label2\" content=\"Dur\u00e9e de lecture estim\u00e9e\" \/>\n\t<meta name=\"twitter:data2\" content=\"2 minutes\" \/>\n<script type=\"application\/ld+json\" class=\"yoast-schema-graph\">{\"@context\":\"https:\\\/\\\/schema.org\",\"@graph\":[{\"@type\":\"Article\",\"@id\":\"https:\\\/\\\/janze-athletisme.fr\\\/wordpress\\\/martigne-relais-de-la-roche-aux-fees-edition-0\\\/#article\",\"isPartOf\":{\"@id\":\"https:\\\/\\\/janze-athletisme.fr\\\/wordpress\\\/martigne-relais-de-la-roche-aux-fees-edition-0\\\/\"},\"author\":{\"name\":\"Jean-Marie Jouzel\",\"@id\":\"https:\\\/\\\/janze-athletisme.fr\\\/wordpress\\\/#\\\/schema\\\/person\\\/e27efa3d49687b81c679eb0b5c4973e9\"},\"headline\":\"Martign\u00e9: Relais de la Roche aux F\u00e9es \u00e9dition \u00ab\u00a00\u00a0\u00bb !\",\"datePublished\":\"2026-09-02T10:25:06+00:00\",\"dateModified\":\"2026-09-02T10:25:47+00:00\",\"mainEntityOfPage\":{\"@id\":\"https:\\\/\\\/janze-athletisme.fr\\\/wordpress\\\/martigne-relais-de-la-roche-aux-fees-edition-0\\\/\"},\"wordCount\":253,\"commentCount\":0,\"publisher\":{\"@id\":\"https:\\\/\\\/janze-athletisme.fr\\\/wordpress\\\/#organization\"},\"image\":{\"@id\":\"https:\\\/\\\/janze-athletisme.fr\\\/wordpress\\\/martigne-relais-de-la-roche-aux-fees-edition-0\\\/#primaryimage\"},\"thumbnailUrl\":\"https:\\\/\\\/janze-athletisme.fr\\\/wordpress\\\/wp-content\\\/uploads\\\/2026\\\/09\\\/WhatsApp-Image-2026-08-29-at-12.16.13-2.jpeg\",\"articleSection\":[\"Le club au jour le jour\"],\"inLanguage\":\"fr-FR\",\"potentialAction\":[{\"@type\":\"CommentAction\",\"name\":\"Comment\",\"target\":[\"https:\\\/\\\/janze-athletisme.fr\\\/wordpress\\\/martigne-relais-de-la-roche-aux-fees-edition-0\\\/#respond\"]}]},{\"@type\":\"WebPage\",\"@id\":\"https:\\\/\\\/janze-athletisme.fr\\\/wordpress\\\/martigne-relais-de-la-roche-aux-fees-edition-0\\\/\",\"url\":\"https:\\\/\\\/janze-athletisme.fr\\\/wordpress\\\/martigne-relais-de-la-roche-aux-fees-edition-0\\\/\",\"name\":\"Martign\u00e9: Relais de la Roche aux F\u00e9es \u00e9dition \\\"0\\\" ! - Janz\u00e9 Athl\u00e9tisme\",\"isPartOf\":{\"@id\":\"https:\\\/\\\/janze-athletisme.fr\\\/wordpress\\\/#website\"},\"primaryImageOfPage\":{\"@id\":\"https:\\\/\\\/janze-athletisme.fr\\\/wordpress\\\/martigne-relais-de-la-roche-aux-fees-edition-0\\\/#primaryimage\"},\"image\":{\"@id\":\"https:\\\/\\\/janze-athletisme.fr\\\/wordpress\\\/martigne-relais-de-la-roche-aux-fees-edition-0\\\/#primaryimage\"},\"thumbnailUrl\":\"https:\\\/\\\/janze-athletisme.fr\\\/wordpress\\\/wp-content\\\/uploads\\\/2026\\\/09\\\/WhatsApp-Image-2026-08-29-at-12.16.13-2.jpeg\",\"datePublished\":\"2026-09-02T10:25:06+00:00\",\"dateModified\":\"2026-09-02T10:25:47+00:00\",\"breadcrumb\":{\"@id\":\"https:\\\/\\\/janze-athletisme.fr\\\/wordpress\\\/martigne-relais-de-la-roche-aux-fees-edition-0\\\/#breadcrumb\"},\"inLanguage\":\"fr-FR\",\"potentialAction\":[{\"@type\":\"ReadAction\",\"target\":[\"https:\\\/\\\/janze-athletisme.fr\\\/wordpress\\\/martigne-relais-de-la-roche-aux-fees-edition-0\\\/\"]}]},{\"@type\":\"ImageObject\",\"inLanguage\":\"fr-FR\",\"@id\":\"https:\\\/\\\/janze-athletisme.fr\\\/wordpress\\\/martigne-relais-de-la-roche-aux-fees-edition-0\\\/#primaryimage\",\"url\":\"https:\\\/\\\/janze-athletisme.fr\\\/wordpress\\\/wp-content\\\/uploads\\\/2026\\\/09\\\/WhatsApp-Image-2026-08-29-at-12.16.13-2.jpeg\",\"contentUrl\":\"https:\\\/\\\/janze-athletisme.fr\\\/wordpress\\\/wp-content\\\/uploads\\\/2026\\\/09\\\/WhatsApp-Image-2026-08-29-at-12.16.13-2.jpeg\",\"width\":1600,\"height\":1200},{\"@type\":\"BreadcrumbList\",\"@id\":\"https:\\\/\\\/janze-athletisme.fr\\\/wordpress\\\/martigne-relais-de-la-roche-aux-fees-edition-0\\\/#breadcrumb\",\"itemListElement\":[{\"@type\":\"ListItem\",\"position\":1,\"name\":\"Accueil\",\"item\":\"https:\\\/\\\/janze-athletisme.fr\\\/wordpress\\\/\"},{\"@type\":\"ListItem\",\"position\":2,\"name\":\"Martign\u00e9: Relais de la Roche aux F\u00e9es \u00e9dition \u00ab\u00a00\u00a0\u00bb !\"}]},{\"@type\":\"WebSite\",\"@id\":\"https:\\\/\\\/janze-athletisme.fr\\\/wordpress\\\/#website\",\"url\":\"https:\\\/\\\/janze-athletisme.fr\\\/wordpress\\\/\",\"name\":\"Janz\u00e9 Athl\u00e9tisme\",\"description\":\"Pays de La Roche aux F\u00e9es\",\"publisher\":{\"@id\":\"https:\\\/\\\/janze-athletisme.fr\\\/wordpress\\\/#organization\"},\"potentialAction\":[{\"@type\":\"SearchAction\",\"target\":{\"@type\":\"EntryPoint\",\"urlTemplate\":\"https:\\\/\\\/janze-athletisme.fr\\\/wordpress\\\/?s={search_term_string}\"},\"query-input\":{\"@type\":\"PropertyValueSpecification\",\"valueRequired\":true,\"valueName\":\"search_term_string\"}}],\"inLanguage\":\"fr-FR\"},{\"@type\":\"Organization\",\"@id\":\"https:\\\/\\\/janze-athletisme.fr\\\/wordpress\\\/#organization\",\"name\":\"Janz\u00e9 Athl\u00e9tisme\",\"url\":\"https:\\\/\\\/janze-athletisme.fr\\\/wordpress\\\/\",\"logo\":{\"@type\":\"ImageObject\",\"inLanguage\":\"fr-FR\",\"@id\":\"https:\\\/\\\/janze-athletisme.fr\\\/wordpress\\\/#\\\/schema\\\/logo\\\/image\\\/\",\"url\":\"https:\\\/\\\/janze-athletisme.fr\\\/wordpress\\\/wp-content\\\/uploads\\\/2015\\\/03\\\/logo-full1.jpg\",\"contentUrl\":\"https:\\\/\\\/janze-athletisme.fr\\\/wordpress\\\/wp-content\\\/uploads\\\/2015\\\/03\\\/logo-full1.jpg\",\"width\":437,\"height\":205,\"caption\":\"Janz\u00e9 Athl\u00e9tisme\"},\"image\":{\"@id\":\"https:\\\/\\\/janze-athletisme.fr\\\/wordpress\\\/#\\\/schema\\\/logo\\\/image\\\/\"},\"sameAs\":[\"https:\\\/\\\/www.facebook.com\\\/groups\\\/1007964579346590\"]},{\"@type\":\"Person\",\"@id\":\"https:\\\/\\\/janze-athletisme.fr\\\/wordpress\\\/#\\\/schema\\\/person\\\/e27efa3d49687b81c679eb0b5c4973e9\",\"name\":\"Jean-Marie Jouzel\",\"image\":{\"@type\":\"ImageObject\",\"inLanguage\":\"fr-FR\",\"@id\":\"https:\\\/\\\/secure.gravatar.com\\\/avatar\\\/6aaee532914ad5ae9d6b4c13c953c6689456493b17979b560cf8fd0c344930ab?s=96&d=mm&r=g\",\"url\":\"https:\\\/\\\/secure.gravatar.com\\\/avatar\\\/6aaee532914ad5ae9d6b4c13c953c6689456493b17979b560cf8fd0c344930ab?s=96&d=mm&r=g\",\"contentUrl\":\"https:\\\/\\\/secure.gravatar.com\\\/avatar\\\/6aaee532914ad5ae9d6b4c13c953c6689456493b17979b560cf8fd0c344930ab?s=96&d=mm&r=g\",\"caption\":\"Jean-Marie Jouzel\"},\"url\":\"https:\\\/\\\/janze-athletisme.fr\\\/wordpress\\\/author\\\/jmjouzel\\\/\"}]}<\/script>\n<!-- \/ Yoast SEO plugin. -->","yoast_head_json":{"title":"Martign\u00e9: Relais de la Roche aux F\u00e9es \u00e9dition \"0\" ! - Janz\u00e9 Athl\u00e9tisme","robots":{"index":"index","follow":"follow","max-snippet":"max-snippet:-1","max-image-preview":"max-image-preview:large","max-video-preview":"max-video-preview:-1"},"canonical":"https:\/\/janze-athletisme.fr\/wordpress\/martigne-relais-de-la-roche-aux-fees-edition-0\/","og_locale":"fr_FR","og_type":"article","og_title":"Martign\u00e9: Relais de la Roche aux F\u00e9es \u00e9dition \"0\" ! - Janz\u00e9 Athl\u00e9tisme","og_description":"Relais de la Roche aux F\u00e9es &nbsp; Une toute nouvelle \u00e9preuve, une \u00e9dition \u00ab\u00a00\u00a0\u00bb avant la premi\u00e8re officielle si tout va bien en 2027. Une tr\u00e8s belle initiative \u00e0 saluer de la communaut\u00e9 de communes avec ce relais interclubs. Le principe, 3 relayeurs se relaient (d&rsquo;o\u00f9 le relais&#8230;), un premier court 25km sur 3 boucles [&hellip;]","og_url":"https:\/\/janze-athletisme.fr\/wordpress\/martigne-relais-de-la-roche-aux-fees-edition-0\/","og_site_name":"Janz\u00e9 Athl\u00e9tisme","article_publisher":"https:\/\/www.facebook.com\/groups\/1007964579346590","article_published_time":"2026-09-02T10:25:06+00:00","article_modified_time":"2026-09-02T10:25:47+00:00","og_image":[{"width":1600,"height":1200,"url":"https:\/\/janze-athletisme.fr\/wordpress\/wp-content\/uploads\/2026\/09\/WhatsApp-Image-2026-08-29-at-12.16.13-2.jpeg","type":"image\/jpeg"}],"author":"Jean-Marie Jouzel","twitter_card":"summary_large_image","twitter_misc":{"\u00c9crit par":"Jean-Marie Jouzel","Dur\u00e9e de lecture estim\u00e9e":"2 minutes"},"schema":{"@context":"https:\/\/schema.org","@graph":[{"@type":"Article","@id":"https:\/\/janze-athletisme.fr\/wordpress\/martigne-relais-de-la-roche-aux-fees-edition-0\/#article","isPartOf":{"@id":"https:\/\/janze-athletisme.fr\/wordpress\/martigne-relais-de-la-roche-aux-fees-edition-0\/"},"author":{"name":"Jean-Marie Jouzel","@id":"https:\/\/janze-athletisme.fr\/wordpress\/#\/schema\/person\/e27efa3d49687b81c679eb0b5c4973e9"},"headline":"Martign\u00e9: Relais de la Roche aux F\u00e9es \u00e9dition \u00ab\u00a00\u00a0\u00bb !","datePublished":"2026-09-02T10:25:06+00:00","dateModified":"2026-09-02T10:25:47+00:00","mainEntityOfPage":{"@id":"https:\/\/janze-athletisme.fr\/wordpress\/martigne-relais-de-la-roche-aux-fees-edition-0\/"},"wordCount":253,"commentCount":0,"publisher":{"@id":"https:\/\/janze-athletisme.fr\/wordpress\/#organization"},"image":{"@id":"https:\/\/janze-athletisme.fr\/wordpress\/martigne-relais-de-la-roche-aux-fees-edition-0\/#primaryimage"},"thumbnailUrl":"https:\/\/janze-athletisme.fr\/wordpress\/wp-content\/uploads\/2026\/09\/WhatsApp-Image-2026-08-29-at-12.16.13-2.jpeg","articleSection":["Le club au jour le jour"],"inLanguage":"fr-FR","potentialAction":[{"@type":"CommentAction","name":"Comment","target":["https:\/\/janze-athletisme.fr\/wordpress\/martigne-relais-de-la-roche-aux-fees-edition-0\/#respond"]}]},{"@type":"WebPage","@id":"https:\/\/janze-athletisme.fr\/wordpress\/martigne-relais-de-la-roche-aux-fees-edition-0\/","url":"https:\/\/janze-athletisme.fr\/wordpress\/martigne-relais-de-la-roche-aux-fees-edition-0\/","name":"Martign\u00e9: Relais de la Roche aux F\u00e9es \u00e9dition \"0\" ! - Janz\u00e9 Athl\u00e9tisme","isPartOf":{"@id":"https:\/\/janze-athletisme.fr\/wordpress\/#website"},"primaryImageOfPage":{"@id":"https:\/\/janze-athletisme.fr\/wordpress\/martigne-relais-de-la-roche-aux-fees-edition-0\/#primaryimage"},"image":{"@id":"https:\/\/janze-athletisme.fr\/wordpress\/martigne-relais-de-la-roche-aux-fees-edition-0\/#primaryimage"},"thumbnailUrl":"https:\/\/janze-athletisme.fr\/wordpress\/wp-content\/uploads\/2026\/09\/WhatsApp-Image-2026-08-29-at-12.16.13-2.jpeg","datePublished":"2026-09-02T10:25:06+00:00","dateModified":"2026-09-02T10:25:47+00:00","breadcrumb":{"@id":"https:\/\/janze-athletisme.fr\/wordpress\/martigne-relais-de-la-roche-aux-fees-edition-0\/#breadcrumb"},"inLanguage":"fr-FR","potentialAction":[{"@type":"ReadAction","target":["https:\/\/janze-athletisme.fr\/wordpress\/martigne-relais-de-la-roche-aux-fees-edition-0\/"]}]},{"@type":"ImageObject","inLanguage":"fr-FR","@id":"https:\/\/janze-athletisme.fr\/wordpress\/martigne-relais-de-la-roche-aux-fees-edition-0\/#primaryimage","url":"https:\/\/janze-athletisme.fr\/wordpress\/wp-content\/uploads\/2026\/09\/WhatsApp-Image-2026-08-29-at-12.16.13-2.jpeg","contentUrl":"https:\/\/janze-athletisme.fr\/wordpress\/wp-content\/uploads\/2026\/09\/WhatsApp-Image-2026-08-29-at-12.16.13-2.jpeg","width":1600,"height":1200},{"@type":"BreadcrumbList","@id":"https:\/\/janze-athletisme.fr\/wordpress\/martigne-relais-de-la-roche-aux-fees-edition-0\/#breadcrumb","itemListElement":[{"@type":"ListItem","position":1,"name":"Accueil","item":"https:\/\/janze-athletisme.fr\/wordpress\/"},{"@type":"ListItem","position":2,"name":"Martign\u00e9: Relais de la Roche aux F\u00e9es \u00e9dition \u00ab\u00a00\u00a0\u00bb !"}]},{"@type":"WebSite","@id":"https:\/\/janze-athletisme.fr\/wordpress\/#website","url":"https:\/\/janze-athletisme.fr\/wordpress\/","name":"Janz\u00e9 Athl\u00e9tisme","description":"Pays de La Roche aux F\u00e9es","publisher":{"@id":"https:\/\/janze-athletisme.fr\/wordpress\/#organization"},"potentialAction":[{"@type":"SearchAction","target":{"@type":"EntryPoint","urlTemplate":"https:\/\/janze-athletisme.fr\/wordpress\/?s={search_term_string}"},"query-input":{"@type":"PropertyValueSpecification","valueRequired":true,"valueName":"search_term_string"}}],"inLanguage":"fr-FR"},{"@type":"Organization","@id":"https:\/\/janze-athletisme.fr\/wordpress\/#organization","name":"Janz\u00e9 Athl\u00e9tisme","url":"https:\/\/janze-athletisme.fr\/wordpress\/","logo":{"@type":"ImageObject","inLanguage":"fr-FR","@id":"https:\/\/janze-athletisme.fr\/wordpress\/#\/schema\/logo\/image\/","url":"https:\/\/janze-athletisme.fr\/wordpress\/wp-content\/uploads\/2015\/03\/logo-full1.jpg","contentUrl":"https:\/\/janze-athletisme.fr\/wordpress\/wp-content\/uploads\/2015\/03\/logo-full1.jpg","width":437,"height":205,"caption":"Janz\u00e9 Athl\u00e9tisme"},"image":{"@id":"https:\/\/janze-athletisme.fr\/wordpress\/#\/schema\/logo\/image\/"},"sameAs":["https:\/\/www.facebook.com\/groups\/1007964579346590"]},{"@type":"Person","@id":"https:\/\/janze-athletisme.fr\/wordpress\/#\/schema\/person\/e27efa3d49687b81c679eb0b5c4973e9","name":"Jean-Marie Jouzel","image":{"@type":"ImageObject","inLanguage":"fr-FR","@id":"https:\/\/secure.gravatar.com\/avatar\/6aaee532914ad5ae9d6b4c13c953c6689456493b17979b560cf8fd0c344930ab?s=96&d=mm&r=g","url":"https:\/\/secure.gravatar.com\/avatar\/6aaee532914ad5ae9d6b4c13c953c6689456493b17979b560cf8fd0c344930ab?s=96&d=mm&r=g","contentUrl":"https:\/\/secure.gravatar.com\/avatar\/6aaee532914ad5ae9d6b4c13c953c6689456493b17979b560cf8fd0c344930ab?s=96&d=mm&r=g","caption":"Jean-Marie Jouzel"},"url":"https:\/\/janze-athletisme.fr\/wordpress\/author\/jmjouzel\/"}]}},"uagb_featured_image_src":{"full":["https:\/\/janze-athletisme.fr\/wordpress\/wp-content\/uploads\/2026\/09\/WhatsApp-Image-2026-08-29-at-12.16.13-2.jpeg",1600,1200,false],"thumbnail":["https:\/\/janze-athletisme.fr\/wordpress\/wp-content\/uploads\/2026\/09\/WhatsApp-Image-2026-08-29-at-12.16.13-2-150x150.jpeg",150,150,true],"medium":["https:\/\/janze-athletisme.fr\/wordpress\/wp-content\/uploads\/2026\/09\/WhatsApp-Image-2026-08-29-at-12.16.13-2-300x225.jpeg",300,225,true],"medium_large":["https:\/\/janze-athletisme.fr\/wordpress\/wp-content\/uploads\/2026\/09\/WhatsApp-Image-2026-08-29-at-12.16.13-2-768x576.jpeg",768,576,true],"large":["https:\/\/janze-athletisme.fr\/wordpress\/wp-content\/uploads\/2026\/09\/WhatsApp-Image-2026-08-29-at-12.16.13-2-1024x768.jpeg",1024,768,true],"1536x1536":["https:\/\/janze-athletisme.fr\/wordpress\/wp-content\/uploads\/2026\/09\/WhatsApp-Image-2026-08-29-at-12.16.13-2-1536x1152.jpeg",1536,1152,true],"2048x2048":["https:\/\/janze-athletisme.fr\/wordpress\/wp-content\/uploads\/2026\/09\/WhatsApp-Image-2026-08-29-at-12.16.13-2.jpeg",1600,1200,false]},"uagb_author_info":{"display_name":"Jean-Marie Jouzel","author_link":"https:\/\/janze-athletisme.fr\/wordpress\/author\/jmjouzel\/"},"uagb_comment_info":0,"uagb_excerpt":"Relais de la Roche aux F\u00e9es &nbsp; Une toute nouvelle \u00e9preuve, une \u00e9dition \u00ab\u00a00\u00a0\u00bb avant la premi\u00e8re officielle si tout va bien en 2027. Une tr\u00e8s belle initiative \u00e0 saluer de la communaut\u00e9 de communes avec ce relais interclubs. Le principe, 3 relayeurs se relaient (d&rsquo;o\u00f9 le relais&#8230;), un premier court 25km sur 3 boucles\u2026","_links":{"self":[{"href":"https:\/\/janze-athletisme.fr\/wordpress\/wp-json\/wp\/v2\/posts\/33352","targetHints":{"allow":["GET"]}}],"collection":[{"href":"https:\/\/janze-athletisme.fr\/wordpress\/wp-json\/wp\/v2\/posts"}],"about":[{"href":"https:\/\/janze-athletisme.fr\/wordpress\/wp-json\/wp\/v2\/types\/post"}],"author":[{"embeddable":true,"href":"https:\/\/janze-athletisme.fr\/wordpress\/wp-json\/wp\/v2\/users\/8"}],"replies":[{"embeddable":true,"href":"https:\/\/janze-athletisme.fr\/wordpress\/wp-json\/wp\/v2\/comments?post=33352"}],"version-history":[{"count":3,"href":"https:\/\/janze-athletisme.fr\/wordpress\/wp-json\/wp\/v2\/posts\/33352\/revisions"}],"predecessor-version":[{"id":33359,"href":"https:\/\/janze-athletisme.fr\/wordpress\/wp-json\/wp\/v2\/posts\/33352\/revisions\/33359"}],"wp:featuredmedia":[{"embeddable":true,"href":"https:\/\/janze-athletisme.fr\/wordpress\/wp-json\/wp\/v2\/media\/33355"}],"wp:attachment":[{"href":"https:\/\/janze-athletisme.fr\/wordpress\/wp-json\/wp\/v2\/media?parent=33352"}],"wp:term":[{"taxonomy":"category","embeddable":true,"href":"https:\/\/janze-athletisme.fr\/wordpress\/wp-json\/wp\/v2\/categories?post=33352"},{"taxonomy":"post_tag","embeddable":true,"href":"https:\/\/janze-athletisme.fr\/wordpress\/wp-json\/wp\/v2\/tags?post=33352"}],"curies":[{"name":"wp","href":"https:\/\/api.w.org\/{rel}","templated":true}]}}