{"id":33309,"date":"2026-08-10T10:59:43","date_gmt":"2026-08-10T08:59:43","guid":{"rendered":"https:\/\/janze-athletisme.fr\/wordpress\/?p=33309"},"modified":"2026-08-14T14:20:09","modified_gmt":"2026-08-14T12:20:09","slug":"luchon-celine-survole-la-montagne","status":"publish","type":"post","link":"https:\/\/janze-athletisme.fr\/wordpress\/luchon-celine-survole-la-montagne\/","title":{"rendered":"Luchon: Les Gatel en amoureux et C\u00e9line survole la montagne !"},"content":{"rendered":"<h1 style=\"text-align: center;\"><span style=\"color: #800000; font-family: comic sans ms, sans-serif;\">Luchon Aneto Trail<\/span><\/h1>\n<h1 style=\"text-align: center;\"><span style=\"color: #800000; font-family: comic sans ms, sans-serif;\">-La K-Bour-<\/span><\/h1>\n<p>&nbsp;<\/p>\n<p><span style=\"color: #000000;\">C&rsquo;est une course estivale qui sent les vacances, une course qu&rsquo;on aime bien commenter histoire d&rsquo;avoir des nouvelles de nos janz\u00e9ens \u00e9parpill\u00e9s un peu partout par monts et par vaux. Pas l\u00e0 pour rigoler la C\u00e9line ! on a beau \u00eatre en vacances, elle assure quand m\u00eame notre championne, dommage pour le podium, \u00e0 6 secondes de la troisi\u00e8me mais une belle deuxi\u00e8me place dans sa cat\u00e9gorie. On retient \u00e9galement une superbe place au scratch, 70\u00e8me sur plus de 700 arrivants, \u00e7a envoie du steack \u00e0 Ess\u00e9 !!! pas l\u00e0 pour rigoler qu&rsquo;on vous dit la fille Louis !<\/span><\/p>\n<p><span style=\"color: #000000;\">Accompagn\u00e9e par Guillaume, ce dernier n&rsquo;a pu rivaliser avec sa tendre moiti\u00e9 et terminera \u00e0 la 334\u00e8me place, 3\/4 d&rsquo;heure apr\u00e8s C\u00e9line.<\/span><\/p>\n<p><span style=\"color: #000000;\">Pour les Gatel, c&rsquo;\u00e9tait \u00e9galement l&rsquo;occasion d&rsquo;une sortie en couple, ce qu&rsquo;ils affectionnent d\u00e9j\u00e0. K\u00e9van a assur\u00e9 et termine \u00e0 une tr\u00e8s belle place. Trop rapide pour No\u00e9mie qui est all\u00e9e \u00e0 son rythme mais qui sera elle aussi \u00ab\u00a0finicheuse\u00a0\u00bb ! c&rsquo;est l\u00e0 l&rsquo;essentiel. Trop fort ces amanlissiens !!!<\/span><\/p>\n<p><span style=\"color: #000000;\">A noter le d\u00e9nivel\u00e9 assez cons\u00e9quent, et oui, \u00e7a grimpe les Pyr\u00e9n\u00e9es ! profitez bien en tout cas tous les deux et RDV au stade !!!<\/span><\/p>\n<p>&nbsp;<\/p>\n<table style=\"border-collapse: collapse; width: 100%; height: 106px;\">\n<tbody>\n<tr style=\"height: 53px;\">\n<td style=\"width: 16.6667%; text-align: center; height: 53px;\"><strong><span style=\"color: #000000;\">Distance\/D+<\/span><\/strong><\/td>\n<td style=\"width: 16.6667%; text-align: center; height: 53px;\"><strong><span style=\"color: #000000;\">Classement<\/span><\/strong><\/td>\n<td style=\"width: 16.6667%; text-align: center; height: 53px;\"><strong><span style=\"color: #000000;\">Nom<\/span><\/strong><\/td>\n<td style=\"width: 16.6667%; text-align: center; height: 53px;\"><strong><span style=\"color: #000000;\">Temps<\/span><\/strong><\/td>\n<td style=\"width: 16.6667%; text-align: center; height: 53px;\"><strong><span style=\"color: #000000;\">Classement cat\u00e9gorie<\/span><\/strong><\/td>\n<td style=\"width: 16.6667%; text-align: center; height: 53px;\"><strong><span style=\"color: #000000;\">Classement femme<\/span><\/strong><\/td>\n<\/tr>\n<tr style=\"height: 53px;\">\n<td style=\"width: 16.6667%; text-align: center; height: 53px;\"><span style=\"color: #000000;\">18 km\/1300m<\/span><\/td>\n<td style=\"width: 16.6667%; text-align: center; height: 53px;\"><span style=\"color: #000000;\">70\/703<\/span><\/td>\n<td style=\"width: 16.6667%; text-align: center; height: 53px;\"><span style=\"color: #000000;\">C\u00e9line Hazard<\/span><\/td>\n<td style=\"width: 16.6667%; text-align: center; height: 53px;\"><span style=\"color: #000000;\">2h32&rsquo;36<\/span><\/td>\n<td style=\"width: 16.6667%; text-align: center; height: 53px;\"><span style=\"color: #333333;\"><strong>2\u00e8me M0F<\/strong><\/span><\/td>\n<td style=\"width: 16.6667%; text-align: center; height: 53px;\"><span style=\"color: #000000;\">4\/305<\/span><\/td>\n<\/tr>\n<tr>\n<td style=\"width: 16.6667%; text-align: center;\"><span style=\"color: #000000;\">18 km\/1300m<\/span><\/td>\n<td style=\"width: 16.6667%; text-align: center;\"><span style=\"color: #000000;\">171\/703<\/span><\/td>\n<td style=\"width: 16.6667%; text-align: center;\"><span style=\"color: #000000;\">K\u00e9van Gatel<\/span><\/td>\n<td style=\"width: 16.6667%; text-align: center;\"><span style=\"color: #000000;\">2h52&rsquo;47<\/span><\/td>\n<td style=\"width: 16.6667%; text-align: center;\"><span style=\"color: #000000;\"><strong>25\u00e8me M0<\/strong><\/span><\/td>\n<td style=\"width: 16.6667%; text-align: center;\"><span style=\"color: #000000;\">&#8211;<\/span><\/td>\n<\/tr>\n<tr>\n<td style=\"width: 16.6667%; text-align: center;\"><span style=\"color: #000000;\">18 km\/1300m<\/span><\/td>\n<td style=\"width: 16.6667%; text-align: center;\"><span style=\"color: #000000;\">650\/703<\/span><\/td>\n<td style=\"width: 16.6667%; text-align: center;\"><span style=\"color: #000000;\">No\u00e9mie Gatel<\/span><\/td>\n<td style=\"width: 16.6667%; text-align: center;\"><span style=\"color: #000000;\">4h23&rsquo;28<\/span><\/td>\n<td style=\"width: 16.6667%; text-align: center;\"><span style=\"color: #000000;\"><strong>55\u00e8me M0F<\/strong><\/span><\/td>\n<td style=\"width: 16.6667%; text-align: center;\"><span style=\"color: #000000;\">272\/305<\/span><\/td>\n<\/tr>\n<\/tbody>\n<\/table>\n","protected":false},"excerpt":{"rendered":"<p>Luchon Aneto Trail -La K-Bour- &nbsp; C&rsquo;est une course estivale qui sent les vacances, une course qu&rsquo;on aime bien commenter histoire d&rsquo;avoir des nouvelles de nos janz\u00e9ens \u00e9parpill\u00e9s un peu partout par monts et par vaux. Pas l\u00e0 pour rigoler la C\u00e9line ! on a beau \u00eatre en vacances, elle assure quand m\u00eame notre championne, [&hellip;]<\/p>\n","protected":false},"author":8,"featured_media":33310,"comment_status":"open","ping_status":"open","sticky":false,"template":"","format":"aside","meta":{"_uag_custom_page_level_css":"","site-sidebar-layout":"default","site-content-layout":"","ast-site-content-layout":"default","site-content-style":"default","site-sidebar-style":"default","ast-global-header-display":"","ast-banner-title-visibility":"","ast-main-header-display":"","ast-hfb-above-header-display":"","ast-hfb-below-header-display":"","ast-hfb-mobile-header-display":"","site-post-title":"","ast-breadcrumbs-content":"","ast-featured-img":"","footer-sml-layout":"","ast-disable-related-posts":"","theme-transparent-header-meta":"default","adv-header-id-meta":"","stick-header-meta":"","header-above-stick-meta":"","header-main-stick-meta":"","header-below-stick-meta":"","astra-migrate-meta-layouts":"set","ast-page-background-enabled":"default","ast-page-background-meta":{"desktop":{"background-color":"var(--ast-global-color-4)","background-image":"","background-repeat":"repeat","background-position":"center center","background-size":"auto","background-attachment":"scroll","background-type":"","background-media":"","overlay-type":"","overlay-color":"","overlay-opacity":"","overlay-gradient":""},"tablet":{"background-color":"","background-image":"","background-repeat":"repeat","background-position":"center center","background-size":"auto","background-attachment":"scroll","background-type":"","background-media":"","overlay-type":"","overlay-color":"","overlay-opacity":"","overlay-gradient":""},"mobile":{"background-color":"","background-image":"","background-repeat":"repeat","background-position":"center center","background-size":"auto","background-attachment":"scroll","background-type":"","background-media":"","overlay-type":"","overlay-color":"","overlay-opacity":"","overlay-gradient":""}},"ast-content-background-meta":{"desktop":{"background-color":"var(--ast-global-color-5)","background-image":"","background-repeat":"repeat","background-position":"center center","background-size":"auto","background-attachment":"scroll","background-type":"","background-media":"","overlay-type":"","overlay-color":"","overlay-opacity":"","overlay-gradient":""},"tablet":{"background-color":"var(--ast-global-color-5)","background-image":"","background-repeat":"repeat","background-position":"center center","background-size":"auto","background-attachment":"scroll","background-type":"","background-media":"","overlay-type":"","overlay-color":"","overlay-opacity":"","overlay-gradient":""},"mobile":{"background-color":"var(--ast-global-color-5)","background-image":"","background-repeat":"repeat","background-position":"center center","background-size":"auto","background-attachment":"scroll","background-type":"","background-media":"","overlay-type":"","overlay-color":"","overlay-opacity":"","overlay-gradient":""}},"footnotes":""},"categories":[6],"tags":[],"class_list":["post-33309","post","type-post","status-publish","format-aside","has-post-thumbnail","hentry","category-sections","post_format-post-format-aside"],"yoast_head":"<!-- This site is optimized with the Yoast SEO plugin v28.3 - https:\/\/yoast.com\/product\/yoast-seo-wordpress\/ -->\n<title>Luchon: Les Gatel en amoureux et C\u00e9line survole la montagne ! - Janz\u00e9 Athl\u00e9tisme<\/title>\n<meta name=\"robots\" content=\"index, follow, max-snippet:-1, max-image-preview:large, max-video-preview:-1\" \/>\n<link rel=\"canonical\" href=\"https:\/\/janze-athletisme.fr\/wordpress\/luchon-celine-survole-la-montagne\/\" \/>\n<meta property=\"og:locale\" content=\"fr_FR\" \/>\n<meta property=\"og:type\" content=\"article\" \/>\n<meta property=\"og:title\" content=\"Luchon: Les Gatel en amoureux et C\u00e9line survole la montagne ! - Janz\u00e9 Athl\u00e9tisme\" \/>\n<meta property=\"og:description\" content=\"Luchon Aneto Trail -La K-Bour- &nbsp; C&rsquo;est une course estivale qui sent les vacances, une course qu&rsquo;on aime bien commenter histoire d&rsquo;avoir des nouvelles de nos janz\u00e9ens \u00e9parpill\u00e9s un peu partout par monts et par vaux. Pas l\u00e0 pour rigoler la C\u00e9line ! on a beau \u00eatre en vacances, elle assure quand m\u00eame notre championne, [&hellip;]\" \/>\n<meta property=\"og:url\" content=\"https:\/\/janze-athletisme.fr\/wordpress\/luchon-celine-survole-la-montagne\/\" \/>\n<meta property=\"og:site_name\" content=\"Janz\u00e9 Athl\u00e9tisme\" \/>\n<meta property=\"article:publisher\" content=\"https:\/\/www.facebook.com\/groups\/1007964579346590\" \/>\n<meta property=\"article:published_time\" content=\"2026-08-10T08:59:43+00:00\" \/>\n<meta property=\"article:modified_time\" content=\"2026-08-14T12:20:09+00:00\" \/>\n<meta name=\"author\" content=\"Jean-Marie Jouzel\" \/>\n<meta name=\"twitter:card\" content=\"summary_large_image\" \/>\n<meta name=\"twitter:label1\" content=\"\u00c9crit par\" \/>\n\t<meta name=\"twitter:data1\" content=\"Jean-Marie Jouzel\" \/>\n\t<meta name=\"twitter:label2\" content=\"Dur\u00e9e de lecture estim\u00e9e\" \/>\n\t<meta name=\"twitter:data2\" content=\"2 minutes\" \/>\n<script type=\"application\/ld+json\" class=\"yoast-schema-graph\">{\"@context\":\"https:\\\/\\\/schema.org\",\"@graph\":[{\"@type\":\"Article\",\"@id\":\"https:\\\/\\\/janze-athletisme.fr\\\/wordpress\\\/luchon-celine-survole-la-montagne\\\/#article\",\"isPartOf\":{\"@id\":\"https:\\\/\\\/janze-athletisme.fr\\\/wordpress\\\/luchon-celine-survole-la-montagne\\\/\"},\"author\":{\"name\":\"Jean-Marie Jouzel\",\"@id\":\"https:\\\/\\\/janze-athletisme.fr\\\/wordpress\\\/#\\\/schema\\\/person\\\/e27efa3d49687b81c679eb0b5c4973e9\"},\"headline\":\"Luchon: Les Gatel en amoureux et C\u00e9line survole la montagne !\",\"datePublished\":\"2026-08-10T08:59:43+00:00\",\"dateModified\":\"2026-08-14T12:20:09+00:00\",\"mainEntityOfPage\":{\"@id\":\"https:\\\/\\\/janze-athletisme.fr\\\/wordpress\\\/luchon-celine-survole-la-montagne\\\/\"},\"wordCount\":267,\"commentCount\":0,\"publisher\":{\"@id\":\"https:\\\/\\\/janze-athletisme.fr\\\/wordpress\\\/#organization\"},\"image\":{\"@id\":\"https:\\\/\\\/janze-athletisme.fr\\\/wordpress\\\/luchon-celine-survole-la-montagne\\\/#primaryimage\"},\"thumbnailUrl\":\"https:\\\/\\\/janze-athletisme.fr\\\/wordpress\\\/wp-content\\\/uploads\\\/2026\\\/08\\\/AFFICHE-LAT-2026-FINALE-2.avif\",\"articleSection\":[\"Le club au jour le jour\"],\"inLanguage\":\"fr-FR\",\"potentialAction\":[{\"@type\":\"CommentAction\",\"name\":\"Comment\",\"target\":[\"https:\\\/\\\/janze-athletisme.fr\\\/wordpress\\\/luchon-celine-survole-la-montagne\\\/#respond\"]}]},{\"@type\":\"WebPage\",\"@id\":\"https:\\\/\\\/janze-athletisme.fr\\\/wordpress\\\/luchon-celine-survole-la-montagne\\\/\",\"url\":\"https:\\\/\\\/janze-athletisme.fr\\\/wordpress\\\/luchon-celine-survole-la-montagne\\\/\",\"name\":\"Luchon: Les Gatel en amoureux et C\u00e9line survole la montagne ! - Janz\u00e9 Athl\u00e9tisme\",\"isPartOf\":{\"@id\":\"https:\\\/\\\/janze-athletisme.fr\\\/wordpress\\\/#website\"},\"primaryImageOfPage\":{\"@id\":\"https:\\\/\\\/janze-athletisme.fr\\\/wordpress\\\/luchon-celine-survole-la-montagne\\\/#primaryimage\"},\"image\":{\"@id\":\"https:\\\/\\\/janze-athletisme.fr\\\/wordpress\\\/luchon-celine-survole-la-montagne\\\/#primaryimage\"},\"thumbnailUrl\":\"https:\\\/\\\/janze-athletisme.fr\\\/wordpress\\\/wp-content\\\/uploads\\\/2026\\\/08\\\/AFFICHE-LAT-2026-FINALE-2.avif\",\"datePublished\":\"2026-08-10T08:59:43+00:00\",\"dateModified\":\"2026-08-14T12:20:09+00:00\",\"breadcrumb\":{\"@id\":\"https:\\\/\\\/janze-athletisme.fr\\\/wordpress\\\/luchon-celine-survole-la-montagne\\\/#breadcrumb\"},\"inLanguage\":\"fr-FR\",\"potentialAction\":[{\"@type\":\"ReadAction\",\"target\":[\"https:\\\/\\\/janze-athletisme.fr\\\/wordpress\\\/luchon-celine-survole-la-montagne\\\/\"]}]},{\"@type\":\"ImageObject\",\"inLanguage\":\"fr-FR\",\"@id\":\"https:\\\/\\\/janze-athletisme.fr\\\/wordpress\\\/luchon-celine-survole-la-montagne\\\/#primaryimage\",\"url\":\"https:\\\/\\\/janze-athletisme.fr\\\/wordpress\\\/wp-content\\\/uploads\\\/2026\\\/08\\\/AFFICHE-LAT-2026-FINALE-2.avif\",\"contentUrl\":\"https:\\\/\\\/janze-athletisme.fr\\\/wordpress\\\/wp-content\\\/uploads\\\/2026\\\/08\\\/AFFICHE-LAT-2026-FINALE-2.avif\",\"width\":596,\"height\":845},{\"@type\":\"BreadcrumbList\",\"@id\":\"https:\\\/\\\/janze-athletisme.fr\\\/wordpress\\\/luchon-celine-survole-la-montagne\\\/#breadcrumb\",\"itemListElement\":[{\"@type\":\"ListItem\",\"position\":1,\"name\":\"Accueil\",\"item\":\"https:\\\/\\\/janze-athletisme.fr\\\/wordpress\\\/\"},{\"@type\":\"ListItem\",\"position\":2,\"name\":\"Luchon: Les Gatel en amoureux et C\u00e9line survole la montagne !\"}]},{\"@type\":\"WebSite\",\"@id\":\"https:\\\/\\\/janze-athletisme.fr\\\/wordpress\\\/#website\",\"url\":\"https:\\\/\\\/janze-athletisme.fr\\\/wordpress\\\/\",\"name\":\"Janz\u00e9 Athl\u00e9tisme\",\"description\":\"Pays de La Roche aux F\u00e9es\",\"publisher\":{\"@id\":\"https:\\\/\\\/janze-athletisme.fr\\\/wordpress\\\/#organization\"},\"potentialAction\":[{\"@type\":\"SearchAction\",\"target\":{\"@type\":\"EntryPoint\",\"urlTemplate\":\"https:\\\/\\\/janze-athletisme.fr\\\/wordpress\\\/?s={search_term_string}\"},\"query-input\":{\"@type\":\"PropertyValueSpecification\",\"valueRequired\":true,\"valueName\":\"search_term_string\"}}],\"inLanguage\":\"fr-FR\"},{\"@type\":\"Organization\",\"@id\":\"https:\\\/\\\/janze-athletisme.fr\\\/wordpress\\\/#organization\",\"name\":\"Janz\u00e9 Athl\u00e9tisme\",\"url\":\"https:\\\/\\\/janze-athletisme.fr\\\/wordpress\\\/\",\"logo\":{\"@type\":\"ImageObject\",\"inLanguage\":\"fr-FR\",\"@id\":\"https:\\\/\\\/janze-athletisme.fr\\\/wordpress\\\/#\\\/schema\\\/logo\\\/image\\\/\",\"url\":\"https:\\\/\\\/janze-athletisme.fr\\\/wordpress\\\/wp-content\\\/uploads\\\/2015\\\/03\\\/logo-full1.jpg\",\"contentUrl\":\"https:\\\/\\\/janze-athletisme.fr\\\/wordpress\\\/wp-content\\\/uploads\\\/2015\\\/03\\\/logo-full1.jpg\",\"width\":437,\"height\":205,\"caption\":\"Janz\u00e9 Athl\u00e9tisme\"},\"image\":{\"@id\":\"https:\\\/\\\/janze-athletisme.fr\\\/wordpress\\\/#\\\/schema\\\/logo\\\/image\\\/\"},\"sameAs\":[\"https:\\\/\\\/www.facebook.com\\\/groups\\\/1007964579346590\"]},{\"@type\":\"Person\",\"@id\":\"https:\\\/\\\/janze-athletisme.fr\\\/wordpress\\\/#\\\/schema\\\/person\\\/e27efa3d49687b81c679eb0b5c4973e9\",\"name\":\"Jean-Marie Jouzel\",\"image\":{\"@type\":\"ImageObject\",\"inLanguage\":\"fr-FR\",\"@id\":\"https:\\\/\\\/secure.gravatar.com\\\/avatar\\\/6aaee532914ad5ae9d6b4c13c953c6689456493b17979b560cf8fd0c344930ab?s=96&d=mm&r=g\",\"url\":\"https:\\\/\\\/secure.gravatar.com\\\/avatar\\\/6aaee532914ad5ae9d6b4c13c953c6689456493b17979b560cf8fd0c344930ab?s=96&d=mm&r=g\",\"contentUrl\":\"https:\\\/\\\/secure.gravatar.com\\\/avatar\\\/6aaee532914ad5ae9d6b4c13c953c6689456493b17979b560cf8fd0c344930ab?s=96&d=mm&r=g\",\"caption\":\"Jean-Marie Jouzel\"},\"url\":\"https:\\\/\\\/janze-athletisme.fr\\\/wordpress\\\/author\\\/jmjouzel\\\/\"}]}<\/script>\n<!-- \/ Yoast SEO plugin. -->","yoast_head_json":{"title":"Luchon: Les Gatel en amoureux et C\u00e9line survole la montagne ! - Janz\u00e9 Athl\u00e9tisme","robots":{"index":"index","follow":"follow","max-snippet":"max-snippet:-1","max-image-preview":"max-image-preview:large","max-video-preview":"max-video-preview:-1"},"canonical":"https:\/\/janze-athletisme.fr\/wordpress\/luchon-celine-survole-la-montagne\/","og_locale":"fr_FR","og_type":"article","og_title":"Luchon: Les Gatel en amoureux et C\u00e9line survole la montagne ! - Janz\u00e9 Athl\u00e9tisme","og_description":"Luchon Aneto Trail -La K-Bour- &nbsp; C&rsquo;est une course estivale qui sent les vacances, une course qu&rsquo;on aime bien commenter histoire d&rsquo;avoir des nouvelles de nos janz\u00e9ens \u00e9parpill\u00e9s un peu partout par monts et par vaux. Pas l\u00e0 pour rigoler la C\u00e9line ! on a beau \u00eatre en vacances, elle assure quand m\u00eame notre championne, [&hellip;]","og_url":"https:\/\/janze-athletisme.fr\/wordpress\/luchon-celine-survole-la-montagne\/","og_site_name":"Janz\u00e9 Athl\u00e9tisme","article_publisher":"https:\/\/www.facebook.com\/groups\/1007964579346590","article_published_time":"2026-08-10T08:59:43+00:00","article_modified_time":"2026-08-14T12:20:09+00:00","author":"Jean-Marie Jouzel","twitter_card":"summary_large_image","twitter_misc":{"\u00c9crit par":"Jean-Marie Jouzel","Dur\u00e9e de lecture estim\u00e9e":"2 minutes"},"schema":{"@context":"https:\/\/schema.org","@graph":[{"@type":"Article","@id":"https:\/\/janze-athletisme.fr\/wordpress\/luchon-celine-survole-la-montagne\/#article","isPartOf":{"@id":"https:\/\/janze-athletisme.fr\/wordpress\/luchon-celine-survole-la-montagne\/"},"author":{"name":"Jean-Marie Jouzel","@id":"https:\/\/janze-athletisme.fr\/wordpress\/#\/schema\/person\/e27efa3d49687b81c679eb0b5c4973e9"},"headline":"Luchon: Les Gatel en amoureux et C\u00e9line survole la montagne !","datePublished":"2026-08-10T08:59:43+00:00","dateModified":"2026-08-14T12:20:09+00:00","mainEntityOfPage":{"@id":"https:\/\/janze-athletisme.fr\/wordpress\/luchon-celine-survole-la-montagne\/"},"wordCount":267,"commentCount":0,"publisher":{"@id":"https:\/\/janze-athletisme.fr\/wordpress\/#organization"},"image":{"@id":"https:\/\/janze-athletisme.fr\/wordpress\/luchon-celine-survole-la-montagne\/#primaryimage"},"thumbnailUrl":"https:\/\/janze-athletisme.fr\/wordpress\/wp-content\/uploads\/2026\/08\/AFFICHE-LAT-2026-FINALE-2.avif","articleSection":["Le club au jour le jour"],"inLanguage":"fr-FR","potentialAction":[{"@type":"CommentAction","name":"Comment","target":["https:\/\/janze-athletisme.fr\/wordpress\/luchon-celine-survole-la-montagne\/#respond"]}]},{"@type":"WebPage","@id":"https:\/\/janze-athletisme.fr\/wordpress\/luchon-celine-survole-la-montagne\/","url":"https:\/\/janze-athletisme.fr\/wordpress\/luchon-celine-survole-la-montagne\/","name":"Luchon: Les Gatel en amoureux et C\u00e9line survole la montagne ! - Janz\u00e9 Athl\u00e9tisme","isPartOf":{"@id":"https:\/\/janze-athletisme.fr\/wordpress\/#website"},"primaryImageOfPage":{"@id":"https:\/\/janze-athletisme.fr\/wordpress\/luchon-celine-survole-la-montagne\/#primaryimage"},"image":{"@id":"https:\/\/janze-athletisme.fr\/wordpress\/luchon-celine-survole-la-montagne\/#primaryimage"},"thumbnailUrl":"https:\/\/janze-athletisme.fr\/wordpress\/wp-content\/uploads\/2026\/08\/AFFICHE-LAT-2026-FINALE-2.avif","datePublished":"2026-08-10T08:59:43+00:00","dateModified":"2026-08-14T12:20:09+00:00","breadcrumb":{"@id":"https:\/\/janze-athletisme.fr\/wordpress\/luchon-celine-survole-la-montagne\/#breadcrumb"},"inLanguage":"fr-FR","potentialAction":[{"@type":"ReadAction","target":["https:\/\/janze-athletisme.fr\/wordpress\/luchon-celine-survole-la-montagne\/"]}]},{"@type":"ImageObject","inLanguage":"fr-FR","@id":"https:\/\/janze-athletisme.fr\/wordpress\/luchon-celine-survole-la-montagne\/#primaryimage","url":"https:\/\/janze-athletisme.fr\/wordpress\/wp-content\/uploads\/2026\/08\/AFFICHE-LAT-2026-FINALE-2.avif","contentUrl":"https:\/\/janze-athletisme.fr\/wordpress\/wp-content\/uploads\/2026\/08\/AFFICHE-LAT-2026-FINALE-2.avif","width":596,"height":845},{"@type":"BreadcrumbList","@id":"https:\/\/janze-athletisme.fr\/wordpress\/luchon-celine-survole-la-montagne\/#breadcrumb","itemListElement":[{"@type":"ListItem","position":1,"name":"Accueil","item":"https:\/\/janze-athletisme.fr\/wordpress\/"},{"@type":"ListItem","position":2,"name":"Luchon: Les Gatel en amoureux et C\u00e9line survole la montagne !"}]},{"@type":"WebSite","@id":"https:\/\/janze-athletisme.fr\/wordpress\/#website","url":"https:\/\/janze-athletisme.fr\/wordpress\/","name":"Janz\u00e9 Athl\u00e9tisme","description":"Pays de La Roche aux F\u00e9es","publisher":{"@id":"https:\/\/janze-athletisme.fr\/wordpress\/#organization"},"potentialAction":[{"@type":"SearchAction","target":{"@type":"EntryPoint","urlTemplate":"https:\/\/janze-athletisme.fr\/wordpress\/?s={search_term_string}"},"query-input":{"@type":"PropertyValueSpecification","valueRequired":true,"valueName":"search_term_string"}}],"inLanguage":"fr-FR"},{"@type":"Organization","@id":"https:\/\/janze-athletisme.fr\/wordpress\/#organization","name":"Janz\u00e9 Athl\u00e9tisme","url":"https:\/\/janze-athletisme.fr\/wordpress\/","logo":{"@type":"ImageObject","inLanguage":"fr-FR","@id":"https:\/\/janze-athletisme.fr\/wordpress\/#\/schema\/logo\/image\/","url":"https:\/\/janze-athletisme.fr\/wordpress\/wp-content\/uploads\/2015\/03\/logo-full1.jpg","contentUrl":"https:\/\/janze-athletisme.fr\/wordpress\/wp-content\/uploads\/2015\/03\/logo-full1.jpg","width":437,"height":205,"caption":"Janz\u00e9 Athl\u00e9tisme"},"image":{"@id":"https:\/\/janze-athletisme.fr\/wordpress\/#\/schema\/logo\/image\/"},"sameAs":["https:\/\/www.facebook.com\/groups\/1007964579346590"]},{"@type":"Person","@id":"https:\/\/janze-athletisme.fr\/wordpress\/#\/schema\/person\/e27efa3d49687b81c679eb0b5c4973e9","name":"Jean-Marie Jouzel","image":{"@type":"ImageObject","inLanguage":"fr-FR","@id":"https:\/\/secure.gravatar.com\/avatar\/6aaee532914ad5ae9d6b4c13c953c6689456493b17979b560cf8fd0c344930ab?s=96&d=mm&r=g","url":"https:\/\/secure.gravatar.com\/avatar\/6aaee532914ad5ae9d6b4c13c953c6689456493b17979b560cf8fd0c344930ab?s=96&d=mm&r=g","contentUrl":"https:\/\/secure.gravatar.com\/avatar\/6aaee532914ad5ae9d6b4c13c953c6689456493b17979b560cf8fd0c344930ab?s=96&d=mm&r=g","caption":"Jean-Marie Jouzel"},"url":"https:\/\/janze-athletisme.fr\/wordpress\/author\/jmjouzel\/"}]}},"uagb_featured_image_src":{"full":["https:\/\/janze-athletisme.fr\/wordpress\/wp-content\/uploads\/2026\/08\/AFFICHE-LAT-2026-FINALE-2.avif",596,845,false],"thumbnail":["https:\/\/janze-athletisme.fr\/wordpress\/wp-content\/uploads\/2026\/08\/AFFICHE-LAT-2026-FINALE-2-150x150.avif",150,150,true],"medium":["https:\/\/janze-athletisme.fr\/wordpress\/wp-content\/uploads\/2026\/08\/AFFICHE-LAT-2026-FINALE-2-212x300.avif",212,300,true],"medium_large":["https:\/\/janze-athletisme.fr\/wordpress\/wp-content\/uploads\/2026\/08\/AFFICHE-LAT-2026-FINALE-2.avif",596,845,false],"large":["https:\/\/janze-athletisme.fr\/wordpress\/wp-content\/uploads\/2026\/08\/AFFICHE-LAT-2026-FINALE-2.avif",596,845,false],"1536x1536":["https:\/\/janze-athletisme.fr\/wordpress\/wp-content\/uploads\/2026\/08\/AFFICHE-LAT-2026-FINALE-2.avif",596,845,false],"2048x2048":["https:\/\/janze-athletisme.fr\/wordpress\/wp-content\/uploads\/2026\/08\/AFFICHE-LAT-2026-FINALE-2.avif",596,845,false]},"uagb_author_info":{"display_name":"Jean-Marie Jouzel","author_link":"https:\/\/janze-athletisme.fr\/wordpress\/author\/jmjouzel\/"},"uagb_comment_info":0,"uagb_excerpt":"Luchon Aneto Trail -La K-Bour- &nbsp; C&rsquo;est une course estivale qui sent les vacances, une course qu&rsquo;on aime bien commenter histoire d&rsquo;avoir des nouvelles de nos janz\u00e9ens \u00e9parpill\u00e9s un peu partout par monts et par vaux. Pas l\u00e0 pour rigoler la C\u00e9line ! on a beau \u00eatre en vacances, elle assure quand m\u00eame notre championne,\u2026","_links":{"self":[{"href":"https:\/\/janze-athletisme.fr\/wordpress\/wp-json\/wp\/v2\/posts\/33309","targetHints":{"allow":["GET"]}}],"collection":[{"href":"https:\/\/janze-athletisme.fr\/wordpress\/wp-json\/wp\/v2\/posts"}],"about":[{"href":"https:\/\/janze-athletisme.fr\/wordpress\/wp-json\/wp\/v2\/types\/post"}],"author":[{"embeddable":true,"href":"https:\/\/janze-athletisme.fr\/wordpress\/wp-json\/wp\/v2\/users\/8"}],"replies":[{"embeddable":true,"href":"https:\/\/janze-athletisme.fr\/wordpress\/wp-json\/wp\/v2\/comments?post=33309"}],"version-history":[{"count":2,"href":"https:\/\/janze-athletisme.fr\/wordpress\/wp-json\/wp\/v2\/posts\/33309\/revisions"}],"predecessor-version":[{"id":33317,"href":"https:\/\/janze-athletisme.fr\/wordpress\/wp-json\/wp\/v2\/posts\/33309\/revisions\/33317"}],"wp:featuredmedia":[{"embeddable":true,"href":"https:\/\/janze-athletisme.fr\/wordpress\/wp-json\/wp\/v2\/media\/33310"}],"wp:attachment":[{"href":"https:\/\/janze-athletisme.fr\/wordpress\/wp-json\/wp\/v2\/media?parent=33309"}],"wp:term":[{"taxonomy":"category","embeddable":true,"href":"https:\/\/janze-athletisme.fr\/wordpress\/wp-json\/wp\/v2\/categories?post=33309"},{"taxonomy":"post_tag","embeddable":true,"href":"https:\/\/janze-athletisme.fr\/wordpress\/wp-json\/wp\/v2\/tags?post=33309"}],"curies":[{"name":"wp","href":"https:\/\/api.w.org\/{rel}","templated":true}]}}