{"id":3229,"date":"2017-11-28T21:57:06","date_gmt":"2017-11-28T20:57:06","guid":{"rendered":"http:\/\/janze-athletisme.fr\/wordpress\/?p=3229"},"modified":"2017-11-28T22:44:39","modified_gmt":"2017-11-28T21:44:39","slug":"3229-2","status":"publish","type":"post","link":"https:\/\/janze-athletisme.fr\/wordpress\/3229-2\/","title":{"rendered":""},"content":{"rendered":"<h1 style=\"text-align: center;\"><strong><span style=\"text-decoration: underline;\"><span style=\"color: #3366ff; text-decoration: underline;\">Assembl\u00e9e G\u00e9n\u00e9rale<\/span><\/span><\/strong><\/h1>\n<p><img loading=\"lazy\" decoding=\"async\" class=\"aligncenter\" title=\"\" src=\"http:\/\/janze-athletisme.fr\/wordpress\/wp-content\/uploads\/2017\/11\/IMG_3108.jpg\" alt=\"\" width=\"666\" height=\"500\" \/><\/p>\n<div><span style=\"color: #000000;\"><b><i>Une cinquantaine d&rsquo;adh\u00e9rents a entrepris le raid nocturne p\u00e9rilleux pour rejoindre le foyer du stade vendredi soir, afin d&rsquo;assister \u00e0 l&rsquo;assembl\u00e9e g\u00e9n\u00e9rale du club. Heureusement, rompus aux raids et autres trails, nos aventureux d&rsquo;un soir avaient pens\u00e9 \u00e0 l&rsquo;indispensable lampe frontale et le dangereux franchissement des tranch\u00e9es boueuses s&rsquo;est bien pass\u00e9.<\/i><\/b><\/span><\/div>\n<div><span style=\"color: #000000;\"><b><i>Une fois au chaud dans le foyer, le Pr\u00e9sident a lanc\u00e9 la soir\u00e9e, en terminant son allocution (rapport moral) par un fameux : \u00ab\u00a0Les b\u00e9n\u00e9voles sont comme le tuteur qui soutient l&rsquo;arbre. Nous ne pourrons continuer \u00e0 grandir que si le tuteur est solide.\u00a0\u00bb<\/i><\/b><\/span><\/div>\n<div><span style=\"color: #000000;\"><b><i>Puis les diff\u00e9rents rapports de l&rsquo;activit\u00e9 des sections (jeunes, marcheurs, hors stade) se sont succ\u00e9d\u00e9s, montrant \u00e0 chaque fois l&rsquo;importance des effectifs, la vitalit\u00e9 des actions et l&rsquo;excellence des r\u00e9sultats (je blague mais, sans blague, c&rsquo;est du ++ partout).<\/i><\/b><\/span><\/div>\n<div><span style=\"color: #000000;\"><b><i>La Tr\u00e9sori\u00e8re nous a ensuite d\u00e9ploy\u00e9 son grand talent de conteuse, en nous promettant autant de recettes que de d\u00e9penses. L&rsquo;achat de mat\u00e9riels pour le nouveau stade et les projets des sections vont n\u00e9anmoins n\u00e9cessiter qu&rsquo;on fore un peu en sous-sol pour trouver un tr\u00e9sor. Aux derni\u00e8res nouvelles, le permis minier n&rsquo;ayant pas \u00e9t\u00e9 accord\u00e9, on va se contenter de piocher un peu dans les (petites) r\u00e9serves du club. \u00c0 charge ensuite pour les nouveaux administrateurs de les reconstituer au plus vite.<\/i><\/b><\/span><\/div>\n<div><span style=\"color: #000000;\"><b><i>L&rsquo;\u00e9lection du tiers sortant du CA fut le clou de la soir\u00e9e. Signe de la dynamique de notre club, nous avons eu plus de candidats pour le Conseil d&rsquo;administration qu&rsquo;il n&rsquo;y avait de postes \u00e0 pourvoir. Il a donc fallu proc\u00e9der \u00e0 un vote papier en bonne et due forme, qui s&rsquo;est apparent\u00e9 \u00e0 une course de fond dont les filles et les jeunes sont sortis vainqueurs au d\u00e9triment du seul marcheur en lice (c&rsquo;est bien le seul de l&rsquo;ann\u00e9e \u00e0 n&rsquo;avoir pas \u00e9t\u00e9 \u00e9lu !)<\/i><\/b><\/span><\/div>\n<div><span style=\"color: #000000;\"><b><i>Mais promis, il recommencera l&rsquo;an prochain en s&rsquo;assurant de la pr\u00e9sence de supporters aussi actifs et brillants que ceux des jeunes cette ann\u00e9e.<\/i><\/b><\/span><\/div>\n<div><span style=\"color: #000000;\"><b><i>Au total, ce fut une super soir\u00e9e, sympa, agr\u00e9able, dynamique, et qui s&rsquo;est termin\u00e9e joyeusement autour du p\u00e2t\u00e9 et de la rillette de l&rsquo;amiti\u00e9. Ceux qui n&rsquo;\u00e9taient pas l\u00e0 franchement ont rat\u00e9 un bon moment.<\/i><\/b><\/span><\/div>\n<div><b><i>\u00a0<\/i><\/b><\/div>\n<div><span style=\"color: #000000;\"><b><i>Laurent.<\/i><\/b><\/span><\/div>\n<h1 style=\"text-align: center;\"><strong><span style=\"text-decoration: underline;\"><span style=\"color: #ff0000; text-decoration: underline;\">10 km de Chantepie<\/span><\/span><\/strong><\/h1>\n<p><img loading=\"lazy\" decoding=\"async\" class=\"aligncenter\" title=\"\" src=\"http:\/\/janze-athletisme.fr\/wordpress\/wp-content\/uploads\/2017\/11\/IMG_20171126_1308011.jpg\" alt=\"\" width=\"306\" height=\"408\" \/><\/p>\n<p><span style=\"color: #000000;\">Comme tous les ans, les Janz\u00e9ens avaient r\u00e9pondu pr\u00e9sent aux 10 km de Chantepie. Grosse performance de nos 4 athl\u00e8tes et nouveau record personnel pour <strong>Virginie L<\/strong>. Bravo \u00e0 vous 4 !!!<\/span><\/p>\n<p>[ws_table id=\u00a0\u00bb556&Prime;]<\/p>\n<h1 style=\"text-align: center;\"><span style=\"text-decoration: underline; color: #ff0000;\"><strong>Marathon de la Rochelle<\/strong><\/span><\/h1>\n<p><span style=\"color: #000000;\">Un grand bravo \u00e0 <strong>Fabrice G<\/strong> pour son tr\u00e8s bon chrono au marathon de la Rochelle. Nouveau record personnel pour lui, Bravo !!!<\/span><\/p>\n<p>[ws_table id=\u00a0\u00bb557&Prime;]<\/p>\n","protected":false},"excerpt":{"rendered":"<p>Assembl\u00e9e G\u00e9n\u00e9rale Une cinquantaine d&rsquo;adh\u00e9rents a entrepris le raid nocturne p\u00e9rilleux pour rejoindre le foyer du stade vendredi soir, afin d&rsquo;assister \u00e0 l&rsquo;assembl\u00e9e g\u00e9n\u00e9rale du club. Heureusement, rompus aux raids et autres trails, nos aventureux d&rsquo;un soir avaient pens\u00e9 \u00e0 l&rsquo;indispensable lampe frontale et le dangereux franchissement des tranch\u00e9es boueuses s&rsquo;est bien pass\u00e9. Une fois [&hellip;]<\/p>\n","protected":false},"author":4,"featured_media":0,"comment_status":"open","ping_status":"open","sticky":false,"template":"","format":"aside","meta":{"_uag_custom_page_level_css":"","site-sidebar-layout":"default","site-content-layout":"","ast-site-content-layout":"default","site-content-style":"default","site-sidebar-style":"default","ast-global-header-display":"","ast-banner-title-visibility":"","ast-main-header-display":"","ast-hfb-above-header-display":"","ast-hfb-below-header-display":"","ast-hfb-mobile-header-display":"","site-post-title":"","ast-breadcrumbs-content":"","ast-featured-img":"","footer-sml-layout":"","ast-disable-related-posts":"","theme-transparent-header-meta":"","adv-header-id-meta":"","stick-header-meta":"","header-above-stick-meta":"","header-main-stick-meta":"","header-below-stick-meta":"","astra-migrate-meta-layouts":"default","ast-page-background-enabled":"default","ast-page-background-meta":{"desktop":{"background-color":"var(--ast-global-color-4)","background-image":"","background-repeat":"repeat","background-position":"center center","background-size":"auto","background-attachment":"scroll","background-type":"","background-media":"","overlay-type":"","overlay-color":"","overlay-opacity":"","overlay-gradient":""},"tablet":{"background-color":"","background-image":"","background-repeat":"repeat","background-position":"center center","background-size":"auto","background-attachment":"scroll","background-type":"","background-media":"","overlay-type":"","overlay-color":"","overlay-opacity":"","overlay-gradient":""},"mobile":{"background-color":"","background-image":"","background-repeat":"repeat","background-position":"center center","background-size":"auto","background-attachment":"scroll","background-type":"","background-media":"","overlay-type":"","overlay-color":"","overlay-opacity":"","overlay-gradient":""}},"ast-content-background-meta":{"desktop":{"background-color":"var(--ast-global-color-5)","background-image":"","background-repeat":"repeat","background-position":"center center","background-size":"auto","background-attachment":"scroll","background-type":"","background-media":"","overlay-type":"","overlay-color":"","overlay-opacity":"","overlay-gradient":""},"tablet":{"background-color":"var(--ast-global-color-5)","background-image":"","background-repeat":"repeat","background-position":"center center","background-size":"auto","background-attachment":"scroll","background-type":"","background-media":"","overlay-type":"","overlay-color":"","overlay-opacity":"","overlay-gradient":""},"mobile":{"background-color":"var(--ast-global-color-5)","background-image":"","background-repeat":"repeat","background-position":"center center","background-size":"auto","background-attachment":"scroll","background-type":"","background-media":"","overlay-type":"","overlay-color":"","overlay-opacity":"","overlay-gradient":""}},"footnotes":""},"categories":[6],"tags":[],"class_list":["post-3229","post","type-post","status-publish","format-aside","hentry","category-sections","post_format-post-format-aside"],"yoast_head":"<!-- This site is optimized with the Yoast SEO plugin v27.5 - https:\/\/yoast.com\/product\/yoast-seo-wordpress\/ -->\n<title>- Janz\u00e9 Athl\u00e9tisme<\/title>\n<meta name=\"robots\" content=\"index, follow, max-snippet:-1, max-image-preview:large, max-video-preview:-1\" \/>\n<link rel=\"canonical\" href=\"https:\/\/janze-athletisme.fr\/wordpress\/3229-2\/\" \/>\n<meta property=\"og:locale\" content=\"fr_FR\" \/>\n<meta property=\"og:type\" content=\"article\" \/>\n<meta property=\"og:title\" content=\"- Janz\u00e9 Athl\u00e9tisme\" \/>\n<meta property=\"og:description\" content=\"Assembl\u00e9e G\u00e9n\u00e9rale Une cinquantaine d&rsquo;adh\u00e9rents a entrepris le raid nocturne p\u00e9rilleux pour rejoindre le foyer du stade vendredi soir, afin d&rsquo;assister \u00e0 l&rsquo;assembl\u00e9e g\u00e9n\u00e9rale du club. Heureusement, rompus aux raids et autres trails, nos aventureux d&rsquo;un soir avaient pens\u00e9 \u00e0 l&rsquo;indispensable lampe frontale et le dangereux franchissement des tranch\u00e9es boueuses s&rsquo;est bien pass\u00e9. Une fois [&hellip;]\" \/>\n<meta property=\"og:url\" content=\"https:\/\/janze-athletisme.fr\/wordpress\/3229-2\/\" \/>\n<meta property=\"og:site_name\" content=\"Janz\u00e9 Athl\u00e9tisme\" \/>\n<meta property=\"article:publisher\" content=\"https:\/\/www.facebook.com\/groups\/1007964579346590\" \/>\n<meta property=\"article:published_time\" content=\"2017-11-28T20:57:06+00:00\" \/>\n<meta property=\"article:modified_time\" content=\"2017-11-28T21:44:39+00:00\" \/>\n<meta property=\"og:image\" content=\"http:\/\/janze-athletisme.fr\/wordpress\/wp-content\/uploads\/2017\/11\/IMG_3108.jpg\" \/>\n<meta name=\"author\" content=\"Anthony\" \/>\n<meta name=\"twitter:card\" content=\"summary_large_image\" \/>\n<meta name=\"twitter:label1\" content=\"\u00c9crit par\" \/>\n\t<meta name=\"twitter:data1\" content=\"Anthony\" \/>\n\t<meta name=\"twitter:label2\" content=\"Dur\u00e9e de lecture estim\u00e9e\" \/>\n\t<meta name=\"twitter:data2\" content=\"2 minutes\" \/>\n<script type=\"application\/ld+json\" class=\"yoast-schema-graph\">{\"@context\":\"https:\\\/\\\/schema.org\",\"@graph\":[{\"@type\":\"Article\",\"@id\":\"https:\\\/\\\/janze-athletisme.fr\\\/wordpress\\\/3229-2\\\/#article\",\"isPartOf\":{\"@id\":\"https:\\\/\\\/janze-athletisme.fr\\\/wordpress\\\/3229-2\\\/\"},\"author\":{\"name\":\"Anthony\",\"@id\":\"https:\\\/\\\/janze-athletisme.fr\\\/wordpress\\\/#\\\/schema\\\/person\\\/525a6358d0c70a5cca90d6e8619f0453\"},\"headline\":\"Aucun titre\",\"datePublished\":\"2017-11-28T20:57:06+00:00\",\"dateModified\":\"2017-11-28T21:44:39+00:00\",\"mainEntityOfPage\":{\"@id\":\"https:\\\/\\\/janze-athletisme.fr\\\/wordpress\\\/3229-2\\\/\"},\"wordCount\":481,\"commentCount\":0,\"publisher\":{\"@id\":\"https:\\\/\\\/janze-athletisme.fr\\\/wordpress\\\/#organization\"},\"image\":{\"@id\":\"https:\\\/\\\/janze-athletisme.fr\\\/wordpress\\\/3229-2\\\/#primaryimage\"},\"thumbnailUrl\":\"http:\\\/\\\/janze-athletisme.fr\\\/wordpress\\\/wp-content\\\/uploads\\\/2017\\\/11\\\/IMG_3108.jpg\",\"articleSection\":[\"Le club au jour le jour\"],\"inLanguage\":\"fr-FR\",\"potentialAction\":[{\"@type\":\"CommentAction\",\"name\":\"Comment\",\"target\":[\"https:\\\/\\\/janze-athletisme.fr\\\/wordpress\\\/3229-2\\\/#respond\"]}]},{\"@type\":\"WebPage\",\"@id\":\"https:\\\/\\\/janze-athletisme.fr\\\/wordpress\\\/3229-2\\\/\",\"url\":\"https:\\\/\\\/janze-athletisme.fr\\\/wordpress\\\/3229-2\\\/\",\"name\":\"- Janz\u00e9 Athl\u00e9tisme\",\"isPartOf\":{\"@id\":\"https:\\\/\\\/janze-athletisme.fr\\\/wordpress\\\/#website\"},\"primaryImageOfPage\":{\"@id\":\"https:\\\/\\\/janze-athletisme.fr\\\/wordpress\\\/3229-2\\\/#primaryimage\"},\"image\":{\"@id\":\"https:\\\/\\\/janze-athletisme.fr\\\/wordpress\\\/3229-2\\\/#primaryimage\"},\"thumbnailUrl\":\"http:\\\/\\\/janze-athletisme.fr\\\/wordpress\\\/wp-content\\\/uploads\\\/2017\\\/11\\\/IMG_3108.jpg\",\"datePublished\":\"2017-11-28T20:57:06+00:00\",\"dateModified\":\"2017-11-28T21:44:39+00:00\",\"inLanguage\":\"fr-FR\",\"potentialAction\":[{\"@type\":\"ReadAction\",\"target\":[\"https:\\\/\\\/janze-athletisme.fr\\\/wordpress\\\/3229-2\\\/\"]}]},{\"@type\":\"ImageObject\",\"inLanguage\":\"fr-FR\",\"@id\":\"https:\\\/\\\/janze-athletisme.fr\\\/wordpress\\\/3229-2\\\/#primaryimage\",\"url\":\"http:\\\/\\\/janze-athletisme.fr\\\/wordpress\\\/wp-content\\\/uploads\\\/2017\\\/11\\\/IMG_3108.jpg\",\"contentUrl\":\"http:\\\/\\\/janze-athletisme.fr\\\/wordpress\\\/wp-content\\\/uploads\\\/2017\\\/11\\\/IMG_3108.jpg\"},{\"@type\":\"WebSite\",\"@id\":\"https:\\\/\\\/janze-athletisme.fr\\\/wordpress\\\/#website\",\"url\":\"https:\\\/\\\/janze-athletisme.fr\\\/wordpress\\\/\",\"name\":\"Janz\u00e9 Athl\u00e9tisme\",\"description\":\"Pays de La Roche aux F\u00e9es\",\"publisher\":{\"@id\":\"https:\\\/\\\/janze-athletisme.fr\\\/wordpress\\\/#organization\"},\"potentialAction\":[{\"@type\":\"SearchAction\",\"target\":{\"@type\":\"EntryPoint\",\"urlTemplate\":\"https:\\\/\\\/janze-athletisme.fr\\\/wordpress\\\/?s={search_term_string}\"},\"query-input\":{\"@type\":\"PropertyValueSpecification\",\"valueRequired\":true,\"valueName\":\"search_term_string\"}}],\"inLanguage\":\"fr-FR\"},{\"@type\":\"Organization\",\"@id\":\"https:\\\/\\\/janze-athletisme.fr\\\/wordpress\\\/#organization\",\"name\":\"Janz\u00e9 Athl\u00e9tisme\",\"url\":\"https:\\\/\\\/janze-athletisme.fr\\\/wordpress\\\/\",\"logo\":{\"@type\":\"ImageObject\",\"inLanguage\":\"fr-FR\",\"@id\":\"https:\\\/\\\/janze-athletisme.fr\\\/wordpress\\\/#\\\/schema\\\/logo\\\/image\\\/\",\"url\":\"https:\\\/\\\/janze-athletisme.fr\\\/wordpress\\\/wp-content\\\/uploads\\\/2015\\\/03\\\/logo-full1.jpg\",\"contentUrl\":\"https:\\\/\\\/janze-athletisme.fr\\\/wordpress\\\/wp-content\\\/uploads\\\/2015\\\/03\\\/logo-full1.jpg\",\"width\":437,\"height\":205,\"caption\":\"Janz\u00e9 Athl\u00e9tisme\"},\"image\":{\"@id\":\"https:\\\/\\\/janze-athletisme.fr\\\/wordpress\\\/#\\\/schema\\\/logo\\\/image\\\/\"},\"sameAs\":[\"https:\\\/\\\/www.facebook.com\\\/groups\\\/1007964579346590\"]},{\"@type\":\"Person\",\"@id\":\"https:\\\/\\\/janze-athletisme.fr\\\/wordpress\\\/#\\\/schema\\\/person\\\/525a6358d0c70a5cca90d6e8619f0453\",\"name\":\"Anthony\",\"image\":{\"@type\":\"ImageObject\",\"inLanguage\":\"fr-FR\",\"@id\":\"https:\\\/\\\/secure.gravatar.com\\\/avatar\\\/532191f4fe4dd4049862f967bad2fe3582467d09a23b1e5c976a11e7665d2423?s=96&d=mm&r=g\",\"url\":\"https:\\\/\\\/secure.gravatar.com\\\/avatar\\\/532191f4fe4dd4049862f967bad2fe3582467d09a23b1e5c976a11e7665d2423?s=96&d=mm&r=g\",\"contentUrl\":\"https:\\\/\\\/secure.gravatar.com\\\/avatar\\\/532191f4fe4dd4049862f967bad2fe3582467d09a23b1e5c976a11e7665d2423?s=96&d=mm&r=g\",\"caption\":\"Anthony\"},\"url\":\"https:\\\/\\\/janze-athletisme.fr\\\/wordpress\\\/author\\\/anjuvin\\\/\"}]}<\/script>\n<!-- \/ Yoast SEO plugin. -->","yoast_head_json":{"title":"- Janz\u00e9 Athl\u00e9tisme","robots":{"index":"index","follow":"follow","max-snippet":"max-snippet:-1","max-image-preview":"max-image-preview:large","max-video-preview":"max-video-preview:-1"},"canonical":"https:\/\/janze-athletisme.fr\/wordpress\/3229-2\/","og_locale":"fr_FR","og_type":"article","og_title":"- Janz\u00e9 Athl\u00e9tisme","og_description":"Assembl\u00e9e G\u00e9n\u00e9rale Une cinquantaine d&rsquo;adh\u00e9rents a entrepris le raid nocturne p\u00e9rilleux pour rejoindre le foyer du stade vendredi soir, afin d&rsquo;assister \u00e0 l&rsquo;assembl\u00e9e g\u00e9n\u00e9rale du club. Heureusement, rompus aux raids et autres trails, nos aventureux d&rsquo;un soir avaient pens\u00e9 \u00e0 l&rsquo;indispensable lampe frontale et le dangereux franchissement des tranch\u00e9es boueuses s&rsquo;est bien pass\u00e9. Une fois [&hellip;]","og_url":"https:\/\/janze-athletisme.fr\/wordpress\/3229-2\/","og_site_name":"Janz\u00e9 Athl\u00e9tisme","article_publisher":"https:\/\/www.facebook.com\/groups\/1007964579346590","article_published_time":"2017-11-28T20:57:06+00:00","article_modified_time":"2017-11-28T21:44:39+00:00","og_image":[{"url":"http:\/\/janze-athletisme.fr\/wordpress\/wp-content\/uploads\/2017\/11\/IMG_3108.jpg","type":"","width":"","height":""}],"author":"Anthony","twitter_card":"summary_large_image","twitter_misc":{"\u00c9crit par":"Anthony","Dur\u00e9e de lecture estim\u00e9e":"2 minutes"},"schema":{"@context":"https:\/\/schema.org","@graph":[{"@type":"Article","@id":"https:\/\/janze-athletisme.fr\/wordpress\/3229-2\/#article","isPartOf":{"@id":"https:\/\/janze-athletisme.fr\/wordpress\/3229-2\/"},"author":{"name":"Anthony","@id":"https:\/\/janze-athletisme.fr\/wordpress\/#\/schema\/person\/525a6358d0c70a5cca90d6e8619f0453"},"headline":"Aucun titre","datePublished":"2017-11-28T20:57:06+00:00","dateModified":"2017-11-28T21:44:39+00:00","mainEntityOfPage":{"@id":"https:\/\/janze-athletisme.fr\/wordpress\/3229-2\/"},"wordCount":481,"commentCount":0,"publisher":{"@id":"https:\/\/janze-athletisme.fr\/wordpress\/#organization"},"image":{"@id":"https:\/\/janze-athletisme.fr\/wordpress\/3229-2\/#primaryimage"},"thumbnailUrl":"http:\/\/janze-athletisme.fr\/wordpress\/wp-content\/uploads\/2017\/11\/IMG_3108.jpg","articleSection":["Le club au jour le jour"],"inLanguage":"fr-FR","potentialAction":[{"@type":"CommentAction","name":"Comment","target":["https:\/\/janze-athletisme.fr\/wordpress\/3229-2\/#respond"]}]},{"@type":"WebPage","@id":"https:\/\/janze-athletisme.fr\/wordpress\/3229-2\/","url":"https:\/\/janze-athletisme.fr\/wordpress\/3229-2\/","name":"- Janz\u00e9 Athl\u00e9tisme","isPartOf":{"@id":"https:\/\/janze-athletisme.fr\/wordpress\/#website"},"primaryImageOfPage":{"@id":"https:\/\/janze-athletisme.fr\/wordpress\/3229-2\/#primaryimage"},"image":{"@id":"https:\/\/janze-athletisme.fr\/wordpress\/3229-2\/#primaryimage"},"thumbnailUrl":"http:\/\/janze-athletisme.fr\/wordpress\/wp-content\/uploads\/2017\/11\/IMG_3108.jpg","datePublished":"2017-11-28T20:57:06+00:00","dateModified":"2017-11-28T21:44:39+00:00","inLanguage":"fr-FR","potentialAction":[{"@type":"ReadAction","target":["https:\/\/janze-athletisme.fr\/wordpress\/3229-2\/"]}]},{"@type":"ImageObject","inLanguage":"fr-FR","@id":"https:\/\/janze-athletisme.fr\/wordpress\/3229-2\/#primaryimage","url":"http:\/\/janze-athletisme.fr\/wordpress\/wp-content\/uploads\/2017\/11\/IMG_3108.jpg","contentUrl":"http:\/\/janze-athletisme.fr\/wordpress\/wp-content\/uploads\/2017\/11\/IMG_3108.jpg"},{"@type":"WebSite","@id":"https:\/\/janze-athletisme.fr\/wordpress\/#website","url":"https:\/\/janze-athletisme.fr\/wordpress\/","name":"Janz\u00e9 Athl\u00e9tisme","description":"Pays de La Roche aux F\u00e9es","publisher":{"@id":"https:\/\/janze-athletisme.fr\/wordpress\/#organization"},"potentialAction":[{"@type":"SearchAction","target":{"@type":"EntryPoint","urlTemplate":"https:\/\/janze-athletisme.fr\/wordpress\/?s={search_term_string}"},"query-input":{"@type":"PropertyValueSpecification","valueRequired":true,"valueName":"search_term_string"}}],"inLanguage":"fr-FR"},{"@type":"Organization","@id":"https:\/\/janze-athletisme.fr\/wordpress\/#organization","name":"Janz\u00e9 Athl\u00e9tisme","url":"https:\/\/janze-athletisme.fr\/wordpress\/","logo":{"@type":"ImageObject","inLanguage":"fr-FR","@id":"https:\/\/janze-athletisme.fr\/wordpress\/#\/schema\/logo\/image\/","url":"https:\/\/janze-athletisme.fr\/wordpress\/wp-content\/uploads\/2015\/03\/logo-full1.jpg","contentUrl":"https:\/\/janze-athletisme.fr\/wordpress\/wp-content\/uploads\/2015\/03\/logo-full1.jpg","width":437,"height":205,"caption":"Janz\u00e9 Athl\u00e9tisme"},"image":{"@id":"https:\/\/janze-athletisme.fr\/wordpress\/#\/schema\/logo\/image\/"},"sameAs":["https:\/\/www.facebook.com\/groups\/1007964579346590"]},{"@type":"Person","@id":"https:\/\/janze-athletisme.fr\/wordpress\/#\/schema\/person\/525a6358d0c70a5cca90d6e8619f0453","name":"Anthony","image":{"@type":"ImageObject","inLanguage":"fr-FR","@id":"https:\/\/secure.gravatar.com\/avatar\/532191f4fe4dd4049862f967bad2fe3582467d09a23b1e5c976a11e7665d2423?s=96&d=mm&r=g","url":"https:\/\/secure.gravatar.com\/avatar\/532191f4fe4dd4049862f967bad2fe3582467d09a23b1e5c976a11e7665d2423?s=96&d=mm&r=g","contentUrl":"https:\/\/secure.gravatar.com\/avatar\/532191f4fe4dd4049862f967bad2fe3582467d09a23b1e5c976a11e7665d2423?s=96&d=mm&r=g","caption":"Anthony"},"url":"https:\/\/janze-athletisme.fr\/wordpress\/author\/anjuvin\/"}]}},"uagb_featured_image_src":{"full":false,"thumbnail":false,"medium":false,"medium_large":false,"large":false,"1536x1536":false,"2048x2048":false},"uagb_author_info":{"display_name":"Anthony","author_link":"https:\/\/janze-athletisme.fr\/wordpress\/author\/anjuvin\/"},"uagb_comment_info":0,"uagb_excerpt":"Assembl\u00e9e G\u00e9n\u00e9rale Une cinquantaine d&rsquo;adh\u00e9rents a entrepris le raid nocturne p\u00e9rilleux pour rejoindre le foyer du stade vendredi soir, afin d&rsquo;assister \u00e0 l&rsquo;assembl\u00e9e g\u00e9n\u00e9rale du club. Heureusement, rompus aux raids et autres trails, nos aventureux d&rsquo;un soir avaient pens\u00e9 \u00e0 l&rsquo;indispensable lampe frontale et le dangereux franchissement des tranch\u00e9es boueuses s&rsquo;est bien pass\u00e9. Une fois\u2026","_links":{"self":[{"href":"https:\/\/janze-athletisme.fr\/wordpress\/wp-json\/wp\/v2\/posts\/3229","targetHints":{"allow":["GET"]}}],"collection":[{"href":"https:\/\/janze-athletisme.fr\/wordpress\/wp-json\/wp\/v2\/posts"}],"about":[{"href":"https:\/\/janze-athletisme.fr\/wordpress\/wp-json\/wp\/v2\/types\/post"}],"author":[{"embeddable":true,"href":"https:\/\/janze-athletisme.fr\/wordpress\/wp-json\/wp\/v2\/users\/4"}],"replies":[{"embeddable":true,"href":"https:\/\/janze-athletisme.fr\/wordpress\/wp-json\/wp\/v2\/comments?post=3229"}],"version-history":[{"count":6,"href":"https:\/\/janze-athletisme.fr\/wordpress\/wp-json\/wp\/v2\/posts\/3229\/revisions"}],"predecessor-version":[{"id":3238,"href":"https:\/\/janze-athletisme.fr\/wordpress\/wp-json\/wp\/v2\/posts\/3229\/revisions\/3238"}],"wp:attachment":[{"href":"https:\/\/janze-athletisme.fr\/wordpress\/wp-json\/wp\/v2\/media?parent=3229"}],"wp:term":[{"taxonomy":"category","embeddable":true,"href":"https:\/\/janze-athletisme.fr\/wordpress\/wp-json\/wp\/v2\/categories?post=3229"},{"taxonomy":"post_tag","embeddable":true,"href":"https:\/\/janze-athletisme.fr\/wordpress\/wp-json\/wp\/v2\/tags?post=3229"}],"curies":[{"name":"wp","href":"https:\/\/api.w.org\/{rel}","templated":true}]}}