{"id":31184,"date":"2026-04-29T11:36:05","date_gmt":"2026-04-29T09:36:05","guid":{"rendered":"https:\/\/janze-athletisme.fr\/wordpress\/?p=31184"},"modified":"2026-04-29T11:37:32","modified_gmt":"2026-04-29T09:37:32","slug":"martigne-cohesion-et-bonne-humeur-cest-le-groupe-hors-stade","status":"publish","type":"post","link":"https:\/\/janze-athletisme.fr\/wordpress\/martigne-cohesion-et-bonne-humeur-cest-le-groupe-hors-stade\/","title":{"rendered":"Martign\u00e9: coh\u00e9sion et bonne humeur, c&rsquo;est le groupe Hors Stade !"},"content":{"rendered":"<h1 style=\"text-align: center;\"><span style=\"color: #800000; font-family: comic sans ms, sans-serif;\">Sortie Coh\u00e9sion<\/span><\/h1>\n<p>&nbsp;<\/p>\n<p><a href=\"https:\/\/janze-athletisme.fr\/wordpress\/wp-content\/uploads\/2026\/04\/WhatsApp-Image-2026-04-25-at-17.39.27.jpeg\"><img loading=\"lazy\" decoding=\"async\" class=\"alignnone size-medium wp-image-31185\" src=\"https:\/\/janze-athletisme.fr\/wordpress\/wp-content\/uploads\/2026\/04\/WhatsApp-Image-2026-04-25-at-17.39.27-300x226.jpeg\" alt=\"\" width=\"300\" height=\"226\" srcset=\"https:\/\/janze-athletisme.fr\/wordpress\/wp-content\/uploads\/2026\/04\/WhatsApp-Image-2026-04-25-at-17.39.27-300x226.jpeg 300w, https:\/\/janze-athletisme.fr\/wordpress\/wp-content\/uploads\/2026\/04\/WhatsApp-Image-2026-04-25-at-17.39.27-1024x771.jpeg 1024w, https:\/\/janze-athletisme.fr\/wordpress\/wp-content\/uploads\/2026\/04\/WhatsApp-Image-2026-04-25-at-17.39.27-768x578.jpeg 768w, https:\/\/janze-athletisme.fr\/wordpress\/wp-content\/uploads\/2026\/04\/WhatsApp-Image-2026-04-25-at-17.39.27-1536x1156.jpeg 1536w, https:\/\/janze-athletisme.fr\/wordpress\/wp-content\/uploads\/2026\/04\/WhatsApp-Image-2026-04-25-at-17.39.27.jpeg 1600w\" sizes=\"auto, (max-width: 300px) 100vw, 300px\" \/><\/a> <a href=\"https:\/\/janze-athletisme.fr\/wordpress\/wp-content\/uploads\/2026\/04\/WhatsApp-Image-2026-04-25-at-17.39.27k.jpeg\"><img loading=\"lazy\" decoding=\"async\" class=\"alignnone size-medium wp-image-31186\" src=\"https:\/\/janze-athletisme.fr\/wordpress\/wp-content\/uploads\/2026\/04\/WhatsApp-Image-2026-04-25-at-17.39.27k-300x226.jpeg\" alt=\"\" width=\"300\" height=\"226\" srcset=\"https:\/\/janze-athletisme.fr\/wordpress\/wp-content\/uploads\/2026\/04\/WhatsApp-Image-2026-04-25-at-17.39.27k-300x226.jpeg 300w, https:\/\/janze-athletisme.fr\/wordpress\/wp-content\/uploads\/2026\/04\/WhatsApp-Image-2026-04-25-at-17.39.27k-1024x771.jpeg 1024w, https:\/\/janze-athletisme.fr\/wordpress\/wp-content\/uploads\/2026\/04\/WhatsApp-Image-2026-04-25-at-17.39.27k-768x578.jpeg 768w, https:\/\/janze-athletisme.fr\/wordpress\/wp-content\/uploads\/2026\/04\/WhatsApp-Image-2026-04-25-at-17.39.27k-1536x1156.jpeg 1536w, https:\/\/janze-athletisme.fr\/wordpress\/wp-content\/uploads\/2026\/04\/WhatsApp-Image-2026-04-25-at-17.39.27k.jpeg 1600w\" sizes=\"auto, (max-width: 300px) 100vw, 300px\" \/><\/a> <a href=\"https:\/\/janze-athletisme.fr\/wordpress\/wp-content\/uploads\/2026\/04\/WhatsApp-Image-2026-04-25-at-17.39.28.jpeg\"><img loading=\"lazy\" decoding=\"async\" class=\"alignnone size-medium wp-image-31187\" src=\"https:\/\/janze-athletisme.fr\/wordpress\/wp-content\/uploads\/2026\/04\/WhatsApp-Image-2026-04-25-at-17.39.28-300x226.jpeg\" alt=\"\" width=\"300\" height=\"226\" srcset=\"https:\/\/janze-athletisme.fr\/wordpress\/wp-content\/uploads\/2026\/04\/WhatsApp-Image-2026-04-25-at-17.39.28-300x226.jpeg 300w, https:\/\/janze-athletisme.fr\/wordpress\/wp-content\/uploads\/2026\/04\/WhatsApp-Image-2026-04-25-at-17.39.28-1024x771.jpeg 1024w, https:\/\/janze-athletisme.fr\/wordpress\/wp-content\/uploads\/2026\/04\/WhatsApp-Image-2026-04-25-at-17.39.28-768x578.jpeg 768w, https:\/\/janze-athletisme.fr\/wordpress\/wp-content\/uploads\/2026\/04\/WhatsApp-Image-2026-04-25-at-17.39.28-1536x1156.jpeg 1536w, https:\/\/janze-athletisme.fr\/wordpress\/wp-content\/uploads\/2026\/04\/WhatsApp-Image-2026-04-25-at-17.39.28.jpeg 1600w\" sizes=\"auto, (max-width: 300px) 100vw, 300px\" \/><\/a> <a href=\"https:\/\/janze-athletisme.fr\/wordpress\/wp-content\/uploads\/2026\/04\/WhatsApp-Image-2026-04-25-at-17.39.28b.jpeg\"><img loading=\"lazy\" decoding=\"async\" class=\"alignnone wp-image-31188\" src=\"https:\/\/janze-athletisme.fr\/wordpress\/wp-content\/uploads\/2026\/04\/WhatsApp-Image-2026-04-25-at-17.39.28b-300x226.jpeg\" alt=\"\" width=\"430\" height=\"324\" srcset=\"https:\/\/janze-athletisme.fr\/wordpress\/wp-content\/uploads\/2026\/04\/WhatsApp-Image-2026-04-25-at-17.39.28b-300x226.jpeg 300w, https:\/\/janze-athletisme.fr\/wordpress\/wp-content\/uploads\/2026\/04\/WhatsApp-Image-2026-04-25-at-17.39.28b-1024x771.jpeg 1024w, https:\/\/janze-athletisme.fr\/wordpress\/wp-content\/uploads\/2026\/04\/WhatsApp-Image-2026-04-25-at-17.39.28b-768x578.jpeg 768w, https:\/\/janze-athletisme.fr\/wordpress\/wp-content\/uploads\/2026\/04\/WhatsApp-Image-2026-04-25-at-17.39.28b-1536x1156.jpeg 1536w, https:\/\/janze-athletisme.fr\/wordpress\/wp-content\/uploads\/2026\/04\/WhatsApp-Image-2026-04-25-at-17.39.28b.jpeg 1600w\" sizes=\"auto, (max-width: 430px) 100vw, 430px\" \/><\/a> <a href=\"https:\/\/janze-athletisme.fr\/wordpress\/wp-content\/uploads\/2026\/04\/WhatsApp-Image-2026-04-25-at-18.22.32.jpeg\"><img loading=\"lazy\" decoding=\"async\" class=\"alignnone wp-image-31189\" src=\"https:\/\/janze-athletisme.fr\/wordpress\/wp-content\/uploads\/2026\/04\/WhatsApp-Image-2026-04-25-at-18.22.32-300x225.jpeg\" alt=\"\" width=\"592\" height=\"444\" srcset=\"https:\/\/janze-athletisme.fr\/wordpress\/wp-content\/uploads\/2026\/04\/WhatsApp-Image-2026-04-25-at-18.22.32-300x225.jpeg 300w, https:\/\/janze-athletisme.fr\/wordpress\/wp-content\/uploads\/2026\/04\/WhatsApp-Image-2026-04-25-at-18.22.32-1024x768.jpeg 1024w, https:\/\/janze-athletisme.fr\/wordpress\/wp-content\/uploads\/2026\/04\/WhatsApp-Image-2026-04-25-at-18.22.32-768x576.jpeg 768w, https:\/\/janze-athletisme.fr\/wordpress\/wp-content\/uploads\/2026\/04\/WhatsApp-Image-2026-04-25-at-18.22.32-1536x1152.jpeg 1536w, https:\/\/janze-athletisme.fr\/wordpress\/wp-content\/uploads\/2026\/04\/WhatsApp-Image-2026-04-25-at-18.22.32.jpeg 1600w\" sizes=\"auto, (max-width: 592px) 100vw, 592px\" \/><\/a> <a href=\"https:\/\/janze-athletisme.fr\/wordpress\/wp-content\/uploads\/2026\/04\/WhatsApp-Image-2026-04-25-at-hh.jpeg\"><img loading=\"lazy\" decoding=\"async\" class=\"alignnone wp-image-31191\" src=\"https:\/\/janze-athletisme.fr\/wordpress\/wp-content\/uploads\/2026\/04\/WhatsApp-Image-2026-04-25-at-hh-300x226.jpeg\" alt=\"\" width=\"374\" height=\"282\" srcset=\"https:\/\/janze-athletisme.fr\/wordpress\/wp-content\/uploads\/2026\/04\/WhatsApp-Image-2026-04-25-at-hh-300x226.jpeg 300w, https:\/\/janze-athletisme.fr\/wordpress\/wp-content\/uploads\/2026\/04\/WhatsApp-Image-2026-04-25-at-hh-1024x771.jpeg 1024w, https:\/\/janze-athletisme.fr\/wordpress\/wp-content\/uploads\/2026\/04\/WhatsApp-Image-2026-04-25-at-hh-768x578.jpeg 768w, https:\/\/janze-athletisme.fr\/wordpress\/wp-content\/uploads\/2026\/04\/WhatsApp-Image-2026-04-25-at-hh-1536x1156.jpeg 1536w, https:\/\/janze-athletisme.fr\/wordpress\/wp-content\/uploads\/2026\/04\/WhatsApp-Image-2026-04-25-at-hh.jpeg 1600w\" sizes=\"auto, (max-width: 374px) 100vw, 374px\" \/><\/a><\/p>\n<figure id=\"attachment_31200\" aria-describedby=\"caption-attachment-31200\" style=\"width: 415px\" class=\"wp-caption alignnone\"><a href=\"https:\/\/janze-athletisme.fr\/wordpress\/wp-content\/uploads\/2026\/04\/WhatsApp-Image-2026-04-25-at-13.04.39.jpeg\"><img loading=\"lazy\" decoding=\"async\" class=\"wp-image-31200\" src=\"https:\/\/janze-athletisme.fr\/wordpress\/wp-content\/uploads\/2026\/04\/WhatsApp-Image-2026-04-25-at-13.04.39-300x225.jpeg\" alt=\"\" width=\"415\" height=\"311\" srcset=\"https:\/\/janze-athletisme.fr\/wordpress\/wp-content\/uploads\/2026\/04\/WhatsApp-Image-2026-04-25-at-13.04.39-300x225.jpeg 300w, https:\/\/janze-athletisme.fr\/wordpress\/wp-content\/uploads\/2026\/04\/WhatsApp-Image-2026-04-25-at-13.04.39-1024x768.jpeg 1024w, https:\/\/janze-athletisme.fr\/wordpress\/wp-content\/uploads\/2026\/04\/WhatsApp-Image-2026-04-25-at-13.04.39-768x576.jpeg 768w, https:\/\/janze-athletisme.fr\/wordpress\/wp-content\/uploads\/2026\/04\/WhatsApp-Image-2026-04-25-at-13.04.39-1536x1152.jpeg 1536w, https:\/\/janze-athletisme.fr\/wordpress\/wp-content\/uploads\/2026\/04\/WhatsApp-Image-2026-04-25-at-13.04.39.jpeg 1600w\" sizes=\"auto, (max-width: 415px) 100vw, 415px\" \/><\/a><figcaption id=\"caption-attachment-31200\" class=\"wp-caption-text\">Les vainqueurs de la course d&rsquo;orientation<\/figcaption><\/figure>\n<p><a href=\"https:\/\/janze-athletisme.fr\/wordpress\/wp-content\/uploads\/2026\/04\/WhatsApp-Image-2026-04-25-at-09.46.38.jpeg\"><img loading=\"lazy\" decoding=\"async\" class=\"alignnone size-medium wp-image-31196\" src=\"https:\/\/janze-athletisme.fr\/wordpress\/wp-content\/uploads\/2026\/04\/WhatsApp-Image-2026-04-25-at-09.46.38-300x169.jpeg\" alt=\"\" width=\"300\" height=\"169\" srcset=\"https:\/\/janze-athletisme.fr\/wordpress\/wp-content\/uploads\/2026\/04\/WhatsApp-Image-2026-04-25-at-09.46.38-300x169.jpeg 300w, https:\/\/janze-athletisme.fr\/wordpress\/wp-content\/uploads\/2026\/04\/WhatsApp-Image-2026-04-25-at-09.46.38-1024x576.jpeg 1024w, https:\/\/janze-athletisme.fr\/wordpress\/wp-content\/uploads\/2026\/04\/WhatsApp-Image-2026-04-25-at-09.46.38-768x432.jpeg 768w, https:\/\/janze-athletisme.fr\/wordpress\/wp-content\/uploads\/2026\/04\/WhatsApp-Image-2026-04-25-at-09.46.38-1536x864.jpeg 1536w, https:\/\/janze-athletisme.fr\/wordpress\/wp-content\/uploads\/2026\/04\/WhatsApp-Image-2026-04-25-at-09.46.38.jpeg 2048w\" sizes=\"auto, (max-width: 300px) 100vw, 300px\" \/><\/a> <a href=\"https:\/\/janze-athletisme.fr\/wordpress\/wp-content\/uploads\/2026\/04\/WhatsApp-Image-2026-04-25-at-10.02.29.jpeg\"><img loading=\"lazy\" decoding=\"async\" class=\"alignnone size-medium wp-image-31197\" src=\"https:\/\/janze-athletisme.fr\/wordpress\/wp-content\/uploads\/2026\/04\/WhatsApp-Image-2026-04-25-at-10.02.29-300x169.jpeg\" alt=\"\" width=\"300\" height=\"169\" srcset=\"https:\/\/janze-athletisme.fr\/wordpress\/wp-content\/uploads\/2026\/04\/WhatsApp-Image-2026-04-25-at-10.02.29-300x169.jpeg 300w, https:\/\/janze-athletisme.fr\/wordpress\/wp-content\/uploads\/2026\/04\/WhatsApp-Image-2026-04-25-at-10.02.29-1024x576.jpeg 1024w, https:\/\/janze-athletisme.fr\/wordpress\/wp-content\/uploads\/2026\/04\/WhatsApp-Image-2026-04-25-at-10.02.29-768x432.jpeg 768w, https:\/\/janze-athletisme.fr\/wordpress\/wp-content\/uploads\/2026\/04\/WhatsApp-Image-2026-04-25-at-10.02.29-1536x864.jpeg 1536w, https:\/\/janze-athletisme.fr\/wordpress\/wp-content\/uploads\/2026\/04\/WhatsApp-Image-2026-04-25-at-10.02.29.jpeg 2048w\" sizes=\"auto, (max-width: 300px) 100vw, 300px\" \/><\/a> <a href=\"https:\/\/janze-athletisme.fr\/wordpress\/wp-content\/uploads\/2026\/04\/WhatsApp-Image-2026-04-25-at-12.31.10.jpeg\"><img loading=\"lazy\" decoding=\"async\" class=\"alignnone size-medium wp-image-31198\" src=\"https:\/\/janze-athletisme.fr\/wordpress\/wp-content\/uploads\/2026\/04\/WhatsApp-Image-2026-04-25-at-12.31.10-300x169.jpeg\" alt=\"\" width=\"300\" height=\"169\" srcset=\"https:\/\/janze-athletisme.fr\/wordpress\/wp-content\/uploads\/2026\/04\/WhatsApp-Image-2026-04-25-at-12.31.10-300x169.jpeg 300w, https:\/\/janze-athletisme.fr\/wordpress\/wp-content\/uploads\/2026\/04\/WhatsApp-Image-2026-04-25-at-12.31.10-1024x577.jpeg 1024w, https:\/\/janze-athletisme.fr\/wordpress\/wp-content\/uploads\/2026\/04\/WhatsApp-Image-2026-04-25-at-12.31.10-768x432.jpeg 768w, https:\/\/janze-athletisme.fr\/wordpress\/wp-content\/uploads\/2026\/04\/WhatsApp-Image-2026-04-25-at-12.31.10-1536x865.jpeg 1536w, https:\/\/janze-athletisme.fr\/wordpress\/wp-content\/uploads\/2026\/04\/WhatsApp-Image-2026-04-25-at-12.31.10.jpeg 2048w\" sizes=\"auto, (max-width: 300px) 100vw, 300px\" \/><\/a> <a href=\"https:\/\/janze-athletisme.fr\/wordpress\/wp-content\/uploads\/2026\/04\/WhatsApp-Image-2026-04-25-at-12.53.48.jpeg\"><img loading=\"lazy\" decoding=\"async\" class=\"alignnone wp-image-31199\" src=\"https:\/\/janze-athletisme.fr\/wordpress\/wp-content\/uploads\/2026\/04\/WhatsApp-Image-2026-04-25-at-12.53.48-300x169.jpeg\" alt=\"\" width=\"417\" height=\"235\" srcset=\"https:\/\/janze-athletisme.fr\/wordpress\/wp-content\/uploads\/2026\/04\/WhatsApp-Image-2026-04-25-at-12.53.48-300x169.jpeg 300w, https:\/\/janze-athletisme.fr\/wordpress\/wp-content\/uploads\/2026\/04\/WhatsApp-Image-2026-04-25-at-12.53.48-1024x577.jpeg 1024w, https:\/\/janze-athletisme.fr\/wordpress\/wp-content\/uploads\/2026\/04\/WhatsApp-Image-2026-04-25-at-12.53.48-768x432.jpeg 768w, https:\/\/janze-athletisme.fr\/wordpress\/wp-content\/uploads\/2026\/04\/WhatsApp-Image-2026-04-25-at-12.53.48-1536x865.jpeg 1536w, https:\/\/janze-athletisme.fr\/wordpress\/wp-content\/uploads\/2026\/04\/WhatsApp-Image-2026-04-25-at-12.53.48.jpeg 2048w\" sizes=\"auto, (max-width: 417px) 100vw, 417px\" \/><\/a><\/p>\n<p>&nbsp;<\/p>\n<p><span style=\"color: #000000;\">Organis\u00e9 par la Commission hors-stade, pas avare en initiatives de toutes sortes, une journ\u00e9e coh\u00e9sion a vu le jour et s&rsquo;est d\u00e9roul\u00e9e \u00e0 Martign\u00e9-Ferchaud pr\u00e8s de l&rsquo;Etang de la Forge samedi 25 avril dernier. Je crois que pour la plupart, ce site est assez connu&#8230;<\/span><\/p>\n<p><span style=\"color: #000000;\">Au programme: initiation \u00e0 la sophrologie (merci Catherine !), pique-nique, course d&rsquo;orientation, palets et aussi on se rassure, un peu de course \u00e0 pied !<\/span><\/p>\n<p><span style=\"color: #000000;\">Un bon moment d&rsquo;\u00e9changes et de partage, un moment appr\u00e9ci\u00e9 de tous. Un temps pour soi, un temps aussi pour les autres !\u00a0<\/span><\/p>\n<p><span style=\"color: #000000;\">Janz\u00e9 athl\u00e9 c&rsquo;est avant vous: marcheur, pistard, jeune, moins jeune, comp\u00e8t&rsquo; ou loisir. N&rsquo;h\u00e9sitez pas d&rsquo;ailleurs \u00e0 nous proposer des id\u00e9es de coh\u00e9sion, les initiatives sont bienvenues et encourag\u00e9es ! chaque athl\u00e8te repr\u00e9sente une force vive du club. Le groupe HS est dynamique, il y a une bonne ambiance et c&rsquo;est tant mieux. A chaque groupe et \u00e0 chaque licenci\u00e9 de faire en sorte que \u00e7a dure et vous fa\u00eetes tout je dois dire pour que la bonne humeur r\u00e8gne sur ce groupe.<\/span><\/p>\n<p><span style=\"color: #000000;\">Pour reprendre une tirade d&rsquo;un ancien pr\u00e9sident am\u00e9ricain: \u00ab\u00a0Ne vous demandez pas ce que le club peut faire pour vous mais ce que vous pouvez faire pour le club !\u00a0\u00bb (oui je sais elle est facile !)<\/span><\/p>\n<p><span style=\"color: #000000;\"> Merci \u00e0 vous tous pour ce moment !<\/span><\/p>\n<p>&nbsp;<\/p>\n<p>&nbsp;<\/p>\n<p>&nbsp;<\/p>\n","protected":false},"excerpt":{"rendered":"<p>Sortie Coh\u00e9sion &nbsp; &nbsp; Organis\u00e9 par la Commission hors-stade, pas avare en initiatives de toutes sortes, une journ\u00e9e coh\u00e9sion a vu le jour et s&rsquo;est d\u00e9roul\u00e9e \u00e0 Martign\u00e9-Ferchaud pr\u00e8s de l&rsquo;Etang de la Forge samedi 25 avril dernier. Je crois que pour la plupart, ce site est assez connu&#8230; Au programme: initiation \u00e0 la sophrologie [&hellip;]<\/p>\n","protected":false},"author":8,"featured_media":31194,"comment_status":"open","ping_status":"open","sticky":false,"template":"","format":"aside","meta":{"_uag_custom_page_level_css":"","site-sidebar-layout":"default","site-content-layout":"","ast-site-content-layout":"default","site-content-style":"default","site-sidebar-style":"default","ast-global-header-display":"","ast-banner-title-visibility":"","ast-main-header-display":"","ast-hfb-above-header-display":"","ast-hfb-below-header-display":"","ast-hfb-mobile-header-display":"","site-post-title":"","ast-breadcrumbs-content":"","ast-featured-img":"","footer-sml-layout":"","ast-disable-related-posts":"","theme-transparent-header-meta":"default","adv-header-id-meta":"","stick-header-meta":"","header-above-stick-meta":"","header-main-stick-meta":"","header-below-stick-meta":"","astra-migrate-meta-layouts":"set","ast-page-background-enabled":"default","ast-page-background-meta":{"desktop":{"background-color":"var(--ast-global-color-4)","background-image":"","background-repeat":"repeat","background-position":"center center","background-size":"auto","background-attachment":"scroll","background-type":"","background-media":"","overlay-type":"","overlay-color":"","overlay-opacity":"","overlay-gradient":""},"tablet":{"background-color":"","background-image":"","background-repeat":"repeat","background-position":"center center","background-size":"auto","background-attachment":"scroll","background-type":"","background-media":"","overlay-type":"","overlay-color":"","overlay-opacity":"","overlay-gradient":""},"mobile":{"background-color":"","background-image":"","background-repeat":"repeat","background-position":"center center","background-size":"auto","background-attachment":"scroll","background-type":"","background-media":"","overlay-type":"","overlay-color":"","overlay-opacity":"","overlay-gradient":""}},"ast-content-background-meta":{"desktop":{"background-color":"var(--ast-global-color-5)","background-image":"","background-repeat":"repeat","background-position":"center center","background-size":"auto","background-attachment":"scroll","background-type":"","background-media":"","overlay-type":"","overlay-color":"","overlay-opacity":"","overlay-gradient":""},"tablet":{"background-color":"var(--ast-global-color-5)","background-image":"","background-repeat":"repeat","background-position":"center center","background-size":"auto","background-attachment":"scroll","background-type":"","background-media":"","overlay-type":"","overlay-color":"","overlay-opacity":"","overlay-gradient":""},"mobile":{"background-color":"var(--ast-global-color-5)","background-image":"","background-repeat":"repeat","background-position":"center center","background-size":"auto","background-attachment":"scroll","background-type":"","background-media":"","overlay-type":"","overlay-color":"","overlay-opacity":"","overlay-gradient":""}},"footnotes":""},"categories":[6],"tags":[],"class_list":["post-31184","post","type-post","status-publish","format-aside","has-post-thumbnail","hentry","category-sections","post_format-post-format-aside"],"yoast_head":"<!-- This site is optimized with the Yoast SEO plugin v27.5 - https:\/\/yoast.com\/product\/yoast-seo-wordpress\/ -->\n<title>Martign\u00e9: coh\u00e9sion et bonne humeur, c&#039;est le groupe Hors Stade ! - Janz\u00e9 Athl\u00e9tisme<\/title>\n<meta name=\"robots\" content=\"index, follow, max-snippet:-1, max-image-preview:large, max-video-preview:-1\" \/>\n<link rel=\"canonical\" href=\"https:\/\/janze-athletisme.fr\/wordpress\/martigne-cohesion-et-bonne-humeur-cest-le-groupe-hors-stade\/\" \/>\n<meta property=\"og:locale\" content=\"fr_FR\" \/>\n<meta property=\"og:type\" content=\"article\" \/>\n<meta property=\"og:title\" content=\"Martign\u00e9: coh\u00e9sion et bonne humeur, c&#039;est le groupe Hors Stade ! - Janz\u00e9 Athl\u00e9tisme\" \/>\n<meta property=\"og:description\" content=\"Sortie Coh\u00e9sion &nbsp; &nbsp; Organis\u00e9 par la Commission hors-stade, pas avare en initiatives de toutes sortes, une journ\u00e9e coh\u00e9sion a vu le jour et s&rsquo;est d\u00e9roul\u00e9e \u00e0 Martign\u00e9-Ferchaud pr\u00e8s de l&rsquo;Etang de la Forge samedi 25 avril dernier. Je crois que pour la plupart, ce site est assez connu&#8230; Au programme: initiation \u00e0 la sophrologie [&hellip;]\" \/>\n<meta property=\"og:url\" content=\"https:\/\/janze-athletisme.fr\/wordpress\/martigne-cohesion-et-bonne-humeur-cest-le-groupe-hors-stade\/\" \/>\n<meta property=\"og:site_name\" content=\"Janz\u00e9 Athl\u00e9tisme\" \/>\n<meta property=\"article:publisher\" content=\"https:\/\/www.facebook.com\/groups\/1007964579346590\" \/>\n<meta property=\"article:published_time\" content=\"2026-04-29T09:36:05+00:00\" \/>\n<meta property=\"article:modified_time\" content=\"2026-04-29T09:37:32+00:00\" \/>\n<meta property=\"og:image\" content=\"https:\/\/janze-athletisme.fr\/wordpress\/wp-content\/uploads\/2026\/04\/WhatsApp-Image-2026-04-25-at-18.22.34-1.jpeg\" \/>\n\t<meta property=\"og:image:width\" content=\"1600\" \/>\n\t<meta property=\"og:image:height\" content=\"1200\" \/>\n\t<meta property=\"og:image:type\" content=\"image\/jpeg\" \/>\n<meta name=\"author\" content=\"Jean-Marie Jouzel\" \/>\n<meta name=\"twitter:card\" content=\"summary_large_image\" \/>\n<meta name=\"twitter:label1\" content=\"\u00c9crit par\" \/>\n\t<meta name=\"twitter:data1\" content=\"Jean-Marie Jouzel\" \/>\n\t<meta name=\"twitter:label2\" content=\"Dur\u00e9e de lecture estim\u00e9e\" \/>\n\t<meta name=\"twitter:data2\" content=\"4 minutes\" \/>\n<script type=\"application\/ld+json\" class=\"yoast-schema-graph\">{\"@context\":\"https:\\\/\\\/schema.org\",\"@graph\":[{\"@type\":\"Article\",\"@id\":\"https:\\\/\\\/janze-athletisme.fr\\\/wordpress\\\/martigne-cohesion-et-bonne-humeur-cest-le-groupe-hors-stade\\\/#article\",\"isPartOf\":{\"@id\":\"https:\\\/\\\/janze-athletisme.fr\\\/wordpress\\\/martigne-cohesion-et-bonne-humeur-cest-le-groupe-hors-stade\\\/\"},\"author\":{\"name\":\"Jean-Marie Jouzel\",\"@id\":\"https:\\\/\\\/janze-athletisme.fr\\\/wordpress\\\/#\\\/schema\\\/person\\\/e27efa3d49687b81c679eb0b5c4973e9\"},\"headline\":\"Martign\u00e9: coh\u00e9sion et bonne humeur, c&rsquo;est le groupe Hors Stade !\",\"datePublished\":\"2026-04-29T09:36:05+00:00\",\"dateModified\":\"2026-04-29T09:37:32+00:00\",\"mainEntityOfPage\":{\"@id\":\"https:\\\/\\\/janze-athletisme.fr\\\/wordpress\\\/martigne-cohesion-et-bonne-humeur-cest-le-groupe-hors-stade\\\/\"},\"wordCount\":268,\"commentCount\":0,\"publisher\":{\"@id\":\"https:\\\/\\\/janze-athletisme.fr\\\/wordpress\\\/#organization\"},\"image\":{\"@id\":\"https:\\\/\\\/janze-athletisme.fr\\\/wordpress\\\/martigne-cohesion-et-bonne-humeur-cest-le-groupe-hors-stade\\\/#primaryimage\"},\"thumbnailUrl\":\"https:\\\/\\\/janze-athletisme.fr\\\/wordpress\\\/wp-content\\\/uploads\\\/2026\\\/04\\\/WhatsApp-Image-2026-04-25-at-18.22.34-1.jpeg\",\"articleSection\":[\"Le club au jour le jour\"],\"inLanguage\":\"fr-FR\",\"potentialAction\":[{\"@type\":\"CommentAction\",\"name\":\"Comment\",\"target\":[\"https:\\\/\\\/janze-athletisme.fr\\\/wordpress\\\/martigne-cohesion-et-bonne-humeur-cest-le-groupe-hors-stade\\\/#respond\"]}]},{\"@type\":\"WebPage\",\"@id\":\"https:\\\/\\\/janze-athletisme.fr\\\/wordpress\\\/martigne-cohesion-et-bonne-humeur-cest-le-groupe-hors-stade\\\/\",\"url\":\"https:\\\/\\\/janze-athletisme.fr\\\/wordpress\\\/martigne-cohesion-et-bonne-humeur-cest-le-groupe-hors-stade\\\/\",\"name\":\"Martign\u00e9: coh\u00e9sion et bonne humeur, c'est le groupe Hors Stade ! - Janz\u00e9 Athl\u00e9tisme\",\"isPartOf\":{\"@id\":\"https:\\\/\\\/janze-athletisme.fr\\\/wordpress\\\/#website\"},\"primaryImageOfPage\":{\"@id\":\"https:\\\/\\\/janze-athletisme.fr\\\/wordpress\\\/martigne-cohesion-et-bonne-humeur-cest-le-groupe-hors-stade\\\/#primaryimage\"},\"image\":{\"@id\":\"https:\\\/\\\/janze-athletisme.fr\\\/wordpress\\\/martigne-cohesion-et-bonne-humeur-cest-le-groupe-hors-stade\\\/#primaryimage\"},\"thumbnailUrl\":\"https:\\\/\\\/janze-athletisme.fr\\\/wordpress\\\/wp-content\\\/uploads\\\/2026\\\/04\\\/WhatsApp-Image-2026-04-25-at-18.22.34-1.jpeg\",\"datePublished\":\"2026-04-29T09:36:05+00:00\",\"dateModified\":\"2026-04-29T09:37:32+00:00\",\"breadcrumb\":{\"@id\":\"https:\\\/\\\/janze-athletisme.fr\\\/wordpress\\\/martigne-cohesion-et-bonne-humeur-cest-le-groupe-hors-stade\\\/#breadcrumb\"},\"inLanguage\":\"fr-FR\",\"potentialAction\":[{\"@type\":\"ReadAction\",\"target\":[\"https:\\\/\\\/janze-athletisme.fr\\\/wordpress\\\/martigne-cohesion-et-bonne-humeur-cest-le-groupe-hors-stade\\\/\"]}]},{\"@type\":\"ImageObject\",\"inLanguage\":\"fr-FR\",\"@id\":\"https:\\\/\\\/janze-athletisme.fr\\\/wordpress\\\/martigne-cohesion-et-bonne-humeur-cest-le-groupe-hors-stade\\\/#primaryimage\",\"url\":\"https:\\\/\\\/janze-athletisme.fr\\\/wordpress\\\/wp-content\\\/uploads\\\/2026\\\/04\\\/WhatsApp-Image-2026-04-25-at-18.22.34-1.jpeg\",\"contentUrl\":\"https:\\\/\\\/janze-athletisme.fr\\\/wordpress\\\/wp-content\\\/uploads\\\/2026\\\/04\\\/WhatsApp-Image-2026-04-25-at-18.22.34-1.jpeg\",\"width\":1600,\"height\":1200},{\"@type\":\"BreadcrumbList\",\"@id\":\"https:\\\/\\\/janze-athletisme.fr\\\/wordpress\\\/martigne-cohesion-et-bonne-humeur-cest-le-groupe-hors-stade\\\/#breadcrumb\",\"itemListElement\":[{\"@type\":\"ListItem\",\"position\":1,\"name\":\"Accueil\",\"item\":\"https:\\\/\\\/janze-athletisme.fr\\\/wordpress\\\/\"},{\"@type\":\"ListItem\",\"position\":2,\"name\":\"Martign\u00e9: coh\u00e9sion et bonne humeur, c&rsquo;est le groupe Hors Stade !\"}]},{\"@type\":\"WebSite\",\"@id\":\"https:\\\/\\\/janze-athletisme.fr\\\/wordpress\\\/#website\",\"url\":\"https:\\\/\\\/janze-athletisme.fr\\\/wordpress\\\/\",\"name\":\"Janz\u00e9 Athl\u00e9tisme\",\"description\":\"Pays de La Roche aux F\u00e9es\",\"publisher\":{\"@id\":\"https:\\\/\\\/janze-athletisme.fr\\\/wordpress\\\/#organization\"},\"potentialAction\":[{\"@type\":\"SearchAction\",\"target\":{\"@type\":\"EntryPoint\",\"urlTemplate\":\"https:\\\/\\\/janze-athletisme.fr\\\/wordpress\\\/?s={search_term_string}\"},\"query-input\":{\"@type\":\"PropertyValueSpecification\",\"valueRequired\":true,\"valueName\":\"search_term_string\"}}],\"inLanguage\":\"fr-FR\"},{\"@type\":\"Organization\",\"@id\":\"https:\\\/\\\/janze-athletisme.fr\\\/wordpress\\\/#organization\",\"name\":\"Janz\u00e9 Athl\u00e9tisme\",\"url\":\"https:\\\/\\\/janze-athletisme.fr\\\/wordpress\\\/\",\"logo\":{\"@type\":\"ImageObject\",\"inLanguage\":\"fr-FR\",\"@id\":\"https:\\\/\\\/janze-athletisme.fr\\\/wordpress\\\/#\\\/schema\\\/logo\\\/image\\\/\",\"url\":\"https:\\\/\\\/janze-athletisme.fr\\\/wordpress\\\/wp-content\\\/uploads\\\/2015\\\/03\\\/logo-full1.jpg\",\"contentUrl\":\"https:\\\/\\\/janze-athletisme.fr\\\/wordpress\\\/wp-content\\\/uploads\\\/2015\\\/03\\\/logo-full1.jpg\",\"width\":437,\"height\":205,\"caption\":\"Janz\u00e9 Athl\u00e9tisme\"},\"image\":{\"@id\":\"https:\\\/\\\/janze-athletisme.fr\\\/wordpress\\\/#\\\/schema\\\/logo\\\/image\\\/\"},\"sameAs\":[\"https:\\\/\\\/www.facebook.com\\\/groups\\\/1007964579346590\"]},{\"@type\":\"Person\",\"@id\":\"https:\\\/\\\/janze-athletisme.fr\\\/wordpress\\\/#\\\/schema\\\/person\\\/e27efa3d49687b81c679eb0b5c4973e9\",\"name\":\"Jean-Marie Jouzel\",\"image\":{\"@type\":\"ImageObject\",\"inLanguage\":\"fr-FR\",\"@id\":\"https:\\\/\\\/secure.gravatar.com\\\/avatar\\\/6aaee532914ad5ae9d6b4c13c953c6689456493b17979b560cf8fd0c344930ab?s=96&d=mm&r=g\",\"url\":\"https:\\\/\\\/secure.gravatar.com\\\/avatar\\\/6aaee532914ad5ae9d6b4c13c953c6689456493b17979b560cf8fd0c344930ab?s=96&d=mm&r=g\",\"contentUrl\":\"https:\\\/\\\/secure.gravatar.com\\\/avatar\\\/6aaee532914ad5ae9d6b4c13c953c6689456493b17979b560cf8fd0c344930ab?s=96&d=mm&r=g\",\"caption\":\"Jean-Marie Jouzel\"},\"url\":\"https:\\\/\\\/janze-athletisme.fr\\\/wordpress\\\/author\\\/jmjouzel\\\/\"}]}<\/script>\n<!-- \/ Yoast SEO plugin. -->","yoast_head_json":{"title":"Martign\u00e9: coh\u00e9sion et bonne humeur, c'est le groupe Hors Stade ! - Janz\u00e9 Athl\u00e9tisme","robots":{"index":"index","follow":"follow","max-snippet":"max-snippet:-1","max-image-preview":"max-image-preview:large","max-video-preview":"max-video-preview:-1"},"canonical":"https:\/\/janze-athletisme.fr\/wordpress\/martigne-cohesion-et-bonne-humeur-cest-le-groupe-hors-stade\/","og_locale":"fr_FR","og_type":"article","og_title":"Martign\u00e9: coh\u00e9sion et bonne humeur, c'est le groupe Hors Stade ! - Janz\u00e9 Athl\u00e9tisme","og_description":"Sortie Coh\u00e9sion &nbsp; &nbsp; Organis\u00e9 par la Commission hors-stade, pas avare en initiatives de toutes sortes, une journ\u00e9e coh\u00e9sion a vu le jour et s&rsquo;est d\u00e9roul\u00e9e \u00e0 Martign\u00e9-Ferchaud pr\u00e8s de l&rsquo;Etang de la Forge samedi 25 avril dernier. Je crois que pour la plupart, ce site est assez connu&#8230; Au programme: initiation \u00e0 la sophrologie [&hellip;]","og_url":"https:\/\/janze-athletisme.fr\/wordpress\/martigne-cohesion-et-bonne-humeur-cest-le-groupe-hors-stade\/","og_site_name":"Janz\u00e9 Athl\u00e9tisme","article_publisher":"https:\/\/www.facebook.com\/groups\/1007964579346590","article_published_time":"2026-04-29T09:36:05+00:00","article_modified_time":"2026-04-29T09:37:32+00:00","og_image":[{"width":1600,"height":1200,"url":"https:\/\/janze-athletisme.fr\/wordpress\/wp-content\/uploads\/2026\/04\/WhatsApp-Image-2026-04-25-at-18.22.34-1.jpeg","type":"image\/jpeg"}],"author":"Jean-Marie Jouzel","twitter_card":"summary_large_image","twitter_misc":{"\u00c9crit par":"Jean-Marie Jouzel","Dur\u00e9e de lecture estim\u00e9e":"4 minutes"},"schema":{"@context":"https:\/\/schema.org","@graph":[{"@type":"Article","@id":"https:\/\/janze-athletisme.fr\/wordpress\/martigne-cohesion-et-bonne-humeur-cest-le-groupe-hors-stade\/#article","isPartOf":{"@id":"https:\/\/janze-athletisme.fr\/wordpress\/martigne-cohesion-et-bonne-humeur-cest-le-groupe-hors-stade\/"},"author":{"name":"Jean-Marie Jouzel","@id":"https:\/\/janze-athletisme.fr\/wordpress\/#\/schema\/person\/e27efa3d49687b81c679eb0b5c4973e9"},"headline":"Martign\u00e9: coh\u00e9sion et bonne humeur, c&rsquo;est le groupe Hors Stade !","datePublished":"2026-04-29T09:36:05+00:00","dateModified":"2026-04-29T09:37:32+00:00","mainEntityOfPage":{"@id":"https:\/\/janze-athletisme.fr\/wordpress\/martigne-cohesion-et-bonne-humeur-cest-le-groupe-hors-stade\/"},"wordCount":268,"commentCount":0,"publisher":{"@id":"https:\/\/janze-athletisme.fr\/wordpress\/#organization"},"image":{"@id":"https:\/\/janze-athletisme.fr\/wordpress\/martigne-cohesion-et-bonne-humeur-cest-le-groupe-hors-stade\/#primaryimage"},"thumbnailUrl":"https:\/\/janze-athletisme.fr\/wordpress\/wp-content\/uploads\/2026\/04\/WhatsApp-Image-2026-04-25-at-18.22.34-1.jpeg","articleSection":["Le club au jour le jour"],"inLanguage":"fr-FR","potentialAction":[{"@type":"CommentAction","name":"Comment","target":["https:\/\/janze-athletisme.fr\/wordpress\/martigne-cohesion-et-bonne-humeur-cest-le-groupe-hors-stade\/#respond"]}]},{"@type":"WebPage","@id":"https:\/\/janze-athletisme.fr\/wordpress\/martigne-cohesion-et-bonne-humeur-cest-le-groupe-hors-stade\/","url":"https:\/\/janze-athletisme.fr\/wordpress\/martigne-cohesion-et-bonne-humeur-cest-le-groupe-hors-stade\/","name":"Martign\u00e9: coh\u00e9sion et bonne humeur, c'est le groupe Hors Stade ! - Janz\u00e9 Athl\u00e9tisme","isPartOf":{"@id":"https:\/\/janze-athletisme.fr\/wordpress\/#website"},"primaryImageOfPage":{"@id":"https:\/\/janze-athletisme.fr\/wordpress\/martigne-cohesion-et-bonne-humeur-cest-le-groupe-hors-stade\/#primaryimage"},"image":{"@id":"https:\/\/janze-athletisme.fr\/wordpress\/martigne-cohesion-et-bonne-humeur-cest-le-groupe-hors-stade\/#primaryimage"},"thumbnailUrl":"https:\/\/janze-athletisme.fr\/wordpress\/wp-content\/uploads\/2026\/04\/WhatsApp-Image-2026-04-25-at-18.22.34-1.jpeg","datePublished":"2026-04-29T09:36:05+00:00","dateModified":"2026-04-29T09:37:32+00:00","breadcrumb":{"@id":"https:\/\/janze-athletisme.fr\/wordpress\/martigne-cohesion-et-bonne-humeur-cest-le-groupe-hors-stade\/#breadcrumb"},"inLanguage":"fr-FR","potentialAction":[{"@type":"ReadAction","target":["https:\/\/janze-athletisme.fr\/wordpress\/martigne-cohesion-et-bonne-humeur-cest-le-groupe-hors-stade\/"]}]},{"@type":"ImageObject","inLanguage":"fr-FR","@id":"https:\/\/janze-athletisme.fr\/wordpress\/martigne-cohesion-et-bonne-humeur-cest-le-groupe-hors-stade\/#primaryimage","url":"https:\/\/janze-athletisme.fr\/wordpress\/wp-content\/uploads\/2026\/04\/WhatsApp-Image-2026-04-25-at-18.22.34-1.jpeg","contentUrl":"https:\/\/janze-athletisme.fr\/wordpress\/wp-content\/uploads\/2026\/04\/WhatsApp-Image-2026-04-25-at-18.22.34-1.jpeg","width":1600,"height":1200},{"@type":"BreadcrumbList","@id":"https:\/\/janze-athletisme.fr\/wordpress\/martigne-cohesion-et-bonne-humeur-cest-le-groupe-hors-stade\/#breadcrumb","itemListElement":[{"@type":"ListItem","position":1,"name":"Accueil","item":"https:\/\/janze-athletisme.fr\/wordpress\/"},{"@type":"ListItem","position":2,"name":"Martign\u00e9: coh\u00e9sion et bonne humeur, c&rsquo;est le groupe Hors Stade !"}]},{"@type":"WebSite","@id":"https:\/\/janze-athletisme.fr\/wordpress\/#website","url":"https:\/\/janze-athletisme.fr\/wordpress\/","name":"Janz\u00e9 Athl\u00e9tisme","description":"Pays de La Roche aux F\u00e9es","publisher":{"@id":"https:\/\/janze-athletisme.fr\/wordpress\/#organization"},"potentialAction":[{"@type":"SearchAction","target":{"@type":"EntryPoint","urlTemplate":"https:\/\/janze-athletisme.fr\/wordpress\/?s={search_term_string}"},"query-input":{"@type":"PropertyValueSpecification","valueRequired":true,"valueName":"search_term_string"}}],"inLanguage":"fr-FR"},{"@type":"Organization","@id":"https:\/\/janze-athletisme.fr\/wordpress\/#organization","name":"Janz\u00e9 Athl\u00e9tisme","url":"https:\/\/janze-athletisme.fr\/wordpress\/","logo":{"@type":"ImageObject","inLanguage":"fr-FR","@id":"https:\/\/janze-athletisme.fr\/wordpress\/#\/schema\/logo\/image\/","url":"https:\/\/janze-athletisme.fr\/wordpress\/wp-content\/uploads\/2015\/03\/logo-full1.jpg","contentUrl":"https:\/\/janze-athletisme.fr\/wordpress\/wp-content\/uploads\/2015\/03\/logo-full1.jpg","width":437,"height":205,"caption":"Janz\u00e9 Athl\u00e9tisme"},"image":{"@id":"https:\/\/janze-athletisme.fr\/wordpress\/#\/schema\/logo\/image\/"},"sameAs":["https:\/\/www.facebook.com\/groups\/1007964579346590"]},{"@type":"Person","@id":"https:\/\/janze-athletisme.fr\/wordpress\/#\/schema\/person\/e27efa3d49687b81c679eb0b5c4973e9","name":"Jean-Marie Jouzel","image":{"@type":"ImageObject","inLanguage":"fr-FR","@id":"https:\/\/secure.gravatar.com\/avatar\/6aaee532914ad5ae9d6b4c13c953c6689456493b17979b560cf8fd0c344930ab?s=96&d=mm&r=g","url":"https:\/\/secure.gravatar.com\/avatar\/6aaee532914ad5ae9d6b4c13c953c6689456493b17979b560cf8fd0c344930ab?s=96&d=mm&r=g","contentUrl":"https:\/\/secure.gravatar.com\/avatar\/6aaee532914ad5ae9d6b4c13c953c6689456493b17979b560cf8fd0c344930ab?s=96&d=mm&r=g","caption":"Jean-Marie Jouzel"},"url":"https:\/\/janze-athletisme.fr\/wordpress\/author\/jmjouzel\/"}]}},"uagb_featured_image_src":{"full":["https:\/\/janze-athletisme.fr\/wordpress\/wp-content\/uploads\/2026\/04\/WhatsApp-Image-2026-04-25-at-18.22.34-1.jpeg",1600,1200,false],"thumbnail":["https:\/\/janze-athletisme.fr\/wordpress\/wp-content\/uploads\/2026\/04\/WhatsApp-Image-2026-04-25-at-18.22.34-1-150x150.jpeg",150,150,true],"medium":["https:\/\/janze-athletisme.fr\/wordpress\/wp-content\/uploads\/2026\/04\/WhatsApp-Image-2026-04-25-at-18.22.34-1-300x225.jpeg",300,225,true],"medium_large":["https:\/\/janze-athletisme.fr\/wordpress\/wp-content\/uploads\/2026\/04\/WhatsApp-Image-2026-04-25-at-18.22.34-1-768x576.jpeg",768,576,true],"large":["https:\/\/janze-athletisme.fr\/wordpress\/wp-content\/uploads\/2026\/04\/WhatsApp-Image-2026-04-25-at-18.22.34-1-1024x768.jpeg",1024,768,true],"1536x1536":["https:\/\/janze-athletisme.fr\/wordpress\/wp-content\/uploads\/2026\/04\/WhatsApp-Image-2026-04-25-at-18.22.34-1-1536x1152.jpeg",1536,1152,true],"2048x2048":["https:\/\/janze-athletisme.fr\/wordpress\/wp-content\/uploads\/2026\/04\/WhatsApp-Image-2026-04-25-at-18.22.34-1.jpeg",1600,1200,false]},"uagb_author_info":{"display_name":"Jean-Marie Jouzel","author_link":"https:\/\/janze-athletisme.fr\/wordpress\/author\/jmjouzel\/"},"uagb_comment_info":0,"uagb_excerpt":"Sortie Coh\u00e9sion &nbsp; &nbsp; Organis\u00e9 par la Commission hors-stade, pas avare en initiatives de toutes sortes, une journ\u00e9e coh\u00e9sion a vu le jour et s&rsquo;est d\u00e9roul\u00e9e \u00e0 Martign\u00e9-Ferchaud pr\u00e8s de l&rsquo;Etang de la Forge samedi 25 avril dernier. Je crois que pour la plupart, ce site est assez connu&#8230; Au programme: initiation \u00e0 la sophrologie\u2026","_links":{"self":[{"href":"https:\/\/janze-athletisme.fr\/wordpress\/wp-json\/wp\/v2\/posts\/31184","targetHints":{"allow":["GET"]}}],"collection":[{"href":"https:\/\/janze-athletisme.fr\/wordpress\/wp-json\/wp\/v2\/posts"}],"about":[{"href":"https:\/\/janze-athletisme.fr\/wordpress\/wp-json\/wp\/v2\/types\/post"}],"author":[{"embeddable":true,"href":"https:\/\/janze-athletisme.fr\/wordpress\/wp-json\/wp\/v2\/users\/8"}],"replies":[{"embeddable":true,"href":"https:\/\/janze-athletisme.fr\/wordpress\/wp-json\/wp\/v2\/comments?post=31184"}],"version-history":[{"count":2,"href":"https:\/\/janze-athletisme.fr\/wordpress\/wp-json\/wp\/v2\/posts\/31184\/revisions"}],"predecessor-version":[{"id":31202,"href":"https:\/\/janze-athletisme.fr\/wordpress\/wp-json\/wp\/v2\/posts\/31184\/revisions\/31202"}],"wp:featuredmedia":[{"embeddable":true,"href":"https:\/\/janze-athletisme.fr\/wordpress\/wp-json\/wp\/v2\/media\/31194"}],"wp:attachment":[{"href":"https:\/\/janze-athletisme.fr\/wordpress\/wp-json\/wp\/v2\/media?parent=31184"}],"wp:term":[{"taxonomy":"category","embeddable":true,"href":"https:\/\/janze-athletisme.fr\/wordpress\/wp-json\/wp\/v2\/categories?post=31184"},{"taxonomy":"post_tag","embeddable":true,"href":"https:\/\/janze-athletisme.fr\/wordpress\/wp-json\/wp\/v2\/tags?post=31184"}],"curies":[{"name":"wp","href":"https:\/\/api.w.org\/{rel}","templated":true}]}}