{"id":31155,"date":"2026-04-28T11:07:33","date_gmt":"2026-04-28T09:07:33","guid":{"rendered":"https:\/\/janze-athletisme.fr\/wordpress\/?p=31155"},"modified":"2026-04-28T11:07:33","modified_gmt":"2026-04-28T09:07:33","slug":"st-marc-le-blanc-mais-ou-est-cette-rubalise","status":"publish","type":"post","link":"https:\/\/janze-athletisme.fr\/wordpress\/st-marc-le-blanc-mais-ou-est-cette-rubalise\/","title":{"rendered":"St Marc le Blanc: mais o\u00f9 est cette rubalise ???"},"content":{"rendered":"<h1 style=\"text-align: center;\"><span style=\"color: #800000; font-family: comic sans ms, sans-serif;\">Trail des Picaous<\/span><\/h1>\n<p>&nbsp;<\/p>\n<p><a href=\"https:\/\/janze-athletisme.fr\/wordpress\/wp-content\/uploads\/2026\/04\/679704621_10162810955761009_5451844347733229712_n.jpg\"><img loading=\"lazy\" decoding=\"async\" class=\"alignnone  wp-image-31156\" src=\"https:\/\/janze-athletisme.fr\/wordpress\/wp-content\/uploads\/2026\/04\/679704621_10162810955761009_5451844347733229712_n-300x200.jpg\" alt=\"\" width=\"561\" height=\"374\" srcset=\"https:\/\/janze-athletisme.fr\/wordpress\/wp-content\/uploads\/2026\/04\/679704621_10162810955761009_5451844347733229712_n-300x200.jpg 300w, https:\/\/janze-athletisme.fr\/wordpress\/wp-content\/uploads\/2026\/04\/679704621_10162810955761009_5451844347733229712_n-1024x683.jpg 1024w, https:\/\/janze-athletisme.fr\/wordpress\/wp-content\/uploads\/2026\/04\/679704621_10162810955761009_5451844347733229712_n-768x512.jpg 768w, https:\/\/janze-athletisme.fr\/wordpress\/wp-content\/uploads\/2026\/04\/679704621_10162810955761009_5451844347733229712_n-1536x1024.jpg 1536w, https:\/\/janze-athletisme.fr\/wordpress\/wp-content\/uploads\/2026\/04\/679704621_10162810955761009_5451844347733229712_n.jpg 2048w\" sizes=\"auto, (max-width: 561px) 100vw, 561px\" \/><\/a> <a href=\"https:\/\/janze-athletisme.fr\/wordpress\/wp-content\/uploads\/2026\/04\/681244752_10162810949556009_510759333531108865_n.jpg\"><img loading=\"lazy\" decoding=\"async\" class=\" wp-image-31157 alignright\" src=\"https:\/\/janze-athletisme.fr\/wordpress\/wp-content\/uploads\/2026\/04\/681244752_10162810949556009_510759333531108865_n-300x212.jpg\" alt=\"\" width=\"539\" height=\"381\" srcset=\"https:\/\/janze-athletisme.fr\/wordpress\/wp-content\/uploads\/2026\/04\/681244752_10162810949556009_510759333531108865_n-300x212.jpg 300w, https:\/\/janze-athletisme.fr\/wordpress\/wp-content\/uploads\/2026\/04\/681244752_10162810949556009_510759333531108865_n-1024x723.jpg 1024w, https:\/\/janze-athletisme.fr\/wordpress\/wp-content\/uploads\/2026\/04\/681244752_10162810949556009_510759333531108865_n-768x542.jpg 768w, https:\/\/janze-athletisme.fr\/wordpress\/wp-content\/uploads\/2026\/04\/681244752_10162810949556009_510759333531108865_n-1536x1084.jpg 1536w, https:\/\/janze-athletisme.fr\/wordpress\/wp-content\/uploads\/2026\/04\/681244752_10162810949556009_510759333531108865_n.jpg 2048w\" sizes=\"auto, (max-width: 539px) 100vw, 539px\" \/><\/a><\/p>\n<p>&nbsp;<\/p>\n<p><span style=\"color: #000000;\">Et non ce n&rsquo;\u00e9tait pas pour un cross que je me suis d\u00e9plac\u00e9 \u00e0 St Marc. Derni\u00e8re sortie longue avant les 42 km de la Travers\u00e9e de la Baie samedi prochain, \u00e7a tombait bien&#8230;et en plus incroyable ! je ne me suis inscrit que la veille pour le lendemain, assez incroyable pour \u00eatre soulign\u00e9 !!!<\/span><\/p>\n<p><span style=\"color: #000000;\">Plut\u00f4t (tr\u00e8s) satisfait de ma course, de tr\u00e8s bonnes sensations et surtout, r\u00e9gulier du d\u00e9but \u00e0 la fin.<\/span><\/p>\n<p><span style=\"color: #000000;\">Assez surpris malgr\u00e9 tout de me retrouver en 1\u00e8re position les 3 premiers km, je l\u00e2che un peu la pression pour laisser les 3 premiers filer et rester \u00e0 mon rythme. Je n&rsquo;aurais peut-\u00eatre pas d\u00fb faire \u00e7a finalement&#8230;bah oui, je me suis perdu avec le 4\u00e8me que je suivais avec ce trio de t\u00eate en ligne de mire. R\u00e9sultat: plusieurs minutes de perdues et une dizaine de places \u00e0 remonter pour finir finalement 8\u00e8me, mouais&#8230;frustr\u00e9 quand m\u00eame, va savoir&#8230;je cherche encore cette satan\u00e9e rubalise !<\/span><\/p>\n<p><span style=\"color: #000000;\"> On va retenir que la ballade \u00e9tait sympa, parcours tr\u00e8s roulant et galette-saucisse \u00e0 l&rsquo;arriv\u00e9e, la vie quoi !!!<\/span><\/p>\n<p>&nbsp;<\/p>\n<table style=\"border-collapse: collapse; width: 100%;\">\n<tbody>\n<tr>\n<td style=\"width: 20%; text-align: center;\"><strong><span style=\"color: #000000;\">Distance<\/span><\/strong><\/td>\n<td style=\"width: 20%; text-align: center;\"><strong><span style=\"color: #000000;\">Classement<\/span><\/strong><\/td>\n<td style=\"width: 20%; text-align: center;\"><strong><span style=\"color: #000000;\">Nom<\/span><\/strong><\/td>\n<td style=\"width: 20%; text-align: center;\"><strong><span style=\"color: #000000;\">Temps<\/span><\/strong><\/td>\n<td style=\"width: 20%; text-align: center;\"><strong><span style=\"color: #000000;\">Classement cat\u00e9gorie<\/span><\/strong><\/td>\n<\/tr>\n<tr>\n<td style=\"width: 20%; text-align: center;\"><span style=\"color: #000000;\">25 km<\/span><\/td>\n<td style=\"width: 20%; text-align: center;\"><span style=\"color: #000000;\">8\/51<\/span><\/td>\n<td style=\"width: 20%; text-align: center;\"><span style=\"color: #000000;\">Jean-Marie Jouzel<\/span><\/td>\n<td style=\"width: 20%; text-align: center;\"><span style=\"color: #000000;\">2h08&rsquo;00<\/span><\/td>\n<td style=\"width: 20%; text-align: center;\"><span style=\"color: #333333;\"><strong>2\u00e8me M3<\/strong><\/span><\/td>\n<\/tr>\n<\/tbody>\n<\/table>\n<p>&nbsp;<\/p>\n","protected":false},"excerpt":{"rendered":"<p>Trail des Picaous &nbsp; &nbsp; Et non ce n&rsquo;\u00e9tait pas pour un cross que je me suis d\u00e9plac\u00e9 \u00e0 St Marc. Derni\u00e8re sortie longue avant les 42 km de la Travers\u00e9e de la Baie samedi prochain, \u00e7a tombait bien&#8230;et en plus incroyable ! je ne me suis inscrit que la veille pour le lendemain, assez [&hellip;]<\/p>\n","protected":false},"author":8,"featured_media":31158,"comment_status":"open","ping_status":"open","sticky":false,"template":"","format":"aside","meta":{"_uag_custom_page_level_css":"","site-sidebar-layout":"default","site-content-layout":"","ast-site-content-layout":"default","site-content-style":"default","site-sidebar-style":"default","ast-global-header-display":"","ast-banner-title-visibility":"","ast-main-header-display":"","ast-hfb-above-header-display":"","ast-hfb-below-header-display":"","ast-hfb-mobile-header-display":"","site-post-title":"","ast-breadcrumbs-content":"","ast-featured-img":"","footer-sml-layout":"","ast-disable-related-posts":"","theme-transparent-header-meta":"default","adv-header-id-meta":"","stick-header-meta":"","header-above-stick-meta":"","header-main-stick-meta":"","header-below-stick-meta":"","astra-migrate-meta-layouts":"set","ast-page-background-enabled":"default","ast-page-background-meta":{"desktop":{"background-color":"var(--ast-global-color-4)","background-image":"","background-repeat":"repeat","background-position":"center center","background-size":"auto","background-attachment":"scroll","background-type":"","background-media":"","overlay-type":"","overlay-color":"","overlay-opacity":"","overlay-gradient":""},"tablet":{"background-color":"","background-image":"","background-repeat":"repeat","background-position":"center center","background-size":"auto","background-attachment":"scroll","background-type":"","background-media":"","overlay-type":"","overlay-color":"","overlay-opacity":"","overlay-gradient":""},"mobile":{"background-color":"","background-image":"","background-repeat":"repeat","background-position":"center center","background-size":"auto","background-attachment":"scroll","background-type":"","background-media":"","overlay-type":"","overlay-color":"","overlay-opacity":"","overlay-gradient":""}},"ast-content-background-meta":{"desktop":{"background-color":"var(--ast-global-color-5)","background-image":"","background-repeat":"repeat","background-position":"center center","background-size":"auto","background-attachment":"scroll","background-type":"","background-media":"","overlay-type":"","overlay-color":"","overlay-opacity":"","overlay-gradient":""},"tablet":{"background-color":"var(--ast-global-color-5)","background-image":"","background-repeat":"repeat","background-position":"center center","background-size":"auto","background-attachment":"scroll","background-type":"","background-media":"","overlay-type":"","overlay-color":"","overlay-opacity":"","overlay-gradient":""},"mobile":{"background-color":"var(--ast-global-color-5)","background-image":"","background-repeat":"repeat","background-position":"center center","background-size":"auto","background-attachment":"scroll","background-type":"","background-media":"","overlay-type":"","overlay-color":"","overlay-opacity":"","overlay-gradient":""}},"footnotes":""},"categories":[6],"tags":[],"class_list":["post-31155","post","type-post","status-publish","format-aside","has-post-thumbnail","hentry","category-sections","post_format-post-format-aside"],"yoast_head":"<!-- This site is optimized with the Yoast SEO plugin v27.4 - https:\/\/yoast.com\/product\/yoast-seo-wordpress\/ -->\n<title>St Marc le Blanc: mais o\u00f9 est cette rubalise ??? - Janz\u00e9 Athl\u00e9tisme<\/title>\n<meta name=\"robots\" content=\"index, follow, max-snippet:-1, max-image-preview:large, max-video-preview:-1\" \/>\n<link rel=\"canonical\" href=\"https:\/\/janze-athletisme.fr\/wordpress\/st-marc-le-blanc-mais-ou-est-cette-rubalise\/\" \/>\n<meta property=\"og:locale\" content=\"fr_FR\" \/>\n<meta property=\"og:type\" content=\"article\" \/>\n<meta property=\"og:title\" content=\"St Marc le Blanc: mais o\u00f9 est cette rubalise ??? - Janz\u00e9 Athl\u00e9tisme\" \/>\n<meta property=\"og:description\" content=\"Trail des Picaous &nbsp; &nbsp; Et non ce n&rsquo;\u00e9tait pas pour un cross que je me suis d\u00e9plac\u00e9 \u00e0 St Marc. Derni\u00e8re sortie longue avant les 42 km de la Travers\u00e9e de la Baie samedi prochain, \u00e7a tombait bien&#8230;et en plus incroyable ! je ne me suis inscrit que la veille pour le lendemain, assez [&hellip;]\" \/>\n<meta property=\"og:url\" content=\"https:\/\/janze-athletisme.fr\/wordpress\/st-marc-le-blanc-mais-ou-est-cette-rubalise\/\" \/>\n<meta property=\"og:site_name\" content=\"Janz\u00e9 Athl\u00e9tisme\" \/>\n<meta property=\"article:publisher\" content=\"https:\/\/www.facebook.com\/groups\/1007964579346590\" \/>\n<meta property=\"article:published_time\" content=\"2026-04-28T09:07:33+00:00\" \/>\n<meta property=\"og:image\" content=\"https:\/\/janze-athletisme.fr\/wordpress\/wp-content\/uploads\/2026\/04\/Sans-titre-9.jpg\" \/>\n\t<meta property=\"og:image:width\" content=\"189\" \/>\n\t<meta property=\"og:image:height\" content=\"267\" \/>\n\t<meta property=\"og:image:type\" content=\"image\/jpeg\" \/>\n<meta name=\"author\" content=\"Jean-Marie Jouzel\" \/>\n<meta name=\"twitter:card\" content=\"summary_large_image\" \/>\n<meta name=\"twitter:label1\" content=\"\u00c9crit par\" \/>\n\t<meta name=\"twitter:data1\" content=\"Jean-Marie Jouzel\" \/>\n\t<meta name=\"twitter:label2\" content=\"Dur\u00e9e de lecture estim\u00e9e\" \/>\n\t<meta name=\"twitter:data2\" content=\"2 minutes\" \/>\n<script type=\"application\/ld+json\" class=\"yoast-schema-graph\">{\"@context\":\"https:\\\/\\\/schema.org\",\"@graph\":[{\"@type\":\"Article\",\"@id\":\"https:\\\/\\\/janze-athletisme.fr\\\/wordpress\\\/st-marc-le-blanc-mais-ou-est-cette-rubalise\\\/#article\",\"isPartOf\":{\"@id\":\"https:\\\/\\\/janze-athletisme.fr\\\/wordpress\\\/st-marc-le-blanc-mais-ou-est-cette-rubalise\\\/\"},\"author\":{\"name\":\"Jean-Marie Jouzel\",\"@id\":\"https:\\\/\\\/janze-athletisme.fr\\\/wordpress\\\/#\\\/schema\\\/person\\\/e27efa3d49687b81c679eb0b5c4973e9\"},\"headline\":\"St Marc le Blanc: mais o\u00f9 est cette rubalise ???\",\"datePublished\":\"2026-04-28T09:07:33+00:00\",\"mainEntityOfPage\":{\"@id\":\"https:\\\/\\\/janze-athletisme.fr\\\/wordpress\\\/st-marc-le-blanc-mais-ou-est-cette-rubalise\\\/\"},\"wordCount\":218,\"commentCount\":0,\"publisher\":{\"@id\":\"https:\\\/\\\/janze-athletisme.fr\\\/wordpress\\\/#organization\"},\"image\":{\"@id\":\"https:\\\/\\\/janze-athletisme.fr\\\/wordpress\\\/st-marc-le-blanc-mais-ou-est-cette-rubalise\\\/#primaryimage\"},\"thumbnailUrl\":\"https:\\\/\\\/janze-athletisme.fr\\\/wordpress\\\/wp-content\\\/uploads\\\/2026\\\/04\\\/Sans-titre-9.jpg\",\"articleSection\":[\"Le club au jour le jour\"],\"inLanguage\":\"fr-FR\",\"potentialAction\":[{\"@type\":\"CommentAction\",\"name\":\"Comment\",\"target\":[\"https:\\\/\\\/janze-athletisme.fr\\\/wordpress\\\/st-marc-le-blanc-mais-ou-est-cette-rubalise\\\/#respond\"]}]},{\"@type\":\"WebPage\",\"@id\":\"https:\\\/\\\/janze-athletisme.fr\\\/wordpress\\\/st-marc-le-blanc-mais-ou-est-cette-rubalise\\\/\",\"url\":\"https:\\\/\\\/janze-athletisme.fr\\\/wordpress\\\/st-marc-le-blanc-mais-ou-est-cette-rubalise\\\/\",\"name\":\"St Marc le Blanc: mais o\u00f9 est cette rubalise ??? - Janz\u00e9 Athl\u00e9tisme\",\"isPartOf\":{\"@id\":\"https:\\\/\\\/janze-athletisme.fr\\\/wordpress\\\/#website\"},\"primaryImageOfPage\":{\"@id\":\"https:\\\/\\\/janze-athletisme.fr\\\/wordpress\\\/st-marc-le-blanc-mais-ou-est-cette-rubalise\\\/#primaryimage\"},\"image\":{\"@id\":\"https:\\\/\\\/janze-athletisme.fr\\\/wordpress\\\/st-marc-le-blanc-mais-ou-est-cette-rubalise\\\/#primaryimage\"},\"thumbnailUrl\":\"https:\\\/\\\/janze-athletisme.fr\\\/wordpress\\\/wp-content\\\/uploads\\\/2026\\\/04\\\/Sans-titre-9.jpg\",\"datePublished\":\"2026-04-28T09:07:33+00:00\",\"breadcrumb\":{\"@id\":\"https:\\\/\\\/janze-athletisme.fr\\\/wordpress\\\/st-marc-le-blanc-mais-ou-est-cette-rubalise\\\/#breadcrumb\"},\"inLanguage\":\"fr-FR\",\"potentialAction\":[{\"@type\":\"ReadAction\",\"target\":[\"https:\\\/\\\/janze-athletisme.fr\\\/wordpress\\\/st-marc-le-blanc-mais-ou-est-cette-rubalise\\\/\"]}]},{\"@type\":\"ImageObject\",\"inLanguage\":\"fr-FR\",\"@id\":\"https:\\\/\\\/janze-athletisme.fr\\\/wordpress\\\/st-marc-le-blanc-mais-ou-est-cette-rubalise\\\/#primaryimage\",\"url\":\"https:\\\/\\\/janze-athletisme.fr\\\/wordpress\\\/wp-content\\\/uploads\\\/2026\\\/04\\\/Sans-titre-9.jpg\",\"contentUrl\":\"https:\\\/\\\/janze-athletisme.fr\\\/wordpress\\\/wp-content\\\/uploads\\\/2026\\\/04\\\/Sans-titre-9.jpg\",\"width\":189,\"height\":267},{\"@type\":\"BreadcrumbList\",\"@id\":\"https:\\\/\\\/janze-athletisme.fr\\\/wordpress\\\/st-marc-le-blanc-mais-ou-est-cette-rubalise\\\/#breadcrumb\",\"itemListElement\":[{\"@type\":\"ListItem\",\"position\":1,\"name\":\"Accueil\",\"item\":\"https:\\\/\\\/janze-athletisme.fr\\\/wordpress\\\/\"},{\"@type\":\"ListItem\",\"position\":2,\"name\":\"St Marc le Blanc: mais o\u00f9 est cette rubalise ???\"}]},{\"@type\":\"WebSite\",\"@id\":\"https:\\\/\\\/janze-athletisme.fr\\\/wordpress\\\/#website\",\"url\":\"https:\\\/\\\/janze-athletisme.fr\\\/wordpress\\\/\",\"name\":\"Janz\u00e9 Athl\u00e9tisme\",\"description\":\"Pays de La Roche aux F\u00e9es\",\"publisher\":{\"@id\":\"https:\\\/\\\/janze-athletisme.fr\\\/wordpress\\\/#organization\"},\"potentialAction\":[{\"@type\":\"SearchAction\",\"target\":{\"@type\":\"EntryPoint\",\"urlTemplate\":\"https:\\\/\\\/janze-athletisme.fr\\\/wordpress\\\/?s={search_term_string}\"},\"query-input\":{\"@type\":\"PropertyValueSpecification\",\"valueRequired\":true,\"valueName\":\"search_term_string\"}}],\"inLanguage\":\"fr-FR\"},{\"@type\":\"Organization\",\"@id\":\"https:\\\/\\\/janze-athletisme.fr\\\/wordpress\\\/#organization\",\"name\":\"Janz\u00e9 Athl\u00e9tisme\",\"url\":\"https:\\\/\\\/janze-athletisme.fr\\\/wordpress\\\/\",\"logo\":{\"@type\":\"ImageObject\",\"inLanguage\":\"fr-FR\",\"@id\":\"https:\\\/\\\/janze-athletisme.fr\\\/wordpress\\\/#\\\/schema\\\/logo\\\/image\\\/\",\"url\":\"https:\\\/\\\/janze-athletisme.fr\\\/wordpress\\\/wp-content\\\/uploads\\\/2015\\\/03\\\/logo-full1.jpg\",\"contentUrl\":\"https:\\\/\\\/janze-athletisme.fr\\\/wordpress\\\/wp-content\\\/uploads\\\/2015\\\/03\\\/logo-full1.jpg\",\"width\":437,\"height\":205,\"caption\":\"Janz\u00e9 Athl\u00e9tisme\"},\"image\":{\"@id\":\"https:\\\/\\\/janze-athletisme.fr\\\/wordpress\\\/#\\\/schema\\\/logo\\\/image\\\/\"},\"sameAs\":[\"https:\\\/\\\/www.facebook.com\\\/groups\\\/1007964579346590\"]},{\"@type\":\"Person\",\"@id\":\"https:\\\/\\\/janze-athletisme.fr\\\/wordpress\\\/#\\\/schema\\\/person\\\/e27efa3d49687b81c679eb0b5c4973e9\",\"name\":\"Jean-Marie Jouzel\",\"image\":{\"@type\":\"ImageObject\",\"inLanguage\":\"fr-FR\",\"@id\":\"https:\\\/\\\/secure.gravatar.com\\\/avatar\\\/6aaee532914ad5ae9d6b4c13c953c6689456493b17979b560cf8fd0c344930ab?s=96&d=mm&r=g\",\"url\":\"https:\\\/\\\/secure.gravatar.com\\\/avatar\\\/6aaee532914ad5ae9d6b4c13c953c6689456493b17979b560cf8fd0c344930ab?s=96&d=mm&r=g\",\"contentUrl\":\"https:\\\/\\\/secure.gravatar.com\\\/avatar\\\/6aaee532914ad5ae9d6b4c13c953c6689456493b17979b560cf8fd0c344930ab?s=96&d=mm&r=g\",\"caption\":\"Jean-Marie Jouzel\"},\"url\":\"https:\\\/\\\/janze-athletisme.fr\\\/wordpress\\\/author\\\/jmjouzel\\\/\"}]}<\/script>\n<!-- \/ Yoast SEO plugin. -->","yoast_head_json":{"title":"St Marc le Blanc: mais o\u00f9 est cette rubalise ??? - Janz\u00e9 Athl\u00e9tisme","robots":{"index":"index","follow":"follow","max-snippet":"max-snippet:-1","max-image-preview":"max-image-preview:large","max-video-preview":"max-video-preview:-1"},"canonical":"https:\/\/janze-athletisme.fr\/wordpress\/st-marc-le-blanc-mais-ou-est-cette-rubalise\/","og_locale":"fr_FR","og_type":"article","og_title":"St Marc le Blanc: mais o\u00f9 est cette rubalise ??? - Janz\u00e9 Athl\u00e9tisme","og_description":"Trail des Picaous &nbsp; &nbsp; Et non ce n&rsquo;\u00e9tait pas pour un cross que je me suis d\u00e9plac\u00e9 \u00e0 St Marc. Derni\u00e8re sortie longue avant les 42 km de la Travers\u00e9e de la Baie samedi prochain, \u00e7a tombait bien&#8230;et en plus incroyable ! je ne me suis inscrit que la veille pour le lendemain, assez [&hellip;]","og_url":"https:\/\/janze-athletisme.fr\/wordpress\/st-marc-le-blanc-mais-ou-est-cette-rubalise\/","og_site_name":"Janz\u00e9 Athl\u00e9tisme","article_publisher":"https:\/\/www.facebook.com\/groups\/1007964579346590","article_published_time":"2026-04-28T09:07:33+00:00","og_image":[{"width":189,"height":267,"url":"https:\/\/janze-athletisme.fr\/wordpress\/wp-content\/uploads\/2026\/04\/Sans-titre-9.jpg","type":"image\/jpeg"}],"author":"Jean-Marie Jouzel","twitter_card":"summary_large_image","twitter_misc":{"\u00c9crit par":"Jean-Marie Jouzel","Dur\u00e9e de lecture estim\u00e9e":"2 minutes"},"schema":{"@context":"https:\/\/schema.org","@graph":[{"@type":"Article","@id":"https:\/\/janze-athletisme.fr\/wordpress\/st-marc-le-blanc-mais-ou-est-cette-rubalise\/#article","isPartOf":{"@id":"https:\/\/janze-athletisme.fr\/wordpress\/st-marc-le-blanc-mais-ou-est-cette-rubalise\/"},"author":{"name":"Jean-Marie Jouzel","@id":"https:\/\/janze-athletisme.fr\/wordpress\/#\/schema\/person\/e27efa3d49687b81c679eb0b5c4973e9"},"headline":"St Marc le Blanc: mais o\u00f9 est cette rubalise ???","datePublished":"2026-04-28T09:07:33+00:00","mainEntityOfPage":{"@id":"https:\/\/janze-athletisme.fr\/wordpress\/st-marc-le-blanc-mais-ou-est-cette-rubalise\/"},"wordCount":218,"commentCount":0,"publisher":{"@id":"https:\/\/janze-athletisme.fr\/wordpress\/#organization"},"image":{"@id":"https:\/\/janze-athletisme.fr\/wordpress\/st-marc-le-blanc-mais-ou-est-cette-rubalise\/#primaryimage"},"thumbnailUrl":"https:\/\/janze-athletisme.fr\/wordpress\/wp-content\/uploads\/2026\/04\/Sans-titre-9.jpg","articleSection":["Le club au jour le jour"],"inLanguage":"fr-FR","potentialAction":[{"@type":"CommentAction","name":"Comment","target":["https:\/\/janze-athletisme.fr\/wordpress\/st-marc-le-blanc-mais-ou-est-cette-rubalise\/#respond"]}]},{"@type":"WebPage","@id":"https:\/\/janze-athletisme.fr\/wordpress\/st-marc-le-blanc-mais-ou-est-cette-rubalise\/","url":"https:\/\/janze-athletisme.fr\/wordpress\/st-marc-le-blanc-mais-ou-est-cette-rubalise\/","name":"St Marc le Blanc: mais o\u00f9 est cette rubalise ??? - Janz\u00e9 Athl\u00e9tisme","isPartOf":{"@id":"https:\/\/janze-athletisme.fr\/wordpress\/#website"},"primaryImageOfPage":{"@id":"https:\/\/janze-athletisme.fr\/wordpress\/st-marc-le-blanc-mais-ou-est-cette-rubalise\/#primaryimage"},"image":{"@id":"https:\/\/janze-athletisme.fr\/wordpress\/st-marc-le-blanc-mais-ou-est-cette-rubalise\/#primaryimage"},"thumbnailUrl":"https:\/\/janze-athletisme.fr\/wordpress\/wp-content\/uploads\/2026\/04\/Sans-titre-9.jpg","datePublished":"2026-04-28T09:07:33+00:00","breadcrumb":{"@id":"https:\/\/janze-athletisme.fr\/wordpress\/st-marc-le-blanc-mais-ou-est-cette-rubalise\/#breadcrumb"},"inLanguage":"fr-FR","potentialAction":[{"@type":"ReadAction","target":["https:\/\/janze-athletisme.fr\/wordpress\/st-marc-le-blanc-mais-ou-est-cette-rubalise\/"]}]},{"@type":"ImageObject","inLanguage":"fr-FR","@id":"https:\/\/janze-athletisme.fr\/wordpress\/st-marc-le-blanc-mais-ou-est-cette-rubalise\/#primaryimage","url":"https:\/\/janze-athletisme.fr\/wordpress\/wp-content\/uploads\/2026\/04\/Sans-titre-9.jpg","contentUrl":"https:\/\/janze-athletisme.fr\/wordpress\/wp-content\/uploads\/2026\/04\/Sans-titre-9.jpg","width":189,"height":267},{"@type":"BreadcrumbList","@id":"https:\/\/janze-athletisme.fr\/wordpress\/st-marc-le-blanc-mais-ou-est-cette-rubalise\/#breadcrumb","itemListElement":[{"@type":"ListItem","position":1,"name":"Accueil","item":"https:\/\/janze-athletisme.fr\/wordpress\/"},{"@type":"ListItem","position":2,"name":"St Marc le Blanc: mais o\u00f9 est cette rubalise ???"}]},{"@type":"WebSite","@id":"https:\/\/janze-athletisme.fr\/wordpress\/#website","url":"https:\/\/janze-athletisme.fr\/wordpress\/","name":"Janz\u00e9 Athl\u00e9tisme","description":"Pays de La Roche aux F\u00e9es","publisher":{"@id":"https:\/\/janze-athletisme.fr\/wordpress\/#organization"},"potentialAction":[{"@type":"SearchAction","target":{"@type":"EntryPoint","urlTemplate":"https:\/\/janze-athletisme.fr\/wordpress\/?s={search_term_string}"},"query-input":{"@type":"PropertyValueSpecification","valueRequired":true,"valueName":"search_term_string"}}],"inLanguage":"fr-FR"},{"@type":"Organization","@id":"https:\/\/janze-athletisme.fr\/wordpress\/#organization","name":"Janz\u00e9 Athl\u00e9tisme","url":"https:\/\/janze-athletisme.fr\/wordpress\/","logo":{"@type":"ImageObject","inLanguage":"fr-FR","@id":"https:\/\/janze-athletisme.fr\/wordpress\/#\/schema\/logo\/image\/","url":"https:\/\/janze-athletisme.fr\/wordpress\/wp-content\/uploads\/2015\/03\/logo-full1.jpg","contentUrl":"https:\/\/janze-athletisme.fr\/wordpress\/wp-content\/uploads\/2015\/03\/logo-full1.jpg","width":437,"height":205,"caption":"Janz\u00e9 Athl\u00e9tisme"},"image":{"@id":"https:\/\/janze-athletisme.fr\/wordpress\/#\/schema\/logo\/image\/"},"sameAs":["https:\/\/www.facebook.com\/groups\/1007964579346590"]},{"@type":"Person","@id":"https:\/\/janze-athletisme.fr\/wordpress\/#\/schema\/person\/e27efa3d49687b81c679eb0b5c4973e9","name":"Jean-Marie Jouzel","image":{"@type":"ImageObject","inLanguage":"fr-FR","@id":"https:\/\/secure.gravatar.com\/avatar\/6aaee532914ad5ae9d6b4c13c953c6689456493b17979b560cf8fd0c344930ab?s=96&d=mm&r=g","url":"https:\/\/secure.gravatar.com\/avatar\/6aaee532914ad5ae9d6b4c13c953c6689456493b17979b560cf8fd0c344930ab?s=96&d=mm&r=g","contentUrl":"https:\/\/secure.gravatar.com\/avatar\/6aaee532914ad5ae9d6b4c13c953c6689456493b17979b560cf8fd0c344930ab?s=96&d=mm&r=g","caption":"Jean-Marie Jouzel"},"url":"https:\/\/janze-athletisme.fr\/wordpress\/author\/jmjouzel\/"}]}},"uagb_featured_image_src":{"full":["https:\/\/janze-athletisme.fr\/wordpress\/wp-content\/uploads\/2026\/04\/Sans-titre-9.jpg",189,267,false],"thumbnail":["https:\/\/janze-athletisme.fr\/wordpress\/wp-content\/uploads\/2026\/04\/Sans-titre-9-150x150.jpg",150,150,true],"medium":["https:\/\/janze-athletisme.fr\/wordpress\/wp-content\/uploads\/2026\/04\/Sans-titre-9.jpg",189,267,false],"medium_large":["https:\/\/janze-athletisme.fr\/wordpress\/wp-content\/uploads\/2026\/04\/Sans-titre-9.jpg",189,267,false],"large":["https:\/\/janze-athletisme.fr\/wordpress\/wp-content\/uploads\/2026\/04\/Sans-titre-9.jpg",189,267,false],"1536x1536":["https:\/\/janze-athletisme.fr\/wordpress\/wp-content\/uploads\/2026\/04\/Sans-titre-9.jpg",189,267,false],"2048x2048":["https:\/\/janze-athletisme.fr\/wordpress\/wp-content\/uploads\/2026\/04\/Sans-titre-9.jpg",189,267,false]},"uagb_author_info":{"display_name":"Jean-Marie Jouzel","author_link":"https:\/\/janze-athletisme.fr\/wordpress\/author\/jmjouzel\/"},"uagb_comment_info":0,"uagb_excerpt":"Trail des Picaous &nbsp; &nbsp; Et non ce n&rsquo;\u00e9tait pas pour un cross que je me suis d\u00e9plac\u00e9 \u00e0 St Marc. Derni\u00e8re sortie longue avant les 42 km de la Travers\u00e9e de la Baie samedi prochain, \u00e7a tombait bien&#8230;et en plus incroyable ! je ne me suis inscrit que la veille pour le lendemain, assez\u2026","_links":{"self":[{"href":"https:\/\/janze-athletisme.fr\/wordpress\/wp-json\/wp\/v2\/posts\/31155","targetHints":{"allow":["GET"]}}],"collection":[{"href":"https:\/\/janze-athletisme.fr\/wordpress\/wp-json\/wp\/v2\/posts"}],"about":[{"href":"https:\/\/janze-athletisme.fr\/wordpress\/wp-json\/wp\/v2\/types\/post"}],"author":[{"embeddable":true,"href":"https:\/\/janze-athletisme.fr\/wordpress\/wp-json\/wp\/v2\/users\/8"}],"replies":[{"embeddable":true,"href":"https:\/\/janze-athletisme.fr\/wordpress\/wp-json\/wp\/v2\/comments?post=31155"}],"version-history":[{"count":1,"href":"https:\/\/janze-athletisme.fr\/wordpress\/wp-json\/wp\/v2\/posts\/31155\/revisions"}],"predecessor-version":[{"id":31159,"href":"https:\/\/janze-athletisme.fr\/wordpress\/wp-json\/wp\/v2\/posts\/31155\/revisions\/31159"}],"wp:featuredmedia":[{"embeddable":true,"href":"https:\/\/janze-athletisme.fr\/wordpress\/wp-json\/wp\/v2\/media\/31158"}],"wp:attachment":[{"href":"https:\/\/janze-athletisme.fr\/wordpress\/wp-json\/wp\/v2\/media?parent=31155"}],"wp:term":[{"taxonomy":"category","embeddable":true,"href":"https:\/\/janze-athletisme.fr\/wordpress\/wp-json\/wp\/v2\/categories?post=31155"},{"taxonomy":"post_tag","embeddable":true,"href":"https:\/\/janze-athletisme.fr\/wordpress\/wp-json\/wp\/v2\/tags?post=31155"}],"curies":[{"name":"wp","href":"https:\/\/api.w.org\/{rel}","templated":true}]}}